{"id":385243,"date":"2023-04-04T14:25:52","date_gmt":"2023-04-04T17:25:52","guid":{"rendered":"https:\/\/www.suno.com.br\/noticias\/?p=385243"},"modified":"2023-04-04T15:27:20","modified_gmt":"2023-04-04T18:27:20","slug":"ranking-bilionarios-mais-ricos-vicky-safra","status":"publish","type":"post","link":"https:\/\/www.suno.com.br\/noticias\/ranking-bilionarios-mais-ricos-vicky-safra\/","title":{"rendered":"Bilion\u00e1rios: Vicky Safra se torna pessoa mais rica do Brasil em 2023"},"content":{"rendered":"<p>Em novo ranking de <strong>bilion\u00e1rios<\/strong> da Forbes, a vi\u00fava de <a class=\"suno-keyword\" data-force=\"no\" data-priority=\"2\" href=\"https:\/\/www.suno.com.br\/tudo-sobre\/joseph-safra\/\" target=\"_blank\" rel=\"noopener\">Joseph Safra<\/a>, Vicky Safra, passou a ocupar o primeiro lugar da lista com uma fortuna de US$ 16,7 bilh\u00f5es.<\/p><div class=\"videoFull \">\n\t\t\t<div class=\"videoWrapper yt-lazyload center\"\n\t\t\t\tdata-width=\"960\"\n\t\t\t\tdata-height=\"540\"\n\t\t\t\tdata-id=\"PyXXzl2fhLw\"\n\t\t\t\tdata-alt=\"V\u00eddeo do YouTube - clique para reproduzir\"\n\t\t\t\tdata-logo=\"3\"\n\t\t\t\tdata-imagequality=\"maxres\">\n\t\t\t<\/div>\n\t\t<\/div><script type=\"application\/ld+json\">{\"@context\":\"https:\/\/schema.org\",\"@type\":\"VideoObject\",\"name\":\"PETR\u00d3LEO DISPARA AP\u00d3S CORTE DA OPEP+ E PUXA A\u00c7\u00d5ES DA PETROBRAS (PETR4) | Haddad quer R$ 150 bilh\u00f5es\",\"description\":\"\ud83d\udd34VENDAS LIBERADAS \ud835\udc29\ud835\udc1a\ud835\udc2b\ud835\udc1a \ud835\udc28 \ud835\udc26\ud835\udc1a\ud835\udc22\ud835\udc28\ud835\udc2b \ud835\udc1e\ud835\udc2f\ud835\udc1e\ud835\udc27\ud835\udc2d\ud835\udc28 \ud835\udc29\ud835\udc2b\ud835\udc1e\ud835\udc2c\ud835\udc1e\ud835\udc27\ud835\udc1c\ud835\udc22\ud835\udc1a\ud835\udc25 \ud835\udc2c\ud835\udc28\ud835\udc1b\ud835\udc2b\ud835\udc1e \ud835\udc05\ud835\udc22\ud835\udc1a\ud835\udc20\ud835\udc2b\ud835\udc28 \ud835\udc1d\ud835\udc28 \ud835\udc01\ud835\udc2b\ud835\udc1a\ud835\udc2c\ud835\udc22\ud835\udc25. ADQUIRA J\u00c1 \ud835\udc27\ud835\udc28 \ud835\udc25\ud835\udc22\ud835\udc27\ud835\udc24\ud83d\udc47 https:\/\/lp.suno.com.br\/pv\/fiagro-experience\/?utm_source=youtube.noticias&utm_medium=live&utm_campaign=&utm_content=noticias.live19.03042023 #petr\u00f3leo #petrobras #petr4 #petr3 #ibovespa #haddad #arcabou\u00e7ofiscal #lula #investimentos #mercadofinanceiro #bolsadevalores #livedas19h \u23f1\u1d0d\u026a\u0274\u1d1c\u1d1b\u1d00\u0262\u1d07\u1d0d 00:00 Abertura 02:32 Ibovespa fecha em queda, aos 101 mil pontos; Petrobras #petr4 Prio #prio3 e 3R #rrrp3 disparam, e bancos afundam 04:21 Pre\u00e7o das a\u00e7\u00f5es\u2026\",\"duration\":\"PT37M22S\",\"embedUrl\":\"https:\/\/www.youtube.com\/embed\/PyXXzl2fhLw\",\"regionsAllowed\":\"pt-BR\",\"interactionStatistic\":{\"@type\":\"InteractionCounter\",\"interactionType\":{\"@type\":\"WatchAction\"},\"userInteractionCount\":3532},\"thumbnailUrl\":\"https:\/\/i.ytimg.com\/vi\/PyXXzl2fhLw\/default.jpg\",\"uploadDate\":\"2023-04-03T22:44:15Z\"}<\/script>\n\n\n\n\n\t<p>\n\t\t<a href=\"\" target=\"_blank\" data-element=\"shortcode-suno-banner\" title=\"Banner SUNO, clique e saiba mais\">\n\t\t\t<picture>\n\t\t\t\t<source media=\"(max-width: 500px)\" srcset=\"\">\n\t\t\t\t<img class=\"newsContent__article__imgCapa newsContent__article__imgCapa--banner\"\n\t\t\t\t\tsrc=\"\"\n\t\t\t\t\tdata-promo-id=\"264348\"\t\t\t\t\t\t\t\t\t\t\t\t\t\t\talt=\"\"\n\t\t\t\t>\n\t\t\t<\/picture>\n\t\t<\/a>\n\t<\/p>\n\n\n\n\n\n\n\n<p>Com isso, <strong>Vicky Safra<\/strong> ultrapassa Jorge Paulo Lemann, que ocupava o &#8216;trono&#8217; nas edi\u00e7\u00f5es mais recentes do ranking de bilion\u00e1rios.<\/p>\n\n\n\n<p>O ranking segue com Marcel Telles e Carlos Alberto Sicupira entre os cinco <strong>mais ricos do Brasil<\/strong>, sendo ambos membros do <a class=\"suno-keyword\" data-force=\"no\" data-priority=\"1\" href=\"https:\/\/www.suno.com.br\/artigos\/3g-capital\/\" target=\"_blank\" rel=\"noopener\">3G Capital<\/a> juntamente com Lemann.<\/p>\n\n\n\n<p>Os tr\u00eas, ali\u00e1s, amargaram preju\u00edzos substanciais no in\u00edcio deste ano, dado que s\u00e3o os acionistas de refer\u00eancia da <a href=\"https:\/\/www.suno.com.br\/acoes\/amer3\" target=\"_blank\" rel=\"noreferrer noopener\">Americanas (AMER3)<\/a> e a varejista entrou em<a href=\"https:\/\/www.suno.com.br\/noticias\/americanas-amer3-bancos-consenso-capitalizacao\/\" target=\"_blank\" rel=\"noreferrer noopener\"> recupera\u00e7\u00e3o judicial ap\u00f3s revelar um rombo bilion\u00e1rio em seus balan\u00e7os cont\u00e1beis<\/a>.<\/p>\n\n\n\n<p>Ainda assim, <a href=\"https:\/\/www.suno.com.br\/noticias\/americanas-amer3-salario-filho-lemann\/\" target=\"_blank\" rel=\"noreferrer noopener\">Lemann <\/a>mant\u00e9m uma fortuna pessoal de quase US$ 16 bilh\u00f5es, tendo participa\u00e7\u00e3o societ\u00e1ria em gigantes como a <a href=\"https:\/\/www.suno.com.br\/noticias\/controladora-ambev-abev3-lucra-abaixo-expectativas-ab-inbev\/\" target=\"_blank\" rel=\"noreferrer noopener\">AB InBev<\/a> e a <a href=\"https:\/\/www.suno.com.br\/noticias\/lucro-kraft-heinz-3t21-balanco-resultado-trimestral\/\" target=\"_blank\" rel=\"noreferrer noopener\">Kraft Heinz<\/a>.<\/p>\n\n\n\n<h2 class=\"wp-block-heading\">Veja o ranking de bilion\u00e1rios <\/h2>\n\n\n\n<ol class=\"wp-block-list\">\n<li>Vicky Safra e fam\u00edlia &#8211; US$ 16,7 bilh\u00f5es<\/li>\n\n\n\n<li>Jorge Paulo Lemann e fam\u00edlia &#8211; US$ 15,8 bilh\u00f5es<\/li>\n\n\n\n<li>Marcel Hermann Telles &#8211; US$ 10,6 bilh\u00f5es<\/li>\n\n\n\n<li>Eduardo Saverin &#8211; US$ 10,2 bilh\u00f5es<\/li>\n\n\n\n<li>Carlos Alberto Sicupira e fam\u00edlia &#8211; US$ 8,6 bilh\u00f5es<\/li>\n\n\n\n<li>Alexandre Behring &#8211; US$ 5,2 bilh\u00f5es<\/li>\n\n\n\n<li>Andr\u00e9 Esteves &#8211; US$ 4,7 bilh\u00f5es<\/li>\n\n\n\n<li>Jo\u00e3o Moreira Salles &#8211; US$ 4,1 bilh\u00f5es<\/li>\n\n\n\n<li>Walther Moreira Salles J\u00fanior &#8211; US$ 4,1 bilh\u00f5es<\/li>\n\n\n\n<li>Jorge Moll Filho e Fam\u00edlia &#8211; US$ 3,9 bilh\u00f5es<\/li>\n<\/ol>\n\n\n\t<p>\n\t\t<a href=\"\" target=\"_blank\" data-element=\"shortcode-suno-banner\" title=\"Banner SUNO, clique e saiba mais\">\n\t\t\t<picture>\n\t\t\t\t<source media=\"(max-width: 500px)\" srcset=\"\">\n\t\t\t\t<img class=\"newsContent__article__imgCapa newsContent__article__imgCapa--banner\"\n\t\t\t\t\tsrc=\"\"\n\t\t\t\t\tdata-promo-id=\"77035\"\t\t\t\t\t\t\t\t\t\t\t\t\t\t\talt=\"\"\n\t\t\t\t>\n\t\t\t<\/picture>\n\t\t<\/a>\n\t<\/p>\n\n\n\n\n\n<h2 class=\"wp-block-heading\">De onde veio a fortuna de Vicky Safra<\/h2>\n\n\n\n<p>Filantropa e de nacionalidade grega, Vicky Sarfati Safra ficou com a maior parte da sua fortuna pessoal ap\u00f3s o <a href=\"https:\/\/www.suno.com.br\/tudo-sobre\/joseph-safra\/\" target=\"_blank\" rel=\"noreferrer noopener\">falecimento de Joseph Safra em meados de dezembro de 2020<\/a>. \u00c0 \u00e9poca, o banqueiro ocupava o posto de <strong>homem mais rico do Brasil<\/strong>.<\/p>\n\n\n\n<p>Entre os empreendimentos da fam\u00edlia Safra est\u00e3o o J. Safra Sarasin da Su\u00ed\u00e7a e o Banco Safra, no Brasil. Al\u00e9m disso, figuram na lista empreendimentos imobili\u00e1rios como o arranha-c\u00e9u Gherkin, na cidade de Londres, e um im\u00f3vel na Madison Avenue.<\/p>\n\n\n\n<p>A fortuna da fam\u00edlia, contudo, n\u00e3o come\u00e7ou com Joseph. O sucesso nos neg\u00f3cios passou a ser lapidado em meados de 1840, quando eles alocavam recursos para caravanas montadas em camelos que tinham importante papel no com\u00e9rcio do Imp\u00e9rio Otomano.<\/p>\n\n\n\n<p>Os neg\u00f3cios no Brasil come\u00e7aram com Jacob Safra que veio ao Brasil em 1953 e fundou a Safra Importa\u00e7\u00e3o e Com\u00e9rcio e o Banco Safra. <\/p>\n\n\n\n<p>Joseph, o filho mais novo, foi quem veio a assumir os neg\u00f3cios da fam\u00edlia e se tornar o ent\u00e3o homem mais rico do Brasil, liderando a lista de <strong>bilion\u00e1rios<\/strong> da Forbes.<\/p>\n\n\n\t<p>\n\t\t<a href=\"https:\/\/lp.suno.com.br\/planilha-controle-gastos\/\" target=\"_blank\" data-element=\"shortcode-suno-banner\" title=\"Banner SUNO, clique e saiba mais\">\n\t\t\t<picture>\n\t\t\t\t<source media=\"(max-width: 500px)\" srcset=\"https:\/\/files.sunoresearch.com.br\/n\/uploads\/2023\/03\/400x300-Planilha-controle-de-gastos.png\">\n\t\t\t\t<img class=\"newsContent__article__imgCapa newsContent__article__imgCapa--banner\"\n\t\t\t\t\tsrc=\"https:\/\/files.sunoresearch.com.br\/n\/uploads\/2023\/03\/1420x240-Planilha-controle-de-gastos.png\"\n\t\t\t\t\tdata-promo-id=\"101751\"\t\t\t\t\t\t\t\t\t\twidth='1420' height='240'\t\t\t\t\talt=\"https:\/\/files.sunoresearch.com.br\/n\/uploads\/2023\/03\/1420x240-Planilha-controle-de-gastos.png\"\n\t\t\t\t>\n\t\t\t<\/picture>\n\t\t<\/a>\n\t<\/p>\n\n\n","protected":false},"excerpt":{"rendered":"<p>Em novo ranking de bilion\u00e1rios da Forbes, a vi\u00fava de Joseph Safra, Vicky Safra, passou a ocupar o primeiro lugar da lista com uma fortuna de US$ 16,7 bilh\u00f5es. Com isso, Vicky Safra ultrapassa Jorge Paulo Lemann, que ocupava o &#8216;trono&#8217; nas edi\u00e7\u00f5es mais recentes do ranking de bilion\u00e1rios. O ranking segue com Marcel Telles [&hellip;]<\/p>\n","protected":false},"author":73,"featured_media":385273,"comment_status":"closed","ping_status":"closed","sticky":false,"template":"","format":"standard","meta":[],"categories":[64],"tags":[2388,1219],"suno_strategy":[],"class_list":["post-385243","post","type-post","status-publish","format-standard","has-post-thumbnail","hentry","category-negocios","tag-bilionarios","tag-forbes"],"yoast_head":"<!-- This site is optimized with the Yoast SEO plugin v24.4 - https:\/\/yoast.com\/wordpress\/plugins\/seo\/ -->\n<title>Bilion\u00e1rios: Vicky Safra se torna pessoa mais rica do Brasil em 2023<\/title>\n<meta name=\"description\" content=\"Com fortuna de US$ 16,7 bilh\u00f5es, Vicky Safra passou a ocupar o &#039;trono&#039; do ranking de bilion\u00e1rios, ficando a frente de Lemann. Confira!\" \/>\n<meta name=\"robots\" content=\"index, follow, max-snippet:-1, max-image-preview:large, max-video-preview:-1\" \/>\n<link rel=\"canonical\" href=\"https:\/\/www.suno.com.br\/noticias\/ranking-bilionarios-mais-ricos-vicky-safra\/\" \/>\n<meta property=\"og:locale\" content=\"pt_BR\" \/>\n<meta property=\"og:type\" content=\"article\" \/>\n<meta property=\"og:title\" content=\"Bilion\u00e1rios: Vicky Safra se torna pessoa mais rica do Brasil em 2023\" \/>\n<meta property=\"og:description\" content=\"Com fortuna de US$ 16,7 bilh\u00f5es, Vicky Safra passou a ocupar o &#039;trono&#039; do ranking de bilion\u00e1rios, ficando a frente de Lemann. Confira!\" \/>\n<meta property=\"og:url\" content=\"https:\/\/www.suno.com.br\/noticias\/ranking-bilionarios-mais-ricos-vicky-safra\/\" \/>\n<meta property=\"og:site_name\" content=\"Suno Not\u00edcias\" \/>\n<meta property=\"article:publisher\" content=\"https:\/\/facebook.com\/sunoresearch\" \/>\n<meta property=\"og:image\" content=\"https:\/\/files.sunoresearch.com.br\/n\/uploads\/2023\/04\/vicky-safra-bilionarios.jpg\" \/>\n\t<meta property=\"og:image:width\" content=\"1275\" \/>\n\t<meta property=\"og:image:height\" content=\"783\" \/>\n\t<meta property=\"og:image:type\" content=\"image\/jpeg\" \/>\n<meta name=\"author\" content=\"Eduardo Vargas\" \/>\n<meta name=\"twitter:card\" content=\"summary_large_image\" \/>\n<meta name=\"twitter:creator\" content=\"@sunoresearch\" \/>\n<meta name=\"twitter:site\" content=\"@sunoresearch\" \/>\n<meta name=\"twitter:label1\" content=\"Escrito por\" \/>\n\t<meta name=\"twitter:data1\" content=\"Eduardo Vargas\" \/>\n\t<meta name=\"twitter:label2\" content=\"Est. tempo de leitura\" \/>\n\t<meta name=\"twitter:data2\" content=\"3 minutos\" \/>\n<script type=\"application\/ld+json\" class=\"yoast-schema-graph\">{\"@context\":\"https:\/\/schema.org\",\"@graph\":[{\"@type\":\"NewsArticle\",\"@id\":\"https:\/\/www.suno.com.br\/noticias\/ranking-bilionarios-mais-ricos-vicky-safra\/#article\",\"isPartOf\":{\"@id\":\"https:\/\/www.suno.com.br\/noticias\/ranking-bilionarios-mais-ricos-vicky-safra\/\"},\"author\":{\"name\":\"Eduardo Vargas\",\"@id\":\"https:\/\/www.suno.com.br\/noticias\/#\/schema\/person\/7f4d362bf3518e76090143ae77bb49a5\"},\"headline\":\"Bilion\u00e1rios: Vicky Safra se torna pessoa mais rica do Brasil em 2023\",\"datePublished\":\"2023-04-04T17:25:52+00:00\",\"dateModified\":\"2023-04-04T18:27:20+00:00\",\"mainEntityOfPage\":{\"@id\":\"https:\/\/www.suno.com.br\/noticias\/ranking-bilionarios-mais-ricos-vicky-safra\/\"},\"wordCount\":465,\"publisher\":{\"@id\":\"https:\/\/www.suno.com.br\/noticias\/#organization\"},\"image\":{\"@id\":\"https:\/\/www.suno.com.br\/noticias\/ranking-bilionarios-mais-ricos-vicky-safra\/#primaryimage\"},\"thumbnailUrl\":\"https:\/\/files.sunoresearch.com.br\/n\/uploads\/2023\/04\/vicky-safra-bilionarios.jpg\",\"keywords\":[\"bilion\u00e1rios\",\"Forbes\"],\"articleSection\":[\"Neg\u00f3cios\"],\"inLanguage\":\"pt-BR\"},{\"@type\":\"WebPage\",\"@id\":\"https:\/\/www.suno.com.br\/noticias\/ranking-bilionarios-mais-ricos-vicky-safra\/\",\"url\":\"https:\/\/www.suno.com.br\/noticias\/ranking-bilionarios-mais-ricos-vicky-safra\/\",\"name\":\"Bilion\u00e1rios: Vicky Safra se torna pessoa mais rica do Brasil em 2023\",\"isPartOf\":{\"@id\":\"https:\/\/www.suno.com.br\/noticias\/#website\"},\"primaryImageOfPage\":{\"@id\":\"https:\/\/www.suno.com.br\/noticias\/ranking-bilionarios-mais-ricos-vicky-safra\/#primaryimage\"},\"image\":{\"@id\":\"https:\/\/www.suno.com.br\/noticias\/ranking-bilionarios-mais-ricos-vicky-safra\/#primaryimage\"},\"thumbnailUrl\":\"https:\/\/files.sunoresearch.com.br\/n\/uploads\/2023\/04\/vicky-safra-bilionarios.jpg\",\"datePublished\":\"2023-04-04T17:25:52+00:00\",\"dateModified\":\"2023-04-04T18:27:20+00:00\",\"description\":\"Com fortuna de US$ 16,7 bilh\u00f5es, Vicky Safra passou a ocupar o 'trono' do ranking de bilion\u00e1rios, ficando a frente de Lemann. Confira!\",\"breadcrumb\":{\"@id\":\"https:\/\/www.suno.com.br\/noticias\/ranking-bilionarios-mais-ricos-vicky-safra\/#breadcrumb\"},\"inLanguage\":\"pt-BR\",\"potentialAction\":[{\"@type\":\"ReadAction\",\"target\":[\"https:\/\/www.suno.com.br\/noticias\/ranking-bilionarios-mais-ricos-vicky-safra\/\"]}]},{\"@type\":\"ImageObject\",\"inLanguage\":\"pt-BR\",\"@id\":\"https:\/\/www.suno.com.br\/noticias\/ranking-bilionarios-mais-ricos-vicky-safra\/#primaryimage\",\"url\":\"https:\/\/files.sunoresearch.com.br\/n\/uploads\/2023\/04\/vicky-safra-bilionarios.jpg\",\"contentUrl\":\"https:\/\/files.sunoresearch.com.br\/n\/uploads\/2023\/04\/vicky-safra-bilionarios.jpg\",\"width\":1275,\"height\":783,\"caption\":\"Vicky e Joseph Safra, ambos j\u00e1 ocuparam o topo da lista de maiores bilion\u00e1rios do Brasil - Foto: Reprodu\u00e7\u00e3o\"},{\"@type\":\"BreadcrumbList\",\"@id\":\"https:\/\/www.suno.com.br\/noticias\/ranking-bilionarios-mais-ricos-vicky-safra\/#breadcrumb\",\"itemListElement\":[{\"@type\":\"ListItem\",\"position\":1,\"name\":\"Not\u00edcias\",\"item\":\"https:\/\/www.suno.com.br\/noticias\/\"},{\"@type\":\"ListItem\",\"position\":2,\"name\":\"Neg\u00f3cios\",\"item\":\"https:\/\/www.suno.com.br\/noticias\/negocios\/\"},{\"@type\":\"ListItem\",\"position\":3,\"name\":\"Bilion\u00e1rios: Vicky Safra se torna pessoa mais rica do Brasil em 2023\"}]},{\"@type\":\"WebSite\",\"@id\":\"https:\/\/www.suno.com.br\/noticias\/#website\",\"url\":\"https:\/\/www.suno.com.br\/noticias\/\",\"name\":\"Suno Not\u00edcias\",\"description\":\"Seu portal de informa\u00e7\u00e3o sobre o mundo dos investimentos\",\"publisher\":{\"@id\":\"https:\/\/www.suno.com.br\/noticias\/#organization\"},\"potentialAction\":[{\"@type\":\"SearchAction\",\"target\":{\"@type\":\"EntryPoint\",\"urlTemplate\":\"https:\/\/www.suno.com.br\/noticias\/?s={search_term_string}\"},\"query-input\":{\"@type\":\"PropertyValueSpecification\",\"valueRequired\":true,\"valueName\":\"search_term_string\"}}],\"inLanguage\":\"pt-BR\"},{\"@type\":\"Organization\",\"@id\":\"https:\/\/www.suno.com.br\/noticias\/#organization\",\"name\":\"Suno Not\u00edcias\",\"url\":\"https:\/\/www.suno.com.br\/noticias\/\",\"logo\":{\"@type\":\"ImageObject\",\"inLanguage\":\"pt-BR\",\"@id\":\"https:\/\/www.suno.com.br\/noticias\/#\/schema\/logo\/image\/\",\"url\":\"https:\/\/files.sunoresearch.com.br\/n\/uploads\/2021\/09\/suno-logo.png\",\"contentUrl\":\"https:\/\/files.sunoresearch.com.br\/n\/uploads\/2021\/09\/suno-logo.png\",\"width\":180,\"height\":180,\"caption\":\"Suno Not\u00edcias\"},\"image\":{\"@id\":\"https:\/\/www.suno.com.br\/noticias\/#\/schema\/logo\/image\/\"},\"sameAs\":[\"https:\/\/facebook.com\/sunoresearch\",\"https:\/\/x.com\/sunoresearch\",\"https:\/\/www.instagram.com\/suno\",\"https:\/\/www.linkedin.com\/company\/suno-research\/\",\"https:\/\/www.youtube.com\/c\/sunoresearch\"]},{\"@type\":\"Person\",\"@id\":\"https:\/\/www.suno.com.br\/noticias\/#\/schema\/person\/7f4d362bf3518e76090143ae77bb49a5\",\"name\":\"Eduardo Vargas\",\"image\":{\"@type\":\"ImageObject\",\"inLanguage\":\"pt-BR\",\"@id\":\"https:\/\/www.suno.com.br\/noticias\/#\/schema\/person\/image\/\",\"url\":\"https:\/\/secure.gravatar.com\/avatar\/dac340933427a22924c9f99d1eb2e3f2?s=96&r=g\",\"contentUrl\":\"https:\/\/secure.gravatar.com\/avatar\/dac340933427a22924c9f99d1eb2e3f2?s=96&r=g\",\"caption\":\"Eduardo Vargas\"},\"description\":\"Jornalista formado pela UFSC, cobre macroeconomia, neg\u00f3cios e startups para o Suno Not\u00edcias, escrevendo principalmente not\u00edcias sobre o mercado financeiro e a bolsa de valores. No YouTube e no Instagram, \u00e9 respons\u00e1vel pela produ\u00e7\u00e3o de Reels e Shorts do Suno Not\u00edcias. Anteriormente, trabalhou cobrindo economia e cotidiano no ND+ e para o ND, maior jornal impresso de Santa Catarina. Cursou um semestre letivo de Estudos de M\u00eddia na Universidad de Buenos Aires.\",\"url\":\"https:\/\/www.suno.com.br\/noticias\/author\/eduardo-vargas\/\"}]}<\/script>\n<!-- \/ Yoast SEO plugin. -->","yoast_head_json":{"title":"Bilion\u00e1rios: Vicky Safra se torna pessoa mais rica do Brasil em 2023","description":"Com fortuna de US$ 16,7 bilh\u00f5es, Vicky Safra passou a ocupar o 'trono' do ranking de bilion\u00e1rios, ficando a frente de Lemann. Confira!","robots":{"index":"index","follow":"follow","max-snippet":"max-snippet:-1","max-image-preview":"max-image-preview:large","max-video-preview":"max-video-preview:-1"},"canonical":"https:\/\/www.suno.com.br\/noticias\/ranking-bilionarios-mais-ricos-vicky-safra\/","og_locale":"pt_BR","og_type":"article","og_title":"Bilion\u00e1rios: Vicky Safra se torna pessoa mais rica do Brasil em 2023","og_description":"Com fortuna de US$ 16,7 bilh\u00f5es, Vicky Safra passou a ocupar o 'trono' do ranking de bilion\u00e1rios, ficando a frente de Lemann. Confira!","og_url":"https:\/\/www.suno.com.br\/noticias\/ranking-bilionarios-mais-ricos-vicky-safra\/","og_site_name":"Suno Not\u00edcias","article_publisher":"https:\/\/facebook.com\/sunoresearch","og_image":[{"width":1275,"height":783,"url":"https:\/\/files.sunoresearch.com.br\/n\/uploads\/2023\/04\/vicky-safra-bilionarios.jpg","type":"image\/jpeg"}],"author":"Eduardo Vargas","twitter_card":"summary_large_image","twitter_creator":"@sunoresearch","twitter_site":"@sunoresearch","twitter_misc":{"Escrito por":"Eduardo Vargas","Est. tempo de leitura":"3 minutos"},"schema":{"@context":"https:\/\/schema.org","@graph":[{"@type":"NewsArticle","@id":"https:\/\/www.suno.com.br\/noticias\/ranking-bilionarios-mais-ricos-vicky-safra\/#article","isPartOf":{"@id":"https:\/\/www.suno.com.br\/noticias\/ranking-bilionarios-mais-ricos-vicky-safra\/"},"author":{"name":"Eduardo Vargas","@id":"https:\/\/www.suno.com.br\/noticias\/#\/schema\/person\/7f4d362bf3518e76090143ae77bb49a5"},"headline":"Bilion\u00e1rios: Vicky Safra se torna pessoa mais rica do Brasil em 2023","datePublished":"2023-04-04T17:25:52+00:00","dateModified":"2023-04-04T18:27:20+00:00","mainEntityOfPage":{"@id":"https:\/\/www.suno.com.br\/noticias\/ranking-bilionarios-mais-ricos-vicky-safra\/"},"wordCount":465,"publisher":{"@id":"https:\/\/www.suno.com.br\/noticias\/#organization"},"image":{"@id":"https:\/\/www.suno.com.br\/noticias\/ranking-bilionarios-mais-ricos-vicky-safra\/#primaryimage"},"thumbnailUrl":"https:\/\/files.sunoresearch.com.br\/n\/uploads\/2023\/04\/vicky-safra-bilionarios.jpg","keywords":["bilion\u00e1rios","Forbes"],"articleSection":["Neg\u00f3cios"],"inLanguage":"pt-BR"},{"@type":"WebPage","@id":"https:\/\/www.suno.com.br\/noticias\/ranking-bilionarios-mais-ricos-vicky-safra\/","url":"https:\/\/www.suno.com.br\/noticias\/ranking-bilionarios-mais-ricos-vicky-safra\/","name":"Bilion\u00e1rios: Vicky Safra se torna pessoa mais rica do Brasil em 2023","isPartOf":{"@id":"https:\/\/www.suno.com.br\/noticias\/#website"},"primaryImageOfPage":{"@id":"https:\/\/www.suno.com.br\/noticias\/ranking-bilionarios-mais-ricos-vicky-safra\/#primaryimage"},"image":{"@id":"https:\/\/www.suno.com.br\/noticias\/ranking-bilionarios-mais-ricos-vicky-safra\/#primaryimage"},"thumbnailUrl":"https:\/\/files.sunoresearch.com.br\/n\/uploads\/2023\/04\/vicky-safra-bilionarios.jpg","datePublished":"2023-04-04T17:25:52+00:00","dateModified":"2023-04-04T18:27:20+00:00","description":"Com fortuna de US$ 16,7 bilh\u00f5es, Vicky Safra passou a ocupar o 'trono' do ranking de bilion\u00e1rios, ficando a frente de Lemann. Confira!","breadcrumb":{"@id":"https:\/\/www.suno.com.br\/noticias\/ranking-bilionarios-mais-ricos-vicky-safra\/#breadcrumb"},"inLanguage":"pt-BR","potentialAction":[{"@type":"ReadAction","target":["https:\/\/www.suno.com.br\/noticias\/ranking-bilionarios-mais-ricos-vicky-safra\/"]}]},{"@type":"ImageObject","inLanguage":"pt-BR","@id":"https:\/\/www.suno.com.br\/noticias\/ranking-bilionarios-mais-ricos-vicky-safra\/#primaryimage","url":"https:\/\/files.sunoresearch.com.br\/n\/uploads\/2023\/04\/vicky-safra-bilionarios.jpg","contentUrl":"https:\/\/files.sunoresearch.com.br\/n\/uploads\/2023\/04\/vicky-safra-bilionarios.jpg","width":1275,"height":783,"caption":"Vicky e Joseph Safra, ambos j\u00e1 ocuparam o topo da lista de maiores bilion\u00e1rios do Brasil - Foto: Reprodu\u00e7\u00e3o"},{"@type":"BreadcrumbList","@id":"https:\/\/www.suno.com.br\/noticias\/ranking-bilionarios-mais-ricos-vicky-safra\/#breadcrumb","itemListElement":[{"@type":"ListItem","position":1,"name":"Not\u00edcias","item":"https:\/\/www.suno.com.br\/noticias\/"},{"@type":"ListItem","position":2,"name":"Neg\u00f3cios","item":"https:\/\/www.suno.com.br\/noticias\/negocios\/"},{"@type":"ListItem","position":3,"name":"Bilion\u00e1rios: Vicky Safra se torna pessoa mais rica do Brasil em 2023"}]},{"@type":"WebSite","@id":"https:\/\/www.suno.com.br\/noticias\/#website","url":"https:\/\/www.suno.com.br\/noticias\/","name":"Suno Not\u00edcias","description":"Seu portal de informa\u00e7\u00e3o sobre o mundo dos investimentos","publisher":{"@id":"https:\/\/www.suno.com.br\/noticias\/#organization"},"potentialAction":[{"@type":"SearchAction","target":{"@type":"EntryPoint","urlTemplate":"https:\/\/www.suno.com.br\/noticias\/?s={search_term_string}"},"query-input":{"@type":"PropertyValueSpecification","valueRequired":true,"valueName":"search_term_string"}}],"inLanguage":"pt-BR"},{"@type":"Organization","@id":"https:\/\/www.suno.com.br\/noticias\/#organization","name":"Suno Not\u00edcias","url":"https:\/\/www.suno.com.br\/noticias\/","logo":{"@type":"ImageObject","inLanguage":"pt-BR","@id":"https:\/\/www.suno.com.br\/noticias\/#\/schema\/logo\/image\/","url":"https:\/\/files.sunoresearch.com.br\/n\/uploads\/2021\/09\/suno-logo.png","contentUrl":"https:\/\/files.sunoresearch.com.br\/n\/uploads\/2021\/09\/suno-logo.png","width":180,"height":180,"caption":"Suno Not\u00edcias"},"image":{"@id":"https:\/\/www.suno.com.br\/noticias\/#\/schema\/logo\/image\/"},"sameAs":["https:\/\/facebook.com\/sunoresearch","https:\/\/x.com\/sunoresearch","https:\/\/www.instagram.com\/suno","https:\/\/www.linkedin.com\/company\/suno-research\/","https:\/\/www.youtube.com\/c\/sunoresearch"]},{"@type":"Person","@id":"https:\/\/www.suno.com.br\/noticias\/#\/schema\/person\/7f4d362bf3518e76090143ae77bb49a5","name":"Eduardo Vargas","image":{"@type":"ImageObject","inLanguage":"pt-BR","@id":"https:\/\/www.suno.com.br\/noticias\/#\/schema\/person\/image\/","url":"https:\/\/secure.gravatar.com\/avatar\/dac340933427a22924c9f99d1eb2e3f2?s=96&r=g","contentUrl":"https:\/\/secure.gravatar.com\/avatar\/dac340933427a22924c9f99d1eb2e3f2?s=96&r=g","caption":"Eduardo Vargas"},"description":"Jornalista formado pela UFSC, cobre macroeconomia, neg\u00f3cios e startups para o Suno Not\u00edcias, escrevendo principalmente not\u00edcias sobre o mercado financeiro e a bolsa de valores. No YouTube e no Instagram, \u00e9 respons\u00e1vel pela produ\u00e7\u00e3o de Reels e Shorts do Suno Not\u00edcias. Anteriormente, trabalhou cobrindo economia e cotidiano no ND+ e para o ND, maior jornal impresso de Santa Catarina. Cursou um semestre letivo de Estudos de M\u00eddia na Universidad de Buenos Aires.","url":"https:\/\/www.suno.com.br\/noticias\/author\/eduardo-vargas\/"}]}},"default_loop_html":"<div class=\"cardsPage__listCard__boxs\"><div class=\"cardsPage__listCard__boxs__img\"><a href=\"https:\/\/www.suno.com.br\/noticias\/ranking-bilionarios-mais-ricos-vicky-safra\/\"><img class=\"mask\" src=\"https:\/\/www.suno.com.br\/noticias\/wp-content\/themes\/suno\/resources\/images\/spotlight\/spotlight1img\/bg-mask.png\" alt=\"Image Mask\"\/><img src=\"https:\/\/files.sunoresearch.com.br\/n\/uploads\/2023\/04\/vicky-safra-bilionarios-400x200.jpg\" alt=\"Bilion\u00e1rios: Vicky Safra se torna pessoa mais rica do Brasil em 2023\"\/><\/a><span class=\"spotlightCategory\"><a href=\"https:\/\/www.suno.com.br\/noticias\/negocios\/\">Neg\u00f3cios<\/a><\/span><\/div><div class=\"cardsPage__listCard__boxs__content\"><a href=\"https:\/\/www.suno.com.br\/noticias\/ranking-bilionarios-mais-ricos-vicky-safra\/\"><h2 class=\"content__title\">Bilion\u00e1rios: Vicky Safra se torna pessoa mais rica do Brasil em 2023<\/h2><\/a><div class=\"newsContent__article__meta\"><div class=\"newsContent__article__meta__authorBox\"><a href=\"https:\/\/www.suno.com.br\/noticias\/author\/eduardo-vargas\/\" class=\"authorBox__avatar noMobi\"><img src=\"https:\/\/secure.gravatar.com\/avatar\/dac340933427a22924c9f99d1eb2e3f2?s=96&#038;r=g\" alt=\"Eduardo Vargas\"><\/a><div class=\"authorBox__name\"><span>por\n\t\t\t<a href=\"https:\/\/www.suno.com.br\/noticias\/author\/eduardo-vargas\/\"><span itemprop=\"author\">Eduardo Vargas<\/span><\/a><\/span><time datetime=\"2023-04-04T14:25:52-03:00\" itemprop=\"datePublished\">04\/04\/2023 14:25<\/time><\/div><\/div><\/div><\/div><\/div>","single_layout":"posts","amp_enabled":true,"_links":{"self":[{"href":"https:\/\/www.suno.com.br\/noticias\/wp-json\/wp\/v2\/posts\/385243"}],"collection":[{"href":"https:\/\/www.suno.com.br\/noticias\/wp-json\/wp\/v2\/posts"}],"about":[{"href":"https:\/\/www.suno.com.br\/noticias\/wp-json\/wp\/v2\/types\/post"}],"author":[{"embeddable":true,"href":"https:\/\/www.suno.com.br\/noticias\/wp-json\/wp\/v2\/users\/73"}],"replies":[{"embeddable":true,"href":"https:\/\/www.suno.com.br\/noticias\/wp-json\/wp\/v2\/comments?post=385243"}],"version-history":[{"count":3,"href":"https:\/\/www.suno.com.br\/noticias\/wp-json\/wp\/v2\/posts\/385243\/revisions"}],"predecessor-version":[{"id":386015,"href":"https:\/\/www.suno.com.br\/noticias\/wp-json\/wp\/v2\/posts\/385243\/revisions\/386015"}],"wp:featuredmedia":[{"embeddable":true,"href":"https:\/\/www.suno.com.br\/noticias\/wp-json\/wp\/v2\/media\/385273"}],"wp:attachment":[{"href":"https:\/\/www.suno.com.br\/noticias\/wp-json\/wp\/v2\/media?parent=385243"}],"wp:term":[{"taxonomy":"category","embeddable":true,"href":"https:\/\/www.suno.com.br\/noticias\/wp-json\/wp\/v2\/categories?post=385243"},{"taxonomy":"post_tag","embeddable":true,"href":"https:\/\/www.suno.com.br\/noticias\/wp-json\/wp\/v2\/tags?post=385243"},{"taxonomy":"suno_strategy","embeddable":true,"href":"https:\/\/www.suno.com.br\/noticias\/wp-json\/wp\/v2\/suno_strategy?post=385243"}],"curies":[{"name":"wp","href":"https:\/\/api.w.org\/{rel}","templated":true}]}}