{"id":38459,"date":"2019-09-23T08:49:05","date_gmt":"2019-09-23T11:49:05","guid":{"rendered":"https:\/\/www.suno.com.br\/noticias\/?p=38459"},"modified":"2021-06-14T00:25:04","modified_gmt":"2021-06-14T03:25:04","slug":"agenda-do-dia-oi-vivara-banco-do-brasil-bnp-paribas-230919","status":"publish","type":"post","link":"https:\/\/www.suno.com.br\/noticias\/agenda-do-dia-oi-vivara-banco-do-brasil-bnp-paribas-230919\/","title":{"rendered":"Agenda do Dia: Oi; Banco do Brasil; Vivara; BNP Paribas; Thomas Cook; Petrobras"},"content":{"rendered":"<p>Os assuntos da Agenda do Dia desta segunda-feira (23) prometem agitar o mercado interno e externo.<\/p>\t<div class=\"wrapper-featured-image\">\n\t\t<figure class=\"spotlightImg\">\n\n\t\t\t<picture>\n\t\t\t\t<source media=\"(max-width: 768px)\" srcset=\"https:\/\/files.sunoresearch.com.br\/n\/uploads\/2019\/09\/6a36f456-oi-400x200.webp\">\n\t\t\t\t<img loading=\"lazy\" decoding=\"async\" class=\"newsContent__article__imgCapa lazyloadDisabled newsContent__article__imgCapa--noCaption\" src=\"https:\/\/files.sunoresearch.com.br\/n\/uploads\/2019\/09\/6a36f456-oi-800x450.webp\" width=\"800\" height=\"450\" alt=\"Agenda do Dia: Oi; Banco do Brasil; Vivara; BNP Paribas; Thomas Cook; Petrobras\" fetchpriority=high \/>\n\t\t\t<\/picture>\n\n\t\t\t<figcaption class=\"wp-caption-text wp-caption-text--hide\">Nova AGC da Oi deve acontecer no dia 8 de setembro e deve ser presencial<\/figcaption>\n\t\t<\/figure>\n\t<\/div>\n\n\n\n<p>A <strong>Huawei<\/strong> negou o interesse na brasileira <strong>Oi<\/strong>, que est\u00e1 em processo de recupera\u00e7\u00e3o judicial. A <strong>Vivara<\/strong> determinou o intervalo de pre\u00e7o por a\u00e7\u00e3o de sua oferta p\u00fablica inicial de a\u00e7\u00f5es <a href=\"https:\/\/www.suno.com.br\/artigos\/vale-pena-investir-em-um-ipo\/\">(IPO)<\/a>. Estas e outras not\u00edcias fazem parte da <strong>Agenda<\/strong> <strong>do<\/strong> <strong>Dia<\/strong> desta segunda.<\/p>\n<p>A Agenda do Dia conta tamb\u00e9m com a not\u00edcia sobre o <strong>Banco<\/strong> <strong>do<\/strong> <strong>Brasil<\/strong>, que deve lan\u00e7ar seu follow-on no dia 3 de outubro.<\/p>\n<p>Confira os principais pontos da Agenda do Dia:<\/p>\n<h2>Oi<\/h2>\n<p>A l\u00edder em 5G, <strong>Huawei<\/strong>, informou no \u00faltimo domingo (22) que n\u00e3o possui interesse em adquirir a operadora brasileira que est\u00e1 em <strong>recupera\u00e7\u00e3o judicial<\/strong>, Oi (OIBR3; OIBR4).<\/p>\n<p>De acordo com a mat\u00e9ria exclusiva do SUNO Not\u00edcias, a operadora de telefonia m\u00f3vel <strong>China Mobile<\/strong>\u00a0estava pensando em unir for\u00e7as com a Huawei para comprar a <strong>Oi<\/strong>.<\/p>\n\t<p>\n\t\t<a href=\"https:\/\/lp.statusinvest.com.br\/ao\/assessoria-status-invest\/\" target=\"_blank\" data-element=\"shortcode-suno-banner\" title=\"Banner SUNO, clique e saiba mais\">\n\t\t\t<picture>\n\t\t\t\t<source media=\"(max-width: 500px)\" srcset=\"https:\/\/files.sunoresearch.com.br\/n\/uploads\/2024\/03\/400x300-Mobile-1.png\">\n\t\t\t\t<img class=\"newsContent__article__imgCapa newsContent__article__imgCapa--banner\"\n\t\t\t\t\tsrc=\"https:\/\/files.sunoresearch.com.br\/n\/uploads\/2024\/03\/1420-x-240-Desktop.png\"\n\t\t\t\t\tdata-promo-id=\"537299\"\t\t\t\t\t\t\t\t\t\twidth='1420' height='250'\t\t\t\t\talt=\"https:\/\/files.sunoresearch.com.br\/n\/uploads\/2024\/03\/1420-x-240-Desktop.png\"\n\t\t\t\t>\n\t\t\t<\/picture>\n\t\t<\/a>\n\t<\/p>\n\n\n<p>A <strong>AT&amp;T<\/strong> tamb\u00e9m pode estar acompanhando a operadora brasileira de perto, segundo o jornal &#8220;O Estado de S\u00e3o Paulo&#8221;. Mesmo negando o interesse, especialistas acreditam que a informa\u00e7\u00e3o passada publicamente pelas empresas chinesas pode ser apenas uma forma de distrair o mercado. Isso porque ap\u00f3s a ratifica\u00e7\u00e3o da nova lei das teles no Congresso, a <strong>Oi<\/strong> despertou maior interesse de outras empresas.<\/p>\n<p><a href=\"https:\/\/www.suno.com.br\/noticias\/boletim-focus-pib-inflacao-previsao-crescimento\/\">Veja tamb\u00e9m: Boletim Focus mant\u00e9m previs\u00e3o de crescimento do PIB em 0,87%<\/a><\/p>\n<h2>Banco do Brasil<\/h2>\n<p>Os bancos que est\u00e3o na coordena\u00e7\u00e3o do processo de oferta subsequente de a\u00e7\u00f5es (follow-on) do Banco do Brasil esperam lan\u00e7ar a oferta no dia 3 de outubro. Caso isso aconte\u00e7a, os pap\u00e9is poder\u00e3o ser precificados j\u00e1 no dia 17 do mesmo m\u00eas.<\/p>\n<p><a href=\"https:\/\/www.suno.com.br\/noticias\/bancos-centrais-nao-devem-temer-libra-diz-facebook\/\">Veja tamb\u00e9m: Bancos Centrais n\u00e3o devem temer a Libra, diz Facebook<\/a><\/p>\n<h2>Vivara<\/h2>\n<p>A Vivara anunciou, na \u00faltima sexta-feira (20), a faixa de pre\u00e7o de seus pap\u00e9is para a <a href=\"https:\/\/www.suno.com.br\/artigos\/vale-a-pena-investir-em-um-ipo-parte-1\/\"><strong>oferta inicial de a\u00e7\u00f5es<\/strong> (<strong>IPO<\/strong>)<\/a>. Os pre\u00e7os variam entre\u00a0R$ 21,17 e R$ 25,40.<\/p>\n<p>Ao considerar o valor m\u00e9dio de R$ 23,29 por a\u00e7\u00e3o, a <strong>Vivara<\/strong> pode arrecadar at\u00e9 R$ 1,65 bilh\u00e3o na oferta base. O montante levantado pode ser aumentado para R$ 1,98 bilh\u00e3o, se for considerada a oferta adicional.<\/p>\n<h2>BNP Paribas<\/h2>\n<p>O BNP Paribas, um dos maiores bancos da Europa, inovou em sua nova parceria com a gestora brasileira <strong>Persevera<\/strong>. O banco realizou uma incuba\u00e7\u00e3o, aportando \u20ac 20 milh\u00f5es (aproximadamente R$ 85 milh\u00f5es na cota\u00e7\u00e3o atual) a Persevera, sem se tornar s\u00f3cio da empresa brasileira.<\/p>\n\t<p>\n\t\t<a href=\"https:\/\/lp.suno.com.br\/minicurso-contabilidade\/\" target=\"_blank\" data-element=\"shortcode-suno-banner\" title=\"Banner SUNO, clique e saiba mais\">\n\t\t\t<picture>\n\t\t\t\t<source media=\"(max-width: 500px)\" srcset=\"https:\/\/files.sunoresearch.com.br\/n\/uploads\/2023\/03\/400x300-Minicurso-Contabilidade.png\">\n\t\t\t\t<img class=\"newsContent__article__imgCapa newsContent__article__imgCapa--banner\"\n\t\t\t\t\tsrc=\"https:\/\/files.sunoresearch.com.br\/n\/uploads\/2023\/03\/1420x240-Minicurso-Contabilidade.png\"\n\t\t\t\t\tdata-promo-id=\"383158\"\t\t\t\t\t\t\t\t\t\twidth='1420' height='240'\t\t\t\t\talt=\"https:\/\/files.sunoresearch.com.br\/n\/uploads\/2023\/03\/1420x240-Minicurso-Contabilidade.png\"\n\t\t\t\t>\n\t\t\t<\/picture>\n\t\t<\/a>\n\t<\/p>\n\n\n<p>Esse processo funciona da seguinte forma: o <strong>BNP Paribas <\/strong>n\u00e3o se torna s\u00f3cio da gestora, que possui R$ 180 milh\u00f5es em patrim\u00f4nio de fundo multimercado. Em troca do investimento, vai receber parte do retorno dos fundos e uma fatia das receitas futuras ao longo dos pr\u00f3ximos seis anos, ao menos.<\/p>\n<h2><strong>Thomas Cook<\/strong><\/h2>\n<p>A Thomas Cook, uma das maiores operadoras de turismo do mundo, declarou que encerrou suas atividades na manh\u00e3 desta segunda-feira (23).<\/p>\n<p>A quebra da <strong>Thomas Cook<\/strong>, que foi criada h\u00e1 178 anos, fez com que fossem cancelados mais de 600 mil viagens. Al\u00e9m disso, 150 mil turistas que est\u00e3o fora do <strong>Reino Unido<\/strong> ter\u00e3o que ser resgatados pelo governo do pa\u00eds.<\/p>\n<h2>Petrobras<\/h2>\n<p>Na \u00faltima sexta-feira (20), a<span style=\"font-size: 19.4286px;\">\u00a0<\/span><span style=\"font-size: 19.4286px;\">Petrobras (PETR3; PETR4) fecho<\/span><span style=\"font-size: 1.21429rem;\">u um contrato de cess\u00e3o de direitos credit\u00f3rios com a <\/span><strong style=\"font-size: 1.21429rem;\">Eletrobras<\/strong><span style=\"font-size: 1.21429rem;\"> (ELET3; ELET5; ELET6). Dessa forma, a petroleira receber\u00e1 de forma antecipada cerca de R$ 8,4 bilh\u00f5es.<\/span><\/p>\n<p>A Agenda do Dia da <a href=\"https:\/\/www.youtube.com\/watch?v=8bUvg-8teFo\">Suno<\/a> mostra os principais acontecimentos que prometem movimentar o mercado durante o dia.<\/p>\n","protected":false},"excerpt":{"rendered":"<p>Os assuntos da Agenda do Dia desta segunda-feira (23) prometem agitar o mercado interno e externo. Nova AGC da Oi deve acontecer no dia 8 de setembro e deve ser presencial A Huawei negou o interesse na brasileira Oi, que est\u00e1 em processo de recupera\u00e7\u00e3o judicial. A Vivara determinou o intervalo de pre\u00e7o por a\u00e7\u00e3o [&hellip;]<\/p>\n","protected":false},"author":19,"featured_media":38475,"comment_status":"closed","ping_status":"closed","sticky":false,"template":"","format":"standard","meta":[],"categories":[64],"tags":[1980,732,1385,584,1431],"suno_strategy":[],"class_list":["post-38459","post","type-post","status-publish","format-standard","has-post-thumbnail","hentry","category-negocios","tag-agenda-do-dia","tag-banco-do-brasil-bbas3","tag-bnp-paribas","tag-oi-oibr3-oibr4","tag-vivara-viva3"],"yoast_head":"<!-- This site is optimized with the Yoast SEO plugin v24.4 - https:\/\/yoast.com\/wordpress\/plugins\/seo\/ -->\n<title>Agenda do Dia: Oi; Banco do Brasil; Vivara; BNP Paribas<\/title>\n<meta name=\"description\" content=\"Agenda do Dia: rumores de compra cercam a operadora Oi; follow-on do Banco do Brasil; Vivara; BNP Paribas. Clique e saiba mais.\" \/>\n<meta name=\"robots\" content=\"index, follow, max-snippet:-1, max-image-preview:large, max-video-preview:-1\" \/>\n<link rel=\"canonical\" href=\"https:\/\/www.suno.com.br\/noticias\/agenda-do-dia-oi-vivara-banco-do-brasil-bnp-paribas-230919\/\" \/>\n<meta property=\"og:locale\" content=\"pt_BR\" \/>\n<meta property=\"og:type\" content=\"article\" \/>\n<meta property=\"og:title\" content=\"Agenda do Dia: Oi; Banco do Brasil; Vivara; BNP Paribas\" \/>\n<meta property=\"og:description\" content=\"Agenda do Dia: rumores de compra cercam a operadora Oi; follow-on do Banco do Brasil; Vivara; BNP Paribas. Clique e saiba mais.\" \/>\n<meta property=\"og:url\" content=\"https:\/\/www.suno.com.br\/noticias\/agenda-do-dia-oi-vivara-banco-do-brasil-bnp-paribas-230919\/\" \/>\n<meta property=\"og:site_name\" content=\"Suno Not\u00edcias\" \/>\n<meta property=\"article:publisher\" content=\"https:\/\/facebook.com\/sunoresearch\" \/>\n<meta property=\"og:image\" content=\"https:\/\/files.sunoresearch.com.br\/n\/uploads\/2019\/09\/6a36f456-oi.jpg\" \/>\n\t<meta property=\"og:image:width\" content=\"1200\" \/>\n\t<meta property=\"og:image:height\" content=\"675\" \/>\n\t<meta property=\"og:image:type\" content=\"image\/jpeg\" \/>\n<meta name=\"author\" content=\"Juliano Passaro\" \/>\n<meta name=\"twitter:card\" content=\"summary_large_image\" \/>\n<meta name=\"twitter:creator\" content=\"@sunoresearch\" \/>\n<meta name=\"twitter:site\" content=\"@sunoresearch\" \/>\n<meta name=\"twitter:label1\" content=\"Escrito por\" \/>\n\t<meta name=\"twitter:data1\" content=\"Juliano Passaro\" \/>\n\t<meta name=\"twitter:label2\" content=\"Est. tempo de leitura\" \/>\n\t<meta name=\"twitter:data2\" content=\"3 minutos\" \/>\n<script type=\"application\/ld+json\" class=\"yoast-schema-graph\">{\"@context\":\"https:\/\/schema.org\",\"@graph\":[{\"@type\":\"NewsArticle\",\"@id\":\"https:\/\/www.suno.com.br\/noticias\/agenda-do-dia-oi-vivara-banco-do-brasil-bnp-paribas-230919\/#article\",\"isPartOf\":{\"@id\":\"https:\/\/www.suno.com.br\/noticias\/agenda-do-dia-oi-vivara-banco-do-brasil-bnp-paribas-230919\/\"},\"author\":{\"name\":\"Juliano Passaro\",\"@id\":\"https:\/\/www.suno.com.br\/noticias\/#\/schema\/person\/1db762f78ffd8919a648a63e425953e3\"},\"headline\":\"Agenda do Dia: Oi; Banco do Brasil; Vivara; BNP Paribas; Thomas Cook; Petrobras\",\"datePublished\":\"2019-09-23T11:49:05+00:00\",\"dateModified\":\"2021-06-14T03:25:04+00:00\",\"mainEntityOfPage\":{\"@id\":\"https:\/\/www.suno.com.br\/noticias\/agenda-do-dia-oi-vivara-banco-do-brasil-bnp-paribas-230919\/\"},\"wordCount\":620,\"publisher\":{\"@id\":\"https:\/\/www.suno.com.br\/noticias\/#organization\"},\"image\":{\"@id\":\"https:\/\/www.suno.com.br\/noticias\/agenda-do-dia-oi-vivara-banco-do-brasil-bnp-paribas-230919\/#primaryimage\"},\"thumbnailUrl\":\"https:\/\/files.sunoresearch.com.br\/n\/uploads\/2019\/09\/6a36f456-oi-jpg.webp\",\"keywords\":[\"agenda do dia\",\"Banco do Brasil (BBAS3)\",\"BNP Paribas\",\"Oi (OIBR3\/OIBR4)\",\"Vivara (VIVA3)\"],\"articleSection\":[\"Neg\u00f3cios\"],\"inLanguage\":\"pt-BR\"},{\"@type\":\"WebPage\",\"@id\":\"https:\/\/www.suno.com.br\/noticias\/agenda-do-dia-oi-vivara-banco-do-brasil-bnp-paribas-230919\/\",\"url\":\"https:\/\/www.suno.com.br\/noticias\/agenda-do-dia-oi-vivara-banco-do-brasil-bnp-paribas-230919\/\",\"name\":\"Agenda do Dia: Oi; Banco do Brasil; Vivara; BNP Paribas\",\"isPartOf\":{\"@id\":\"https:\/\/www.suno.com.br\/noticias\/#website\"},\"primaryImageOfPage\":{\"@id\":\"https:\/\/www.suno.com.br\/noticias\/agenda-do-dia-oi-vivara-banco-do-brasil-bnp-paribas-230919\/#primaryimage\"},\"image\":{\"@id\":\"https:\/\/www.suno.com.br\/noticias\/agenda-do-dia-oi-vivara-banco-do-brasil-bnp-paribas-230919\/#primaryimage\"},\"thumbnailUrl\":\"https:\/\/files.sunoresearch.com.br\/n\/uploads\/2019\/09\/6a36f456-oi-jpg.webp\",\"datePublished\":\"2019-09-23T11:49:05+00:00\",\"dateModified\":\"2021-06-14T03:25:04+00:00\",\"description\":\"Agenda do Dia: rumores de compra cercam a operadora Oi; follow-on do Banco do Brasil; Vivara; BNP Paribas. Clique e saiba mais.\",\"breadcrumb\":{\"@id\":\"https:\/\/www.suno.com.br\/noticias\/agenda-do-dia-oi-vivara-banco-do-brasil-bnp-paribas-230919\/#breadcrumb\"},\"inLanguage\":\"pt-BR\",\"potentialAction\":[{\"@type\":\"ReadAction\",\"target\":[\"https:\/\/www.suno.com.br\/noticias\/agenda-do-dia-oi-vivara-banco-do-brasil-bnp-paribas-230919\/\"]}]},{\"@type\":\"ImageObject\",\"inLanguage\":\"pt-BR\",\"@id\":\"https:\/\/www.suno.com.br\/noticias\/agenda-do-dia-oi-vivara-banco-do-brasil-bnp-paribas-230919\/#primaryimage\",\"url\":\"https:\/\/files.sunoresearch.com.br\/n\/uploads\/2019\/09\/6a36f456-oi-jpg.webp\",\"contentUrl\":\"https:\/\/files.sunoresearch.com.br\/n\/uploads\/2019\/09\/6a36f456-oi-jpg.webp\",\"width\":1200,\"height\":675,\"caption\":\"Nova AGC da Oi deve acontecer no dia 8 de setembro e deve ser presencial\"},{\"@type\":\"BreadcrumbList\",\"@id\":\"https:\/\/www.suno.com.br\/noticias\/agenda-do-dia-oi-vivara-banco-do-brasil-bnp-paribas-230919\/#breadcrumb\",\"itemListElement\":[{\"@type\":\"ListItem\",\"position\":1,\"name\":\"Not\u00edcias\",\"item\":\"https:\/\/www.suno.com.br\/noticias\/\"},{\"@type\":\"ListItem\",\"position\":2,\"name\":\"Neg\u00f3cios\",\"item\":\"https:\/\/www.suno.com.br\/noticias\/negocios\/\"},{\"@type\":\"ListItem\",\"position\":3,\"name\":\"Agenda do Dia: Oi; Banco do Brasil; Vivara; BNP Paribas; Thomas Cook; Petrobras\"}]},{\"@type\":\"WebSite\",\"@id\":\"https:\/\/www.suno.com.br\/noticias\/#website\",\"url\":\"https:\/\/www.suno.com.br\/noticias\/\",\"name\":\"Suno Not\u00edcias\",\"description\":\"Seu portal de informa\u00e7\u00e3o sobre o mundo dos investimentos\",\"publisher\":{\"@id\":\"https:\/\/www.suno.com.br\/noticias\/#organization\"},\"potentialAction\":[{\"@type\":\"SearchAction\",\"target\":{\"@type\":\"EntryPoint\",\"urlTemplate\":\"https:\/\/www.suno.com.br\/noticias\/?s={search_term_string}\"},\"query-input\":{\"@type\":\"PropertyValueSpecification\",\"valueRequired\":true,\"valueName\":\"search_term_string\"}}],\"inLanguage\":\"pt-BR\"},{\"@type\":\"Organization\",\"@id\":\"https:\/\/www.suno.com.br\/noticias\/#organization\",\"name\":\"Suno Not\u00edcias\",\"url\":\"https:\/\/www.suno.com.br\/noticias\/\",\"logo\":{\"@type\":\"ImageObject\",\"inLanguage\":\"pt-BR\",\"@id\":\"https:\/\/www.suno.com.br\/noticias\/#\/schema\/logo\/image\/\",\"url\":\"https:\/\/files.sunoresearch.com.br\/n\/uploads\/2021\/09\/suno-logo.png\",\"contentUrl\":\"https:\/\/files.sunoresearch.com.br\/n\/uploads\/2021\/09\/suno-logo.png\",\"width\":180,\"height\":180,\"caption\":\"Suno Not\u00edcias\"},\"image\":{\"@id\":\"https:\/\/www.suno.com.br\/noticias\/#\/schema\/logo\/image\/\"},\"sameAs\":[\"https:\/\/facebook.com\/sunoresearch\",\"https:\/\/x.com\/sunoresearch\",\"https:\/\/www.instagram.com\/suno\",\"https:\/\/www.linkedin.com\/company\/suno-research\/\",\"https:\/\/www.youtube.com\/c\/sunoresearch\"]},{\"@type\":\"Person\",\"@id\":\"https:\/\/www.suno.com.br\/noticias\/#\/schema\/person\/1db762f78ffd8919a648a63e425953e3\",\"name\":\"Juliano Passaro\",\"image\":{\"@type\":\"ImageObject\",\"inLanguage\":\"pt-BR\",\"@id\":\"https:\/\/www.suno.com.br\/noticias\/#\/schema\/person\/image\/\",\"url\":\"https:\/\/secure.gravatar.com\/avatar\/743d4df28eebf6dcc46b4ad03c319e92?s=96&r=g\",\"contentUrl\":\"https:\/\/secure.gravatar.com\/avatar\/743d4df28eebf6dcc46b4ad03c319e92?s=96&r=g\",\"caption\":\"Juliano Passaro\"},\"description\":\"Juliano Passaro escreve sobre pol\u00edtica, economia e neg\u00f3cios para o portal da Suno Research. Antes da Suno, trabalhou no Portal da Band. \u00c9 formado em jornalismo pela Universidade Presbiteriana Mackenzie.\",\"url\":\"https:\/\/www.suno.com.br\/noticias\/author\/juliano\/\"}]}<\/script>\n<!-- \/ Yoast SEO plugin. -->","yoast_head_json":{"title":"Agenda do Dia: Oi; Banco do Brasil; Vivara; BNP Paribas","description":"Agenda do Dia: rumores de compra cercam a operadora Oi; follow-on do Banco do Brasil; Vivara; BNP Paribas. Clique e saiba mais.","robots":{"index":"index","follow":"follow","max-snippet":"max-snippet:-1","max-image-preview":"max-image-preview:large","max-video-preview":"max-video-preview:-1"},"canonical":"https:\/\/www.suno.com.br\/noticias\/agenda-do-dia-oi-vivara-banco-do-brasil-bnp-paribas-230919\/","og_locale":"pt_BR","og_type":"article","og_title":"Agenda do Dia: Oi; Banco do Brasil; Vivara; BNP Paribas","og_description":"Agenda do Dia: rumores de compra cercam a operadora Oi; follow-on do Banco do Brasil; Vivara; BNP Paribas. Clique e saiba mais.","og_url":"https:\/\/www.suno.com.br\/noticias\/agenda-do-dia-oi-vivara-banco-do-brasil-bnp-paribas-230919\/","og_site_name":"Suno Not\u00edcias","article_publisher":"https:\/\/facebook.com\/sunoresearch","og_image":[{"width":1200,"height":675,"url":"https:\/\/files.sunoresearch.com.br\/n\/uploads\/2019\/09\/6a36f456-oi.jpg","type":"image\/jpeg"}],"author":"Juliano Passaro","twitter_card":"summary_large_image","twitter_creator":"@sunoresearch","twitter_site":"@sunoresearch","twitter_misc":{"Escrito por":"Juliano Passaro","Est. tempo de leitura":"3 minutos"},"schema":{"@context":"https:\/\/schema.org","@graph":[{"@type":"NewsArticle","@id":"https:\/\/www.suno.com.br\/noticias\/agenda-do-dia-oi-vivara-banco-do-brasil-bnp-paribas-230919\/#article","isPartOf":{"@id":"https:\/\/www.suno.com.br\/noticias\/agenda-do-dia-oi-vivara-banco-do-brasil-bnp-paribas-230919\/"},"author":{"name":"Juliano Passaro","@id":"https:\/\/www.suno.com.br\/noticias\/#\/schema\/person\/1db762f78ffd8919a648a63e425953e3"},"headline":"Agenda do Dia: Oi; Banco do Brasil; Vivara; BNP Paribas; Thomas Cook; Petrobras","datePublished":"2019-09-23T11:49:05+00:00","dateModified":"2021-06-14T03:25:04+00:00","mainEntityOfPage":{"@id":"https:\/\/www.suno.com.br\/noticias\/agenda-do-dia-oi-vivara-banco-do-brasil-bnp-paribas-230919\/"},"wordCount":620,"publisher":{"@id":"https:\/\/www.suno.com.br\/noticias\/#organization"},"image":{"@id":"https:\/\/www.suno.com.br\/noticias\/agenda-do-dia-oi-vivara-banco-do-brasil-bnp-paribas-230919\/#primaryimage"},"thumbnailUrl":"https:\/\/files.sunoresearch.com.br\/n\/uploads\/2019\/09\/6a36f456-oi-jpg.webp","keywords":["agenda do dia","Banco do Brasil (BBAS3)","BNP Paribas","Oi (OIBR3\/OIBR4)","Vivara (VIVA3)"],"articleSection":["Neg\u00f3cios"],"inLanguage":"pt-BR"},{"@type":"WebPage","@id":"https:\/\/www.suno.com.br\/noticias\/agenda-do-dia-oi-vivara-banco-do-brasil-bnp-paribas-230919\/","url":"https:\/\/www.suno.com.br\/noticias\/agenda-do-dia-oi-vivara-banco-do-brasil-bnp-paribas-230919\/","name":"Agenda do Dia: Oi; Banco do Brasil; Vivara; BNP Paribas","isPartOf":{"@id":"https:\/\/www.suno.com.br\/noticias\/#website"},"primaryImageOfPage":{"@id":"https:\/\/www.suno.com.br\/noticias\/agenda-do-dia-oi-vivara-banco-do-brasil-bnp-paribas-230919\/#primaryimage"},"image":{"@id":"https:\/\/www.suno.com.br\/noticias\/agenda-do-dia-oi-vivara-banco-do-brasil-bnp-paribas-230919\/#primaryimage"},"thumbnailUrl":"https:\/\/files.sunoresearch.com.br\/n\/uploads\/2019\/09\/6a36f456-oi-jpg.webp","datePublished":"2019-09-23T11:49:05+00:00","dateModified":"2021-06-14T03:25:04+00:00","description":"Agenda do Dia: rumores de compra cercam a operadora Oi; follow-on do Banco do Brasil; Vivara; BNP Paribas. Clique e saiba mais.","breadcrumb":{"@id":"https:\/\/www.suno.com.br\/noticias\/agenda-do-dia-oi-vivara-banco-do-brasil-bnp-paribas-230919\/#breadcrumb"},"inLanguage":"pt-BR","potentialAction":[{"@type":"ReadAction","target":["https:\/\/www.suno.com.br\/noticias\/agenda-do-dia-oi-vivara-banco-do-brasil-bnp-paribas-230919\/"]}]},{"@type":"ImageObject","inLanguage":"pt-BR","@id":"https:\/\/www.suno.com.br\/noticias\/agenda-do-dia-oi-vivara-banco-do-brasil-bnp-paribas-230919\/#primaryimage","url":"https:\/\/files.sunoresearch.com.br\/n\/uploads\/2019\/09\/6a36f456-oi-jpg.webp","contentUrl":"https:\/\/files.sunoresearch.com.br\/n\/uploads\/2019\/09\/6a36f456-oi-jpg.webp","width":1200,"height":675,"caption":"Nova AGC da Oi deve acontecer no dia 8 de setembro e deve ser presencial"},{"@type":"BreadcrumbList","@id":"https:\/\/www.suno.com.br\/noticias\/agenda-do-dia-oi-vivara-banco-do-brasil-bnp-paribas-230919\/#breadcrumb","itemListElement":[{"@type":"ListItem","position":1,"name":"Not\u00edcias","item":"https:\/\/www.suno.com.br\/noticias\/"},{"@type":"ListItem","position":2,"name":"Neg\u00f3cios","item":"https:\/\/www.suno.com.br\/noticias\/negocios\/"},{"@type":"ListItem","position":3,"name":"Agenda do Dia: Oi; Banco do Brasil; Vivara; BNP Paribas; Thomas Cook; Petrobras"}]},{"@type":"WebSite","@id":"https:\/\/www.suno.com.br\/noticias\/#website","url":"https:\/\/www.suno.com.br\/noticias\/","name":"Suno Not\u00edcias","description":"Seu portal de informa\u00e7\u00e3o sobre o mundo dos investimentos","publisher":{"@id":"https:\/\/www.suno.com.br\/noticias\/#organization"},"potentialAction":[{"@type":"SearchAction","target":{"@type":"EntryPoint","urlTemplate":"https:\/\/www.suno.com.br\/noticias\/?s={search_term_string}"},"query-input":{"@type":"PropertyValueSpecification","valueRequired":true,"valueName":"search_term_string"}}],"inLanguage":"pt-BR"},{"@type":"Organization","@id":"https:\/\/www.suno.com.br\/noticias\/#organization","name":"Suno Not\u00edcias","url":"https:\/\/www.suno.com.br\/noticias\/","logo":{"@type":"ImageObject","inLanguage":"pt-BR","@id":"https:\/\/www.suno.com.br\/noticias\/#\/schema\/logo\/image\/","url":"https:\/\/files.sunoresearch.com.br\/n\/uploads\/2021\/09\/suno-logo.png","contentUrl":"https:\/\/files.sunoresearch.com.br\/n\/uploads\/2021\/09\/suno-logo.png","width":180,"height":180,"caption":"Suno Not\u00edcias"},"image":{"@id":"https:\/\/www.suno.com.br\/noticias\/#\/schema\/logo\/image\/"},"sameAs":["https:\/\/facebook.com\/sunoresearch","https:\/\/x.com\/sunoresearch","https:\/\/www.instagram.com\/suno","https:\/\/www.linkedin.com\/company\/suno-research\/","https:\/\/www.youtube.com\/c\/sunoresearch"]},{"@type":"Person","@id":"https:\/\/www.suno.com.br\/noticias\/#\/schema\/person\/1db762f78ffd8919a648a63e425953e3","name":"Juliano Passaro","image":{"@type":"ImageObject","inLanguage":"pt-BR","@id":"https:\/\/www.suno.com.br\/noticias\/#\/schema\/person\/image\/","url":"https:\/\/secure.gravatar.com\/avatar\/743d4df28eebf6dcc46b4ad03c319e92?s=96&r=g","contentUrl":"https:\/\/secure.gravatar.com\/avatar\/743d4df28eebf6dcc46b4ad03c319e92?s=96&r=g","caption":"Juliano Passaro"},"description":"Juliano Passaro escreve sobre pol\u00edtica, economia e neg\u00f3cios para o portal da Suno Research. Antes da Suno, trabalhou no Portal da Band. \u00c9 formado em jornalismo pela Universidade Presbiteriana Mackenzie.","url":"https:\/\/www.suno.com.br\/noticias\/author\/juliano\/"}]}},"default_loop_html":"<div class=\"cardsPage__listCard__boxs\"><div class=\"cardsPage__listCard__boxs__img\"><a href=\"https:\/\/www.suno.com.br\/noticias\/agenda-do-dia-oi-vivara-banco-do-brasil-bnp-paribas-230919\/\"><img class=\"mask\" src=\"https:\/\/www.suno.com.br\/noticias\/wp-content\/themes\/suno\/resources\/images\/spotlight\/spotlight1img\/bg-mask.png\" alt=\"Image Mask\"\/><img src=\"https:\/\/files.sunoresearch.com.br\/n\/uploads\/2019\/09\/6a36f456-oi-400x200.webp\" alt=\"Agenda do Dia: Oi; Banco do Brasil; Vivara; BNP Paribas; Thomas Cook; Petrobras\"\/><\/a><span class=\"spotlightCategory\"><a href=\"https:\/\/www.suno.com.br\/noticias\/negocios\/\">Neg\u00f3cios<\/a><\/span><\/div><div class=\"cardsPage__listCard__boxs__content\"><a href=\"https:\/\/www.suno.com.br\/noticias\/agenda-do-dia-oi-vivara-banco-do-brasil-bnp-paribas-230919\/\"><h2 class=\"content__title\">Agenda do Dia: Oi; Banco do Brasil; Vivara; BNP Paribas; Thomas Cook; Petrobras<\/h2><\/a><div class=\"newsContent__article__meta\"><div class=\"newsContent__article__meta__authorBox\"><a href=\"https:\/\/www.suno.com.br\/noticias\/author\/juliano\/\" class=\"authorBox__avatar noMobi\"><img src=\"https:\/\/files.sunoresearch.com.br\/n\/uploads\/2019\/06\/7cc3efea-whatsapp-image-2019-07-18-at-21.59.33-e1563499821209-150x150.webp\" alt=\"Juliano Passaro\"><\/a><div class=\"authorBox__name\"><span>por\n\t\t\t<a href=\"https:\/\/www.suno.com.br\/noticias\/author\/juliano\/\"><span itemprop=\"author\">Juliano Passaro<\/span><\/a><\/span><time datetime=\"2019-09-23T08:49:05-03:00\" itemprop=\"datePublished\">23\/09\/2019 08:49<\/time><\/div><\/div><\/div><\/div><\/div>","single_layout":"posts","amp_enabled":true,"_links":{"self":[{"href":"https:\/\/www.suno.com.br\/noticias\/wp-json\/wp\/v2\/posts\/38459"}],"collection":[{"href":"https:\/\/www.suno.com.br\/noticias\/wp-json\/wp\/v2\/posts"}],"about":[{"href":"https:\/\/www.suno.com.br\/noticias\/wp-json\/wp\/v2\/types\/post"}],"author":[{"embeddable":true,"href":"https:\/\/www.suno.com.br\/noticias\/wp-json\/wp\/v2\/users\/19"}],"replies":[{"embeddable":true,"href":"https:\/\/www.suno.com.br\/noticias\/wp-json\/wp\/v2\/comments?post=38459"}],"version-history":[{"count":1,"href":"https:\/\/www.suno.com.br\/noticias\/wp-json\/wp\/v2\/posts\/38459\/revisions"}],"predecessor-version":[{"id":157704,"href":"https:\/\/www.suno.com.br\/noticias\/wp-json\/wp\/v2\/posts\/38459\/revisions\/157704"}],"wp:featuredmedia":[{"embeddable":true,"href":"https:\/\/www.suno.com.br\/noticias\/wp-json\/wp\/v2\/media\/38475"}],"wp:attachment":[{"href":"https:\/\/www.suno.com.br\/noticias\/wp-json\/wp\/v2\/media?parent=38459"}],"wp:term":[{"taxonomy":"category","embeddable":true,"href":"https:\/\/www.suno.com.br\/noticias\/wp-json\/wp\/v2\/categories?post=38459"},{"taxonomy":"post_tag","embeddable":true,"href":"https:\/\/www.suno.com.br\/noticias\/wp-json\/wp\/v2\/tags?post=38459"},{"taxonomy":"suno_strategy","embeddable":true,"href":"https:\/\/www.suno.com.br\/noticias\/wp-json\/wp\/v2\/suno_strategy?post=38459"}],"curies":[{"name":"wp","href":"https:\/\/api.w.org\/{rel}","templated":true}]}}