{"id":38431,"date":"2019-09-21T17:02:04","date_gmt":"2019-09-21T20:02:04","guid":{"rendered":"https:\/\/www.suno.com.br\/noticias\/?p=38431"},"modified":"2021-02-18T19:51:18","modified_gmt":"2021-02-18T22:51:18","slug":"roberto-luz-portella-deixa-gafisa","status":"publish","type":"post","link":"https:\/\/www.suno.com.br\/noticias\/roberto-luz-portella-deixa-gafisa\/","title":{"rendered":"Roberto Luz Portella deixa dire\u00e7\u00e3o da Gafisa"},"content":{"rendered":"<p>Roberto Luz Portella renunciou ao cargo de diretor-presidente da Gafisa GFSA3). A empreiteira informou sobre a renuncia na \u00faltima sexta-feira (20).<\/p>\t<div class=\"wrapper-featured-image\">\n\t\t<figure class=\"spotlightImg\">\n\n\t\t\t<picture>\n\t\t\t\t<source media=\"(max-width: 768px)\" srcset=\"https:\/\/files.sunoresearch.com.br\/n\/uploads\/2019\/01\/7945eac0-gafisa-400x200.webp\">\n\t\t\t\t<img loading=\"lazy\" decoding=\"async\" class=\"newsContent__article__imgCapa lazyloadDisabled newsContent__article__imgCapa--noCaption\" src=\"https:\/\/files.sunoresearch.com.br\/n\/uploads\/2019\/01\/7945eac0-gafisa-800x450.webp\" width=\"800\" height=\"450\" alt=\"Roberto Luz Portella deixa dire\u00e7\u00e3o da Gafisa\" fetchpriority=high \/>\n\t\t\t<\/picture>\n\n\t\t\t<figcaption class=\"wp-caption-text wp-caption-text--hide\">Lan\u00e7amentos da Gafisa (GFSA3) em 2020 somam R$ 898 mi em VGV (foto: divulga\u00e7\u00e3o)<\/figcaption>\n\t\t<\/figure>\n\t<\/div>\n\n\n\n<p>Portella era tamb\u00e9m diretor de rela\u00e7\u00f5es de investidores da <strong>Gafisa.<\/strong> Ele deixou o cargo ap\u00f3s a conclus\u00e3o da primeira fase da reestrutura\u00e7\u00e3o da empresa.<\/p>\n<p>Segundo o comunicado divulgado pela empreiteira, a renuncia foi comunicada ao conselho de administra\u00e7\u00e3o. O \u00f3rg\u00e3o deliberar\u00e1 pela elei\u00e7\u00e3o de um substituto.<\/p>\n<p>Portella tinha sido escolhido para o cargo de diretor-presidente da <strong>Gafisa<\/strong> em mar\u00e7o. Ele substituiu Ana Recard, sendo indicado por <strong><a href=\"https:\/\/www.suno.com.br\/tudo-sobre\/nelson-tanure\/\">Nelson Tanure<\/a>,<\/strong> que come\u00e7ou a investir na empresa ap\u00f3s a sa\u00edda do coreano <a href=\"https:\/\/www.suno.com.br\/tudo-sobre\/mu-hak-you\/\"><strong>Mu Hak You<\/strong><\/a>.<\/p>\n<p>O dono do <strong>GWI Group<\/strong> chegou a ser o maior acionista da empreiteira.<\/p>\n<h2>Novos lan\u00e7amentos da Gafisa em breve<\/h2>\n<p>Em meados de agosto tinha sido o pr\u00f3prio Portella que tinha informado que os lan\u00e7amentos da empreiteira iriam recome\u00e7ar no final de 2019 ou no in\u00edcio de 2020.<\/p>\n\t<p>\n\t\t<a href=\"https:\/\/lp.suno.com.br\/ebook-10-livros\/\" target=\"_blank\" data-element=\"shortcode-suno-banner\" title=\"Banner SUNO, clique e saiba mais\">\n\t\t\t<picture>\n\t\t\t\t<source media=\"(max-width: 500px)\" srcset=\"https:\/\/files.sunoresearch.com.br\/n\/uploads\/2023\/03\/400x300-10-livros.png\">\n\t\t\t\t<img class=\"newsContent__article__imgCapa newsContent__article__imgCapa--banner\"\n\t\t\t\t\tsrc=\"https:\/\/files.sunoresearch.com.br\/n\/uploads\/2023\/03\/1420x240-10-livros.png\"\n\t\t\t\t\tdata-promo-id=\"383159\"\t\t\t\t\t\t\t\t\t\twidth='1420' height='240'\t\t\t\t\talt=\"https:\/\/files.sunoresearch.com.br\/n\/uploads\/2023\/03\/1420x240-10-livros.png\"\n\t\t\t\t>\n\t\t\t<\/picture>\n\t\t<\/a>\n\t<\/p>\n\n\n<p>Ao longo de 2019 a <strong>Gafisa<\/strong> n\u00e3o fiz lan\u00e7amentos. Entretanto, segundo Portella, dois projetos est\u00e3o sendo preparados para serem apresentados ao mercado. Al\u00e9m disso, o presidente da <strong>construtura<\/strong> salientou como est\u00e3o sendo avaliadas poss\u00edveis parceiras com outras empresas.<\/p>\n<p>Para Portella, gra\u00e7as a um novo aumento de capital de at\u00e9 R$ 273 milh\u00f5es a <strong>Gafisa<\/strong> ter\u00e1\u00a0\u201cmusculatura para enfrentar os desafios do planejamento estrat\u00e9gico\u201d e para o desenvolvimento de novos empreendimentos.<\/p>\n<p><a href=\"https:\/\/www.suno.com.br\/noticias\/gafisa-retomar-lancamentos-presidente\/\">Saiba mais: Lan\u00e7amentos da Gafisa v\u00e3o retomar at\u00e9 in\u00edcio de 2020, diz presidente<\/a><\/p>\n<p>O presidente da construtora salientou que \u201ca inten\u00e7\u00e3o \u00e9 que a <strong>Gafisa<\/strong> volte a empreender\u201d.<\/p>\n<h2>Redu\u00e7\u00e3o do preju\u00edzo da Gafisa<\/h2>\n<p>A <strong>Gafisa<\/strong> conseguiu, no segundo trimestre, reduzir seu preju\u00edzo em 49%, chegando a R$ 12,7 milh\u00f5es. Contudo, a receita l\u00edquida da empresa caiu para R$ 99,7 milh\u00f5es, cerca de 64,7% a menos.<\/p>\n\t<p>\n\t\t<a href=\"https:\/\/lp.suno.com.br\/ebook-investindo-em-fiis\/\" target=\"_blank\" data-element=\"shortcode-suno-banner\" title=\"Banner SUNO, clique e saiba mais\">\n\t\t\t<picture>\n\t\t\t\t<source media=\"(max-width: 500px)\" srcset=\"https:\/\/files.sunoresearch.com.br\/n\/uploads\/2023\/07\/Ebook-Fundos-Imobiliarios-Mobile.jpg\">\n\t\t\t\t<img class=\"newsContent__article__imgCapa newsContent__article__imgCapa--banner\"\n\t\t\t\t\tsrc=\"https:\/\/files.sunoresearch.com.br\/n\/uploads\/2023\/07\/Ebook-Fundos-Imobiliarios-Desktop.jpg\"\n\t\t\t\t\tdata-promo-id=\"378301\"\t\t\t\t\t\t\t\t\t\twidth='1420' height='286'\t\t\t\t\talt=\"https:\/\/files.sunoresearch.com.br\/n\/uploads\/2023\/07\/Ebook-Fundos-Imobiliarios-Desktop.jpg\"\n\t\t\t\t>\n\t\t\t<\/picture>\n\t\t<\/a>\n\t<\/p>\n\n\n<p>A margem bruta ajustada foi <strong>elevada<\/strong> em 10,4% entre os dois trimestres do ano, passando de 38,6% para 49%. O caixa gerado pela <strong>Gafisa<\/strong> foi de R$ 6,9 milh\u00f5es no trimestre.<\/p>\n<p>A empresa tinha alavancagem medida por d\u00edvida sobre patrim\u00f4nio l\u00edquido de 102,2%, um n\u00edvel bem abaixo dos 161,8% do fim do primeiro trimestre.<\/p>\n<p>A queda, segundo a companhia, foi consequ\u00eancia da entrada em caixa de R$ 132,3 milh\u00f5es do aumento de capital e &#8220;da atual dilig\u00eancia com os recursos da companhia&#8221;.<\/p>\n<p><a href=\"https:\/\/www.suno.com.br\/noticias\/gafisa-prejuizo-reduzido-49-2019\/\">Saiba mais: Gafisa tem preju\u00edzo reduzido em 49% no segundo trimestre de 2019\u00a0<\/a><\/p>\n<p>As <strong>vendas brutas<\/strong> reduziram em 78,3% para R$ 87,9 milh\u00f5es, e os distratos ca\u00edram 47,1%, para R$ 31,7 milh\u00f5es.<\/p>\n<p>J\u00e1 as<strong> vendas l\u00edquidas<\/strong> tiveram queda de 56% em uma compara\u00e7\u00e3o com o mesmo per\u00edodo de 2018 para R$ 56 milh\u00f5es. A empresa n\u00e3o apresentou lan\u00e7amentos no trimestre.<\/p>\n<h2>Empresa em fase de recupera\u00e7\u00e3o<\/h2>\n<p>A <strong>construtora<\/strong> est\u00e1 tentando superar o per\u00edodo turbulento de comando da <strong>GWI.<\/strong> Seis meses muito complicados que se somaram \u00e0 conjuntura dif\u00edcil para o setor da constru\u00e7\u00e3o. Um dos segmentos da economia brasileira mais duramente afetados pela recess\u00e3o.<\/p>\n<p><strong>Mu Hak You<\/strong> prometeu recuperar rapidamente o valor da companhia, principalmente por meio da redu\u00e7\u00e3o de custos. A partir de setembro de 2018, quando assumiu o controle da <strong>Gafisa,<\/strong> a <strong>GWI<\/strong> cortou funcion\u00e1rios, suspendeu pagamentos a fornecedores e fechou abruptamente a filial no Rio de Janeiro. Posi\u00e7\u00f5es no alto escal\u00e3o da construtora foram substitu\u00eddas com advogadas sem muita experi\u00eancia no setor das constru\u00e7\u00f5es.<\/p>\n\t<p>\n\t\t<a href=\"https:\/\/lp.statusinvest.com.br\/cl\/carteira-automatizada\/\" target=\"_blank\" data-element=\"shortcode-suno-banner\" title=\"Banner SUNO, clique e saiba mais\">\n\t\t\t<picture>\n\t\t\t\t<source media=\"(max-width: 500px)\" srcset=\"https:\/\/files.sunoresearch.com.br\/n\/uploads\/2024\/02\/400x300-Mobile.png\">\n\t\t\t\t<img class=\"newsContent__article__imgCapa newsContent__article__imgCapa--banner\"\n\t\t\t\t\tsrc=\"https:\/\/files.sunoresearch.com.br\/n\/uploads\/2024\/02\/1420x240-Desktop.png\"\n\t\t\t\t\tdata-promo-id=\"518879\"\t\t\t\t\t\t\t\t\t\twidth='1420' height='240'\t\t\t\t\talt=\"https:\/\/files.sunoresearch.com.br\/n\/uploads\/2024\/02\/1420x240-Desktop.png\"\n\t\t\t\t>\n\t\t\t<\/picture>\n\t\t<\/a>\n\t<\/p>\n\n\n<p>Esse conjunto de medidas n\u00e3o foi bem acolhido pelo mercado, e a <strong>Gafisa <\/strong>come\u00e7ou a enfrentar um per\u00edodo de turbul\u00eancias que ainda est\u00e1 vivendo.<\/p>\n","protected":false},"excerpt":{"rendered":"<p>Roberto Luz Portella renunciou ao cargo de diretor-presidente da Gafisa GFSA3). A empreiteira informou sobre a renuncia na \u00faltima sexta-feira (20). Lan\u00e7amentos da Gafisa (GFSA3) em 2020 somam R$ 898 mi em VGV (foto: divulga\u00e7\u00e3o) Portella era tamb\u00e9m diretor de rela\u00e7\u00f5es de investidores da Gafisa. Ele deixou o cargo ap\u00f3s a conclus\u00e3o da primeira fase [&hellip;]<\/p>\n","protected":false},"author":9,"featured_media":10363,"comment_status":"closed","ping_status":"closed","sticky":false,"template":"","format":"standard","meta":[],"categories":[64],"tags":[484,1163,1904,2360],"suno_strategy":[],"class_list":["post-38431","post","type-post","status-publish","format-standard","has-post-thumbnail","hentry","category-negocios","tag-gafisa-gfsa3","tag-gwi","tag-mercado-imobiliario","tag-mu-hak-you"],"yoast_head":"<!-- This site is optimized with the Yoast SEO plugin v24.4 - https:\/\/yoast.com\/wordpress\/plugins\/seo\/ -->\n<title>Roberto Luz Portella deixa dire\u00e7\u00e3o da Gafisa<\/title>\n<meta name=\"description\" content=\"Roberto Luz Portella renunciou ao cargo de presidente da Gafisa ap\u00f3s iniciar a reestrutura\u00e7\u00e3o da empresa. Clique aqui para saber mais.\" \/>\n<meta name=\"robots\" content=\"index, follow, max-snippet:-1, max-image-preview:large, max-video-preview:-1\" \/>\n<link rel=\"canonical\" href=\"https:\/\/www.suno.com.br\/noticias\/roberto-luz-portella-deixa-gafisa\/\" \/>\n<meta property=\"og:locale\" content=\"pt_BR\" \/>\n<meta property=\"og:type\" content=\"article\" \/>\n<meta property=\"og:title\" content=\"Roberto Luz Portella deixa dire\u00e7\u00e3o da Gafisa\" \/>\n<meta property=\"og:description\" content=\"Roberto Luz Portella renunciou ao cargo de presidente da Gafisa ap\u00f3s iniciar a reestrutura\u00e7\u00e3o da empresa. Clique aqui para saber mais.\" \/>\n<meta property=\"og:url\" content=\"https:\/\/www.suno.com.br\/noticias\/roberto-luz-portella-deixa-gafisa\/\" \/>\n<meta property=\"og:site_name\" content=\"Suno Not\u00edcias\" \/>\n<meta property=\"article:publisher\" content=\"https:\/\/facebook.com\/sunoresearch\" \/>\n<meta property=\"og:image\" content=\"https:\/\/files.sunoresearch.com.br\/n\/uploads\/2019\/01\/7945eac0-gafisa.jpg\" \/>\n\t<meta property=\"og:image:width\" content=\"888\" \/>\n\t<meta property=\"og:image:height\" content=\"500\" \/>\n\t<meta property=\"og:image:type\" content=\"image\/jpeg\" \/>\n<meta name=\"author\" content=\"Carlo Cauti\" \/>\n<meta name=\"twitter:card\" content=\"summary_large_image\" \/>\n<meta name=\"twitter:creator\" content=\"@sunoresearch\" \/>\n<meta name=\"twitter:site\" content=\"@sunoresearch\" \/>\n<meta name=\"twitter:label1\" content=\"Escrito por\" \/>\n\t<meta name=\"twitter:data1\" content=\"Carlo Cauti\" \/>\n\t<meta name=\"twitter:label2\" content=\"Est. tempo de leitura\" \/>\n\t<meta name=\"twitter:data2\" content=\"3 minutos\" \/>\n<script type=\"application\/ld+json\" class=\"yoast-schema-graph\">{\"@context\":\"https:\/\/schema.org\",\"@graph\":[{\"@type\":\"NewsArticle\",\"@id\":\"https:\/\/www.suno.com.br\/noticias\/roberto-luz-portella-deixa-gafisa\/#article\",\"isPartOf\":{\"@id\":\"https:\/\/www.suno.com.br\/noticias\/roberto-luz-portella-deixa-gafisa\/\"},\"author\":{\"name\":\"Carlo Cauti\",\"@id\":\"https:\/\/www.suno.com.br\/noticias\/#\/schema\/person\/e6e0f723cc177805027f4566c1d5e0c8\"},\"headline\":\"Roberto Luz Portella deixa dire\u00e7\u00e3o da Gafisa\",\"datePublished\":\"2019-09-21T20:02:04+00:00\",\"dateModified\":\"2021-02-18T22:51:18+00:00\",\"mainEntityOfPage\":{\"@id\":\"https:\/\/www.suno.com.br\/noticias\/roberto-luz-portella-deixa-gafisa\/\"},\"wordCount\":617,\"publisher\":{\"@id\":\"https:\/\/www.suno.com.br\/noticias\/#organization\"},\"image\":{\"@id\":\"https:\/\/www.suno.com.br\/noticias\/roberto-luz-portella-deixa-gafisa\/#primaryimage\"},\"thumbnailUrl\":\"https:\/\/files.sunoresearch.com.br\/n\/uploads\/2019\/01\/7945eac0-gafisa-jpg.webp\",\"keywords\":[\"Gafisa (GFSA3)\",\"GWI\",\"mercado imobili\u00e1rio\",\"Mu Hak You\"],\"articleSection\":[\"Neg\u00f3cios\"],\"inLanguage\":\"pt-BR\"},{\"@type\":\"WebPage\",\"@id\":\"https:\/\/www.suno.com.br\/noticias\/roberto-luz-portella-deixa-gafisa\/\",\"url\":\"https:\/\/www.suno.com.br\/noticias\/roberto-luz-portella-deixa-gafisa\/\",\"name\":\"Roberto Luz Portella deixa dire\u00e7\u00e3o da Gafisa\",\"isPartOf\":{\"@id\":\"https:\/\/www.suno.com.br\/noticias\/#website\"},\"primaryImageOfPage\":{\"@id\":\"https:\/\/www.suno.com.br\/noticias\/roberto-luz-portella-deixa-gafisa\/#primaryimage\"},\"image\":{\"@id\":\"https:\/\/www.suno.com.br\/noticias\/roberto-luz-portella-deixa-gafisa\/#primaryimage\"},\"thumbnailUrl\":\"https:\/\/files.sunoresearch.com.br\/n\/uploads\/2019\/01\/7945eac0-gafisa-jpg.webp\",\"datePublished\":\"2019-09-21T20:02:04+00:00\",\"dateModified\":\"2021-02-18T22:51:18+00:00\",\"description\":\"Roberto Luz Portella renunciou ao cargo de presidente da Gafisa ap\u00f3s iniciar a reestrutura\u00e7\u00e3o da empresa. Clique aqui para saber mais.\",\"breadcrumb\":{\"@id\":\"https:\/\/www.suno.com.br\/noticias\/roberto-luz-portella-deixa-gafisa\/#breadcrumb\"},\"inLanguage\":\"pt-BR\",\"potentialAction\":[{\"@type\":\"ReadAction\",\"target\":[\"https:\/\/www.suno.com.br\/noticias\/roberto-luz-portella-deixa-gafisa\/\"]}]},{\"@type\":\"ImageObject\",\"inLanguage\":\"pt-BR\",\"@id\":\"https:\/\/www.suno.com.br\/noticias\/roberto-luz-portella-deixa-gafisa\/#primaryimage\",\"url\":\"https:\/\/files.sunoresearch.com.br\/n\/uploads\/2019\/01\/7945eac0-gafisa-jpg.webp\",\"contentUrl\":\"https:\/\/files.sunoresearch.com.br\/n\/uploads\/2019\/01\/7945eac0-gafisa-jpg.webp\",\"width\":888,\"height\":500,\"caption\":\"Lan\u00e7amentos da Gafisa (GFSA3) em 2020 somam R$ 898 mi em VGV (foto: divulga\u00e7\u00e3o)\"},{\"@type\":\"BreadcrumbList\",\"@id\":\"https:\/\/www.suno.com.br\/noticias\/roberto-luz-portella-deixa-gafisa\/#breadcrumb\",\"itemListElement\":[{\"@type\":\"ListItem\",\"position\":1,\"name\":\"Not\u00edcias\",\"item\":\"https:\/\/www.suno.com.br\/noticias\/\"},{\"@type\":\"ListItem\",\"position\":2,\"name\":\"Neg\u00f3cios\",\"item\":\"https:\/\/www.suno.com.br\/noticias\/negocios\/\"},{\"@type\":\"ListItem\",\"position\":3,\"name\":\"Roberto Luz Portella deixa dire\u00e7\u00e3o da Gafisa\"}]},{\"@type\":\"WebSite\",\"@id\":\"https:\/\/www.suno.com.br\/noticias\/#website\",\"url\":\"https:\/\/www.suno.com.br\/noticias\/\",\"name\":\"Suno Not\u00edcias\",\"description\":\"Seu portal de informa\u00e7\u00e3o sobre o mundo dos investimentos\",\"publisher\":{\"@id\":\"https:\/\/www.suno.com.br\/noticias\/#organization\"},\"potentialAction\":[{\"@type\":\"SearchAction\",\"target\":{\"@type\":\"EntryPoint\",\"urlTemplate\":\"https:\/\/www.suno.com.br\/noticias\/?s={search_term_string}\"},\"query-input\":{\"@type\":\"PropertyValueSpecification\",\"valueRequired\":true,\"valueName\":\"search_term_string\"}}],\"inLanguage\":\"pt-BR\"},{\"@type\":\"Organization\",\"@id\":\"https:\/\/www.suno.com.br\/noticias\/#organization\",\"name\":\"Suno Not\u00edcias\",\"url\":\"https:\/\/www.suno.com.br\/noticias\/\",\"logo\":{\"@type\":\"ImageObject\",\"inLanguage\":\"pt-BR\",\"@id\":\"https:\/\/www.suno.com.br\/noticias\/#\/schema\/logo\/image\/\",\"url\":\"https:\/\/files.sunoresearch.com.br\/n\/uploads\/2021\/09\/suno-logo.png\",\"contentUrl\":\"https:\/\/files.sunoresearch.com.br\/n\/uploads\/2021\/09\/suno-logo.png\",\"width\":180,\"height\":180,\"caption\":\"Suno Not\u00edcias\"},\"image\":{\"@id\":\"https:\/\/www.suno.com.br\/noticias\/#\/schema\/logo\/image\/\"},\"sameAs\":[\"https:\/\/facebook.com\/sunoresearch\",\"https:\/\/x.com\/sunoresearch\",\"https:\/\/www.instagram.com\/suno\",\"https:\/\/www.linkedin.com\/company\/suno-research\/\",\"https:\/\/www.youtube.com\/c\/sunoresearch\"]},{\"@type\":\"Person\",\"@id\":\"https:\/\/www.suno.com.br\/noticias\/#\/schema\/person\/e6e0f723cc177805027f4566c1d5e0c8\",\"name\":\"Carlo Cauti\",\"image\":{\"@type\":\"ImageObject\",\"inLanguage\":\"pt-BR\",\"@id\":\"https:\/\/www.suno.com.br\/noticias\/#\/schema\/person\/image\/\",\"url\":\"https:\/\/secure.gravatar.com\/avatar\/3ada9e0bd164c23abd4792a9606d583c?s=96&r=g\",\"contentUrl\":\"https:\/\/secure.gravatar.com\/avatar\/3ada9e0bd164c23abd4792a9606d583c?s=96&r=g\",\"caption\":\"Carlo Cauti\"},\"description\":\"Editor multim\u00eddia do SUNO Not\u00edcias. Italiano, formado em Ci\u00eancias Pol\u00edticas pela universidade LUISS G. Carli de Roma e mestre cum laude em Rela\u00e7\u00f5es Internacionais, Jornalismo Internacional e de Guerra e em Economia Internacional. Concluiu tamb\u00e9m um MBA em Finan\u00e7as na B3. No Brasil, teve passagem por ve\u00edculos como Estad\u00e3o, Globo, Veja e EXAME. e nas ag\u00eancias de not\u00edcias italianas ANSA e NOVA.\",\"url\":\"https:\/\/www.suno.com.br\/noticias\/author\/carlo-cauti\/\"}]}<\/script>\n<!-- \/ Yoast SEO plugin. -->","yoast_head_json":{"title":"Roberto Luz Portella deixa dire\u00e7\u00e3o da Gafisa","description":"Roberto Luz Portella renunciou ao cargo de presidente da Gafisa ap\u00f3s iniciar a reestrutura\u00e7\u00e3o da empresa. Clique aqui para saber mais.","robots":{"index":"index","follow":"follow","max-snippet":"max-snippet:-1","max-image-preview":"max-image-preview:large","max-video-preview":"max-video-preview:-1"},"canonical":"https:\/\/www.suno.com.br\/noticias\/roberto-luz-portella-deixa-gafisa\/","og_locale":"pt_BR","og_type":"article","og_title":"Roberto Luz Portella deixa dire\u00e7\u00e3o da Gafisa","og_description":"Roberto Luz Portella renunciou ao cargo de presidente da Gafisa ap\u00f3s iniciar a reestrutura\u00e7\u00e3o da empresa. Clique aqui para saber mais.","og_url":"https:\/\/www.suno.com.br\/noticias\/roberto-luz-portella-deixa-gafisa\/","og_site_name":"Suno Not\u00edcias","article_publisher":"https:\/\/facebook.com\/sunoresearch","og_image":[{"width":888,"height":500,"url":"https:\/\/files.sunoresearch.com.br\/n\/uploads\/2019\/01\/7945eac0-gafisa.jpg","type":"image\/jpeg"}],"author":"Carlo Cauti","twitter_card":"summary_large_image","twitter_creator":"@sunoresearch","twitter_site":"@sunoresearch","twitter_misc":{"Escrito por":"Carlo Cauti","Est. tempo de leitura":"3 minutos"},"schema":{"@context":"https:\/\/schema.org","@graph":[{"@type":"NewsArticle","@id":"https:\/\/www.suno.com.br\/noticias\/roberto-luz-portella-deixa-gafisa\/#article","isPartOf":{"@id":"https:\/\/www.suno.com.br\/noticias\/roberto-luz-portella-deixa-gafisa\/"},"author":{"name":"Carlo Cauti","@id":"https:\/\/www.suno.com.br\/noticias\/#\/schema\/person\/e6e0f723cc177805027f4566c1d5e0c8"},"headline":"Roberto Luz Portella deixa dire\u00e7\u00e3o da Gafisa","datePublished":"2019-09-21T20:02:04+00:00","dateModified":"2021-02-18T22:51:18+00:00","mainEntityOfPage":{"@id":"https:\/\/www.suno.com.br\/noticias\/roberto-luz-portella-deixa-gafisa\/"},"wordCount":617,"publisher":{"@id":"https:\/\/www.suno.com.br\/noticias\/#organization"},"image":{"@id":"https:\/\/www.suno.com.br\/noticias\/roberto-luz-portella-deixa-gafisa\/#primaryimage"},"thumbnailUrl":"https:\/\/files.sunoresearch.com.br\/n\/uploads\/2019\/01\/7945eac0-gafisa-jpg.webp","keywords":["Gafisa (GFSA3)","GWI","mercado imobili\u00e1rio","Mu Hak You"],"articleSection":["Neg\u00f3cios"],"inLanguage":"pt-BR"},{"@type":"WebPage","@id":"https:\/\/www.suno.com.br\/noticias\/roberto-luz-portella-deixa-gafisa\/","url":"https:\/\/www.suno.com.br\/noticias\/roberto-luz-portella-deixa-gafisa\/","name":"Roberto Luz Portella deixa dire\u00e7\u00e3o da Gafisa","isPartOf":{"@id":"https:\/\/www.suno.com.br\/noticias\/#website"},"primaryImageOfPage":{"@id":"https:\/\/www.suno.com.br\/noticias\/roberto-luz-portella-deixa-gafisa\/#primaryimage"},"image":{"@id":"https:\/\/www.suno.com.br\/noticias\/roberto-luz-portella-deixa-gafisa\/#primaryimage"},"thumbnailUrl":"https:\/\/files.sunoresearch.com.br\/n\/uploads\/2019\/01\/7945eac0-gafisa-jpg.webp","datePublished":"2019-09-21T20:02:04+00:00","dateModified":"2021-02-18T22:51:18+00:00","description":"Roberto Luz Portella renunciou ao cargo de presidente da Gafisa ap\u00f3s iniciar a reestrutura\u00e7\u00e3o da empresa. Clique aqui para saber mais.","breadcrumb":{"@id":"https:\/\/www.suno.com.br\/noticias\/roberto-luz-portella-deixa-gafisa\/#breadcrumb"},"inLanguage":"pt-BR","potentialAction":[{"@type":"ReadAction","target":["https:\/\/www.suno.com.br\/noticias\/roberto-luz-portella-deixa-gafisa\/"]}]},{"@type":"ImageObject","inLanguage":"pt-BR","@id":"https:\/\/www.suno.com.br\/noticias\/roberto-luz-portella-deixa-gafisa\/#primaryimage","url":"https:\/\/files.sunoresearch.com.br\/n\/uploads\/2019\/01\/7945eac0-gafisa-jpg.webp","contentUrl":"https:\/\/files.sunoresearch.com.br\/n\/uploads\/2019\/01\/7945eac0-gafisa-jpg.webp","width":888,"height":500,"caption":"Lan\u00e7amentos da Gafisa (GFSA3) em 2020 somam R$ 898 mi em VGV (foto: divulga\u00e7\u00e3o)"},{"@type":"BreadcrumbList","@id":"https:\/\/www.suno.com.br\/noticias\/roberto-luz-portella-deixa-gafisa\/#breadcrumb","itemListElement":[{"@type":"ListItem","position":1,"name":"Not\u00edcias","item":"https:\/\/www.suno.com.br\/noticias\/"},{"@type":"ListItem","position":2,"name":"Neg\u00f3cios","item":"https:\/\/www.suno.com.br\/noticias\/negocios\/"},{"@type":"ListItem","position":3,"name":"Roberto Luz Portella deixa dire\u00e7\u00e3o da Gafisa"}]},{"@type":"WebSite","@id":"https:\/\/www.suno.com.br\/noticias\/#website","url":"https:\/\/www.suno.com.br\/noticias\/","name":"Suno Not\u00edcias","description":"Seu portal de informa\u00e7\u00e3o sobre o mundo dos investimentos","publisher":{"@id":"https:\/\/www.suno.com.br\/noticias\/#organization"},"potentialAction":[{"@type":"SearchAction","target":{"@type":"EntryPoint","urlTemplate":"https:\/\/www.suno.com.br\/noticias\/?s={search_term_string}"},"query-input":{"@type":"PropertyValueSpecification","valueRequired":true,"valueName":"search_term_string"}}],"inLanguage":"pt-BR"},{"@type":"Organization","@id":"https:\/\/www.suno.com.br\/noticias\/#organization","name":"Suno Not\u00edcias","url":"https:\/\/www.suno.com.br\/noticias\/","logo":{"@type":"ImageObject","inLanguage":"pt-BR","@id":"https:\/\/www.suno.com.br\/noticias\/#\/schema\/logo\/image\/","url":"https:\/\/files.sunoresearch.com.br\/n\/uploads\/2021\/09\/suno-logo.png","contentUrl":"https:\/\/files.sunoresearch.com.br\/n\/uploads\/2021\/09\/suno-logo.png","width":180,"height":180,"caption":"Suno Not\u00edcias"},"image":{"@id":"https:\/\/www.suno.com.br\/noticias\/#\/schema\/logo\/image\/"},"sameAs":["https:\/\/facebook.com\/sunoresearch","https:\/\/x.com\/sunoresearch","https:\/\/www.instagram.com\/suno","https:\/\/www.linkedin.com\/company\/suno-research\/","https:\/\/www.youtube.com\/c\/sunoresearch"]},{"@type":"Person","@id":"https:\/\/www.suno.com.br\/noticias\/#\/schema\/person\/e6e0f723cc177805027f4566c1d5e0c8","name":"Carlo Cauti","image":{"@type":"ImageObject","inLanguage":"pt-BR","@id":"https:\/\/www.suno.com.br\/noticias\/#\/schema\/person\/image\/","url":"https:\/\/secure.gravatar.com\/avatar\/3ada9e0bd164c23abd4792a9606d583c?s=96&r=g","contentUrl":"https:\/\/secure.gravatar.com\/avatar\/3ada9e0bd164c23abd4792a9606d583c?s=96&r=g","caption":"Carlo Cauti"},"description":"Editor multim\u00eddia do SUNO Not\u00edcias. Italiano, formado em Ci\u00eancias Pol\u00edticas pela universidade LUISS G. Carli de Roma e mestre cum laude em Rela\u00e7\u00f5es Internacionais, Jornalismo Internacional e de Guerra e em Economia Internacional. Concluiu tamb\u00e9m um MBA em Finan\u00e7as na B3. No Brasil, teve passagem por ve\u00edculos como Estad\u00e3o, Globo, Veja e EXAME. e nas ag\u00eancias de not\u00edcias italianas ANSA e NOVA.","url":"https:\/\/www.suno.com.br\/noticias\/author\/carlo-cauti\/"}]}},"default_loop_html":"<div class=\"cardsPage__listCard__boxs\"><div class=\"cardsPage__listCard__boxs__img\"><a href=\"https:\/\/www.suno.com.br\/noticias\/roberto-luz-portella-deixa-gafisa\/\"><img class=\"mask\" src=\"https:\/\/www.suno.com.br\/noticias\/wp-content\/themes\/suno\/resources\/images\/spotlight\/spotlight1img\/bg-mask.png\" alt=\"Image Mask\"\/><img src=\"https:\/\/files.sunoresearch.com.br\/n\/uploads\/2019\/01\/7945eac0-gafisa-400x200.webp\" alt=\"Roberto Luz Portella deixa dire\u00e7\u00e3o da Gafisa\"\/><\/a><span class=\"spotlightCategory\"><a href=\"https:\/\/www.suno.com.br\/noticias\/negocios\/\">Neg\u00f3cios<\/a><\/span><\/div><div class=\"cardsPage__listCard__boxs__content\"><a href=\"https:\/\/www.suno.com.br\/noticias\/roberto-luz-portella-deixa-gafisa\/\"><h2 class=\"content__title\">Roberto Luz Portella deixa dire\u00e7\u00e3o da Gafisa<\/h2><\/a><div class=\"newsContent__article__meta\"><div class=\"newsContent__article__meta__authorBox\"><a href=\"https:\/\/www.suno.com.br\/noticias\/author\/carlo-cauti\/\" class=\"authorBox__avatar noMobi\"><img src=\"https:\/\/files.sunoresearch.com.br\/n\/uploads\/2020\/08\/e3745f9a-perfil-carlo-cauti-150x150.webp\" alt=\"Carlo Cauti\"><\/a><div class=\"authorBox__name\"><span>por\n\t\t\t<a href=\"https:\/\/www.suno.com.br\/noticias\/author\/carlo-cauti\/\"><span itemprop=\"author\">Carlo Cauti<\/span><\/a><\/span><time datetime=\"2019-09-21T17:02:04-03:00\" itemprop=\"datePublished\">21\/09\/2019 17:02<\/time><\/div><\/div><\/div><\/div><\/div>","single_layout":"posts","amp_enabled":true,"_links":{"self":[{"href":"https:\/\/www.suno.com.br\/noticias\/wp-json\/wp\/v2\/posts\/38431"}],"collection":[{"href":"https:\/\/www.suno.com.br\/noticias\/wp-json\/wp\/v2\/posts"}],"about":[{"href":"https:\/\/www.suno.com.br\/noticias\/wp-json\/wp\/v2\/types\/post"}],"author":[{"embeddable":true,"href":"https:\/\/www.suno.com.br\/noticias\/wp-json\/wp\/v2\/users\/9"}],"replies":[{"embeddable":true,"href":"https:\/\/www.suno.com.br\/noticias\/wp-json\/wp\/v2\/comments?post=38431"}],"version-history":[{"count":0,"href":"https:\/\/www.suno.com.br\/noticias\/wp-json\/wp\/v2\/posts\/38431\/revisions"}],"wp:featuredmedia":[{"embeddable":true,"href":"https:\/\/www.suno.com.br\/noticias\/wp-json\/wp\/v2\/media\/10363"}],"wp:attachment":[{"href":"https:\/\/www.suno.com.br\/noticias\/wp-json\/wp\/v2\/media?parent=38431"}],"wp:term":[{"taxonomy":"category","embeddable":true,"href":"https:\/\/www.suno.com.br\/noticias\/wp-json\/wp\/v2\/categories?post=38431"},{"taxonomy":"post_tag","embeddable":true,"href":"https:\/\/www.suno.com.br\/noticias\/wp-json\/wp\/v2\/tags?post=38431"},{"taxonomy":"suno_strategy","embeddable":true,"href":"https:\/\/www.suno.com.br\/noticias\/wp-json\/wp\/v2\/suno_strategy?post=38431"}],"curies":[{"name":"wp","href":"https:\/\/api.w.org\/{rel}","templated":true}]}}