{"id":38429,"date":"2019-09-21T16:41:07","date_gmt":"2019-09-21T19:41:07","guid":{"rendered":"https:\/\/www.suno.com.br\/noticias\/?p=38429"},"modified":"2019-09-21T16:41:07","modified_gmt":"2019-09-21T19:41:07","slug":"saudi-aramco-contrata-ubs-deutsche-ipo","status":"publish","type":"post","link":"https:\/\/www.suno.com.br\/noticias\/saudi-aramco-contrata-ubs-deutsche-ipo\/","title":{"rendered":"Saudi Aramco contrata UBS e Deutsche Bank para coordenar IPO"},"content":{"rendered":"<p>A estatal petrol\u00edfera da <strong>Arabia Saudita,<\/strong> Saudi Aramco, contratou os bancos UBS e Deutsche Bank para coordenar sua <a href=\"https:\/\/www.suno.com.br\/artigos\/vale-a-pena-investir-em-um-ipo-parte-1\/\"><strong>oferta p\u00fablica inicial de a\u00e7\u00f5es (IPO, na sigla em ingl\u00eas).<\/strong><\/a><\/p>\t<div class=\"wrapper-featured-image\">\n\t\t<figure class=\"spotlightImg\">\n\n\t\t\t<picture>\n\t\t\t\t<source media=\"(max-width: 768px)\" srcset=\"https:\/\/files.sunoresearch.com.br\/n\/uploads\/2019\/09\/4a93562d-rts11s6y-400x200.webp\">\n\t\t\t\t<img loading=\"lazy\" decoding=\"async\" class=\"newsContent__article__imgCapa lazyloadDisabled newsContent__article__imgCapa--noCaption\" src=\"https:\/\/files.sunoresearch.com.br\/n\/uploads\/2019\/09\/4a93562d-rts11s6y-800x450.webp\" width=\"800\" height=\"450\" alt=\"Saudi Aramco contrata UBS e Deutsche Bank para coordenar IPO\" fetchpriority=high \/>\n\t\t\t<\/picture>\n\n\t\t\t<figcaption class=\"wp-caption-text wp-caption-text--hide\">Saudi Aramco (Foto: divulga\u00e7\u00e3o)<\/figcaption>\n\t\t<\/figure>\n\t<\/div>\n\n\n\n<p>Segundo fontes pr\u00f3ximas da opera\u00e7\u00e3o, esse seria mais um sinal que mostraria como a abertura de capital da <strong>Saudi Aramco<\/strong> continua avan\u00e7ando. Um objetivo que a <strong>Ar\u00e1bia Saudita<\/strong> quer levar adiante mesmo ap\u00f3s os recentes ataques contra instala\u00e7\u00f5es de <a href=\"https:\/\/www.suno.com.br\/artigos\/cotacao-do-petroleo\/\"><strong>petr\u00f3leo<\/strong> <\/a>do pa\u00eds do <strong>Oriente M\u00e9dio.<\/strong><\/p>\n<p>A <strong>Saudi Aramco<\/strong> j\u00e1 tinha selecionado outros nove bancos para atuar como coordenadores globais do <strong>IPO<\/strong> nas \u00faltimas semanas.<\/p>\n\t<p>\n\t\t<a href=\"https:\/\/lp.suno.com.br\/ao\/sessao-estrategica-consultoria-c\/?utm_source=suno-noticias&#038;utm_medium=banner&#038;utm_campaing=dolar-cair-juros\" target=\"_blank\" data-element=\"shortcode-suno-banner\" title=\"Banner SUNO, clique e saiba mais\">\n\t\t\t<picture>\n\t\t\t\t<source media=\"(max-width: 500px)\" srcset=\"https:\/\/files.sunoresearch.com.br\/n\/uploads\/2025\/09\/300x400.webp\">\n\t\t\t\t<img class=\"newsContent__article__imgCapa newsContent__article__imgCapa--banner\"\n\t\t\t\t\tsrc=\"https:\/\/files.sunoresearch.com.br\/n\/uploads\/2025\/09\/SN-DT-1420x240-1.webp\"\n\t\t\t\t\tdata-promo-id=\"624946\"\t\t\t\t\t\t\t\t\t\twidth='1420' height='240'\t\t\t\t\talt=\"https:\/\/files.sunoresearch.com.br\/n\/uploads\/2025\/09\/SN-DT-1420x240-1.webp\"\n\t\t\t\t>\n\t\t\t<\/picture>\n\t\t<\/a>\n\t<\/p>\n\n\n<p>De acordo com as fontes, a <strong>Aramco<\/strong> ir\u00e1 contar com os seguintes bancos em seu <strong>IPO:<\/strong><\/p>\n<ul>\n<li>JPMorgan;<\/li>\n<li>Morgan Stanley;<\/li>\n<li>National Commercial Bank (Saudita);<\/li>\n<li>Bank of America Merril Lynch;<\/li>\n<li>Goldman Sachs;<\/li>\n<li>Credit Suisse;<\/li>\n<li>Citi;<\/li>\n<li>HSBC;<\/li>\n<li>Samba.<\/li>\n<\/ul>\n<p>Junto com o <strong>UBS<\/strong> e com o <strong>Deutsche Bank<\/strong> atuar\u00e3o na oferta tamb\u00e9m o <strong>Barclays<\/strong> e o <strong>BNP Paribas.<\/strong> Al\u00e9m deles, outros bancos deveriam ser nomeados como assessores secund\u00e1rios. Analistas de mercado estimam que essa possa ser a maior oferta inicial de a\u00e7\u00f5es da hist\u00f3ria.<\/p>\n<h2>Ataques contra a Saudi Aramco<\/h2>\n<p>No s\u00e1bado passado (14) as instala\u00e7\u00f5es petrol\u00edferas da <strong>Saudi Aramco<\/strong> de <strong>Abqaiq<\/strong> e <strong>Khurais<\/strong> foram atacadas. Drones e misseis atingiram oleodutos e a maior refinaria do mundo, provocando uma diminui\u00e7\u00e3o da produ\u00e7\u00e3o de cerca de 5,7 milh\u00f5es de barris por dia.<\/p>\n\t<p>\n\t\t<a href=\"https:\/\/lp.suno.com.br\/ebook-10-livros\/\" target=\"_blank\" data-element=\"shortcode-suno-banner\" title=\"Banner SUNO, clique e saiba mais\">\n\t\t\t<picture>\n\t\t\t\t<source media=\"(max-width: 500px)\" srcset=\"https:\/\/files.sunoresearch.com.br\/n\/uploads\/2023\/03\/400x300-10-livros.png\">\n\t\t\t\t<img class=\"newsContent__article__imgCapa newsContent__article__imgCapa--banner\"\n\t\t\t\t\tsrc=\"https:\/\/files.sunoresearch.com.br\/n\/uploads\/2023\/03\/1420x240-10-livros.png\"\n\t\t\t\t\tdata-promo-id=\"383159\"\t\t\t\t\t\t\t\t\t\twidth='1420' height='240'\t\t\t\t\talt=\"https:\/\/files.sunoresearch.com.br\/n\/uploads\/2023\/03\/1420x240-10-livros.png\"\n\t\t\t\t>\n\t\t\t<\/picture>\n\t\t<\/a>\n\t<\/p>\n\n\n<p>Esses ataques geraram d\u00favidas sobre o prazo e o potencial do IPO, atualmente avaliado em cerca de US$ 20 bilh\u00f5es (cerca de R$ 90 bilh\u00f5es).<\/p>\n<p>Por sua vez, a <strong>Saudi Aramco<\/strong> salientou que retomar\u00e1 at\u00e9 o final do m\u00eas a produ\u00e7\u00e3o de petr\u00f3leo nas instala\u00e7\u00f5es danificadas pelos ataques. Segundo o governo dos Estados Unidos, o respons\u00e1vel pelo bombardeio foi o governo do Ir\u00e3.<\/p>\n<p><a href=\"https:\/\/www.suno.com.br\/noticias\/ataques-podem-fazer-saudi-aramco-adiar-ipo\/\">Saiba mais: Ataques podem fazer Saudi Aramco adiar IPO<\/a><\/p>\n<p>Na pr\u00f3xima semana as lideran\u00e7as da <strong>Saudi Aramco<\/strong> dever\u00e3o ser reunir com analistas antes do <strong>IPO,<\/strong> previsto para ocorrer em novembro somente para investidores sauditas. A estatal petrol\u00edfera n\u00e3o quis comentar o assunto.<\/p>\n<h2>Venda de at\u00e9 5% da estatal petrol\u00edfera<\/h2>\n<p>A abertura de capital da <strong>Aramco<\/strong> deveria ser o primeiro passo para a venda de at\u00e9 5% da estatal petrol\u00edfera. Outro 1% do capital deveria ser vendido at\u00e9 o pr\u00f3ximo ano. Ambas as opera\u00e7\u00f5es deveriam ser limitadas a investidores sauditas.<\/p>\n<p><a href=\"https:\/\/www.suno.com.br\/noticias\/ipo-saudi-aramco-aposta-acao-cotacao\/\">Saiba mais: Plano de IPO da Saudi Aramco permanece, diz governo saudita<\/a><\/p>\n<p>Somente ap\u00f3s essas primeira venda que iniciar\u00e1 o <strong>IPO<\/strong> internacional da estatal petrol\u00edfera.<\/p>\n<p>No ano passado o projeto de venda das a\u00e7\u00f5es sofreu uma interrup\u00e7\u00e3o por causa do debate sobre valores, al\u00e9m de falta de acordo sobre onde listar os pap\u00e9is no exterior.<\/p>\n<p>Al\u00e9m disso, a opera\u00e7\u00e3o sofreu atrasos por causa do acordo para a compra de 70% do capital da fabricante de petroqu\u00edmicos Saudi Basic.<\/p>\n\t<p>\n\t\t<a href=\"https:\/\/www.suno.com.br\/asset\/fundos\/suno-acoes-xp-seg-prev\/\" target=\"_blank\" data-element=\"shortcode-suno-banner\" title=\"Banner SUNO, clique e saiba mais\">\n\t\t\t<picture>\n\t\t\t\t<source media=\"(max-width: 500px)\" srcset=\"https:\/\/files.sunoresearch.com.br\/n\/uploads\/2023\/10\/SUNOPREV-v2-400x300-Mobile-Artigos-3.png\">\n\t\t\t\t<img class=\"newsContent__article__imgCapa newsContent__article__imgCapa--banner\"\n\t\t\t\t\tsrc=\"https:\/\/files.sunoresearch.com.br\/n\/uploads\/2023\/10\/SUNOPREV-v2-1420x240-Banner-Artigos-1-_-Banner-Materias-1.png\"\n\t\t\t\t\tdata-promo-id=\"476311\"\t\t\t\t\t\t\t\t\t\twidth='1420' height='240'\t\t\t\t\talt=\"https:\/\/files.sunoresearch.com.br\/n\/uploads\/2023\/10\/SUNOPREV-v2-1420x240-Banner-Artigos-1-_-Banner-Materias-1.png\"\n\t\t\t\t>\n\t\t\t<\/picture>\n\t\t<\/a>\n\t<\/p>\n\n\n<p>Em \u00faltimo, h\u00e1 diverg\u00eancia sobre o real valor da empresa. Os sauditas consideram que o valor de mercado da empresa seja de cerca de US$ 2 trilh\u00f5es. Entretanto, analistas avaliam a <strong>Saudi Aramco<\/strong> em cerca de US$ 1,5 trilh\u00e3o.<\/p>\n","protected":false},"excerpt":{"rendered":"<p>A estatal petrol\u00edfera da Arabia Saudita, Saudi Aramco, contratou os bancos UBS e Deutsche Bank para coordenar sua oferta p\u00fablica inicial de a\u00e7\u00f5es (IPO, na sigla em ingl\u00eas). Saudi Aramco (Foto: divulga\u00e7\u00e3o) Segundo fontes pr\u00f3ximas da opera\u00e7\u00e3o, esse seria mais um sinal que mostraria como a abertura de capital da Saudi Aramco continua avan\u00e7ando. Um [&hellip;]<\/p>\n","protected":false},"author":9,"featured_media":37193,"comment_status":"closed","ping_status":"closed","sticky":false,"template":"","format":"standard","meta":[],"categories":[64],"tags":[960,766,1981],"suno_strategy":[],"class_list":["post-38429","post","type-post","status-publish","format-standard","has-post-thumbnail","hentry","category-negocios","tag-arabia-saudita","tag-petroleo","tag-saudi-aramco"],"yoast_head":"<!-- This site is optimized with the Yoast SEO plugin v24.4 - https:\/\/yoast.com\/wordpress\/plugins\/seo\/ -->\n<title>Saudi Aramco contrata UBS e Deutsche Bank para coordenar IPO<\/title>\n<meta name=\"description\" content=\"A Saudi Aramco, contratou os bancos UBS e Deutsche Bank para coordenar sua oferta p\u00fablica inicial de a\u00e7\u00f5es. Clique aqui e saiba mais.\" \/>\n<meta name=\"robots\" content=\"index, follow, max-snippet:-1, max-image-preview:large, max-video-preview:-1\" \/>\n<link rel=\"canonical\" href=\"https:\/\/www.suno.com.br\/noticias\/saudi-aramco-contrata-ubs-deutsche-ipo\/\" \/>\n<meta property=\"og:locale\" content=\"pt_BR\" \/>\n<meta property=\"og:type\" content=\"article\" \/>\n<meta property=\"og:title\" content=\"Saudi Aramco contrata UBS e Deutsche Bank para coordenar IPO\" \/>\n<meta property=\"og:description\" content=\"A Saudi Aramco, contratou os bancos UBS e Deutsche Bank para coordenar sua oferta p\u00fablica inicial de a\u00e7\u00f5es. Clique aqui e saiba mais.\" \/>\n<meta property=\"og:url\" content=\"https:\/\/www.suno.com.br\/noticias\/saudi-aramco-contrata-ubs-deutsche-ipo\/\" \/>\n<meta property=\"og:site_name\" content=\"Suno Not\u00edcias\" \/>\n<meta property=\"article:publisher\" content=\"https:\/\/facebook.com\/sunoresearch\" \/>\n<meta property=\"og:image\" content=\"https:\/\/files.sunoresearch.com.br\/n\/uploads\/2019\/09\/4a93562d-rts11s6y.jpg\" \/>\n\t<meta property=\"og:image:width\" content=\"2500\" \/>\n\t<meta property=\"og:image:height\" content=\"1305\" \/>\n\t<meta property=\"og:image:type\" content=\"image\/jpeg\" \/>\n<meta name=\"author\" content=\"Carlo Cauti\" \/>\n<meta name=\"twitter:card\" content=\"summary_large_image\" \/>\n<meta name=\"twitter:creator\" content=\"@sunoresearch\" \/>\n<meta name=\"twitter:site\" content=\"@sunoresearch\" \/>\n<meta name=\"twitter:label1\" content=\"Escrito por\" \/>\n\t<meta name=\"twitter:data1\" content=\"Carlo Cauti\" \/>\n\t<meta name=\"twitter:label2\" content=\"Est. tempo de leitura\" \/>\n\t<meta name=\"twitter:data2\" content=\"3 minutos\" \/>\n<script type=\"application\/ld+json\" class=\"yoast-schema-graph\">{\"@context\":\"https:\/\/schema.org\",\"@graph\":[{\"@type\":\"NewsArticle\",\"@id\":\"https:\/\/www.suno.com.br\/noticias\/saudi-aramco-contrata-ubs-deutsche-ipo\/#article\",\"isPartOf\":{\"@id\":\"https:\/\/www.suno.com.br\/noticias\/saudi-aramco-contrata-ubs-deutsche-ipo\/\"},\"author\":{\"name\":\"Carlo Cauti\",\"@id\":\"https:\/\/www.suno.com.br\/noticias\/#\/schema\/person\/e6e0f723cc177805027f4566c1d5e0c8\"},\"headline\":\"Saudi Aramco contrata UBS e Deutsche Bank para coordenar IPO\",\"datePublished\":\"2019-09-21T19:41:07+00:00\",\"mainEntityOfPage\":{\"@id\":\"https:\/\/www.suno.com.br\/noticias\/saudi-aramco-contrata-ubs-deutsche-ipo\/\"},\"wordCount\":552,\"publisher\":{\"@id\":\"https:\/\/www.suno.com.br\/noticias\/#organization\"},\"image\":{\"@id\":\"https:\/\/www.suno.com.br\/noticias\/saudi-aramco-contrata-ubs-deutsche-ipo\/#primaryimage\"},\"thumbnailUrl\":\"https:\/\/files.sunoresearch.com.br\/n\/uploads\/2019\/09\/4a93562d-rts11s6y-jpg.webp\",\"keywords\":[\"Ar\u00e1bia Saudita\",\"Petr\u00f3leo\",\"Saudi Aramco\"],\"articleSection\":[\"Neg\u00f3cios\"],\"inLanguage\":\"pt-BR\"},{\"@type\":\"WebPage\",\"@id\":\"https:\/\/www.suno.com.br\/noticias\/saudi-aramco-contrata-ubs-deutsche-ipo\/\",\"url\":\"https:\/\/www.suno.com.br\/noticias\/saudi-aramco-contrata-ubs-deutsche-ipo\/\",\"name\":\"Saudi Aramco contrata UBS e Deutsche Bank para coordenar IPO\",\"isPartOf\":{\"@id\":\"https:\/\/www.suno.com.br\/noticias\/#website\"},\"primaryImageOfPage\":{\"@id\":\"https:\/\/www.suno.com.br\/noticias\/saudi-aramco-contrata-ubs-deutsche-ipo\/#primaryimage\"},\"image\":{\"@id\":\"https:\/\/www.suno.com.br\/noticias\/saudi-aramco-contrata-ubs-deutsche-ipo\/#primaryimage\"},\"thumbnailUrl\":\"https:\/\/files.sunoresearch.com.br\/n\/uploads\/2019\/09\/4a93562d-rts11s6y-jpg.webp\",\"datePublished\":\"2019-09-21T19:41:07+00:00\",\"description\":\"A Saudi Aramco, contratou os bancos UBS e Deutsche Bank para coordenar sua oferta p\u00fablica inicial de a\u00e7\u00f5es. Clique aqui e saiba mais.\",\"breadcrumb\":{\"@id\":\"https:\/\/www.suno.com.br\/noticias\/saudi-aramco-contrata-ubs-deutsche-ipo\/#breadcrumb\"},\"inLanguage\":\"pt-BR\",\"potentialAction\":[{\"@type\":\"ReadAction\",\"target\":[\"https:\/\/www.suno.com.br\/noticias\/saudi-aramco-contrata-ubs-deutsche-ipo\/\"]}]},{\"@type\":\"ImageObject\",\"inLanguage\":\"pt-BR\",\"@id\":\"https:\/\/www.suno.com.br\/noticias\/saudi-aramco-contrata-ubs-deutsche-ipo\/#primaryimage\",\"url\":\"https:\/\/files.sunoresearch.com.br\/n\/uploads\/2019\/09\/4a93562d-rts11s6y-jpg.webp\",\"contentUrl\":\"https:\/\/files.sunoresearch.com.br\/n\/uploads\/2019\/09\/4a93562d-rts11s6y-jpg.webp\",\"width\":2500,\"height\":1305,\"caption\":\"Saudi Aramco (Foto: divulga\u00e7\u00e3o)\"},{\"@type\":\"BreadcrumbList\",\"@id\":\"https:\/\/www.suno.com.br\/noticias\/saudi-aramco-contrata-ubs-deutsche-ipo\/#breadcrumb\",\"itemListElement\":[{\"@type\":\"ListItem\",\"position\":1,\"name\":\"Not\u00edcias\",\"item\":\"https:\/\/www.suno.com.br\/noticias\/\"},{\"@type\":\"ListItem\",\"position\":2,\"name\":\"Neg\u00f3cios\",\"item\":\"https:\/\/www.suno.com.br\/noticias\/negocios\/\"},{\"@type\":\"ListItem\",\"position\":3,\"name\":\"Saudi Aramco contrata UBS e Deutsche Bank para coordenar IPO\"}]},{\"@type\":\"WebSite\",\"@id\":\"https:\/\/www.suno.com.br\/noticias\/#website\",\"url\":\"https:\/\/www.suno.com.br\/noticias\/\",\"name\":\"Suno Not\u00edcias\",\"description\":\"Seu portal de informa\u00e7\u00e3o sobre o mundo dos investimentos\",\"publisher\":{\"@id\":\"https:\/\/www.suno.com.br\/noticias\/#organization\"},\"potentialAction\":[{\"@type\":\"SearchAction\",\"target\":{\"@type\":\"EntryPoint\",\"urlTemplate\":\"https:\/\/www.suno.com.br\/noticias\/?s={search_term_string}\"},\"query-input\":{\"@type\":\"PropertyValueSpecification\",\"valueRequired\":true,\"valueName\":\"search_term_string\"}}],\"inLanguage\":\"pt-BR\"},{\"@type\":\"Organization\",\"@id\":\"https:\/\/www.suno.com.br\/noticias\/#organization\",\"name\":\"Suno Not\u00edcias\",\"url\":\"https:\/\/www.suno.com.br\/noticias\/\",\"logo\":{\"@type\":\"ImageObject\",\"inLanguage\":\"pt-BR\",\"@id\":\"https:\/\/www.suno.com.br\/noticias\/#\/schema\/logo\/image\/\",\"url\":\"https:\/\/files.sunoresearch.com.br\/n\/uploads\/2021\/09\/suno-logo.png\",\"contentUrl\":\"https:\/\/files.sunoresearch.com.br\/n\/uploads\/2021\/09\/suno-logo.png\",\"width\":180,\"height\":180,\"caption\":\"Suno Not\u00edcias\"},\"image\":{\"@id\":\"https:\/\/www.suno.com.br\/noticias\/#\/schema\/logo\/image\/\"},\"sameAs\":[\"https:\/\/facebook.com\/sunoresearch\",\"https:\/\/x.com\/sunoresearch\",\"https:\/\/www.instagram.com\/suno\",\"https:\/\/www.linkedin.com\/company\/suno-research\/\",\"https:\/\/www.youtube.com\/c\/sunoresearch\"]},{\"@type\":\"Person\",\"@id\":\"https:\/\/www.suno.com.br\/noticias\/#\/schema\/person\/e6e0f723cc177805027f4566c1d5e0c8\",\"name\":\"Carlo Cauti\",\"image\":{\"@type\":\"ImageObject\",\"inLanguage\":\"pt-BR\",\"@id\":\"https:\/\/www.suno.com.br\/noticias\/#\/schema\/person\/image\/\",\"url\":\"https:\/\/secure.gravatar.com\/avatar\/3ada9e0bd164c23abd4792a9606d583c?s=96&r=g\",\"contentUrl\":\"https:\/\/secure.gravatar.com\/avatar\/3ada9e0bd164c23abd4792a9606d583c?s=96&r=g\",\"caption\":\"Carlo Cauti\"},\"description\":\"Editor multim\u00eddia do SUNO Not\u00edcias. Italiano, formado em Ci\u00eancias Pol\u00edticas pela universidade LUISS G. Carli de Roma e mestre cum laude em Rela\u00e7\u00f5es Internacionais, Jornalismo Internacional e de Guerra e em Economia Internacional. Concluiu tamb\u00e9m um MBA em Finan\u00e7as na B3. No Brasil, teve passagem por ve\u00edculos como Estad\u00e3o, Globo, Veja e EXAME. e nas ag\u00eancias de not\u00edcias italianas ANSA e NOVA.\",\"url\":\"https:\/\/www.suno.com.br\/noticias\/author\/carlo-cauti\/\"}]}<\/script>\n<!-- \/ Yoast SEO plugin. -->","yoast_head_json":{"title":"Saudi Aramco contrata UBS e Deutsche Bank para coordenar IPO","description":"A Saudi Aramco, contratou os bancos UBS e Deutsche Bank para coordenar sua oferta p\u00fablica inicial de a\u00e7\u00f5es. Clique aqui e saiba mais.","robots":{"index":"index","follow":"follow","max-snippet":"max-snippet:-1","max-image-preview":"max-image-preview:large","max-video-preview":"max-video-preview:-1"},"canonical":"https:\/\/www.suno.com.br\/noticias\/saudi-aramco-contrata-ubs-deutsche-ipo\/","og_locale":"pt_BR","og_type":"article","og_title":"Saudi Aramco contrata UBS e Deutsche Bank para coordenar IPO","og_description":"A Saudi Aramco, contratou os bancos UBS e Deutsche Bank para coordenar sua oferta p\u00fablica inicial de a\u00e7\u00f5es. Clique aqui e saiba mais.","og_url":"https:\/\/www.suno.com.br\/noticias\/saudi-aramco-contrata-ubs-deutsche-ipo\/","og_site_name":"Suno Not\u00edcias","article_publisher":"https:\/\/facebook.com\/sunoresearch","og_image":[{"width":2500,"height":1305,"url":"https:\/\/files.sunoresearch.com.br\/n\/uploads\/2019\/09\/4a93562d-rts11s6y.jpg","type":"image\/jpeg"}],"author":"Carlo Cauti","twitter_card":"summary_large_image","twitter_creator":"@sunoresearch","twitter_site":"@sunoresearch","twitter_misc":{"Escrito por":"Carlo Cauti","Est. tempo de leitura":"3 minutos"},"schema":{"@context":"https:\/\/schema.org","@graph":[{"@type":"NewsArticle","@id":"https:\/\/www.suno.com.br\/noticias\/saudi-aramco-contrata-ubs-deutsche-ipo\/#article","isPartOf":{"@id":"https:\/\/www.suno.com.br\/noticias\/saudi-aramco-contrata-ubs-deutsche-ipo\/"},"author":{"name":"Carlo Cauti","@id":"https:\/\/www.suno.com.br\/noticias\/#\/schema\/person\/e6e0f723cc177805027f4566c1d5e0c8"},"headline":"Saudi Aramco contrata UBS e Deutsche Bank para coordenar IPO","datePublished":"2019-09-21T19:41:07+00:00","mainEntityOfPage":{"@id":"https:\/\/www.suno.com.br\/noticias\/saudi-aramco-contrata-ubs-deutsche-ipo\/"},"wordCount":552,"publisher":{"@id":"https:\/\/www.suno.com.br\/noticias\/#organization"},"image":{"@id":"https:\/\/www.suno.com.br\/noticias\/saudi-aramco-contrata-ubs-deutsche-ipo\/#primaryimage"},"thumbnailUrl":"https:\/\/files.sunoresearch.com.br\/n\/uploads\/2019\/09\/4a93562d-rts11s6y-jpg.webp","keywords":["Ar\u00e1bia Saudita","Petr\u00f3leo","Saudi Aramco"],"articleSection":["Neg\u00f3cios"],"inLanguage":"pt-BR"},{"@type":"WebPage","@id":"https:\/\/www.suno.com.br\/noticias\/saudi-aramco-contrata-ubs-deutsche-ipo\/","url":"https:\/\/www.suno.com.br\/noticias\/saudi-aramco-contrata-ubs-deutsche-ipo\/","name":"Saudi Aramco contrata UBS e Deutsche Bank para coordenar IPO","isPartOf":{"@id":"https:\/\/www.suno.com.br\/noticias\/#website"},"primaryImageOfPage":{"@id":"https:\/\/www.suno.com.br\/noticias\/saudi-aramco-contrata-ubs-deutsche-ipo\/#primaryimage"},"image":{"@id":"https:\/\/www.suno.com.br\/noticias\/saudi-aramco-contrata-ubs-deutsche-ipo\/#primaryimage"},"thumbnailUrl":"https:\/\/files.sunoresearch.com.br\/n\/uploads\/2019\/09\/4a93562d-rts11s6y-jpg.webp","datePublished":"2019-09-21T19:41:07+00:00","description":"A Saudi Aramco, contratou os bancos UBS e Deutsche Bank para coordenar sua oferta p\u00fablica inicial de a\u00e7\u00f5es. Clique aqui e saiba mais.","breadcrumb":{"@id":"https:\/\/www.suno.com.br\/noticias\/saudi-aramco-contrata-ubs-deutsche-ipo\/#breadcrumb"},"inLanguage":"pt-BR","potentialAction":[{"@type":"ReadAction","target":["https:\/\/www.suno.com.br\/noticias\/saudi-aramco-contrata-ubs-deutsche-ipo\/"]}]},{"@type":"ImageObject","inLanguage":"pt-BR","@id":"https:\/\/www.suno.com.br\/noticias\/saudi-aramco-contrata-ubs-deutsche-ipo\/#primaryimage","url":"https:\/\/files.sunoresearch.com.br\/n\/uploads\/2019\/09\/4a93562d-rts11s6y-jpg.webp","contentUrl":"https:\/\/files.sunoresearch.com.br\/n\/uploads\/2019\/09\/4a93562d-rts11s6y-jpg.webp","width":2500,"height":1305,"caption":"Saudi Aramco (Foto: divulga\u00e7\u00e3o)"},{"@type":"BreadcrumbList","@id":"https:\/\/www.suno.com.br\/noticias\/saudi-aramco-contrata-ubs-deutsche-ipo\/#breadcrumb","itemListElement":[{"@type":"ListItem","position":1,"name":"Not\u00edcias","item":"https:\/\/www.suno.com.br\/noticias\/"},{"@type":"ListItem","position":2,"name":"Neg\u00f3cios","item":"https:\/\/www.suno.com.br\/noticias\/negocios\/"},{"@type":"ListItem","position":3,"name":"Saudi Aramco contrata UBS e Deutsche Bank para coordenar IPO"}]},{"@type":"WebSite","@id":"https:\/\/www.suno.com.br\/noticias\/#website","url":"https:\/\/www.suno.com.br\/noticias\/","name":"Suno Not\u00edcias","description":"Seu portal de informa\u00e7\u00e3o sobre o mundo dos investimentos","publisher":{"@id":"https:\/\/www.suno.com.br\/noticias\/#organization"},"potentialAction":[{"@type":"SearchAction","target":{"@type":"EntryPoint","urlTemplate":"https:\/\/www.suno.com.br\/noticias\/?s={search_term_string}"},"query-input":{"@type":"PropertyValueSpecification","valueRequired":true,"valueName":"search_term_string"}}],"inLanguage":"pt-BR"},{"@type":"Organization","@id":"https:\/\/www.suno.com.br\/noticias\/#organization","name":"Suno Not\u00edcias","url":"https:\/\/www.suno.com.br\/noticias\/","logo":{"@type":"ImageObject","inLanguage":"pt-BR","@id":"https:\/\/www.suno.com.br\/noticias\/#\/schema\/logo\/image\/","url":"https:\/\/files.sunoresearch.com.br\/n\/uploads\/2021\/09\/suno-logo.png","contentUrl":"https:\/\/files.sunoresearch.com.br\/n\/uploads\/2021\/09\/suno-logo.png","width":180,"height":180,"caption":"Suno Not\u00edcias"},"image":{"@id":"https:\/\/www.suno.com.br\/noticias\/#\/schema\/logo\/image\/"},"sameAs":["https:\/\/facebook.com\/sunoresearch","https:\/\/x.com\/sunoresearch","https:\/\/www.instagram.com\/suno","https:\/\/www.linkedin.com\/company\/suno-research\/","https:\/\/www.youtube.com\/c\/sunoresearch"]},{"@type":"Person","@id":"https:\/\/www.suno.com.br\/noticias\/#\/schema\/person\/e6e0f723cc177805027f4566c1d5e0c8","name":"Carlo Cauti","image":{"@type":"ImageObject","inLanguage":"pt-BR","@id":"https:\/\/www.suno.com.br\/noticias\/#\/schema\/person\/image\/","url":"https:\/\/secure.gravatar.com\/avatar\/3ada9e0bd164c23abd4792a9606d583c?s=96&r=g","contentUrl":"https:\/\/secure.gravatar.com\/avatar\/3ada9e0bd164c23abd4792a9606d583c?s=96&r=g","caption":"Carlo Cauti"},"description":"Editor multim\u00eddia do SUNO Not\u00edcias. Italiano, formado em Ci\u00eancias Pol\u00edticas pela universidade LUISS G. Carli de Roma e mestre cum laude em Rela\u00e7\u00f5es Internacionais, Jornalismo Internacional e de Guerra e em Economia Internacional. Concluiu tamb\u00e9m um MBA em Finan\u00e7as na B3. No Brasil, teve passagem por ve\u00edculos como Estad\u00e3o, Globo, Veja e EXAME. e nas ag\u00eancias de not\u00edcias italianas ANSA e NOVA.","url":"https:\/\/www.suno.com.br\/noticias\/author\/carlo-cauti\/"}]}},"default_loop_html":"<div class=\"cardsPage__listCard__boxs\"><div class=\"cardsPage__listCard__boxs__img\"><a href=\"https:\/\/www.suno.com.br\/noticias\/saudi-aramco-contrata-ubs-deutsche-ipo\/\"><img class=\"mask\" src=\"https:\/\/www.suno.com.br\/noticias\/wp-content\/themes\/suno\/resources\/images\/spotlight\/spotlight1img\/bg-mask.png\" alt=\"Image Mask\"\/><img src=\"https:\/\/files.sunoresearch.com.br\/n\/uploads\/2019\/09\/4a93562d-rts11s6y-400x200.webp\" alt=\"Saudi Aramco contrata UBS e Deutsche Bank para coordenar IPO\"\/><\/a><span class=\"spotlightCategory\"><a href=\"https:\/\/www.suno.com.br\/noticias\/negocios\/\">Neg\u00f3cios<\/a><\/span><\/div><div class=\"cardsPage__listCard__boxs__content\"><a href=\"https:\/\/www.suno.com.br\/noticias\/saudi-aramco-contrata-ubs-deutsche-ipo\/\"><h2 class=\"content__title\">Saudi Aramco contrata UBS e Deutsche Bank para coordenar IPO<\/h2><\/a><div class=\"newsContent__article__meta\"><div class=\"newsContent__article__meta__authorBox\"><a href=\"https:\/\/www.suno.com.br\/noticias\/author\/carlo-cauti\/\" class=\"authorBox__avatar noMobi\"><img src=\"https:\/\/files.sunoresearch.com.br\/n\/uploads\/2020\/08\/e3745f9a-perfil-carlo-cauti-150x150.webp\" alt=\"Carlo Cauti\"><\/a><div class=\"authorBox__name\"><span>por\n\t\t\t<a href=\"https:\/\/www.suno.com.br\/noticias\/author\/carlo-cauti\/\"><span itemprop=\"author\">Carlo Cauti<\/span><\/a><\/span><time datetime=\"2019-09-21T16:41:07-03:00\" itemprop=\"datePublished\">21\/09\/2019 16:41<\/time><\/div><\/div><\/div><\/div><\/div>","single_layout":"posts","amp_enabled":true,"_links":{"self":[{"href":"https:\/\/www.suno.com.br\/noticias\/wp-json\/wp\/v2\/posts\/38429"}],"collection":[{"href":"https:\/\/www.suno.com.br\/noticias\/wp-json\/wp\/v2\/posts"}],"about":[{"href":"https:\/\/www.suno.com.br\/noticias\/wp-json\/wp\/v2\/types\/post"}],"author":[{"embeddable":true,"href":"https:\/\/www.suno.com.br\/noticias\/wp-json\/wp\/v2\/users\/9"}],"replies":[{"embeddable":true,"href":"https:\/\/www.suno.com.br\/noticias\/wp-json\/wp\/v2\/comments?post=38429"}],"version-history":[{"count":0,"href":"https:\/\/www.suno.com.br\/noticias\/wp-json\/wp\/v2\/posts\/38429\/revisions"}],"wp:featuredmedia":[{"embeddable":true,"href":"https:\/\/www.suno.com.br\/noticias\/wp-json\/wp\/v2\/media\/37193"}],"wp:attachment":[{"href":"https:\/\/www.suno.com.br\/noticias\/wp-json\/wp\/v2\/media?parent=38429"}],"wp:term":[{"taxonomy":"category","embeddable":true,"href":"https:\/\/www.suno.com.br\/noticias\/wp-json\/wp\/v2\/categories?post=38429"},{"taxonomy":"post_tag","embeddable":true,"href":"https:\/\/www.suno.com.br\/noticias\/wp-json\/wp\/v2\/tags?post=38429"},{"taxonomy":"suno_strategy","embeddable":true,"href":"https:\/\/www.suno.com.br\/noticias\/wp-json\/wp\/v2\/suno_strategy?post=38429"}],"curies":[{"name":"wp","href":"https:\/\/api.w.org\/{rel}","templated":true}]}}