{"id":38416,"date":"2019-09-21T11:40:22","date_gmt":"2019-09-21T14:40:22","guid":{"rendered":"https:\/\/www.suno.com.br\/noticias\/?p=38416"},"modified":"2021-06-21T05:42:48","modified_gmt":"2021-06-21T08:42:48","slug":"multinacionais-acordos-dupla-tributacao","status":"publish","type":"post","link":"https:\/\/www.suno.com.br\/noticias\/multinacionais-acordos-dupla-tributacao\/","title":{"rendered":"Multinacionais querem acordos contra dupla tributa\u00e7\u00e3o, mostra pesquisa"},"content":{"rendered":"<p>A maioria dos investidores internacionais que operam no Brasil salientaram a necessidade de realizar <a href=\"https:\/\/www.suno.com.br\/artigos\/bitributacao\/\">acordos contra a dupla tributa\u00e7\u00e3o<strong> (ADT)<\/strong><\/a> no Pa\u00eds. Esse \u00e9 o resultado indicado por uma pesquisa realizada pela<strong> Confedera\u00e7\u00e3o Nacional da Ind\u00fastria (CNI)<\/strong> e pela <strong>C\u00e2mara Americana de Com\u00e9rcio (Amcham).\u00a0<\/strong><\/p>\t<div class=\"wrapper-featured-image\">\n\t\t<figure class=\"spotlightImg\">\n\n\t\t\t<picture>\n\t\t\t\t<source media=\"(max-width: 768px)\" srcset=\"https:\/\/files.sunoresearch.com.br\/n\/uploads\/2018\/12\/2017fef5-estados-unidos-400x200.webp\">\n\t\t\t\t<img loading=\"lazy\" decoding=\"async\" class=\"newsContent__article__imgCapa lazyloadDisabled newsContent__article__imgCapa--noCaption\" src=\"https:\/\/files.sunoresearch.com.br\/n\/uploads\/2018\/12\/2017fef5-estados-unidos-jpg.webp\" width=\"800\" height=\"450\" alt=\"Multinacionais querem acordos contra dupla tributa\u00e7\u00e3o, mostra pesquisa\" fetchpriority=high \/>\n\t\t\t<\/picture>\n\n\t\t\t<figcaption class=\"wp-caption-text wp-caption-text--hide\">Multinacionais querem acordos contra dupla tributa\u00e7\u00e3o, mostra pesquisa<\/figcaption>\n\t\t<\/figure>\n\t<\/div>\n\n\n\n<p>Segundo a pesquisa, 63% das multinacionais dos Estados Unidos,<br \/>\nAlemanha e Reino Unido que atuam no Brasil acreditam que a assinatura de <strong>acordos contra a dupla tributa\u00e7\u00e3o<\/strong> ajudaria a aumentar com\u00e9rcio e <a href=\"https:\/\/www.suno.com.br\/artigos\/investimento-estrangeiro-direto-ied\/\">investimentos<\/a> no Pa\u00eds.<\/p>\n<h2>33 acordos contra dupla tributa\u00e7\u00e3o<\/h2>\n<p>A <a href=\"https:\/\/www.suno.com.br\/noticias\/tags\/cni\/\"><strong>CNI<\/strong> <\/a>e a <strong>Amcham<\/strong> conversaram com as 55 maiores multinacionais que t\u00eam <strong>investimentos<\/strong> produtivos no Brasil. O Pa\u00eds tem atualmente ADTs\u00a0com 33 pa\u00edses. Outros quatro est\u00e3o em processo de ratifica\u00e7\u00e3o.<\/p>\n\t<p>\n\t\t<a href=\"https:\/\/lp.suno.com.br\/ao\/cadastro-whatsapp\/\" target=\"_blank\" data-element=\"shortcode-suno-banner\" title=\"Banner SUNO, clique e saiba mais\">\n\t\t\t<picture>\n\t\t\t\t<source media=\"(max-width: 500px)\" srcset=\"https:\/\/files.sunoresearch.com.br\/n\/uploads\/2024\/02\/400x300-Mobile-Artigos-7.png\">\n\t\t\t\t<img class=\"newsContent__article__imgCapa newsContent__article__imgCapa--banner\"\n\t\t\t\t\tsrc=\"https:\/\/files.sunoresearch.com.br\/n\/uploads\/2024\/01\/1420x240-Banner-Artigos-1-_-Banner-Materias-8.png\"\n\t\t\t\t\tdata-promo-id=\"517344\"\t\t\t\t\t\t\t\t\t\twidth='1420' height='240'\t\t\t\t\talt=\"https:\/\/files.sunoresearch.com.br\/n\/uploads\/2024\/01\/1420x240-Banner-Artigos-1-_-Banner-Materias-8.png\"\n\t\t\t\t>\n\t\t\t<\/picture>\n\t\t<\/a>\n\t<\/p>\n\n\n<p>Entretanto, n\u00e3o h\u00e1 <strong>ADTs<\/strong> com Alemanha, Reino Unido ou Estados Unidos. Esses tr\u00eas pa\u00edses s\u00e3o origem ou destino de importantes fluxos de investimentos diretos estrangeiros.<\/p>\n<p>No total, mais de US$ 250 bilh\u00f5es (mais de R$ 1,1 bilh\u00e3o) de <strong>investimentos<\/strong> no Brasil t\u00eam como origem apenas esses tr\u00eas pa\u00edses.<\/p>\n<h2>Acordos reduzem custos para investidores estrangeiros<\/h2>\n<p>Para a CNI, os acordos contra a dupla tributa\u00e7\u00e3o reduzem os custos para os investimentos estrangeiros no Brasil. A redu\u00e7\u00e3o do Imposto de Renda sobre rendimentos importantes, como por exemplo envio de dividendos, com\u00e9rcio de servi\u00e7os, financiamento e royalties, facilitaria a entrada de capitais no Pa\u00eds.<\/p>\n<p><a href=\"https:\/\/www.suno.com.br\/noticias\/bndes-espera-r-11-tri-em-investimentos-no-brasil-ate-2021\/\">Saiba mais: BNDES espera R$ 1,1 tri em investimentos no Brasil at\u00e9 2021<\/a><\/p>\n<p>A pesquisa da <strong>CNI-Amcham<\/strong> mostra que 86% dos investidores consideram que, caso esses acordos sejam conclu\u00eddos, poderiam aumentar o com\u00e9rcio com o Brasil.<\/p>\n<p>Al\u00e9m disso, 54% das empresas consultadas afirmaram que, caso o Brasil assine um acordo contra dupla <strong>tributa\u00e7\u00e3o<\/strong> com esses tr\u00eas pa\u00edses, poderia aumentar a aquisi\u00e7\u00e3o de tecnologia por parte do Pa\u00eds.<\/p>\n<p>&#8220;O resultado do levantamento \u00e9 bem claro. As empresas afirmam que a celebra\u00e7\u00e3o desse acordo aumentaria seus investimentos no Brasil. Assinar <b>acordos de dupla tributa\u00e7\u00e3o <\/b>com <strong>EUA,<\/strong> Alemanha e Reino Unido seria uma grande contribui\u00e7\u00e3o para melhorar o ambiente de neg\u00f3cios no pa\u00eds e atrair mais investimentos num momento em que o <strong>Brasil<\/strong> mais necessita&#8221;, informou o diretor de Desenvolvimento Industrial da <strong>CNI,<\/strong> Carlos Eduardo Abijaodi.<\/p>\n<h2>BNDES espera R$ 1,1 tri em investimentos<\/h2>\n<p>O <a href=\"https:\/\/www.suno.com.br\/noticias\/tags\/bndes\/\"><strong>Banco Nacional de Desenvolvimento Econ\u00f4mico e Social (BNDES)<\/strong><\/a> tem uma previs\u00e3o de R$ 1,1 trilh\u00f5es em investimentos estrangeiros no <strong>Brasil<\/strong> at\u00e9 2021. O montante \u00e9 esperado no quadri\u00eanio 2019-2022, um aumento de 6,8% em rela\u00e7\u00e3o \u00e0 expectativa anterior v\u00e1lida para o per\u00edodo entre 2018 e 2021.<\/p>\n<p>Os n\u00fameros do <strong>BNDES<\/strong> levam em considera\u00e7\u00e3o investimentos apoiados e n\u00e3o apoiados pelo banco de fomento. O estudo envolve 19 setores, sendo 11 da ind\u00fastria e oito da infraestrutura. Em termos reais, os investimentos no per\u00edodo devem ser elevados em 2,7%, segundo o banco.<\/p>\n<p>O investimento \u00e9 alavancado principalmente pelo segmento de <strong>petr\u00f3leo e g\u00e1s<\/strong>, puxado pela recupera\u00e7\u00e3o do pre\u00e7o do petr\u00f3leo e tamb\u00e9m pelos leil\u00f5es de concess\u00e3o ou de partilha de blocos explorat\u00f3rios entre 2017 e 2018.<\/p>\n<p><a href=\"https:\/\/www.suno.com.br\/noticias\/ministerio-economia-estima-alta-0847-pib-2019\/\">Veja tamb\u00e9m: Minist\u00e9rio da Economia estima alta de 0,847% no PIB em 2019<\/a><\/p>\n<p>Na no segmento da infraestrutura, a estimativa \u00e9 de previs\u00e3o \u00e9 de um investimento m\u00e9dio anual pr\u00f3ximo do aguardado anteriormente (para 2018-2021)<\/p>\n<p>&#8220;Os segmentos de log\u00edstica e saneamento devem mostrar melhor desempenho dos investimentos nas \u00e1reas mais carentes de desenvolvimento, sobretudo a partir de 2020&#8221;, afirma o <strong>BNDES<\/strong>.<\/p>\n\t<p>\n\t\t<a href=\"https:\/\/lp.suno.com.br\/ebook-investindo-em-fiis\/\" target=\"_blank\" data-element=\"shortcode-suno-banner\" title=\"Banner SUNO, clique e saiba mais\">\n\t\t\t<picture>\n\t\t\t\t<source media=\"(max-width: 500px)\" srcset=\"https:\/\/files.sunoresearch.com.br\/n\/uploads\/2023\/03\/Ebook-Fundos-Imobiliarios-Mobile-1.jpg\">\n\t\t\t\t<img class=\"newsContent__article__imgCapa newsContent__article__imgCapa--banner\"\n\t\t\t\t\tsrc=\"https:\/\/files.sunoresearch.com.br\/n\/uploads\/2023\/03\/Ebook-Fundos-Imobiliarios-Desktop-1.jpg\"\n\t\t\t\t\tdata-promo-id=\"313843\"\t\t\t\t\t\t\t\t\t\twidth='1420' height='286'\t\t\t\t\talt=\"https:\/\/files.sunoresearch.com.br\/n\/uploads\/2023\/03\/Ebook-Fundos-Imobiliarios-Desktop-1.jpg\"\n\t\t\t\t>\n\t\t\t<\/picture>\n\t\t<\/a>\n\t<\/p>\n\n\n<p>A an\u00e1lise realizada pela equipe econ\u00f4mica do banco relata uma diminui\u00e7\u00e3o do alto endividamento e restri\u00e7\u00e3o de caixa das empresas na parte de minera\u00e7\u00e3o. Outro elemento relevante, segundo o estudo, foi a siderurgia, com maiores margens de lucro do setor.<\/p>\n<p>Para o <strong>banco estatal,<\/strong> privatiza\u00e7\u00f5es, concess\u00f5es e mudan\u00e7as regulat\u00f3rias tamb\u00e9m impactam positivamente o quadro previsto para os investimentos, enquanto o cen\u00e1rio fiscal dos estados continua sendo um fator de dificuldade.<\/p>\n<p>Al\u00e9m disso, acordos contra a dupla <strong>tributa\u00e7\u00e3o<\/strong> tamb\u00e9m poderiam ajudar a aumentar o montante dos investimentos diretos estrangeiros no Brasil.<\/p>\n","protected":false},"excerpt":{"rendered":"<p>A maioria dos investidores internacionais que operam no Brasil salientaram a necessidade de realizar acordos contra a dupla tributa\u00e7\u00e3o (ADT) no Pa\u00eds. Esse \u00e9 o resultado indicado por uma pesquisa realizada pela Confedera\u00e7\u00e3o Nacional da Ind\u00fastria (CNI) e pela C\u00e2mara Americana de Com\u00e9rcio (Amcham).\u00a0 Multinacionais querem acordos contra dupla tributa\u00e7\u00e3o, mostra pesquisa Segundo a pesquisa, [&hellip;]<\/p>\n","protected":false},"author":9,"featured_media":7940,"comment_status":"closed","ping_status":"closed","sticky":false,"template":"","format":"standard","meta":[],"categories":[64],"tags":[704],"suno_strategy":[],"class_list":["post-38416","post","type-post","status-publish","format-standard","has-post-thumbnail","hentry","category-negocios","tag-impostos"],"yoast_head":"<!-- This site is optimized with the Yoast SEO plugin v24.4 - https:\/\/yoast.com\/wordpress\/plugins\/seo\/ -->\n<title>Multinacionais querem acordos contra dupla tributa\u00e7\u00e3o, mostra pesquisa<\/title>\n<meta name=\"description\" content=\"A maioria dos investidores internacionais salientaram a necessidade de acordos contra a dupla tributa\u00e7\u00e3o (ADT). Clique aqui e saiba mais.\" \/>\n<meta name=\"robots\" content=\"index, follow, max-snippet:-1, max-image-preview:large, max-video-preview:-1\" \/>\n<link rel=\"canonical\" href=\"https:\/\/www.suno.com.br\/noticias\/multinacionais-acordos-dupla-tributacao\/\" \/>\n<meta property=\"og:locale\" content=\"pt_BR\" \/>\n<meta property=\"og:type\" content=\"article\" \/>\n<meta property=\"og:title\" content=\"Multinacionais querem acordos contra dupla tributa\u00e7\u00e3o, mostra pesquisa\" \/>\n<meta property=\"og:description\" content=\"A maioria dos investidores internacionais salientaram a necessidade de acordos contra a dupla tributa\u00e7\u00e3o (ADT). Clique aqui e saiba mais.\" \/>\n<meta property=\"og:url\" content=\"https:\/\/www.suno.com.br\/noticias\/multinacionais-acordos-dupla-tributacao\/\" \/>\n<meta property=\"og:site_name\" content=\"Suno Not\u00edcias\" \/>\n<meta property=\"article:publisher\" content=\"https:\/\/facebook.com\/sunoresearch\" \/>\n<meta property=\"og:image\" content=\"https:\/\/files.sunoresearch.com.br\/n\/uploads\/2018\/12\/2017fef5-estados-unidos.jpg\" \/>\n\t<meta property=\"og:image:width\" content=\"712\" \/>\n\t<meta property=\"og:image:height\" content=\"475\" \/>\n\t<meta property=\"og:image:type\" content=\"image\/jpeg\" \/>\n<meta name=\"author\" content=\"Carlo Cauti\" \/>\n<meta name=\"twitter:card\" content=\"summary_large_image\" \/>\n<meta name=\"twitter:creator\" content=\"@sunoresearch\" \/>\n<meta name=\"twitter:site\" content=\"@sunoresearch\" \/>\n<meta name=\"twitter:label1\" content=\"Escrito por\" \/>\n\t<meta name=\"twitter:data1\" content=\"Carlo Cauti\" \/>\n\t<meta name=\"twitter:label2\" content=\"Est. tempo de leitura\" \/>\n\t<meta name=\"twitter:data2\" content=\"3 minutos\" \/>\n<script type=\"application\/ld+json\" class=\"yoast-schema-graph\">{\"@context\":\"https:\/\/schema.org\",\"@graph\":[{\"@type\":\"NewsArticle\",\"@id\":\"https:\/\/www.suno.com.br\/noticias\/multinacionais-acordos-dupla-tributacao\/#article\",\"isPartOf\":{\"@id\":\"https:\/\/www.suno.com.br\/noticias\/multinacionais-acordos-dupla-tributacao\/\"},\"author\":{\"name\":\"Carlo Cauti\",\"@id\":\"https:\/\/www.suno.com.br\/noticias\/#\/schema\/person\/e6e0f723cc177805027f4566c1d5e0c8\"},\"headline\":\"Multinacionais querem acordos contra dupla tributa\u00e7\u00e3o, mostra pesquisa\",\"datePublished\":\"2019-09-21T14:40:22+00:00\",\"dateModified\":\"2021-06-21T08:42:48+00:00\",\"mainEntityOfPage\":{\"@id\":\"https:\/\/www.suno.com.br\/noticias\/multinacionais-acordos-dupla-tributacao\/\"},\"wordCount\":701,\"publisher\":{\"@id\":\"https:\/\/www.suno.com.br\/noticias\/#organization\"},\"image\":{\"@id\":\"https:\/\/www.suno.com.br\/noticias\/multinacionais-acordos-dupla-tributacao\/#primaryimage\"},\"thumbnailUrl\":\"https:\/\/files.sunoresearch.com.br\/n\/uploads\/2018\/12\/2017fef5-estados-unidos-jpg.webp\",\"keywords\":[\"impostos\"],\"articleSection\":[\"Neg\u00f3cios\"],\"inLanguage\":\"pt-BR\"},{\"@type\":\"WebPage\",\"@id\":\"https:\/\/www.suno.com.br\/noticias\/multinacionais-acordos-dupla-tributacao\/\",\"url\":\"https:\/\/www.suno.com.br\/noticias\/multinacionais-acordos-dupla-tributacao\/\",\"name\":\"Multinacionais querem acordos contra dupla tributa\u00e7\u00e3o, mostra pesquisa\",\"isPartOf\":{\"@id\":\"https:\/\/www.suno.com.br\/noticias\/#website\"},\"primaryImageOfPage\":{\"@id\":\"https:\/\/www.suno.com.br\/noticias\/multinacionais-acordos-dupla-tributacao\/#primaryimage\"},\"image\":{\"@id\":\"https:\/\/www.suno.com.br\/noticias\/multinacionais-acordos-dupla-tributacao\/#primaryimage\"},\"thumbnailUrl\":\"https:\/\/files.sunoresearch.com.br\/n\/uploads\/2018\/12\/2017fef5-estados-unidos-jpg.webp\",\"datePublished\":\"2019-09-21T14:40:22+00:00\",\"dateModified\":\"2021-06-21T08:42:48+00:00\",\"description\":\"A maioria dos investidores internacionais salientaram a necessidade de acordos contra a dupla tributa\u00e7\u00e3o (ADT). Clique aqui e saiba mais.\",\"breadcrumb\":{\"@id\":\"https:\/\/www.suno.com.br\/noticias\/multinacionais-acordos-dupla-tributacao\/#breadcrumb\"},\"inLanguage\":\"pt-BR\",\"potentialAction\":[{\"@type\":\"ReadAction\",\"target\":[\"https:\/\/www.suno.com.br\/noticias\/multinacionais-acordos-dupla-tributacao\/\"]}]},{\"@type\":\"ImageObject\",\"inLanguage\":\"pt-BR\",\"@id\":\"https:\/\/www.suno.com.br\/noticias\/multinacionais-acordos-dupla-tributacao\/#primaryimage\",\"url\":\"https:\/\/files.sunoresearch.com.br\/n\/uploads\/2018\/12\/2017fef5-estados-unidos-jpg.webp\",\"contentUrl\":\"https:\/\/files.sunoresearch.com.br\/n\/uploads\/2018\/12\/2017fef5-estados-unidos-jpg.webp\",\"width\":712,\"height\":475,\"caption\":\"Multinacionais querem acordos contra dupla tributa\u00e7\u00e3o, mostra pesquisa\"},{\"@type\":\"BreadcrumbList\",\"@id\":\"https:\/\/www.suno.com.br\/noticias\/multinacionais-acordos-dupla-tributacao\/#breadcrumb\",\"itemListElement\":[{\"@type\":\"ListItem\",\"position\":1,\"name\":\"Not\u00edcias\",\"item\":\"https:\/\/www.suno.com.br\/noticias\/\"},{\"@type\":\"ListItem\",\"position\":2,\"name\":\"Neg\u00f3cios\",\"item\":\"https:\/\/www.suno.com.br\/noticias\/negocios\/\"},{\"@type\":\"ListItem\",\"position\":3,\"name\":\"Multinacionais querem acordos contra dupla tributa\u00e7\u00e3o, mostra pesquisa\"}]},{\"@type\":\"WebSite\",\"@id\":\"https:\/\/www.suno.com.br\/noticias\/#website\",\"url\":\"https:\/\/www.suno.com.br\/noticias\/\",\"name\":\"Suno Not\u00edcias\",\"description\":\"Seu portal de informa\u00e7\u00e3o sobre o mundo dos investimentos\",\"publisher\":{\"@id\":\"https:\/\/www.suno.com.br\/noticias\/#organization\"},\"potentialAction\":[{\"@type\":\"SearchAction\",\"target\":{\"@type\":\"EntryPoint\",\"urlTemplate\":\"https:\/\/www.suno.com.br\/noticias\/?s={search_term_string}\"},\"query-input\":{\"@type\":\"PropertyValueSpecification\",\"valueRequired\":true,\"valueName\":\"search_term_string\"}}],\"inLanguage\":\"pt-BR\"},{\"@type\":\"Organization\",\"@id\":\"https:\/\/www.suno.com.br\/noticias\/#organization\",\"name\":\"Suno Not\u00edcias\",\"url\":\"https:\/\/www.suno.com.br\/noticias\/\",\"logo\":{\"@type\":\"ImageObject\",\"inLanguage\":\"pt-BR\",\"@id\":\"https:\/\/www.suno.com.br\/noticias\/#\/schema\/logo\/image\/\",\"url\":\"https:\/\/files.sunoresearch.com.br\/n\/uploads\/2021\/09\/suno-logo.png\",\"contentUrl\":\"https:\/\/files.sunoresearch.com.br\/n\/uploads\/2021\/09\/suno-logo.png\",\"width\":180,\"height\":180,\"caption\":\"Suno Not\u00edcias\"},\"image\":{\"@id\":\"https:\/\/www.suno.com.br\/noticias\/#\/schema\/logo\/image\/\"},\"sameAs\":[\"https:\/\/facebook.com\/sunoresearch\",\"https:\/\/x.com\/sunoresearch\",\"https:\/\/www.instagram.com\/suno\",\"https:\/\/www.linkedin.com\/company\/suno-research\/\",\"https:\/\/www.youtube.com\/c\/sunoresearch\"]},{\"@type\":\"Person\",\"@id\":\"https:\/\/www.suno.com.br\/noticias\/#\/schema\/person\/e6e0f723cc177805027f4566c1d5e0c8\",\"name\":\"Carlo Cauti\",\"image\":{\"@type\":\"ImageObject\",\"inLanguage\":\"pt-BR\",\"@id\":\"https:\/\/www.suno.com.br\/noticias\/#\/schema\/person\/image\/\",\"url\":\"https:\/\/secure.gravatar.com\/avatar\/3ada9e0bd164c23abd4792a9606d583c?s=96&r=g\",\"contentUrl\":\"https:\/\/secure.gravatar.com\/avatar\/3ada9e0bd164c23abd4792a9606d583c?s=96&r=g\",\"caption\":\"Carlo Cauti\"},\"description\":\"Editor multim\u00eddia do SUNO Not\u00edcias. Italiano, formado em Ci\u00eancias Pol\u00edticas pela universidade LUISS G. Carli de Roma e mestre cum laude em Rela\u00e7\u00f5es Internacionais, Jornalismo Internacional e de Guerra e em Economia Internacional. Concluiu tamb\u00e9m um MBA em Finan\u00e7as na B3. No Brasil, teve passagem por ve\u00edculos como Estad\u00e3o, Globo, Veja e EXAME. e nas ag\u00eancias de not\u00edcias italianas ANSA e NOVA.\",\"url\":\"https:\/\/www.suno.com.br\/noticias\/author\/carlo-cauti\/\"}]}<\/script>\n<!-- \/ Yoast SEO plugin. -->","yoast_head_json":{"title":"Multinacionais querem acordos contra dupla tributa\u00e7\u00e3o, mostra pesquisa","description":"A maioria dos investidores internacionais salientaram a necessidade de acordos contra a dupla tributa\u00e7\u00e3o (ADT). Clique aqui e saiba mais.","robots":{"index":"index","follow":"follow","max-snippet":"max-snippet:-1","max-image-preview":"max-image-preview:large","max-video-preview":"max-video-preview:-1"},"canonical":"https:\/\/www.suno.com.br\/noticias\/multinacionais-acordos-dupla-tributacao\/","og_locale":"pt_BR","og_type":"article","og_title":"Multinacionais querem acordos contra dupla tributa\u00e7\u00e3o, mostra pesquisa","og_description":"A maioria dos investidores internacionais salientaram a necessidade de acordos contra a dupla tributa\u00e7\u00e3o (ADT). Clique aqui e saiba mais.","og_url":"https:\/\/www.suno.com.br\/noticias\/multinacionais-acordos-dupla-tributacao\/","og_site_name":"Suno Not\u00edcias","article_publisher":"https:\/\/facebook.com\/sunoresearch","og_image":[{"width":712,"height":475,"url":"https:\/\/files.sunoresearch.com.br\/n\/uploads\/2018\/12\/2017fef5-estados-unidos.jpg","type":"image\/jpeg"}],"author":"Carlo Cauti","twitter_card":"summary_large_image","twitter_creator":"@sunoresearch","twitter_site":"@sunoresearch","twitter_misc":{"Escrito por":"Carlo Cauti","Est. tempo de leitura":"3 minutos"},"schema":{"@context":"https:\/\/schema.org","@graph":[{"@type":"NewsArticle","@id":"https:\/\/www.suno.com.br\/noticias\/multinacionais-acordos-dupla-tributacao\/#article","isPartOf":{"@id":"https:\/\/www.suno.com.br\/noticias\/multinacionais-acordos-dupla-tributacao\/"},"author":{"name":"Carlo Cauti","@id":"https:\/\/www.suno.com.br\/noticias\/#\/schema\/person\/e6e0f723cc177805027f4566c1d5e0c8"},"headline":"Multinacionais querem acordos contra dupla tributa\u00e7\u00e3o, mostra pesquisa","datePublished":"2019-09-21T14:40:22+00:00","dateModified":"2021-06-21T08:42:48+00:00","mainEntityOfPage":{"@id":"https:\/\/www.suno.com.br\/noticias\/multinacionais-acordos-dupla-tributacao\/"},"wordCount":701,"publisher":{"@id":"https:\/\/www.suno.com.br\/noticias\/#organization"},"image":{"@id":"https:\/\/www.suno.com.br\/noticias\/multinacionais-acordos-dupla-tributacao\/#primaryimage"},"thumbnailUrl":"https:\/\/files.sunoresearch.com.br\/n\/uploads\/2018\/12\/2017fef5-estados-unidos-jpg.webp","keywords":["impostos"],"articleSection":["Neg\u00f3cios"],"inLanguage":"pt-BR"},{"@type":"WebPage","@id":"https:\/\/www.suno.com.br\/noticias\/multinacionais-acordos-dupla-tributacao\/","url":"https:\/\/www.suno.com.br\/noticias\/multinacionais-acordos-dupla-tributacao\/","name":"Multinacionais querem acordos contra dupla tributa\u00e7\u00e3o, mostra pesquisa","isPartOf":{"@id":"https:\/\/www.suno.com.br\/noticias\/#website"},"primaryImageOfPage":{"@id":"https:\/\/www.suno.com.br\/noticias\/multinacionais-acordos-dupla-tributacao\/#primaryimage"},"image":{"@id":"https:\/\/www.suno.com.br\/noticias\/multinacionais-acordos-dupla-tributacao\/#primaryimage"},"thumbnailUrl":"https:\/\/files.sunoresearch.com.br\/n\/uploads\/2018\/12\/2017fef5-estados-unidos-jpg.webp","datePublished":"2019-09-21T14:40:22+00:00","dateModified":"2021-06-21T08:42:48+00:00","description":"A maioria dos investidores internacionais salientaram a necessidade de acordos contra a dupla tributa\u00e7\u00e3o (ADT). Clique aqui e saiba mais.","breadcrumb":{"@id":"https:\/\/www.suno.com.br\/noticias\/multinacionais-acordos-dupla-tributacao\/#breadcrumb"},"inLanguage":"pt-BR","potentialAction":[{"@type":"ReadAction","target":["https:\/\/www.suno.com.br\/noticias\/multinacionais-acordos-dupla-tributacao\/"]}]},{"@type":"ImageObject","inLanguage":"pt-BR","@id":"https:\/\/www.suno.com.br\/noticias\/multinacionais-acordos-dupla-tributacao\/#primaryimage","url":"https:\/\/files.sunoresearch.com.br\/n\/uploads\/2018\/12\/2017fef5-estados-unidos-jpg.webp","contentUrl":"https:\/\/files.sunoresearch.com.br\/n\/uploads\/2018\/12\/2017fef5-estados-unidos-jpg.webp","width":712,"height":475,"caption":"Multinacionais querem acordos contra dupla tributa\u00e7\u00e3o, mostra pesquisa"},{"@type":"BreadcrumbList","@id":"https:\/\/www.suno.com.br\/noticias\/multinacionais-acordos-dupla-tributacao\/#breadcrumb","itemListElement":[{"@type":"ListItem","position":1,"name":"Not\u00edcias","item":"https:\/\/www.suno.com.br\/noticias\/"},{"@type":"ListItem","position":2,"name":"Neg\u00f3cios","item":"https:\/\/www.suno.com.br\/noticias\/negocios\/"},{"@type":"ListItem","position":3,"name":"Multinacionais querem acordos contra dupla tributa\u00e7\u00e3o, mostra pesquisa"}]},{"@type":"WebSite","@id":"https:\/\/www.suno.com.br\/noticias\/#website","url":"https:\/\/www.suno.com.br\/noticias\/","name":"Suno Not\u00edcias","description":"Seu portal de informa\u00e7\u00e3o sobre o mundo dos investimentos","publisher":{"@id":"https:\/\/www.suno.com.br\/noticias\/#organization"},"potentialAction":[{"@type":"SearchAction","target":{"@type":"EntryPoint","urlTemplate":"https:\/\/www.suno.com.br\/noticias\/?s={search_term_string}"},"query-input":{"@type":"PropertyValueSpecification","valueRequired":true,"valueName":"search_term_string"}}],"inLanguage":"pt-BR"},{"@type":"Organization","@id":"https:\/\/www.suno.com.br\/noticias\/#organization","name":"Suno Not\u00edcias","url":"https:\/\/www.suno.com.br\/noticias\/","logo":{"@type":"ImageObject","inLanguage":"pt-BR","@id":"https:\/\/www.suno.com.br\/noticias\/#\/schema\/logo\/image\/","url":"https:\/\/files.sunoresearch.com.br\/n\/uploads\/2021\/09\/suno-logo.png","contentUrl":"https:\/\/files.sunoresearch.com.br\/n\/uploads\/2021\/09\/suno-logo.png","width":180,"height":180,"caption":"Suno Not\u00edcias"},"image":{"@id":"https:\/\/www.suno.com.br\/noticias\/#\/schema\/logo\/image\/"},"sameAs":["https:\/\/facebook.com\/sunoresearch","https:\/\/x.com\/sunoresearch","https:\/\/www.instagram.com\/suno","https:\/\/www.linkedin.com\/company\/suno-research\/","https:\/\/www.youtube.com\/c\/sunoresearch"]},{"@type":"Person","@id":"https:\/\/www.suno.com.br\/noticias\/#\/schema\/person\/e6e0f723cc177805027f4566c1d5e0c8","name":"Carlo Cauti","image":{"@type":"ImageObject","inLanguage":"pt-BR","@id":"https:\/\/www.suno.com.br\/noticias\/#\/schema\/person\/image\/","url":"https:\/\/secure.gravatar.com\/avatar\/3ada9e0bd164c23abd4792a9606d583c?s=96&r=g","contentUrl":"https:\/\/secure.gravatar.com\/avatar\/3ada9e0bd164c23abd4792a9606d583c?s=96&r=g","caption":"Carlo Cauti"},"description":"Editor multim\u00eddia do SUNO Not\u00edcias. Italiano, formado em Ci\u00eancias Pol\u00edticas pela universidade LUISS G. Carli de Roma e mestre cum laude em Rela\u00e7\u00f5es Internacionais, Jornalismo Internacional e de Guerra e em Economia Internacional. Concluiu tamb\u00e9m um MBA em Finan\u00e7as na B3. No Brasil, teve passagem por ve\u00edculos como Estad\u00e3o, Globo, Veja e EXAME. e nas ag\u00eancias de not\u00edcias italianas ANSA e NOVA.","url":"https:\/\/www.suno.com.br\/noticias\/author\/carlo-cauti\/"}]}},"default_loop_html":"<div class=\"cardsPage__listCard__boxs\"><div class=\"cardsPage__listCard__boxs__img\"><a href=\"https:\/\/www.suno.com.br\/noticias\/multinacionais-acordos-dupla-tributacao\/\"><img class=\"mask\" src=\"https:\/\/www.suno.com.br\/noticias\/wp-content\/themes\/suno\/resources\/images\/spotlight\/spotlight1img\/bg-mask.png\" alt=\"Image Mask\"\/><img src=\"https:\/\/files.sunoresearch.com.br\/n\/uploads\/2018\/12\/2017fef5-estados-unidos-400x200.webp\" alt=\"Multinacionais querem acordos contra dupla tributa\u00e7\u00e3o, mostra pesquisa\"\/><\/a><span class=\"spotlightCategory\"><a href=\"https:\/\/www.suno.com.br\/noticias\/negocios\/\">Neg\u00f3cios<\/a><\/span><\/div><div class=\"cardsPage__listCard__boxs__content\"><a href=\"https:\/\/www.suno.com.br\/noticias\/multinacionais-acordos-dupla-tributacao\/\"><h2 class=\"content__title\">Multinacionais querem acordos contra dupla tributa\u00e7\u00e3o, mostra pesquisa<\/h2><\/a><div class=\"newsContent__article__meta\"><div class=\"newsContent__article__meta__authorBox\"><a href=\"https:\/\/www.suno.com.br\/noticias\/author\/carlo-cauti\/\" class=\"authorBox__avatar noMobi\"><img src=\"https:\/\/files.sunoresearch.com.br\/n\/uploads\/2020\/08\/e3745f9a-perfil-carlo-cauti-150x150.webp\" alt=\"Carlo Cauti\"><\/a><div class=\"authorBox__name\"><span>por\n\t\t\t<a href=\"https:\/\/www.suno.com.br\/noticias\/author\/carlo-cauti\/\"><span itemprop=\"author\">Carlo Cauti<\/span><\/a><\/span><time datetime=\"2019-09-21T11:40:22-03:00\" itemprop=\"datePublished\">21\/09\/2019 11:40<\/time><\/div><\/div><\/div><\/div><\/div>","single_layout":"posts","amp_enabled":true,"_links":{"self":[{"href":"https:\/\/www.suno.com.br\/noticias\/wp-json\/wp\/v2\/posts\/38416"}],"collection":[{"href":"https:\/\/www.suno.com.br\/noticias\/wp-json\/wp\/v2\/posts"}],"about":[{"href":"https:\/\/www.suno.com.br\/noticias\/wp-json\/wp\/v2\/types\/post"}],"author":[{"embeddable":true,"href":"https:\/\/www.suno.com.br\/noticias\/wp-json\/wp\/v2\/users\/9"}],"replies":[{"embeddable":true,"href":"https:\/\/www.suno.com.br\/noticias\/wp-json\/wp\/v2\/comments?post=38416"}],"version-history":[{"count":1,"href":"https:\/\/www.suno.com.br\/noticias\/wp-json\/wp\/v2\/posts\/38416\/revisions"}],"predecessor-version":[{"id":159599,"href":"https:\/\/www.suno.com.br\/noticias\/wp-json\/wp\/v2\/posts\/38416\/revisions\/159599"}],"wp:featuredmedia":[{"embeddable":true,"href":"https:\/\/www.suno.com.br\/noticias\/wp-json\/wp\/v2\/media\/7940"}],"wp:attachment":[{"href":"https:\/\/www.suno.com.br\/noticias\/wp-json\/wp\/v2\/media?parent=38416"}],"wp:term":[{"taxonomy":"category","embeddable":true,"href":"https:\/\/www.suno.com.br\/noticias\/wp-json\/wp\/v2\/categories?post=38416"},{"taxonomy":"post_tag","embeddable":true,"href":"https:\/\/www.suno.com.br\/noticias\/wp-json\/wp\/v2\/tags?post=38416"},{"taxonomy":"suno_strategy","embeddable":true,"href":"https:\/\/www.suno.com.br\/noticias\/wp-json\/wp\/v2\/suno_strategy?post=38416"}],"curies":[{"name":"wp","href":"https:\/\/api.w.org\/{rel}","templated":true}]}}