{"id":38388,"date":"2019-09-20T17:42:30","date_gmt":"2019-09-20T20:42:30","guid":{"rendered":"https:\/\/www.suno.com.br\/noticias\/?p=38388"},"modified":"2019-09-20T17:42:30","modified_gmt":"2019-09-20T20:42:30","slug":"dolar-queda-guerra-comercial-20092019","status":"publish","type":"post","link":"https:\/\/www.suno.com.br\/noticias\/dolar-queda-guerra-comercial-20092019\/","title":{"rendered":"D\u00f3lar encerra em queda com poss\u00edvel acordo comercial entre EUA e China"},"content":{"rendered":"<p>O d\u00f3lar encerrou esta sexta-feira (20) em queda de 0,257%. A queda foi motivada pela declara\u00e7\u00e3o do presidente norte-americano, <a href=\"https:\/\/www.suno.com.br\/tudo-sobre\/donald-trump\/\"><strong>Donald Trump<\/strong><\/a>,\u00a0<span style=\"font-size: 1.21429rem;\">sobre sua inten\u00e7\u00e3o de concluir um acordo com a China.<\/span><\/p>\t<div class=\"wrapper-featured-image\">\n\t\t<figure class=\"spotlightImg\">\n\n\t\t\t<picture>\n\t\t\t\t<source media=\"(max-width: 768px)\" srcset=\"https:\/\/files.sunoresearch.com.br\/n\/uploads\/2018\/12\/683f39f8-d\u00f3lar-400x200.webp\">\n\t\t\t\t<img loading=\"lazy\" decoding=\"async\" class=\"newsContent__article__imgCapa lazyloadDisabled newsContent__article__imgCapa--noCaption\" src=\"https:\/\/files.sunoresearch.com.br\/n\/uploads\/2018\/12\/683f39f8-d\u00f3lar-800x450.webp\" width=\"800\" height=\"450\" alt=\"D\u00f3lar encerra em queda com poss\u00edvel acordo comercial entre EUA e China\" fetchpriority=high \/>\n\t\t\t<\/picture>\n\n\t\t\t<figcaption class=\"wp-caption-text wp-caption-text--hide\">D\u00f3lar abre em alta de 0,5%; indicadores econ\u00f4micos no radar<\/figcaption>\n\t\t<\/figure>\n\t<\/div>\n\n\n\n<p>No fechamento do mercado, o <strong>d\u00f3lar<\/strong> negociava a R$ 4,1535 na venda. A cota\u00e7\u00e3o m\u00e1xima do dia foi de R$ 4,1820, por volta das 11h10. A m\u00ednima foi de R$ 4,1520, \u00e0s 16h50.<\/p>\n<p>Os investidores reagiram \u00e0s novas <strong>san\u00e7\u00f5es<\/strong> impostas pelos Estados Unidos ao <strong>Ir\u00e3<\/strong>.\u00a0 Al\u00e9m disso, os resultados positivos da Huawei ante a Apple, por conta da <a href=\"https:\/\/www.suno.com.br\/artigos\/a-guerra-comercial\/\"><strong>guerra comercial<\/strong><\/a>, movimentaram o mercado.<\/p>\n<h2>Acordo comercial<\/h2>\n<p>O presidente dos Estados Unidos, <strong>Donald Trump<\/strong>, afirmou que possui inten\u00e7\u00e3o de concluir um acordo com a China. Um poss\u00edvel acordo terminaria a guerra comercial entre EUA e China que ocorre desde 2017.<\/p>\n<p><a href=\"https:\/\/www.suno.com.br\/noticias\/queremos-concluir-acordo-comercial-china\/\">Saiba mais: Queremos concluir acordo comercial com a China, diz Trump<\/a><\/p>\n<p>\u201cN\u00e3o estou pensando em um acordo parcial. Queremos concluir as negocia\u00e7\u00f5es para um acordo definitivo\u201d, declarou Trump.<\/p>\n<p>O mandat\u00e1rio afirmou que a necessidade de maiores garantias por parte dos chineses em rela\u00e7\u00e3o a prote\u00e7\u00e3o \u00e0 propriedade intelectual \u00e9 um dos pontos essenciais para o acordo.<\/p>\n<p>Al\u00e9m disso, Trump ressaltou que o recente aumento das compras de produtos agr\u00edcolas americanos pelos chineses \u201cn\u00e3o \u00e9 suficiente\u201d.<\/p>\n<h2>Novas san\u00e7\u00f5es impostas ao Ir\u00e3<\/h2>\n<p>Os <strong>Estados Unidos<\/strong> anunciaram novas san\u00e7\u00f5es ao <strong>Ir\u00e3<\/strong>. Segundo Steve Mnuchin, secret\u00e1rio do Tesouro americano, as novas san\u00e7\u00f5es cortam a \u00faltima fonte remanescente de recursos para o Ir\u00e3.<\/p>\n<p><a href=\"https:\/\/www.suno.com.br\/noticias\/estados-unidos-impoem-novas-sancoes-ao-ira\/\">Saiba mais: Estados Unidos imp\u00f5em novas san\u00e7\u00f5es ao Ir\u00e3<\/a><\/p>\n<p>O Banco Nacional do Ir\u00e3 foi alvo das san\u00e7\u00f5es por conta dos ataques \u00e0 Saudi Aramco, que prejudicou a produ\u00e7\u00e3o de petr\u00f3leo da estatal saudita.<\/p>\n<p>Os Estados Unidos afirmam que os ataques \u00e0s instala\u00e7\u00f5es petrol\u00edferas foram ordenadas por Teer\u00e3. O presidente Donald Trump declarou que o que est\u00e1 acontecendo com o Ir\u00e3 \u00e9 muito ruim. &#8220;Tudo o que eles t\u00eam fazer \u00e9 parar com o terrorismo&#8221;, ressaltou o mandat\u00e1rio.<\/p>\n<h2>Apple e Huawei no mercado chin\u00eas<\/h2>\n<p>A Apple despencou da 11\u00aa posi\u00e7\u00e3o para o 24\u00ba lugar dentre as 50 principais marcas do mercado chin\u00eas, segundo a consultoria Prophet.<\/p>\n<p><a href=\"https:\/\/www.suno.com.br\/noticias\/guerra-comercial-huawei-a-frente-apple-mercado-chines\/\">Saiba mais: Guerra comercial faz com que Huawei esteja \u00e0 frente da Apple no mercado chin\u00eas<\/a><\/p>\n<p>A queda da gigante norte-americana se tornou mais significativa quando a concorrente, especialmente no mercado asi\u00e1tico, a gigante <strong>Huawei<\/strong>, subiu da 4\u00aa para a 2\u00aa posi\u00e7\u00e3o, se tornando a s\u00e9tima empresa a ocupar o top 10 do estudo.<\/p>\n<p>De acordo com analistas do mercado, a participa\u00e7\u00e3o da Apple no mercado chin\u00eas foi reduzida por conta da guerra comercial entre Estados Unidos e China.<\/p>\n\t<p>\n\t\t<a href=\"https:\/\/lp2.suno.com.br\/pv\/eu-invisto-2026\/?utm_source=suno-noticias&#038;utm_medium=banner&#038;utm_campaign=_SNC4CCF8112_\" target=\"_blank\" data-element=\"shortcode-suno-banner\" title=\"Banner SUNO, clique e saiba mais\">\n\t\t\t<picture>\n\t\t\t\t<source media=\"(max-width: 500px)\" srcset=\"https:\/\/files.sunoresearch.com.br\/n\/uploads\/2025\/12\/Banner-Materias-01-Mbl_-400x300-1-png.webp\">\n\t\t\t\t<img class=\"newsContent__article__imgCapa newsContent__article__imgCapa--banner\"\n\t\t\t\t\tsrc=\"https:\/\/files.sunoresearch.com.br\/n\/uploads\/2025\/12\/Banner-Materias-01-Dkp_-1420x240-1-png.webp\"\n\t\t\t\t\tdata-promo-id=\"635514\"\t\t\t\t\t\t\t\t\t\twidth='1420' height='240'\t\t\t\t\talt=\"https:\/\/files.sunoresearch.com.br\/n\/uploads\/2025\/12\/Banner-Materias-01-Dkp_-1420x240-1-png.webp\"\n\t\t\t\t>\n\t\t\t<\/picture>\n\t\t<\/a>\n\t<\/p>\n\n\n<h2>\u00daltima cota\u00e7\u00e3o do d\u00f3lar<\/h2>\n<p>Na \u00faltima sess\u00e3o, quinta-feira (20), o <a href=\"https:\/\/www.suno.com.br\/artigos\/dolar\/\"><strong>d\u00f3lar<\/strong><\/a> encerrou em alta de 1,497%, sendo negociado a R$ 4,1642.<\/p>\n","protected":false},"excerpt":{"rendered":"<p>O d\u00f3lar encerrou esta sexta-feira (20) em queda de 0,257%. A queda foi motivada pela declara\u00e7\u00e3o do presidente norte-americano, Donald Trump,\u00a0sobre sua inten\u00e7\u00e3o de concluir um acordo com a China. D\u00f3lar abre em alta de 0,5%; indicadores econ\u00f4micos no radar No fechamento do mercado, o d\u00f3lar negociava a R$ 4,1535 na venda. A cota\u00e7\u00e3o m\u00e1xima [&hellip;]<\/p>\n","protected":false},"author":18,"featured_media":8964,"comment_status":"closed","ping_status":"closed","sticky":false,"template":"","format":"standard","meta":[],"categories":[60],"tags":[794,711,326,724,980,1458],"suno_strategy":[],"class_list":["post-38388","post","type-post","status-publish","format-standard","has-post-thumbnail","hentry","category-mercado","tag-apple-aapl34","tag-china","tag-dolar","tag-donald-trump","tag-guerra-comercial","tag-ira"],"yoast_head":"<!-- This site is optimized with the Yoast SEO plugin v24.4 - https:\/\/yoast.com\/wordpress\/plugins\/seo\/ -->\n<title>D\u00f3lar encerra em queda com poss\u00edvel acordo comercial entre EUA e China<\/title>\n<meta name=\"description\" content=\"O d\u00f3lar encerrou o preg\u00e3o desta sexta-feira (20) em queda de 0,257%, negociando a R$ 4,1535 na venda. Clique para saber mais.\" \/>\n<meta name=\"robots\" content=\"index, follow, max-snippet:-1, max-image-preview:large, max-video-preview:-1\" \/>\n<link rel=\"canonical\" href=\"https:\/\/www.suno.com.br\/noticias\/dolar-queda-guerra-comercial-20092019\/\" \/>\n<meta property=\"og:locale\" content=\"pt_BR\" \/>\n<meta property=\"og:type\" content=\"article\" \/>\n<meta property=\"og:title\" content=\"D\u00f3lar encerra em queda com poss\u00edvel acordo comercial entre EUA e China\" \/>\n<meta property=\"og:description\" content=\"O d\u00f3lar encerrou o preg\u00e3o desta sexta-feira (20) em queda de 0,257%, negociando a R$ 4,1535 na venda. Clique para saber mais.\" \/>\n<meta property=\"og:url\" content=\"https:\/\/www.suno.com.br\/noticias\/dolar-queda-guerra-comercial-20092019\/\" \/>\n<meta property=\"og:site_name\" content=\"Suno Not\u00edcias\" \/>\n<meta property=\"article:publisher\" content=\"https:\/\/facebook.com\/sunoresearch\" \/>\n<meta property=\"og:image\" content=\"https:\/\/files.sunoresearch.com.br\/n\/uploads\/2018\/12\/683f39f8-d\u00f3lar.jpg\" \/>\n\t<meta property=\"og:image:width\" content=\"2760\" \/>\n\t<meta property=\"og:image:height\" content=\"1837\" \/>\n\t<meta property=\"og:image:type\" content=\"image\/jpeg\" \/>\n<meta name=\"author\" content=\"Giovanna Oliveira\" \/>\n<meta name=\"twitter:card\" content=\"summary_large_image\" \/>\n<meta name=\"twitter:creator\" content=\"@sunoresearch\" \/>\n<meta name=\"twitter:site\" content=\"@sunoresearch\" \/>\n<meta name=\"twitter:label1\" content=\"Escrito por\" \/>\n\t<meta name=\"twitter:data1\" content=\"Giovanna Oliveira\" \/>\n\t<meta name=\"twitter:label2\" content=\"Est. tempo de leitura\" \/>\n\t<meta name=\"twitter:data2\" content=\"2 minutos\" \/>\n<script type=\"application\/ld+json\" class=\"yoast-schema-graph\">{\"@context\":\"https:\/\/schema.org\",\"@graph\":[{\"@type\":\"NewsArticle\",\"@id\":\"https:\/\/www.suno.com.br\/noticias\/dolar-queda-guerra-comercial-20092019\/#article\",\"isPartOf\":{\"@id\":\"https:\/\/www.suno.com.br\/noticias\/dolar-queda-guerra-comercial-20092019\/\"},\"author\":{\"name\":\"Giovanna Oliveira\",\"@id\":\"https:\/\/www.suno.com.br\/noticias\/#\/schema\/person\/4e19e3d2575736e5283d58eb3199d120\"},\"headline\":\"D\u00f3lar encerra em queda com poss\u00edvel acordo comercial entre EUA e China\",\"datePublished\":\"2019-09-20T20:42:30+00:00\",\"mainEntityOfPage\":{\"@id\":\"https:\/\/www.suno.com.br\/noticias\/dolar-queda-guerra-comercial-20092019\/\"},\"wordCount\":485,\"publisher\":{\"@id\":\"https:\/\/www.suno.com.br\/noticias\/#organization\"},\"image\":{\"@id\":\"https:\/\/www.suno.com.br\/noticias\/dolar-queda-guerra-comercial-20092019\/#primaryimage\"},\"thumbnailUrl\":\"https:\/\/files.sunoresearch.com.br\/n\/uploads\/2018\/12\/683f39f8-d\u00f3lar-scaled.webp\",\"keywords\":[\"Apple (AAPL34)\",\"China\",\"d\u00f3lar\",\"Donald Trump\",\"guerra comercial\",\"Ir\u00e3\"],\"articleSection\":[\"Mercado\"],\"inLanguage\":\"pt-BR\"},{\"@type\":\"WebPage\",\"@id\":\"https:\/\/www.suno.com.br\/noticias\/dolar-queda-guerra-comercial-20092019\/\",\"url\":\"https:\/\/www.suno.com.br\/noticias\/dolar-queda-guerra-comercial-20092019\/\",\"name\":\"D\u00f3lar encerra em queda com poss\u00edvel acordo comercial entre EUA e China\",\"isPartOf\":{\"@id\":\"https:\/\/www.suno.com.br\/noticias\/#website\"},\"primaryImageOfPage\":{\"@id\":\"https:\/\/www.suno.com.br\/noticias\/dolar-queda-guerra-comercial-20092019\/#primaryimage\"},\"image\":{\"@id\":\"https:\/\/www.suno.com.br\/noticias\/dolar-queda-guerra-comercial-20092019\/#primaryimage\"},\"thumbnailUrl\":\"https:\/\/files.sunoresearch.com.br\/n\/uploads\/2018\/12\/683f39f8-d\u00f3lar-scaled.webp\",\"datePublished\":\"2019-09-20T20:42:30+00:00\",\"description\":\"O d\u00f3lar encerrou o preg\u00e3o desta sexta-feira (20) em queda de 0,257%, negociando a R$ 4,1535 na venda. Clique para saber mais.\",\"breadcrumb\":{\"@id\":\"https:\/\/www.suno.com.br\/noticias\/dolar-queda-guerra-comercial-20092019\/#breadcrumb\"},\"inLanguage\":\"pt-BR\",\"potentialAction\":[{\"@type\":\"ReadAction\",\"target\":[\"https:\/\/www.suno.com.br\/noticias\/dolar-queda-guerra-comercial-20092019\/\"]}]},{\"@type\":\"ImageObject\",\"inLanguage\":\"pt-BR\",\"@id\":\"https:\/\/www.suno.com.br\/noticias\/dolar-queda-guerra-comercial-20092019\/#primaryimage\",\"url\":\"https:\/\/files.sunoresearch.com.br\/n\/uploads\/2018\/12\/683f39f8-d\u00f3lar-scaled.webp\",\"contentUrl\":\"https:\/\/files.sunoresearch.com.br\/n\/uploads\/2018\/12\/683f39f8-d\u00f3lar-scaled.webp\",\"width\":2560,\"height\":1704,\"caption\":\"D\u00f3lar abre em alta de 0,5%; indicadores econ\u00f4micos no radar\"},{\"@type\":\"BreadcrumbList\",\"@id\":\"https:\/\/www.suno.com.br\/noticias\/dolar-queda-guerra-comercial-20092019\/#breadcrumb\",\"itemListElement\":[{\"@type\":\"ListItem\",\"position\":1,\"name\":\"Not\u00edcias\",\"item\":\"https:\/\/www.suno.com.br\/noticias\/\"},{\"@type\":\"ListItem\",\"position\":2,\"name\":\"Mercado\",\"item\":\"https:\/\/www.suno.com.br\/noticias\/mercado\/\"},{\"@type\":\"ListItem\",\"position\":3,\"name\":\"D\u00f3lar encerra em queda com poss\u00edvel acordo comercial entre EUA e China\"}]},{\"@type\":\"WebSite\",\"@id\":\"https:\/\/www.suno.com.br\/noticias\/#website\",\"url\":\"https:\/\/www.suno.com.br\/noticias\/\",\"name\":\"Suno Not\u00edcias\",\"description\":\"Seu portal de informa\u00e7\u00e3o sobre o mundo dos investimentos\",\"publisher\":{\"@id\":\"https:\/\/www.suno.com.br\/noticias\/#organization\"},\"potentialAction\":[{\"@type\":\"SearchAction\",\"target\":{\"@type\":\"EntryPoint\",\"urlTemplate\":\"https:\/\/www.suno.com.br\/noticias\/?s={search_term_string}\"},\"query-input\":{\"@type\":\"PropertyValueSpecification\",\"valueRequired\":true,\"valueName\":\"search_term_string\"}}],\"inLanguage\":\"pt-BR\"},{\"@type\":\"Organization\",\"@id\":\"https:\/\/www.suno.com.br\/noticias\/#organization\",\"name\":\"Suno Not\u00edcias\",\"url\":\"https:\/\/www.suno.com.br\/noticias\/\",\"logo\":{\"@type\":\"ImageObject\",\"inLanguage\":\"pt-BR\",\"@id\":\"https:\/\/www.suno.com.br\/noticias\/#\/schema\/logo\/image\/\",\"url\":\"https:\/\/files.sunoresearch.com.br\/n\/uploads\/2021\/09\/suno-logo.png\",\"contentUrl\":\"https:\/\/files.sunoresearch.com.br\/n\/uploads\/2021\/09\/suno-logo.png\",\"width\":180,\"height\":180,\"caption\":\"Suno Not\u00edcias\"},\"image\":{\"@id\":\"https:\/\/www.suno.com.br\/noticias\/#\/schema\/logo\/image\/\"},\"sameAs\":[\"https:\/\/facebook.com\/sunoresearch\",\"https:\/\/x.com\/sunoresearch\",\"https:\/\/www.instagram.com\/suno\",\"https:\/\/www.linkedin.com\/company\/suno-research\/\",\"https:\/\/www.youtube.com\/c\/sunoresearch\"]},{\"@type\":\"Person\",\"@id\":\"https:\/\/www.suno.com.br\/noticias\/#\/schema\/person\/4e19e3d2575736e5283d58eb3199d120\",\"name\":\"Giovanna Oliveira\",\"image\":{\"@type\":\"ImageObject\",\"inLanguage\":\"pt-BR\",\"@id\":\"https:\/\/www.suno.com.br\/noticias\/#\/schema\/person\/image\/\",\"url\":\"https:\/\/secure.gravatar.com\/avatar\/9a37b3ae208962ac568992d0ffdbc2eb?s=96&r=g\",\"contentUrl\":\"https:\/\/secure.gravatar.com\/avatar\/9a37b3ae208962ac568992d0ffdbc2eb?s=96&r=g\",\"caption\":\"Giovanna Oliveira\"},\"description\":\"Giovanna Oliveira escreve sobre economia e pol\u00edtica. Foi rep\u00f3rter do portal de jornalismo da ESPM-SP e produziu conte\u00fado para a Corinthians TV. \u00c9 estudante da ESPM.\",\"url\":\"https:\/\/www.suno.com.br\/noticias\/author\/giovanna\/\"}]}<\/script>\n<!-- \/ Yoast SEO plugin. -->","yoast_head_json":{"title":"D\u00f3lar encerra em queda com poss\u00edvel acordo comercial entre EUA e China","description":"O d\u00f3lar encerrou o preg\u00e3o desta sexta-feira (20) em queda de 0,257%, negociando a R$ 4,1535 na venda. Clique para saber mais.","robots":{"index":"index","follow":"follow","max-snippet":"max-snippet:-1","max-image-preview":"max-image-preview:large","max-video-preview":"max-video-preview:-1"},"canonical":"https:\/\/www.suno.com.br\/noticias\/dolar-queda-guerra-comercial-20092019\/","og_locale":"pt_BR","og_type":"article","og_title":"D\u00f3lar encerra em queda com poss\u00edvel acordo comercial entre EUA e China","og_description":"O d\u00f3lar encerrou o preg\u00e3o desta sexta-feira (20) em queda de 0,257%, negociando a R$ 4,1535 na venda. Clique para saber mais.","og_url":"https:\/\/www.suno.com.br\/noticias\/dolar-queda-guerra-comercial-20092019\/","og_site_name":"Suno Not\u00edcias","article_publisher":"https:\/\/facebook.com\/sunoresearch","og_image":[{"width":2760,"height":1837,"url":"https:\/\/files.sunoresearch.com.br\/n\/uploads\/2018\/12\/683f39f8-d\u00f3lar.jpg","type":"image\/jpeg"}],"author":"Giovanna Oliveira","twitter_card":"summary_large_image","twitter_creator":"@sunoresearch","twitter_site":"@sunoresearch","twitter_misc":{"Escrito por":"Giovanna Oliveira","Est. tempo de leitura":"2 minutos"},"schema":{"@context":"https:\/\/schema.org","@graph":[{"@type":"NewsArticle","@id":"https:\/\/www.suno.com.br\/noticias\/dolar-queda-guerra-comercial-20092019\/#article","isPartOf":{"@id":"https:\/\/www.suno.com.br\/noticias\/dolar-queda-guerra-comercial-20092019\/"},"author":{"name":"Giovanna Oliveira","@id":"https:\/\/www.suno.com.br\/noticias\/#\/schema\/person\/4e19e3d2575736e5283d58eb3199d120"},"headline":"D\u00f3lar encerra em queda com poss\u00edvel acordo comercial entre EUA e China","datePublished":"2019-09-20T20:42:30+00:00","mainEntityOfPage":{"@id":"https:\/\/www.suno.com.br\/noticias\/dolar-queda-guerra-comercial-20092019\/"},"wordCount":485,"publisher":{"@id":"https:\/\/www.suno.com.br\/noticias\/#organization"},"image":{"@id":"https:\/\/www.suno.com.br\/noticias\/dolar-queda-guerra-comercial-20092019\/#primaryimage"},"thumbnailUrl":"https:\/\/files.sunoresearch.com.br\/n\/uploads\/2018\/12\/683f39f8-d\u00f3lar-scaled.webp","keywords":["Apple (AAPL34)","China","d\u00f3lar","Donald Trump","guerra comercial","Ir\u00e3"],"articleSection":["Mercado"],"inLanguage":"pt-BR"},{"@type":"WebPage","@id":"https:\/\/www.suno.com.br\/noticias\/dolar-queda-guerra-comercial-20092019\/","url":"https:\/\/www.suno.com.br\/noticias\/dolar-queda-guerra-comercial-20092019\/","name":"D\u00f3lar encerra em queda com poss\u00edvel acordo comercial entre EUA e China","isPartOf":{"@id":"https:\/\/www.suno.com.br\/noticias\/#website"},"primaryImageOfPage":{"@id":"https:\/\/www.suno.com.br\/noticias\/dolar-queda-guerra-comercial-20092019\/#primaryimage"},"image":{"@id":"https:\/\/www.suno.com.br\/noticias\/dolar-queda-guerra-comercial-20092019\/#primaryimage"},"thumbnailUrl":"https:\/\/files.sunoresearch.com.br\/n\/uploads\/2018\/12\/683f39f8-d\u00f3lar-scaled.webp","datePublished":"2019-09-20T20:42:30+00:00","description":"O d\u00f3lar encerrou o preg\u00e3o desta sexta-feira (20) em queda de 0,257%, negociando a R$ 4,1535 na venda. Clique para saber mais.","breadcrumb":{"@id":"https:\/\/www.suno.com.br\/noticias\/dolar-queda-guerra-comercial-20092019\/#breadcrumb"},"inLanguage":"pt-BR","potentialAction":[{"@type":"ReadAction","target":["https:\/\/www.suno.com.br\/noticias\/dolar-queda-guerra-comercial-20092019\/"]}]},{"@type":"ImageObject","inLanguage":"pt-BR","@id":"https:\/\/www.suno.com.br\/noticias\/dolar-queda-guerra-comercial-20092019\/#primaryimage","url":"https:\/\/files.sunoresearch.com.br\/n\/uploads\/2018\/12\/683f39f8-d\u00f3lar-scaled.webp","contentUrl":"https:\/\/files.sunoresearch.com.br\/n\/uploads\/2018\/12\/683f39f8-d\u00f3lar-scaled.webp","width":2560,"height":1704,"caption":"D\u00f3lar abre em alta de 0,5%; indicadores econ\u00f4micos no radar"},{"@type":"BreadcrumbList","@id":"https:\/\/www.suno.com.br\/noticias\/dolar-queda-guerra-comercial-20092019\/#breadcrumb","itemListElement":[{"@type":"ListItem","position":1,"name":"Not\u00edcias","item":"https:\/\/www.suno.com.br\/noticias\/"},{"@type":"ListItem","position":2,"name":"Mercado","item":"https:\/\/www.suno.com.br\/noticias\/mercado\/"},{"@type":"ListItem","position":3,"name":"D\u00f3lar encerra em queda com poss\u00edvel acordo comercial entre EUA e China"}]},{"@type":"WebSite","@id":"https:\/\/www.suno.com.br\/noticias\/#website","url":"https:\/\/www.suno.com.br\/noticias\/","name":"Suno Not\u00edcias","description":"Seu portal de informa\u00e7\u00e3o sobre o mundo dos investimentos","publisher":{"@id":"https:\/\/www.suno.com.br\/noticias\/#organization"},"potentialAction":[{"@type":"SearchAction","target":{"@type":"EntryPoint","urlTemplate":"https:\/\/www.suno.com.br\/noticias\/?s={search_term_string}"},"query-input":{"@type":"PropertyValueSpecification","valueRequired":true,"valueName":"search_term_string"}}],"inLanguage":"pt-BR"},{"@type":"Organization","@id":"https:\/\/www.suno.com.br\/noticias\/#organization","name":"Suno Not\u00edcias","url":"https:\/\/www.suno.com.br\/noticias\/","logo":{"@type":"ImageObject","inLanguage":"pt-BR","@id":"https:\/\/www.suno.com.br\/noticias\/#\/schema\/logo\/image\/","url":"https:\/\/files.sunoresearch.com.br\/n\/uploads\/2021\/09\/suno-logo.png","contentUrl":"https:\/\/files.sunoresearch.com.br\/n\/uploads\/2021\/09\/suno-logo.png","width":180,"height":180,"caption":"Suno Not\u00edcias"},"image":{"@id":"https:\/\/www.suno.com.br\/noticias\/#\/schema\/logo\/image\/"},"sameAs":["https:\/\/facebook.com\/sunoresearch","https:\/\/x.com\/sunoresearch","https:\/\/www.instagram.com\/suno","https:\/\/www.linkedin.com\/company\/suno-research\/","https:\/\/www.youtube.com\/c\/sunoresearch"]},{"@type":"Person","@id":"https:\/\/www.suno.com.br\/noticias\/#\/schema\/person\/4e19e3d2575736e5283d58eb3199d120","name":"Giovanna Oliveira","image":{"@type":"ImageObject","inLanguage":"pt-BR","@id":"https:\/\/www.suno.com.br\/noticias\/#\/schema\/person\/image\/","url":"https:\/\/secure.gravatar.com\/avatar\/9a37b3ae208962ac568992d0ffdbc2eb?s=96&r=g","contentUrl":"https:\/\/secure.gravatar.com\/avatar\/9a37b3ae208962ac568992d0ffdbc2eb?s=96&r=g","caption":"Giovanna Oliveira"},"description":"Giovanna Oliveira escreve sobre economia e pol\u00edtica. Foi rep\u00f3rter do portal de jornalismo da ESPM-SP e produziu conte\u00fado para a Corinthians TV. \u00c9 estudante da ESPM.","url":"https:\/\/www.suno.com.br\/noticias\/author\/giovanna\/"}]}},"default_loop_html":"<div class=\"cardsPage__listCard__boxs\"><div class=\"cardsPage__listCard__boxs__img\"><a href=\"https:\/\/www.suno.com.br\/noticias\/dolar-queda-guerra-comercial-20092019\/\"><img class=\"mask\" src=\"https:\/\/www.suno.com.br\/noticias\/wp-content\/themes\/suno\/resources\/images\/spotlight\/spotlight1img\/bg-mask.png\" alt=\"Image Mask\"\/><img src=\"https:\/\/files.sunoresearch.com.br\/n\/uploads\/2018\/12\/683f39f8-d\u00f3lar-400x200.webp\" alt=\"D\u00f3lar encerra em queda com poss\u00edvel acordo comercial entre EUA e China\"\/><\/a><span class=\"spotlightCategory\"><a href=\"https:\/\/www.suno.com.br\/noticias\/mercado\/\">Mercado<\/a><\/span><\/div><div class=\"cardsPage__listCard__boxs__content\"><a href=\"https:\/\/www.suno.com.br\/noticias\/dolar-queda-guerra-comercial-20092019\/\"><h2 class=\"content__title\">D\u00f3lar encerra em queda com poss\u00edvel acordo comercial entre EUA e China<\/h2><\/a><div class=\"newsContent__article__meta\"><div class=\"newsContent__article__meta__authorBox\"><a href=\"https:\/\/www.suno.com.br\/noticias\/author\/giovanna\/\" class=\"authorBox__avatar noMobi\"><img src=\"https:\/\/files.sunoresearch.com.br\/n\/uploads\/2019\/06\/952a89ca-screenshot_20190608-171507-150x150.webp\" alt=\"Giovanna Oliveira\"><\/a><div class=\"authorBox__name\"><span>por\n\t\t\t<a href=\"https:\/\/www.suno.com.br\/noticias\/author\/giovanna\/\"><span itemprop=\"author\">Giovanna Oliveira<\/span><\/a><\/span><time datetime=\"2019-09-20T17:42:30-03:00\" itemprop=\"datePublished\">20\/09\/2019 17:42<\/time><\/div><\/div><\/div><\/div><\/div>","single_layout":"posts","amp_enabled":true,"_links":{"self":[{"href":"https:\/\/www.suno.com.br\/noticias\/wp-json\/wp\/v2\/posts\/38388"}],"collection":[{"href":"https:\/\/www.suno.com.br\/noticias\/wp-json\/wp\/v2\/posts"}],"about":[{"href":"https:\/\/www.suno.com.br\/noticias\/wp-json\/wp\/v2\/types\/post"}],"author":[{"embeddable":true,"href":"https:\/\/www.suno.com.br\/noticias\/wp-json\/wp\/v2\/users\/18"}],"replies":[{"embeddable":true,"href":"https:\/\/www.suno.com.br\/noticias\/wp-json\/wp\/v2\/comments?post=38388"}],"version-history":[{"count":0,"href":"https:\/\/www.suno.com.br\/noticias\/wp-json\/wp\/v2\/posts\/38388\/revisions"}],"wp:featuredmedia":[{"embeddable":true,"href":"https:\/\/www.suno.com.br\/noticias\/wp-json\/wp\/v2\/media\/8964"}],"wp:attachment":[{"href":"https:\/\/www.suno.com.br\/noticias\/wp-json\/wp\/v2\/media?parent=38388"}],"wp:term":[{"taxonomy":"category","embeddable":true,"href":"https:\/\/www.suno.com.br\/noticias\/wp-json\/wp\/v2\/categories?post=38388"},{"taxonomy":"post_tag","embeddable":true,"href":"https:\/\/www.suno.com.br\/noticias\/wp-json\/wp\/v2\/tags?post=38388"},{"taxonomy":"suno_strategy","embeddable":true,"href":"https:\/\/www.suno.com.br\/noticias\/wp-json\/wp\/v2\/suno_strategy?post=38388"}],"curies":[{"name":"wp","href":"https:\/\/api.w.org\/{rel}","templated":true}]}}