{"id":383617,"date":"2023-03-31T09:30:16","date_gmt":"2023-03-31T12:30:16","guid":{"rendered":"https:\/\/www.suno.com.br\/noticias\/?p=383617"},"modified":"2023-03-31T14:06:59","modified_gmt":"2023-03-31T17:06:59","slug":"vale-vale3-nega-deposito-bilionario-mariana","status":"publish","type":"post","link":"https:\/\/www.suno.com.br\/noticias\/vale-vale3-nega-deposito-bilionario-mariana\/","title":{"rendered":"Vale (VALE3) nega conhecimento sobre decis\u00e3o judicial e dep\u00f3sito de R$ 10,3 bilh\u00f5es"},"content":{"rendered":"<p>A <a class=\"suno-keyword\" data-force=\"yes\" data-priority=\"2\" href=\"https:\/\/www.suno.com.br\/acoes\/VALE3\/\" target=\"_blank\" rel=\"noopener\"><strong>Vale <\/strong>(VALE3)<\/a> veio a p\u00fablico nesta sexta-feira (31) afirmar que n\u00e3o foi notificada sobre uma decis\u00e3o judicial que implicou em um dep\u00f3sito de R$ 10,3 bilh\u00f5es pela mineradora.<\/p><div class=\"videoFull \">\n\t\t\t<div class=\"videoWrapper yt-lazyload center\"\n\t\t\t\tdata-width=\"960\"\n\t\t\t\tdata-height=\"540\"\n\t\t\t\tdata-id=\"JNXhEObfyyw\"\n\t\t\t\tdata-alt=\"V\u00eddeo do YouTube - clique para reproduzir\"\n\t\t\t\tdata-logo=\"3\"\n\t\t\t\tdata-imagequality=\"maxres\">\n\t\t\t<\/div>\n\t\t<\/div><script type=\"application\/ld+json\">{\"@context\":\"https:\/\/schema.org\",\"@type\":\"VideoObject\",\"name\":\"Consignado do INSS: bancos voltam a liberar empr\u00e9stimos ap\u00f3s nova proposta do governo\",\"description\":\"Depois de bancos p\u00fablicos e privados simplesmente terem desistido de conceder empr\u00e9stimos consignados para aposentados e pensionistas do INSS, uma for\u00e7a-tarefa do governo, em negocia\u00e7\u00e3o com a Febraban, definiu um novo limite para os juros da modalidade. \ud83d\udcc8 \ud835\udc00 \ud835\udc12\ud835\udc2e\ud835\udc27\ud835\udc28 \ud835\udc1e \ud835\udc1a \ud835\udc01\ud835\udfd1 \ud835\uddf9\ud835\uddee\ud835\uddfb\u00e7\ud835\uddee\ud835\uddff\ud835\uddee\ud835\uddfa \ud835\udc2e\ud835\udc26 \ud835\udc1c\ud835\udc2e\ud835\udc2b\ud835\udc2c\ud835\udc28 \ud835\udc2a\ud835\udc2e\ud835\udc1e \ud835\udc2f\ud835\udc1a\ud835\udc22 \ud835\udc2d\ud835\udc1e \ud835\udc1e\ud835\udc27\ud835\udc2c\ud835\udc22\ud835\udc27\ud835\udc1a\ud835\udc2b \ud835\udc1d\ud835\udc1e \ud835\udc06\ud835\udc11\ud835\udc00\u00c7\ud835\udc00 \ud835\udc28 \ud835\udc29\ud835\udc1a\ud835\udc2c\ud835\udc2c\ud835\udc28 \ud835\udc1a\u2026\",\"duration\":\"PT3M25S\",\"embedUrl\":\"https:\/\/www.youtube.com\/embed\/JNXhEObfyyw\",\"regionsAllowed\":\"pt-BR\",\"interactionStatistic\":{\"@type\":\"InteractionCounter\",\"interactionType\":{\"@type\":\"WatchAction\"},\"userInteractionCount\":452},\"thumbnailUrl\":\"https:\/\/i.ytimg.com\/vi\/JNXhEObfyyw\/default.jpg\",\"uploadDate\":\"2023-03-29T19:30:01Z\"}<\/script>\n\n\n\n\n\t<p>\n\t\t<a href=\"\" target=\"_blank\" data-element=\"shortcode-suno-banner\" title=\"Banner SUNO, clique e saiba mais\">\n\t\t\t<picture>\n\t\t\t\t<source media=\"(max-width: 500px)\" srcset=\"\">\n\t\t\t\t<img class=\"newsContent__article__imgCapa newsContent__article__imgCapa--banner\"\n\t\t\t\t\tsrc=\"\"\n\t\t\t\t\tdata-promo-id=\"250706\"\t\t\t\t\t\t\t\t\t\t\t\t\t\t\talt=\"\"\n\t\t\t\t>\n\t\t\t<\/picture>\n\t\t<\/a>\n\t<\/p>\n\n\n\n\n\n\n\n<p>O pagamento deveria ter sido feito pela Vale em conjunto com a BHP, visando garantir a execu\u00e7\u00e3o dos programas da Funda\u00e7\u00e3o Renova &#8211; criada para balizar projetos de repara\u00e7\u00e3o de danos causados pelo rompimento de barragem em Mariana (MG).<\/p>\n\n\n\n<p>O pagamento seria feito em 10 parcelas, sendo a primeira ap\u00f3s 40 dias da <strong>decis\u00e3o judicial<\/strong>.<\/p>\n\n\n\n<p>&#8220;A Vale refor\u00e7a seu compromisso com a repara\u00e7\u00e3o e compensa\u00e7\u00e3o em favor da sociedade e meio ambiente e registra que, em cumprimento \u00e0s disposi\u00e7\u00f5es do Termo de Transa\u00e7\u00e3o e Ajustamento de Conduta, mant\u00e9m os repasses feitos em favor da Funda\u00e7\u00e3o Renova, entidade criada em conjunto com o Poder P\u00fablico, para repara\u00e7\u00e3o integral dos danos causados pelo rompimento da barragem de Fund\u00e3o&#8221;, consta no <a class=\"suno-keyword\" target=\"_blank\" data-force=\"no\" data-priority=\"1\" href=\"https:\/\/www.suno.com.br\/artigos\/fato-relevante\/\" rel=\"noopener\">fato relevante<\/a> da Vale.<\/p>\n\n\n\n<p>&#8220;At\u00e9 janeiro de 2023, j\u00e1 foram indenizadas mais de 410,8 mil pessoas, com mais de R$ 28,42 bilh\u00f5es destinados \u00e0s a\u00e7\u00f5es executadas pela Funda\u00e7\u00e3o Renova&#8221;, <a href=\"https:\/\/www.rad.cvm.gov.br\/ENET\/frmExibirArquivoIPEExterno.aspx?NumeroProtocoloEntrega=1080602\" target=\"_blank\" rel=\"noreferrer noopener\">completa a mineradora em seu documento<\/a>.<\/p>\n\n\n\n<p>A manifesta\u00e7\u00e3o da mineradora ocorre ap\u00f3s, na quinta-feira (30), conforme publica\u00e7\u00e3o do portal G1, o pedido de dep\u00f3sito ter sido feito para que os programas, projetos e a\u00e7\u00f5es da funda\u00e7\u00e3o incluam os munic\u00edpios citados na Delibera\u00e7\u00e3o 58\/2017 do Comit\u00ea Interfederativo.<\/p>\n\n\n\t<p>\n\t\t<a href=\"https:\/\/lp.suno.com.br\/planilha-controle-gastos\/\" target=\"_blank\" data-element=\"shortcode-suno-banner\" title=\"Banner SUNO, clique e saiba mais\">\n\t\t\t<picture>\n\t\t\t\t<source media=\"(max-width: 500px)\" srcset=\"https:\/\/files.sunoresearch.com.br\/n\/uploads\/2023\/03\/400x300-Planilha-controle-de-gastos.png\">\n\t\t\t\t<img class=\"newsContent__article__imgCapa newsContent__article__imgCapa--banner\"\n\t\t\t\t\tsrc=\"https:\/\/files.sunoresearch.com.br\/n\/uploads\/2023\/03\/1420x240-Planilha-controle-de-gastos.png\"\n\t\t\t\t\tdata-promo-id=\"101751\"\t\t\t\t\t\t\t\t\t\twidth='1420' height='240'\t\t\t\t\talt=\"https:\/\/files.sunoresearch.com.br\/n\/uploads\/2023\/03\/1420x240-Planilha-controle-de-gastos.png\"\n\t\t\t\t>\n\t\t\t<\/picture>\n\t\t<\/a>\n\t<\/p>\n\n\n\n\n\n<h2 class=\"wp-block-heading\">Vale assina acordos na China que incluem usina de ferro-n\u00edquel, biocarv\u00e3o e linhas de cr\u00e9dito<\/h2>\n\n\n\n<p>A&nbsp;Vale anunciou ainda no fim deste m\u00eas de mar\u00e7o a assinatura de sete acordos na China para refor\u00e7ar sua agenda estrat\u00e9gica e fortalecer o relacionamento com o pa\u00eds. <\/p>\n\n\n\n<p>De acordo com mineradora, os acordos envolvem solu\u00e7\u00f5es de descarboniza\u00e7\u00e3o e tamb\u00e9m coopera\u00e7\u00e3o financeira, t\u00e9cnica e econ\u00f4mica em pesquisa.<\/p>\n\n\n\n<p>Autoridades brasileiras e chinesas em Pequim. Os <strong>acordos da Vale com a China<\/strong> s\u00e3o os seguintes:<\/p>\n\n\n\n<ul class=\"wp-block-list\">\n<li>investimento do Projeto Morowali, na Indon\u00e9sia; <\/li>\n\n\n\n<li>2 acordos para apoiar a agenda de descarboniza\u00e7\u00e3o da empresa em parceria com um cliente chin\u00eas e um fornecedor chin\u00eas, respectivamente; <\/li>\n\n\n\n<li>2 Memorandos de Entendimento de coopera\u00e7\u00e3o estrat\u00e9gica abrangente assinados com bancos chineses l\u00edderes; <\/li>\n\n\n\n<li>2 acordos para fortalecer a coopera\u00e7\u00e3o com universidades chinesas.<\/li>\n<\/ul>\n\n\n\n<p>&#8220;Como parceira da China h\u00e1 50 anos e fornecedora confi\u00e1vel de mat\u00e9rias-primas para a ind\u00fastria sider\u00fargica chinesa, a&nbsp;Vale&nbsp;tem um compromisso de <a class=\"suno-keyword\" data-force=\"no\" data-priority=\"1\" href=\"https:\/\/www.suno.com.br\/artigos\/longo-prazo\/\" target=\"_blank\" rel=\"noopener\">longo prazo<\/a> com o mercado chin\u00eas&#8221;, disse Alexandre Silva D&#8217;Ambrosio, vice-presidente executivo de Assuntos Corporativos e Institucionais da <strong>Vale<\/strong>.<\/p>\n\n\n\t<p>\n\t\t<a href=\"https:\/\/lp.suno.com.br\/ebook-como-analisar-uma-acao\/\" target=\"_blank\" data-element=\"shortcode-suno-banner\" title=\"Banner SUNO, clique e saiba mais\">\n\t\t\t<picture>\n\t\t\t\t<source media=\"(max-width: 500px)\" srcset=\"https:\/\/files.sunoresearch.com.br\/n\/uploads\/2023\/03\/Ebook-Acoes-Mobile-1.jpg\">\n\t\t\t\t<img class=\"newsContent__article__imgCapa newsContent__article__imgCapa--banner\"\n\t\t\t\t\tsrc=\"https:\/\/files.sunoresearch.com.br\/n\/uploads\/2023\/03\/Ebook-Acoes-Desktop-1.jpg\"\n\t\t\t\t\tdata-promo-id=\"171998\"\t\t\t\t\t\t\t\t\t\twidth='1420' height='286'\t\t\t\t\talt=\"https:\/\/files.sunoresearch.com.br\/n\/uploads\/2023\/03\/Ebook-Acoes-Desktop-1.jpg\"\n\t\t\t\t>\n\t\t\t<\/picture>\n\t\t<\/a>\n\t<\/p>\n\n\n","protected":false},"excerpt":{"rendered":"<p>A Vale (VALE3) veio a p\u00fablico nesta sexta-feira (31) afirmar que n\u00e3o foi notificada sobre uma decis\u00e3o judicial que implicou em um dep\u00f3sito de R$ 10,3 bilh\u00f5es pela mineradora. O pagamento deveria ter sido feito pela Vale em conjunto com a BHP, visando garantir a execu\u00e7\u00e3o dos programas da Funda\u00e7\u00e3o Renova &#8211; criada para balizar [&hellip;]<\/p>\n","protected":false},"author":73,"featured_media":368083,"comment_status":"closed","ping_status":"closed","sticky":false,"template":"","format":"standard","meta":[],"categories":[64],"tags":[676],"suno_strategy":[],"class_list":["post-383617","post","type-post","status-publish","format-standard","has-post-thumbnail","hentry","category-negocios","tag-vale-vale3"],"yoast_head":"<!-- This site is optimized with the Yoast SEO plugin v24.4 - https:\/\/yoast.com\/wordpress\/plugins\/seo\/ -->\n<title>Vale (VALE3) nega conhecimento de dep\u00f3sito de R$ 10,3 bilh\u00f5es<\/title>\n<meta name=\"description\" content=\"Dep\u00f3sito da Vale deveria ter sido feito a projeto de repara\u00e7\u00e3o de danos do rompimento da barragem de Mariana. Clique e confira!\" \/>\n<meta name=\"robots\" content=\"index, follow, max-snippet:-1, max-image-preview:large, max-video-preview:-1\" \/>\n<link rel=\"canonical\" href=\"https:\/\/www.suno.com.br\/noticias\/vale-vale3-nega-deposito-bilionario-mariana\/\" \/>\n<meta property=\"og:locale\" content=\"pt_BR\" \/>\n<meta property=\"og:type\" content=\"article\" \/>\n<meta property=\"og:title\" content=\"Vale (VALE3) nega conhecimento de dep\u00f3sito de R$ 10,3 bilh\u00f5es\" \/>\n<meta property=\"og:description\" content=\"Dep\u00f3sito da Vale deveria ter sido feito a projeto de repara\u00e7\u00e3o de danos do rompimento da barragem de Mariana. Clique e confira!\" \/>\n<meta property=\"og:url\" content=\"https:\/\/www.suno.com.br\/noticias\/vale-vale3-nega-deposito-bilionario-mariana\/\" \/>\n<meta property=\"og:site_name\" content=\"Suno Not\u00edcias\" \/>\n<meta property=\"article:publisher\" content=\"https:\/\/facebook.com\/sunoresearch\" \/>\n<meta property=\"og:image\" content=\"https:\/\/files.sunoresearch.com.br\/n\/uploads\/2023\/02\/vale-vale3-1.jpg\" \/>\n\t<meta property=\"og:image:width\" content=\"1433\" \/>\n\t<meta property=\"og:image:height\" content=\"800\" \/>\n\t<meta property=\"og:image:type\" content=\"image\/jpeg\" \/>\n<meta name=\"author\" content=\"Eduardo Vargas\" \/>\n<meta name=\"twitter:card\" content=\"summary_large_image\" \/>\n<meta name=\"twitter:creator\" content=\"@sunoresearch\" \/>\n<meta name=\"twitter:site\" content=\"@sunoresearch\" \/>\n<meta name=\"twitter:label1\" content=\"Escrito por\" \/>\n\t<meta name=\"twitter:data1\" content=\"Eduardo Vargas\" \/>\n\t<meta name=\"twitter:label2\" content=\"Est. tempo de leitura\" \/>\n\t<meta name=\"twitter:data2\" content=\"3 minutos\" \/>\n<script type=\"application\/ld+json\" class=\"yoast-schema-graph\">{\"@context\":\"https:\/\/schema.org\",\"@graph\":[{\"@type\":\"NewsArticle\",\"@id\":\"https:\/\/www.suno.com.br\/noticias\/vale-vale3-nega-deposito-bilionario-mariana\/#article\",\"isPartOf\":{\"@id\":\"https:\/\/www.suno.com.br\/noticias\/vale-vale3-nega-deposito-bilionario-mariana\/\"},\"author\":{\"name\":\"Eduardo Vargas\",\"@id\":\"https:\/\/www.suno.com.br\/noticias\/#\/schema\/person\/7f4d362bf3518e76090143ae77bb49a5\"},\"headline\":\"Vale (VALE3) nega conhecimento sobre decis\u00e3o judicial e dep\u00f3sito de R$ 10,3 bilh\u00f5es\",\"datePublished\":\"2023-03-31T12:30:16+00:00\",\"dateModified\":\"2023-03-31T17:06:59+00:00\",\"mainEntityOfPage\":{\"@id\":\"https:\/\/www.suno.com.br\/noticias\/vale-vale3-nega-deposito-bilionario-mariana\/\"},\"wordCount\":466,\"publisher\":{\"@id\":\"https:\/\/www.suno.com.br\/noticias\/#organization\"},\"image\":{\"@id\":\"https:\/\/www.suno.com.br\/noticias\/vale-vale3-nega-deposito-bilionario-mariana\/#primaryimage\"},\"thumbnailUrl\":\"https:\/\/files.sunoresearch.com.br\/n\/uploads\/2023\/02\/vale-vale3-1.jpg\",\"keywords\":[\"Vale (VALE3)\"],\"articleSection\":[\"Neg\u00f3cios\"],\"inLanguage\":\"pt-BR\"},{\"@type\":\"WebPage\",\"@id\":\"https:\/\/www.suno.com.br\/noticias\/vale-vale3-nega-deposito-bilionario-mariana\/\",\"url\":\"https:\/\/www.suno.com.br\/noticias\/vale-vale3-nega-deposito-bilionario-mariana\/\",\"name\":\"Vale (VALE3) nega conhecimento de dep\u00f3sito de R$ 10,3 bilh\u00f5es\",\"isPartOf\":{\"@id\":\"https:\/\/www.suno.com.br\/noticias\/#website\"},\"primaryImageOfPage\":{\"@id\":\"https:\/\/www.suno.com.br\/noticias\/vale-vale3-nega-deposito-bilionario-mariana\/#primaryimage\"},\"image\":{\"@id\":\"https:\/\/www.suno.com.br\/noticias\/vale-vale3-nega-deposito-bilionario-mariana\/#primaryimage\"},\"thumbnailUrl\":\"https:\/\/files.sunoresearch.com.br\/n\/uploads\/2023\/02\/vale-vale3-1.jpg\",\"datePublished\":\"2023-03-31T12:30:16+00:00\",\"dateModified\":\"2023-03-31T17:06:59+00:00\",\"description\":\"Dep\u00f3sito da Vale deveria ter sido feito a projeto de repara\u00e7\u00e3o de danos do rompimento da barragem de Mariana. Clique e confira!\",\"breadcrumb\":{\"@id\":\"https:\/\/www.suno.com.br\/noticias\/vale-vale3-nega-deposito-bilionario-mariana\/#breadcrumb\"},\"inLanguage\":\"pt-BR\",\"potentialAction\":[{\"@type\":\"ReadAction\",\"target\":[\"https:\/\/www.suno.com.br\/noticias\/vale-vale3-nega-deposito-bilionario-mariana\/\"]}]},{\"@type\":\"ImageObject\",\"inLanguage\":\"pt-BR\",\"@id\":\"https:\/\/www.suno.com.br\/noticias\/vale-vale3-nega-deposito-bilionario-mariana\/#primaryimage\",\"url\":\"https:\/\/files.sunoresearch.com.br\/n\/uploads\/2023\/02\/vale-vale3-1.jpg\",\"contentUrl\":\"https:\/\/files.sunoresearch.com.br\/n\/uploads\/2023\/02\/vale-vale3-1.jpg\",\"width\":1433,\"height\":800,\"caption\":\"A\u00e7\u00f5es da Vale (VALE3) sobem com revis\u00e3o do min\u00e9rio e possibilidade de dividendos. Foto: Reprodu\u00e7\u00e3o Facebook\"},{\"@type\":\"BreadcrumbList\",\"@id\":\"https:\/\/www.suno.com.br\/noticias\/vale-vale3-nega-deposito-bilionario-mariana\/#breadcrumb\",\"itemListElement\":[{\"@type\":\"ListItem\",\"position\":1,\"name\":\"Not\u00edcias\",\"item\":\"https:\/\/www.suno.com.br\/noticias\/\"},{\"@type\":\"ListItem\",\"position\":2,\"name\":\"Neg\u00f3cios\",\"item\":\"https:\/\/www.suno.com.br\/noticias\/negocios\/\"},{\"@type\":\"ListItem\",\"position\":3,\"name\":\"Vale (VALE3) nega conhecimento sobre decis\u00e3o judicial e dep\u00f3sito de R$ 10,3 bilh\u00f5es\"}]},{\"@type\":\"WebSite\",\"@id\":\"https:\/\/www.suno.com.br\/noticias\/#website\",\"url\":\"https:\/\/www.suno.com.br\/noticias\/\",\"name\":\"Suno Not\u00edcias\",\"description\":\"Seu portal de informa\u00e7\u00e3o sobre o mundo dos investimentos\",\"publisher\":{\"@id\":\"https:\/\/www.suno.com.br\/noticias\/#organization\"},\"potentialAction\":[{\"@type\":\"SearchAction\",\"target\":{\"@type\":\"EntryPoint\",\"urlTemplate\":\"https:\/\/www.suno.com.br\/noticias\/?s={search_term_string}\"},\"query-input\":{\"@type\":\"PropertyValueSpecification\",\"valueRequired\":true,\"valueName\":\"search_term_string\"}}],\"inLanguage\":\"pt-BR\"},{\"@type\":\"Organization\",\"@id\":\"https:\/\/www.suno.com.br\/noticias\/#organization\",\"name\":\"Suno Not\u00edcias\",\"url\":\"https:\/\/www.suno.com.br\/noticias\/\",\"logo\":{\"@type\":\"ImageObject\",\"inLanguage\":\"pt-BR\",\"@id\":\"https:\/\/www.suno.com.br\/noticias\/#\/schema\/logo\/image\/\",\"url\":\"https:\/\/files.sunoresearch.com.br\/n\/uploads\/2021\/09\/suno-logo.png\",\"contentUrl\":\"https:\/\/files.sunoresearch.com.br\/n\/uploads\/2021\/09\/suno-logo.png\",\"width\":180,\"height\":180,\"caption\":\"Suno Not\u00edcias\"},\"image\":{\"@id\":\"https:\/\/www.suno.com.br\/noticias\/#\/schema\/logo\/image\/\"},\"sameAs\":[\"https:\/\/facebook.com\/sunoresearch\",\"https:\/\/x.com\/sunoresearch\",\"https:\/\/www.instagram.com\/suno\",\"https:\/\/www.linkedin.com\/company\/suno-research\/\",\"https:\/\/www.youtube.com\/c\/sunoresearch\"]},{\"@type\":\"Person\",\"@id\":\"https:\/\/www.suno.com.br\/noticias\/#\/schema\/person\/7f4d362bf3518e76090143ae77bb49a5\",\"name\":\"Eduardo Vargas\",\"image\":{\"@type\":\"ImageObject\",\"inLanguage\":\"pt-BR\",\"@id\":\"https:\/\/www.suno.com.br\/noticias\/#\/schema\/person\/image\/\",\"url\":\"https:\/\/secure.gravatar.com\/avatar\/dac340933427a22924c9f99d1eb2e3f2?s=96&r=g\",\"contentUrl\":\"https:\/\/secure.gravatar.com\/avatar\/dac340933427a22924c9f99d1eb2e3f2?s=96&r=g\",\"caption\":\"Eduardo Vargas\"},\"description\":\"Jornalista formado pela UFSC, cobre macroeconomia, neg\u00f3cios e startups para o Suno Not\u00edcias, escrevendo principalmente not\u00edcias sobre o mercado financeiro e a bolsa de valores. No YouTube e no Instagram, \u00e9 respons\u00e1vel pela produ\u00e7\u00e3o de Reels e Shorts do Suno Not\u00edcias. Anteriormente, trabalhou cobrindo economia e cotidiano no ND+ e para o ND, maior jornal impresso de Santa Catarina. Cursou um semestre letivo de Estudos de M\u00eddia na Universidad de Buenos Aires.\",\"url\":\"https:\/\/www.suno.com.br\/noticias\/author\/eduardo-vargas\/\"}]}<\/script>\n<!-- \/ Yoast SEO plugin. -->","yoast_head_json":{"title":"Vale (VALE3) nega conhecimento de dep\u00f3sito de R$ 10,3 bilh\u00f5es","description":"Dep\u00f3sito da Vale deveria ter sido feito a projeto de repara\u00e7\u00e3o de danos do rompimento da barragem de Mariana. Clique e confira!","robots":{"index":"index","follow":"follow","max-snippet":"max-snippet:-1","max-image-preview":"max-image-preview:large","max-video-preview":"max-video-preview:-1"},"canonical":"https:\/\/www.suno.com.br\/noticias\/vale-vale3-nega-deposito-bilionario-mariana\/","og_locale":"pt_BR","og_type":"article","og_title":"Vale (VALE3) nega conhecimento de dep\u00f3sito de R$ 10,3 bilh\u00f5es","og_description":"Dep\u00f3sito da Vale deveria ter sido feito a projeto de repara\u00e7\u00e3o de danos do rompimento da barragem de Mariana. Clique e confira!","og_url":"https:\/\/www.suno.com.br\/noticias\/vale-vale3-nega-deposito-bilionario-mariana\/","og_site_name":"Suno Not\u00edcias","article_publisher":"https:\/\/facebook.com\/sunoresearch","og_image":[{"width":1433,"height":800,"url":"https:\/\/files.sunoresearch.com.br\/n\/uploads\/2023\/02\/vale-vale3-1.jpg","type":"image\/jpeg"}],"author":"Eduardo Vargas","twitter_card":"summary_large_image","twitter_creator":"@sunoresearch","twitter_site":"@sunoresearch","twitter_misc":{"Escrito por":"Eduardo Vargas","Est. tempo de leitura":"3 minutos"},"schema":{"@context":"https:\/\/schema.org","@graph":[{"@type":"NewsArticle","@id":"https:\/\/www.suno.com.br\/noticias\/vale-vale3-nega-deposito-bilionario-mariana\/#article","isPartOf":{"@id":"https:\/\/www.suno.com.br\/noticias\/vale-vale3-nega-deposito-bilionario-mariana\/"},"author":{"name":"Eduardo Vargas","@id":"https:\/\/www.suno.com.br\/noticias\/#\/schema\/person\/7f4d362bf3518e76090143ae77bb49a5"},"headline":"Vale (VALE3) nega conhecimento sobre decis\u00e3o judicial e dep\u00f3sito de R$ 10,3 bilh\u00f5es","datePublished":"2023-03-31T12:30:16+00:00","dateModified":"2023-03-31T17:06:59+00:00","mainEntityOfPage":{"@id":"https:\/\/www.suno.com.br\/noticias\/vale-vale3-nega-deposito-bilionario-mariana\/"},"wordCount":466,"publisher":{"@id":"https:\/\/www.suno.com.br\/noticias\/#organization"},"image":{"@id":"https:\/\/www.suno.com.br\/noticias\/vale-vale3-nega-deposito-bilionario-mariana\/#primaryimage"},"thumbnailUrl":"https:\/\/files.sunoresearch.com.br\/n\/uploads\/2023\/02\/vale-vale3-1.jpg","keywords":["Vale (VALE3)"],"articleSection":["Neg\u00f3cios"],"inLanguage":"pt-BR"},{"@type":"WebPage","@id":"https:\/\/www.suno.com.br\/noticias\/vale-vale3-nega-deposito-bilionario-mariana\/","url":"https:\/\/www.suno.com.br\/noticias\/vale-vale3-nega-deposito-bilionario-mariana\/","name":"Vale (VALE3) nega conhecimento de dep\u00f3sito de R$ 10,3 bilh\u00f5es","isPartOf":{"@id":"https:\/\/www.suno.com.br\/noticias\/#website"},"primaryImageOfPage":{"@id":"https:\/\/www.suno.com.br\/noticias\/vale-vale3-nega-deposito-bilionario-mariana\/#primaryimage"},"image":{"@id":"https:\/\/www.suno.com.br\/noticias\/vale-vale3-nega-deposito-bilionario-mariana\/#primaryimage"},"thumbnailUrl":"https:\/\/files.sunoresearch.com.br\/n\/uploads\/2023\/02\/vale-vale3-1.jpg","datePublished":"2023-03-31T12:30:16+00:00","dateModified":"2023-03-31T17:06:59+00:00","description":"Dep\u00f3sito da Vale deveria ter sido feito a projeto de repara\u00e7\u00e3o de danos do rompimento da barragem de Mariana. Clique e confira!","breadcrumb":{"@id":"https:\/\/www.suno.com.br\/noticias\/vale-vale3-nega-deposito-bilionario-mariana\/#breadcrumb"},"inLanguage":"pt-BR","potentialAction":[{"@type":"ReadAction","target":["https:\/\/www.suno.com.br\/noticias\/vale-vale3-nega-deposito-bilionario-mariana\/"]}]},{"@type":"ImageObject","inLanguage":"pt-BR","@id":"https:\/\/www.suno.com.br\/noticias\/vale-vale3-nega-deposito-bilionario-mariana\/#primaryimage","url":"https:\/\/files.sunoresearch.com.br\/n\/uploads\/2023\/02\/vale-vale3-1.jpg","contentUrl":"https:\/\/files.sunoresearch.com.br\/n\/uploads\/2023\/02\/vale-vale3-1.jpg","width":1433,"height":800,"caption":"A\u00e7\u00f5es da Vale (VALE3) sobem com revis\u00e3o do min\u00e9rio e possibilidade de dividendos. Foto: Reprodu\u00e7\u00e3o Facebook"},{"@type":"BreadcrumbList","@id":"https:\/\/www.suno.com.br\/noticias\/vale-vale3-nega-deposito-bilionario-mariana\/#breadcrumb","itemListElement":[{"@type":"ListItem","position":1,"name":"Not\u00edcias","item":"https:\/\/www.suno.com.br\/noticias\/"},{"@type":"ListItem","position":2,"name":"Neg\u00f3cios","item":"https:\/\/www.suno.com.br\/noticias\/negocios\/"},{"@type":"ListItem","position":3,"name":"Vale (VALE3) nega conhecimento sobre decis\u00e3o judicial e dep\u00f3sito de R$ 10,3 bilh\u00f5es"}]},{"@type":"WebSite","@id":"https:\/\/www.suno.com.br\/noticias\/#website","url":"https:\/\/www.suno.com.br\/noticias\/","name":"Suno Not\u00edcias","description":"Seu portal de informa\u00e7\u00e3o sobre o mundo dos investimentos","publisher":{"@id":"https:\/\/www.suno.com.br\/noticias\/#organization"},"potentialAction":[{"@type":"SearchAction","target":{"@type":"EntryPoint","urlTemplate":"https:\/\/www.suno.com.br\/noticias\/?s={search_term_string}"},"query-input":{"@type":"PropertyValueSpecification","valueRequired":true,"valueName":"search_term_string"}}],"inLanguage":"pt-BR"},{"@type":"Organization","@id":"https:\/\/www.suno.com.br\/noticias\/#organization","name":"Suno Not\u00edcias","url":"https:\/\/www.suno.com.br\/noticias\/","logo":{"@type":"ImageObject","inLanguage":"pt-BR","@id":"https:\/\/www.suno.com.br\/noticias\/#\/schema\/logo\/image\/","url":"https:\/\/files.sunoresearch.com.br\/n\/uploads\/2021\/09\/suno-logo.png","contentUrl":"https:\/\/files.sunoresearch.com.br\/n\/uploads\/2021\/09\/suno-logo.png","width":180,"height":180,"caption":"Suno Not\u00edcias"},"image":{"@id":"https:\/\/www.suno.com.br\/noticias\/#\/schema\/logo\/image\/"},"sameAs":["https:\/\/facebook.com\/sunoresearch","https:\/\/x.com\/sunoresearch","https:\/\/www.instagram.com\/suno","https:\/\/www.linkedin.com\/company\/suno-research\/","https:\/\/www.youtube.com\/c\/sunoresearch"]},{"@type":"Person","@id":"https:\/\/www.suno.com.br\/noticias\/#\/schema\/person\/7f4d362bf3518e76090143ae77bb49a5","name":"Eduardo Vargas","image":{"@type":"ImageObject","inLanguage":"pt-BR","@id":"https:\/\/www.suno.com.br\/noticias\/#\/schema\/person\/image\/","url":"https:\/\/secure.gravatar.com\/avatar\/dac340933427a22924c9f99d1eb2e3f2?s=96&r=g","contentUrl":"https:\/\/secure.gravatar.com\/avatar\/dac340933427a22924c9f99d1eb2e3f2?s=96&r=g","caption":"Eduardo Vargas"},"description":"Jornalista formado pela UFSC, cobre macroeconomia, neg\u00f3cios e startups para o Suno Not\u00edcias, escrevendo principalmente not\u00edcias sobre o mercado financeiro e a bolsa de valores. No YouTube e no Instagram, \u00e9 respons\u00e1vel pela produ\u00e7\u00e3o de Reels e Shorts do Suno Not\u00edcias. Anteriormente, trabalhou cobrindo economia e cotidiano no ND+ e para o ND, maior jornal impresso de Santa Catarina. Cursou um semestre letivo de Estudos de M\u00eddia na Universidad de Buenos Aires.","url":"https:\/\/www.suno.com.br\/noticias\/author\/eduardo-vargas\/"}]}},"default_loop_html":"<div class=\"cardsPage__listCard__boxs\"><div class=\"cardsPage__listCard__boxs__img\"><a href=\"https:\/\/www.suno.com.br\/noticias\/vale-vale3-nega-deposito-bilionario-mariana\/\"><img class=\"mask\" src=\"https:\/\/www.suno.com.br\/noticias\/wp-content\/themes\/suno\/resources\/images\/spotlight\/spotlight1img\/bg-mask.png\" alt=\"Image Mask\"\/><img src=\"https:\/\/files.sunoresearch.com.br\/n\/uploads\/2023\/02\/vale-vale3-1-400x200.jpg\" alt=\"Vale (VALE3) nega conhecimento sobre decis\u00e3o judicial e dep\u00f3sito de R$ 10,3 bilh\u00f5es\"\/><\/a><span class=\"spotlightCategory\"><a href=\"https:\/\/www.suno.com.br\/noticias\/negocios\/\">Neg\u00f3cios<\/a><\/span><\/div><div class=\"cardsPage__listCard__boxs__content\"><a href=\"https:\/\/www.suno.com.br\/noticias\/vale-vale3-nega-deposito-bilionario-mariana\/\"><h2 class=\"content__title\">Vale (VALE3) nega conhecimento sobre decis\u00e3o judicial e dep\u00f3sito de R$ 10,3 bilh\u00f5es<\/h2><\/a><div class=\"newsContent__article__meta\"><div class=\"newsContent__article__meta__authorBox\"><a href=\"https:\/\/www.suno.com.br\/noticias\/author\/eduardo-vargas\/\" class=\"authorBox__avatar noMobi\"><img src=\"https:\/\/secure.gravatar.com\/avatar\/dac340933427a22924c9f99d1eb2e3f2?s=96&#038;r=g\" alt=\"Eduardo Vargas\"><\/a><div class=\"authorBox__name\"><span>por\n\t\t\t<a href=\"https:\/\/www.suno.com.br\/noticias\/author\/eduardo-vargas\/\"><span itemprop=\"author\">Eduardo Vargas<\/span><\/a><\/span><time datetime=\"2023-03-31T09:30:16-03:00\" itemprop=\"datePublished\">31\/03\/2023 09:30<\/time><\/div><\/div><\/div><\/div><\/div>","single_layout":"posts","amp_enabled":true,"_links":{"self":[{"href":"https:\/\/www.suno.com.br\/noticias\/wp-json\/wp\/v2\/posts\/383617"}],"collection":[{"href":"https:\/\/www.suno.com.br\/noticias\/wp-json\/wp\/v2\/posts"}],"about":[{"href":"https:\/\/www.suno.com.br\/noticias\/wp-json\/wp\/v2\/types\/post"}],"author":[{"embeddable":true,"href":"https:\/\/www.suno.com.br\/noticias\/wp-json\/wp\/v2\/users\/73"}],"replies":[{"embeddable":true,"href":"https:\/\/www.suno.com.br\/noticias\/wp-json\/wp\/v2\/comments?post=383617"}],"version-history":[{"count":2,"href":"https:\/\/www.suno.com.br\/noticias\/wp-json\/wp\/v2\/posts\/383617\/revisions"}],"predecessor-version":[{"id":383758,"href":"https:\/\/www.suno.com.br\/noticias\/wp-json\/wp\/v2\/posts\/383617\/revisions\/383758"}],"wp:featuredmedia":[{"embeddable":true,"href":"https:\/\/www.suno.com.br\/noticias\/wp-json\/wp\/v2\/media\/368083"}],"wp:attachment":[{"href":"https:\/\/www.suno.com.br\/noticias\/wp-json\/wp\/v2\/media?parent=383617"}],"wp:term":[{"taxonomy":"category","embeddable":true,"href":"https:\/\/www.suno.com.br\/noticias\/wp-json\/wp\/v2\/categories?post=383617"},{"taxonomy":"post_tag","embeddable":true,"href":"https:\/\/www.suno.com.br\/noticias\/wp-json\/wp\/v2\/tags?post=383617"},{"taxonomy":"suno_strategy","embeddable":true,"href":"https:\/\/www.suno.com.br\/noticias\/wp-json\/wp\/v2\/suno_strategy?post=383617"}],"curies":[{"name":"wp","href":"https:\/\/api.w.org\/{rel}","templated":true}]}}