{"id":38316,"date":"2019-09-20T11:53:05","date_gmt":"2019-09-20T14:53:05","guid":{"rendered":"https:\/\/www.suno.com.br\/noticias\/?p=38316"},"modified":"2019-09-20T11:53:05","modified_gmt":"2019-09-20T14:53:05","slug":"arabia-saudita-ataca-rebeldes-terrorista-houthis","status":"publish","type":"post","link":"https:\/\/www.suno.com.br\/noticias\/arabia-saudita-ataca-rebeldes-terrorista-houthis\/","title":{"rendered":"Coaliz\u00e3o liderada pela Ar\u00e1bia Saudita ataca rebeldes do I\u00eamen"},"content":{"rendered":"<p>A<strong> coaliz\u00e3o<\/strong>, alian\u00e7a intergovernamental de<strong> pa\u00edses mu\u00e7ulmano<\/strong>, liderada pela Ar\u00e1bia Saudita, iniciou uma nova<strong> opera\u00e7\u00e3o militar<\/strong> em apoio ao <strong>I\u00eamen<\/strong> contra o grupo terrorista <strong>houthis<\/strong>.<\/p>\t<div class=\"wrapper-featured-image\">\n\t\t<figure class=\"spotlightImg\">\n\n\t\t\t<picture>\n\t\t\t\t<source media=\"(max-width: 768px)\" srcset=\"https:\/\/files.sunoresearch.com.br\/n\/uploads\/2019\/09\/2f60330f-ar\u00e1bia-saudita-400x200.webp\">\n\t\t\t\t<img loading=\"lazy\" decoding=\"async\" class=\"newsContent__article__imgCapa lazyloadDisabled newsContent__article__imgCapa--noCaption\" src=\"https:\/\/files.sunoresearch.com.br\/n\/uploads\/2019\/09\/2f60330f-ar\u00e1bia-saudita-800x450.webp\" width=\"800\" height=\"450\" alt=\"Coaliz\u00e3o liderada pela Ar\u00e1bia Saudita ataca rebeldes do I\u00eamen\" fetchpriority=high \/>\n\t\t\t<\/picture>\n\n\t\t\t<figcaption class=\"wp-caption-text wp-caption-text--hide\">Fam\u00edlia real da Ar\u00e1bia Saudita tem mais dinheiro do que a inglesa. Foto: Reprodu\u00e7\u00e3o.<\/figcaption>\n\t\t<\/figure>\n\t<\/div>\n\n\n<div dir=\"ltr\"><\/div>\n<p>A <strong>Ar\u00e1bia Saudita<\/strong> informou que destruiu quatro instala\u00e7\u00f5es que eram utilizados para montagem de barcos de controle remoto e minas mar\u00edtimas. &#8220;A destrui\u00e7\u00e3o desses locais hostis ajuda a preservar a liberdade da navega\u00e7\u00e3o mar\u00edtima&#8221;, disse o porta-voz da coaliz\u00e3o, <strong>Turki al Maliki<\/strong>, \u00e0 ag\u00eancia oficial saudita &#8220;SPA&#8221;.<\/p>\n<p>A opera\u00e7\u00e3o militar ocorre ap\u00f3s as instala\u00e7\u00f5es da maior petrol\u00edfera do mundo, Saudi Aramco, ter sofrido ataques no \u00faltimo s\u00e1bado (14). O grupo rebelde houthis, do I\u00eamen, apoiados pelo Ir\u00e3, se declaram como autores dos ataques.<\/p>\n<p>No entanto, a l\u00edder da coaliz\u00e3o negou essa possibilidade pois os m\u00edsseis, conforme o pa\u00eds, voaram a partir do norte. Desse modo, os EUA acusaram o Ir\u00e3 pelos ataques.<\/p>\n<h2>Bases de petr\u00f3leo da Ar\u00e1bia Saudita sofreram ataques<\/h2>\n<p>Duas instala\u00e7\u00f5es da <strong>Saudi Aramco,<\/strong> empresa de petr\u00f3leo da <strong>Ar\u00e1bia Saudita,<\/strong> sofreram um inc\u00eandio no \u00faltimo s\u00e1bado (14). A causa apontada foi o ataque de <strong>drones<\/strong> nas bases de petr\u00f3leo.<\/p>\n<p><a href=\"\/\/www.suno.com.br\/noticias\/petroleo-petrobras-acao-ataque-anp-brasil\/\">Confira Tamb\u00e9m: Ataque \u00e0 Arabia Saudita pode aumentar interesse pelo petr\u00f3leo do Brasil, diz ANP<\/a><\/p>\n<p>Ap\u00f3s o ataque os houthis se declararam autores dos ataques. Durante uma <strong>guerra civil,<\/strong> em 2014, os terroristas assumiram o controle de Sanaa, a capital do I\u00eamen. Desde ent\u00e3o, os sauditas tem liderado uma coaliz\u00e3o tentando combater os rebeldes com o intuito de retir\u00e1-los da regi\u00e3o e reinstalar um governo apoiado pelo Emirados \u00c1rabes Unidos, entre outra pot\u00eancias.<\/p>\n<p>De acordo com os Estados Unidos<strong>,<\/strong> os houthis s\u00e3o armados e financiados pelo Ir\u00e3. A acusa\u00e7\u00e3o foi negada por Teer\u00e3.<\/p>\n\t<p>\n\t\t<a href=\"https:\/\/lp.suno.com.br\/cl\/webinario-suno-black-2024\/\" target=\"_blank\" data-element=\"shortcode-suno-banner\" title=\"Banner SUNO, clique e saiba mais\">\n\t\t\t<picture>\n\t\t\t\t<source media=\"(max-width: 500px)\" srcset=\"https:\/\/files.sunoresearch.com.br\/n\/uploads\/2024\/04\/400x300-Banner-Home-1.png\">\n\t\t\t\t<img class=\"newsContent__article__imgCapa newsContent__article__imgCapa--banner\"\n\t\t\t\t\tsrc=\"https:\/\/files.sunoresearch.com.br\/n\/uploads\/2024\/04\/400x300-Banner-Home-1.png\"\n\t\t\t\t\tdata-promo-id=\"102411\"\t\t\t\t\t\t\t\t\t\twidth='401' height='300'\t\t\t\t\talt=\"https:\/\/files.sunoresearch.com.br\/n\/uploads\/2024\/04\/400x300-Banner-Home-1.png\"\n\t\t\t\t>\n\t\t\t<\/picture>\n\t\t<\/a>\n\t<\/p>\n\n\n<p>Segundo as autoridades sauditas e americanas, o <strong>Ir\u00e3<\/strong> estaria querendo atingir a estrutura de petr\u00f3leo da <strong>Ar\u00e1bia Saudita. <\/strong>Por sua vez, Teer\u00e3 nega ataques a alvos sauditas, ou que coordenou o grupo houthis nos ataques que atingem o setor petrol\u00edfero dos sauditas.<\/p>\n","protected":false},"excerpt":{"rendered":"<p>A coaliz\u00e3o, alian\u00e7a intergovernamental de pa\u00edses mu\u00e7ulmano, liderada pela Ar\u00e1bia Saudita, iniciou uma nova opera\u00e7\u00e3o militar em apoio ao I\u00eamen contra o grupo terrorista houthis. Fam\u00edlia real da Ar\u00e1bia Saudita tem mais dinheiro do que a inglesa. Foto: Reprodu\u00e7\u00e3o. A Ar\u00e1bia Saudita informou que destruiu quatro instala\u00e7\u00f5es que eram utilizados para montagem de barcos de [&hellip;]<\/p>\n","protected":false},"author":15,"featured_media":37610,"comment_status":"closed","ping_status":"closed","sticky":false,"template":"","format":"standard","meta":[],"categories":[63],"tags":[960,793,1458,1981],"suno_strategy":[],"class_list":["post-38316","post","type-post","status-publish","format-standard","has-post-thumbnail","hentry","category-internacional","tag-arabia-saudita","tag-estados-unidos-eua","tag-ira","tag-saudi-aramco"],"yoast_head":"<!-- This site is optimized with the Yoast SEO plugin v24.4 - https:\/\/yoast.com\/wordpress\/plugins\/seo\/ -->\n<title>Coaliz\u00e3o liderada pela Ar\u00e1bia Saudita ataca rebeldes do I\u00eamen<\/title>\n<meta name=\"description\" content=\"A coaliz\u00e3o liderada pela Ar\u00e1bia Saudita iniciou uma nova opera\u00e7\u00e3o militar contra o grupo terrorista houthis.\u00a0Para saber mais clique aqui\" \/>\n<meta name=\"robots\" content=\"index, follow, max-snippet:-1, max-image-preview:large, max-video-preview:-1\" \/>\n<link rel=\"canonical\" href=\"https:\/\/www.suno.com.br\/noticias\/arabia-saudita-ataca-rebeldes-terrorista-houthis\/\" \/>\n<meta property=\"og:locale\" content=\"pt_BR\" \/>\n<meta property=\"og:type\" content=\"article\" \/>\n<meta property=\"og:title\" content=\"Coaliz\u00e3o liderada pela Ar\u00e1bia Saudita ataca rebeldes do I\u00eamen\" \/>\n<meta property=\"og:description\" content=\"A coaliz\u00e3o liderada pela Ar\u00e1bia Saudita iniciou uma nova opera\u00e7\u00e3o militar contra o grupo terrorista houthis.\u00a0Para saber mais clique aqui\" \/>\n<meta property=\"og:url\" content=\"https:\/\/www.suno.com.br\/noticias\/arabia-saudita-ataca-rebeldes-terrorista-houthis\/\" \/>\n<meta property=\"og:site_name\" content=\"Suno Not\u00edcias\" \/>\n<meta property=\"article:publisher\" content=\"https:\/\/facebook.com\/sunoresearch\" \/>\n<meta property=\"og:image\" content=\"https:\/\/files.sunoresearch.com.br\/n\/uploads\/2019\/09\/2f60330f-ar\u00e1bia-saudita.jpg\" \/>\n\t<meta property=\"og:image:width\" content=\"1280\" \/>\n\t<meta property=\"og:image:height\" content=\"877\" \/>\n\t<meta property=\"og:image:type\" content=\"image\/jpeg\" \/>\n<meta name=\"author\" content=\"Poliana Santos\" \/>\n<meta name=\"twitter:card\" content=\"summary_large_image\" \/>\n<meta name=\"twitter:creator\" content=\"@sunoresearch\" \/>\n<meta name=\"twitter:site\" content=\"@sunoresearch\" \/>\n<meta name=\"twitter:label1\" content=\"Escrito por\" \/>\n\t<meta name=\"twitter:data1\" content=\"Poliana Santos\" \/>\n\t<meta name=\"twitter:label2\" content=\"Est. tempo de leitura\" \/>\n\t<meta name=\"twitter:data2\" content=\"2 minutos\" \/>\n<script type=\"application\/ld+json\" class=\"yoast-schema-graph\">{\"@context\":\"https:\/\/schema.org\",\"@graph\":[{\"@type\":\"NewsArticle\",\"@id\":\"https:\/\/www.suno.com.br\/noticias\/arabia-saudita-ataca-rebeldes-terrorista-houthis\/#article\",\"isPartOf\":{\"@id\":\"https:\/\/www.suno.com.br\/noticias\/arabia-saudita-ataca-rebeldes-terrorista-houthis\/\"},\"author\":{\"name\":\"Poliana Santos\",\"@id\":\"https:\/\/www.suno.com.br\/noticias\/#\/schema\/person\/02ec1f752758247878a2bf4abee1aeda\"},\"headline\":\"Coaliz\u00e3o liderada pela Ar\u00e1bia Saudita ataca rebeldes do I\u00eamen\",\"datePublished\":\"2019-09-20T14:53:05+00:00\",\"mainEntityOfPage\":{\"@id\":\"https:\/\/www.suno.com.br\/noticias\/arabia-saudita-ataca-rebeldes-terrorista-houthis\/\"},\"wordCount\":369,\"publisher\":{\"@id\":\"https:\/\/www.suno.com.br\/noticias\/#organization\"},\"image\":{\"@id\":\"https:\/\/www.suno.com.br\/noticias\/arabia-saudita-ataca-rebeldes-terrorista-houthis\/#primaryimage\"},\"thumbnailUrl\":\"https:\/\/files.sunoresearch.com.br\/n\/uploads\/2019\/09\/2f60330f-ar\u00e1bia-saudita-jpg.webp\",\"keywords\":[\"Ar\u00e1bia Saudita\",\"Estados Unidos (EUA)\",\"Ir\u00e3\",\"Saudi Aramco\"],\"articleSection\":[\"Internacional\"],\"inLanguage\":\"pt-BR\"},{\"@type\":\"WebPage\",\"@id\":\"https:\/\/www.suno.com.br\/noticias\/arabia-saudita-ataca-rebeldes-terrorista-houthis\/\",\"url\":\"https:\/\/www.suno.com.br\/noticias\/arabia-saudita-ataca-rebeldes-terrorista-houthis\/\",\"name\":\"Coaliz\u00e3o liderada pela Ar\u00e1bia Saudita ataca rebeldes do I\u00eamen\",\"isPartOf\":{\"@id\":\"https:\/\/www.suno.com.br\/noticias\/#website\"},\"primaryImageOfPage\":{\"@id\":\"https:\/\/www.suno.com.br\/noticias\/arabia-saudita-ataca-rebeldes-terrorista-houthis\/#primaryimage\"},\"image\":{\"@id\":\"https:\/\/www.suno.com.br\/noticias\/arabia-saudita-ataca-rebeldes-terrorista-houthis\/#primaryimage\"},\"thumbnailUrl\":\"https:\/\/files.sunoresearch.com.br\/n\/uploads\/2019\/09\/2f60330f-ar\u00e1bia-saudita-jpg.webp\",\"datePublished\":\"2019-09-20T14:53:05+00:00\",\"description\":\"A coaliz\u00e3o liderada pela Ar\u00e1bia Saudita iniciou uma nova opera\u00e7\u00e3o militar contra o grupo terrorista houthis.\u00a0Para saber mais clique aqui\",\"breadcrumb\":{\"@id\":\"https:\/\/www.suno.com.br\/noticias\/arabia-saudita-ataca-rebeldes-terrorista-houthis\/#breadcrumb\"},\"inLanguage\":\"pt-BR\",\"potentialAction\":[{\"@type\":\"ReadAction\",\"target\":[\"https:\/\/www.suno.com.br\/noticias\/arabia-saudita-ataca-rebeldes-terrorista-houthis\/\"]}]},{\"@type\":\"ImageObject\",\"inLanguage\":\"pt-BR\",\"@id\":\"https:\/\/www.suno.com.br\/noticias\/arabia-saudita-ataca-rebeldes-terrorista-houthis\/#primaryimage\",\"url\":\"https:\/\/files.sunoresearch.com.br\/n\/uploads\/2019\/09\/2f60330f-ar\u00e1bia-saudita-jpg.webp\",\"contentUrl\":\"https:\/\/files.sunoresearch.com.br\/n\/uploads\/2019\/09\/2f60330f-ar\u00e1bia-saudita-jpg.webp\",\"width\":1280,\"height\":877,\"caption\":\"Fam\u00edlia real da Ar\u00e1bia Saudita tem mais dinheiro do que a inglesa. Foto: Reprodu\u00e7\u00e3o.\"},{\"@type\":\"BreadcrumbList\",\"@id\":\"https:\/\/www.suno.com.br\/noticias\/arabia-saudita-ataca-rebeldes-terrorista-houthis\/#breadcrumb\",\"itemListElement\":[{\"@type\":\"ListItem\",\"position\":1,\"name\":\"Not\u00edcias\",\"item\":\"https:\/\/www.suno.com.br\/noticias\/\"},{\"@type\":\"ListItem\",\"position\":2,\"name\":\"Internacional\",\"item\":\"https:\/\/www.suno.com.br\/noticias\/internacional\/\"},{\"@type\":\"ListItem\",\"position\":3,\"name\":\"Coaliz\u00e3o liderada pela Ar\u00e1bia Saudita ataca rebeldes do I\u00eamen\"}]},{\"@type\":\"WebSite\",\"@id\":\"https:\/\/www.suno.com.br\/noticias\/#website\",\"url\":\"https:\/\/www.suno.com.br\/noticias\/\",\"name\":\"Suno Not\u00edcias\",\"description\":\"Seu portal de informa\u00e7\u00e3o sobre o mundo dos investimentos\",\"publisher\":{\"@id\":\"https:\/\/www.suno.com.br\/noticias\/#organization\"},\"potentialAction\":[{\"@type\":\"SearchAction\",\"target\":{\"@type\":\"EntryPoint\",\"urlTemplate\":\"https:\/\/www.suno.com.br\/noticias\/?s={search_term_string}\"},\"query-input\":{\"@type\":\"PropertyValueSpecification\",\"valueRequired\":true,\"valueName\":\"search_term_string\"}}],\"inLanguage\":\"pt-BR\"},{\"@type\":\"Organization\",\"@id\":\"https:\/\/www.suno.com.br\/noticias\/#organization\",\"name\":\"Suno Not\u00edcias\",\"url\":\"https:\/\/www.suno.com.br\/noticias\/\",\"logo\":{\"@type\":\"ImageObject\",\"inLanguage\":\"pt-BR\",\"@id\":\"https:\/\/www.suno.com.br\/noticias\/#\/schema\/logo\/image\/\",\"url\":\"https:\/\/files.sunoresearch.com.br\/n\/uploads\/2021\/09\/suno-logo.png\",\"contentUrl\":\"https:\/\/files.sunoresearch.com.br\/n\/uploads\/2021\/09\/suno-logo.png\",\"width\":180,\"height\":180,\"caption\":\"Suno Not\u00edcias\"},\"image\":{\"@id\":\"https:\/\/www.suno.com.br\/noticias\/#\/schema\/logo\/image\/\"},\"sameAs\":[\"https:\/\/facebook.com\/sunoresearch\",\"https:\/\/x.com\/sunoresearch\",\"https:\/\/www.instagram.com\/suno\",\"https:\/\/www.linkedin.com\/company\/suno-research\/\",\"https:\/\/www.youtube.com\/c\/sunoresearch\"]},{\"@type\":\"Person\",\"@id\":\"https:\/\/www.suno.com.br\/noticias\/#\/schema\/person\/02ec1f752758247878a2bf4abee1aeda\",\"name\":\"Poliana Santos\",\"image\":{\"@type\":\"ImageObject\",\"inLanguage\":\"pt-BR\",\"@id\":\"https:\/\/www.suno.com.br\/noticias\/#\/schema\/person\/image\/\",\"url\":\"https:\/\/secure.gravatar.com\/avatar\/0645bd32f23d87b2130f2b2dff1d3f8d?s=96&r=g\",\"contentUrl\":\"https:\/\/secure.gravatar.com\/avatar\/0645bd32f23d87b2130f2b2dff1d3f8d?s=96&r=g\",\"caption\":\"Poliana Santos\"},\"description\":\"Rep\u00f3rter no Suno Not\u00edcias, com cobertura em mercado financeiro, economia, finan\u00e7as pessoais, renda fixa e varejo. Jornalista formada pela Faculdade C\u00e1sper L\u00edbero e possui passagem na R\u00e1dio Gazeta AM com a produ\u00e7\u00e3o de conte\u00fado sobre economia, pol\u00edtica, sa\u00fade, moda e m\u00fasica. Possui certificado de conclus\u00e3o do curso de An\u00e1lise de Balan\u00e7os pela Funda\u00e7\u00e3o Bradesco, Agenda Brasil pela FAAP, Educa\u00e7\u00e3o Pol\u00edtica por Alexandre Garcia e do Tesouro Direto e Mercado de A\u00e7\u00f5es pela B3.\",\"url\":\"https:\/\/www.suno.com.br\/noticias\/author\/poliana-santos\/\"}]}<\/script>\n<!-- \/ Yoast SEO plugin. -->","yoast_head_json":{"title":"Coaliz\u00e3o liderada pela Ar\u00e1bia Saudita ataca rebeldes do I\u00eamen","description":"A coaliz\u00e3o liderada pela Ar\u00e1bia Saudita iniciou uma nova opera\u00e7\u00e3o militar contra o grupo terrorista houthis.\u00a0Para saber mais clique aqui","robots":{"index":"index","follow":"follow","max-snippet":"max-snippet:-1","max-image-preview":"max-image-preview:large","max-video-preview":"max-video-preview:-1"},"canonical":"https:\/\/www.suno.com.br\/noticias\/arabia-saudita-ataca-rebeldes-terrorista-houthis\/","og_locale":"pt_BR","og_type":"article","og_title":"Coaliz\u00e3o liderada pela Ar\u00e1bia Saudita ataca rebeldes do I\u00eamen","og_description":"A coaliz\u00e3o liderada pela Ar\u00e1bia Saudita iniciou uma nova opera\u00e7\u00e3o militar contra o grupo terrorista houthis.\u00a0Para saber mais clique aqui","og_url":"https:\/\/www.suno.com.br\/noticias\/arabia-saudita-ataca-rebeldes-terrorista-houthis\/","og_site_name":"Suno Not\u00edcias","article_publisher":"https:\/\/facebook.com\/sunoresearch","og_image":[{"width":1280,"height":877,"url":"https:\/\/files.sunoresearch.com.br\/n\/uploads\/2019\/09\/2f60330f-ar\u00e1bia-saudita.jpg","type":"image\/jpeg"}],"author":"Poliana Santos","twitter_card":"summary_large_image","twitter_creator":"@sunoresearch","twitter_site":"@sunoresearch","twitter_misc":{"Escrito por":"Poliana Santos","Est. tempo de leitura":"2 minutos"},"schema":{"@context":"https:\/\/schema.org","@graph":[{"@type":"NewsArticle","@id":"https:\/\/www.suno.com.br\/noticias\/arabia-saudita-ataca-rebeldes-terrorista-houthis\/#article","isPartOf":{"@id":"https:\/\/www.suno.com.br\/noticias\/arabia-saudita-ataca-rebeldes-terrorista-houthis\/"},"author":{"name":"Poliana Santos","@id":"https:\/\/www.suno.com.br\/noticias\/#\/schema\/person\/02ec1f752758247878a2bf4abee1aeda"},"headline":"Coaliz\u00e3o liderada pela Ar\u00e1bia Saudita ataca rebeldes do I\u00eamen","datePublished":"2019-09-20T14:53:05+00:00","mainEntityOfPage":{"@id":"https:\/\/www.suno.com.br\/noticias\/arabia-saudita-ataca-rebeldes-terrorista-houthis\/"},"wordCount":369,"publisher":{"@id":"https:\/\/www.suno.com.br\/noticias\/#organization"},"image":{"@id":"https:\/\/www.suno.com.br\/noticias\/arabia-saudita-ataca-rebeldes-terrorista-houthis\/#primaryimage"},"thumbnailUrl":"https:\/\/files.sunoresearch.com.br\/n\/uploads\/2019\/09\/2f60330f-ar\u00e1bia-saudita-jpg.webp","keywords":["Ar\u00e1bia Saudita","Estados Unidos (EUA)","Ir\u00e3","Saudi Aramco"],"articleSection":["Internacional"],"inLanguage":"pt-BR"},{"@type":"WebPage","@id":"https:\/\/www.suno.com.br\/noticias\/arabia-saudita-ataca-rebeldes-terrorista-houthis\/","url":"https:\/\/www.suno.com.br\/noticias\/arabia-saudita-ataca-rebeldes-terrorista-houthis\/","name":"Coaliz\u00e3o liderada pela Ar\u00e1bia Saudita ataca rebeldes do I\u00eamen","isPartOf":{"@id":"https:\/\/www.suno.com.br\/noticias\/#website"},"primaryImageOfPage":{"@id":"https:\/\/www.suno.com.br\/noticias\/arabia-saudita-ataca-rebeldes-terrorista-houthis\/#primaryimage"},"image":{"@id":"https:\/\/www.suno.com.br\/noticias\/arabia-saudita-ataca-rebeldes-terrorista-houthis\/#primaryimage"},"thumbnailUrl":"https:\/\/files.sunoresearch.com.br\/n\/uploads\/2019\/09\/2f60330f-ar\u00e1bia-saudita-jpg.webp","datePublished":"2019-09-20T14:53:05+00:00","description":"A coaliz\u00e3o liderada pela Ar\u00e1bia Saudita iniciou uma nova opera\u00e7\u00e3o militar contra o grupo terrorista houthis.\u00a0Para saber mais clique aqui","breadcrumb":{"@id":"https:\/\/www.suno.com.br\/noticias\/arabia-saudita-ataca-rebeldes-terrorista-houthis\/#breadcrumb"},"inLanguage":"pt-BR","potentialAction":[{"@type":"ReadAction","target":["https:\/\/www.suno.com.br\/noticias\/arabia-saudita-ataca-rebeldes-terrorista-houthis\/"]}]},{"@type":"ImageObject","inLanguage":"pt-BR","@id":"https:\/\/www.suno.com.br\/noticias\/arabia-saudita-ataca-rebeldes-terrorista-houthis\/#primaryimage","url":"https:\/\/files.sunoresearch.com.br\/n\/uploads\/2019\/09\/2f60330f-ar\u00e1bia-saudita-jpg.webp","contentUrl":"https:\/\/files.sunoresearch.com.br\/n\/uploads\/2019\/09\/2f60330f-ar\u00e1bia-saudita-jpg.webp","width":1280,"height":877,"caption":"Fam\u00edlia real da Ar\u00e1bia Saudita tem mais dinheiro do que a inglesa. Foto: Reprodu\u00e7\u00e3o."},{"@type":"BreadcrumbList","@id":"https:\/\/www.suno.com.br\/noticias\/arabia-saudita-ataca-rebeldes-terrorista-houthis\/#breadcrumb","itemListElement":[{"@type":"ListItem","position":1,"name":"Not\u00edcias","item":"https:\/\/www.suno.com.br\/noticias\/"},{"@type":"ListItem","position":2,"name":"Internacional","item":"https:\/\/www.suno.com.br\/noticias\/internacional\/"},{"@type":"ListItem","position":3,"name":"Coaliz\u00e3o liderada pela Ar\u00e1bia Saudita ataca rebeldes do I\u00eamen"}]},{"@type":"WebSite","@id":"https:\/\/www.suno.com.br\/noticias\/#website","url":"https:\/\/www.suno.com.br\/noticias\/","name":"Suno Not\u00edcias","description":"Seu portal de informa\u00e7\u00e3o sobre o mundo dos investimentos","publisher":{"@id":"https:\/\/www.suno.com.br\/noticias\/#organization"},"potentialAction":[{"@type":"SearchAction","target":{"@type":"EntryPoint","urlTemplate":"https:\/\/www.suno.com.br\/noticias\/?s={search_term_string}"},"query-input":{"@type":"PropertyValueSpecification","valueRequired":true,"valueName":"search_term_string"}}],"inLanguage":"pt-BR"},{"@type":"Organization","@id":"https:\/\/www.suno.com.br\/noticias\/#organization","name":"Suno Not\u00edcias","url":"https:\/\/www.suno.com.br\/noticias\/","logo":{"@type":"ImageObject","inLanguage":"pt-BR","@id":"https:\/\/www.suno.com.br\/noticias\/#\/schema\/logo\/image\/","url":"https:\/\/files.sunoresearch.com.br\/n\/uploads\/2021\/09\/suno-logo.png","contentUrl":"https:\/\/files.sunoresearch.com.br\/n\/uploads\/2021\/09\/suno-logo.png","width":180,"height":180,"caption":"Suno Not\u00edcias"},"image":{"@id":"https:\/\/www.suno.com.br\/noticias\/#\/schema\/logo\/image\/"},"sameAs":["https:\/\/facebook.com\/sunoresearch","https:\/\/x.com\/sunoresearch","https:\/\/www.instagram.com\/suno","https:\/\/www.linkedin.com\/company\/suno-research\/","https:\/\/www.youtube.com\/c\/sunoresearch"]},{"@type":"Person","@id":"https:\/\/www.suno.com.br\/noticias\/#\/schema\/person\/02ec1f752758247878a2bf4abee1aeda","name":"Poliana Santos","image":{"@type":"ImageObject","inLanguage":"pt-BR","@id":"https:\/\/www.suno.com.br\/noticias\/#\/schema\/person\/image\/","url":"https:\/\/secure.gravatar.com\/avatar\/0645bd32f23d87b2130f2b2dff1d3f8d?s=96&r=g","contentUrl":"https:\/\/secure.gravatar.com\/avatar\/0645bd32f23d87b2130f2b2dff1d3f8d?s=96&r=g","caption":"Poliana Santos"},"description":"Rep\u00f3rter no Suno Not\u00edcias, com cobertura em mercado financeiro, economia, finan\u00e7as pessoais, renda fixa e varejo. Jornalista formada pela Faculdade C\u00e1sper L\u00edbero e possui passagem na R\u00e1dio Gazeta AM com a produ\u00e7\u00e3o de conte\u00fado sobre economia, pol\u00edtica, sa\u00fade, moda e m\u00fasica. Possui certificado de conclus\u00e3o do curso de An\u00e1lise de Balan\u00e7os pela Funda\u00e7\u00e3o Bradesco, Agenda Brasil pela FAAP, Educa\u00e7\u00e3o Pol\u00edtica por Alexandre Garcia e do Tesouro Direto e Mercado de A\u00e7\u00f5es pela B3.","url":"https:\/\/www.suno.com.br\/noticias\/author\/poliana-santos\/"}]}},"default_loop_html":"<div class=\"cardsPage__listCard__boxs\"><div class=\"cardsPage__listCard__boxs__img\"><a href=\"https:\/\/www.suno.com.br\/noticias\/arabia-saudita-ataca-rebeldes-terrorista-houthis\/\"><img class=\"mask\" src=\"https:\/\/www.suno.com.br\/noticias\/wp-content\/themes\/suno\/resources\/images\/spotlight\/spotlight1img\/bg-mask.png\" alt=\"Image Mask\"\/><img src=\"https:\/\/files.sunoresearch.com.br\/n\/uploads\/2019\/09\/2f60330f-ar\u00e1bia-saudita-400x200.webp\" alt=\"Coaliz\u00e3o liderada pela Ar\u00e1bia Saudita ataca rebeldes do I\u00eamen\"\/><\/a><span class=\"spotlightCategory\"><a href=\"https:\/\/www.suno.com.br\/noticias\/internacional\/\">Internacional<\/a><\/span><\/div><div class=\"cardsPage__listCard__boxs__content\"><a href=\"https:\/\/www.suno.com.br\/noticias\/arabia-saudita-ataca-rebeldes-terrorista-houthis\/\"><h2 class=\"content__title\">Coaliz\u00e3o liderada pela Ar\u00e1bia Saudita ataca rebeldes do I\u00eamen<\/h2><\/a><div class=\"newsContent__article__meta\"><div class=\"newsContent__article__meta__authorBox\"><a href=\"https:\/\/www.suno.com.br\/noticias\/author\/poliana-santos\/\" class=\"authorBox__avatar noMobi\"><img src=\"https:\/\/files.sunoresearch.com.br\/n\/uploads\/2020\/08\/7ef34026-whatsapp-image-2020-08-03-at-12.37.57-150x150.webp\" alt=\"Poliana Santos\"><\/a><div class=\"authorBox__name\"><span>por\n\t\t\t<a href=\"https:\/\/www.suno.com.br\/noticias\/author\/poliana-santos\/\"><span itemprop=\"author\">Poliana Santos<\/span><\/a><\/span><time datetime=\"2019-09-20T11:53:05-03:00\" itemprop=\"datePublished\">20\/09\/2019 11:53<\/time><\/div><\/div><\/div><\/div><\/div>","single_layout":"posts","amp_enabled":true,"_links":{"self":[{"href":"https:\/\/www.suno.com.br\/noticias\/wp-json\/wp\/v2\/posts\/38316"}],"collection":[{"href":"https:\/\/www.suno.com.br\/noticias\/wp-json\/wp\/v2\/posts"}],"about":[{"href":"https:\/\/www.suno.com.br\/noticias\/wp-json\/wp\/v2\/types\/post"}],"author":[{"embeddable":true,"href":"https:\/\/www.suno.com.br\/noticias\/wp-json\/wp\/v2\/users\/15"}],"replies":[{"embeddable":true,"href":"https:\/\/www.suno.com.br\/noticias\/wp-json\/wp\/v2\/comments?post=38316"}],"version-history":[{"count":0,"href":"https:\/\/www.suno.com.br\/noticias\/wp-json\/wp\/v2\/posts\/38316\/revisions"}],"wp:featuredmedia":[{"embeddable":true,"href":"https:\/\/www.suno.com.br\/noticias\/wp-json\/wp\/v2\/media\/37610"}],"wp:attachment":[{"href":"https:\/\/www.suno.com.br\/noticias\/wp-json\/wp\/v2\/media?parent=38316"}],"wp:term":[{"taxonomy":"category","embeddable":true,"href":"https:\/\/www.suno.com.br\/noticias\/wp-json\/wp\/v2\/categories?post=38316"},{"taxonomy":"post_tag","embeddable":true,"href":"https:\/\/www.suno.com.br\/noticias\/wp-json\/wp\/v2\/tags?post=38316"},{"taxonomy":"suno_strategy","embeddable":true,"href":"https:\/\/www.suno.com.br\/noticias\/wp-json\/wp\/v2\/suno_strategy?post=38316"}],"curies":[{"name":"wp","href":"https:\/\/api.w.org\/{rel}","templated":true}]}}