{"id":38310,"date":"2019-09-20T11:44:41","date_gmt":"2019-09-20T14:44:41","guid":{"rendered":"https:\/\/www.suno.com.br\/noticias\/?p=38310"},"modified":"2019-09-20T11:51:13","modified_gmt":"2019-09-20T14:51:13","slug":"igua-saneamento-pode-adiar-ipo-para-a-proxima-janela","status":"publish","type":"post","link":"https:\/\/www.suno.com.br\/noticias\/igua-saneamento-pode-adiar-ipo-para-a-proxima-janela\/","title":{"rendered":"Igu\u00e1 Saneamento pode adiar IPO para a pr\u00f3xima janela"},"content":{"rendered":"<p>A empresa privada de <strong>saneamento b\u00e1sico,<\/strong> Igu\u00e1 Saneamento, pode ser a primeira companhia privada do setor de saneamento a ser listada na <a href=\"https:\/\/www.suno.com.br\/artigos\/b3\/\">Brasil, Bolsa, Balc\u00e3o (B3)<\/a>. Entretanto, a empresa est\u00e1 enfrentando dificuldades nas conversas com investidores.<\/p>\t<div class=\"wrapper-featured-image\">\n\t\t<figure class=\"spotlightImg\">\n\n\t\t\t<picture>\n\t\t\t\t<source media=\"(max-width: 768px)\" srcset=\"https:\/\/files.sunoresearch.com.br\/n\/uploads\/2019\/09\/1bd7b459-igu\u00e1-400x200.webp\">\n\t\t\t\t<img loading=\"lazy\" decoding=\"async\" class=\"newsContent__article__imgCapa lazyloadDisabled newsContent__article__imgCapa--noCaption\" src=\"https:\/\/files.sunoresearch.com.br\/n\/uploads\/2019\/09\/1bd7b459-igu\u00e1-jpg.webp\" width=\"800\" height=\"450\" alt=\"Igu\u00e1 Saneamento pode adiar IPO para a pr\u00f3xima janela\" fetchpriority=high \/>\n\t\t\t<\/picture>\n\n\t\t\t<figcaption class=\"wp-caption-text wp-caption-text--hide\">Igu\u00e1 Saneamento (divulga\u00e7\u00e3o)<\/figcaption>\n\t\t<\/figure>\n\t<\/div>\n\n\n\n<p>O maior entrave da <strong>Igu\u00e1<\/strong> para realizar sua <a href=\"https:\/\/www.suno.com.br\/artigos\/vale-pena-investir-em-um-ipo\/\">Oferta P\u00fablica de A\u00e7\u00f5es (IPO),<\/a> na <strong>B3,<\/strong> \u00e9 a falta de consenso entre investidores e a empresa em conversas sobre o valor da companhia. A empresa de saneamento considera que deve ter um valor maior do que as p\u00fablicas listadas, como:<\/p>\n<ul>\n<li>Sabesp<\/li>\n<li>Sanepar<\/li>\n<li>Copasa<\/li>\n<\/ul>\n<p>At\u00e9 o momento, nenhuma decis\u00e3o foi comunicada pela empresa. Entretanto, segundo informa\u00e7\u00f5es do &#8220;O Estado de S. Paulo&#8221;, h\u00e1 chances da empresa adiar seu <strong>IPO<\/strong> o final do ano. A empresa acredita que deveria ser equiparada com outras companhias das \u00e1reas el\u00e9tricas e de rodovias, j\u00e1 que o contrato de concess\u00e3o \u00e9 semelhante.<\/p>\n<p>A <strong>Igu\u00e1<\/strong> quer ir ao mercado com valor de R$ 4 bilh\u00f5es. Em contrapartida, investidores argumentam que a empresa deve chegar ao mercado em com o valor avaliado em aproximadamente R$ 2 bilh\u00f5es.<\/p>\n\t<p>\n\t\t<a href=\"https:\/\/lp.suno.com.br\/ao\/sessao-estrategica-consultoria-c\/?utm_source=suno-noticias&#038;utm_medium=banner&#038;utm_campaing=banco-master-cdbs\" target=\"_blank\" data-element=\"shortcode-suno-banner\" title=\"Banner SUNO, clique e saiba mais\">\n\t\t\t<picture>\n\t\t\t\t<source media=\"(max-width: 500px)\" srcset=\"https:\/\/files.sunoresearch.com.br\/n\/uploads\/2025\/09\/300x400.webp\">\n\t\t\t\t<img class=\"newsContent__article__imgCapa newsContent__article__imgCapa--banner\"\n\t\t\t\t\tsrc=\"https:\/\/files.sunoresearch.com.br\/n\/uploads\/2025\/09\/SN-DT-1420x240-1.webp\"\n\t\t\t\t\tdata-promo-id=\"624064\"\t\t\t\t\t\t\t\t\t\twidth='1420' height='240'\t\t\t\t\talt=\"https:\/\/files.sunoresearch.com.br\/n\/uploads\/2025\/09\/SN-DT-1420x240-1.webp\"\n\t\t\t\t>\n\t\t\t<\/picture>\n\t\t<\/a>\n\t<\/p>\n\n\n<p>O prospecto para a oferta est\u00e1 arquivado na <a href=\"https:\/\/www.suno.com.br\/artigos\/cvm\/\">Comiss\u00e3o de Valores Mobili\u00e1rios (CVM)<\/a> e sua atualiza\u00e7\u00e3o deve ser feita at\u00e9 o final da primeira semana do m\u00eas de outubro.<\/p>\n<p>A <strong>Igu\u00e1<\/strong> foi fundada em 2017 e conta com opera\u00e7\u00f5es em cinco estados do Brasil. Dentre eles, est\u00e3o:<\/p>\n<ul>\n<li>S\u00e3o Paulo;<\/li>\n<li>Mato Grosso;<\/li>\n<li>Paran\u00e1;<\/li>\n<li>Santa Catarina ;<\/li>\n<li>Alagoas;<\/li>\n<\/ul>\n<p>Entre os acionistas com participa\u00e7\u00e3o na empresa, est\u00e1 o Banco Nacional de Desenvolvimento Econ\u00f4mico e Social <strong>(BNDESPar)<\/strong>.<\/p>\n<p><a href=\"https:\/\/www.suno.com.br\/noticias\/cielo-anuncia-distribuicao-juros-sobre-capital-proprio\/\">Veja tamb\u00e9m: Cielo anuncia distribui\u00e7\u00e3o de juros sobre capital pr\u00f3prio<\/a><\/p>\n<p>Em fato relevante publicado no dia 22 de agosto, a empresa anunciou que iria comunicar o mercado sobre novos detalhes da oferta inicial de a\u00e7\u00f5es.<\/p>\n<p>&#8220;Oportunamente, ser\u00e1 publicado aviso ao mercado, nos termos do artigo 53 da Instru\u00e7\u00e3o <strong>CVM<\/strong> 400, contendo, dentre outras, informa\u00e7\u00f5es sobre: (i) as demais caracter\u00edsticas da Oferta, (ii) os locais para obten\u00e7\u00e3o do prospecto preliminar da Oferta, (iii) as datas estimadas e locais de divulga\u00e7\u00e3o da Oferta, e (iv) as condi\u00e7\u00f5es, o procedimento, o per\u00edodo de reserva e o per\u00edodo para coleta de inten\u00e7\u00f5es de investimento, no \u00e2mbito da Oferta&#8221;, informou a <strong>Igu\u00e1<\/strong>.<\/p>\n","protected":false},"excerpt":{"rendered":"<p>A empresa privada de saneamento b\u00e1sico, Igu\u00e1 Saneamento, pode ser a primeira companhia privada do setor de saneamento a ser listada na Brasil, Bolsa, Balc\u00e3o (B3). Entretanto, a empresa est\u00e1 enfrentando dificuldades nas conversas com investidores. Igu\u00e1 Saneamento (divulga\u00e7\u00e3o) O maior entrave da Igu\u00e1 para realizar sua Oferta P\u00fablica de A\u00e7\u00f5es (IPO), na B3, \u00e9 [&hellip;]<\/p>\n","protected":false},"author":19,"featured_media":38323,"comment_status":"closed","ping_status":"closed","sticky":false,"template":"","format":"standard","meta":[],"categories":[64],"tags":[504],"suno_strategy":[],"class_list":["post-38310","post","type-post","status-publish","format-standard","has-post-thumbnail","hentry","category-negocios","tag-igua-saneamento-igsn3"],"yoast_head":"<!-- This site is optimized with the Yoast SEO plugin v24.4 - https:\/\/yoast.com\/wordpress\/plugins\/seo\/ -->\n<title>Igu\u00e1 Saneamento pode adiar IPO para a pr\u00f3xima janela<\/title>\n<meta name=\"description\" content=\"A empresa privada de saneamento b\u00e1sico, Igu\u00e1 Saneamento, pode ser a primeira companhia privada do setor a ser listada na B3. Saiba mais.\" \/>\n<meta name=\"robots\" content=\"index, follow, max-snippet:-1, max-image-preview:large, max-video-preview:-1\" \/>\n<link rel=\"canonical\" href=\"https:\/\/www.suno.com.br\/noticias\/igua-saneamento-pode-adiar-ipo-para-a-proxima-janela\/\" \/>\n<meta property=\"og:locale\" content=\"pt_BR\" \/>\n<meta property=\"og:type\" content=\"article\" \/>\n<meta property=\"og:title\" content=\"Igu\u00e1 Saneamento pode adiar IPO para a pr\u00f3xima janela\" \/>\n<meta property=\"og:description\" content=\"A empresa privada de saneamento b\u00e1sico, Igu\u00e1 Saneamento, pode ser a primeira companhia privada do setor a ser listada na B3. Saiba mais.\" \/>\n<meta property=\"og:url\" content=\"https:\/\/www.suno.com.br\/noticias\/igua-saneamento-pode-adiar-ipo-para-a-proxima-janela\/\" \/>\n<meta property=\"og:site_name\" content=\"Suno Not\u00edcias\" \/>\n<meta property=\"article:publisher\" content=\"https:\/\/facebook.com\/sunoresearch\" \/>\n<meta property=\"og:image\" content=\"https:\/\/files.sunoresearch.com.br\/n\/uploads\/2019\/09\/1bd7b459-igu\u00e1.jpg\" \/>\n\t<meta property=\"og:image:width\" content=\"752\" \/>\n\t<meta property=\"og:image:height\" content=\"440\" \/>\n\t<meta property=\"og:image:type\" content=\"image\/jpeg\" \/>\n<meta name=\"author\" content=\"Juliano Passaro\" \/>\n<meta name=\"twitter:card\" content=\"summary_large_image\" \/>\n<meta name=\"twitter:creator\" content=\"@sunoresearch\" \/>\n<meta name=\"twitter:site\" content=\"@sunoresearch\" \/>\n<meta name=\"twitter:label1\" content=\"Escrito por\" \/>\n\t<meta name=\"twitter:data1\" content=\"Juliano Passaro\" \/>\n\t<meta name=\"twitter:label2\" content=\"Est. tempo de leitura\" \/>\n\t<meta name=\"twitter:data2\" content=\"2 minutos\" \/>\n<script type=\"application\/ld+json\" class=\"yoast-schema-graph\">{\"@context\":\"https:\/\/schema.org\",\"@graph\":[{\"@type\":\"NewsArticle\",\"@id\":\"https:\/\/www.suno.com.br\/noticias\/igua-saneamento-pode-adiar-ipo-para-a-proxima-janela\/#article\",\"isPartOf\":{\"@id\":\"https:\/\/www.suno.com.br\/noticias\/igua-saneamento-pode-adiar-ipo-para-a-proxima-janela\/\"},\"author\":{\"name\":\"Juliano Passaro\",\"@id\":\"https:\/\/www.suno.com.br\/noticias\/#\/schema\/person\/1db762f78ffd8919a648a63e425953e3\"},\"headline\":\"Igu\u00e1 Saneamento pode adiar IPO para a pr\u00f3xima janela\",\"datePublished\":\"2019-09-20T14:44:41+00:00\",\"dateModified\":\"2019-09-20T14:51:13+00:00\",\"mainEntityOfPage\":{\"@id\":\"https:\/\/www.suno.com.br\/noticias\/igua-saneamento-pode-adiar-ipo-para-a-proxima-janela\/\"},\"wordCount\":393,\"publisher\":{\"@id\":\"https:\/\/www.suno.com.br\/noticias\/#organization\"},\"image\":{\"@id\":\"https:\/\/www.suno.com.br\/noticias\/igua-saneamento-pode-adiar-ipo-para-a-proxima-janela\/#primaryimage\"},\"thumbnailUrl\":\"https:\/\/files.sunoresearch.com.br\/n\/uploads\/2019\/09\/1bd7b459-igu\u00e1-jpg.webp\",\"keywords\":[\"Igua Saneamento (IGSN3)\"],\"articleSection\":[\"Neg\u00f3cios\"],\"inLanguage\":\"pt-BR\"},{\"@type\":\"WebPage\",\"@id\":\"https:\/\/www.suno.com.br\/noticias\/igua-saneamento-pode-adiar-ipo-para-a-proxima-janela\/\",\"url\":\"https:\/\/www.suno.com.br\/noticias\/igua-saneamento-pode-adiar-ipo-para-a-proxima-janela\/\",\"name\":\"Igu\u00e1 Saneamento pode adiar IPO para a pr\u00f3xima janela\",\"isPartOf\":{\"@id\":\"https:\/\/www.suno.com.br\/noticias\/#website\"},\"primaryImageOfPage\":{\"@id\":\"https:\/\/www.suno.com.br\/noticias\/igua-saneamento-pode-adiar-ipo-para-a-proxima-janela\/#primaryimage\"},\"image\":{\"@id\":\"https:\/\/www.suno.com.br\/noticias\/igua-saneamento-pode-adiar-ipo-para-a-proxima-janela\/#primaryimage\"},\"thumbnailUrl\":\"https:\/\/files.sunoresearch.com.br\/n\/uploads\/2019\/09\/1bd7b459-igu\u00e1-jpg.webp\",\"datePublished\":\"2019-09-20T14:44:41+00:00\",\"dateModified\":\"2019-09-20T14:51:13+00:00\",\"description\":\"A empresa privada de saneamento b\u00e1sico, Igu\u00e1 Saneamento, pode ser a primeira companhia privada do setor a ser listada na B3. Saiba mais.\",\"breadcrumb\":{\"@id\":\"https:\/\/www.suno.com.br\/noticias\/igua-saneamento-pode-adiar-ipo-para-a-proxima-janela\/#breadcrumb\"},\"inLanguage\":\"pt-BR\",\"potentialAction\":[{\"@type\":\"ReadAction\",\"target\":[\"https:\/\/www.suno.com.br\/noticias\/igua-saneamento-pode-adiar-ipo-para-a-proxima-janela\/\"]}]},{\"@type\":\"ImageObject\",\"inLanguage\":\"pt-BR\",\"@id\":\"https:\/\/www.suno.com.br\/noticias\/igua-saneamento-pode-adiar-ipo-para-a-proxima-janela\/#primaryimage\",\"url\":\"https:\/\/files.sunoresearch.com.br\/n\/uploads\/2019\/09\/1bd7b459-igu\u00e1-jpg.webp\",\"contentUrl\":\"https:\/\/files.sunoresearch.com.br\/n\/uploads\/2019\/09\/1bd7b459-igu\u00e1-jpg.webp\",\"width\":752,\"height\":440,\"caption\":\"Igu\u00e1 Saneamento (divulga\u00e7\u00e3o)\"},{\"@type\":\"BreadcrumbList\",\"@id\":\"https:\/\/www.suno.com.br\/noticias\/igua-saneamento-pode-adiar-ipo-para-a-proxima-janela\/#breadcrumb\",\"itemListElement\":[{\"@type\":\"ListItem\",\"position\":1,\"name\":\"Not\u00edcias\",\"item\":\"https:\/\/www.suno.com.br\/noticias\/\"},{\"@type\":\"ListItem\",\"position\":2,\"name\":\"Neg\u00f3cios\",\"item\":\"https:\/\/www.suno.com.br\/noticias\/negocios\/\"},{\"@type\":\"ListItem\",\"position\":3,\"name\":\"Igu\u00e1 Saneamento pode adiar IPO para a pr\u00f3xima janela\"}]},{\"@type\":\"WebSite\",\"@id\":\"https:\/\/www.suno.com.br\/noticias\/#website\",\"url\":\"https:\/\/www.suno.com.br\/noticias\/\",\"name\":\"Suno Not\u00edcias\",\"description\":\"Seu portal de informa\u00e7\u00e3o sobre o mundo dos investimentos\",\"publisher\":{\"@id\":\"https:\/\/www.suno.com.br\/noticias\/#organization\"},\"potentialAction\":[{\"@type\":\"SearchAction\",\"target\":{\"@type\":\"EntryPoint\",\"urlTemplate\":\"https:\/\/www.suno.com.br\/noticias\/?s={search_term_string}\"},\"query-input\":{\"@type\":\"PropertyValueSpecification\",\"valueRequired\":true,\"valueName\":\"search_term_string\"}}],\"inLanguage\":\"pt-BR\"},{\"@type\":\"Organization\",\"@id\":\"https:\/\/www.suno.com.br\/noticias\/#organization\",\"name\":\"Suno Not\u00edcias\",\"url\":\"https:\/\/www.suno.com.br\/noticias\/\",\"logo\":{\"@type\":\"ImageObject\",\"inLanguage\":\"pt-BR\",\"@id\":\"https:\/\/www.suno.com.br\/noticias\/#\/schema\/logo\/image\/\",\"url\":\"https:\/\/files.sunoresearch.com.br\/n\/uploads\/2021\/09\/suno-logo.png\",\"contentUrl\":\"https:\/\/files.sunoresearch.com.br\/n\/uploads\/2021\/09\/suno-logo.png\",\"width\":180,\"height\":180,\"caption\":\"Suno Not\u00edcias\"},\"image\":{\"@id\":\"https:\/\/www.suno.com.br\/noticias\/#\/schema\/logo\/image\/\"},\"sameAs\":[\"https:\/\/facebook.com\/sunoresearch\",\"https:\/\/x.com\/sunoresearch\",\"https:\/\/www.instagram.com\/suno\",\"https:\/\/www.linkedin.com\/company\/suno-research\/\",\"https:\/\/www.youtube.com\/c\/sunoresearch\"]},{\"@type\":\"Person\",\"@id\":\"https:\/\/www.suno.com.br\/noticias\/#\/schema\/person\/1db762f78ffd8919a648a63e425953e3\",\"name\":\"Juliano Passaro\",\"image\":{\"@type\":\"ImageObject\",\"inLanguage\":\"pt-BR\",\"@id\":\"https:\/\/www.suno.com.br\/noticias\/#\/schema\/person\/image\/\",\"url\":\"https:\/\/secure.gravatar.com\/avatar\/743d4df28eebf6dcc46b4ad03c319e92?s=96&r=g\",\"contentUrl\":\"https:\/\/secure.gravatar.com\/avatar\/743d4df28eebf6dcc46b4ad03c319e92?s=96&r=g\",\"caption\":\"Juliano Passaro\"},\"description\":\"Juliano Passaro escreve sobre pol\u00edtica, economia e neg\u00f3cios para o portal da Suno Research. Antes da Suno, trabalhou no Portal da Band. \u00c9 formado em jornalismo pela Universidade Presbiteriana Mackenzie.\",\"url\":\"https:\/\/www.suno.com.br\/noticias\/author\/juliano\/\"}]}<\/script>\n<!-- \/ Yoast SEO plugin. -->","yoast_head_json":{"title":"Igu\u00e1 Saneamento pode adiar IPO para a pr\u00f3xima janela","description":"A empresa privada de saneamento b\u00e1sico, Igu\u00e1 Saneamento, pode ser a primeira companhia privada do setor a ser listada na B3. Saiba mais.","robots":{"index":"index","follow":"follow","max-snippet":"max-snippet:-1","max-image-preview":"max-image-preview:large","max-video-preview":"max-video-preview:-1"},"canonical":"https:\/\/www.suno.com.br\/noticias\/igua-saneamento-pode-adiar-ipo-para-a-proxima-janela\/","og_locale":"pt_BR","og_type":"article","og_title":"Igu\u00e1 Saneamento pode adiar IPO para a pr\u00f3xima janela","og_description":"A empresa privada de saneamento b\u00e1sico, Igu\u00e1 Saneamento, pode ser a primeira companhia privada do setor a ser listada na B3. Saiba mais.","og_url":"https:\/\/www.suno.com.br\/noticias\/igua-saneamento-pode-adiar-ipo-para-a-proxima-janela\/","og_site_name":"Suno Not\u00edcias","article_publisher":"https:\/\/facebook.com\/sunoresearch","og_image":[{"width":752,"height":440,"url":"https:\/\/files.sunoresearch.com.br\/n\/uploads\/2019\/09\/1bd7b459-igu\u00e1.jpg","type":"image\/jpeg"}],"author":"Juliano Passaro","twitter_card":"summary_large_image","twitter_creator":"@sunoresearch","twitter_site":"@sunoresearch","twitter_misc":{"Escrito por":"Juliano Passaro","Est. tempo de leitura":"2 minutos"},"schema":{"@context":"https:\/\/schema.org","@graph":[{"@type":"NewsArticle","@id":"https:\/\/www.suno.com.br\/noticias\/igua-saneamento-pode-adiar-ipo-para-a-proxima-janela\/#article","isPartOf":{"@id":"https:\/\/www.suno.com.br\/noticias\/igua-saneamento-pode-adiar-ipo-para-a-proxima-janela\/"},"author":{"name":"Juliano Passaro","@id":"https:\/\/www.suno.com.br\/noticias\/#\/schema\/person\/1db762f78ffd8919a648a63e425953e3"},"headline":"Igu\u00e1 Saneamento pode adiar IPO para a pr\u00f3xima janela","datePublished":"2019-09-20T14:44:41+00:00","dateModified":"2019-09-20T14:51:13+00:00","mainEntityOfPage":{"@id":"https:\/\/www.suno.com.br\/noticias\/igua-saneamento-pode-adiar-ipo-para-a-proxima-janela\/"},"wordCount":393,"publisher":{"@id":"https:\/\/www.suno.com.br\/noticias\/#organization"},"image":{"@id":"https:\/\/www.suno.com.br\/noticias\/igua-saneamento-pode-adiar-ipo-para-a-proxima-janela\/#primaryimage"},"thumbnailUrl":"https:\/\/files.sunoresearch.com.br\/n\/uploads\/2019\/09\/1bd7b459-igu\u00e1-jpg.webp","keywords":["Igua Saneamento (IGSN3)"],"articleSection":["Neg\u00f3cios"],"inLanguage":"pt-BR"},{"@type":"WebPage","@id":"https:\/\/www.suno.com.br\/noticias\/igua-saneamento-pode-adiar-ipo-para-a-proxima-janela\/","url":"https:\/\/www.suno.com.br\/noticias\/igua-saneamento-pode-adiar-ipo-para-a-proxima-janela\/","name":"Igu\u00e1 Saneamento pode adiar IPO para a pr\u00f3xima janela","isPartOf":{"@id":"https:\/\/www.suno.com.br\/noticias\/#website"},"primaryImageOfPage":{"@id":"https:\/\/www.suno.com.br\/noticias\/igua-saneamento-pode-adiar-ipo-para-a-proxima-janela\/#primaryimage"},"image":{"@id":"https:\/\/www.suno.com.br\/noticias\/igua-saneamento-pode-adiar-ipo-para-a-proxima-janela\/#primaryimage"},"thumbnailUrl":"https:\/\/files.sunoresearch.com.br\/n\/uploads\/2019\/09\/1bd7b459-igu\u00e1-jpg.webp","datePublished":"2019-09-20T14:44:41+00:00","dateModified":"2019-09-20T14:51:13+00:00","description":"A empresa privada de saneamento b\u00e1sico, Igu\u00e1 Saneamento, pode ser a primeira companhia privada do setor a ser listada na B3. Saiba mais.","breadcrumb":{"@id":"https:\/\/www.suno.com.br\/noticias\/igua-saneamento-pode-adiar-ipo-para-a-proxima-janela\/#breadcrumb"},"inLanguage":"pt-BR","potentialAction":[{"@type":"ReadAction","target":["https:\/\/www.suno.com.br\/noticias\/igua-saneamento-pode-adiar-ipo-para-a-proxima-janela\/"]}]},{"@type":"ImageObject","inLanguage":"pt-BR","@id":"https:\/\/www.suno.com.br\/noticias\/igua-saneamento-pode-adiar-ipo-para-a-proxima-janela\/#primaryimage","url":"https:\/\/files.sunoresearch.com.br\/n\/uploads\/2019\/09\/1bd7b459-igu\u00e1-jpg.webp","contentUrl":"https:\/\/files.sunoresearch.com.br\/n\/uploads\/2019\/09\/1bd7b459-igu\u00e1-jpg.webp","width":752,"height":440,"caption":"Igu\u00e1 Saneamento (divulga\u00e7\u00e3o)"},{"@type":"BreadcrumbList","@id":"https:\/\/www.suno.com.br\/noticias\/igua-saneamento-pode-adiar-ipo-para-a-proxima-janela\/#breadcrumb","itemListElement":[{"@type":"ListItem","position":1,"name":"Not\u00edcias","item":"https:\/\/www.suno.com.br\/noticias\/"},{"@type":"ListItem","position":2,"name":"Neg\u00f3cios","item":"https:\/\/www.suno.com.br\/noticias\/negocios\/"},{"@type":"ListItem","position":3,"name":"Igu\u00e1 Saneamento pode adiar IPO para a pr\u00f3xima janela"}]},{"@type":"WebSite","@id":"https:\/\/www.suno.com.br\/noticias\/#website","url":"https:\/\/www.suno.com.br\/noticias\/","name":"Suno Not\u00edcias","description":"Seu portal de informa\u00e7\u00e3o sobre o mundo dos investimentos","publisher":{"@id":"https:\/\/www.suno.com.br\/noticias\/#organization"},"potentialAction":[{"@type":"SearchAction","target":{"@type":"EntryPoint","urlTemplate":"https:\/\/www.suno.com.br\/noticias\/?s={search_term_string}"},"query-input":{"@type":"PropertyValueSpecification","valueRequired":true,"valueName":"search_term_string"}}],"inLanguage":"pt-BR"},{"@type":"Organization","@id":"https:\/\/www.suno.com.br\/noticias\/#organization","name":"Suno Not\u00edcias","url":"https:\/\/www.suno.com.br\/noticias\/","logo":{"@type":"ImageObject","inLanguage":"pt-BR","@id":"https:\/\/www.suno.com.br\/noticias\/#\/schema\/logo\/image\/","url":"https:\/\/files.sunoresearch.com.br\/n\/uploads\/2021\/09\/suno-logo.png","contentUrl":"https:\/\/files.sunoresearch.com.br\/n\/uploads\/2021\/09\/suno-logo.png","width":180,"height":180,"caption":"Suno Not\u00edcias"},"image":{"@id":"https:\/\/www.suno.com.br\/noticias\/#\/schema\/logo\/image\/"},"sameAs":["https:\/\/facebook.com\/sunoresearch","https:\/\/x.com\/sunoresearch","https:\/\/www.instagram.com\/suno","https:\/\/www.linkedin.com\/company\/suno-research\/","https:\/\/www.youtube.com\/c\/sunoresearch"]},{"@type":"Person","@id":"https:\/\/www.suno.com.br\/noticias\/#\/schema\/person\/1db762f78ffd8919a648a63e425953e3","name":"Juliano Passaro","image":{"@type":"ImageObject","inLanguage":"pt-BR","@id":"https:\/\/www.suno.com.br\/noticias\/#\/schema\/person\/image\/","url":"https:\/\/secure.gravatar.com\/avatar\/743d4df28eebf6dcc46b4ad03c319e92?s=96&r=g","contentUrl":"https:\/\/secure.gravatar.com\/avatar\/743d4df28eebf6dcc46b4ad03c319e92?s=96&r=g","caption":"Juliano Passaro"},"description":"Juliano Passaro escreve sobre pol\u00edtica, economia e neg\u00f3cios para o portal da Suno Research. Antes da Suno, trabalhou no Portal da Band. \u00c9 formado em jornalismo pela Universidade Presbiteriana Mackenzie.","url":"https:\/\/www.suno.com.br\/noticias\/author\/juliano\/"}]}},"default_loop_html":"<div class=\"cardsPage__listCard__boxs\"><div class=\"cardsPage__listCard__boxs__img\"><a href=\"https:\/\/www.suno.com.br\/noticias\/igua-saneamento-pode-adiar-ipo-para-a-proxima-janela\/\"><img class=\"mask\" src=\"https:\/\/www.suno.com.br\/noticias\/wp-content\/themes\/suno\/resources\/images\/spotlight\/spotlight1img\/bg-mask.png\" alt=\"Image Mask\"\/><img src=\"https:\/\/files.sunoresearch.com.br\/n\/uploads\/2019\/09\/1bd7b459-igu\u00e1-400x200.webp\" alt=\"Igu\u00e1 Saneamento pode adiar IPO para a pr\u00f3xima janela\"\/><\/a><span class=\"spotlightCategory\"><a href=\"https:\/\/www.suno.com.br\/noticias\/negocios\/\">Neg\u00f3cios<\/a><\/span><\/div><div class=\"cardsPage__listCard__boxs__content\"><a href=\"https:\/\/www.suno.com.br\/noticias\/igua-saneamento-pode-adiar-ipo-para-a-proxima-janela\/\"><h2 class=\"content__title\">Igu\u00e1 Saneamento pode adiar IPO para a pr\u00f3xima janela<\/h2><\/a><div class=\"newsContent__article__meta\"><div class=\"newsContent__article__meta__authorBox\"><a href=\"https:\/\/www.suno.com.br\/noticias\/author\/juliano\/\" class=\"authorBox__avatar noMobi\"><img src=\"https:\/\/files.sunoresearch.com.br\/n\/uploads\/2019\/06\/7cc3efea-whatsapp-image-2019-07-18-at-21.59.33-e1563499821209-150x150.webp\" alt=\"Juliano Passaro\"><\/a><div class=\"authorBox__name\"><span>por\n\t\t\t<a href=\"https:\/\/www.suno.com.br\/noticias\/author\/juliano\/\"><span itemprop=\"author\">Juliano Passaro<\/span><\/a><\/span><time datetime=\"2019-09-20T11:44:41-03:00\" itemprop=\"datePublished\">20\/09\/2019 11:44<\/time><\/div><\/div><\/div><\/div><\/div>","single_layout":"posts","amp_enabled":true,"_links":{"self":[{"href":"https:\/\/www.suno.com.br\/noticias\/wp-json\/wp\/v2\/posts\/38310"}],"collection":[{"href":"https:\/\/www.suno.com.br\/noticias\/wp-json\/wp\/v2\/posts"}],"about":[{"href":"https:\/\/www.suno.com.br\/noticias\/wp-json\/wp\/v2\/types\/post"}],"author":[{"embeddable":true,"href":"https:\/\/www.suno.com.br\/noticias\/wp-json\/wp\/v2\/users\/19"}],"replies":[{"embeddable":true,"href":"https:\/\/www.suno.com.br\/noticias\/wp-json\/wp\/v2\/comments?post=38310"}],"version-history":[{"count":0,"href":"https:\/\/www.suno.com.br\/noticias\/wp-json\/wp\/v2\/posts\/38310\/revisions"}],"wp:featuredmedia":[{"embeddable":true,"href":"https:\/\/www.suno.com.br\/noticias\/wp-json\/wp\/v2\/media\/38323"}],"wp:attachment":[{"href":"https:\/\/www.suno.com.br\/noticias\/wp-json\/wp\/v2\/media?parent=38310"}],"wp:term":[{"taxonomy":"category","embeddable":true,"href":"https:\/\/www.suno.com.br\/noticias\/wp-json\/wp\/v2\/categories?post=38310"},{"taxonomy":"post_tag","embeddable":true,"href":"https:\/\/www.suno.com.br\/noticias\/wp-json\/wp\/v2\/tags?post=38310"},{"taxonomy":"suno_strategy","embeddable":true,"href":"https:\/\/www.suno.com.br\/noticias\/wp-json\/wp\/v2\/suno_strategy?post=38310"}],"curies":[{"name":"wp","href":"https:\/\/api.w.org\/{rel}","templated":true}]}}