{"id":38295,"date":"2019-09-20T10:01:55","date_gmt":"2019-09-20T13:01:55","guid":{"rendered":"https:\/\/www.suno.com.br\/noticias\/?p=38295"},"modified":"2019-09-20T18:06:34","modified_gmt":"2019-09-20T21:06:34","slug":"banco-pan-capta-1-bilhao-define-novo-preco-acao","status":"publish","type":"post","link":"https:\/\/www.suno.com.br\/noticias\/banco-pan-capta-1-bilhao-define-novo-preco-acao\/","title":{"rendered":"Banco Pan capta R$ 1 bilh\u00e3o e fixa novo pre\u00e7o por a\u00e7\u00e3o"},"content":{"rendered":"<p>Na \u00faltima quinta-feira (19), ap\u00f3s o fechamento do preg\u00e3o na <a href=\"https:\/\/www.suno.com.br\/artigos\/b3\/\">Bolsa de Valores de S\u00e3o Paulo<\/a>, o Banco Pan anunciou o novo pre\u00e7o por a\u00e7\u00e3o. Na <a href=\"https:\/\/www.suno.com.br\/artigos\/follow-on\/\">oferta subsequente de a\u00e7\u00f5es (follow-on)<\/a>, os pap\u00e9is custar\u00e3o R$ 8,25, isso representa um desconto de 8% em rela\u00e7\u00e3o \u00e0 cota\u00e7\u00e3o da \u00faltima quinta.<\/p>\t<div class=\"wrapper-featured-image\">\n\t\t<figure class=\"spotlightImg\">\n\n\t\t\t<picture>\n\t\t\t\t<source media=\"(max-width: 768px)\" srcset=\"https:\/\/files.sunoresearch.com.br\/n\/uploads\/2019\/09\/16e68421-whatsapp-image-2019-09-19-at-19.57.27-400x200.webp\">\n\t\t\t\t<img loading=\"lazy\" decoding=\"async\" class=\"newsContent__article__imgCapa lazyloadDisabled newsContent__article__imgCapa--noCaption\" src=\"https:\/\/files.sunoresearch.com.br\/n\/uploads\/2019\/09\/16e68421-whatsapp-image-2019-09-19-at-19.57.27-jpeg.webp\" width=\"800\" height=\"450\" alt=\"Banco Pan capta R$ 1 bilh\u00e3o e fixa novo pre\u00e7o por a\u00e7\u00e3o\" fetchpriority=high \/>\n\t\t\t<\/picture>\n\n\t\t\t<figcaption class=\"wp-caption-text wp-caption-text--hide\">Banco Pan (Foto: Reprodu\u00e7\u00e3o)<\/figcaption>\n\t\t<\/figure>\n\t<\/div>\n\n\n\n<p>Na oferta prim\u00e1ria e secund\u00e1ria do <strong>Banco Pan<\/strong>, que tinha a Caixa como vendedora, foram colocadas 115 milh\u00f5es de <a href=\"https:\/\/www.suno.com.br\/artigos\/tipos-de-acoes\/\">a\u00e7\u00f5es preferenciais<\/a>, e segundo o &#8220;Valor Econ\u00f4mico&#8221;, tamb\u00e9m foi vendido um lote adicional. Dessa forma, foram captados R$ 1,04 bilh\u00e3o.<\/p>\n<p>Nos \u00faltimos dias, o <strong>Pan<\/strong> viu o cancelamento do <strong>follow-on<\/strong> do <strong>Banco Banrisul<\/strong> ser ben\u00e9fico \u00e0 sua oferta de a\u00e7\u00f5es, recebendo parte dos investimentos que seriam direcionados ao banco estatal sul riograndense.<\/p>\n<p>O cancelamento da oferta do Banrisul foi anunciado oficialmente na \u00faltima quinta-feira (19), atrav\u00e9s de um fato relevante.<\/p>\n<p><a href=\"https:\/\/www.suno.com.br\/noticias\/banrisul-informa-cancelamento-oferta-subsequente-de-acoes\/\">Saiba mais: Banrisul informa cancelamento de oferta subsequente de a\u00e7\u00f5es<\/a><\/p>\n<p>A oferta subsequente tem dois objetivos:<\/p>\n<ul>\n<li>Diminuir a participa\u00e7\u00e3o da Caixa Econ\u00f4mica Federal<\/li>\n<li>Aumentar o <strong><a href=\"https:\/\/www.suno.com.br\/artigos\/free-float\/\">free float<\/a><\/strong><\/li>\n<\/ul>\n<p>O intuito do <strong>Banco Pan<\/strong> \u00e9 possibilitar o desinvestimento parcial do banco estatal.<\/p>\n<p>No in\u00edcio do m\u00eas, o presidente da Caixa Econ\u00f4mica Federal, <a href=\"https:\/\/www.suno.com.br\/tudo-sobre\/pedro-guimaraes\/\">Pedro Guimar\u00e3es<\/a>, disse que a institui\u00e7\u00e3o banc\u00e1ria se preparava para retirar seu investimento no banco. &#8220;A participa\u00e7\u00e3o da Caixa no Banco Pan n\u00e3o \u00e9 estrat\u00e9gica\u201d, afirmou o executivo.<\/p>\n\t<p>\n\t\t<a href=\"https:\/\/lp.suno.com.br\/ebook-como-analisar-uma-acao\/\" target=\"_blank\" data-element=\"shortcode-suno-banner\" title=\"Banner SUNO, clique e saiba mais\">\n\t\t\t<picture>\n\t\t\t\t<source media=\"(max-width: 500px)\" srcset=\"https:\/\/files.sunoresearch.com.br\/n\/uploads\/2023\/12\/Ebook-Acoes-Mobile.jpg\">\n\t\t\t\t<img class=\"newsContent__article__imgCapa newsContent__article__imgCapa--banner\"\n\t\t\t\t\tsrc=\"https:\/\/files.sunoresearch.com.br\/n\/uploads\/2023\/12\/Ebook-Acoes-Desktop.webp\"\n\t\t\t\t\tdata-promo-id=\"311260\"\t\t\t\t\t\t\t\t\t\twidth='1420' height='286'\t\t\t\t\talt=\"https:\/\/files.sunoresearch.com.br\/n\/uploads\/2023\/12\/Ebook-Acoes-Desktop.webp\"\n\t\t\t\t>\n\t\t\t<\/picture>\n\t\t<\/a>\n\t<\/p>\n\n\n<p>Al\u00e9m disso, a institui\u00e7\u00e3o financeira pretende aumentar o n\u00famero de a\u00e7\u00f5es em livre circula\u00e7\u00e3o no mercado, exig\u00eancia do N\u00edvel 1 de <a href=\"https:\/\/www.suno.com.br\/artigos\/governanca-corporativa\/\">governan\u00e7a corporativa<\/a> da <a href=\"https:\/\/www.suno.com.br\/artigos\/b3\/\"><strong>B3<\/strong><\/a>.<\/p>\n<p>A oferta ser\u00e1 coordenada pelo BTG Pactual (<strong>BPAC11<\/strong>), seguida pela Caixa Econ\u00f4mica Federal, Morgan Stanley e do Banco Santander Brasil (<strong>SANB11<\/strong>).<\/p>\n<h2>Banco Pan tem resultados expressivos<\/h2>\n<p>No in\u00edcio de agosto, o banco divulgou o seu melhor resultado operacional na hist\u00f3ria.\u00a0O <strong><a href=\"https:\/\/www.suno.com.br\/artigos\/lucro-liquido\/\">lucro l\u00edquido<\/a><\/strong> da institui\u00e7\u00e3o financeira foi de R$ 117,7 milh\u00f5es, alta de 179% em compara\u00e7\u00e3o com o mesmo per\u00edodo no ano anterior.<\/p>\n<p>Al\u00e9m disso, o Pan informou que ao longo do segundo trimestre, o banco gerou uma carteira de 4,6 milh\u00f5es de clientes e capturou cerca de 113 mil novos clientes por m\u00eas.<\/p>\n<p><a href=\"https:\/\/www.suno.com.br\/noticias\/funcionarios-da-vale-sao-indiciados-no-caso-de-brumadinho\/\">Confira: Sete funcion\u00e1rios da Vale s\u00e3o indiciados no caso de Brumadinho<\/a><\/p>\n<p>Na \u00faltima quinta-feira (19), as a\u00e7\u00f5es preferenciais do <strong>Banco Pan<\/strong> fecharam o dia com uma queda de 1,21%, sendo negociadas a R$ 9,00 na <strong>B3<\/strong>. Nos \u00faltimos 12 meses, o banco viu seus pap\u00e9is valorizarem 455,56%.<\/p>\n","protected":false},"excerpt":{"rendered":"<p>Na \u00faltima quinta-feira (19), ap\u00f3s o fechamento do preg\u00e3o na Bolsa de Valores de S\u00e3o Paulo, o Banco Pan anunciou o novo pre\u00e7o por a\u00e7\u00e3o. Na oferta subsequente de a\u00e7\u00f5es (follow-on), os pap\u00e9is custar\u00e3o R$ 8,25, isso representa um desconto de 8% em rela\u00e7\u00e3o \u00e0 cota\u00e7\u00e3o da \u00faltima quinta. Banco Pan (Foto: Reprodu\u00e7\u00e3o) Na oferta [&hellip;]<\/p>\n","protected":false},"author":24,"featured_media":38267,"comment_status":"closed","ping_status":"closed","sticky":false,"template":"","format":"standard","meta":[],"categories":[64],"tags":[370,309,1436],"suno_strategy":[],"class_list":["post-38295","post","type-post","status-publish","format-standard","has-post-thumbnail","hentry","category-negocios","tag-banco-pan-bpan4","tag-bolsa-de-valores","tag-follow-on-oferta-subsequente-de-acoes"],"yoast_head":"<!-- This site is optimized with the Yoast SEO plugin v24.4 - https:\/\/yoast.com\/wordpress\/plugins\/seo\/ -->\n<title>Banco Pan capta R$ 1 bilh\u00e3o e fixa novo pre\u00e7o por a\u00e7\u00e3o<\/title>\n<meta name=\"description\" content=\"Na \u00faltima quinta (19), o Banco Pan anunciou o novo pre\u00e7o por a\u00e7\u00e3o da sua ofeta subsequente de a\u00e7\u00f5es. Clique aqui e saiba mais.\" \/>\n<meta name=\"robots\" content=\"index, follow, max-snippet:-1, max-image-preview:large, max-video-preview:-1\" \/>\n<link rel=\"canonical\" href=\"https:\/\/www.suno.com.br\/noticias\/banco-pan-capta-1-bilhao-define-novo-preco-acao\/\" \/>\n<meta property=\"og:locale\" content=\"pt_BR\" \/>\n<meta property=\"og:type\" content=\"article\" \/>\n<meta property=\"og:title\" content=\"Banco Pan capta R$ 1 bilh\u00e3o e fixa novo pre\u00e7o por a\u00e7\u00e3o\" \/>\n<meta property=\"og:description\" content=\"Na \u00faltima quinta (19), o Banco Pan anunciou o novo pre\u00e7o por a\u00e7\u00e3o da sua ofeta subsequente de a\u00e7\u00f5es. Clique aqui e saiba mais.\" \/>\n<meta property=\"og:url\" content=\"https:\/\/www.suno.com.br\/noticias\/banco-pan-capta-1-bilhao-define-novo-preco-acao\/\" \/>\n<meta property=\"og:site_name\" content=\"Suno Not\u00edcias\" \/>\n<meta property=\"article:publisher\" content=\"https:\/\/facebook.com\/sunoresearch\" \/>\n<meta property=\"og:image\" content=\"https:\/\/files.sunoresearch.com.br\/n\/uploads\/2019\/09\/16e68421-whatsapp-image-2019-09-19-at-19.57.27.jpeg\" \/>\n\t<meta property=\"og:image:width\" content=\"640\" \/>\n\t<meta property=\"og:image:height\" content=\"480\" \/>\n\t<meta property=\"og:image:type\" content=\"image\/jpeg\" \/>\n<meta name=\"author\" content=\"Jader Lazarini\" \/>\n<meta name=\"twitter:card\" content=\"summary_large_image\" \/>\n<meta name=\"twitter:creator\" content=\"@sunoresearch\" \/>\n<meta name=\"twitter:site\" content=\"@sunoresearch\" \/>\n<meta name=\"twitter:label1\" content=\"Escrito por\" \/>\n\t<meta name=\"twitter:data1\" content=\"Jader Lazarini\" \/>\n\t<meta name=\"twitter:label2\" content=\"Est. tempo de leitura\" \/>\n\t<meta name=\"twitter:data2\" content=\"2 minutos\" \/>\n<script type=\"application\/ld+json\" class=\"yoast-schema-graph\">{\"@context\":\"https:\/\/schema.org\",\"@graph\":[{\"@type\":\"NewsArticle\",\"@id\":\"https:\/\/www.suno.com.br\/noticias\/banco-pan-capta-1-bilhao-define-novo-preco-acao\/#article\",\"isPartOf\":{\"@id\":\"https:\/\/www.suno.com.br\/noticias\/banco-pan-capta-1-bilhao-define-novo-preco-acao\/\"},\"author\":{\"name\":\"Jader Lazarini\",\"@id\":\"https:\/\/www.suno.com.br\/noticias\/#\/schema\/person\/918d79de1f0281f01599b93f9ea6e23f\"},\"headline\":\"Banco Pan capta R$ 1 bilh\u00e3o e fixa novo pre\u00e7o por a\u00e7\u00e3o\",\"datePublished\":\"2019-09-20T13:01:55+00:00\",\"dateModified\":\"2019-09-20T21:06:34+00:00\",\"mainEntityOfPage\":{\"@id\":\"https:\/\/www.suno.com.br\/noticias\/banco-pan-capta-1-bilhao-define-novo-preco-acao\/\"},\"wordCount\":436,\"publisher\":{\"@id\":\"https:\/\/www.suno.com.br\/noticias\/#organization\"},\"image\":{\"@id\":\"https:\/\/www.suno.com.br\/noticias\/banco-pan-capta-1-bilhao-define-novo-preco-acao\/#primaryimage\"},\"thumbnailUrl\":\"https:\/\/files.sunoresearch.com.br\/n\/uploads\/2019\/09\/16e68421-whatsapp-image-2019-09-19-at-19.57.27-jpeg.webp\",\"keywords\":[\"Banco Pan (BPAN4)\",\"Bolsa de Valores\",\"Follow-on (Oferta Subsequente de A\u00e7\u00f5es)\"],\"articleSection\":[\"Neg\u00f3cios\"],\"inLanguage\":\"pt-BR\"},{\"@type\":\"WebPage\",\"@id\":\"https:\/\/www.suno.com.br\/noticias\/banco-pan-capta-1-bilhao-define-novo-preco-acao\/\",\"url\":\"https:\/\/www.suno.com.br\/noticias\/banco-pan-capta-1-bilhao-define-novo-preco-acao\/\",\"name\":\"Banco Pan capta R$ 1 bilh\u00e3o e fixa novo pre\u00e7o por a\u00e7\u00e3o\",\"isPartOf\":{\"@id\":\"https:\/\/www.suno.com.br\/noticias\/#website\"},\"primaryImageOfPage\":{\"@id\":\"https:\/\/www.suno.com.br\/noticias\/banco-pan-capta-1-bilhao-define-novo-preco-acao\/#primaryimage\"},\"image\":{\"@id\":\"https:\/\/www.suno.com.br\/noticias\/banco-pan-capta-1-bilhao-define-novo-preco-acao\/#primaryimage\"},\"thumbnailUrl\":\"https:\/\/files.sunoresearch.com.br\/n\/uploads\/2019\/09\/16e68421-whatsapp-image-2019-09-19-at-19.57.27-jpeg.webp\",\"datePublished\":\"2019-09-20T13:01:55+00:00\",\"dateModified\":\"2019-09-20T21:06:34+00:00\",\"description\":\"Na \u00faltima quinta (19), o Banco Pan anunciou o novo pre\u00e7o por a\u00e7\u00e3o da sua ofeta subsequente de a\u00e7\u00f5es. Clique aqui e saiba mais.\",\"breadcrumb\":{\"@id\":\"https:\/\/www.suno.com.br\/noticias\/banco-pan-capta-1-bilhao-define-novo-preco-acao\/#breadcrumb\"},\"inLanguage\":\"pt-BR\",\"potentialAction\":[{\"@type\":\"ReadAction\",\"target\":[\"https:\/\/www.suno.com.br\/noticias\/banco-pan-capta-1-bilhao-define-novo-preco-acao\/\"]}]},{\"@type\":\"ImageObject\",\"inLanguage\":\"pt-BR\",\"@id\":\"https:\/\/www.suno.com.br\/noticias\/banco-pan-capta-1-bilhao-define-novo-preco-acao\/#primaryimage\",\"url\":\"https:\/\/files.sunoresearch.com.br\/n\/uploads\/2019\/09\/16e68421-whatsapp-image-2019-09-19-at-19.57.27-jpeg.webp\",\"contentUrl\":\"https:\/\/files.sunoresearch.com.br\/n\/uploads\/2019\/09\/16e68421-whatsapp-image-2019-09-19-at-19.57.27-jpeg.webp\",\"width\":640,\"height\":480,\"caption\":\"Banco Pan (Foto: Reprodu\u00e7\u00e3o)\"},{\"@type\":\"BreadcrumbList\",\"@id\":\"https:\/\/www.suno.com.br\/noticias\/banco-pan-capta-1-bilhao-define-novo-preco-acao\/#breadcrumb\",\"itemListElement\":[{\"@type\":\"ListItem\",\"position\":1,\"name\":\"Not\u00edcias\",\"item\":\"https:\/\/www.suno.com.br\/noticias\/\"},{\"@type\":\"ListItem\",\"position\":2,\"name\":\"Neg\u00f3cios\",\"item\":\"https:\/\/www.suno.com.br\/noticias\/negocios\/\"},{\"@type\":\"ListItem\",\"position\":3,\"name\":\"Banco Pan capta R$ 1 bilh\u00e3o e fixa novo pre\u00e7o por a\u00e7\u00e3o\"}]},{\"@type\":\"WebSite\",\"@id\":\"https:\/\/www.suno.com.br\/noticias\/#website\",\"url\":\"https:\/\/www.suno.com.br\/noticias\/\",\"name\":\"Suno Not\u00edcias\",\"description\":\"Seu portal de informa\u00e7\u00e3o sobre o mundo dos investimentos\",\"publisher\":{\"@id\":\"https:\/\/www.suno.com.br\/noticias\/#organization\"},\"potentialAction\":[{\"@type\":\"SearchAction\",\"target\":{\"@type\":\"EntryPoint\",\"urlTemplate\":\"https:\/\/www.suno.com.br\/noticias\/?s={search_term_string}\"},\"query-input\":{\"@type\":\"PropertyValueSpecification\",\"valueRequired\":true,\"valueName\":\"search_term_string\"}}],\"inLanguage\":\"pt-BR\"},{\"@type\":\"Organization\",\"@id\":\"https:\/\/www.suno.com.br\/noticias\/#organization\",\"name\":\"Suno Not\u00edcias\",\"url\":\"https:\/\/www.suno.com.br\/noticias\/\",\"logo\":{\"@type\":\"ImageObject\",\"inLanguage\":\"pt-BR\",\"@id\":\"https:\/\/www.suno.com.br\/noticias\/#\/schema\/logo\/image\/\",\"url\":\"https:\/\/files.sunoresearch.com.br\/n\/uploads\/2021\/09\/suno-logo.png\",\"contentUrl\":\"https:\/\/files.sunoresearch.com.br\/n\/uploads\/2021\/09\/suno-logo.png\",\"width\":180,\"height\":180,\"caption\":\"Suno Not\u00edcias\"},\"image\":{\"@id\":\"https:\/\/www.suno.com.br\/noticias\/#\/schema\/logo\/image\/\"},\"sameAs\":[\"https:\/\/facebook.com\/sunoresearch\",\"https:\/\/x.com\/sunoresearch\",\"https:\/\/www.instagram.com\/suno\",\"https:\/\/www.linkedin.com\/company\/suno-research\/\",\"https:\/\/www.youtube.com\/c\/sunoresearch\"]},{\"@type\":\"Person\",\"@id\":\"https:\/\/www.suno.com.br\/noticias\/#\/schema\/person\/918d79de1f0281f01599b93f9ea6e23f\",\"name\":\"Jader Lazarini\",\"image\":{\"@type\":\"ImageObject\",\"inLanguage\":\"pt-BR\",\"@id\":\"https:\/\/www.suno.com.br\/noticias\/#\/schema\/person\/image\/\",\"url\":\"https:\/\/secure.gravatar.com\/avatar\/3c1ad8caa51589841baeb923fcddea97?s=96&r=g\",\"contentUrl\":\"https:\/\/secure.gravatar.com\/avatar\/3c1ad8caa51589841baeb923fcddea97?s=96&r=g\",\"caption\":\"Jader Lazarini\"},\"description\":\"Jader Lazarini escreve sobre investimentos, finan\u00e7as, economia e neg\u00f3cios. \u00c9 bacharel em Rela\u00e7\u00f5es Internacionais e analista CNPI (2619).\",\"url\":\"https:\/\/www.suno.com.br\/noticias\/author\/jader-lazarini\/\"}]}<\/script>\n<!-- \/ Yoast SEO plugin. -->","yoast_head_json":{"title":"Banco Pan capta R$ 1 bilh\u00e3o e fixa novo pre\u00e7o por a\u00e7\u00e3o","description":"Na \u00faltima quinta (19), o Banco Pan anunciou o novo pre\u00e7o por a\u00e7\u00e3o da sua ofeta subsequente de a\u00e7\u00f5es. Clique aqui e saiba mais.","robots":{"index":"index","follow":"follow","max-snippet":"max-snippet:-1","max-image-preview":"max-image-preview:large","max-video-preview":"max-video-preview:-1"},"canonical":"https:\/\/www.suno.com.br\/noticias\/banco-pan-capta-1-bilhao-define-novo-preco-acao\/","og_locale":"pt_BR","og_type":"article","og_title":"Banco Pan capta R$ 1 bilh\u00e3o e fixa novo pre\u00e7o por a\u00e7\u00e3o","og_description":"Na \u00faltima quinta (19), o Banco Pan anunciou o novo pre\u00e7o por a\u00e7\u00e3o da sua ofeta subsequente de a\u00e7\u00f5es. Clique aqui e saiba mais.","og_url":"https:\/\/www.suno.com.br\/noticias\/banco-pan-capta-1-bilhao-define-novo-preco-acao\/","og_site_name":"Suno Not\u00edcias","article_publisher":"https:\/\/facebook.com\/sunoresearch","og_image":[{"width":640,"height":480,"url":"https:\/\/files.sunoresearch.com.br\/n\/uploads\/2019\/09\/16e68421-whatsapp-image-2019-09-19-at-19.57.27.jpeg","type":"image\/jpeg"}],"author":"Jader Lazarini","twitter_card":"summary_large_image","twitter_creator":"@sunoresearch","twitter_site":"@sunoresearch","twitter_misc":{"Escrito por":"Jader Lazarini","Est. tempo de leitura":"2 minutos"},"schema":{"@context":"https:\/\/schema.org","@graph":[{"@type":"NewsArticle","@id":"https:\/\/www.suno.com.br\/noticias\/banco-pan-capta-1-bilhao-define-novo-preco-acao\/#article","isPartOf":{"@id":"https:\/\/www.suno.com.br\/noticias\/banco-pan-capta-1-bilhao-define-novo-preco-acao\/"},"author":{"name":"Jader Lazarini","@id":"https:\/\/www.suno.com.br\/noticias\/#\/schema\/person\/918d79de1f0281f01599b93f9ea6e23f"},"headline":"Banco Pan capta R$ 1 bilh\u00e3o e fixa novo pre\u00e7o por a\u00e7\u00e3o","datePublished":"2019-09-20T13:01:55+00:00","dateModified":"2019-09-20T21:06:34+00:00","mainEntityOfPage":{"@id":"https:\/\/www.suno.com.br\/noticias\/banco-pan-capta-1-bilhao-define-novo-preco-acao\/"},"wordCount":436,"publisher":{"@id":"https:\/\/www.suno.com.br\/noticias\/#organization"},"image":{"@id":"https:\/\/www.suno.com.br\/noticias\/banco-pan-capta-1-bilhao-define-novo-preco-acao\/#primaryimage"},"thumbnailUrl":"https:\/\/files.sunoresearch.com.br\/n\/uploads\/2019\/09\/16e68421-whatsapp-image-2019-09-19-at-19.57.27-jpeg.webp","keywords":["Banco Pan (BPAN4)","Bolsa de Valores","Follow-on (Oferta Subsequente de A\u00e7\u00f5es)"],"articleSection":["Neg\u00f3cios"],"inLanguage":"pt-BR"},{"@type":"WebPage","@id":"https:\/\/www.suno.com.br\/noticias\/banco-pan-capta-1-bilhao-define-novo-preco-acao\/","url":"https:\/\/www.suno.com.br\/noticias\/banco-pan-capta-1-bilhao-define-novo-preco-acao\/","name":"Banco Pan capta R$ 1 bilh\u00e3o e fixa novo pre\u00e7o por a\u00e7\u00e3o","isPartOf":{"@id":"https:\/\/www.suno.com.br\/noticias\/#website"},"primaryImageOfPage":{"@id":"https:\/\/www.suno.com.br\/noticias\/banco-pan-capta-1-bilhao-define-novo-preco-acao\/#primaryimage"},"image":{"@id":"https:\/\/www.suno.com.br\/noticias\/banco-pan-capta-1-bilhao-define-novo-preco-acao\/#primaryimage"},"thumbnailUrl":"https:\/\/files.sunoresearch.com.br\/n\/uploads\/2019\/09\/16e68421-whatsapp-image-2019-09-19-at-19.57.27-jpeg.webp","datePublished":"2019-09-20T13:01:55+00:00","dateModified":"2019-09-20T21:06:34+00:00","description":"Na \u00faltima quinta (19), o Banco Pan anunciou o novo pre\u00e7o por a\u00e7\u00e3o da sua ofeta subsequente de a\u00e7\u00f5es. Clique aqui e saiba mais.","breadcrumb":{"@id":"https:\/\/www.suno.com.br\/noticias\/banco-pan-capta-1-bilhao-define-novo-preco-acao\/#breadcrumb"},"inLanguage":"pt-BR","potentialAction":[{"@type":"ReadAction","target":["https:\/\/www.suno.com.br\/noticias\/banco-pan-capta-1-bilhao-define-novo-preco-acao\/"]}]},{"@type":"ImageObject","inLanguage":"pt-BR","@id":"https:\/\/www.suno.com.br\/noticias\/banco-pan-capta-1-bilhao-define-novo-preco-acao\/#primaryimage","url":"https:\/\/files.sunoresearch.com.br\/n\/uploads\/2019\/09\/16e68421-whatsapp-image-2019-09-19-at-19.57.27-jpeg.webp","contentUrl":"https:\/\/files.sunoresearch.com.br\/n\/uploads\/2019\/09\/16e68421-whatsapp-image-2019-09-19-at-19.57.27-jpeg.webp","width":640,"height":480,"caption":"Banco Pan (Foto: Reprodu\u00e7\u00e3o)"},{"@type":"BreadcrumbList","@id":"https:\/\/www.suno.com.br\/noticias\/banco-pan-capta-1-bilhao-define-novo-preco-acao\/#breadcrumb","itemListElement":[{"@type":"ListItem","position":1,"name":"Not\u00edcias","item":"https:\/\/www.suno.com.br\/noticias\/"},{"@type":"ListItem","position":2,"name":"Neg\u00f3cios","item":"https:\/\/www.suno.com.br\/noticias\/negocios\/"},{"@type":"ListItem","position":3,"name":"Banco Pan capta R$ 1 bilh\u00e3o e fixa novo pre\u00e7o por a\u00e7\u00e3o"}]},{"@type":"WebSite","@id":"https:\/\/www.suno.com.br\/noticias\/#website","url":"https:\/\/www.suno.com.br\/noticias\/","name":"Suno Not\u00edcias","description":"Seu portal de informa\u00e7\u00e3o sobre o mundo dos investimentos","publisher":{"@id":"https:\/\/www.suno.com.br\/noticias\/#organization"},"potentialAction":[{"@type":"SearchAction","target":{"@type":"EntryPoint","urlTemplate":"https:\/\/www.suno.com.br\/noticias\/?s={search_term_string}"},"query-input":{"@type":"PropertyValueSpecification","valueRequired":true,"valueName":"search_term_string"}}],"inLanguage":"pt-BR"},{"@type":"Organization","@id":"https:\/\/www.suno.com.br\/noticias\/#organization","name":"Suno Not\u00edcias","url":"https:\/\/www.suno.com.br\/noticias\/","logo":{"@type":"ImageObject","inLanguage":"pt-BR","@id":"https:\/\/www.suno.com.br\/noticias\/#\/schema\/logo\/image\/","url":"https:\/\/files.sunoresearch.com.br\/n\/uploads\/2021\/09\/suno-logo.png","contentUrl":"https:\/\/files.sunoresearch.com.br\/n\/uploads\/2021\/09\/suno-logo.png","width":180,"height":180,"caption":"Suno Not\u00edcias"},"image":{"@id":"https:\/\/www.suno.com.br\/noticias\/#\/schema\/logo\/image\/"},"sameAs":["https:\/\/facebook.com\/sunoresearch","https:\/\/x.com\/sunoresearch","https:\/\/www.instagram.com\/suno","https:\/\/www.linkedin.com\/company\/suno-research\/","https:\/\/www.youtube.com\/c\/sunoresearch"]},{"@type":"Person","@id":"https:\/\/www.suno.com.br\/noticias\/#\/schema\/person\/918d79de1f0281f01599b93f9ea6e23f","name":"Jader Lazarini","image":{"@type":"ImageObject","inLanguage":"pt-BR","@id":"https:\/\/www.suno.com.br\/noticias\/#\/schema\/person\/image\/","url":"https:\/\/secure.gravatar.com\/avatar\/3c1ad8caa51589841baeb923fcddea97?s=96&r=g","contentUrl":"https:\/\/secure.gravatar.com\/avatar\/3c1ad8caa51589841baeb923fcddea97?s=96&r=g","caption":"Jader Lazarini"},"description":"Jader Lazarini escreve sobre investimentos, finan\u00e7as, economia e neg\u00f3cios. \u00c9 bacharel em Rela\u00e7\u00f5es Internacionais e analista CNPI (2619).","url":"https:\/\/www.suno.com.br\/noticias\/author\/jader-lazarini\/"}]}},"default_loop_html":"<div class=\"cardsPage__listCard__boxs\"><div class=\"cardsPage__listCard__boxs__img\"><a href=\"https:\/\/www.suno.com.br\/noticias\/banco-pan-capta-1-bilhao-define-novo-preco-acao\/\"><img class=\"mask\" src=\"https:\/\/www.suno.com.br\/noticias\/wp-content\/themes\/suno\/resources\/images\/spotlight\/spotlight1img\/bg-mask.png\" alt=\"Image Mask\"\/><img src=\"https:\/\/files.sunoresearch.com.br\/n\/uploads\/2019\/09\/16e68421-whatsapp-image-2019-09-19-at-19.57.27-400x200.webp\" alt=\"Banco Pan capta R$ 1 bilh\u00e3o e fixa novo pre\u00e7o por a\u00e7\u00e3o\"\/><\/a><span class=\"spotlightCategory\"><a href=\"https:\/\/www.suno.com.br\/noticias\/negocios\/\">Neg\u00f3cios<\/a><\/span><\/div><div class=\"cardsPage__listCard__boxs__content\"><a href=\"https:\/\/www.suno.com.br\/noticias\/banco-pan-capta-1-bilhao-define-novo-preco-acao\/\"><h2 class=\"content__title\">Banco Pan capta R$ 1 bilh\u00e3o e fixa novo pre\u00e7o por a\u00e7\u00e3o<\/h2><\/a><div class=\"newsContent__article__meta\"><div class=\"newsContent__article__meta__authorBox\"><a href=\"https:\/\/www.suno.com.br\/noticias\/author\/jader-lazarini\/\" class=\"authorBox__avatar noMobi\"><img src=\"https:\/\/files.sunoresearch.com.br\/n\/uploads\/2021\/01\/178e6598-foto-perfil-2-150x150.jpg\" alt=\"Jader Lazarini\"><\/a><div class=\"authorBox__name\"><span>por\n\t\t\t<a href=\"https:\/\/www.suno.com.br\/noticias\/author\/jader-lazarini\/\"><span itemprop=\"author\">Jader Lazarini<\/span><\/a><\/span><time datetime=\"2019-09-20T10:01:55-03:00\" itemprop=\"datePublished\">20\/09\/2019 10:01<\/time><\/div><\/div><\/div><\/div><\/div>","single_layout":"posts","amp_enabled":true,"_links":{"self":[{"href":"https:\/\/www.suno.com.br\/noticias\/wp-json\/wp\/v2\/posts\/38295"}],"collection":[{"href":"https:\/\/www.suno.com.br\/noticias\/wp-json\/wp\/v2\/posts"}],"about":[{"href":"https:\/\/www.suno.com.br\/noticias\/wp-json\/wp\/v2\/types\/post"}],"author":[{"embeddable":true,"href":"https:\/\/www.suno.com.br\/noticias\/wp-json\/wp\/v2\/users\/24"}],"replies":[{"embeddable":true,"href":"https:\/\/www.suno.com.br\/noticias\/wp-json\/wp\/v2\/comments?post=38295"}],"version-history":[{"count":0,"href":"https:\/\/www.suno.com.br\/noticias\/wp-json\/wp\/v2\/posts\/38295\/revisions"}],"wp:featuredmedia":[{"embeddable":true,"href":"https:\/\/www.suno.com.br\/noticias\/wp-json\/wp\/v2\/media\/38267"}],"wp:attachment":[{"href":"https:\/\/www.suno.com.br\/noticias\/wp-json\/wp\/v2\/media?parent=38295"}],"wp:term":[{"taxonomy":"category","embeddable":true,"href":"https:\/\/www.suno.com.br\/noticias\/wp-json\/wp\/v2\/categories?post=38295"},{"taxonomy":"post_tag","embeddable":true,"href":"https:\/\/www.suno.com.br\/noticias\/wp-json\/wp\/v2\/tags?post=38295"},{"taxonomy":"suno_strategy","embeddable":true,"href":"https:\/\/www.suno.com.br\/noticias\/wp-json\/wp\/v2\/suno_strategy?post=38295"}],"curies":[{"name":"wp","href":"https:\/\/api.w.org\/{rel}","templated":true}]}}