{"id":38272,"date":"2019-09-20T08:29:52","date_gmt":"2019-09-20T11:29:52","guid":{"rendered":"https:\/\/www.suno.com.br\/noticias\/?p=38272"},"modified":"2019-09-20T08:31:51","modified_gmt":"2019-09-20T11:31:51","slug":"funcionarios-da-vale-sao-indiciados-no-caso-de-brumadinho","status":"publish","type":"post","link":"https:\/\/www.suno.com.br\/noticias\/funcionarios-da-vale-sao-indiciados-no-caso-de-brumadinho\/","title":{"rendered":"Sete funcion\u00e1rios da Vale s\u00e3o indiciados no caso de Brumadinho"},"content":{"rendered":"<p>Na noite da \u00faltima quinta-feira (19), a <strong>Policia Federal (PF)<\/strong> indiciou, por falsidade ideol\u00f3gica e uso de documentos falsos, executivos da Vale (<strong>VALE3<\/strong>) e da T\u00dcV S\u00dcD. Os nomes dos funcion\u00e1rios n\u00e3o foram divulgados.<\/p>\t<div class=\"wrapper-featured-image\">\n\t\t<figure class=\"spotlightImg\">\n\n\t\t\t<picture>\n\t\t\t\t<source media=\"(max-width: 768px)\" srcset=\"https:\/\/files.sunoresearch.com.br\/n\/uploads\/2019\/05\/38588c8d-valebrumadinho-6b2bd2a39970aaa6ad1180f36ecfec89-1200x600-400x200.webp\">\n\t\t\t\t<img loading=\"lazy\" decoding=\"async\" class=\"newsContent__article__imgCapa lazyloadDisabled newsContent__article__imgCapa--noCaption\" src=\"https:\/\/files.sunoresearch.com.br\/n\/uploads\/2019\/05\/38588c8d-valebrumadinho-6b2bd2a39970aaa6ad1180f36ecfec89-1200x600-800x450.webp\" width=\"800\" height=\"450\" alt=\"Sete funcion\u00e1rios da Vale s\u00e3o indiciados no caso de Brumadinho\" fetchpriority=high \/>\n\t\t\t<\/picture>\n\n\t\t\t<figcaption class=\"wp-caption-text wp-caption-text--hide\">Destaques no pagamento de dividendos, Vale (VALE3) e Petrobras (PETR4) tiveram maior contribui\u00e7\u00e3o no ano de 2021 - Foto: Divulga\u00e7\u00e3o<\/figcaption>\n\t\t<\/figure>\n\t<\/div>\n\n\n\n<p>Os indiciamentos de sete funcion\u00e1rios da mineradora <strong>Vale<\/strong>, al\u00e9m de seis membros da consultora alem\u00e3, s\u00e3o resultado da primeira parte das investiga\u00e7\u00f5es da <strong>PF<\/strong> sobre o rompimento da barragem em <strong>Brumadinho<\/strong>, em Belo Horizonte, em 25 de janeiro deste ano.<\/p>\n<p>At\u00e9 o momento, a <strong>trag\u00e9dia<\/strong> deixou 249 mortos j\u00e1 identificados, al\u00e9m de 21 pessoas que continuam desaparecidas.<\/p>\n<h2>Vale continua sendo investigada<\/h2>\n<p>A <strong>PF<\/strong> aguarda o resultado de per\u00edcias criminais sobre os crimes ambientais e os de homic\u00eddio. Ap\u00f3s isso, dever\u00e3o ser realizados novos indiciamentos.<\/p>\n\t<p>\n\t\t<a href=\"https:\/\/lp.suno.com.br\/ao\/cadastro-whatsapp\/\" target=\"_blank\" data-element=\"shortcode-suno-banner\" title=\"Banner SUNO, clique e saiba mais\">\n\t\t\t<picture>\n\t\t\t\t<source media=\"(max-width: 500px)\" srcset=\"https:\/\/files.sunoresearch.com.br\/n\/uploads\/2024\/02\/400x300-Mobile-Artigos-7.png\">\n\t\t\t\t<img class=\"newsContent__article__imgCapa newsContent__article__imgCapa--banner\"\n\t\t\t\t\tsrc=\"https:\/\/files.sunoresearch.com.br\/n\/uploads\/2024\/01\/1420x240-Banner-Artigos-1-_-Banner-Materias-8.png\"\n\t\t\t\t\tdata-promo-id=\"517344\"\t\t\t\t\t\t\t\t\t\twidth='1420' height='240'\t\t\t\t\talt=\"https:\/\/files.sunoresearch.com.br\/n\/uploads\/2024\/01\/1420x240-Banner-Artigos-1-_-Banner-Materias-8.png\"\n\t\t\t\t>\n\t\t\t<\/picture>\n\t\t<\/a>\n\t<\/p>\n\n\n<p>Existe a possibilidade de que os estudos demonstrem os motivos do rompimento da estrutura da barragem, sendo vi\u00e1vel atrelar a responsabilidade pelos crimes de forma individual.<\/p>\n<p>De acordo com a PF, o crime de <strong>falsidade ideol\u00f3gica<\/strong> ocorreu quando funcion\u00e1rios da <strong>Vale<\/strong> e da <strong>T\u00dcV S\u00dcD<\/strong> celebraram contratos utilizando informa\u00e7\u00f5es n\u00e3o verdadeiros presentes nos documentos de Declara\u00e7\u00e3o de Condi\u00e7\u00e3o de Estabilidade (DCE), realizados em 2018.<\/p>\n<p>Esses documentos ilegais permitiram que a <strong>barragem<\/strong> seguisse funcionando normalmente, mesmo que os crit\u00e9rios de seguran\u00e7a estivessem abaixo dos recomendados pela pr\u00f3pria mineradora baseado em padr\u00f5es internacionais.<\/p>\n<p><a href=\"https:\/\/www.suno.com.br\/noticias\/oi-negocia-venda-telefonia-movel-telefonica-tim\/\">Veja tamb\u00e9m: Oi negocia venda de telefonia m\u00f3vel com Telef\u00f3nica e Tim, diz ag\u00eancia<\/a><\/p>\n<p>A alega\u00e7\u00e3o de <strong>documentos falsos<\/strong> se deu por dois registros de declara\u00e7\u00e3o de estabilidade, indicando para entidades governamentais que as barragens estavam em boas condi\u00e7\u00f5es, em 2017.<\/p>\n<p>Os indiciados est\u00e3o proibidos de prestarem consultorias ou novos trabalhos nesta \u00e1rea at\u00e9 a conclus\u00e3o das investiga\u00e7\u00f5es. No total, a pena pode chegar a 18 anos de cadeia para os indiciados.<\/p>\n<h2>Indeniza\u00e7\u00e3o de R$ 11,8 milh\u00f5es<\/h2>\n<p>A <strong>Vale<\/strong> foi condenada na \u00faltima quarta-feira (18) a pagar uma <strong>indeniza\u00e7\u00e3o<\/strong> de R$ 11,875 milh\u00f5es aos familiares de tr\u00eas v\u00edtimas do rompimento da barragem localizada na Grande BH<strong>.<\/strong><\/p>\n\t<p>\n\t\t<a href=\"https:\/\/lp.suno.com.br\/ao\/servico-especializado-suno-tf\/?utm_source=adwords&#038;utm_medium=search&#038;utm_campaign=search.servico.funilconsultoria&#038;utm_content=1147_responsivo-a&#038;hsa_acc=2326072784&#038;hsa_cam=18022897917&#038;hsa_grp=141470255993&#038;hsa_ad=616145467912&#038;hsa_src=g&#038;hsa_tgt=kwd-303658942458&#038;hsa_kw=gestora+de+investimentos&#038;hsa_mt=b&#038;hsa_net=adwords&#038;hsa_ver=3&#038;gad_source=1&#038;gclid=CjwKCAjw1emzBhB8EiwAHwZZxQMvA3xJVRzLGZ70LmuSzR55X-KvxijSay8c5Hm88Sznnq97j8XbORoC-sMQAvD_BwE\" target=\"_blank\" data-element=\"shortcode-suno-banner\" title=\"Banner SUNO, clique e saiba mais\">\n\t\t\t<picture>\n\t\t\t\t<source media=\"(max-width: 500px)\" srcset=\"https:\/\/files.sunoresearch.com.br\/n\/uploads\/2024\/06\/400x300-Mobile-Artigos-5.png\">\n\t\t\t\t<img class=\"newsContent__article__imgCapa newsContent__article__imgCapa--banner\"\n\t\t\t\t\tsrc=\"https:\/\/files.sunoresearch.com.br\/n\/uploads\/2024\/06\/1420x240-Banner-Artigos-1-_-Banner-Materias-3.png\"\n\t\t\t\t\tdata-promo-id=\"563605\"\t\t\t\t\t\t\t\t\t\twidth='1420' height='240'\t\t\t\t\talt=\"https:\/\/files.sunoresearch.com.br\/n\/uploads\/2024\/06\/1420x240-Banner-Artigos-1-_-Banner-Materias-3.png\"\n\t\t\t\t>\n\t\t\t<\/picture>\n\t\t<\/a>\n\t<\/p>\n\n\n<p>A indeniza\u00e7\u00e3o ser\u00e1 paga pela mineradora aos familiares das seguintes v\u00edtimas:<\/p>\n<ul>\n<li>Luiz Taliberti, de 31 anos<\/li>\n<li>Camila Taliberti, de 33 anos<\/li>\n<li>Fernanda Damian, de 30 anos, que estava gr\u00e1vida<\/li>\n<\/ul>\n<p>A fam\u00edlia estava hospedada na Pousada Nova Est\u00e2ncia, um dos locais atingidos pela lama ap\u00f3s o rompimento.<\/p>\n<p><a href=\"https:\/\/www.suno.com.br\/noticias\/vale-indenizacao-r-118-mi-familiares-vitimas-brumadinho\/\">Saiba mais: Vale pagar\u00e1 indeniza\u00e7\u00e3o de R$ 11,8 mi para familiares de v\u00edtimas de Brumadinho<\/a><\/p>\n<p>Essa \u00e9 a primeira condena\u00e7\u00e3o da <strong>Vale<\/strong> em uma a\u00e7\u00e3o individual motivada pela trag\u00e9dia de <strong>Brumadinho<\/strong>.<\/p>\n","protected":false},"excerpt":{"rendered":"<p>Na noite da \u00faltima quinta-feira (19), a Policia Federal (PF) indiciou, por falsidade ideol\u00f3gica e uso de documentos falsos, executivos da Vale (VALE3) e da T\u00dcV S\u00dcD. Os nomes dos funcion\u00e1rios n\u00e3o foram divulgados. Destaques no pagamento de dividendos, Vale (VALE3) e Petrobras (PETR4) tiveram maior contribui\u00e7\u00e3o no ano de 2021 &#8211; Foto: Divulga\u00e7\u00e3o Os [&hellip;]<\/p>\n","protected":false},"author":24,"featured_media":23715,"comment_status":"closed","ping_status":"closed","sticky":false,"template":"","format":"standard","meta":[],"categories":[64],"tags":[1032,845,676],"suno_strategy":[],"class_list":["post-38272","post","type-post","status-publish","format-standard","has-post-thumbnail","hentry","category-negocios","tag-brumadinho","tag-policia-federal","tag-vale-vale3"],"yoast_head":"<!-- This site is optimized with the Yoast SEO plugin v24.4 - https:\/\/yoast.com\/wordpress\/plugins\/seo\/ -->\n<title>Sete funcion\u00e1rios da Vale s\u00e3o indiciados no caso de Brumadinho<\/title>\n<meta name=\"description\" content=\"Na \u00faltima quinta (19), a Policia Federal indiciou, por falsidade ideol\u00f3gica e uso de documentos falsos, executivos da Vale. Saiba mais.\" \/>\n<meta name=\"robots\" content=\"index, follow, max-snippet:-1, max-image-preview:large, max-video-preview:-1\" \/>\n<link rel=\"canonical\" href=\"https:\/\/www.suno.com.br\/noticias\/funcionarios-da-vale-sao-indiciados-no-caso-de-brumadinho\/\" \/>\n<meta property=\"og:locale\" content=\"pt_BR\" \/>\n<meta property=\"og:type\" content=\"article\" \/>\n<meta property=\"og:title\" content=\"Sete funcion\u00e1rios da Vale s\u00e3o indiciados no caso de Brumadinho\" \/>\n<meta property=\"og:description\" content=\"Na \u00faltima quinta (19), a Policia Federal indiciou, por falsidade ideol\u00f3gica e uso de documentos falsos, executivos da Vale. Saiba mais.\" \/>\n<meta property=\"og:url\" content=\"https:\/\/www.suno.com.br\/noticias\/funcionarios-da-vale-sao-indiciados-no-caso-de-brumadinho\/\" \/>\n<meta property=\"og:site_name\" content=\"Suno Not\u00edcias\" \/>\n<meta property=\"article:publisher\" content=\"https:\/\/facebook.com\/sunoresearch\" \/>\n<meta property=\"og:image\" content=\"https:\/\/files.sunoresearch.com.br\/n\/uploads\/2019\/05\/38588c8d-valebrumadinho-6b2bd2a39970aaa6ad1180f36ecfec89-1200x600.jpg\" \/>\n\t<meta property=\"og:image:width\" content=\"1200\" \/>\n\t<meta property=\"og:image:height\" content=\"600\" \/>\n\t<meta property=\"og:image:type\" content=\"image\/jpeg\" \/>\n<meta name=\"author\" content=\"Jader Lazarini\" \/>\n<meta name=\"twitter:card\" content=\"summary_large_image\" \/>\n<meta name=\"twitter:creator\" content=\"@sunoresearch\" \/>\n<meta name=\"twitter:site\" content=\"@sunoresearch\" \/>\n<meta name=\"twitter:label1\" content=\"Escrito por\" \/>\n\t<meta name=\"twitter:data1\" content=\"Jader Lazarini\" \/>\n\t<meta name=\"twitter:label2\" content=\"Est. tempo de leitura\" \/>\n\t<meta name=\"twitter:data2\" content=\"2 minutos\" \/>\n<script type=\"application\/ld+json\" class=\"yoast-schema-graph\">{\"@context\":\"https:\/\/schema.org\",\"@graph\":[{\"@type\":\"NewsArticle\",\"@id\":\"https:\/\/www.suno.com.br\/noticias\/funcionarios-da-vale-sao-indiciados-no-caso-de-brumadinho\/#article\",\"isPartOf\":{\"@id\":\"https:\/\/www.suno.com.br\/noticias\/funcionarios-da-vale-sao-indiciados-no-caso-de-brumadinho\/\"},\"author\":{\"name\":\"Jader Lazarini\",\"@id\":\"https:\/\/www.suno.com.br\/noticias\/#\/schema\/person\/918d79de1f0281f01599b93f9ea6e23f\"},\"headline\":\"Sete funcion\u00e1rios da Vale s\u00e3o indiciados no caso de Brumadinho\",\"datePublished\":\"2019-09-20T11:29:52+00:00\",\"dateModified\":\"2019-09-20T11:31:51+00:00\",\"mainEntityOfPage\":{\"@id\":\"https:\/\/www.suno.com.br\/noticias\/funcionarios-da-vale-sao-indiciados-no-caso-de-brumadinho\/\"},\"wordCount\":452,\"publisher\":{\"@id\":\"https:\/\/www.suno.com.br\/noticias\/#organization\"},\"image\":{\"@id\":\"https:\/\/www.suno.com.br\/noticias\/funcionarios-da-vale-sao-indiciados-no-caso-de-brumadinho\/#primaryimage\"},\"thumbnailUrl\":\"https:\/\/files.sunoresearch.com.br\/n\/uploads\/2019\/05\/38588c8d-valebrumadinho-6b2bd2a39970aaa6ad1180f36ecfec89-1200x600-jpg.webp\",\"keywords\":[\"Brumadinho\",\"Pol\u00edcia Federal\",\"Vale (VALE3)\"],\"articleSection\":[\"Neg\u00f3cios\"],\"inLanguage\":\"pt-BR\"},{\"@type\":\"WebPage\",\"@id\":\"https:\/\/www.suno.com.br\/noticias\/funcionarios-da-vale-sao-indiciados-no-caso-de-brumadinho\/\",\"url\":\"https:\/\/www.suno.com.br\/noticias\/funcionarios-da-vale-sao-indiciados-no-caso-de-brumadinho\/\",\"name\":\"Sete funcion\u00e1rios da Vale s\u00e3o indiciados no caso de Brumadinho\",\"isPartOf\":{\"@id\":\"https:\/\/www.suno.com.br\/noticias\/#website\"},\"primaryImageOfPage\":{\"@id\":\"https:\/\/www.suno.com.br\/noticias\/funcionarios-da-vale-sao-indiciados-no-caso-de-brumadinho\/#primaryimage\"},\"image\":{\"@id\":\"https:\/\/www.suno.com.br\/noticias\/funcionarios-da-vale-sao-indiciados-no-caso-de-brumadinho\/#primaryimage\"},\"thumbnailUrl\":\"https:\/\/files.sunoresearch.com.br\/n\/uploads\/2019\/05\/38588c8d-valebrumadinho-6b2bd2a39970aaa6ad1180f36ecfec89-1200x600-jpg.webp\",\"datePublished\":\"2019-09-20T11:29:52+00:00\",\"dateModified\":\"2019-09-20T11:31:51+00:00\",\"description\":\"Na \u00faltima quinta (19), a Policia Federal indiciou, por falsidade ideol\u00f3gica e uso de documentos falsos, executivos da Vale. Saiba mais.\",\"breadcrumb\":{\"@id\":\"https:\/\/www.suno.com.br\/noticias\/funcionarios-da-vale-sao-indiciados-no-caso-de-brumadinho\/#breadcrumb\"},\"inLanguage\":\"pt-BR\",\"potentialAction\":[{\"@type\":\"ReadAction\",\"target\":[\"https:\/\/www.suno.com.br\/noticias\/funcionarios-da-vale-sao-indiciados-no-caso-de-brumadinho\/\"]}]},{\"@type\":\"ImageObject\",\"inLanguage\":\"pt-BR\",\"@id\":\"https:\/\/www.suno.com.br\/noticias\/funcionarios-da-vale-sao-indiciados-no-caso-de-brumadinho\/#primaryimage\",\"url\":\"https:\/\/files.sunoresearch.com.br\/n\/uploads\/2019\/05\/38588c8d-valebrumadinho-6b2bd2a39970aaa6ad1180f36ecfec89-1200x600-jpg.webp\",\"contentUrl\":\"https:\/\/files.sunoresearch.com.br\/n\/uploads\/2019\/05\/38588c8d-valebrumadinho-6b2bd2a39970aaa6ad1180f36ecfec89-1200x600-jpg.webp\",\"width\":1200,\"height\":600,\"caption\":\"Destaques no pagamento de dividendos, Vale (VALE3) e Petrobras (PETR4) tiveram maior contribui\u00e7\u00e3o no ano de 2021 - Foto: Divulga\u00e7\u00e3o\"},{\"@type\":\"BreadcrumbList\",\"@id\":\"https:\/\/www.suno.com.br\/noticias\/funcionarios-da-vale-sao-indiciados-no-caso-de-brumadinho\/#breadcrumb\",\"itemListElement\":[{\"@type\":\"ListItem\",\"position\":1,\"name\":\"Not\u00edcias\",\"item\":\"https:\/\/www.suno.com.br\/noticias\/\"},{\"@type\":\"ListItem\",\"position\":2,\"name\":\"Neg\u00f3cios\",\"item\":\"https:\/\/www.suno.com.br\/noticias\/negocios\/\"},{\"@type\":\"ListItem\",\"position\":3,\"name\":\"Sete funcion\u00e1rios da Vale s\u00e3o indiciados no caso de Brumadinho\"}]},{\"@type\":\"WebSite\",\"@id\":\"https:\/\/www.suno.com.br\/noticias\/#website\",\"url\":\"https:\/\/www.suno.com.br\/noticias\/\",\"name\":\"Suno Not\u00edcias\",\"description\":\"Seu portal de informa\u00e7\u00e3o sobre o mundo dos investimentos\",\"publisher\":{\"@id\":\"https:\/\/www.suno.com.br\/noticias\/#organization\"},\"potentialAction\":[{\"@type\":\"SearchAction\",\"target\":{\"@type\":\"EntryPoint\",\"urlTemplate\":\"https:\/\/www.suno.com.br\/noticias\/?s={search_term_string}\"},\"query-input\":{\"@type\":\"PropertyValueSpecification\",\"valueRequired\":true,\"valueName\":\"search_term_string\"}}],\"inLanguage\":\"pt-BR\"},{\"@type\":\"Organization\",\"@id\":\"https:\/\/www.suno.com.br\/noticias\/#organization\",\"name\":\"Suno Not\u00edcias\",\"url\":\"https:\/\/www.suno.com.br\/noticias\/\",\"logo\":{\"@type\":\"ImageObject\",\"inLanguage\":\"pt-BR\",\"@id\":\"https:\/\/www.suno.com.br\/noticias\/#\/schema\/logo\/image\/\",\"url\":\"https:\/\/files.sunoresearch.com.br\/n\/uploads\/2021\/09\/suno-logo.png\",\"contentUrl\":\"https:\/\/files.sunoresearch.com.br\/n\/uploads\/2021\/09\/suno-logo.png\",\"width\":180,\"height\":180,\"caption\":\"Suno Not\u00edcias\"},\"image\":{\"@id\":\"https:\/\/www.suno.com.br\/noticias\/#\/schema\/logo\/image\/\"},\"sameAs\":[\"https:\/\/facebook.com\/sunoresearch\",\"https:\/\/x.com\/sunoresearch\",\"https:\/\/www.instagram.com\/suno\",\"https:\/\/www.linkedin.com\/company\/suno-research\/\",\"https:\/\/www.youtube.com\/c\/sunoresearch\"]},{\"@type\":\"Person\",\"@id\":\"https:\/\/www.suno.com.br\/noticias\/#\/schema\/person\/918d79de1f0281f01599b93f9ea6e23f\",\"name\":\"Jader Lazarini\",\"image\":{\"@type\":\"ImageObject\",\"inLanguage\":\"pt-BR\",\"@id\":\"https:\/\/www.suno.com.br\/noticias\/#\/schema\/person\/image\/\",\"url\":\"https:\/\/secure.gravatar.com\/avatar\/3c1ad8caa51589841baeb923fcddea97?s=96&r=g\",\"contentUrl\":\"https:\/\/secure.gravatar.com\/avatar\/3c1ad8caa51589841baeb923fcddea97?s=96&r=g\",\"caption\":\"Jader Lazarini\"},\"description\":\"Jader Lazarini escreve sobre investimentos, finan\u00e7as, economia e neg\u00f3cios. \u00c9 bacharel em Rela\u00e7\u00f5es Internacionais e analista CNPI (2619).\",\"url\":\"https:\/\/www.suno.com.br\/noticias\/author\/jader-lazarini\/\"}]}<\/script>\n<!-- \/ Yoast SEO plugin. -->","yoast_head_json":{"title":"Sete funcion\u00e1rios da Vale s\u00e3o indiciados no caso de Brumadinho","description":"Na \u00faltima quinta (19), a Policia Federal indiciou, por falsidade ideol\u00f3gica e uso de documentos falsos, executivos da Vale. Saiba mais.","robots":{"index":"index","follow":"follow","max-snippet":"max-snippet:-1","max-image-preview":"max-image-preview:large","max-video-preview":"max-video-preview:-1"},"canonical":"https:\/\/www.suno.com.br\/noticias\/funcionarios-da-vale-sao-indiciados-no-caso-de-brumadinho\/","og_locale":"pt_BR","og_type":"article","og_title":"Sete funcion\u00e1rios da Vale s\u00e3o indiciados no caso de Brumadinho","og_description":"Na \u00faltima quinta (19), a Policia Federal indiciou, por falsidade ideol\u00f3gica e uso de documentos falsos, executivos da Vale. Saiba mais.","og_url":"https:\/\/www.suno.com.br\/noticias\/funcionarios-da-vale-sao-indiciados-no-caso-de-brumadinho\/","og_site_name":"Suno Not\u00edcias","article_publisher":"https:\/\/facebook.com\/sunoresearch","og_image":[{"width":1200,"height":600,"url":"https:\/\/files.sunoresearch.com.br\/n\/uploads\/2019\/05\/38588c8d-valebrumadinho-6b2bd2a39970aaa6ad1180f36ecfec89-1200x600.jpg","type":"image\/jpeg"}],"author":"Jader Lazarini","twitter_card":"summary_large_image","twitter_creator":"@sunoresearch","twitter_site":"@sunoresearch","twitter_misc":{"Escrito por":"Jader Lazarini","Est. tempo de leitura":"2 minutos"},"schema":{"@context":"https:\/\/schema.org","@graph":[{"@type":"NewsArticle","@id":"https:\/\/www.suno.com.br\/noticias\/funcionarios-da-vale-sao-indiciados-no-caso-de-brumadinho\/#article","isPartOf":{"@id":"https:\/\/www.suno.com.br\/noticias\/funcionarios-da-vale-sao-indiciados-no-caso-de-brumadinho\/"},"author":{"name":"Jader Lazarini","@id":"https:\/\/www.suno.com.br\/noticias\/#\/schema\/person\/918d79de1f0281f01599b93f9ea6e23f"},"headline":"Sete funcion\u00e1rios da Vale s\u00e3o indiciados no caso de Brumadinho","datePublished":"2019-09-20T11:29:52+00:00","dateModified":"2019-09-20T11:31:51+00:00","mainEntityOfPage":{"@id":"https:\/\/www.suno.com.br\/noticias\/funcionarios-da-vale-sao-indiciados-no-caso-de-brumadinho\/"},"wordCount":452,"publisher":{"@id":"https:\/\/www.suno.com.br\/noticias\/#organization"},"image":{"@id":"https:\/\/www.suno.com.br\/noticias\/funcionarios-da-vale-sao-indiciados-no-caso-de-brumadinho\/#primaryimage"},"thumbnailUrl":"https:\/\/files.sunoresearch.com.br\/n\/uploads\/2019\/05\/38588c8d-valebrumadinho-6b2bd2a39970aaa6ad1180f36ecfec89-1200x600-jpg.webp","keywords":["Brumadinho","Pol\u00edcia Federal","Vale (VALE3)"],"articleSection":["Neg\u00f3cios"],"inLanguage":"pt-BR"},{"@type":"WebPage","@id":"https:\/\/www.suno.com.br\/noticias\/funcionarios-da-vale-sao-indiciados-no-caso-de-brumadinho\/","url":"https:\/\/www.suno.com.br\/noticias\/funcionarios-da-vale-sao-indiciados-no-caso-de-brumadinho\/","name":"Sete funcion\u00e1rios da Vale s\u00e3o indiciados no caso de Brumadinho","isPartOf":{"@id":"https:\/\/www.suno.com.br\/noticias\/#website"},"primaryImageOfPage":{"@id":"https:\/\/www.suno.com.br\/noticias\/funcionarios-da-vale-sao-indiciados-no-caso-de-brumadinho\/#primaryimage"},"image":{"@id":"https:\/\/www.suno.com.br\/noticias\/funcionarios-da-vale-sao-indiciados-no-caso-de-brumadinho\/#primaryimage"},"thumbnailUrl":"https:\/\/files.sunoresearch.com.br\/n\/uploads\/2019\/05\/38588c8d-valebrumadinho-6b2bd2a39970aaa6ad1180f36ecfec89-1200x600-jpg.webp","datePublished":"2019-09-20T11:29:52+00:00","dateModified":"2019-09-20T11:31:51+00:00","description":"Na \u00faltima quinta (19), a Policia Federal indiciou, por falsidade ideol\u00f3gica e uso de documentos falsos, executivos da Vale. Saiba mais.","breadcrumb":{"@id":"https:\/\/www.suno.com.br\/noticias\/funcionarios-da-vale-sao-indiciados-no-caso-de-brumadinho\/#breadcrumb"},"inLanguage":"pt-BR","potentialAction":[{"@type":"ReadAction","target":["https:\/\/www.suno.com.br\/noticias\/funcionarios-da-vale-sao-indiciados-no-caso-de-brumadinho\/"]}]},{"@type":"ImageObject","inLanguage":"pt-BR","@id":"https:\/\/www.suno.com.br\/noticias\/funcionarios-da-vale-sao-indiciados-no-caso-de-brumadinho\/#primaryimage","url":"https:\/\/files.sunoresearch.com.br\/n\/uploads\/2019\/05\/38588c8d-valebrumadinho-6b2bd2a39970aaa6ad1180f36ecfec89-1200x600-jpg.webp","contentUrl":"https:\/\/files.sunoresearch.com.br\/n\/uploads\/2019\/05\/38588c8d-valebrumadinho-6b2bd2a39970aaa6ad1180f36ecfec89-1200x600-jpg.webp","width":1200,"height":600,"caption":"Destaques no pagamento de dividendos, Vale (VALE3) e Petrobras (PETR4) tiveram maior contribui\u00e7\u00e3o no ano de 2021 - Foto: Divulga\u00e7\u00e3o"},{"@type":"BreadcrumbList","@id":"https:\/\/www.suno.com.br\/noticias\/funcionarios-da-vale-sao-indiciados-no-caso-de-brumadinho\/#breadcrumb","itemListElement":[{"@type":"ListItem","position":1,"name":"Not\u00edcias","item":"https:\/\/www.suno.com.br\/noticias\/"},{"@type":"ListItem","position":2,"name":"Neg\u00f3cios","item":"https:\/\/www.suno.com.br\/noticias\/negocios\/"},{"@type":"ListItem","position":3,"name":"Sete funcion\u00e1rios da Vale s\u00e3o indiciados no caso de Brumadinho"}]},{"@type":"WebSite","@id":"https:\/\/www.suno.com.br\/noticias\/#website","url":"https:\/\/www.suno.com.br\/noticias\/","name":"Suno Not\u00edcias","description":"Seu portal de informa\u00e7\u00e3o sobre o mundo dos investimentos","publisher":{"@id":"https:\/\/www.suno.com.br\/noticias\/#organization"},"potentialAction":[{"@type":"SearchAction","target":{"@type":"EntryPoint","urlTemplate":"https:\/\/www.suno.com.br\/noticias\/?s={search_term_string}"},"query-input":{"@type":"PropertyValueSpecification","valueRequired":true,"valueName":"search_term_string"}}],"inLanguage":"pt-BR"},{"@type":"Organization","@id":"https:\/\/www.suno.com.br\/noticias\/#organization","name":"Suno Not\u00edcias","url":"https:\/\/www.suno.com.br\/noticias\/","logo":{"@type":"ImageObject","inLanguage":"pt-BR","@id":"https:\/\/www.suno.com.br\/noticias\/#\/schema\/logo\/image\/","url":"https:\/\/files.sunoresearch.com.br\/n\/uploads\/2021\/09\/suno-logo.png","contentUrl":"https:\/\/files.sunoresearch.com.br\/n\/uploads\/2021\/09\/suno-logo.png","width":180,"height":180,"caption":"Suno Not\u00edcias"},"image":{"@id":"https:\/\/www.suno.com.br\/noticias\/#\/schema\/logo\/image\/"},"sameAs":["https:\/\/facebook.com\/sunoresearch","https:\/\/x.com\/sunoresearch","https:\/\/www.instagram.com\/suno","https:\/\/www.linkedin.com\/company\/suno-research\/","https:\/\/www.youtube.com\/c\/sunoresearch"]},{"@type":"Person","@id":"https:\/\/www.suno.com.br\/noticias\/#\/schema\/person\/918d79de1f0281f01599b93f9ea6e23f","name":"Jader Lazarini","image":{"@type":"ImageObject","inLanguage":"pt-BR","@id":"https:\/\/www.suno.com.br\/noticias\/#\/schema\/person\/image\/","url":"https:\/\/secure.gravatar.com\/avatar\/3c1ad8caa51589841baeb923fcddea97?s=96&r=g","contentUrl":"https:\/\/secure.gravatar.com\/avatar\/3c1ad8caa51589841baeb923fcddea97?s=96&r=g","caption":"Jader Lazarini"},"description":"Jader Lazarini escreve sobre investimentos, finan\u00e7as, economia e neg\u00f3cios. \u00c9 bacharel em Rela\u00e7\u00f5es Internacionais e analista CNPI (2619).","url":"https:\/\/www.suno.com.br\/noticias\/author\/jader-lazarini\/"}]}},"default_loop_html":"<div class=\"cardsPage__listCard__boxs\"><div class=\"cardsPage__listCard__boxs__img\"><a href=\"https:\/\/www.suno.com.br\/noticias\/funcionarios-da-vale-sao-indiciados-no-caso-de-brumadinho\/\"><img class=\"mask\" src=\"https:\/\/www.suno.com.br\/noticias\/wp-content\/themes\/suno\/resources\/images\/spotlight\/spotlight1img\/bg-mask.png\" alt=\"Image Mask\"\/><img src=\"https:\/\/files.sunoresearch.com.br\/n\/uploads\/2019\/05\/38588c8d-valebrumadinho-6b2bd2a39970aaa6ad1180f36ecfec89-1200x600-400x200.webp\" alt=\"Sete funcion\u00e1rios da Vale s\u00e3o indiciados no caso de Brumadinho\"\/><\/a><span class=\"spotlightCategory\"><a href=\"https:\/\/www.suno.com.br\/noticias\/negocios\/\">Neg\u00f3cios<\/a><\/span><\/div><div class=\"cardsPage__listCard__boxs__content\"><a href=\"https:\/\/www.suno.com.br\/noticias\/funcionarios-da-vale-sao-indiciados-no-caso-de-brumadinho\/\"><h2 class=\"content__title\">Sete funcion\u00e1rios da Vale s\u00e3o indiciados no caso de Brumadinho<\/h2><\/a><div class=\"newsContent__article__meta\"><div class=\"newsContent__article__meta__authorBox\"><a href=\"https:\/\/www.suno.com.br\/noticias\/author\/jader-lazarini\/\" class=\"authorBox__avatar noMobi\"><img src=\"https:\/\/files.sunoresearch.com.br\/n\/uploads\/2021\/01\/178e6598-foto-perfil-2-150x150.jpg\" alt=\"Jader Lazarini\"><\/a><div class=\"authorBox__name\"><span>por\n\t\t\t<a href=\"https:\/\/www.suno.com.br\/noticias\/author\/jader-lazarini\/\"><span itemprop=\"author\">Jader Lazarini<\/span><\/a><\/span><time datetime=\"2019-09-20T08:29:52-03:00\" itemprop=\"datePublished\">20\/09\/2019 08:29<\/time><\/div><\/div><\/div><\/div><\/div>","single_layout":"posts","amp_enabled":true,"_links":{"self":[{"href":"https:\/\/www.suno.com.br\/noticias\/wp-json\/wp\/v2\/posts\/38272"}],"collection":[{"href":"https:\/\/www.suno.com.br\/noticias\/wp-json\/wp\/v2\/posts"}],"about":[{"href":"https:\/\/www.suno.com.br\/noticias\/wp-json\/wp\/v2\/types\/post"}],"author":[{"embeddable":true,"href":"https:\/\/www.suno.com.br\/noticias\/wp-json\/wp\/v2\/users\/24"}],"replies":[{"embeddable":true,"href":"https:\/\/www.suno.com.br\/noticias\/wp-json\/wp\/v2\/comments?post=38272"}],"version-history":[{"count":0,"href":"https:\/\/www.suno.com.br\/noticias\/wp-json\/wp\/v2\/posts\/38272\/revisions"}],"wp:featuredmedia":[{"embeddable":true,"href":"https:\/\/www.suno.com.br\/noticias\/wp-json\/wp\/v2\/media\/23715"}],"wp:attachment":[{"href":"https:\/\/www.suno.com.br\/noticias\/wp-json\/wp\/v2\/media?parent=38272"}],"wp:term":[{"taxonomy":"category","embeddable":true,"href":"https:\/\/www.suno.com.br\/noticias\/wp-json\/wp\/v2\/categories?post=38272"},{"taxonomy":"post_tag","embeddable":true,"href":"https:\/\/www.suno.com.br\/noticias\/wp-json\/wp\/v2\/tags?post=38272"},{"taxonomy":"suno_strategy","embeddable":true,"href":"https:\/\/www.suno.com.br\/noticias\/wp-json\/wp\/v2\/suno_strategy?post=38272"}],"curies":[{"name":"wp","href":"https:\/\/api.w.org\/{rel}","templated":true}]}}