{"id":38246,"date":"2019-09-19T18:25:17","date_gmt":"2019-09-19T21:25:17","guid":{"rendered":"https:\/\/www.suno.com.br\/noticias\/?p=38246"},"modified":"2019-09-19T18:25:17","modified_gmt":"2019-09-19T21:25:17","slug":"ibovespa-encerra-baixa-guerra-comercial-19092019","status":"publish","type":"post","link":"https:\/\/www.suno.com.br\/noticias\/ibovespa-encerra-baixa-guerra-comercial-19092019\/","title":{"rendered":"Ibovespa encerra em baixa de -0,18% com guerra comercial"},"content":{"rendered":"<p>O Ibovespa fechou nesta quinta-feira (19) em baixa. O <a href=\"https:\/\/www.suno.com.br\/artigos\/b3\/\">principal \u00edndice da Bolsa de Valores de S\u00e3o Paulo (B3)<\/a> teve queda de -0,18% a 104.339,156 pontos.<\/p>\t<div class=\"wrapper-featured-image\">\n\t\t<figure class=\"spotlightImg\">\n\n\t\t\t<picture>\n\t\t\t\t<source media=\"(max-width: 768px)\" srcset=\"https:\/\/files.sunoresearch.com.br\/n\/uploads\/2019\/09\/d5fae002-ibovespa-400x200.webp\">\n\t\t\t\t<img loading=\"lazy\" decoding=\"async\" class=\"newsContent__article__imgCapa lazyloadDisabled newsContent__article__imgCapa--noCaption\" src=\"https:\/\/files.sunoresearch.com.br\/n\/uploads\/2019\/09\/d5fae002-ibovespa-800x450.webp\" width=\"800\" height=\"450\" alt=\"Ibovespa encerra em baixa de -0,18% com guerra comercial\" fetchpriority=high \/>\n\t\t\t<\/picture>\n\n\t\t\t<figcaption class=\"wp-caption-text wp-caption-text--hide\">A nova SEC na era de Joe Biden: mais regras e controles para Wall Street Foto; Pinterest<\/figcaption>\n\t\t<\/figure>\n\t<\/div>\n\n\n\n<p>O <strong>Ibovespa<\/strong> teve baixa devido, principalmente, da not\u00edcia divulgada por um jornal chin\u00eas de que um oficial s\u00eanior da <strong>Casa Branca<\/strong> teria dito que as tarifas americanas sobre bens chineses podem chegar a at\u00e9 100%. De acordo com a <strong>CNBC,<\/strong> o assessor de <strong>Donald Trump,<\/strong> Michael Pillsbury, disse que o pa\u00eds est\u00e1 pronto para escalar a <a href=\"https:\/\/www.suno.com.br\/artigos\/a-guerra-comercial\/\"><strong>guerra comercial<\/strong><\/a> caso n\u00e3o chegue a um acordo.<\/p>\n<p>Por outro lado, a queda foi amenizada gra\u00e7as ao crescimento dos bancos privados que anunciaram cortes das taxas de juros de suas linhas de cr\u00e9dito para pessoa f\u00edsica e jur\u00eddica. O <strong>Ita\u00fa<\/strong> pretende reduzir as taxas na pr\u00f3xima sexta (20), e o <strong>Bradesco<\/strong> iniciar\u00e1 na pr\u00f3xima segunda-feira (23).<\/p>\n<p>Al\u00e9m disso, contribu\u00edram para a queda:<\/p>\n<ul>\n<li><strong>Oi<\/strong> negocia venda de telefonia m\u00f3vel com <strong>Telef\u00f3nica<\/strong> e <strong>Tim,<\/strong> diz ag\u00eancia<\/li>\n<li><strong>Banco Pan<\/strong> j\u00e1 possui demanda suficiente para seu <strong>follow-on,<\/strong> diz jornal<\/li>\n<li><strong>OCDE<\/strong> reduz as proje\u00e7\u00f5es para o <strong>crescimento mundial<\/strong><\/li>\n<li>Confian\u00e7a do <strong>empres\u00e1rio<\/strong> fica est\u00e1vel ap\u00f3s tr\u00eas meses de alta, diz <strong>CNI<\/strong><\/li>\n<\/ul>\n<h2>Oi<\/h2>\n<p>A <a href=\"https:\/\/www.suno.com.br\/artigos\/radar-oibr3-esclarece-noticia\/\">Oi (OIBR3; OIBR4)<\/a> estaria em negocia\u00e7\u00f5es para venda de sua telefonia m\u00f3vel para a companhia espanhola <strong>Telef\u00f3nica (VIVT4)<\/strong> e com a <strong>Telecom Italia, <\/strong>que controla a <strong>Tim Participa\u00e7\u00f5es (TIMP3), <\/strong>\u00a0para evitar uma liquida\u00e7\u00e3o. A informa\u00e7\u00e3o foi divulgada pela ag\u00eancia Reuters nesta quinta.<\/p>\n<p><a href=\"https:\/\/www.suno.com.br\/noticias\/oi-negocia-venda-telefonia-movel-telefonica-tim\/\">Saiba mais: Oi negocia venda de telefonia m\u00f3vel com Telef\u00f3nica e Tim, diz ag\u00eancia<\/a><\/p>\n<p>A <strong>Oi<\/strong> vem tendo dificuldades para voltar a ter sucesso desde junho de 2016, quando entrou com pedido de <strong>recupera\u00e7\u00e3o judicial<\/strong> por conta de uma d\u00edvida de R$ 65 bilh\u00f5es.<\/p>\n<p>De acordo com a ag\u00eancia, a companhia espera receber mais de R$ 10 bilh\u00f5es com sua venda do segmento m\u00f3vel. No dia 30 de junho, a <strong>Oi<\/strong> divulgou seu balan\u00e7o do segundo trimestre registrando aproximadamente 35 milh\u00f5es de clientes em <strong>telefonia m\u00f3vel.<\/strong><\/p>\n<h2>Banco Pan<\/h2>\n<p>Nesta quinta, o mercado abriu com o Banco Pan (<strong>BPAN4<\/strong>) possuindo demanda suficiente para concluir a sua <a href=\"https:\/\/www.suno.com.br\/artigos\/follow-on\/\">oferta subsequente de a\u00e7\u00f5es (follow-on)<\/a><\/p>\n<p><a href=\"https:\/\/www.suno.com.br\/noticias\/banco-pan-possui-demanda-suficiente-para-follow-on\/\">Saiba mais: Banco Pan j\u00e1 possui demanda suficiente para seu follow-on, diz jornal<\/a><\/p>\n<p>Segundo o jornal &#8220;Valor Econ\u00f4mico&#8221;, a demanda pela oferta do <strong>Banco Pan<\/strong> deve movimentar aproximadamente R$ 1 bilh\u00e3o. No lote principal, ser\u00e3o vendidas 115 milh\u00f5es de <a href=\"https:\/\/www.suno.com.br\/artigos\/o-que-sao-acoes-ordinarias-preferenciais-e-units\/\">a\u00e7\u00f5es preferenciais<\/a> (PN), metade em oferta prim\u00e1ria e metade, secund\u00e1ria.<\/p>\n<p>A opera\u00e7\u00e3o recebeu ordens volumosas no final da tarde da \u00faltima quarta-feira (18). A expectativa \u00e9 que, de certa forma, a oferta do <strong>Banco Pan<\/strong> possa &#8220;substituir&#8221; o <strong>follow-on<\/strong> do <strong>Banco Banrisul<\/strong>, recebendo parte dos aportes que seriam direcionados ao banco estatal sul riograndense.<\/p>\n<h2>OCDE<\/h2>\n<p>A <a href=\"https:\/\/www.suno.com.br\/artigos\/ocde\/\">Organiza\u00e7\u00e3o para a Coopera\u00e7\u00e3o e Desenvolvimento Econ\u00f4mico (OCDE)<\/a> divulgou nesta quinta, as suas perspectivas sobre o crescimento global para 2019 e 2020. Segundo a organiza\u00e7\u00e3o, as expectativas econ\u00f4micas est\u00e3o perdendo o f\u00f4lego e o crescimento global est\u00e1 nos menores n\u00edveis desde 2008.<\/p>\n<p><a href=\"https:\/\/www.suno.com.br\/noticias\/ocde-reduz-as-projecoes-para-o-crescimento-mundial\/\">Saiba mais: OCDE reduz as proje\u00e7\u00f5es para o crescimento mundial<\/a><\/p>\n<p>A <strong>OCDE<\/strong> cortou sua proje\u00e7\u00e3o para o <strong>desenvolvimento<\/strong> da economia mundial em 2019 para de 3,2% para 2,9%. A estimativa de 2020 tamb\u00e9m foi cortada, de 3,4% para 3,0%.<\/p>\n<p>\u201cA escalada dos conflitos comerciais est\u00e1 afetado cada vez mais a confian\u00e7a e os investimentos, aumentando as incertezas das pol\u00edticas, agravando os riscos nos mercados financeiros e colocando em risco as j\u00e1 fracas perspectivas de crescimento em todo o mundo\u201d, afirmou a <strong>OCDE<\/strong>.<\/p>\n<h2>Confian\u00e7a do empres\u00e1rio<\/h2>\n<p>De acordo com o relat\u00f3rio da <strong>Confedera\u00e7\u00e3o Nacional da Ind\u00fastria<\/strong> (CNI), divulgado nesta quinta, o <strong>\u00cdndice de Confian\u00e7a do Empres\u00e1rio Industria<\/strong> (ICEI) permaneceu inalterado em 59,4 pontos na passagem de agosto para setembro.<\/p>\n<p><a href=\"https:\/\/www.suno.com.br\/noticias\/confianca-do-empresario-estavel-cni\/\">Saiba mais: Confian\u00e7a do empres\u00e1rio fica est\u00e1vel ap\u00f3s tr\u00eas meses de alta, diz CNI<\/a><\/p>\n<p>Trata-se de uma interrup\u00e7\u00e3o de uma sequ\u00eancia de tr\u00eas meses consecutivos de alta. Os indicadores da <strong>confian\u00e7a do empres\u00e1rio<\/strong> da pesquisa variam de 0 a 100, quando est\u00e3o acima dos 50 pontos demonstra que os empres\u00e1rios est\u00e3o confiantes.<\/p>\n<p>&#8220;A confian\u00e7a se mant\u00e9m elevada por uma combina\u00e7\u00e3o de perspectivas futuras otimistas, entre elas a de aprova\u00e7\u00e3o da reforma da Previd\u00eancia e a de avan\u00e7os na discuss\u00e3o da reforma tribut\u00e1ria, e em fun\u00e7\u00e3o de uma percep\u00e7\u00e3o de melhora na atividade corrente das pr\u00f3prias empresa&#8221;, salientou o economista da CNI, <strong>Marcelo Azevedo<\/strong>.<\/p>\n<h2>\u00daltima cota\u00e7\u00e3o do Ibovespa<\/h2>\n<p>Na \u00faltima sess\u00e3o, quarta-feira (18), o<a href=\"https:\/\/www.suno.com.br\/artigos\/bovb11\/\"><strong> Ibovespa<\/strong> <\/a>encerrou em queda de 0,08% alcan\u00e7ando 104.531 pontos.<\/p>\n","protected":false},"excerpt":{"rendered":"<p>O Ibovespa fechou nesta quinta-feira (19) em baixa. O principal \u00edndice da Bolsa de Valores de S\u00e3o Paulo (B3) teve queda de -0,18% a 104.339,156 pontos. A nova SEC na era de Joe Biden: mais regras e controles para Wall Street Foto; Pinterest O Ibovespa teve baixa devido, principalmente, da not\u00edcia divulgada por um jornal [&hellip;]<\/p>\n","protected":false},"author":23,"featured_media":38180,"comment_status":"closed","ping_status":"closed","sticky":false,"template":"","format":"standard","meta":[],"categories":[60],"tags":[370,878,724,721,962],"suno_strategy":[],"class_list":["post-38246","post","type-post","status-publish","format-standard","has-post-thumbnail","hentry","category-mercado","tag-banco-pan-bpan4","tag-cni","tag-donald-trump","tag-ibovespa","tag-ocde"],"yoast_head":"<!-- This site is optimized with the Yoast SEO plugin v24.4 - https:\/\/yoast.com\/wordpress\/plugins\/seo\/ -->\n<title>Ibovespa encerra em baixa de -0,18% com guerra comercial<\/title>\n<meta name=\"description\" content=\"O Ibovespa fechou em baixa. O principal \u00edndice da Bolsa de Valores de S\u00e3o Paulo (B3) caiu 0,18% a 104.339,156 pontos. Clique para mais.\" \/>\n<meta name=\"robots\" content=\"index, follow, max-snippet:-1, max-image-preview:large, max-video-preview:-1\" \/>\n<link rel=\"canonical\" href=\"https:\/\/www.suno.com.br\/noticias\/ibovespa-encerra-baixa-guerra-comercial-19092019\/\" \/>\n<meta property=\"og:locale\" content=\"pt_BR\" \/>\n<meta property=\"og:type\" content=\"article\" \/>\n<meta property=\"og:title\" content=\"Ibovespa encerra em baixa de -0,18% com guerra comercial\" \/>\n<meta property=\"og:description\" content=\"O Ibovespa fechou em baixa. O principal \u00edndice da Bolsa de Valores de S\u00e3o Paulo (B3) caiu 0,18% a 104.339,156 pontos. Clique para mais.\" \/>\n<meta property=\"og:url\" content=\"https:\/\/www.suno.com.br\/noticias\/ibovespa-encerra-baixa-guerra-comercial-19092019\/\" \/>\n<meta property=\"og:site_name\" content=\"Suno Not\u00edcias\" \/>\n<meta property=\"article:publisher\" content=\"https:\/\/facebook.com\/sunoresearch\" \/>\n<meta property=\"og:image\" content=\"https:\/\/files.sunoresearch.com.br\/n\/uploads\/2019\/09\/d5fae002-ibovespa.png\" \/>\n\t<meta property=\"og:image:width\" content=\"1373\" \/>\n\t<meta property=\"og:image:height\" content=\"731\" \/>\n\t<meta property=\"og:image:type\" content=\"image\/png\" \/>\n<meta name=\"author\" content=\"Rafael Lara\" \/>\n<meta name=\"twitter:card\" content=\"summary_large_image\" \/>\n<meta name=\"twitter:creator\" content=\"@sunoresearch\" \/>\n<meta name=\"twitter:site\" content=\"@sunoresearch\" \/>\n<meta name=\"twitter:label1\" content=\"Escrito por\" \/>\n\t<meta name=\"twitter:data1\" content=\"Rafael Lara\" \/>\n\t<meta name=\"twitter:label2\" content=\"Est. tempo de leitura\" \/>\n\t<meta name=\"twitter:data2\" content=\"4 minutos\" \/>\n<script type=\"application\/ld+json\" class=\"yoast-schema-graph\">{\"@context\":\"https:\/\/schema.org\",\"@graph\":[{\"@type\":\"NewsArticle\",\"@id\":\"https:\/\/www.suno.com.br\/noticias\/ibovespa-encerra-baixa-guerra-comercial-19092019\/#article\",\"isPartOf\":{\"@id\":\"https:\/\/www.suno.com.br\/noticias\/ibovespa-encerra-baixa-guerra-comercial-19092019\/\"},\"author\":{\"name\":\"Rafael Lara\",\"@id\":\"https:\/\/www.suno.com.br\/noticias\/#\/schema\/person\/098743caeed97b37f51315c9576c4078\"},\"headline\":\"Ibovespa encerra em baixa de -0,18% com guerra comercial\",\"datePublished\":\"2019-09-19T21:25:17+00:00\",\"mainEntityOfPage\":{\"@id\":\"https:\/\/www.suno.com.br\/noticias\/ibovespa-encerra-baixa-guerra-comercial-19092019\/\"},\"wordCount\":797,\"publisher\":{\"@id\":\"https:\/\/www.suno.com.br\/noticias\/#organization\"},\"image\":{\"@id\":\"https:\/\/www.suno.com.br\/noticias\/ibovespa-encerra-baixa-guerra-comercial-19092019\/#primaryimage\"},\"thumbnailUrl\":\"https:\/\/files.sunoresearch.com.br\/n\/uploads\/2019\/09\/d5fae002-ibovespa-png.webp\",\"keywords\":[\"Banco Pan (BPAN4)\",\"CNI\",\"Donald Trump\",\"Ibovespa\",\"OCDE\"],\"articleSection\":[\"Mercado\"],\"inLanguage\":\"pt-BR\"},{\"@type\":\"WebPage\",\"@id\":\"https:\/\/www.suno.com.br\/noticias\/ibovespa-encerra-baixa-guerra-comercial-19092019\/\",\"url\":\"https:\/\/www.suno.com.br\/noticias\/ibovespa-encerra-baixa-guerra-comercial-19092019\/\",\"name\":\"Ibovespa encerra em baixa de -0,18% com guerra comercial\",\"isPartOf\":{\"@id\":\"https:\/\/www.suno.com.br\/noticias\/#website\"},\"primaryImageOfPage\":{\"@id\":\"https:\/\/www.suno.com.br\/noticias\/ibovespa-encerra-baixa-guerra-comercial-19092019\/#primaryimage\"},\"image\":{\"@id\":\"https:\/\/www.suno.com.br\/noticias\/ibovespa-encerra-baixa-guerra-comercial-19092019\/#primaryimage\"},\"thumbnailUrl\":\"https:\/\/files.sunoresearch.com.br\/n\/uploads\/2019\/09\/d5fae002-ibovespa-png.webp\",\"datePublished\":\"2019-09-19T21:25:17+00:00\",\"description\":\"O Ibovespa fechou em baixa. O principal \u00edndice da Bolsa de Valores de S\u00e3o Paulo (B3) caiu 0,18% a 104.339,156 pontos. Clique para mais.\",\"breadcrumb\":{\"@id\":\"https:\/\/www.suno.com.br\/noticias\/ibovespa-encerra-baixa-guerra-comercial-19092019\/#breadcrumb\"},\"inLanguage\":\"pt-BR\",\"potentialAction\":[{\"@type\":\"ReadAction\",\"target\":[\"https:\/\/www.suno.com.br\/noticias\/ibovespa-encerra-baixa-guerra-comercial-19092019\/\"]}]},{\"@type\":\"ImageObject\",\"inLanguage\":\"pt-BR\",\"@id\":\"https:\/\/www.suno.com.br\/noticias\/ibovespa-encerra-baixa-guerra-comercial-19092019\/#primaryimage\",\"url\":\"https:\/\/files.sunoresearch.com.br\/n\/uploads\/2019\/09\/d5fae002-ibovespa-png.webp\",\"contentUrl\":\"https:\/\/files.sunoresearch.com.br\/n\/uploads\/2019\/09\/d5fae002-ibovespa-png.webp\",\"width\":1373,\"height\":731,\"caption\":\"A nova SEC na era de Joe Biden: mais regras e controles para Wall Street Foto; Pinterest\"},{\"@type\":\"BreadcrumbList\",\"@id\":\"https:\/\/www.suno.com.br\/noticias\/ibovespa-encerra-baixa-guerra-comercial-19092019\/#breadcrumb\",\"itemListElement\":[{\"@type\":\"ListItem\",\"position\":1,\"name\":\"Not\u00edcias\",\"item\":\"https:\/\/www.suno.com.br\/noticias\/\"},{\"@type\":\"ListItem\",\"position\":2,\"name\":\"Mercado\",\"item\":\"https:\/\/www.suno.com.br\/noticias\/mercado\/\"},{\"@type\":\"ListItem\",\"position\":3,\"name\":\"Ibovespa encerra em baixa de -0,18% com guerra comercial\"}]},{\"@type\":\"WebSite\",\"@id\":\"https:\/\/www.suno.com.br\/noticias\/#website\",\"url\":\"https:\/\/www.suno.com.br\/noticias\/\",\"name\":\"Suno Not\u00edcias\",\"description\":\"Seu portal de informa\u00e7\u00e3o sobre o mundo dos investimentos\",\"publisher\":{\"@id\":\"https:\/\/www.suno.com.br\/noticias\/#organization\"},\"potentialAction\":[{\"@type\":\"SearchAction\",\"target\":{\"@type\":\"EntryPoint\",\"urlTemplate\":\"https:\/\/www.suno.com.br\/noticias\/?s={search_term_string}\"},\"query-input\":{\"@type\":\"PropertyValueSpecification\",\"valueRequired\":true,\"valueName\":\"search_term_string\"}}],\"inLanguage\":\"pt-BR\"},{\"@type\":\"Organization\",\"@id\":\"https:\/\/www.suno.com.br\/noticias\/#organization\",\"name\":\"Suno Not\u00edcias\",\"url\":\"https:\/\/www.suno.com.br\/noticias\/\",\"logo\":{\"@type\":\"ImageObject\",\"inLanguage\":\"pt-BR\",\"@id\":\"https:\/\/www.suno.com.br\/noticias\/#\/schema\/logo\/image\/\",\"url\":\"https:\/\/files.sunoresearch.com.br\/n\/uploads\/2021\/09\/suno-logo.png\",\"contentUrl\":\"https:\/\/files.sunoresearch.com.br\/n\/uploads\/2021\/09\/suno-logo.png\",\"width\":180,\"height\":180,\"caption\":\"Suno Not\u00edcias\"},\"image\":{\"@id\":\"https:\/\/www.suno.com.br\/noticias\/#\/schema\/logo\/image\/\"},\"sameAs\":[\"https:\/\/facebook.com\/sunoresearch\",\"https:\/\/x.com\/sunoresearch\",\"https:\/\/www.instagram.com\/suno\",\"https:\/\/www.linkedin.com\/company\/suno-research\/\",\"https:\/\/www.youtube.com\/c\/sunoresearch\"]},{\"@type\":\"Person\",\"@id\":\"https:\/\/www.suno.com.br\/noticias\/#\/schema\/person\/098743caeed97b37f51315c9576c4078\",\"name\":\"Rafael Lara\",\"image\":{\"@type\":\"ImageObject\",\"inLanguage\":\"pt-BR\",\"@id\":\"https:\/\/www.suno.com.br\/noticias\/#\/schema\/person\/image\/\",\"url\":\"https:\/\/secure.gravatar.com\/avatar\/dfc254ab9bb2ea1895d98b9e9dae4bdd?s=96&r=g\",\"contentUrl\":\"https:\/\/secure.gravatar.com\/avatar\/dfc254ab9bb2ea1895d98b9e9dae4bdd?s=96&r=g\",\"caption\":\"Rafael Lara\"},\"description\":\"Rafael Lara cursa jornalismo na Faculdade C\u00e1sper L\u00edbero. Escreve sobre pol\u00edtica, economia e neg\u00f3cios para o portal Suno Not\u00edcias. Antes, colaborou na TV Gazeta na produ\u00e7\u00e3o do programa Edi\u00e7\u00e3o Extra.\",\"url\":\"https:\/\/www.suno.com.br\/noticias\/author\/rafael\/\"}]}<\/script>\n<!-- \/ Yoast SEO plugin. -->","yoast_head_json":{"title":"Ibovespa encerra em baixa de -0,18% com guerra comercial","description":"O Ibovespa fechou em baixa. O principal \u00edndice da Bolsa de Valores de S\u00e3o Paulo (B3) caiu 0,18% a 104.339,156 pontos. Clique para mais.","robots":{"index":"index","follow":"follow","max-snippet":"max-snippet:-1","max-image-preview":"max-image-preview:large","max-video-preview":"max-video-preview:-1"},"canonical":"https:\/\/www.suno.com.br\/noticias\/ibovespa-encerra-baixa-guerra-comercial-19092019\/","og_locale":"pt_BR","og_type":"article","og_title":"Ibovespa encerra em baixa de -0,18% com guerra comercial","og_description":"O Ibovespa fechou em baixa. O principal \u00edndice da Bolsa de Valores de S\u00e3o Paulo (B3) caiu 0,18% a 104.339,156 pontos. Clique para mais.","og_url":"https:\/\/www.suno.com.br\/noticias\/ibovespa-encerra-baixa-guerra-comercial-19092019\/","og_site_name":"Suno Not\u00edcias","article_publisher":"https:\/\/facebook.com\/sunoresearch","og_image":[{"width":1373,"height":731,"url":"https:\/\/files.sunoresearch.com.br\/n\/uploads\/2019\/09\/d5fae002-ibovespa.png","type":"image\/png"}],"author":"Rafael Lara","twitter_card":"summary_large_image","twitter_creator":"@sunoresearch","twitter_site":"@sunoresearch","twitter_misc":{"Escrito por":"Rafael Lara","Est. tempo de leitura":"4 minutos"},"schema":{"@context":"https:\/\/schema.org","@graph":[{"@type":"NewsArticle","@id":"https:\/\/www.suno.com.br\/noticias\/ibovespa-encerra-baixa-guerra-comercial-19092019\/#article","isPartOf":{"@id":"https:\/\/www.suno.com.br\/noticias\/ibovespa-encerra-baixa-guerra-comercial-19092019\/"},"author":{"name":"Rafael Lara","@id":"https:\/\/www.suno.com.br\/noticias\/#\/schema\/person\/098743caeed97b37f51315c9576c4078"},"headline":"Ibovespa encerra em baixa de -0,18% com guerra comercial","datePublished":"2019-09-19T21:25:17+00:00","mainEntityOfPage":{"@id":"https:\/\/www.suno.com.br\/noticias\/ibovespa-encerra-baixa-guerra-comercial-19092019\/"},"wordCount":797,"publisher":{"@id":"https:\/\/www.suno.com.br\/noticias\/#organization"},"image":{"@id":"https:\/\/www.suno.com.br\/noticias\/ibovespa-encerra-baixa-guerra-comercial-19092019\/#primaryimage"},"thumbnailUrl":"https:\/\/files.sunoresearch.com.br\/n\/uploads\/2019\/09\/d5fae002-ibovespa-png.webp","keywords":["Banco Pan (BPAN4)","CNI","Donald Trump","Ibovespa","OCDE"],"articleSection":["Mercado"],"inLanguage":"pt-BR"},{"@type":"WebPage","@id":"https:\/\/www.suno.com.br\/noticias\/ibovespa-encerra-baixa-guerra-comercial-19092019\/","url":"https:\/\/www.suno.com.br\/noticias\/ibovespa-encerra-baixa-guerra-comercial-19092019\/","name":"Ibovespa encerra em baixa de -0,18% com guerra comercial","isPartOf":{"@id":"https:\/\/www.suno.com.br\/noticias\/#website"},"primaryImageOfPage":{"@id":"https:\/\/www.suno.com.br\/noticias\/ibovespa-encerra-baixa-guerra-comercial-19092019\/#primaryimage"},"image":{"@id":"https:\/\/www.suno.com.br\/noticias\/ibovespa-encerra-baixa-guerra-comercial-19092019\/#primaryimage"},"thumbnailUrl":"https:\/\/files.sunoresearch.com.br\/n\/uploads\/2019\/09\/d5fae002-ibovespa-png.webp","datePublished":"2019-09-19T21:25:17+00:00","description":"O Ibovespa fechou em baixa. O principal \u00edndice da Bolsa de Valores de S\u00e3o Paulo (B3) caiu 0,18% a 104.339,156 pontos. Clique para mais.","breadcrumb":{"@id":"https:\/\/www.suno.com.br\/noticias\/ibovespa-encerra-baixa-guerra-comercial-19092019\/#breadcrumb"},"inLanguage":"pt-BR","potentialAction":[{"@type":"ReadAction","target":["https:\/\/www.suno.com.br\/noticias\/ibovespa-encerra-baixa-guerra-comercial-19092019\/"]}]},{"@type":"ImageObject","inLanguage":"pt-BR","@id":"https:\/\/www.suno.com.br\/noticias\/ibovespa-encerra-baixa-guerra-comercial-19092019\/#primaryimage","url":"https:\/\/files.sunoresearch.com.br\/n\/uploads\/2019\/09\/d5fae002-ibovespa-png.webp","contentUrl":"https:\/\/files.sunoresearch.com.br\/n\/uploads\/2019\/09\/d5fae002-ibovespa-png.webp","width":1373,"height":731,"caption":"A nova SEC na era de Joe Biden: mais regras e controles para Wall Street Foto; Pinterest"},{"@type":"BreadcrumbList","@id":"https:\/\/www.suno.com.br\/noticias\/ibovespa-encerra-baixa-guerra-comercial-19092019\/#breadcrumb","itemListElement":[{"@type":"ListItem","position":1,"name":"Not\u00edcias","item":"https:\/\/www.suno.com.br\/noticias\/"},{"@type":"ListItem","position":2,"name":"Mercado","item":"https:\/\/www.suno.com.br\/noticias\/mercado\/"},{"@type":"ListItem","position":3,"name":"Ibovespa encerra em baixa de -0,18% com guerra comercial"}]},{"@type":"WebSite","@id":"https:\/\/www.suno.com.br\/noticias\/#website","url":"https:\/\/www.suno.com.br\/noticias\/","name":"Suno Not\u00edcias","description":"Seu portal de informa\u00e7\u00e3o sobre o mundo dos investimentos","publisher":{"@id":"https:\/\/www.suno.com.br\/noticias\/#organization"},"potentialAction":[{"@type":"SearchAction","target":{"@type":"EntryPoint","urlTemplate":"https:\/\/www.suno.com.br\/noticias\/?s={search_term_string}"},"query-input":{"@type":"PropertyValueSpecification","valueRequired":true,"valueName":"search_term_string"}}],"inLanguage":"pt-BR"},{"@type":"Organization","@id":"https:\/\/www.suno.com.br\/noticias\/#organization","name":"Suno Not\u00edcias","url":"https:\/\/www.suno.com.br\/noticias\/","logo":{"@type":"ImageObject","inLanguage":"pt-BR","@id":"https:\/\/www.suno.com.br\/noticias\/#\/schema\/logo\/image\/","url":"https:\/\/files.sunoresearch.com.br\/n\/uploads\/2021\/09\/suno-logo.png","contentUrl":"https:\/\/files.sunoresearch.com.br\/n\/uploads\/2021\/09\/suno-logo.png","width":180,"height":180,"caption":"Suno Not\u00edcias"},"image":{"@id":"https:\/\/www.suno.com.br\/noticias\/#\/schema\/logo\/image\/"},"sameAs":["https:\/\/facebook.com\/sunoresearch","https:\/\/x.com\/sunoresearch","https:\/\/www.instagram.com\/suno","https:\/\/www.linkedin.com\/company\/suno-research\/","https:\/\/www.youtube.com\/c\/sunoresearch"]},{"@type":"Person","@id":"https:\/\/www.suno.com.br\/noticias\/#\/schema\/person\/098743caeed97b37f51315c9576c4078","name":"Rafael Lara","image":{"@type":"ImageObject","inLanguage":"pt-BR","@id":"https:\/\/www.suno.com.br\/noticias\/#\/schema\/person\/image\/","url":"https:\/\/secure.gravatar.com\/avatar\/dfc254ab9bb2ea1895d98b9e9dae4bdd?s=96&r=g","contentUrl":"https:\/\/secure.gravatar.com\/avatar\/dfc254ab9bb2ea1895d98b9e9dae4bdd?s=96&r=g","caption":"Rafael Lara"},"description":"Rafael Lara cursa jornalismo na Faculdade C\u00e1sper L\u00edbero. Escreve sobre pol\u00edtica, economia e neg\u00f3cios para o portal Suno Not\u00edcias. Antes, colaborou na TV Gazeta na produ\u00e7\u00e3o do programa Edi\u00e7\u00e3o Extra.","url":"https:\/\/www.suno.com.br\/noticias\/author\/rafael\/"}]}},"default_loop_html":"<div class=\"cardsPage__listCard__boxs\"><div class=\"cardsPage__listCard__boxs__img\"><a href=\"https:\/\/www.suno.com.br\/noticias\/ibovespa-encerra-baixa-guerra-comercial-19092019\/\"><img class=\"mask\" src=\"https:\/\/www.suno.com.br\/noticias\/wp-content\/themes\/suno\/resources\/images\/spotlight\/spotlight1img\/bg-mask.png\" alt=\"Image Mask\"\/><img src=\"https:\/\/files.sunoresearch.com.br\/n\/uploads\/2019\/09\/d5fae002-ibovespa-400x200.webp\" alt=\"Ibovespa encerra em baixa de -0,18% com guerra comercial\"\/><\/a><span class=\"spotlightCategory\"><a href=\"https:\/\/www.suno.com.br\/noticias\/mercado\/\">Mercado<\/a><\/span><\/div><div class=\"cardsPage__listCard__boxs__content\"><a href=\"https:\/\/www.suno.com.br\/noticias\/ibovespa-encerra-baixa-guerra-comercial-19092019\/\"><h2 class=\"content__title\">Ibovespa encerra em baixa de -0,18% com guerra comercial<\/h2><\/a><div class=\"newsContent__article__meta\"><div class=\"newsContent__article__meta__authorBox\"><a href=\"https:\/\/www.suno.com.br\/noticias\/author\/rafael\/\" class=\"authorBox__avatar noMobi\"><img src=\"https:\/\/secure.gravatar.com\/avatar\/dfc254ab9bb2ea1895d98b9e9dae4bdd?s=96&#038;r=g\" alt=\"Rafael Lara\"><\/a><div class=\"authorBox__name\"><span>por\n\t\t\t<a href=\"https:\/\/www.suno.com.br\/noticias\/author\/rafael\/\"><span itemprop=\"author\">Rafael Lara<\/span><\/a><\/span><time datetime=\"2019-09-19T18:25:17-03:00\" itemprop=\"datePublished\">19\/09\/2019 18:25<\/time><\/div><\/div><\/div><\/div><\/div>","single_layout":"posts","amp_enabled":true,"_links":{"self":[{"href":"https:\/\/www.suno.com.br\/noticias\/wp-json\/wp\/v2\/posts\/38246"}],"collection":[{"href":"https:\/\/www.suno.com.br\/noticias\/wp-json\/wp\/v2\/posts"}],"about":[{"href":"https:\/\/www.suno.com.br\/noticias\/wp-json\/wp\/v2\/types\/post"}],"author":[{"embeddable":true,"href":"https:\/\/www.suno.com.br\/noticias\/wp-json\/wp\/v2\/users\/23"}],"replies":[{"embeddable":true,"href":"https:\/\/www.suno.com.br\/noticias\/wp-json\/wp\/v2\/comments?post=38246"}],"version-history":[{"count":0,"href":"https:\/\/www.suno.com.br\/noticias\/wp-json\/wp\/v2\/posts\/38246\/revisions"}],"wp:featuredmedia":[{"embeddable":true,"href":"https:\/\/www.suno.com.br\/noticias\/wp-json\/wp\/v2\/media\/38180"}],"wp:attachment":[{"href":"https:\/\/www.suno.com.br\/noticias\/wp-json\/wp\/v2\/media?parent=38246"}],"wp:term":[{"taxonomy":"category","embeddable":true,"href":"https:\/\/www.suno.com.br\/noticias\/wp-json\/wp\/v2\/categories?post=38246"},{"taxonomy":"post_tag","embeddable":true,"href":"https:\/\/www.suno.com.br\/noticias\/wp-json\/wp\/v2\/tags?post=38246"},{"taxonomy":"suno_strategy","embeddable":true,"href":"https:\/\/www.suno.com.br\/noticias\/wp-json\/wp\/v2\/suno_strategy?post=38246"}],"curies":[{"name":"wp","href":"https:\/\/api.w.org\/{rel}","templated":true}]}}