{"id":38235,"date":"2019-09-19T17:30:51","date_gmt":"2019-09-19T20:30:51","guid":{"rendered":"https:\/\/www.suno.com.br\/noticias\/?p=38235"},"modified":"2019-09-25T21:15:13","modified_gmt":"2019-09-26T00:15:13","slug":"oi-negocia-venda-telefonia-movel-telefonica-tim","status":"publish","type":"post","link":"https:\/\/www.suno.com.br\/noticias\/oi-negocia-venda-telefonia-movel-telefonica-tim\/","title":{"rendered":"Oi negocia venda de telefonia m\u00f3vel com Telef\u00f3nica e Tim, diz ag\u00eancia"},"content":{"rendered":"<p>A <a href=\"https:\/\/www.suno.com.br\/artigos\/radar-oibr3-esclarece-noticia\/\">Oi (OIBR3; OIBR4)<\/a> estaria em negocia\u00e7\u00f5es para venda de sua telefonia m\u00f3vel para a companhia espanhola <strong>Telef\u00f3nica (VIVT4)<\/strong> e com a <strong>Telecom Italia, <\/strong>que controla a <strong>Tim Participa\u00e7\u00f5es (TIMP3), <\/strong>\u00a0para evitar uma liquida\u00e7\u00e3o. A informa\u00e7\u00e3o foi divulgada pela ag\u00eancia Reuters nesta quinta-feira (19).<\/p>\t<div class=\"wrapper-featured-image\">\n\t\t<figure class=\"spotlightImg\">\n\n\t\t\t<picture>\n\t\t\t\t<source media=\"(max-width: 768px)\" srcset=\"https:\/\/files.sunoresearch.com.br\/n\/uploads\/2019\/08\/d472d6b0-oi-400x200.webp\">\n\t\t\t\t<img loading=\"lazy\" decoding=\"async\" class=\"newsContent__article__imgCapa lazyloadDisabled newsContent__article__imgCapa--noCaption\" src=\"https:\/\/files.sunoresearch.com.br\/n\/uploads\/2019\/08\/d472d6b0-oi-800x450.webp\" width=\"800\" height=\"450\" alt=\"Oi negocia venda de telefonia m\u00f3vel com Telef\u00f3nica e Tim, diz ag\u00eancia\" fetchpriority=high \/>\n\t\t\t<\/picture>\n\n\t\t\t<figcaption class=\"wp-caption-text wp-caption-text--hide\">Oi<\/figcaption>\n\t\t<\/figure>\n\t<\/div>\n\n\n\n<p>A <strong>Oi<\/strong> vem tendo dificuldades para voltar a crescer desde junho de 2016, quando entrou com pedido de <strong>recupera\u00e7\u00e3o judicial<\/strong> por conta de uma d\u00edvida de R$ 65 bilh\u00f5es.<\/p>\n<p>De acordo com a ag\u00eancia, a companhia espera receber mais de R$ 10 bilh\u00f5es com sua venda do segmento m\u00f3vel. No dia 30 de junho, a <strong>Oi<\/strong> divulgou seu balan\u00e7o do segundo trimestre registrando aproximadamente 35 milh\u00f5es de clientes em <strong>telefonia m\u00f3vel.<\/strong><\/p>\n<p><iframe loading=\"lazy\" title=\"?Oi pode vender telefonia m\u00f3vel; IPO do Airbnb e Banrisul cancela follow on\" width=\"200\" height=\"113\" src=\"https:\/\/www.youtube.com\/embed\/KfMLWJqKQAs?feature=oembed\" frameborder=\"0\" allow=\"accelerometer; autoplay; encrypted-media; gyroscope; picture-in-picture\" allowfullscreen><\/iframe><\/p>\n<p>Segundo o plano estrat\u00e9gico da empresa divulgado em julho, os recursos advindos da venda seriam investidos no servi\u00e7o de <strong>banda larga<\/strong> chamado <strong>&#8220;fiber-to-the-home&#8221;,<\/strong> tido como solu\u00e7\u00e3o de volta ao crescimento para a empresa. Atualmente, a <strong>Oi<\/strong> tem 360 mil quil\u00f4metros de <strong>fibra<\/strong> no Brasil inteiro. A infraestrutura \u00e9 usada por outras operadoras tamb\u00e9m.<\/p>\n<p>De acordo com a Reuters, representantes da <strong>Oi, Telef\u00f3nica<\/strong> e da <strong>Telecom Italia,<\/strong> n\u00e3o quiseram comentar sobre o assunto.<\/p>\n<h2>Cade e Anatel poderiam resistir \u00e0 venda de telefonia m\u00f3vel da Oi<\/h2>\n<p>O <strong>Conselho Administrativo de Defesa Econ\u00f4mica (Cade)<\/strong> e a <strong>Ag\u00eancia Nacional de Telecomunica\u00e7\u00f5es (Anatel)<\/strong> podem resistir \u00e0 venda da telefonia m\u00f3vel da <strong>Oi<\/strong> para operadoras j\u00e1 atuantes no mercado brasileiro, segundo a Reuters, que tamb\u00e9m afirmou que o Cade e Anatel n\u00e3o quiseram se manifestar sobre o assunto.<\/p>\n<p>A ag\u00eancia acrescentou que, embora as atuais negocia\u00e7\u00f5es estejam focadas na telefonia m\u00f3vel, a venda de toda a <strong>Oi<\/strong> n\u00e3o foi descartada, apesar de ser menos prov\u00e1vel.<\/p>\n\t<p>\n\t\t<a href=\"https:\/\/lp2.suno.com.br\/pv\/eu-invisto-2026\/?utm_source=suno-noticias&#038;utm_medium=banner&#038;utm_campaign=_SNC4CCF8112_\" target=\"_blank\" data-element=\"shortcode-suno-banner\" title=\"Banner SUNO, clique e saiba mais\">\n\t\t\t<picture>\n\t\t\t\t<source media=\"(max-width: 500px)\" srcset=\"https:\/\/files.sunoresearch.com.br\/n\/uploads\/2025\/12\/Banner-Materias-01-Mbl_-400x300-1-png.webp\">\n\t\t\t\t<img class=\"newsContent__article__imgCapa newsContent__article__imgCapa--banner\"\n\t\t\t\t\tsrc=\"https:\/\/files.sunoresearch.com.br\/n\/uploads\/2025\/12\/Banner-Materias-01-Dkp_-1420x240-1-png.webp\"\n\t\t\t\t\tdata-promo-id=\"635514\"\t\t\t\t\t\t\t\t\t\twidth='1420' height='240'\t\t\t\t\talt=\"https:\/\/files.sunoresearch.com.br\/n\/uploads\/2025\/12\/Banner-Materias-01-Dkp_-1420x240-1-png.webp\"\n\t\t\t\t>\n\t\t\t<\/picture>\n\t\t<\/a>\n\t<\/p>\n\n\n<p>A Reuters noticiou tamb\u00e9m que a posi\u00e7\u00e3o de caixa da <strong>Oi<\/strong> era de aproximadamente R$ 4,3 bilh\u00f5es em junho de 2019. O valor \u00e9 de cerca de R$ 2 bilh\u00f5es de reais abaixo do previsto no plano de reestrutura\u00e7\u00e3o.<\/p>\n<p><a href=\"https:\/\/www.suno.com.br\/noticias\/exclusivo-china-mobile-informacoes-oi\/\">Leia tamb\u00e9m: Exclusivo: China Mobile pede informa\u00e7\u00f5es e pode estar de olho na Oi<\/a><\/p>\n<p>A ag\u00eancia de classifica\u00e7\u00e3o de risco, <strong>Fitch,<\/strong> publicou um relat\u00f3rio, na \u00faltima quarta-feira (18), em que registou que podem faltar, aproximadamente, R$ 7 bilh\u00f5es para a operadora at\u00e9 2021 por conta do gasto intensivo de capital.<\/p>\n<p>A <strong>Fitch<\/strong> informou que: \u201cA <strong>Oi<\/strong> depende de venda de ativos e mudan\u00e7as regulat\u00f3rias no curto prazo para financiar sua transi\u00e7\u00e3o para um modelo de neg\u00f3cios sustent\u00e1vel\u201d.<\/p>\n\t<p>\n\t\t<a href=\"https:\/\/simulador-aposentadoria.suno.com.br\/?utm_source=suno-noticias&#038;utm_medium=banner&#038;utm_content=como-investir-para-aposentadoria-carteira-go&#038;utm_campaign=_SNC36CE4E9F_\" target=\"_blank\" data-element=\"shortcode-suno-banner\" title=\"Banner SUNO, clique e saiba mais\">\n\t\t\t<picture>\n\t\t\t\t<source media=\"(max-width: 500px)\" srcset=\"https:\/\/files.sunoresearch.com.br\/n\/uploads\/2025\/11\/400x300.webp\">\n\t\t\t\t<img class=\"newsContent__article__imgCapa newsContent__article__imgCapa--banner\"\n\t\t\t\t\tsrc=\"https:\/\/files.sunoresearch.com.br\/n\/uploads\/2025\/11\/1420x240.webp\"\n\t\t\t\t\tdata-promo-id=\"631530\"\t\t\t\t\t\t\t\t\t\twidth='1420' height='240'\t\t\t\t\talt=\"https:\/\/files.sunoresearch.com.br\/n\/uploads\/2025\/11\/1420x240.webp\"\n\t\t\t\t>\n\t\t\t<\/picture>\n\t\t<\/a>\n\t<\/p>\n\n\n<p>Em janeiro, a companhia contratou o <strong>Bank of America<\/strong> para assessoria na venda de ativos n\u00e3o essenciais. De acordo com a Reuters, o banco est\u00e1 tamb\u00e9m assessorando a venda de opera\u00e7\u00f5es chave. O Bank of America disse \u00e0 ag\u00eancia que n\u00e3o comentaria o assunto.<\/p>\n<p>Em nota, o grupo TIM negou qualquer negocia\u00e7\u00e3o com a Oi.<\/p>\n","protected":false},"excerpt":{"rendered":"<p>A Oi (OIBR3; OIBR4) estaria em negocia\u00e7\u00f5es para venda de sua telefonia m\u00f3vel para a companhia espanhola Telef\u00f3nica (VIVT4) e com a Telecom Italia, que controla a Tim Participa\u00e7\u00f5es (TIMP3), \u00a0para evitar uma liquida\u00e7\u00e3o. A informa\u00e7\u00e3o foi divulgada pela ag\u00eancia Reuters nesta quinta-feira (19). Oi A Oi vem tendo dificuldades para voltar a crescer desde [&hellip;]<\/p>\n","protected":false},"author":23,"featured_media":34375,"comment_status":"closed","ping_status":"closed","sticky":false,"template":"","format":"standard","meta":[],"categories":[64],"tags":[831,851,1277,584,659,663],"suno_strategy":[],"class_list":["post-38235","post","type-post","status-publish","format-standard","has-post-thumbnail","hentry","category-negocios","tag-anatel","tag-cade","tag-fitch","tag-oi-oibr3-oibr4","tag-telefonica-vivt3","tag-tim-tims3"],"yoast_head":"<!-- This site is optimized with the Yoast SEO plugin v24.4 - https:\/\/yoast.com\/wordpress\/plugins\/seo\/ -->\n<title>Oi negocia venda de telefonia m\u00f3vel com Telef\u00f3nica e Tim, diz ag\u00eancia<\/title>\n<meta name=\"description\" content=\"A Oi estaria em negocia\u00e7\u00f5es para venda de sua telefonia m\u00f3vel para a Telef\u00f3nica e com empresa controladora da Tim. Clique para mais.\" \/>\n<meta name=\"robots\" content=\"index, follow, max-snippet:-1, max-image-preview:large, max-video-preview:-1\" \/>\n<link rel=\"canonical\" href=\"https:\/\/www.suno.com.br\/noticias\/oi-negocia-venda-telefonia-movel-telefonica-tim\/\" \/>\n<meta property=\"og:locale\" content=\"pt_BR\" \/>\n<meta property=\"og:type\" content=\"article\" \/>\n<meta property=\"og:title\" content=\"Oi negocia venda de telefonia m\u00f3vel com Telef\u00f3nica e Tim, diz ag\u00eancia\" \/>\n<meta property=\"og:description\" content=\"A Oi estaria em negocia\u00e7\u00f5es para venda de sua telefonia m\u00f3vel para a Telef\u00f3nica e com empresa controladora da Tim. Clique para mais.\" \/>\n<meta property=\"og:url\" content=\"https:\/\/www.suno.com.br\/noticias\/oi-negocia-venda-telefonia-movel-telefonica-tim\/\" \/>\n<meta property=\"og:site_name\" content=\"Suno Not\u00edcias\" \/>\n<meta property=\"article:publisher\" content=\"https:\/\/facebook.com\/sunoresearch\" \/>\n<meta property=\"og:image\" content=\"https:\/\/files.sunoresearch.com.br\/n\/uploads\/2019\/08\/d472d6b0-oi.jpg\" \/>\n\t<meta property=\"og:image:width\" content=\"2166\" \/>\n\t<meta property=\"og:image:height\" content=\"1446\" \/>\n\t<meta property=\"og:image:type\" content=\"image\/jpeg\" \/>\n<meta name=\"author\" content=\"Rafael Lara\" \/>\n<meta name=\"twitter:card\" content=\"summary_large_image\" \/>\n<meta name=\"twitter:creator\" content=\"@sunoresearch\" \/>\n<meta name=\"twitter:site\" content=\"@sunoresearch\" \/>\n<meta name=\"twitter:label1\" content=\"Escrito por\" \/>\n\t<meta name=\"twitter:data1\" content=\"Rafael Lara\" \/>\n\t<meta name=\"twitter:label2\" content=\"Est. tempo de leitura\" \/>\n\t<meta name=\"twitter:data2\" content=\"3 minutos\" \/>\n<script type=\"application\/ld+json\" class=\"yoast-schema-graph\">{\"@context\":\"https:\/\/schema.org\",\"@graph\":[{\"@type\":\"NewsArticle\",\"@id\":\"https:\/\/www.suno.com.br\/noticias\/oi-negocia-venda-telefonia-movel-telefonica-tim\/#article\",\"isPartOf\":{\"@id\":\"https:\/\/www.suno.com.br\/noticias\/oi-negocia-venda-telefonia-movel-telefonica-tim\/\"},\"author\":{\"name\":\"Rafael Lara\",\"@id\":\"https:\/\/www.suno.com.br\/noticias\/#\/schema\/person\/098743caeed97b37f51315c9576c4078\"},\"headline\":\"Oi negocia venda de telefonia m\u00f3vel com Telef\u00f3nica e Tim, diz ag\u00eancia\",\"datePublished\":\"2019-09-19T20:30:51+00:00\",\"dateModified\":\"2019-09-26T00:15:13+00:00\",\"mainEntityOfPage\":{\"@id\":\"https:\/\/www.suno.com.br\/noticias\/oi-negocia-venda-telefonia-movel-telefonica-tim\/\"},\"wordCount\":517,\"publisher\":{\"@id\":\"https:\/\/www.suno.com.br\/noticias\/#organization\"},\"image\":{\"@id\":\"https:\/\/www.suno.com.br\/noticias\/oi-negocia-venda-telefonia-movel-telefonica-tim\/#primaryimage\"},\"thumbnailUrl\":\"https:\/\/files.sunoresearch.com.br\/n\/uploads\/2019\/08\/d472d6b0-oi-jpg.webp\",\"keywords\":[\"Anatel\",\"CADE\",\"Fitch\",\"Oi (OIBR3\/OIBR4)\",\"Telef\u00f4nica (VIVT3)\",\"TIM (TIMS3)\"],\"articleSection\":[\"Neg\u00f3cios\"],\"inLanguage\":\"pt-BR\"},{\"@type\":\"WebPage\",\"@id\":\"https:\/\/www.suno.com.br\/noticias\/oi-negocia-venda-telefonia-movel-telefonica-tim\/\",\"url\":\"https:\/\/www.suno.com.br\/noticias\/oi-negocia-venda-telefonia-movel-telefonica-tim\/\",\"name\":\"Oi negocia venda de telefonia m\u00f3vel com Telef\u00f3nica e Tim, diz ag\u00eancia\",\"isPartOf\":{\"@id\":\"https:\/\/www.suno.com.br\/noticias\/#website\"},\"primaryImageOfPage\":{\"@id\":\"https:\/\/www.suno.com.br\/noticias\/oi-negocia-venda-telefonia-movel-telefonica-tim\/#primaryimage\"},\"image\":{\"@id\":\"https:\/\/www.suno.com.br\/noticias\/oi-negocia-venda-telefonia-movel-telefonica-tim\/#primaryimage\"},\"thumbnailUrl\":\"https:\/\/files.sunoresearch.com.br\/n\/uploads\/2019\/08\/d472d6b0-oi-jpg.webp\",\"datePublished\":\"2019-09-19T20:30:51+00:00\",\"dateModified\":\"2019-09-26T00:15:13+00:00\",\"description\":\"A Oi estaria em negocia\u00e7\u00f5es para venda de sua telefonia m\u00f3vel para a Telef\u00f3nica e com empresa controladora da Tim. Clique para mais.\",\"breadcrumb\":{\"@id\":\"https:\/\/www.suno.com.br\/noticias\/oi-negocia-venda-telefonia-movel-telefonica-tim\/#breadcrumb\"},\"inLanguage\":\"pt-BR\",\"potentialAction\":[{\"@type\":\"ReadAction\",\"target\":[\"https:\/\/www.suno.com.br\/noticias\/oi-negocia-venda-telefonia-movel-telefonica-tim\/\"]}]},{\"@type\":\"ImageObject\",\"inLanguage\":\"pt-BR\",\"@id\":\"https:\/\/www.suno.com.br\/noticias\/oi-negocia-venda-telefonia-movel-telefonica-tim\/#primaryimage\",\"url\":\"https:\/\/files.sunoresearch.com.br\/n\/uploads\/2019\/08\/d472d6b0-oi-jpg.webp\",\"contentUrl\":\"https:\/\/files.sunoresearch.com.br\/n\/uploads\/2019\/08\/d472d6b0-oi-jpg.webp\",\"width\":2166,\"height\":1446,\"caption\":\"Oi\"},{\"@type\":\"BreadcrumbList\",\"@id\":\"https:\/\/www.suno.com.br\/noticias\/oi-negocia-venda-telefonia-movel-telefonica-tim\/#breadcrumb\",\"itemListElement\":[{\"@type\":\"ListItem\",\"position\":1,\"name\":\"Not\u00edcias\",\"item\":\"https:\/\/www.suno.com.br\/noticias\/\"},{\"@type\":\"ListItem\",\"position\":2,\"name\":\"Neg\u00f3cios\",\"item\":\"https:\/\/www.suno.com.br\/noticias\/negocios\/\"},{\"@type\":\"ListItem\",\"position\":3,\"name\":\"Oi negocia venda de telefonia m\u00f3vel com Telef\u00f3nica e Tim, diz ag\u00eancia\"}]},{\"@type\":\"WebSite\",\"@id\":\"https:\/\/www.suno.com.br\/noticias\/#website\",\"url\":\"https:\/\/www.suno.com.br\/noticias\/\",\"name\":\"Suno Not\u00edcias\",\"description\":\"Seu portal de informa\u00e7\u00e3o sobre o mundo dos investimentos\",\"publisher\":{\"@id\":\"https:\/\/www.suno.com.br\/noticias\/#organization\"},\"potentialAction\":[{\"@type\":\"SearchAction\",\"target\":{\"@type\":\"EntryPoint\",\"urlTemplate\":\"https:\/\/www.suno.com.br\/noticias\/?s={search_term_string}\"},\"query-input\":{\"@type\":\"PropertyValueSpecification\",\"valueRequired\":true,\"valueName\":\"search_term_string\"}}],\"inLanguage\":\"pt-BR\"},{\"@type\":\"Organization\",\"@id\":\"https:\/\/www.suno.com.br\/noticias\/#organization\",\"name\":\"Suno Not\u00edcias\",\"url\":\"https:\/\/www.suno.com.br\/noticias\/\",\"logo\":{\"@type\":\"ImageObject\",\"inLanguage\":\"pt-BR\",\"@id\":\"https:\/\/www.suno.com.br\/noticias\/#\/schema\/logo\/image\/\",\"url\":\"https:\/\/files.sunoresearch.com.br\/n\/uploads\/2021\/09\/suno-logo.png\",\"contentUrl\":\"https:\/\/files.sunoresearch.com.br\/n\/uploads\/2021\/09\/suno-logo.png\",\"width\":180,\"height\":180,\"caption\":\"Suno Not\u00edcias\"},\"image\":{\"@id\":\"https:\/\/www.suno.com.br\/noticias\/#\/schema\/logo\/image\/\"},\"sameAs\":[\"https:\/\/facebook.com\/sunoresearch\",\"https:\/\/x.com\/sunoresearch\",\"https:\/\/www.instagram.com\/suno\",\"https:\/\/www.linkedin.com\/company\/suno-research\/\",\"https:\/\/www.youtube.com\/c\/sunoresearch\"]},{\"@type\":\"Person\",\"@id\":\"https:\/\/www.suno.com.br\/noticias\/#\/schema\/person\/098743caeed97b37f51315c9576c4078\",\"name\":\"Rafael Lara\",\"image\":{\"@type\":\"ImageObject\",\"inLanguage\":\"pt-BR\",\"@id\":\"https:\/\/www.suno.com.br\/noticias\/#\/schema\/person\/image\/\",\"url\":\"https:\/\/secure.gravatar.com\/avatar\/dfc254ab9bb2ea1895d98b9e9dae4bdd?s=96&r=g\",\"contentUrl\":\"https:\/\/secure.gravatar.com\/avatar\/dfc254ab9bb2ea1895d98b9e9dae4bdd?s=96&r=g\",\"caption\":\"Rafael Lara\"},\"description\":\"Rafael Lara cursa jornalismo na Faculdade C\u00e1sper L\u00edbero. Escreve sobre pol\u00edtica, economia e neg\u00f3cios para o portal Suno Not\u00edcias. Antes, colaborou na TV Gazeta na produ\u00e7\u00e3o do programa Edi\u00e7\u00e3o Extra.\",\"url\":\"https:\/\/www.suno.com.br\/noticias\/author\/rafael\/\"}]}<\/script>\n<!-- \/ Yoast SEO plugin. -->","yoast_head_json":{"title":"Oi negocia venda de telefonia m\u00f3vel com Telef\u00f3nica e Tim, diz ag\u00eancia","description":"A Oi estaria em negocia\u00e7\u00f5es para venda de sua telefonia m\u00f3vel para a Telef\u00f3nica e com empresa controladora da Tim. Clique para mais.","robots":{"index":"index","follow":"follow","max-snippet":"max-snippet:-1","max-image-preview":"max-image-preview:large","max-video-preview":"max-video-preview:-1"},"canonical":"https:\/\/www.suno.com.br\/noticias\/oi-negocia-venda-telefonia-movel-telefonica-tim\/","og_locale":"pt_BR","og_type":"article","og_title":"Oi negocia venda de telefonia m\u00f3vel com Telef\u00f3nica e Tim, diz ag\u00eancia","og_description":"A Oi estaria em negocia\u00e7\u00f5es para venda de sua telefonia m\u00f3vel para a Telef\u00f3nica e com empresa controladora da Tim. Clique para mais.","og_url":"https:\/\/www.suno.com.br\/noticias\/oi-negocia-venda-telefonia-movel-telefonica-tim\/","og_site_name":"Suno Not\u00edcias","article_publisher":"https:\/\/facebook.com\/sunoresearch","og_image":[{"width":2166,"height":1446,"url":"https:\/\/files.sunoresearch.com.br\/n\/uploads\/2019\/08\/d472d6b0-oi.jpg","type":"image\/jpeg"}],"author":"Rafael Lara","twitter_card":"summary_large_image","twitter_creator":"@sunoresearch","twitter_site":"@sunoresearch","twitter_misc":{"Escrito por":"Rafael Lara","Est. tempo de leitura":"3 minutos"},"schema":{"@context":"https:\/\/schema.org","@graph":[{"@type":"NewsArticle","@id":"https:\/\/www.suno.com.br\/noticias\/oi-negocia-venda-telefonia-movel-telefonica-tim\/#article","isPartOf":{"@id":"https:\/\/www.suno.com.br\/noticias\/oi-negocia-venda-telefonia-movel-telefonica-tim\/"},"author":{"name":"Rafael Lara","@id":"https:\/\/www.suno.com.br\/noticias\/#\/schema\/person\/098743caeed97b37f51315c9576c4078"},"headline":"Oi negocia venda de telefonia m\u00f3vel com Telef\u00f3nica e Tim, diz ag\u00eancia","datePublished":"2019-09-19T20:30:51+00:00","dateModified":"2019-09-26T00:15:13+00:00","mainEntityOfPage":{"@id":"https:\/\/www.suno.com.br\/noticias\/oi-negocia-venda-telefonia-movel-telefonica-tim\/"},"wordCount":517,"publisher":{"@id":"https:\/\/www.suno.com.br\/noticias\/#organization"},"image":{"@id":"https:\/\/www.suno.com.br\/noticias\/oi-negocia-venda-telefonia-movel-telefonica-tim\/#primaryimage"},"thumbnailUrl":"https:\/\/files.sunoresearch.com.br\/n\/uploads\/2019\/08\/d472d6b0-oi-jpg.webp","keywords":["Anatel","CADE","Fitch","Oi (OIBR3\/OIBR4)","Telef\u00f4nica (VIVT3)","TIM (TIMS3)"],"articleSection":["Neg\u00f3cios"],"inLanguage":"pt-BR"},{"@type":"WebPage","@id":"https:\/\/www.suno.com.br\/noticias\/oi-negocia-venda-telefonia-movel-telefonica-tim\/","url":"https:\/\/www.suno.com.br\/noticias\/oi-negocia-venda-telefonia-movel-telefonica-tim\/","name":"Oi negocia venda de telefonia m\u00f3vel com Telef\u00f3nica e Tim, diz ag\u00eancia","isPartOf":{"@id":"https:\/\/www.suno.com.br\/noticias\/#website"},"primaryImageOfPage":{"@id":"https:\/\/www.suno.com.br\/noticias\/oi-negocia-venda-telefonia-movel-telefonica-tim\/#primaryimage"},"image":{"@id":"https:\/\/www.suno.com.br\/noticias\/oi-negocia-venda-telefonia-movel-telefonica-tim\/#primaryimage"},"thumbnailUrl":"https:\/\/files.sunoresearch.com.br\/n\/uploads\/2019\/08\/d472d6b0-oi-jpg.webp","datePublished":"2019-09-19T20:30:51+00:00","dateModified":"2019-09-26T00:15:13+00:00","description":"A Oi estaria em negocia\u00e7\u00f5es para venda de sua telefonia m\u00f3vel para a Telef\u00f3nica e com empresa controladora da Tim. Clique para mais.","breadcrumb":{"@id":"https:\/\/www.suno.com.br\/noticias\/oi-negocia-venda-telefonia-movel-telefonica-tim\/#breadcrumb"},"inLanguage":"pt-BR","potentialAction":[{"@type":"ReadAction","target":["https:\/\/www.suno.com.br\/noticias\/oi-negocia-venda-telefonia-movel-telefonica-tim\/"]}]},{"@type":"ImageObject","inLanguage":"pt-BR","@id":"https:\/\/www.suno.com.br\/noticias\/oi-negocia-venda-telefonia-movel-telefonica-tim\/#primaryimage","url":"https:\/\/files.sunoresearch.com.br\/n\/uploads\/2019\/08\/d472d6b0-oi-jpg.webp","contentUrl":"https:\/\/files.sunoresearch.com.br\/n\/uploads\/2019\/08\/d472d6b0-oi-jpg.webp","width":2166,"height":1446,"caption":"Oi"},{"@type":"BreadcrumbList","@id":"https:\/\/www.suno.com.br\/noticias\/oi-negocia-venda-telefonia-movel-telefonica-tim\/#breadcrumb","itemListElement":[{"@type":"ListItem","position":1,"name":"Not\u00edcias","item":"https:\/\/www.suno.com.br\/noticias\/"},{"@type":"ListItem","position":2,"name":"Neg\u00f3cios","item":"https:\/\/www.suno.com.br\/noticias\/negocios\/"},{"@type":"ListItem","position":3,"name":"Oi negocia venda de telefonia m\u00f3vel com Telef\u00f3nica e Tim, diz ag\u00eancia"}]},{"@type":"WebSite","@id":"https:\/\/www.suno.com.br\/noticias\/#website","url":"https:\/\/www.suno.com.br\/noticias\/","name":"Suno Not\u00edcias","description":"Seu portal de informa\u00e7\u00e3o sobre o mundo dos investimentos","publisher":{"@id":"https:\/\/www.suno.com.br\/noticias\/#organization"},"potentialAction":[{"@type":"SearchAction","target":{"@type":"EntryPoint","urlTemplate":"https:\/\/www.suno.com.br\/noticias\/?s={search_term_string}"},"query-input":{"@type":"PropertyValueSpecification","valueRequired":true,"valueName":"search_term_string"}}],"inLanguage":"pt-BR"},{"@type":"Organization","@id":"https:\/\/www.suno.com.br\/noticias\/#organization","name":"Suno Not\u00edcias","url":"https:\/\/www.suno.com.br\/noticias\/","logo":{"@type":"ImageObject","inLanguage":"pt-BR","@id":"https:\/\/www.suno.com.br\/noticias\/#\/schema\/logo\/image\/","url":"https:\/\/files.sunoresearch.com.br\/n\/uploads\/2021\/09\/suno-logo.png","contentUrl":"https:\/\/files.sunoresearch.com.br\/n\/uploads\/2021\/09\/suno-logo.png","width":180,"height":180,"caption":"Suno Not\u00edcias"},"image":{"@id":"https:\/\/www.suno.com.br\/noticias\/#\/schema\/logo\/image\/"},"sameAs":["https:\/\/facebook.com\/sunoresearch","https:\/\/x.com\/sunoresearch","https:\/\/www.instagram.com\/suno","https:\/\/www.linkedin.com\/company\/suno-research\/","https:\/\/www.youtube.com\/c\/sunoresearch"]},{"@type":"Person","@id":"https:\/\/www.suno.com.br\/noticias\/#\/schema\/person\/098743caeed97b37f51315c9576c4078","name":"Rafael Lara","image":{"@type":"ImageObject","inLanguage":"pt-BR","@id":"https:\/\/www.suno.com.br\/noticias\/#\/schema\/person\/image\/","url":"https:\/\/secure.gravatar.com\/avatar\/dfc254ab9bb2ea1895d98b9e9dae4bdd?s=96&r=g","contentUrl":"https:\/\/secure.gravatar.com\/avatar\/dfc254ab9bb2ea1895d98b9e9dae4bdd?s=96&r=g","caption":"Rafael Lara"},"description":"Rafael Lara cursa jornalismo na Faculdade C\u00e1sper L\u00edbero. Escreve sobre pol\u00edtica, economia e neg\u00f3cios para o portal Suno Not\u00edcias. Antes, colaborou na TV Gazeta na produ\u00e7\u00e3o do programa Edi\u00e7\u00e3o Extra.","url":"https:\/\/www.suno.com.br\/noticias\/author\/rafael\/"}]}},"default_loop_html":"<div class=\"cardsPage__listCard__boxs\"><div class=\"cardsPage__listCard__boxs__img\"><a href=\"https:\/\/www.suno.com.br\/noticias\/oi-negocia-venda-telefonia-movel-telefonica-tim\/\"><img class=\"mask\" src=\"https:\/\/www.suno.com.br\/noticias\/wp-content\/themes\/suno\/resources\/images\/spotlight\/spotlight1img\/bg-mask.png\" alt=\"Image Mask\"\/><img src=\"https:\/\/files.sunoresearch.com.br\/n\/uploads\/2019\/08\/d472d6b0-oi-400x200.webp\" alt=\"Oi negocia venda de telefonia m\u00f3vel com Telef\u00f3nica e Tim, diz ag\u00eancia\"\/><\/a><span class=\"spotlightCategory\"><a href=\"https:\/\/www.suno.com.br\/noticias\/negocios\/\">Neg\u00f3cios<\/a><\/span><\/div><div class=\"cardsPage__listCard__boxs__content\"><a href=\"https:\/\/www.suno.com.br\/noticias\/oi-negocia-venda-telefonia-movel-telefonica-tim\/\"><h2 class=\"content__title\">Oi negocia venda de telefonia m\u00f3vel com Telef\u00f3nica e Tim, diz ag\u00eancia<\/h2><\/a><div class=\"newsContent__article__meta\"><div class=\"newsContent__article__meta__authorBox\"><a href=\"https:\/\/www.suno.com.br\/noticias\/author\/rafael\/\" class=\"authorBox__avatar noMobi\"><img src=\"https:\/\/secure.gravatar.com\/avatar\/dfc254ab9bb2ea1895d98b9e9dae4bdd?s=96&#038;r=g\" alt=\"Rafael Lara\"><\/a><div class=\"authorBox__name\"><span>por\n\t\t\t<a href=\"https:\/\/www.suno.com.br\/noticias\/author\/rafael\/\"><span itemprop=\"author\">Rafael Lara<\/span><\/a><\/span><time datetime=\"2019-09-19T17:30:51-03:00\" itemprop=\"datePublished\">19\/09\/2019 17:30<\/time><\/div><\/div><\/div><\/div><\/div>","single_layout":"posts","amp_enabled":true,"_links":{"self":[{"href":"https:\/\/www.suno.com.br\/noticias\/wp-json\/wp\/v2\/posts\/38235"}],"collection":[{"href":"https:\/\/www.suno.com.br\/noticias\/wp-json\/wp\/v2\/posts"}],"about":[{"href":"https:\/\/www.suno.com.br\/noticias\/wp-json\/wp\/v2\/types\/post"}],"author":[{"embeddable":true,"href":"https:\/\/www.suno.com.br\/noticias\/wp-json\/wp\/v2\/users\/23"}],"replies":[{"embeddable":true,"href":"https:\/\/www.suno.com.br\/noticias\/wp-json\/wp\/v2\/comments?post=38235"}],"version-history":[{"count":0,"href":"https:\/\/www.suno.com.br\/noticias\/wp-json\/wp\/v2\/posts\/38235\/revisions"}],"wp:featuredmedia":[{"embeddable":true,"href":"https:\/\/www.suno.com.br\/noticias\/wp-json\/wp\/v2\/media\/34375"}],"wp:attachment":[{"href":"https:\/\/www.suno.com.br\/noticias\/wp-json\/wp\/v2\/media?parent=38235"}],"wp:term":[{"taxonomy":"category","embeddable":true,"href":"https:\/\/www.suno.com.br\/noticias\/wp-json\/wp\/v2\/categories?post=38235"},{"taxonomy":"post_tag","embeddable":true,"href":"https:\/\/www.suno.com.br\/noticias\/wp-json\/wp\/v2\/tags?post=38235"},{"taxonomy":"suno_strategy","embeddable":true,"href":"https:\/\/www.suno.com.br\/noticias\/wp-json\/wp\/v2\/suno_strategy?post=38235"}],"curies":[{"name":"wp","href":"https:\/\/api.w.org\/{rel}","templated":true}]}}