{"id":38208,"date":"2019-09-19T15:37:11","date_gmt":"2019-09-19T18:37:11","guid":{"rendered":"https:\/\/www.suno.com.br\/noticias\/?p=38208"},"modified":"2019-09-19T15:39:31","modified_gmt":"2019-09-19T18:39:31","slug":"jereissati-rejeita-76-emendas-reforma-da-previdencia-e-acata-apenas-1","status":"publish","type":"post","link":"https:\/\/www.suno.com.br\/noticias\/jereissati-rejeita-76-emendas-reforma-da-previdencia-e-acata-apenas-1\/","title":{"rendered":"Jereissati rejeita 76 emendas \u00e0 reforma da Previd\u00eancia e acata apenas uma"},"content":{"rendered":"<p>O senador <strong>Tasso Jereissati<\/strong> (PSDB-CE), relator da reforma da Previd\u00eancia, apresentou seu novo parecer sobre a proposta nesta quinta-feira (19) e considerou apenas uma das 77 emendas apresentadas por senadores no plen\u00e1rio da Casa.<\/p>\t<div class=\"wrapper-featured-image\">\n\t\t<figure class=\"spotlightImg\">\n\n\t\t\t<picture>\n\t\t\t\t<source media=\"(max-width: 768px)\" srcset=\"https:\/\/files.sunoresearch.com.br\/n\/uploads\/2019\/09\/6b8caa9a-reforma-da-previd\u00eancia-tasso-400x200.webp\">\n\t\t\t\t<img loading=\"lazy\" decoding=\"async\" class=\"newsContent__article__imgCapa lazyloadDisabled newsContent__article__imgCapa--noCaption\" src=\"https:\/\/files.sunoresearch.com.br\/n\/uploads\/2019\/09\/6b8caa9a-reforma-da-previd\u00eancia-tasso-800x450.webp\" width=\"800\" height=\"450\" alt=\"Jereissati rejeita 76 emendas \u00e0 reforma da Previd\u00eancia e acata apenas uma\" fetchpriority=high \/>\n\t\t\t<\/picture>\n\n\t\t\t<figcaption class=\"wp-caption-text wp-caption-text--hide\">reforma da Previd\u00eancia - Tasso Jereissati<\/figcaption>\n\t\t<\/figure>\n\t<\/div>\n\n\n\n<p>A emenda acatada pelo relator da <strong>reforma da Previd\u00eancia<\/strong> no <strong>Senado<\/strong> beneficia os servidores estaduais, municipais e federais que t\u00eam remunera\u00e7\u00e3o vari\u00e1vel. A mudan\u00e7a n\u00e3o altera a previs\u00e3o de <a href=\"https:\/\/www.youtube.com\/watch?v=UOi_YSXVQec\">economia<\/a> do governo, que permanece em 876,7 bilh\u00f5es em dez anos, com a aprova\u00e7\u00e3o da reforma.<\/p>\n<p>Os debates sobre a <strong>PEC<\/strong> no <strong>plen\u00e1rio<\/strong> da Casa est\u00e3o previstos para a pr\u00f3xima ter\u00e7a-feira (24). A \u00fanica emenda que foi considerada por <strong>Jereissati<\/strong> remove a parte do relat\u00f3rio que obrigava os servidores (homens), que come\u00e7aram antes de 2003, a contribu\u00edrem por 35 anos, e as mulheres, por 30, a terem direito \u00e0 100% da gratifica\u00e7\u00e3o por desempenho.<\/p>\n<p>\u201cO impacto \u00e9 virtualmente nulo para Uni\u00e3o, pois trata do c\u00e1lculo da integralidade na presen\u00e7a de vantagens vari\u00e1veis vinculadas a indicadores de desempenho ou produtividade, incomuns em \u00e2mbito federal\u201d, afirmou Jereissati em seu texto.<\/p>\n\t<p>\n\t\t<a href=\"https:\/\/lp.suno.com.br\/cl\/impacto-tarifas-trump\/?utm_source=sunoresearch&#038;utm_medium=banner.noticias&#038;utm_campaign=_SNC903E88AA_\" target=\"_blank\" data-element=\"shortcode-suno-banner\" title=\"Banner SUNO, clique e saiba mais\">\n\t\t\t<picture>\n\t\t\t\t<source media=\"(max-width: 500px)\" srcset=\"https:\/\/files.sunoresearch.com.br\/n\/uploads\/2025\/07\/trump-mobile.webp\">\n\t\t\t\t<img class=\"newsContent__article__imgCapa newsContent__article__imgCapa--banner\"\n\t\t\t\t\tsrc=\"https:\/\/files.sunoresearch.com.br\/n\/uploads\/2025\/07\/trump-banner-desktop.webp\"\n\t\t\t\t\tdata-promo-id=\"613126\"\t\t\t\t\t\t\t\t\t\twidth='1000' height='325'\t\t\t\t\talt=\"https:\/\/files.sunoresearch.com.br\/n\/uploads\/2025\/07\/trump-banner-desktop.webp\"\n\t\t\t\t>\n\t\t\t<\/picture>\n\t\t<\/a>\n\t<\/p>\n\n\n<p>Justificando a falta de aprova\u00e7\u00f5es das emendas, <strong>Jereissati<\/strong> disse: \u201cEm detida an\u00e1lise das emendas apresentadas em plen\u00e1rio, n\u00e3o identificamos novos temas em rela\u00e7\u00e3o ao deliberado anteriormente na <strong>CCJ<\/strong> e em rela\u00e7\u00e3o \u00e0s conclus\u00f5es de seu parecer\u201d, afirmou o relator.<\/p>\n<p>O relator da <strong>reforma<\/strong> <strong>da Previd\u00eancia<\/strong> no <strong>Senado<\/strong> tamb\u00e9m fez uma mudan\u00e7a de reda\u00e7\u00e3o para impedir que o texto volte para a <strong>C\u00e2mara<\/strong> <strong>dos Deputados<\/strong>.<\/p>\n<p><a href=\"https:\/\/www.suno.com.br\/noticias\/donald-trump-diz-que-o-fed-falhou-novamente\/\">Veja tamb\u00e9m: Donald Trump diz que o Fed \u2018falhou novamente\u2019<\/a><\/p>\n<p>\u201cDiante de controv\u00e9rsia de que a emenda possa eventualmente n\u00e3o ser considerada de reda\u00e7\u00e3o, comprometendo o conjunto da proposta, apresento emenda fazendo adequa\u00e7\u00f5es. Nesta vers\u00e3o, o termo &#8216;os que se encontram em situa\u00e7\u00e3o de informalidade&#8217; passa a estar contido no grupo &#8216;trabalhadores de baixa renda&#8217;, n\u00e3o cabendo mais a interpreta\u00e7\u00e3o de que seja um grupo adicional\u201d, argumentou o relator da <strong>reforma da<\/strong> <strong>Previd\u00eancia<\/strong>.<\/p>\n<p>&nbsp;<\/p>\n","protected":false},"excerpt":{"rendered":"<p>O senador Tasso Jereissati (PSDB-CE), relator da reforma da Previd\u00eancia, apresentou seu novo parecer sobre a proposta nesta quinta-feira (19) e considerou apenas uma das 77 emendas apresentadas por senadores no plen\u00e1rio da Casa. reforma da Previd\u00eancia &#8211; Tasso Jereissati A emenda acatada pelo relator da reforma da Previd\u00eancia no Senado beneficia os servidores estaduais, [&hellip;]<\/p>\n","protected":false},"author":19,"featured_media":38217,"comment_status":"closed","ping_status":"closed","sticky":false,"template":"","format":"standard","meta":[],"categories":[62],"tags":[940],"suno_strategy":[],"class_list":["post-38208","post","type-post","status-publish","format-standard","has-post-thumbnail","hentry","category-economia","tag-reforma-da-previdencia"],"yoast_head":"<!-- This site is optimized with the Yoast SEO plugin v24.4 - https:\/\/yoast.com\/wordpress\/plugins\/seo\/ -->\n<title>Jereissati rejeita 76 emendas da reforma da Previd\u00eancia e acata apenas 1<\/title>\n<meta name=\"description\" content=\"Tasso Jereissati (PSDB-CE), relator da reforma da Previd\u00eancia, apresentou seu novo parecer sobre a proposta nesta quinta (19). Saiba mais.\" \/>\n<meta name=\"robots\" content=\"index, follow, max-snippet:-1, max-image-preview:large, max-video-preview:-1\" \/>\n<link rel=\"canonical\" href=\"https:\/\/www.suno.com.br\/noticias\/jereissati-rejeita-76-emendas-reforma-da-previdencia-e-acata-apenas-1\/\" \/>\n<meta property=\"og:locale\" content=\"pt_BR\" \/>\n<meta property=\"og:type\" content=\"article\" \/>\n<meta property=\"og:title\" content=\"Jereissati rejeita 76 emendas da reforma da Previd\u00eancia e acata apenas 1\" \/>\n<meta property=\"og:description\" content=\"Tasso Jereissati (PSDB-CE), relator da reforma da Previd\u00eancia, apresentou seu novo parecer sobre a proposta nesta quinta (19). Saiba mais.\" \/>\n<meta property=\"og:url\" content=\"https:\/\/www.suno.com.br\/noticias\/jereissati-rejeita-76-emendas-reforma-da-previdencia-e-acata-apenas-1\/\" \/>\n<meta property=\"og:site_name\" content=\"Suno Not\u00edcias\" \/>\n<meta property=\"article:publisher\" content=\"https:\/\/facebook.com\/sunoresearch\" \/>\n<meta property=\"og:image\" content=\"https:\/\/files.sunoresearch.com.br\/n\/uploads\/2019\/09\/6b8caa9a-reforma-da-previd\u00eancia-tasso.jpg\" \/>\n\t<meta property=\"og:image:width\" content=\"1140\" \/>\n\t<meta property=\"og:image:height\" content=\"760\" \/>\n\t<meta property=\"og:image:type\" content=\"image\/jpeg\" \/>\n<meta name=\"author\" content=\"Juliano Passaro\" \/>\n<meta name=\"twitter:card\" content=\"summary_large_image\" \/>\n<meta name=\"twitter:creator\" content=\"@sunoresearch\" \/>\n<meta name=\"twitter:site\" content=\"@sunoresearch\" \/>\n<meta name=\"twitter:label1\" content=\"Escrito por\" \/>\n\t<meta name=\"twitter:data1\" content=\"Juliano Passaro\" \/>\n\t<meta name=\"twitter:label2\" content=\"Est. tempo de leitura\" \/>\n\t<meta name=\"twitter:data2\" content=\"2 minutos\" \/>\n<script type=\"application\/ld+json\" class=\"yoast-schema-graph\">{\"@context\":\"https:\/\/schema.org\",\"@graph\":[{\"@type\":\"NewsArticle\",\"@id\":\"https:\/\/www.suno.com.br\/noticias\/jereissati-rejeita-76-emendas-reforma-da-previdencia-e-acata-apenas-1\/#article\",\"isPartOf\":{\"@id\":\"https:\/\/www.suno.com.br\/noticias\/jereissati-rejeita-76-emendas-reforma-da-previdencia-e-acata-apenas-1\/\"},\"author\":{\"name\":\"Juliano Passaro\",\"@id\":\"https:\/\/www.suno.com.br\/noticias\/#\/schema\/person\/1db762f78ffd8919a648a63e425953e3\"},\"headline\":\"Jereissati rejeita 76 emendas \u00e0 reforma da Previd\u00eancia e acata apenas uma\",\"datePublished\":\"2019-09-19T18:37:11+00:00\",\"dateModified\":\"2019-09-19T18:39:31+00:00\",\"mainEntityOfPage\":{\"@id\":\"https:\/\/www.suno.com.br\/noticias\/jereissati-rejeita-76-emendas-reforma-da-previdencia-e-acata-apenas-1\/\"},\"wordCount\":360,\"publisher\":{\"@id\":\"https:\/\/www.suno.com.br\/noticias\/#organization\"},\"image\":{\"@id\":\"https:\/\/www.suno.com.br\/noticias\/jereissati-rejeita-76-emendas-reforma-da-previdencia-e-acata-apenas-1\/#primaryimage\"},\"thumbnailUrl\":\"https:\/\/files.sunoresearch.com.br\/n\/uploads\/2019\/09\/6b8caa9a-reforma-da-previd\u00eancia-tasso-jpg.webp\",\"keywords\":[\"Reforma da Previd\u00eancia\"],\"articleSection\":[\"Economia\"],\"inLanguage\":\"pt-BR\"},{\"@type\":\"WebPage\",\"@id\":\"https:\/\/www.suno.com.br\/noticias\/jereissati-rejeita-76-emendas-reforma-da-previdencia-e-acata-apenas-1\/\",\"url\":\"https:\/\/www.suno.com.br\/noticias\/jereissati-rejeita-76-emendas-reforma-da-previdencia-e-acata-apenas-1\/\",\"name\":\"Jereissati rejeita 76 emendas da reforma da Previd\u00eancia e acata apenas 1\",\"isPartOf\":{\"@id\":\"https:\/\/www.suno.com.br\/noticias\/#website\"},\"primaryImageOfPage\":{\"@id\":\"https:\/\/www.suno.com.br\/noticias\/jereissati-rejeita-76-emendas-reforma-da-previdencia-e-acata-apenas-1\/#primaryimage\"},\"image\":{\"@id\":\"https:\/\/www.suno.com.br\/noticias\/jereissati-rejeita-76-emendas-reforma-da-previdencia-e-acata-apenas-1\/#primaryimage\"},\"thumbnailUrl\":\"https:\/\/files.sunoresearch.com.br\/n\/uploads\/2019\/09\/6b8caa9a-reforma-da-previd\u00eancia-tasso-jpg.webp\",\"datePublished\":\"2019-09-19T18:37:11+00:00\",\"dateModified\":\"2019-09-19T18:39:31+00:00\",\"description\":\"Tasso Jereissati (PSDB-CE), relator da reforma da Previd\u00eancia, apresentou seu novo parecer sobre a proposta nesta quinta (19). Saiba mais.\",\"breadcrumb\":{\"@id\":\"https:\/\/www.suno.com.br\/noticias\/jereissati-rejeita-76-emendas-reforma-da-previdencia-e-acata-apenas-1\/#breadcrumb\"},\"inLanguage\":\"pt-BR\",\"potentialAction\":[{\"@type\":\"ReadAction\",\"target\":[\"https:\/\/www.suno.com.br\/noticias\/jereissati-rejeita-76-emendas-reforma-da-previdencia-e-acata-apenas-1\/\"]}]},{\"@type\":\"ImageObject\",\"inLanguage\":\"pt-BR\",\"@id\":\"https:\/\/www.suno.com.br\/noticias\/jereissati-rejeita-76-emendas-reforma-da-previdencia-e-acata-apenas-1\/#primaryimage\",\"url\":\"https:\/\/files.sunoresearch.com.br\/n\/uploads\/2019\/09\/6b8caa9a-reforma-da-previd\u00eancia-tasso-jpg.webp\",\"contentUrl\":\"https:\/\/files.sunoresearch.com.br\/n\/uploads\/2019\/09\/6b8caa9a-reforma-da-previd\u00eancia-tasso-jpg.webp\",\"width\":1140,\"height\":760,\"caption\":\"reforma da Previd\u00eancia - Tasso Jereissati\"},{\"@type\":\"BreadcrumbList\",\"@id\":\"https:\/\/www.suno.com.br\/noticias\/jereissati-rejeita-76-emendas-reforma-da-previdencia-e-acata-apenas-1\/#breadcrumb\",\"itemListElement\":[{\"@type\":\"ListItem\",\"position\":1,\"name\":\"Not\u00edcias\",\"item\":\"https:\/\/www.suno.com.br\/noticias\/\"},{\"@type\":\"ListItem\",\"position\":2,\"name\":\"Economia\",\"item\":\"https:\/\/www.suno.com.br\/noticias\/economia\/\"},{\"@type\":\"ListItem\",\"position\":3,\"name\":\"Jereissati rejeita 76 emendas \u00e0 reforma da Previd\u00eancia e acata apenas uma\"}]},{\"@type\":\"WebSite\",\"@id\":\"https:\/\/www.suno.com.br\/noticias\/#website\",\"url\":\"https:\/\/www.suno.com.br\/noticias\/\",\"name\":\"Suno Not\u00edcias\",\"description\":\"Seu portal de informa\u00e7\u00e3o sobre o mundo dos investimentos\",\"publisher\":{\"@id\":\"https:\/\/www.suno.com.br\/noticias\/#organization\"},\"potentialAction\":[{\"@type\":\"SearchAction\",\"target\":{\"@type\":\"EntryPoint\",\"urlTemplate\":\"https:\/\/www.suno.com.br\/noticias\/?s={search_term_string}\"},\"query-input\":{\"@type\":\"PropertyValueSpecification\",\"valueRequired\":true,\"valueName\":\"search_term_string\"}}],\"inLanguage\":\"pt-BR\"},{\"@type\":\"Organization\",\"@id\":\"https:\/\/www.suno.com.br\/noticias\/#organization\",\"name\":\"Suno Not\u00edcias\",\"url\":\"https:\/\/www.suno.com.br\/noticias\/\",\"logo\":{\"@type\":\"ImageObject\",\"inLanguage\":\"pt-BR\",\"@id\":\"https:\/\/www.suno.com.br\/noticias\/#\/schema\/logo\/image\/\",\"url\":\"https:\/\/files.sunoresearch.com.br\/n\/uploads\/2021\/09\/suno-logo.png\",\"contentUrl\":\"https:\/\/files.sunoresearch.com.br\/n\/uploads\/2021\/09\/suno-logo.png\",\"width\":180,\"height\":180,\"caption\":\"Suno Not\u00edcias\"},\"image\":{\"@id\":\"https:\/\/www.suno.com.br\/noticias\/#\/schema\/logo\/image\/\"},\"sameAs\":[\"https:\/\/facebook.com\/sunoresearch\",\"https:\/\/x.com\/sunoresearch\",\"https:\/\/www.instagram.com\/suno\",\"https:\/\/www.linkedin.com\/company\/suno-research\/\",\"https:\/\/www.youtube.com\/c\/sunoresearch\"]},{\"@type\":\"Person\",\"@id\":\"https:\/\/www.suno.com.br\/noticias\/#\/schema\/person\/1db762f78ffd8919a648a63e425953e3\",\"name\":\"Juliano Passaro\",\"image\":{\"@type\":\"ImageObject\",\"inLanguage\":\"pt-BR\",\"@id\":\"https:\/\/www.suno.com.br\/noticias\/#\/schema\/person\/image\/\",\"url\":\"https:\/\/secure.gravatar.com\/avatar\/743d4df28eebf6dcc46b4ad03c319e92?s=96&r=g\",\"contentUrl\":\"https:\/\/secure.gravatar.com\/avatar\/743d4df28eebf6dcc46b4ad03c319e92?s=96&r=g\",\"caption\":\"Juliano Passaro\"},\"description\":\"Juliano Passaro escreve sobre pol\u00edtica, economia e neg\u00f3cios para o portal da Suno Research. Antes da Suno, trabalhou no Portal da Band. \u00c9 formado em jornalismo pela Universidade Presbiteriana Mackenzie.\",\"url\":\"https:\/\/www.suno.com.br\/noticias\/author\/juliano\/\"}]}<\/script>\n<!-- \/ Yoast SEO plugin. -->","yoast_head_json":{"title":"Jereissati rejeita 76 emendas da reforma da Previd\u00eancia e acata apenas 1","description":"Tasso Jereissati (PSDB-CE), relator da reforma da Previd\u00eancia, apresentou seu novo parecer sobre a proposta nesta quinta (19). Saiba mais.","robots":{"index":"index","follow":"follow","max-snippet":"max-snippet:-1","max-image-preview":"max-image-preview:large","max-video-preview":"max-video-preview:-1"},"canonical":"https:\/\/www.suno.com.br\/noticias\/jereissati-rejeita-76-emendas-reforma-da-previdencia-e-acata-apenas-1\/","og_locale":"pt_BR","og_type":"article","og_title":"Jereissati rejeita 76 emendas da reforma da Previd\u00eancia e acata apenas 1","og_description":"Tasso Jereissati (PSDB-CE), relator da reforma da Previd\u00eancia, apresentou seu novo parecer sobre a proposta nesta quinta (19). Saiba mais.","og_url":"https:\/\/www.suno.com.br\/noticias\/jereissati-rejeita-76-emendas-reforma-da-previdencia-e-acata-apenas-1\/","og_site_name":"Suno Not\u00edcias","article_publisher":"https:\/\/facebook.com\/sunoresearch","og_image":[{"width":1140,"height":760,"url":"https:\/\/files.sunoresearch.com.br\/n\/uploads\/2019\/09\/6b8caa9a-reforma-da-previd\u00eancia-tasso.jpg","type":"image\/jpeg"}],"author":"Juliano Passaro","twitter_card":"summary_large_image","twitter_creator":"@sunoresearch","twitter_site":"@sunoresearch","twitter_misc":{"Escrito por":"Juliano Passaro","Est. tempo de leitura":"2 minutos"},"schema":{"@context":"https:\/\/schema.org","@graph":[{"@type":"NewsArticle","@id":"https:\/\/www.suno.com.br\/noticias\/jereissati-rejeita-76-emendas-reforma-da-previdencia-e-acata-apenas-1\/#article","isPartOf":{"@id":"https:\/\/www.suno.com.br\/noticias\/jereissati-rejeita-76-emendas-reforma-da-previdencia-e-acata-apenas-1\/"},"author":{"name":"Juliano Passaro","@id":"https:\/\/www.suno.com.br\/noticias\/#\/schema\/person\/1db762f78ffd8919a648a63e425953e3"},"headline":"Jereissati rejeita 76 emendas \u00e0 reforma da Previd\u00eancia e acata apenas uma","datePublished":"2019-09-19T18:37:11+00:00","dateModified":"2019-09-19T18:39:31+00:00","mainEntityOfPage":{"@id":"https:\/\/www.suno.com.br\/noticias\/jereissati-rejeita-76-emendas-reforma-da-previdencia-e-acata-apenas-1\/"},"wordCount":360,"publisher":{"@id":"https:\/\/www.suno.com.br\/noticias\/#organization"},"image":{"@id":"https:\/\/www.suno.com.br\/noticias\/jereissati-rejeita-76-emendas-reforma-da-previdencia-e-acata-apenas-1\/#primaryimage"},"thumbnailUrl":"https:\/\/files.sunoresearch.com.br\/n\/uploads\/2019\/09\/6b8caa9a-reforma-da-previd\u00eancia-tasso-jpg.webp","keywords":["Reforma da Previd\u00eancia"],"articleSection":["Economia"],"inLanguage":"pt-BR"},{"@type":"WebPage","@id":"https:\/\/www.suno.com.br\/noticias\/jereissati-rejeita-76-emendas-reforma-da-previdencia-e-acata-apenas-1\/","url":"https:\/\/www.suno.com.br\/noticias\/jereissati-rejeita-76-emendas-reforma-da-previdencia-e-acata-apenas-1\/","name":"Jereissati rejeita 76 emendas da reforma da Previd\u00eancia e acata apenas 1","isPartOf":{"@id":"https:\/\/www.suno.com.br\/noticias\/#website"},"primaryImageOfPage":{"@id":"https:\/\/www.suno.com.br\/noticias\/jereissati-rejeita-76-emendas-reforma-da-previdencia-e-acata-apenas-1\/#primaryimage"},"image":{"@id":"https:\/\/www.suno.com.br\/noticias\/jereissati-rejeita-76-emendas-reforma-da-previdencia-e-acata-apenas-1\/#primaryimage"},"thumbnailUrl":"https:\/\/files.sunoresearch.com.br\/n\/uploads\/2019\/09\/6b8caa9a-reforma-da-previd\u00eancia-tasso-jpg.webp","datePublished":"2019-09-19T18:37:11+00:00","dateModified":"2019-09-19T18:39:31+00:00","description":"Tasso Jereissati (PSDB-CE), relator da reforma da Previd\u00eancia, apresentou seu novo parecer sobre a proposta nesta quinta (19). Saiba mais.","breadcrumb":{"@id":"https:\/\/www.suno.com.br\/noticias\/jereissati-rejeita-76-emendas-reforma-da-previdencia-e-acata-apenas-1\/#breadcrumb"},"inLanguage":"pt-BR","potentialAction":[{"@type":"ReadAction","target":["https:\/\/www.suno.com.br\/noticias\/jereissati-rejeita-76-emendas-reforma-da-previdencia-e-acata-apenas-1\/"]}]},{"@type":"ImageObject","inLanguage":"pt-BR","@id":"https:\/\/www.suno.com.br\/noticias\/jereissati-rejeita-76-emendas-reforma-da-previdencia-e-acata-apenas-1\/#primaryimage","url":"https:\/\/files.sunoresearch.com.br\/n\/uploads\/2019\/09\/6b8caa9a-reforma-da-previd\u00eancia-tasso-jpg.webp","contentUrl":"https:\/\/files.sunoresearch.com.br\/n\/uploads\/2019\/09\/6b8caa9a-reforma-da-previd\u00eancia-tasso-jpg.webp","width":1140,"height":760,"caption":"reforma da Previd\u00eancia - Tasso Jereissati"},{"@type":"BreadcrumbList","@id":"https:\/\/www.suno.com.br\/noticias\/jereissati-rejeita-76-emendas-reforma-da-previdencia-e-acata-apenas-1\/#breadcrumb","itemListElement":[{"@type":"ListItem","position":1,"name":"Not\u00edcias","item":"https:\/\/www.suno.com.br\/noticias\/"},{"@type":"ListItem","position":2,"name":"Economia","item":"https:\/\/www.suno.com.br\/noticias\/economia\/"},{"@type":"ListItem","position":3,"name":"Jereissati rejeita 76 emendas \u00e0 reforma da Previd\u00eancia e acata apenas uma"}]},{"@type":"WebSite","@id":"https:\/\/www.suno.com.br\/noticias\/#website","url":"https:\/\/www.suno.com.br\/noticias\/","name":"Suno Not\u00edcias","description":"Seu portal de informa\u00e7\u00e3o sobre o mundo dos investimentos","publisher":{"@id":"https:\/\/www.suno.com.br\/noticias\/#organization"},"potentialAction":[{"@type":"SearchAction","target":{"@type":"EntryPoint","urlTemplate":"https:\/\/www.suno.com.br\/noticias\/?s={search_term_string}"},"query-input":{"@type":"PropertyValueSpecification","valueRequired":true,"valueName":"search_term_string"}}],"inLanguage":"pt-BR"},{"@type":"Organization","@id":"https:\/\/www.suno.com.br\/noticias\/#organization","name":"Suno Not\u00edcias","url":"https:\/\/www.suno.com.br\/noticias\/","logo":{"@type":"ImageObject","inLanguage":"pt-BR","@id":"https:\/\/www.suno.com.br\/noticias\/#\/schema\/logo\/image\/","url":"https:\/\/files.sunoresearch.com.br\/n\/uploads\/2021\/09\/suno-logo.png","contentUrl":"https:\/\/files.sunoresearch.com.br\/n\/uploads\/2021\/09\/suno-logo.png","width":180,"height":180,"caption":"Suno Not\u00edcias"},"image":{"@id":"https:\/\/www.suno.com.br\/noticias\/#\/schema\/logo\/image\/"},"sameAs":["https:\/\/facebook.com\/sunoresearch","https:\/\/x.com\/sunoresearch","https:\/\/www.instagram.com\/suno","https:\/\/www.linkedin.com\/company\/suno-research\/","https:\/\/www.youtube.com\/c\/sunoresearch"]},{"@type":"Person","@id":"https:\/\/www.suno.com.br\/noticias\/#\/schema\/person\/1db762f78ffd8919a648a63e425953e3","name":"Juliano Passaro","image":{"@type":"ImageObject","inLanguage":"pt-BR","@id":"https:\/\/www.suno.com.br\/noticias\/#\/schema\/person\/image\/","url":"https:\/\/secure.gravatar.com\/avatar\/743d4df28eebf6dcc46b4ad03c319e92?s=96&r=g","contentUrl":"https:\/\/secure.gravatar.com\/avatar\/743d4df28eebf6dcc46b4ad03c319e92?s=96&r=g","caption":"Juliano Passaro"},"description":"Juliano Passaro escreve sobre pol\u00edtica, economia e neg\u00f3cios para o portal da Suno Research. Antes da Suno, trabalhou no Portal da Band. \u00c9 formado em jornalismo pela Universidade Presbiteriana Mackenzie.","url":"https:\/\/www.suno.com.br\/noticias\/author\/juliano\/"}]}},"default_loop_html":"<div class=\"cardsPage__listCard__boxs\"><div class=\"cardsPage__listCard__boxs__img\"><a href=\"https:\/\/www.suno.com.br\/noticias\/jereissati-rejeita-76-emendas-reforma-da-previdencia-e-acata-apenas-1\/\"><img class=\"mask\" src=\"https:\/\/www.suno.com.br\/noticias\/wp-content\/themes\/suno\/resources\/images\/spotlight\/spotlight1img\/bg-mask.png\" alt=\"Image Mask\"\/><img src=\"https:\/\/files.sunoresearch.com.br\/n\/uploads\/2019\/09\/6b8caa9a-reforma-da-previd\u00eancia-tasso-400x200.webp\" alt=\"Jereissati rejeita 76 emendas \u00e0 reforma da Previd\u00eancia e acata apenas uma\"\/><\/a><span class=\"spotlightCategory\"><a href=\"https:\/\/www.suno.com.br\/noticias\/economia\/\">Economia<\/a><\/span><\/div><div class=\"cardsPage__listCard__boxs__content\"><a href=\"https:\/\/www.suno.com.br\/noticias\/jereissati-rejeita-76-emendas-reforma-da-previdencia-e-acata-apenas-1\/\"><h2 class=\"content__title\">Jereissati rejeita 76 emendas \u00e0 reforma da Previd\u00eancia e acata apenas uma<\/h2><\/a><div class=\"newsContent__article__meta\"><div class=\"newsContent__article__meta__authorBox\"><a href=\"https:\/\/www.suno.com.br\/noticias\/author\/juliano\/\" class=\"authorBox__avatar noMobi\"><img src=\"https:\/\/files.sunoresearch.com.br\/n\/uploads\/2019\/06\/7cc3efea-whatsapp-image-2019-07-18-at-21.59.33-e1563499821209-150x150.webp\" alt=\"Juliano Passaro\"><\/a><div class=\"authorBox__name\"><span>por\n\t\t\t<a href=\"https:\/\/www.suno.com.br\/noticias\/author\/juliano\/\"><span itemprop=\"author\">Juliano Passaro<\/span><\/a><\/span><time datetime=\"2019-09-19T15:37:11-03:00\" itemprop=\"datePublished\">19\/09\/2019 15:37<\/time><\/div><\/div><\/div><\/div><\/div>","single_layout":"posts","amp_enabled":true,"_links":{"self":[{"href":"https:\/\/www.suno.com.br\/noticias\/wp-json\/wp\/v2\/posts\/38208"}],"collection":[{"href":"https:\/\/www.suno.com.br\/noticias\/wp-json\/wp\/v2\/posts"}],"about":[{"href":"https:\/\/www.suno.com.br\/noticias\/wp-json\/wp\/v2\/types\/post"}],"author":[{"embeddable":true,"href":"https:\/\/www.suno.com.br\/noticias\/wp-json\/wp\/v2\/users\/19"}],"replies":[{"embeddable":true,"href":"https:\/\/www.suno.com.br\/noticias\/wp-json\/wp\/v2\/comments?post=38208"}],"version-history":[{"count":0,"href":"https:\/\/www.suno.com.br\/noticias\/wp-json\/wp\/v2\/posts\/38208\/revisions"}],"wp:featuredmedia":[{"embeddable":true,"href":"https:\/\/www.suno.com.br\/noticias\/wp-json\/wp\/v2\/media\/38217"}],"wp:attachment":[{"href":"https:\/\/www.suno.com.br\/noticias\/wp-json\/wp\/v2\/media?parent=38208"}],"wp:term":[{"taxonomy":"category","embeddable":true,"href":"https:\/\/www.suno.com.br\/noticias\/wp-json\/wp\/v2\/categories?post=38208"},{"taxonomy":"post_tag","embeddable":true,"href":"https:\/\/www.suno.com.br\/noticias\/wp-json\/wp\/v2\/tags?post=38208"},{"taxonomy":"suno_strategy","embeddable":true,"href":"https:\/\/www.suno.com.br\/noticias\/wp-json\/wp\/v2\/suno_strategy?post=38208"}],"curies":[{"name":"wp","href":"https:\/\/api.w.org\/{rel}","templated":true}]}}