{"id":381988,"date":"2023-03-28T19:23:08","date_gmt":"2023-03-28T22:23:08","guid":{"rendered":"https:\/\/www.suno.com.br\/noticias\/?p=381988"},"modified":"2023-03-28T20:50:55","modified_gmt":"2023-03-28T23:50:55","slug":"consignado-lula-decide-juros","status":"publish","type":"post","link":"https:\/\/www.suno.com.br\/noticias\/consignado-lula-decide-juros\/","title":{"rendered":"Consignado do INSS: Lula bate martelo e juros sobem para 1,97% ao m\u00eas"},"content":{"rendered":"<p>Em meio a uma disputa entre os Minist\u00e9rios da Previd\u00eancia, da Casa Civil e da Fazenda sobre os juros do <strong>consignado<\/strong>, o presidente da Rep\u00fablica, Luiz In\u00e1cio Lula da Silva, precisou intervir e bater o martelo. O mandat\u00e1rio decidiu pelo &#8220;meio-termo&#8221; e aumentou em 1,97% ao m\u00eas o limite dos juros nos empr\u00e9stimos consignados de aposentados e pensionistas do INSS.<\/p>\t<div class=\"wrapper-featured-image\">\n\t\t<figure class=\"spotlightImg\">\n\n\t\t\t<picture>\n\t\t\t\t<source media=\"(max-width: 768px)\" srcset=\"https:\/\/files.sunoresearch.com.br\/n\/uploads\/2023\/01\/lula_mcamgo-400x200.jpg\">\n\t\t\t\t<img loading=\"lazy\" decoding=\"async\" class=\"newsContent__article__imgCapa lazyloadDisabled \" src=\"https:\/\/files.sunoresearch.com.br\/n\/uploads\/2023\/01\/lula_mcamgo-800x450.jpg\" width=\"800\" height=\"450\" alt=\"Consignado do INSS: Lula bate martelo e juros sobem para 1,97% ao m\u00eas\" fetchpriority=high \/>\n\t\t\t<\/picture>\n\n\t\t\t<figcaption class=\"wp-caption-text wp-caption-text--show\">O governo do presidente Lula (PT) tem encontrado dificuldades para indicar nomes ao Conselho de Administra\u00e7\u00e3o da Petrobras (PETR4) - Foto Marcelo Camargo\/Ag\u00eancia Brasil<\/figcaption>\n\t\t<\/figure>\n\t<\/div>\n\n\n\n\n\n\t<p>\n\t\t<a href=\"\" target=\"_blank\" data-element=\"shortcode-suno-banner\" title=\"Banner SUNO, clique e saiba mais\">\n\t\t\t<picture>\n\t\t\t\t<source media=\"(max-width: 500px)\" srcset=\"\">\n\t\t\t\t<img class=\"newsContent__article__imgCapa newsContent__article__imgCapa--banner\"\n\t\t\t\t\tsrc=\"\"\n\t\t\t\t\tdata-promo-id=\"240038\"\t\t\t\t\t\t\t\t\t\t\t\t\t\t\talt=\"\"\n\t\t\t\t>\n\t\t\t<\/picture>\n\t\t<\/a>\n\t<\/p>\n\n\n\n\n\n<p>O patamar fixado pelo governo est\u00e1 dentro do par\u00e2metro negociado h\u00e1 duas semanas por Carlos Lupi (Previd\u00eancia), Rui Costa (Casa Civil) e Fernando Haddad (Fazenda). Diante disso, o Conselho Nacional da Previd\u00eancia Social (CNPS), presidido por Lupi, marcou para  hoje (28) uma reuni\u00e3o para definir o novo <strong>teto do cr\u00e9dito consignado<\/strong>.<\/p>\n\n\n\n<p><a href=\"https:\/\/www.suno.com.br\/noticias\/bancos-suspendem-consignado-inss-juros-entenda\/\" target=\"_blank\" rel=\"noreferrer noopener\">No \u00faltimo encontro do conselho<\/a>, ficou definido o <strong>corte de juros do consignado<\/strong> de 2,14% para 1,70%. A decis\u00e3o gerou rea\u00e7\u00e3o de bancos p\u00fablicos e privados, incluindo a Caixa Econ\u00f4mica Federal e o <a class=\"suno-keyword\" target=\"_blank\" data-force=\"yes\" data-priority=\"2\" href=\"https:\/\/www.suno.com.br\/acoes\/BBAS3\/\" rel=\"noopener\">Banco do Brasil (BBAS3)<\/a>, que suspenderam a libera\u00e7\u00e3o de empr\u00e9stimos a aposentados e pensionistas. <\/p>\n\n\n\n<p>O Conselho \u00e9 respons\u00e1vel por definir o limite dos juros que podem ser cobrados nessa linha de cr\u00e9dito, mas a taxa fica a cargo de cada institui\u00e7\u00e3o financeira. O governo, ent\u00e3o, abriu uma mesa de negocia\u00e7\u00f5es para definir uma nova taxa de juros que reduza o custo dos empr\u00e9stimos para os aposentados e mantenha a lucratividade dos bancos.<\/p>\n\n\n\n<h2 class=\"wp-block-heading\">CNPS define em 1,97% teto de juros do consignado para benefici\u00e1rios do INSS<\/h2>\n\n\n\n<p>O Conselho Nacional de Previd\u00eancia Social (CNPS) definiu que o novo teto de juros para o empr\u00e9stimo do consignado para benefici\u00e1rios do Instituto Nacional de Seguridade Social (INSS) com desconto em folha ser\u00e1 de 1,97%. A proposta foi encaminhada pelo governo federal e apresentada pelo ministro da Previd\u00eancia Social, Carlos Lupi, durante o encontro do Conselho. O novo teto havia sido antecipado pelo <i>Broadcast<\/i> (sistema de not\u00edcias em tempo real do Grupo Estado).<\/p>\n\n\n\n<p>De acordo com a decis\u00e3o, o limite para o empr\u00e9stimo com desconto em folha ser\u00e1 de 1,97%, enquanto pela modalidade via cart\u00e3o de cr\u00e9dito estar\u00e1 em 2,89%.<\/p>\n\n\n\n<p>Os valores finais foram modulados a partir da varia\u00e7\u00e3o de 0,17 ponto porcentual para ambas as taxas, que foram aprovadas por membros do governo, aposentados e trabalhadores. Houve absten\u00e7\u00e3o dos empregadores, representados por organiza\u00e7\u00f5es formadas por bancos, e voto contr\u00e1rio do Sindicato Nacional de Aposentados, Pensionistas e Idosos (Sindnapi), que defendia 1,90%.<\/p>\n\n\n\n<p>O ministro declarou que o presidente da Rep\u00fablica, Luiz In\u00e1cio Lula da Silva, pediu a an\u00e1lise governamental, nos pr\u00f3ximos 30 dias, sobre o futuro do consignado e do cart\u00e3o de cr\u00e9dito vinculado.<\/p>\n\n\n\n<p>O chefe do Executivo prop\u00f4s a cria\u00e7\u00e3o de um grupo t\u00e9cnico sobre o consignado com a presen\u00e7a, al\u00e9m de Lupi, dos ministros Fernando Haddad (Fazenda), Luiz Marinho (Trabalho), e Fl\u00e1vio Dino (Justi\u00e7a), bem como o Banco do Brasil e a Caixa.<\/p>\n\n\n\n<p>O Conselho decidiu h\u00e1 duas semanas baixar o teto de juros cobrados no empr\u00e9stimo consignado. Lupi anunciou a redu\u00e7\u00e3o do teto dos atuais 2,14% ao m\u00eas para 1,70% para aposentados e pensionistas. A decis\u00e3o foi tomada por 12 votos a 3.<\/p>\n\n\n\n<p>Dias ap\u00f3s a decis\u00e3o, os bancos come\u00e7aram a suspender temporariamente a concess\u00e3o de cr\u00e9dito consignado.<\/p>\n\n\n\n<p>Em 17 de mar\u00e7o, a Caixa e o Banco do Brasil tamb\u00e9m entraram na rodada e suspenderam as a\u00e7\u00f5es.<\/p>\n\n\n\n<p>A Federa\u00e7\u00e3o Brasileira de Bancos (Febraban) alegou que os novos limites de juros para empr\u00e9stimos consignados n\u00e3o s\u00e3o suficientes para cobrir todos os custos envolvidos e podem levar a uma redu\u00e7\u00e3o na oferta de cr\u00e9dito.<\/p>\n\n\n\n<h2 class=\"wp-block-heading\">Atritos dentro do governo<\/h2>\n\n\n\n<p>A decis\u00e3o do CNPS de cortar os juros do consignado gerou atrito dentro do governo. Lupi defendia a taxa implementada pelo conselho, enquanto Costa e Haddad argumentavam a favor da eleva\u00e7\u00e3o do teto para a faixa pr\u00f3xima dos 2%.<\/p>\n\n\n\n<p>Ontem (27), o titular da Previd\u00eancia se reuniu com os secret\u00e1rios executivos da Fazenda, Gabriel Gal\u00edpolo, e da Casa Civil, Miriam Belchior, para chegar a um acordo sobre a <strong>pol\u00edtica de juros para aposentados<\/strong>, mas n\u00e3o houve acordo.<\/p>\n\n\n\n<p>Na ter\u00e7a-feira passada (21), o presidente Lula classificou como &#8220;boa&#8221; a iniciativa do CNPS de baixar teto de juros da modalidade, mas criticou a decis\u00e3o de Lupi de implementar a medida sem que antes fosse negociada com os bancos privados e tivesse seu an\u00fancio acertado com a Casa Civil.<\/p>\n\n\n\n<blockquote class=\"wp-block-quote is-layout-flow wp-block-quote-is-layout-flow\">\n<p>Uma coisa que poderia ser boa, 100% favor\u00e1vel, criou um clima de insatisfa\u00e7\u00e3o nos bancos que precisavam ter se preparado. N\u00e3o pode baixar com a facilidade que eles querem que baixe. De qualquer forma, a tese \u00e9 boa e agora n\u00f3s vamos ver como a gente consegue fazer para que os juros baixem de verdade.<\/p>\n<\/blockquote>\n\n\n\n<p>No mesmo o dia, o presidente da Federa\u00e7\u00e3o Brasileira de Bancos (Febraban), Isaac Sidney, se reuniu com t\u00e9cnicos do <a class=\"suno-keyword\" target=\"_blank\" data-force=\"no\" data-priority=\"2\" href=\"https:\/\/www.suno.com.br\/artigos\/ministerio-da-fazenda\/\" rel=\"noopener\">Minist\u00e9rio da Fazenda<\/a> para negociar uma sa\u00edda que concilie os interesses do governo e garanta &#8220;a viabilidade econ\u00f4mica da <strong>opera\u00e7\u00e3o de cr\u00e9dito consignado<\/strong>&#8220;.<\/p>\n\n\n\t<p>\n\t\t<a href=\"https:\/\/lp.suno.com.br\/planilha-controle-gastos\/\" target=\"_blank\" data-element=\"shortcode-suno-banner\" title=\"Banner SUNO, clique e saiba mais\">\n\t\t\t<picture>\n\t\t\t\t<source media=\"(max-width: 500px)\" srcset=\"https:\/\/files.sunoresearch.com.br\/n\/uploads\/2023\/03\/400x300-Planilha-controle-de-gastos.png\">\n\t\t\t\t<img class=\"newsContent__article__imgCapa newsContent__article__imgCapa--banner\"\n\t\t\t\t\tsrc=\"https:\/\/files.sunoresearch.com.br\/n\/uploads\/2023\/03\/1420x240-Planilha-controle-de-gastos.png\"\n\t\t\t\t\tdata-promo-id=\"101751\"\t\t\t\t\t\t\t\t\t\twidth='1420' height='240'\t\t\t\t\talt=\"https:\/\/files.sunoresearch.com.br\/n\/uploads\/2023\/03\/1420x240-Planilha-controle-de-gastos.png\"\n\t\t\t\t>\n\t\t\t<\/picture>\n\t\t<\/a>\n\t<\/p>\n\n\n\n\n\n<h2 class=\"wp-block-heading\">Bradesco (BBDC4) voltar\u00e1 a operar no cr\u00e9dito consignado <\/h2>\n\n\n\n<p>O <a class=\"suno-keyword\" target=\"_blank\" data-force=\"yes\" data-priority=\"2\" href=\"https:\/\/www.suno.com.br\/acoes\/BBDC4\/\" rel=\"noopener\">Bradesco (BBDC4)<\/a> anunciou hoje que voltar\u00e1 a operar no cr\u00e9dito consignado para o INSS a partir desta quarta-feira (29). A decis\u00e3o vem na esteira da aprova\u00e7\u00e3o pelo Conselho Nacional de Previd\u00eancia Social do novo teto de 1,97% da modalidade de empr\u00e9stimo.<\/p>\n\n\n\n<p>Os bancos ainda mostraram discord\u00e2ncia, pelo valor n\u00e3o cobrir os custos, mas em comunicado a Federa\u00e7\u00e3o Brasileira de Bancos (Febraban) disse que os bancos se abstiveram da vota\u00e7\u00e3o.<\/p>\n\n\n\n<p>&#8220;Caber\u00e1 a cada institui\u00e7\u00e3o financeira, diante de sua estrat\u00e9gia de neg\u00f3cio, avaliar a conveni\u00eancia de concess\u00e3o do consignado para os benefici\u00e1rios do INSS no novo teto de juros fixado pelo Conselho de Previd\u00eancia&#8221;, ressalta o comunicado da Febraban.<\/p>\n\n\n\n<p>No come\u00e7o do m\u00eas, o Bradesco e outros bancos suspenderam a opera\u00e7\u00e3o do <strong>consignado<\/strong> para aposentados do INSS ap\u00f3s o governo baixar o teto de 2,14% para 1,7% ao m\u00eas.<\/p>\n\n\n\n<h2 class=\"wp-block-heading\">Banco do Brasil (BBAS3) voltar\u00e1 a operar consignado do INSS &#8216;imediatamente&#8217;<\/h2>\n\n\n\n<p>O Banco do Brasil (BBAS3) informou que vai voltar a operar, &#8220;imediatamente&#8221;, o empr\u00e9stimo consignado para aposentados e pensionistas do INSS, ap\u00f3s o Conselho Nacional de Previd\u00eancia Social (CNPS) elevar de 1,70% para 1,97% o teto para a taxa de juros mensal da linha de cr\u00e9dito.<\/p>\n\n\n\n<p>&#8220;O BB entende que as novas regras conciliam a remunera\u00e7\u00e3o adequada da linha com a oferta de cr\u00e9dito condizente com as necessidades financeiras de seus clientes&#8221;, afirmou o banco em nota. O consignado INSS do BB est\u00e1 dispon\u00edvel para todos os aposentados e pensionistas.<\/p>\n\n\n\n<p>O BB, assim como a Caixa Econ\u00f4mica Federal (CEF) e os bancos privados, havia suspendido a oferta do cr\u00e9dito consignado para o p\u00fablico do INSS ap\u00f3s o CNPS reduzir de 2,14% para 1,70% o teto mensal de taxa da linha.<\/p>\n\n\n\n<p>Os bancos argumentaram que, devido a regras do Banco Central, n\u00e3o poderia oferecer cr\u00e9dito com margem negativa. Al\u00e9m do BB, o Bradesco tamb\u00e9m informou que retomar\u00e1 as concess\u00f5es diante da eleva\u00e7\u00e3o do teto.<\/p>\n\n\n\n<p>Mais cedo, a Federa\u00e7\u00e3o Brasileira de Bancos (Febraban) informou que se absteve de votar na reuni\u00e3o do Conselho que definiu a taxa, mas que considerava o n\u00famero proposto como um avan\u00e7o em rela\u00e7\u00e3o ao teto anterior.<\/p>\n\n\n\n<h2 class=\"wp-block-heading\">Caixa retomar\u00e1 consignado do INSS ap\u00f3s publica\u00e7\u00e3o de nova taxa no DOU<\/h2>\n\n\n\n<p>A Caixa Econ\u00f4mica Federal (CEF) informou que vai retomar a concess\u00e3o do cr\u00e9dito consignado para aposentados e pensionistas do INSS logo ap\u00f3s a publica\u00e7\u00e3o do novo teto de taxa, de 1,97% ao m\u00eas, no Di\u00e1rio Oficial da Uni\u00e3o (DOU). O novo limite foi definido nesta pelo Conselho Nacional de Previd\u00eancia Social (CNPS).<\/p>\n\n\n\n<p>&#8220;A Caixa informa que aguarda a publica\u00e7\u00e3o da Instru\u00e7\u00e3o Normativa do INSS em atendimento \u00e0 recomenda\u00e7\u00e3o do Conselho Nacional de Previd\u00eancia Social (CNPS) para retomar a oferta do cr\u00e9dito consignado aos benefici\u00e1rios do INSS&#8221;, afirmou o banco p\u00fablico em nota.<\/p>\n\n\n\n<p>Segundo a institui\u00e7\u00e3o, a taxa m\u00e9dia ser\u00e1 de 1,87% mensais, abaixo do teto. A Caixa j\u00e1 ofertava a linha com taxa parecida quando o limite era de 2,14% ao m\u00eas. O CNPS reduziu esse limite para 1,70% neste m\u00eas, o que fez com que a CEF, o Banco do Brasil e os bancos privados interrompessem a concess\u00e3o do cr\u00e9dito. Segundo norma do Banco Central, as institui\u00e7\u00f5es n\u00e3o podem conceder cr\u00e9dito com margem negativa.<\/p>\n\n\n\n<p>At\u00e9 aqui, Caixa, BB e Bradesco informaram que v\u00e3o retomar as concess\u00f5es da linha.<\/p>\n\n\n\n<p>Mais cedo, a Federa\u00e7\u00e3o Brasileira de Bancos (Febraban) informou ter se abstido de votar na reuni\u00e3o do Conselho que definiu a taxa do <strong>consignado<\/strong>, mas que considerava o n\u00famero proposto como um avan\u00e7o em rela\u00e7\u00e3o ao teto anterior.<\/p>\n\n\n\n<p><em>Com informa\u00e7\u00f5es do Estad\u00e3o Conte\u00fado<\/em><\/p>\n\n\n\t<p>\n\t\t<a href=\"https:\/\/lp.suno.com.br\/planilha-de-controle-de-investimentos\/\" target=\"_blank\" data-element=\"shortcode-suno-banner\" title=\"Banner SUNO, clique e saiba mais\">\n\t\t\t<picture>\n\t\t\t\t<source media=\"(max-width: 500px)\" srcset=\"https:\/\/files.sunoresearch.com.br\/n\/uploads\/2023\/03\/400x300-Controle-de-Investimentos.png\">\n\t\t\t\t<img class=\"newsContent__article__imgCapa newsContent__article__imgCapa--banner\"\n\t\t\t\t\tsrc=\"https:\/\/files.sunoresearch.com.br\/n\/uploads\/2023\/03\/1420x240-Controle-de-Investimentos.png\"\n\t\t\t\t\tdata-promo-id=\"75934\"\t\t\t\t\t\t\t\t\t\twidth='1420' height='240'\t\t\t\t\talt=\"https:\/\/files.sunoresearch.com.br\/n\/uploads\/2023\/03\/1420x240-Controle-de-Investimentos.png\"\n\t\t\t\t>\n\t\t\t<\/picture>\n\t\t<\/a>\n\t<\/p>\n\n\n\n\n\t\t<div class=\"web-stories-list alignnone has-archive-link is-view-type-carousel is-style-default is-carousel\" data-id=\"1\">\n\t\t\t<div\n\t\t\tclass=\"web-stories-list__inner-wrapper carousel-1\"\n\t\t\tstyle=\"--ws-story-max-width:185px\"\n\t\t\t>\n\t\t\t\t\t\t<div class=\"web-stories-list__archive-link\">\n\t\t\t<a href=\"https:\/\/www.suno.com.br\/noticias\/web-stories\/\">\n\t\t\t\tConfira os melhores webstories!\t\t\t<\/a>\n\t\t<\/div>\n\t\t\t\t\t\t\t<div\n\t\t\t\t\tclass=\"web-stories-list__carousel carousel\"\n\t\t\t\t\tdata-id=\"carousel-1\"\n\t\t\t\t\tdata-prev=\"Voltar\"\n\t\t\t\t\tdata-next=\"Avan\u00e7ar\"\n\t\t\t\t\t>\n\t\t\t\t\t\t\t\t\t<div\n\t\t\t\tclass=\"web-stories-list__story\"\n\t\t\t\tdata-wp-interactive=\"web-stories-block\"\n\t\t\t\tdata-wp-context='{\"instanceId\":1}'\t\t\t\tdata-wp-on--click=\"actions.open\"\n\t\t\t\tdata-wp-on-window--popstate=\"actions.onPopstate\"\n\t\t\t\t>\n\t\t\t\t\t\t\t<div class=\"web-stories-list__story-poster\">\n\t\t\t\t<a href=\"https:\/\/www.suno.com.br\/noticias\/web-stories\/por-que-as-acoes-da-nvidia-estao-despencando\/\" >\n\t\t\t\t\t<img\n\t\t\t\t\t\tsrc=\"https:\/\/files.sunoresearch.com.br\/n\/uploads\/2025\/11\/cropped-pexels-stasknop-19356873-scaled-1.webp\"\n\t\t\t\t\t\talt=\"Por que as a\u00e7\u00f5es da Nvidia est\u00e3o despencando?\"\n\t\t\t\t\t\twidth=\"185\"\n\t\t\t\t\t\theight=\"308\"\n\t\t\t\t\t\t\t\t\t\t\t\t\tsrcset=\"https:\/\/files.sunoresearch.com.br\/n\/uploads\/2025\/11\/cropped-pexels-stasknop-19356873-scaled-1.webp 640w, https:\/\/files.sunoresearch.com.br\/n\/uploads\/2025\/11\/cropped-pexels-stasknop-19356873-scaled-1-225x300.webp 225w, https:\/\/files.sunoresearch.com.br\/n\/uploads\/2025\/11\/cropped-pexels-stasknop-19356873-scaled-1-150x200.webp 150w\"\n\t\t\t\t\t\t\t\t\t\t\t\t\t\t\t\t\t\t\tsizes=\"(max-width: 640px) 100vw, 640px\"\n\t\t\t\t\t\t\t\t\t\t\t\tloading=\"lazy\"\n\t\t\t\t\t\tdecoding=\"async\"\n\t\t\t\t\t>\n\t\t\t\t<\/a>\n\t\t\t<\/div>\n\t\t\t\t\t<div class=\"web-stories-list__story-content-overlay\">\n\t\t\t\t\t\t\t<div class=\"story-content-overlay__title\">\n\t\t\t\t\tPor que as a\u00e7\u00f5es da Nvidia est\u00e3o despencando?\t\t\t\t<\/div>\n\t\t\t\n\t\t\t\n\t\t\t\n\t\t\t\t\t<\/div>\n\t\t\t\t\t<\/div>\n\t\t\t\t\t\t<div\n\t\t\t\tclass=\"web-stories-list__story\"\n\t\t\t\tdata-wp-interactive=\"web-stories-block\"\n\t\t\t\tdata-wp-context='{\"instanceId\":1}'\t\t\t\tdata-wp-on--click=\"actions.open\"\n\t\t\t\tdata-wp-on-window--popstate=\"actions.onPopstate\"\n\t\t\t\t>\n\t\t\t\t\t\t\t<div class=\"web-stories-list__story-poster\">\n\t\t\t\t<a href=\"https:\/\/www.suno.com.br\/noticias\/web-stories\/quanto-falta-para-elon-musk-se-tornar-trilionario\/\" >\n\t\t\t\t\t<img\n\t\t\t\t\t\tsrc=\"https:\/\/files.sunoresearch.com.br\/n\/uploads\/2026\/01\/cropped-Elon-Musk-jpg.webp\"\n\t\t\t\t\t\talt=\"Quanto falta para Elon Musk se tornar trilion\u00e1rio?\"\n\t\t\t\t\t\twidth=\"185\"\n\t\t\t\t\t\theight=\"308\"\n\t\t\t\t\t\t\t\t\t\t\t\t\tsrcset=\"https:\/\/files.sunoresearch.com.br\/n\/uploads\/2026\/01\/cropped-Elon-Musk-jpg.webp 640w, https:\/\/files.sunoresearch.com.br\/n\/uploads\/2026\/01\/cropped-Elon-Musk-jpg-225x300.webp 225w, https:\/\/files.sunoresearch.com.br\/n\/uploads\/2026\/01\/cropped-Elon-Musk-jpg-150x200.webp 150w\"\n\t\t\t\t\t\t\t\t\t\t\t\t\t\t\t\t\t\t\tsizes=\"(max-width: 640px) 100vw, 640px\"\n\t\t\t\t\t\t\t\t\t\t\t\tloading=\"lazy\"\n\t\t\t\t\t\tdecoding=\"async\"\n\t\t\t\t\t>\n\t\t\t\t<\/a>\n\t\t\t<\/div>\n\t\t\t\t\t<div class=\"web-stories-list__story-content-overlay\">\n\t\t\t\t\t\t\t<div class=\"story-content-overlay__title\">\n\t\t\t\t\tQuanto falta para Elon Musk se tornar trilion\u00e1rio?\t\t\t\t<\/div>\n\t\t\t\n\t\t\t\n\t\t\t\n\t\t\t\t\t<\/div>\n\t\t\t\t\t<\/div>\n\t\t\t\t\t\t<div\n\t\t\t\tclass=\"web-stories-list__story\"\n\t\t\t\tdata-wp-interactive=\"web-stories-block\"\n\t\t\t\tdata-wp-context='{\"instanceId\":1}'\t\t\t\tdata-wp-on--click=\"actions.open\"\n\t\t\t\tdata-wp-on-window--popstate=\"actions.onPopstate\"\n\t\t\t\t>\n\t\t\t\t\t\t\t<div class=\"web-stories-list__story-poster\">\n\t\t\t\t<a href=\"https:\/\/www.suno.com.br\/noticias\/web-stories\/ate-onde-vai-a-alta-do-ibovespa\/\" >\n\t\t\t\t\t<img\n\t\t\t\t\t\tsrc=\"https:\/\/files.sunoresearch.com.br\/n\/uploads\/2025\/11\/cropped-iStock-1215609239-jpg.webp\"\n\t\t\t\t\t\talt=\"At\u00e9 onde vai a alta do Ibovespa?\"\n\t\t\t\t\t\twidth=\"185\"\n\t\t\t\t\t\theight=\"308\"\n\t\t\t\t\t\t\t\t\t\t\t\t\tsrcset=\"https:\/\/files.sunoresearch.com.br\/n\/uploads\/2025\/11\/cropped-iStock-1215609239-jpg.webp 640w, https:\/\/files.sunoresearch.com.br\/n\/uploads\/2025\/11\/cropped-iStock-1215609239-jpg-225x300.webp 225w, https:\/\/files.sunoresearch.com.br\/n\/uploads\/2025\/11\/cropped-iStock-1215609239-jpg-150x200.webp 150w\"\n\t\t\t\t\t\t\t\t\t\t\t\t\t\t\t\t\t\t\tsizes=\"(max-width: 640px) 100vw, 640px\"\n\t\t\t\t\t\t\t\t\t\t\t\tloading=\"lazy\"\n\t\t\t\t\t\tdecoding=\"async\"\n\t\t\t\t\t>\n\t\t\t\t<\/a>\n\t\t\t<\/div>\n\t\t\t\t\t<div class=\"web-stories-list__story-content-overlay\">\n\t\t\t\t\t\t\t<div class=\"story-content-overlay__title\">\n\t\t\t\t\tAt\u00e9 onde vai a alta do Ibovespa?\t\t\t\t<\/div>\n\t\t\t\n\t\t\t\n\t\t\t\n\t\t\t\t\t<\/div>\n\t\t\t\t\t<\/div>\n\t\t\t\t\t\t<div\n\t\t\t\tclass=\"web-stories-list__story\"\n\t\t\t\tdata-wp-interactive=\"web-stories-block\"\n\t\t\t\tdata-wp-context='{\"instanceId\":1}'\t\t\t\tdata-wp-on--click=\"actions.open\"\n\t\t\t\tdata-wp-on-window--popstate=\"actions.onPopstate\"\n\t\t\t\t>\n\t\t\t\t\t\t\t<div class=\"web-stories-list__story-poster\">\n\t\t\t\t<a href=\"https:\/\/www.suno.com.br\/noticias\/web-stories\/banco-brasileiro-itau-lista-marcas-mais-valiosas-mundo\/\" >\n\t\t\t\t\t<img\n\t\t\t\t\t\tsrc=\"https:\/\/files.sunoresearch.com.br\/n\/uploads\/2024\/01\/cropped-predio-itau.webp\"\n\t\t\t\t\t\talt=\"Banco brasileiro est\u00e1 entre as 500 marcas mais valiosas do mundo\"\n\t\t\t\t\t\twidth=\"185\"\n\t\t\t\t\t\theight=\"308\"\n\t\t\t\t\t\t\t\t\t\t\t\t\tsrcset=\"https:\/\/files.sunoresearch.com.br\/n\/uploads\/2024\/01\/cropped-predio-itau.webp 640w, https:\/\/files.sunoresearch.com.br\/n\/uploads\/2024\/01\/cropped-predio-itau-225x300.webp 225w, https:\/\/files.sunoresearch.com.br\/n\/uploads\/2024\/01\/cropped-predio-itau-150x200.webp 150w\"\n\t\t\t\t\t\t\t\t\t\t\t\t\t\t\t\t\t\t\tsizes=\"(max-width: 640px) 100vw, 640px\"\n\t\t\t\t\t\t\t\t\t\t\t\tloading=\"lazy\"\n\t\t\t\t\t\tdecoding=\"async\"\n\t\t\t\t\t>\n\t\t\t\t<\/a>\n\t\t\t<\/div>\n\t\t\t\t\t<div class=\"web-stories-list__story-content-overlay\">\n\t\t\t\t\t\t\t<div class=\"story-content-overlay__title\">\n\t\t\t\t\tBanco brasileiro est\u00e1 entre as 500 marcas mais valiosas do mundo\t\t\t\t<\/div>\n\t\t\t\n\t\t\t\n\t\t\t\n\t\t\t\t\t<\/div>\n\t\t\t\t\t<\/div>\n\t\t\t\t\t\t<div\n\t\t\t\tclass=\"web-stories-list__story\"\n\t\t\t\tdata-wp-interactive=\"web-stories-block\"\n\t\t\t\tdata-wp-context='{\"instanceId\":1}'\t\t\t\tdata-wp-on--click=\"actions.open\"\n\t\t\t\tdata-wp-on-window--popstate=\"actions.onPopstate\"\n\t\t\t\t>\n\t\t\t\t\t\t\t<div class=\"web-stories-list__story-poster\">\n\t\t\t\t<a href=\"https:\/\/www.suno.com.br\/noticias\/web-stories\/flamengo-lista-times-mais-ricos-do-mundo-hoje\/\" >\n\t\t\t\t\t<img\n\t\t\t\t\t\tsrc=\"https:\/\/files.sunoresearch.com.br\/n\/uploads\/2026\/01\/cropped-brazil-6755874_1280-jpg.webp\"\n\t\t\t\t\t\talt=\"Flamengo na lista! Veja os times mais ricos do mundo hoje\"\n\t\t\t\t\t\twidth=\"185\"\n\t\t\t\t\t\theight=\"308\"\n\t\t\t\t\t\t\t\t\t\t\t\t\tsrcset=\"https:\/\/files.sunoresearch.com.br\/n\/uploads\/2026\/01\/cropped-brazil-6755874_1280-jpg.webp 640w, https:\/\/files.sunoresearch.com.br\/n\/uploads\/2026\/01\/cropped-brazil-6755874_1280-jpg-225x300.webp 225w, https:\/\/files.sunoresearch.com.br\/n\/uploads\/2026\/01\/cropped-brazil-6755874_1280-jpg-150x200.webp 150w\"\n\t\t\t\t\t\t\t\t\t\t\t\t\t\t\t\t\t\t\tsizes=\"(max-width: 640px) 100vw, 640px\"\n\t\t\t\t\t\t\t\t\t\t\t\tloading=\"lazy\"\n\t\t\t\t\t\tdecoding=\"async\"\n\t\t\t\t\t>\n\t\t\t\t<\/a>\n\t\t\t<\/div>\n\t\t\t\t\t<div class=\"web-stories-list__story-content-overlay\">\n\t\t\t\t\t\t\t<div class=\"story-content-overlay__title\">\n\t\t\t\t\tFlamengo na lista! Veja os times mais ricos do mundo hoje\t\t\t\t<\/div>\n\t\t\t\n\t\t\t\n\t\t\t\n\t\t\t\t\t<\/div>\n\t\t\t\t\t<\/div>\n\t\t\t\t\t\t\t\t<\/div>\n\t\t\t\t\t<div tabindex=\"0\" aria-label=\"Voltar\" class=\"glider-prev\"><\/div>\n\t\t\t\t\t<div tabindex=\"0\" aria-label=\"Avan\u00e7ar\" class=\"glider-next\"><\/div>\n\t\t\t\t\t\t\t\t<\/div>\n\t\t<\/div>\n\t\t","protected":false},"excerpt":{"rendered":"<p>Em meio a uma disputa entre os Minist\u00e9rios da Previd\u00eancia, da Casa Civil e da Fazenda sobre os juros do consignado, o presidente da Rep\u00fablica, Luiz In\u00e1cio Lula da Silva, precisou intervir e bater o martelo. O mandat\u00e1rio decidiu pelo &#8220;meio-termo&#8221; e aumentou em 1,97% ao m\u00eas o limite dos juros nos empr\u00e9stimos consignados de [&hellip;]<\/p>\n","protected":false},"author":233,"featured_media":345899,"comment_status":"closed","ping_status":"closed","sticky":false,"template":"","format":"standard","meta":[],"categories":[62],"tags":[289,1771,997,709],"suno_strategy":[],"class_list":["post-381988","post","type-post","status-publish","format-standard","has-post-thumbnail","hentry","category-economia","tag-bancos","tag-credito-bancario","tag-inss","tag-lula"],"yoast_head":"<!-- This site is optimized with the Yoast SEO plugin v24.4 - https:\/\/yoast.com\/wordpress\/plugins\/seo\/ -->\n<title>Consignado do INSS: Lula bate martelo e juros devem subir para 1,97%<\/title>\n<meta name=\"description\" content=\"Com a disputa entre o Minist\u00e9rio da Previd\u00eancia, Casa Civil e Fazenda sobre os juros do consignado, o presidente Lula bateu o martelo. Veja!\" \/>\n<meta name=\"robots\" content=\"index, follow, max-snippet:-1, max-image-preview:large, max-video-preview:-1\" \/>\n<link rel=\"canonical\" href=\"https:\/\/www.suno.com.br\/noticias\/consignado-lula-decide-juros\/\" \/>\n<meta property=\"og:locale\" content=\"pt_BR\" \/>\n<meta property=\"og:type\" content=\"article\" \/>\n<meta property=\"og:title\" content=\"Consignado do INSS: Lula bate martelo e juros devem subir para 1,97%\" \/>\n<meta property=\"og:description\" content=\"Com a disputa entre o Minist\u00e9rio da Previd\u00eancia, Casa Civil e Fazenda sobre os juros do consignado, o presidente Lula bateu o martelo. Veja!\" \/>\n<meta property=\"og:url\" content=\"https:\/\/www.suno.com.br\/noticias\/consignado-lula-decide-juros\/\" \/>\n<meta property=\"og:site_name\" content=\"Suno Not\u00edcias\" \/>\n<meta property=\"article:publisher\" content=\"https:\/\/facebook.com\/sunoresearch\" \/>\n<meta property=\"og:image\" content=\"https:\/\/files.sunoresearch.com.br\/n\/uploads\/2023\/01\/lula_mcamgo.jpg\" \/>\n\t<meta property=\"og:image:width\" content=\"1200\" \/>\n\t<meta property=\"og:image:height\" content=\"900\" \/>\n\t<meta property=\"og:image:type\" content=\"image\/jpeg\" \/>\n<meta name=\"author\" content=\"Janize Cola\u00e7o\" \/>\n<meta name=\"twitter:card\" content=\"summary_large_image\" \/>\n<meta name=\"twitter:creator\" content=\"@sunoresearch\" \/>\n<meta name=\"twitter:site\" content=\"@sunoresearch\" \/>\n<meta name=\"twitter:label1\" content=\"Escrito por\" \/>\n\t<meta name=\"twitter:data1\" content=\"Janize Cola\u00e7o\" \/>\n\t<meta name=\"twitter:label2\" content=\"Est. tempo de leitura\" \/>\n\t<meta name=\"twitter:data2\" content=\"8 minutos\" \/>\n<script type=\"application\/ld+json\" class=\"yoast-schema-graph\">{\"@context\":\"https:\/\/schema.org\",\"@graph\":[{\"@type\":\"NewsArticle\",\"@id\":\"https:\/\/www.suno.com.br\/noticias\/consignado-lula-decide-juros\/#article\",\"isPartOf\":{\"@id\":\"https:\/\/www.suno.com.br\/noticias\/consignado-lula-decide-juros\/\"},\"author\":{\"name\":\"Janize Cola\u00e7o\",\"@id\":\"https:\/\/www.suno.com.br\/noticias\/#\/schema\/person\/d689f06da5678e1f0b1ee402f001d676\"},\"headline\":\"Consignado do INSS: Lula bate martelo e juros sobem para 1,97% ao m\u00eas\",\"datePublished\":\"2023-03-28T22:23:08+00:00\",\"dateModified\":\"2023-03-28T23:50:55+00:00\",\"mainEntityOfPage\":{\"@id\":\"https:\/\/www.suno.com.br\/noticias\/consignado-lula-decide-juros\/\"},\"wordCount\":1540,\"publisher\":{\"@id\":\"https:\/\/www.suno.com.br\/noticias\/#organization\"},\"image\":{\"@id\":\"https:\/\/www.suno.com.br\/noticias\/consignado-lula-decide-juros\/#primaryimage\"},\"thumbnailUrl\":\"https:\/\/files.sunoresearch.com.br\/n\/uploads\/2023\/01\/lula_mcamgo.jpg\",\"keywords\":[\"bancos\",\"cr\u00e9dito banc\u00e1rio\",\"INSS\",\"Lula\"],\"articleSection\":[\"Economia\"],\"inLanguage\":\"pt-BR\"},{\"@type\":\"WebPage\",\"@id\":\"https:\/\/www.suno.com.br\/noticias\/consignado-lula-decide-juros\/\",\"url\":\"https:\/\/www.suno.com.br\/noticias\/consignado-lula-decide-juros\/\",\"name\":\"Consignado do INSS: Lula bate martelo e juros devem subir para 1,97%\",\"isPartOf\":{\"@id\":\"https:\/\/www.suno.com.br\/noticias\/#website\"},\"primaryImageOfPage\":{\"@id\":\"https:\/\/www.suno.com.br\/noticias\/consignado-lula-decide-juros\/#primaryimage\"},\"image\":{\"@id\":\"https:\/\/www.suno.com.br\/noticias\/consignado-lula-decide-juros\/#primaryimage\"},\"thumbnailUrl\":\"https:\/\/files.sunoresearch.com.br\/n\/uploads\/2023\/01\/lula_mcamgo.jpg\",\"datePublished\":\"2023-03-28T22:23:08+00:00\",\"dateModified\":\"2023-03-28T23:50:55+00:00\",\"description\":\"Com a disputa entre o Minist\u00e9rio da Previd\u00eancia, Casa Civil e Fazenda sobre os juros do consignado, o presidente Lula bateu o martelo. Veja!\",\"breadcrumb\":{\"@id\":\"https:\/\/www.suno.com.br\/noticias\/consignado-lula-decide-juros\/#breadcrumb\"},\"inLanguage\":\"pt-BR\",\"potentialAction\":[{\"@type\":\"ReadAction\",\"target\":[\"https:\/\/www.suno.com.br\/noticias\/consignado-lula-decide-juros\/\"]}]},{\"@type\":\"ImageObject\",\"inLanguage\":\"pt-BR\",\"@id\":\"https:\/\/www.suno.com.br\/noticias\/consignado-lula-decide-juros\/#primaryimage\",\"url\":\"https:\/\/files.sunoresearch.com.br\/n\/uploads\/2023\/01\/lula_mcamgo.jpg\",\"contentUrl\":\"https:\/\/files.sunoresearch.com.br\/n\/uploads\/2023\/01\/lula_mcamgo.jpg\",\"width\":1200,\"height\":900,\"caption\":\"O governo do presidente Lula (PT) tem encontrado dificuldades para indicar nomes ao Conselho de Administra\u00e7\u00e3o da Petrobras (PETR4) - Foto Marcelo Camargo\/Ag\u00eancia Brasil\"},{\"@type\":\"BreadcrumbList\",\"@id\":\"https:\/\/www.suno.com.br\/noticias\/consignado-lula-decide-juros\/#breadcrumb\",\"itemListElement\":[{\"@type\":\"ListItem\",\"position\":1,\"name\":\"Not\u00edcias\",\"item\":\"https:\/\/www.suno.com.br\/noticias\/\"},{\"@type\":\"ListItem\",\"position\":2,\"name\":\"Economia\",\"item\":\"https:\/\/www.suno.com.br\/noticias\/economia\/\"},{\"@type\":\"ListItem\",\"position\":3,\"name\":\"Consignado do INSS: Lula bate martelo e juros sobem para 1,97% ao m\u00eas\"}]},{\"@type\":\"WebSite\",\"@id\":\"https:\/\/www.suno.com.br\/noticias\/#website\",\"url\":\"https:\/\/www.suno.com.br\/noticias\/\",\"name\":\"Suno Not\u00edcias\",\"description\":\"Seu portal de informa\u00e7\u00e3o sobre o mundo dos investimentos\",\"publisher\":{\"@id\":\"https:\/\/www.suno.com.br\/noticias\/#organization\"},\"potentialAction\":[{\"@type\":\"SearchAction\",\"target\":{\"@type\":\"EntryPoint\",\"urlTemplate\":\"https:\/\/www.suno.com.br\/noticias\/?s={search_term_string}\"},\"query-input\":{\"@type\":\"PropertyValueSpecification\",\"valueRequired\":true,\"valueName\":\"search_term_string\"}}],\"inLanguage\":\"pt-BR\"},{\"@type\":\"Organization\",\"@id\":\"https:\/\/www.suno.com.br\/noticias\/#organization\",\"name\":\"Suno Not\u00edcias\",\"url\":\"https:\/\/www.suno.com.br\/noticias\/\",\"logo\":{\"@type\":\"ImageObject\",\"inLanguage\":\"pt-BR\",\"@id\":\"https:\/\/www.suno.com.br\/noticias\/#\/schema\/logo\/image\/\",\"url\":\"https:\/\/files.sunoresearch.com.br\/n\/uploads\/2021\/09\/suno-logo.png\",\"contentUrl\":\"https:\/\/files.sunoresearch.com.br\/n\/uploads\/2021\/09\/suno-logo.png\",\"width\":180,\"height\":180,\"caption\":\"Suno Not\u00edcias\"},\"image\":{\"@id\":\"https:\/\/www.suno.com.br\/noticias\/#\/schema\/logo\/image\/\"},\"sameAs\":[\"https:\/\/facebook.com\/sunoresearch\",\"https:\/\/x.com\/sunoresearch\",\"https:\/\/www.instagram.com\/suno\",\"https:\/\/www.linkedin.com\/company\/suno-research\/\",\"https:\/\/www.youtube.com\/c\/sunoresearch\"]},{\"@type\":\"Person\",\"@id\":\"https:\/\/www.suno.com.br\/noticias\/#\/schema\/person\/d689f06da5678e1f0b1ee402f001d676\",\"name\":\"Janize Cola\u00e7o\",\"image\":{\"@type\":\"ImageObject\",\"inLanguage\":\"pt-BR\",\"@id\":\"https:\/\/www.suno.com.br\/noticias\/#\/schema\/person\/image\/\",\"url\":\"https:\/\/secure.gravatar.com\/avatar\/32b3bf89abae63ca2cf961bc051522d0?s=96&r=g\",\"contentUrl\":\"https:\/\/secure.gravatar.com\/avatar\/32b3bf89abae63ca2cf961bc051522d0?s=96&r=g\",\"caption\":\"Janize Cola\u00e7o\"},\"description\":\"Jornalista formada pela PUC-SP com passagens pela Record TV, Globo Cond\u00e9 Nast, Revista Panrotas e Editora Via. Hoje, \u00e9 rep\u00f3rter no Suno Not\u00edcias, cobrindo pautas sobre mercado, pol\u00edtica, economia e bolsa de valores.\",\"url\":\"https:\/\/www.suno.com.br\/noticias\/author\/janize-colaco\/\"}]}<\/script>\n<!-- \/ Yoast SEO plugin. -->","yoast_head_json":{"title":"Consignado do INSS: Lula bate martelo e juros devem subir para 1,97%","description":"Com a disputa entre o Minist\u00e9rio da Previd\u00eancia, Casa Civil e Fazenda sobre os juros do consignado, o presidente Lula bateu o martelo. Veja!","robots":{"index":"index","follow":"follow","max-snippet":"max-snippet:-1","max-image-preview":"max-image-preview:large","max-video-preview":"max-video-preview:-1"},"canonical":"https:\/\/www.suno.com.br\/noticias\/consignado-lula-decide-juros\/","og_locale":"pt_BR","og_type":"article","og_title":"Consignado do INSS: Lula bate martelo e juros devem subir para 1,97%","og_description":"Com a disputa entre o Minist\u00e9rio da Previd\u00eancia, Casa Civil e Fazenda sobre os juros do consignado, o presidente Lula bateu o martelo. Veja!","og_url":"https:\/\/www.suno.com.br\/noticias\/consignado-lula-decide-juros\/","og_site_name":"Suno Not\u00edcias","article_publisher":"https:\/\/facebook.com\/sunoresearch","og_image":[{"width":1200,"height":900,"url":"https:\/\/files.sunoresearch.com.br\/n\/uploads\/2023\/01\/lula_mcamgo.jpg","type":"image\/jpeg"}],"author":"Janize Cola\u00e7o","twitter_card":"summary_large_image","twitter_creator":"@sunoresearch","twitter_site":"@sunoresearch","twitter_misc":{"Escrito por":"Janize Cola\u00e7o","Est. tempo de leitura":"8 minutos"},"schema":{"@context":"https:\/\/schema.org","@graph":[{"@type":"NewsArticle","@id":"https:\/\/www.suno.com.br\/noticias\/consignado-lula-decide-juros\/#article","isPartOf":{"@id":"https:\/\/www.suno.com.br\/noticias\/consignado-lula-decide-juros\/"},"author":{"name":"Janize Cola\u00e7o","@id":"https:\/\/www.suno.com.br\/noticias\/#\/schema\/person\/d689f06da5678e1f0b1ee402f001d676"},"headline":"Consignado do INSS: Lula bate martelo e juros sobem para 1,97% ao m\u00eas","datePublished":"2023-03-28T22:23:08+00:00","dateModified":"2023-03-28T23:50:55+00:00","mainEntityOfPage":{"@id":"https:\/\/www.suno.com.br\/noticias\/consignado-lula-decide-juros\/"},"wordCount":1540,"publisher":{"@id":"https:\/\/www.suno.com.br\/noticias\/#organization"},"image":{"@id":"https:\/\/www.suno.com.br\/noticias\/consignado-lula-decide-juros\/#primaryimage"},"thumbnailUrl":"https:\/\/files.sunoresearch.com.br\/n\/uploads\/2023\/01\/lula_mcamgo.jpg","keywords":["bancos","cr\u00e9dito banc\u00e1rio","INSS","Lula"],"articleSection":["Economia"],"inLanguage":"pt-BR"},{"@type":"WebPage","@id":"https:\/\/www.suno.com.br\/noticias\/consignado-lula-decide-juros\/","url":"https:\/\/www.suno.com.br\/noticias\/consignado-lula-decide-juros\/","name":"Consignado do INSS: Lula bate martelo e juros devem subir para 1,97%","isPartOf":{"@id":"https:\/\/www.suno.com.br\/noticias\/#website"},"primaryImageOfPage":{"@id":"https:\/\/www.suno.com.br\/noticias\/consignado-lula-decide-juros\/#primaryimage"},"image":{"@id":"https:\/\/www.suno.com.br\/noticias\/consignado-lula-decide-juros\/#primaryimage"},"thumbnailUrl":"https:\/\/files.sunoresearch.com.br\/n\/uploads\/2023\/01\/lula_mcamgo.jpg","datePublished":"2023-03-28T22:23:08+00:00","dateModified":"2023-03-28T23:50:55+00:00","description":"Com a disputa entre o Minist\u00e9rio da Previd\u00eancia, Casa Civil e Fazenda sobre os juros do consignado, o presidente Lula bateu o martelo. Veja!","breadcrumb":{"@id":"https:\/\/www.suno.com.br\/noticias\/consignado-lula-decide-juros\/#breadcrumb"},"inLanguage":"pt-BR","potentialAction":[{"@type":"ReadAction","target":["https:\/\/www.suno.com.br\/noticias\/consignado-lula-decide-juros\/"]}]},{"@type":"ImageObject","inLanguage":"pt-BR","@id":"https:\/\/www.suno.com.br\/noticias\/consignado-lula-decide-juros\/#primaryimage","url":"https:\/\/files.sunoresearch.com.br\/n\/uploads\/2023\/01\/lula_mcamgo.jpg","contentUrl":"https:\/\/files.sunoresearch.com.br\/n\/uploads\/2023\/01\/lula_mcamgo.jpg","width":1200,"height":900,"caption":"O governo do presidente Lula (PT) tem encontrado dificuldades para indicar nomes ao Conselho de Administra\u00e7\u00e3o da Petrobras (PETR4) - Foto Marcelo Camargo\/Ag\u00eancia Brasil"},{"@type":"BreadcrumbList","@id":"https:\/\/www.suno.com.br\/noticias\/consignado-lula-decide-juros\/#breadcrumb","itemListElement":[{"@type":"ListItem","position":1,"name":"Not\u00edcias","item":"https:\/\/www.suno.com.br\/noticias\/"},{"@type":"ListItem","position":2,"name":"Economia","item":"https:\/\/www.suno.com.br\/noticias\/economia\/"},{"@type":"ListItem","position":3,"name":"Consignado do INSS: Lula bate martelo e juros sobem para 1,97% ao m\u00eas"}]},{"@type":"WebSite","@id":"https:\/\/www.suno.com.br\/noticias\/#website","url":"https:\/\/www.suno.com.br\/noticias\/","name":"Suno Not\u00edcias","description":"Seu portal de informa\u00e7\u00e3o sobre o mundo dos investimentos","publisher":{"@id":"https:\/\/www.suno.com.br\/noticias\/#organization"},"potentialAction":[{"@type":"SearchAction","target":{"@type":"EntryPoint","urlTemplate":"https:\/\/www.suno.com.br\/noticias\/?s={search_term_string}"},"query-input":{"@type":"PropertyValueSpecification","valueRequired":true,"valueName":"search_term_string"}}],"inLanguage":"pt-BR"},{"@type":"Organization","@id":"https:\/\/www.suno.com.br\/noticias\/#organization","name":"Suno Not\u00edcias","url":"https:\/\/www.suno.com.br\/noticias\/","logo":{"@type":"ImageObject","inLanguage":"pt-BR","@id":"https:\/\/www.suno.com.br\/noticias\/#\/schema\/logo\/image\/","url":"https:\/\/files.sunoresearch.com.br\/n\/uploads\/2021\/09\/suno-logo.png","contentUrl":"https:\/\/files.sunoresearch.com.br\/n\/uploads\/2021\/09\/suno-logo.png","width":180,"height":180,"caption":"Suno Not\u00edcias"},"image":{"@id":"https:\/\/www.suno.com.br\/noticias\/#\/schema\/logo\/image\/"},"sameAs":["https:\/\/facebook.com\/sunoresearch","https:\/\/x.com\/sunoresearch","https:\/\/www.instagram.com\/suno","https:\/\/www.linkedin.com\/company\/suno-research\/","https:\/\/www.youtube.com\/c\/sunoresearch"]},{"@type":"Person","@id":"https:\/\/www.suno.com.br\/noticias\/#\/schema\/person\/d689f06da5678e1f0b1ee402f001d676","name":"Janize Cola\u00e7o","image":{"@type":"ImageObject","inLanguage":"pt-BR","@id":"https:\/\/www.suno.com.br\/noticias\/#\/schema\/person\/image\/","url":"https:\/\/secure.gravatar.com\/avatar\/32b3bf89abae63ca2cf961bc051522d0?s=96&r=g","contentUrl":"https:\/\/secure.gravatar.com\/avatar\/32b3bf89abae63ca2cf961bc051522d0?s=96&r=g","caption":"Janize Cola\u00e7o"},"description":"Jornalista formada pela PUC-SP com passagens pela Record TV, Globo Cond\u00e9 Nast, Revista Panrotas e Editora Via. Hoje, \u00e9 rep\u00f3rter no Suno Not\u00edcias, cobrindo pautas sobre mercado, pol\u00edtica, economia e bolsa de valores.","url":"https:\/\/www.suno.com.br\/noticias\/author\/janize-colaco\/"}]}},"default_loop_html":"<div class=\"cardsPage__listCard__boxs\"><div class=\"cardsPage__listCard__boxs__img\"><a href=\"https:\/\/www.suno.com.br\/noticias\/consignado-lula-decide-juros\/\"><img class=\"mask\" src=\"https:\/\/www.suno.com.br\/noticias\/wp-content\/themes\/suno\/resources\/images\/spotlight\/spotlight1img\/bg-mask.png\" alt=\"Image Mask\"\/><img src=\"https:\/\/files.sunoresearch.com.br\/n\/uploads\/2023\/01\/lula_mcamgo-400x200.jpg\" alt=\"Consignado do INSS: Lula bate martelo e juros sobem para 1,97% ao m\u00eas\"\/><\/a><span class=\"spotlightCategory\"><a href=\"https:\/\/www.suno.com.br\/noticias\/economia\/\">Economia<\/a><\/span><\/div><div class=\"cardsPage__listCard__boxs__content\"><a href=\"https:\/\/www.suno.com.br\/noticias\/consignado-lula-decide-juros\/\"><h2 class=\"content__title\">Consignado do INSS: Lula bate martelo e juros sobem para 1,97% ao m\u00eas<\/h2><\/a><div class=\"newsContent__article__meta\"><div class=\"newsContent__article__meta__authorBox\"><a href=\"https:\/\/www.suno.com.br\/noticias\/author\/janize-colaco\/\" class=\"authorBox__avatar noMobi\"><img src=\"https:\/\/files.sunoresearch.com.br\/n\/uploads\/2022\/11\/20221120_111807-1-150x150.jpg\" alt=\"Janize Cola\u00e7o\"><\/a><div class=\"authorBox__name\"><span>por\n\t\t\t<a href=\"https:\/\/www.suno.com.br\/noticias\/author\/janize-colaco\/\"><span itemprop=\"author\">Janize Cola\u00e7o<\/span><\/a><\/span><time datetime=\"2023-03-28T19:23:08-03:00\" itemprop=\"datePublished\">28\/03\/2023 19:23<\/time><\/div><\/div><\/div><\/div><\/div>","single_layout":"posts","amp_enabled":true,"_links":{"self":[{"href":"https:\/\/www.suno.com.br\/noticias\/wp-json\/wp\/v2\/posts\/381988"}],"collection":[{"href":"https:\/\/www.suno.com.br\/noticias\/wp-json\/wp\/v2\/posts"}],"about":[{"href":"https:\/\/www.suno.com.br\/noticias\/wp-json\/wp\/v2\/types\/post"}],"author":[{"embeddable":true,"href":"https:\/\/www.suno.com.br\/noticias\/wp-json\/wp\/v2\/users\/233"}],"replies":[{"embeddable":true,"href":"https:\/\/www.suno.com.br\/noticias\/wp-json\/wp\/v2\/comments?post=381988"}],"version-history":[{"count":3,"href":"https:\/\/www.suno.com.br\/noticias\/wp-json\/wp\/v2\/posts\/381988\/revisions"}],"predecessor-version":[{"id":382247,"href":"https:\/\/www.suno.com.br\/noticias\/wp-json\/wp\/v2\/posts\/381988\/revisions\/382247"}],"wp:featuredmedia":[{"embeddable":true,"href":"https:\/\/www.suno.com.br\/noticias\/wp-json\/wp\/v2\/media\/345899"}],"wp:attachment":[{"href":"https:\/\/www.suno.com.br\/noticias\/wp-json\/wp\/v2\/media?parent=381988"}],"wp:term":[{"taxonomy":"category","embeddable":true,"href":"https:\/\/www.suno.com.br\/noticias\/wp-json\/wp\/v2\/categories?post=381988"},{"taxonomy":"post_tag","embeddable":true,"href":"https:\/\/www.suno.com.br\/noticias\/wp-json\/wp\/v2\/tags?post=381988"},{"taxonomy":"suno_strategy","embeddable":true,"href":"https:\/\/www.suno.com.br\/noticias\/wp-json\/wp\/v2\/suno_strategy?post=381988"}],"curies":[{"name":"wp","href":"https:\/\/api.w.org\/{rel}","templated":true}]}}