{"id":381943,"date":"2023-03-28T18:16:59","date_gmt":"2023-03-28T21:16:59","guid":{"rendered":"https:\/\/www.suno.com.br\/noticias\/?p=381943"},"modified":"2023-03-28T18:25:35","modified_gmt":"2023-03-28T21:25:35","slug":"fim-misterio-arcabouco-fiscal-data-haddad","status":"publish","type":"post","link":"https:\/\/www.suno.com.br\/noticias\/fim-misterio-arcabouco-fiscal-data-haddad\/","title":{"rendered":"Fim do mist\u00e9rio! Arcabou\u00e7o fiscal ser\u00e1 apresentado nesta semana, avisa Haddad"},"content":{"rendered":"<p>O ministro da Fazenda, Fernando Haddad, afirmou que o mist\u00e9rio em torno do novo <strong>arcabou\u00e7o fiscal<\/strong> est\u00e1 chegando ao fim. Nesta ter\u00e7a (28), o l\u00edder da \u00e1rea econ\u00f4mica disse que o projeto ser\u00e1 apresentado ao Congresso e \u00e0 popula\u00e7\u00e3o em geral ainda nesta semana.<\/p>\t<div class=\"wrapper-featured-image\">\n\t\t<figure class=\"spotlightImg\">\n\n\t\t\t<picture>\n\t\t\t\t<source media=\"(max-width: 768px)\" srcset=\"https:\/\/files.sunoresearch.com.br\/n\/uploads\/2023\/03\/fernando-haddad-arcabouco-fiscal-foto-jose-cruz-agencia-brasil-400x200.jpg\">\n\t\t\t\t<img loading=\"lazy\" decoding=\"async\" class=\"newsContent__article__imgCapa lazyloadDisabled \" src=\"https:\/\/files.sunoresearch.com.br\/n\/uploads\/2023\/03\/fernando-haddad-arcabouco-fiscal-foto-jose-cruz-agencia-brasil-800x450.jpg\" width=\"800\" height=\"450\" alt=\"Fim do mist\u00e9rio! Arcabou\u00e7o fiscal ser\u00e1 apresentado nesta semana, avisa Haddad\" fetchpriority=high \/>\n\t\t\t<\/picture>\n\n\t\t\t<figcaption class=\"wp-caption-text wp-caption-text--show\">Fernando Haddad, ministro da Fazenda. Foto: Jos\u00e9 Cruz\/Ag\u00eancia Brasil<\/figcaption>\n\t\t<\/figure>\n\t<\/div>\n\n\n\n\n\n\t<p>\n\t\t<a href=\"\" target=\"_blank\" data-element=\"shortcode-suno-banner\" title=\"Banner SUNO, clique e saiba mais\">\n\t\t\t<picture>\n\t\t\t\t<source media=\"(max-width: 500px)\" srcset=\"\">\n\t\t\t\t<img class=\"newsContent__article__imgCapa newsContent__article__imgCapa--banner\"\n\t\t\t\t\tsrc=\"\"\n\t\t\t\t\tdata-promo-id=\"240038\"\t\t\t\t\t\t\t\t\t\t\t\t\t\t\talt=\"\"\n\t\t\t\t>\n\t\t\t<\/picture>\n\t\t<\/a>\n\t<\/p>\n\n\n\n\n\n<p>&#8220;Precisamos de reforma no sistema de cr\u00e9dito, arcabou\u00e7o fiscal, que vai ser apresentado nesta semana para o p\u00fablico e para o Congresso&#8221;, disse <strong>Fernando Haddad<\/strong> durante a XXIV Marcha dos Prefeitos, organizada pela Confedera\u00e7\u00e3o Nacional de Munic\u00edpios (CNM).<\/p>\n\n\n\n<p>No evento, o respons\u00e1vel pela <a class=\"suno-keyword\" target=\"_blank\" data-force=\"no\" data-priority=\"1\" href=\"https:\/\/www.suno.com.br\/artigos\/politica-economica\/\" rel=\"noopener\">pol\u00edtica econ\u00f4mica<\/a> do governo <strong>Lula <\/strong>ressaltou que a reforma tribut\u00e1ria \u00e9 um dos caminhos necess\u00e1rios para que o Brasil recupere o tempo perdido na economia, juntamente com a reforma do cr\u00e9dito e a apresenta\u00e7\u00e3o do novo arcabou\u00e7o fiscal.<\/p>\n\n\n\t<p>\n\t\t<a href=\"https:\/\/lp.suno.com.br\/planilha-controle-gastos\/\" target=\"_blank\" data-element=\"shortcode-suno-banner\" title=\"Banner SUNO, clique e saiba mais\">\n\t\t\t<picture>\n\t\t\t\t<source media=\"(max-width: 500px)\" srcset=\"https:\/\/files.sunoresearch.com.br\/n\/uploads\/2023\/03\/400x300-Planilha-controle-de-gastos.png\">\n\t\t\t\t<img class=\"newsContent__article__imgCapa newsContent__article__imgCapa--banner\"\n\t\t\t\t\tsrc=\"https:\/\/files.sunoresearch.com.br\/n\/uploads\/2023\/03\/1420x240-Planilha-controle-de-gastos.png\"\n\t\t\t\t\tdata-promo-id=\"101751\"\t\t\t\t\t\t\t\t\t\twidth='1420' height='240'\t\t\t\t\talt=\"https:\/\/files.sunoresearch.com.br\/n\/uploads\/2023\/03\/1420x240-Planilha-controle-de-gastos.png\"\n\t\t\t\t>\n\t\t\t<\/picture>\n\t\t<\/a>\n\t<\/p>\n\n\n\n\n\n<blockquote class=\"wp-block-quote is-layout-flow wp-block-quote-is-layout-flow\">\n<p>N\u00e3o tenho a menor d\u00favida que a reforma tribut\u00e1ria \u00e9 um dos caminhos necess\u00e1rios para isso (crescimento econ\u00f4mico). N\u00e3o \u00e9 \u00fanico.<\/p>\n<\/blockquote>\n\n\n\n<p>O ministro tamb\u00e9m disse que a <strong>reforma tribut\u00e1ria<\/strong> vai colocar transpar\u00eancia no sistema de cobran\u00e7a de impostos visto hoje, segundo ele, como entrave ao desenvolvimento: &#8220;Reforma tribut\u00e1ria est\u00e1 no topo das nossas prioridades, talvez entre as 3 ou 5 mais importantes&#8221;.<\/p>\n\n\n\t<p>\n\t\t<a href=\"https:\/\/lp.suno.com.br\/planilha-da-vida-financeira\/\" target=\"_blank\" data-element=\"shortcode-suno-banner\" title=\"Banner SUNO, clique e saiba mais\">\n\t\t\t<picture>\n\t\t\t\t<source media=\"(max-width: 500px)\" srcset=\"https:\/\/files.sunoresearch.com.br\/n\/uploads\/2023\/04\/400x300-Planilha-vida-financeira-true.png\">\n\t\t\t\t<img class=\"newsContent__article__imgCapa newsContent__article__imgCapa--banner\"\n\t\t\t\t\tsrc=\"https:\/\/files.sunoresearch.com.br\/n\/uploads\/2023\/04\/1420x240-Planilha-vida-financeira-true.png\"\n\t\t\t\t\tdata-promo-id=\"106682\"\t\t\t\t\t\t\t\t\t\twidth='1420' height='240'\t\t\t\t\talt=\"https:\/\/files.sunoresearch.com.br\/n\/uploads\/2023\/04\/1420x240-Planilha-vida-financeira-true.png\"\n\t\t\t\t>\n\t\t\t<\/picture>\n\t\t<\/a>\n\t<\/p>\n\n\n\n\n\n<h2 class=\"wp-block-heading\">E o arcabou\u00e7o fiscal?<\/h2>\n\n\n\n<p>Inicialmente, a previs\u00e3o era de que a pol\u00edtica que substituir\u00e1 o <a class=\"suno-keyword\" data-force=\"no\" data-priority=\"1\" href=\"https:\/\/www.suno.com.br\/artigos\/teto-de-gastos\/\" target=\"_blank\" rel=\"noopener\">teto de gastos<\/a> fosse apresentada ap\u00f3s a viagem de Lula \u00e0 China. No entanto, o presidente foi diagnosticado com broncopneumonia e, por isso, ele n\u00e3o foi ao pa\u00eds asi\u00e1tico.<\/p>\n\n\n\n\t<div data-element=\"shortcode-read-more\" class=\"readToo\">\n\t\t\t\t<span class=\"readToo__title\">Leia mais<\/span>\n\t\t\t\t<ul class=\"readToo__list\">\n\t\t\t<li><a href=\"https:\/\/www.suno.com.br\/noticias\/lula-brasil-arcabouco-fiscal-como-fica\/\">Com Lula no Brasil, como fica o arcabou\u00e7o fiscal? Adiamento da viagem \u00e0 China facilita processo, diz Fazenda<\/a><\/li><li><a href=\"https:\/\/www.suno.com.br\/noticias\/lula-aumenta-suspense-arcabouco-fiscal\/\">Lula aumenta suspense sobre novo arcabou\u00e7o fiscal: &#8216;\u00c9 preciso discutir um pouco mais&#8217;<\/a><\/li>\t\t<\/ul>\n\t<\/div>\n\n\n\n\n<p>Gabriel Gal\u00edpolo, secret\u00e1rio-executivo do Minist\u00e9rio da Fazenda, disse na segunda (27) que a perman\u00eancia do pol\u00edtico no Brasil deve facilitar a apresenta\u00e7\u00e3o da nova regra fiscal.<\/p>\n\n\n\t<p>\n\t\t<a href=\"https:\/\/lp.suno.com.br\/ebook-como-analisar-uma-acao\/\" target=\"_blank\" data-element=\"shortcode-suno-banner\" title=\"Banner SUNO, clique e saiba mais\">\n\t\t\t<picture>\n\t\t\t\t<source media=\"(max-width: 500px)\" srcset=\"https:\/\/files.sunoresearch.com.br\/n\/uploads\/2023\/03\/Ebook-Acoes-Mobile-1.jpg\">\n\t\t\t\t<img class=\"newsContent__article__imgCapa newsContent__article__imgCapa--banner\"\n\t\t\t\t\tsrc=\"https:\/\/files.sunoresearch.com.br\/n\/uploads\/2023\/03\/Ebook-Acoes-Desktop-1.jpg\"\n\t\t\t\t\tdata-promo-id=\"171998\"\t\t\t\t\t\t\t\t\t\twidth='1420' height='286'\t\t\t\t\talt=\"https:\/\/files.sunoresearch.com.br\/n\/uploads\/2023\/03\/Ebook-Acoes-Desktop-1.jpg\"\n\t\t\t\t>\n\t\t\t<\/picture>\n\t\t<\/a>\n\t<\/p>\n\n\n\n\n\n<p>\u201c\u00c9 preciso mostrar ao mercado que par\u00e2metros v\u00e3o controlar rela\u00e7\u00e3o d\u00edvida\/PIB\u201d, destacou o secret\u00e1rio-executivo em um evento da Arko Advice, de acordo com informa\u00e7\u00f5es publicadas pelo Valor Econ\u00f4mico. No evento, Gal\u00edpolo tamb\u00e9m argumentou que o arcabou\u00e7o fiscal precisa ser desafiador, mas cr\u00edvel.<\/p>\n\n\n\n<p>Em entrevista \u00e0 TV 247 na semana passada, Lula j\u00e1 havia avisado que precisava discutir a proposta do\u00a0novo <strong>arcabou\u00e7o fiscal<\/strong>\u00a0\u201cum pouco mais\u201d com a sua equipe. &#8220;\u00c9 preciso discutir um pouco mais. A gente n\u00e3o precisa ter a pressa que algumas pessoas do setor financeiro querem&#8221;, afirmou o presidente na ocasi\u00e3o.<\/p>\n\n\n\n<p><em>Com Estad\u00e3o Conte\u00fado<\/em><\/p>\n\n\n\t<p>\n\t\t<a href=\"https:\/\/lp.suno.com.br\/planilha-de-controle-de-investimentos\/\" target=\"_blank\" data-element=\"shortcode-suno-banner\" title=\"Banner SUNO, clique e saiba mais\">\n\t\t\t<picture>\n\t\t\t\t<source media=\"(max-width: 500px)\" srcset=\"https:\/\/files.sunoresearch.com.br\/n\/uploads\/2023\/03\/400x300-Controle-de-Investimentos.png\">\n\t\t\t\t<img class=\"newsContent__article__imgCapa newsContent__article__imgCapa--banner\"\n\t\t\t\t\tsrc=\"https:\/\/files.sunoresearch.com.br\/n\/uploads\/2023\/03\/1420x240-Controle-de-Investimentos.png\"\n\t\t\t\t\tdata-promo-id=\"75934\"\t\t\t\t\t\t\t\t\t\twidth='1420' height='240'\t\t\t\t\talt=\"https:\/\/files.sunoresearch.com.br\/n\/uploads\/2023\/03\/1420x240-Controle-de-Investimentos.png\"\n\t\t\t\t>\n\t\t\t<\/picture>\n\t\t<\/a>\n\t<\/p>\n\n\n","protected":false},"excerpt":{"rendered":"<p>O ministro da Fazenda, Fernando Haddad, afirmou que o mist\u00e9rio em torno do novo arcabou\u00e7o fiscal est\u00e1 chegando ao fim. Nesta ter\u00e7a (28), o l\u00edder da \u00e1rea econ\u00f4mica disse que o projeto ser\u00e1 apresentado ao Congresso e \u00e0 popula\u00e7\u00e3o em geral ainda nesta semana. Fernando Haddad, ministro da Fazenda. Foto: Jos\u00e9 Cruz\/Ag\u00eancia Brasil &#8220;Precisamos de [&hellip;]<\/p>\n","protected":false},"author":232,"featured_media":382115,"comment_status":"closed","ping_status":"closed","sticky":false,"template":"","format":"standard","meta":[],"categories":[62],"tags":[716,709,83329],"suno_strategy":[],"class_list":["post-381943","post","type-post","status-publish","format-standard","has-post-thumbnail","hentry","category-economia","tag-fernando-haddad","tag-lula","tag-teto-de-gastos"],"yoast_head":"<!-- This site is optimized with the Yoast SEO plugin v24.4 - https:\/\/yoast.com\/wordpress\/plugins\/seo\/ -->\n<title>Arcabou\u00e7o fiscal ser\u00e1 apresentado nesta semana, avisa Haddad<\/title>\n<meta name=\"description\" content=\"O ministro da Fazenda, Fernando Haddad, afirmou que o mist\u00e9rio em torno do novo arcabou\u00e7o fiscal est\u00e1 chegando ao fim. Veja!\" \/>\n<meta name=\"robots\" content=\"index, follow, max-snippet:-1, max-image-preview:large, max-video-preview:-1\" \/>\n<link rel=\"canonical\" href=\"https:\/\/www.suno.com.br\/noticias\/fim-misterio-arcabouco-fiscal-data-haddad\/\" \/>\n<meta property=\"og:locale\" content=\"pt_BR\" \/>\n<meta property=\"og:type\" content=\"article\" \/>\n<meta property=\"og:title\" content=\"Arcabou\u00e7o fiscal ser\u00e1 apresentado nesta semana, avisa Haddad\" \/>\n<meta property=\"og:description\" content=\"O ministro da Fazenda, Fernando Haddad, afirmou que o mist\u00e9rio em torno do novo arcabou\u00e7o fiscal est\u00e1 chegando ao fim. Veja!\" \/>\n<meta property=\"og:url\" content=\"https:\/\/www.suno.com.br\/noticias\/fim-misterio-arcabouco-fiscal-data-haddad\/\" \/>\n<meta property=\"og:site_name\" content=\"Suno Not\u00edcias\" \/>\n<meta property=\"article:publisher\" content=\"https:\/\/facebook.com\/sunoresearch\" \/>\n<meta property=\"og:image\" content=\"https:\/\/files.sunoresearch.com.br\/n\/uploads\/2023\/03\/fernando-haddad-arcabouco-fiscal-foto-jose-cruz-agencia-brasil.jpg\" \/>\n\t<meta property=\"og:image:width\" content=\"1200\" \/>\n\t<meta property=\"og:image:height\" content=\"675\" \/>\n\t<meta property=\"og:image:type\" content=\"image\/jpeg\" \/>\n<meta name=\"author\" content=\"Erick Matheus Nery\" \/>\n<meta name=\"twitter:card\" content=\"summary_large_image\" \/>\n<meta name=\"twitter:creator\" content=\"@sunoresearch\" \/>\n<meta name=\"twitter:site\" content=\"@sunoresearch\" \/>\n<meta name=\"twitter:label1\" content=\"Escrito por\" \/>\n\t<meta name=\"twitter:data1\" content=\"Erick Matheus Nery\" \/>\n\t<meta name=\"twitter:label2\" content=\"Est. tempo de leitura\" \/>\n\t<meta name=\"twitter:data2\" content=\"3 minutos\" \/>\n<script type=\"application\/ld+json\" class=\"yoast-schema-graph\">{\"@context\":\"https:\/\/schema.org\",\"@graph\":[{\"@type\":\"NewsArticle\",\"@id\":\"https:\/\/www.suno.com.br\/noticias\/fim-misterio-arcabouco-fiscal-data-haddad\/#article\",\"isPartOf\":{\"@id\":\"https:\/\/www.suno.com.br\/noticias\/fim-misterio-arcabouco-fiscal-data-haddad\/\"},\"author\":{\"name\":\"Erick Matheus Nery\",\"@id\":\"https:\/\/www.suno.com.br\/noticias\/#\/schema\/person\/6899bc3f19d1a7315f807131c2c013a0\"},\"headline\":\"Fim do mist\u00e9rio! Arcabou\u00e7o fiscal ser\u00e1 apresentado nesta semana, avisa Haddad\",\"datePublished\":\"2023-03-28T21:16:59+00:00\",\"dateModified\":\"2023-03-28T21:25:35+00:00\",\"mainEntityOfPage\":{\"@id\":\"https:\/\/www.suno.com.br\/noticias\/fim-misterio-arcabouco-fiscal-data-haddad\/\"},\"wordCount\":430,\"publisher\":{\"@id\":\"https:\/\/www.suno.com.br\/noticias\/#organization\"},\"image\":{\"@id\":\"https:\/\/www.suno.com.br\/noticias\/fim-misterio-arcabouco-fiscal-data-haddad\/#primaryimage\"},\"thumbnailUrl\":\"https:\/\/files.sunoresearch.com.br\/n\/uploads\/2023\/03\/fernando-haddad-arcabouco-fiscal-foto-jose-cruz-agencia-brasil.jpg\",\"keywords\":[\"Fernando Haddad\",\"Lula\",\"teto de gastos\"],\"articleSection\":[\"Economia\"],\"inLanguage\":\"pt-BR\"},{\"@type\":\"WebPage\",\"@id\":\"https:\/\/www.suno.com.br\/noticias\/fim-misterio-arcabouco-fiscal-data-haddad\/\",\"url\":\"https:\/\/www.suno.com.br\/noticias\/fim-misterio-arcabouco-fiscal-data-haddad\/\",\"name\":\"Arcabou\u00e7o fiscal ser\u00e1 apresentado nesta semana, avisa Haddad\",\"isPartOf\":{\"@id\":\"https:\/\/www.suno.com.br\/noticias\/#website\"},\"primaryImageOfPage\":{\"@id\":\"https:\/\/www.suno.com.br\/noticias\/fim-misterio-arcabouco-fiscal-data-haddad\/#primaryimage\"},\"image\":{\"@id\":\"https:\/\/www.suno.com.br\/noticias\/fim-misterio-arcabouco-fiscal-data-haddad\/#primaryimage\"},\"thumbnailUrl\":\"https:\/\/files.sunoresearch.com.br\/n\/uploads\/2023\/03\/fernando-haddad-arcabouco-fiscal-foto-jose-cruz-agencia-brasil.jpg\",\"datePublished\":\"2023-03-28T21:16:59+00:00\",\"dateModified\":\"2023-03-28T21:25:35+00:00\",\"description\":\"O ministro da Fazenda, Fernando Haddad, afirmou que o mist\u00e9rio em torno do novo arcabou\u00e7o fiscal est\u00e1 chegando ao fim. Veja!\",\"breadcrumb\":{\"@id\":\"https:\/\/www.suno.com.br\/noticias\/fim-misterio-arcabouco-fiscal-data-haddad\/#breadcrumb\"},\"inLanguage\":\"pt-BR\",\"potentialAction\":[{\"@type\":\"ReadAction\",\"target\":[\"https:\/\/www.suno.com.br\/noticias\/fim-misterio-arcabouco-fiscal-data-haddad\/\"]}]},{\"@type\":\"ImageObject\",\"inLanguage\":\"pt-BR\",\"@id\":\"https:\/\/www.suno.com.br\/noticias\/fim-misterio-arcabouco-fiscal-data-haddad\/#primaryimage\",\"url\":\"https:\/\/files.sunoresearch.com.br\/n\/uploads\/2023\/03\/fernando-haddad-arcabouco-fiscal-foto-jose-cruz-agencia-brasil.jpg\",\"contentUrl\":\"https:\/\/files.sunoresearch.com.br\/n\/uploads\/2023\/03\/fernando-haddad-arcabouco-fiscal-foto-jose-cruz-agencia-brasil.jpg\",\"width\":1200,\"height\":675,\"caption\":\"Fernando Haddad, ministro da Fazenda. Foto: Jos\u00e9 Cruz\/Ag\u00eancia Brasil\"},{\"@type\":\"BreadcrumbList\",\"@id\":\"https:\/\/www.suno.com.br\/noticias\/fim-misterio-arcabouco-fiscal-data-haddad\/#breadcrumb\",\"itemListElement\":[{\"@type\":\"ListItem\",\"position\":1,\"name\":\"Not\u00edcias\",\"item\":\"https:\/\/www.suno.com.br\/noticias\/\"},{\"@type\":\"ListItem\",\"position\":2,\"name\":\"Economia\",\"item\":\"https:\/\/www.suno.com.br\/noticias\/economia\/\"},{\"@type\":\"ListItem\",\"position\":3,\"name\":\"Fim do mist\u00e9rio! Arcabou\u00e7o fiscal ser\u00e1 apresentado nesta semana, avisa Haddad\"}]},{\"@type\":\"WebSite\",\"@id\":\"https:\/\/www.suno.com.br\/noticias\/#website\",\"url\":\"https:\/\/www.suno.com.br\/noticias\/\",\"name\":\"Suno Not\u00edcias\",\"description\":\"Seu portal de informa\u00e7\u00e3o sobre o mundo dos investimentos\",\"publisher\":{\"@id\":\"https:\/\/www.suno.com.br\/noticias\/#organization\"},\"potentialAction\":[{\"@type\":\"SearchAction\",\"target\":{\"@type\":\"EntryPoint\",\"urlTemplate\":\"https:\/\/www.suno.com.br\/noticias\/?s={search_term_string}\"},\"query-input\":{\"@type\":\"PropertyValueSpecification\",\"valueRequired\":true,\"valueName\":\"search_term_string\"}}],\"inLanguage\":\"pt-BR\"},{\"@type\":\"Organization\",\"@id\":\"https:\/\/www.suno.com.br\/noticias\/#organization\",\"name\":\"Suno Not\u00edcias\",\"url\":\"https:\/\/www.suno.com.br\/noticias\/\",\"logo\":{\"@type\":\"ImageObject\",\"inLanguage\":\"pt-BR\",\"@id\":\"https:\/\/www.suno.com.br\/noticias\/#\/schema\/logo\/image\/\",\"url\":\"https:\/\/files.sunoresearch.com.br\/n\/uploads\/2021\/09\/suno-logo.png\",\"contentUrl\":\"https:\/\/files.sunoresearch.com.br\/n\/uploads\/2021\/09\/suno-logo.png\",\"width\":180,\"height\":180,\"caption\":\"Suno Not\u00edcias\"},\"image\":{\"@id\":\"https:\/\/www.suno.com.br\/noticias\/#\/schema\/logo\/image\/\"},\"sameAs\":[\"https:\/\/facebook.com\/sunoresearch\",\"https:\/\/x.com\/sunoresearch\",\"https:\/\/www.instagram.com\/suno\",\"https:\/\/www.linkedin.com\/company\/suno-research\/\",\"https:\/\/www.youtube.com\/c\/sunoresearch\"]},{\"@type\":\"Person\",\"@id\":\"https:\/\/www.suno.com.br\/noticias\/#\/schema\/person\/6899bc3f19d1a7315f807131c2c013a0\",\"name\":\"Erick Matheus Nery\",\"image\":{\"@type\":\"ImageObject\",\"inLanguage\":\"pt-BR\",\"@id\":\"https:\/\/www.suno.com.br\/noticias\/#\/schema\/person\/image\/\",\"url\":\"https:\/\/secure.gravatar.com\/avatar\/518ddffe438ccb767782d372a66304d2?s=96&r=g\",\"contentUrl\":\"https:\/\/secure.gravatar.com\/avatar\/518ddffe438ccb767782d372a66304d2?s=96&r=g\",\"caption\":\"Erick Matheus Nery\"},\"description\":\"Formado em Jornalismo pela Universidade Federal do Par\u00e1 (UFPA), conta com extens\u00e3o em Jornalismo Econ\u00f4mico pela Funda\u00e7\u00e3o Get\u00falio Vargas (FGV). No Suno Not\u00edcias, atua como rep\u00f3rter de Mercado, com foco nos setores de telecomunica\u00e7\u00f5es, varejo, alimentos e renda fixa. Conta com passagens pelo jornal O Estado de S\u00e3o Paulo, como trainee de Jornalismo Econ\u00f4mico, e pelo site Not\u00edcias da TV.\",\"url\":\"https:\/\/www.suno.com.br\/noticias\/author\/erick-nery\/\"}]}<\/script>\n<!-- \/ Yoast SEO plugin. -->","yoast_head_json":{"title":"Arcabou\u00e7o fiscal ser\u00e1 apresentado nesta semana, avisa Haddad","description":"O ministro da Fazenda, Fernando Haddad, afirmou que o mist\u00e9rio em torno do novo arcabou\u00e7o fiscal est\u00e1 chegando ao fim. Veja!","robots":{"index":"index","follow":"follow","max-snippet":"max-snippet:-1","max-image-preview":"max-image-preview:large","max-video-preview":"max-video-preview:-1"},"canonical":"https:\/\/www.suno.com.br\/noticias\/fim-misterio-arcabouco-fiscal-data-haddad\/","og_locale":"pt_BR","og_type":"article","og_title":"Arcabou\u00e7o fiscal ser\u00e1 apresentado nesta semana, avisa Haddad","og_description":"O ministro da Fazenda, Fernando Haddad, afirmou que o mist\u00e9rio em torno do novo arcabou\u00e7o fiscal est\u00e1 chegando ao fim. Veja!","og_url":"https:\/\/www.suno.com.br\/noticias\/fim-misterio-arcabouco-fiscal-data-haddad\/","og_site_name":"Suno Not\u00edcias","article_publisher":"https:\/\/facebook.com\/sunoresearch","og_image":[{"width":1200,"height":675,"url":"https:\/\/files.sunoresearch.com.br\/n\/uploads\/2023\/03\/fernando-haddad-arcabouco-fiscal-foto-jose-cruz-agencia-brasil.jpg","type":"image\/jpeg"}],"author":"Erick Matheus Nery","twitter_card":"summary_large_image","twitter_creator":"@sunoresearch","twitter_site":"@sunoresearch","twitter_misc":{"Escrito por":"Erick Matheus Nery","Est. tempo de leitura":"3 minutos"},"schema":{"@context":"https:\/\/schema.org","@graph":[{"@type":"NewsArticle","@id":"https:\/\/www.suno.com.br\/noticias\/fim-misterio-arcabouco-fiscal-data-haddad\/#article","isPartOf":{"@id":"https:\/\/www.suno.com.br\/noticias\/fim-misterio-arcabouco-fiscal-data-haddad\/"},"author":{"name":"Erick Matheus Nery","@id":"https:\/\/www.suno.com.br\/noticias\/#\/schema\/person\/6899bc3f19d1a7315f807131c2c013a0"},"headline":"Fim do mist\u00e9rio! Arcabou\u00e7o fiscal ser\u00e1 apresentado nesta semana, avisa Haddad","datePublished":"2023-03-28T21:16:59+00:00","dateModified":"2023-03-28T21:25:35+00:00","mainEntityOfPage":{"@id":"https:\/\/www.suno.com.br\/noticias\/fim-misterio-arcabouco-fiscal-data-haddad\/"},"wordCount":430,"publisher":{"@id":"https:\/\/www.suno.com.br\/noticias\/#organization"},"image":{"@id":"https:\/\/www.suno.com.br\/noticias\/fim-misterio-arcabouco-fiscal-data-haddad\/#primaryimage"},"thumbnailUrl":"https:\/\/files.sunoresearch.com.br\/n\/uploads\/2023\/03\/fernando-haddad-arcabouco-fiscal-foto-jose-cruz-agencia-brasil.jpg","keywords":["Fernando Haddad","Lula","teto de gastos"],"articleSection":["Economia"],"inLanguage":"pt-BR"},{"@type":"WebPage","@id":"https:\/\/www.suno.com.br\/noticias\/fim-misterio-arcabouco-fiscal-data-haddad\/","url":"https:\/\/www.suno.com.br\/noticias\/fim-misterio-arcabouco-fiscal-data-haddad\/","name":"Arcabou\u00e7o fiscal ser\u00e1 apresentado nesta semana, avisa Haddad","isPartOf":{"@id":"https:\/\/www.suno.com.br\/noticias\/#website"},"primaryImageOfPage":{"@id":"https:\/\/www.suno.com.br\/noticias\/fim-misterio-arcabouco-fiscal-data-haddad\/#primaryimage"},"image":{"@id":"https:\/\/www.suno.com.br\/noticias\/fim-misterio-arcabouco-fiscal-data-haddad\/#primaryimage"},"thumbnailUrl":"https:\/\/files.sunoresearch.com.br\/n\/uploads\/2023\/03\/fernando-haddad-arcabouco-fiscal-foto-jose-cruz-agencia-brasil.jpg","datePublished":"2023-03-28T21:16:59+00:00","dateModified":"2023-03-28T21:25:35+00:00","description":"O ministro da Fazenda, Fernando Haddad, afirmou que o mist\u00e9rio em torno do novo arcabou\u00e7o fiscal est\u00e1 chegando ao fim. Veja!","breadcrumb":{"@id":"https:\/\/www.suno.com.br\/noticias\/fim-misterio-arcabouco-fiscal-data-haddad\/#breadcrumb"},"inLanguage":"pt-BR","potentialAction":[{"@type":"ReadAction","target":["https:\/\/www.suno.com.br\/noticias\/fim-misterio-arcabouco-fiscal-data-haddad\/"]}]},{"@type":"ImageObject","inLanguage":"pt-BR","@id":"https:\/\/www.suno.com.br\/noticias\/fim-misterio-arcabouco-fiscal-data-haddad\/#primaryimage","url":"https:\/\/files.sunoresearch.com.br\/n\/uploads\/2023\/03\/fernando-haddad-arcabouco-fiscal-foto-jose-cruz-agencia-brasil.jpg","contentUrl":"https:\/\/files.sunoresearch.com.br\/n\/uploads\/2023\/03\/fernando-haddad-arcabouco-fiscal-foto-jose-cruz-agencia-brasil.jpg","width":1200,"height":675,"caption":"Fernando Haddad, ministro da Fazenda. Foto: Jos\u00e9 Cruz\/Ag\u00eancia Brasil"},{"@type":"BreadcrumbList","@id":"https:\/\/www.suno.com.br\/noticias\/fim-misterio-arcabouco-fiscal-data-haddad\/#breadcrumb","itemListElement":[{"@type":"ListItem","position":1,"name":"Not\u00edcias","item":"https:\/\/www.suno.com.br\/noticias\/"},{"@type":"ListItem","position":2,"name":"Economia","item":"https:\/\/www.suno.com.br\/noticias\/economia\/"},{"@type":"ListItem","position":3,"name":"Fim do mist\u00e9rio! Arcabou\u00e7o fiscal ser\u00e1 apresentado nesta semana, avisa Haddad"}]},{"@type":"WebSite","@id":"https:\/\/www.suno.com.br\/noticias\/#website","url":"https:\/\/www.suno.com.br\/noticias\/","name":"Suno Not\u00edcias","description":"Seu portal de informa\u00e7\u00e3o sobre o mundo dos investimentos","publisher":{"@id":"https:\/\/www.suno.com.br\/noticias\/#organization"},"potentialAction":[{"@type":"SearchAction","target":{"@type":"EntryPoint","urlTemplate":"https:\/\/www.suno.com.br\/noticias\/?s={search_term_string}"},"query-input":{"@type":"PropertyValueSpecification","valueRequired":true,"valueName":"search_term_string"}}],"inLanguage":"pt-BR"},{"@type":"Organization","@id":"https:\/\/www.suno.com.br\/noticias\/#organization","name":"Suno Not\u00edcias","url":"https:\/\/www.suno.com.br\/noticias\/","logo":{"@type":"ImageObject","inLanguage":"pt-BR","@id":"https:\/\/www.suno.com.br\/noticias\/#\/schema\/logo\/image\/","url":"https:\/\/files.sunoresearch.com.br\/n\/uploads\/2021\/09\/suno-logo.png","contentUrl":"https:\/\/files.sunoresearch.com.br\/n\/uploads\/2021\/09\/suno-logo.png","width":180,"height":180,"caption":"Suno Not\u00edcias"},"image":{"@id":"https:\/\/www.suno.com.br\/noticias\/#\/schema\/logo\/image\/"},"sameAs":["https:\/\/facebook.com\/sunoresearch","https:\/\/x.com\/sunoresearch","https:\/\/www.instagram.com\/suno","https:\/\/www.linkedin.com\/company\/suno-research\/","https:\/\/www.youtube.com\/c\/sunoresearch"]},{"@type":"Person","@id":"https:\/\/www.suno.com.br\/noticias\/#\/schema\/person\/6899bc3f19d1a7315f807131c2c013a0","name":"Erick Matheus Nery","image":{"@type":"ImageObject","inLanguage":"pt-BR","@id":"https:\/\/www.suno.com.br\/noticias\/#\/schema\/person\/image\/","url":"https:\/\/secure.gravatar.com\/avatar\/518ddffe438ccb767782d372a66304d2?s=96&r=g","contentUrl":"https:\/\/secure.gravatar.com\/avatar\/518ddffe438ccb767782d372a66304d2?s=96&r=g","caption":"Erick Matheus Nery"},"description":"Formado em Jornalismo pela Universidade Federal do Par\u00e1 (UFPA), conta com extens\u00e3o em Jornalismo Econ\u00f4mico pela Funda\u00e7\u00e3o Get\u00falio Vargas (FGV). No Suno Not\u00edcias, atua como rep\u00f3rter de Mercado, com foco nos setores de telecomunica\u00e7\u00f5es, varejo, alimentos e renda fixa. Conta com passagens pelo jornal O Estado de S\u00e3o Paulo, como trainee de Jornalismo Econ\u00f4mico, e pelo site Not\u00edcias da TV.","url":"https:\/\/www.suno.com.br\/noticias\/author\/erick-nery\/"}]}},"default_loop_html":"<div class=\"cardsPage__listCard__boxs\"><div class=\"cardsPage__listCard__boxs__img\"><a href=\"https:\/\/www.suno.com.br\/noticias\/fim-misterio-arcabouco-fiscal-data-haddad\/\"><img class=\"mask\" src=\"https:\/\/www.suno.com.br\/noticias\/wp-content\/themes\/suno\/resources\/images\/spotlight\/spotlight1img\/bg-mask.png\" alt=\"Image Mask\"\/><img src=\"https:\/\/files.sunoresearch.com.br\/n\/uploads\/2023\/03\/fernando-haddad-arcabouco-fiscal-foto-jose-cruz-agencia-brasil-400x200.jpg\" alt=\"Fim do mist\u00e9rio! Arcabou\u00e7o fiscal ser\u00e1 apresentado nesta semana, avisa Haddad\"\/><\/a><span class=\"spotlightCategory\"><a href=\"https:\/\/www.suno.com.br\/noticias\/economia\/\">Economia<\/a><\/span><\/div><div class=\"cardsPage__listCard__boxs__content\"><a href=\"https:\/\/www.suno.com.br\/noticias\/fim-misterio-arcabouco-fiscal-data-haddad\/\"><h2 class=\"content__title\">Fim do mist\u00e9rio! Arcabou\u00e7o fiscal ser\u00e1 apresentado nesta semana, avisa Haddad<\/h2><\/a><div class=\"newsContent__article__meta\"><div class=\"newsContent__article__meta__authorBox\"><a href=\"https:\/\/www.suno.com.br\/noticias\/author\/erick-nery\/\" class=\"authorBox__avatar noMobi\"><img src=\"https:\/\/secure.gravatar.com\/avatar\/518ddffe438ccb767782d372a66304d2?s=96&#038;r=g\" alt=\"Erick Matheus Nery\"><\/a><div class=\"authorBox__name\"><span>por\n\t\t\t<a href=\"https:\/\/www.suno.com.br\/noticias\/author\/erick-nery\/\"><span itemprop=\"author\">Erick Matheus Nery<\/span><\/a><\/span><time datetime=\"2023-03-28T18:16:59-03:00\" itemprop=\"datePublished\">28\/03\/2023 18:16<\/time><\/div><\/div><\/div><\/div><\/div>","single_layout":"posts","amp_enabled":true,"_links":{"self":[{"href":"https:\/\/www.suno.com.br\/noticias\/wp-json\/wp\/v2\/posts\/381943"}],"collection":[{"href":"https:\/\/www.suno.com.br\/noticias\/wp-json\/wp\/v2\/posts"}],"about":[{"href":"https:\/\/www.suno.com.br\/noticias\/wp-json\/wp\/v2\/types\/post"}],"author":[{"embeddable":true,"href":"https:\/\/www.suno.com.br\/noticias\/wp-json\/wp\/v2\/users\/232"}],"replies":[{"embeddable":true,"href":"https:\/\/www.suno.com.br\/noticias\/wp-json\/wp\/v2\/comments?post=381943"}],"version-history":[{"count":3,"href":"https:\/\/www.suno.com.br\/noticias\/wp-json\/wp\/v2\/posts\/381943\/revisions"}],"predecessor-version":[{"id":382126,"href":"https:\/\/www.suno.com.br\/noticias\/wp-json\/wp\/v2\/posts\/381943\/revisions\/382126"}],"wp:featuredmedia":[{"embeddable":true,"href":"https:\/\/www.suno.com.br\/noticias\/wp-json\/wp\/v2\/media\/382115"}],"wp:attachment":[{"href":"https:\/\/www.suno.com.br\/noticias\/wp-json\/wp\/v2\/media?parent=381943"}],"wp:term":[{"taxonomy":"category","embeddable":true,"href":"https:\/\/www.suno.com.br\/noticias\/wp-json\/wp\/v2\/categories?post=381943"},{"taxonomy":"post_tag","embeddable":true,"href":"https:\/\/www.suno.com.br\/noticias\/wp-json\/wp\/v2\/tags?post=381943"},{"taxonomy":"suno_strategy","embeddable":true,"href":"https:\/\/www.suno.com.br\/noticias\/wp-json\/wp\/v2\/suno_strategy?post=381943"}],"curies":[{"name":"wp","href":"https:\/\/api.w.org\/{rel}","templated":true}]}}