{"id":3818,"date":"2018-09-12T10:00:14","date_gmt":"2018-09-12T13:00:14","guid":{"rendered":"https:\/\/www.suno.com.br\/noticias\/?p=3818"},"modified":"2018-09-12T11:09:48","modified_gmt":"2018-09-12T14:09:48","slug":"ibovespa-recuperacao-dolar-ibope","status":"publish","type":"post","link":"https:\/\/www.suno.com.br\/noticias\/ibovespa-recuperacao-dolar-ibope\/","title":{"rendered":"Ibovespa futuro abre com recupera\u00e7\u00e3o e d\u00f3lar recua ap\u00f3s Ibope"},"content":{"rendered":"<p>Depois de um dia de forte baixa do Ibovespa futuro ontem hoje o mercado abre em recupera\u00e7\u00e3o. O futuro do \u00edndice com vencimento em outubro, que havia ca\u00eddo 2,3%, agora (9h36) mostra uma alta de 0,65%. O d\u00f3lar, que subiu 1,5% em sua cota\u00e7\u00e3o ontem, apresenta queda de 0,75% e \u00e9 cotado a R$4,1217.<\/p>\t<div class=\"wrapper-featured-image\">\n\t\t<figure class=\"spotlightImg\">\n\n\t\t\t<picture>\n\t\t\t\t<source media=\"(max-width: 768px)\" srcset=\"https:\/\/files.sunoresearch.com.br\/n\/uploads\/2018\/09\/85575484-ibovespa-400x200.webp\">\n\t\t\t\t<img loading=\"lazy\" decoding=\"async\" class=\"newsContent__article__imgCapa lazyloadDisabled newsContent__article__imgCapa--noCaption\" src=\"https:\/\/files.sunoresearch.com.br\/n\/uploads\/2018\/09\/85575484-ibovespa-800x450.webp\" width=\"800\" height=\"450\" alt=\"Ibovespa futuro abre com recupera\u00e7\u00e3o e d\u00f3lar recua ap\u00f3s Ibope\" fetchpriority=high \/>\n\t\t\t<\/picture>\n\n\t\t\t<figcaption class=\"wp-caption-text wp-caption-text--hide\">O Ibovespa abriu em alta nesta sexta, de olho no mercado internacional, que repercute os resultados da vacina da AstraZeneca. <\/figcaption>\n\t\t<\/figure>\n\t<\/div>\n\n\n<p>Parte desse otimismo de hoje no mercado pode ser explicado pelo resultado da pesquisa do Ibope, divulgada ontem, que mostra um Jair Bolsonaro (PSL) mais forte do que o levantamento do Datafolha. Enquanto o Datafolha Bolsonaro perdia em todos os cen\u00e1rios de segundo turno e empatava com Haddad (PT), o Ibope mostra Bolsonaro em empate t\u00e9cnico em todos os cen\u00e1rios.<\/p>\n<p>No cen\u00e1rio internacional, a pauta continua sendo a guerra comercial travada entre os EUA e a China, as duas maiores economias do mundo. O mercado atenta-se tamb\u00e9m \u00e0s falas da Reserva Federal norte-americana, hoje.<\/p>\n<p>As tens\u00f5es comerciais t\u00eam impactado os mercados asi\u00e1ticos por meses, e o principal \u00edndice acion\u00e1rio do continente, o MSCI Asia Ex- Japan, chegou ao seu menor n\u00edvel em 14 meses. No dia 21, a China deve se reunir com a OMC (Organiza\u00e7\u00e3o Mundial do Com\u00e9rcio) para obter permiss\u00e3o para impor san\u00e7\u00f5es aos EUA.<\/p>\n<p>As disputas comerciais e a expectativa de aumento na taxa de juros por parte do Fed podem ter duras consequ\u00eancias para as moedas de mercados emergentes, que devem sofrer com ambas as situa\u00e7\u00f5es.<\/p>\n<p>Na Europa e na Am\u00e9rica do Norte, as bolsas operam em leve alta, ainda que de olho no com\u00e9rcio global. O petr\u00f3leo continua a subir, aproximando-se da marca de US$80\/barril em um momento de san\u00e7\u00f5es ao Ir\u00e3 e preocupa\u00e7\u00f5es com tempestades tropicais na costa norte-americana.<\/p>\n","protected":false},"excerpt":{"rendered":"<p>Depois de um dia de forte baixa do Ibovespa futuro ontem hoje o mercado abre em recupera\u00e7\u00e3o. O futuro do \u00edndice com vencimento em outubro, que havia ca\u00eddo 2,3%, agora (9h36) mostra uma alta de 0,65%. O d\u00f3lar, que subiu 1,5% em sua cota\u00e7\u00e3o ontem, apresenta queda de 0,75% e \u00e9 cotado a R$4,1217. O [&hellip;]<\/p>\n","protected":false},"author":5,"featured_media":3819,"comment_status":"closed","ping_status":"closed","sticky":false,"template":"","format":"standard","meta":[],"categories":[60],"tags":[309,326],"suno_strategy":[],"class_list":["post-3818","post","type-post","status-publish","format-standard","has-post-thumbnail","hentry","category-mercado","tag-bolsa-de-valores","tag-dolar"],"yoast_head":"<!-- This site is optimized with the Yoast SEO plugin v24.4 - https:\/\/yoast.com\/wordpress\/plugins\/seo\/ -->\n<title>Ibovespa futuro abre com recupera\u00e7\u00e3o e d\u00f3lar recua ap\u00f3s Ibope<\/title>\n<meta name=\"description\" content=\"Queda expressiva de ontem \u00e9 parcialmente compensada na abertura dos mercados hoje. Ibope e tens\u00f5es comerciais pautam mercado. Saiba mais.\" \/>\n<meta name=\"robots\" content=\"index, follow, max-snippet:-1, max-image-preview:large, max-video-preview:-1\" \/>\n<link rel=\"canonical\" href=\"https:\/\/www.suno.com.br\/noticias\/ibovespa-recuperacao-dolar-ibope\/\" \/>\n<meta property=\"og:locale\" content=\"pt_BR\" \/>\n<meta property=\"og:type\" content=\"article\" \/>\n<meta property=\"og:title\" content=\"Ibovespa futuro abre com recupera\u00e7\u00e3o e d\u00f3lar recua ap\u00f3s Ibope\" \/>\n<meta property=\"og:description\" content=\"Queda expressiva de ontem \u00e9 parcialmente compensada na abertura dos mercados hoje. Ibope e tens\u00f5es comerciais pautam mercado. Saiba mais.\" \/>\n<meta property=\"og:url\" content=\"https:\/\/www.suno.com.br\/noticias\/ibovespa-recuperacao-dolar-ibope\/\" \/>\n<meta property=\"og:site_name\" content=\"Suno Not\u00edcias\" \/>\n<meta property=\"article:publisher\" content=\"https:\/\/facebook.com\/sunoresearch\" \/>\n<meta property=\"article:author\" content=\"https:\/\/www.linkedin.com\/in\/daniel-quandt-a49985110\/\" \/>\n<meta property=\"og:image\" content=\"https:\/\/files.sunoresearch.com.br\/n\/uploads\/2018\/09\/85575484-ibovespa.jpg\" \/>\n\t<meta property=\"og:image:width\" content=\"1280\" \/>\n\t<meta property=\"og:image:height\" content=\"853\" \/>\n\t<meta property=\"og:image:type\" content=\"image\/jpeg\" \/>\n<meta name=\"author\" content=\"Daniel Quandt\" \/>\n<meta name=\"twitter:card\" content=\"summary_large_image\" \/>\n<meta name=\"twitter:creator\" content=\"@sunoresearch\" \/>\n<meta name=\"twitter:site\" content=\"@sunoresearch\" \/>\n<meta name=\"twitter:label1\" content=\"Escrito por\" \/>\n\t<meta name=\"twitter:data1\" content=\"Daniel Quandt\" \/>\n\t<meta name=\"twitter:label2\" content=\"Est. tempo de leitura\" \/>\n\t<meta name=\"twitter:data2\" content=\"1 minuto\" \/>\n<script type=\"application\/ld+json\" class=\"yoast-schema-graph\">{\"@context\":\"https:\/\/schema.org\",\"@graph\":[{\"@type\":\"NewsArticle\",\"@id\":\"https:\/\/www.suno.com.br\/noticias\/ibovespa-recuperacao-dolar-ibope\/#article\",\"isPartOf\":{\"@id\":\"https:\/\/www.suno.com.br\/noticias\/ibovespa-recuperacao-dolar-ibope\/\"},\"author\":{\"name\":\"Daniel Quandt\",\"@id\":\"https:\/\/www.suno.com.br\/noticias\/#\/schema\/person\/eca2bab82984722db00d1e6facd8bb26\"},\"headline\":\"Ibovespa futuro abre com recupera\u00e7\u00e3o e d\u00f3lar recua ap\u00f3s Ibope\",\"datePublished\":\"2018-09-12T13:00:14+00:00\",\"dateModified\":\"2018-09-12T14:09:48+00:00\",\"mainEntityOfPage\":{\"@id\":\"https:\/\/www.suno.com.br\/noticias\/ibovespa-recuperacao-dolar-ibope\/\"},\"wordCount\":311,\"publisher\":{\"@id\":\"https:\/\/www.suno.com.br\/noticias\/#organization\"},\"image\":{\"@id\":\"https:\/\/www.suno.com.br\/noticias\/ibovespa-recuperacao-dolar-ibope\/#primaryimage\"},\"thumbnailUrl\":\"https:\/\/files.sunoresearch.com.br\/n\/uploads\/2018\/09\/85575484-ibovespa-jpg.webp\",\"keywords\":[\"Bolsa de Valores\",\"d\u00f3lar\"],\"articleSection\":[\"Mercado\"],\"inLanguage\":\"pt-BR\"},{\"@type\":\"WebPage\",\"@id\":\"https:\/\/www.suno.com.br\/noticias\/ibovespa-recuperacao-dolar-ibope\/\",\"url\":\"https:\/\/www.suno.com.br\/noticias\/ibovespa-recuperacao-dolar-ibope\/\",\"name\":\"Ibovespa futuro abre com recupera\u00e7\u00e3o e d\u00f3lar recua ap\u00f3s Ibope\",\"isPartOf\":{\"@id\":\"https:\/\/www.suno.com.br\/noticias\/#website\"},\"primaryImageOfPage\":{\"@id\":\"https:\/\/www.suno.com.br\/noticias\/ibovespa-recuperacao-dolar-ibope\/#primaryimage\"},\"image\":{\"@id\":\"https:\/\/www.suno.com.br\/noticias\/ibovespa-recuperacao-dolar-ibope\/#primaryimage\"},\"thumbnailUrl\":\"https:\/\/files.sunoresearch.com.br\/n\/uploads\/2018\/09\/85575484-ibovespa-jpg.webp\",\"datePublished\":\"2018-09-12T13:00:14+00:00\",\"dateModified\":\"2018-09-12T14:09:48+00:00\",\"description\":\"Queda expressiva de ontem \u00e9 parcialmente compensada na abertura dos mercados hoje. Ibope e tens\u00f5es comerciais pautam mercado. Saiba mais.\",\"breadcrumb\":{\"@id\":\"https:\/\/www.suno.com.br\/noticias\/ibovespa-recuperacao-dolar-ibope\/#breadcrumb\"},\"inLanguage\":\"pt-BR\",\"potentialAction\":[{\"@type\":\"ReadAction\",\"target\":[\"https:\/\/www.suno.com.br\/noticias\/ibovespa-recuperacao-dolar-ibope\/\"]}]},{\"@type\":\"ImageObject\",\"inLanguage\":\"pt-BR\",\"@id\":\"https:\/\/www.suno.com.br\/noticias\/ibovespa-recuperacao-dolar-ibope\/#primaryimage\",\"url\":\"https:\/\/files.sunoresearch.com.br\/n\/uploads\/2018\/09\/85575484-ibovespa-jpg.webp\",\"contentUrl\":\"https:\/\/files.sunoresearch.com.br\/n\/uploads\/2018\/09\/85575484-ibovespa-jpg.webp\",\"width\":1280,\"height\":853,\"caption\":\"O Ibovespa abriu em alta nesta sexta, de olho no mercado internacional, que repercute os resultados da vacina da AstraZeneca.\"},{\"@type\":\"BreadcrumbList\",\"@id\":\"https:\/\/www.suno.com.br\/noticias\/ibovespa-recuperacao-dolar-ibope\/#breadcrumb\",\"itemListElement\":[{\"@type\":\"ListItem\",\"position\":1,\"name\":\"Not\u00edcias\",\"item\":\"https:\/\/www.suno.com.br\/noticias\/\"},{\"@type\":\"ListItem\",\"position\":2,\"name\":\"Mercado\",\"item\":\"https:\/\/www.suno.com.br\/noticias\/mercado\/\"},{\"@type\":\"ListItem\",\"position\":3,\"name\":\"Ibovespa futuro abre com recupera\u00e7\u00e3o e d\u00f3lar recua ap\u00f3s Ibope\"}]},{\"@type\":\"WebSite\",\"@id\":\"https:\/\/www.suno.com.br\/noticias\/#website\",\"url\":\"https:\/\/www.suno.com.br\/noticias\/\",\"name\":\"Suno Not\u00edcias\",\"description\":\"Seu portal de informa\u00e7\u00e3o sobre o mundo dos investimentos\",\"publisher\":{\"@id\":\"https:\/\/www.suno.com.br\/noticias\/#organization\"},\"potentialAction\":[{\"@type\":\"SearchAction\",\"target\":{\"@type\":\"EntryPoint\",\"urlTemplate\":\"https:\/\/www.suno.com.br\/noticias\/?s={search_term_string}\"},\"query-input\":{\"@type\":\"PropertyValueSpecification\",\"valueRequired\":true,\"valueName\":\"search_term_string\"}}],\"inLanguage\":\"pt-BR\"},{\"@type\":\"Organization\",\"@id\":\"https:\/\/www.suno.com.br\/noticias\/#organization\",\"name\":\"Suno Not\u00edcias\",\"url\":\"https:\/\/www.suno.com.br\/noticias\/\",\"logo\":{\"@type\":\"ImageObject\",\"inLanguage\":\"pt-BR\",\"@id\":\"https:\/\/www.suno.com.br\/noticias\/#\/schema\/logo\/image\/\",\"url\":\"https:\/\/files.sunoresearch.com.br\/n\/uploads\/2021\/09\/suno-logo.png\",\"contentUrl\":\"https:\/\/files.sunoresearch.com.br\/n\/uploads\/2021\/09\/suno-logo.png\",\"width\":180,\"height\":180,\"caption\":\"Suno Not\u00edcias\"},\"image\":{\"@id\":\"https:\/\/www.suno.com.br\/noticias\/#\/schema\/logo\/image\/\"},\"sameAs\":[\"https:\/\/facebook.com\/sunoresearch\",\"https:\/\/x.com\/sunoresearch\",\"https:\/\/www.instagram.com\/suno\",\"https:\/\/www.linkedin.com\/company\/suno-research\/\",\"https:\/\/www.youtube.com\/c\/sunoresearch\"]},{\"@type\":\"Person\",\"@id\":\"https:\/\/www.suno.com.br\/noticias\/#\/schema\/person\/eca2bab82984722db00d1e6facd8bb26\",\"name\":\"Daniel Quandt\",\"image\":{\"@type\":\"ImageObject\",\"inLanguage\":\"pt-BR\",\"@id\":\"https:\/\/www.suno.com.br\/noticias\/#\/schema\/person\/image\/\",\"url\":\"https:\/\/secure.gravatar.com\/avatar\/5faf4378f9fbf4557a5836a88d66f99a?s=96&r=g\",\"contentUrl\":\"https:\/\/secure.gravatar.com\/avatar\/5faf4378f9fbf4557a5836a88d66f99a?s=96&r=g\",\"caption\":\"Daniel Quandt\"},\"description\":\"Aluno da Universidade de S\u00e3o Paulo, Daniel Quandt escreve sobre economia, mercado financeiro e pol\u00edtica no portal da Suno Research. J\u00e1 passou pela Ag\u00eancia USP de Inova\u00e7\u00e3o e pela startup de v\u00eddeo em blockchain Paratii, desenvolvendo seu conhecimento da aplica\u00e7\u00e3o de tecnologia de ponta ao mercado.\",\"sameAs\":[\"https:\/\/www.suno.com.br\/\",\"https:\/\/www.linkedin.com\/in\/daniel-quandt-a49985110\/\"],\"url\":\"https:\/\/www.suno.com.br\/noticias\/author\/daniel-quandt\/\"}]}<\/script>\n<!-- \/ Yoast SEO plugin. -->","yoast_head_json":{"title":"Ibovespa futuro abre com recupera\u00e7\u00e3o e d\u00f3lar recua ap\u00f3s Ibope","description":"Queda expressiva de ontem \u00e9 parcialmente compensada na abertura dos mercados hoje. Ibope e tens\u00f5es comerciais pautam mercado. Saiba mais.","robots":{"index":"index","follow":"follow","max-snippet":"max-snippet:-1","max-image-preview":"max-image-preview:large","max-video-preview":"max-video-preview:-1"},"canonical":"https:\/\/www.suno.com.br\/noticias\/ibovespa-recuperacao-dolar-ibope\/","og_locale":"pt_BR","og_type":"article","og_title":"Ibovespa futuro abre com recupera\u00e7\u00e3o e d\u00f3lar recua ap\u00f3s Ibope","og_description":"Queda expressiva de ontem \u00e9 parcialmente compensada na abertura dos mercados hoje. Ibope e tens\u00f5es comerciais pautam mercado. Saiba mais.","og_url":"https:\/\/www.suno.com.br\/noticias\/ibovespa-recuperacao-dolar-ibope\/","og_site_name":"Suno Not\u00edcias","article_publisher":"https:\/\/facebook.com\/sunoresearch","article_author":"https:\/\/www.linkedin.com\/in\/daniel-quandt-a49985110\/","og_image":[{"width":1280,"height":853,"url":"https:\/\/files.sunoresearch.com.br\/n\/uploads\/2018\/09\/85575484-ibovespa.jpg","type":"image\/jpeg"}],"author":"Daniel Quandt","twitter_card":"summary_large_image","twitter_creator":"@sunoresearch","twitter_site":"@sunoresearch","twitter_misc":{"Escrito por":"Daniel Quandt","Est. tempo de leitura":"1 minuto"},"schema":{"@context":"https:\/\/schema.org","@graph":[{"@type":"NewsArticle","@id":"https:\/\/www.suno.com.br\/noticias\/ibovespa-recuperacao-dolar-ibope\/#article","isPartOf":{"@id":"https:\/\/www.suno.com.br\/noticias\/ibovespa-recuperacao-dolar-ibope\/"},"author":{"name":"Daniel Quandt","@id":"https:\/\/www.suno.com.br\/noticias\/#\/schema\/person\/eca2bab82984722db00d1e6facd8bb26"},"headline":"Ibovespa futuro abre com recupera\u00e7\u00e3o e d\u00f3lar recua ap\u00f3s Ibope","datePublished":"2018-09-12T13:00:14+00:00","dateModified":"2018-09-12T14:09:48+00:00","mainEntityOfPage":{"@id":"https:\/\/www.suno.com.br\/noticias\/ibovespa-recuperacao-dolar-ibope\/"},"wordCount":311,"publisher":{"@id":"https:\/\/www.suno.com.br\/noticias\/#organization"},"image":{"@id":"https:\/\/www.suno.com.br\/noticias\/ibovespa-recuperacao-dolar-ibope\/#primaryimage"},"thumbnailUrl":"https:\/\/files.sunoresearch.com.br\/n\/uploads\/2018\/09\/85575484-ibovespa-jpg.webp","keywords":["Bolsa de Valores","d\u00f3lar"],"articleSection":["Mercado"],"inLanguage":"pt-BR"},{"@type":"WebPage","@id":"https:\/\/www.suno.com.br\/noticias\/ibovespa-recuperacao-dolar-ibope\/","url":"https:\/\/www.suno.com.br\/noticias\/ibovespa-recuperacao-dolar-ibope\/","name":"Ibovespa futuro abre com recupera\u00e7\u00e3o e d\u00f3lar recua ap\u00f3s Ibope","isPartOf":{"@id":"https:\/\/www.suno.com.br\/noticias\/#website"},"primaryImageOfPage":{"@id":"https:\/\/www.suno.com.br\/noticias\/ibovespa-recuperacao-dolar-ibope\/#primaryimage"},"image":{"@id":"https:\/\/www.suno.com.br\/noticias\/ibovespa-recuperacao-dolar-ibope\/#primaryimage"},"thumbnailUrl":"https:\/\/files.sunoresearch.com.br\/n\/uploads\/2018\/09\/85575484-ibovespa-jpg.webp","datePublished":"2018-09-12T13:00:14+00:00","dateModified":"2018-09-12T14:09:48+00:00","description":"Queda expressiva de ontem \u00e9 parcialmente compensada na abertura dos mercados hoje. Ibope e tens\u00f5es comerciais pautam mercado. Saiba mais.","breadcrumb":{"@id":"https:\/\/www.suno.com.br\/noticias\/ibovespa-recuperacao-dolar-ibope\/#breadcrumb"},"inLanguage":"pt-BR","potentialAction":[{"@type":"ReadAction","target":["https:\/\/www.suno.com.br\/noticias\/ibovespa-recuperacao-dolar-ibope\/"]}]},{"@type":"ImageObject","inLanguage":"pt-BR","@id":"https:\/\/www.suno.com.br\/noticias\/ibovespa-recuperacao-dolar-ibope\/#primaryimage","url":"https:\/\/files.sunoresearch.com.br\/n\/uploads\/2018\/09\/85575484-ibovespa-jpg.webp","contentUrl":"https:\/\/files.sunoresearch.com.br\/n\/uploads\/2018\/09\/85575484-ibovespa-jpg.webp","width":1280,"height":853,"caption":"O Ibovespa abriu em alta nesta sexta, de olho no mercado internacional, que repercute os resultados da vacina da AstraZeneca."},{"@type":"BreadcrumbList","@id":"https:\/\/www.suno.com.br\/noticias\/ibovespa-recuperacao-dolar-ibope\/#breadcrumb","itemListElement":[{"@type":"ListItem","position":1,"name":"Not\u00edcias","item":"https:\/\/www.suno.com.br\/noticias\/"},{"@type":"ListItem","position":2,"name":"Mercado","item":"https:\/\/www.suno.com.br\/noticias\/mercado\/"},{"@type":"ListItem","position":3,"name":"Ibovespa futuro abre com recupera\u00e7\u00e3o e d\u00f3lar recua ap\u00f3s Ibope"}]},{"@type":"WebSite","@id":"https:\/\/www.suno.com.br\/noticias\/#website","url":"https:\/\/www.suno.com.br\/noticias\/","name":"Suno Not\u00edcias","description":"Seu portal de informa\u00e7\u00e3o sobre o mundo dos investimentos","publisher":{"@id":"https:\/\/www.suno.com.br\/noticias\/#organization"},"potentialAction":[{"@type":"SearchAction","target":{"@type":"EntryPoint","urlTemplate":"https:\/\/www.suno.com.br\/noticias\/?s={search_term_string}"},"query-input":{"@type":"PropertyValueSpecification","valueRequired":true,"valueName":"search_term_string"}}],"inLanguage":"pt-BR"},{"@type":"Organization","@id":"https:\/\/www.suno.com.br\/noticias\/#organization","name":"Suno Not\u00edcias","url":"https:\/\/www.suno.com.br\/noticias\/","logo":{"@type":"ImageObject","inLanguage":"pt-BR","@id":"https:\/\/www.suno.com.br\/noticias\/#\/schema\/logo\/image\/","url":"https:\/\/files.sunoresearch.com.br\/n\/uploads\/2021\/09\/suno-logo.png","contentUrl":"https:\/\/files.sunoresearch.com.br\/n\/uploads\/2021\/09\/suno-logo.png","width":180,"height":180,"caption":"Suno Not\u00edcias"},"image":{"@id":"https:\/\/www.suno.com.br\/noticias\/#\/schema\/logo\/image\/"},"sameAs":["https:\/\/facebook.com\/sunoresearch","https:\/\/x.com\/sunoresearch","https:\/\/www.instagram.com\/suno","https:\/\/www.linkedin.com\/company\/suno-research\/","https:\/\/www.youtube.com\/c\/sunoresearch"]},{"@type":"Person","@id":"https:\/\/www.suno.com.br\/noticias\/#\/schema\/person\/eca2bab82984722db00d1e6facd8bb26","name":"Daniel Quandt","image":{"@type":"ImageObject","inLanguage":"pt-BR","@id":"https:\/\/www.suno.com.br\/noticias\/#\/schema\/person\/image\/","url":"https:\/\/secure.gravatar.com\/avatar\/5faf4378f9fbf4557a5836a88d66f99a?s=96&r=g","contentUrl":"https:\/\/secure.gravatar.com\/avatar\/5faf4378f9fbf4557a5836a88d66f99a?s=96&r=g","caption":"Daniel Quandt"},"description":"Aluno da Universidade de S\u00e3o Paulo, Daniel Quandt escreve sobre economia, mercado financeiro e pol\u00edtica no portal da Suno Research. J\u00e1 passou pela Ag\u00eancia USP de Inova\u00e7\u00e3o e pela startup de v\u00eddeo em blockchain Paratii, desenvolvendo seu conhecimento da aplica\u00e7\u00e3o de tecnologia de ponta ao mercado.","sameAs":["https:\/\/www.suno.com.br\/","https:\/\/www.linkedin.com\/in\/daniel-quandt-a49985110\/"],"url":"https:\/\/www.suno.com.br\/noticias\/author\/daniel-quandt\/"}]}},"default_loop_html":"<div class=\"cardsPage__listCard__boxs\"><div class=\"cardsPage__listCard__boxs__img\"><a href=\"https:\/\/www.suno.com.br\/noticias\/ibovespa-recuperacao-dolar-ibope\/\"><img class=\"mask\" src=\"https:\/\/www.suno.com.br\/noticias\/wp-content\/themes\/suno\/resources\/images\/spotlight\/spotlight1img\/bg-mask.png\" alt=\"Image Mask\"\/><img src=\"https:\/\/files.sunoresearch.com.br\/n\/uploads\/2018\/09\/85575484-ibovespa-400x200.webp\" alt=\"Ibovespa futuro abre com recupera\u00e7\u00e3o e d\u00f3lar recua ap\u00f3s Ibope\"\/><\/a><span class=\"spotlightCategory\"><a href=\"https:\/\/www.suno.com.br\/noticias\/mercado\/\">Mercado<\/a><\/span><\/div><div class=\"cardsPage__listCard__boxs__content\"><a href=\"https:\/\/www.suno.com.br\/noticias\/ibovespa-recuperacao-dolar-ibope\/\"><h2 class=\"content__title\">Ibovespa futuro abre com recupera\u00e7\u00e3o e d\u00f3lar recua ap\u00f3s Ibope<\/h2><\/a><div class=\"newsContent__article__meta\"><div class=\"newsContent__article__meta__authorBox\"><a href=\"https:\/\/www.suno.com.br\/noticias\/author\/daniel-quandt\/\" class=\"authorBox__avatar noMobi\"><img src=\"https:\/\/secure.gravatar.com\/avatar\/5faf4378f9fbf4557a5836a88d66f99a?s=96&#038;r=g\" alt=\"Daniel Quandt\"><\/a><div class=\"authorBox__name\"><span>por\n\t\t\t<a href=\"https:\/\/www.suno.com.br\/noticias\/author\/daniel-quandt\/\"><span itemprop=\"author\">Daniel Quandt<\/span><\/a><\/span><time datetime=\"2018-09-12T10:00:14-03:00\" itemprop=\"datePublished\">12\/09\/2018 10:00<\/time><\/div><\/div><\/div><\/div><\/div>","single_layout":"posts","amp_enabled":true,"_links":{"self":[{"href":"https:\/\/www.suno.com.br\/noticias\/wp-json\/wp\/v2\/posts\/3818"}],"collection":[{"href":"https:\/\/www.suno.com.br\/noticias\/wp-json\/wp\/v2\/posts"}],"about":[{"href":"https:\/\/www.suno.com.br\/noticias\/wp-json\/wp\/v2\/types\/post"}],"author":[{"embeddable":true,"href":"https:\/\/www.suno.com.br\/noticias\/wp-json\/wp\/v2\/users\/5"}],"replies":[{"embeddable":true,"href":"https:\/\/www.suno.com.br\/noticias\/wp-json\/wp\/v2\/comments?post=3818"}],"version-history":[{"count":0,"href":"https:\/\/www.suno.com.br\/noticias\/wp-json\/wp\/v2\/posts\/3818\/revisions"}],"wp:featuredmedia":[{"embeddable":true,"href":"https:\/\/www.suno.com.br\/noticias\/wp-json\/wp\/v2\/media\/3819"}],"wp:attachment":[{"href":"https:\/\/www.suno.com.br\/noticias\/wp-json\/wp\/v2\/media?parent=3818"}],"wp:term":[{"taxonomy":"category","embeddable":true,"href":"https:\/\/www.suno.com.br\/noticias\/wp-json\/wp\/v2\/categories?post=3818"},{"taxonomy":"post_tag","embeddable":true,"href":"https:\/\/www.suno.com.br\/noticias\/wp-json\/wp\/v2\/tags?post=3818"},{"taxonomy":"suno_strategy","embeddable":true,"href":"https:\/\/www.suno.com.br\/noticias\/wp-json\/wp\/v2\/suno_strategy?post=3818"}],"curies":[{"name":"wp","href":"https:\/\/api.w.org\/{rel}","templated":true}]}}