{"id":38168,"date":"2019-09-19T11:48:09","date_gmt":"2019-09-19T14:48:09","guid":{"rendered":"https:\/\/www.suno.com.br\/noticias\/?p=38168"},"modified":"2019-09-19T14:31:56","modified_gmt":"2019-09-19T17:31:56","slug":"austria-rejeita-veta-acordo-entre-ue-mercosul","status":"publish","type":"post","link":"https:\/\/www.suno.com.br\/noticias\/austria-rejeita-veta-acordo-entre-ue-mercosul\/","title":{"rendered":"\u00c1ustria veta acordo de livre-com\u00e9rcio entre Mercosul e Uni\u00e3o Europeia"},"content":{"rendered":"<p>O <strong>Parlamento<\/strong> da <strong>\u00c1ustria<\/strong> decidiu na \u00faltima quarta-feira (18) rejeitar o acordo de<strong><a href=\"https:\/\/www.suno.com.br\/artigos\/zona-de-livre-comercio\/\"> livre-com\u00e9rcio<\/a><\/strong> entre a <a href=\"https:\/\/www.suno.com.br\/artigos\/uniao-europeia\/\">Uni\u00e3o Europeia<\/a> e o <a href=\"https:\/\/www.suno.com.br\/artigos\/mercosul\/\">Mercosul<\/a>. Para que o tratado seja ratificado \u00e9 necess\u00e1rio da aprova\u00e7\u00e3o de ao menos 28 pa\u00edses do bloco europeu.<\/p>\t<div class=\"wrapper-featured-image\">\n\t\t<figure class=\"spotlightImg\">\n\n\t\t\t<picture>\n\t\t\t\t<source media=\"(max-width: 768px)\" srcset=\"https:\/\/files.sunoresearch.com.br\/n\/uploads\/2019\/07\/2ccd4418-mercosul-ue-400x200.webp\">\n\t\t\t\t<img loading=\"lazy\" decoding=\"async\" class=\"newsContent__article__imgCapa lazyloadDisabled newsContent__article__imgCapa--noCaption\" src=\"https:\/\/files.sunoresearch.com.br\/n\/uploads\/2019\/07\/2ccd4418-mercosul-ue-jpg.webp\" width=\"800\" height=\"450\" alt=\"\u00c1ustria veta acordo de livre-com\u00e9rcio entre Mercosul e Uni\u00e3o Europeia\" fetchpriority=high \/>\n\t\t\t<\/picture>\n\n\t\t\t<figcaption class=\"wp-caption-text wp-caption-text--hide\">Acordo entre UE e Mercosul ser\u00e1 aprovado ap\u00f3s 2020, diz comiss\u00e1ria<\/figcaption>\n\t\t<\/figure>\n\t<\/div>\n\n\n\n<p>A <strong>Fran\u00e7a<\/strong>, no m\u00eas de agosto, ap\u00f3s as <a href=\"https:\/\/www.suno.com.br\/noticias\/mercosul-uniao-europeia-acordo-franca-amazonia\/\"><strong>queimadas na Amaz\u00f4nia<\/strong><\/a>, se posicionou contra acordo de livre-com\u00e9rcio entre a <strong>UE<\/strong> e o <strong>Mercosul<\/strong>. O presidente fr\u00e2nces <strong>Emmanuel Macron<\/strong> acusou o presidente da Rep\u00fablica <strong>Jair Bolsonaro<\/strong> de mentir sobre as quest\u00f5es ambientais do Pa\u00eds.<\/p>\n<p>Do mesmo modo, a <strong>\u00c1ustria<\/strong> vetou o acordo pois acredita que o Brasil n\u00e3o tem compromisso com a preserva\u00e7\u00e3o da Amaz\u00f4nia. &#8220;O acordo teria sido ruim para a nossa agricultura, mas especialmente para a prote\u00e7\u00e3o clim\u00e1tica e os direitos trabalhistas na Am\u00e9rica do Sul&#8221;, disse o vice-chefe do Partido Social-Democrata do pa\u00eds, <strong>J\u00f6rg Leichtfried<\/strong>.<\/p>\n<p>O acordo prev\u00ea a implementa\u00e7\u00e3o efetiva do <strong>Acordo de Paris<\/strong> que aborda quest\u00f5es clim\u00e1ticas, como o combate ao desmatamento.<\/p>\n<h2>Acordo entre Mercosul e UE beneficiar\u00e1 o Brasil, diz diretor da OMC<\/h2>\n<p>O diretor-geral da<strong> <a href=\"https:\/\/www.suno.com.br\/artigos\/omc-organizacao-mundial-do-comercio\/\">Organiza\u00e7\u00e3o Mundial do Com\u00e9rcio<\/a><\/strong> (OMC), Roberto Azev\u00eado, afirmou a jornalistas que acredita que o acordo de <strong>livre-com\u00e9rcio<\/strong> entre o Mercosul e a UE proporcionar\u00e1 um <strong>salto<\/strong> de competitividade\u00a0&#8221;muito positivo e h\u00e1 muito tempo esperado para a <strong>ind\u00fastria brasileira<\/strong>&#8221;.<\/p>\n<p><a href=\"\/\/www.suno.com.br\/noticias\/macron-repensar-acordo-livre-comercio-mercosul\/\">Confira Tamb\u00e9m: Macron quer repensar acordo de livre-com\u00e9rcio com o Mercosul<\/a><\/p>\n<p>A declara\u00e7\u00e3o foi dada na<strong> 14\u00aa c\u00fapula do <a href=\"https:\/\/www.suno.com.br\/artigos\/g20\/\">G20<\/a><\/strong>, que ocorreu em Osaka, no <strong>Jap\u00e3o<\/strong>, em junho deste ano. Azev\u00eado projeta que haver\u00e1 redu\u00e7\u00e3o do custos de insumos, e tamb\u00e9m maior poder de <strong>competi\u00e7\u00e3o<\/strong> para a <strong>exporta\u00e7\u00e3o<\/strong> do Brasil.<\/p>\n\t<p>\n\t\t<a href=\"https:\/\/lp.suno.com.br\/ao\/cadastro-whatsapp\/?utm_source=sunoresearch&#038;utm_medium=banner.sidebar&#038;utm_campaign=_SNC1787C4C9_\" target=\"_blank\" data-element=\"shortcode-suno-banner\" title=\"Banner SUNO, clique e saiba mais\">\n\t\t\t<picture>\n\t\t\t\t<source media=\"(max-width: 500px)\" srcset=\"https:\/\/files.sunoresearch.com.br\/n\/uploads\/2024\/09\/wpp-suno.png\">\n\t\t\t\t<img class=\"newsContent__article__imgCapa newsContent__article__imgCapa--banner\"\n\t\t\t\t\tsrc=\"https:\/\/files.sunoresearch.com.br\/n\/uploads\/2024\/09\/wpp-suno.png\"\n\t\t\t\t\tdata-promo-id=\"574195\"\t\t\t\t\t\t\t\t\t\twidth='360' height='98'\t\t\t\t\talt=\"https:\/\/files.sunoresearch.com.br\/n\/uploads\/2024\/09\/wpp-suno.png\"\n\t\t\t\t>\n\t\t\t<\/picture>\n\t\t<\/a>\n\t<\/p>\n\n\n<p>&#8220;Haver\u00e1 redu\u00e7\u00e3o do custo de insumos, dos pre\u00e7os para o consumidor brasileiro, al\u00e9m de uma abertura do mercado europeu. Onde a partir de agora o exportador brasileiro poder\u00e1 competir em <strong>igualdade<\/strong> de condi\u00e7\u00f5es com todos os supridores europeus, e com pa\u00edses com os quais a <strong>UE<\/strong> tem acordos de prefer\u00eancia&#8221;, explicou Azev\u00eado.<\/p>\n<p>O Minist\u00e9rio da Economia prev\u00ea que o acordo de livre-com\u00e9rcio entre o <strong>Mercosul<\/strong> e a <strong>UE<\/strong>, representar\u00e1 um aumento do PIB brasileiro de US$ 87,5 bilh\u00f5es em 15 anos, podendo chegar a US$ 125 bilh\u00f5es.<\/p>\n","protected":false},"excerpt":{"rendered":"<p>O Parlamento da \u00c1ustria decidiu na \u00faltima quarta-feira (18) rejeitar o acordo de livre-com\u00e9rcio entre a Uni\u00e3o Europeia e o Mercosul. Para que o tratado seja ratificado \u00e9 necess\u00e1rio da aprova\u00e7\u00e3o de ao menos 28 pa\u00edses do bloco europeu. Acordo entre UE e Mercosul ser\u00e1 aprovado ap\u00f3s 2020, diz comiss\u00e1ria A Fran\u00e7a, no m\u00eas de [&hellip;]<\/p>\n","protected":false},"author":15,"featured_media":31634,"comment_status":"closed","ping_status":"closed","sticky":false,"template":"","format":"standard","meta":[],"categories":[63],"tags":[1546,810,868],"suno_strategy":[],"class_list":["post-38168","post","type-post","status-publish","format-standard","has-post-thumbnail","hentry","category-internacional","tag-acordo-comercial","tag-acordo-de-paris","tag-mercosul"],"yoast_head":"<!-- This site is optimized with the Yoast SEO plugin v24.4 - https:\/\/yoast.com\/wordpress\/plugins\/seo\/ -->\n<title>\u00c1ustria veta acordo de livre com\u00e9rcio entre Mercosul e Uni\u00e3o Europeia<\/title>\n<meta name=\"description\" content=\"O Parlamento da \u00c1ustria decidiu na \u00faltima quinta (18) rejeitar o acordo de livre-com\u00e9rcio entre a UE e o Mercosul. Clique aqui e saiba mais\" \/>\n<meta name=\"robots\" content=\"index, follow, max-snippet:-1, max-image-preview:large, max-video-preview:-1\" \/>\n<link rel=\"canonical\" href=\"https:\/\/www.suno.com.br\/noticias\/austria-rejeita-veta-acordo-entre-ue-mercosul\/\" \/>\n<meta property=\"og:locale\" content=\"pt_BR\" \/>\n<meta property=\"og:type\" content=\"article\" \/>\n<meta property=\"og:title\" content=\"\u00c1ustria veta acordo de livre com\u00e9rcio entre Mercosul e Uni\u00e3o Europeia\" \/>\n<meta property=\"og:description\" content=\"O Parlamento da \u00c1ustria decidiu na \u00faltima quinta (18) rejeitar o acordo de livre-com\u00e9rcio entre a UE e o Mercosul. Clique aqui e saiba mais\" \/>\n<meta property=\"og:url\" content=\"https:\/\/www.suno.com.br\/noticias\/austria-rejeita-veta-acordo-entre-ue-mercosul\/\" \/>\n<meta property=\"og:site_name\" content=\"Suno Not\u00edcias\" \/>\n<meta property=\"article:publisher\" content=\"https:\/\/facebook.com\/sunoresearch\" \/>\n<meta property=\"og:image\" content=\"https:\/\/files.sunoresearch.com.br\/n\/uploads\/2019\/07\/2ccd4418-mercosul-ue.jpg\" \/>\n\t<meta property=\"og:image:width\" content=\"640\" \/>\n\t<meta property=\"og:image:height\" content=\"359\" \/>\n\t<meta property=\"og:image:type\" content=\"image\/jpeg\" \/>\n<meta name=\"author\" content=\"Poliana Santos\" \/>\n<meta name=\"twitter:card\" content=\"summary_large_image\" \/>\n<meta name=\"twitter:creator\" content=\"@sunoresearch\" \/>\n<meta name=\"twitter:site\" content=\"@sunoresearch\" \/>\n<meta name=\"twitter:label1\" content=\"Escrito por\" \/>\n\t<meta name=\"twitter:data1\" content=\"Poliana Santos\" \/>\n\t<meta name=\"twitter:label2\" content=\"Est. tempo de leitura\" \/>\n\t<meta name=\"twitter:data2\" content=\"2 minutos\" \/>\n<script type=\"application\/ld+json\" class=\"yoast-schema-graph\">{\"@context\":\"https:\/\/schema.org\",\"@graph\":[{\"@type\":\"NewsArticle\",\"@id\":\"https:\/\/www.suno.com.br\/noticias\/austria-rejeita-veta-acordo-entre-ue-mercosul\/#article\",\"isPartOf\":{\"@id\":\"https:\/\/www.suno.com.br\/noticias\/austria-rejeita-veta-acordo-entre-ue-mercosul\/\"},\"author\":{\"name\":\"Poliana Santos\",\"@id\":\"https:\/\/www.suno.com.br\/noticias\/#\/schema\/person\/02ec1f752758247878a2bf4abee1aeda\"},\"headline\":\"\u00c1ustria veta acordo de livre-com\u00e9rcio entre Mercosul e Uni\u00e3o Europeia\",\"datePublished\":\"2019-09-19T14:48:09+00:00\",\"dateModified\":\"2019-09-19T17:31:56+00:00\",\"mainEntityOfPage\":{\"@id\":\"https:\/\/www.suno.com.br\/noticias\/austria-rejeita-veta-acordo-entre-ue-mercosul\/\"},\"wordCount\":407,\"publisher\":{\"@id\":\"https:\/\/www.suno.com.br\/noticias\/#organization\"},\"image\":{\"@id\":\"https:\/\/www.suno.com.br\/noticias\/austria-rejeita-veta-acordo-entre-ue-mercosul\/#primaryimage\"},\"thumbnailUrl\":\"https:\/\/files.sunoresearch.com.br\/n\/uploads\/2019\/07\/2ccd4418-mercosul-ue-jpg.webp\",\"keywords\":[\"acordo comercial\",\"Acordo de Paris\",\"Mercosul\"],\"articleSection\":[\"Internacional\"],\"inLanguage\":\"pt-BR\"},{\"@type\":\"WebPage\",\"@id\":\"https:\/\/www.suno.com.br\/noticias\/austria-rejeita-veta-acordo-entre-ue-mercosul\/\",\"url\":\"https:\/\/www.suno.com.br\/noticias\/austria-rejeita-veta-acordo-entre-ue-mercosul\/\",\"name\":\"\u00c1ustria veta acordo de livre com\u00e9rcio entre Mercosul e Uni\u00e3o Europeia\",\"isPartOf\":{\"@id\":\"https:\/\/www.suno.com.br\/noticias\/#website\"},\"primaryImageOfPage\":{\"@id\":\"https:\/\/www.suno.com.br\/noticias\/austria-rejeita-veta-acordo-entre-ue-mercosul\/#primaryimage\"},\"image\":{\"@id\":\"https:\/\/www.suno.com.br\/noticias\/austria-rejeita-veta-acordo-entre-ue-mercosul\/#primaryimage\"},\"thumbnailUrl\":\"https:\/\/files.sunoresearch.com.br\/n\/uploads\/2019\/07\/2ccd4418-mercosul-ue-jpg.webp\",\"datePublished\":\"2019-09-19T14:48:09+00:00\",\"dateModified\":\"2019-09-19T17:31:56+00:00\",\"description\":\"O Parlamento da \u00c1ustria decidiu na \u00faltima quinta (18) rejeitar o acordo de livre-com\u00e9rcio entre a UE e o Mercosul. Clique aqui e saiba mais\",\"breadcrumb\":{\"@id\":\"https:\/\/www.suno.com.br\/noticias\/austria-rejeita-veta-acordo-entre-ue-mercosul\/#breadcrumb\"},\"inLanguage\":\"pt-BR\",\"potentialAction\":[{\"@type\":\"ReadAction\",\"target\":[\"https:\/\/www.suno.com.br\/noticias\/austria-rejeita-veta-acordo-entre-ue-mercosul\/\"]}]},{\"@type\":\"ImageObject\",\"inLanguage\":\"pt-BR\",\"@id\":\"https:\/\/www.suno.com.br\/noticias\/austria-rejeita-veta-acordo-entre-ue-mercosul\/#primaryimage\",\"url\":\"https:\/\/files.sunoresearch.com.br\/n\/uploads\/2019\/07\/2ccd4418-mercosul-ue-jpg.webp\",\"contentUrl\":\"https:\/\/files.sunoresearch.com.br\/n\/uploads\/2019\/07\/2ccd4418-mercosul-ue-jpg.webp\",\"width\":640,\"height\":359,\"caption\":\"Acordo entre UE e Mercosul ser\u00e1 aprovado ap\u00f3s 2020, diz comiss\u00e1ria\"},{\"@type\":\"BreadcrumbList\",\"@id\":\"https:\/\/www.suno.com.br\/noticias\/austria-rejeita-veta-acordo-entre-ue-mercosul\/#breadcrumb\",\"itemListElement\":[{\"@type\":\"ListItem\",\"position\":1,\"name\":\"Not\u00edcias\",\"item\":\"https:\/\/www.suno.com.br\/noticias\/\"},{\"@type\":\"ListItem\",\"position\":2,\"name\":\"Internacional\",\"item\":\"https:\/\/www.suno.com.br\/noticias\/internacional\/\"},{\"@type\":\"ListItem\",\"position\":3,\"name\":\"\u00c1ustria veta acordo de livre-com\u00e9rcio entre Mercosul e Uni\u00e3o Europeia\"}]},{\"@type\":\"WebSite\",\"@id\":\"https:\/\/www.suno.com.br\/noticias\/#website\",\"url\":\"https:\/\/www.suno.com.br\/noticias\/\",\"name\":\"Suno Not\u00edcias\",\"description\":\"Seu portal de informa\u00e7\u00e3o sobre o mundo dos investimentos\",\"publisher\":{\"@id\":\"https:\/\/www.suno.com.br\/noticias\/#organization\"},\"potentialAction\":[{\"@type\":\"SearchAction\",\"target\":{\"@type\":\"EntryPoint\",\"urlTemplate\":\"https:\/\/www.suno.com.br\/noticias\/?s={search_term_string}\"},\"query-input\":{\"@type\":\"PropertyValueSpecification\",\"valueRequired\":true,\"valueName\":\"search_term_string\"}}],\"inLanguage\":\"pt-BR\"},{\"@type\":\"Organization\",\"@id\":\"https:\/\/www.suno.com.br\/noticias\/#organization\",\"name\":\"Suno Not\u00edcias\",\"url\":\"https:\/\/www.suno.com.br\/noticias\/\",\"logo\":{\"@type\":\"ImageObject\",\"inLanguage\":\"pt-BR\",\"@id\":\"https:\/\/www.suno.com.br\/noticias\/#\/schema\/logo\/image\/\",\"url\":\"https:\/\/files.sunoresearch.com.br\/n\/uploads\/2021\/09\/suno-logo.png\",\"contentUrl\":\"https:\/\/files.sunoresearch.com.br\/n\/uploads\/2021\/09\/suno-logo.png\",\"width\":180,\"height\":180,\"caption\":\"Suno Not\u00edcias\"},\"image\":{\"@id\":\"https:\/\/www.suno.com.br\/noticias\/#\/schema\/logo\/image\/\"},\"sameAs\":[\"https:\/\/facebook.com\/sunoresearch\",\"https:\/\/x.com\/sunoresearch\",\"https:\/\/www.instagram.com\/suno\",\"https:\/\/www.linkedin.com\/company\/suno-research\/\",\"https:\/\/www.youtube.com\/c\/sunoresearch\"]},{\"@type\":\"Person\",\"@id\":\"https:\/\/www.suno.com.br\/noticias\/#\/schema\/person\/02ec1f752758247878a2bf4abee1aeda\",\"name\":\"Poliana Santos\",\"image\":{\"@type\":\"ImageObject\",\"inLanguage\":\"pt-BR\",\"@id\":\"https:\/\/www.suno.com.br\/noticias\/#\/schema\/person\/image\/\",\"url\":\"https:\/\/secure.gravatar.com\/avatar\/0645bd32f23d87b2130f2b2dff1d3f8d?s=96&r=g\",\"contentUrl\":\"https:\/\/secure.gravatar.com\/avatar\/0645bd32f23d87b2130f2b2dff1d3f8d?s=96&r=g\",\"caption\":\"Poliana Santos\"},\"description\":\"Rep\u00f3rter no Suno Not\u00edcias, com cobertura em mercado financeiro, economia, finan\u00e7as pessoais, renda fixa e varejo. Jornalista formada pela Faculdade C\u00e1sper L\u00edbero e possui passagem na R\u00e1dio Gazeta AM com a produ\u00e7\u00e3o de conte\u00fado sobre economia, pol\u00edtica, sa\u00fade, moda e m\u00fasica. Possui certificado de conclus\u00e3o do curso de An\u00e1lise de Balan\u00e7os pela Funda\u00e7\u00e3o Bradesco, Agenda Brasil pela FAAP, Educa\u00e7\u00e3o Pol\u00edtica por Alexandre Garcia e do Tesouro Direto e Mercado de A\u00e7\u00f5es pela B3.\",\"url\":\"https:\/\/www.suno.com.br\/noticias\/author\/poliana-santos\/\"}]}<\/script>\n<!-- \/ Yoast SEO plugin. -->","yoast_head_json":{"title":"\u00c1ustria veta acordo de livre com\u00e9rcio entre Mercosul e Uni\u00e3o Europeia","description":"O Parlamento da \u00c1ustria decidiu na \u00faltima quinta (18) rejeitar o acordo de livre-com\u00e9rcio entre a UE e o Mercosul. Clique aqui e saiba mais","robots":{"index":"index","follow":"follow","max-snippet":"max-snippet:-1","max-image-preview":"max-image-preview:large","max-video-preview":"max-video-preview:-1"},"canonical":"https:\/\/www.suno.com.br\/noticias\/austria-rejeita-veta-acordo-entre-ue-mercosul\/","og_locale":"pt_BR","og_type":"article","og_title":"\u00c1ustria veta acordo de livre com\u00e9rcio entre Mercosul e Uni\u00e3o Europeia","og_description":"O Parlamento da \u00c1ustria decidiu na \u00faltima quinta (18) rejeitar o acordo de livre-com\u00e9rcio entre a UE e o Mercosul. Clique aqui e saiba mais","og_url":"https:\/\/www.suno.com.br\/noticias\/austria-rejeita-veta-acordo-entre-ue-mercosul\/","og_site_name":"Suno Not\u00edcias","article_publisher":"https:\/\/facebook.com\/sunoresearch","og_image":[{"width":640,"height":359,"url":"https:\/\/files.sunoresearch.com.br\/n\/uploads\/2019\/07\/2ccd4418-mercosul-ue.jpg","type":"image\/jpeg"}],"author":"Poliana Santos","twitter_card":"summary_large_image","twitter_creator":"@sunoresearch","twitter_site":"@sunoresearch","twitter_misc":{"Escrito por":"Poliana Santos","Est. tempo de leitura":"2 minutos"},"schema":{"@context":"https:\/\/schema.org","@graph":[{"@type":"NewsArticle","@id":"https:\/\/www.suno.com.br\/noticias\/austria-rejeita-veta-acordo-entre-ue-mercosul\/#article","isPartOf":{"@id":"https:\/\/www.suno.com.br\/noticias\/austria-rejeita-veta-acordo-entre-ue-mercosul\/"},"author":{"name":"Poliana Santos","@id":"https:\/\/www.suno.com.br\/noticias\/#\/schema\/person\/02ec1f752758247878a2bf4abee1aeda"},"headline":"\u00c1ustria veta acordo de livre-com\u00e9rcio entre Mercosul e Uni\u00e3o Europeia","datePublished":"2019-09-19T14:48:09+00:00","dateModified":"2019-09-19T17:31:56+00:00","mainEntityOfPage":{"@id":"https:\/\/www.suno.com.br\/noticias\/austria-rejeita-veta-acordo-entre-ue-mercosul\/"},"wordCount":407,"publisher":{"@id":"https:\/\/www.suno.com.br\/noticias\/#organization"},"image":{"@id":"https:\/\/www.suno.com.br\/noticias\/austria-rejeita-veta-acordo-entre-ue-mercosul\/#primaryimage"},"thumbnailUrl":"https:\/\/files.sunoresearch.com.br\/n\/uploads\/2019\/07\/2ccd4418-mercosul-ue-jpg.webp","keywords":["acordo comercial","Acordo de Paris","Mercosul"],"articleSection":["Internacional"],"inLanguage":"pt-BR"},{"@type":"WebPage","@id":"https:\/\/www.suno.com.br\/noticias\/austria-rejeita-veta-acordo-entre-ue-mercosul\/","url":"https:\/\/www.suno.com.br\/noticias\/austria-rejeita-veta-acordo-entre-ue-mercosul\/","name":"\u00c1ustria veta acordo de livre com\u00e9rcio entre Mercosul e Uni\u00e3o Europeia","isPartOf":{"@id":"https:\/\/www.suno.com.br\/noticias\/#website"},"primaryImageOfPage":{"@id":"https:\/\/www.suno.com.br\/noticias\/austria-rejeita-veta-acordo-entre-ue-mercosul\/#primaryimage"},"image":{"@id":"https:\/\/www.suno.com.br\/noticias\/austria-rejeita-veta-acordo-entre-ue-mercosul\/#primaryimage"},"thumbnailUrl":"https:\/\/files.sunoresearch.com.br\/n\/uploads\/2019\/07\/2ccd4418-mercosul-ue-jpg.webp","datePublished":"2019-09-19T14:48:09+00:00","dateModified":"2019-09-19T17:31:56+00:00","description":"O Parlamento da \u00c1ustria decidiu na \u00faltima quinta (18) rejeitar o acordo de livre-com\u00e9rcio entre a UE e o Mercosul. Clique aqui e saiba mais","breadcrumb":{"@id":"https:\/\/www.suno.com.br\/noticias\/austria-rejeita-veta-acordo-entre-ue-mercosul\/#breadcrumb"},"inLanguage":"pt-BR","potentialAction":[{"@type":"ReadAction","target":["https:\/\/www.suno.com.br\/noticias\/austria-rejeita-veta-acordo-entre-ue-mercosul\/"]}]},{"@type":"ImageObject","inLanguage":"pt-BR","@id":"https:\/\/www.suno.com.br\/noticias\/austria-rejeita-veta-acordo-entre-ue-mercosul\/#primaryimage","url":"https:\/\/files.sunoresearch.com.br\/n\/uploads\/2019\/07\/2ccd4418-mercosul-ue-jpg.webp","contentUrl":"https:\/\/files.sunoresearch.com.br\/n\/uploads\/2019\/07\/2ccd4418-mercosul-ue-jpg.webp","width":640,"height":359,"caption":"Acordo entre UE e Mercosul ser\u00e1 aprovado ap\u00f3s 2020, diz comiss\u00e1ria"},{"@type":"BreadcrumbList","@id":"https:\/\/www.suno.com.br\/noticias\/austria-rejeita-veta-acordo-entre-ue-mercosul\/#breadcrumb","itemListElement":[{"@type":"ListItem","position":1,"name":"Not\u00edcias","item":"https:\/\/www.suno.com.br\/noticias\/"},{"@type":"ListItem","position":2,"name":"Internacional","item":"https:\/\/www.suno.com.br\/noticias\/internacional\/"},{"@type":"ListItem","position":3,"name":"\u00c1ustria veta acordo de livre-com\u00e9rcio entre Mercosul e Uni\u00e3o Europeia"}]},{"@type":"WebSite","@id":"https:\/\/www.suno.com.br\/noticias\/#website","url":"https:\/\/www.suno.com.br\/noticias\/","name":"Suno Not\u00edcias","description":"Seu portal de informa\u00e7\u00e3o sobre o mundo dos investimentos","publisher":{"@id":"https:\/\/www.suno.com.br\/noticias\/#organization"},"potentialAction":[{"@type":"SearchAction","target":{"@type":"EntryPoint","urlTemplate":"https:\/\/www.suno.com.br\/noticias\/?s={search_term_string}"},"query-input":{"@type":"PropertyValueSpecification","valueRequired":true,"valueName":"search_term_string"}}],"inLanguage":"pt-BR"},{"@type":"Organization","@id":"https:\/\/www.suno.com.br\/noticias\/#organization","name":"Suno Not\u00edcias","url":"https:\/\/www.suno.com.br\/noticias\/","logo":{"@type":"ImageObject","inLanguage":"pt-BR","@id":"https:\/\/www.suno.com.br\/noticias\/#\/schema\/logo\/image\/","url":"https:\/\/files.sunoresearch.com.br\/n\/uploads\/2021\/09\/suno-logo.png","contentUrl":"https:\/\/files.sunoresearch.com.br\/n\/uploads\/2021\/09\/suno-logo.png","width":180,"height":180,"caption":"Suno Not\u00edcias"},"image":{"@id":"https:\/\/www.suno.com.br\/noticias\/#\/schema\/logo\/image\/"},"sameAs":["https:\/\/facebook.com\/sunoresearch","https:\/\/x.com\/sunoresearch","https:\/\/www.instagram.com\/suno","https:\/\/www.linkedin.com\/company\/suno-research\/","https:\/\/www.youtube.com\/c\/sunoresearch"]},{"@type":"Person","@id":"https:\/\/www.suno.com.br\/noticias\/#\/schema\/person\/02ec1f752758247878a2bf4abee1aeda","name":"Poliana Santos","image":{"@type":"ImageObject","inLanguage":"pt-BR","@id":"https:\/\/www.suno.com.br\/noticias\/#\/schema\/person\/image\/","url":"https:\/\/secure.gravatar.com\/avatar\/0645bd32f23d87b2130f2b2dff1d3f8d?s=96&r=g","contentUrl":"https:\/\/secure.gravatar.com\/avatar\/0645bd32f23d87b2130f2b2dff1d3f8d?s=96&r=g","caption":"Poliana Santos"},"description":"Rep\u00f3rter no Suno Not\u00edcias, com cobertura em mercado financeiro, economia, finan\u00e7as pessoais, renda fixa e varejo. Jornalista formada pela Faculdade C\u00e1sper L\u00edbero e possui passagem na R\u00e1dio Gazeta AM com a produ\u00e7\u00e3o de conte\u00fado sobre economia, pol\u00edtica, sa\u00fade, moda e m\u00fasica. Possui certificado de conclus\u00e3o do curso de An\u00e1lise de Balan\u00e7os pela Funda\u00e7\u00e3o Bradesco, Agenda Brasil pela FAAP, Educa\u00e7\u00e3o Pol\u00edtica por Alexandre Garcia e do Tesouro Direto e Mercado de A\u00e7\u00f5es pela B3.","url":"https:\/\/www.suno.com.br\/noticias\/author\/poliana-santos\/"}]}},"default_loop_html":"<div class=\"cardsPage__listCard__boxs\"><div class=\"cardsPage__listCard__boxs__img\"><a href=\"https:\/\/www.suno.com.br\/noticias\/austria-rejeita-veta-acordo-entre-ue-mercosul\/\"><img class=\"mask\" src=\"https:\/\/www.suno.com.br\/noticias\/wp-content\/themes\/suno\/resources\/images\/spotlight\/spotlight1img\/bg-mask.png\" alt=\"Image Mask\"\/><img src=\"https:\/\/files.sunoresearch.com.br\/n\/uploads\/2019\/07\/2ccd4418-mercosul-ue-400x200.webp\" alt=\"\u00c1ustria veta acordo de livre-com\u00e9rcio entre Mercosul e Uni\u00e3o Europeia\"\/><\/a><span class=\"spotlightCategory\"><a href=\"https:\/\/www.suno.com.br\/noticias\/internacional\/\">Internacional<\/a><\/span><\/div><div class=\"cardsPage__listCard__boxs__content\"><a href=\"https:\/\/www.suno.com.br\/noticias\/austria-rejeita-veta-acordo-entre-ue-mercosul\/\"><h2 class=\"content__title\">\u00c1ustria veta acordo de livre-com\u00e9rcio entre Mercosul e Uni\u00e3o Europeia<\/h2><\/a><div class=\"newsContent__article__meta\"><div class=\"newsContent__article__meta__authorBox\"><a href=\"https:\/\/www.suno.com.br\/noticias\/author\/poliana-santos\/\" class=\"authorBox__avatar noMobi\"><img src=\"https:\/\/files.sunoresearch.com.br\/n\/uploads\/2020\/08\/7ef34026-whatsapp-image-2020-08-03-at-12.37.57-150x150.webp\" alt=\"Poliana Santos\"><\/a><div class=\"authorBox__name\"><span>por\n\t\t\t<a href=\"https:\/\/www.suno.com.br\/noticias\/author\/poliana-santos\/\"><span itemprop=\"author\">Poliana Santos<\/span><\/a><\/span><time datetime=\"2019-09-19T11:48:09-03:00\" itemprop=\"datePublished\">19\/09\/2019 11:48<\/time><\/div><\/div><\/div><\/div><\/div>","single_layout":"posts","amp_enabled":true,"_links":{"self":[{"href":"https:\/\/www.suno.com.br\/noticias\/wp-json\/wp\/v2\/posts\/38168"}],"collection":[{"href":"https:\/\/www.suno.com.br\/noticias\/wp-json\/wp\/v2\/posts"}],"about":[{"href":"https:\/\/www.suno.com.br\/noticias\/wp-json\/wp\/v2\/types\/post"}],"author":[{"embeddable":true,"href":"https:\/\/www.suno.com.br\/noticias\/wp-json\/wp\/v2\/users\/15"}],"replies":[{"embeddable":true,"href":"https:\/\/www.suno.com.br\/noticias\/wp-json\/wp\/v2\/comments?post=38168"}],"version-history":[{"count":0,"href":"https:\/\/www.suno.com.br\/noticias\/wp-json\/wp\/v2\/posts\/38168\/revisions"}],"wp:featuredmedia":[{"embeddable":true,"href":"https:\/\/www.suno.com.br\/noticias\/wp-json\/wp\/v2\/media\/31634"}],"wp:attachment":[{"href":"https:\/\/www.suno.com.br\/noticias\/wp-json\/wp\/v2\/media?parent=38168"}],"wp:term":[{"taxonomy":"category","embeddable":true,"href":"https:\/\/www.suno.com.br\/noticias\/wp-json\/wp\/v2\/categories?post=38168"},{"taxonomy":"post_tag","embeddable":true,"href":"https:\/\/www.suno.com.br\/noticias\/wp-json\/wp\/v2\/tags?post=38168"},{"taxonomy":"suno_strategy","embeddable":true,"href":"https:\/\/www.suno.com.br\/noticias\/wp-json\/wp\/v2\/suno_strategy?post=38168"}],"curies":[{"name":"wp","href":"https:\/\/api.w.org\/{rel}","templated":true}]}}