{"id":38117,"date":"2019-09-19T09:10:26","date_gmt":"2019-09-19T12:10:26","guid":{"rendered":"https:\/\/www.suno.com.br\/noticias\/?p=38117"},"modified":"2019-09-20T13:16:31","modified_gmt":"2019-09-20T16:16:31","slug":"donald-trump-diz-que-o-fed-falhou-novamente","status":"publish","type":"post","link":"https:\/\/www.suno.com.br\/noticias\/donald-trump-diz-que-o-fed-falhou-novamente\/","title":{"rendered":"Donald Trump diz que o Fed &#8216;falhou novamente&#8217;"},"content":{"rendered":"<p>O presidente norte-americano, <a href=\"https:\/\/www.suno.com.br\/tudo-sobre\/donald-trump\/\"><strong>Donald Trump<\/strong><\/a>, voltou a criticar o <a href=\"https:\/\/www.suno.com.br\/artigos\/fed\/\">Federal Reserve (Fed)<\/a>. As declara\u00e7\u00f5es foram dadas ap\u00f3s mais um corte da taxa de juros na \u00faltima quarta-feira (19)<\/p>\t<div class=\"wrapper-featured-image\">\n\t\t<figure class=\"spotlightImg\">\n\n\t\t\t<picture>\n\t\t\t\t<source media=\"(max-width: 768px)\" srcset=\"https:\/\/files.sunoresearch.com.br\/n\/uploads\/2018\/10\/8fb5635b-donald-trump-400x200.webp\">\n\t\t\t\t<img loading=\"lazy\" decoding=\"async\" class=\"newsContent__article__imgCapa lazyloadDisabled newsContent__article__imgCapa--noCaption\" src=\"https:\/\/files.sunoresearch.com.br\/n\/uploads\/2018\/10\/8fb5635b-donald-trump-800x450.webp\" width=\"800\" height=\"450\" alt=\"Donald Trump diz que o Fed &#8216;falhou novamente&#8217;\" fetchpriority=high \/>\n\t\t\t<\/picture>\n\n\t\t\t<figcaption class=\"wp-caption-text wp-caption-text--hide\">An\u00fancio de Trump eleva juros e mexe com a renda fixa<\/figcaption>\n\t\t<\/figure>\n\t<\/div>\n\n\n\n<p>Trump escreveu em sua conta no Twitter que o presidente do Banco Central norte-americano, <a href=\"https:\/\/www.suno.com.br\/tudo-sobre\/jerome-powell\/\">Jerome Powell<\/a> e o <strong>Fed<\/strong> &#8220;falharam novamente&#8221;. O mandat\u00e1rio disse que a autoridade monet\u00e1ria central n\u00e3o &#8220;tem coragem e nenhuma vis\u00e3o&#8221; ao n\u00e3o seguir o <a href=\"https:\/\/www.suno.com.br\/artigos\/bce\/\">Banco Central Europeu (BCE)<\/a> e cortar ainda mais a taxa de juros.<\/p>\n<p class=\"twitter-tweet\" data-lang=\"pt\">\n<p dir=\"ltr\" lang=\"en\">Jay Powell and the Federal Reserve Fail Again. No \u201cguts,\u201d no sense, no vision! A terrible communicator!<\/p>\n<p>\u2014 Donald J. Trump (@realDonaldTrump) <a href=\"https:\/\/twitter.com\/realDonaldTrump\/status\/1174388901806362624?ref_src=twsrc%5Etfw\">18 de setembro de 2019<\/a><\/p>\n<p><script async src=\"https:\/\/platform.twitter.com\/widgets.js\" charset=\"utf-8\"><\/script><br \/>\nAl\u00e9m disso, nesta quinta-feira (19), Trump afirmou que n\u00e3o se sente &#8220;empolgado&#8221; com as recentes medidas de flexibiliza\u00e7\u00e3o tomadas pelo <strong>Fed<\/strong>. Entretanto, o presidente manteve Powell no comando do BC americano.<\/p>\n<p>Os coment\u00e1rios do presidente foram realizados em entrevista ao programa de TV dos <strong>EUA<\/strong> Fox News. <strong>Trump<\/strong> salientou que Powell &#8220;n\u00e3o sabe como jogar o jogo muito bem&#8221;.<\/p>\n<p>O mandat\u00e1rio afirmou, ainda, que o presidente do <strong>Fed<\/strong> e sua equipe se equivocaram em elevar os juros de forma abrupta no ano passado, quando o Banco Central dos EUA aumentaram a taxa de juros em quatro ocasi\u00f5es diferentes.<\/p>\n<p><a href=\"https:\/\/www.suno.com.br\/noticias\/guerra-comercial-disputa-china-eua-negociacao\/\">Veja tamb\u00e9m: China e EUA retomam as negocia\u00e7\u00f5es nesta quarta-feira<\/a><\/p>\n<p>Trump gostaria que o <strong>Fed<\/strong> cortasse mais a taxa de juros, como uma maneira de estimular a economia norte-americana em meio \u00e0 <a href=\"https:\/\/www.suno.com.br\/artigos\/a-guerra-comercial\/\"><strong>guerra comercial<\/strong><\/a>.<\/p>\n<h2>Fed corta taxa b\u00e1sica de juros em 0,25%<\/h2>\n<p>Na tarde da \u00faltima quarta-feira (18), o <strong>Fed<\/strong> decidiu cortar a taxa b\u00e1sica de juros em 0,25 ponto percentual. O Banco Central dos <strong>Estados Unidos<\/strong> deixou a taxa dos <strong>Fed Funds<\/strong> no intervalo entre 1,75% e 2%.<\/p>\n\t<p>\n\t\t<a href=\"https:\/\/lp.suno.com.br\/planilha-da-vida-financeira\/\" target=\"_blank\" data-element=\"shortcode-suno-banner\" title=\"Banner SUNO, clique e saiba mais\">\n\t\t\t<picture>\n\t\t\t\t<source media=\"(max-width: 500px)\" srcset=\"https:\/\/files.sunoresearch.com.br\/n\/uploads\/2023\/04\/400x300-Planilha-vida-financeira-true.png\">\n\t\t\t\t<img class=\"newsContent__article__imgCapa newsContent__article__imgCapa--banner\"\n\t\t\t\t\tsrc=\"https:\/\/files.sunoresearch.com.br\/n\/uploads\/2023\/04\/1420x240-Planilha-vida-financeira-true.png\"\n\t\t\t\t\tdata-promo-id=\"383123\"\t\t\t\t\t\t\t\t\t\twidth='1420' height='240'\t\t\t\t\talt=\"https:\/\/files.sunoresearch.com.br\/n\/uploads\/2023\/04\/1420x240-Planilha-vida-financeira-true.png\"\n\t\t\t\t>\n\t\t\t<\/picture>\n\t\t<\/a>\n\t<\/p>\n\n\n<p>A autoridade monet\u00e1ria ressaltou que a economia dos EUA est\u00e1 caminhando no sentido certo, com a cria\u00e7\u00e3o de empregos e a baixa <strong>infla\u00e7\u00e3o<\/strong>.<\/p>\n<p><a href=\"https:\/\/www.suno.com.br\/noticias\/fed-sustentar-crescimento-eua-powell\/\">Saiba mais: Fed far\u00e1 o que for necess\u00e1rio para sustentar crescimento dos EUA, diz Powell<\/a><\/p>\n<p>O <a href=\"https:\/\/www.suno.com.br\/artigos\/fomc\/\">FOMC<\/a> salienta que a decis\u00e3o foi tomada a luz dos resultados mais prov\u00e1veis do rumo da economia norte-americana.<\/p>\n<p>&#8220;Consistente com seu mandato estatut\u00e1rio, o Comit\u00ea procura promover o m\u00e1ximo emprego e estabilidade de pre\u00e7os. \u00c0 luz das implica\u00e7\u00f5es dos desenvolvimentos globais para as perspectivas econ\u00f4micas, bem como das press\u00f5es inflacion\u00e1rias reduzidas, o Comit\u00ea decidiu reduzir a meta de aloca\u00e7\u00e3o da taxa de fundos federais para 1-3 \/ 4 a 2%&#8221;, comunicou o <strong>Fed<\/strong>.<\/p>\n","protected":false},"excerpt":{"rendered":"<p>O presidente norte-americano, Donald Trump, voltou a criticar o Federal Reserve (Fed). As declara\u00e7\u00f5es foram dadas ap\u00f3s mais um corte da taxa de juros na \u00faltima quarta-feira (19) An\u00fancio de Trump eleva juros e mexe com a renda fixa Trump escreveu em sua conta no Twitter que o presidente do Banco Central norte-americano, Jerome Powell [&hellip;]<\/p>\n","protected":false},"author":24,"featured_media":5555,"comment_status":"closed","ping_status":"closed","sticky":false,"template":"","format":"standard","meta":[],"categories":[63],"tags":[724,776,1752],"suno_strategy":[],"class_list":["post-38117","post","type-post","status-publish","format-standard","has-post-thumbnail","hentry","category-internacional","tag-donald-trump","tag-federal-reseve-fed","tag-taxa-de-juros"],"yoast_head":"<!-- This site is optimized with the Yoast SEO plugin v24.4 - https:\/\/yoast.com\/wordpress\/plugins\/seo\/ -->\n<title>Donald Trump diz que o Fed &#039;falhou novamente&#039;<\/title>\n<meta name=\"description\" content=\"O presidente norte-americano, Donald Trump, ap\u00f3s o Fed anunciar mais um corte na taxa de juros, voltou a criticar a institui\u00e7\u00e3o. Saiba mais.\" \/>\n<meta name=\"robots\" content=\"index, follow, max-snippet:-1, max-image-preview:large, max-video-preview:-1\" \/>\n<link rel=\"canonical\" href=\"https:\/\/www.suno.com.br\/noticias\/donald-trump-diz-que-o-fed-falhou-novamente\/\" \/>\n<meta property=\"og:locale\" content=\"pt_BR\" \/>\n<meta property=\"og:type\" content=\"article\" \/>\n<meta property=\"og:title\" content=\"Donald Trump diz que o Fed &#039;falhou novamente&#039;\" \/>\n<meta property=\"og:description\" content=\"O presidente norte-americano, Donald Trump, ap\u00f3s o Fed anunciar mais um corte na taxa de juros, voltou a criticar a institui\u00e7\u00e3o. Saiba mais.\" \/>\n<meta property=\"og:url\" content=\"https:\/\/www.suno.com.br\/noticias\/donald-trump-diz-que-o-fed-falhou-novamente\/\" \/>\n<meta property=\"og:site_name\" content=\"Suno Not\u00edcias\" \/>\n<meta property=\"article:publisher\" content=\"https:\/\/facebook.com\/sunoresearch\" \/>\n<meta property=\"og:image\" content=\"https:\/\/files.sunoresearch.com.br\/n\/uploads\/2018\/10\/8fb5635b-donald-trump-scaled.webp\" \/>\n\t<meta property=\"og:image:width\" content=\"2560\" \/>\n\t<meta property=\"og:image:height\" content=\"1829\" \/>\n\t<meta property=\"og:image:type\" content=\"image\/jpeg\" \/>\n<meta name=\"author\" content=\"Jader Lazarini\" \/>\n<meta name=\"twitter:card\" content=\"summary_large_image\" \/>\n<meta name=\"twitter:creator\" content=\"@sunoresearch\" \/>\n<meta name=\"twitter:site\" content=\"@sunoresearch\" \/>\n<meta name=\"twitter:label1\" content=\"Escrito por\" \/>\n\t<meta name=\"twitter:data1\" content=\"Jader Lazarini\" \/>\n\t<meta name=\"twitter:label2\" content=\"Est. tempo de leitura\" \/>\n\t<meta name=\"twitter:data2\" content=\"2 minutos\" \/>\n<script type=\"application\/ld+json\" class=\"yoast-schema-graph\">{\"@context\":\"https:\/\/schema.org\",\"@graph\":[{\"@type\":\"NewsArticle\",\"@id\":\"https:\/\/www.suno.com.br\/noticias\/donald-trump-diz-que-o-fed-falhou-novamente\/#article\",\"isPartOf\":{\"@id\":\"https:\/\/www.suno.com.br\/noticias\/donald-trump-diz-que-o-fed-falhou-novamente\/\"},\"author\":{\"name\":\"Jader Lazarini\",\"@id\":\"https:\/\/www.suno.com.br\/noticias\/#\/schema\/person\/918d79de1f0281f01599b93f9ea6e23f\"},\"headline\":\"Donald Trump diz que o Fed &#8216;falhou novamente&#8217;\",\"datePublished\":\"2019-09-19T12:10:26+00:00\",\"dateModified\":\"2019-09-20T16:16:31+00:00\",\"mainEntityOfPage\":{\"@id\":\"https:\/\/www.suno.com.br\/noticias\/donald-trump-diz-que-o-fed-falhou-novamente\/\"},\"wordCount\":425,\"publisher\":{\"@id\":\"https:\/\/www.suno.com.br\/noticias\/#organization\"},\"image\":{\"@id\":\"https:\/\/www.suno.com.br\/noticias\/donald-trump-diz-que-o-fed-falhou-novamente\/#primaryimage\"},\"thumbnailUrl\":\"https:\/\/files.sunoresearch.com.br\/n\/uploads\/2018\/10\/8fb5635b-donald-trump-scaled.webp\",\"keywords\":[\"Donald Trump\",\"Federal Reserve (FED)\",\"taxa de juros\"],\"articleSection\":[\"Internacional\"],\"inLanguage\":\"pt-BR\"},{\"@type\":\"WebPage\",\"@id\":\"https:\/\/www.suno.com.br\/noticias\/donald-trump-diz-que-o-fed-falhou-novamente\/\",\"url\":\"https:\/\/www.suno.com.br\/noticias\/donald-trump-diz-que-o-fed-falhou-novamente\/\",\"name\":\"Donald Trump diz que o Fed 'falhou novamente'\",\"isPartOf\":{\"@id\":\"https:\/\/www.suno.com.br\/noticias\/#website\"},\"primaryImageOfPage\":{\"@id\":\"https:\/\/www.suno.com.br\/noticias\/donald-trump-diz-que-o-fed-falhou-novamente\/#primaryimage\"},\"image\":{\"@id\":\"https:\/\/www.suno.com.br\/noticias\/donald-trump-diz-que-o-fed-falhou-novamente\/#primaryimage\"},\"thumbnailUrl\":\"https:\/\/files.sunoresearch.com.br\/n\/uploads\/2018\/10\/8fb5635b-donald-trump-scaled.webp\",\"datePublished\":\"2019-09-19T12:10:26+00:00\",\"dateModified\":\"2019-09-20T16:16:31+00:00\",\"description\":\"O presidente norte-americano, Donald Trump, ap\u00f3s o Fed anunciar mais um corte na taxa de juros, voltou a criticar a institui\u00e7\u00e3o. Saiba mais.\",\"breadcrumb\":{\"@id\":\"https:\/\/www.suno.com.br\/noticias\/donald-trump-diz-que-o-fed-falhou-novamente\/#breadcrumb\"},\"inLanguage\":\"pt-BR\",\"potentialAction\":[{\"@type\":\"ReadAction\",\"target\":[\"https:\/\/www.suno.com.br\/noticias\/donald-trump-diz-que-o-fed-falhou-novamente\/\"]}]},{\"@type\":\"ImageObject\",\"inLanguage\":\"pt-BR\",\"@id\":\"https:\/\/www.suno.com.br\/noticias\/donald-trump-diz-que-o-fed-falhou-novamente\/#primaryimage\",\"url\":\"https:\/\/files.sunoresearch.com.br\/n\/uploads\/2018\/10\/8fb5635b-donald-trump-scaled.webp\",\"contentUrl\":\"https:\/\/files.sunoresearch.com.br\/n\/uploads\/2018\/10\/8fb5635b-donald-trump-scaled.webp\",\"width\":2560,\"height\":1829,\"caption\":\"An\u00fancio de Trump eleva juros e mexe com a renda fixa\"},{\"@type\":\"BreadcrumbList\",\"@id\":\"https:\/\/www.suno.com.br\/noticias\/donald-trump-diz-que-o-fed-falhou-novamente\/#breadcrumb\",\"itemListElement\":[{\"@type\":\"ListItem\",\"position\":1,\"name\":\"Not\u00edcias\",\"item\":\"https:\/\/www.suno.com.br\/noticias\/\"},{\"@type\":\"ListItem\",\"position\":2,\"name\":\"Internacional\",\"item\":\"https:\/\/www.suno.com.br\/noticias\/internacional\/\"},{\"@type\":\"ListItem\",\"position\":3,\"name\":\"Donald Trump diz que o Fed &#8216;falhou novamente&#8217;\"}]},{\"@type\":\"WebSite\",\"@id\":\"https:\/\/www.suno.com.br\/noticias\/#website\",\"url\":\"https:\/\/www.suno.com.br\/noticias\/\",\"name\":\"Suno Not\u00edcias\",\"description\":\"Seu portal de informa\u00e7\u00e3o sobre o mundo dos investimentos\",\"publisher\":{\"@id\":\"https:\/\/www.suno.com.br\/noticias\/#organization\"},\"potentialAction\":[{\"@type\":\"SearchAction\",\"target\":{\"@type\":\"EntryPoint\",\"urlTemplate\":\"https:\/\/www.suno.com.br\/noticias\/?s={search_term_string}\"},\"query-input\":{\"@type\":\"PropertyValueSpecification\",\"valueRequired\":true,\"valueName\":\"search_term_string\"}}],\"inLanguage\":\"pt-BR\"},{\"@type\":\"Organization\",\"@id\":\"https:\/\/www.suno.com.br\/noticias\/#organization\",\"name\":\"Suno Not\u00edcias\",\"url\":\"https:\/\/www.suno.com.br\/noticias\/\",\"logo\":{\"@type\":\"ImageObject\",\"inLanguage\":\"pt-BR\",\"@id\":\"https:\/\/www.suno.com.br\/noticias\/#\/schema\/logo\/image\/\",\"url\":\"https:\/\/files.sunoresearch.com.br\/n\/uploads\/2021\/09\/suno-logo.png\",\"contentUrl\":\"https:\/\/files.sunoresearch.com.br\/n\/uploads\/2021\/09\/suno-logo.png\",\"width\":180,\"height\":180,\"caption\":\"Suno Not\u00edcias\"},\"image\":{\"@id\":\"https:\/\/www.suno.com.br\/noticias\/#\/schema\/logo\/image\/\"},\"sameAs\":[\"https:\/\/facebook.com\/sunoresearch\",\"https:\/\/x.com\/sunoresearch\",\"https:\/\/www.instagram.com\/suno\",\"https:\/\/www.linkedin.com\/company\/suno-research\/\",\"https:\/\/www.youtube.com\/c\/sunoresearch\"]},{\"@type\":\"Person\",\"@id\":\"https:\/\/www.suno.com.br\/noticias\/#\/schema\/person\/918d79de1f0281f01599b93f9ea6e23f\",\"name\":\"Jader Lazarini\",\"image\":{\"@type\":\"ImageObject\",\"inLanguage\":\"pt-BR\",\"@id\":\"https:\/\/www.suno.com.br\/noticias\/#\/schema\/person\/image\/\",\"url\":\"https:\/\/secure.gravatar.com\/avatar\/3c1ad8caa51589841baeb923fcddea97?s=96&r=g\",\"contentUrl\":\"https:\/\/secure.gravatar.com\/avatar\/3c1ad8caa51589841baeb923fcddea97?s=96&r=g\",\"caption\":\"Jader Lazarini\"},\"description\":\"Jader Lazarini escreve sobre investimentos, finan\u00e7as, economia e neg\u00f3cios. \u00c9 bacharel em Rela\u00e7\u00f5es Internacionais e analista CNPI (2619).\",\"url\":\"https:\/\/www.suno.com.br\/noticias\/author\/jader-lazarini\/\"}]}<\/script>\n<!-- \/ Yoast SEO plugin. -->","yoast_head_json":{"title":"Donald Trump diz que o Fed 'falhou novamente'","description":"O presidente norte-americano, Donald Trump, ap\u00f3s o Fed anunciar mais um corte na taxa de juros, voltou a criticar a institui\u00e7\u00e3o. Saiba mais.","robots":{"index":"index","follow":"follow","max-snippet":"max-snippet:-1","max-image-preview":"max-image-preview:large","max-video-preview":"max-video-preview:-1"},"canonical":"https:\/\/www.suno.com.br\/noticias\/donald-trump-diz-que-o-fed-falhou-novamente\/","og_locale":"pt_BR","og_type":"article","og_title":"Donald Trump diz que o Fed 'falhou novamente'","og_description":"O presidente norte-americano, Donald Trump, ap\u00f3s o Fed anunciar mais um corte na taxa de juros, voltou a criticar a institui\u00e7\u00e3o. Saiba mais.","og_url":"https:\/\/www.suno.com.br\/noticias\/donald-trump-diz-que-o-fed-falhou-novamente\/","og_site_name":"Suno Not\u00edcias","article_publisher":"https:\/\/facebook.com\/sunoresearch","og_image":[{"width":2560,"height":1829,"url":"https:\/\/files.sunoresearch.com.br\/n\/uploads\/2018\/10\/8fb5635b-donald-trump-scaled.webp","type":"image\/jpeg"}],"author":"Jader Lazarini","twitter_card":"summary_large_image","twitter_creator":"@sunoresearch","twitter_site":"@sunoresearch","twitter_misc":{"Escrito por":"Jader Lazarini","Est. tempo de leitura":"2 minutos"},"schema":{"@context":"https:\/\/schema.org","@graph":[{"@type":"NewsArticle","@id":"https:\/\/www.suno.com.br\/noticias\/donald-trump-diz-que-o-fed-falhou-novamente\/#article","isPartOf":{"@id":"https:\/\/www.suno.com.br\/noticias\/donald-trump-diz-que-o-fed-falhou-novamente\/"},"author":{"name":"Jader Lazarini","@id":"https:\/\/www.suno.com.br\/noticias\/#\/schema\/person\/918d79de1f0281f01599b93f9ea6e23f"},"headline":"Donald Trump diz que o Fed &#8216;falhou novamente&#8217;","datePublished":"2019-09-19T12:10:26+00:00","dateModified":"2019-09-20T16:16:31+00:00","mainEntityOfPage":{"@id":"https:\/\/www.suno.com.br\/noticias\/donald-trump-diz-que-o-fed-falhou-novamente\/"},"wordCount":425,"publisher":{"@id":"https:\/\/www.suno.com.br\/noticias\/#organization"},"image":{"@id":"https:\/\/www.suno.com.br\/noticias\/donald-trump-diz-que-o-fed-falhou-novamente\/#primaryimage"},"thumbnailUrl":"https:\/\/files.sunoresearch.com.br\/n\/uploads\/2018\/10\/8fb5635b-donald-trump-scaled.webp","keywords":["Donald Trump","Federal Reserve (FED)","taxa de juros"],"articleSection":["Internacional"],"inLanguage":"pt-BR"},{"@type":"WebPage","@id":"https:\/\/www.suno.com.br\/noticias\/donald-trump-diz-que-o-fed-falhou-novamente\/","url":"https:\/\/www.suno.com.br\/noticias\/donald-trump-diz-que-o-fed-falhou-novamente\/","name":"Donald Trump diz que o Fed 'falhou novamente'","isPartOf":{"@id":"https:\/\/www.suno.com.br\/noticias\/#website"},"primaryImageOfPage":{"@id":"https:\/\/www.suno.com.br\/noticias\/donald-trump-diz-que-o-fed-falhou-novamente\/#primaryimage"},"image":{"@id":"https:\/\/www.suno.com.br\/noticias\/donald-trump-diz-que-o-fed-falhou-novamente\/#primaryimage"},"thumbnailUrl":"https:\/\/files.sunoresearch.com.br\/n\/uploads\/2018\/10\/8fb5635b-donald-trump-scaled.webp","datePublished":"2019-09-19T12:10:26+00:00","dateModified":"2019-09-20T16:16:31+00:00","description":"O presidente norte-americano, Donald Trump, ap\u00f3s o Fed anunciar mais um corte na taxa de juros, voltou a criticar a institui\u00e7\u00e3o. Saiba mais.","breadcrumb":{"@id":"https:\/\/www.suno.com.br\/noticias\/donald-trump-diz-que-o-fed-falhou-novamente\/#breadcrumb"},"inLanguage":"pt-BR","potentialAction":[{"@type":"ReadAction","target":["https:\/\/www.suno.com.br\/noticias\/donald-trump-diz-que-o-fed-falhou-novamente\/"]}]},{"@type":"ImageObject","inLanguage":"pt-BR","@id":"https:\/\/www.suno.com.br\/noticias\/donald-trump-diz-que-o-fed-falhou-novamente\/#primaryimage","url":"https:\/\/files.sunoresearch.com.br\/n\/uploads\/2018\/10\/8fb5635b-donald-trump-scaled.webp","contentUrl":"https:\/\/files.sunoresearch.com.br\/n\/uploads\/2018\/10\/8fb5635b-donald-trump-scaled.webp","width":2560,"height":1829,"caption":"An\u00fancio de Trump eleva juros e mexe com a renda fixa"},{"@type":"BreadcrumbList","@id":"https:\/\/www.suno.com.br\/noticias\/donald-trump-diz-que-o-fed-falhou-novamente\/#breadcrumb","itemListElement":[{"@type":"ListItem","position":1,"name":"Not\u00edcias","item":"https:\/\/www.suno.com.br\/noticias\/"},{"@type":"ListItem","position":2,"name":"Internacional","item":"https:\/\/www.suno.com.br\/noticias\/internacional\/"},{"@type":"ListItem","position":3,"name":"Donald Trump diz que o Fed &#8216;falhou novamente&#8217;"}]},{"@type":"WebSite","@id":"https:\/\/www.suno.com.br\/noticias\/#website","url":"https:\/\/www.suno.com.br\/noticias\/","name":"Suno Not\u00edcias","description":"Seu portal de informa\u00e7\u00e3o sobre o mundo dos investimentos","publisher":{"@id":"https:\/\/www.suno.com.br\/noticias\/#organization"},"potentialAction":[{"@type":"SearchAction","target":{"@type":"EntryPoint","urlTemplate":"https:\/\/www.suno.com.br\/noticias\/?s={search_term_string}"},"query-input":{"@type":"PropertyValueSpecification","valueRequired":true,"valueName":"search_term_string"}}],"inLanguage":"pt-BR"},{"@type":"Organization","@id":"https:\/\/www.suno.com.br\/noticias\/#organization","name":"Suno Not\u00edcias","url":"https:\/\/www.suno.com.br\/noticias\/","logo":{"@type":"ImageObject","inLanguage":"pt-BR","@id":"https:\/\/www.suno.com.br\/noticias\/#\/schema\/logo\/image\/","url":"https:\/\/files.sunoresearch.com.br\/n\/uploads\/2021\/09\/suno-logo.png","contentUrl":"https:\/\/files.sunoresearch.com.br\/n\/uploads\/2021\/09\/suno-logo.png","width":180,"height":180,"caption":"Suno Not\u00edcias"},"image":{"@id":"https:\/\/www.suno.com.br\/noticias\/#\/schema\/logo\/image\/"},"sameAs":["https:\/\/facebook.com\/sunoresearch","https:\/\/x.com\/sunoresearch","https:\/\/www.instagram.com\/suno","https:\/\/www.linkedin.com\/company\/suno-research\/","https:\/\/www.youtube.com\/c\/sunoresearch"]},{"@type":"Person","@id":"https:\/\/www.suno.com.br\/noticias\/#\/schema\/person\/918d79de1f0281f01599b93f9ea6e23f","name":"Jader Lazarini","image":{"@type":"ImageObject","inLanguage":"pt-BR","@id":"https:\/\/www.suno.com.br\/noticias\/#\/schema\/person\/image\/","url":"https:\/\/secure.gravatar.com\/avatar\/3c1ad8caa51589841baeb923fcddea97?s=96&r=g","contentUrl":"https:\/\/secure.gravatar.com\/avatar\/3c1ad8caa51589841baeb923fcddea97?s=96&r=g","caption":"Jader Lazarini"},"description":"Jader Lazarini escreve sobre investimentos, finan\u00e7as, economia e neg\u00f3cios. \u00c9 bacharel em Rela\u00e7\u00f5es Internacionais e analista CNPI (2619).","url":"https:\/\/www.suno.com.br\/noticias\/author\/jader-lazarini\/"}]}},"default_loop_html":"<div class=\"cardsPage__listCard__boxs\"><div class=\"cardsPage__listCard__boxs__img\"><a href=\"https:\/\/www.suno.com.br\/noticias\/donald-trump-diz-que-o-fed-falhou-novamente\/\"><img class=\"mask\" src=\"https:\/\/www.suno.com.br\/noticias\/wp-content\/themes\/suno\/resources\/images\/spotlight\/spotlight1img\/bg-mask.png\" alt=\"Image Mask\"\/><img src=\"https:\/\/files.sunoresearch.com.br\/n\/uploads\/2018\/10\/8fb5635b-donald-trump-400x200.webp\" alt=\"Donald Trump diz que o Fed &#8216;falhou novamente&#8217;\"\/><\/a><span class=\"spotlightCategory\"><a href=\"https:\/\/www.suno.com.br\/noticias\/internacional\/\">Internacional<\/a><\/span><\/div><div class=\"cardsPage__listCard__boxs__content\"><a href=\"https:\/\/www.suno.com.br\/noticias\/donald-trump-diz-que-o-fed-falhou-novamente\/\"><h2 class=\"content__title\">Donald Trump diz que o Fed &#8216;falhou novamente&#8217;<\/h2><\/a><div class=\"newsContent__article__meta\"><div class=\"newsContent__article__meta__authorBox\"><a href=\"https:\/\/www.suno.com.br\/noticias\/author\/jader-lazarini\/\" class=\"authorBox__avatar noMobi\"><img src=\"https:\/\/files.sunoresearch.com.br\/n\/uploads\/2021\/01\/178e6598-foto-perfil-2-150x150.jpg\" alt=\"Jader Lazarini\"><\/a><div class=\"authorBox__name\"><span>por\n\t\t\t<a href=\"https:\/\/www.suno.com.br\/noticias\/author\/jader-lazarini\/\"><span itemprop=\"author\">Jader Lazarini<\/span><\/a><\/span><time datetime=\"2019-09-19T09:10:26-03:00\" itemprop=\"datePublished\">19\/09\/2019 09:10<\/time><\/div><\/div><\/div><\/div><\/div>","single_layout":"posts","amp_enabled":true,"_links":{"self":[{"href":"https:\/\/www.suno.com.br\/noticias\/wp-json\/wp\/v2\/posts\/38117"}],"collection":[{"href":"https:\/\/www.suno.com.br\/noticias\/wp-json\/wp\/v2\/posts"}],"about":[{"href":"https:\/\/www.suno.com.br\/noticias\/wp-json\/wp\/v2\/types\/post"}],"author":[{"embeddable":true,"href":"https:\/\/www.suno.com.br\/noticias\/wp-json\/wp\/v2\/users\/24"}],"replies":[{"embeddable":true,"href":"https:\/\/www.suno.com.br\/noticias\/wp-json\/wp\/v2\/comments?post=38117"}],"version-history":[{"count":0,"href":"https:\/\/www.suno.com.br\/noticias\/wp-json\/wp\/v2\/posts\/38117\/revisions"}],"wp:featuredmedia":[{"embeddable":true,"href":"https:\/\/www.suno.com.br\/noticias\/wp-json\/wp\/v2\/media\/5555"}],"wp:attachment":[{"href":"https:\/\/www.suno.com.br\/noticias\/wp-json\/wp\/v2\/media?parent=38117"}],"wp:term":[{"taxonomy":"category","embeddable":true,"href":"https:\/\/www.suno.com.br\/noticias\/wp-json\/wp\/v2\/categories?post=38117"},{"taxonomy":"post_tag","embeddable":true,"href":"https:\/\/www.suno.com.br\/noticias\/wp-json\/wp\/v2\/tags?post=38117"},{"taxonomy":"suno_strategy","embeddable":true,"href":"https:\/\/www.suno.com.br\/noticias\/wp-json\/wp\/v2\/suno_strategy?post=38117"}],"curies":[{"name":"wp","href":"https:\/\/api.w.org\/{rel}","templated":true}]}}