{"id":380963,"date":"2023-03-27T10:55:24","date_gmt":"2023-03-27T13:55:24","guid":{"rendered":"https:\/\/www.suno.com.br\/noticias\/?p=380963"},"modified":"2023-03-27T11:13:05","modified_gmt":"2023-03-27T14:13:05","slug":"lula-brasil-arcabouco-fiscal-como-fica","status":"publish","type":"post","link":"https:\/\/www.suno.com.br\/noticias\/lula-brasil-arcabouco-fiscal-como-fica\/","title":{"rendered":"Com Lula no Brasil, como fica o arcabou\u00e7o fiscal? Adiamento da viagem \u00e0 China facilita processo, diz Fazenda"},"content":{"rendered":"<p>Ap\u00f3s o presidente Luiz In\u00e1cio <strong>Lula<\/strong> da Silva (PT) adiar a viagem \u00e0 China devido ao diagn\u00f3stico de broncopneumonia, os agentes pol\u00edticos e econ\u00f4micos seguem no aguardo de sinaliza\u00e7\u00f5es sobre quando o novo arcabou\u00e7o fiscal ser\u00e1 apresentado. Gabriel Gal\u00edpolo, secret\u00e1rio-executivo do <a class=\"suno-keyword\" data-force=\"no\" data-priority=\"2\" href=\"https:\/\/www.suno.com.br\/artigos\/ministerio-da-fazenda\/\" target=\"_blank\" rel=\"noopener\">Minist\u00e9rio da Fazenda<\/a>, acredita que a perman\u00eancia do pol\u00edtico no Brasil deve facilitar a apresenta\u00e7\u00e3o da regra que substituir\u00e1 o <a class=\"suno-keyword\" data-force=\"no\" data-priority=\"1\" href=\"https:\/\/www.suno.com.br\/artigos\/teto-de-gastos\/\" target=\"_blank\" rel=\"noopener\">teto de gastos<\/a>.<\/p>\t<div class=\"wrapper-featured-image\">\n\t\t<figure class=\"spotlightImg\">\n\n\t\t\t<picture>\n\t\t\t\t<source media=\"(max-width: 768px)\" srcset=\"https:\/\/files.sunoresearch.com.br\/n\/uploads\/2023\/03\/lula-entrevista-eletrobras-elet3-foto-tv247-youtube-400x200.jpg\">\n\t\t\t\t<img loading=\"lazy\" decoding=\"async\" class=\"newsContent__article__imgCapa lazyloadDisabled \" src=\"https:\/\/files.sunoresearch.com.br\/n\/uploads\/2023\/03\/lula-entrevista-eletrobras-elet3-foto-tv247-youtube-800x450.jpg\" width=\"800\" height=\"450\" alt=\"Com Lula no Brasil, como fica o arcabou\u00e7o fiscal? Adiamento da viagem \u00e0 China facilita processo, diz Fazenda\" fetchpriority=high \/>\n\t\t\t<\/picture>\n\n\t\t\t<figcaption class=\"wp-caption-text wp-caption-text--show\">Presidente Lula em entrevista ao canal TV 247. Foto: YouTube<\/figcaption>\n\t\t<\/figure>\n\t<\/div>\n\n\n\n\n\n\t<p>\n\t\t<a href=\"\" target=\"_blank\" data-element=\"shortcode-suno-banner\" title=\"Banner SUNO, clique e saiba mais\">\n\t\t\t<picture>\n\t\t\t\t<source media=\"(max-width: 500px)\" srcset=\"\">\n\t\t\t\t<img class=\"newsContent__article__imgCapa newsContent__article__imgCapa--banner\"\n\t\t\t\t\tsrc=\"\"\n\t\t\t\t\tdata-promo-id=\"240038\"\t\t\t\t\t\t\t\t\t\t\t\t\t\t\talt=\"\"\n\t\t\t\t>\n\t\t\t<\/picture>\n\t\t<\/a>\n\t<\/p>\n\n\n\n\n\n<p>De acordo com o jornal Valor Econ\u00f4mico, o bra\u00e7o-direito do ministro da Fazenda, <strong>Fernando Haddad<\/strong>, participou de um evento nesta segunda (27) e n\u00e3o quis comentar se a regra pode ser apresentada ainda nesta semana.<\/p>\n\n\n\n<p>Contudo, Gal\u00edpolo ressaltou que o adiamento da viagem possibilita novas reuni\u00f5es com Haddad para que o tema siga sendo discutido pela pasta.<\/p>\n\n\n\n<p>&#8220;\u00c9 preciso mostrar ao mercado que par\u00e2metros v\u00e3o controlar rela\u00e7\u00e3o d\u00edvida\/PIB&#8221;, destacou o secret\u00e1rio-executivo. No evento promovido pela Arko Advice, Gal\u00edpolo tamb\u00e9m argumentou que o <strong>arcabou\u00e7o fiscal<\/strong> precisa ser desafiador, mas cr\u00edvel.<\/p>\n\n\n\t<p>\n\t\t<a href=\"https:\/\/lp.suno.com.br\/planilha-controle-gastos\/\" target=\"_blank\" data-element=\"shortcode-suno-banner\" title=\"Banner SUNO, clique e saiba mais\">\n\t\t\t<picture>\n\t\t\t\t<source media=\"(max-width: 500px)\" srcset=\"https:\/\/files.sunoresearch.com.br\/n\/uploads\/2023\/03\/400x300-Planilha-controle-de-gastos.png\">\n\t\t\t\t<img class=\"newsContent__article__imgCapa newsContent__article__imgCapa--banner\"\n\t\t\t\t\tsrc=\"https:\/\/files.sunoresearch.com.br\/n\/uploads\/2023\/03\/1420x240-Planilha-controle-de-gastos.png\"\n\t\t\t\t\tdata-promo-id=\"101751\"\t\t\t\t\t\t\t\t\t\twidth='1420' height='240'\t\t\t\t\talt=\"https:\/\/files.sunoresearch.com.br\/n\/uploads\/2023\/03\/1420x240-Planilha-controle-de-gastos.png\"\n\t\t\t\t>\n\t\t\t<\/picture>\n\t\t<\/a>\n\t<\/p>\n\n\n\n\n\n<h2 class=\"wp-block-heading\" id=\"h-lula-quer-discutir-arcabouco-fiscal-um-pouco-mais\">Lula quer discutir arcabou\u00e7o fiscal &#8216;um pouco mais&#8217;<\/h2>\n\n\n\n<p>Em entrevista \u00e0 TV 247 na semana passada, Lula j\u00e1 havia avisado que precisava discutir a proposta do <strong>novo arcabou\u00e7o fiscal<\/strong> &#8220;um pouco mais&#8221; com a sua equipe.<\/p>\n\n\n\n<p>&#8220;\u00c9 preciso discutir um pouco mais. A gente n\u00e3o tem que ter a pressa que algumas pessoas do setor financeiro querem&#8221;, afirmou o presidente na ocasi\u00e3o.<\/p>\n\n\n\n\t<div data-element=\"shortcode-read-more\" class=\"readToo\">\n\t\t\t\t<span class=\"readToo__title\">Leia mais<\/span>\n\t\t\t\t<ul class=\"readToo__list\">\n\t\t\t<li><a href=\"https:\/\/www.suno.com.br\/noticias\/lula-aumenta-suspense-arcabouco-fiscal\/\">Lula aumenta suspense sobre novo arcabou\u00e7o fiscal: &#8216;\u00c9 preciso discutir um pouco mais&#8217;<\/a><\/li><li><a href=\"https:\/\/www.suno.com.br\/noticias\/petrobras-petr4-lula-revolta-dividendos\/\">Lula se revolta com dividendos da Petrobras (PETR4): &#8216;\u00c9 um absurdo&#8217;<\/a><\/li>\t\t<\/ul>\n\t<\/div>\n\n\n\n\n<p>O \u00faltimo <strong>boletim m\u00e9dico de Lula<\/strong> foi apresentado no s\u00e1bado (25), quando ele foi diagnosticado com broncopneumonia bacteriana e viral por influenza A.  De acordo com o boletim assinado pela m\u00e9dica Ana Helena Germoglio, o pol\u00edtico apresentou melhora cl\u00ednica, mas a recomenda\u00e7\u00e3o foi de que a viagem fosse adiada, o que est\u00e1 sendo cumprido pela equipe presidencial. Veja a nota na \u00edntegra:<\/p>\n\n\n\n<p><em>O Presidente Luiz In\u00e1cio <strong>Lula <\/strong>da Silva deu entrada no Hospital Sirio-Liban\u00eas &#8211; unidade Bras\u00edlia, em 23\/3\/2023 com sintomas gripais. Ap\u00f3s avalia\u00e7\u00e3o cl\u00ednica, foi feito diagn\u00f3stico de broncopneumonia bacteriana e viral por influenza A, sendo iniciado tratamento. Ap\u00f3s reavalia\u00e7\u00e3o no dia de hoje e, apesar da melhora cl\u00ednica, o servi\u00e7o m\u00e9dico da Presid\u00eancia da Rep\u00fablica recomenda o adiamento da viagem para China at\u00e9 que se encerre o ciclo de transmiss\u00e3o viral. &#8211; Dra. Ana Helena Germoglio<\/em><\/p>\n\n\n\t<p>\n\t\t<a href=\"https:\/\/lp.suno.com.br\/planilha-da-vida-financeira\/\" target=\"_blank\" data-element=\"shortcode-suno-banner\" title=\"Banner SUNO, clique e saiba mais\">\n\t\t\t<picture>\n\t\t\t\t<source media=\"(max-width: 500px)\" srcset=\"https:\/\/files.sunoresearch.com.br\/n\/uploads\/2023\/04\/400x300-Planilha-vida-financeira-true.png\">\n\t\t\t\t<img class=\"newsContent__article__imgCapa newsContent__article__imgCapa--banner\"\n\t\t\t\t\tsrc=\"https:\/\/files.sunoresearch.com.br\/n\/uploads\/2023\/04\/1420x240-Planilha-vida-financeira-true.png\"\n\t\t\t\t\tdata-promo-id=\"106682\"\t\t\t\t\t\t\t\t\t\twidth='1420' height='240'\t\t\t\t\talt=\"https:\/\/files.sunoresearch.com.br\/n\/uploads\/2023\/04\/1420x240-Planilha-vida-financeira-true.png\"\n\t\t\t\t>\n\t\t\t<\/picture>\n\t\t<\/a>\n\t<\/p>\n\n\n","protected":false},"excerpt":{"rendered":"<p>Ap\u00f3s o presidente Luiz In\u00e1cio Lula da Silva (PT) adiar a viagem \u00e0 China devido ao diagn\u00f3stico de broncopneumonia, os agentes pol\u00edticos e econ\u00f4micos seguem no aguardo de sinaliza\u00e7\u00f5es sobre quando o novo arcabou\u00e7o fiscal ser\u00e1 apresentado. Gabriel Gal\u00edpolo, secret\u00e1rio-executivo do Minist\u00e9rio da Fazenda, acredita que a perman\u00eancia do pol\u00edtico no Brasil deve facilitar a [&hellip;]<\/p>\n","protected":false},"author":232,"featured_media":378687,"comment_status":"closed","ping_status":"closed","sticky":false,"template":"","format":"standard","meta":[],"categories":[62],"tags":[709],"suno_strategy":[],"class_list":["post-380963","post","type-post","status-publish","format-standard","has-post-thumbnail","hentry","category-economia","tag-lula"],"yoast_head":"<!-- This site is optimized with the Yoast SEO plugin v24.4 - https:\/\/yoast.com\/wordpress\/plugins\/seo\/ -->\n<title>Com Lula no Brasil, como fica o arcabou\u00e7o fiscal?<\/title>\n<meta name=\"description\" content=\"Ap\u00f3s o presidente Luiz In\u00e1cio Lula da Silva (PT) adiar a viagem \u00e0 China, como fica o arcabou\u00e7o fiscal? A iniciativa ser\u00e1 apresentada?\" \/>\n<meta name=\"robots\" content=\"index, follow, max-snippet:-1, max-image-preview:large, max-video-preview:-1\" \/>\n<link rel=\"canonical\" href=\"https:\/\/www.suno.com.br\/noticias\/lula-brasil-arcabouco-fiscal-como-fica\/\" \/>\n<meta property=\"og:locale\" content=\"pt_BR\" \/>\n<meta property=\"og:type\" content=\"article\" \/>\n<meta property=\"og:title\" content=\"Com Lula no Brasil, como fica o arcabou\u00e7o fiscal?\" \/>\n<meta property=\"og:description\" content=\"Ap\u00f3s o presidente Luiz In\u00e1cio Lula da Silva (PT) adiar a viagem \u00e0 China, como fica o arcabou\u00e7o fiscal? A iniciativa ser\u00e1 apresentada?\" \/>\n<meta property=\"og:url\" content=\"https:\/\/www.suno.com.br\/noticias\/lula-brasil-arcabouco-fiscal-como-fica\/\" \/>\n<meta property=\"og:site_name\" content=\"Suno Not\u00edcias\" \/>\n<meta property=\"article:publisher\" content=\"https:\/\/facebook.com\/sunoresearch\" \/>\n<meta property=\"og:image\" content=\"https:\/\/files.sunoresearch.com.br\/n\/uploads\/2023\/03\/lula-entrevista-eletrobras-elet3-foto-tv247-youtube.jpg\" \/>\n\t<meta property=\"og:image:width\" content=\"1200\" \/>\n\t<meta property=\"og:image:height\" content=\"675\" \/>\n\t<meta property=\"og:image:type\" content=\"image\/jpeg\" \/>\n<meta name=\"author\" content=\"Erick Matheus Nery\" \/>\n<meta name=\"twitter:card\" content=\"summary_large_image\" \/>\n<meta name=\"twitter:creator\" content=\"@sunoresearch\" \/>\n<meta name=\"twitter:site\" content=\"@sunoresearch\" \/>\n<meta name=\"twitter:label1\" content=\"Escrito por\" \/>\n\t<meta name=\"twitter:data1\" content=\"Erick Matheus Nery\" \/>\n\t<meta name=\"twitter:label2\" content=\"Est. tempo de leitura\" \/>\n\t<meta name=\"twitter:data2\" content=\"2 minutos\" \/>\n<script type=\"application\/ld+json\" class=\"yoast-schema-graph\">{\"@context\":\"https:\/\/schema.org\",\"@graph\":[{\"@type\":\"NewsArticle\",\"@id\":\"https:\/\/www.suno.com.br\/noticias\/lula-brasil-arcabouco-fiscal-como-fica\/#article\",\"isPartOf\":{\"@id\":\"https:\/\/www.suno.com.br\/noticias\/lula-brasil-arcabouco-fiscal-como-fica\/\"},\"author\":{\"name\":\"Erick Matheus Nery\",\"@id\":\"https:\/\/www.suno.com.br\/noticias\/#\/schema\/person\/6899bc3f19d1a7315f807131c2c013a0\"},\"headline\":\"Com Lula no Brasil, como fica o arcabou\u00e7o fiscal? Adiamento da viagem \u00e0 China facilita processo, diz Fazenda\",\"datePublished\":\"2023-03-27T13:55:24+00:00\",\"dateModified\":\"2023-03-27T14:13:05+00:00\",\"mainEntityOfPage\":{\"@id\":\"https:\/\/www.suno.com.br\/noticias\/lula-brasil-arcabouco-fiscal-como-fica\/\"},\"wordCount\":425,\"publisher\":{\"@id\":\"https:\/\/www.suno.com.br\/noticias\/#organization\"},\"image\":{\"@id\":\"https:\/\/www.suno.com.br\/noticias\/lula-brasil-arcabouco-fiscal-como-fica\/#primaryimage\"},\"thumbnailUrl\":\"https:\/\/files.sunoresearch.com.br\/n\/uploads\/2023\/03\/lula-entrevista-eletrobras-elet3-foto-tv247-youtube.jpg\",\"keywords\":[\"Lula\"],\"articleSection\":[\"Economia\"],\"inLanguage\":\"pt-BR\"},{\"@type\":\"WebPage\",\"@id\":\"https:\/\/www.suno.com.br\/noticias\/lula-brasil-arcabouco-fiscal-como-fica\/\",\"url\":\"https:\/\/www.suno.com.br\/noticias\/lula-brasil-arcabouco-fiscal-como-fica\/\",\"name\":\"Com Lula no Brasil, como fica o arcabou\u00e7o fiscal?\",\"isPartOf\":{\"@id\":\"https:\/\/www.suno.com.br\/noticias\/#website\"},\"primaryImageOfPage\":{\"@id\":\"https:\/\/www.suno.com.br\/noticias\/lula-brasil-arcabouco-fiscal-como-fica\/#primaryimage\"},\"image\":{\"@id\":\"https:\/\/www.suno.com.br\/noticias\/lula-brasil-arcabouco-fiscal-como-fica\/#primaryimage\"},\"thumbnailUrl\":\"https:\/\/files.sunoresearch.com.br\/n\/uploads\/2023\/03\/lula-entrevista-eletrobras-elet3-foto-tv247-youtube.jpg\",\"datePublished\":\"2023-03-27T13:55:24+00:00\",\"dateModified\":\"2023-03-27T14:13:05+00:00\",\"description\":\"Ap\u00f3s o presidente Luiz In\u00e1cio Lula da Silva (PT) adiar a viagem \u00e0 China, como fica o arcabou\u00e7o fiscal? A iniciativa ser\u00e1 apresentada?\",\"breadcrumb\":{\"@id\":\"https:\/\/www.suno.com.br\/noticias\/lula-brasil-arcabouco-fiscal-como-fica\/#breadcrumb\"},\"inLanguage\":\"pt-BR\",\"potentialAction\":[{\"@type\":\"ReadAction\",\"target\":[\"https:\/\/www.suno.com.br\/noticias\/lula-brasil-arcabouco-fiscal-como-fica\/\"]}]},{\"@type\":\"ImageObject\",\"inLanguage\":\"pt-BR\",\"@id\":\"https:\/\/www.suno.com.br\/noticias\/lula-brasil-arcabouco-fiscal-como-fica\/#primaryimage\",\"url\":\"https:\/\/files.sunoresearch.com.br\/n\/uploads\/2023\/03\/lula-entrevista-eletrobras-elet3-foto-tv247-youtube.jpg\",\"contentUrl\":\"https:\/\/files.sunoresearch.com.br\/n\/uploads\/2023\/03\/lula-entrevista-eletrobras-elet3-foto-tv247-youtube.jpg\",\"width\":1200,\"height\":675,\"caption\":\"Presidente Lula em entrevista ao canal TV 247. Foto: YouTube\"},{\"@type\":\"BreadcrumbList\",\"@id\":\"https:\/\/www.suno.com.br\/noticias\/lula-brasil-arcabouco-fiscal-como-fica\/#breadcrumb\",\"itemListElement\":[{\"@type\":\"ListItem\",\"position\":1,\"name\":\"Not\u00edcias\",\"item\":\"https:\/\/www.suno.com.br\/noticias\/\"},{\"@type\":\"ListItem\",\"position\":2,\"name\":\"Economia\",\"item\":\"https:\/\/www.suno.com.br\/noticias\/economia\/\"},{\"@type\":\"ListItem\",\"position\":3,\"name\":\"Com Lula no Brasil, como fica o arcabou\u00e7o fiscal? Adiamento da viagem \u00e0 China facilita processo, diz Fazenda\"}]},{\"@type\":\"WebSite\",\"@id\":\"https:\/\/www.suno.com.br\/noticias\/#website\",\"url\":\"https:\/\/www.suno.com.br\/noticias\/\",\"name\":\"Suno Not\u00edcias\",\"description\":\"Seu portal de informa\u00e7\u00e3o sobre o mundo dos investimentos\",\"publisher\":{\"@id\":\"https:\/\/www.suno.com.br\/noticias\/#organization\"},\"potentialAction\":[{\"@type\":\"SearchAction\",\"target\":{\"@type\":\"EntryPoint\",\"urlTemplate\":\"https:\/\/www.suno.com.br\/noticias\/?s={search_term_string}\"},\"query-input\":{\"@type\":\"PropertyValueSpecification\",\"valueRequired\":true,\"valueName\":\"search_term_string\"}}],\"inLanguage\":\"pt-BR\"},{\"@type\":\"Organization\",\"@id\":\"https:\/\/www.suno.com.br\/noticias\/#organization\",\"name\":\"Suno Not\u00edcias\",\"url\":\"https:\/\/www.suno.com.br\/noticias\/\",\"logo\":{\"@type\":\"ImageObject\",\"inLanguage\":\"pt-BR\",\"@id\":\"https:\/\/www.suno.com.br\/noticias\/#\/schema\/logo\/image\/\",\"url\":\"https:\/\/files.sunoresearch.com.br\/n\/uploads\/2021\/09\/suno-logo.png\",\"contentUrl\":\"https:\/\/files.sunoresearch.com.br\/n\/uploads\/2021\/09\/suno-logo.png\",\"width\":180,\"height\":180,\"caption\":\"Suno Not\u00edcias\"},\"image\":{\"@id\":\"https:\/\/www.suno.com.br\/noticias\/#\/schema\/logo\/image\/\"},\"sameAs\":[\"https:\/\/facebook.com\/sunoresearch\",\"https:\/\/x.com\/sunoresearch\",\"https:\/\/www.instagram.com\/suno\",\"https:\/\/www.linkedin.com\/company\/suno-research\/\",\"https:\/\/www.youtube.com\/c\/sunoresearch\"]},{\"@type\":\"Person\",\"@id\":\"https:\/\/www.suno.com.br\/noticias\/#\/schema\/person\/6899bc3f19d1a7315f807131c2c013a0\",\"name\":\"Erick Matheus Nery\",\"image\":{\"@type\":\"ImageObject\",\"inLanguage\":\"pt-BR\",\"@id\":\"https:\/\/www.suno.com.br\/noticias\/#\/schema\/person\/image\/\",\"url\":\"https:\/\/secure.gravatar.com\/avatar\/518ddffe438ccb767782d372a66304d2?s=96&r=g\",\"contentUrl\":\"https:\/\/secure.gravatar.com\/avatar\/518ddffe438ccb767782d372a66304d2?s=96&r=g\",\"caption\":\"Erick Matheus Nery\"},\"description\":\"Formado em Jornalismo pela Universidade Federal do Par\u00e1 (UFPA), conta com extens\u00e3o em Jornalismo Econ\u00f4mico pela Funda\u00e7\u00e3o Get\u00falio Vargas (FGV). No Suno Not\u00edcias, atua como rep\u00f3rter de Mercado, com foco nos setores de telecomunica\u00e7\u00f5es, varejo, alimentos e renda fixa. Conta com passagens pelo jornal O Estado de S\u00e3o Paulo, como trainee de Jornalismo Econ\u00f4mico, e pelo site Not\u00edcias da TV.\",\"url\":\"https:\/\/www.suno.com.br\/noticias\/author\/erick-nery\/\"}]}<\/script>\n<!-- \/ Yoast SEO plugin. -->","yoast_head_json":{"title":"Com Lula no Brasil, como fica o arcabou\u00e7o fiscal?","description":"Ap\u00f3s o presidente Luiz In\u00e1cio Lula da Silva (PT) adiar a viagem \u00e0 China, como fica o arcabou\u00e7o fiscal? A iniciativa ser\u00e1 apresentada?","robots":{"index":"index","follow":"follow","max-snippet":"max-snippet:-1","max-image-preview":"max-image-preview:large","max-video-preview":"max-video-preview:-1"},"canonical":"https:\/\/www.suno.com.br\/noticias\/lula-brasil-arcabouco-fiscal-como-fica\/","og_locale":"pt_BR","og_type":"article","og_title":"Com Lula no Brasil, como fica o arcabou\u00e7o fiscal?","og_description":"Ap\u00f3s o presidente Luiz In\u00e1cio Lula da Silva (PT) adiar a viagem \u00e0 China, como fica o arcabou\u00e7o fiscal? A iniciativa ser\u00e1 apresentada?","og_url":"https:\/\/www.suno.com.br\/noticias\/lula-brasil-arcabouco-fiscal-como-fica\/","og_site_name":"Suno Not\u00edcias","article_publisher":"https:\/\/facebook.com\/sunoresearch","og_image":[{"width":1200,"height":675,"url":"https:\/\/files.sunoresearch.com.br\/n\/uploads\/2023\/03\/lula-entrevista-eletrobras-elet3-foto-tv247-youtube.jpg","type":"image\/jpeg"}],"author":"Erick Matheus Nery","twitter_card":"summary_large_image","twitter_creator":"@sunoresearch","twitter_site":"@sunoresearch","twitter_misc":{"Escrito por":"Erick Matheus Nery","Est. tempo de leitura":"2 minutos"},"schema":{"@context":"https:\/\/schema.org","@graph":[{"@type":"NewsArticle","@id":"https:\/\/www.suno.com.br\/noticias\/lula-brasil-arcabouco-fiscal-como-fica\/#article","isPartOf":{"@id":"https:\/\/www.suno.com.br\/noticias\/lula-brasil-arcabouco-fiscal-como-fica\/"},"author":{"name":"Erick Matheus Nery","@id":"https:\/\/www.suno.com.br\/noticias\/#\/schema\/person\/6899bc3f19d1a7315f807131c2c013a0"},"headline":"Com Lula no Brasil, como fica o arcabou\u00e7o fiscal? Adiamento da viagem \u00e0 China facilita processo, diz Fazenda","datePublished":"2023-03-27T13:55:24+00:00","dateModified":"2023-03-27T14:13:05+00:00","mainEntityOfPage":{"@id":"https:\/\/www.suno.com.br\/noticias\/lula-brasil-arcabouco-fiscal-como-fica\/"},"wordCount":425,"publisher":{"@id":"https:\/\/www.suno.com.br\/noticias\/#organization"},"image":{"@id":"https:\/\/www.suno.com.br\/noticias\/lula-brasil-arcabouco-fiscal-como-fica\/#primaryimage"},"thumbnailUrl":"https:\/\/files.sunoresearch.com.br\/n\/uploads\/2023\/03\/lula-entrevista-eletrobras-elet3-foto-tv247-youtube.jpg","keywords":["Lula"],"articleSection":["Economia"],"inLanguage":"pt-BR"},{"@type":"WebPage","@id":"https:\/\/www.suno.com.br\/noticias\/lula-brasil-arcabouco-fiscal-como-fica\/","url":"https:\/\/www.suno.com.br\/noticias\/lula-brasil-arcabouco-fiscal-como-fica\/","name":"Com Lula no Brasil, como fica o arcabou\u00e7o fiscal?","isPartOf":{"@id":"https:\/\/www.suno.com.br\/noticias\/#website"},"primaryImageOfPage":{"@id":"https:\/\/www.suno.com.br\/noticias\/lula-brasil-arcabouco-fiscal-como-fica\/#primaryimage"},"image":{"@id":"https:\/\/www.suno.com.br\/noticias\/lula-brasil-arcabouco-fiscal-como-fica\/#primaryimage"},"thumbnailUrl":"https:\/\/files.sunoresearch.com.br\/n\/uploads\/2023\/03\/lula-entrevista-eletrobras-elet3-foto-tv247-youtube.jpg","datePublished":"2023-03-27T13:55:24+00:00","dateModified":"2023-03-27T14:13:05+00:00","description":"Ap\u00f3s o presidente Luiz In\u00e1cio Lula da Silva (PT) adiar a viagem \u00e0 China, como fica o arcabou\u00e7o fiscal? A iniciativa ser\u00e1 apresentada?","breadcrumb":{"@id":"https:\/\/www.suno.com.br\/noticias\/lula-brasil-arcabouco-fiscal-como-fica\/#breadcrumb"},"inLanguage":"pt-BR","potentialAction":[{"@type":"ReadAction","target":["https:\/\/www.suno.com.br\/noticias\/lula-brasil-arcabouco-fiscal-como-fica\/"]}]},{"@type":"ImageObject","inLanguage":"pt-BR","@id":"https:\/\/www.suno.com.br\/noticias\/lula-brasil-arcabouco-fiscal-como-fica\/#primaryimage","url":"https:\/\/files.sunoresearch.com.br\/n\/uploads\/2023\/03\/lula-entrevista-eletrobras-elet3-foto-tv247-youtube.jpg","contentUrl":"https:\/\/files.sunoresearch.com.br\/n\/uploads\/2023\/03\/lula-entrevista-eletrobras-elet3-foto-tv247-youtube.jpg","width":1200,"height":675,"caption":"Presidente Lula em entrevista ao canal TV 247. Foto: YouTube"},{"@type":"BreadcrumbList","@id":"https:\/\/www.suno.com.br\/noticias\/lula-brasil-arcabouco-fiscal-como-fica\/#breadcrumb","itemListElement":[{"@type":"ListItem","position":1,"name":"Not\u00edcias","item":"https:\/\/www.suno.com.br\/noticias\/"},{"@type":"ListItem","position":2,"name":"Economia","item":"https:\/\/www.suno.com.br\/noticias\/economia\/"},{"@type":"ListItem","position":3,"name":"Com Lula no Brasil, como fica o arcabou\u00e7o fiscal? Adiamento da viagem \u00e0 China facilita processo, diz Fazenda"}]},{"@type":"WebSite","@id":"https:\/\/www.suno.com.br\/noticias\/#website","url":"https:\/\/www.suno.com.br\/noticias\/","name":"Suno Not\u00edcias","description":"Seu portal de informa\u00e7\u00e3o sobre o mundo dos investimentos","publisher":{"@id":"https:\/\/www.suno.com.br\/noticias\/#organization"},"potentialAction":[{"@type":"SearchAction","target":{"@type":"EntryPoint","urlTemplate":"https:\/\/www.suno.com.br\/noticias\/?s={search_term_string}"},"query-input":{"@type":"PropertyValueSpecification","valueRequired":true,"valueName":"search_term_string"}}],"inLanguage":"pt-BR"},{"@type":"Organization","@id":"https:\/\/www.suno.com.br\/noticias\/#organization","name":"Suno Not\u00edcias","url":"https:\/\/www.suno.com.br\/noticias\/","logo":{"@type":"ImageObject","inLanguage":"pt-BR","@id":"https:\/\/www.suno.com.br\/noticias\/#\/schema\/logo\/image\/","url":"https:\/\/files.sunoresearch.com.br\/n\/uploads\/2021\/09\/suno-logo.png","contentUrl":"https:\/\/files.sunoresearch.com.br\/n\/uploads\/2021\/09\/suno-logo.png","width":180,"height":180,"caption":"Suno Not\u00edcias"},"image":{"@id":"https:\/\/www.suno.com.br\/noticias\/#\/schema\/logo\/image\/"},"sameAs":["https:\/\/facebook.com\/sunoresearch","https:\/\/x.com\/sunoresearch","https:\/\/www.instagram.com\/suno","https:\/\/www.linkedin.com\/company\/suno-research\/","https:\/\/www.youtube.com\/c\/sunoresearch"]},{"@type":"Person","@id":"https:\/\/www.suno.com.br\/noticias\/#\/schema\/person\/6899bc3f19d1a7315f807131c2c013a0","name":"Erick Matheus Nery","image":{"@type":"ImageObject","inLanguage":"pt-BR","@id":"https:\/\/www.suno.com.br\/noticias\/#\/schema\/person\/image\/","url":"https:\/\/secure.gravatar.com\/avatar\/518ddffe438ccb767782d372a66304d2?s=96&r=g","contentUrl":"https:\/\/secure.gravatar.com\/avatar\/518ddffe438ccb767782d372a66304d2?s=96&r=g","caption":"Erick Matheus Nery"},"description":"Formado em Jornalismo pela Universidade Federal do Par\u00e1 (UFPA), conta com extens\u00e3o em Jornalismo Econ\u00f4mico pela Funda\u00e7\u00e3o Get\u00falio Vargas (FGV). No Suno Not\u00edcias, atua como rep\u00f3rter de Mercado, com foco nos setores de telecomunica\u00e7\u00f5es, varejo, alimentos e renda fixa. Conta com passagens pelo jornal O Estado de S\u00e3o Paulo, como trainee de Jornalismo Econ\u00f4mico, e pelo site Not\u00edcias da TV.","url":"https:\/\/www.suno.com.br\/noticias\/author\/erick-nery\/"}]}},"default_loop_html":"<div class=\"cardsPage__listCard__boxs\"><div class=\"cardsPage__listCard__boxs__img\"><a href=\"https:\/\/www.suno.com.br\/noticias\/lula-brasil-arcabouco-fiscal-como-fica\/\"><img class=\"mask\" src=\"https:\/\/www.suno.com.br\/noticias\/wp-content\/themes\/suno\/resources\/images\/spotlight\/spotlight1img\/bg-mask.png\" alt=\"Image Mask\"\/><img src=\"https:\/\/files.sunoresearch.com.br\/n\/uploads\/2023\/03\/lula-entrevista-eletrobras-elet3-foto-tv247-youtube-400x200.jpg\" alt=\"Com Lula no Brasil, como fica o arcabou\u00e7o fiscal? Adiamento da viagem \u00e0 China facilita processo, diz Fazenda\"\/><\/a><span class=\"spotlightCategory\"><a href=\"https:\/\/www.suno.com.br\/noticias\/economia\/\">Economia<\/a><\/span><\/div><div class=\"cardsPage__listCard__boxs__content\"><a href=\"https:\/\/www.suno.com.br\/noticias\/lula-brasil-arcabouco-fiscal-como-fica\/\"><h2 class=\"content__title\">Com Lula no Brasil, como fica o arcabou\u00e7o fiscal? Adiamento da viagem \u00e0 China facilita processo, diz Fazenda<\/h2><\/a><div class=\"newsContent__article__meta\"><div class=\"newsContent__article__meta__authorBox\"><a href=\"https:\/\/www.suno.com.br\/noticias\/author\/erick-nery\/\" class=\"authorBox__avatar noMobi\"><img src=\"https:\/\/secure.gravatar.com\/avatar\/518ddffe438ccb767782d372a66304d2?s=96&#038;r=g\" alt=\"Erick Matheus Nery\"><\/a><div class=\"authorBox__name\"><span>por\n\t\t\t<a href=\"https:\/\/www.suno.com.br\/noticias\/author\/erick-nery\/\"><span itemprop=\"author\">Erick Matheus Nery<\/span><\/a><\/span><time datetime=\"2023-03-27T10:55:24-03:00\" itemprop=\"datePublished\">27\/03\/2023 10:55<\/time><\/div><\/div><\/div><\/div><\/div>","single_layout":"posts","amp_enabled":true,"_links":{"self":[{"href":"https:\/\/www.suno.com.br\/noticias\/wp-json\/wp\/v2\/posts\/380963"}],"collection":[{"href":"https:\/\/www.suno.com.br\/noticias\/wp-json\/wp\/v2\/posts"}],"about":[{"href":"https:\/\/www.suno.com.br\/noticias\/wp-json\/wp\/v2\/types\/post"}],"author":[{"embeddable":true,"href":"https:\/\/www.suno.com.br\/noticias\/wp-json\/wp\/v2\/users\/232"}],"replies":[{"embeddable":true,"href":"https:\/\/www.suno.com.br\/noticias\/wp-json\/wp\/v2\/comments?post=380963"}],"version-history":[{"count":3,"href":"https:\/\/www.suno.com.br\/noticias\/wp-json\/wp\/v2\/posts\/380963\/revisions"}],"predecessor-version":[{"id":381009,"href":"https:\/\/www.suno.com.br\/noticias\/wp-json\/wp\/v2\/posts\/380963\/revisions\/381009"}],"wp:featuredmedia":[{"embeddable":true,"href":"https:\/\/www.suno.com.br\/noticias\/wp-json\/wp\/v2\/media\/378687"}],"wp:attachment":[{"href":"https:\/\/www.suno.com.br\/noticias\/wp-json\/wp\/v2\/media?parent=380963"}],"wp:term":[{"taxonomy":"category","embeddable":true,"href":"https:\/\/www.suno.com.br\/noticias\/wp-json\/wp\/v2\/categories?post=380963"},{"taxonomy":"post_tag","embeddable":true,"href":"https:\/\/www.suno.com.br\/noticias\/wp-json\/wp\/v2\/tags?post=380963"},{"taxonomy":"suno_strategy","embeddable":true,"href":"https:\/\/www.suno.com.br\/noticias\/wp-json\/wp\/v2\/suno_strategy?post=380963"}],"curies":[{"name":"wp","href":"https:\/\/api.w.org\/{rel}","templated":true}]}}