{"id":380890,"date":"2023-03-27T10:23:17","date_gmt":"2023-03-27T13:23:17","guid":{"rendered":"https:\/\/www.suno.com.br\/noticias\/?p=380890"},"modified":"2023-03-27T10:23:24","modified_gmt":"2023-03-27T13:23:24","slug":"ubs-ubsg34-tamanho-pib-brasil-preocupa","status":"publish","type":"post","link":"https:\/\/www.suno.com.br\/noticias\/ubs-ubsg34-tamanho-pib-brasil-preocupa\/","title":{"rendered":"UBS (UBSG34) do tamanho do PIB do Brasil preocupa mercado"},"content":{"rendered":"<p>A Su\u00ed\u00e7a, um dos pa\u00edses mais dependentes do sistema financeiro, ter\u00e1 agora apenas um banco global ap\u00f3s a compra \u00e0s pressas do Credit Suisse (<a class=\"suno-keyword\" data-force=\"yes\" data-priority=\"2\" href=\"https:\/\/www.suno.com.br\/bdrs\/c1su34\/\" target=\"_blank\" rel=\"noopener\">C1SU34<\/a>), a segunda maior institui\u00e7\u00e3o financeira dom\u00e9stica, pelo arquirrival <strong>UBS<\/strong> (<a class=\"suno-keyword\" data-force=\"yes\" data-priority=\"2\" href=\"https:\/\/www.suno.com.br\/bdrs\/ubsg34\/\" target=\"_blank\" rel=\"noopener\">UBSG34<\/a>). Se j\u00e1 era o principal banco su\u00ed\u00e7o, ap\u00f3s a a\u00e7\u00e3o de resgate ficar\u00e1 ainda maior, com cerca de US$ 1,75 trilh\u00e3o em ativos &#8211; do tamanho do Produto Interno Bruto (PIB) do Brasil, e uma institui\u00e7\u00e3o com risco sist\u00eamico ainda mais alto. <\/p>\t<div class=\"wrapper-featured-image\">\n\t\t<figure class=\"spotlightImg\">\n\n\t\t\t<picture>\n\t\t\t\t<source media=\"(max-width: 768px)\" srcset=\"https:\/\/files.sunoresearch.com.br\/n\/uploads\/2023\/03\/UBS-banco-Suico-400x200.jpg\">\n\t\t\t\t<img loading=\"lazy\" decoding=\"async\" class=\"newsContent__article__imgCapa lazyloadDisabled \" src=\"https:\/\/files.sunoresearch.com.br\/n\/uploads\/2023\/03\/UBS-banco-Suico-800x450.jpg\" width=\"800\" height=\"450\" alt=\"UBS (UBSG34) do tamanho do PIB do Brasil preocupa mercado\" fetchpriority=high \/>\n\t\t\t<\/picture>\n\n\t\t\t<figcaption class=\"wp-caption-text wp-caption-text--show\">UBS - Foto: Ank Kumar<\/figcaption>\n\t\t<\/figure>\n\t<\/div>\n\n\n\n\n\n\t<p>\n\t\t<a href=\"\" target=\"_blank\" data-element=\"shortcode-suno-banner\" title=\"Banner SUNO, clique e saiba mais\">\n\t\t\t<picture>\n\t\t\t\t<source media=\"(max-width: 500px)\" srcset=\"\">\n\t\t\t\t<img class=\"newsContent__article__imgCapa newsContent__article__imgCapa--banner\"\n\t\t\t\t\tsrc=\"\"\n\t\t\t\t\tdata-promo-id=\"240038\"\t\t\t\t\t\t\t\t\t\t\t\t\t\t\talt=\"\"\n\t\t\t\t>\n\t\t\t<\/picture>\n\t\t<\/a>\n\t<\/p>\n\n\n\n\n\n<p>Considerando o dinheiro que administra dos ultrarricos ao redor do globo, a cifra sobe para US$ 5 trilh\u00f5es. Se nos Estados Unidos a atual <strong>turbul\u00eancia banc\u00e1ria<\/strong> reacendeu os medos de 2008, do outro lado do Atl\u00e2ntico a hist\u00f3ria mudou. Na crise anterior, foi o UBS que precisou ser socorrido com dinheiro do governo su\u00ed\u00e7o, enquanto o Credit enfrentou relativamente bem o tsunami dos mercados. De l\u00e1 para c\u00e1, o banco reduziu seu tamanho \u00e0 metade. Em 2008, seus ativos somavam US$ 1,3 trilh\u00e3o. Seu rival tamb\u00e9m era maior, com US$ 2,2 trilh\u00f5es.<\/p>\n\n\n\n\t<div data-element=\"shortcode-read-more\" class=\"readToo\">\n\t\t\t\t<span class=\"readToo__title\">Leia mais<\/span>\n\t\t\t\t<ul class=\"readToo__list\">\n\t\t\t<li><a href=\"https:\/\/www.suno.com.br\/noticias\/credit-suisse-c1su34-valor-inferior-itau-itub4\/\">Credit Suisse (C1SU34) vale menos de 10% do Ita\u00fa (ITUB4) em venda \u00e0s pressas<\/a><\/li><li><a href=\"https:\/\/www.suno.com.br\/noticias\/credit-suisse-c1su34-solucao-temporaria\/\">Salvamento do Credit Suisse (C1SU34) pode ser apenas &#8220;solu\u00e7\u00e3o tempor\u00e1ria&#8221;, diz economista<\/a><\/li><li><a href=\"https:\/\/www.suno.com.br\/noticias\/credit-suisse-prejuizo-bilionario-saudi-national-bank\/\">Saudi National Bank v\u00ea US$ 1 bilh\u00e3o investidos no Credit Suisse virarem p\u00f3; entenda<\/a><\/li>\t\t<\/ul>\n\t<\/div>\n\n\n\n\n<p>A \u00faltima crise foi a gota d&#8217;\u00e1gua e fez as autoridades su\u00ed\u00e7as agirem para evitar que as incertezas se espalhassem pelo sistema, que por anos foi visto como o mais seguro do mundo. A quest\u00e3o da concorr\u00eancia, sempre levada em considera\u00e7\u00e3o em transa\u00e7\u00f5es de <a class=\"suno-keyword\" target=\"_blank\" data-force=\"no\" data-priority=\"1\" href=\"https:\/\/www.suno.com.br\/artigos\/fusoes-aquisicoes\/\" rel=\"noopener\">fus\u00f5es e aquisi\u00e7\u00f5es<\/a>, em especial quando envolve bancos, foi deixada em segundo plano. <\/p>\n\n\n\n<p>No lugar, os reguladores su\u00ed\u00e7os ofereceram uma linha de liquidez de mais de US$ 100 bilh\u00f5es, outros US$ 9 bilh\u00f5es para determinadas situa\u00e7\u00f5es e mais tempo para o UBS ajustar o capital.<\/p>\n\n\n\t<p>\n\t\t<a href=\"\" target=\"_blank\" data-element=\"shortcode-suno-banner\" title=\"Banner SUNO, clique e saiba mais\">\n\t\t\t<picture>\n\t\t\t\t<source media=\"(max-width: 500px)\" srcset=\"\">\n\t\t\t\t<img class=\"newsContent__article__imgCapa newsContent__article__imgCapa--banner\"\n\t\t\t\t\tsrc=\"\"\n\t\t\t\t\tdata-promo-id=\"274968\"\t\t\t\t\t\t\t\t\t\t\t\t\t\t\talt=\"\"\n\t\t\t\t>\n\t\t\t<\/picture>\n\t\t<\/a>\n\t<\/p>\n\n\n\n\n\n<h2 class=\"wp-block-heading\" id=\"h-ubs-credit-suisse-duvidas-do-negocio\">UBS + Credit Suisse: D\u00favidas do neg\u00f3cio<\/h2>\n\n\n\n<p>R\u00e1pida e complexa, a <strong>venda do Credit Suisse<\/strong> ao UBS foi fechada \u00e0s pressas no \u00faltimo fim de semana, em um neg\u00f3cio ainda cercado de muitas d\u00favidas. Nas principais cidades su\u00ed\u00e7as, h\u00e1 ag\u00eancias dos dois bancos em quase todos os quarteir\u00f5es, o que indica muita sobreposi\u00e7\u00e3o de neg\u00f3cios e demiss\u00f5es em massa. Em Nova York e em Londres, o Credit tem milhares de funcion\u00e1rios em seu banco de investimento &#8211; neg\u00f3cio que ser\u00e1 reduzido nas m\u00e3os do UBS.<\/p>\n\n\n\n<p>Na <strong>Su\u00ed\u00e7a<\/strong>, o setor banc\u00e1rio emprega 5% da for\u00e7a de trabalho, e o total de ativos do sistema somava US$ 3,83 trilh\u00f5es ao fim de 2022, nada menos do que 448% do PIB do pa\u00eds. S\u00f3 a combina\u00e7\u00e3o do UBS e do Credit responde por mais de 200% do PIB su\u00ed\u00e7o, um alerta para a forte concentra\u00e7\u00e3o que marcar\u00e1 agora o <a class=\"suno-keyword\" target=\"_blank\" data-force=\"no\" data-priority=\"1\" href=\"https:\/\/www.suno.com.br\/artigos\/sistema-bancario\/\" rel=\"noopener\">sistema banc\u00e1rio<\/a> local. <\/p>\n\n\n\t<p>\n\t\t<a href=\"https:\/\/lp.suno.com.br\/planilha-controle-gastos\/\" target=\"_blank\" data-element=\"shortcode-suno-banner\" title=\"Banner SUNO, clique e saiba mais\">\n\t\t\t<picture>\n\t\t\t\t<source media=\"(max-width: 500px)\" srcset=\"https:\/\/files.sunoresearch.com.br\/n\/uploads\/2023\/03\/400x300-Planilha-controle-de-gastos.png\">\n\t\t\t\t<img class=\"newsContent__article__imgCapa newsContent__article__imgCapa--banner\"\n\t\t\t\t\tsrc=\"https:\/\/files.sunoresearch.com.br\/n\/uploads\/2023\/03\/1420x240-Planilha-controle-de-gastos.png\"\n\t\t\t\t\tdata-promo-id=\"101751\"\t\t\t\t\t\t\t\t\t\twidth='1420' height='240'\t\t\t\t\talt=\"https:\/\/files.sunoresearch.com.br\/n\/uploads\/2023\/03\/1420x240-Planilha-controle-de-gastos.png\"\n\t\t\t\t>\n\t\t\t<\/picture>\n\t\t<\/a>\n\t<\/p>\n\n\n\n\n\n<blockquote class=\"wp-block-quote is-layout-flow wp-block-quote-is-layout-flow\">\n<p>Vemos muito risco de concentra\u00e7\u00e3o e tamb\u00e9m de controle de participa\u00e7\u00e3o do mercado.<\/p>\n<cite>Analistas do JPMorgan, em relat\u00f3rio<\/cite><\/blockquote>\n\n\n\n<p>A ag\u00eancia de classifica\u00e7\u00e3o de risco Moody&#8217;s tamb\u00e9m alertou para o maior<strong> risco banc\u00e1rio<\/strong> na Su\u00ed\u00e7a. O tamanho do banco resultante significa que o sistema enfrenta riscos de concentra\u00e7\u00e3o ainda maiores, o que levou a ag\u00eancia a aumentar a avalia\u00e7\u00e3o do risco do setor banc\u00e1rio do pa\u00eds. S\u00f3 os dep\u00f3sitos dos dois bancos respondem por quase metade (45%) do PIB su\u00ed\u00e7o, um n\u00famero elevado mesmo para pa\u00edses desenvolvidos.<\/p>\n\n\n\n<p>&#8220;Um fato contundente permanece quando voc\u00ea se afasta de todos os detalhes do acordo do Credit Suisse e <strong>UBS<\/strong>. O segundo maior banco da Su\u00ed\u00e7a &#8211; um banco que abriu suas portas para neg\u00f3cios em 1856 e foi um dos 30 bancos sistemicamente importantes em todo o mundo &#8211; n\u00e3o existir\u00e1 mais como aut\u00f4nomo&#8221;, avaliou o economista e principal conselheiro econ\u00f4mico da Allianz, Mohamed El-Erian, na esteira do an\u00fancio.<\/p>\n\n\n\n<p><em>As informa\u00e7\u00f5es s\u00e3o do jornal <b>O Estado de S. Paulo<\/b>, com Estad\u00e3o Conte\u00fado.<\/em><\/p>\n\n\n\t<p>\n\t\t<a href=\"https:\/\/lp.suno.com.br\/planilha-da-vida-financeira\/\" target=\"_blank\" data-element=\"shortcode-suno-banner\" title=\"Banner SUNO, clique e saiba mais\">\n\t\t\t<picture>\n\t\t\t\t<source media=\"(max-width: 500px)\" srcset=\"https:\/\/files.sunoresearch.com.br\/n\/uploads\/2023\/04\/400x300-Planilha-vida-financeira-true.png\">\n\t\t\t\t<img class=\"newsContent__article__imgCapa newsContent__article__imgCapa--banner\"\n\t\t\t\t\tsrc=\"https:\/\/files.sunoresearch.com.br\/n\/uploads\/2023\/04\/1420x240-Planilha-vida-financeira-true.png\"\n\t\t\t\t\tdata-promo-id=\"106682\"\t\t\t\t\t\t\t\t\t\twidth='1420' height='240'\t\t\t\t\talt=\"https:\/\/files.sunoresearch.com.br\/n\/uploads\/2023\/04\/1420x240-Planilha-vida-financeira-true.png\"\n\t\t\t\t>\n\t\t\t<\/picture>\n\t\t<\/a>\n\t<\/p>\n\n\n","protected":false},"excerpt":{"rendered":"<p>A Su\u00ed\u00e7a, um dos pa\u00edses mais dependentes do sistema financeiro, ter\u00e1 agora apenas um banco global ap\u00f3s a compra \u00e0s pressas do Credit Suisse (C1SU34), a segunda maior institui\u00e7\u00e3o financeira dom\u00e9stica, pelo arquirrival UBS (UBSG34). Se j\u00e1 era o principal banco su\u00ed\u00e7o, ap\u00f3s a a\u00e7\u00e3o de resgate ficar\u00e1 ainda maior, com cerca de US$ 1,75 [&hellip;]<\/p>\n","protected":false},"author":232,"featured_media":378143,"comment_status":"closed","ping_status":"closed","sticky":false,"template":"","format":"standard","meta":[],"categories":[63],"tags":[1788,747],"suno_strategy":[],"class_list":["post-380890","post","type-post","status-publish","format-standard","has-post-thumbnail","hentry","category-internacional","tag-credit-suisse-c1su34","tag-ubs-ubsg34"],"yoast_head":"<!-- This site is optimized with the Yoast SEO plugin v24.4 - https:\/\/yoast.com\/wordpress\/plugins\/seo\/ -->\n<title>UBS (UBSG34) do tamanho do PIB do Brasil preocupa mercado<\/title>\n<meta name=\"description\" content=\"Com a compra \u00e0s pressas do Credit Suisse, o UBS (UBSG34) passou a ter o tamanho do PIB brasileiro, o que preocupa o mercado. Entenda!\" \/>\n<meta name=\"robots\" content=\"index, follow, max-snippet:-1, max-image-preview:large, max-video-preview:-1\" \/>\n<link rel=\"canonical\" href=\"https:\/\/www.suno.com.br\/noticias\/ubs-ubsg34-tamanho-pib-brasil-preocupa\/\" \/>\n<meta property=\"og:locale\" content=\"pt_BR\" \/>\n<meta property=\"og:type\" content=\"article\" \/>\n<meta property=\"og:title\" content=\"UBS (UBSG34) do tamanho do PIB do Brasil preocupa mercado\" \/>\n<meta property=\"og:description\" content=\"Com a compra \u00e0s pressas do Credit Suisse, o UBS (UBSG34) passou a ter o tamanho do PIB brasileiro, o que preocupa o mercado. Entenda!\" \/>\n<meta property=\"og:url\" content=\"https:\/\/www.suno.com.br\/noticias\/ubs-ubsg34-tamanho-pib-brasil-preocupa\/\" \/>\n<meta property=\"og:site_name\" content=\"Suno Not\u00edcias\" \/>\n<meta property=\"article:publisher\" content=\"https:\/\/facebook.com\/sunoresearch\" \/>\n<meta property=\"og:image\" content=\"https:\/\/files.sunoresearch.com.br\/n\/uploads\/2023\/03\/UBS-banco-Suico.jpg\" \/>\n\t<meta property=\"og:image:width\" content=\"2560\" \/>\n\t<meta property=\"og:image:height\" content=\"1920\" \/>\n\t<meta property=\"og:image:type\" content=\"image\/jpeg\" \/>\n<meta name=\"author\" content=\"Erick Matheus Nery\" \/>\n<meta name=\"twitter:card\" content=\"summary_large_image\" \/>\n<meta name=\"twitter:creator\" content=\"@sunoresearch\" \/>\n<meta name=\"twitter:site\" content=\"@sunoresearch\" \/>\n<meta name=\"twitter:label1\" content=\"Escrito por\" \/>\n\t<meta name=\"twitter:data1\" content=\"Erick Matheus Nery\" \/>\n\t<meta name=\"twitter:label2\" content=\"Est. tempo de leitura\" \/>\n\t<meta name=\"twitter:data2\" content=\"4 minutos\" \/>\n<script type=\"application\/ld+json\" class=\"yoast-schema-graph\">{\"@context\":\"https:\/\/schema.org\",\"@graph\":[{\"@type\":\"NewsArticle\",\"@id\":\"https:\/\/www.suno.com.br\/noticias\/ubs-ubsg34-tamanho-pib-brasil-preocupa\/#article\",\"isPartOf\":{\"@id\":\"https:\/\/www.suno.com.br\/noticias\/ubs-ubsg34-tamanho-pib-brasil-preocupa\/\"},\"author\":{\"name\":\"Erick Matheus Nery\",\"@id\":\"https:\/\/www.suno.com.br\/noticias\/#\/schema\/person\/6899bc3f19d1a7315f807131c2c013a0\"},\"headline\":\"UBS (UBSG34) do tamanho do PIB do Brasil preocupa mercado\",\"datePublished\":\"2023-03-27T13:23:17+00:00\",\"dateModified\":\"2023-03-27T13:23:24+00:00\",\"mainEntityOfPage\":{\"@id\":\"https:\/\/www.suno.com.br\/noticias\/ubs-ubsg34-tamanho-pib-brasil-preocupa\/\"},\"wordCount\":664,\"publisher\":{\"@id\":\"https:\/\/www.suno.com.br\/noticias\/#organization\"},\"image\":{\"@id\":\"https:\/\/www.suno.com.br\/noticias\/ubs-ubsg34-tamanho-pib-brasil-preocupa\/#primaryimage\"},\"thumbnailUrl\":\"https:\/\/files.sunoresearch.com.br\/n\/uploads\/2023\/03\/UBS-banco-Suico.jpg\",\"keywords\":[\"Credit Suisse (C1SU34)\",\"UBS (UBSG34)\"],\"articleSection\":[\"Internacional\"],\"inLanguage\":\"pt-BR\"},{\"@type\":\"WebPage\",\"@id\":\"https:\/\/www.suno.com.br\/noticias\/ubs-ubsg34-tamanho-pib-brasil-preocupa\/\",\"url\":\"https:\/\/www.suno.com.br\/noticias\/ubs-ubsg34-tamanho-pib-brasil-preocupa\/\",\"name\":\"UBS (UBSG34) do tamanho do PIB do Brasil preocupa mercado\",\"isPartOf\":{\"@id\":\"https:\/\/www.suno.com.br\/noticias\/#website\"},\"primaryImageOfPage\":{\"@id\":\"https:\/\/www.suno.com.br\/noticias\/ubs-ubsg34-tamanho-pib-brasil-preocupa\/#primaryimage\"},\"image\":{\"@id\":\"https:\/\/www.suno.com.br\/noticias\/ubs-ubsg34-tamanho-pib-brasil-preocupa\/#primaryimage\"},\"thumbnailUrl\":\"https:\/\/files.sunoresearch.com.br\/n\/uploads\/2023\/03\/UBS-banco-Suico.jpg\",\"datePublished\":\"2023-03-27T13:23:17+00:00\",\"dateModified\":\"2023-03-27T13:23:24+00:00\",\"description\":\"Com a compra \u00e0s pressas do Credit Suisse, o UBS (UBSG34) passou a ter o tamanho do PIB brasileiro, o que preocupa o mercado. Entenda!\",\"breadcrumb\":{\"@id\":\"https:\/\/www.suno.com.br\/noticias\/ubs-ubsg34-tamanho-pib-brasil-preocupa\/#breadcrumb\"},\"inLanguage\":\"pt-BR\",\"potentialAction\":[{\"@type\":\"ReadAction\",\"target\":[\"https:\/\/www.suno.com.br\/noticias\/ubs-ubsg34-tamanho-pib-brasil-preocupa\/\"]}]},{\"@type\":\"ImageObject\",\"inLanguage\":\"pt-BR\",\"@id\":\"https:\/\/www.suno.com.br\/noticias\/ubs-ubsg34-tamanho-pib-brasil-preocupa\/#primaryimage\",\"url\":\"https:\/\/files.sunoresearch.com.br\/n\/uploads\/2023\/03\/UBS-banco-Suico.jpg\",\"contentUrl\":\"https:\/\/files.sunoresearch.com.br\/n\/uploads\/2023\/03\/UBS-banco-Suico.jpg\",\"width\":2560,\"height\":1920,\"caption\":\"UBS - Foto: Ank Kumar\"},{\"@type\":\"BreadcrumbList\",\"@id\":\"https:\/\/www.suno.com.br\/noticias\/ubs-ubsg34-tamanho-pib-brasil-preocupa\/#breadcrumb\",\"itemListElement\":[{\"@type\":\"ListItem\",\"position\":1,\"name\":\"Not\u00edcias\",\"item\":\"https:\/\/www.suno.com.br\/noticias\/\"},{\"@type\":\"ListItem\",\"position\":2,\"name\":\"Internacional\",\"item\":\"https:\/\/www.suno.com.br\/noticias\/internacional\/\"},{\"@type\":\"ListItem\",\"position\":3,\"name\":\"UBS (UBSG34) do tamanho do PIB do Brasil preocupa mercado\"}]},{\"@type\":\"WebSite\",\"@id\":\"https:\/\/www.suno.com.br\/noticias\/#website\",\"url\":\"https:\/\/www.suno.com.br\/noticias\/\",\"name\":\"Suno Not\u00edcias\",\"description\":\"Seu portal de informa\u00e7\u00e3o sobre o mundo dos investimentos\",\"publisher\":{\"@id\":\"https:\/\/www.suno.com.br\/noticias\/#organization\"},\"potentialAction\":[{\"@type\":\"SearchAction\",\"target\":{\"@type\":\"EntryPoint\",\"urlTemplate\":\"https:\/\/www.suno.com.br\/noticias\/?s={search_term_string}\"},\"query-input\":{\"@type\":\"PropertyValueSpecification\",\"valueRequired\":true,\"valueName\":\"search_term_string\"}}],\"inLanguage\":\"pt-BR\"},{\"@type\":\"Organization\",\"@id\":\"https:\/\/www.suno.com.br\/noticias\/#organization\",\"name\":\"Suno Not\u00edcias\",\"url\":\"https:\/\/www.suno.com.br\/noticias\/\",\"logo\":{\"@type\":\"ImageObject\",\"inLanguage\":\"pt-BR\",\"@id\":\"https:\/\/www.suno.com.br\/noticias\/#\/schema\/logo\/image\/\",\"url\":\"https:\/\/files.sunoresearch.com.br\/n\/uploads\/2021\/09\/suno-logo.png\",\"contentUrl\":\"https:\/\/files.sunoresearch.com.br\/n\/uploads\/2021\/09\/suno-logo.png\",\"width\":180,\"height\":180,\"caption\":\"Suno Not\u00edcias\"},\"image\":{\"@id\":\"https:\/\/www.suno.com.br\/noticias\/#\/schema\/logo\/image\/\"},\"sameAs\":[\"https:\/\/facebook.com\/sunoresearch\",\"https:\/\/x.com\/sunoresearch\",\"https:\/\/www.instagram.com\/suno\",\"https:\/\/www.linkedin.com\/company\/suno-research\/\",\"https:\/\/www.youtube.com\/c\/sunoresearch\"]},{\"@type\":\"Person\",\"@id\":\"https:\/\/www.suno.com.br\/noticias\/#\/schema\/person\/6899bc3f19d1a7315f807131c2c013a0\",\"name\":\"Erick Matheus Nery\",\"image\":{\"@type\":\"ImageObject\",\"inLanguage\":\"pt-BR\",\"@id\":\"https:\/\/www.suno.com.br\/noticias\/#\/schema\/person\/image\/\",\"url\":\"https:\/\/secure.gravatar.com\/avatar\/518ddffe438ccb767782d372a66304d2?s=96&r=g\",\"contentUrl\":\"https:\/\/secure.gravatar.com\/avatar\/518ddffe438ccb767782d372a66304d2?s=96&r=g\",\"caption\":\"Erick Matheus Nery\"},\"description\":\"Formado em Jornalismo pela Universidade Federal do Par\u00e1 (UFPA), conta com extens\u00e3o em Jornalismo Econ\u00f4mico pela Funda\u00e7\u00e3o Get\u00falio Vargas (FGV). No Suno Not\u00edcias, atua como rep\u00f3rter de Mercado, com foco nos setores de telecomunica\u00e7\u00f5es, varejo, alimentos e renda fixa. Conta com passagens pelo jornal O Estado de S\u00e3o Paulo, como trainee de Jornalismo Econ\u00f4mico, e pelo site Not\u00edcias da TV.\",\"url\":\"https:\/\/www.suno.com.br\/noticias\/author\/erick-nery\/\"}]}<\/script>\n<!-- \/ Yoast SEO plugin. -->","yoast_head_json":{"title":"UBS (UBSG34) do tamanho do PIB do Brasil preocupa mercado","description":"Com a compra \u00e0s pressas do Credit Suisse, o UBS (UBSG34) passou a ter o tamanho do PIB brasileiro, o que preocupa o mercado. Entenda!","robots":{"index":"index","follow":"follow","max-snippet":"max-snippet:-1","max-image-preview":"max-image-preview:large","max-video-preview":"max-video-preview:-1"},"canonical":"https:\/\/www.suno.com.br\/noticias\/ubs-ubsg34-tamanho-pib-brasil-preocupa\/","og_locale":"pt_BR","og_type":"article","og_title":"UBS (UBSG34) do tamanho do PIB do Brasil preocupa mercado","og_description":"Com a compra \u00e0s pressas do Credit Suisse, o UBS (UBSG34) passou a ter o tamanho do PIB brasileiro, o que preocupa o mercado. Entenda!","og_url":"https:\/\/www.suno.com.br\/noticias\/ubs-ubsg34-tamanho-pib-brasil-preocupa\/","og_site_name":"Suno Not\u00edcias","article_publisher":"https:\/\/facebook.com\/sunoresearch","og_image":[{"width":2560,"height":1920,"url":"https:\/\/files.sunoresearch.com.br\/n\/uploads\/2023\/03\/UBS-banco-Suico.jpg","type":"image\/jpeg"}],"author":"Erick Matheus Nery","twitter_card":"summary_large_image","twitter_creator":"@sunoresearch","twitter_site":"@sunoresearch","twitter_misc":{"Escrito por":"Erick Matheus Nery","Est. tempo de leitura":"4 minutos"},"schema":{"@context":"https:\/\/schema.org","@graph":[{"@type":"NewsArticle","@id":"https:\/\/www.suno.com.br\/noticias\/ubs-ubsg34-tamanho-pib-brasil-preocupa\/#article","isPartOf":{"@id":"https:\/\/www.suno.com.br\/noticias\/ubs-ubsg34-tamanho-pib-brasil-preocupa\/"},"author":{"name":"Erick Matheus Nery","@id":"https:\/\/www.suno.com.br\/noticias\/#\/schema\/person\/6899bc3f19d1a7315f807131c2c013a0"},"headline":"UBS (UBSG34) do tamanho do PIB do Brasil preocupa mercado","datePublished":"2023-03-27T13:23:17+00:00","dateModified":"2023-03-27T13:23:24+00:00","mainEntityOfPage":{"@id":"https:\/\/www.suno.com.br\/noticias\/ubs-ubsg34-tamanho-pib-brasil-preocupa\/"},"wordCount":664,"publisher":{"@id":"https:\/\/www.suno.com.br\/noticias\/#organization"},"image":{"@id":"https:\/\/www.suno.com.br\/noticias\/ubs-ubsg34-tamanho-pib-brasil-preocupa\/#primaryimage"},"thumbnailUrl":"https:\/\/files.sunoresearch.com.br\/n\/uploads\/2023\/03\/UBS-banco-Suico.jpg","keywords":["Credit Suisse (C1SU34)","UBS (UBSG34)"],"articleSection":["Internacional"],"inLanguage":"pt-BR"},{"@type":"WebPage","@id":"https:\/\/www.suno.com.br\/noticias\/ubs-ubsg34-tamanho-pib-brasil-preocupa\/","url":"https:\/\/www.suno.com.br\/noticias\/ubs-ubsg34-tamanho-pib-brasil-preocupa\/","name":"UBS (UBSG34) do tamanho do PIB do Brasil preocupa mercado","isPartOf":{"@id":"https:\/\/www.suno.com.br\/noticias\/#website"},"primaryImageOfPage":{"@id":"https:\/\/www.suno.com.br\/noticias\/ubs-ubsg34-tamanho-pib-brasil-preocupa\/#primaryimage"},"image":{"@id":"https:\/\/www.suno.com.br\/noticias\/ubs-ubsg34-tamanho-pib-brasil-preocupa\/#primaryimage"},"thumbnailUrl":"https:\/\/files.sunoresearch.com.br\/n\/uploads\/2023\/03\/UBS-banco-Suico.jpg","datePublished":"2023-03-27T13:23:17+00:00","dateModified":"2023-03-27T13:23:24+00:00","description":"Com a compra \u00e0s pressas do Credit Suisse, o UBS (UBSG34) passou a ter o tamanho do PIB brasileiro, o que preocupa o mercado. Entenda!","breadcrumb":{"@id":"https:\/\/www.suno.com.br\/noticias\/ubs-ubsg34-tamanho-pib-brasil-preocupa\/#breadcrumb"},"inLanguage":"pt-BR","potentialAction":[{"@type":"ReadAction","target":["https:\/\/www.suno.com.br\/noticias\/ubs-ubsg34-tamanho-pib-brasil-preocupa\/"]}]},{"@type":"ImageObject","inLanguage":"pt-BR","@id":"https:\/\/www.suno.com.br\/noticias\/ubs-ubsg34-tamanho-pib-brasil-preocupa\/#primaryimage","url":"https:\/\/files.sunoresearch.com.br\/n\/uploads\/2023\/03\/UBS-banco-Suico.jpg","contentUrl":"https:\/\/files.sunoresearch.com.br\/n\/uploads\/2023\/03\/UBS-banco-Suico.jpg","width":2560,"height":1920,"caption":"UBS - Foto: Ank Kumar"},{"@type":"BreadcrumbList","@id":"https:\/\/www.suno.com.br\/noticias\/ubs-ubsg34-tamanho-pib-brasil-preocupa\/#breadcrumb","itemListElement":[{"@type":"ListItem","position":1,"name":"Not\u00edcias","item":"https:\/\/www.suno.com.br\/noticias\/"},{"@type":"ListItem","position":2,"name":"Internacional","item":"https:\/\/www.suno.com.br\/noticias\/internacional\/"},{"@type":"ListItem","position":3,"name":"UBS (UBSG34) do tamanho do PIB do Brasil preocupa mercado"}]},{"@type":"WebSite","@id":"https:\/\/www.suno.com.br\/noticias\/#website","url":"https:\/\/www.suno.com.br\/noticias\/","name":"Suno Not\u00edcias","description":"Seu portal de informa\u00e7\u00e3o sobre o mundo dos investimentos","publisher":{"@id":"https:\/\/www.suno.com.br\/noticias\/#organization"},"potentialAction":[{"@type":"SearchAction","target":{"@type":"EntryPoint","urlTemplate":"https:\/\/www.suno.com.br\/noticias\/?s={search_term_string}"},"query-input":{"@type":"PropertyValueSpecification","valueRequired":true,"valueName":"search_term_string"}}],"inLanguage":"pt-BR"},{"@type":"Organization","@id":"https:\/\/www.suno.com.br\/noticias\/#organization","name":"Suno Not\u00edcias","url":"https:\/\/www.suno.com.br\/noticias\/","logo":{"@type":"ImageObject","inLanguage":"pt-BR","@id":"https:\/\/www.suno.com.br\/noticias\/#\/schema\/logo\/image\/","url":"https:\/\/files.sunoresearch.com.br\/n\/uploads\/2021\/09\/suno-logo.png","contentUrl":"https:\/\/files.sunoresearch.com.br\/n\/uploads\/2021\/09\/suno-logo.png","width":180,"height":180,"caption":"Suno Not\u00edcias"},"image":{"@id":"https:\/\/www.suno.com.br\/noticias\/#\/schema\/logo\/image\/"},"sameAs":["https:\/\/facebook.com\/sunoresearch","https:\/\/x.com\/sunoresearch","https:\/\/www.instagram.com\/suno","https:\/\/www.linkedin.com\/company\/suno-research\/","https:\/\/www.youtube.com\/c\/sunoresearch"]},{"@type":"Person","@id":"https:\/\/www.suno.com.br\/noticias\/#\/schema\/person\/6899bc3f19d1a7315f807131c2c013a0","name":"Erick Matheus Nery","image":{"@type":"ImageObject","inLanguage":"pt-BR","@id":"https:\/\/www.suno.com.br\/noticias\/#\/schema\/person\/image\/","url":"https:\/\/secure.gravatar.com\/avatar\/518ddffe438ccb767782d372a66304d2?s=96&r=g","contentUrl":"https:\/\/secure.gravatar.com\/avatar\/518ddffe438ccb767782d372a66304d2?s=96&r=g","caption":"Erick Matheus Nery"},"description":"Formado em Jornalismo pela Universidade Federal do Par\u00e1 (UFPA), conta com extens\u00e3o em Jornalismo Econ\u00f4mico pela Funda\u00e7\u00e3o Get\u00falio Vargas (FGV). No Suno Not\u00edcias, atua como rep\u00f3rter de Mercado, com foco nos setores de telecomunica\u00e7\u00f5es, varejo, alimentos e renda fixa. Conta com passagens pelo jornal O Estado de S\u00e3o Paulo, como trainee de Jornalismo Econ\u00f4mico, e pelo site Not\u00edcias da TV.","url":"https:\/\/www.suno.com.br\/noticias\/author\/erick-nery\/"}]}},"default_loop_html":"<div class=\"cardsPage__listCard__boxs\"><div class=\"cardsPage__listCard__boxs__img\"><a href=\"https:\/\/www.suno.com.br\/noticias\/ubs-ubsg34-tamanho-pib-brasil-preocupa\/\"><img class=\"mask\" src=\"https:\/\/www.suno.com.br\/noticias\/wp-content\/themes\/suno\/resources\/images\/spotlight\/spotlight1img\/bg-mask.png\" alt=\"Image Mask\"\/><img src=\"https:\/\/files.sunoresearch.com.br\/n\/uploads\/2023\/03\/UBS-banco-Suico-400x200.jpg\" alt=\"UBS (UBSG34) do tamanho do PIB do Brasil preocupa mercado\"\/><\/a><span class=\"spotlightCategory\"><a href=\"https:\/\/www.suno.com.br\/noticias\/internacional\/\">Internacional<\/a><\/span><\/div><div class=\"cardsPage__listCard__boxs__content\"><a href=\"https:\/\/www.suno.com.br\/noticias\/ubs-ubsg34-tamanho-pib-brasil-preocupa\/\"><h2 class=\"content__title\">UBS (UBSG34) do tamanho do PIB do Brasil preocupa mercado<\/h2><\/a><div class=\"newsContent__article__meta\"><div class=\"newsContent__article__meta__authorBox\"><a href=\"https:\/\/www.suno.com.br\/noticias\/author\/erick-nery\/\" class=\"authorBox__avatar noMobi\"><img src=\"https:\/\/secure.gravatar.com\/avatar\/518ddffe438ccb767782d372a66304d2?s=96&#038;r=g\" alt=\"Erick Matheus Nery\"><\/a><div class=\"authorBox__name\"><span>por\n\t\t\t<a href=\"https:\/\/www.suno.com.br\/noticias\/author\/erick-nery\/\"><span itemprop=\"author\">Erick Matheus Nery<\/span><\/a><\/span><time datetime=\"2023-03-27T10:23:17-03:00\" itemprop=\"datePublished\">27\/03\/2023 10:23<\/time><\/div><\/div><\/div><\/div><\/div>","single_layout":"posts","amp_enabled":true,"_links":{"self":[{"href":"https:\/\/www.suno.com.br\/noticias\/wp-json\/wp\/v2\/posts\/380890"}],"collection":[{"href":"https:\/\/www.suno.com.br\/noticias\/wp-json\/wp\/v2\/posts"}],"about":[{"href":"https:\/\/www.suno.com.br\/noticias\/wp-json\/wp\/v2\/types\/post"}],"author":[{"embeddable":true,"href":"https:\/\/www.suno.com.br\/noticias\/wp-json\/wp\/v2\/users\/232"}],"replies":[{"embeddable":true,"href":"https:\/\/www.suno.com.br\/noticias\/wp-json\/wp\/v2\/comments?post=380890"}],"version-history":[{"count":3,"href":"https:\/\/www.suno.com.br\/noticias\/wp-json\/wp\/v2\/posts\/380890\/revisions"}],"predecessor-version":[{"id":380961,"href":"https:\/\/www.suno.com.br\/noticias\/wp-json\/wp\/v2\/posts\/380890\/revisions\/380961"}],"wp:featuredmedia":[{"embeddable":true,"href":"https:\/\/www.suno.com.br\/noticias\/wp-json\/wp\/v2\/media\/378143"}],"wp:attachment":[{"href":"https:\/\/www.suno.com.br\/noticias\/wp-json\/wp\/v2\/media?parent=380890"}],"wp:term":[{"taxonomy":"category","embeddable":true,"href":"https:\/\/www.suno.com.br\/noticias\/wp-json\/wp\/v2\/categories?post=380890"},{"taxonomy":"post_tag","embeddable":true,"href":"https:\/\/www.suno.com.br\/noticias\/wp-json\/wp\/v2\/tags?post=380890"},{"taxonomy":"suno_strategy","embeddable":true,"href":"https:\/\/www.suno.com.br\/noticias\/wp-json\/wp\/v2\/suno_strategy?post=380890"}],"curies":[{"name":"wp","href":"https:\/\/api.w.org\/{rel}","templated":true}]}}