{"id":380752,"date":"2023-03-25T09:40:00","date_gmt":"2023-03-25T12:40:00","guid":{"rendered":"https:\/\/www.suno.com.br\/noticias\/?p=380752"},"modified":"2023-03-25T09:04:01","modified_gmt":"2023-03-25T12:04:01","slug":"shein-aliexpress-lula-taxacao","status":"publish","type":"post","link":"https:\/\/www.suno.com.br\/noticias\/shein-aliexpress-lula-taxacao\/","title":{"rendered":"Shein e Aliexpress: lojas online chinesas entram na mira do governo; Lula critica falta de taxa\u00e7\u00e3o"},"content":{"rendered":"<p>Na v\u00e9spera de viagem \u00e0 China, o presidente Luiz In\u00e1cio<strong> Lula<\/strong> da Silva e o Congresso manifestaram preocupa\u00e7\u00f5es com o crescimento das vendas online de produtos chineses no pa\u00eds, por empresas como <strong>Shein<\/strong> e <strong>Aliexpress<\/strong>, alegando que essas plataformas n\u00e3o pagam os devidos <a href=\"https:\/\/www.suno.com.br\/guias\/imposto-de-renda-guia\/\" target=\"_blank\" rel=\"noopener\">impostos<\/a>.<\/p>\t<div class=\"wrapper-featured-image\">\n\t\t<figure class=\"spotlightImg\">\n\n\t\t\t<picture>\n\t\t\t\t<source media=\"(max-width: 768px)\" srcset=\"https:\/\/files.sunoresearch.com.br\/n\/uploads\/2023\/03\/lula-conselho-politica-energetica-400x200.jpg\">\n\t\t\t\t<img loading=\"lazy\" decoding=\"async\" class=\"newsContent__article__imgCapa lazyloadDisabled \" src=\"https:\/\/files.sunoresearch.com.br\/n\/uploads\/2023\/03\/lula-conselho-politica-energetica-800x450.jpg\" width=\"800\" height=\"450\" alt=\"Shein e Aliexpress: lojas online chinesas entram na mira do governo; Lula critica falta de taxa\u00e7\u00e3o\" fetchpriority=high \/>\n\t\t\t<\/picture>\n\n\t\t\t<figcaption class=\"wp-caption-text wp-caption-text--show\">O presidente Luiz In\u00e1cio Lula da Silva. Foto: Marcelo Camargo\/Ag\u00eancia Brasil<\/figcaption>\n\t\t<\/figure>\n\t<\/div>\n\n\n\t<p>\n\t\t<a href=\"https:\/\/lp2.suno.com.br\/cl\/black-friday-2025\/?utm_campaign=_SNCDF0E4858_\" target=\"_blank\" data-element=\"shortcode-suno-banner\" title=\"Banner SUNO, clique e saiba mais\">\n\t\t\t<picture>\n\t\t\t\t<source media=\"(max-width: 500px)\" srcset=\"https:\/\/files.sunoresearch.com.br\/n\/uploads\/2025\/10\/Artigos-e-Noticias-Banner-Home-artigos-01-Mobile_-400x300-1-png.webp\">\n\t\t\t\t<img class=\"newsContent__article__imgCapa newsContent__article__imgCapa--banner\"\n\t\t\t\t\tsrc=\"https:\/\/files.sunoresearch.com.br\/n\/uploads\/2025\/10\/Artigos-e-Noticias-Banner-Home-artigos-01-Desktop_-1420x240-1-png.webp\"\n\t\t\t\t\tdata-promo-id=\"311259\"\t\t\t\t\t\t\t\t\t\twidth='1420' height='240'\t\t\t\t\talt=\"https:\/\/files.sunoresearch.com.br\/n\/uploads\/2025\/10\/Artigos-e-Noticias-Banner-Home-artigos-01-Desktop_-1420x240-1-png.webp\"\n\t\t\t\t>\n\t\t\t<\/picture>\n\t\t<\/a>\n\t<\/p>\n\n\n<p>O<strong> presidente Lula<\/strong> deve embarcar neste domingo, 26, para Pequim acompanhado de mais de 200 empres\u00e1rios.<\/p>\n<p>O presidente da Frente Parlamentar Mista do Empreendedorismo (FPE), que re\u00fane 230 parlamentares, deputado Marco Bertaiolli (PSD-SP), diz que o com\u00e9rcio nacional tem sido prejudicado. &#8220;\u00c9 uma <strong>concorr\u00eancia desleal<\/strong>&#8220;, afirmou ao Estad\u00e3o. Segundo Bertaiolli, o Brasil j\u00e1 recebe cerca de 500 mil pacotes di\u00e1rios da China. &#8220;Vamos pedir para as <a href=\"https:\/\/www.suno.com.br\/artigos\/maiores-empresas-da-bolsa\/\" target=\"_blank\" rel=\"noopener\">empresas brasileiras<\/a> terem a mesma competitividade.&#8221;<\/p>\n\t<div data-element=\"shortcode-read-more\" class=\"knowMore\">\n\t\t\t\t<span class=\"knowMore__title\">Leia mais:<\/span>\n\t\t\t\t<a class=\"knowMore__link\" href=\"https:\/\/www.suno.com.br\/noticias\/serasa-manual-do-endividado\/\">\n\t\t\tSerasa lan\u00e7a Manual do Endividado para consumidores conhecerem seus direitos\t\t<\/a>\n\t<\/div>\n\n\n<p>Na ter\u00e7a-feira (21), o pr\u00f3prio presidente criticou a compra de produtos sem o pagamento do Imposto de Importa\u00e7\u00e3o. &#8220;Est\u00e1 crescendo a importa\u00e7\u00e3o de produtos que n\u00e3o pagam nenhum imposto nesse Pa\u00eds&#8221;, disse Lula, em entrevista ao portal 247. &#8220;Eu quero uma rela\u00e7\u00e3o extraordin\u00e1ria com os chineses, a melhor poss\u00edvel, mas n\u00e3o podemos aceitar que as pessoas fiquem vendendo para c\u00e1 sem pagar imposto.&#8221;<\/p>\n<p>Segundo apurou o <b>Estad\u00e3o<\/b>, o tema deve ser contemplado na reforma tribut\u00e1ria em discuss\u00e3o no Congresso. O Imposto sobre Valor Agregado (IVA), que poder\u00e1 ser criado para fundir os tributos atuais, deve estabelecer uma tributa\u00e7\u00e3o equivalente para produtos nacionais e importados. Assim, <strong>e-commerces<\/strong> estrangeiros teriam de se registrar e recolher o IVA.<\/p>\n<p>A reforma, por\u00e9m, prev\u00ea uma transi\u00e7\u00e3o gradual e longa &#8211; que pode levar at\u00e9 2031. Por isso, empresas do varejo nacional t\u00eam cobrado uma solu\u00e7\u00e3o mais r\u00e1pida.<\/p>\n<h2><b>Redes pressionam Haddad para n\u00e3o taxar plataformas<\/b><\/h2>\n<p>O ministro da Fazenda, <strong>Fernando Haddad<\/strong>, vem sendo pressionado nas redes sociais a n\u00e3o taxar compras em e-commerces asi\u00e1ticos, sobretudo na Shein. &#8220;Voc\u00eas n\u00e3o est\u00e3o nem doidos de mexer com as taxa\u00e7\u00f5es da Shein&#8221;, comentou uma usu\u00e1ria na p\u00e1gina do ministro no Instagram. &#8221;<\/p>\n<p>Diminui os tributos das lojas brasileiras que voltamos a consumir os produtos daqui&#8221;, escreveu outra pessoa. &#8220;Mexa com tudo, mas n\u00e3o mexa com a nossa Shein. Deixa os pobres comprarem em paz&#8221;, diz outro coment\u00e1rio.<\/p>\n<p>O assunto foi abordado em reuni\u00e3o da Frente Parlamentar Mista do <a href=\"https:\/\/www.suno.com.br\/artigos\/empreendedorismo-social\/\" target=\"_blank\" rel=\"noopener\">Empreendedorismo<\/a> (FPE) &#8211; que conta com 230 parlamentares &#8211; com <strong>Haddad<\/strong> na semana passada. &#8220;O ministro respondeu que o governo est\u00e1 atento a essa modalidade de com\u00e9rcio&#8221;, afirmou o deputado Marco Bertaiolli (PSD-SP), presidente da frente.<\/p>\n<p>Entidades do varejo nacional, como a Associa\u00e7\u00e3o Brasileira de Varejo T\u00eaxtil (Abvtex), v\u00eam pressionando o governo e o Congresso para que esse tipo de compra seja tributada com o Imposto de Importa\u00e7\u00e3o a que estaria sujeita pela lei.<\/p>\n<p>Segundo essas entidades, uma das formas de as plataformas driblarem a tributa\u00e7\u00e3o \u00e9 enviar os produtos como se o remetente fosse uma pessoa f\u00edsica, por causa da <strong>isen\u00e7\u00e3o do Imposto de Importa\u00e7\u00e3o<\/strong> para compras internacionais de at\u00e9 US$ 50 entre pessoas f\u00edsicas. As empresas tamb\u00e9m alegam que os e-commerces dividem um pedido de um mesmo consumidor em v\u00e1rios pacotes menores.<\/p>\n<p>&#8220;O com\u00e9rcio digital est\u00e1 sendo uma grande novidade para o mundo inteiro, e todos os pa\u00edses est\u00e3o lidando com essa novidade. O Brasil n\u00e3o \u00e9 diferente, e \u00e9 um dos maiores mercados consumidores do mundo&#8221;, disse Bertaiolli. &#8220;Como tratar isso? \u00c9 uma decis\u00e3o do Poder Executivo, da <a href=\"https:\/\/www.suno.com.br\/artigos\/receita-federal\/\" target=\"_blank\" rel=\"noopener\">Receita Federal<\/a>. Se n\u00f3s n\u00e3o estivermos atentos a isso, n\u00f3s n\u00e3o vamos promover essa isonomia com as empresas nacionais&#8221;, afirmou.<\/p>\n<h2><b>Outro lado<\/b><\/h2>\n<p>A <strong>chinesa Aliexpress<\/strong>, que opera desde 2010 e tem uma vers\u00e3o de seu site em portugu\u00eas desde 2013, afirmou em nota que tem como prioridade cumprir a regulamenta\u00e7\u00e3o dos pa\u00edses onde atua e quer participar ativamente no desenvolvimento da economia digital local.<\/p>\n<p>Em nota, a Shein afirmou que cumpre as leis e regulamentos locais do Brasil, mas n\u00e3o comentou a cobran\u00e7a de imposto dos seus clientes. A empresa afirma que vende para o Pa\u00eds desde 2020, &#8220;utilizando parceiros log\u00edsticos locais&#8221;. Disse ainda que tem estabelecido parcerias com diversos fornecedores do mercado brasileiro.<\/p>\n<p>Ap\u00f3s a fala de<strong> Lula<\/strong>, a Shopee, criada em Cingapura, afirmou, tamb\u00e9m em nota, que atua no Brasil desde 2019 como uma empresa local, com CNPJ e sede em S\u00e3o Paulo, e que mais de 85% dos pedidos s\u00e3o de vendedores locais. Disse ainda que nove em cada dez dessas vendas s\u00e3o de empresas com CNPJ, e que h\u00e1 hoje mais de 3 milh\u00f5es de vendedores brasileiros cadastrados na plataforma.<\/p>\n<p>(Com informa\u00e7\u00f5es s\u00e3o do jornal O Estado de S. Paulo e Estad\u00e3o Conte\u00fado)<\/p>\n\t<p>\n\t\t<a href=\"https:\/\/lp.suno.com.br\/ebook-como-analisar-uma-acao\/\" target=\"_blank\" data-element=\"shortcode-suno-banner\" title=\"Banner SUNO, clique e saiba mais\">\n\t\t\t<picture>\n\t\t\t\t<source media=\"(max-width: 500px)\" srcset=\"https:\/\/files.sunoresearch.com.br\/n\/uploads\/2023\/12\/Ebook-Acoes-Mobile.jpg\">\n\t\t\t\t<img class=\"newsContent__article__imgCapa newsContent__article__imgCapa--banner\"\n\t\t\t\t\tsrc=\"https:\/\/files.sunoresearch.com.br\/n\/uploads\/2023\/12\/Ebook-Acoes-Desktop.webp\"\n\t\t\t\t\tdata-promo-id=\"311260\"\t\t\t\t\t\t\t\t\t\twidth='1420' height='286'\t\t\t\t\talt=\"https:\/\/files.sunoresearch.com.br\/n\/uploads\/2023\/12\/Ebook-Acoes-Desktop.webp\"\n\t\t\t\t>\n\t\t\t<\/picture>\n\t\t<\/a>\n\t<\/p>\n\n\n","protected":false},"excerpt":{"rendered":"<p>Na v\u00e9spera de viagem \u00e0 China, o presidente Luiz In\u00e1cio Lula da Silva e o Congresso manifestaram preocupa\u00e7\u00f5es com o crescimento das vendas online de produtos chineses no pa\u00eds, por empresas como Shein e Aliexpress, alegando que essas plataformas n\u00e3o pagam os devidos impostos. O presidente Luiz In\u00e1cio Lula da Silva. Foto: Marcelo Camargo\/Ag\u00eancia Brasil [&hellip;]<\/p>\n","protected":false},"author":173,"featured_media":380016,"comment_status":"closed","ping_status":"closed","sticky":false,"template":"","format":"standard","meta":[],"categories":[64],"tags":[711],"suno_strategy":[],"class_list":["post-380752","post","type-post","status-publish","format-standard","has-post-thumbnail","hentry","category-negocios","tag-china"],"yoast_head":"<!-- This site is optimized with the Yoast SEO plugin v24.4 - https:\/\/yoast.com\/wordpress\/plugins\/seo\/ -->\n<title>Shein e Aliexpress: Lula critica falta de taxa\u00e7\u00e3o a lojas online chinesas<\/title>\n<meta name=\"description\" content=\"O presidente Lula criticou falta de taxa\u00e7\u00e3o a lojas online chinesas e empresas entram na mira do governo. Clique e saiba mais.\" \/>\n<meta name=\"robots\" content=\"index, follow, max-snippet:-1, max-image-preview:large, max-video-preview:-1\" \/>\n<link rel=\"canonical\" href=\"https:\/\/www.suno.com.br\/noticias\/shein-aliexpress-lula-taxacao\/\" \/>\n<meta property=\"og:locale\" content=\"pt_BR\" \/>\n<meta property=\"og:type\" content=\"article\" \/>\n<meta property=\"og:title\" content=\"Shein e Aliexpress: Lula critica falta de taxa\u00e7\u00e3o a lojas online chinesas\" \/>\n<meta property=\"og:description\" content=\"O presidente Lula criticou falta de taxa\u00e7\u00e3o a lojas online chinesas e empresas entram na mira do governo. Clique e saiba mais.\" \/>\n<meta property=\"og:url\" content=\"https:\/\/www.suno.com.br\/noticias\/shein-aliexpress-lula-taxacao\/\" \/>\n<meta property=\"og:site_name\" content=\"Suno Not\u00edcias\" \/>\n<meta property=\"article:publisher\" content=\"https:\/\/facebook.com\/sunoresearch\" \/>\n<meta property=\"og:image\" content=\"https:\/\/files.sunoresearch.com.br\/n\/uploads\/2023\/03\/lula-conselho-politica-energetica.jpg\" \/>\n\t<meta property=\"og:image:width\" content=\"1200\" \/>\n\t<meta property=\"og:image:height\" content=\"900\" \/>\n\t<meta property=\"og:image:type\" content=\"image\/jpeg\" \/>\n<meta name=\"author\" content=\"Jo\u00e3o Vitor\" \/>\n<meta name=\"twitter:card\" content=\"summary_large_image\" \/>\n<meta name=\"twitter:creator\" content=\"@sunoresearch\" \/>\n<meta name=\"twitter:site\" content=\"@sunoresearch\" \/>\n<meta name=\"twitter:label1\" content=\"Escrito por\" \/>\n\t<meta name=\"twitter:data1\" content=\"Jo\u00e3o Vitor\" \/>\n\t<meta name=\"twitter:label2\" content=\"Est. tempo de leitura\" \/>\n\t<meta name=\"twitter:data2\" content=\"5 minutos\" \/>\n<script type=\"application\/ld+json\" class=\"yoast-schema-graph\">{\"@context\":\"https:\/\/schema.org\",\"@graph\":[{\"@type\":\"NewsArticle\",\"@id\":\"https:\/\/www.suno.com.br\/noticias\/shein-aliexpress-lula-taxacao\/#article\",\"isPartOf\":{\"@id\":\"https:\/\/www.suno.com.br\/noticias\/shein-aliexpress-lula-taxacao\/\"},\"author\":{\"name\":\"Jo\u00e3o Vitor\",\"@id\":\"https:\/\/www.suno.com.br\/noticias\/#\/schema\/person\/87fc6973867c52dd884811905c43afba\"},\"headline\":\"Shein e Aliexpress: lojas online chinesas entram na mira do governo; Lula critica falta de taxa\u00e7\u00e3o\",\"datePublished\":\"2023-03-25T12:40:00+00:00\",\"mainEntityOfPage\":{\"@id\":\"https:\/\/www.suno.com.br\/noticias\/shein-aliexpress-lula-taxacao\/\"},\"wordCount\":822,\"publisher\":{\"@id\":\"https:\/\/www.suno.com.br\/noticias\/#organization\"},\"image\":{\"@id\":\"https:\/\/www.suno.com.br\/noticias\/shein-aliexpress-lula-taxacao\/#primaryimage\"},\"thumbnailUrl\":\"https:\/\/files.sunoresearch.com.br\/n\/uploads\/2023\/03\/lula-conselho-politica-energetica.jpg\",\"keywords\":[\"China\"],\"articleSection\":[\"Neg\u00f3cios\"],\"inLanguage\":\"pt-BR\"},{\"@type\":\"WebPage\",\"@id\":\"https:\/\/www.suno.com.br\/noticias\/shein-aliexpress-lula-taxacao\/\",\"url\":\"https:\/\/www.suno.com.br\/noticias\/shein-aliexpress-lula-taxacao\/\",\"name\":\"Shein e Aliexpress: Lula critica falta de taxa\u00e7\u00e3o a lojas online chinesas\",\"isPartOf\":{\"@id\":\"https:\/\/www.suno.com.br\/noticias\/#website\"},\"primaryImageOfPage\":{\"@id\":\"https:\/\/www.suno.com.br\/noticias\/shein-aliexpress-lula-taxacao\/#primaryimage\"},\"image\":{\"@id\":\"https:\/\/www.suno.com.br\/noticias\/shein-aliexpress-lula-taxacao\/#primaryimage\"},\"thumbnailUrl\":\"https:\/\/files.sunoresearch.com.br\/n\/uploads\/2023\/03\/lula-conselho-politica-energetica.jpg\",\"datePublished\":\"2023-03-25T12:40:00+00:00\",\"description\":\"O presidente Lula criticou falta de taxa\u00e7\u00e3o a lojas online chinesas e empresas entram na mira do governo. Clique e saiba mais.\",\"breadcrumb\":{\"@id\":\"https:\/\/www.suno.com.br\/noticias\/shein-aliexpress-lula-taxacao\/#breadcrumb\"},\"inLanguage\":\"pt-BR\",\"potentialAction\":[{\"@type\":\"ReadAction\",\"target\":[\"https:\/\/www.suno.com.br\/noticias\/shein-aliexpress-lula-taxacao\/\"]}]},{\"@type\":\"ImageObject\",\"inLanguage\":\"pt-BR\",\"@id\":\"https:\/\/www.suno.com.br\/noticias\/shein-aliexpress-lula-taxacao\/#primaryimage\",\"url\":\"https:\/\/files.sunoresearch.com.br\/n\/uploads\/2023\/03\/lula-conselho-politica-energetica.jpg\",\"contentUrl\":\"https:\/\/files.sunoresearch.com.br\/n\/uploads\/2023\/03\/lula-conselho-politica-energetica.jpg\",\"width\":1200,\"height\":900,\"caption\":\"O presidente Luiz In\u00e1cio Lula da Silva. Foto: Marcelo Camargo\/Ag\u00eancia Brasil\"},{\"@type\":\"BreadcrumbList\",\"@id\":\"https:\/\/www.suno.com.br\/noticias\/shein-aliexpress-lula-taxacao\/#breadcrumb\",\"itemListElement\":[{\"@type\":\"ListItem\",\"position\":1,\"name\":\"Not\u00edcias\",\"item\":\"https:\/\/www.suno.com.br\/noticias\/\"},{\"@type\":\"ListItem\",\"position\":2,\"name\":\"Neg\u00f3cios\",\"item\":\"https:\/\/www.suno.com.br\/noticias\/negocios\/\"},{\"@type\":\"ListItem\",\"position\":3,\"name\":\"Shein e Aliexpress: lojas online chinesas entram na mira do governo; Lula critica falta de taxa\u00e7\u00e3o\"}]},{\"@type\":\"WebSite\",\"@id\":\"https:\/\/www.suno.com.br\/noticias\/#website\",\"url\":\"https:\/\/www.suno.com.br\/noticias\/\",\"name\":\"Suno Not\u00edcias\",\"description\":\"Seu portal de informa\u00e7\u00e3o sobre o mundo dos investimentos\",\"publisher\":{\"@id\":\"https:\/\/www.suno.com.br\/noticias\/#organization\"},\"potentialAction\":[{\"@type\":\"SearchAction\",\"target\":{\"@type\":\"EntryPoint\",\"urlTemplate\":\"https:\/\/www.suno.com.br\/noticias\/?s={search_term_string}\"},\"query-input\":{\"@type\":\"PropertyValueSpecification\",\"valueRequired\":true,\"valueName\":\"search_term_string\"}}],\"inLanguage\":\"pt-BR\"},{\"@type\":\"Organization\",\"@id\":\"https:\/\/www.suno.com.br\/noticias\/#organization\",\"name\":\"Suno Not\u00edcias\",\"url\":\"https:\/\/www.suno.com.br\/noticias\/\",\"logo\":{\"@type\":\"ImageObject\",\"inLanguage\":\"pt-BR\",\"@id\":\"https:\/\/www.suno.com.br\/noticias\/#\/schema\/logo\/image\/\",\"url\":\"https:\/\/files.sunoresearch.com.br\/n\/uploads\/2021\/09\/suno-logo.png\",\"contentUrl\":\"https:\/\/files.sunoresearch.com.br\/n\/uploads\/2021\/09\/suno-logo.png\",\"width\":180,\"height\":180,\"caption\":\"Suno Not\u00edcias\"},\"image\":{\"@id\":\"https:\/\/www.suno.com.br\/noticias\/#\/schema\/logo\/image\/\"},\"sameAs\":[\"https:\/\/facebook.com\/sunoresearch\",\"https:\/\/x.com\/sunoresearch\",\"https:\/\/www.instagram.com\/suno\",\"https:\/\/www.linkedin.com\/company\/suno-research\/\",\"https:\/\/www.youtube.com\/c\/sunoresearch\"]},{\"@type\":\"Person\",\"@id\":\"https:\/\/www.suno.com.br\/noticias\/#\/schema\/person\/87fc6973867c52dd884811905c43afba\",\"name\":\"Jo\u00e3o Vitor\",\"image\":{\"@type\":\"ImageObject\",\"inLanguage\":\"pt-BR\",\"@id\":\"https:\/\/www.suno.com.br\/noticias\/#\/schema\/person\/image\/\",\"url\":\"https:\/\/secure.gravatar.com\/avatar\/2843227ca03ccf8cc7ccca45204c127e?s=96&r=g\",\"contentUrl\":\"https:\/\/secure.gravatar.com\/avatar\/2843227ca03ccf8cc7ccca45204c127e?s=96&r=g\",\"caption\":\"Jo\u00e3o Vitor\"},\"description\":\"Redator profissional, com atua\u00e7\u00e3o no mercado editorial na produ\u00e7\u00e3o de not\u00edcias e conte\u00fados sobre o mercado de a\u00e7\u00f5es, fundos imobili\u00e1rios e economia popular. Graduando em Engenharia Qu\u00edmica pela Unesp, tamb\u00e9m j\u00e1 atuou como consultor financeiro.\",\"url\":\"https:\/\/www.suno.com.br\/noticias\/author\/joao-vitor-jacintho\/\"}]}<\/script>\n<!-- \/ Yoast SEO plugin. -->","yoast_head_json":{"title":"Shein e Aliexpress: Lula critica falta de taxa\u00e7\u00e3o a lojas online chinesas","description":"O presidente Lula criticou falta de taxa\u00e7\u00e3o a lojas online chinesas e empresas entram na mira do governo. Clique e saiba mais.","robots":{"index":"index","follow":"follow","max-snippet":"max-snippet:-1","max-image-preview":"max-image-preview:large","max-video-preview":"max-video-preview:-1"},"canonical":"https:\/\/www.suno.com.br\/noticias\/shein-aliexpress-lula-taxacao\/","og_locale":"pt_BR","og_type":"article","og_title":"Shein e Aliexpress: Lula critica falta de taxa\u00e7\u00e3o a lojas online chinesas","og_description":"O presidente Lula criticou falta de taxa\u00e7\u00e3o a lojas online chinesas e empresas entram na mira do governo. Clique e saiba mais.","og_url":"https:\/\/www.suno.com.br\/noticias\/shein-aliexpress-lula-taxacao\/","og_site_name":"Suno Not\u00edcias","article_publisher":"https:\/\/facebook.com\/sunoresearch","og_image":[{"width":1200,"height":900,"url":"https:\/\/files.sunoresearch.com.br\/n\/uploads\/2023\/03\/lula-conselho-politica-energetica.jpg","type":"image\/jpeg"}],"author":"Jo\u00e3o Vitor","twitter_card":"summary_large_image","twitter_creator":"@sunoresearch","twitter_site":"@sunoresearch","twitter_misc":{"Escrito por":"Jo\u00e3o Vitor","Est. tempo de leitura":"5 minutos"},"schema":{"@context":"https:\/\/schema.org","@graph":[{"@type":"NewsArticle","@id":"https:\/\/www.suno.com.br\/noticias\/shein-aliexpress-lula-taxacao\/#article","isPartOf":{"@id":"https:\/\/www.suno.com.br\/noticias\/shein-aliexpress-lula-taxacao\/"},"author":{"name":"Jo\u00e3o Vitor","@id":"https:\/\/www.suno.com.br\/noticias\/#\/schema\/person\/87fc6973867c52dd884811905c43afba"},"headline":"Shein e Aliexpress: lojas online chinesas entram na mira do governo; Lula critica falta de taxa\u00e7\u00e3o","datePublished":"2023-03-25T12:40:00+00:00","mainEntityOfPage":{"@id":"https:\/\/www.suno.com.br\/noticias\/shein-aliexpress-lula-taxacao\/"},"wordCount":822,"publisher":{"@id":"https:\/\/www.suno.com.br\/noticias\/#organization"},"image":{"@id":"https:\/\/www.suno.com.br\/noticias\/shein-aliexpress-lula-taxacao\/#primaryimage"},"thumbnailUrl":"https:\/\/files.sunoresearch.com.br\/n\/uploads\/2023\/03\/lula-conselho-politica-energetica.jpg","keywords":["China"],"articleSection":["Neg\u00f3cios"],"inLanguage":"pt-BR"},{"@type":"WebPage","@id":"https:\/\/www.suno.com.br\/noticias\/shein-aliexpress-lula-taxacao\/","url":"https:\/\/www.suno.com.br\/noticias\/shein-aliexpress-lula-taxacao\/","name":"Shein e Aliexpress: Lula critica falta de taxa\u00e7\u00e3o a lojas online chinesas","isPartOf":{"@id":"https:\/\/www.suno.com.br\/noticias\/#website"},"primaryImageOfPage":{"@id":"https:\/\/www.suno.com.br\/noticias\/shein-aliexpress-lula-taxacao\/#primaryimage"},"image":{"@id":"https:\/\/www.suno.com.br\/noticias\/shein-aliexpress-lula-taxacao\/#primaryimage"},"thumbnailUrl":"https:\/\/files.sunoresearch.com.br\/n\/uploads\/2023\/03\/lula-conselho-politica-energetica.jpg","datePublished":"2023-03-25T12:40:00+00:00","description":"O presidente Lula criticou falta de taxa\u00e7\u00e3o a lojas online chinesas e empresas entram na mira do governo. Clique e saiba mais.","breadcrumb":{"@id":"https:\/\/www.suno.com.br\/noticias\/shein-aliexpress-lula-taxacao\/#breadcrumb"},"inLanguage":"pt-BR","potentialAction":[{"@type":"ReadAction","target":["https:\/\/www.suno.com.br\/noticias\/shein-aliexpress-lula-taxacao\/"]}]},{"@type":"ImageObject","inLanguage":"pt-BR","@id":"https:\/\/www.suno.com.br\/noticias\/shein-aliexpress-lula-taxacao\/#primaryimage","url":"https:\/\/files.sunoresearch.com.br\/n\/uploads\/2023\/03\/lula-conselho-politica-energetica.jpg","contentUrl":"https:\/\/files.sunoresearch.com.br\/n\/uploads\/2023\/03\/lula-conselho-politica-energetica.jpg","width":1200,"height":900,"caption":"O presidente Luiz In\u00e1cio Lula da Silva. Foto: Marcelo Camargo\/Ag\u00eancia Brasil"},{"@type":"BreadcrumbList","@id":"https:\/\/www.suno.com.br\/noticias\/shein-aliexpress-lula-taxacao\/#breadcrumb","itemListElement":[{"@type":"ListItem","position":1,"name":"Not\u00edcias","item":"https:\/\/www.suno.com.br\/noticias\/"},{"@type":"ListItem","position":2,"name":"Neg\u00f3cios","item":"https:\/\/www.suno.com.br\/noticias\/negocios\/"},{"@type":"ListItem","position":3,"name":"Shein e Aliexpress: lojas online chinesas entram na mira do governo; Lula critica falta de taxa\u00e7\u00e3o"}]},{"@type":"WebSite","@id":"https:\/\/www.suno.com.br\/noticias\/#website","url":"https:\/\/www.suno.com.br\/noticias\/","name":"Suno Not\u00edcias","description":"Seu portal de informa\u00e7\u00e3o sobre o mundo dos investimentos","publisher":{"@id":"https:\/\/www.suno.com.br\/noticias\/#organization"},"potentialAction":[{"@type":"SearchAction","target":{"@type":"EntryPoint","urlTemplate":"https:\/\/www.suno.com.br\/noticias\/?s={search_term_string}"},"query-input":{"@type":"PropertyValueSpecification","valueRequired":true,"valueName":"search_term_string"}}],"inLanguage":"pt-BR"},{"@type":"Organization","@id":"https:\/\/www.suno.com.br\/noticias\/#organization","name":"Suno Not\u00edcias","url":"https:\/\/www.suno.com.br\/noticias\/","logo":{"@type":"ImageObject","inLanguage":"pt-BR","@id":"https:\/\/www.suno.com.br\/noticias\/#\/schema\/logo\/image\/","url":"https:\/\/files.sunoresearch.com.br\/n\/uploads\/2021\/09\/suno-logo.png","contentUrl":"https:\/\/files.sunoresearch.com.br\/n\/uploads\/2021\/09\/suno-logo.png","width":180,"height":180,"caption":"Suno Not\u00edcias"},"image":{"@id":"https:\/\/www.suno.com.br\/noticias\/#\/schema\/logo\/image\/"},"sameAs":["https:\/\/facebook.com\/sunoresearch","https:\/\/x.com\/sunoresearch","https:\/\/www.instagram.com\/suno","https:\/\/www.linkedin.com\/company\/suno-research\/","https:\/\/www.youtube.com\/c\/sunoresearch"]},{"@type":"Person","@id":"https:\/\/www.suno.com.br\/noticias\/#\/schema\/person\/87fc6973867c52dd884811905c43afba","name":"Jo\u00e3o Vitor","image":{"@type":"ImageObject","inLanguage":"pt-BR","@id":"https:\/\/www.suno.com.br\/noticias\/#\/schema\/person\/image\/","url":"https:\/\/secure.gravatar.com\/avatar\/2843227ca03ccf8cc7ccca45204c127e?s=96&r=g","contentUrl":"https:\/\/secure.gravatar.com\/avatar\/2843227ca03ccf8cc7ccca45204c127e?s=96&r=g","caption":"Jo\u00e3o Vitor"},"description":"Redator profissional, com atua\u00e7\u00e3o no mercado editorial na produ\u00e7\u00e3o de not\u00edcias e conte\u00fados sobre o mercado de a\u00e7\u00f5es, fundos imobili\u00e1rios e economia popular. Graduando em Engenharia Qu\u00edmica pela Unesp, tamb\u00e9m j\u00e1 atuou como consultor financeiro.","url":"https:\/\/www.suno.com.br\/noticias\/author\/joao-vitor-jacintho\/"}]}},"default_loop_html":"<div class=\"cardsPage__listCard__boxs\"><div class=\"cardsPage__listCard__boxs__img\"><a href=\"https:\/\/www.suno.com.br\/noticias\/shein-aliexpress-lula-taxacao\/\"><img class=\"mask\" src=\"https:\/\/www.suno.com.br\/noticias\/wp-content\/themes\/suno\/resources\/images\/spotlight\/spotlight1img\/bg-mask.png\" alt=\"Image Mask\"\/><img src=\"https:\/\/files.sunoresearch.com.br\/n\/uploads\/2023\/03\/lula-conselho-politica-energetica-400x200.jpg\" alt=\"Shein e Aliexpress: lojas online chinesas entram na mira do governo; Lula critica falta de taxa\u00e7\u00e3o\"\/><\/a><span class=\"spotlightCategory\"><a href=\"https:\/\/www.suno.com.br\/noticias\/negocios\/\">Neg\u00f3cios<\/a><\/span><\/div><div class=\"cardsPage__listCard__boxs__content\"><a href=\"https:\/\/www.suno.com.br\/noticias\/shein-aliexpress-lula-taxacao\/\"><h2 class=\"content__title\">Shein e Aliexpress: lojas online chinesas entram na mira do governo; Lula critica falta de taxa\u00e7\u00e3o<\/h2><\/a><div class=\"newsContent__article__meta\"><div class=\"newsContent__article__meta__authorBox\"><a href=\"https:\/\/www.suno.com.br\/noticias\/author\/joao-vitor-jacintho\/\" class=\"authorBox__avatar noMobi\"><img src=\"https:\/\/secure.gravatar.com\/avatar\/2843227ca03ccf8cc7ccca45204c127e?s=96&#038;r=g\" alt=\"Jo\u00e3o Vitor Jacintho\"><\/a><div class=\"authorBox__name\"><span>por\n\t\t\t<a href=\"https:\/\/www.suno.com.br\/noticias\/author\/joao-vitor-jacintho\/\"><span itemprop=\"author\">Jo\u00e3o Vitor Jacintho<\/span><\/a><\/span><time datetime=\"2023-03-25T09:40:00-03:00\" itemprop=\"datePublished\">25\/03\/2023 09:40<\/time><\/div><\/div><\/div><\/div><\/div>","single_layout":"posts","amp_enabled":true,"_links":{"self":[{"href":"https:\/\/www.suno.com.br\/noticias\/wp-json\/wp\/v2\/posts\/380752"}],"collection":[{"href":"https:\/\/www.suno.com.br\/noticias\/wp-json\/wp\/v2\/posts"}],"about":[{"href":"https:\/\/www.suno.com.br\/noticias\/wp-json\/wp\/v2\/types\/post"}],"author":[{"embeddable":true,"href":"https:\/\/www.suno.com.br\/noticias\/wp-json\/wp\/v2\/users\/173"}],"replies":[{"embeddable":true,"href":"https:\/\/www.suno.com.br\/noticias\/wp-json\/wp\/v2\/comments?post=380752"}],"version-history":[{"count":3,"href":"https:\/\/www.suno.com.br\/noticias\/wp-json\/wp\/v2\/posts\/380752\/revisions"}],"predecessor-version":[{"id":380779,"href":"https:\/\/www.suno.com.br\/noticias\/wp-json\/wp\/v2\/posts\/380752\/revisions\/380779"}],"wp:featuredmedia":[{"embeddable":true,"href":"https:\/\/www.suno.com.br\/noticias\/wp-json\/wp\/v2\/media\/380016"}],"wp:attachment":[{"href":"https:\/\/www.suno.com.br\/noticias\/wp-json\/wp\/v2\/media?parent=380752"}],"wp:term":[{"taxonomy":"category","embeddable":true,"href":"https:\/\/www.suno.com.br\/noticias\/wp-json\/wp\/v2\/categories?post=380752"},{"taxonomy":"post_tag","embeddable":true,"href":"https:\/\/www.suno.com.br\/noticias\/wp-json\/wp\/v2\/tags?post=380752"},{"taxonomy":"suno_strategy","embeddable":true,"href":"https:\/\/www.suno.com.br\/noticias\/wp-json\/wp\/v2\/suno_strategy?post=380752"}],"curies":[{"name":"wp","href":"https:\/\/api.w.org\/{rel}","templated":true}]}}