{"id":38070,"date":"2019-09-18T16:51:45","date_gmt":"2019-09-18T19:51:45","guid":{"rendered":"https:\/\/www.suno.com.br\/noticias\/?p=38070"},"modified":"2019-09-18T16:56:04","modified_gmt":"2019-09-18T19:56:04","slug":"ceo-confirma-banco-votorantim-prepara-lancar-ipo","status":"publish","type":"post","link":"https:\/\/www.suno.com.br\/noticias\/ceo-confirma-banco-votorantim-prepara-lancar-ipo\/","title":{"rendered":"CEO confirma que Banco Votorantim se prepara para IPO"},"content":{"rendered":"<p>O CEO do Banco Votorantim SA, Gabriel Ferreira, afirmou a jornalistas nesta quarta-feira (18), que o banco est\u00e1 se preparando para lan\u00e7ar sua<a href=\"https:\/\/www.suno.com.br\/artigos\/ipo\/\"> <strong>oferta p\u00fablica inicial (IPO)<\/strong><\/a><strong>.<\/strong> A informa\u00e7\u00e3o foi divulgada pela ag\u00eancia Reuters.<\/p>\t<div class=\"wrapper-featured-image\">\n\t\t<figure class=\"spotlightImg\">\n\n\t\t\t<picture>\n\t\t\t\t<source media=\"(max-width: 768px)\" srcset=\"https:\/\/files.sunoresearch.com.br\/n\/uploads\/2019\/05\/94fc9828-banco_votorantin-400x200.webp\">\n\t\t\t\t<img loading=\"lazy\" decoding=\"async\" class=\"newsContent__article__imgCapa lazyloadDisabled newsContent__article__imgCapa--noCaption\" src=\"https:\/\/files.sunoresearch.com.br\/n\/uploads\/2019\/05\/94fc9828-banco_votorantin-jpg.webp\" width=\"800\" height=\"450\" alt=\"CEO confirma que Banco Votorantim se prepara para IPO\" fetchpriority=high \/>\n\t\t\t<\/picture>\n\n\t\t\t<figcaption class=\"wp-caption-text wp-caption-text--hide\">Banco BV compra plataforma de empr\u00e9stimos do Guiabolso<\/figcaption>\n\t\t<\/figure>\n\t<\/div>\n\n\n\n<p>De acordo com o <strong>CEO,<\/strong> depois do <strong>IPO,<\/strong> os acionistas do banco e o <strong>Banco do Brasil SA<\/strong> e o restante do grupo <strong>Votorantim,<\/strong> continuar\u00e3o com uma participa\u00e7\u00e3o no banco, por conta da alta probabilidade de aumento da lucratividade nos pr\u00f3ximos anos. Atualmente o banco \u00e9 o nono maior do Brasil.<\/p>\n<h2>IPO<\/h2>\n<p>Na semana passado, o jornal &#8220;Estado de S. Paulo&#8221; havia noticiado que o <strong>Banco Votorantim<\/strong> teria adiado seu plano de oferta inicial de a\u00e7\u00f5es (IPO) para 2020.<\/p>\n<p><a href=\"https:\/\/www.suno.com.br\/noticias\/banco-do-brasil-adquire-carteira-de-credito-do-banco-votorantim-por-r684-mi\/\">Leia tamb\u00e9m: Banco do Brasil adquire carteira de cr\u00e9dito do Banco Votorantim por R$684 mi<\/a><\/p>\n<p>Em fevereiro deste ano, o banco escolheu o <strong>JP Morgan<\/strong> para auxiliar em seu processo de <strong>IPO.<\/strong> Com isso, \u00e9 estimado que a abertura de capital da institui\u00e7\u00e3o financeira ocorresse ainda neste ano.<\/p>\n<h2>Banco Votorantim<\/h2>\n<p>O <strong>Banco Votorantim<\/strong> \u00e9 a quinta maior institui\u00e7\u00e3o financeira privada do Brasil. O banco foi fundado em 1988 pelo empres\u00e1rio Jos\u00e9 Erm\u00edrio de Moraes.\u00a0A institui\u00e7\u00e3o atua nos setores <strong>Corporate<\/strong> e <strong>Investment Banking, Asset Management, Private Bank<\/strong> e <strong>Varejo.<\/strong><\/p>\n<p><a href=\"https:\/\/www.suno.com.br\/noticias\/banco-votorantim-abertura-capital-2020\/\">Saiba mais: Banco Votorantim adia abertura de capital para 2020, diz jornal<\/a><\/p>\n<p>Al\u00e9m disso, o banco pretende estreitar la\u00e7os com <strong>fintechs, startups<\/strong> focadas em <strong>tecnologia financeira<\/strong> sendo, inclusive, parceiro do <strong>Neon.<\/strong> O objetivo \u00e9 ganhar espa\u00e7o num mercado com alto potencial de crescimento, visando ampliar suas receitas.<\/p>\n<p>O banco \u00e9 controlado pelo <strong>Banco do Brasil<\/strong> que, em julho, adquiriu pela terceira vez uma de suas carteiras de cr\u00e9dito, por R$ 683,459 milh\u00f5es. O BB informou o neg\u00f3cio entre as institui\u00e7\u00f5es decorre de uma sinergia da estrat\u00e9gica.<\/p>\n\t<p>\n\t\t<a href=\"https:\/\/lp.suno.com.br\/ebook-como-analisar-uma-acao\/\" target=\"_blank\" data-element=\"shortcode-suno-banner\" title=\"Banner SUNO, clique e saiba mais\">\n\t\t\t<picture>\n\t\t\t\t<source media=\"(max-width: 500px)\" srcset=\"https:\/\/files.sunoresearch.com.br\/n\/uploads\/2023\/03\/Ebook-Acoes-Mobile-1.jpg\">\n\t\t\t\t<img class=\"newsContent__article__imgCapa newsContent__article__imgCapa--banner\"\n\t\t\t\t\tsrc=\"https:\/\/files.sunoresearch.com.br\/n\/uploads\/2023\/03\/Ebook-Acoes-Desktop-1.jpg\"\n\t\t\t\t\tdata-promo-id=\"171998\"\t\t\t\t\t\t\t\t\t\twidth='1420' height='286'\t\t\t\t\talt=\"https:\/\/files.sunoresearch.com.br\/n\/uploads\/2023\/03\/Ebook-Acoes-Desktop-1.jpg\"\n\t\t\t\t>\n\t\t\t<\/picture>\n\t\t<\/a>\n\t<\/p>\n\n\n<p>Em abril deste ano, o banco havia comprado duas carteiras do <strong>Votorantim,<\/strong> somatizando total de R$ 1,974 bilh\u00e3o.<\/p>\n","protected":false},"excerpt":{"rendered":"<p>O CEO do Banco Votorantim SA, Gabriel Ferreira, afirmou a jornalistas nesta quarta-feira (18), que o banco est\u00e1 se preparando para lan\u00e7ar sua oferta p\u00fablica inicial (IPO). A informa\u00e7\u00e3o foi divulgada pela ag\u00eancia Reuters. Banco BV compra plataforma de empr\u00e9stimos do Guiabolso De acordo com o CEO, depois do IPO, os acionistas do banco e [&hellip;]<\/p>\n","protected":false},"author":23,"featured_media":23693,"comment_status":"closed","ping_status":"closed","sticky":false,"template":"","format":"standard","meta":[],"categories":[64],"tags":[732,1137,1279,319],"suno_strategy":[],"class_list":["post-38070","post","type-post","status-publish","format-standard","has-post-thumbnail","hentry","category-negocios","tag-banco-do-brasil-bbas3","tag-banco-votorantim","tag-grupo-votorantim","tag-ipo-oferta-inicial-de-acoes"],"yoast_head":"<!-- This site is optimized with the Yoast SEO plugin v24.4 - https:\/\/yoast.com\/wordpress\/plugins\/seo\/ -->\n<title>CEO confirma que Banco Votorantim se prepara para IPO<\/title>\n<meta name=\"description\" content=\"O CEO do Banco Votorantim SA afirmou que o banco est\u00e1 se preparando para lan\u00e7ar sua oferta p\u00fablica inicial (IPO). Clique para mais.\" \/>\n<meta name=\"robots\" content=\"index, follow, max-snippet:-1, max-image-preview:large, max-video-preview:-1\" \/>\n<link rel=\"canonical\" href=\"https:\/\/www.suno.com.br\/noticias\/ceo-confirma-banco-votorantim-prepara-lancar-ipo\/\" \/>\n<meta property=\"og:locale\" content=\"pt_BR\" \/>\n<meta property=\"og:type\" content=\"article\" \/>\n<meta property=\"og:title\" content=\"CEO confirma que Banco Votorantim se prepara para IPO\" \/>\n<meta property=\"og:description\" content=\"O CEO do Banco Votorantim SA afirmou que o banco est\u00e1 se preparando para lan\u00e7ar sua oferta p\u00fablica inicial (IPO). Clique para mais.\" \/>\n<meta property=\"og:url\" content=\"https:\/\/www.suno.com.br\/noticias\/ceo-confirma-banco-votorantim-prepara-lancar-ipo\/\" \/>\n<meta property=\"og:site_name\" content=\"Suno Not\u00edcias\" \/>\n<meta property=\"article:publisher\" content=\"https:\/\/facebook.com\/sunoresearch\" \/>\n<meta property=\"og:image\" content=\"https:\/\/files.sunoresearch.com.br\/n\/uploads\/2019\/05\/94fc9828-banco_votorantin.jpg\" \/>\n\t<meta property=\"og:image:width\" content=\"645\" \/>\n\t<meta property=\"og:image:height\" content=\"388\" \/>\n\t<meta property=\"og:image:type\" content=\"image\/jpeg\" \/>\n<meta name=\"author\" content=\"Rafael Lara\" \/>\n<meta name=\"twitter:card\" content=\"summary_large_image\" \/>\n<meta name=\"twitter:creator\" content=\"@sunoresearch\" \/>\n<meta name=\"twitter:site\" content=\"@sunoresearch\" \/>\n<meta name=\"twitter:label1\" content=\"Escrito por\" \/>\n\t<meta name=\"twitter:data1\" content=\"Rafael Lara\" \/>\n\t<meta name=\"twitter:label2\" content=\"Est. tempo de leitura\" \/>\n\t<meta name=\"twitter:data2\" content=\"2 minutos\" \/>\n<script type=\"application\/ld+json\" class=\"yoast-schema-graph\">{\"@context\":\"https:\/\/schema.org\",\"@graph\":[{\"@type\":\"NewsArticle\",\"@id\":\"https:\/\/www.suno.com.br\/noticias\/ceo-confirma-banco-votorantim-prepara-lancar-ipo\/#article\",\"isPartOf\":{\"@id\":\"https:\/\/www.suno.com.br\/noticias\/ceo-confirma-banco-votorantim-prepara-lancar-ipo\/\"},\"author\":{\"name\":\"Rafael Lara\",\"@id\":\"https:\/\/www.suno.com.br\/noticias\/#\/schema\/person\/098743caeed97b37f51315c9576c4078\"},\"headline\":\"CEO confirma que Banco Votorantim se prepara para IPO\",\"datePublished\":\"2019-09-18T19:51:45+00:00\",\"dateModified\":\"2019-09-18T19:56:04+00:00\",\"mainEntityOfPage\":{\"@id\":\"https:\/\/www.suno.com.br\/noticias\/ceo-confirma-banco-votorantim-prepara-lancar-ipo\/\"},\"wordCount\":333,\"publisher\":{\"@id\":\"https:\/\/www.suno.com.br\/noticias\/#organization\"},\"image\":{\"@id\":\"https:\/\/www.suno.com.br\/noticias\/ceo-confirma-banco-votorantim-prepara-lancar-ipo\/#primaryimage\"},\"thumbnailUrl\":\"https:\/\/files.sunoresearch.com.br\/n\/uploads\/2019\/05\/94fc9828-banco_votorantin-jpg.webp\",\"keywords\":[\"Banco do Brasil (BBAS3)\",\"Banco Votorantim\",\"Grupo Votorantim\",\"IPO (Oferta Inicial de A\u00e7\u00f5es)\"],\"articleSection\":[\"Neg\u00f3cios\"],\"inLanguage\":\"pt-BR\"},{\"@type\":\"WebPage\",\"@id\":\"https:\/\/www.suno.com.br\/noticias\/ceo-confirma-banco-votorantim-prepara-lancar-ipo\/\",\"url\":\"https:\/\/www.suno.com.br\/noticias\/ceo-confirma-banco-votorantim-prepara-lancar-ipo\/\",\"name\":\"CEO confirma que Banco Votorantim se prepara para IPO\",\"isPartOf\":{\"@id\":\"https:\/\/www.suno.com.br\/noticias\/#website\"},\"primaryImageOfPage\":{\"@id\":\"https:\/\/www.suno.com.br\/noticias\/ceo-confirma-banco-votorantim-prepara-lancar-ipo\/#primaryimage\"},\"image\":{\"@id\":\"https:\/\/www.suno.com.br\/noticias\/ceo-confirma-banco-votorantim-prepara-lancar-ipo\/#primaryimage\"},\"thumbnailUrl\":\"https:\/\/files.sunoresearch.com.br\/n\/uploads\/2019\/05\/94fc9828-banco_votorantin-jpg.webp\",\"datePublished\":\"2019-09-18T19:51:45+00:00\",\"dateModified\":\"2019-09-18T19:56:04+00:00\",\"description\":\"O CEO do Banco Votorantim SA afirmou que o banco est\u00e1 se preparando para lan\u00e7ar sua oferta p\u00fablica inicial (IPO). Clique para mais.\",\"breadcrumb\":{\"@id\":\"https:\/\/www.suno.com.br\/noticias\/ceo-confirma-banco-votorantim-prepara-lancar-ipo\/#breadcrumb\"},\"inLanguage\":\"pt-BR\",\"potentialAction\":[{\"@type\":\"ReadAction\",\"target\":[\"https:\/\/www.suno.com.br\/noticias\/ceo-confirma-banco-votorantim-prepara-lancar-ipo\/\"]}]},{\"@type\":\"ImageObject\",\"inLanguage\":\"pt-BR\",\"@id\":\"https:\/\/www.suno.com.br\/noticias\/ceo-confirma-banco-votorantim-prepara-lancar-ipo\/#primaryimage\",\"url\":\"https:\/\/files.sunoresearch.com.br\/n\/uploads\/2019\/05\/94fc9828-banco_votorantin-jpg.webp\",\"contentUrl\":\"https:\/\/files.sunoresearch.com.br\/n\/uploads\/2019\/05\/94fc9828-banco_votorantin-jpg.webp\",\"width\":645,\"height\":388,\"caption\":\"Banco BV compra plataforma de empr\u00e9stimos do Guiabolso\"},{\"@type\":\"BreadcrumbList\",\"@id\":\"https:\/\/www.suno.com.br\/noticias\/ceo-confirma-banco-votorantim-prepara-lancar-ipo\/#breadcrumb\",\"itemListElement\":[{\"@type\":\"ListItem\",\"position\":1,\"name\":\"Not\u00edcias\",\"item\":\"https:\/\/www.suno.com.br\/noticias\/\"},{\"@type\":\"ListItem\",\"position\":2,\"name\":\"Neg\u00f3cios\",\"item\":\"https:\/\/www.suno.com.br\/noticias\/negocios\/\"},{\"@type\":\"ListItem\",\"position\":3,\"name\":\"CEO confirma que Banco Votorantim se prepara para IPO\"}]},{\"@type\":\"WebSite\",\"@id\":\"https:\/\/www.suno.com.br\/noticias\/#website\",\"url\":\"https:\/\/www.suno.com.br\/noticias\/\",\"name\":\"Suno Not\u00edcias\",\"description\":\"Seu portal de informa\u00e7\u00e3o sobre o mundo dos investimentos\",\"publisher\":{\"@id\":\"https:\/\/www.suno.com.br\/noticias\/#organization\"},\"potentialAction\":[{\"@type\":\"SearchAction\",\"target\":{\"@type\":\"EntryPoint\",\"urlTemplate\":\"https:\/\/www.suno.com.br\/noticias\/?s={search_term_string}\"},\"query-input\":{\"@type\":\"PropertyValueSpecification\",\"valueRequired\":true,\"valueName\":\"search_term_string\"}}],\"inLanguage\":\"pt-BR\"},{\"@type\":\"Organization\",\"@id\":\"https:\/\/www.suno.com.br\/noticias\/#organization\",\"name\":\"Suno Not\u00edcias\",\"url\":\"https:\/\/www.suno.com.br\/noticias\/\",\"logo\":{\"@type\":\"ImageObject\",\"inLanguage\":\"pt-BR\",\"@id\":\"https:\/\/www.suno.com.br\/noticias\/#\/schema\/logo\/image\/\",\"url\":\"https:\/\/files.sunoresearch.com.br\/n\/uploads\/2021\/09\/suno-logo.png\",\"contentUrl\":\"https:\/\/files.sunoresearch.com.br\/n\/uploads\/2021\/09\/suno-logo.png\",\"width\":180,\"height\":180,\"caption\":\"Suno Not\u00edcias\"},\"image\":{\"@id\":\"https:\/\/www.suno.com.br\/noticias\/#\/schema\/logo\/image\/\"},\"sameAs\":[\"https:\/\/facebook.com\/sunoresearch\",\"https:\/\/x.com\/sunoresearch\",\"https:\/\/www.instagram.com\/suno\",\"https:\/\/www.linkedin.com\/company\/suno-research\/\",\"https:\/\/www.youtube.com\/c\/sunoresearch\"]},{\"@type\":\"Person\",\"@id\":\"https:\/\/www.suno.com.br\/noticias\/#\/schema\/person\/098743caeed97b37f51315c9576c4078\",\"name\":\"Rafael Lara\",\"image\":{\"@type\":\"ImageObject\",\"inLanguage\":\"pt-BR\",\"@id\":\"https:\/\/www.suno.com.br\/noticias\/#\/schema\/person\/image\/\",\"url\":\"https:\/\/secure.gravatar.com\/avatar\/dfc254ab9bb2ea1895d98b9e9dae4bdd?s=96&r=g\",\"contentUrl\":\"https:\/\/secure.gravatar.com\/avatar\/dfc254ab9bb2ea1895d98b9e9dae4bdd?s=96&r=g\",\"caption\":\"Rafael Lara\"},\"description\":\"Rafael Lara cursa jornalismo na Faculdade C\u00e1sper L\u00edbero. Escreve sobre pol\u00edtica, economia e neg\u00f3cios para o portal Suno Not\u00edcias. Antes, colaborou na TV Gazeta na produ\u00e7\u00e3o do programa Edi\u00e7\u00e3o Extra.\",\"url\":\"https:\/\/www.suno.com.br\/noticias\/author\/rafael\/\"}]}<\/script>\n<!-- \/ Yoast SEO plugin. -->","yoast_head_json":{"title":"CEO confirma que Banco Votorantim se prepara para IPO","description":"O CEO do Banco Votorantim SA afirmou que o banco est\u00e1 se preparando para lan\u00e7ar sua oferta p\u00fablica inicial (IPO). Clique para mais.","robots":{"index":"index","follow":"follow","max-snippet":"max-snippet:-1","max-image-preview":"max-image-preview:large","max-video-preview":"max-video-preview:-1"},"canonical":"https:\/\/www.suno.com.br\/noticias\/ceo-confirma-banco-votorantim-prepara-lancar-ipo\/","og_locale":"pt_BR","og_type":"article","og_title":"CEO confirma que Banco Votorantim se prepara para IPO","og_description":"O CEO do Banco Votorantim SA afirmou que o banco est\u00e1 se preparando para lan\u00e7ar sua oferta p\u00fablica inicial (IPO). Clique para mais.","og_url":"https:\/\/www.suno.com.br\/noticias\/ceo-confirma-banco-votorantim-prepara-lancar-ipo\/","og_site_name":"Suno Not\u00edcias","article_publisher":"https:\/\/facebook.com\/sunoresearch","og_image":[{"width":645,"height":388,"url":"https:\/\/files.sunoresearch.com.br\/n\/uploads\/2019\/05\/94fc9828-banco_votorantin.jpg","type":"image\/jpeg"}],"author":"Rafael Lara","twitter_card":"summary_large_image","twitter_creator":"@sunoresearch","twitter_site":"@sunoresearch","twitter_misc":{"Escrito por":"Rafael Lara","Est. tempo de leitura":"2 minutos"},"schema":{"@context":"https:\/\/schema.org","@graph":[{"@type":"NewsArticle","@id":"https:\/\/www.suno.com.br\/noticias\/ceo-confirma-banco-votorantim-prepara-lancar-ipo\/#article","isPartOf":{"@id":"https:\/\/www.suno.com.br\/noticias\/ceo-confirma-banco-votorantim-prepara-lancar-ipo\/"},"author":{"name":"Rafael Lara","@id":"https:\/\/www.suno.com.br\/noticias\/#\/schema\/person\/098743caeed97b37f51315c9576c4078"},"headline":"CEO confirma que Banco Votorantim se prepara para IPO","datePublished":"2019-09-18T19:51:45+00:00","dateModified":"2019-09-18T19:56:04+00:00","mainEntityOfPage":{"@id":"https:\/\/www.suno.com.br\/noticias\/ceo-confirma-banco-votorantim-prepara-lancar-ipo\/"},"wordCount":333,"publisher":{"@id":"https:\/\/www.suno.com.br\/noticias\/#organization"},"image":{"@id":"https:\/\/www.suno.com.br\/noticias\/ceo-confirma-banco-votorantim-prepara-lancar-ipo\/#primaryimage"},"thumbnailUrl":"https:\/\/files.sunoresearch.com.br\/n\/uploads\/2019\/05\/94fc9828-banco_votorantin-jpg.webp","keywords":["Banco do Brasil (BBAS3)","Banco Votorantim","Grupo Votorantim","IPO (Oferta Inicial de A\u00e7\u00f5es)"],"articleSection":["Neg\u00f3cios"],"inLanguage":"pt-BR"},{"@type":"WebPage","@id":"https:\/\/www.suno.com.br\/noticias\/ceo-confirma-banco-votorantim-prepara-lancar-ipo\/","url":"https:\/\/www.suno.com.br\/noticias\/ceo-confirma-banco-votorantim-prepara-lancar-ipo\/","name":"CEO confirma que Banco Votorantim se prepara para IPO","isPartOf":{"@id":"https:\/\/www.suno.com.br\/noticias\/#website"},"primaryImageOfPage":{"@id":"https:\/\/www.suno.com.br\/noticias\/ceo-confirma-banco-votorantim-prepara-lancar-ipo\/#primaryimage"},"image":{"@id":"https:\/\/www.suno.com.br\/noticias\/ceo-confirma-banco-votorantim-prepara-lancar-ipo\/#primaryimage"},"thumbnailUrl":"https:\/\/files.sunoresearch.com.br\/n\/uploads\/2019\/05\/94fc9828-banco_votorantin-jpg.webp","datePublished":"2019-09-18T19:51:45+00:00","dateModified":"2019-09-18T19:56:04+00:00","description":"O CEO do Banco Votorantim SA afirmou que o banco est\u00e1 se preparando para lan\u00e7ar sua oferta p\u00fablica inicial (IPO). Clique para mais.","breadcrumb":{"@id":"https:\/\/www.suno.com.br\/noticias\/ceo-confirma-banco-votorantim-prepara-lancar-ipo\/#breadcrumb"},"inLanguage":"pt-BR","potentialAction":[{"@type":"ReadAction","target":["https:\/\/www.suno.com.br\/noticias\/ceo-confirma-banco-votorantim-prepara-lancar-ipo\/"]}]},{"@type":"ImageObject","inLanguage":"pt-BR","@id":"https:\/\/www.suno.com.br\/noticias\/ceo-confirma-banco-votorantim-prepara-lancar-ipo\/#primaryimage","url":"https:\/\/files.sunoresearch.com.br\/n\/uploads\/2019\/05\/94fc9828-banco_votorantin-jpg.webp","contentUrl":"https:\/\/files.sunoresearch.com.br\/n\/uploads\/2019\/05\/94fc9828-banco_votorantin-jpg.webp","width":645,"height":388,"caption":"Banco BV compra plataforma de empr\u00e9stimos do Guiabolso"},{"@type":"BreadcrumbList","@id":"https:\/\/www.suno.com.br\/noticias\/ceo-confirma-banco-votorantim-prepara-lancar-ipo\/#breadcrumb","itemListElement":[{"@type":"ListItem","position":1,"name":"Not\u00edcias","item":"https:\/\/www.suno.com.br\/noticias\/"},{"@type":"ListItem","position":2,"name":"Neg\u00f3cios","item":"https:\/\/www.suno.com.br\/noticias\/negocios\/"},{"@type":"ListItem","position":3,"name":"CEO confirma que Banco Votorantim se prepara para IPO"}]},{"@type":"WebSite","@id":"https:\/\/www.suno.com.br\/noticias\/#website","url":"https:\/\/www.suno.com.br\/noticias\/","name":"Suno Not\u00edcias","description":"Seu portal de informa\u00e7\u00e3o sobre o mundo dos investimentos","publisher":{"@id":"https:\/\/www.suno.com.br\/noticias\/#organization"},"potentialAction":[{"@type":"SearchAction","target":{"@type":"EntryPoint","urlTemplate":"https:\/\/www.suno.com.br\/noticias\/?s={search_term_string}"},"query-input":{"@type":"PropertyValueSpecification","valueRequired":true,"valueName":"search_term_string"}}],"inLanguage":"pt-BR"},{"@type":"Organization","@id":"https:\/\/www.suno.com.br\/noticias\/#organization","name":"Suno Not\u00edcias","url":"https:\/\/www.suno.com.br\/noticias\/","logo":{"@type":"ImageObject","inLanguage":"pt-BR","@id":"https:\/\/www.suno.com.br\/noticias\/#\/schema\/logo\/image\/","url":"https:\/\/files.sunoresearch.com.br\/n\/uploads\/2021\/09\/suno-logo.png","contentUrl":"https:\/\/files.sunoresearch.com.br\/n\/uploads\/2021\/09\/suno-logo.png","width":180,"height":180,"caption":"Suno Not\u00edcias"},"image":{"@id":"https:\/\/www.suno.com.br\/noticias\/#\/schema\/logo\/image\/"},"sameAs":["https:\/\/facebook.com\/sunoresearch","https:\/\/x.com\/sunoresearch","https:\/\/www.instagram.com\/suno","https:\/\/www.linkedin.com\/company\/suno-research\/","https:\/\/www.youtube.com\/c\/sunoresearch"]},{"@type":"Person","@id":"https:\/\/www.suno.com.br\/noticias\/#\/schema\/person\/098743caeed97b37f51315c9576c4078","name":"Rafael Lara","image":{"@type":"ImageObject","inLanguage":"pt-BR","@id":"https:\/\/www.suno.com.br\/noticias\/#\/schema\/person\/image\/","url":"https:\/\/secure.gravatar.com\/avatar\/dfc254ab9bb2ea1895d98b9e9dae4bdd?s=96&r=g","contentUrl":"https:\/\/secure.gravatar.com\/avatar\/dfc254ab9bb2ea1895d98b9e9dae4bdd?s=96&r=g","caption":"Rafael Lara"},"description":"Rafael Lara cursa jornalismo na Faculdade C\u00e1sper L\u00edbero. Escreve sobre pol\u00edtica, economia e neg\u00f3cios para o portal Suno Not\u00edcias. Antes, colaborou na TV Gazeta na produ\u00e7\u00e3o do programa Edi\u00e7\u00e3o Extra.","url":"https:\/\/www.suno.com.br\/noticias\/author\/rafael\/"}]}},"default_loop_html":"<div class=\"cardsPage__listCard__boxs\"><div class=\"cardsPage__listCard__boxs__img\"><a href=\"https:\/\/www.suno.com.br\/noticias\/ceo-confirma-banco-votorantim-prepara-lancar-ipo\/\"><img class=\"mask\" src=\"https:\/\/www.suno.com.br\/noticias\/wp-content\/themes\/suno\/resources\/images\/spotlight\/spotlight1img\/bg-mask.png\" alt=\"Image Mask\"\/><img src=\"https:\/\/files.sunoresearch.com.br\/n\/uploads\/2019\/05\/94fc9828-banco_votorantin-400x200.webp\" alt=\"CEO confirma que Banco Votorantim se prepara para IPO\"\/><\/a><span class=\"spotlightCategory\"><a href=\"https:\/\/www.suno.com.br\/noticias\/negocios\/\">Neg\u00f3cios<\/a><\/span><\/div><div class=\"cardsPage__listCard__boxs__content\"><a href=\"https:\/\/www.suno.com.br\/noticias\/ceo-confirma-banco-votorantim-prepara-lancar-ipo\/\"><h2 class=\"content__title\">CEO confirma que Banco Votorantim se prepara para IPO<\/h2><\/a><div class=\"newsContent__article__meta\"><div class=\"newsContent__article__meta__authorBox\"><a href=\"https:\/\/www.suno.com.br\/noticias\/author\/rafael\/\" class=\"authorBox__avatar noMobi\"><img src=\"https:\/\/secure.gravatar.com\/avatar\/dfc254ab9bb2ea1895d98b9e9dae4bdd?s=96&#038;r=g\" alt=\"Rafael Lara\"><\/a><div class=\"authorBox__name\"><span>por\n\t\t\t<a href=\"https:\/\/www.suno.com.br\/noticias\/author\/rafael\/\"><span itemprop=\"author\">Rafael Lara<\/span><\/a><\/span><time datetime=\"2019-09-18T16:51:45-03:00\" itemprop=\"datePublished\">18\/09\/2019 16:51<\/time><\/div><\/div><\/div><\/div><\/div>","single_layout":"posts","amp_enabled":true,"_links":{"self":[{"href":"https:\/\/www.suno.com.br\/noticias\/wp-json\/wp\/v2\/posts\/38070"}],"collection":[{"href":"https:\/\/www.suno.com.br\/noticias\/wp-json\/wp\/v2\/posts"}],"about":[{"href":"https:\/\/www.suno.com.br\/noticias\/wp-json\/wp\/v2\/types\/post"}],"author":[{"embeddable":true,"href":"https:\/\/www.suno.com.br\/noticias\/wp-json\/wp\/v2\/users\/23"}],"replies":[{"embeddable":true,"href":"https:\/\/www.suno.com.br\/noticias\/wp-json\/wp\/v2\/comments?post=38070"}],"version-history":[{"count":0,"href":"https:\/\/www.suno.com.br\/noticias\/wp-json\/wp\/v2\/posts\/38070\/revisions"}],"wp:featuredmedia":[{"embeddable":true,"href":"https:\/\/www.suno.com.br\/noticias\/wp-json\/wp\/v2\/media\/23693"}],"wp:attachment":[{"href":"https:\/\/www.suno.com.br\/noticias\/wp-json\/wp\/v2\/media?parent=38070"}],"wp:term":[{"taxonomy":"category","embeddable":true,"href":"https:\/\/www.suno.com.br\/noticias\/wp-json\/wp\/v2\/categories?post=38070"},{"taxonomy":"post_tag","embeddable":true,"href":"https:\/\/www.suno.com.br\/noticias\/wp-json\/wp\/v2\/tags?post=38070"},{"taxonomy":"suno_strategy","embeddable":true,"href":"https:\/\/www.suno.com.br\/noticias\/wp-json\/wp\/v2\/suno_strategy?post=38070"}],"curies":[{"name":"wp","href":"https:\/\/api.w.org\/{rel}","templated":true}]}}