{"id":38052,"date":"2019-09-18T14:08:20","date_gmt":"2019-09-18T17:08:20","guid":{"rendered":"https:\/\/www.suno.com.br\/noticias\/?p=38052"},"modified":"2019-09-18T14:08:20","modified_gmt":"2019-09-18T17:08:20","slug":"telefonica-adquire-50-setor-alarmes-prosegur-espanha","status":"publish","type":"post","link":"https:\/\/www.suno.com.br\/noticias\/telefonica-adquire-50-setor-alarmes-prosegur-espanha\/","title":{"rendered":"Telef\u00f3nica adquire 50% do setor de alarmes da Prosegur na Espanha"},"content":{"rendered":"<p>A empresa espanhola de telecomunica\u00e7\u00f5es, Telef\u00f3nica, anunciou a aquisi\u00e7\u00e3o de 50% do setor de alarmes da <strong>Prosegur<\/strong>. A companhia especializada em seguran\u00e7a fica sediada em Madri, na Espanha. A informa\u00e7\u00e3o foi divulgada na \u00faltima ter\u00e7a-feira (18) por meio de um comunicado.<\/p>\t<div class=\"wrapper-featured-image\">\n\t\t<figure class=\"spotlightImg\">\n\n\t\t\t<picture>\n\t\t\t\t<source media=\"(max-width: 768px)\" srcset=\"https:\/\/files.sunoresearch.com.br\/n\/uploads\/2019\/09\/804d60e4-telef\u00f3nica-400x200.webp\">\n\t\t\t\t<img loading=\"lazy\" decoding=\"async\" class=\"newsContent__article__imgCapa lazyloadDisabled newsContent__article__imgCapa--noCaption\" src=\"https:\/\/files.sunoresearch.com.br\/n\/uploads\/2019\/09\/804d60e4-telef\u00f3nica-800x450.webp\" width=\"800\" height=\"450\" alt=\"Telef\u00f3nica adquire 50% do setor de alarmes da Prosegur na Espanha\" fetchpriority=high \/>\n\t\t\t<\/picture>\n\n\t\t\t<figcaption class=\"wp-caption-text wp-caption-text--hide\">Telef\u00f4nica (VIVT3). Foto: Divulga\u00e7\u00e3o<\/figcaption>\n\t\t<\/figure>\n\t<\/div>\n\n\n\n<p>A <strong>Prosegur<\/strong> poder\u00e1 ser uma das acionistas da <strong>Telef\u00f3nica<\/strong>, j\u00e1 que o valor a ser pago na transa\u00e7\u00e3o pode ser feito por meio de a\u00e7\u00f5es de emiss\u00e3o da Telef\u00f3nica.<\/p>\n<p>Com o acordo, as duas empresas esperam acelerar o desenvolvimento no setor de alarmes na <strong>Espanha<\/strong>, al\u00e9m de avan\u00e7ar na oferta de servi\u00e7os para seguran\u00e7a de casas e com\u00e9rcios.<\/p>\n<p>O mercado de alarmes da Espanha tem crescido nos \u00faltimos anos. Especialistas estimam que o setor pode acelerar ainda mais nos pr\u00f3ximos anos. O diretor executivo da <strong>Prosegur<\/strong>, Christian Gut, afirma que &#8220;em conjunto com a <strong>Telef\u00f3nica<\/strong>, trabalharemos para desenvolver uma nova proposta de servi\u00e7os muito mais completos e inovadores para nossos clientes&#8221;.<\/p>\n\t<p>\n\t\t<a href=\"https:\/\/lp.suno.com.br\/ebook-gratuito-investindo-no-exterior\/\" target=\"_blank\" data-element=\"shortcode-suno-banner\" title=\"Banner SUNO, clique e saiba mais\">\n\t\t\t<picture>\n\t\t\t\t<source media=\"(max-width: 500px)\" srcset=\"https:\/\/files.sunoresearch.com.br\/n\/uploads\/2023\/03\/400x300-Investindo-no-exterior.png\">\n\t\t\t\t<img class=\"newsContent__article__imgCapa newsContent__article__imgCapa--banner\"\n\t\t\t\t\tsrc=\"https:\/\/files.sunoresearch.com.br\/n\/uploads\/2023\/03\/1420x240-Investindo-no-exterior.png\"\n\t\t\t\t\tdata-promo-id=\"383161\"\t\t\t\t\t\t\t\t\t\twidth='1420' height='240'\t\t\t\t\talt=\"https:\/\/files.sunoresearch.com.br\/n\/uploads\/2023\/03\/1420x240-Investindo-no-exterior.png\"\n\t\t\t\t>\n\t\t\t<\/picture>\n\t\t<\/a>\n\t<\/p>\n\n\n<p>J\u00e1 \u00c1ngel Vil\u00e1, CEO da <strong>Telef\u00f3nica<\/strong>, acredita que para a empresa &#8220;ter um parceiro como a Prosegur permitir\u00e1 continuar avan\u00e7ando, mais rapidamente, em nossa ambi\u00e7\u00e3o de estar cada vez mais presente na vida de nossos clientes, com uma maior oferta de servi\u00e7os dom\u00e9sticos&#8221;.<\/p>\n<h2>Rumores sobre compra da Oi pela Telef\u00f3nica<\/h2>\n<p>De acordo com informa\u00e7\u00f5es publicadas pelo jornal espanhol &#8220;El Confidencial&#8221;, na \u00faltima segunda-feira (16), a empresa espanhola <strong>Telef\u00f4nica<\/strong> estava estudando uma poss\u00edvel compra de parte da brasileira Oi, que est\u00e1 em processo de <a href=\"https:\/\/www.suno.com.br\/artigos\/recuperacao-judicial\/\"><strong>recupera\u00e7\u00e3o<\/strong> <strong>judicial<\/strong><\/a>. A opera\u00e7\u00e3o ficaria na casa dos \u20ac6 bilh\u00f5es.<\/p>\n<p>A empresa de telecomunica\u00e7\u00e3o j\u00e1 teria at\u00e9 contratado um banco de investimento para coordenar a transa\u00e7\u00e3o com a <strong>Oi<\/strong>, segundo o jornal espanhol.<\/p>\n<p><a href=\"https:\/\/www.suno.com.br\/noticias\/oi-acionista-pede-a-saida-do-presidente-disputa-com-diretoria\/\">Veja tamb\u00e9m: Oi: principal acionista volta a pedir a sa\u00edda do presidente e trava disputa com diretoria, diz jornal<\/a><\/p>\n<p>Entretanto, na \u00faltima ter\u00e7a-feira (18), a <strong>Telef\u00f4nica<\/strong> esclareceu as not\u00edcias veiculadas na imprensa, destacando que as informa\u00e7\u00f5es &#8220;sequer seria proveniente de declara\u00e7\u00e3o ou decis\u00e3o da controladora&#8221;.<\/p>\n<p>\u201cDiante do exposto, informamos que n\u00e3o temos conhecimento da poss\u00edvel origem das informa\u00e7\u00f5es veiculadas pelo jornal espanhol e pela Broadcast, de modo que, nesse momento, entendemos que n\u00e3o h\u00e1 qualquer fato relevante a ser comunicado a respeito\u201d, afirma a empresa controlada pela <strong>Telef\u00f3nica<\/strong>.<\/p>\n","protected":false},"excerpt":{"rendered":"<p>A empresa espanhola de telecomunica\u00e7\u00f5es, Telef\u00f3nica, anunciou a aquisi\u00e7\u00e3o de 50% do setor de alarmes da Prosegur. A companhia especializada em seguran\u00e7a fica sediada em Madri, na Espanha. A informa\u00e7\u00e3o foi divulgada na \u00faltima ter\u00e7a-feira (18) por meio de um comunicado. Telef\u00f4nica (VIVT3). Foto: Divulga\u00e7\u00e3o A Prosegur poder\u00e1 ser uma das acionistas da Telef\u00f3nica, j\u00e1 [&hellip;]<\/p>\n","protected":false},"author":19,"featured_media":38053,"comment_status":"closed","ping_status":"closed","sticky":false,"template":"","format":"standard","meta":[],"categories":[64],"tags":[659],"suno_strategy":[],"class_list":["post-38052","post","type-post","status-publish","format-standard","has-post-thumbnail","hentry","category-negocios","tag-telefonica-vivt3"],"yoast_head":"<!-- This site is optimized with the Yoast SEO plugin v24.4 - https:\/\/yoast.com\/wordpress\/plugins\/seo\/ -->\n<title>Telef\u00f3nica adquire 50% do setor de alarmes da Prosegur na Espanha<\/title>\n<meta name=\"description\" content=\"A empresa espanhola de telecomunica\u00e7\u00f5es, Telef\u00f3nica, anunciou a aquisi\u00e7\u00e3o de 50% do setor de alarmes da Prosegur. Clique e saiba mais.\" \/>\n<meta name=\"robots\" content=\"index, follow, max-snippet:-1, max-image-preview:large, max-video-preview:-1\" \/>\n<link rel=\"canonical\" href=\"https:\/\/www.suno.com.br\/noticias\/telefonica-adquire-50-setor-alarmes-prosegur-espanha\/\" \/>\n<meta property=\"og:locale\" content=\"pt_BR\" \/>\n<meta property=\"og:type\" content=\"article\" \/>\n<meta property=\"og:title\" content=\"Telef\u00f3nica adquire 50% do setor de alarmes da Prosegur na Espanha\" \/>\n<meta property=\"og:description\" content=\"A empresa espanhola de telecomunica\u00e7\u00f5es, Telef\u00f3nica, anunciou a aquisi\u00e7\u00e3o de 50% do setor de alarmes da Prosegur. Clique e saiba mais.\" \/>\n<meta property=\"og:url\" content=\"https:\/\/www.suno.com.br\/noticias\/telefonica-adquire-50-setor-alarmes-prosegur-espanha\/\" \/>\n<meta property=\"og:site_name\" content=\"Suno Not\u00edcias\" \/>\n<meta property=\"article:publisher\" content=\"https:\/\/facebook.com\/sunoresearch\" \/>\n<meta property=\"og:image\" content=\"https:\/\/files.sunoresearch.com.br\/n\/uploads\/2019\/09\/804d60e4-telef\u00f3nica.jpg\" \/>\n\t<meta property=\"og:image:width\" content=\"4288\" \/>\n\t<meta property=\"og:image:height\" content=\"2079\" \/>\n\t<meta property=\"og:image:type\" content=\"image\/jpeg\" \/>\n<meta name=\"author\" content=\"Juliano Passaro\" \/>\n<meta name=\"twitter:card\" content=\"summary_large_image\" \/>\n<meta name=\"twitter:creator\" content=\"@sunoresearch\" \/>\n<meta name=\"twitter:site\" content=\"@sunoresearch\" \/>\n<meta name=\"twitter:label1\" content=\"Escrito por\" \/>\n\t<meta name=\"twitter:data1\" content=\"Juliano Passaro\" \/>\n\t<meta name=\"twitter:label2\" content=\"Est. tempo de leitura\" \/>\n\t<meta name=\"twitter:data2\" content=\"2 minutos\" \/>\n<script type=\"application\/ld+json\" class=\"yoast-schema-graph\">{\"@context\":\"https:\/\/schema.org\",\"@graph\":[{\"@type\":\"NewsArticle\",\"@id\":\"https:\/\/www.suno.com.br\/noticias\/telefonica-adquire-50-setor-alarmes-prosegur-espanha\/#article\",\"isPartOf\":{\"@id\":\"https:\/\/www.suno.com.br\/noticias\/telefonica-adquire-50-setor-alarmes-prosegur-espanha\/\"},\"author\":{\"name\":\"Juliano Passaro\",\"@id\":\"https:\/\/www.suno.com.br\/noticias\/#\/schema\/person\/1db762f78ffd8919a648a63e425953e3\"},\"headline\":\"Telef\u00f3nica adquire 50% do setor de alarmes da Prosegur na Espanha\",\"datePublished\":\"2019-09-18T17:08:20+00:00\",\"mainEntityOfPage\":{\"@id\":\"https:\/\/www.suno.com.br\/noticias\/telefonica-adquire-50-setor-alarmes-prosegur-espanha\/\"},\"wordCount\":413,\"publisher\":{\"@id\":\"https:\/\/www.suno.com.br\/noticias\/#organization\"},\"image\":{\"@id\":\"https:\/\/www.suno.com.br\/noticias\/telefonica-adquire-50-setor-alarmes-prosegur-espanha\/#primaryimage\"},\"thumbnailUrl\":\"https:\/\/files.sunoresearch.com.br\/n\/uploads\/2019\/09\/804d60e4-telef\u00f3nica-scaled.webp\",\"keywords\":[\"Telef\u00f4nica (VIVT3)\"],\"articleSection\":[\"Neg\u00f3cios\"],\"inLanguage\":\"pt-BR\"},{\"@type\":\"WebPage\",\"@id\":\"https:\/\/www.suno.com.br\/noticias\/telefonica-adquire-50-setor-alarmes-prosegur-espanha\/\",\"url\":\"https:\/\/www.suno.com.br\/noticias\/telefonica-adquire-50-setor-alarmes-prosegur-espanha\/\",\"name\":\"Telef\u00f3nica adquire 50% do setor de alarmes da Prosegur na Espanha\",\"isPartOf\":{\"@id\":\"https:\/\/www.suno.com.br\/noticias\/#website\"},\"primaryImageOfPage\":{\"@id\":\"https:\/\/www.suno.com.br\/noticias\/telefonica-adquire-50-setor-alarmes-prosegur-espanha\/#primaryimage\"},\"image\":{\"@id\":\"https:\/\/www.suno.com.br\/noticias\/telefonica-adquire-50-setor-alarmes-prosegur-espanha\/#primaryimage\"},\"thumbnailUrl\":\"https:\/\/files.sunoresearch.com.br\/n\/uploads\/2019\/09\/804d60e4-telef\u00f3nica-scaled.webp\",\"datePublished\":\"2019-09-18T17:08:20+00:00\",\"description\":\"A empresa espanhola de telecomunica\u00e7\u00f5es, Telef\u00f3nica, anunciou a aquisi\u00e7\u00e3o de 50% do setor de alarmes da Prosegur. Clique e saiba mais.\",\"breadcrumb\":{\"@id\":\"https:\/\/www.suno.com.br\/noticias\/telefonica-adquire-50-setor-alarmes-prosegur-espanha\/#breadcrumb\"},\"inLanguage\":\"pt-BR\",\"potentialAction\":[{\"@type\":\"ReadAction\",\"target\":[\"https:\/\/www.suno.com.br\/noticias\/telefonica-adquire-50-setor-alarmes-prosegur-espanha\/\"]}]},{\"@type\":\"ImageObject\",\"inLanguage\":\"pt-BR\",\"@id\":\"https:\/\/www.suno.com.br\/noticias\/telefonica-adquire-50-setor-alarmes-prosegur-espanha\/#primaryimage\",\"url\":\"https:\/\/files.sunoresearch.com.br\/n\/uploads\/2019\/09\/804d60e4-telef\u00f3nica-scaled.webp\",\"contentUrl\":\"https:\/\/files.sunoresearch.com.br\/n\/uploads\/2019\/09\/804d60e4-telef\u00f3nica-scaled.webp\",\"width\":2560,\"height\":1241,\"caption\":\"Telef\u00f4nica (VIVT3). Foto: Divulga\u00e7\u00e3o\"},{\"@type\":\"BreadcrumbList\",\"@id\":\"https:\/\/www.suno.com.br\/noticias\/telefonica-adquire-50-setor-alarmes-prosegur-espanha\/#breadcrumb\",\"itemListElement\":[{\"@type\":\"ListItem\",\"position\":1,\"name\":\"Not\u00edcias\",\"item\":\"https:\/\/www.suno.com.br\/noticias\/\"},{\"@type\":\"ListItem\",\"position\":2,\"name\":\"Neg\u00f3cios\",\"item\":\"https:\/\/www.suno.com.br\/noticias\/negocios\/\"},{\"@type\":\"ListItem\",\"position\":3,\"name\":\"Telef\u00f3nica adquire 50% do setor de alarmes da Prosegur na Espanha\"}]},{\"@type\":\"WebSite\",\"@id\":\"https:\/\/www.suno.com.br\/noticias\/#website\",\"url\":\"https:\/\/www.suno.com.br\/noticias\/\",\"name\":\"Suno Not\u00edcias\",\"description\":\"Seu portal de informa\u00e7\u00e3o sobre o mundo dos investimentos\",\"publisher\":{\"@id\":\"https:\/\/www.suno.com.br\/noticias\/#organization\"},\"potentialAction\":[{\"@type\":\"SearchAction\",\"target\":{\"@type\":\"EntryPoint\",\"urlTemplate\":\"https:\/\/www.suno.com.br\/noticias\/?s={search_term_string}\"},\"query-input\":{\"@type\":\"PropertyValueSpecification\",\"valueRequired\":true,\"valueName\":\"search_term_string\"}}],\"inLanguage\":\"pt-BR\"},{\"@type\":\"Organization\",\"@id\":\"https:\/\/www.suno.com.br\/noticias\/#organization\",\"name\":\"Suno Not\u00edcias\",\"url\":\"https:\/\/www.suno.com.br\/noticias\/\",\"logo\":{\"@type\":\"ImageObject\",\"inLanguage\":\"pt-BR\",\"@id\":\"https:\/\/www.suno.com.br\/noticias\/#\/schema\/logo\/image\/\",\"url\":\"https:\/\/files.sunoresearch.com.br\/n\/uploads\/2021\/09\/suno-logo.png\",\"contentUrl\":\"https:\/\/files.sunoresearch.com.br\/n\/uploads\/2021\/09\/suno-logo.png\",\"width\":180,\"height\":180,\"caption\":\"Suno Not\u00edcias\"},\"image\":{\"@id\":\"https:\/\/www.suno.com.br\/noticias\/#\/schema\/logo\/image\/\"},\"sameAs\":[\"https:\/\/facebook.com\/sunoresearch\",\"https:\/\/x.com\/sunoresearch\",\"https:\/\/www.instagram.com\/suno\",\"https:\/\/www.linkedin.com\/company\/suno-research\/\",\"https:\/\/www.youtube.com\/c\/sunoresearch\"]},{\"@type\":\"Person\",\"@id\":\"https:\/\/www.suno.com.br\/noticias\/#\/schema\/person\/1db762f78ffd8919a648a63e425953e3\",\"name\":\"Juliano Passaro\",\"image\":{\"@type\":\"ImageObject\",\"inLanguage\":\"pt-BR\",\"@id\":\"https:\/\/www.suno.com.br\/noticias\/#\/schema\/person\/image\/\",\"url\":\"https:\/\/secure.gravatar.com\/avatar\/743d4df28eebf6dcc46b4ad03c319e92?s=96&r=g\",\"contentUrl\":\"https:\/\/secure.gravatar.com\/avatar\/743d4df28eebf6dcc46b4ad03c319e92?s=96&r=g\",\"caption\":\"Juliano Passaro\"},\"description\":\"Juliano Passaro escreve sobre pol\u00edtica, economia e neg\u00f3cios para o portal da Suno Research. Antes da Suno, trabalhou no Portal da Band. \u00c9 formado em jornalismo pela Universidade Presbiteriana Mackenzie.\",\"url\":\"https:\/\/www.suno.com.br\/noticias\/author\/juliano\/\"}]}<\/script>\n<!-- \/ Yoast SEO plugin. -->","yoast_head_json":{"title":"Telef\u00f3nica adquire 50% do setor de alarmes da Prosegur na Espanha","description":"A empresa espanhola de telecomunica\u00e7\u00f5es, Telef\u00f3nica, anunciou a aquisi\u00e7\u00e3o de 50% do setor de alarmes da Prosegur. Clique e saiba mais.","robots":{"index":"index","follow":"follow","max-snippet":"max-snippet:-1","max-image-preview":"max-image-preview:large","max-video-preview":"max-video-preview:-1"},"canonical":"https:\/\/www.suno.com.br\/noticias\/telefonica-adquire-50-setor-alarmes-prosegur-espanha\/","og_locale":"pt_BR","og_type":"article","og_title":"Telef\u00f3nica adquire 50% do setor de alarmes da Prosegur na Espanha","og_description":"A empresa espanhola de telecomunica\u00e7\u00f5es, Telef\u00f3nica, anunciou a aquisi\u00e7\u00e3o de 50% do setor de alarmes da Prosegur. Clique e saiba mais.","og_url":"https:\/\/www.suno.com.br\/noticias\/telefonica-adquire-50-setor-alarmes-prosegur-espanha\/","og_site_name":"Suno Not\u00edcias","article_publisher":"https:\/\/facebook.com\/sunoresearch","og_image":[{"width":4288,"height":2079,"url":"https:\/\/files.sunoresearch.com.br\/n\/uploads\/2019\/09\/804d60e4-telef\u00f3nica.jpg","type":"image\/jpeg"}],"author":"Juliano Passaro","twitter_card":"summary_large_image","twitter_creator":"@sunoresearch","twitter_site":"@sunoresearch","twitter_misc":{"Escrito por":"Juliano Passaro","Est. tempo de leitura":"2 minutos"},"schema":{"@context":"https:\/\/schema.org","@graph":[{"@type":"NewsArticle","@id":"https:\/\/www.suno.com.br\/noticias\/telefonica-adquire-50-setor-alarmes-prosegur-espanha\/#article","isPartOf":{"@id":"https:\/\/www.suno.com.br\/noticias\/telefonica-adquire-50-setor-alarmes-prosegur-espanha\/"},"author":{"name":"Juliano Passaro","@id":"https:\/\/www.suno.com.br\/noticias\/#\/schema\/person\/1db762f78ffd8919a648a63e425953e3"},"headline":"Telef\u00f3nica adquire 50% do setor de alarmes da Prosegur na Espanha","datePublished":"2019-09-18T17:08:20+00:00","mainEntityOfPage":{"@id":"https:\/\/www.suno.com.br\/noticias\/telefonica-adquire-50-setor-alarmes-prosegur-espanha\/"},"wordCount":413,"publisher":{"@id":"https:\/\/www.suno.com.br\/noticias\/#organization"},"image":{"@id":"https:\/\/www.suno.com.br\/noticias\/telefonica-adquire-50-setor-alarmes-prosegur-espanha\/#primaryimage"},"thumbnailUrl":"https:\/\/files.sunoresearch.com.br\/n\/uploads\/2019\/09\/804d60e4-telef\u00f3nica-scaled.webp","keywords":["Telef\u00f4nica (VIVT3)"],"articleSection":["Neg\u00f3cios"],"inLanguage":"pt-BR"},{"@type":"WebPage","@id":"https:\/\/www.suno.com.br\/noticias\/telefonica-adquire-50-setor-alarmes-prosegur-espanha\/","url":"https:\/\/www.suno.com.br\/noticias\/telefonica-adquire-50-setor-alarmes-prosegur-espanha\/","name":"Telef\u00f3nica adquire 50% do setor de alarmes da Prosegur na Espanha","isPartOf":{"@id":"https:\/\/www.suno.com.br\/noticias\/#website"},"primaryImageOfPage":{"@id":"https:\/\/www.suno.com.br\/noticias\/telefonica-adquire-50-setor-alarmes-prosegur-espanha\/#primaryimage"},"image":{"@id":"https:\/\/www.suno.com.br\/noticias\/telefonica-adquire-50-setor-alarmes-prosegur-espanha\/#primaryimage"},"thumbnailUrl":"https:\/\/files.sunoresearch.com.br\/n\/uploads\/2019\/09\/804d60e4-telef\u00f3nica-scaled.webp","datePublished":"2019-09-18T17:08:20+00:00","description":"A empresa espanhola de telecomunica\u00e7\u00f5es, Telef\u00f3nica, anunciou a aquisi\u00e7\u00e3o de 50% do setor de alarmes da Prosegur. Clique e saiba mais.","breadcrumb":{"@id":"https:\/\/www.suno.com.br\/noticias\/telefonica-adquire-50-setor-alarmes-prosegur-espanha\/#breadcrumb"},"inLanguage":"pt-BR","potentialAction":[{"@type":"ReadAction","target":["https:\/\/www.suno.com.br\/noticias\/telefonica-adquire-50-setor-alarmes-prosegur-espanha\/"]}]},{"@type":"ImageObject","inLanguage":"pt-BR","@id":"https:\/\/www.suno.com.br\/noticias\/telefonica-adquire-50-setor-alarmes-prosegur-espanha\/#primaryimage","url":"https:\/\/files.sunoresearch.com.br\/n\/uploads\/2019\/09\/804d60e4-telef\u00f3nica-scaled.webp","contentUrl":"https:\/\/files.sunoresearch.com.br\/n\/uploads\/2019\/09\/804d60e4-telef\u00f3nica-scaled.webp","width":2560,"height":1241,"caption":"Telef\u00f4nica (VIVT3). Foto: Divulga\u00e7\u00e3o"},{"@type":"BreadcrumbList","@id":"https:\/\/www.suno.com.br\/noticias\/telefonica-adquire-50-setor-alarmes-prosegur-espanha\/#breadcrumb","itemListElement":[{"@type":"ListItem","position":1,"name":"Not\u00edcias","item":"https:\/\/www.suno.com.br\/noticias\/"},{"@type":"ListItem","position":2,"name":"Neg\u00f3cios","item":"https:\/\/www.suno.com.br\/noticias\/negocios\/"},{"@type":"ListItem","position":3,"name":"Telef\u00f3nica adquire 50% do setor de alarmes da Prosegur na Espanha"}]},{"@type":"WebSite","@id":"https:\/\/www.suno.com.br\/noticias\/#website","url":"https:\/\/www.suno.com.br\/noticias\/","name":"Suno Not\u00edcias","description":"Seu portal de informa\u00e7\u00e3o sobre o mundo dos investimentos","publisher":{"@id":"https:\/\/www.suno.com.br\/noticias\/#organization"},"potentialAction":[{"@type":"SearchAction","target":{"@type":"EntryPoint","urlTemplate":"https:\/\/www.suno.com.br\/noticias\/?s={search_term_string}"},"query-input":{"@type":"PropertyValueSpecification","valueRequired":true,"valueName":"search_term_string"}}],"inLanguage":"pt-BR"},{"@type":"Organization","@id":"https:\/\/www.suno.com.br\/noticias\/#organization","name":"Suno Not\u00edcias","url":"https:\/\/www.suno.com.br\/noticias\/","logo":{"@type":"ImageObject","inLanguage":"pt-BR","@id":"https:\/\/www.suno.com.br\/noticias\/#\/schema\/logo\/image\/","url":"https:\/\/files.sunoresearch.com.br\/n\/uploads\/2021\/09\/suno-logo.png","contentUrl":"https:\/\/files.sunoresearch.com.br\/n\/uploads\/2021\/09\/suno-logo.png","width":180,"height":180,"caption":"Suno Not\u00edcias"},"image":{"@id":"https:\/\/www.suno.com.br\/noticias\/#\/schema\/logo\/image\/"},"sameAs":["https:\/\/facebook.com\/sunoresearch","https:\/\/x.com\/sunoresearch","https:\/\/www.instagram.com\/suno","https:\/\/www.linkedin.com\/company\/suno-research\/","https:\/\/www.youtube.com\/c\/sunoresearch"]},{"@type":"Person","@id":"https:\/\/www.suno.com.br\/noticias\/#\/schema\/person\/1db762f78ffd8919a648a63e425953e3","name":"Juliano Passaro","image":{"@type":"ImageObject","inLanguage":"pt-BR","@id":"https:\/\/www.suno.com.br\/noticias\/#\/schema\/person\/image\/","url":"https:\/\/secure.gravatar.com\/avatar\/743d4df28eebf6dcc46b4ad03c319e92?s=96&r=g","contentUrl":"https:\/\/secure.gravatar.com\/avatar\/743d4df28eebf6dcc46b4ad03c319e92?s=96&r=g","caption":"Juliano Passaro"},"description":"Juliano Passaro escreve sobre pol\u00edtica, economia e neg\u00f3cios para o portal da Suno Research. Antes da Suno, trabalhou no Portal da Band. \u00c9 formado em jornalismo pela Universidade Presbiteriana Mackenzie.","url":"https:\/\/www.suno.com.br\/noticias\/author\/juliano\/"}]}},"default_loop_html":"<div class=\"cardsPage__listCard__boxs\"><div class=\"cardsPage__listCard__boxs__img\"><a href=\"https:\/\/www.suno.com.br\/noticias\/telefonica-adquire-50-setor-alarmes-prosegur-espanha\/\"><img class=\"mask\" src=\"https:\/\/www.suno.com.br\/noticias\/wp-content\/themes\/suno\/resources\/images\/spotlight\/spotlight1img\/bg-mask.png\" alt=\"Image Mask\"\/><img src=\"https:\/\/files.sunoresearch.com.br\/n\/uploads\/2019\/09\/804d60e4-telef\u00f3nica-400x200.webp\" alt=\"Telef\u00f3nica adquire 50% do setor de alarmes da Prosegur na Espanha\"\/><\/a><span class=\"spotlightCategory\"><a href=\"https:\/\/www.suno.com.br\/noticias\/negocios\/\">Neg\u00f3cios<\/a><\/span><\/div><div class=\"cardsPage__listCard__boxs__content\"><a href=\"https:\/\/www.suno.com.br\/noticias\/telefonica-adquire-50-setor-alarmes-prosegur-espanha\/\"><h2 class=\"content__title\">Telef\u00f3nica adquire 50% do setor de alarmes da Prosegur na Espanha<\/h2><\/a><div class=\"newsContent__article__meta\"><div class=\"newsContent__article__meta__authorBox\"><a href=\"https:\/\/www.suno.com.br\/noticias\/author\/juliano\/\" class=\"authorBox__avatar noMobi\"><img src=\"https:\/\/files.sunoresearch.com.br\/n\/uploads\/2019\/06\/7cc3efea-whatsapp-image-2019-07-18-at-21.59.33-e1563499821209-150x150.webp\" alt=\"Juliano Passaro\"><\/a><div class=\"authorBox__name\"><span>por\n\t\t\t<a href=\"https:\/\/www.suno.com.br\/noticias\/author\/juliano\/\"><span itemprop=\"author\">Juliano Passaro<\/span><\/a><\/span><time datetime=\"2019-09-18T14:08:20-03:00\" itemprop=\"datePublished\">18\/09\/2019 14:08<\/time><\/div><\/div><\/div><\/div><\/div>","single_layout":"posts","amp_enabled":true,"_links":{"self":[{"href":"https:\/\/www.suno.com.br\/noticias\/wp-json\/wp\/v2\/posts\/38052"}],"collection":[{"href":"https:\/\/www.suno.com.br\/noticias\/wp-json\/wp\/v2\/posts"}],"about":[{"href":"https:\/\/www.suno.com.br\/noticias\/wp-json\/wp\/v2\/types\/post"}],"author":[{"embeddable":true,"href":"https:\/\/www.suno.com.br\/noticias\/wp-json\/wp\/v2\/users\/19"}],"replies":[{"embeddable":true,"href":"https:\/\/www.suno.com.br\/noticias\/wp-json\/wp\/v2\/comments?post=38052"}],"version-history":[{"count":0,"href":"https:\/\/www.suno.com.br\/noticias\/wp-json\/wp\/v2\/posts\/38052\/revisions"}],"wp:featuredmedia":[{"embeddable":true,"href":"https:\/\/www.suno.com.br\/noticias\/wp-json\/wp\/v2\/media\/38053"}],"wp:attachment":[{"href":"https:\/\/www.suno.com.br\/noticias\/wp-json\/wp\/v2\/media?parent=38052"}],"wp:term":[{"taxonomy":"category","embeddable":true,"href":"https:\/\/www.suno.com.br\/noticias\/wp-json\/wp\/v2\/categories?post=38052"},{"taxonomy":"post_tag","embeddable":true,"href":"https:\/\/www.suno.com.br\/noticias\/wp-json\/wp\/v2\/tags?post=38052"},{"taxonomy":"suno_strategy","embeddable":true,"href":"https:\/\/www.suno.com.br\/noticias\/wp-json\/wp\/v2\/suno_strategy?post=38052"}],"curies":[{"name":"wp","href":"https:\/\/api.w.org\/{rel}","templated":true}]}}