{"id":37994,"date":"2019-09-18T11:52:56","date_gmt":"2019-09-18T14:52:56","guid":{"rendered":"https:\/\/www.suno.com.br\/noticias\/?p=37994"},"modified":"2019-09-18T11:54:08","modified_gmt":"2019-09-18T14:54:08","slug":"oi-acionista-pede-a-saida-do-presidente-disputa-com-diretoria","status":"publish","type":"post","link":"https:\/\/www.suno.com.br\/noticias\/oi-acionista-pede-a-saida-do-presidente-disputa-com-diretoria\/","title":{"rendered":"Oi: principal acionista volta a pedir a sa\u00edda do presidente e trava disputa com diretoria, diz jornal"},"content":{"rendered":"<p>Al\u00e9m de enfrentar o processo de <a href=\"https:\/\/www.suno.com.br\/artigos\/recuperacao-judicial\/\">recupera\u00e7\u00e3o judicial<\/a>\u00a0desde 2016, a Oi (<strong>OIBR3<\/strong>; <strong>OIBR4<\/strong>) tamb\u00e9m precisa lidar com diverg\u00eancias internas.<\/p>\t<div class=\"wrapper-featured-image\">\n\t\t<figure class=\"spotlightImg\">\n\n\t\t\t<picture>\n\t\t\t\t<source media=\"(max-width: 768px)\" srcset=\"https:\/\/files.sunoresearch.com.br\/n\/uploads\/2019\/09\/e34ca282-oi-a-400x200.webp\">\n\t\t\t\t<img loading=\"lazy\" decoding=\"async\" class=\"newsContent__article__imgCapa lazyloadDisabled newsContent__article__imgCapa--noCaption\" src=\"https:\/\/files.sunoresearch.com.br\/n\/uploads\/2019\/09\/e34ca282-oi-a-800x450.webp\" width=\"800\" height=\"450\" alt=\"Oi: principal acionista volta a pedir a sa\u00edda do presidente e trava disputa com diretoria, diz jornal\" fetchpriority=high \/>\n\t\t\t<\/picture>\n\n\t\t\t<figcaption class=\"wp-caption-text wp-caption-text--hide\">Oi<\/figcaption>\n\t\t<\/figure>\n\t<\/div>\n\n\n\n<p>A gestora <strong>GoldenTree Asset Management<\/strong>, que \u00e9 a maior acionista da <strong>Oi<\/strong>, solicitou <a href=\"https:\/\/www.suno.com.br\/noticias\/maior-acionista-oi-saida-atual-ceo\/\">mais uma vez<\/a>, assim como em agosto, a sa\u00edda do presidente da companhia, Eurico Teles.<\/p>\n<p>Segundo as informa\u00e7\u00f5es do jornal &#8220;Valor Econ\u00f4mico&#8221; nesta quarta-feira (18), os entraves entre a Teles e a acionista da empresa \u00e9 um dos maiores empecilhos para que a <strong>Oi<\/strong> consiga <a href=\"https:\/\/www.suno.com.br\/noticias\/oi-conversa-bancos-levantar-2-bi\/\">captar recursos<\/a> no curto e m\u00e9dio prazo.<\/p>\n<p><a href=\"https:\/\/www.suno.com.br\/noticias\/sinqia-e-banrisul-definirao-preco-para-follow-ons\/\">Veja tamb\u00e9m: Sinqia e Banrisul definir\u00e3o pre\u00e7os para follow-ons<\/a><\/p>\n<p>A publica\u00e7\u00e3o relata que membros do Conselho da Oi se encontraram com o presidente do colegiado da <strong>Telef\u00f4nica<\/strong> (VIVT4), a Vivo, para discutir a venda da opera\u00e7\u00e3o da companhia em S\u00e3o Paulo.<\/p>\n<p>O &#8220;Valor&#8221; diz que Eurico Teles est\u00e1 relutante \u00e0 possibilidade de abrir m\u00e3o dos ativos da companhia, mesmo com a possibilidade da <a href=\"https:\/\/www.suno.com.br\/artigos\/fusoes-aquisicoes\/\">fus\u00e3o<\/a> com a <strong>TIM<\/strong> (TIMP3).<\/p>\n<p><a href=\"https:\/\/www.suno.com.br\/noticias\/fusao-tim-e-oi-pode-sair-do-papel\/\">Confira: Fus\u00e3o entre TIM e Oi pode sair do papel, diz BTG<\/a><\/p>\n<p>No in\u00edcio desta semana, a imprensa da Espanha trouxe a informa\u00e7\u00e3o que a TIM contratou o <strong>Morgan Stanley<\/strong> para auxiliar na compra dos ativos da <strong>Oi<\/strong>. O &#8220;Valor&#8221; apurou que o banco norte-americano n\u00e3o foi oficialmente contatado para a opera\u00e7\u00e3o.<\/p>\n<h2>China Mobile interessada na Oi<\/h2>\n<p>A maior operadora de telefonia m\u00f3vel do mundo, a <strong>China Mobile, <\/strong>apresentou um pedido \u00e0 Ag\u00eancia Nacional de Telecomunica\u00e7\u00f5es (<strong>Anatel<\/strong>) para obter mais informa\u00e7\u00f5es sobre como operar no Pa\u00eds.<\/p>\n\t<p>\n\t\t<a href=\"https:\/\/www.suno.com.br\/asset\/fundos\/suno-acoes-xp-seg-prev\/\" target=\"_blank\" data-element=\"shortcode-suno-banner\" title=\"Banner SUNO, clique e saiba mais\">\n\t\t\t<picture>\n\t\t\t\t<source media=\"(max-width: 500px)\" srcset=\"https:\/\/files.sunoresearch.com.br\/n\/uploads\/2023\/10\/SUNOPREV-400x300-Mobile-Artigos-3.png\">\n\t\t\t\t<img class=\"newsContent__article__imgCapa newsContent__article__imgCapa--banner\"\n\t\t\t\t\tsrc=\"https:\/\/files.sunoresearch.com.br\/n\/uploads\/2023\/10\/SUNOPREV-1420x240-Banner-Artigos-1-_-Banner-Materias-1.png\"\n\t\t\t\t\tdata-promo-id=\"476310\"\t\t\t\t\t\t\t\t\t\twidth='1420' height='240'\t\t\t\t\talt=\"https:\/\/files.sunoresearch.com.br\/n\/uploads\/2023\/10\/SUNOPREV-1420x240-Banner-Artigos-1-_-Banner-Materias-1.png\"\n\t\t\t\t>\n\t\t\t<\/picture>\n\t\t<\/a>\n\t<\/p>\n\n\n<p>A informa\u00e7\u00e3o foi obtida com exclusividade pelo <strong>SUNO<\/strong> <strong>Not\u00edcias.<\/strong> A consulta pode colocar a operadora mais pr\u00f3xima de um neg\u00f3cio com a Oi. Uma possibilidade que j\u00e1 tinha sido aventada no passado, mas n\u00e3o chegou a ser conclu\u00edda<\/p>\n<p>&#8220;A <strong>China Mobile<\/strong> tem interesse no mercado brasileiro e vai estudar, sim, a oportunidade com a <strong>Oi.<\/strong> Isso n\u00e3o quer dizer que [a empresa chinesa] vai se interessar&#8221;, disse \u00e0 reportagem uma fonte do segmento.<\/p>\n<p><a href=\"https:\/\/www.suno.com.br\/noticias\/exclusivo-china-mobile-informacoes-oi\/\">Saiba mais: Exclusivo: China Mobile pede informa\u00e7\u00f5es e pode estar de olho na Oi<\/a><\/p>\n<p>O pedido feito \u00e0 Anatel em rela\u00e7\u00e3o \u00e0 <strong>Oi<\/strong>, segundo fontes do setor, demonstra que a <strong>China Mobile<\/strong> estuda oportunidades concretas de iniciar a operar no Brasil.<\/p>\n","protected":false},"excerpt":{"rendered":"<p>Al\u00e9m de enfrentar o processo de recupera\u00e7\u00e3o judicial\u00a0desde 2016, a Oi (OIBR3; OIBR4) tamb\u00e9m precisa lidar com diverg\u00eancias internas. Oi A gestora GoldenTree Asset Management, que \u00e9 a maior acionista da Oi, solicitou mais uma vez, assim como em agosto, a sa\u00edda do presidente da companhia, Eurico Teles. Segundo as informa\u00e7\u00f5es do jornal &#8220;Valor Econ\u00f4mico&#8221; [&hellip;]<\/p>\n","protected":false},"author":24,"featured_media":37999,"comment_status":"closed","ping_status":"closed","sticky":false,"template":"","format":"standard","meta":[],"categories":[64],"tags":[831,584,659,663],"suno_strategy":[],"class_list":["post-37994","post","type-post","status-publish","format-standard","has-post-thumbnail","hentry","category-negocios","tag-anatel","tag-oi-oibr3-oibr4","tag-telefonica-vivt3","tag-tim-tims3"],"yoast_head":"<!-- This site is optimized with the Yoast SEO plugin v24.4 - https:\/\/yoast.com\/wordpress\/plugins\/seo\/ -->\n<title>Oi: principal acionista segue em disputa com a diretoria, diz jornal<\/title>\n<meta name=\"description\" content=\"Al\u00e9m de enfrentar o processo de recupera\u00e7\u00e3o judicial, a Oi tamb\u00e9m precisa lidar com diverg\u00eancias internas. Clique aqui e saiba mais.\" \/>\n<meta name=\"robots\" content=\"index, follow, max-snippet:-1, max-image-preview:large, max-video-preview:-1\" \/>\n<link rel=\"canonical\" href=\"https:\/\/www.suno.com.br\/noticias\/oi-acionista-pede-a-saida-do-presidente-disputa-com-diretoria\/\" \/>\n<meta property=\"og:locale\" content=\"pt_BR\" \/>\n<meta property=\"og:type\" content=\"article\" \/>\n<meta property=\"og:title\" content=\"Oi: principal acionista segue em disputa com a diretoria, diz jornal\" \/>\n<meta property=\"og:description\" content=\"Al\u00e9m de enfrentar o processo de recupera\u00e7\u00e3o judicial, a Oi tamb\u00e9m precisa lidar com diverg\u00eancias internas. Clique aqui e saiba mais.\" \/>\n<meta property=\"og:url\" content=\"https:\/\/www.suno.com.br\/noticias\/oi-acionista-pede-a-saida-do-presidente-disputa-com-diretoria\/\" \/>\n<meta property=\"og:site_name\" content=\"Suno Not\u00edcias\" \/>\n<meta property=\"article:publisher\" content=\"https:\/\/facebook.com\/sunoresearch\" \/>\n<meta property=\"og:image\" content=\"https:\/\/files.sunoresearch.com.br\/n\/uploads\/2019\/09\/e34ca282-oi-a.jpeg\" \/>\n\t<meta property=\"og:image:width\" content=\"1296\" \/>\n\t<meta property=\"og:image:height\" content=\"768\" \/>\n\t<meta property=\"og:image:type\" content=\"image\/jpeg\" \/>\n<meta name=\"author\" content=\"Jader Lazarini\" \/>\n<meta name=\"twitter:card\" content=\"summary_large_image\" \/>\n<meta name=\"twitter:creator\" content=\"@sunoresearch\" \/>\n<meta name=\"twitter:site\" content=\"@sunoresearch\" \/>\n<meta name=\"twitter:label1\" content=\"Escrito por\" \/>\n\t<meta name=\"twitter:data1\" content=\"Jader Lazarini\" \/>\n\t<meta name=\"twitter:label2\" content=\"Est. tempo de leitura\" \/>\n\t<meta name=\"twitter:data2\" content=\"2 minutos\" \/>\n<script type=\"application\/ld+json\" class=\"yoast-schema-graph\">{\"@context\":\"https:\/\/schema.org\",\"@graph\":[{\"@type\":\"NewsArticle\",\"@id\":\"https:\/\/www.suno.com.br\/noticias\/oi-acionista-pede-a-saida-do-presidente-disputa-com-diretoria\/#article\",\"isPartOf\":{\"@id\":\"https:\/\/www.suno.com.br\/noticias\/oi-acionista-pede-a-saida-do-presidente-disputa-com-diretoria\/\"},\"author\":{\"name\":\"Jader Lazarini\",\"@id\":\"https:\/\/www.suno.com.br\/noticias\/#\/schema\/person\/918d79de1f0281f01599b93f9ea6e23f\"},\"headline\":\"Oi: principal acionista volta a pedir a sa\u00edda do presidente e trava disputa com diretoria, diz jornal\",\"datePublished\":\"2019-09-18T14:52:56+00:00\",\"dateModified\":\"2019-09-18T14:54:08+00:00\",\"mainEntityOfPage\":{\"@id\":\"https:\/\/www.suno.com.br\/noticias\/oi-acionista-pede-a-saida-do-presidente-disputa-com-diretoria\/\"},\"wordCount\":403,\"publisher\":{\"@id\":\"https:\/\/www.suno.com.br\/noticias\/#organization\"},\"image\":{\"@id\":\"https:\/\/www.suno.com.br\/noticias\/oi-acionista-pede-a-saida-do-presidente-disputa-com-diretoria\/#primaryimage\"},\"thumbnailUrl\":\"https:\/\/files.sunoresearch.com.br\/n\/uploads\/2019\/09\/e34ca282-oi-a-jpeg.webp\",\"keywords\":[\"Anatel\",\"Oi (OIBR3\/OIBR4)\",\"Telef\u00f4nica (VIVT3)\",\"TIM (TIMS3)\"],\"articleSection\":[\"Neg\u00f3cios\"],\"inLanguage\":\"pt-BR\"},{\"@type\":\"WebPage\",\"@id\":\"https:\/\/www.suno.com.br\/noticias\/oi-acionista-pede-a-saida-do-presidente-disputa-com-diretoria\/\",\"url\":\"https:\/\/www.suno.com.br\/noticias\/oi-acionista-pede-a-saida-do-presidente-disputa-com-diretoria\/\",\"name\":\"Oi: principal acionista segue em disputa com a diretoria, diz jornal\",\"isPartOf\":{\"@id\":\"https:\/\/www.suno.com.br\/noticias\/#website\"},\"primaryImageOfPage\":{\"@id\":\"https:\/\/www.suno.com.br\/noticias\/oi-acionista-pede-a-saida-do-presidente-disputa-com-diretoria\/#primaryimage\"},\"image\":{\"@id\":\"https:\/\/www.suno.com.br\/noticias\/oi-acionista-pede-a-saida-do-presidente-disputa-com-diretoria\/#primaryimage\"},\"thumbnailUrl\":\"https:\/\/files.sunoresearch.com.br\/n\/uploads\/2019\/09\/e34ca282-oi-a-jpeg.webp\",\"datePublished\":\"2019-09-18T14:52:56+00:00\",\"dateModified\":\"2019-09-18T14:54:08+00:00\",\"description\":\"Al\u00e9m de enfrentar o processo de recupera\u00e7\u00e3o judicial, a Oi tamb\u00e9m precisa lidar com diverg\u00eancias internas. Clique aqui e saiba mais.\",\"breadcrumb\":{\"@id\":\"https:\/\/www.suno.com.br\/noticias\/oi-acionista-pede-a-saida-do-presidente-disputa-com-diretoria\/#breadcrumb\"},\"inLanguage\":\"pt-BR\",\"potentialAction\":[{\"@type\":\"ReadAction\",\"target\":[\"https:\/\/www.suno.com.br\/noticias\/oi-acionista-pede-a-saida-do-presidente-disputa-com-diretoria\/\"]}]},{\"@type\":\"ImageObject\",\"inLanguage\":\"pt-BR\",\"@id\":\"https:\/\/www.suno.com.br\/noticias\/oi-acionista-pede-a-saida-do-presidente-disputa-com-diretoria\/#primaryimage\",\"url\":\"https:\/\/files.sunoresearch.com.br\/n\/uploads\/2019\/09\/e34ca282-oi-a-jpeg.webp\",\"contentUrl\":\"https:\/\/files.sunoresearch.com.br\/n\/uploads\/2019\/09\/e34ca282-oi-a-jpeg.webp\",\"width\":1296,\"height\":768,\"caption\":\"Oi\"},{\"@type\":\"BreadcrumbList\",\"@id\":\"https:\/\/www.suno.com.br\/noticias\/oi-acionista-pede-a-saida-do-presidente-disputa-com-diretoria\/#breadcrumb\",\"itemListElement\":[{\"@type\":\"ListItem\",\"position\":1,\"name\":\"Not\u00edcias\",\"item\":\"https:\/\/www.suno.com.br\/noticias\/\"},{\"@type\":\"ListItem\",\"position\":2,\"name\":\"Neg\u00f3cios\",\"item\":\"https:\/\/www.suno.com.br\/noticias\/negocios\/\"},{\"@type\":\"ListItem\",\"position\":3,\"name\":\"Oi: principal acionista volta a pedir a sa\u00edda do presidente e trava disputa com diretoria, diz jornal\"}]},{\"@type\":\"WebSite\",\"@id\":\"https:\/\/www.suno.com.br\/noticias\/#website\",\"url\":\"https:\/\/www.suno.com.br\/noticias\/\",\"name\":\"Suno Not\u00edcias\",\"description\":\"Seu portal de informa\u00e7\u00e3o sobre o mundo dos investimentos\",\"publisher\":{\"@id\":\"https:\/\/www.suno.com.br\/noticias\/#organization\"},\"potentialAction\":[{\"@type\":\"SearchAction\",\"target\":{\"@type\":\"EntryPoint\",\"urlTemplate\":\"https:\/\/www.suno.com.br\/noticias\/?s={search_term_string}\"},\"query-input\":{\"@type\":\"PropertyValueSpecification\",\"valueRequired\":true,\"valueName\":\"search_term_string\"}}],\"inLanguage\":\"pt-BR\"},{\"@type\":\"Organization\",\"@id\":\"https:\/\/www.suno.com.br\/noticias\/#organization\",\"name\":\"Suno Not\u00edcias\",\"url\":\"https:\/\/www.suno.com.br\/noticias\/\",\"logo\":{\"@type\":\"ImageObject\",\"inLanguage\":\"pt-BR\",\"@id\":\"https:\/\/www.suno.com.br\/noticias\/#\/schema\/logo\/image\/\",\"url\":\"https:\/\/files.sunoresearch.com.br\/n\/uploads\/2021\/09\/suno-logo.png\",\"contentUrl\":\"https:\/\/files.sunoresearch.com.br\/n\/uploads\/2021\/09\/suno-logo.png\",\"width\":180,\"height\":180,\"caption\":\"Suno Not\u00edcias\"},\"image\":{\"@id\":\"https:\/\/www.suno.com.br\/noticias\/#\/schema\/logo\/image\/\"},\"sameAs\":[\"https:\/\/facebook.com\/sunoresearch\",\"https:\/\/x.com\/sunoresearch\",\"https:\/\/www.instagram.com\/suno\",\"https:\/\/www.linkedin.com\/company\/suno-research\/\",\"https:\/\/www.youtube.com\/c\/sunoresearch\"]},{\"@type\":\"Person\",\"@id\":\"https:\/\/www.suno.com.br\/noticias\/#\/schema\/person\/918d79de1f0281f01599b93f9ea6e23f\",\"name\":\"Jader Lazarini\",\"image\":{\"@type\":\"ImageObject\",\"inLanguage\":\"pt-BR\",\"@id\":\"https:\/\/www.suno.com.br\/noticias\/#\/schema\/person\/image\/\",\"url\":\"https:\/\/secure.gravatar.com\/avatar\/3c1ad8caa51589841baeb923fcddea97?s=96&r=g\",\"contentUrl\":\"https:\/\/secure.gravatar.com\/avatar\/3c1ad8caa51589841baeb923fcddea97?s=96&r=g\",\"caption\":\"Jader Lazarini\"},\"description\":\"Jader Lazarini escreve sobre investimentos, finan\u00e7as, economia e neg\u00f3cios. \u00c9 bacharel em Rela\u00e7\u00f5es Internacionais e analista CNPI (2619).\",\"url\":\"https:\/\/www.suno.com.br\/noticias\/author\/jader-lazarini\/\"}]}<\/script>\n<!-- \/ Yoast SEO plugin. -->","yoast_head_json":{"title":"Oi: principal acionista segue em disputa com a diretoria, diz jornal","description":"Al\u00e9m de enfrentar o processo de recupera\u00e7\u00e3o judicial, a Oi tamb\u00e9m precisa lidar com diverg\u00eancias internas. Clique aqui e saiba mais.","robots":{"index":"index","follow":"follow","max-snippet":"max-snippet:-1","max-image-preview":"max-image-preview:large","max-video-preview":"max-video-preview:-1"},"canonical":"https:\/\/www.suno.com.br\/noticias\/oi-acionista-pede-a-saida-do-presidente-disputa-com-diretoria\/","og_locale":"pt_BR","og_type":"article","og_title":"Oi: principal acionista segue em disputa com a diretoria, diz jornal","og_description":"Al\u00e9m de enfrentar o processo de recupera\u00e7\u00e3o judicial, a Oi tamb\u00e9m precisa lidar com diverg\u00eancias internas. Clique aqui e saiba mais.","og_url":"https:\/\/www.suno.com.br\/noticias\/oi-acionista-pede-a-saida-do-presidente-disputa-com-diretoria\/","og_site_name":"Suno Not\u00edcias","article_publisher":"https:\/\/facebook.com\/sunoresearch","og_image":[{"width":1296,"height":768,"url":"https:\/\/files.sunoresearch.com.br\/n\/uploads\/2019\/09\/e34ca282-oi-a.jpeg","type":"image\/jpeg"}],"author":"Jader Lazarini","twitter_card":"summary_large_image","twitter_creator":"@sunoresearch","twitter_site":"@sunoresearch","twitter_misc":{"Escrito por":"Jader Lazarini","Est. tempo de leitura":"2 minutos"},"schema":{"@context":"https:\/\/schema.org","@graph":[{"@type":"NewsArticle","@id":"https:\/\/www.suno.com.br\/noticias\/oi-acionista-pede-a-saida-do-presidente-disputa-com-diretoria\/#article","isPartOf":{"@id":"https:\/\/www.suno.com.br\/noticias\/oi-acionista-pede-a-saida-do-presidente-disputa-com-diretoria\/"},"author":{"name":"Jader Lazarini","@id":"https:\/\/www.suno.com.br\/noticias\/#\/schema\/person\/918d79de1f0281f01599b93f9ea6e23f"},"headline":"Oi: principal acionista volta a pedir a sa\u00edda do presidente e trava disputa com diretoria, diz jornal","datePublished":"2019-09-18T14:52:56+00:00","dateModified":"2019-09-18T14:54:08+00:00","mainEntityOfPage":{"@id":"https:\/\/www.suno.com.br\/noticias\/oi-acionista-pede-a-saida-do-presidente-disputa-com-diretoria\/"},"wordCount":403,"publisher":{"@id":"https:\/\/www.suno.com.br\/noticias\/#organization"},"image":{"@id":"https:\/\/www.suno.com.br\/noticias\/oi-acionista-pede-a-saida-do-presidente-disputa-com-diretoria\/#primaryimage"},"thumbnailUrl":"https:\/\/files.sunoresearch.com.br\/n\/uploads\/2019\/09\/e34ca282-oi-a-jpeg.webp","keywords":["Anatel","Oi (OIBR3\/OIBR4)","Telef\u00f4nica (VIVT3)","TIM (TIMS3)"],"articleSection":["Neg\u00f3cios"],"inLanguage":"pt-BR"},{"@type":"WebPage","@id":"https:\/\/www.suno.com.br\/noticias\/oi-acionista-pede-a-saida-do-presidente-disputa-com-diretoria\/","url":"https:\/\/www.suno.com.br\/noticias\/oi-acionista-pede-a-saida-do-presidente-disputa-com-diretoria\/","name":"Oi: principal acionista segue em disputa com a diretoria, diz jornal","isPartOf":{"@id":"https:\/\/www.suno.com.br\/noticias\/#website"},"primaryImageOfPage":{"@id":"https:\/\/www.suno.com.br\/noticias\/oi-acionista-pede-a-saida-do-presidente-disputa-com-diretoria\/#primaryimage"},"image":{"@id":"https:\/\/www.suno.com.br\/noticias\/oi-acionista-pede-a-saida-do-presidente-disputa-com-diretoria\/#primaryimage"},"thumbnailUrl":"https:\/\/files.sunoresearch.com.br\/n\/uploads\/2019\/09\/e34ca282-oi-a-jpeg.webp","datePublished":"2019-09-18T14:52:56+00:00","dateModified":"2019-09-18T14:54:08+00:00","description":"Al\u00e9m de enfrentar o processo de recupera\u00e7\u00e3o judicial, a Oi tamb\u00e9m precisa lidar com diverg\u00eancias internas. Clique aqui e saiba mais.","breadcrumb":{"@id":"https:\/\/www.suno.com.br\/noticias\/oi-acionista-pede-a-saida-do-presidente-disputa-com-diretoria\/#breadcrumb"},"inLanguage":"pt-BR","potentialAction":[{"@type":"ReadAction","target":["https:\/\/www.suno.com.br\/noticias\/oi-acionista-pede-a-saida-do-presidente-disputa-com-diretoria\/"]}]},{"@type":"ImageObject","inLanguage":"pt-BR","@id":"https:\/\/www.suno.com.br\/noticias\/oi-acionista-pede-a-saida-do-presidente-disputa-com-diretoria\/#primaryimage","url":"https:\/\/files.sunoresearch.com.br\/n\/uploads\/2019\/09\/e34ca282-oi-a-jpeg.webp","contentUrl":"https:\/\/files.sunoresearch.com.br\/n\/uploads\/2019\/09\/e34ca282-oi-a-jpeg.webp","width":1296,"height":768,"caption":"Oi"},{"@type":"BreadcrumbList","@id":"https:\/\/www.suno.com.br\/noticias\/oi-acionista-pede-a-saida-do-presidente-disputa-com-diretoria\/#breadcrumb","itemListElement":[{"@type":"ListItem","position":1,"name":"Not\u00edcias","item":"https:\/\/www.suno.com.br\/noticias\/"},{"@type":"ListItem","position":2,"name":"Neg\u00f3cios","item":"https:\/\/www.suno.com.br\/noticias\/negocios\/"},{"@type":"ListItem","position":3,"name":"Oi: principal acionista volta a pedir a sa\u00edda do presidente e trava disputa com diretoria, diz jornal"}]},{"@type":"WebSite","@id":"https:\/\/www.suno.com.br\/noticias\/#website","url":"https:\/\/www.suno.com.br\/noticias\/","name":"Suno Not\u00edcias","description":"Seu portal de informa\u00e7\u00e3o sobre o mundo dos investimentos","publisher":{"@id":"https:\/\/www.suno.com.br\/noticias\/#organization"},"potentialAction":[{"@type":"SearchAction","target":{"@type":"EntryPoint","urlTemplate":"https:\/\/www.suno.com.br\/noticias\/?s={search_term_string}"},"query-input":{"@type":"PropertyValueSpecification","valueRequired":true,"valueName":"search_term_string"}}],"inLanguage":"pt-BR"},{"@type":"Organization","@id":"https:\/\/www.suno.com.br\/noticias\/#organization","name":"Suno Not\u00edcias","url":"https:\/\/www.suno.com.br\/noticias\/","logo":{"@type":"ImageObject","inLanguage":"pt-BR","@id":"https:\/\/www.suno.com.br\/noticias\/#\/schema\/logo\/image\/","url":"https:\/\/files.sunoresearch.com.br\/n\/uploads\/2021\/09\/suno-logo.png","contentUrl":"https:\/\/files.sunoresearch.com.br\/n\/uploads\/2021\/09\/suno-logo.png","width":180,"height":180,"caption":"Suno Not\u00edcias"},"image":{"@id":"https:\/\/www.suno.com.br\/noticias\/#\/schema\/logo\/image\/"},"sameAs":["https:\/\/facebook.com\/sunoresearch","https:\/\/x.com\/sunoresearch","https:\/\/www.instagram.com\/suno","https:\/\/www.linkedin.com\/company\/suno-research\/","https:\/\/www.youtube.com\/c\/sunoresearch"]},{"@type":"Person","@id":"https:\/\/www.suno.com.br\/noticias\/#\/schema\/person\/918d79de1f0281f01599b93f9ea6e23f","name":"Jader Lazarini","image":{"@type":"ImageObject","inLanguage":"pt-BR","@id":"https:\/\/www.suno.com.br\/noticias\/#\/schema\/person\/image\/","url":"https:\/\/secure.gravatar.com\/avatar\/3c1ad8caa51589841baeb923fcddea97?s=96&r=g","contentUrl":"https:\/\/secure.gravatar.com\/avatar\/3c1ad8caa51589841baeb923fcddea97?s=96&r=g","caption":"Jader Lazarini"},"description":"Jader Lazarini escreve sobre investimentos, finan\u00e7as, economia e neg\u00f3cios. \u00c9 bacharel em Rela\u00e7\u00f5es Internacionais e analista CNPI (2619).","url":"https:\/\/www.suno.com.br\/noticias\/author\/jader-lazarini\/"}]}},"default_loop_html":"<div class=\"cardsPage__listCard__boxs\"><div class=\"cardsPage__listCard__boxs__img\"><a href=\"https:\/\/www.suno.com.br\/noticias\/oi-acionista-pede-a-saida-do-presidente-disputa-com-diretoria\/\"><img class=\"mask\" src=\"https:\/\/www.suno.com.br\/noticias\/wp-content\/themes\/suno\/resources\/images\/spotlight\/spotlight1img\/bg-mask.png\" alt=\"Image Mask\"\/><img src=\"https:\/\/files.sunoresearch.com.br\/n\/uploads\/2019\/09\/e34ca282-oi-a-400x200.webp\" alt=\"Oi: principal acionista volta a pedir a sa\u00edda do presidente e trava disputa com diretoria, diz jornal\"\/><\/a><span class=\"spotlightCategory\"><a href=\"https:\/\/www.suno.com.br\/noticias\/negocios\/\">Neg\u00f3cios<\/a><\/span><\/div><div class=\"cardsPage__listCard__boxs__content\"><a href=\"https:\/\/www.suno.com.br\/noticias\/oi-acionista-pede-a-saida-do-presidente-disputa-com-diretoria\/\"><h2 class=\"content__title\">Oi: principal acionista volta a pedir a sa\u00edda do presidente e trava disputa com diretoria, diz jornal<\/h2><\/a><div class=\"newsContent__article__meta\"><div class=\"newsContent__article__meta__authorBox\"><a href=\"https:\/\/www.suno.com.br\/noticias\/author\/jader-lazarini\/\" class=\"authorBox__avatar noMobi\"><img src=\"https:\/\/files.sunoresearch.com.br\/n\/uploads\/2021\/01\/178e6598-foto-perfil-2-150x150.jpg\" alt=\"Jader Lazarini\"><\/a><div class=\"authorBox__name\"><span>por\n\t\t\t<a href=\"https:\/\/www.suno.com.br\/noticias\/author\/jader-lazarini\/\"><span itemprop=\"author\">Jader Lazarini<\/span><\/a><\/span><time datetime=\"2019-09-18T11:52:56-03:00\" itemprop=\"datePublished\">18\/09\/2019 11:52<\/time><\/div><\/div><\/div><\/div><\/div>","single_layout":"posts","amp_enabled":true,"_links":{"self":[{"href":"https:\/\/www.suno.com.br\/noticias\/wp-json\/wp\/v2\/posts\/37994"}],"collection":[{"href":"https:\/\/www.suno.com.br\/noticias\/wp-json\/wp\/v2\/posts"}],"about":[{"href":"https:\/\/www.suno.com.br\/noticias\/wp-json\/wp\/v2\/types\/post"}],"author":[{"embeddable":true,"href":"https:\/\/www.suno.com.br\/noticias\/wp-json\/wp\/v2\/users\/24"}],"replies":[{"embeddable":true,"href":"https:\/\/www.suno.com.br\/noticias\/wp-json\/wp\/v2\/comments?post=37994"}],"version-history":[{"count":0,"href":"https:\/\/www.suno.com.br\/noticias\/wp-json\/wp\/v2\/posts\/37994\/revisions"}],"wp:featuredmedia":[{"embeddable":true,"href":"https:\/\/www.suno.com.br\/noticias\/wp-json\/wp\/v2\/media\/37999"}],"wp:attachment":[{"href":"https:\/\/www.suno.com.br\/noticias\/wp-json\/wp\/v2\/media?parent=37994"}],"wp:term":[{"taxonomy":"category","embeddable":true,"href":"https:\/\/www.suno.com.br\/noticias\/wp-json\/wp\/v2\/categories?post=37994"},{"taxonomy":"post_tag","embeddable":true,"href":"https:\/\/www.suno.com.br\/noticias\/wp-json\/wp\/v2\/tags?post=37994"},{"taxonomy":"suno_strategy","embeddable":true,"href":"https:\/\/www.suno.com.br\/noticias\/wp-json\/wp\/v2\/suno_strategy?post=37994"}],"curies":[{"name":"wp","href":"https:\/\/api.w.org\/{rel}","templated":true}]}}