{"id":379655,"date":"2023-03-22T21:34:48","date_gmt":"2023-03-23T00:34:48","guid":{"rendered":"https:\/\/www.suno.com.br\/noticias\/?p=379655"},"modified":"2023-03-22T21:34:58","modified_gmt":"2023-03-23T00:34:58","slug":"radar-cemig-cmig4-via-viia3-vibra-vbbr3","status":"publish","type":"post","link":"https:\/\/www.suno.com.br\/noticias\/radar-cemig-cmig4-via-viia3-vibra-vbbr3\/","title":{"rendered":"Radar: Cemig (CMIG4) distribuir\u00e1 424 mi em JCP, CEO de Via (VIIA3) diz que varejista n\u00e3o est\u00e1 em crise e BTG recomenda compra de Vibra (VBBR3)"},"content":{"rendered":"<p>O&nbsp;<a href=\"https:\/\/www.suno.com.br\/artigos\/conselho-administracao\/\" target=\"_blank\" rel=\"noreferrer noopener\">conselho de administra\u00e7\u00e3o<\/a>&nbsp;da&nbsp;<strong>Cemig<\/strong>&nbsp;(CMIG4) anunciou nesta quarta-feira (22) o pagamento&nbsp;<a href=\"https:\/\/www.suno.com.br\/artigos\/entenda-o-jcp\/\" target=\"_blank\" rel=\"noreferrer noopener\">juros sobre capital pr\u00f3prio<\/a>&nbsp;(JCP) no montante de R$ 424 milh\u00f5es referentes ao exerc\u00edcio de 2023.<\/p>\t<div class=\"wrapper-featured-image\">\n\t\t<figure class=\"spotlightImg\">\n\n\t\t\t<picture>\n\t\t\t\t<source media=\"(max-width: 768px)\" srcset=\"https:\/\/files.sunoresearch.com.br\/n\/uploads\/2019\/08\/d8b09261-cemig-400x200.webp\">\n\t\t\t\t<img loading=\"lazy\" decoding=\"async\" class=\"newsContent__article__imgCapa lazyloadDisabled \" src=\"https:\/\/files.sunoresearch.com.br\/n\/uploads\/2019\/08\/d8b09261-cemig-800x450.webp\" width=\"800\" height=\"450\" alt=\"Radar: Cemig (CMIG4) distribuir\u00e1 424 mi em JCP, CEO de Via (VIIA3) diz que varejista n\u00e3o est\u00e1 em crise e BTG recomenda compra de Vibra (VBBR3)\" fetchpriority=high \/>\n\t\t\t<\/picture>\n\n\t\t\t<figcaption class=\"wp-caption-text wp-caption-text--show\">Cemig (CMIG4). Foto: Divulga\u00e7\u00e3o<\/figcaption>\n\t\t<\/figure>\n\t<\/div>\n\n\n\n\n\n\t<p>\n\t\t<a href=\"\" target=\"_blank\" data-element=\"shortcode-suno-banner\" title=\"Banner SUNO, clique e saiba mais\">\n\t\t\t<picture>\n\t\t\t\t<source media=\"(max-width: 500px)\" srcset=\"\">\n\t\t\t\t<img class=\"newsContent__article__imgCapa newsContent__article__imgCapa--banner\"\n\t\t\t\t\tsrc=\"\"\n\t\t\t\t\tdata-promo-id=\"138420\"\t\t\t\t\t\t\t\t\t\t\t\t\t\t\talt=\"\"\n\t\t\t\t>\n\t\t\t<\/picture>\n\t\t<\/a>\n\t<\/p>\n\n\n\n\n\n\n\n<p>O valor bruto dos<strong>&nbsp;proventos do Cemig<\/strong>&nbsp;\u00e9 de R$ 0,1927 por a\u00e7\u00e3o, por\u00e9m a empresa refor\u00e7a que haver\u00e1 a dedu\u00e7\u00e3o de 15% do Imposto de Renda no pagamento \u2014 sendo excetuados dessa reten\u00e7\u00e3o os acionistas pessoas jur\u00eddicas comprovadamente imunes ou isentos.<\/p>\n\n\n\n<p>Al\u00e9m disso, apenas os&nbsp;<strong>investidores<\/strong>&nbsp;<strong>da&nbsp;Cemig<\/strong>&nbsp;na base acion\u00e1ria da pr\u00f3xima segunda (27) ter\u00e3o direito de receber os rendimentos. A partir da ter\u00e7a (28), as a\u00e7\u00f5es ser\u00e3o negociadas sem direito ao JCP.<\/p>\n\n\n\n<p>Segundo o&nbsp;<a href=\"https:\/\/www.suno.com.br\/artigos\/fato-relevante\/\" target=\"_blank\" rel=\"noreferrer noopener\">fato relevante<\/a>, o pagamento do&nbsp;<strong>JCP da Cemig<\/strong>&nbsp;ocorrer\u00e1 em duas parcelas em 2024: a primeira at\u00e9 junho e a segunda, at\u00e9 dezembro. Confira os detalhes abaixo:<\/p>\n\n\n\n<h2 class=\"wp-block-heading\" id=\"h-jcp-da-cemig-cmig4\">JCP da Cemig (CMIG4)<\/h2>\n\n\n\n<ul class=\"wp-block-list\">\n<li><strong>Valor total do JCP:&nbsp;<\/strong>R$ 424.226.000,00<\/li>\n\n\n\n<li><strong>Valor bruto por a\u00e7\u00e3o:<\/strong>&nbsp;R$ 0,19278403644<\/li>\n\n\n\n<li><strong>Data de corte:<\/strong>&nbsp;27 de mar\u00e7o<\/li>\n\n\n\n<li><strong>Data do pagamento:<\/strong>&nbsp;1\u00aa parcela:&nbsp;at\u00e9 30 de junho de 2024 \/ 2\u00aa parcela: at\u00e9 30 de dezembro de 2024.<\/li>\n<\/ul>\n\n\n\n<p>Al\u00e9m do&nbsp;<strong>Cemig<\/strong>, confira outros destaques desta quarta-feira:<\/p>\n\n\n\n<h2 class=\"wp-block-heading\">Via (VIIA3) est\u00e1 em crise? CEO avisa que \u2018n\u00e3o\u2019 e detalha estrat\u00e9gia da varejista<\/h2>\n\n\n\n<ul class=\"wp-block-list\">\n<li>Com um cen\u00e1rio delicado no varejo nacional, termos como \u201cpreju\u00edzo\u201d e \u201cfechamento de loja\u201d acabam virando sin\u00f4nimos de crise na cabe\u00e7a dos investidores da&nbsp;<strong>Via<\/strong>&nbsp;(<a href=\"https:\/\/suno.com.br\/acoes\/viia3\/\" target=\"_blank\" rel=\"noreferrer noopener\">VIIA3<\/a>).&nbsp;<a href=\"https:\/\/www.suno.com.br\/tudo-sobre\/roberto-fulcherberguer\/\" target=\"_blank\" rel=\"noreferrer noopener\">Roberto Fulcherberguer<\/a>, CEO da varejista, abre o jogo sobre a situa\u00e7\u00e3o da companhia e \u00e9 enf\u00e1tico ao falar sobre o tema.<\/li>\n<\/ul>\n\n\n\n<ul class=\"wp-block-list\">\n<li>\u201cA resposta objetiva \u00e9 n\u00e3o! N\u00e3o tem absolutamente nenhuma crise aqui, \u00e9 a vida como ela \u00e9, o nosso dia a dia\u201d, argumenta o executivo em entrevista ao Suno Not\u00edcias.<\/li>\n<\/ul>\n\n\n\n<ul class=\"wp-block-list\">\n<li>Nas \u00faltimas semanas, o fechamento da<a href=\"https:\/\/www.suno.com.br\/noticias\/via-viia3-casas-bahia-fecha-megaloja-sp\/\" target=\"_blank\" rel=\"noreferrer noopener\">&nbsp;megaloja da&nbsp;<strong>Casas Bahia<\/strong>&nbsp;no edif\u00edcio Jo\u00e3o Br\u00edcola, no centro de S\u00e3o Paulo<\/a>, fez com que esse imagin\u00e1rio de crise voltasse a pairar na cabe\u00e7a do investidor. Contudo, Fulcherberguer explica que essa opera\u00e7\u00e3o foi encerrada porque a unidade \u201cn\u00e3o estava rent\u00e1vel\u201d.<\/li>\n<\/ul>\n\n\n\n<ul class=\"wp-block-list\">\n<li>\u201cO tempo inteiro estamos avaliando a performance das lojas, temos planos A, B e C para cada uma das unidades. Come\u00e7ou a n\u00e3o performar, damos uma dose de rem\u00e9dio, avaliamos em um m\u00eas. N\u00e3o performou? No segundo m\u00eas, damos outra dose. No terceiro m\u00eas, se n\u00e3o performar, a gente fecha\u201d, detalha.<\/li>\n<\/ul>\n\n\n\n<ul class=\"wp-block-list\">\n<li>&#8220;A vida no varejo \u00e9 assim para n\u00f3s. Gostamos de ter no parque lojas rent\u00e1veis, fechar loja \u00e9 parte do nosso dia a dia&#8221;.<\/li>\n<\/ul>\n\n\n\n<ul class=\"wp-block-list\">\n<li>Segundo Fulcherberguer, a Via fechou 21 lojas em 2022, mas abriu outras 63 unidades neste mesmo per\u00edodo: \u201cEnt\u00e3o, fizemos o encerramento de 2% do total de lojas que temos, isso \u00e9 absolutamente marginal\u201d.<\/li>\n<\/ul>\n\n\n\n<ul class=\"wp-block-list\">\n<li>Com o esclarecimento feito, o gestor afirma que n\u00e3o se surpreendeu ao ver os n\u00fameros da&nbsp;<strong>Via em 2022<\/strong>. \u201cDe fato, \u00e9 uma grande constru\u00e7\u00e3o que a gente vem fazendo, absolutamente comprometidos com o&nbsp;<a href=\"https:\/\/www.suno.com.br\/artigos\/longo-prazo\/\" target=\"_blank\" rel=\"noreferrer noopener\">longo prazo<\/a>\u201d, projeta.<\/li>\n<\/ul>\n\n\n\n<ul class=\"wp-block-list\">\n<li>\u201cA gente vem de um ano de grande organiza\u00e7\u00e3o. Ent\u00e3o, estamos come\u00e7ando a colher todos os investimentos que essa companhia fez em tecnologia, estamos ganhando muita produtividade, complementa.<\/li>\n<\/ul>\n\n\n\t<p>\n\t\t<a href=\"https:\/\/lp.suno.com.br\/planilha-controle-gastos\/\" target=\"_blank\" data-element=\"shortcode-suno-banner\" title=\"Banner SUNO, clique e saiba mais\">\n\t\t\t<picture>\n\t\t\t\t<source media=\"(max-width: 500px)\" srcset=\"https:\/\/files.sunoresearch.com.br\/n\/uploads\/2023\/03\/400x300-Planilha-controle-de-gastos.png\">\n\t\t\t\t<img class=\"newsContent__article__imgCapa newsContent__article__imgCapa--banner\"\n\t\t\t\t\tsrc=\"https:\/\/files.sunoresearch.com.br\/n\/uploads\/2023\/03\/1420x240-Planilha-controle-de-gastos.png\"\n\t\t\t\t\tdata-promo-id=\"101751\"\t\t\t\t\t\t\t\t\t\twidth='1420' height='240'\t\t\t\t\talt=\"https:\/\/files.sunoresearch.com.br\/n\/uploads\/2023\/03\/1420x240-Planilha-controle-de-gastos.png\"\n\t\t\t\t>\n\t\t\t<\/picture>\n\t\t<\/a>\n\t<\/p>\n\n\n\n\n\n<h2 class=\"wp-block-heading\">Vibra (VBBR3): BTG recomenda compra apesar dos resultado do 4T22<\/h2>\n\n\n\n<ul class=\"wp-block-list\">\n<li>Em an\u00e1lise acerca dos resultados da&nbsp;<a href=\"https:\/\/www.suno.com.br\/acoes\/vbbr3\/\" target=\"_blank\" rel=\"noreferrer noopener\"><strong>Vibra<\/strong>&nbsp;(VBBR3)<\/a>&nbsp;os especialistas do&nbsp;<a href=\"https:\/\/www.suno.com.br\/acoes\/BPAC11\/\" target=\"_blank\" rel=\"noreferrer noopener\">BTG Pactual (BPAC11)<\/a>&nbsp;destacaram resultados \u2018com volatilidade\u2019 e mantiveram recomenda\u00e7\u00e3o de compra.<\/li>\n<\/ul>\n\n\n\n<ul class=\"wp-block-list\">\n<li>O pre\u00e7o-alvo do BTG para as&nbsp;<strong>a\u00e7\u00f5es da Vibra<\/strong>&nbsp;\u00e9 de R$ 28, ante uma cota\u00e7\u00e3o atual de R$ 13,40.<\/li>\n<\/ul>\n\n\n\n<ul class=\"wp-block-list\">\n<li>Os pap\u00e9is&nbsp;<strong>VBBR3<\/strong>&nbsp;chegaram a cair 8% no intradia desta quarta-feira (22), ap\u00f3s a divulga\u00e7\u00e3o do balan\u00e7o.<\/li>\n<\/ul>\n\n\n\n<ul class=\"wp-block-list\">\n<li>\u201cOs resultados do 4T22 da VBBR foram fortemente afetados por fatores n\u00e3o recorrentes, muito mais do que seus concorrentes, relacionados \u00e0 volatilidade de pre\u00e7os e um mercado com excesso de oferta. O<br>O&nbsp;<a href=\"https:\/\/www.suno.com.br\/artigos\/ebitda-ajustado\/\" target=\"_blank\" rel=\"noreferrer noopener\">EBITDA ajustado<\/a>&nbsp;foi s\u00f3lido em R$ 1,4 bilh\u00e3o\u201d, destaca o BTG sobre o&nbsp;<strong>resultado da Vibra<\/strong>.<\/li>\n<\/ul>\n\n\n\n<ul class=\"wp-block-list\">\n<li>Segundo a casa, os fatores n\u00e3o recorrentes contemplam:<\/li>\n<\/ul>\n\n\n\n<ul class=\"wp-block-list\">\n<li>Perdas de estoque e hedge (-R$756 milh\u00f5es)<\/li>\n\n\n\n<li>Venda de Ativos (R$ 350 milh\u00f5es)<\/li>\n\n\n\n<li>Ganhos fiscais (R$ 680 milh\u00f5es)<\/li>\n<\/ul>\n\n\n\n<ul class=\"wp-block-list\">\n<li>\u201cAt\u00e9 certo ponto, o trimestre ressalta o qu\u00e3o diferentes s\u00e3o as estrat\u00e9gias entre principais empresas de combust\u00edvel foram. A perda de estoque de R$ 27 por metro c\u00fabico da Vibra foi pelo menos duas vezes maior do que a de seus concorrentes, enquanto a perda de R$ 47\/m3 de hedges n\u00e3o realizados<br>indica um perfil de negocia\u00e7\u00e3o de combust\u00edvel diferente (mais arriscado), j\u00e1 que a VBBR procurou monetizar a arbitragem de oportunidades\u201d, destaca o BTG.<\/li>\n<\/ul>\n\n\n\n<h2 class=\"wp-block-heading\">Copel (CPLE6): XP v\u00ea trimestre neutro e segue recomendando compra<\/h2>\n\n\n\n<ul class=\"wp-block-list\">\n<li>Segundo a XP Investimentos, os&nbsp;<a href=\"https:\/\/www.suno.com.br\/artigos\/resultados-trimestrais\/\" target=\"_blank\" rel=\"noreferrer noopener\">resultados trimestrais<\/a>&nbsp;da&nbsp;<a href=\"https:\/\/www.suno.com.br\/acoes\/CPLE6\/\" target=\"_blank\" rel=\"noreferrer noopener\"><strong>Copel&nbsp;<\/strong>(CPLE6)<\/a>&nbsp;apresentados nesta semana foram \u2018neutros\u2019 e em linha com algumas proje\u00e7\u00f5es da casa.<\/li>\n<\/ul>\n\n\n\n<ul class=\"wp-block-list\">\n<li>Apesar disso, a recomenda\u00e7\u00e3o da XP ainda \u00e9 de compra para as&nbsp;<strong>a\u00e7\u00f5es da Copel<\/strong>, com pre\u00e7o-alvo de R$ 8 ante uma cota\u00e7\u00e3o atual na casa dos R$ 6,60.<\/li>\n<\/ul>\n\n\n\n<ul class=\"wp-block-list\">\n<li>\u201cA Copel apresentou resultados neutros no 4T22, em linha com nossas expectativas. O destaque positivo veio da Copel Gera\u00e7\u00e3o e Transmiss\u00e3o devido ao cen\u00e1rio hidrol\u00f3gico mais favor\u00e1vel na compara\u00e7\u00e3o anual e \u00e0 redu\u00e7\u00e3o de -49% na base anual nos custos com pessoal como resultado de um programa de PDV bem-sucedido. O&nbsp;<a href=\"https:\/\/www.suno.com.br\/artigos\/ebitda-ajustado\/\" target=\"_blank\" rel=\"noreferrer noopener\">EBITDA ajustado<\/a>&nbsp;do bra\u00e7o de Distribui\u00e7\u00e3o aumentou 10% no comparativo anual, tamb\u00e9m refletindo os resultados do PDV parcialmente compensados \u200b\u200bpela redu\u00e7\u00e3o de 2,4% na energia faturada\u201d, analisa Ma\u00edra Maldonado, da XP.<\/li>\n<\/ul>\n\n\n\n<ul class=\"wp-block-list\">\n<li>O Ebitda da Copel veio cerca de 3% acima das proje\u00e7\u00f5es da XP Investimentos. Al\u00e9m disso, o segmento de gera\u00e7\u00e3o e transmiss\u00e3o cresceu quase 50% ante igual etapa do ano anterior.<\/li>\n<\/ul>\n\n\n\n<p>Da&nbsp;Cemig \u00e0 Vibra, essas foram as empresas que se destacaram hoje. Para ler todas as mat\u00e9rias&nbsp;<strong><a href=\"https:\/\/www.suno.com.br\/noticias\/todos\/\" target=\"_blank\" rel=\"noreferrer noopener\">clique aqui<\/a><\/strong>.<a href=\"https:\/\/lp.suno.com.br\/ebook-como-analisar-uma-acao\/\" target=\"_blank\" rel=\"noreferrer noopener\"><\/a><a href=\"https:\/\/lp.suno.com.br\/cl\/comece-a-investir\/\" target=\"_blank\" rel=\"noreferrer noopener\"><\/a><\/p>\n\n\n\t<p>\n\t\t<a href=\"https:\/\/lp.suno.com.br\/planilha-da-vida-financeira\/\" target=\"_blank\" data-element=\"shortcode-suno-banner\" title=\"Banner SUNO, clique e saiba mais\">\n\t\t\t<picture>\n\t\t\t\t<source media=\"(max-width: 500px)\" srcset=\"https:\/\/files.sunoresearch.com.br\/n\/uploads\/2023\/04\/400x300-Planilha-vida-financeira-true.png\">\n\t\t\t\t<img class=\"newsContent__article__imgCapa newsContent__article__imgCapa--banner\"\n\t\t\t\t\tsrc=\"https:\/\/files.sunoresearch.com.br\/n\/uploads\/2023\/04\/1420x240-Planilha-vida-financeira-true.png\"\n\t\t\t\t\tdata-promo-id=\"106682\"\t\t\t\t\t\t\t\t\t\twidth='1420' height='240'\t\t\t\t\talt=\"https:\/\/files.sunoresearch.com.br\/n\/uploads\/2023\/04\/1420x240-Planilha-vida-financeira-true.png\"\n\t\t\t\t>\n\t\t\t<\/picture>\n\t\t<\/a>\n\t<\/p>\n\n\n","protected":false},"excerpt":{"rendered":"<p>O&nbsp;conselho de administra\u00e7\u00e3o&nbsp;da&nbsp;Cemig&nbsp;(CMIG4) anunciou nesta quarta-feira (22) o pagamento&nbsp;juros sobre capital pr\u00f3prio&nbsp;(JCP) no montante de R$ 424 milh\u00f5es referentes ao exerc\u00edcio de 2023. Cemig (CMIG4). Foto: Divulga\u00e7\u00e3o O valor bruto dos&nbsp;proventos do Cemig&nbsp;\u00e9 de R$ 0,1927 por a\u00e7\u00e3o, por\u00e9m a empresa refor\u00e7a que haver\u00e1 a dedu\u00e7\u00e3o de 15% do Imposto de Renda no pagamento \u2014 [&hellip;]<\/p>\n","protected":false},"author":227,"featured_media":34705,"comment_status":"closed","ping_status":"closed","sticky":false,"template":"","format":"standard","meta":[],"categories":[64],"tags":[420,431,106935,596],"suno_strategy":[],"class_list":["post-379655","post","type-post","status-publish","format-standard","has-post-thumbnail","hentry","category-negocios","tag-cemig-cmig3-cmig4","tag-copel-cple3-cple5-cple6","tag-via-viia3","tag-vibra-energia-vbbr3"],"yoast_head":"<!-- This site is optimized with the Yoast SEO plugin v24.4 - https:\/\/yoast.com\/wordpress\/plugins\/seo\/ -->\n<title>Radar: Cemig (CMIG4) distribuir\u00e1 424 mi em JCP, CEO de Via (VIIA3) diz que varejista n\u00e3o est\u00e1 em crise<\/title>\n<meta name=\"description\" content=\"Cemig (CMIG4) distribuir\u00e1 424 mi em JCP, CEO de Via (VIIA3) diz que varejista n\u00e3o est\u00e1 em crise e BTG recomenda compra de Vibra (VBBR3)\" \/>\n<meta name=\"robots\" content=\"index, follow, max-snippet:-1, max-image-preview:large, max-video-preview:-1\" \/>\n<link rel=\"canonical\" href=\"https:\/\/www.suno.com.br\/noticias\/radar-cemig-cmig4-via-viia3-vibra-vbbr3\/\" \/>\n<meta property=\"og:locale\" content=\"pt_BR\" \/>\n<meta property=\"og:type\" content=\"article\" \/>\n<meta property=\"og:title\" content=\"Radar: Cemig (CMIG4) distribuir\u00e1 424 mi em JCP, CEO de Via (VIIA3) diz que varejista n\u00e3o est\u00e1 em crise\" \/>\n<meta property=\"og:description\" content=\"Cemig (CMIG4) distribuir\u00e1 424 mi em JCP, CEO de Via (VIIA3) diz que varejista n\u00e3o est\u00e1 em crise e BTG recomenda compra de Vibra (VBBR3)\" \/>\n<meta property=\"og:url\" content=\"https:\/\/www.suno.com.br\/noticias\/radar-cemig-cmig4-via-viia3-vibra-vbbr3\/\" \/>\n<meta property=\"og:site_name\" content=\"Suno Not\u00edcias\" \/>\n<meta property=\"article:publisher\" content=\"https:\/\/facebook.com\/sunoresearch\" \/>\n<meta property=\"og:image\" content=\"https:\/\/files.sunoresearch.com.br\/n\/uploads\/2019\/08\/d8b09261-cemig.jpg\" \/>\n\t<meta property=\"og:image:width\" content=\"1380\" \/>\n\t<meta property=\"og:image:height\" content=\"920\" \/>\n\t<meta property=\"og:image:type\" content=\"image\/jpeg\" \/>\n<meta name=\"author\" content=\"Vanessa Loiola\" \/>\n<meta name=\"twitter:card\" content=\"summary_large_image\" \/>\n<meta name=\"twitter:creator\" content=\"@sunoresearch\" \/>\n<meta name=\"twitter:site\" content=\"@sunoresearch\" \/>\n<meta name=\"twitter:label1\" content=\"Escrito por\" \/>\n\t<meta name=\"twitter:data1\" content=\"Vanessa Loiola\" \/>\n\t<meta name=\"twitter:label2\" content=\"Est. tempo de leitura\" \/>\n\t<meta name=\"twitter:data2\" content=\"6 minutos\" \/>\n<script type=\"application\/ld+json\" class=\"yoast-schema-graph\">{\"@context\":\"https:\/\/schema.org\",\"@graph\":[{\"@type\":\"NewsArticle\",\"@id\":\"https:\/\/www.suno.com.br\/noticias\/radar-cemig-cmig4-via-viia3-vibra-vbbr3\/#article\",\"isPartOf\":{\"@id\":\"https:\/\/www.suno.com.br\/noticias\/radar-cemig-cmig4-via-viia3-vibra-vbbr3\/\"},\"author\":{\"name\":\"Vanessa Loiola\",\"@id\":\"https:\/\/www.suno.com.br\/noticias\/#\/schema\/person\/450c455ecff319bab1f1a0e643451479\"},\"headline\":\"Radar: Cemig (CMIG4) distribuir\u00e1 424 mi em JCP, CEO de Via (VIIA3) diz que varejista n\u00e3o est\u00e1 em crise e BTG recomenda compra de Vibra (VBBR3)\",\"datePublished\":\"2023-03-23T00:34:48+00:00\",\"dateModified\":\"2023-03-23T00:34:58+00:00\",\"mainEntityOfPage\":{\"@id\":\"https:\/\/www.suno.com.br\/noticias\/radar-cemig-cmig4-via-viia3-vibra-vbbr3\/\"},\"wordCount\":1045,\"publisher\":{\"@id\":\"https:\/\/www.suno.com.br\/noticias\/#organization\"},\"image\":{\"@id\":\"https:\/\/www.suno.com.br\/noticias\/radar-cemig-cmig4-via-viia3-vibra-vbbr3\/#primaryimage\"},\"thumbnailUrl\":\"https:\/\/files.sunoresearch.com.br\/n\/uploads\/2019\/08\/d8b09261-cemig-jpg.webp\",\"keywords\":[\"Cemig (CMIG3\/CMIG4)\",\"Copel (CPLE3\/CPLE5\/CPLE6)\",\"Via (VIIA3)\",\"Vibra Energia (VBBR3)\"],\"articleSection\":[\"Neg\u00f3cios\"],\"inLanguage\":\"pt-BR\"},{\"@type\":\"WebPage\",\"@id\":\"https:\/\/www.suno.com.br\/noticias\/radar-cemig-cmig4-via-viia3-vibra-vbbr3\/\",\"url\":\"https:\/\/www.suno.com.br\/noticias\/radar-cemig-cmig4-via-viia3-vibra-vbbr3\/\",\"name\":\"Radar: Cemig (CMIG4) distribuir\u00e1 424 mi em JCP, CEO de Via (VIIA3) diz que varejista n\u00e3o est\u00e1 em crise\",\"isPartOf\":{\"@id\":\"https:\/\/www.suno.com.br\/noticias\/#website\"},\"primaryImageOfPage\":{\"@id\":\"https:\/\/www.suno.com.br\/noticias\/radar-cemig-cmig4-via-viia3-vibra-vbbr3\/#primaryimage\"},\"image\":{\"@id\":\"https:\/\/www.suno.com.br\/noticias\/radar-cemig-cmig4-via-viia3-vibra-vbbr3\/#primaryimage\"},\"thumbnailUrl\":\"https:\/\/files.sunoresearch.com.br\/n\/uploads\/2019\/08\/d8b09261-cemig-jpg.webp\",\"datePublished\":\"2023-03-23T00:34:48+00:00\",\"dateModified\":\"2023-03-23T00:34:58+00:00\",\"description\":\"Cemig (CMIG4) distribuir\u00e1 424 mi em JCP, CEO de Via (VIIA3) diz que varejista n\u00e3o est\u00e1 em crise e BTG recomenda compra de Vibra (VBBR3)\",\"breadcrumb\":{\"@id\":\"https:\/\/www.suno.com.br\/noticias\/radar-cemig-cmig4-via-viia3-vibra-vbbr3\/#breadcrumb\"},\"inLanguage\":\"pt-BR\",\"potentialAction\":[{\"@type\":\"ReadAction\",\"target\":[\"https:\/\/www.suno.com.br\/noticias\/radar-cemig-cmig4-via-viia3-vibra-vbbr3\/\"]}]},{\"@type\":\"ImageObject\",\"inLanguage\":\"pt-BR\",\"@id\":\"https:\/\/www.suno.com.br\/noticias\/radar-cemig-cmig4-via-viia3-vibra-vbbr3\/#primaryimage\",\"url\":\"https:\/\/files.sunoresearch.com.br\/n\/uploads\/2019\/08\/d8b09261-cemig-jpg.webp\",\"contentUrl\":\"https:\/\/files.sunoresearch.com.br\/n\/uploads\/2019\/08\/d8b09261-cemig-jpg.webp\",\"width\":1380,\"height\":920,\"caption\":\"Cemig (CMIG4). Foto: Divulga\u00e7\u00e3o\"},{\"@type\":\"BreadcrumbList\",\"@id\":\"https:\/\/www.suno.com.br\/noticias\/radar-cemig-cmig4-via-viia3-vibra-vbbr3\/#breadcrumb\",\"itemListElement\":[{\"@type\":\"ListItem\",\"position\":1,\"name\":\"Not\u00edcias\",\"item\":\"https:\/\/www.suno.com.br\/noticias\/\"},{\"@type\":\"ListItem\",\"position\":2,\"name\":\"Neg\u00f3cios\",\"item\":\"https:\/\/www.suno.com.br\/noticias\/negocios\/\"},{\"@type\":\"ListItem\",\"position\":3,\"name\":\"Radar: Cemig (CMIG4) distribuir\u00e1 424 mi em JCP, CEO de Via (VIIA3) diz que varejista n\u00e3o est\u00e1 em crise e BTG recomenda compra de Vibra (VBBR3)\"}]},{\"@type\":\"WebSite\",\"@id\":\"https:\/\/www.suno.com.br\/noticias\/#website\",\"url\":\"https:\/\/www.suno.com.br\/noticias\/\",\"name\":\"Suno Not\u00edcias\",\"description\":\"Seu portal de informa\u00e7\u00e3o sobre o mundo dos investimentos\",\"publisher\":{\"@id\":\"https:\/\/www.suno.com.br\/noticias\/#organization\"},\"potentialAction\":[{\"@type\":\"SearchAction\",\"target\":{\"@type\":\"EntryPoint\",\"urlTemplate\":\"https:\/\/www.suno.com.br\/noticias\/?s={search_term_string}\"},\"query-input\":{\"@type\":\"PropertyValueSpecification\",\"valueRequired\":true,\"valueName\":\"search_term_string\"}}],\"inLanguage\":\"pt-BR\"},{\"@type\":\"Organization\",\"@id\":\"https:\/\/www.suno.com.br\/noticias\/#organization\",\"name\":\"Suno Not\u00edcias\",\"url\":\"https:\/\/www.suno.com.br\/noticias\/\",\"logo\":{\"@type\":\"ImageObject\",\"inLanguage\":\"pt-BR\",\"@id\":\"https:\/\/www.suno.com.br\/noticias\/#\/schema\/logo\/image\/\",\"url\":\"https:\/\/files.sunoresearch.com.br\/n\/uploads\/2021\/09\/suno-logo.png\",\"contentUrl\":\"https:\/\/files.sunoresearch.com.br\/n\/uploads\/2021\/09\/suno-logo.png\",\"width\":180,\"height\":180,\"caption\":\"Suno Not\u00edcias\"},\"image\":{\"@id\":\"https:\/\/www.suno.com.br\/noticias\/#\/schema\/logo\/image\/\"},\"sameAs\":[\"https:\/\/facebook.com\/sunoresearch\",\"https:\/\/x.com\/sunoresearch\",\"https:\/\/www.instagram.com\/suno\",\"https:\/\/www.linkedin.com\/company\/suno-research\/\",\"https:\/\/www.youtube.com\/c\/sunoresearch\"]},{\"@type\":\"Person\",\"@id\":\"https:\/\/www.suno.com.br\/noticias\/#\/schema\/person\/450c455ecff319bab1f1a0e643451479\",\"name\":\"Vanessa Loiola\",\"image\":{\"@type\":\"ImageObject\",\"inLanguage\":\"pt-BR\",\"@id\":\"https:\/\/www.suno.com.br\/noticias\/#\/schema\/person\/image\/\",\"url\":\"https:\/\/secure.gravatar.com\/avatar\/8b41117f9780831919eb38da349c3f20?s=96&r=g\",\"contentUrl\":\"https:\/\/secure.gravatar.com\/avatar\/8b41117f9780831919eb38da349c3f20?s=96&r=g\",\"caption\":\"Vanessa Loiola\"},\"description\":\"Jornalista formada pela PUC-SP, com experi\u00eancia na cobertura das editorias de economia, finan\u00e7as, bolsa de valores, pol\u00edtica, energia solar e entretenimento. Com passagem pela BM&amp;C News e RedeTV!\",\"url\":\"https:\/\/www.suno.com.br\/noticias\/author\/vanessal-loiolagmail-com\/\"}]}<\/script>\n<!-- \/ Yoast SEO plugin. -->","yoast_head_json":{"title":"Radar: Cemig (CMIG4) distribuir\u00e1 424 mi em JCP, CEO de Via (VIIA3) diz que varejista n\u00e3o est\u00e1 em crise","description":"Cemig (CMIG4) distribuir\u00e1 424 mi em JCP, CEO de Via (VIIA3) diz que varejista n\u00e3o est\u00e1 em crise e BTG recomenda compra de Vibra (VBBR3)","robots":{"index":"index","follow":"follow","max-snippet":"max-snippet:-1","max-image-preview":"max-image-preview:large","max-video-preview":"max-video-preview:-1"},"canonical":"https:\/\/www.suno.com.br\/noticias\/radar-cemig-cmig4-via-viia3-vibra-vbbr3\/","og_locale":"pt_BR","og_type":"article","og_title":"Radar: Cemig (CMIG4) distribuir\u00e1 424 mi em JCP, CEO de Via (VIIA3) diz que varejista n\u00e3o est\u00e1 em crise","og_description":"Cemig (CMIG4) distribuir\u00e1 424 mi em JCP, CEO de Via (VIIA3) diz que varejista n\u00e3o est\u00e1 em crise e BTG recomenda compra de Vibra (VBBR3)","og_url":"https:\/\/www.suno.com.br\/noticias\/radar-cemig-cmig4-via-viia3-vibra-vbbr3\/","og_site_name":"Suno Not\u00edcias","article_publisher":"https:\/\/facebook.com\/sunoresearch","og_image":[{"width":1380,"height":920,"url":"https:\/\/files.sunoresearch.com.br\/n\/uploads\/2019\/08\/d8b09261-cemig.jpg","type":"image\/jpeg"}],"author":"Vanessa Loiola","twitter_card":"summary_large_image","twitter_creator":"@sunoresearch","twitter_site":"@sunoresearch","twitter_misc":{"Escrito por":"Vanessa Loiola","Est. tempo de leitura":"6 minutos"},"schema":{"@context":"https:\/\/schema.org","@graph":[{"@type":"NewsArticle","@id":"https:\/\/www.suno.com.br\/noticias\/radar-cemig-cmig4-via-viia3-vibra-vbbr3\/#article","isPartOf":{"@id":"https:\/\/www.suno.com.br\/noticias\/radar-cemig-cmig4-via-viia3-vibra-vbbr3\/"},"author":{"name":"Vanessa Loiola","@id":"https:\/\/www.suno.com.br\/noticias\/#\/schema\/person\/450c455ecff319bab1f1a0e643451479"},"headline":"Radar: Cemig (CMIG4) distribuir\u00e1 424 mi em JCP, CEO de Via (VIIA3) diz que varejista n\u00e3o est\u00e1 em crise e BTG recomenda compra de Vibra (VBBR3)","datePublished":"2023-03-23T00:34:48+00:00","dateModified":"2023-03-23T00:34:58+00:00","mainEntityOfPage":{"@id":"https:\/\/www.suno.com.br\/noticias\/radar-cemig-cmig4-via-viia3-vibra-vbbr3\/"},"wordCount":1045,"publisher":{"@id":"https:\/\/www.suno.com.br\/noticias\/#organization"},"image":{"@id":"https:\/\/www.suno.com.br\/noticias\/radar-cemig-cmig4-via-viia3-vibra-vbbr3\/#primaryimage"},"thumbnailUrl":"https:\/\/files.sunoresearch.com.br\/n\/uploads\/2019\/08\/d8b09261-cemig-jpg.webp","keywords":["Cemig (CMIG3\/CMIG4)","Copel (CPLE3\/CPLE5\/CPLE6)","Via (VIIA3)","Vibra Energia (VBBR3)"],"articleSection":["Neg\u00f3cios"],"inLanguage":"pt-BR"},{"@type":"WebPage","@id":"https:\/\/www.suno.com.br\/noticias\/radar-cemig-cmig4-via-viia3-vibra-vbbr3\/","url":"https:\/\/www.suno.com.br\/noticias\/radar-cemig-cmig4-via-viia3-vibra-vbbr3\/","name":"Radar: Cemig (CMIG4) distribuir\u00e1 424 mi em JCP, CEO de Via (VIIA3) diz que varejista n\u00e3o est\u00e1 em crise","isPartOf":{"@id":"https:\/\/www.suno.com.br\/noticias\/#website"},"primaryImageOfPage":{"@id":"https:\/\/www.suno.com.br\/noticias\/radar-cemig-cmig4-via-viia3-vibra-vbbr3\/#primaryimage"},"image":{"@id":"https:\/\/www.suno.com.br\/noticias\/radar-cemig-cmig4-via-viia3-vibra-vbbr3\/#primaryimage"},"thumbnailUrl":"https:\/\/files.sunoresearch.com.br\/n\/uploads\/2019\/08\/d8b09261-cemig-jpg.webp","datePublished":"2023-03-23T00:34:48+00:00","dateModified":"2023-03-23T00:34:58+00:00","description":"Cemig (CMIG4) distribuir\u00e1 424 mi em JCP, CEO de Via (VIIA3) diz que varejista n\u00e3o est\u00e1 em crise e BTG recomenda compra de Vibra (VBBR3)","breadcrumb":{"@id":"https:\/\/www.suno.com.br\/noticias\/radar-cemig-cmig4-via-viia3-vibra-vbbr3\/#breadcrumb"},"inLanguage":"pt-BR","potentialAction":[{"@type":"ReadAction","target":["https:\/\/www.suno.com.br\/noticias\/radar-cemig-cmig4-via-viia3-vibra-vbbr3\/"]}]},{"@type":"ImageObject","inLanguage":"pt-BR","@id":"https:\/\/www.suno.com.br\/noticias\/radar-cemig-cmig4-via-viia3-vibra-vbbr3\/#primaryimage","url":"https:\/\/files.sunoresearch.com.br\/n\/uploads\/2019\/08\/d8b09261-cemig-jpg.webp","contentUrl":"https:\/\/files.sunoresearch.com.br\/n\/uploads\/2019\/08\/d8b09261-cemig-jpg.webp","width":1380,"height":920,"caption":"Cemig (CMIG4). Foto: Divulga\u00e7\u00e3o"},{"@type":"BreadcrumbList","@id":"https:\/\/www.suno.com.br\/noticias\/radar-cemig-cmig4-via-viia3-vibra-vbbr3\/#breadcrumb","itemListElement":[{"@type":"ListItem","position":1,"name":"Not\u00edcias","item":"https:\/\/www.suno.com.br\/noticias\/"},{"@type":"ListItem","position":2,"name":"Neg\u00f3cios","item":"https:\/\/www.suno.com.br\/noticias\/negocios\/"},{"@type":"ListItem","position":3,"name":"Radar: Cemig (CMIG4) distribuir\u00e1 424 mi em JCP, CEO de Via (VIIA3) diz que varejista n\u00e3o est\u00e1 em crise e BTG recomenda compra de Vibra (VBBR3)"}]},{"@type":"WebSite","@id":"https:\/\/www.suno.com.br\/noticias\/#website","url":"https:\/\/www.suno.com.br\/noticias\/","name":"Suno Not\u00edcias","description":"Seu portal de informa\u00e7\u00e3o sobre o mundo dos investimentos","publisher":{"@id":"https:\/\/www.suno.com.br\/noticias\/#organization"},"potentialAction":[{"@type":"SearchAction","target":{"@type":"EntryPoint","urlTemplate":"https:\/\/www.suno.com.br\/noticias\/?s={search_term_string}"},"query-input":{"@type":"PropertyValueSpecification","valueRequired":true,"valueName":"search_term_string"}}],"inLanguage":"pt-BR"},{"@type":"Organization","@id":"https:\/\/www.suno.com.br\/noticias\/#organization","name":"Suno Not\u00edcias","url":"https:\/\/www.suno.com.br\/noticias\/","logo":{"@type":"ImageObject","inLanguage":"pt-BR","@id":"https:\/\/www.suno.com.br\/noticias\/#\/schema\/logo\/image\/","url":"https:\/\/files.sunoresearch.com.br\/n\/uploads\/2021\/09\/suno-logo.png","contentUrl":"https:\/\/files.sunoresearch.com.br\/n\/uploads\/2021\/09\/suno-logo.png","width":180,"height":180,"caption":"Suno Not\u00edcias"},"image":{"@id":"https:\/\/www.suno.com.br\/noticias\/#\/schema\/logo\/image\/"},"sameAs":["https:\/\/facebook.com\/sunoresearch","https:\/\/x.com\/sunoresearch","https:\/\/www.instagram.com\/suno","https:\/\/www.linkedin.com\/company\/suno-research\/","https:\/\/www.youtube.com\/c\/sunoresearch"]},{"@type":"Person","@id":"https:\/\/www.suno.com.br\/noticias\/#\/schema\/person\/450c455ecff319bab1f1a0e643451479","name":"Vanessa Loiola","image":{"@type":"ImageObject","inLanguage":"pt-BR","@id":"https:\/\/www.suno.com.br\/noticias\/#\/schema\/person\/image\/","url":"https:\/\/secure.gravatar.com\/avatar\/8b41117f9780831919eb38da349c3f20?s=96&r=g","contentUrl":"https:\/\/secure.gravatar.com\/avatar\/8b41117f9780831919eb38da349c3f20?s=96&r=g","caption":"Vanessa Loiola"},"description":"Jornalista formada pela PUC-SP, com experi\u00eancia na cobertura das editorias de economia, finan\u00e7as, bolsa de valores, pol\u00edtica, energia solar e entretenimento. Com passagem pela BM&amp;C News e RedeTV!","url":"https:\/\/www.suno.com.br\/noticias\/author\/vanessal-loiolagmail-com\/"}]}},"default_loop_html":"<div class=\"cardsPage__listCard__boxs\"><div class=\"cardsPage__listCard__boxs__img\"><a href=\"https:\/\/www.suno.com.br\/noticias\/radar-cemig-cmig4-via-viia3-vibra-vbbr3\/\"><img class=\"mask\" src=\"https:\/\/www.suno.com.br\/noticias\/wp-content\/themes\/suno\/resources\/images\/spotlight\/spotlight1img\/bg-mask.png\" alt=\"Image Mask\"\/><img src=\"https:\/\/files.sunoresearch.com.br\/n\/uploads\/2019\/08\/d8b09261-cemig-400x200.webp\" alt=\"Radar: Cemig (CMIG4) distribuir\u00e1 424 mi em JCP, CEO de Via (VIIA3) diz que varejista n\u00e3o est\u00e1 em crise e BTG recomenda compra de Vibra (VBBR3)\"\/><\/a><span class=\"spotlightCategory\"><a href=\"https:\/\/www.suno.com.br\/noticias\/negocios\/\">Neg\u00f3cios<\/a><\/span><\/div><div class=\"cardsPage__listCard__boxs__content\"><a href=\"https:\/\/www.suno.com.br\/noticias\/radar-cemig-cmig4-via-viia3-vibra-vbbr3\/\"><h2 class=\"content__title\">Radar: Cemig (CMIG4) distribuir\u00e1 424 mi em JCP, CEO de Via (VIIA3) diz que varejista n\u00e3o est\u00e1 em crise e BTG recomenda compra de Vibra (VBBR3)<\/h2><\/a><div class=\"newsContent__article__meta\"><div class=\"newsContent__article__meta__authorBox\"><a href=\"https:\/\/www.suno.com.br\/noticias\/author\/vanessal-loiolagmail-com\/\" class=\"authorBox__avatar noMobi\"><img src=\"https:\/\/secure.gravatar.com\/avatar\/8b41117f9780831919eb38da349c3f20?s=96&#038;r=g\" alt=\"Vanessa Loiola\"><\/a><div class=\"authorBox__name\"><span>por\n\t\t\t<a href=\"https:\/\/www.suno.com.br\/noticias\/author\/vanessal-loiolagmail-com\/\"><span itemprop=\"author\">Vanessa Loiola<\/span><\/a><\/span><time datetime=\"2023-03-22T21:34:48-03:00\" itemprop=\"datePublished\">22\/03\/2023 21:34<\/time><\/div><\/div><\/div><\/div><\/div>","single_layout":"posts","amp_enabled":true,"_links":{"self":[{"href":"https:\/\/www.suno.com.br\/noticias\/wp-json\/wp\/v2\/posts\/379655"}],"collection":[{"href":"https:\/\/www.suno.com.br\/noticias\/wp-json\/wp\/v2\/posts"}],"about":[{"href":"https:\/\/www.suno.com.br\/noticias\/wp-json\/wp\/v2\/types\/post"}],"author":[{"embeddable":true,"href":"https:\/\/www.suno.com.br\/noticias\/wp-json\/wp\/v2\/users\/227"}],"replies":[{"embeddable":true,"href":"https:\/\/www.suno.com.br\/noticias\/wp-json\/wp\/v2\/comments?post=379655"}],"version-history":[{"count":3,"href":"https:\/\/www.suno.com.br\/noticias\/wp-json\/wp\/v2\/posts\/379655\/revisions"}],"predecessor-version":[{"id":379666,"href":"https:\/\/www.suno.com.br\/noticias\/wp-json\/wp\/v2\/posts\/379655\/revisions\/379666"}],"wp:featuredmedia":[{"embeddable":true,"href":"https:\/\/www.suno.com.br\/noticias\/wp-json\/wp\/v2\/media\/34705"}],"wp:attachment":[{"href":"https:\/\/www.suno.com.br\/noticias\/wp-json\/wp\/v2\/media?parent=379655"}],"wp:term":[{"taxonomy":"category","embeddable":true,"href":"https:\/\/www.suno.com.br\/noticias\/wp-json\/wp\/v2\/categories?post=379655"},{"taxonomy":"post_tag","embeddable":true,"href":"https:\/\/www.suno.com.br\/noticias\/wp-json\/wp\/v2\/tags?post=379655"},{"taxonomy":"suno_strategy","embeddable":true,"href":"https:\/\/www.suno.com.br\/noticias\/wp-json\/wp\/v2\/suno_strategy?post=379655"}],"curies":[{"name":"wp","href":"https:\/\/api.w.org\/{rel}","templated":true}]}}