{"id":37957,"date":"2019-09-18T09:58:22","date_gmt":"2019-09-18T12:58:22","guid":{"rendered":"https:\/\/www.suno.com.br\/noticias\/?p=37957"},"modified":"2019-09-18T10:00:30","modified_gmt":"2019-09-18T13:00:30","slug":"cvm-debate-recompra-debentures-com-premio","status":"publish","type":"post","link":"https:\/\/www.suno.com.br\/noticias\/cvm-debate-recompra-debentures-com-premio\/","title":{"rendered":"CVM debate a recompra de deb\u00eantures com pr\u00eamio"},"content":{"rendered":"<p>A <a href=\"https:\/\/www.suno.com.br\/artigos\/cvm\/\"><strong>Comiss\u00e3o de Valores Mobili\u00e1rios (CVM)<\/strong><\/a> levantou um debate para a defini\u00e7\u00e3o de novas regras para a recompra de <a href=\"https:\/\/www.suno.com.br\/artigos\/o-que-sao-debentures\/\">deb\u00eantures<\/a>.<\/p>\t<div class=\"wrapper-featured-image\">\n\t\t<figure class=\"spotlightImg\">\n\n\t\t\t<picture>\n\t\t\t\t<source media=\"(max-width: 768px)\" srcset=\"https:\/\/files.sunoresearch.com.br\/n\/uploads\/2019\/09\/563ccdd8-cvm-400x200.webp\">\n\t\t\t\t<img loading=\"lazy\" decoding=\"async\" class=\"newsContent__article__imgCapa lazyloadDisabled newsContent__article__imgCapa--noCaption\" src=\"https:\/\/files.sunoresearch.com.br\/n\/uploads\/2019\/09\/563ccdd8-cvm-800x450.webp\" width=\"800\" height=\"450\" alt=\"CVM debate a recompra de deb\u00eantures com pr\u00eamio\" fetchpriority=high \/>\n\t\t\t<\/picture>\n\n\t\t\t<figcaption class=\"wp-caption-text wp-caption-text--hide\">CVM quer mudar regras do day trade e as outras 5 not\u00edcias mais lidas da semana (Foto: Reprodu\u00e7\u00e3o)<\/figcaption>\n\t\t<\/figure>\n\t<\/div>\n\n\n\n<p>A Comiss\u00e3o avalia junto ao mercado a possibilidade de empresas recomprarem <strong>deb\u00eantures<\/strong> pagando um pr\u00eamio aos detentores dos pap\u00e9is.<\/p>\n<p>Conforme a legisla\u00e7\u00e3o de 2011, a <a href=\"https:\/\/www.suno.com.br\/artigos\/lei-das-sa\/\">Lei das Sociedades por A\u00e7\u00f5es<\/a> (S.A) passou a autorizar a recompra das deb\u00eantures, mas foi determinado que nas ofertas acima do valor nominal do papel, as companhias deveriam seguir par\u00e2metros determinados pela <strong>CVM<\/strong>.<\/p>\n<p>O debate sobre a regula\u00e7\u00e3o somente acontece agora, pois o mercado secund\u00e1rio de deb\u00eantures sempre foi movimentado em menor escala no <strong>Brasil<\/strong>.<\/p>\n<p><a href=\"https:\/\/www.suno.com.br\/noticias\/marfrig-debentures-emissao-carne-vegetal-acao\/\">Confira: Marfrig informou que emitir\u00e1 R$ 250 milh\u00f5es em deb\u00eantures<\/a><\/p>\n<p>Entretanto, de um ano e meio atr\u00e1s at\u00e9 atualmente, o interesse dos investidores por <strong>deb\u00eantures<\/strong> aumentou, elevando a liquidez do produto. A <strong>CVM<\/strong> identificou a oportunidade para tratar o assunto.<\/p>\n<p>\u201cA audi\u00eancia p\u00fablica faz parte de estudos e medidas que estamos promovendo para aumentar a liquidez do mercado secund\u00e1rio desses t\u00edtulos\u201d, afirmou Raphael Ac\u00e1cio, gerente de desenvolvimento de normas da <strong>CVM<\/strong>.<\/p>\n\t<p>\n\t\t<a href=\"https:\/\/lp.suno.com.br\/asset\/fundos\/suno-fiagro-snag11\/\" target=\"_blank\" data-element=\"shortcode-suno-banner\" title=\"Banner SUNO, clique e saiba mais\">\n\t\t\t<picture>\n\t\t\t\t<source media=\"(max-width: 500px)\" srcset=\"https:\/\/files.sunoresearch.com.br\/n\/uploads\/2024\/03\/400x300-Mobile-Artigos-1_SNAG.png\">\n\t\t\t\t<img class=\"newsContent__article__imgCapa newsContent__article__imgCapa--banner\"\n\t\t\t\t\tsrc=\"https:\/\/files.sunoresearch.com.br\/n\/uploads\/2024\/03\/1420x240-Banner-Artigos-1-_-Banner-Materias-1_SNAG.png\"\n\t\t\t\t\tdata-promo-id=\"364416\"\t\t\t\t\t\t\t\t\t\twidth='1420' height='240'\t\t\t\t\talt=\"https:\/\/files.sunoresearch.com.br\/n\/uploads\/2024\/03\/1420x240-Banner-Artigos-1-_-Banner-Materias-1_SNAG.png\"\n\t\t\t\t>\n\t\t\t<\/picture>\n\t\t<\/a>\n\t<\/p>\n\n\n<p>A ideia \u00e9 que as medidas v\u00e3o fomentar a realiza\u00e7\u00e3o de novas e mais frequentes emiss\u00f5es, pois dar\u00e1 maior flexibilidade para as companhias aproveitarem oportunidades de mercado e promoverem uma governan\u00e7a mais eficiente em suas estruturas de capital.<\/p>\n<p>A recompra faz sentido quando a empresa identificar que nas condi\u00e7\u00f5es atuais de mercado consegue arrecadar a um custo mais baixo do que o obtido em emiss\u00f5es que est\u00e3o em circula\u00e7\u00e3o. \u00c9 uma maneira de baratear o custo da d\u00edvida.<\/p>\n<h2>Proposta da CVM para as deb\u00eantures \u00e9 vista com bons olhos<\/h2>\n<p>As propostas da <strong>CVM<\/strong> foram bem vistas pelo mercado. As pr\u00e1ticas est\u00e3o alinhadas com o comportamento internacional. Entretanto, s\u00e3o aguardados coment\u00e1rios e novas sugest\u00f5es at\u00e9 o dia 4 de outubro.<\/p>\n<p>A <strong>autarquia<\/strong> prop\u00f5e que as deb\u00eantures que forem recompradas pelas empresas, possam ser canceladas, vendidas ou mantidas em tesouraria. Nesse \u00faltimo caso, abriria a possibilidade de venda do papel no mercado em uma outra oportunidade.<\/p>\n<p>Bruno Tuca, s\u00f3cio do escrit\u00f3rio Mattos Filho, afirma que a regula\u00e7\u00e3o \u00e9 importante para estimular o mercado e prev\u00ea que poder\u00e1 haver uma tend\u00eancia de recompras nas <strong>deb\u00eantures incentivadas<\/strong> no segmento de infraestrutura.<\/p>\n<p><a href=\"https:\/\/www.suno.com.br\/noticias\/cvm-revoga-suspensao-oferta-debentures-petrobras\/\">Veja tamb\u00e9m: CVM revoga suspens\u00e3o de oferta de deb\u00eantures da Petrobras<\/a><\/p>\n<p>Por\u00e9m, por lei, esses pap\u00e9is s\u00f3 podem ser recomprados dois anos ap\u00f3s a emiss\u00e3o. Algumas opera\u00e7\u00f5es, no entanto, j\u00e1 superaram esse prazo, mas que poderiam ter praticado a recompra, caso n\u00e3o fosse a aus\u00eancia da <strong>regula\u00e7\u00e3o<\/strong>.<\/p>\n<p>\u201cQuando a nova regra da CVM sair, \u00e9 poss\u00edvel que surjam diversas opera\u00e7\u00f5es com essas <strong>deb\u00eantures<\/strong>, o que ser\u00e1 positivo para o mercado\u201d, afirmou Tuca.<\/p>\n","protected":false},"excerpt":{"rendered":"<p>A Comiss\u00e3o de Valores Mobili\u00e1rios (CVM) levantou um debate para a defini\u00e7\u00e3o de novas regras para a recompra de deb\u00eantures. CVM quer mudar regras do day trade e as outras 5 not\u00edcias mais lidas da semana (Foto: Reprodu\u00e7\u00e3o) A Comiss\u00e3o avalia junto ao mercado a possibilidade de empresas recomprarem deb\u00eantures pagando um pr\u00eamio aos detentores [&hellip;]<\/p>\n","protected":false},"author":24,"featured_media":36624,"comment_status":"closed","ping_status":"closed","sticky":false,"template":"","format":"standard","meta":[],"categories":[64],"tags":[902,1151,1560],"suno_strategy":[],"class_list":["post-37957","post","type-post","status-publish","format-standard","has-post-thumbnail","hentry","category-negocios","tag-comissao-de-valores-mobiliarios-cvm","tag-debentures","tag-debentures-incentivadas"],"yoast_head":"<!-- This site is optimized with the Yoast SEO plugin v24.4 - https:\/\/yoast.com\/wordpress\/plugins\/seo\/ -->\n<title>CVM debate a recompra de deb\u00eantures com pr\u00eamio<\/title>\n<meta name=\"description\" content=\"A Comiss\u00e3o de Valores Mobili\u00e1rios (CVM) levantou um debate para a defini\u00e7\u00e3o de novas regras para a recompra de deb\u00eantures. Saiba mais.\" \/>\n<meta name=\"robots\" content=\"index, follow, max-snippet:-1, max-image-preview:large, max-video-preview:-1\" \/>\n<link rel=\"canonical\" href=\"https:\/\/www.suno.com.br\/noticias\/cvm-debate-recompra-debentures-com-premio\/\" \/>\n<meta property=\"og:locale\" content=\"pt_BR\" \/>\n<meta property=\"og:type\" content=\"article\" \/>\n<meta property=\"og:title\" content=\"CVM debate a recompra de deb\u00eantures com pr\u00eamio\" \/>\n<meta property=\"og:description\" content=\"A Comiss\u00e3o de Valores Mobili\u00e1rios (CVM) levantou um debate para a defini\u00e7\u00e3o de novas regras para a recompra de deb\u00eantures. Saiba mais.\" \/>\n<meta property=\"og:url\" content=\"https:\/\/www.suno.com.br\/noticias\/cvm-debate-recompra-debentures-com-premio\/\" \/>\n<meta property=\"og:site_name\" content=\"Suno Not\u00edcias\" \/>\n<meta property=\"article:publisher\" content=\"https:\/\/facebook.com\/sunoresearch\" \/>\n<meta property=\"og:image\" content=\"https:\/\/files.sunoresearch.com.br\/n\/uploads\/2019\/09\/563ccdd8-cvm.jpg\" \/>\n\t<meta property=\"og:image:width\" content=\"1024\" \/>\n\t<meta property=\"og:image:height\" content=\"684\" \/>\n\t<meta property=\"og:image:type\" content=\"image\/jpeg\" \/>\n<meta name=\"author\" content=\"Jader Lazarini\" \/>\n<meta name=\"twitter:card\" content=\"summary_large_image\" \/>\n<meta name=\"twitter:creator\" content=\"@sunoresearch\" \/>\n<meta name=\"twitter:site\" content=\"@sunoresearch\" \/>\n<meta name=\"twitter:label1\" content=\"Escrito por\" \/>\n\t<meta name=\"twitter:data1\" content=\"Jader Lazarini\" \/>\n\t<meta name=\"twitter:label2\" content=\"Est. tempo de leitura\" \/>\n\t<meta name=\"twitter:data2\" content=\"2 minutos\" \/>\n<script type=\"application\/ld+json\" class=\"yoast-schema-graph\">{\"@context\":\"https:\/\/schema.org\",\"@graph\":[{\"@type\":\"NewsArticle\",\"@id\":\"https:\/\/www.suno.com.br\/noticias\/cvm-debate-recompra-debentures-com-premio\/#article\",\"isPartOf\":{\"@id\":\"https:\/\/www.suno.com.br\/noticias\/cvm-debate-recompra-debentures-com-premio\/\"},\"author\":{\"name\":\"Jader Lazarini\",\"@id\":\"https:\/\/www.suno.com.br\/noticias\/#\/schema\/person\/918d79de1f0281f01599b93f9ea6e23f\"},\"headline\":\"CVM debate a recompra de deb\u00eantures com pr\u00eamio\",\"datePublished\":\"2019-09-18T12:58:22+00:00\",\"dateModified\":\"2019-09-18T13:00:30+00:00\",\"mainEntityOfPage\":{\"@id\":\"https:\/\/www.suno.com.br\/noticias\/cvm-debate-recompra-debentures-com-premio\/\"},\"wordCount\":498,\"publisher\":{\"@id\":\"https:\/\/www.suno.com.br\/noticias\/#organization\"},\"image\":{\"@id\":\"https:\/\/www.suno.com.br\/noticias\/cvm-debate-recompra-debentures-com-premio\/#primaryimage\"},\"thumbnailUrl\":\"https:\/\/files.sunoresearch.com.br\/n\/uploads\/2019\/09\/563ccdd8-cvm-jpg.webp\",\"keywords\":[\"Comiss\u00e3o de Valores Mobili\u00e1rios (CVM)\",\"deb\u00eantures\",\"deb\u00eantures incentivadas\"],\"articleSection\":[\"Neg\u00f3cios\"],\"inLanguage\":\"pt-BR\"},{\"@type\":\"WebPage\",\"@id\":\"https:\/\/www.suno.com.br\/noticias\/cvm-debate-recompra-debentures-com-premio\/\",\"url\":\"https:\/\/www.suno.com.br\/noticias\/cvm-debate-recompra-debentures-com-premio\/\",\"name\":\"CVM debate a recompra de deb\u00eantures com pr\u00eamio\",\"isPartOf\":{\"@id\":\"https:\/\/www.suno.com.br\/noticias\/#website\"},\"primaryImageOfPage\":{\"@id\":\"https:\/\/www.suno.com.br\/noticias\/cvm-debate-recompra-debentures-com-premio\/#primaryimage\"},\"image\":{\"@id\":\"https:\/\/www.suno.com.br\/noticias\/cvm-debate-recompra-debentures-com-premio\/#primaryimage\"},\"thumbnailUrl\":\"https:\/\/files.sunoresearch.com.br\/n\/uploads\/2019\/09\/563ccdd8-cvm-jpg.webp\",\"datePublished\":\"2019-09-18T12:58:22+00:00\",\"dateModified\":\"2019-09-18T13:00:30+00:00\",\"description\":\"A Comiss\u00e3o de Valores Mobili\u00e1rios (CVM) levantou um debate para a defini\u00e7\u00e3o de novas regras para a recompra de deb\u00eantures. Saiba mais.\",\"breadcrumb\":{\"@id\":\"https:\/\/www.suno.com.br\/noticias\/cvm-debate-recompra-debentures-com-premio\/#breadcrumb\"},\"inLanguage\":\"pt-BR\",\"potentialAction\":[{\"@type\":\"ReadAction\",\"target\":[\"https:\/\/www.suno.com.br\/noticias\/cvm-debate-recompra-debentures-com-premio\/\"]}]},{\"@type\":\"ImageObject\",\"inLanguage\":\"pt-BR\",\"@id\":\"https:\/\/www.suno.com.br\/noticias\/cvm-debate-recompra-debentures-com-premio\/#primaryimage\",\"url\":\"https:\/\/files.sunoresearch.com.br\/n\/uploads\/2019\/09\/563ccdd8-cvm-jpg.webp\",\"contentUrl\":\"https:\/\/files.sunoresearch.com.br\/n\/uploads\/2019\/09\/563ccdd8-cvm-jpg.webp\",\"width\":1024,\"height\":684,\"caption\":\"CVM quer mudar regras do day trade e as outras 5 not\u00edcias mais lidas da semana (Foto: Reprodu\u00e7\u00e3o)\"},{\"@type\":\"BreadcrumbList\",\"@id\":\"https:\/\/www.suno.com.br\/noticias\/cvm-debate-recompra-debentures-com-premio\/#breadcrumb\",\"itemListElement\":[{\"@type\":\"ListItem\",\"position\":1,\"name\":\"Not\u00edcias\",\"item\":\"https:\/\/www.suno.com.br\/noticias\/\"},{\"@type\":\"ListItem\",\"position\":2,\"name\":\"Neg\u00f3cios\",\"item\":\"https:\/\/www.suno.com.br\/noticias\/negocios\/\"},{\"@type\":\"ListItem\",\"position\":3,\"name\":\"CVM debate a recompra de deb\u00eantures com pr\u00eamio\"}]},{\"@type\":\"WebSite\",\"@id\":\"https:\/\/www.suno.com.br\/noticias\/#website\",\"url\":\"https:\/\/www.suno.com.br\/noticias\/\",\"name\":\"Suno Not\u00edcias\",\"description\":\"Seu portal de informa\u00e7\u00e3o sobre o mundo dos investimentos\",\"publisher\":{\"@id\":\"https:\/\/www.suno.com.br\/noticias\/#organization\"},\"potentialAction\":[{\"@type\":\"SearchAction\",\"target\":{\"@type\":\"EntryPoint\",\"urlTemplate\":\"https:\/\/www.suno.com.br\/noticias\/?s={search_term_string}\"},\"query-input\":{\"@type\":\"PropertyValueSpecification\",\"valueRequired\":true,\"valueName\":\"search_term_string\"}}],\"inLanguage\":\"pt-BR\"},{\"@type\":\"Organization\",\"@id\":\"https:\/\/www.suno.com.br\/noticias\/#organization\",\"name\":\"Suno Not\u00edcias\",\"url\":\"https:\/\/www.suno.com.br\/noticias\/\",\"logo\":{\"@type\":\"ImageObject\",\"inLanguage\":\"pt-BR\",\"@id\":\"https:\/\/www.suno.com.br\/noticias\/#\/schema\/logo\/image\/\",\"url\":\"https:\/\/files.sunoresearch.com.br\/n\/uploads\/2021\/09\/suno-logo.png\",\"contentUrl\":\"https:\/\/files.sunoresearch.com.br\/n\/uploads\/2021\/09\/suno-logo.png\",\"width\":180,\"height\":180,\"caption\":\"Suno Not\u00edcias\"},\"image\":{\"@id\":\"https:\/\/www.suno.com.br\/noticias\/#\/schema\/logo\/image\/\"},\"sameAs\":[\"https:\/\/facebook.com\/sunoresearch\",\"https:\/\/x.com\/sunoresearch\",\"https:\/\/www.instagram.com\/suno\",\"https:\/\/www.linkedin.com\/company\/suno-research\/\",\"https:\/\/www.youtube.com\/c\/sunoresearch\"]},{\"@type\":\"Person\",\"@id\":\"https:\/\/www.suno.com.br\/noticias\/#\/schema\/person\/918d79de1f0281f01599b93f9ea6e23f\",\"name\":\"Jader Lazarini\",\"image\":{\"@type\":\"ImageObject\",\"inLanguage\":\"pt-BR\",\"@id\":\"https:\/\/www.suno.com.br\/noticias\/#\/schema\/person\/image\/\",\"url\":\"https:\/\/secure.gravatar.com\/avatar\/3c1ad8caa51589841baeb923fcddea97?s=96&r=g\",\"contentUrl\":\"https:\/\/secure.gravatar.com\/avatar\/3c1ad8caa51589841baeb923fcddea97?s=96&r=g\",\"caption\":\"Jader Lazarini\"},\"description\":\"Jader Lazarini escreve sobre investimentos, finan\u00e7as, economia e neg\u00f3cios. \u00c9 bacharel em Rela\u00e7\u00f5es Internacionais e analista CNPI (2619).\",\"url\":\"https:\/\/www.suno.com.br\/noticias\/author\/jader-lazarini\/\"}]}<\/script>\n<!-- \/ Yoast SEO plugin. -->","yoast_head_json":{"title":"CVM debate a recompra de deb\u00eantures com pr\u00eamio","description":"A Comiss\u00e3o de Valores Mobili\u00e1rios (CVM) levantou um debate para a defini\u00e7\u00e3o de novas regras para a recompra de deb\u00eantures. Saiba mais.","robots":{"index":"index","follow":"follow","max-snippet":"max-snippet:-1","max-image-preview":"max-image-preview:large","max-video-preview":"max-video-preview:-1"},"canonical":"https:\/\/www.suno.com.br\/noticias\/cvm-debate-recompra-debentures-com-premio\/","og_locale":"pt_BR","og_type":"article","og_title":"CVM debate a recompra de deb\u00eantures com pr\u00eamio","og_description":"A Comiss\u00e3o de Valores Mobili\u00e1rios (CVM) levantou um debate para a defini\u00e7\u00e3o de novas regras para a recompra de deb\u00eantures. Saiba mais.","og_url":"https:\/\/www.suno.com.br\/noticias\/cvm-debate-recompra-debentures-com-premio\/","og_site_name":"Suno Not\u00edcias","article_publisher":"https:\/\/facebook.com\/sunoresearch","og_image":[{"width":1024,"height":684,"url":"https:\/\/files.sunoresearch.com.br\/n\/uploads\/2019\/09\/563ccdd8-cvm.jpg","type":"image\/jpeg"}],"author":"Jader Lazarini","twitter_card":"summary_large_image","twitter_creator":"@sunoresearch","twitter_site":"@sunoresearch","twitter_misc":{"Escrito por":"Jader Lazarini","Est. tempo de leitura":"2 minutos"},"schema":{"@context":"https:\/\/schema.org","@graph":[{"@type":"NewsArticle","@id":"https:\/\/www.suno.com.br\/noticias\/cvm-debate-recompra-debentures-com-premio\/#article","isPartOf":{"@id":"https:\/\/www.suno.com.br\/noticias\/cvm-debate-recompra-debentures-com-premio\/"},"author":{"name":"Jader Lazarini","@id":"https:\/\/www.suno.com.br\/noticias\/#\/schema\/person\/918d79de1f0281f01599b93f9ea6e23f"},"headline":"CVM debate a recompra de deb\u00eantures com pr\u00eamio","datePublished":"2019-09-18T12:58:22+00:00","dateModified":"2019-09-18T13:00:30+00:00","mainEntityOfPage":{"@id":"https:\/\/www.suno.com.br\/noticias\/cvm-debate-recompra-debentures-com-premio\/"},"wordCount":498,"publisher":{"@id":"https:\/\/www.suno.com.br\/noticias\/#organization"},"image":{"@id":"https:\/\/www.suno.com.br\/noticias\/cvm-debate-recompra-debentures-com-premio\/#primaryimage"},"thumbnailUrl":"https:\/\/files.sunoresearch.com.br\/n\/uploads\/2019\/09\/563ccdd8-cvm-jpg.webp","keywords":["Comiss\u00e3o de Valores Mobili\u00e1rios (CVM)","deb\u00eantures","deb\u00eantures incentivadas"],"articleSection":["Neg\u00f3cios"],"inLanguage":"pt-BR"},{"@type":"WebPage","@id":"https:\/\/www.suno.com.br\/noticias\/cvm-debate-recompra-debentures-com-premio\/","url":"https:\/\/www.suno.com.br\/noticias\/cvm-debate-recompra-debentures-com-premio\/","name":"CVM debate a recompra de deb\u00eantures com pr\u00eamio","isPartOf":{"@id":"https:\/\/www.suno.com.br\/noticias\/#website"},"primaryImageOfPage":{"@id":"https:\/\/www.suno.com.br\/noticias\/cvm-debate-recompra-debentures-com-premio\/#primaryimage"},"image":{"@id":"https:\/\/www.suno.com.br\/noticias\/cvm-debate-recompra-debentures-com-premio\/#primaryimage"},"thumbnailUrl":"https:\/\/files.sunoresearch.com.br\/n\/uploads\/2019\/09\/563ccdd8-cvm-jpg.webp","datePublished":"2019-09-18T12:58:22+00:00","dateModified":"2019-09-18T13:00:30+00:00","description":"A Comiss\u00e3o de Valores Mobili\u00e1rios (CVM) levantou um debate para a defini\u00e7\u00e3o de novas regras para a recompra de deb\u00eantures. Saiba mais.","breadcrumb":{"@id":"https:\/\/www.suno.com.br\/noticias\/cvm-debate-recompra-debentures-com-premio\/#breadcrumb"},"inLanguage":"pt-BR","potentialAction":[{"@type":"ReadAction","target":["https:\/\/www.suno.com.br\/noticias\/cvm-debate-recompra-debentures-com-premio\/"]}]},{"@type":"ImageObject","inLanguage":"pt-BR","@id":"https:\/\/www.suno.com.br\/noticias\/cvm-debate-recompra-debentures-com-premio\/#primaryimage","url":"https:\/\/files.sunoresearch.com.br\/n\/uploads\/2019\/09\/563ccdd8-cvm-jpg.webp","contentUrl":"https:\/\/files.sunoresearch.com.br\/n\/uploads\/2019\/09\/563ccdd8-cvm-jpg.webp","width":1024,"height":684,"caption":"CVM quer mudar regras do day trade e as outras 5 not\u00edcias mais lidas da semana (Foto: Reprodu\u00e7\u00e3o)"},{"@type":"BreadcrumbList","@id":"https:\/\/www.suno.com.br\/noticias\/cvm-debate-recompra-debentures-com-premio\/#breadcrumb","itemListElement":[{"@type":"ListItem","position":1,"name":"Not\u00edcias","item":"https:\/\/www.suno.com.br\/noticias\/"},{"@type":"ListItem","position":2,"name":"Neg\u00f3cios","item":"https:\/\/www.suno.com.br\/noticias\/negocios\/"},{"@type":"ListItem","position":3,"name":"CVM debate a recompra de deb\u00eantures com pr\u00eamio"}]},{"@type":"WebSite","@id":"https:\/\/www.suno.com.br\/noticias\/#website","url":"https:\/\/www.suno.com.br\/noticias\/","name":"Suno Not\u00edcias","description":"Seu portal de informa\u00e7\u00e3o sobre o mundo dos investimentos","publisher":{"@id":"https:\/\/www.suno.com.br\/noticias\/#organization"},"potentialAction":[{"@type":"SearchAction","target":{"@type":"EntryPoint","urlTemplate":"https:\/\/www.suno.com.br\/noticias\/?s={search_term_string}"},"query-input":{"@type":"PropertyValueSpecification","valueRequired":true,"valueName":"search_term_string"}}],"inLanguage":"pt-BR"},{"@type":"Organization","@id":"https:\/\/www.suno.com.br\/noticias\/#organization","name":"Suno Not\u00edcias","url":"https:\/\/www.suno.com.br\/noticias\/","logo":{"@type":"ImageObject","inLanguage":"pt-BR","@id":"https:\/\/www.suno.com.br\/noticias\/#\/schema\/logo\/image\/","url":"https:\/\/files.sunoresearch.com.br\/n\/uploads\/2021\/09\/suno-logo.png","contentUrl":"https:\/\/files.sunoresearch.com.br\/n\/uploads\/2021\/09\/suno-logo.png","width":180,"height":180,"caption":"Suno Not\u00edcias"},"image":{"@id":"https:\/\/www.suno.com.br\/noticias\/#\/schema\/logo\/image\/"},"sameAs":["https:\/\/facebook.com\/sunoresearch","https:\/\/x.com\/sunoresearch","https:\/\/www.instagram.com\/suno","https:\/\/www.linkedin.com\/company\/suno-research\/","https:\/\/www.youtube.com\/c\/sunoresearch"]},{"@type":"Person","@id":"https:\/\/www.suno.com.br\/noticias\/#\/schema\/person\/918d79de1f0281f01599b93f9ea6e23f","name":"Jader Lazarini","image":{"@type":"ImageObject","inLanguage":"pt-BR","@id":"https:\/\/www.suno.com.br\/noticias\/#\/schema\/person\/image\/","url":"https:\/\/secure.gravatar.com\/avatar\/3c1ad8caa51589841baeb923fcddea97?s=96&r=g","contentUrl":"https:\/\/secure.gravatar.com\/avatar\/3c1ad8caa51589841baeb923fcddea97?s=96&r=g","caption":"Jader Lazarini"},"description":"Jader Lazarini escreve sobre investimentos, finan\u00e7as, economia e neg\u00f3cios. \u00c9 bacharel em Rela\u00e7\u00f5es Internacionais e analista CNPI (2619).","url":"https:\/\/www.suno.com.br\/noticias\/author\/jader-lazarini\/"}]}},"default_loop_html":"<div class=\"cardsPage__listCard__boxs\"><div class=\"cardsPage__listCard__boxs__img\"><a href=\"https:\/\/www.suno.com.br\/noticias\/cvm-debate-recompra-debentures-com-premio\/\"><img class=\"mask\" src=\"https:\/\/www.suno.com.br\/noticias\/wp-content\/themes\/suno\/resources\/images\/spotlight\/spotlight1img\/bg-mask.png\" alt=\"Image Mask\"\/><img src=\"https:\/\/files.sunoresearch.com.br\/n\/uploads\/2019\/09\/563ccdd8-cvm-400x200.webp\" alt=\"CVM debate a recompra de deb\u00eantures com pr\u00eamio\"\/><\/a><span class=\"spotlightCategory\"><a href=\"https:\/\/www.suno.com.br\/noticias\/negocios\/\">Neg\u00f3cios<\/a><\/span><\/div><div class=\"cardsPage__listCard__boxs__content\"><a href=\"https:\/\/www.suno.com.br\/noticias\/cvm-debate-recompra-debentures-com-premio\/\"><h2 class=\"content__title\">CVM debate a recompra de deb\u00eantures com pr\u00eamio<\/h2><\/a><div class=\"newsContent__article__meta\"><div class=\"newsContent__article__meta__authorBox\"><a href=\"https:\/\/www.suno.com.br\/noticias\/author\/jader-lazarini\/\" class=\"authorBox__avatar noMobi\"><img src=\"https:\/\/files.sunoresearch.com.br\/n\/uploads\/2021\/01\/178e6598-foto-perfil-2-150x150.jpg\" alt=\"Jader Lazarini\"><\/a><div class=\"authorBox__name\"><span>por\n\t\t\t<a href=\"https:\/\/www.suno.com.br\/noticias\/author\/jader-lazarini\/\"><span itemprop=\"author\">Jader Lazarini<\/span><\/a><\/span><time datetime=\"2019-09-18T09:58:22-03:00\" itemprop=\"datePublished\">18\/09\/2019 09:58<\/time><\/div><\/div><\/div><\/div><\/div>","single_layout":"posts","amp_enabled":true,"_links":{"self":[{"href":"https:\/\/www.suno.com.br\/noticias\/wp-json\/wp\/v2\/posts\/37957"}],"collection":[{"href":"https:\/\/www.suno.com.br\/noticias\/wp-json\/wp\/v2\/posts"}],"about":[{"href":"https:\/\/www.suno.com.br\/noticias\/wp-json\/wp\/v2\/types\/post"}],"author":[{"embeddable":true,"href":"https:\/\/www.suno.com.br\/noticias\/wp-json\/wp\/v2\/users\/24"}],"replies":[{"embeddable":true,"href":"https:\/\/www.suno.com.br\/noticias\/wp-json\/wp\/v2\/comments?post=37957"}],"version-history":[{"count":0,"href":"https:\/\/www.suno.com.br\/noticias\/wp-json\/wp\/v2\/posts\/37957\/revisions"}],"wp:featuredmedia":[{"embeddable":true,"href":"https:\/\/www.suno.com.br\/noticias\/wp-json\/wp\/v2\/media\/36624"}],"wp:attachment":[{"href":"https:\/\/www.suno.com.br\/noticias\/wp-json\/wp\/v2\/media?parent=37957"}],"wp:term":[{"taxonomy":"category","embeddable":true,"href":"https:\/\/www.suno.com.br\/noticias\/wp-json\/wp\/v2\/categories?post=37957"},{"taxonomy":"post_tag","embeddable":true,"href":"https:\/\/www.suno.com.br\/noticias\/wp-json\/wp\/v2\/tags?post=37957"},{"taxonomy":"suno_strategy","embeddable":true,"href":"https:\/\/www.suno.com.br\/noticias\/wp-json\/wp\/v2\/suno_strategy?post=37957"}],"curies":[{"name":"wp","href":"https:\/\/api.w.org\/{rel}","templated":true}]}}