{"id":379533,"date":"2023-03-22T20:04:28","date_gmt":"2023-03-22T23:04:28","guid":{"rendered":"https:\/\/www.suno.com.br\/noticias\/?p=379533"},"modified":"2023-03-22T20:04:52","modified_gmt":"2023-03-22T23:04:52","slug":"planejamento-preve-queda-deficit-primario","status":"publish","type":"post","link":"https:\/\/www.suno.com.br\/noticias\/planejamento-preve-queda-deficit-primario\/","title":{"rendered":"Planejamento prev\u00ea queda de 53% no d\u00e9ficit prim\u00e1rio em 2023"},"content":{"rendered":"<p>O Minist\u00e9rio do Planejamento e Or\u00e7amento projeta que o <strong>d\u00e9ficit prim\u00e1rio <\/strong>em 2023 cair\u00e1 cerca de 53%, saindo de R$ 228,1 bilh\u00f5es para R$ 107,6 bilh\u00f5es. Nesta quarta-feira (22), a pasta divulgou o relat\u00f3rio Bimestral de Avalia\u00e7\u00e3o de Receitas e Despesas, em que apontou as medidas de aumento de arrecada\u00e7\u00e3o e de revis\u00e3o de gastos anunciadas at\u00e9 agora como as causas para a queda.<\/p>\t<div class=\"wrapper-featured-image\">\n\t\t<figure class=\"spotlightImg\">\n\n\t\t\t<picture>\n\t\t\t\t<source media=\"(max-width: 768px)\" srcset=\"https:\/\/files.sunoresearch.com.br\/n\/uploads\/2022\/11\/superavit-primario-dinheiro-moeda-real-economia-400x200.jpg\">\n\t\t\t\t<img loading=\"lazy\" decoding=\"async\" class=\"newsContent__article__imgCapa lazyloadDisabled \" src=\"https:\/\/files.sunoresearch.com.br\/n\/uploads\/2022\/11\/superavit-primario-dinheiro-moeda-real-economia-800x450.jpg\" width=\"800\" height=\"450\" alt=\"Planejamento prev\u00ea queda de 53% no d\u00e9ficit prim\u00e1rio em 2023\" fetchpriority=high \/>\n\t\t\t<\/picture>\n\n\t\t\t<figcaption class=\"wp-caption-text wp-caption-text--show\">Fundos da Suno Asset pagam dividendos hoje (23). Foto: Joelfotos\/Pixabay<\/figcaption>\n\t\t<\/figure>\n\t<\/div>\n\n\n\n\n\n\t<p>\n\t\t<a href=\"\" target=\"_blank\" data-element=\"shortcode-suno-banner\" title=\"Banner SUNO, clique e saiba mais\">\n\t\t\t<picture>\n\t\t\t\t<source media=\"(max-width: 500px)\" srcset=\"\">\n\t\t\t\t<img class=\"newsContent__article__imgCapa newsContent__article__imgCapa--banner\"\n\t\t\t\t\tsrc=\"\"\n\t\t\t\t\tdata-promo-id=\"89005\"\t\t\t\t\t\t\t\t\t\t\t\t\t\t\talt=\"\"\n\t\t\t\t>\n\t\t\t<\/picture>\n\t\t<\/a>\n\t<\/p>\n\n\n\n\n\n<p>A estimativa \u00e9 um pouco pior que a do <a class=\"suno-keyword\" target=\"_blank\" data-force=\"no\" data-priority=\"2\" href=\"https:\/\/www.suno.com.br\/artigos\/ministerio-da-fazenda\/\" rel=\"noopener\">Minist\u00e9rio da Fazenda<\/a>. Na semana passada, a Secretaria de <a class=\"suno-keyword\" target=\"_blank\" data-force=\"no\" data-priority=\"1\" href=\"https:\/\/www.suno.com.br\/artigos\/politica-economica\/\" rel=\"noopener\">Pol\u00edtica Econ\u00f4mica<\/a> tinha divulgado que a <strong>previs\u00e3o de d\u00e9ficit<\/strong> ficaria em R$ 99,01 bilh\u00f5es. Vale lembrar que o <a class=\"suno-keyword\" target=\"_blank\" data-force=\"no\" data-priority=\"1\" href=\"https:\/\/www.suno.com.br\/artigos\/deficit-primario\/\" rel=\"noopener\">d\u00e9ficit prim\u00e1rio<\/a> \u00e9 o resultado negativo das contas do governo sem os juros da <a class=\"suno-keyword\" target=\"_blank\" data-force=\"no\" data-priority=\"1\" href=\"https:\/\/www.suno.com.br\/artigos\/divida-publica\/\" rel=\"noopener\">d\u00edvida p\u00fablica<\/a>.<\/p>\n\n\n\n<p>O relat\u00f3rio tamb\u00e9m trouxe um pequeno contingenciamento (bloqueio) de R$ 910 milh\u00f5es nos gastos discricion\u00e1rios (n\u00e3o obrigat\u00f3rios). O bloqueio poderia ser maior se o governo n\u00e3o tivesse revisado para baixo as proje\u00e7\u00f5es de despesas obrigat\u00f3rias em R$ 9,7 bilh\u00f5es em rela\u00e7\u00e3o ao sancionado no <strong>Or\u00e7amento de 2023<\/strong>.<\/p>\n\n\n\n<p>Em rela\u00e7\u00e3o aos gastos obrigat\u00f3rios, foram revisadas para baixo as estimativas de gastos com o Bolsa Fam\u00edlia (-R$ 7 bilh\u00f5es), decorrente da atualiza\u00e7\u00e3o do cadastro e da elimina\u00e7\u00e3o de fraudes, e com os benef\u00edcios da Previd\u00eancia Social (-R$ 5,8 bilh\u00f5es).<\/p>\n\n\n\n<p>No entanto, proje\u00e7\u00f5es para outros gastos foram elevadas, como R$ 4,1 bilh\u00f5es em cr\u00e9ditos extraordin\u00e1rios e R$ 3 bilh\u00f5es para cumprir a segunda fase da Lei Aldir Blanc, que prev\u00ea ajuda a projetos culturais afetados pela pandemia de covid-19. Ao somar os gastos obrigat\u00f3rios e discricion\u00e1rios, as despesas totais foram revisadas para baixo em R$ 10,6 bilh\u00f5es.<\/p>\n\n\n\n<h2 class=\"wp-block-heading\" id=\"h-receitas\">Receitas<\/h2>\n\n\n\n<p>Do lado das receitas, o relat\u00f3rio elevou em R$ 110 bilh\u00f5es a estimativa de arrecada\u00e7\u00e3o de receitas l\u00edquidas para este ano em rela\u00e7\u00e3o ao valor original do <strong>Or\u00e7amento P\u00fablico<\/strong> para o ano. A principal mudan\u00e7a veio da eleva\u00e7\u00e3o da estimativa de arrecada\u00e7\u00e3o da Contribui\u00e7\u00e3o para o Financiamento da Seguridade Social (Cofins), com R$ 54,6 bilh\u00f5es extras.<\/p>\n\n\n\n<p>Em seguida vem o repasse ao <a class=\"suno-keyword\" target=\"_blank\" data-force=\"no\" data-priority=\"2\" href=\"https:\/\/www.suno.com.br\/artigos\/tesouro-nacional\/\" rel=\"noopener\">Tesouro Nacional<\/a> de R$ 26 bilh\u00f5es das cotas do antigo fundo do Programa de Integra\u00e7\u00e3o Social (PIS) e do Programa de Forma\u00e7\u00e3o do Patrim\u00f4nio do Servidor P\u00fablico (Pasep), autorizada pela Emenda Constitucional da Transi\u00e7\u00e3o. <\/p>\n\n\n\t<p>\n\t\t<a href=\"https:\/\/lp.suno.com.br\/planilha-controle-gastos\/\" target=\"_blank\" data-element=\"shortcode-suno-banner\" title=\"Banner SUNO, clique e saiba mais\">\n\t\t\t<picture>\n\t\t\t\t<source media=\"(max-width: 500px)\" srcset=\"https:\/\/files.sunoresearch.com.br\/n\/uploads\/2023\/03\/400x300-Planilha-controle-de-gastos.png\">\n\t\t\t\t<img class=\"newsContent__article__imgCapa newsContent__article__imgCapa--banner\"\n\t\t\t\t\tsrc=\"https:\/\/files.sunoresearch.com.br\/n\/uploads\/2023\/03\/1420x240-Planilha-controle-de-gastos.png\"\n\t\t\t\t\tdata-promo-id=\"101751\"\t\t\t\t\t\t\t\t\t\twidth='1420' height='240'\t\t\t\t\talt=\"https:\/\/files.sunoresearch.com.br\/n\/uploads\/2023\/03\/1420x240-Planilha-controle-de-gastos.png\"\n\t\t\t\t>\n\t\t\t<\/picture>\n\t\t<\/a>\n\t<\/p>\n\n\n\n\n\n<p>Esse fundo, que vigorou de 1971 a 1988, recebia recursos destinados a trabalhadores. Apesar de diversas campanhas do governo nos \u00faltimos seis anos, cerca de 10 milh\u00f5es de trabalhadores ainda n\u00e3o sacaram os recursos.<\/p>\n\n\n\n<p>Tamb\u00e9m foram revisadas para cima as estimativas de arrecada\u00e7\u00e3o do Imposto de Renda (+R$ 18,7 bilh\u00f5es) e de R$ 9,2 bilh\u00f5es do PIS\/Pasep.<\/p>\n\n\n\n<h2 class=\"wp-block-heading\">Teto de gastos<\/h2>\n\n\n\n<p>Al\u00e9m do <strong>d\u00e9ficit prim\u00e1rio<\/strong>, o relat\u00f3rio do Minist\u00e9rio do Planejamento prev\u00ea uma folga de R$ 13,6 bilh\u00f5es no teto de gastos, que ser\u00e1 em breve substitu\u00eddo por uma nova regra fiscal. O teto seria estourado neste ano, mas a Emenda Constitucional da Transi\u00e7\u00e3o, promulgada no fim do ano passado, retirou do limite de gastos R$ 145 bilh\u00f5es do Bolsa Fam\u00edlia e at\u00e9 R$ 23 bilh\u00f5es em investimentos, caso haja excesso de arrecada\u00e7\u00e3o.<\/p>\n\n\n\n<p><em>Com informa\u00e7\u00f5es da Ag\u00eancia Brasil<\/em><\/p>\n\n\n\t<p>\n\t\t<a href=\"https:\/\/lp.suno.com.br\/planilha-de-controle-de-investimentos\/\" target=\"_blank\" data-element=\"shortcode-suno-banner\" title=\"Banner SUNO, clique e saiba mais\">\n\t\t\t<picture>\n\t\t\t\t<source media=\"(max-width: 500px)\" srcset=\"https:\/\/files.sunoresearch.com.br\/n\/uploads\/2023\/03\/400x300-Controle-de-Investimentos.png\">\n\t\t\t\t<img class=\"newsContent__article__imgCapa newsContent__article__imgCapa--banner\"\n\t\t\t\t\tsrc=\"https:\/\/files.sunoresearch.com.br\/n\/uploads\/2023\/03\/1420x240-Controle-de-Investimentos.png\"\n\t\t\t\t\tdata-promo-id=\"75934\"\t\t\t\t\t\t\t\t\t\twidth='1420' height='240'\t\t\t\t\talt=\"https:\/\/files.sunoresearch.com.br\/n\/uploads\/2023\/03\/1420x240-Controle-de-Investimentos.png\"\n\t\t\t\t>\n\t\t\t<\/picture>\n\t\t<\/a>\n\t<\/p>\n\n\n\n\n\t\t<div class=\"web-stories-list alignnone has-archive-link is-view-type-carousel is-style-default is-carousel\" data-id=\"1\">\n\t\t\t<div\n\t\t\tclass=\"web-stories-list__inner-wrapper carousel-1\"\n\t\t\tstyle=\"--ws-story-max-width:185px\"\n\t\t\t>\n\t\t\t\t\t\t<div class=\"web-stories-list__archive-link\">\n\t\t\t<a href=\"https:\/\/www.suno.com.br\/noticias\/web-stories\/\">\n\t\t\t\tConfira os melhores webstories!\t\t\t<\/a>\n\t\t<\/div>\n\t\t\t\t\t\t\t<div\n\t\t\t\t\tclass=\"web-stories-list__carousel carousel\"\n\t\t\t\t\tdata-id=\"carousel-1\"\n\t\t\t\t\tdata-prev=\"Voltar\"\n\t\t\t\t\tdata-next=\"Avan\u00e7ar\"\n\t\t\t\t\t>\n\t\t\t\t\t\t\t\t\t<div\n\t\t\t\tclass=\"web-stories-list__story\"\n\t\t\t\tdata-wp-interactive=\"web-stories-block\"\n\t\t\t\tdata-wp-context='{\"instanceId\":1}'\t\t\t\tdata-wp-on--click=\"actions.open\"\n\t\t\t\tdata-wp-on-window--popstate=\"actions.onPopstate\"\n\t\t\t\t>\n\t\t\t\t\t\t\t<div class=\"web-stories-list__story-poster\">\n\t\t\t\t<a href=\"https:\/\/www.suno.com.br\/noticias\/web-stories\/por-que-as-acoes-da-nvidia-estao-despencando\/\" >\n\t\t\t\t\t<img\n\t\t\t\t\t\tsrc=\"https:\/\/files.sunoresearch.com.br\/n\/uploads\/2025\/11\/cropped-pexels-stasknop-19356873-scaled-1.webp\"\n\t\t\t\t\t\talt=\"Por que as a\u00e7\u00f5es da Nvidia est\u00e3o despencando?\"\n\t\t\t\t\t\twidth=\"185\"\n\t\t\t\t\t\theight=\"308\"\n\t\t\t\t\t\t\t\t\t\t\t\t\tsrcset=\"https:\/\/files.sunoresearch.com.br\/n\/uploads\/2025\/11\/cropped-pexels-stasknop-19356873-scaled-1.webp 640w, https:\/\/files.sunoresearch.com.br\/n\/uploads\/2025\/11\/cropped-pexels-stasknop-19356873-scaled-1-225x300.webp 225w, https:\/\/files.sunoresearch.com.br\/n\/uploads\/2025\/11\/cropped-pexels-stasknop-19356873-scaled-1-150x200.webp 150w\"\n\t\t\t\t\t\t\t\t\t\t\t\t\t\t\t\t\t\t\tsizes=\"(max-width: 640px) 100vw, 640px\"\n\t\t\t\t\t\t\t\t\t\t\t\tloading=\"lazy\"\n\t\t\t\t\t\tdecoding=\"async\"\n\t\t\t\t\t>\n\t\t\t\t<\/a>\n\t\t\t<\/div>\n\t\t\t\t\t<div class=\"web-stories-list__story-content-overlay\">\n\t\t\t\t\t\t\t<div class=\"story-content-overlay__title\">\n\t\t\t\t\tPor que as a\u00e7\u00f5es da Nvidia est\u00e3o despencando?\t\t\t\t<\/div>\n\t\t\t\n\t\t\t\n\t\t\t\n\t\t\t\t\t<\/div>\n\t\t\t\t\t<\/div>\n\t\t\t\t\t\t<div\n\t\t\t\tclass=\"web-stories-list__story\"\n\t\t\t\tdata-wp-interactive=\"web-stories-block\"\n\t\t\t\tdata-wp-context='{\"instanceId\":1}'\t\t\t\tdata-wp-on--click=\"actions.open\"\n\t\t\t\tdata-wp-on-window--popstate=\"actions.onPopstate\"\n\t\t\t\t>\n\t\t\t\t\t\t\t<div class=\"web-stories-list__story-poster\">\n\t\t\t\t<a href=\"https:\/\/www.suno.com.br\/noticias\/web-stories\/quanto-falta-para-elon-musk-se-tornar-trilionario\/\" >\n\t\t\t\t\t<img\n\t\t\t\t\t\tsrc=\"https:\/\/files.sunoresearch.com.br\/n\/uploads\/2026\/01\/cropped-Elon-Musk-jpg.webp\"\n\t\t\t\t\t\talt=\"Quanto falta para Elon Musk se tornar trilion\u00e1rio?\"\n\t\t\t\t\t\twidth=\"185\"\n\t\t\t\t\t\theight=\"308\"\n\t\t\t\t\t\t\t\t\t\t\t\t\tsrcset=\"https:\/\/files.sunoresearch.com.br\/n\/uploads\/2026\/01\/cropped-Elon-Musk-jpg.webp 640w, https:\/\/files.sunoresearch.com.br\/n\/uploads\/2026\/01\/cropped-Elon-Musk-jpg-225x300.webp 225w, https:\/\/files.sunoresearch.com.br\/n\/uploads\/2026\/01\/cropped-Elon-Musk-jpg-150x200.webp 150w\"\n\t\t\t\t\t\t\t\t\t\t\t\t\t\t\t\t\t\t\tsizes=\"(max-width: 640px) 100vw, 640px\"\n\t\t\t\t\t\t\t\t\t\t\t\tloading=\"lazy\"\n\t\t\t\t\t\tdecoding=\"async\"\n\t\t\t\t\t>\n\t\t\t\t<\/a>\n\t\t\t<\/div>\n\t\t\t\t\t<div class=\"web-stories-list__story-content-overlay\">\n\t\t\t\t\t\t\t<div class=\"story-content-overlay__title\">\n\t\t\t\t\tQuanto falta para Elon Musk se tornar trilion\u00e1rio?\t\t\t\t<\/div>\n\t\t\t\n\t\t\t\n\t\t\t\n\t\t\t\t\t<\/div>\n\t\t\t\t\t<\/div>\n\t\t\t\t\t\t<div\n\t\t\t\tclass=\"web-stories-list__story\"\n\t\t\t\tdata-wp-interactive=\"web-stories-block\"\n\t\t\t\tdata-wp-context='{\"instanceId\":1}'\t\t\t\tdata-wp-on--click=\"actions.open\"\n\t\t\t\tdata-wp-on-window--popstate=\"actions.onPopstate\"\n\t\t\t\t>\n\t\t\t\t\t\t\t<div class=\"web-stories-list__story-poster\">\n\t\t\t\t<a href=\"https:\/\/www.suno.com.br\/noticias\/web-stories\/ate-onde-vai-a-alta-do-ibovespa\/\" >\n\t\t\t\t\t<img\n\t\t\t\t\t\tsrc=\"https:\/\/files.sunoresearch.com.br\/n\/uploads\/2025\/11\/cropped-iStock-1215609239-jpg.webp\"\n\t\t\t\t\t\talt=\"At\u00e9 onde vai a alta do Ibovespa?\"\n\t\t\t\t\t\twidth=\"185\"\n\t\t\t\t\t\theight=\"308\"\n\t\t\t\t\t\t\t\t\t\t\t\t\tsrcset=\"https:\/\/files.sunoresearch.com.br\/n\/uploads\/2025\/11\/cropped-iStock-1215609239-jpg.webp 640w, https:\/\/files.sunoresearch.com.br\/n\/uploads\/2025\/11\/cropped-iStock-1215609239-jpg-225x300.webp 225w, https:\/\/files.sunoresearch.com.br\/n\/uploads\/2025\/11\/cropped-iStock-1215609239-jpg-150x200.webp 150w\"\n\t\t\t\t\t\t\t\t\t\t\t\t\t\t\t\t\t\t\tsizes=\"(max-width: 640px) 100vw, 640px\"\n\t\t\t\t\t\t\t\t\t\t\t\tloading=\"lazy\"\n\t\t\t\t\t\tdecoding=\"async\"\n\t\t\t\t\t>\n\t\t\t\t<\/a>\n\t\t\t<\/div>\n\t\t\t\t\t<div class=\"web-stories-list__story-content-overlay\">\n\t\t\t\t\t\t\t<div class=\"story-content-overlay__title\">\n\t\t\t\t\tAt\u00e9 onde vai a alta do Ibovespa?\t\t\t\t<\/div>\n\t\t\t\n\t\t\t\n\t\t\t\n\t\t\t\t\t<\/div>\n\t\t\t\t\t<\/div>\n\t\t\t\t\t\t<div\n\t\t\t\tclass=\"web-stories-list__story\"\n\t\t\t\tdata-wp-interactive=\"web-stories-block\"\n\t\t\t\tdata-wp-context='{\"instanceId\":1}'\t\t\t\tdata-wp-on--click=\"actions.open\"\n\t\t\t\tdata-wp-on-window--popstate=\"actions.onPopstate\"\n\t\t\t\t>\n\t\t\t\t\t\t\t<div class=\"web-stories-list__story-poster\">\n\t\t\t\t<a href=\"https:\/\/www.suno.com.br\/noticias\/web-stories\/banco-brasileiro-itau-lista-marcas-mais-valiosas-mundo\/\" >\n\t\t\t\t\t<img\n\t\t\t\t\t\tsrc=\"https:\/\/files.sunoresearch.com.br\/n\/uploads\/2024\/01\/cropped-predio-itau.webp\"\n\t\t\t\t\t\talt=\"Banco brasileiro est\u00e1 entre as 500 marcas mais valiosas do mundo\"\n\t\t\t\t\t\twidth=\"185\"\n\t\t\t\t\t\theight=\"308\"\n\t\t\t\t\t\t\t\t\t\t\t\t\tsrcset=\"https:\/\/files.sunoresearch.com.br\/n\/uploads\/2024\/01\/cropped-predio-itau.webp 640w, https:\/\/files.sunoresearch.com.br\/n\/uploads\/2024\/01\/cropped-predio-itau-225x300.webp 225w, https:\/\/files.sunoresearch.com.br\/n\/uploads\/2024\/01\/cropped-predio-itau-150x200.webp 150w\"\n\t\t\t\t\t\t\t\t\t\t\t\t\t\t\t\t\t\t\tsizes=\"(max-width: 640px) 100vw, 640px\"\n\t\t\t\t\t\t\t\t\t\t\t\tloading=\"lazy\"\n\t\t\t\t\t\tdecoding=\"async\"\n\t\t\t\t\t>\n\t\t\t\t<\/a>\n\t\t\t<\/div>\n\t\t\t\t\t<div class=\"web-stories-list__story-content-overlay\">\n\t\t\t\t\t\t\t<div class=\"story-content-overlay__title\">\n\t\t\t\t\tBanco brasileiro est\u00e1 entre as 500 marcas mais valiosas do mundo\t\t\t\t<\/div>\n\t\t\t\n\t\t\t\n\t\t\t\n\t\t\t\t\t<\/div>\n\t\t\t\t\t<\/div>\n\t\t\t\t\t\t<div\n\t\t\t\tclass=\"web-stories-list__story\"\n\t\t\t\tdata-wp-interactive=\"web-stories-block\"\n\t\t\t\tdata-wp-context='{\"instanceId\":1}'\t\t\t\tdata-wp-on--click=\"actions.open\"\n\t\t\t\tdata-wp-on-window--popstate=\"actions.onPopstate\"\n\t\t\t\t>\n\t\t\t\t\t\t\t<div class=\"web-stories-list__story-poster\">\n\t\t\t\t<a href=\"https:\/\/www.suno.com.br\/noticias\/web-stories\/flamengo-lista-times-mais-ricos-do-mundo-hoje\/\" >\n\t\t\t\t\t<img\n\t\t\t\t\t\tsrc=\"https:\/\/files.sunoresearch.com.br\/n\/uploads\/2026\/01\/cropped-brazil-6755874_1280-jpg.webp\"\n\t\t\t\t\t\talt=\"Flamengo na lista! Veja os times mais ricos do mundo hoje\"\n\t\t\t\t\t\twidth=\"185\"\n\t\t\t\t\t\theight=\"308\"\n\t\t\t\t\t\t\t\t\t\t\t\t\tsrcset=\"https:\/\/files.sunoresearch.com.br\/n\/uploads\/2026\/01\/cropped-brazil-6755874_1280-jpg.webp 640w, https:\/\/files.sunoresearch.com.br\/n\/uploads\/2026\/01\/cropped-brazil-6755874_1280-jpg-225x300.webp 225w, https:\/\/files.sunoresearch.com.br\/n\/uploads\/2026\/01\/cropped-brazil-6755874_1280-jpg-150x200.webp 150w\"\n\t\t\t\t\t\t\t\t\t\t\t\t\t\t\t\t\t\t\tsizes=\"(max-width: 640px) 100vw, 640px\"\n\t\t\t\t\t\t\t\t\t\t\t\tloading=\"lazy\"\n\t\t\t\t\t\tdecoding=\"async\"\n\t\t\t\t\t>\n\t\t\t\t<\/a>\n\t\t\t<\/div>\n\t\t\t\t\t<div class=\"web-stories-list__story-content-overlay\">\n\t\t\t\t\t\t\t<div class=\"story-content-overlay__title\">\n\t\t\t\t\tFlamengo na lista! Veja os times mais ricos do mundo hoje\t\t\t\t<\/div>\n\t\t\t\n\t\t\t\n\t\t\t\n\t\t\t\t\t<\/div>\n\t\t\t\t\t<\/div>\n\t\t\t\t\t\t\t\t<\/div>\n\t\t\t\t\t<div tabindex=\"0\" aria-label=\"Voltar\" class=\"glider-prev\"><\/div>\n\t\t\t\t\t<div tabindex=\"0\" aria-label=\"Avan\u00e7ar\" class=\"glider-next\"><\/div>\n\t\t\t\t\t\t\t\t<\/div>\n\t\t<\/div>\n\t\t","protected":false},"excerpt":{"rendered":"<p>O Minist\u00e9rio do Planejamento e Or\u00e7amento projeta que o d\u00e9ficit prim\u00e1rio em 2023 cair\u00e1 cerca de 53%, saindo de R$ 228,1 bilh\u00f5es para R$ 107,6 bilh\u00f5es. Nesta quarta-feira (22), a pasta divulgou o relat\u00f3rio Bimestral de Avalia\u00e7\u00e3o de Receitas e Despesas, em que apontou as medidas de aumento de arrecada\u00e7\u00e3o e de revis\u00e3o de gastos [&hellip;]<\/p>\n","protected":false},"author":233,"featured_media":326292,"comment_status":"closed","ping_status":"closed","sticky":false,"template":"","format":"standard","meta":[],"categories":[62],"tags":[1128],"suno_strategy":[],"class_list":["post-379533","post","type-post","status-publish","format-standard","has-post-thumbnail","hentry","category-economia","tag-orcamento-publico"],"yoast_head":"<!-- This site is optimized with the Yoast SEO plugin v24.4 - https:\/\/yoast.com\/wordpress\/plugins\/seo\/ -->\n<title>Planejamento prev\u00ea queda de 53% no d\u00e9ficit prim\u00e1rio em 2023<\/title>\n<meta name=\"description\" content=\"O Minist\u00e9rio do Planejamento projeta que o d\u00e9ficit prim\u00e1rio em 2023 cair\u00e1 cerca de 53%, para R$ 107,6 bilh\u00f5es. Entenda!\" \/>\n<meta name=\"robots\" content=\"index, follow, max-snippet:-1, max-image-preview:large, max-video-preview:-1\" \/>\n<link rel=\"canonical\" href=\"https:\/\/www.suno.com.br\/noticias\/planejamento-preve-queda-deficit-primario\/\" \/>\n<meta property=\"og:locale\" content=\"pt_BR\" \/>\n<meta property=\"og:type\" content=\"article\" \/>\n<meta property=\"og:title\" content=\"Planejamento prev\u00ea queda de 53% no d\u00e9ficit prim\u00e1rio em 2023\" \/>\n<meta property=\"og:description\" content=\"O Minist\u00e9rio do Planejamento projeta que o d\u00e9ficit prim\u00e1rio em 2023 cair\u00e1 cerca de 53%, para R$ 107,6 bilh\u00f5es. Entenda!\" \/>\n<meta property=\"og:url\" content=\"https:\/\/www.suno.com.br\/noticias\/planejamento-preve-queda-deficit-primario\/\" \/>\n<meta property=\"og:site_name\" content=\"Suno Not\u00edcias\" \/>\n<meta property=\"article:publisher\" content=\"https:\/\/facebook.com\/sunoresearch\" \/>\n<meta property=\"og:image\" content=\"https:\/\/files.sunoresearch.com.br\/n\/uploads\/2022\/11\/superavit-primario-dinheiro-moeda-real-economia.jpg\" \/>\n\t<meta property=\"og:image:width\" content=\"1200\" \/>\n\t<meta property=\"og:image:height\" content=\"800\" \/>\n\t<meta property=\"og:image:type\" content=\"image\/jpeg\" \/>\n<meta name=\"author\" content=\"Janize Cola\u00e7o\" \/>\n<meta name=\"twitter:card\" content=\"summary_large_image\" \/>\n<meta name=\"twitter:creator\" content=\"@sunoresearch\" \/>\n<meta name=\"twitter:site\" content=\"@sunoresearch\" \/>\n<meta name=\"twitter:label1\" content=\"Escrito por\" \/>\n\t<meta name=\"twitter:data1\" content=\"Janize Cola\u00e7o\" \/>\n\t<meta name=\"twitter:label2\" content=\"Est. tempo de leitura\" \/>\n\t<meta name=\"twitter:data2\" content=\"3 minutos\" \/>\n<script type=\"application\/ld+json\" class=\"yoast-schema-graph\">{\"@context\":\"https:\/\/schema.org\",\"@graph\":[{\"@type\":\"NewsArticle\",\"@id\":\"https:\/\/www.suno.com.br\/noticias\/planejamento-preve-queda-deficit-primario\/#article\",\"isPartOf\":{\"@id\":\"https:\/\/www.suno.com.br\/noticias\/planejamento-preve-queda-deficit-primario\/\"},\"author\":{\"name\":\"Janize Cola\u00e7o\",\"@id\":\"https:\/\/www.suno.com.br\/noticias\/#\/schema\/person\/d689f06da5678e1f0b1ee402f001d676\"},\"headline\":\"Planejamento prev\u00ea queda de 53% no d\u00e9ficit prim\u00e1rio em 2023\",\"datePublished\":\"2023-03-22T23:04:28+00:00\",\"dateModified\":\"2023-03-22T23:04:52+00:00\",\"mainEntityOfPage\":{\"@id\":\"https:\/\/www.suno.com.br\/noticias\/planejamento-preve-queda-deficit-primario\/\"},\"wordCount\":574,\"publisher\":{\"@id\":\"https:\/\/www.suno.com.br\/noticias\/#organization\"},\"image\":{\"@id\":\"https:\/\/www.suno.com.br\/noticias\/planejamento-preve-queda-deficit-primario\/#primaryimage\"},\"thumbnailUrl\":\"https:\/\/files.sunoresearch.com.br\/n\/uploads\/2022\/11\/superavit-primario-dinheiro-moeda-real-economia.jpg\",\"keywords\":[\"Or\u00e7amento P\u00fablico\"],\"articleSection\":[\"Economia\"],\"inLanguage\":\"pt-BR\"},{\"@type\":\"WebPage\",\"@id\":\"https:\/\/www.suno.com.br\/noticias\/planejamento-preve-queda-deficit-primario\/\",\"url\":\"https:\/\/www.suno.com.br\/noticias\/planejamento-preve-queda-deficit-primario\/\",\"name\":\"Planejamento prev\u00ea queda de 53% no d\u00e9ficit prim\u00e1rio em 2023\",\"isPartOf\":{\"@id\":\"https:\/\/www.suno.com.br\/noticias\/#website\"},\"primaryImageOfPage\":{\"@id\":\"https:\/\/www.suno.com.br\/noticias\/planejamento-preve-queda-deficit-primario\/#primaryimage\"},\"image\":{\"@id\":\"https:\/\/www.suno.com.br\/noticias\/planejamento-preve-queda-deficit-primario\/#primaryimage\"},\"thumbnailUrl\":\"https:\/\/files.sunoresearch.com.br\/n\/uploads\/2022\/11\/superavit-primario-dinheiro-moeda-real-economia.jpg\",\"datePublished\":\"2023-03-22T23:04:28+00:00\",\"dateModified\":\"2023-03-22T23:04:52+00:00\",\"description\":\"O Minist\u00e9rio do Planejamento projeta que o d\u00e9ficit prim\u00e1rio em 2023 cair\u00e1 cerca de 53%, para R$ 107,6 bilh\u00f5es. Entenda!\",\"breadcrumb\":{\"@id\":\"https:\/\/www.suno.com.br\/noticias\/planejamento-preve-queda-deficit-primario\/#breadcrumb\"},\"inLanguage\":\"pt-BR\",\"potentialAction\":[{\"@type\":\"ReadAction\",\"target\":[\"https:\/\/www.suno.com.br\/noticias\/planejamento-preve-queda-deficit-primario\/\"]}]},{\"@type\":\"ImageObject\",\"inLanguage\":\"pt-BR\",\"@id\":\"https:\/\/www.suno.com.br\/noticias\/planejamento-preve-queda-deficit-primario\/#primaryimage\",\"url\":\"https:\/\/files.sunoresearch.com.br\/n\/uploads\/2022\/11\/superavit-primario-dinheiro-moeda-real-economia.jpg\",\"contentUrl\":\"https:\/\/files.sunoresearch.com.br\/n\/uploads\/2022\/11\/superavit-primario-dinheiro-moeda-real-economia.jpg\",\"width\":1200,\"height\":800,\"caption\":\"Fundos da Suno Asset pagam dividendos hoje (23). Foto: Joelfotos\/Pixabay\"},{\"@type\":\"BreadcrumbList\",\"@id\":\"https:\/\/www.suno.com.br\/noticias\/planejamento-preve-queda-deficit-primario\/#breadcrumb\",\"itemListElement\":[{\"@type\":\"ListItem\",\"position\":1,\"name\":\"Not\u00edcias\",\"item\":\"https:\/\/www.suno.com.br\/noticias\/\"},{\"@type\":\"ListItem\",\"position\":2,\"name\":\"Economia\",\"item\":\"https:\/\/www.suno.com.br\/noticias\/economia\/\"},{\"@type\":\"ListItem\",\"position\":3,\"name\":\"Planejamento prev\u00ea queda de 53% no d\u00e9ficit prim\u00e1rio em 2023\"}]},{\"@type\":\"WebSite\",\"@id\":\"https:\/\/www.suno.com.br\/noticias\/#website\",\"url\":\"https:\/\/www.suno.com.br\/noticias\/\",\"name\":\"Suno Not\u00edcias\",\"description\":\"Seu portal de informa\u00e7\u00e3o sobre o mundo dos investimentos\",\"publisher\":{\"@id\":\"https:\/\/www.suno.com.br\/noticias\/#organization\"},\"potentialAction\":[{\"@type\":\"SearchAction\",\"target\":{\"@type\":\"EntryPoint\",\"urlTemplate\":\"https:\/\/www.suno.com.br\/noticias\/?s={search_term_string}\"},\"query-input\":{\"@type\":\"PropertyValueSpecification\",\"valueRequired\":true,\"valueName\":\"search_term_string\"}}],\"inLanguage\":\"pt-BR\"},{\"@type\":\"Organization\",\"@id\":\"https:\/\/www.suno.com.br\/noticias\/#organization\",\"name\":\"Suno Not\u00edcias\",\"url\":\"https:\/\/www.suno.com.br\/noticias\/\",\"logo\":{\"@type\":\"ImageObject\",\"inLanguage\":\"pt-BR\",\"@id\":\"https:\/\/www.suno.com.br\/noticias\/#\/schema\/logo\/image\/\",\"url\":\"https:\/\/files.sunoresearch.com.br\/n\/uploads\/2021\/09\/suno-logo.png\",\"contentUrl\":\"https:\/\/files.sunoresearch.com.br\/n\/uploads\/2021\/09\/suno-logo.png\",\"width\":180,\"height\":180,\"caption\":\"Suno Not\u00edcias\"},\"image\":{\"@id\":\"https:\/\/www.suno.com.br\/noticias\/#\/schema\/logo\/image\/\"},\"sameAs\":[\"https:\/\/facebook.com\/sunoresearch\",\"https:\/\/x.com\/sunoresearch\",\"https:\/\/www.instagram.com\/suno\",\"https:\/\/www.linkedin.com\/company\/suno-research\/\",\"https:\/\/www.youtube.com\/c\/sunoresearch\"]},{\"@type\":\"Person\",\"@id\":\"https:\/\/www.suno.com.br\/noticias\/#\/schema\/person\/d689f06da5678e1f0b1ee402f001d676\",\"name\":\"Janize Cola\u00e7o\",\"image\":{\"@type\":\"ImageObject\",\"inLanguage\":\"pt-BR\",\"@id\":\"https:\/\/www.suno.com.br\/noticias\/#\/schema\/person\/image\/\",\"url\":\"https:\/\/secure.gravatar.com\/avatar\/32b3bf89abae63ca2cf961bc051522d0?s=96&r=g\",\"contentUrl\":\"https:\/\/secure.gravatar.com\/avatar\/32b3bf89abae63ca2cf961bc051522d0?s=96&r=g\",\"caption\":\"Janize Cola\u00e7o\"},\"description\":\"Jornalista formada pela PUC-SP com passagens pela Record TV, Globo Cond\u00e9 Nast, Revista Panrotas e Editora Via. Hoje, \u00e9 rep\u00f3rter no Suno Not\u00edcias, cobrindo pautas sobre mercado, pol\u00edtica, economia e bolsa de valores.\",\"url\":\"https:\/\/www.suno.com.br\/noticias\/author\/janize-colaco\/\"}]}<\/script>\n<!-- \/ Yoast SEO plugin. -->","yoast_head_json":{"title":"Planejamento prev\u00ea queda de 53% no d\u00e9ficit prim\u00e1rio em 2023","description":"O Minist\u00e9rio do Planejamento projeta que o d\u00e9ficit prim\u00e1rio em 2023 cair\u00e1 cerca de 53%, para R$ 107,6 bilh\u00f5es. Entenda!","robots":{"index":"index","follow":"follow","max-snippet":"max-snippet:-1","max-image-preview":"max-image-preview:large","max-video-preview":"max-video-preview:-1"},"canonical":"https:\/\/www.suno.com.br\/noticias\/planejamento-preve-queda-deficit-primario\/","og_locale":"pt_BR","og_type":"article","og_title":"Planejamento prev\u00ea queda de 53% no d\u00e9ficit prim\u00e1rio em 2023","og_description":"O Minist\u00e9rio do Planejamento projeta que o d\u00e9ficit prim\u00e1rio em 2023 cair\u00e1 cerca de 53%, para R$ 107,6 bilh\u00f5es. Entenda!","og_url":"https:\/\/www.suno.com.br\/noticias\/planejamento-preve-queda-deficit-primario\/","og_site_name":"Suno Not\u00edcias","article_publisher":"https:\/\/facebook.com\/sunoresearch","og_image":[{"width":1200,"height":800,"url":"https:\/\/files.sunoresearch.com.br\/n\/uploads\/2022\/11\/superavit-primario-dinheiro-moeda-real-economia.jpg","type":"image\/jpeg"}],"author":"Janize Cola\u00e7o","twitter_card":"summary_large_image","twitter_creator":"@sunoresearch","twitter_site":"@sunoresearch","twitter_misc":{"Escrito por":"Janize Cola\u00e7o","Est. tempo de leitura":"3 minutos"},"schema":{"@context":"https:\/\/schema.org","@graph":[{"@type":"NewsArticle","@id":"https:\/\/www.suno.com.br\/noticias\/planejamento-preve-queda-deficit-primario\/#article","isPartOf":{"@id":"https:\/\/www.suno.com.br\/noticias\/planejamento-preve-queda-deficit-primario\/"},"author":{"name":"Janize Cola\u00e7o","@id":"https:\/\/www.suno.com.br\/noticias\/#\/schema\/person\/d689f06da5678e1f0b1ee402f001d676"},"headline":"Planejamento prev\u00ea queda de 53% no d\u00e9ficit prim\u00e1rio em 2023","datePublished":"2023-03-22T23:04:28+00:00","dateModified":"2023-03-22T23:04:52+00:00","mainEntityOfPage":{"@id":"https:\/\/www.suno.com.br\/noticias\/planejamento-preve-queda-deficit-primario\/"},"wordCount":574,"publisher":{"@id":"https:\/\/www.suno.com.br\/noticias\/#organization"},"image":{"@id":"https:\/\/www.suno.com.br\/noticias\/planejamento-preve-queda-deficit-primario\/#primaryimage"},"thumbnailUrl":"https:\/\/files.sunoresearch.com.br\/n\/uploads\/2022\/11\/superavit-primario-dinheiro-moeda-real-economia.jpg","keywords":["Or\u00e7amento P\u00fablico"],"articleSection":["Economia"],"inLanguage":"pt-BR"},{"@type":"WebPage","@id":"https:\/\/www.suno.com.br\/noticias\/planejamento-preve-queda-deficit-primario\/","url":"https:\/\/www.suno.com.br\/noticias\/planejamento-preve-queda-deficit-primario\/","name":"Planejamento prev\u00ea queda de 53% no d\u00e9ficit prim\u00e1rio em 2023","isPartOf":{"@id":"https:\/\/www.suno.com.br\/noticias\/#website"},"primaryImageOfPage":{"@id":"https:\/\/www.suno.com.br\/noticias\/planejamento-preve-queda-deficit-primario\/#primaryimage"},"image":{"@id":"https:\/\/www.suno.com.br\/noticias\/planejamento-preve-queda-deficit-primario\/#primaryimage"},"thumbnailUrl":"https:\/\/files.sunoresearch.com.br\/n\/uploads\/2022\/11\/superavit-primario-dinheiro-moeda-real-economia.jpg","datePublished":"2023-03-22T23:04:28+00:00","dateModified":"2023-03-22T23:04:52+00:00","description":"O Minist\u00e9rio do Planejamento projeta que o d\u00e9ficit prim\u00e1rio em 2023 cair\u00e1 cerca de 53%, para R$ 107,6 bilh\u00f5es. Entenda!","breadcrumb":{"@id":"https:\/\/www.suno.com.br\/noticias\/planejamento-preve-queda-deficit-primario\/#breadcrumb"},"inLanguage":"pt-BR","potentialAction":[{"@type":"ReadAction","target":["https:\/\/www.suno.com.br\/noticias\/planejamento-preve-queda-deficit-primario\/"]}]},{"@type":"ImageObject","inLanguage":"pt-BR","@id":"https:\/\/www.suno.com.br\/noticias\/planejamento-preve-queda-deficit-primario\/#primaryimage","url":"https:\/\/files.sunoresearch.com.br\/n\/uploads\/2022\/11\/superavit-primario-dinheiro-moeda-real-economia.jpg","contentUrl":"https:\/\/files.sunoresearch.com.br\/n\/uploads\/2022\/11\/superavit-primario-dinheiro-moeda-real-economia.jpg","width":1200,"height":800,"caption":"Fundos da Suno Asset pagam dividendos hoje (23). Foto: Joelfotos\/Pixabay"},{"@type":"BreadcrumbList","@id":"https:\/\/www.suno.com.br\/noticias\/planejamento-preve-queda-deficit-primario\/#breadcrumb","itemListElement":[{"@type":"ListItem","position":1,"name":"Not\u00edcias","item":"https:\/\/www.suno.com.br\/noticias\/"},{"@type":"ListItem","position":2,"name":"Economia","item":"https:\/\/www.suno.com.br\/noticias\/economia\/"},{"@type":"ListItem","position":3,"name":"Planejamento prev\u00ea queda de 53% no d\u00e9ficit prim\u00e1rio em 2023"}]},{"@type":"WebSite","@id":"https:\/\/www.suno.com.br\/noticias\/#website","url":"https:\/\/www.suno.com.br\/noticias\/","name":"Suno Not\u00edcias","description":"Seu portal de informa\u00e7\u00e3o sobre o mundo dos investimentos","publisher":{"@id":"https:\/\/www.suno.com.br\/noticias\/#organization"},"potentialAction":[{"@type":"SearchAction","target":{"@type":"EntryPoint","urlTemplate":"https:\/\/www.suno.com.br\/noticias\/?s={search_term_string}"},"query-input":{"@type":"PropertyValueSpecification","valueRequired":true,"valueName":"search_term_string"}}],"inLanguage":"pt-BR"},{"@type":"Organization","@id":"https:\/\/www.suno.com.br\/noticias\/#organization","name":"Suno Not\u00edcias","url":"https:\/\/www.suno.com.br\/noticias\/","logo":{"@type":"ImageObject","inLanguage":"pt-BR","@id":"https:\/\/www.suno.com.br\/noticias\/#\/schema\/logo\/image\/","url":"https:\/\/files.sunoresearch.com.br\/n\/uploads\/2021\/09\/suno-logo.png","contentUrl":"https:\/\/files.sunoresearch.com.br\/n\/uploads\/2021\/09\/suno-logo.png","width":180,"height":180,"caption":"Suno Not\u00edcias"},"image":{"@id":"https:\/\/www.suno.com.br\/noticias\/#\/schema\/logo\/image\/"},"sameAs":["https:\/\/facebook.com\/sunoresearch","https:\/\/x.com\/sunoresearch","https:\/\/www.instagram.com\/suno","https:\/\/www.linkedin.com\/company\/suno-research\/","https:\/\/www.youtube.com\/c\/sunoresearch"]},{"@type":"Person","@id":"https:\/\/www.suno.com.br\/noticias\/#\/schema\/person\/d689f06da5678e1f0b1ee402f001d676","name":"Janize Cola\u00e7o","image":{"@type":"ImageObject","inLanguage":"pt-BR","@id":"https:\/\/www.suno.com.br\/noticias\/#\/schema\/person\/image\/","url":"https:\/\/secure.gravatar.com\/avatar\/32b3bf89abae63ca2cf961bc051522d0?s=96&r=g","contentUrl":"https:\/\/secure.gravatar.com\/avatar\/32b3bf89abae63ca2cf961bc051522d0?s=96&r=g","caption":"Janize Cola\u00e7o"},"description":"Jornalista formada pela PUC-SP com passagens pela Record TV, Globo Cond\u00e9 Nast, Revista Panrotas e Editora Via. Hoje, \u00e9 rep\u00f3rter no Suno Not\u00edcias, cobrindo pautas sobre mercado, pol\u00edtica, economia e bolsa de valores.","url":"https:\/\/www.suno.com.br\/noticias\/author\/janize-colaco\/"}]}},"default_loop_html":"<div class=\"cardsPage__listCard__boxs\"><div class=\"cardsPage__listCard__boxs__img\"><a href=\"https:\/\/www.suno.com.br\/noticias\/planejamento-preve-queda-deficit-primario\/\"><img class=\"mask\" src=\"https:\/\/www.suno.com.br\/noticias\/wp-content\/themes\/suno\/resources\/images\/spotlight\/spotlight1img\/bg-mask.png\" alt=\"Image Mask\"\/><img src=\"https:\/\/files.sunoresearch.com.br\/n\/uploads\/2022\/11\/superavit-primario-dinheiro-moeda-real-economia-400x200.jpg\" alt=\"Planejamento prev\u00ea queda de 53% no d\u00e9ficit prim\u00e1rio em 2023\"\/><\/a><span class=\"spotlightCategory\"><a href=\"https:\/\/www.suno.com.br\/noticias\/economia\/\">Economia<\/a><\/span><\/div><div class=\"cardsPage__listCard__boxs__content\"><a href=\"https:\/\/www.suno.com.br\/noticias\/planejamento-preve-queda-deficit-primario\/\"><h2 class=\"content__title\">Planejamento prev\u00ea queda de 53% no d\u00e9ficit prim\u00e1rio em 2023<\/h2><\/a><div class=\"newsContent__article__meta\"><div class=\"newsContent__article__meta__authorBox\"><a href=\"https:\/\/www.suno.com.br\/noticias\/author\/janize-colaco\/\" class=\"authorBox__avatar noMobi\"><img src=\"https:\/\/files.sunoresearch.com.br\/n\/uploads\/2022\/11\/20221120_111807-1-150x150.jpg\" alt=\"Janize Cola\u00e7o\"><\/a><div class=\"authorBox__name\"><span>por\n\t\t\t<a href=\"https:\/\/www.suno.com.br\/noticias\/author\/janize-colaco\/\"><span itemprop=\"author\">Janize Cola\u00e7o<\/span><\/a><\/span><time datetime=\"2023-03-22T20:04:28-03:00\" itemprop=\"datePublished\">22\/03\/2023 20:04<\/time><\/div><\/div><\/div><\/div><\/div>","single_layout":"posts","amp_enabled":true,"_links":{"self":[{"href":"https:\/\/www.suno.com.br\/noticias\/wp-json\/wp\/v2\/posts\/379533"}],"collection":[{"href":"https:\/\/www.suno.com.br\/noticias\/wp-json\/wp\/v2\/posts"}],"about":[{"href":"https:\/\/www.suno.com.br\/noticias\/wp-json\/wp\/v2\/types\/post"}],"author":[{"embeddable":true,"href":"https:\/\/www.suno.com.br\/noticias\/wp-json\/wp\/v2\/users\/233"}],"replies":[{"embeddable":true,"href":"https:\/\/www.suno.com.br\/noticias\/wp-json\/wp\/v2\/comments?post=379533"}],"version-history":[{"count":3,"href":"https:\/\/www.suno.com.br\/noticias\/wp-json\/wp\/v2\/posts\/379533\/revisions"}],"predecessor-version":[{"id":379617,"href":"https:\/\/www.suno.com.br\/noticias\/wp-json\/wp\/v2\/posts\/379533\/revisions\/379617"}],"wp:featuredmedia":[{"embeddable":true,"href":"https:\/\/www.suno.com.br\/noticias\/wp-json\/wp\/v2\/media\/326292"}],"wp:attachment":[{"href":"https:\/\/www.suno.com.br\/noticias\/wp-json\/wp\/v2\/media?parent=379533"}],"wp:term":[{"taxonomy":"category","embeddable":true,"href":"https:\/\/www.suno.com.br\/noticias\/wp-json\/wp\/v2\/categories?post=379533"},{"taxonomy":"post_tag","embeddable":true,"href":"https:\/\/www.suno.com.br\/noticias\/wp-json\/wp\/v2\/tags?post=379533"},{"taxonomy":"suno_strategy","embeddable":true,"href":"https:\/\/www.suno.com.br\/noticias\/wp-json\/wp\/v2\/suno_strategy?post=379533"}],"curies":[{"name":"wp","href":"https:\/\/api.w.org\/{rel}","templated":true}]}}