{"id":37939,"date":"2019-09-18T08:26:29","date_gmt":"2019-09-18T11:26:29","guid":{"rendered":"https:\/\/www.suno.com.br\/noticias\/?p=37939"},"modified":"2019-09-18T08:28:10","modified_gmt":"2019-09-18T11:28:10","slug":"marfrig-debentures-emissao-carne-vegetal-acao","status":"publish","type":"post","link":"https:\/\/www.suno.com.br\/noticias\/marfrig-debentures-emissao-carne-vegetal-acao\/","title":{"rendered":"Marfrig informou que emitir\u00e1 R$ 250 milh\u00f5es em deb\u00eantures"},"content":{"rendered":"<p>Uma das maiores companhias de alimento \u00e0 base de <strong>prote\u00edna animal<\/strong>, Marfrig Global Foods (MRFG3), informou que emitir\u00e1 250 mil <a href=\"https:\/\/www.suno.com.br\/artigos\/o-que-sao-debentures\/\"><strong>deb\u00eantures<\/strong> <\/a>no valor unit\u00e1rio de R$ 1 mil.<\/p>\t<div class=\"wrapper-featured-image\">\n\t\t<figure class=\"spotlightImg\">\n\n\t\t\t<picture>\n\t\t\t\t<source media=\"(max-width: 768px)\" srcset=\"https:\/\/files.sunoresearch.com.br\/n\/uploads\/2019\/09\/73811462-marfrig-400x200.webp\">\n\t\t\t\t<img loading=\"lazy\" decoding=\"async\" class=\"newsContent__article__imgCapa lazyloadDisabled newsContent__article__imgCapa--noCaption\" src=\"https:\/\/files.sunoresearch.com.br\/n\/uploads\/2019\/09\/73811462-marfrig-800x450.webp\" width=\"800\" height=\"450\" alt=\"Marfrig informou que emitir\u00e1 R$ 250 milh\u00f5es em deb\u00eantures\" fetchpriority=high \/>\n\t\t\t<\/picture>\n\n\t\t\t<figcaption class=\"wp-caption-text wp-caption-text--hide\">Marfrig (MRFG). Foto: divulga\u00e7\u00e3o<\/figcaption>\n\t\t<\/figure>\n\t<\/div>\n\n\n\n<p>Ao todo, a emiss\u00e3o de deb\u00eantures somatizar\u00e1 250 milh\u00f5es. Trata-se da sexta emiss\u00e3o de cr\u00e9ditos privados da <strong>Marfring<\/strong>. O vencimento final tem como data setembro de 2023.<\/p>\n<h2>Marfrig ir\u00e1 exportar carne vegetal<\/h2>\n<p>Ap\u00f3s a implementa\u00e7\u00e3o de um novo hamb\u00farguer vegetal na rede Burguer King, no Brasil, a Marfrig deve come\u00e7ar a exportar carne vegetal para pelo menos quatro pa\u00edses.<\/p>\n<p>Os pa\u00edses que ser\u00e3o contemplados com o novo alimento da empresa s\u00e3o: <strong>Jap\u00e3o<\/strong>, <strong>China<\/strong>, <strong>Estados<\/strong> <strong>Unidos<\/strong> e <strong>Argentina<\/strong>.<\/p>\n<p><a href=\"\/\/www.suno.com.br\/noticias\/beyond-meat-oferta-publica-acoes-ordinarias\/\">Veja Tamb\u00e9m: Beyond Meat inicia oferta p\u00fablica de a\u00e7\u00f5es ordin\u00e1rias<\/a><\/p>\n<p>No come\u00e7o de agosto, a empresa anunciou que iria dar in\u00edcio a produ\u00e7\u00e3o e comercializa\u00e7\u00e3o de produtos feitos com prote\u00edna vegetal. A Marfrig fez um acordo com a norte-americana ADM (Archer Daniels Midland Company), uma gigante processadora agr\u00edcola, para ajudar no processo de produ\u00e7\u00e3o.<\/p>\n<p>Enquanto isso, a Marfrig deve ficar respons\u00e1vel pela produ\u00e7\u00e3o e distribui\u00e7\u00e3o dos produtos para varejo e food service. A carne vegetal est\u00e1 sendo procurada por quem quer diminuir o consumo da carne de origem animal. Alguns veganos e vegetarianos n\u00e3o consomem a carne vegetal por ser parecida demais com a animal.<\/p>\n<h2>Resultados do terceiro trimestre<\/h2>\n<p>A Marfrig Global Foods\u00a0divulgou seu <a href=\"https:\/\/www.suno.com.br\/artigos\/lucro-liquido\/\">lucro l\u00edquido<\/a> do segundo trimestre de 2019 no dia 15 de agosto. A empresa conseguiu reverter o preju\u00edzo de aproximadamente R$ 600 milh\u00f5es no mesmo per\u00edodo de 2018. O lucro l\u00edquido obtido no trimestre foi de R$ 86,5 milh\u00f5es.<\/p>\n<p>A Marfrig ainda contou neste trimestre com uma baixa de dez dias sem poder exportar alimentos para a China. Mesmo assim, a empresa conseguiu ter uma boa performance operacional.<\/p>\n\t<p>\n\t\t<a href=\"https:\/\/lp.suno.com.br\/ebook-como-analisar-uma-acao\/\" target=\"_blank\" data-element=\"shortcode-suno-banner\" title=\"Banner SUNO, clique e saiba mais\">\n\t\t\t<picture>\n\t\t\t\t<source media=\"(max-width: 500px)\" srcset=\"https:\/\/files.sunoresearch.com.br\/n\/uploads\/2023\/03\/Ebook-Acoes-Mobile-1.jpg\">\n\t\t\t\t<img class=\"newsContent__article__imgCapa newsContent__article__imgCapa--banner\"\n\t\t\t\t\tsrc=\"https:\/\/files.sunoresearch.com.br\/n\/uploads\/2023\/03\/Ebook-Acoes-Desktop-1.jpg\"\n\t\t\t\t\tdata-promo-id=\"171998\"\t\t\t\t\t\t\t\t\t\twidth='1420' height='286'\t\t\t\t\talt=\"https:\/\/files.sunoresearch.com.br\/n\/uploads\/2023\/03\/Ebook-Acoes-Desktop-1.jpg\"\n\t\t\t\t>\n\t\t\t<\/picture>\n\t\t<\/a>\n\t<\/p>\n\n\n<p>O lucro da empresa que produz alimentos \u00e0 base de prote\u00edna animal ainda ficou abaixo do resultado esperado por especialistas. O lucro l\u00edquido nas previs\u00f5es era de R$ 134,8 milh\u00f5es, de acordo com dados da empresa do mercado financeiro, Refinitiv.<\/p>\n<p>O <a href=\"https:\/\/www.suno.com.br\/artigos\/ebitda\/\">Ebitda<\/a> ajustado (lucro antes de juros, impostos, deprecia\u00e7\u00e3o e amortiza\u00e7\u00e3o) da companhia foi de R$ 1,11 bilh\u00e3o. O valor significa um avan\u00e7o de 13% na compara\u00e7\u00e3o com o mesmo per\u00edodo do ano anterior.<\/p>\n<p>\u201cOs resultados acumulados no primeiro semestre de 2019 e a tend\u00eancia positiva esperada para o pr\u00f3ximo semestre nos fazem reiterar o guidance divulgado no primeiro trimestre\u201d, comunicou a <strong>Marfrig<\/strong> em seu balan\u00e7o.<\/p>\n<h2>\u00daltima cota\u00e7\u00e3o<\/h2>\n<p>Na \u00faltima sess\u00e3o, no encerramento do preg\u00e3o da ter\u00e7a-feira (17), a<strong> Marfrig<\/strong> (MRFG3) registrou varia\u00e7\u00e3o positiva de 0,81% sendo cotado a R$ 9,92.<\/p>\n","protected":false},"excerpt":{"rendered":"<p>Uma das maiores companhias de alimento \u00e0 base de prote\u00edna animal, Marfrig Global Foods (MRFG3), informou que emitir\u00e1 250 mil deb\u00eantures no valor unit\u00e1rio de R$ 1 mil. Marfrig (MRFG). Foto: divulga\u00e7\u00e3o Ao todo, a emiss\u00e3o de deb\u00eantures somatizar\u00e1 250 milh\u00f5es. Trata-se da sexta emiss\u00e3o de cr\u00e9ditos privados da Marfring. O vencimento final tem como [&hellip;]<\/p>\n","protected":false},"author":15,"featured_media":37716,"comment_status":"closed","ping_status":"closed","sticky":false,"template":"","format":"standard","meta":[],"categories":[64],"tags":[1151,552],"suno_strategy":[],"class_list":["post-37939","post","type-post","status-publish","format-standard","has-post-thumbnail","hentry","category-negocios","tag-debentures","tag-marfrig-mrfg3"],"yoast_head":"<!-- This site is optimized with the Yoast SEO plugin v24.4 - https:\/\/yoast.com\/wordpress\/plugins\/seo\/ -->\n<title>Marfrig informou que emitir\u00e1 R$ 250 milh\u00f5es em deb\u00eantures<\/title>\n<meta name=\"description\" content=\"Marfrig Global Foods (MRFG3), informou que emitir\u00e1 250 mil deb\u00eantures no valor unit\u00e1rio de R$ 1 mil. Para saber mais clique aqui\" \/>\n<meta name=\"robots\" content=\"index, follow, max-snippet:-1, max-image-preview:large, max-video-preview:-1\" \/>\n<link rel=\"canonical\" href=\"https:\/\/www.suno.com.br\/noticias\/marfrig-debentures-emissao-carne-vegetal-acao\/\" \/>\n<meta property=\"og:locale\" content=\"pt_BR\" \/>\n<meta property=\"og:type\" content=\"article\" \/>\n<meta property=\"og:title\" content=\"Marfrig informou que emitir\u00e1 R$ 250 milh\u00f5es em deb\u00eantures\" \/>\n<meta property=\"og:description\" content=\"Marfrig Global Foods (MRFG3), informou que emitir\u00e1 250 mil deb\u00eantures no valor unit\u00e1rio de R$ 1 mil. Para saber mais clique aqui\" \/>\n<meta property=\"og:url\" content=\"https:\/\/www.suno.com.br\/noticias\/marfrig-debentures-emissao-carne-vegetal-acao\/\" \/>\n<meta property=\"og:site_name\" content=\"Suno Not\u00edcias\" \/>\n<meta property=\"article:publisher\" content=\"https:\/\/facebook.com\/sunoresearch\" \/>\n<meta property=\"og:image\" content=\"https:\/\/files.sunoresearch.com.br\/n\/uploads\/2019\/09\/73811462-marfrig.jpg\" \/>\n\t<meta property=\"og:image:width\" content=\"1200\" \/>\n\t<meta property=\"og:image:height\" content=\"600\" \/>\n\t<meta property=\"og:image:type\" content=\"image\/jpeg\" \/>\n<meta name=\"author\" content=\"Poliana Santos\" \/>\n<meta name=\"twitter:card\" content=\"summary_large_image\" \/>\n<meta name=\"twitter:creator\" content=\"@sunoresearch\" \/>\n<meta name=\"twitter:site\" content=\"@sunoresearch\" \/>\n<meta name=\"twitter:label1\" content=\"Escrito por\" \/>\n\t<meta name=\"twitter:data1\" content=\"Poliana Santos\" \/>\n\t<meta name=\"twitter:label2\" content=\"Est. tempo de leitura\" \/>\n\t<meta name=\"twitter:data2\" content=\"2 minutos\" \/>\n<script type=\"application\/ld+json\" class=\"yoast-schema-graph\">{\"@context\":\"https:\/\/schema.org\",\"@graph\":[{\"@type\":\"NewsArticle\",\"@id\":\"https:\/\/www.suno.com.br\/noticias\/marfrig-debentures-emissao-carne-vegetal-acao\/#article\",\"isPartOf\":{\"@id\":\"https:\/\/www.suno.com.br\/noticias\/marfrig-debentures-emissao-carne-vegetal-acao\/\"},\"author\":{\"name\":\"Poliana Santos\",\"@id\":\"https:\/\/www.suno.com.br\/noticias\/#\/schema\/person\/02ec1f752758247878a2bf4abee1aeda\"},\"headline\":\"Marfrig informou que emitir\u00e1 R$ 250 milh\u00f5es em deb\u00eantures\",\"datePublished\":\"2019-09-18T11:26:29+00:00\",\"dateModified\":\"2019-09-18T11:28:10+00:00\",\"mainEntityOfPage\":{\"@id\":\"https:\/\/www.suno.com.br\/noticias\/marfrig-debentures-emissao-carne-vegetal-acao\/\"},\"wordCount\":472,\"publisher\":{\"@id\":\"https:\/\/www.suno.com.br\/noticias\/#organization\"},\"image\":{\"@id\":\"https:\/\/www.suno.com.br\/noticias\/marfrig-debentures-emissao-carne-vegetal-acao\/#primaryimage\"},\"thumbnailUrl\":\"https:\/\/files.sunoresearch.com.br\/n\/uploads\/2019\/09\/73811462-marfrig-jpg.webp\",\"keywords\":[\"deb\u00eantures\",\"Marfrig (MRFG3)\"],\"articleSection\":[\"Neg\u00f3cios\"],\"inLanguage\":\"pt-BR\"},{\"@type\":\"WebPage\",\"@id\":\"https:\/\/www.suno.com.br\/noticias\/marfrig-debentures-emissao-carne-vegetal-acao\/\",\"url\":\"https:\/\/www.suno.com.br\/noticias\/marfrig-debentures-emissao-carne-vegetal-acao\/\",\"name\":\"Marfrig informou que emitir\u00e1 R$ 250 milh\u00f5es em deb\u00eantures\",\"isPartOf\":{\"@id\":\"https:\/\/www.suno.com.br\/noticias\/#website\"},\"primaryImageOfPage\":{\"@id\":\"https:\/\/www.suno.com.br\/noticias\/marfrig-debentures-emissao-carne-vegetal-acao\/#primaryimage\"},\"image\":{\"@id\":\"https:\/\/www.suno.com.br\/noticias\/marfrig-debentures-emissao-carne-vegetal-acao\/#primaryimage\"},\"thumbnailUrl\":\"https:\/\/files.sunoresearch.com.br\/n\/uploads\/2019\/09\/73811462-marfrig-jpg.webp\",\"datePublished\":\"2019-09-18T11:26:29+00:00\",\"dateModified\":\"2019-09-18T11:28:10+00:00\",\"description\":\"Marfrig Global Foods (MRFG3), informou que emitir\u00e1 250 mil deb\u00eantures no valor unit\u00e1rio de R$ 1 mil. Para saber mais clique aqui\",\"breadcrumb\":{\"@id\":\"https:\/\/www.suno.com.br\/noticias\/marfrig-debentures-emissao-carne-vegetal-acao\/#breadcrumb\"},\"inLanguage\":\"pt-BR\",\"potentialAction\":[{\"@type\":\"ReadAction\",\"target\":[\"https:\/\/www.suno.com.br\/noticias\/marfrig-debentures-emissao-carne-vegetal-acao\/\"]}]},{\"@type\":\"ImageObject\",\"inLanguage\":\"pt-BR\",\"@id\":\"https:\/\/www.suno.com.br\/noticias\/marfrig-debentures-emissao-carne-vegetal-acao\/#primaryimage\",\"url\":\"https:\/\/files.sunoresearch.com.br\/n\/uploads\/2019\/09\/73811462-marfrig-jpg.webp\",\"contentUrl\":\"https:\/\/files.sunoresearch.com.br\/n\/uploads\/2019\/09\/73811462-marfrig-jpg.webp\",\"width\":1200,\"height\":600,\"caption\":\"Marfrig (MRFG). Foto: divulga\u00e7\u00e3o\"},{\"@type\":\"BreadcrumbList\",\"@id\":\"https:\/\/www.suno.com.br\/noticias\/marfrig-debentures-emissao-carne-vegetal-acao\/#breadcrumb\",\"itemListElement\":[{\"@type\":\"ListItem\",\"position\":1,\"name\":\"Not\u00edcias\",\"item\":\"https:\/\/www.suno.com.br\/noticias\/\"},{\"@type\":\"ListItem\",\"position\":2,\"name\":\"Neg\u00f3cios\",\"item\":\"https:\/\/www.suno.com.br\/noticias\/negocios\/\"},{\"@type\":\"ListItem\",\"position\":3,\"name\":\"Marfrig informou que emitir\u00e1 R$ 250 milh\u00f5es em deb\u00eantures\"}]},{\"@type\":\"WebSite\",\"@id\":\"https:\/\/www.suno.com.br\/noticias\/#website\",\"url\":\"https:\/\/www.suno.com.br\/noticias\/\",\"name\":\"Suno Not\u00edcias\",\"description\":\"Seu portal de informa\u00e7\u00e3o sobre o mundo dos investimentos\",\"publisher\":{\"@id\":\"https:\/\/www.suno.com.br\/noticias\/#organization\"},\"potentialAction\":[{\"@type\":\"SearchAction\",\"target\":{\"@type\":\"EntryPoint\",\"urlTemplate\":\"https:\/\/www.suno.com.br\/noticias\/?s={search_term_string}\"},\"query-input\":{\"@type\":\"PropertyValueSpecification\",\"valueRequired\":true,\"valueName\":\"search_term_string\"}}],\"inLanguage\":\"pt-BR\"},{\"@type\":\"Organization\",\"@id\":\"https:\/\/www.suno.com.br\/noticias\/#organization\",\"name\":\"Suno Not\u00edcias\",\"url\":\"https:\/\/www.suno.com.br\/noticias\/\",\"logo\":{\"@type\":\"ImageObject\",\"inLanguage\":\"pt-BR\",\"@id\":\"https:\/\/www.suno.com.br\/noticias\/#\/schema\/logo\/image\/\",\"url\":\"https:\/\/files.sunoresearch.com.br\/n\/uploads\/2021\/09\/suno-logo.png\",\"contentUrl\":\"https:\/\/files.sunoresearch.com.br\/n\/uploads\/2021\/09\/suno-logo.png\",\"width\":180,\"height\":180,\"caption\":\"Suno Not\u00edcias\"},\"image\":{\"@id\":\"https:\/\/www.suno.com.br\/noticias\/#\/schema\/logo\/image\/\"},\"sameAs\":[\"https:\/\/facebook.com\/sunoresearch\",\"https:\/\/x.com\/sunoresearch\",\"https:\/\/www.instagram.com\/suno\",\"https:\/\/www.linkedin.com\/company\/suno-research\/\",\"https:\/\/www.youtube.com\/c\/sunoresearch\"]},{\"@type\":\"Person\",\"@id\":\"https:\/\/www.suno.com.br\/noticias\/#\/schema\/person\/02ec1f752758247878a2bf4abee1aeda\",\"name\":\"Poliana Santos\",\"image\":{\"@type\":\"ImageObject\",\"inLanguage\":\"pt-BR\",\"@id\":\"https:\/\/www.suno.com.br\/noticias\/#\/schema\/person\/image\/\",\"url\":\"https:\/\/secure.gravatar.com\/avatar\/0645bd32f23d87b2130f2b2dff1d3f8d?s=96&r=g\",\"contentUrl\":\"https:\/\/secure.gravatar.com\/avatar\/0645bd32f23d87b2130f2b2dff1d3f8d?s=96&r=g\",\"caption\":\"Poliana Santos\"},\"description\":\"Rep\u00f3rter no Suno Not\u00edcias, com cobertura em mercado financeiro, economia, finan\u00e7as pessoais, renda fixa e varejo. Jornalista formada pela Faculdade C\u00e1sper L\u00edbero e possui passagem na R\u00e1dio Gazeta AM com a produ\u00e7\u00e3o de conte\u00fado sobre economia, pol\u00edtica, sa\u00fade, moda e m\u00fasica. Possui certificado de conclus\u00e3o do curso de An\u00e1lise de Balan\u00e7os pela Funda\u00e7\u00e3o Bradesco, Agenda Brasil pela FAAP, Educa\u00e7\u00e3o Pol\u00edtica por Alexandre Garcia e do Tesouro Direto e Mercado de A\u00e7\u00f5es pela B3.\",\"url\":\"https:\/\/www.suno.com.br\/noticias\/author\/poliana-santos\/\"}]}<\/script>\n<!-- \/ Yoast SEO plugin. -->","yoast_head_json":{"title":"Marfrig informou que emitir\u00e1 R$ 250 milh\u00f5es em deb\u00eantures","description":"Marfrig Global Foods (MRFG3), informou que emitir\u00e1 250 mil deb\u00eantures no valor unit\u00e1rio de R$ 1 mil. Para saber mais clique aqui","robots":{"index":"index","follow":"follow","max-snippet":"max-snippet:-1","max-image-preview":"max-image-preview:large","max-video-preview":"max-video-preview:-1"},"canonical":"https:\/\/www.suno.com.br\/noticias\/marfrig-debentures-emissao-carne-vegetal-acao\/","og_locale":"pt_BR","og_type":"article","og_title":"Marfrig informou que emitir\u00e1 R$ 250 milh\u00f5es em deb\u00eantures","og_description":"Marfrig Global Foods (MRFG3), informou que emitir\u00e1 250 mil deb\u00eantures no valor unit\u00e1rio de R$ 1 mil. Para saber mais clique aqui","og_url":"https:\/\/www.suno.com.br\/noticias\/marfrig-debentures-emissao-carne-vegetal-acao\/","og_site_name":"Suno Not\u00edcias","article_publisher":"https:\/\/facebook.com\/sunoresearch","og_image":[{"width":1200,"height":600,"url":"https:\/\/files.sunoresearch.com.br\/n\/uploads\/2019\/09\/73811462-marfrig.jpg","type":"image\/jpeg"}],"author":"Poliana Santos","twitter_card":"summary_large_image","twitter_creator":"@sunoresearch","twitter_site":"@sunoresearch","twitter_misc":{"Escrito por":"Poliana Santos","Est. tempo de leitura":"2 minutos"},"schema":{"@context":"https:\/\/schema.org","@graph":[{"@type":"NewsArticle","@id":"https:\/\/www.suno.com.br\/noticias\/marfrig-debentures-emissao-carne-vegetal-acao\/#article","isPartOf":{"@id":"https:\/\/www.suno.com.br\/noticias\/marfrig-debentures-emissao-carne-vegetal-acao\/"},"author":{"name":"Poliana Santos","@id":"https:\/\/www.suno.com.br\/noticias\/#\/schema\/person\/02ec1f752758247878a2bf4abee1aeda"},"headline":"Marfrig informou que emitir\u00e1 R$ 250 milh\u00f5es em deb\u00eantures","datePublished":"2019-09-18T11:26:29+00:00","dateModified":"2019-09-18T11:28:10+00:00","mainEntityOfPage":{"@id":"https:\/\/www.suno.com.br\/noticias\/marfrig-debentures-emissao-carne-vegetal-acao\/"},"wordCount":472,"publisher":{"@id":"https:\/\/www.suno.com.br\/noticias\/#organization"},"image":{"@id":"https:\/\/www.suno.com.br\/noticias\/marfrig-debentures-emissao-carne-vegetal-acao\/#primaryimage"},"thumbnailUrl":"https:\/\/files.sunoresearch.com.br\/n\/uploads\/2019\/09\/73811462-marfrig-jpg.webp","keywords":["deb\u00eantures","Marfrig (MRFG3)"],"articleSection":["Neg\u00f3cios"],"inLanguage":"pt-BR"},{"@type":"WebPage","@id":"https:\/\/www.suno.com.br\/noticias\/marfrig-debentures-emissao-carne-vegetal-acao\/","url":"https:\/\/www.suno.com.br\/noticias\/marfrig-debentures-emissao-carne-vegetal-acao\/","name":"Marfrig informou que emitir\u00e1 R$ 250 milh\u00f5es em deb\u00eantures","isPartOf":{"@id":"https:\/\/www.suno.com.br\/noticias\/#website"},"primaryImageOfPage":{"@id":"https:\/\/www.suno.com.br\/noticias\/marfrig-debentures-emissao-carne-vegetal-acao\/#primaryimage"},"image":{"@id":"https:\/\/www.suno.com.br\/noticias\/marfrig-debentures-emissao-carne-vegetal-acao\/#primaryimage"},"thumbnailUrl":"https:\/\/files.sunoresearch.com.br\/n\/uploads\/2019\/09\/73811462-marfrig-jpg.webp","datePublished":"2019-09-18T11:26:29+00:00","dateModified":"2019-09-18T11:28:10+00:00","description":"Marfrig Global Foods (MRFG3), informou que emitir\u00e1 250 mil deb\u00eantures no valor unit\u00e1rio de R$ 1 mil. Para saber mais clique aqui","breadcrumb":{"@id":"https:\/\/www.suno.com.br\/noticias\/marfrig-debentures-emissao-carne-vegetal-acao\/#breadcrumb"},"inLanguage":"pt-BR","potentialAction":[{"@type":"ReadAction","target":["https:\/\/www.suno.com.br\/noticias\/marfrig-debentures-emissao-carne-vegetal-acao\/"]}]},{"@type":"ImageObject","inLanguage":"pt-BR","@id":"https:\/\/www.suno.com.br\/noticias\/marfrig-debentures-emissao-carne-vegetal-acao\/#primaryimage","url":"https:\/\/files.sunoresearch.com.br\/n\/uploads\/2019\/09\/73811462-marfrig-jpg.webp","contentUrl":"https:\/\/files.sunoresearch.com.br\/n\/uploads\/2019\/09\/73811462-marfrig-jpg.webp","width":1200,"height":600,"caption":"Marfrig (MRFG). Foto: divulga\u00e7\u00e3o"},{"@type":"BreadcrumbList","@id":"https:\/\/www.suno.com.br\/noticias\/marfrig-debentures-emissao-carne-vegetal-acao\/#breadcrumb","itemListElement":[{"@type":"ListItem","position":1,"name":"Not\u00edcias","item":"https:\/\/www.suno.com.br\/noticias\/"},{"@type":"ListItem","position":2,"name":"Neg\u00f3cios","item":"https:\/\/www.suno.com.br\/noticias\/negocios\/"},{"@type":"ListItem","position":3,"name":"Marfrig informou que emitir\u00e1 R$ 250 milh\u00f5es em deb\u00eantures"}]},{"@type":"WebSite","@id":"https:\/\/www.suno.com.br\/noticias\/#website","url":"https:\/\/www.suno.com.br\/noticias\/","name":"Suno Not\u00edcias","description":"Seu portal de informa\u00e7\u00e3o sobre o mundo dos investimentos","publisher":{"@id":"https:\/\/www.suno.com.br\/noticias\/#organization"},"potentialAction":[{"@type":"SearchAction","target":{"@type":"EntryPoint","urlTemplate":"https:\/\/www.suno.com.br\/noticias\/?s={search_term_string}"},"query-input":{"@type":"PropertyValueSpecification","valueRequired":true,"valueName":"search_term_string"}}],"inLanguage":"pt-BR"},{"@type":"Organization","@id":"https:\/\/www.suno.com.br\/noticias\/#organization","name":"Suno Not\u00edcias","url":"https:\/\/www.suno.com.br\/noticias\/","logo":{"@type":"ImageObject","inLanguage":"pt-BR","@id":"https:\/\/www.suno.com.br\/noticias\/#\/schema\/logo\/image\/","url":"https:\/\/files.sunoresearch.com.br\/n\/uploads\/2021\/09\/suno-logo.png","contentUrl":"https:\/\/files.sunoresearch.com.br\/n\/uploads\/2021\/09\/suno-logo.png","width":180,"height":180,"caption":"Suno Not\u00edcias"},"image":{"@id":"https:\/\/www.suno.com.br\/noticias\/#\/schema\/logo\/image\/"},"sameAs":["https:\/\/facebook.com\/sunoresearch","https:\/\/x.com\/sunoresearch","https:\/\/www.instagram.com\/suno","https:\/\/www.linkedin.com\/company\/suno-research\/","https:\/\/www.youtube.com\/c\/sunoresearch"]},{"@type":"Person","@id":"https:\/\/www.suno.com.br\/noticias\/#\/schema\/person\/02ec1f752758247878a2bf4abee1aeda","name":"Poliana Santos","image":{"@type":"ImageObject","inLanguage":"pt-BR","@id":"https:\/\/www.suno.com.br\/noticias\/#\/schema\/person\/image\/","url":"https:\/\/secure.gravatar.com\/avatar\/0645bd32f23d87b2130f2b2dff1d3f8d?s=96&r=g","contentUrl":"https:\/\/secure.gravatar.com\/avatar\/0645bd32f23d87b2130f2b2dff1d3f8d?s=96&r=g","caption":"Poliana Santos"},"description":"Rep\u00f3rter no Suno Not\u00edcias, com cobertura em mercado financeiro, economia, finan\u00e7as pessoais, renda fixa e varejo. Jornalista formada pela Faculdade C\u00e1sper L\u00edbero e possui passagem na R\u00e1dio Gazeta AM com a produ\u00e7\u00e3o de conte\u00fado sobre economia, pol\u00edtica, sa\u00fade, moda e m\u00fasica. Possui certificado de conclus\u00e3o do curso de An\u00e1lise de Balan\u00e7os pela Funda\u00e7\u00e3o Bradesco, Agenda Brasil pela FAAP, Educa\u00e7\u00e3o Pol\u00edtica por Alexandre Garcia e do Tesouro Direto e Mercado de A\u00e7\u00f5es pela B3.","url":"https:\/\/www.suno.com.br\/noticias\/author\/poliana-santos\/"}]}},"default_loop_html":"<div class=\"cardsPage__listCard__boxs\"><div class=\"cardsPage__listCard__boxs__img\"><a href=\"https:\/\/www.suno.com.br\/noticias\/marfrig-debentures-emissao-carne-vegetal-acao\/\"><img class=\"mask\" src=\"https:\/\/www.suno.com.br\/noticias\/wp-content\/themes\/suno\/resources\/images\/spotlight\/spotlight1img\/bg-mask.png\" alt=\"Image Mask\"\/><img src=\"https:\/\/files.sunoresearch.com.br\/n\/uploads\/2019\/09\/73811462-marfrig-400x200.webp\" alt=\"Marfrig informou que emitir\u00e1 R$ 250 milh\u00f5es em deb\u00eantures\"\/><\/a><span class=\"spotlightCategory\"><a href=\"https:\/\/www.suno.com.br\/noticias\/negocios\/\">Neg\u00f3cios<\/a><\/span><\/div><div class=\"cardsPage__listCard__boxs__content\"><a href=\"https:\/\/www.suno.com.br\/noticias\/marfrig-debentures-emissao-carne-vegetal-acao\/\"><h2 class=\"content__title\">Marfrig informou que emitir\u00e1 R$ 250 milh\u00f5es em deb\u00eantures<\/h2><\/a><div class=\"newsContent__article__meta\"><div class=\"newsContent__article__meta__authorBox\"><a href=\"https:\/\/www.suno.com.br\/noticias\/author\/poliana-santos\/\" class=\"authorBox__avatar noMobi\"><img src=\"https:\/\/files.sunoresearch.com.br\/n\/uploads\/2020\/08\/7ef34026-whatsapp-image-2020-08-03-at-12.37.57-150x150.webp\" alt=\"Poliana Santos\"><\/a><div class=\"authorBox__name\"><span>por\n\t\t\t<a href=\"https:\/\/www.suno.com.br\/noticias\/author\/poliana-santos\/\"><span itemprop=\"author\">Poliana Santos<\/span><\/a><\/span><time datetime=\"2019-09-18T08:26:29-03:00\" itemprop=\"datePublished\">18\/09\/2019 08:26<\/time><\/div><\/div><\/div><\/div><\/div>","single_layout":"posts","amp_enabled":true,"_links":{"self":[{"href":"https:\/\/www.suno.com.br\/noticias\/wp-json\/wp\/v2\/posts\/37939"}],"collection":[{"href":"https:\/\/www.suno.com.br\/noticias\/wp-json\/wp\/v2\/posts"}],"about":[{"href":"https:\/\/www.suno.com.br\/noticias\/wp-json\/wp\/v2\/types\/post"}],"author":[{"embeddable":true,"href":"https:\/\/www.suno.com.br\/noticias\/wp-json\/wp\/v2\/users\/15"}],"replies":[{"embeddable":true,"href":"https:\/\/www.suno.com.br\/noticias\/wp-json\/wp\/v2\/comments?post=37939"}],"version-history":[{"count":0,"href":"https:\/\/www.suno.com.br\/noticias\/wp-json\/wp\/v2\/posts\/37939\/revisions"}],"wp:featuredmedia":[{"embeddable":true,"href":"https:\/\/www.suno.com.br\/noticias\/wp-json\/wp\/v2\/media\/37716"}],"wp:attachment":[{"href":"https:\/\/www.suno.com.br\/noticias\/wp-json\/wp\/v2\/media?parent=37939"}],"wp:term":[{"taxonomy":"category","embeddable":true,"href":"https:\/\/www.suno.com.br\/noticias\/wp-json\/wp\/v2\/categories?post=37939"},{"taxonomy":"post_tag","embeddable":true,"href":"https:\/\/www.suno.com.br\/noticias\/wp-json\/wp\/v2\/tags?post=37939"},{"taxonomy":"suno_strategy","embeddable":true,"href":"https:\/\/www.suno.com.br\/noticias\/wp-json\/wp\/v2\/suno_strategy?post=37939"}],"curies":[{"name":"wp","href":"https:\/\/api.w.org\/{rel}","templated":true}]}}