{"id":37933,"date":"2019-09-17T21:02:59","date_gmt":"2019-09-18T00:02:59","guid":{"rendered":"https:\/\/www.suno.com.br\/noticias\/?p=37933"},"modified":"2019-09-17T21:02:59","modified_gmt":"2019-09-18T00:02:59","slug":"cemig-integrara-indice-sustentabilidade-dow-jones","status":"publish","type":"post","link":"https:\/\/www.suno.com.br\/noticias\/cemig-integrara-indice-sustentabilidade-dow-jones\/","title":{"rendered":"Cemig integrar\u00e1 o \u00edndice de sustentabilidade do Dow Jones"},"content":{"rendered":"<p>Em comunicado enviado ao mercado nesta ter\u00e7a-feira (17), a Cemig (CMIG4) declarou que foi selecionada para compor o <strong>\u00cdndice Dow Jones de Sustentabilidade<\/strong> de 2019 a 2020.<\/p>\t<div class=\"wrapper-featured-image\">\n\t\t<figure class=\"spotlightImg\">\n\n\t\t\t<picture>\n\t\t\t\t<source media=\"(max-width: 768px)\" srcset=\"https:\/\/files.sunoresearch.com.br\/n\/uploads\/2019\/04\/9aedbfff-cemig-400x200.webp\">\n\t\t\t\t<img loading=\"lazy\" decoding=\"async\" class=\"newsContent__article__imgCapa lazyloadDisabled newsContent__article__imgCapa--noCaption\" src=\"https:\/\/files.sunoresearch.com.br\/n\/uploads\/2019\/04\/9aedbfff-cemig-jpg.webp\" width=\"800\" height=\"450\" alt=\"Cemig integrar\u00e1 o \u00edndice de sustentabilidade do Dow Jones\" fetchpriority=high \/>\n\t\t\t<\/picture>\n\n\t\t\t<figcaption class=\"wp-caption-text wp-caption-text--hide\">Cemig (Foto: Divulga\u00e7\u00e3o)<\/figcaption>\n\t\t<\/figure>\n\t<\/div>\n\n\n\n<p>O \u00edndice \u00e9 composto por a\u00e7\u00f5es das <strong>maiores empresas globais<\/strong> que, em suas diferentes categorias econ\u00f4micas, se destacam pelo desempenho em sustentabilidade.<\/p>\n<p>A empresa \u00e9 a \u00fanica companhia el\u00e9trica fora da <strong>Europa<\/strong> a ocupar a posi\u00e7\u00e3o. Dentre as 77 empresas do setor, o <strong>Dow Jones<\/strong> selecionou oito.<\/p>\n\t<p>\n\t\t<a href=\"https:\/\/lp.suno.com.br\/ao\/cadastro-whatsapp\/?utm_source=sunoresearch&#038;utm_medium=banner.sidebar&#038;utm_campaign=_SNC1787C4C9_\" target=\"_blank\" data-element=\"shortcode-suno-banner\" title=\"Banner SUNO, clique e saiba mais\">\n\t\t\t<picture>\n\t\t\t\t<source media=\"(max-width: 500px)\" srcset=\"https:\/\/files.sunoresearch.com.br\/n\/uploads\/2024\/09\/wpp-suno.png\">\n\t\t\t\t<img class=\"newsContent__article__imgCapa newsContent__article__imgCapa--banner\"\n\t\t\t\t\tsrc=\"https:\/\/files.sunoresearch.com.br\/n\/uploads\/2024\/09\/wpp-suno.png\"\n\t\t\t\t\tdata-promo-id=\"574195\"\t\t\t\t\t\t\t\t\t\twidth='360' height='98'\t\t\t\t\talt=\"https:\/\/files.sunoresearch.com.br\/n\/uploads\/2024\/09\/wpp-suno.png\"\n\t\t\t\t>\n\t\t\t<\/picture>\n\t\t<\/a>\n\t<\/p>\n\n\n<p>A <strong>Cemig<\/strong> informou que: \u201cpermanecer no <strong>\u00cdndice Dow Jones<\/strong> de Sustentabilidade por 20 anos consecutivos reitera a determina\u00e7\u00e3o da Cemig em prosseguir com o crescimento sustent\u00e1vel, direcionado para cria\u00e7\u00e3o de valor para os seus acionistas, empregados e fornecedores e ao bem-estar da sociedade\u201d.<\/p>\n<p>N\u00e3o \u00e9 o primeiro feito marcante da empresa, a <strong>Cemig<\/strong> foi a primeira empresa a voltar a ser cotada desde 11 de setembro, e\u00a0 tamb\u00e9m foi uma das primeiras brasileiras a ser cotada em Nova York.<\/p>\n<h2>Moody&#8217;s eleva perspectiva da Cemig<\/h2>\n<p>No come\u00e7o de setembro, a ag\u00eancia de classifica\u00e7\u00e3o de risco <strong>Moody&#8217;s<\/strong>, alterou a perspectiva da companhia el\u00e9trica <strong>Cemig,<\/strong> passando de est\u00e1vel para positiva. Al\u00e9m disso, a ag\u00eancia permaneceu com o rating global da empresa em <strong>B1<\/strong>. O rating nacional da el\u00e9trica foi elevado para &#8220;<strong>Baa1.br<\/strong>&#8220;. As informa\u00e7\u00f5es foram divulgadas pela ag\u00eancia Reuters.<\/p>\n<p><a href=\"https:\/\/www.suno.com.br\/noticias\/moodys-eleva-perspectiva-cemig-rating-global-empresa\/\">Saiba mais: Moody&#8217;s eleva perspectiva da Cemig e mant\u00e9m rating global da empresa<\/a><\/p>\n<p>Segundo a ag\u00eancia, as notas levam em considera\u00e7\u00e3o a baixa chance de apoio extraordin\u00e1rio do Estado em caso de problemas financeiras da empresa<strong> ,<\/strong> um n\u00edvel elevado de depend\u00eancia entre da empresa e o Estado, o perfil de cr\u00e9dito da el\u00e9trica e o rating para <strong>Minas Gerais<\/strong> (B2 est\u00e1vel).<\/p>\n\t<p>\n\t\t<a href=\"https:\/\/lp.suno.com.br\/suno-one\/?utm_campaign=_SNC6964518A_\" target=\"_blank\" data-element=\"shortcode-suno-banner\" title=\"Banner SUNO, clique e saiba mais\">\n\t\t\t<picture>\n\t\t\t\t<source media=\"(max-width: 500px)\" srcset=\"https:\/\/files.sunoresearch.com.br\/n\/uploads\/2025\/09\/400x300-Suno-One-png.webp\">\n\t\t\t\t<img class=\"newsContent__article__imgCapa newsContent__article__imgCapa--banner\"\n\t\t\t\t\tsrc=\"https:\/\/files.sunoresearch.com.br\/n\/uploads\/2025\/09\/1420x240-Suno-One-png.webp\"\n\t\t\t\t\tdata-promo-id=\"85810\"\t\t\t\t\t\t\t\t\t\twidth='1420' height='240'\t\t\t\t\talt=\"https:\/\/files.sunoresearch.com.br\/n\/uploads\/2025\/09\/1420x240-Suno-One-png.webp\"\n\t\t\t\t>\n\t\t\t<\/picture>\n\t\t<\/a>\n\t<\/p>\n\n\n<p>Em comunicado a ag\u00eancia afirmou que: \u201cAs a\u00e7\u00f5es de rating refletem uma percep\u00e7\u00e3o de melhora cont\u00ednua do perfil de liquidez da <strong>Cemig,<\/strong> al\u00e9m de uma estrat\u00e9gia de gest\u00e3o de passivos e pol\u00edtica financeira mais prudentes\u201d.<\/p>\n","protected":false},"excerpt":{"rendered":"<p>Em comunicado enviado ao mercado nesta ter\u00e7a-feira (17), a Cemig (CMIG4) declarou que foi selecionada para compor o \u00cdndice Dow Jones de Sustentabilidade de 2019 a 2020. Cemig (Foto: Divulga\u00e7\u00e3o) O \u00edndice \u00e9 composto por a\u00e7\u00f5es das maiores empresas globais que, em suas diferentes categorias econ\u00f4micas, se destacam pelo desempenho em sustentabilidade. A empresa \u00e9 [&hellip;]<\/p>\n","protected":false},"author":23,"featured_media":20284,"comment_status":"closed","ping_status":"closed","sticky":false,"template":"","format":"standard","meta":[],"categories":[64],"tags":[420,2006,921],"suno_strategy":[],"class_list":["post-37933","post","type-post","status-publish","format-standard","has-post-thumbnail","hentry","category-negocios","tag-cemig-cmig3-cmig4","tag-dow-jones","tag-minas-gerais"],"yoast_head":"<!-- This site is optimized with the Yoast SEO plugin v24.4 - https:\/\/yoast.com\/wordpress\/plugins\/seo\/ -->\n<title>Cemig integrar\u00e1 o \u00edndice de sustentabilidade do Dow Jones<\/title>\n<meta name=\"description\" content=\"A Cemig declarou que foi selecionada para compor o \u00cdndice Dow Jones de Sustentabilidade de 2019 a 2020. Clique aqui para saber mais.\" \/>\n<meta name=\"robots\" content=\"index, follow, max-snippet:-1, max-image-preview:large, max-video-preview:-1\" \/>\n<link rel=\"canonical\" href=\"https:\/\/www.suno.com.br\/noticias\/cemig-integrara-indice-sustentabilidade-dow-jones\/\" \/>\n<meta property=\"og:locale\" content=\"pt_BR\" \/>\n<meta property=\"og:type\" content=\"article\" \/>\n<meta property=\"og:title\" content=\"Cemig integrar\u00e1 o \u00edndice de sustentabilidade do Dow Jones\" \/>\n<meta property=\"og:description\" content=\"A Cemig declarou que foi selecionada para compor o \u00cdndice Dow Jones de Sustentabilidade de 2019 a 2020. Clique aqui para saber mais.\" \/>\n<meta property=\"og:url\" content=\"https:\/\/www.suno.com.br\/noticias\/cemig-integrara-indice-sustentabilidade-dow-jones\/\" \/>\n<meta property=\"og:site_name\" content=\"Suno Not\u00edcias\" \/>\n<meta property=\"article:publisher\" content=\"https:\/\/facebook.com\/sunoresearch\" \/>\n<meta property=\"og:image\" content=\"https:\/\/files.sunoresearch.com.br\/n\/uploads\/2019\/04\/9aedbfff-cemig.jpg\" \/>\n\t<meta property=\"og:image:width\" content=\"620\" \/>\n\t<meta property=\"og:image:height\" content=\"430\" \/>\n\t<meta property=\"og:image:type\" content=\"image\/jpeg\" \/>\n<meta name=\"author\" content=\"Rafael Lara\" \/>\n<meta name=\"twitter:card\" content=\"summary_large_image\" \/>\n<meta name=\"twitter:creator\" content=\"@sunoresearch\" \/>\n<meta name=\"twitter:site\" content=\"@sunoresearch\" \/>\n<meta name=\"twitter:label1\" content=\"Escrito por\" \/>\n\t<meta name=\"twitter:data1\" content=\"Rafael Lara\" \/>\n\t<meta name=\"twitter:label2\" content=\"Est. tempo de leitura\" \/>\n\t<meta name=\"twitter:data2\" content=\"2 minutos\" \/>\n<script type=\"application\/ld+json\" class=\"yoast-schema-graph\">{\"@context\":\"https:\/\/schema.org\",\"@graph\":[{\"@type\":\"NewsArticle\",\"@id\":\"https:\/\/www.suno.com.br\/noticias\/cemig-integrara-indice-sustentabilidade-dow-jones\/#article\",\"isPartOf\":{\"@id\":\"https:\/\/www.suno.com.br\/noticias\/cemig-integrara-indice-sustentabilidade-dow-jones\/\"},\"author\":{\"name\":\"Rafael Lara\",\"@id\":\"https:\/\/www.suno.com.br\/noticias\/#\/schema\/person\/098743caeed97b37f51315c9576c4078\"},\"headline\":\"Cemig integrar\u00e1 o \u00edndice de sustentabilidade do Dow Jones\",\"datePublished\":\"2019-09-18T00:02:59+00:00\",\"mainEntityOfPage\":{\"@id\":\"https:\/\/www.suno.com.br\/noticias\/cemig-integrara-indice-sustentabilidade-dow-jones\/\"},\"wordCount\":355,\"publisher\":{\"@id\":\"https:\/\/www.suno.com.br\/noticias\/#organization\"},\"image\":{\"@id\":\"https:\/\/www.suno.com.br\/noticias\/cemig-integrara-indice-sustentabilidade-dow-jones\/#primaryimage\"},\"thumbnailUrl\":\"https:\/\/files.sunoresearch.com.br\/n\/uploads\/2019\/04\/9aedbfff-cemig-jpg.webp\",\"keywords\":[\"Cemig (CMIG3\/CMIG4)\",\"Dow Jones\",\"Minas Gerais\"],\"articleSection\":[\"Neg\u00f3cios\"],\"inLanguage\":\"pt-BR\"},{\"@type\":\"WebPage\",\"@id\":\"https:\/\/www.suno.com.br\/noticias\/cemig-integrara-indice-sustentabilidade-dow-jones\/\",\"url\":\"https:\/\/www.suno.com.br\/noticias\/cemig-integrara-indice-sustentabilidade-dow-jones\/\",\"name\":\"Cemig integrar\u00e1 o \u00edndice de sustentabilidade do Dow Jones\",\"isPartOf\":{\"@id\":\"https:\/\/www.suno.com.br\/noticias\/#website\"},\"primaryImageOfPage\":{\"@id\":\"https:\/\/www.suno.com.br\/noticias\/cemig-integrara-indice-sustentabilidade-dow-jones\/#primaryimage\"},\"image\":{\"@id\":\"https:\/\/www.suno.com.br\/noticias\/cemig-integrara-indice-sustentabilidade-dow-jones\/#primaryimage\"},\"thumbnailUrl\":\"https:\/\/files.sunoresearch.com.br\/n\/uploads\/2019\/04\/9aedbfff-cemig-jpg.webp\",\"datePublished\":\"2019-09-18T00:02:59+00:00\",\"description\":\"A Cemig declarou que foi selecionada para compor o \u00cdndice Dow Jones de Sustentabilidade de 2019 a 2020. Clique aqui para saber mais.\",\"breadcrumb\":{\"@id\":\"https:\/\/www.suno.com.br\/noticias\/cemig-integrara-indice-sustentabilidade-dow-jones\/#breadcrumb\"},\"inLanguage\":\"pt-BR\",\"potentialAction\":[{\"@type\":\"ReadAction\",\"target\":[\"https:\/\/www.suno.com.br\/noticias\/cemig-integrara-indice-sustentabilidade-dow-jones\/\"]}]},{\"@type\":\"ImageObject\",\"inLanguage\":\"pt-BR\",\"@id\":\"https:\/\/www.suno.com.br\/noticias\/cemig-integrara-indice-sustentabilidade-dow-jones\/#primaryimage\",\"url\":\"https:\/\/files.sunoresearch.com.br\/n\/uploads\/2019\/04\/9aedbfff-cemig-jpg.webp\",\"contentUrl\":\"https:\/\/files.sunoresearch.com.br\/n\/uploads\/2019\/04\/9aedbfff-cemig-jpg.webp\",\"width\":620,\"height\":430,\"caption\":\"Cemig (Foto: Divulga\u00e7\u00e3o)\"},{\"@type\":\"BreadcrumbList\",\"@id\":\"https:\/\/www.suno.com.br\/noticias\/cemig-integrara-indice-sustentabilidade-dow-jones\/#breadcrumb\",\"itemListElement\":[{\"@type\":\"ListItem\",\"position\":1,\"name\":\"Not\u00edcias\",\"item\":\"https:\/\/www.suno.com.br\/noticias\/\"},{\"@type\":\"ListItem\",\"position\":2,\"name\":\"Neg\u00f3cios\",\"item\":\"https:\/\/www.suno.com.br\/noticias\/negocios\/\"},{\"@type\":\"ListItem\",\"position\":3,\"name\":\"Cemig integrar\u00e1 o \u00edndice de sustentabilidade do Dow Jones\"}]},{\"@type\":\"WebSite\",\"@id\":\"https:\/\/www.suno.com.br\/noticias\/#website\",\"url\":\"https:\/\/www.suno.com.br\/noticias\/\",\"name\":\"Suno Not\u00edcias\",\"description\":\"Seu portal de informa\u00e7\u00e3o sobre o mundo dos investimentos\",\"publisher\":{\"@id\":\"https:\/\/www.suno.com.br\/noticias\/#organization\"},\"potentialAction\":[{\"@type\":\"SearchAction\",\"target\":{\"@type\":\"EntryPoint\",\"urlTemplate\":\"https:\/\/www.suno.com.br\/noticias\/?s={search_term_string}\"},\"query-input\":{\"@type\":\"PropertyValueSpecification\",\"valueRequired\":true,\"valueName\":\"search_term_string\"}}],\"inLanguage\":\"pt-BR\"},{\"@type\":\"Organization\",\"@id\":\"https:\/\/www.suno.com.br\/noticias\/#organization\",\"name\":\"Suno Not\u00edcias\",\"url\":\"https:\/\/www.suno.com.br\/noticias\/\",\"logo\":{\"@type\":\"ImageObject\",\"inLanguage\":\"pt-BR\",\"@id\":\"https:\/\/www.suno.com.br\/noticias\/#\/schema\/logo\/image\/\",\"url\":\"https:\/\/files.sunoresearch.com.br\/n\/uploads\/2021\/09\/suno-logo.png\",\"contentUrl\":\"https:\/\/files.sunoresearch.com.br\/n\/uploads\/2021\/09\/suno-logo.png\",\"width\":180,\"height\":180,\"caption\":\"Suno Not\u00edcias\"},\"image\":{\"@id\":\"https:\/\/www.suno.com.br\/noticias\/#\/schema\/logo\/image\/\"},\"sameAs\":[\"https:\/\/facebook.com\/sunoresearch\",\"https:\/\/x.com\/sunoresearch\",\"https:\/\/www.instagram.com\/suno\",\"https:\/\/www.linkedin.com\/company\/suno-research\/\",\"https:\/\/www.youtube.com\/c\/sunoresearch\"]},{\"@type\":\"Person\",\"@id\":\"https:\/\/www.suno.com.br\/noticias\/#\/schema\/person\/098743caeed97b37f51315c9576c4078\",\"name\":\"Rafael Lara\",\"image\":{\"@type\":\"ImageObject\",\"inLanguage\":\"pt-BR\",\"@id\":\"https:\/\/www.suno.com.br\/noticias\/#\/schema\/person\/image\/\",\"url\":\"https:\/\/secure.gravatar.com\/avatar\/dfc254ab9bb2ea1895d98b9e9dae4bdd?s=96&r=g\",\"contentUrl\":\"https:\/\/secure.gravatar.com\/avatar\/dfc254ab9bb2ea1895d98b9e9dae4bdd?s=96&r=g\",\"caption\":\"Rafael Lara\"},\"description\":\"Rafael Lara cursa jornalismo na Faculdade C\u00e1sper L\u00edbero. Escreve sobre pol\u00edtica, economia e neg\u00f3cios para o portal Suno Not\u00edcias. Antes, colaborou na TV Gazeta na produ\u00e7\u00e3o do programa Edi\u00e7\u00e3o Extra.\",\"url\":\"https:\/\/www.suno.com.br\/noticias\/author\/rafael\/\"}]}<\/script>\n<!-- \/ Yoast SEO plugin. -->","yoast_head_json":{"title":"Cemig integrar\u00e1 o \u00edndice de sustentabilidade do Dow Jones","description":"A Cemig declarou que foi selecionada para compor o \u00cdndice Dow Jones de Sustentabilidade de 2019 a 2020. Clique aqui para saber mais.","robots":{"index":"index","follow":"follow","max-snippet":"max-snippet:-1","max-image-preview":"max-image-preview:large","max-video-preview":"max-video-preview:-1"},"canonical":"https:\/\/www.suno.com.br\/noticias\/cemig-integrara-indice-sustentabilidade-dow-jones\/","og_locale":"pt_BR","og_type":"article","og_title":"Cemig integrar\u00e1 o \u00edndice de sustentabilidade do Dow Jones","og_description":"A Cemig declarou que foi selecionada para compor o \u00cdndice Dow Jones de Sustentabilidade de 2019 a 2020. Clique aqui para saber mais.","og_url":"https:\/\/www.suno.com.br\/noticias\/cemig-integrara-indice-sustentabilidade-dow-jones\/","og_site_name":"Suno Not\u00edcias","article_publisher":"https:\/\/facebook.com\/sunoresearch","og_image":[{"width":620,"height":430,"url":"https:\/\/files.sunoresearch.com.br\/n\/uploads\/2019\/04\/9aedbfff-cemig.jpg","type":"image\/jpeg"}],"author":"Rafael Lara","twitter_card":"summary_large_image","twitter_creator":"@sunoresearch","twitter_site":"@sunoresearch","twitter_misc":{"Escrito por":"Rafael Lara","Est. tempo de leitura":"2 minutos"},"schema":{"@context":"https:\/\/schema.org","@graph":[{"@type":"NewsArticle","@id":"https:\/\/www.suno.com.br\/noticias\/cemig-integrara-indice-sustentabilidade-dow-jones\/#article","isPartOf":{"@id":"https:\/\/www.suno.com.br\/noticias\/cemig-integrara-indice-sustentabilidade-dow-jones\/"},"author":{"name":"Rafael Lara","@id":"https:\/\/www.suno.com.br\/noticias\/#\/schema\/person\/098743caeed97b37f51315c9576c4078"},"headline":"Cemig integrar\u00e1 o \u00edndice de sustentabilidade do Dow Jones","datePublished":"2019-09-18T00:02:59+00:00","mainEntityOfPage":{"@id":"https:\/\/www.suno.com.br\/noticias\/cemig-integrara-indice-sustentabilidade-dow-jones\/"},"wordCount":355,"publisher":{"@id":"https:\/\/www.suno.com.br\/noticias\/#organization"},"image":{"@id":"https:\/\/www.suno.com.br\/noticias\/cemig-integrara-indice-sustentabilidade-dow-jones\/#primaryimage"},"thumbnailUrl":"https:\/\/files.sunoresearch.com.br\/n\/uploads\/2019\/04\/9aedbfff-cemig-jpg.webp","keywords":["Cemig (CMIG3\/CMIG4)","Dow Jones","Minas Gerais"],"articleSection":["Neg\u00f3cios"],"inLanguage":"pt-BR"},{"@type":"WebPage","@id":"https:\/\/www.suno.com.br\/noticias\/cemig-integrara-indice-sustentabilidade-dow-jones\/","url":"https:\/\/www.suno.com.br\/noticias\/cemig-integrara-indice-sustentabilidade-dow-jones\/","name":"Cemig integrar\u00e1 o \u00edndice de sustentabilidade do Dow Jones","isPartOf":{"@id":"https:\/\/www.suno.com.br\/noticias\/#website"},"primaryImageOfPage":{"@id":"https:\/\/www.suno.com.br\/noticias\/cemig-integrara-indice-sustentabilidade-dow-jones\/#primaryimage"},"image":{"@id":"https:\/\/www.suno.com.br\/noticias\/cemig-integrara-indice-sustentabilidade-dow-jones\/#primaryimage"},"thumbnailUrl":"https:\/\/files.sunoresearch.com.br\/n\/uploads\/2019\/04\/9aedbfff-cemig-jpg.webp","datePublished":"2019-09-18T00:02:59+00:00","description":"A Cemig declarou que foi selecionada para compor o \u00cdndice Dow Jones de Sustentabilidade de 2019 a 2020. Clique aqui para saber mais.","breadcrumb":{"@id":"https:\/\/www.suno.com.br\/noticias\/cemig-integrara-indice-sustentabilidade-dow-jones\/#breadcrumb"},"inLanguage":"pt-BR","potentialAction":[{"@type":"ReadAction","target":["https:\/\/www.suno.com.br\/noticias\/cemig-integrara-indice-sustentabilidade-dow-jones\/"]}]},{"@type":"ImageObject","inLanguage":"pt-BR","@id":"https:\/\/www.suno.com.br\/noticias\/cemig-integrara-indice-sustentabilidade-dow-jones\/#primaryimage","url":"https:\/\/files.sunoresearch.com.br\/n\/uploads\/2019\/04\/9aedbfff-cemig-jpg.webp","contentUrl":"https:\/\/files.sunoresearch.com.br\/n\/uploads\/2019\/04\/9aedbfff-cemig-jpg.webp","width":620,"height":430,"caption":"Cemig (Foto: Divulga\u00e7\u00e3o)"},{"@type":"BreadcrumbList","@id":"https:\/\/www.suno.com.br\/noticias\/cemig-integrara-indice-sustentabilidade-dow-jones\/#breadcrumb","itemListElement":[{"@type":"ListItem","position":1,"name":"Not\u00edcias","item":"https:\/\/www.suno.com.br\/noticias\/"},{"@type":"ListItem","position":2,"name":"Neg\u00f3cios","item":"https:\/\/www.suno.com.br\/noticias\/negocios\/"},{"@type":"ListItem","position":3,"name":"Cemig integrar\u00e1 o \u00edndice de sustentabilidade do Dow Jones"}]},{"@type":"WebSite","@id":"https:\/\/www.suno.com.br\/noticias\/#website","url":"https:\/\/www.suno.com.br\/noticias\/","name":"Suno Not\u00edcias","description":"Seu portal de informa\u00e7\u00e3o sobre o mundo dos investimentos","publisher":{"@id":"https:\/\/www.suno.com.br\/noticias\/#organization"},"potentialAction":[{"@type":"SearchAction","target":{"@type":"EntryPoint","urlTemplate":"https:\/\/www.suno.com.br\/noticias\/?s={search_term_string}"},"query-input":{"@type":"PropertyValueSpecification","valueRequired":true,"valueName":"search_term_string"}}],"inLanguage":"pt-BR"},{"@type":"Organization","@id":"https:\/\/www.suno.com.br\/noticias\/#organization","name":"Suno Not\u00edcias","url":"https:\/\/www.suno.com.br\/noticias\/","logo":{"@type":"ImageObject","inLanguage":"pt-BR","@id":"https:\/\/www.suno.com.br\/noticias\/#\/schema\/logo\/image\/","url":"https:\/\/files.sunoresearch.com.br\/n\/uploads\/2021\/09\/suno-logo.png","contentUrl":"https:\/\/files.sunoresearch.com.br\/n\/uploads\/2021\/09\/suno-logo.png","width":180,"height":180,"caption":"Suno Not\u00edcias"},"image":{"@id":"https:\/\/www.suno.com.br\/noticias\/#\/schema\/logo\/image\/"},"sameAs":["https:\/\/facebook.com\/sunoresearch","https:\/\/x.com\/sunoresearch","https:\/\/www.instagram.com\/suno","https:\/\/www.linkedin.com\/company\/suno-research\/","https:\/\/www.youtube.com\/c\/sunoresearch"]},{"@type":"Person","@id":"https:\/\/www.suno.com.br\/noticias\/#\/schema\/person\/098743caeed97b37f51315c9576c4078","name":"Rafael Lara","image":{"@type":"ImageObject","inLanguage":"pt-BR","@id":"https:\/\/www.suno.com.br\/noticias\/#\/schema\/person\/image\/","url":"https:\/\/secure.gravatar.com\/avatar\/dfc254ab9bb2ea1895d98b9e9dae4bdd?s=96&r=g","contentUrl":"https:\/\/secure.gravatar.com\/avatar\/dfc254ab9bb2ea1895d98b9e9dae4bdd?s=96&r=g","caption":"Rafael Lara"},"description":"Rafael Lara cursa jornalismo na Faculdade C\u00e1sper L\u00edbero. Escreve sobre pol\u00edtica, economia e neg\u00f3cios para o portal Suno Not\u00edcias. Antes, colaborou na TV Gazeta na produ\u00e7\u00e3o do programa Edi\u00e7\u00e3o Extra.","url":"https:\/\/www.suno.com.br\/noticias\/author\/rafael\/"}]}},"default_loop_html":"<div class=\"cardsPage__listCard__boxs\"><div class=\"cardsPage__listCard__boxs__img\"><a href=\"https:\/\/www.suno.com.br\/noticias\/cemig-integrara-indice-sustentabilidade-dow-jones\/\"><img class=\"mask\" src=\"https:\/\/www.suno.com.br\/noticias\/wp-content\/themes\/suno\/resources\/images\/spotlight\/spotlight1img\/bg-mask.png\" alt=\"Image Mask\"\/><img src=\"https:\/\/files.sunoresearch.com.br\/n\/uploads\/2019\/04\/9aedbfff-cemig-400x200.webp\" alt=\"Cemig integrar\u00e1 o \u00edndice de sustentabilidade do Dow Jones\"\/><\/a><span class=\"spotlightCategory\"><a href=\"https:\/\/www.suno.com.br\/noticias\/negocios\/\">Neg\u00f3cios<\/a><\/span><\/div><div class=\"cardsPage__listCard__boxs__content\"><a href=\"https:\/\/www.suno.com.br\/noticias\/cemig-integrara-indice-sustentabilidade-dow-jones\/\"><h2 class=\"content__title\">Cemig integrar\u00e1 o \u00edndice de sustentabilidade do Dow Jones<\/h2><\/a><div class=\"newsContent__article__meta\"><div class=\"newsContent__article__meta__authorBox\"><a href=\"https:\/\/www.suno.com.br\/noticias\/author\/rafael\/\" class=\"authorBox__avatar noMobi\"><img src=\"https:\/\/secure.gravatar.com\/avatar\/dfc254ab9bb2ea1895d98b9e9dae4bdd?s=96&#038;r=g\" alt=\"Rafael Lara\"><\/a><div class=\"authorBox__name\"><span>por\n\t\t\t<a href=\"https:\/\/www.suno.com.br\/noticias\/author\/rafael\/\"><span itemprop=\"author\">Rafael Lara<\/span><\/a><\/span><time datetime=\"2019-09-17T21:02:59-03:00\" itemprop=\"datePublished\">17\/09\/2019 21:02<\/time><\/div><\/div><\/div><\/div><\/div>","single_layout":"posts","amp_enabled":true,"_links":{"self":[{"href":"https:\/\/www.suno.com.br\/noticias\/wp-json\/wp\/v2\/posts\/37933"}],"collection":[{"href":"https:\/\/www.suno.com.br\/noticias\/wp-json\/wp\/v2\/posts"}],"about":[{"href":"https:\/\/www.suno.com.br\/noticias\/wp-json\/wp\/v2\/types\/post"}],"author":[{"embeddable":true,"href":"https:\/\/www.suno.com.br\/noticias\/wp-json\/wp\/v2\/users\/23"}],"replies":[{"embeddable":true,"href":"https:\/\/www.suno.com.br\/noticias\/wp-json\/wp\/v2\/comments?post=37933"}],"version-history":[{"count":0,"href":"https:\/\/www.suno.com.br\/noticias\/wp-json\/wp\/v2\/posts\/37933\/revisions"}],"wp:featuredmedia":[{"embeddable":true,"href":"https:\/\/www.suno.com.br\/noticias\/wp-json\/wp\/v2\/media\/20284"}],"wp:attachment":[{"href":"https:\/\/www.suno.com.br\/noticias\/wp-json\/wp\/v2\/media?parent=37933"}],"wp:term":[{"taxonomy":"category","embeddable":true,"href":"https:\/\/www.suno.com.br\/noticias\/wp-json\/wp\/v2\/categories?post=37933"},{"taxonomy":"post_tag","embeddable":true,"href":"https:\/\/www.suno.com.br\/noticias\/wp-json\/wp\/v2\/tags?post=37933"},{"taxonomy":"suno_strategy","embeddable":true,"href":"https:\/\/www.suno.com.br\/noticias\/wp-json\/wp\/v2\/suno_strategy?post=37933"}],"curies":[{"name":"wp","href":"https:\/\/api.w.org\/{rel}","templated":true}]}}