{"id":378777,"date":"2023-03-21T14:50:27","date_gmt":"2023-03-21T17:50:27","guid":{"rendered":"https:\/\/www.suno.com.br\/noticias\/?p=378777"},"modified":"2023-03-21T15:29:02","modified_gmt":"2023-03-21T18:29:02","slug":"itausa-itsa4-dividendos-ceo-patamar-historico","status":"publish","type":"post","link":"https:\/\/www.suno.com.br\/noticias\/itausa-itsa4-dividendos-ceo-patamar-historico\/","title":{"rendered":"Dividendos da Ita\u00fasa (ITSA4) devem voltar ao &#8216;patamar hist\u00f3rico&#8217;, diz CEO"},"content":{"rendered":"<p>Em teleconfer\u00eancia sobre os resultados da <a class=\"suno-keyword\" data-force=\"yes\" data-priority=\"2\" href=\"https:\/\/www.suno.com.br\/acoes\/ITSA4\/\" target=\"_blank\" rel=\"noopener\"><strong>Ita\u00fasa <\/strong>(ITSA4)<\/a> nesta ter\u00e7a-feira (21), o CEO da holding, Alfredo Setubal, destacou a inten\u00e7\u00e3o da administra\u00e7\u00e3o de voltar a elevar o patamar de distribui\u00e7\u00e3o do <a class=\"suno-keyword\" data-force=\"no\" data-priority=\"1\" href=\"https:\/\/www.suno.com.br\/artigos\/lucro-liquido\/\" target=\"_blank\" rel=\"noopener\">lucro l\u00edquido<\/a> da companhia aos acionistas (payout).<\/p><div class=\"videoFull \">\n\t\t\t<div class=\"videoWrapper yt-lazyload center\"\n\t\t\t\tdata-width=\"960\"\n\t\t\t\tdata-height=\"540\"\n\t\t\t\tdata-id=\"G6geG-MWK7Y\"\n\t\t\t\tdata-alt=\"V\u00eddeo do YouTube - clique para reproduzir\"\n\t\t\t\tdata-logo=\"3\"\n\t\t\t\tdata-imagequality=\"maxres\">\n\t\t\t<\/div>\n\t\t<\/div><script type=\"application\/ld+json\">{\"@context\":\"https:\/\/schema.org\",\"@type\":\"VideoObject\",\"name\":\"Lula no comando da economia: mercado pode confiar? | Suno Not\u00edcias\",\"description\":\"A condu\u00e7\u00e3o da economia brasileira no governo Lula tem inspirado cautela e ansiedade nos investidores. D\u00favidas sobre os compromissos do novo governo com a sustentabilidade das contas p\u00fablicas t\u00eam contaminado as expectativas e afetado a bolsa de valores. Afinal, d\u00e1 para confiar na condu\u00e7\u00e3o econ\u00f4mica do governo? A resposta \u00e9 dada nesta entrevista com S\u00e9rgio\u2026\",\"duration\":\"PT14M6S\",\"embedUrl\":\"https:\/\/www.youtube.com\/embed\/G6geG-MWK7Y\",\"regionsAllowed\":\"pt-BR\",\"interactionStatistic\":{\"@type\":\"InteractionCounter\",\"interactionType\":{\"@type\":\"WatchAction\"},\"userInteractionCount\":544},\"thumbnailUrl\":\"https:\/\/i.ytimg.com\/vi\/G6geG-MWK7Y\/default.jpg\",\"uploadDate\":\"2023-03-21T17:00:17Z\"}<\/script>\n\n\n\n\n\t<p>\n\t\t<a href=\"\" target=\"_blank\" data-element=\"shortcode-suno-banner\" title=\"Banner SUNO, clique e saiba mais\">\n\t\t\t<picture>\n\t\t\t\t<source media=\"(max-width: 500px)\" srcset=\"\">\n\t\t\t\t<img class=\"newsContent__article__imgCapa newsContent__article__imgCapa--banner\"\n\t\t\t\t\tsrc=\"\"\n\t\t\t\t\tdata-promo-id=\"250703\"\t\t\t\t\t\t\t\t\t\t\t\t\t\t\talt=\"\"\n\t\t\t\t>\n\t\t\t<\/picture>\n\t\t<\/a>\n\t<\/p>\n\n\n\n\n\n\n\n<p>Atualmente, os <strong>dividendos da Ita\u00fasa<\/strong> vivem um &#8216;vale&#8217; no gr\u00e1fico, ap\u00f3s anos \u00e1ureos em que o payout havia sido relativamente elevado em raz\u00e3o de um contexto de capital excessivo.<\/p>\n\n\n\n<p>Nos \u00faltimos anos, contudo, a companhia seguiu repassando integralmente os <a class=\"suno-keyword\" target=\"_blank\" data-force=\"no\" data-priority=\"1\" href=\"https:\/\/www.suno.com.br\/guias\/dividendos\/\" rel=\"noopener\">dividendos<\/a> recebidos do <a class=\"suno-keyword\" target=\"_blank\" data-force=\"yes\" data-priority=\"2\" href=\"https:\/\/www.suno.com.br\/acoes\/ITUB4\/\" rel=\"noopener\">Ita\u00fa Unibanco (ITUB4)<\/a> &#8211; que representa 85% do portf\u00f3lio de empresas &#8211; e diversificou o n\u00famero de companhias n\u00e3o financeiras.<\/p>\n\n\n\n<p>&#8220;A Ita\u00fasa vem distribuindo entre 35% e 40% do seu lucro como proventos, mas entre 2017 e 2019 n\u00f3s pagamos muito dividendos, t\u00ednhamos um excesso de capital e a carteira de cr\u00e9dito n\u00e3o vinha t\u00e3o acelerada assim, resultando em distribui\u00e7\u00f5es muito generosas&#8221;, disse <strong>Setubal, CEO da Ita\u00fasa<\/strong>.<\/p>\n\n\n\n<p>&#8220;\u00c9 poss\u00edvel que ao longo dos pr\u00f3ximos anos que as investidas paguem mais proventos. Estamos em um certo vale, mas acho que vamos voltar ao payout hist\u00f3rico nos pr\u00f3ximos anos&#8221;, completou.<\/p>\n\n\n\n<p>Al\u00e9m disso, o executivo destacou que a bonifica\u00e7\u00e3o de a\u00e7\u00f5es deve ser um instrumento cada vez mais recorrente, e uma delas ocorre justamente em breve, sendo uma oportunidade para os investidores de <strong>ITSA4<\/strong> de atualizarem o pre\u00e7o-m\u00e9dio dos pap\u00e9is e pagarem menos <a class=\"suno-keyword\" data-force=\"no\" data-priority=\"2\" href=\"https:\/\/www.suno.com.br\/guias\/imposto-de-renda-guia\/\" target=\"_blank\" rel=\"noopener\">Imposto de Renda<\/a>.<\/p>\n\n\n\n\t<div data-element=\"shortcode-read-more\" class=\"readToo\">\n\t\t\t\t<span class=\"readToo__title\">Leia mais<\/span>\n\t\t\t\t<ul class=\"readToo__list\">\n\t\t\t<li><a href=\"https:\/\/www.suno.com.br\/noticias\/itausa-itsa4-resultado-balanco-4t22\/\">Lucro l\u00edquido da Ita\u00fasa (ITSA4) cai 19% no 4T22, aos R$ 3,3 bilh\u00f5es; mas no ano a alta foi de 12%<\/a><\/li><li><a href=\"https:\/\/www.suno.com.br\/noticias\/itausa-itsa4-pagamento-antecipado-jcp\/\">Ita\u00fasa (ITSA4) distribuir\u00e1 R$ 750 milh\u00f5es em JCP; confira valor por a\u00e7\u00e3o<\/a><\/li><li><a href=\"https:\/\/www.suno.com.br\/noticias\/itausa-itsa4-copel-cple6-agenda-resultados-semana\/\">Ita\u00fasa (ITSA4), Copel (CPLE6) divulgam resultados do 4T22: Veja agenda completa<\/a><\/li>\t\t<\/ul>\n\t<\/div>\n\n\n\n\n<h2 class=\"wp-block-heading\" id=\"h-desinvestimento-da-itausa-na-xp\">Desinvestimento da Ita\u00fasa na XP<\/h2>\n\n\n\n<p>Em linha com o que a companhia vem comunicando h\u00e1 meses, os movimentos de aliena\u00e7\u00f5es de a\u00e7\u00f5es da XP devem seguir no <a class=\"suno-keyword\" target=\"_blank\" data-force=\"no\" data-priority=\"1\" href=\"https:\/\/www.suno.com.br\/artigos\/longo-prazo\/\" rel=\"noopener\">longo prazo<\/a>.<\/p>\n\n\n\n<p>O processo, segundo Setubal, ajudou na desalavancagem da holding &#8211; um grande foco no momento atual.<\/p>\n\n\n\n<p>Juntamente com esse movimento, as pr\u00f3ximas aquisi\u00e7\u00f5es e a gest\u00e3o do portf\u00f3lio devem seguir com um horizonte de empresas n\u00e3o financeiras.<\/p>\n\n\n\n<p>Apesar disso, no curto e m\u00e9dio prazo, a Ita\u00fasa n\u00e3o mira novas aquisi\u00e7\u00f5es.<\/p>\n\n\n\n<p>&#8220;Temos um processo de desinvestimento da XP que possibilitou uma desalavancagem, mas n\u00e3o vemos um momento adequado para novos investimentos. A conjuntura e a geopol\u00edtica s\u00e3o adversos para tomada de risco, al\u00e9m das taxas de juros altas&#8221;, comenta o CEO.<\/p>\n\n\n\n<p>&#8220;Em rela\u00e7\u00e3o \u00e0 participa\u00e7\u00e3o do banco [Ita\u00fa], a ideia \u00e9 que ele fique como est\u00e1 hoje, com cerca de 85% do portf\u00f3lio da holding, o que representa cerca de 38% do <a class=\"suno-keyword\" target=\"_blank\" data-force=\"no\" data-priority=\"2\" href=\"https:\/\/www.suno.com.br\/artigos\/capital-social\/\" rel=\"noopener\">capital social<\/a> do banco. \u00c9 dif\u00edcil uma diversifica\u00e7\u00e3o que compense essa participa\u00e7\u00e3o. Nosso objetivo \u00e9 criar um portf\u00f3lio de empresas n\u00e3o financeiras e que esse portf\u00f3lio como um todo tenha um valor relevante, gerindo ele aproveitando oportunidades&#8221;, completoa.<\/p>\n\n\n\n<p>Segundo a CFO da Ita\u00fasa, Priscila Grecco, desde 2017 os proventos pagos por empresas n\u00e3o fincaneiras do grupo representam algo entre R$ 500 milh\u00f5es e R$ 600 milh\u00f5es ao ano em proventos, deixando o dividend yield (DY) atual na casa dos 7% &#8211; considerando os proventos do Ita\u00fa.<\/p>\n\n\n\t<p>\n\t\t<a href=\"https:\/\/lp.suno.com.br\/planilha-controle-gastos\/\" target=\"_blank\" data-element=\"shortcode-suno-banner\" title=\"Banner SUNO, clique e saiba mais\">\n\t\t\t<picture>\n\t\t\t\t<source media=\"(max-width: 500px)\" srcset=\"https:\/\/files.sunoresearch.com.br\/n\/uploads\/2023\/03\/400x300-Planilha-controle-de-gastos.png\">\n\t\t\t\t<img class=\"newsContent__article__imgCapa newsContent__article__imgCapa--banner\"\n\t\t\t\t\tsrc=\"https:\/\/files.sunoresearch.com.br\/n\/uploads\/2023\/03\/1420x240-Planilha-controle-de-gastos.png\"\n\t\t\t\t\tdata-promo-id=\"101751\"\t\t\t\t\t\t\t\t\t\twidth='1420' height='240'\t\t\t\t\talt=\"https:\/\/files.sunoresearch.com.br\/n\/uploads\/2023\/03\/1420x240-Planilha-controle-de-gastos.png\"\n\t\t\t\t>\n\t\t\t<\/picture>\n\t\t<\/a>\n\t<\/p>\n\n\n\n\n\n<h2 class=\"wp-block-heading\">ITSA4 distribuir\u00e1 R$ 750 milh\u00f5es em JCP<\/h2>\n\n\n\n<p>O <a class=\"suno-keyword\" data-force=\"no\" data-priority=\"1\" href=\"https:\/\/www.suno.com.br\/artigos\/conselho-administracao\/\" target=\"_blank\" rel=\"noopener\">conselho de administra\u00e7\u00e3o<\/a> da <a class=\"suno-keyword\" target=\"_blank\" data-force=\"yes\" data-priority=\"2\" href=\"https:\/\/www.suno.com.br\/acoes\/ITSA4\/\" rel=\"noopener\">Ita\u00fasa (ITSA4)<\/a> anunciou na segunda (20) o pagamento antecipado de <a class=\"suno-keyword\" data-force=\"no\" data-priority=\"1\" href=\"https:\/\/www.suno.com.br\/artigos\/entenda-o-jcp\/\" target=\"_blank\" rel=\"noopener\">juros sobre capital pr\u00f3prio<\/a> (JCP) no montante de 750 milh\u00f5es. O valor l\u00edquido \u00e9 de R$ 0,0773 por a\u00e7\u00e3o. <\/p>\n\n\n\n<p>Com a dedu\u00e7\u00e3o de 15% do Imposto de Renda (IR), o valor bruto dos<strong> proventos do Ita\u00fasa<\/strong> passa para R$ 0,065705 por a\u00e7\u00e3o, sendo excetuados dessa reten\u00e7\u00e3o os acionistas pessoas jur\u00eddicas comprovadamente imunes ou isentos.<\/p>\n\n\n\n<ul class=\"wp-block-list\">\n<li><strong>Valor total do JCP: <\/strong>R$ 750 milh\u00f5es<\/li>\n\n\n\n<li><strong>Valor l\u00edquido por a\u00e7\u00e3o:<\/strong>&nbsp;R$ 0,0773<\/li>\n\n\n\n<li><strong>Valor bruto por a\u00e7\u00e3o:<\/strong> R$ 0,065705<\/li>\n\n\n\n<li><strong>Data de corte:<\/strong>&nbsp;23de mar\u00e7o<\/li>\n\n\n\n<li><strong>Data do pagamento:<\/strong>&nbsp;31 de mar\u00e7o<\/li>\n<\/ul>\n\n\n\n<p>No balan\u00e7o da companhia, foi anotado um <a class=\"suno-keyword\" data-force=\"no\" data-priority=\"1\" href=\"https:\/\/www.suno.com.br\/artigos\/lucro-liquido\/\" target=\"_blank\" rel=\"noopener\">lucro l\u00edquido<\/a> de R$ 3,3 bilh\u00f5es no quarto trimestre de 2022 (4T22), valor que representa uma queda de 19,3% na compara\u00e7\u00e3o com os R$ 4,117 bilh\u00f5es do mesmo per\u00edodo do ano anterior.<\/p>\n\n\n\n<p>No total de 2022, o indicador cresceu 12,1%, saindo dos R$ 12,2 bilh\u00f5es em 2021, para R$ 13,674 bilh\u00f5es.<\/p>\n\n\n\n<p>Enquanto isso o <a class=\"suno-keyword\" target=\"_blank\" data-force=\"no\" data-priority=\"1\" href=\"https:\/\/www.suno.com.br\/artigos\/lucro-liquido\/\" rel=\"noopener\">lucro l\u00edquido<\/a> recorrente da <strong>Ita\u00fasa <\/strong>no 4T22 caiu 18,7%, para R$ 3,3 bilh\u00f5es. No acumulado do ano, apesar disso, o avan\u00e7o foi de 13,7%, saindo de R$ 12,070 bilh\u00f5es em 2021 para R$ 13,722 bilh\u00f5es em 2022.<\/p>\n\n\n\t<p>\n\t\t<a href=\"https:\/\/lp.suno.com.br\/ebook-como-analisar-uma-acao\/\" target=\"_blank\" data-element=\"shortcode-suno-banner\" title=\"Banner SUNO, clique e saiba mais\">\n\t\t\t<picture>\n\t\t\t\t<source media=\"(max-width: 500px)\" srcset=\"https:\/\/files.sunoresearch.com.br\/n\/uploads\/2023\/03\/Ebook-Acoes-Mobile-1.jpg\">\n\t\t\t\t<img class=\"newsContent__article__imgCapa newsContent__article__imgCapa--banner\"\n\t\t\t\t\tsrc=\"https:\/\/files.sunoresearch.com.br\/n\/uploads\/2023\/03\/Ebook-Acoes-Desktop-1.jpg\"\n\t\t\t\t\tdata-promo-id=\"171998\"\t\t\t\t\t\t\t\t\t\twidth='1420' height='286'\t\t\t\t\talt=\"https:\/\/files.sunoresearch.com.br\/n\/uploads\/2023\/03\/Ebook-Acoes-Desktop-1.jpg\"\n\t\t\t\t>\n\t\t\t<\/picture>\n\t\t<\/a>\n\t<\/p>\n\n\n","protected":false},"excerpt":{"rendered":"<p>Em teleconfer\u00eancia sobre os resultados da Ita\u00fasa (ITSA4) nesta ter\u00e7a-feira (21), o CEO da holding, Alfredo Setubal, destacou a inten\u00e7\u00e3o da administra\u00e7\u00e3o de voltar a elevar o patamar de distribui\u00e7\u00e3o do lucro l\u00edquido da companhia aos acionistas (payout). Atualmente, os dividendos da Ita\u00fasa vivem um &#8216;vale&#8217; no gr\u00e1fico, ap\u00f3s anos \u00e1ureos em que o payout [&hellip;]<\/p>\n","protected":false},"author":73,"featured_media":378811,"comment_status":"closed","ping_status":"closed","sticky":false,"template":"","format":"standard","meta":[],"categories":[64],"tags":[295,105816,517],"suno_strategy":[],"class_list":["post-378777","post","type-post","status-publish","format-standard","has-post-thumbnail","hentry","category-negocios","tag-dividendos","tag-especialistas","tag-itausa-itsa3-itsa4"],"yoast_head":"<!-- This site is optimized with the Yoast SEO plugin v24.4 - https:\/\/yoast.com\/wordpress\/plugins\/seo\/ -->\n<title>Dividendos da Ita\u00fasa (ITSA4) devem voltar ao &#039;patamar hist\u00f3rico&#039;, diz CEO<\/title>\n<meta name=\"description\" content=\"Segundo o executivo, foco atual da Ita\u00fasa \u00e9 em desalavancagem e novas aquisi\u00e7\u00f5es ainda est\u00e3o fora do radar da holding. Clique e confira!\" \/>\n<meta name=\"robots\" content=\"index, follow, max-snippet:-1, max-image-preview:large, max-video-preview:-1\" \/>\n<link rel=\"canonical\" href=\"https:\/\/www.suno.com.br\/noticias\/itausa-itsa4-dividendos-ceo-patamar-historico\/\" \/>\n<meta property=\"og:locale\" content=\"pt_BR\" \/>\n<meta property=\"og:type\" content=\"article\" \/>\n<meta property=\"og:title\" content=\"Dividendos da Ita\u00fasa (ITSA4) devem voltar ao &#039;patamar hist\u00f3rico&#039;, diz CEO\" \/>\n<meta property=\"og:description\" content=\"Segundo o executivo, foco atual da Ita\u00fasa \u00e9 em desalavancagem e novas aquisi\u00e7\u00f5es ainda est\u00e3o fora do radar da holding. Clique e confira!\" \/>\n<meta property=\"og:url\" content=\"https:\/\/www.suno.com.br\/noticias\/itausa-itsa4-dividendos-ceo-patamar-historico\/\" \/>\n<meta property=\"og:site_name\" content=\"Suno Not\u00edcias\" \/>\n<meta property=\"article:publisher\" content=\"https:\/\/facebook.com\/sunoresearch\" \/>\n<meta property=\"og:image\" content=\"https:\/\/files.sunoresearch.com.br\/n\/uploads\/2023\/03\/CEO-da-Itausa-Alfredo-Setubal.jpg\" \/>\n\t<meta property=\"og:image:width\" content=\"1920\" \/>\n\t<meta property=\"og:image:height\" content=\"1080\" \/>\n\t<meta property=\"og:image:type\" content=\"image\/jpeg\" \/>\n<meta name=\"author\" content=\"Eduardo Vargas\" \/>\n<meta name=\"twitter:card\" content=\"summary_large_image\" \/>\n<meta name=\"twitter:creator\" content=\"@sunoresearch\" \/>\n<meta name=\"twitter:site\" content=\"@sunoresearch\" \/>\n<meta name=\"twitter:label1\" content=\"Escrito por\" \/>\n\t<meta name=\"twitter:data1\" content=\"Eduardo Vargas\" \/>\n\t<meta name=\"twitter:label2\" content=\"Est. tempo de leitura\" \/>\n\t<meta name=\"twitter:data2\" content=\"4 minutos\" \/>\n<script type=\"application\/ld+json\" class=\"yoast-schema-graph\">{\"@context\":\"https:\/\/schema.org\",\"@graph\":[{\"@type\":\"NewsArticle\",\"@id\":\"https:\/\/www.suno.com.br\/noticias\/itausa-itsa4-dividendos-ceo-patamar-historico\/#article\",\"isPartOf\":{\"@id\":\"https:\/\/www.suno.com.br\/noticias\/itausa-itsa4-dividendos-ceo-patamar-historico\/\"},\"author\":{\"name\":\"Eduardo Vargas\",\"@id\":\"https:\/\/www.suno.com.br\/noticias\/#\/schema\/person\/7f4d362bf3518e76090143ae77bb49a5\"},\"headline\":\"Dividendos da Ita\u00fasa (ITSA4) devem voltar ao &#8216;patamar hist\u00f3rico&#8217;, diz CEO\",\"datePublished\":\"2023-03-21T17:50:27+00:00\",\"dateModified\":\"2023-03-21T18:29:02+00:00\",\"mainEntityOfPage\":{\"@id\":\"https:\/\/www.suno.com.br\/noticias\/itausa-itsa4-dividendos-ceo-patamar-historico\/\"},\"wordCount\":737,\"publisher\":{\"@id\":\"https:\/\/www.suno.com.br\/noticias\/#organization\"},\"image\":{\"@id\":\"https:\/\/www.suno.com.br\/noticias\/itausa-itsa4-dividendos-ceo-patamar-historico\/#primaryimage\"},\"thumbnailUrl\":\"https:\/\/files.sunoresearch.com.br\/n\/uploads\/2023\/03\/CEO-da-Itausa-Alfredo-Setubal.jpg\",\"keywords\":[\"dividendos\",\"Especialistas\",\"Ita\u00fasa (ITSA3\/ITSA4)\"],\"articleSection\":[\"Neg\u00f3cios\"],\"inLanguage\":\"pt-BR\"},{\"@type\":\"WebPage\",\"@id\":\"https:\/\/www.suno.com.br\/noticias\/itausa-itsa4-dividendos-ceo-patamar-historico\/\",\"url\":\"https:\/\/www.suno.com.br\/noticias\/itausa-itsa4-dividendos-ceo-patamar-historico\/\",\"name\":\"Dividendos da Ita\u00fasa (ITSA4) devem voltar ao 'patamar hist\u00f3rico', diz CEO\",\"isPartOf\":{\"@id\":\"https:\/\/www.suno.com.br\/noticias\/#website\"},\"primaryImageOfPage\":{\"@id\":\"https:\/\/www.suno.com.br\/noticias\/itausa-itsa4-dividendos-ceo-patamar-historico\/#primaryimage\"},\"image\":{\"@id\":\"https:\/\/www.suno.com.br\/noticias\/itausa-itsa4-dividendos-ceo-patamar-historico\/#primaryimage\"},\"thumbnailUrl\":\"https:\/\/files.sunoresearch.com.br\/n\/uploads\/2023\/03\/CEO-da-Itausa-Alfredo-Setubal.jpg\",\"datePublished\":\"2023-03-21T17:50:27+00:00\",\"dateModified\":\"2023-03-21T18:29:02+00:00\",\"description\":\"Segundo o executivo, foco atual da Ita\u00fasa \u00e9 em desalavancagem e novas aquisi\u00e7\u00f5es ainda est\u00e3o fora do radar da holding. Clique e confira!\",\"breadcrumb\":{\"@id\":\"https:\/\/www.suno.com.br\/noticias\/itausa-itsa4-dividendos-ceo-patamar-historico\/#breadcrumb\"},\"inLanguage\":\"pt-BR\",\"potentialAction\":[{\"@type\":\"ReadAction\",\"target\":[\"https:\/\/www.suno.com.br\/noticias\/itausa-itsa4-dividendos-ceo-patamar-historico\/\"]}]},{\"@type\":\"ImageObject\",\"inLanguage\":\"pt-BR\",\"@id\":\"https:\/\/www.suno.com.br\/noticias\/itausa-itsa4-dividendos-ceo-patamar-historico\/#primaryimage\",\"url\":\"https:\/\/files.sunoresearch.com.br\/n\/uploads\/2023\/03\/CEO-da-Itausa-Alfredo-Setubal.jpg\",\"contentUrl\":\"https:\/\/files.sunoresearch.com.br\/n\/uploads\/2023\/03\/CEO-da-Itausa-Alfredo-Setubal.jpg\",\"width\":1920,\"height\":1080,\"caption\":\"O CEO da Ita\u00fasa, Alfredo Setubal - Foto: Reprodu\u00e7\u00e3o\/Ita\u00fasa\"},{\"@type\":\"BreadcrumbList\",\"@id\":\"https:\/\/www.suno.com.br\/noticias\/itausa-itsa4-dividendos-ceo-patamar-historico\/#breadcrumb\",\"itemListElement\":[{\"@type\":\"ListItem\",\"position\":1,\"name\":\"Not\u00edcias\",\"item\":\"https:\/\/www.suno.com.br\/noticias\/\"},{\"@type\":\"ListItem\",\"position\":2,\"name\":\"Neg\u00f3cios\",\"item\":\"https:\/\/www.suno.com.br\/noticias\/negocios\/\"},{\"@type\":\"ListItem\",\"position\":3,\"name\":\"Dividendos da Ita\u00fasa (ITSA4) devem voltar ao &#8216;patamar hist\u00f3rico&#8217;, diz CEO\"}]},{\"@type\":\"WebSite\",\"@id\":\"https:\/\/www.suno.com.br\/noticias\/#website\",\"url\":\"https:\/\/www.suno.com.br\/noticias\/\",\"name\":\"Suno Not\u00edcias\",\"description\":\"Seu portal de informa\u00e7\u00e3o sobre o mundo dos investimentos\",\"publisher\":{\"@id\":\"https:\/\/www.suno.com.br\/noticias\/#organization\"},\"potentialAction\":[{\"@type\":\"SearchAction\",\"target\":{\"@type\":\"EntryPoint\",\"urlTemplate\":\"https:\/\/www.suno.com.br\/noticias\/?s={search_term_string}\"},\"query-input\":{\"@type\":\"PropertyValueSpecification\",\"valueRequired\":true,\"valueName\":\"search_term_string\"}}],\"inLanguage\":\"pt-BR\"},{\"@type\":\"Organization\",\"@id\":\"https:\/\/www.suno.com.br\/noticias\/#organization\",\"name\":\"Suno Not\u00edcias\",\"url\":\"https:\/\/www.suno.com.br\/noticias\/\",\"logo\":{\"@type\":\"ImageObject\",\"inLanguage\":\"pt-BR\",\"@id\":\"https:\/\/www.suno.com.br\/noticias\/#\/schema\/logo\/image\/\",\"url\":\"https:\/\/files.sunoresearch.com.br\/n\/uploads\/2021\/09\/suno-logo.png\",\"contentUrl\":\"https:\/\/files.sunoresearch.com.br\/n\/uploads\/2021\/09\/suno-logo.png\",\"width\":180,\"height\":180,\"caption\":\"Suno Not\u00edcias\"},\"image\":{\"@id\":\"https:\/\/www.suno.com.br\/noticias\/#\/schema\/logo\/image\/\"},\"sameAs\":[\"https:\/\/facebook.com\/sunoresearch\",\"https:\/\/x.com\/sunoresearch\",\"https:\/\/www.instagram.com\/suno\",\"https:\/\/www.linkedin.com\/company\/suno-research\/\",\"https:\/\/www.youtube.com\/c\/sunoresearch\"]},{\"@type\":\"Person\",\"@id\":\"https:\/\/www.suno.com.br\/noticias\/#\/schema\/person\/7f4d362bf3518e76090143ae77bb49a5\",\"name\":\"Eduardo Vargas\",\"image\":{\"@type\":\"ImageObject\",\"inLanguage\":\"pt-BR\",\"@id\":\"https:\/\/www.suno.com.br\/noticias\/#\/schema\/person\/image\/\",\"url\":\"https:\/\/secure.gravatar.com\/avatar\/dac340933427a22924c9f99d1eb2e3f2?s=96&r=g\",\"contentUrl\":\"https:\/\/secure.gravatar.com\/avatar\/dac340933427a22924c9f99d1eb2e3f2?s=96&r=g\",\"caption\":\"Eduardo Vargas\"},\"description\":\"Jornalista formado pela UFSC, cobre macroeconomia, neg\u00f3cios e startups para o Suno Not\u00edcias, escrevendo principalmente not\u00edcias sobre o mercado financeiro e a bolsa de valores. No YouTube e no Instagram, \u00e9 respons\u00e1vel pela produ\u00e7\u00e3o de Reels e Shorts do Suno Not\u00edcias. Anteriormente, trabalhou cobrindo economia e cotidiano no ND+ e para o ND, maior jornal impresso de Santa Catarina. Cursou um semestre letivo de Estudos de M\u00eddia na Universidad de Buenos Aires.\",\"url\":\"https:\/\/www.suno.com.br\/noticias\/author\/eduardo-vargas\/\"}]}<\/script>\n<!-- \/ Yoast SEO plugin. -->","yoast_head_json":{"title":"Dividendos da Ita\u00fasa (ITSA4) devem voltar ao 'patamar hist\u00f3rico', diz CEO","description":"Segundo o executivo, foco atual da Ita\u00fasa \u00e9 em desalavancagem e novas aquisi\u00e7\u00f5es ainda est\u00e3o fora do radar da holding. Clique e confira!","robots":{"index":"index","follow":"follow","max-snippet":"max-snippet:-1","max-image-preview":"max-image-preview:large","max-video-preview":"max-video-preview:-1"},"canonical":"https:\/\/www.suno.com.br\/noticias\/itausa-itsa4-dividendos-ceo-patamar-historico\/","og_locale":"pt_BR","og_type":"article","og_title":"Dividendos da Ita\u00fasa (ITSA4) devem voltar ao 'patamar hist\u00f3rico', diz CEO","og_description":"Segundo o executivo, foco atual da Ita\u00fasa \u00e9 em desalavancagem e novas aquisi\u00e7\u00f5es ainda est\u00e3o fora do radar da holding. Clique e confira!","og_url":"https:\/\/www.suno.com.br\/noticias\/itausa-itsa4-dividendos-ceo-patamar-historico\/","og_site_name":"Suno Not\u00edcias","article_publisher":"https:\/\/facebook.com\/sunoresearch","og_image":[{"width":1920,"height":1080,"url":"https:\/\/files.sunoresearch.com.br\/n\/uploads\/2023\/03\/CEO-da-Itausa-Alfredo-Setubal.jpg","type":"image\/jpeg"}],"author":"Eduardo Vargas","twitter_card":"summary_large_image","twitter_creator":"@sunoresearch","twitter_site":"@sunoresearch","twitter_misc":{"Escrito por":"Eduardo Vargas","Est. tempo de leitura":"4 minutos"},"schema":{"@context":"https:\/\/schema.org","@graph":[{"@type":"NewsArticle","@id":"https:\/\/www.suno.com.br\/noticias\/itausa-itsa4-dividendos-ceo-patamar-historico\/#article","isPartOf":{"@id":"https:\/\/www.suno.com.br\/noticias\/itausa-itsa4-dividendos-ceo-patamar-historico\/"},"author":{"name":"Eduardo Vargas","@id":"https:\/\/www.suno.com.br\/noticias\/#\/schema\/person\/7f4d362bf3518e76090143ae77bb49a5"},"headline":"Dividendos da Ita\u00fasa (ITSA4) devem voltar ao &#8216;patamar hist\u00f3rico&#8217;, diz CEO","datePublished":"2023-03-21T17:50:27+00:00","dateModified":"2023-03-21T18:29:02+00:00","mainEntityOfPage":{"@id":"https:\/\/www.suno.com.br\/noticias\/itausa-itsa4-dividendos-ceo-patamar-historico\/"},"wordCount":737,"publisher":{"@id":"https:\/\/www.suno.com.br\/noticias\/#organization"},"image":{"@id":"https:\/\/www.suno.com.br\/noticias\/itausa-itsa4-dividendos-ceo-patamar-historico\/#primaryimage"},"thumbnailUrl":"https:\/\/files.sunoresearch.com.br\/n\/uploads\/2023\/03\/CEO-da-Itausa-Alfredo-Setubal.jpg","keywords":["dividendos","Especialistas","Ita\u00fasa (ITSA3\/ITSA4)"],"articleSection":["Neg\u00f3cios"],"inLanguage":"pt-BR"},{"@type":"WebPage","@id":"https:\/\/www.suno.com.br\/noticias\/itausa-itsa4-dividendos-ceo-patamar-historico\/","url":"https:\/\/www.suno.com.br\/noticias\/itausa-itsa4-dividendos-ceo-patamar-historico\/","name":"Dividendos da Ita\u00fasa (ITSA4) devem voltar ao 'patamar hist\u00f3rico', diz CEO","isPartOf":{"@id":"https:\/\/www.suno.com.br\/noticias\/#website"},"primaryImageOfPage":{"@id":"https:\/\/www.suno.com.br\/noticias\/itausa-itsa4-dividendos-ceo-patamar-historico\/#primaryimage"},"image":{"@id":"https:\/\/www.suno.com.br\/noticias\/itausa-itsa4-dividendos-ceo-patamar-historico\/#primaryimage"},"thumbnailUrl":"https:\/\/files.sunoresearch.com.br\/n\/uploads\/2023\/03\/CEO-da-Itausa-Alfredo-Setubal.jpg","datePublished":"2023-03-21T17:50:27+00:00","dateModified":"2023-03-21T18:29:02+00:00","description":"Segundo o executivo, foco atual da Ita\u00fasa \u00e9 em desalavancagem e novas aquisi\u00e7\u00f5es ainda est\u00e3o fora do radar da holding. Clique e confira!","breadcrumb":{"@id":"https:\/\/www.suno.com.br\/noticias\/itausa-itsa4-dividendos-ceo-patamar-historico\/#breadcrumb"},"inLanguage":"pt-BR","potentialAction":[{"@type":"ReadAction","target":["https:\/\/www.suno.com.br\/noticias\/itausa-itsa4-dividendos-ceo-patamar-historico\/"]}]},{"@type":"ImageObject","inLanguage":"pt-BR","@id":"https:\/\/www.suno.com.br\/noticias\/itausa-itsa4-dividendos-ceo-patamar-historico\/#primaryimage","url":"https:\/\/files.sunoresearch.com.br\/n\/uploads\/2023\/03\/CEO-da-Itausa-Alfredo-Setubal.jpg","contentUrl":"https:\/\/files.sunoresearch.com.br\/n\/uploads\/2023\/03\/CEO-da-Itausa-Alfredo-Setubal.jpg","width":1920,"height":1080,"caption":"O CEO da Ita\u00fasa, Alfredo Setubal - Foto: Reprodu\u00e7\u00e3o\/Ita\u00fasa"},{"@type":"BreadcrumbList","@id":"https:\/\/www.suno.com.br\/noticias\/itausa-itsa4-dividendos-ceo-patamar-historico\/#breadcrumb","itemListElement":[{"@type":"ListItem","position":1,"name":"Not\u00edcias","item":"https:\/\/www.suno.com.br\/noticias\/"},{"@type":"ListItem","position":2,"name":"Neg\u00f3cios","item":"https:\/\/www.suno.com.br\/noticias\/negocios\/"},{"@type":"ListItem","position":3,"name":"Dividendos da Ita\u00fasa (ITSA4) devem voltar ao &#8216;patamar hist\u00f3rico&#8217;, diz CEO"}]},{"@type":"WebSite","@id":"https:\/\/www.suno.com.br\/noticias\/#website","url":"https:\/\/www.suno.com.br\/noticias\/","name":"Suno Not\u00edcias","description":"Seu portal de informa\u00e7\u00e3o sobre o mundo dos investimentos","publisher":{"@id":"https:\/\/www.suno.com.br\/noticias\/#organization"},"potentialAction":[{"@type":"SearchAction","target":{"@type":"EntryPoint","urlTemplate":"https:\/\/www.suno.com.br\/noticias\/?s={search_term_string}"},"query-input":{"@type":"PropertyValueSpecification","valueRequired":true,"valueName":"search_term_string"}}],"inLanguage":"pt-BR"},{"@type":"Organization","@id":"https:\/\/www.suno.com.br\/noticias\/#organization","name":"Suno Not\u00edcias","url":"https:\/\/www.suno.com.br\/noticias\/","logo":{"@type":"ImageObject","inLanguage":"pt-BR","@id":"https:\/\/www.suno.com.br\/noticias\/#\/schema\/logo\/image\/","url":"https:\/\/files.sunoresearch.com.br\/n\/uploads\/2021\/09\/suno-logo.png","contentUrl":"https:\/\/files.sunoresearch.com.br\/n\/uploads\/2021\/09\/suno-logo.png","width":180,"height":180,"caption":"Suno Not\u00edcias"},"image":{"@id":"https:\/\/www.suno.com.br\/noticias\/#\/schema\/logo\/image\/"},"sameAs":["https:\/\/facebook.com\/sunoresearch","https:\/\/x.com\/sunoresearch","https:\/\/www.instagram.com\/suno","https:\/\/www.linkedin.com\/company\/suno-research\/","https:\/\/www.youtube.com\/c\/sunoresearch"]},{"@type":"Person","@id":"https:\/\/www.suno.com.br\/noticias\/#\/schema\/person\/7f4d362bf3518e76090143ae77bb49a5","name":"Eduardo Vargas","image":{"@type":"ImageObject","inLanguage":"pt-BR","@id":"https:\/\/www.suno.com.br\/noticias\/#\/schema\/person\/image\/","url":"https:\/\/secure.gravatar.com\/avatar\/dac340933427a22924c9f99d1eb2e3f2?s=96&r=g","contentUrl":"https:\/\/secure.gravatar.com\/avatar\/dac340933427a22924c9f99d1eb2e3f2?s=96&r=g","caption":"Eduardo Vargas"},"description":"Jornalista formado pela UFSC, cobre macroeconomia, neg\u00f3cios e startups para o Suno Not\u00edcias, escrevendo principalmente not\u00edcias sobre o mercado financeiro e a bolsa de valores. No YouTube e no Instagram, \u00e9 respons\u00e1vel pela produ\u00e7\u00e3o de Reels e Shorts do Suno Not\u00edcias. Anteriormente, trabalhou cobrindo economia e cotidiano no ND+ e para o ND, maior jornal impresso de Santa Catarina. Cursou um semestre letivo de Estudos de M\u00eddia na Universidad de Buenos Aires.","url":"https:\/\/www.suno.com.br\/noticias\/author\/eduardo-vargas\/"}]}},"default_loop_html":"<div class=\"cardsPage__listCard__boxs\"><div class=\"cardsPage__listCard__boxs__img\"><a href=\"https:\/\/www.suno.com.br\/noticias\/itausa-itsa4-dividendos-ceo-patamar-historico\/\"><img class=\"mask\" src=\"https:\/\/www.suno.com.br\/noticias\/wp-content\/themes\/suno\/resources\/images\/spotlight\/spotlight1img\/bg-mask.png\" alt=\"Image Mask\"\/><img src=\"https:\/\/files.sunoresearch.com.br\/n\/uploads\/2023\/03\/CEO-da-Itausa-Alfredo-Setubal-400x200.jpg\" alt=\"Dividendos da Ita\u00fasa (ITSA4) devem voltar ao &#8216;patamar hist\u00f3rico&#8217;, diz CEO\"\/><\/a><span class=\"spotlightCategory\"><a href=\"https:\/\/www.suno.com.br\/noticias\/negocios\/\">Neg\u00f3cios<\/a><\/span><\/div><div class=\"cardsPage__listCard__boxs__content\"><a href=\"https:\/\/www.suno.com.br\/noticias\/itausa-itsa4-dividendos-ceo-patamar-historico\/\"><h2 class=\"content__title\">Dividendos da Ita\u00fasa (ITSA4) devem voltar ao &#8216;patamar hist\u00f3rico&#8217;, diz CEO<\/h2><\/a><div class=\"newsContent__article__meta\"><div class=\"newsContent__article__meta__authorBox\"><a href=\"https:\/\/www.suno.com.br\/noticias\/author\/eduardo-vargas\/\" class=\"authorBox__avatar noMobi\"><img src=\"https:\/\/secure.gravatar.com\/avatar\/dac340933427a22924c9f99d1eb2e3f2?s=96&#038;r=g\" alt=\"Eduardo Vargas\"><\/a><div class=\"authorBox__name\"><span>por\n\t\t\t<a href=\"https:\/\/www.suno.com.br\/noticias\/author\/eduardo-vargas\/\"><span itemprop=\"author\">Eduardo Vargas<\/span><\/a><\/span><time datetime=\"2023-03-21T14:50:27-03:00\" itemprop=\"datePublished\">21\/03\/2023 14:50<\/time><\/div><\/div><\/div><\/div><\/div>","single_layout":"posts","amp_enabled":true,"_links":{"self":[{"href":"https:\/\/www.suno.com.br\/noticias\/wp-json\/wp\/v2\/posts\/378777"}],"collection":[{"href":"https:\/\/www.suno.com.br\/noticias\/wp-json\/wp\/v2\/posts"}],"about":[{"href":"https:\/\/www.suno.com.br\/noticias\/wp-json\/wp\/v2\/types\/post"}],"author":[{"embeddable":true,"href":"https:\/\/www.suno.com.br\/noticias\/wp-json\/wp\/v2\/users\/73"}],"replies":[{"embeddable":true,"href":"https:\/\/www.suno.com.br\/noticias\/wp-json\/wp\/v2\/comments?post=378777"}],"version-history":[{"count":3,"href":"https:\/\/www.suno.com.br\/noticias\/wp-json\/wp\/v2\/posts\/378777\/revisions"}],"predecessor-version":[{"id":378840,"href":"https:\/\/www.suno.com.br\/noticias\/wp-json\/wp\/v2\/posts\/378777\/revisions\/378840"}],"wp:featuredmedia":[{"embeddable":true,"href":"https:\/\/www.suno.com.br\/noticias\/wp-json\/wp\/v2\/media\/378811"}],"wp:attachment":[{"href":"https:\/\/www.suno.com.br\/noticias\/wp-json\/wp\/v2\/media?parent=378777"}],"wp:term":[{"taxonomy":"category","embeddable":true,"href":"https:\/\/www.suno.com.br\/noticias\/wp-json\/wp\/v2\/categories?post=378777"},{"taxonomy":"post_tag","embeddable":true,"href":"https:\/\/www.suno.com.br\/noticias\/wp-json\/wp\/v2\/tags?post=378777"},{"taxonomy":"suno_strategy","embeddable":true,"href":"https:\/\/www.suno.com.br\/noticias\/wp-json\/wp\/v2\/suno_strategy?post=378777"}],"curies":[{"name":"wp","href":"https:\/\/api.w.org\/{rel}","templated":true}]}}