{"id":378725,"date":"2023-03-21T15:41:33","date_gmt":"2023-03-21T18:41:33","guid":{"rendered":"https:\/\/www.suno.com.br\/noticias\/?p=378725"},"modified":"2023-03-21T15:41:44","modified_gmt":"2023-03-21T18:41:44","slug":"previa-do-copom-marco-manutencao-selic","status":"publish","type":"post","link":"https:\/\/www.suno.com.br\/noticias\/previa-do-copom-marco-manutencao-selic\/","title":{"rendered":"O que esperar do Copom, ap\u00f3s falta de arcabou\u00e7o fiscal, crise banc\u00e1ria e condu\u00e7\u00e3o monet\u00e1ria global?"},"content":{"rendered":"<p>Teve in\u00edcio hoje (21) a segunda reuni\u00e3o do ano do Comit\u00ea de <a class=\"suno-keyword\" data-force=\"no\" data-priority=\"1\" href=\"https:\/\/www.suno.com.br\/artigos\/politica-monetaria\/\" target=\"_blank\" rel=\"noopener\">Pol\u00edtica Monet\u00e1ria<\/a> (<strong>Copom<\/strong>), do Banco Central (BC). O encontro desta ter\u00e7a-feira come\u00e7ou \u00e0s 10h05, com pausa \u00e0s 11h34 e retorno \u00e0s discuss\u00f5es \u00e0s 14h10, e ir\u00e1 definir a <a class=\"suno-keyword\" data-force=\"no\" data-priority=\"1\" href=\"https:\/\/www.suno.com.br\/artigos\/taxa-de-juros\/\" target=\"_blank\" rel=\"noopener\">taxa b\u00e1sica de juros<\/a>, a Selic. <\/p>\t<div class=\"wrapper-featured-image\">\n\t\t<figure class=\"spotlightImg\">\n\n\t\t\t<picture>\n\t\t\t\t<source media=\"(max-width: 768px)\" srcset=\"https:\/\/files.sunoresearch.com.br\/n\/uploads\/2022\/12\/banco_central_marcello-casal-jr-400x200.jpg\">\n\t\t\t\t<img loading=\"lazy\" decoding=\"async\" class=\"newsContent__article__imgCapa lazyloadDisabled \" src=\"https:\/\/files.sunoresearch.com.br\/n\/uploads\/2022\/12\/banco_central_marcello-casal-jr-800x450.jpg\" width=\"800\" height=\"450\" alt=\"O que esperar do Copom, ap\u00f3s falta de arcabou\u00e7o fiscal, crise banc\u00e1ria e condu\u00e7\u00e3o monet\u00e1ria global?\" fetchpriority=high \/>\n\t\t\t<\/picture>\n\n\t\t\t<figcaption class=\"wp-caption-text wp-caption-text--show\">Teve in\u00edcio hoje a reuni\u00e3o do Comit\u00ea de Pol\u00edtica Monet\u00e1ria (Copom) que definir\u00e1 a taxa b\u00e1sica de juros (Selic). Foto: Marcello Casal Jr\/Ag\u00eancia Brasil <\/figcaption>\n\t\t<\/figure>\n\t<\/div>\n\n\n\n\n\n\t<p>\n\t\t<a href=\"\" target=\"_blank\" data-element=\"shortcode-suno-banner\" title=\"Banner SUNO, clique e saiba mais\">\n\t\t\t<picture>\n\t\t\t\t<source media=\"(max-width: 500px)\" srcset=\"\">\n\t\t\t\t<img class=\"newsContent__article__imgCapa newsContent__article__imgCapa--banner\"\n\t\t\t\t\tsrc=\"\"\n\t\t\t\t\tdata-promo-id=\"240038\"\t\t\t\t\t\t\t\t\t\t\t\t\t\t\talt=\"\"\n\t\t\t\t>\n\t\t\t<\/picture>\n\t\t<\/a>\n\t<\/p>\n\n\n\n\n\n<p>Apesar de o cen\u00e1rio econ\u00f4mico brasileiro e mundial ter passado por algumas turbul\u00eancias desde o \u00faltimo encontro, em fevereiro, as proje\u00e7\u00f5es de especialistas&nbsp;apontam para a quinta manuten\u00e7\u00e3o consecutiva da <strong>taxa b\u00e1sica de juros<\/strong>, aos 13,75% ao ano.<\/p>\n\n\n\n<p>Isso porque, no Brasil, a quest\u00e3o fiscal ainda tem sido o principal vetor para a trajet\u00f3ria da taxa de juros. At\u00e9 o momento, a equipe econ\u00f4mica finalizou a proposta do novo arcabou\u00e7o fiscal e j\u00e1 foi enviado ao presidente da Rep\u00fablica, Luiz In\u00e1cio Lula da Silva. <\/p>\n\n\n\n<p>A expectativa era de que o mandat\u00e1rio daria a palavra final sobre a \u00e2ncora antes de sua viagem \u00e0 China, nesta sexta-feira (24), <a href=\"https:\/\/www.suno.com.br\/noticias\/lula-aumenta-suspense-arcabouco-fiscal\/\" target=\"_blank\" rel=\"noreferrer noopener\">mas hoje os planos foram adiados<\/a>. Contudo, \u00e9 importante lembrar que o arcabou\u00e7o fiscal n\u00e3o \u00e9 o \u00fanico determinante nas decis\u00f5es do BC. <\/p>\n\n\n\n<p>Junto a isso, a infla\u00e7\u00e3o no Brasil segue pressionada. O \u00cdndice Nacional de Pre\u00e7os ao Consumidor Amplo (IPCA), considerado o indicador oficial da infla\u00e7\u00e3o, subiu 0,84% em fevereiro. No m\u00eas anterior, o avan\u00e7o foi de 0,53%. Para este ano, a estimativa \u00e9 de que a infla\u00e7\u00e3o feche aos 5,95%, conforme <a href=\"https:\/\/www.suno.com.br\/noticias\/boletim-focus-ipca-cambio-selic\/\" target=\"_blank\" rel=\"noreferrer noopener\">proje\u00e7\u00f5es do Boletim Focus<\/a>.\u00a0<\/p>\n\n\n\n<p>J\u00e1 no cen\u00e1rio internacional, o Copom tem no radar o pico da infla\u00e7\u00e3o nos Estados Unidos e na <a class=\"suno-keyword\" data-force=\"no\" data-priority=\"1\" href=\"https:\/\/www.suno.com.br\/artigos\/zona-do-euro\/\" target=\"_blank\" rel=\"noopener\">Zona do Euro<\/a>. Embora possa parecer que ela ficou para tr\u00e1s, continua em patamares elevados. <\/p>\n\n\n\n<p>Sabendo desse cen\u00e1rio complexo em que o Copom precisar\u00e1 se debru\u00e7ar, o Suno Not\u00edcias consultou 6 especialistas e as proje\u00e7\u00f5es foram un\u00e2nimes quanto a expectativa de <strong>manuten\u00e7\u00e3o da taxa Selic<\/strong> nos atuais 13,75% ao ano.<\/p>\n\n\n\t<p>\n\t\t<a href=\"https:\/\/lp.suno.com.br\/planilha-controle-gastos\/\" target=\"_blank\" data-element=\"shortcode-suno-banner\" title=\"Banner SUNO, clique e saiba mais\">\n\t\t\t<picture>\n\t\t\t\t<source media=\"(max-width: 500px)\" srcset=\"https:\/\/files.sunoresearch.com.br\/n\/uploads\/2023\/03\/400x300-Planilha-controle-de-gastos.png\">\n\t\t\t\t<img class=\"newsContent__article__imgCapa newsContent__article__imgCapa--banner\"\n\t\t\t\t\tsrc=\"https:\/\/files.sunoresearch.com.br\/n\/uploads\/2023\/03\/1420x240-Planilha-controle-de-gastos.png\"\n\t\t\t\t\tdata-promo-id=\"101751\"\t\t\t\t\t\t\t\t\t\twidth='1420' height='240'\t\t\t\t\talt=\"https:\/\/files.sunoresearch.com.br\/n\/uploads\/2023\/03\/1420x240-Planilha-controle-de-gastos.png\"\n\t\t\t\t>\n\t\t\t<\/picture>\n\t\t<\/a>\n\t<\/p>\n\n\n\n\n\n<h2 class=\"wp-block-heading\" id=\"h-2\u00ba-copom-do-ano-5\u00aa-manutencao-da-selic\">2\u00ba Copom do ano, 5\u00aa manuten\u00e7\u00e3o da Selic<\/h2>\n\n\n\n<p>Segundo Gustavo Sung, economista-chefe do Suno Research, diante dos epis\u00f3dios recentes, internacionais e dom\u00e9sticos, o Copom dever\u00e1 esperar, pelo menos at\u00e9 a reuni\u00e3o de hoje e amanh\u00e3, para entender os reais impactos sobre a economia brasileira. <\/p>\n\n\n\n<blockquote class=\"wp-block-quote is-layout-flow wp-block-quote-is-layout-flow\">\n<p>A decis\u00e3o sobre os juros ser\u00e1 feita reuni\u00e3o a reuni\u00e3o, a fim de n\u00e3o tomar qualquer decis\u00e3o precipitada.<\/p>\n<\/blockquote>\n\n\n\n<p>Sung acredita que o processo de cortes na <a class=\"suno-keyword\" target=\"_blank\" data-force=\"no\" data-priority=\"3\" href=\"https:\/\/www.suno.com.br\/artigos\/taxa-selic\/\" rel=\"noopener\">taxa Selic<\/a> pelo Copom ocorrer\u00e3o quando o BC tiver certeza de que a infla\u00e7\u00e3o est\u00e1 em trajet\u00f3ria est\u00e1vel e em dire\u00e7\u00e3o \u00e0 meta. &#8220;Com as expectativas ancoradas e sem grandes choques, que o fa\u00e7am mudar a rota no meio do caminho&#8221;, pontua.<\/p>\n\n\n\n<p>A Associa\u00e7\u00e3o Brasileira de Bancos (ABB) tamb\u00e9m projeta a manuten\u00e7\u00e3o da Selic nos atuais 13,75%. Para Everton Gon\u00e7alves, Superintendente da Assessoria Econ\u00f4mica da entidade, da \u00faltima <strong>reuni\u00e3o do Copom<\/strong> para c\u00e1, n\u00e3o houve altera\u00e7\u00f5es significativas no balan\u00e7o de riscos, mantendo as expectativas est\u00e1veis.<\/p>\n\n\n\n<p>Segundo ele, a grande mudan\u00e7a no cen\u00e1rio se refere aos receios da forma\u00e7\u00e3o de uma <a class=\"suno-keyword\" data-force=\"no\" data-priority=\"1\" href=\"https:\/\/www.suno.com.br\/artigos\/crise-financeira\/\" target=\"_blank\" rel=\"noopener\">crise financeira<\/a> que aumentou o grau de imprevisibilidade para a tomada de decis\u00e3o dos agentes econ\u00f4micos. <\/p>\n\n\n\n<p>\u201cEmbora esse quadro possa levar a uma desinfla\u00e7\u00e3o mais r\u00e1pida e uma queda mais intensa na atividade econ\u00f4mica internacional, uma valoriza\u00e7\u00e3o do d\u00f3lar no mercado internacional ter\u00e1 impacto na taxa de c\u00e2mbio das moedas de pa\u00edses emergentes\u201d, conclui Gon\u00e7alves.<\/p>\n\n\n\n<h2 class=\"wp-block-heading\">Mas e o tom do comunicado?<\/h2>\n\n\n\n<p>Segundo Andr\u00e9 Meirelles, diretor de Aloca\u00e7\u00e3o e Distribui\u00e7\u00e3o na InvestSmart&nbsp;XP, o <strong>comunicado do Copom<\/strong> ir\u00e1 embutir o risco decorrente da instabilidade no sistema financeiro internacional, j\u00e1 que as perspectivas sobre o novo arcabou\u00e7o fiscal ainda s\u00e3o desconhecidas. <\/p>\n\n\n\n<p>&#8220;Al\u00e9m disso, o comunicado deve discorrer sobre a ancoragem nas expectativas de infla\u00e7\u00e3o, uma vez que no \u00faltimo <a class=\"suno-keyword\" target=\"_blank\" data-force=\"no\" data-priority=\"2\" href=\"https:\/\/www.suno.com.br\/artigos\/boletim-focus\/\" rel=\"noopener\">Boletim Focus<\/a>, divulgado ontem, projetou para a infla\u00e7\u00e3o para 2026 um salto de 20 pontos-base (pb), quando comparada h\u00e1 uma semana atr\u00e1s&#8221;, diz Meirelles.<\/p>\n\n\n\t<p>\n\t\t<a href=\"https:\/\/lp.suno.com.br\/planilha-da-vida-financeira\/\" target=\"_blank\" data-element=\"shortcode-suno-banner\" title=\"Banner SUNO, clique e saiba mais\">\n\t\t\t<picture>\n\t\t\t\t<source media=\"(max-width: 500px)\" srcset=\"https:\/\/files.sunoresearch.com.br\/n\/uploads\/2023\/04\/400x300-Planilha-vida-financeira-true.png\">\n\t\t\t\t<img class=\"newsContent__article__imgCapa newsContent__article__imgCapa--banner\"\n\t\t\t\t\tsrc=\"https:\/\/files.sunoresearch.com.br\/n\/uploads\/2023\/04\/1420x240-Planilha-vida-financeira-true.png\"\n\t\t\t\t\tdata-promo-id=\"106682\"\t\t\t\t\t\t\t\t\t\twidth='1420' height='240'\t\t\t\t\talt=\"https:\/\/files.sunoresearch.com.br\/n\/uploads\/2023\/04\/1420x240-Planilha-vida-financeira-true.png\"\n\t\t\t\t>\n\t\t\t<\/picture>\n\t\t<\/a>\n\t<\/p>\n\n\n\n\n\n<p>A mesma linha \u00e9 seguida por Claudio Ferraz, Bruno Balassiano e Bruno Martins, analistas do <a class=\"suno-keyword\" target=\"_blank\" data-force=\"yes\" data-priority=\"2\" href=\"https:\/\/www.suno.com.br\/acoes\/BPAC11\/\" rel=\"noopener\">BTG Pactual (BPAC11)<\/a>. Segundo eles, o <strong>tom do comunicado do Copom<\/strong> ir\u00e1 considerar os seguintes pontos: <\/p>\n\n\n\n<ul class=\"wp-block-list\">\n<li>(i) os resultados qualitativos da infla\u00e7\u00e3o corrente; <\/li>\n\n\n\n<li>(ii) a deteriora\u00e7\u00e3o das expectativas de infla\u00e7\u00e3o, mesmo para horizontes mais longos; <\/li>\n\n\n\n<li>(iii) um mercado de trabalho ainda apertado; <\/li>\n\n\n\n<li>(iv) alta incerteza fiscal. <\/li>\n<\/ul>\n\n\n\n<p>&#8220;Caso a converg\u00eancia da infla\u00e7\u00e3o se materialize mais rapidamente, como resultado de uma atividade econ\u00f4mica mais fraca devido aos mercados de cr\u00e9dito mais apertados, vinculados a quest\u00f5es dom\u00e9sticas ou a um cen\u00e1rio internacional pior, no qual os riscos \u00e0 <a class=\"suno-keyword\" target=\"_blank\" data-force=\"no\" data-priority=\"1\" href=\"https:\/\/www.suno.com.br\/artigos\/estabilidade-financeira\/\" rel=\"noopener\">estabilidade financeira<\/a> assumem repentinamente o centro das aten\u00e7\u00f5es, um processo de flexibiliza\u00e7\u00e3o pode ser implementado no segundo semestre&#8221;, afirmam. <\/p>\n\n\n\n<p>Contudo, os analistas do BTG pontuam que, para isso, o cen\u00e1rio precisaria ser auxiliado por uma redu\u00e7\u00e3o na percep\u00e7\u00e3o de risco fiscal e conten\u00e7\u00e3o das expectativas de infla\u00e7\u00e3o.<\/p>\n\n\n\n<h2 class=\"wp-block-heading\">Quando a Selic vai cair?<\/h2>\n\n\n\n<p>E n\u00e3o \u00e9 apenas o BTG Pactual que projeta o <strong>corte da Selic<\/strong> no segundo semestre. Para Rafael De La Fuente e a equipes de analistas do UBS BB, o Copom manter\u00e1 taxa b\u00e1sica de juros inalterada at\u00e9 o final do terceiro trimestre de 2023. <\/p>\n\n\n\n<p>&#8220;Ent\u00e3o come\u00e7ar\u00e1 o corte em um ritmo de 50 pb, terminando o ano com a Selic em 12,25%, e em 2024, aos 9,5%&#8221;, projetam os analistas da casa.<\/p>\n\n\n\t<p>\n\t\t<a href=\"https:\/\/lp.suno.com.br\/ebook-como-analisar-uma-acao\/\" target=\"_blank\" data-element=\"shortcode-suno-banner\" title=\"Banner SUNO, clique e saiba mais\">\n\t\t\t<picture>\n\t\t\t\t<source media=\"(max-width: 500px)\" srcset=\"https:\/\/files.sunoresearch.com.br\/n\/uploads\/2023\/03\/Ebook-Acoes-Mobile-1.jpg\">\n\t\t\t\t<img class=\"newsContent__article__imgCapa newsContent__article__imgCapa--banner\"\n\t\t\t\t\tsrc=\"https:\/\/files.sunoresearch.com.br\/n\/uploads\/2023\/03\/Ebook-Acoes-Desktop-1.jpg\"\n\t\t\t\t\tdata-promo-id=\"171998\"\t\t\t\t\t\t\t\t\t\twidth='1420' height='286'\t\t\t\t\talt=\"https:\/\/files.sunoresearch.com.br\/n\/uploads\/2023\/03\/Ebook-Acoes-Desktop-1.jpg\"\n\t\t\t\t>\n\t\t\t<\/picture>\n\t\t<\/a>\n\t<\/p>\n\n\n\n\n\n<p>Gustavo Sung, economista-chefe do Suno Research, tamb\u00e9m aponta para o corte na taxa de juros no segundo semestre, mais especificamente em agosto. <\/p>\n\n\n\n<p>&#8220;Analistas de mercado come\u00e7am a precificar quedas em maio ou junho, mas acreditamos que a tramita\u00e7\u00e3o da nova \u00e2ncora fiscal no Congresso n\u00e3o dever\u00e1 ser t\u00e3o r\u00e1pida, o que retarda qualquer corte&#8221;, justifica.<\/p>\n\n\n\n<p>Tamb\u00e9m prevendo cortes na Selic a partir de agosto, os analistas do Goldman Sachs afirmam que ficar\u00e3o atentos \u00e0 declara\u00e7\u00e3o de pol\u00edtica <strong>p\u00f3s-reuni\u00e3o do Copom<\/strong>, com as previs\u00f5es para o final de 2024 em rela\u00e7\u00e3o \u00e0 meta de 3% de infla\u00e7\u00e3o. <\/p>\n\n\n\n<blockquote class=\"wp-block-quote is-layout-flow wp-block-quote-is-layout-flow\">\n<p>Uma vez que a meta do ano que vem tem mais peso na fun\u00e7\u00e3o de rea\u00e7\u00e3o do BC do que as proje\u00e7\u00f5es para final de 2023.<\/p>\n<\/blockquote>\n\n\n\n<p>Alberto Ramos e a equipe de analistas do Goldman frisam que as proje\u00e7\u00f5es e o balan\u00e7o geral dos riscos para a infla\u00e7\u00e3o ser\u00e3o fundamentais para calibrar a trajet\u00f3ria da taxa Selic, &#8220;em particular o timing e o espa\u00e7o para flexibiliza\u00e7\u00e3o em 2023 e 2024\u201d.<\/p>\n\n\n\n<h2 class=\"wp-block-heading\">Focus mant\u00e9m expectativa alta<\/h2>\n\n\n\n<p>Na v\u00e9spera da segunda <strong>reuni\u00e3o do Copom<\/strong> no ano, o&nbsp;<a href=\"https:\/\/www.suno.com.br\/artigos\/boletim-focus\/\" target=\"_blank\" rel=\"noreferrer noopener\"><strong>Boletim Focus<\/strong><\/a> mostrou que as expectativas para a Selic seguem elevadas, estimando juros de 12,75% neste ano e de 10% no ano que vem. At\u00e9 ent\u00e3o, era consenso que o ano de 2024 n\u00e3o teria juros de dois d\u00edgitos, dadas as proje\u00e7\u00f5es na casa dos 9% nas semanas anteriores.<\/p>\n\n\n\n<p>Veja, em detalhes, as proje\u00e7\u00f5es mais importantes para 2023 e 2024:<\/p>\n\n\n\n<h3 class=\"wp-block-heading\" id=\"h-2023\">2023<\/h3>\n\n\n\n<ul class=\"wp-block-list\">\n<li><strong>IPCA:&nbsp;<\/strong>a proje\u00e7\u00e3o caiu para 5,95%<\/li>\n\n\n\n<li><strong>PIB:<\/strong>&nbsp;a proje\u00e7\u00e3o caiu para 0,88%<\/li>\n\n\n\n<li><strong>D\u00f3lar:<\/strong>&nbsp;a previs\u00e3o do c\u00e2mbio segue em R$ 5,25<\/li>\n\n\n\n<li><strong>Taxa Selic:<\/strong>&nbsp;a previs\u00e3o aumentou para 12,75%<\/li>\n\n\n\n<li><strong>Balan\u00e7a Comercial:<\/strong>&nbsp;a expectativa para o super\u00e1vit caiu para US$ 55 bilh\u00f5es<\/li>\n\n\n\n<li><strong>Investimento Estrangeiro Direto<\/strong>: a previs\u00e3o segue em US$ 80 bilh\u00f5es<\/li>\n\n\n\n<li><strong><a href=\"https:\/\/www.suno.com.br\/artigos\/deficit-primario\/\">D\u00edvida do Setor P\u00fablico<\/a>:&nbsp;<\/strong>a previs\u00e3o caiu para 60,90% PIB<\/li>\n<\/ul>\n\n\n\n<h3 class=\"wp-block-heading\" id=\"h-2024\">2024<\/h3>\n\n\n\n<ul class=\"wp-block-list\">\n<li><strong>IPCA:&nbsp;<\/strong>a proje\u00e7\u00e3o aumentou para 4,11%<\/li>\n\n\n\n<li><strong>PIB:<\/strong>&nbsp;a proje\u00e7\u00e3o caiu para 1,47%<\/li>\n\n\n\n<li><strong>D\u00f3lar:<\/strong>&nbsp;a previs\u00e3o do c\u00e2mbio caiu para R$ 5,30<\/li>\n\n\n\n<li><strong>Taxa Selic:<\/strong>&nbsp;a previs\u00e3o segue em 10%<\/li>\n\n\n\n<li><strong>Balan\u00e7a Comercial:<\/strong>&nbsp;a expectativa para o super\u00e1vit caiu para US$ 54,80 bilh\u00f5es<\/li>\n\n\n\n<li><strong><a href=\"https:\/\/www.suno.com.br\/artigos\/investimento-estrangeiro-direto-ied\/\" target=\"_blank\" rel=\"noreferrer noopener\">Investimento Estrangeiro Direto<\/a><\/strong>: a previs\u00e3o segue em US$ 80 bilh\u00f5es<\/li>\n\n\n\n<li><strong>D\u00edvida do Setor P\u00fablico:&nbsp;<\/strong>a previs\u00e3o subiu para 64,5% PIB<\/li>\n<\/ul>\n\n\n\n<p>Vale lembrar que comunicado oficial sobre a&nbsp;decis\u00e3o do <strong>Copom<\/strong> sobre a Selic&nbsp;ser\u00e1 divulgado ao mercado amanh\u00e3 (22), no <a class=\"suno-keyword\" data-force=\"no\" data-priority=\"1\" href=\"https:\/\/www.suno.com.br\/artigos\/fechamento-do-mercado\/\" target=\"_blank\" rel=\"noopener\">fechamento do mercado<\/a>.<\/p>\n\n\n\t<p>\n\t\t<a href=\"https:\/\/lp.suno.com.br\/planilha-de-controle-de-investimentos\/\" target=\"_blank\" data-element=\"shortcode-suno-banner\" title=\"Banner SUNO, clique e saiba mais\">\n\t\t\t<picture>\n\t\t\t\t<source media=\"(max-width: 500px)\" srcset=\"https:\/\/files.sunoresearch.com.br\/n\/uploads\/2023\/03\/400x300-Controle-de-Investimentos.png\">\n\t\t\t\t<img class=\"newsContent__article__imgCapa newsContent__article__imgCapa--banner\"\n\t\t\t\t\tsrc=\"https:\/\/files.sunoresearch.com.br\/n\/uploads\/2023\/03\/1420x240-Controle-de-Investimentos.png\"\n\t\t\t\t\tdata-promo-id=\"75934\"\t\t\t\t\t\t\t\t\t\twidth='1420' height='240'\t\t\t\t\talt=\"https:\/\/files.sunoresearch.com.br\/n\/uploads\/2023\/03\/1420x240-Controle-de-Investimentos.png\"\n\t\t\t\t>\n\t\t\t<\/picture>\n\t\t<\/a>\n\t<\/p>\n\n\n\n\n\t\t<div class=\"web-stories-list alignnone has-archive-link is-view-type-carousel is-style-default is-carousel\" data-id=\"1\">\n\t\t\t<div\n\t\t\tclass=\"web-stories-list__inner-wrapper carousel-1\"\n\t\t\tstyle=\"--ws-story-max-width:185px\"\n\t\t\t>\n\t\t\t\t\t\t<div class=\"web-stories-list__archive-link\">\n\t\t\t<a href=\"https:\/\/www.suno.com.br\/noticias\/web-stories\/\">\n\t\t\t\tConfira os melhores webstories!\t\t\t<\/a>\n\t\t<\/div>\n\t\t\t\t\t\t\t<div\n\t\t\t\t\tclass=\"web-stories-list__carousel carousel\"\n\t\t\t\t\tdata-id=\"carousel-1\"\n\t\t\t\t\tdata-prev=\"Voltar\"\n\t\t\t\t\tdata-next=\"Avan\u00e7ar\"\n\t\t\t\t\t>\n\t\t\t\t\t\t\t\t\t<div\n\t\t\t\tclass=\"web-stories-list__story\"\n\t\t\t\tdata-wp-interactive=\"web-stories-block\"\n\t\t\t\tdata-wp-context='{\"instanceId\":1}'\t\t\t\tdata-wp-on--click=\"actions.open\"\n\t\t\t\tdata-wp-on-window--popstate=\"actions.onPopstate\"\n\t\t\t\t>\n\t\t\t\t\t\t\t<div class=\"web-stories-list__story-poster\">\n\t\t\t\t<a href=\"https:\/\/www.suno.com.br\/noticias\/web-stories\/por-que-as-acoes-da-nvidia-estao-despencando\/\" >\n\t\t\t\t\t<img\n\t\t\t\t\t\tsrc=\"https:\/\/files.sunoresearch.com.br\/n\/uploads\/2025\/11\/cropped-pexels-stasknop-19356873-scaled-1.webp\"\n\t\t\t\t\t\talt=\"Por que as a\u00e7\u00f5es da Nvidia est\u00e3o despencando?\"\n\t\t\t\t\t\twidth=\"185\"\n\t\t\t\t\t\theight=\"308\"\n\t\t\t\t\t\t\t\t\t\t\t\t\tsrcset=\"https:\/\/files.sunoresearch.com.br\/n\/uploads\/2025\/11\/cropped-pexels-stasknop-19356873-scaled-1.webp 640w, https:\/\/files.sunoresearch.com.br\/n\/uploads\/2025\/11\/cropped-pexels-stasknop-19356873-scaled-1-225x300.webp 225w, https:\/\/files.sunoresearch.com.br\/n\/uploads\/2025\/11\/cropped-pexels-stasknop-19356873-scaled-1-150x200.webp 150w\"\n\t\t\t\t\t\t\t\t\t\t\t\t\t\t\t\t\t\t\tsizes=\"(max-width: 640px) 100vw, 640px\"\n\t\t\t\t\t\t\t\t\t\t\t\tloading=\"lazy\"\n\t\t\t\t\t\tdecoding=\"async\"\n\t\t\t\t\t>\n\t\t\t\t<\/a>\n\t\t\t<\/div>\n\t\t\t\t\t<div class=\"web-stories-list__story-content-overlay\">\n\t\t\t\t\t\t\t<div class=\"story-content-overlay__title\">\n\t\t\t\t\tPor que as a\u00e7\u00f5es da Nvidia est\u00e3o despencando?\t\t\t\t<\/div>\n\t\t\t\n\t\t\t\n\t\t\t\n\t\t\t\t\t<\/div>\n\t\t\t\t\t<\/div>\n\t\t\t\t\t\t<div\n\t\t\t\tclass=\"web-stories-list__story\"\n\t\t\t\tdata-wp-interactive=\"web-stories-block\"\n\t\t\t\tdata-wp-context='{\"instanceId\":1}'\t\t\t\tdata-wp-on--click=\"actions.open\"\n\t\t\t\tdata-wp-on-window--popstate=\"actions.onPopstate\"\n\t\t\t\t>\n\t\t\t\t\t\t\t<div class=\"web-stories-list__story-poster\">\n\t\t\t\t<a href=\"https:\/\/www.suno.com.br\/noticias\/web-stories\/quanto-falta-para-elon-musk-se-tornar-trilionario\/\" >\n\t\t\t\t\t<img\n\t\t\t\t\t\tsrc=\"https:\/\/files.sunoresearch.com.br\/n\/uploads\/2026\/01\/cropped-Elon-Musk-jpg.webp\"\n\t\t\t\t\t\talt=\"Quanto falta para Elon Musk se tornar trilion\u00e1rio?\"\n\t\t\t\t\t\twidth=\"185\"\n\t\t\t\t\t\theight=\"308\"\n\t\t\t\t\t\t\t\t\t\t\t\t\tsrcset=\"https:\/\/files.sunoresearch.com.br\/n\/uploads\/2026\/01\/cropped-Elon-Musk-jpg.webp 640w, https:\/\/files.sunoresearch.com.br\/n\/uploads\/2026\/01\/cropped-Elon-Musk-jpg-225x300.webp 225w, https:\/\/files.sunoresearch.com.br\/n\/uploads\/2026\/01\/cropped-Elon-Musk-jpg-150x200.webp 150w\"\n\t\t\t\t\t\t\t\t\t\t\t\t\t\t\t\t\t\t\tsizes=\"(max-width: 640px) 100vw, 640px\"\n\t\t\t\t\t\t\t\t\t\t\t\tloading=\"lazy\"\n\t\t\t\t\t\tdecoding=\"async\"\n\t\t\t\t\t>\n\t\t\t\t<\/a>\n\t\t\t<\/div>\n\t\t\t\t\t<div class=\"web-stories-list__story-content-overlay\">\n\t\t\t\t\t\t\t<div class=\"story-content-overlay__title\">\n\t\t\t\t\tQuanto falta para Elon Musk se tornar trilion\u00e1rio?\t\t\t\t<\/div>\n\t\t\t\n\t\t\t\n\t\t\t\n\t\t\t\t\t<\/div>\n\t\t\t\t\t<\/div>\n\t\t\t\t\t\t<div\n\t\t\t\tclass=\"web-stories-list__story\"\n\t\t\t\tdata-wp-interactive=\"web-stories-block\"\n\t\t\t\tdata-wp-context='{\"instanceId\":1}'\t\t\t\tdata-wp-on--click=\"actions.open\"\n\t\t\t\tdata-wp-on-window--popstate=\"actions.onPopstate\"\n\t\t\t\t>\n\t\t\t\t\t\t\t<div class=\"web-stories-list__story-poster\">\n\t\t\t\t<a href=\"https:\/\/www.suno.com.br\/noticias\/web-stories\/ate-onde-vai-a-alta-do-ibovespa\/\" >\n\t\t\t\t\t<img\n\t\t\t\t\t\tsrc=\"https:\/\/files.sunoresearch.com.br\/n\/uploads\/2025\/11\/cropped-iStock-1215609239-jpg.webp\"\n\t\t\t\t\t\talt=\"At\u00e9 onde vai a alta do Ibovespa?\"\n\t\t\t\t\t\twidth=\"185\"\n\t\t\t\t\t\theight=\"308\"\n\t\t\t\t\t\t\t\t\t\t\t\t\tsrcset=\"https:\/\/files.sunoresearch.com.br\/n\/uploads\/2025\/11\/cropped-iStock-1215609239-jpg.webp 640w, https:\/\/files.sunoresearch.com.br\/n\/uploads\/2025\/11\/cropped-iStock-1215609239-jpg-225x300.webp 225w, https:\/\/files.sunoresearch.com.br\/n\/uploads\/2025\/11\/cropped-iStock-1215609239-jpg-150x200.webp 150w\"\n\t\t\t\t\t\t\t\t\t\t\t\t\t\t\t\t\t\t\tsizes=\"(max-width: 640px) 100vw, 640px\"\n\t\t\t\t\t\t\t\t\t\t\t\tloading=\"lazy\"\n\t\t\t\t\t\tdecoding=\"async\"\n\t\t\t\t\t>\n\t\t\t\t<\/a>\n\t\t\t<\/div>\n\t\t\t\t\t<div class=\"web-stories-list__story-content-overlay\">\n\t\t\t\t\t\t\t<div class=\"story-content-overlay__title\">\n\t\t\t\t\tAt\u00e9 onde vai a alta do Ibovespa?\t\t\t\t<\/div>\n\t\t\t\n\t\t\t\n\t\t\t\n\t\t\t\t\t<\/div>\n\t\t\t\t\t<\/div>\n\t\t\t\t\t\t<div\n\t\t\t\tclass=\"web-stories-list__story\"\n\t\t\t\tdata-wp-interactive=\"web-stories-block\"\n\t\t\t\tdata-wp-context='{\"instanceId\":1}'\t\t\t\tdata-wp-on--click=\"actions.open\"\n\t\t\t\tdata-wp-on-window--popstate=\"actions.onPopstate\"\n\t\t\t\t>\n\t\t\t\t\t\t\t<div class=\"web-stories-list__story-poster\">\n\t\t\t\t<a href=\"https:\/\/www.suno.com.br\/noticias\/web-stories\/banco-brasileiro-itau-lista-marcas-mais-valiosas-mundo\/\" >\n\t\t\t\t\t<img\n\t\t\t\t\t\tsrc=\"https:\/\/files.sunoresearch.com.br\/n\/uploads\/2024\/01\/cropped-predio-itau.webp\"\n\t\t\t\t\t\talt=\"Banco brasileiro est\u00e1 entre as 500 marcas mais valiosas do mundo\"\n\t\t\t\t\t\twidth=\"185\"\n\t\t\t\t\t\theight=\"308\"\n\t\t\t\t\t\t\t\t\t\t\t\t\tsrcset=\"https:\/\/files.sunoresearch.com.br\/n\/uploads\/2024\/01\/cropped-predio-itau.webp 640w, https:\/\/files.sunoresearch.com.br\/n\/uploads\/2024\/01\/cropped-predio-itau-225x300.webp 225w, https:\/\/files.sunoresearch.com.br\/n\/uploads\/2024\/01\/cropped-predio-itau-150x200.webp 150w\"\n\t\t\t\t\t\t\t\t\t\t\t\t\t\t\t\t\t\t\tsizes=\"(max-width: 640px) 100vw, 640px\"\n\t\t\t\t\t\t\t\t\t\t\t\tloading=\"lazy\"\n\t\t\t\t\t\tdecoding=\"async\"\n\t\t\t\t\t>\n\t\t\t\t<\/a>\n\t\t\t<\/div>\n\t\t\t\t\t<div class=\"web-stories-list__story-content-overlay\">\n\t\t\t\t\t\t\t<div class=\"story-content-overlay__title\">\n\t\t\t\t\tBanco brasileiro est\u00e1 entre as 500 marcas mais valiosas do mundo\t\t\t\t<\/div>\n\t\t\t\n\t\t\t\n\t\t\t\n\t\t\t\t\t<\/div>\n\t\t\t\t\t<\/div>\n\t\t\t\t\t\t<div\n\t\t\t\tclass=\"web-stories-list__story\"\n\t\t\t\tdata-wp-interactive=\"web-stories-block\"\n\t\t\t\tdata-wp-context='{\"instanceId\":1}'\t\t\t\tdata-wp-on--click=\"actions.open\"\n\t\t\t\tdata-wp-on-window--popstate=\"actions.onPopstate\"\n\t\t\t\t>\n\t\t\t\t\t\t\t<div class=\"web-stories-list__story-poster\">\n\t\t\t\t<a href=\"https:\/\/www.suno.com.br\/noticias\/web-stories\/flamengo-lista-times-mais-ricos-do-mundo-hoje\/\" >\n\t\t\t\t\t<img\n\t\t\t\t\t\tsrc=\"https:\/\/files.sunoresearch.com.br\/n\/uploads\/2026\/01\/cropped-brazil-6755874_1280-jpg.webp\"\n\t\t\t\t\t\talt=\"Flamengo na lista! Veja os times mais ricos do mundo hoje\"\n\t\t\t\t\t\twidth=\"185\"\n\t\t\t\t\t\theight=\"308\"\n\t\t\t\t\t\t\t\t\t\t\t\t\tsrcset=\"https:\/\/files.sunoresearch.com.br\/n\/uploads\/2026\/01\/cropped-brazil-6755874_1280-jpg.webp 640w, https:\/\/files.sunoresearch.com.br\/n\/uploads\/2026\/01\/cropped-brazil-6755874_1280-jpg-225x300.webp 225w, https:\/\/files.sunoresearch.com.br\/n\/uploads\/2026\/01\/cropped-brazil-6755874_1280-jpg-150x200.webp 150w\"\n\t\t\t\t\t\t\t\t\t\t\t\t\t\t\t\t\t\t\tsizes=\"(max-width: 640px) 100vw, 640px\"\n\t\t\t\t\t\t\t\t\t\t\t\tloading=\"lazy\"\n\t\t\t\t\t\tdecoding=\"async\"\n\t\t\t\t\t>\n\t\t\t\t<\/a>\n\t\t\t<\/div>\n\t\t\t\t\t<div class=\"web-stories-list__story-content-overlay\">\n\t\t\t\t\t\t\t<div class=\"story-content-overlay__title\">\n\t\t\t\t\tFlamengo na lista! Veja os times mais ricos do mundo hoje\t\t\t\t<\/div>\n\t\t\t\n\t\t\t\n\t\t\t\n\t\t\t\t\t<\/div>\n\t\t\t\t\t<\/div>\n\t\t\t\t\t\t\t\t<\/div>\n\t\t\t\t\t<div tabindex=\"0\" aria-label=\"Voltar\" class=\"glider-prev\"><\/div>\n\t\t\t\t\t<div tabindex=\"0\" aria-label=\"Avan\u00e7ar\" class=\"glider-next\"><\/div>\n\t\t\t\t\t\t\t\t<\/div>\n\t\t<\/div>\n\t\t","protected":false},"excerpt":{"rendered":"<p>Teve in\u00edcio hoje (21) a segunda reuni\u00e3o do ano do Comit\u00ea de Pol\u00edtica Monet\u00e1ria (Copom), do Banco Central (BC). O encontro desta ter\u00e7a-feira come\u00e7ou \u00e0s 10h05, com pausa \u00e0s 11h34 e retorno \u00e0s discuss\u00f5es \u00e0s 14h10, e ir\u00e1 definir a taxa b\u00e1sica de juros, a Selic. Teve in\u00edcio hoje a reuni\u00e3o do Comit\u00ea de Pol\u00edtica [&hellip;]<\/p>\n","protected":false},"author":233,"featured_media":330011,"comment_status":"closed","ping_status":"closed","sticky":false,"template":"","format":"standard","meta":[],"categories":[60],"tags":[1842,1104,105815,105816,290],"suno_strategy":[106961],"class_list":["post-378725","post","type-post","status-publish","format-standard","has-post-thumbnail","hentry","category-mercado","tag-banco-central-bc","tag-copom","tag-especial","tag-especialistas","tag-taxa-selic"],"yoast_head":"<!-- This site is optimized with the Yoast SEO plugin v24.4 - https:\/\/yoast.com\/wordpress\/plugins\/seo\/ -->\n<title>Sem arcabou\u00e7o fiscal, Copom manter\u00e1 Selic em 13,75% pela 5\u00aa vez?<\/title>\n<meta name=\"description\" content=\"Teve in\u00edcio hoje (21) a segunda reuni\u00e3o do ano do Copom, do Banco Central, que definir\u00e1 a taxa b\u00e1sica de juros, a Selic. Confira proje\u00e7\u00f5es!\" \/>\n<meta name=\"robots\" content=\"index, follow, max-snippet:-1, max-image-preview:large, max-video-preview:-1\" \/>\n<link rel=\"canonical\" href=\"https:\/\/www.suno.com.br\/noticias\/previa-do-copom-marco-manutencao-selic\/\" \/>\n<meta property=\"og:locale\" content=\"pt_BR\" \/>\n<meta property=\"og:type\" content=\"article\" \/>\n<meta property=\"og:title\" content=\"Sem arcabou\u00e7o fiscal, Copom manter\u00e1 Selic em 13,75% pela 5\u00aa vez?\" \/>\n<meta property=\"og:description\" content=\"Teve in\u00edcio hoje (21) a segunda reuni\u00e3o do ano do Copom, do Banco Central, que definir\u00e1 a taxa b\u00e1sica de juros, a Selic. Confira proje\u00e7\u00f5es!\" \/>\n<meta property=\"og:url\" content=\"https:\/\/www.suno.com.br\/noticias\/previa-do-copom-marco-manutencao-selic\/\" \/>\n<meta property=\"og:site_name\" content=\"Suno Not\u00edcias\" \/>\n<meta property=\"article:publisher\" content=\"https:\/\/facebook.com\/sunoresearch\" \/>\n<meta property=\"og:image\" content=\"https:\/\/files.sunoresearch.com.br\/n\/uploads\/2022\/12\/banco_central_marcello-casal-jr.jpg\" \/>\n\t<meta property=\"og:image:width\" content=\"1200\" \/>\n\t<meta property=\"og:image:height\" content=\"800\" \/>\n\t<meta property=\"og:image:type\" content=\"image\/jpeg\" \/>\n<meta name=\"author\" content=\"Janize Cola\u00e7o\" \/>\n<meta name=\"twitter:card\" content=\"summary_large_image\" \/>\n<meta name=\"twitter:creator\" content=\"@sunoresearch\" \/>\n<meta name=\"twitter:site\" content=\"@sunoresearch\" \/>\n<meta name=\"twitter:label1\" content=\"Escrito por\" \/>\n\t<meta name=\"twitter:data1\" content=\"Janize Cola\u00e7o\" \/>\n\t<meta name=\"twitter:label2\" content=\"Est. tempo de leitura\" \/>\n\t<meta name=\"twitter:data2\" content=\"7 minutos\" \/>\n<script type=\"application\/ld+json\" class=\"yoast-schema-graph\">{\"@context\":\"https:\/\/schema.org\",\"@graph\":[{\"@type\":\"NewsArticle\",\"@id\":\"https:\/\/www.suno.com.br\/noticias\/previa-do-copom-marco-manutencao-selic\/#article\",\"isPartOf\":{\"@id\":\"https:\/\/www.suno.com.br\/noticias\/previa-do-copom-marco-manutencao-selic\/\"},\"author\":{\"name\":\"Janize Cola\u00e7o\",\"@id\":\"https:\/\/www.suno.com.br\/noticias\/#\/schema\/person\/d689f06da5678e1f0b1ee402f001d676\"},\"headline\":\"O que esperar do Copom, ap\u00f3s falta de arcabou\u00e7o fiscal, crise banc\u00e1ria e condu\u00e7\u00e3o monet\u00e1ria global?\",\"datePublished\":\"2023-03-21T18:41:33+00:00\",\"dateModified\":\"2023-03-21T18:41:44+00:00\",\"mainEntityOfPage\":{\"@id\":\"https:\/\/www.suno.com.br\/noticias\/previa-do-copom-marco-manutencao-selic\/\"},\"wordCount\":1385,\"publisher\":{\"@id\":\"https:\/\/www.suno.com.br\/noticias\/#organization\"},\"image\":{\"@id\":\"https:\/\/www.suno.com.br\/noticias\/previa-do-copom-marco-manutencao-selic\/#primaryimage\"},\"thumbnailUrl\":\"https:\/\/files.sunoresearch.com.br\/n\/uploads\/2022\/12\/banco_central_marcello-casal-jr.jpg\",\"keywords\":[\"Banco Central (BC)\",\"Copom\",\"Especiais\",\"Especialistas\",\"Taxa Selic\"],\"articleSection\":[\"Mercado\"],\"inLanguage\":\"pt-BR\"},{\"@type\":\"WebPage\",\"@id\":\"https:\/\/www.suno.com.br\/noticias\/previa-do-copom-marco-manutencao-selic\/\",\"url\":\"https:\/\/www.suno.com.br\/noticias\/previa-do-copom-marco-manutencao-selic\/\",\"name\":\"Sem arcabou\u00e7o fiscal, Copom manter\u00e1 Selic em 13,75% pela 5\u00aa vez?\",\"isPartOf\":{\"@id\":\"https:\/\/www.suno.com.br\/noticias\/#website\"},\"primaryImageOfPage\":{\"@id\":\"https:\/\/www.suno.com.br\/noticias\/previa-do-copom-marco-manutencao-selic\/#primaryimage\"},\"image\":{\"@id\":\"https:\/\/www.suno.com.br\/noticias\/previa-do-copom-marco-manutencao-selic\/#primaryimage\"},\"thumbnailUrl\":\"https:\/\/files.sunoresearch.com.br\/n\/uploads\/2022\/12\/banco_central_marcello-casal-jr.jpg\",\"datePublished\":\"2023-03-21T18:41:33+00:00\",\"dateModified\":\"2023-03-21T18:41:44+00:00\",\"description\":\"Teve in\u00edcio hoje (21) a segunda reuni\u00e3o do ano do Copom, do Banco Central, que definir\u00e1 a taxa b\u00e1sica de juros, a Selic. Confira proje\u00e7\u00f5es!\",\"breadcrumb\":{\"@id\":\"https:\/\/www.suno.com.br\/noticias\/previa-do-copom-marco-manutencao-selic\/#breadcrumb\"},\"inLanguage\":\"pt-BR\",\"potentialAction\":[{\"@type\":\"ReadAction\",\"target\":[\"https:\/\/www.suno.com.br\/noticias\/previa-do-copom-marco-manutencao-selic\/\"]}]},{\"@type\":\"ImageObject\",\"inLanguage\":\"pt-BR\",\"@id\":\"https:\/\/www.suno.com.br\/noticias\/previa-do-copom-marco-manutencao-selic\/#primaryimage\",\"url\":\"https:\/\/files.sunoresearch.com.br\/n\/uploads\/2022\/12\/banco_central_marcello-casal-jr.jpg\",\"contentUrl\":\"https:\/\/files.sunoresearch.com.br\/n\/uploads\/2022\/12\/banco_central_marcello-casal-jr.jpg\",\"width\":1200,\"height\":800,\"caption\":\"Teve in\u00edcio hoje a reuni\u00e3o do Comit\u00ea de Pol\u00edtica Monet\u00e1ria (Copom) que definir\u00e1 a taxa b\u00e1sica de juros (Selic). Foto: Marcello Casal Jr\/Ag\u00eancia Brasil\"},{\"@type\":\"BreadcrumbList\",\"@id\":\"https:\/\/www.suno.com.br\/noticias\/previa-do-copom-marco-manutencao-selic\/#breadcrumb\",\"itemListElement\":[{\"@type\":\"ListItem\",\"position\":1,\"name\":\"Not\u00edcias\",\"item\":\"https:\/\/www.suno.com.br\/noticias\/\"},{\"@type\":\"ListItem\",\"position\":2,\"name\":\"Mercado\",\"item\":\"https:\/\/www.suno.com.br\/noticias\/mercado\/\"},{\"@type\":\"ListItem\",\"position\":3,\"name\":\"O que esperar do Copom, ap\u00f3s falta de arcabou\u00e7o fiscal, crise banc\u00e1ria e condu\u00e7\u00e3o monet\u00e1ria global?\"}]},{\"@type\":\"WebSite\",\"@id\":\"https:\/\/www.suno.com.br\/noticias\/#website\",\"url\":\"https:\/\/www.suno.com.br\/noticias\/\",\"name\":\"Suno Not\u00edcias\",\"description\":\"Seu portal de informa\u00e7\u00e3o sobre o mundo dos investimentos\",\"publisher\":{\"@id\":\"https:\/\/www.suno.com.br\/noticias\/#organization\"},\"potentialAction\":[{\"@type\":\"SearchAction\",\"target\":{\"@type\":\"EntryPoint\",\"urlTemplate\":\"https:\/\/www.suno.com.br\/noticias\/?s={search_term_string}\"},\"query-input\":{\"@type\":\"PropertyValueSpecification\",\"valueRequired\":true,\"valueName\":\"search_term_string\"}}],\"inLanguage\":\"pt-BR\"},{\"@type\":\"Organization\",\"@id\":\"https:\/\/www.suno.com.br\/noticias\/#organization\",\"name\":\"Suno Not\u00edcias\",\"url\":\"https:\/\/www.suno.com.br\/noticias\/\",\"logo\":{\"@type\":\"ImageObject\",\"inLanguage\":\"pt-BR\",\"@id\":\"https:\/\/www.suno.com.br\/noticias\/#\/schema\/logo\/image\/\",\"url\":\"https:\/\/files.sunoresearch.com.br\/n\/uploads\/2021\/09\/suno-logo.png\",\"contentUrl\":\"https:\/\/files.sunoresearch.com.br\/n\/uploads\/2021\/09\/suno-logo.png\",\"width\":180,\"height\":180,\"caption\":\"Suno Not\u00edcias\"},\"image\":{\"@id\":\"https:\/\/www.suno.com.br\/noticias\/#\/schema\/logo\/image\/\"},\"sameAs\":[\"https:\/\/facebook.com\/sunoresearch\",\"https:\/\/x.com\/sunoresearch\",\"https:\/\/www.instagram.com\/suno\",\"https:\/\/www.linkedin.com\/company\/suno-research\/\",\"https:\/\/www.youtube.com\/c\/sunoresearch\"]},{\"@type\":\"Person\",\"@id\":\"https:\/\/www.suno.com.br\/noticias\/#\/schema\/person\/d689f06da5678e1f0b1ee402f001d676\",\"name\":\"Janize Cola\u00e7o\",\"image\":{\"@type\":\"ImageObject\",\"inLanguage\":\"pt-BR\",\"@id\":\"https:\/\/www.suno.com.br\/noticias\/#\/schema\/person\/image\/\",\"url\":\"https:\/\/secure.gravatar.com\/avatar\/32b3bf89abae63ca2cf961bc051522d0?s=96&r=g\",\"contentUrl\":\"https:\/\/secure.gravatar.com\/avatar\/32b3bf89abae63ca2cf961bc051522d0?s=96&r=g\",\"caption\":\"Janize Cola\u00e7o\"},\"description\":\"Jornalista formada pela PUC-SP com passagens pela Record TV, Globo Cond\u00e9 Nast, Revista Panrotas e Editora Via. Hoje, \u00e9 rep\u00f3rter no Suno Not\u00edcias, cobrindo pautas sobre mercado, pol\u00edtica, economia e bolsa de valores.\",\"url\":\"https:\/\/www.suno.com.br\/noticias\/author\/janize-colaco\/\"}]}<\/script>\n<!-- \/ Yoast SEO plugin. -->","yoast_head_json":{"title":"Sem arcabou\u00e7o fiscal, Copom manter\u00e1 Selic em 13,75% pela 5\u00aa vez?","description":"Teve in\u00edcio hoje (21) a segunda reuni\u00e3o do ano do Copom, do Banco Central, que definir\u00e1 a taxa b\u00e1sica de juros, a Selic. Confira proje\u00e7\u00f5es!","robots":{"index":"index","follow":"follow","max-snippet":"max-snippet:-1","max-image-preview":"max-image-preview:large","max-video-preview":"max-video-preview:-1"},"canonical":"https:\/\/www.suno.com.br\/noticias\/previa-do-copom-marco-manutencao-selic\/","og_locale":"pt_BR","og_type":"article","og_title":"Sem arcabou\u00e7o fiscal, Copom manter\u00e1 Selic em 13,75% pela 5\u00aa vez?","og_description":"Teve in\u00edcio hoje (21) a segunda reuni\u00e3o do ano do Copom, do Banco Central, que definir\u00e1 a taxa b\u00e1sica de juros, a Selic. Confira proje\u00e7\u00f5es!","og_url":"https:\/\/www.suno.com.br\/noticias\/previa-do-copom-marco-manutencao-selic\/","og_site_name":"Suno Not\u00edcias","article_publisher":"https:\/\/facebook.com\/sunoresearch","og_image":[{"width":1200,"height":800,"url":"https:\/\/files.sunoresearch.com.br\/n\/uploads\/2022\/12\/banco_central_marcello-casal-jr.jpg","type":"image\/jpeg"}],"author":"Janize Cola\u00e7o","twitter_card":"summary_large_image","twitter_creator":"@sunoresearch","twitter_site":"@sunoresearch","twitter_misc":{"Escrito por":"Janize Cola\u00e7o","Est. tempo de leitura":"7 minutos"},"schema":{"@context":"https:\/\/schema.org","@graph":[{"@type":"NewsArticle","@id":"https:\/\/www.suno.com.br\/noticias\/previa-do-copom-marco-manutencao-selic\/#article","isPartOf":{"@id":"https:\/\/www.suno.com.br\/noticias\/previa-do-copom-marco-manutencao-selic\/"},"author":{"name":"Janize Cola\u00e7o","@id":"https:\/\/www.suno.com.br\/noticias\/#\/schema\/person\/d689f06da5678e1f0b1ee402f001d676"},"headline":"O que esperar do Copom, ap\u00f3s falta de arcabou\u00e7o fiscal, crise banc\u00e1ria e condu\u00e7\u00e3o monet\u00e1ria global?","datePublished":"2023-03-21T18:41:33+00:00","dateModified":"2023-03-21T18:41:44+00:00","mainEntityOfPage":{"@id":"https:\/\/www.suno.com.br\/noticias\/previa-do-copom-marco-manutencao-selic\/"},"wordCount":1385,"publisher":{"@id":"https:\/\/www.suno.com.br\/noticias\/#organization"},"image":{"@id":"https:\/\/www.suno.com.br\/noticias\/previa-do-copom-marco-manutencao-selic\/#primaryimage"},"thumbnailUrl":"https:\/\/files.sunoresearch.com.br\/n\/uploads\/2022\/12\/banco_central_marcello-casal-jr.jpg","keywords":["Banco Central (BC)","Copom","Especiais","Especialistas","Taxa Selic"],"articleSection":["Mercado"],"inLanguage":"pt-BR"},{"@type":"WebPage","@id":"https:\/\/www.suno.com.br\/noticias\/previa-do-copom-marco-manutencao-selic\/","url":"https:\/\/www.suno.com.br\/noticias\/previa-do-copom-marco-manutencao-selic\/","name":"Sem arcabou\u00e7o fiscal, Copom manter\u00e1 Selic em 13,75% pela 5\u00aa vez?","isPartOf":{"@id":"https:\/\/www.suno.com.br\/noticias\/#website"},"primaryImageOfPage":{"@id":"https:\/\/www.suno.com.br\/noticias\/previa-do-copom-marco-manutencao-selic\/#primaryimage"},"image":{"@id":"https:\/\/www.suno.com.br\/noticias\/previa-do-copom-marco-manutencao-selic\/#primaryimage"},"thumbnailUrl":"https:\/\/files.sunoresearch.com.br\/n\/uploads\/2022\/12\/banco_central_marcello-casal-jr.jpg","datePublished":"2023-03-21T18:41:33+00:00","dateModified":"2023-03-21T18:41:44+00:00","description":"Teve in\u00edcio hoje (21) a segunda reuni\u00e3o do ano do Copom, do Banco Central, que definir\u00e1 a taxa b\u00e1sica de juros, a Selic. Confira proje\u00e7\u00f5es!","breadcrumb":{"@id":"https:\/\/www.suno.com.br\/noticias\/previa-do-copom-marco-manutencao-selic\/#breadcrumb"},"inLanguage":"pt-BR","potentialAction":[{"@type":"ReadAction","target":["https:\/\/www.suno.com.br\/noticias\/previa-do-copom-marco-manutencao-selic\/"]}]},{"@type":"ImageObject","inLanguage":"pt-BR","@id":"https:\/\/www.suno.com.br\/noticias\/previa-do-copom-marco-manutencao-selic\/#primaryimage","url":"https:\/\/files.sunoresearch.com.br\/n\/uploads\/2022\/12\/banco_central_marcello-casal-jr.jpg","contentUrl":"https:\/\/files.sunoresearch.com.br\/n\/uploads\/2022\/12\/banco_central_marcello-casal-jr.jpg","width":1200,"height":800,"caption":"Teve in\u00edcio hoje a reuni\u00e3o do Comit\u00ea de Pol\u00edtica Monet\u00e1ria (Copom) que definir\u00e1 a taxa b\u00e1sica de juros (Selic). Foto: Marcello Casal Jr\/Ag\u00eancia Brasil"},{"@type":"BreadcrumbList","@id":"https:\/\/www.suno.com.br\/noticias\/previa-do-copom-marco-manutencao-selic\/#breadcrumb","itemListElement":[{"@type":"ListItem","position":1,"name":"Not\u00edcias","item":"https:\/\/www.suno.com.br\/noticias\/"},{"@type":"ListItem","position":2,"name":"Mercado","item":"https:\/\/www.suno.com.br\/noticias\/mercado\/"},{"@type":"ListItem","position":3,"name":"O que esperar do Copom, ap\u00f3s falta de arcabou\u00e7o fiscal, crise banc\u00e1ria e condu\u00e7\u00e3o monet\u00e1ria global?"}]},{"@type":"WebSite","@id":"https:\/\/www.suno.com.br\/noticias\/#website","url":"https:\/\/www.suno.com.br\/noticias\/","name":"Suno Not\u00edcias","description":"Seu portal de informa\u00e7\u00e3o sobre o mundo dos investimentos","publisher":{"@id":"https:\/\/www.suno.com.br\/noticias\/#organization"},"potentialAction":[{"@type":"SearchAction","target":{"@type":"EntryPoint","urlTemplate":"https:\/\/www.suno.com.br\/noticias\/?s={search_term_string}"},"query-input":{"@type":"PropertyValueSpecification","valueRequired":true,"valueName":"search_term_string"}}],"inLanguage":"pt-BR"},{"@type":"Organization","@id":"https:\/\/www.suno.com.br\/noticias\/#organization","name":"Suno Not\u00edcias","url":"https:\/\/www.suno.com.br\/noticias\/","logo":{"@type":"ImageObject","inLanguage":"pt-BR","@id":"https:\/\/www.suno.com.br\/noticias\/#\/schema\/logo\/image\/","url":"https:\/\/files.sunoresearch.com.br\/n\/uploads\/2021\/09\/suno-logo.png","contentUrl":"https:\/\/files.sunoresearch.com.br\/n\/uploads\/2021\/09\/suno-logo.png","width":180,"height":180,"caption":"Suno Not\u00edcias"},"image":{"@id":"https:\/\/www.suno.com.br\/noticias\/#\/schema\/logo\/image\/"},"sameAs":["https:\/\/facebook.com\/sunoresearch","https:\/\/x.com\/sunoresearch","https:\/\/www.instagram.com\/suno","https:\/\/www.linkedin.com\/company\/suno-research\/","https:\/\/www.youtube.com\/c\/sunoresearch"]},{"@type":"Person","@id":"https:\/\/www.suno.com.br\/noticias\/#\/schema\/person\/d689f06da5678e1f0b1ee402f001d676","name":"Janize Cola\u00e7o","image":{"@type":"ImageObject","inLanguage":"pt-BR","@id":"https:\/\/www.suno.com.br\/noticias\/#\/schema\/person\/image\/","url":"https:\/\/secure.gravatar.com\/avatar\/32b3bf89abae63ca2cf961bc051522d0?s=96&r=g","contentUrl":"https:\/\/secure.gravatar.com\/avatar\/32b3bf89abae63ca2cf961bc051522d0?s=96&r=g","caption":"Janize Cola\u00e7o"},"description":"Jornalista formada pela PUC-SP com passagens pela Record TV, Globo Cond\u00e9 Nast, Revista Panrotas e Editora Via. Hoje, \u00e9 rep\u00f3rter no Suno Not\u00edcias, cobrindo pautas sobre mercado, pol\u00edtica, economia e bolsa de valores.","url":"https:\/\/www.suno.com.br\/noticias\/author\/janize-colaco\/"}]}},"default_loop_html":"<div class=\"cardsPage__listCard__boxs\"><div class=\"cardsPage__listCard__boxs__img\"><a href=\"https:\/\/www.suno.com.br\/noticias\/previa-do-copom-marco-manutencao-selic\/\"><img class=\"mask\" src=\"https:\/\/www.suno.com.br\/noticias\/wp-content\/themes\/suno\/resources\/images\/spotlight\/spotlight1img\/bg-mask.png\" alt=\"Image Mask\"\/><img src=\"https:\/\/files.sunoresearch.com.br\/n\/uploads\/2022\/12\/banco_central_marcello-casal-jr-400x200.jpg\" alt=\"O que esperar do Copom, ap\u00f3s falta de arcabou\u00e7o fiscal, crise banc\u00e1ria e condu\u00e7\u00e3o monet\u00e1ria global?\"\/><\/a><span class=\"spotlightCategory\"><a href=\"https:\/\/www.suno.com.br\/noticias\/mercado\/\">Mercado<\/a><\/span><\/div><div class=\"cardsPage__listCard__boxs__content\"><a href=\"https:\/\/www.suno.com.br\/noticias\/previa-do-copom-marco-manutencao-selic\/\"><h2 class=\"content__title\">O que esperar do Copom, ap\u00f3s falta de arcabou\u00e7o fiscal, crise banc\u00e1ria e condu\u00e7\u00e3o monet\u00e1ria global?<\/h2><\/a><div class=\"newsContent__article__meta\"><div class=\"newsContent__article__meta__authorBox\"><a href=\"https:\/\/www.suno.com.br\/noticias\/author\/janize-colaco\/\" class=\"authorBox__avatar noMobi\"><img src=\"https:\/\/files.sunoresearch.com.br\/n\/uploads\/2022\/11\/20221120_111807-1-150x150.jpg\" alt=\"Janize Cola\u00e7o\"><\/a><div class=\"authorBox__name\"><span>por\n\t\t\t<a href=\"https:\/\/www.suno.com.br\/noticias\/author\/janize-colaco\/\"><span itemprop=\"author\">Janize Cola\u00e7o<\/span><\/a><\/span><time datetime=\"2023-03-21T15:41:33-03:00\" itemprop=\"datePublished\">21\/03\/2023 15:41<\/time><\/div><\/div><\/div><\/div><\/div>","single_layout":"posts","amp_enabled":true,"_links":{"self":[{"href":"https:\/\/www.suno.com.br\/noticias\/wp-json\/wp\/v2\/posts\/378725"}],"collection":[{"href":"https:\/\/www.suno.com.br\/noticias\/wp-json\/wp\/v2\/posts"}],"about":[{"href":"https:\/\/www.suno.com.br\/noticias\/wp-json\/wp\/v2\/types\/post"}],"author":[{"embeddable":true,"href":"https:\/\/www.suno.com.br\/noticias\/wp-json\/wp\/v2\/users\/233"}],"replies":[{"embeddable":true,"href":"https:\/\/www.suno.com.br\/noticias\/wp-json\/wp\/v2\/comments?post=378725"}],"version-history":[{"count":3,"href":"https:\/\/www.suno.com.br\/noticias\/wp-json\/wp\/v2\/posts\/378725\/revisions"}],"predecessor-version":[{"id":378849,"href":"https:\/\/www.suno.com.br\/noticias\/wp-json\/wp\/v2\/posts\/378725\/revisions\/378849"}],"wp:featuredmedia":[{"embeddable":true,"href":"https:\/\/www.suno.com.br\/noticias\/wp-json\/wp\/v2\/media\/330011"}],"wp:attachment":[{"href":"https:\/\/www.suno.com.br\/noticias\/wp-json\/wp\/v2\/media?parent=378725"}],"wp:term":[{"taxonomy":"category","embeddable":true,"href":"https:\/\/www.suno.com.br\/noticias\/wp-json\/wp\/v2\/categories?post=378725"},{"taxonomy":"post_tag","embeddable":true,"href":"https:\/\/www.suno.com.br\/noticias\/wp-json\/wp\/v2\/tags?post=378725"},{"taxonomy":"suno_strategy","embeddable":true,"href":"https:\/\/www.suno.com.br\/noticias\/wp-json\/wp\/v2\/suno_strategy?post=378725"}],"curies":[{"name":"wp","href":"https:\/\/api.w.org\/{rel}","templated":true}]}}