{"id":378674,"date":"2023-03-21T11:47:48","date_gmt":"2023-03-21T14:47:48","guid":{"rendered":"https:\/\/www.suno.com.br\/noticias\/?p=378674"},"modified":"2023-03-21T11:48:14","modified_gmt":"2023-03-21T14:48:14","slug":"eletrobras-elet6-lula-retomar-controle-empresa","status":"publish","type":"post","link":"https:\/\/www.suno.com.br\/noticias\/eletrobras-elet6-lula-retomar-controle-empresa\/","title":{"rendered":"Eletrobras (ELET3): &#8216;Espero que o governo volte a ser dono da maior empresa de energia que esse Pa\u00eds tem&#8217;, avisa Lula"},"content":{"rendered":"<p>O presidente Luiz In\u00e1cio Lula da Silva (PT) espera que o Governo Federal &#8220;volte a ser dono&#8221; da <a href=\"https:\/\/www.suno.com.br\/acoes\/elet3\/\" target=\"_blank\" rel=\"noreferrer noopener\"><strong>Eletrobras<\/strong> (ELET3)<\/a>, companhia privatizada durante a gest\u00e3o de Jair Bolsonaro (PL). Nesta ter\u00e7a (21), o petista defendeu que a opera\u00e7\u00e3o &#8220;n\u00e3o vai ficar por isso mesmo&#8221; e avisou que levar\u00e1 o caso \u00e0 Justi\u00e7a.<\/p>\t<div class=\"wrapper-featured-image\">\n\t\t<figure class=\"spotlightImg\">\n\n\t\t\t<picture>\n\t\t\t\t<source media=\"(max-width: 768px)\" srcset=\"https:\/\/files.sunoresearch.com.br\/n\/uploads\/2023\/03\/lula-entrevista-eletrobras-elet3-foto-tv247-youtube-400x200.jpg\">\n\t\t\t\t<img loading=\"lazy\" decoding=\"async\" class=\"newsContent__article__imgCapa lazyloadDisabled \" src=\"https:\/\/files.sunoresearch.com.br\/n\/uploads\/2023\/03\/lula-entrevista-eletrobras-elet3-foto-tv247-youtube-800x450.jpg\" width=\"800\" height=\"450\" alt=\"Eletrobras (ELET3): &#8216;Espero que o governo volte a ser dono da maior empresa de energia que esse Pa\u00eds tem&#8217;, avisa Lula\" fetchpriority=high \/>\n\t\t\t<\/picture>\n\n\t\t\t<figcaption class=\"wp-caption-text wp-caption-text--show\">Presidente Lula em entrevista ao canal TV 247. Foto: YouTube<\/figcaption>\n\t\t<\/figure>\n\t<\/div>\n\n\n\n\n\n\t<p>\n\t\t<a href=\"\" target=\"_blank\" data-element=\"shortcode-suno-banner\" title=\"Banner SUNO, clique e saiba mais\">\n\t\t\t<picture>\n\t\t\t\t<source media=\"(max-width: 500px)\" srcset=\"\">\n\t\t\t\t<img class=\"newsContent__article__imgCapa newsContent__article__imgCapa--banner\"\n\t\t\t\t\tsrc=\"\"\n\t\t\t\t\tdata-promo-id=\"265372\"\t\t\t\t\t\t\t\t\t\t\t\t\t\t\talt=\"\"\n\t\t\t\t>\n\t\t\t<\/picture>\n\t\t<\/a>\n\t<\/p>\n\n\n\n\n\n<p>&#8220;Espero que, se um dia tivermos condi\u00e7\u00f5es, a gente volte a ser dono da maior empresa de energia que esse Pa\u00eds tem&#8221;, defendeu Lula em entrevista ao canal TV 247, no YouTube.<\/p>\n\n\n\n<p>O pol\u00edtico afirmou que a<strong> privatiza\u00e7\u00e3o da Eletrobras<\/strong> foi um &#8220;crime de lesa-p\u00e1tria&#8221;. &#8220;\u00c9 como se voc\u00ea tivesse a sua casa e estivesse devendo, a\u00ed voc\u00ea resolve vender sua casa para pagar a d\u00edvida. Vai ficar com o qu\u00ea na vida?&#8221;, indagou.<\/p>\n\n\n\n<blockquote class=\"wp-block-quote is-layout-flow wp-block-quote-is-layout-flow\">\n<p>Venderam [a Eletrobras], esse dinheiro foi usado para pagar a d\u00edvida p\u00fablica. N\u00e3o existe sinais de que vai baixar o <strong>pre\u00e7o da energia<\/strong> para o povo brasileiro e mais grave ainda \u00e9 que eles fizeram uma loucura.<\/p>\n<\/blockquote>\n\n\n\n<p>Na vis\u00e3o de Lula, o governo anterior cometeu a seguinte &#8220;loucura&#8221; durante o <a class=\"suno-keyword\" target=\"_blank\" data-force=\"no\" data-priority=\"2\" href=\"https:\/\/www.suno.com.br\/artigos\/privatizacao\/\" rel=\"noopener\">processo de privatiza\u00e7\u00e3o<\/a> da empresa de <strong>energia el\u00e9trica<\/strong>: &#8220;Embora o governo tenha 40% das a\u00e7\u00f5es, s\u00f3 participamos das vota\u00e7\u00f5es com 10%. Se o governo quiser comprar a\u00e7\u00f5es, temos que pagar o triplo do pre\u00e7o do que paga uma empresa comum. Ou seja, foi feito para proibir a gente de tom\u00e1-la de volta&#8221;.<\/p>\n\n\n\n<p>&#8220;N\u00e3o vai ficar por isso. Entramos na Justi\u00e7a contra o peso do governo na dire\u00e7\u00e3o da empresa e com rela\u00e7\u00e3o ao pre\u00e7o que as a\u00e7\u00f5es est\u00e3o sendo vendidas&#8221;, complementou o governante.<\/p>\n\n\n\n<p>Veja a entrevista na \u00edntegra:<\/p>\n\n\n\n<figure class=\"wp-block-embed is-type-video is-provider-youtube wp-block-embed-youtube wp-embed-aspect-16-9 wp-has-aspect-ratio\"><div class=\"wp-block-embed__wrapper\">\n<iframe loading=\"lazy\" title=\"Lula na TV 247 - A primeira entrevista ao vivo do presidente\" width=\"1080\" height=\"608\" src=\"https:\/\/www.youtube.com\/embed\/bjxJCHGywuM?feature=oembed\" frameborder=\"0\" allow=\"accelerometer; autoplay; clipboard-write; encrypted-media; gyroscope; picture-in-picture; web-share\" allowfullscreen><\/iframe>\n<\/div><\/figure>\n\n\n\t<p>\n\t\t<a href=\"https:\/\/lp.suno.com.br\/planilha-controle-gastos\/\" target=\"_blank\" data-element=\"shortcode-suno-banner\" title=\"Banner SUNO, clique e saiba mais\">\n\t\t\t<picture>\n\t\t\t\t<source media=\"(max-width: 500px)\" srcset=\"https:\/\/files.sunoresearch.com.br\/n\/uploads\/2023\/03\/400x300-Planilha-controle-de-gastos.png\">\n\t\t\t\t<img class=\"newsContent__article__imgCapa newsContent__article__imgCapa--banner\"\n\t\t\t\t\tsrc=\"https:\/\/files.sunoresearch.com.br\/n\/uploads\/2023\/03\/1420x240-Planilha-controle-de-gastos.png\"\n\t\t\t\t\tdata-promo-id=\"101751\"\t\t\t\t\t\t\t\t\t\twidth='1420' height='240'\t\t\t\t\talt=\"https:\/\/files.sunoresearch.com.br\/n\/uploads\/2023\/03\/1420x240-Planilha-controle-de-gastos.png\"\n\t\t\t\t>\n\t\t\t<\/picture>\n\t\t<\/a>\n\t<\/p>\n\n\n\n\n\n<h2 class=\"wp-block-heading\" id=\"h-lula-critica-dividendos-da-petrobras\">Lula critica dividendos da Petrobras<\/h2>\n\n\n\n<p>Ao longo da entrevista, o presidente tamb\u00e9m criticou a pol\u00edtica de distribui\u00e7\u00e3o de <a class=\"suno-keyword\" target=\"_blank\" data-force=\"no\" data-priority=\"1\" href=\"https:\/\/www.suno.com.br\/guias\/dividendos\/\" rel=\"noopener\">dividendos<\/a> da <a class=\"suno-keyword\" target=\"_blank\" data-force=\"yes\" data-priority=\"2\" href=\"https:\/\/www.suno.com.br\/acoes\/PETR4\/\" rel=\"noopener\">Petrobras (PETR4)<\/a>.<\/p>\n\n\n\n<p>\u201c[A&nbsp;<strong>Petrobras<\/strong>] N\u00e3o pode ser uma empresa vendedora para ter um lucro de R$ 200 bilh\u00f5es e distribui-lo aos acionistas minorit\u00e1rios, quando metade desse dinheiro poderia ser investimento em sal\u00e1rio para pesquisar novas fontes de energia, petr\u00f3leo. \u00c9 um absurdo\u201d, destacou.<\/p>\n\n\n\n<blockquote class=\"wp-block-quote is-layout-flow wp-block-quote-is-layout-flow\">\n<p>A Petrobras n\u00e3o foi feita para exportar \u00f3leo cru, n\u00e3o \u00e9 apenas uma empresa de petr\u00f3leo. \u00c9 uma empresa de energia, tem que estar preocupada com o g\u00e1s, \u00f3leo diesel, biodiesel.<\/p>\n<\/blockquote>\n\n\n\t<div data-element=\"shortcode-read-more\" class=\"knowMore\">\n\t\t\t\t<span class=\"knowMore__title\">Leia mais<\/span>\n\t\t\t\t<a class=\"knowMore__link\" href=\"https:\/\/www.suno.com.br\/noticias\/petrobras-petr4-lula-revolta-dividendos\/\">\n\t\t\tLula se revolta com dividendos da Petrobras (PETR4): &#039;\u00c9 um absurdo&#039;\t\t<\/a>\n\t<\/div>\n\n\n\n\t<p>\n\t\t<a href=\"https:\/\/lp.suno.com.br\/ebook-como-analisar-uma-acao\/\" target=\"_blank\" data-element=\"shortcode-suno-banner\" title=\"Banner SUNO, clique e saiba mais\">\n\t\t\t<picture>\n\t\t\t\t<source media=\"(max-width: 500px)\" srcset=\"https:\/\/files.sunoresearch.com.br\/n\/uploads\/2023\/03\/Ebook-Acoes-Mobile-1.jpg\">\n\t\t\t\t<img class=\"newsContent__article__imgCapa newsContent__article__imgCapa--banner\"\n\t\t\t\t\tsrc=\"https:\/\/files.sunoresearch.com.br\/n\/uploads\/2023\/03\/Ebook-Acoes-Desktop-1.jpg\"\n\t\t\t\t\tdata-promo-id=\"171998\"\t\t\t\t\t\t\t\t\t\twidth='1420' height='286'\t\t\t\t\talt=\"https:\/\/files.sunoresearch.com.br\/n\/uploads\/2023\/03\/Ebook-Acoes-Desktop-1.jpg\"\n\t\t\t\t>\n\t\t\t<\/picture>\n\t\t<\/a>\n\t<\/p>\n\n\n\n\n\n<h2 class=\"wp-block-heading\"><a href=\"https:\/\/lp.suno.com.br\/planilha-controle-gastos\/\" target=\"_blank\" rel=\"noreferrer noopener\"><\/a>Eletrobras no Ibovespa hoje<\/h2>\n\n\n\n<p>Por volta das 11h40, as <strong>a\u00e7\u00f5es da Eletrobras<\/strong> eram negociadas em queda de 1,47%, ao pre\u00e7o de R$ 31,47.<\/p>\n\n\n\n<p>De acordo com o mapeamento do Status Invest, nos \u00faltimos doze meses, os pap\u00e9is da<strong> Eletrobras <\/strong>amargam uma desvaloriza\u00e7\u00e3o de 10,77%.<\/p>\n\n\n\t<p>\n\t\t<a href=\"https:\/\/lp.suno.com.br\/planilha-de-controle-de-investimentos\/\" target=\"_blank\" data-element=\"shortcode-suno-banner\" title=\"Banner SUNO, clique e saiba mais\">\n\t\t\t<picture>\n\t\t\t\t<source media=\"(max-width: 500px)\" srcset=\"https:\/\/files.sunoresearch.com.br\/n\/uploads\/2023\/03\/400x300-Controle-de-Investimentos.png\">\n\t\t\t\t<img class=\"newsContent__article__imgCapa newsContent__article__imgCapa--banner\"\n\t\t\t\t\tsrc=\"https:\/\/files.sunoresearch.com.br\/n\/uploads\/2023\/03\/1420x240-Controle-de-Investimentos.png\"\n\t\t\t\t\tdata-promo-id=\"75934\"\t\t\t\t\t\t\t\t\t\twidth='1420' height='240'\t\t\t\t\talt=\"https:\/\/files.sunoresearch.com.br\/n\/uploads\/2023\/03\/1420x240-Controle-de-Investimentos.png\"\n\t\t\t\t>\n\t\t\t<\/picture>\n\t\t<\/a>\n\t<\/p>\n\n\n","protected":false},"excerpt":{"rendered":"<p>O presidente Luiz In\u00e1cio Lula da Silva (PT) espera que o Governo Federal &#8220;volte a ser dono&#8221; da Eletrobras (ELET3), companhia privatizada durante a gest\u00e3o de Jair Bolsonaro (PL). Nesta ter\u00e7a (21), o petista defendeu que a opera\u00e7\u00e3o &#8220;n\u00e3o vai ficar por isso mesmo&#8221; e avisou que levar\u00e1 o caso \u00e0 Justi\u00e7a. Presidente Lula em [&hellip;]<\/p>\n","protected":false},"author":232,"featured_media":378687,"comment_status":"closed","ping_status":"closed","sticky":false,"template":"","format":"standard","meta":[],"categories":[61],"tags":[286,455,709],"suno_strategy":[],"class_list":["post-378674","post","type-post","status-publish","format-standard","has-post-thumbnail","hentry","category-politica","tag-acoes","tag-eletrobras-elet3-elet5-elet6","tag-lula"],"yoast_head":"<!-- This site is optimized with the Yoast SEO plugin v24.4 - https:\/\/yoast.com\/wordpress\/plugins\/seo\/ -->\n<title>Eletrobras (ELET3): Lula quer que governo volte a ser dono da empresa<\/title>\n<meta name=\"description\" content=\"O presidente Lula espera que o Governo Federal &quot;volte a ser dono&quot; da Eletrobras (ELET6), companhia privatizada por Bolsonaro (PL).\" \/>\n<meta name=\"robots\" content=\"index, follow, max-snippet:-1, max-image-preview:large, max-video-preview:-1\" \/>\n<link rel=\"canonical\" href=\"https:\/\/www.suno.com.br\/noticias\/eletrobras-elet6-lula-retomar-controle-empresa\/\" \/>\n<meta property=\"og:locale\" content=\"pt_BR\" \/>\n<meta property=\"og:type\" content=\"article\" \/>\n<meta property=\"og:title\" content=\"Eletrobras (ELET3): Lula quer que governo volte a ser dono da empresa\" \/>\n<meta property=\"og:description\" content=\"O presidente Lula espera que o Governo Federal &quot;volte a ser dono&quot; da Eletrobras (ELET6), companhia privatizada por Bolsonaro (PL).\" \/>\n<meta property=\"og:url\" content=\"https:\/\/www.suno.com.br\/noticias\/eletrobras-elet6-lula-retomar-controle-empresa\/\" \/>\n<meta property=\"og:site_name\" content=\"Suno Not\u00edcias\" \/>\n<meta property=\"article:publisher\" content=\"https:\/\/facebook.com\/sunoresearch\" \/>\n<meta property=\"og:image\" content=\"https:\/\/files.sunoresearch.com.br\/n\/uploads\/2023\/03\/lula-entrevista-eletrobras-elet3-foto-tv247-youtube.jpg\" \/>\n\t<meta property=\"og:image:width\" content=\"1200\" \/>\n\t<meta property=\"og:image:height\" content=\"675\" \/>\n\t<meta property=\"og:image:type\" content=\"image\/jpeg\" \/>\n<meta name=\"author\" content=\"Erick Matheus Nery\" \/>\n<meta name=\"twitter:card\" content=\"summary_large_image\" \/>\n<meta name=\"twitter:creator\" content=\"@sunoresearch\" \/>\n<meta name=\"twitter:site\" content=\"@sunoresearch\" \/>\n<meta name=\"twitter:label1\" content=\"Escrito por\" \/>\n\t<meta name=\"twitter:data1\" content=\"Erick Matheus Nery\" \/>\n\t<meta name=\"twitter:label2\" content=\"Est. tempo de leitura\" \/>\n\t<meta name=\"twitter:data2\" content=\"3 minutos\" \/>\n<script type=\"application\/ld+json\" class=\"yoast-schema-graph\">{\"@context\":\"https:\/\/schema.org\",\"@graph\":[{\"@type\":\"NewsArticle\",\"@id\":\"https:\/\/www.suno.com.br\/noticias\/eletrobras-elet6-lula-retomar-controle-empresa\/#article\",\"isPartOf\":{\"@id\":\"https:\/\/www.suno.com.br\/noticias\/eletrobras-elet6-lula-retomar-controle-empresa\/\"},\"author\":{\"name\":\"Erick Matheus Nery\",\"@id\":\"https:\/\/www.suno.com.br\/noticias\/#\/schema\/person\/6899bc3f19d1a7315f807131c2c013a0\"},\"headline\":\"Eletrobras (ELET3): &#8216;Espero que o governo volte a ser dono da maior empresa de energia que esse Pa\u00eds tem&#8217;, avisa Lula\",\"datePublished\":\"2023-03-21T14:47:48+00:00\",\"dateModified\":\"2023-03-21T14:48:14+00:00\",\"mainEntityOfPage\":{\"@id\":\"https:\/\/www.suno.com.br\/noticias\/eletrobras-elet6-lula-retomar-controle-empresa\/\"},\"wordCount\":477,\"publisher\":{\"@id\":\"https:\/\/www.suno.com.br\/noticias\/#organization\"},\"image\":{\"@id\":\"https:\/\/www.suno.com.br\/noticias\/eletrobras-elet6-lula-retomar-controle-empresa\/#primaryimage\"},\"thumbnailUrl\":\"https:\/\/files.sunoresearch.com.br\/n\/uploads\/2023\/03\/lula-entrevista-eletrobras-elet3-foto-tv247-youtube.jpg\",\"keywords\":[\"A\u00e7\u00f5es\",\"Eletrobras (ELET3\/ELET5\/ELET6)\",\"Lula\"],\"articleSection\":[\"Pol\u00edtica\"],\"inLanguage\":\"pt-BR\"},{\"@type\":\"WebPage\",\"@id\":\"https:\/\/www.suno.com.br\/noticias\/eletrobras-elet6-lula-retomar-controle-empresa\/\",\"url\":\"https:\/\/www.suno.com.br\/noticias\/eletrobras-elet6-lula-retomar-controle-empresa\/\",\"name\":\"Eletrobras (ELET3): Lula quer que governo volte a ser dono da empresa\",\"isPartOf\":{\"@id\":\"https:\/\/www.suno.com.br\/noticias\/#website\"},\"primaryImageOfPage\":{\"@id\":\"https:\/\/www.suno.com.br\/noticias\/eletrobras-elet6-lula-retomar-controle-empresa\/#primaryimage\"},\"image\":{\"@id\":\"https:\/\/www.suno.com.br\/noticias\/eletrobras-elet6-lula-retomar-controle-empresa\/#primaryimage\"},\"thumbnailUrl\":\"https:\/\/files.sunoresearch.com.br\/n\/uploads\/2023\/03\/lula-entrevista-eletrobras-elet3-foto-tv247-youtube.jpg\",\"datePublished\":\"2023-03-21T14:47:48+00:00\",\"dateModified\":\"2023-03-21T14:48:14+00:00\",\"description\":\"O presidente Lula espera que o Governo Federal \\\"volte a ser dono\\\" da Eletrobras (ELET6), companhia privatizada por Bolsonaro (PL).\",\"breadcrumb\":{\"@id\":\"https:\/\/www.suno.com.br\/noticias\/eletrobras-elet6-lula-retomar-controle-empresa\/#breadcrumb\"},\"inLanguage\":\"pt-BR\",\"potentialAction\":[{\"@type\":\"ReadAction\",\"target\":[\"https:\/\/www.suno.com.br\/noticias\/eletrobras-elet6-lula-retomar-controle-empresa\/\"]}]},{\"@type\":\"ImageObject\",\"inLanguage\":\"pt-BR\",\"@id\":\"https:\/\/www.suno.com.br\/noticias\/eletrobras-elet6-lula-retomar-controle-empresa\/#primaryimage\",\"url\":\"https:\/\/files.sunoresearch.com.br\/n\/uploads\/2023\/03\/lula-entrevista-eletrobras-elet3-foto-tv247-youtube.jpg\",\"contentUrl\":\"https:\/\/files.sunoresearch.com.br\/n\/uploads\/2023\/03\/lula-entrevista-eletrobras-elet3-foto-tv247-youtube.jpg\",\"width\":1200,\"height\":675,\"caption\":\"Presidente Lula em entrevista ao canal TV 247. Foto: YouTube\"},{\"@type\":\"BreadcrumbList\",\"@id\":\"https:\/\/www.suno.com.br\/noticias\/eletrobras-elet6-lula-retomar-controle-empresa\/#breadcrumb\",\"itemListElement\":[{\"@type\":\"ListItem\",\"position\":1,\"name\":\"Not\u00edcias\",\"item\":\"https:\/\/www.suno.com.br\/noticias\/\"},{\"@type\":\"ListItem\",\"position\":2,\"name\":\"Pol\u00edtica\",\"item\":\"https:\/\/www.suno.com.br\/noticias\/politica\/\"},{\"@type\":\"ListItem\",\"position\":3,\"name\":\"Eletrobras (ELET3): &#8216;Espero que o governo volte a ser dono da maior empresa de energia que esse Pa\u00eds tem&#8217;, avisa Lula\"}]},{\"@type\":\"WebSite\",\"@id\":\"https:\/\/www.suno.com.br\/noticias\/#website\",\"url\":\"https:\/\/www.suno.com.br\/noticias\/\",\"name\":\"Suno Not\u00edcias\",\"description\":\"Seu portal de informa\u00e7\u00e3o sobre o mundo dos investimentos\",\"publisher\":{\"@id\":\"https:\/\/www.suno.com.br\/noticias\/#organization\"},\"potentialAction\":[{\"@type\":\"SearchAction\",\"target\":{\"@type\":\"EntryPoint\",\"urlTemplate\":\"https:\/\/www.suno.com.br\/noticias\/?s={search_term_string}\"},\"query-input\":{\"@type\":\"PropertyValueSpecification\",\"valueRequired\":true,\"valueName\":\"search_term_string\"}}],\"inLanguage\":\"pt-BR\"},{\"@type\":\"Organization\",\"@id\":\"https:\/\/www.suno.com.br\/noticias\/#organization\",\"name\":\"Suno Not\u00edcias\",\"url\":\"https:\/\/www.suno.com.br\/noticias\/\",\"logo\":{\"@type\":\"ImageObject\",\"inLanguage\":\"pt-BR\",\"@id\":\"https:\/\/www.suno.com.br\/noticias\/#\/schema\/logo\/image\/\",\"url\":\"https:\/\/files.sunoresearch.com.br\/n\/uploads\/2021\/09\/suno-logo.png\",\"contentUrl\":\"https:\/\/files.sunoresearch.com.br\/n\/uploads\/2021\/09\/suno-logo.png\",\"width\":180,\"height\":180,\"caption\":\"Suno Not\u00edcias\"},\"image\":{\"@id\":\"https:\/\/www.suno.com.br\/noticias\/#\/schema\/logo\/image\/\"},\"sameAs\":[\"https:\/\/facebook.com\/sunoresearch\",\"https:\/\/x.com\/sunoresearch\",\"https:\/\/www.instagram.com\/suno\",\"https:\/\/www.linkedin.com\/company\/suno-research\/\",\"https:\/\/www.youtube.com\/c\/sunoresearch\"]},{\"@type\":\"Person\",\"@id\":\"https:\/\/www.suno.com.br\/noticias\/#\/schema\/person\/6899bc3f19d1a7315f807131c2c013a0\",\"name\":\"Erick Matheus Nery\",\"image\":{\"@type\":\"ImageObject\",\"inLanguage\":\"pt-BR\",\"@id\":\"https:\/\/www.suno.com.br\/noticias\/#\/schema\/person\/image\/\",\"url\":\"https:\/\/secure.gravatar.com\/avatar\/518ddffe438ccb767782d372a66304d2?s=96&r=g\",\"contentUrl\":\"https:\/\/secure.gravatar.com\/avatar\/518ddffe438ccb767782d372a66304d2?s=96&r=g\",\"caption\":\"Erick Matheus Nery\"},\"description\":\"Formado em Jornalismo pela Universidade Federal do Par\u00e1 (UFPA), conta com extens\u00e3o em Jornalismo Econ\u00f4mico pela Funda\u00e7\u00e3o Get\u00falio Vargas (FGV). No Suno Not\u00edcias, atua como rep\u00f3rter de Mercado, com foco nos setores de telecomunica\u00e7\u00f5es, varejo, alimentos e renda fixa. Conta com passagens pelo jornal O Estado de S\u00e3o Paulo, como trainee de Jornalismo Econ\u00f4mico, e pelo site Not\u00edcias da TV.\",\"url\":\"https:\/\/www.suno.com.br\/noticias\/author\/erick-nery\/\"}]}<\/script>\n<!-- \/ Yoast SEO plugin. -->","yoast_head_json":{"title":"Eletrobras (ELET3): Lula quer que governo volte a ser dono da empresa","description":"O presidente Lula espera que o Governo Federal \"volte a ser dono\" da Eletrobras (ELET6), companhia privatizada por Bolsonaro (PL).","robots":{"index":"index","follow":"follow","max-snippet":"max-snippet:-1","max-image-preview":"max-image-preview:large","max-video-preview":"max-video-preview:-1"},"canonical":"https:\/\/www.suno.com.br\/noticias\/eletrobras-elet6-lula-retomar-controle-empresa\/","og_locale":"pt_BR","og_type":"article","og_title":"Eletrobras (ELET3): Lula quer que governo volte a ser dono da empresa","og_description":"O presidente Lula espera que o Governo Federal \"volte a ser dono\" da Eletrobras (ELET6), companhia privatizada por Bolsonaro (PL).","og_url":"https:\/\/www.suno.com.br\/noticias\/eletrobras-elet6-lula-retomar-controle-empresa\/","og_site_name":"Suno Not\u00edcias","article_publisher":"https:\/\/facebook.com\/sunoresearch","og_image":[{"width":1200,"height":675,"url":"https:\/\/files.sunoresearch.com.br\/n\/uploads\/2023\/03\/lula-entrevista-eletrobras-elet3-foto-tv247-youtube.jpg","type":"image\/jpeg"}],"author":"Erick Matheus Nery","twitter_card":"summary_large_image","twitter_creator":"@sunoresearch","twitter_site":"@sunoresearch","twitter_misc":{"Escrito por":"Erick Matheus Nery","Est. tempo de leitura":"3 minutos"},"schema":{"@context":"https:\/\/schema.org","@graph":[{"@type":"NewsArticle","@id":"https:\/\/www.suno.com.br\/noticias\/eletrobras-elet6-lula-retomar-controle-empresa\/#article","isPartOf":{"@id":"https:\/\/www.suno.com.br\/noticias\/eletrobras-elet6-lula-retomar-controle-empresa\/"},"author":{"name":"Erick Matheus Nery","@id":"https:\/\/www.suno.com.br\/noticias\/#\/schema\/person\/6899bc3f19d1a7315f807131c2c013a0"},"headline":"Eletrobras (ELET3): &#8216;Espero que o governo volte a ser dono da maior empresa de energia que esse Pa\u00eds tem&#8217;, avisa Lula","datePublished":"2023-03-21T14:47:48+00:00","dateModified":"2023-03-21T14:48:14+00:00","mainEntityOfPage":{"@id":"https:\/\/www.suno.com.br\/noticias\/eletrobras-elet6-lula-retomar-controle-empresa\/"},"wordCount":477,"publisher":{"@id":"https:\/\/www.suno.com.br\/noticias\/#organization"},"image":{"@id":"https:\/\/www.suno.com.br\/noticias\/eletrobras-elet6-lula-retomar-controle-empresa\/#primaryimage"},"thumbnailUrl":"https:\/\/files.sunoresearch.com.br\/n\/uploads\/2023\/03\/lula-entrevista-eletrobras-elet3-foto-tv247-youtube.jpg","keywords":["A\u00e7\u00f5es","Eletrobras (ELET3\/ELET5\/ELET6)","Lula"],"articleSection":["Pol\u00edtica"],"inLanguage":"pt-BR"},{"@type":"WebPage","@id":"https:\/\/www.suno.com.br\/noticias\/eletrobras-elet6-lula-retomar-controle-empresa\/","url":"https:\/\/www.suno.com.br\/noticias\/eletrobras-elet6-lula-retomar-controle-empresa\/","name":"Eletrobras (ELET3): Lula quer que governo volte a ser dono da empresa","isPartOf":{"@id":"https:\/\/www.suno.com.br\/noticias\/#website"},"primaryImageOfPage":{"@id":"https:\/\/www.suno.com.br\/noticias\/eletrobras-elet6-lula-retomar-controle-empresa\/#primaryimage"},"image":{"@id":"https:\/\/www.suno.com.br\/noticias\/eletrobras-elet6-lula-retomar-controle-empresa\/#primaryimage"},"thumbnailUrl":"https:\/\/files.sunoresearch.com.br\/n\/uploads\/2023\/03\/lula-entrevista-eletrobras-elet3-foto-tv247-youtube.jpg","datePublished":"2023-03-21T14:47:48+00:00","dateModified":"2023-03-21T14:48:14+00:00","description":"O presidente Lula espera que o Governo Federal \"volte a ser dono\" da Eletrobras (ELET6), companhia privatizada por Bolsonaro (PL).","breadcrumb":{"@id":"https:\/\/www.suno.com.br\/noticias\/eletrobras-elet6-lula-retomar-controle-empresa\/#breadcrumb"},"inLanguage":"pt-BR","potentialAction":[{"@type":"ReadAction","target":["https:\/\/www.suno.com.br\/noticias\/eletrobras-elet6-lula-retomar-controle-empresa\/"]}]},{"@type":"ImageObject","inLanguage":"pt-BR","@id":"https:\/\/www.suno.com.br\/noticias\/eletrobras-elet6-lula-retomar-controle-empresa\/#primaryimage","url":"https:\/\/files.sunoresearch.com.br\/n\/uploads\/2023\/03\/lula-entrevista-eletrobras-elet3-foto-tv247-youtube.jpg","contentUrl":"https:\/\/files.sunoresearch.com.br\/n\/uploads\/2023\/03\/lula-entrevista-eletrobras-elet3-foto-tv247-youtube.jpg","width":1200,"height":675,"caption":"Presidente Lula em entrevista ao canal TV 247. Foto: YouTube"},{"@type":"BreadcrumbList","@id":"https:\/\/www.suno.com.br\/noticias\/eletrobras-elet6-lula-retomar-controle-empresa\/#breadcrumb","itemListElement":[{"@type":"ListItem","position":1,"name":"Not\u00edcias","item":"https:\/\/www.suno.com.br\/noticias\/"},{"@type":"ListItem","position":2,"name":"Pol\u00edtica","item":"https:\/\/www.suno.com.br\/noticias\/politica\/"},{"@type":"ListItem","position":3,"name":"Eletrobras (ELET3): &#8216;Espero que o governo volte a ser dono da maior empresa de energia que esse Pa\u00eds tem&#8217;, avisa Lula"}]},{"@type":"WebSite","@id":"https:\/\/www.suno.com.br\/noticias\/#website","url":"https:\/\/www.suno.com.br\/noticias\/","name":"Suno Not\u00edcias","description":"Seu portal de informa\u00e7\u00e3o sobre o mundo dos investimentos","publisher":{"@id":"https:\/\/www.suno.com.br\/noticias\/#organization"},"potentialAction":[{"@type":"SearchAction","target":{"@type":"EntryPoint","urlTemplate":"https:\/\/www.suno.com.br\/noticias\/?s={search_term_string}"},"query-input":{"@type":"PropertyValueSpecification","valueRequired":true,"valueName":"search_term_string"}}],"inLanguage":"pt-BR"},{"@type":"Organization","@id":"https:\/\/www.suno.com.br\/noticias\/#organization","name":"Suno Not\u00edcias","url":"https:\/\/www.suno.com.br\/noticias\/","logo":{"@type":"ImageObject","inLanguage":"pt-BR","@id":"https:\/\/www.suno.com.br\/noticias\/#\/schema\/logo\/image\/","url":"https:\/\/files.sunoresearch.com.br\/n\/uploads\/2021\/09\/suno-logo.png","contentUrl":"https:\/\/files.sunoresearch.com.br\/n\/uploads\/2021\/09\/suno-logo.png","width":180,"height":180,"caption":"Suno Not\u00edcias"},"image":{"@id":"https:\/\/www.suno.com.br\/noticias\/#\/schema\/logo\/image\/"},"sameAs":["https:\/\/facebook.com\/sunoresearch","https:\/\/x.com\/sunoresearch","https:\/\/www.instagram.com\/suno","https:\/\/www.linkedin.com\/company\/suno-research\/","https:\/\/www.youtube.com\/c\/sunoresearch"]},{"@type":"Person","@id":"https:\/\/www.suno.com.br\/noticias\/#\/schema\/person\/6899bc3f19d1a7315f807131c2c013a0","name":"Erick Matheus Nery","image":{"@type":"ImageObject","inLanguage":"pt-BR","@id":"https:\/\/www.suno.com.br\/noticias\/#\/schema\/person\/image\/","url":"https:\/\/secure.gravatar.com\/avatar\/518ddffe438ccb767782d372a66304d2?s=96&r=g","contentUrl":"https:\/\/secure.gravatar.com\/avatar\/518ddffe438ccb767782d372a66304d2?s=96&r=g","caption":"Erick Matheus Nery"},"description":"Formado em Jornalismo pela Universidade Federal do Par\u00e1 (UFPA), conta com extens\u00e3o em Jornalismo Econ\u00f4mico pela Funda\u00e7\u00e3o Get\u00falio Vargas (FGV). No Suno Not\u00edcias, atua como rep\u00f3rter de Mercado, com foco nos setores de telecomunica\u00e7\u00f5es, varejo, alimentos e renda fixa. Conta com passagens pelo jornal O Estado de S\u00e3o Paulo, como trainee de Jornalismo Econ\u00f4mico, e pelo site Not\u00edcias da TV.","url":"https:\/\/www.suno.com.br\/noticias\/author\/erick-nery\/"}]}},"default_loop_html":"<div class=\"cardsPage__listCard__boxs\"><div class=\"cardsPage__listCard__boxs__img\"><a href=\"https:\/\/www.suno.com.br\/noticias\/eletrobras-elet6-lula-retomar-controle-empresa\/\"><img class=\"mask\" src=\"https:\/\/www.suno.com.br\/noticias\/wp-content\/themes\/suno\/resources\/images\/spotlight\/spotlight1img\/bg-mask.png\" alt=\"Image Mask\"\/><img src=\"https:\/\/files.sunoresearch.com.br\/n\/uploads\/2023\/03\/lula-entrevista-eletrobras-elet3-foto-tv247-youtube-400x200.jpg\" alt=\"Eletrobras (ELET3): &#8216;Espero que o governo volte a ser dono da maior empresa de energia que esse Pa\u00eds tem&#8217;, avisa Lula\"\/><\/a><span class=\"spotlightCategory\"><a href=\"https:\/\/www.suno.com.br\/noticias\/politica\/\">Pol\u00edtica<\/a><\/span><\/div><div class=\"cardsPage__listCard__boxs__content\"><a href=\"https:\/\/www.suno.com.br\/noticias\/eletrobras-elet6-lula-retomar-controle-empresa\/\"><h2 class=\"content__title\">Eletrobras (ELET3): &#8216;Espero que o governo volte a ser dono da maior empresa de energia que esse Pa\u00eds tem&#8217;, avisa Lula<\/h2><\/a><div class=\"newsContent__article__meta\"><div class=\"newsContent__article__meta__authorBox\"><a href=\"https:\/\/www.suno.com.br\/noticias\/author\/erick-nery\/\" class=\"authorBox__avatar noMobi\"><img src=\"https:\/\/secure.gravatar.com\/avatar\/518ddffe438ccb767782d372a66304d2?s=96&#038;r=g\" alt=\"Erick Matheus Nery\"><\/a><div class=\"authorBox__name\"><span>por\n\t\t\t<a href=\"https:\/\/www.suno.com.br\/noticias\/author\/erick-nery\/\"><span itemprop=\"author\">Erick Matheus Nery<\/span><\/a><\/span><time datetime=\"2023-03-21T11:47:48-03:00\" itemprop=\"datePublished\">21\/03\/2023 11:47<\/time><\/div><\/div><\/div><\/div><\/div>","single_layout":"posts","amp_enabled":true,"_links":{"self":[{"href":"https:\/\/www.suno.com.br\/noticias\/wp-json\/wp\/v2\/posts\/378674"}],"collection":[{"href":"https:\/\/www.suno.com.br\/noticias\/wp-json\/wp\/v2\/posts"}],"about":[{"href":"https:\/\/www.suno.com.br\/noticias\/wp-json\/wp\/v2\/types\/post"}],"author":[{"embeddable":true,"href":"https:\/\/www.suno.com.br\/noticias\/wp-json\/wp\/v2\/users\/232"}],"replies":[{"embeddable":true,"href":"https:\/\/www.suno.com.br\/noticias\/wp-json\/wp\/v2\/comments?post=378674"}],"version-history":[{"count":3,"href":"https:\/\/www.suno.com.br\/noticias\/wp-json\/wp\/v2\/posts\/378674\/revisions"}],"predecessor-version":[{"id":378690,"href":"https:\/\/www.suno.com.br\/noticias\/wp-json\/wp\/v2\/posts\/378674\/revisions\/378690"}],"wp:featuredmedia":[{"embeddable":true,"href":"https:\/\/www.suno.com.br\/noticias\/wp-json\/wp\/v2\/media\/378687"}],"wp:attachment":[{"href":"https:\/\/www.suno.com.br\/noticias\/wp-json\/wp\/v2\/media?parent=378674"}],"wp:term":[{"taxonomy":"category","embeddable":true,"href":"https:\/\/www.suno.com.br\/noticias\/wp-json\/wp\/v2\/categories?post=378674"},{"taxonomy":"post_tag","embeddable":true,"href":"https:\/\/www.suno.com.br\/noticias\/wp-json\/wp\/v2\/tags?post=378674"},{"taxonomy":"suno_strategy","embeddable":true,"href":"https:\/\/www.suno.com.br\/noticias\/wp-json\/wp\/v2\/suno_strategy?post=378674"}],"curies":[{"name":"wp","href":"https:\/\/api.w.org\/{rel}","templated":true}]}}