{"id":37852,"date":"2019-09-17T12:23:01","date_gmt":"2019-09-17T15:23:01","guid":{"rendered":"https:\/\/www.suno.com.br\/noticias\/?p=37852"},"modified":"2021-02-17T20:13:37","modified_gmt":"2021-02-17T23:13:37","slug":"cade-aprova-parceria-entre-ambev-e-red-bull","status":"publish","type":"post","link":"https:\/\/www.suno.com.br\/noticias\/cade-aprova-parceria-entre-ambev-e-red-bull\/","title":{"rendered":"Cade aprova parceria entre Ambev e Red Bull"},"content":{"rendered":"<p>O <a href=\"https:\/\/www.suno.com.br\/artigos\/cade\/\"><strong>Conselho Administrativo de Defesa Econ\u00f4mica (Cade)<\/strong><\/a> aprovou, sem a inger\u00eancia de restri\u00e7\u00f5es, o neg\u00f3cio entre a Ambev (<strong>ABEV3<\/strong>) e Red Bull.<\/p>\t<div class=\"wrapper-featured-image\">\n\t\t<figure class=\"spotlightImg\">\n\n\t\t\t<picture>\n\t\t\t\t<source media=\"(max-width: 768px)\" srcset=\"https:\/\/files.sunoresearch.com.br\/n\/uploads\/2019\/02\/71c9ec56-ambev-400x200.webp\">\n\t\t\t\t<img loading=\"lazy\" decoding=\"async\" class=\"newsContent__article__imgCapa lazyloadDisabled newsContent__article__imgCapa--noCaption\" src=\"https:\/\/files.sunoresearch.com.br\/n\/uploads\/2019\/02\/71c9ec56-ambev-jpg.webp\" width=\"800\" height=\"450\" alt=\"Cade aprova parceria entre Ambev e Red Bull\" fetchpriority=high \/>\n\t\t\t<\/picture>\n\n\t\t\t<figcaption class=\"wp-caption-text wp-caption-text--hide\">A Ambev (ABEV3) obteve um lucro l\u00edquido de R$ 2,359 bilh\u00f5es no terceiro trimestre, queda de 9,4% na rela\u00e7\u00e3o anual.<\/figcaption>\n\t\t<\/figure>\n\t<\/div>\n\n\n\n<p>A Superintend\u00eancia-Geral da institui\u00e7\u00e3o acenou positivamente \u00e0 celebra\u00e7\u00e3o de um contrato de distribui\u00e7\u00e3o e ou revenda de bebidas energ\u00e9ticas entre <strong>Ambev<\/strong> e a <strong>Red Bull<\/strong>, no territ\u00f3rio brasileiro.<\/p>\n<p>Em abril deste ano, a opera\u00e7\u00e3o foi formalizada por ambas as companhias. O comunicado ao Cade dizia que o intuito do neg\u00f3cio \u00e9 \u201caliar a capilaridade, capacidade, rotas de distribui\u00e7\u00e3o e expertise da Ambev no mercado de bebidas, com o interesse da Red Bull em expandir a distribui\u00e7\u00e3o de suas bebidas energ\u00e9ticas no Brasil&#8221;.<\/p>\n<p><a href=\"https:\/\/www.suno.com.br\/noticias\/sinqia-e-banrisul-definirao-preco-para-follow-ons\/\">Veja tamb\u00e9m: Sinqia e Banrisul definir\u00e3o pre\u00e7os para follow-ons<\/a><\/p>\n<p>&#8220;Al\u00e9m disso, as partes entendem que a opera\u00e7\u00e3o representar\u00e1, para a Ambev, a oportunidade de distribuir uma marca com envergadura internacional&#8221;, informaram as empresas.<\/p>\n<p>O caso foi acompanhado de perto pelas empresas <strong>Heineken <\/strong>(HNK BR) e <strong>Cevejaria Petr\u00f3polis<\/strong>. As empresas, que se posicionaram como terceiros interessados no processo.<\/p>\n<p>No pedido feito ao <strong>Cade <\/strong>\u00e0 \u00e9poca, a Cervejaria Petr\u00f3polis afirmou entender que \u201ca concretiza\u00e7\u00e3o da opera\u00e7\u00e3o poder\u00e1 ensejar a pr\u00e1tica de condutas <a href=\"https:\/\/www.suno.com.br\/artigos\/livre-mercado\/\"><strong>anticompetitivas<\/strong><\/a> no segmento de energ\u00e9ticos, como por exemplo o fechamento de mercado por meio de contratos de exclusividade&#8221;.<\/p>\n\t<p>\n\t\t<a href=\"https:\/\/www.seculus.com.br\/blackfriday\" target=\"_blank\" data-element=\"shortcode-suno-banner\" title=\"Banner SUNO, clique e saiba mais\">\n\t\t\t<picture>\n\t\t\t\t<source media=\"(max-width: 500px)\" srcset=\"https:\/\/files.sunoresearch.com.br\/n\/uploads\/2023\/11\/seculus_suno_mobile_3.jpg\">\n\t\t\t\t<img class=\"newsContent__article__imgCapa newsContent__article__imgCapa--banner\"\n\t\t\t\t\tsrc=\"https:\/\/files.sunoresearch.com.br\/n\/uploads\/2023\/11\/seculus_suno_desktop_3.jpg\"\n\t\t\t\t\tdata-promo-id=\"474124\"\t\t\t\t\t\t\t\t\t\twidth='1420' height='240'\t\t\t\t\talt=\"https:\/\/files.sunoresearch.com.br\/n\/uploads\/2023\/11\/seculus_suno_desktop_3.jpg\"\n\t\t\t\t>\n\t\t\t<\/picture>\n\t\t<\/a>\n\t<\/p>\n\n\n<p>Por sua vez a HNK BR, que integra o <strong>Grupo Heineken<\/strong> no Brasil, argumentou que \u201cvale notar que as pr\u00f3prias requerentes mencionam a HNK BR como um de seus principais concorrentes no mercado de distribui\u00e7\u00e3o de bebidas em geral [\u2026] tendo portanto a HNK BR interesse direto no Ato de Concentra\u00e7\u00e3o em an\u00e1lise&#8221;.<\/p>\n<p>O aval do <strong>Cade<\/strong> ao neg\u00f3cio est\u00e1 publicado no <strong>Di\u00e1rio Oficial da Uni\u00e3o<\/strong> (DOU) desta ter\u00e7a-feira (17).<\/p>\n<h2>Resultados da Ambev<\/h2>\n<p>A gigante do segmento de bebidas registrou um <a href=\"https:\/\/www.suno.com.br\/artigos\/lucro-liquido\/\">lucro l\u00edquido<\/a> de R$ 2,74 bilh\u00f5es durante o primeiro trimestre de 2019. A alta equivale a um avan\u00e7o de 3,2% quando comparado aos mesmo per\u00edodo do ano anterior.<\/p>\n<p>Um dos fatores principais para isso acontecer foi a diminui\u00e7\u00e3o de despesas financeiras. A informa\u00e7\u00e3o foi divulgada junto ao balan\u00e7o da empresa no final do m\u00eas de julho.<\/p>\n<p><a href=\"https:\/\/www.suno.com.br\/noticias\/principais-estatais-lucram-de-r-607-trilhoes-1-semestre\/\">Saiba mais: Principais estatais reportam lucro de R$ 60,7 bilh\u00f5es no 1\u00ba semestre e surpreendem<\/a><\/p>\n<p>A subsidi\u00e1ria da <strong>Anheuser Busch<\/strong> conseguiu lucrar R$ 2,616 bilh\u00f5es entre os meses de abril e junho. Dessa forma, a Ambev deixou para tr\u00e1s as estimativas de especialistas, que esperavam por um valor de R$ 2,286 bilh\u00f5es.<\/p>\n<p>Nesta ter\u00e7a-feira (17), pr\u00f3ximo das 12h15, as a\u00e7\u00f5es ordin\u00e1rias da <strong>Ambev<\/strong> apresentam alta de 1,20%, sendo negociadas a R$ 19,38 na <a href=\"https:\/\/www.suno.com.br\/artigos\/b3\/\">B3<\/a>.<\/p>\n","protected":false},"excerpt":{"rendered":"<p>O Conselho Administrativo de Defesa Econ\u00f4mica (Cade) aprovou, sem a inger\u00eancia de restri\u00e7\u00f5es, o neg\u00f3cio entre a Ambev (ABEV3) e Red Bull. A Ambev (ABEV3) obteve um lucro l\u00edquido de R$ 2,359 bilh\u00f5es no terceiro trimestre, queda de 9,4% na rela\u00e7\u00e3o anual. A Superintend\u00eancia-Geral da institui\u00e7\u00e3o acenou positivamente \u00e0 celebra\u00e7\u00e3o de um contrato de distribui\u00e7\u00e3o [&hellip;]<\/p>\n","protected":false},"author":24,"featured_media":16681,"comment_status":"closed","ping_status":"closed","sticky":false,"template":"","format":"standard","meta":[],"categories":[64],"tags":[359,851,62812],"suno_strategy":[],"class_list":["post-37852","post","type-post","status-publish","format-standard","has-post-thumbnail","hentry","category-negocios","tag-ambev-abev3","tag-cade","tag-fusoes-e-aquisicoes"],"yoast_head":"<!-- This site is optimized with the Yoast SEO plugin v24.4 - https:\/\/yoast.com\/wordpress\/plugins\/seo\/ -->\n<title>Cade aprova parceria entre Ambev e Red Bull<\/title>\n<meta name=\"description\" content=\"O Cade aprovou, sem restri\u00e7\u00f5es, o neg\u00f3cio entre a Ambev e Red Bull. A proposta de parceria foi apresentada em abril. Saiba mais.\" \/>\n<meta name=\"robots\" content=\"index, follow, max-snippet:-1, max-image-preview:large, max-video-preview:-1\" \/>\n<link rel=\"canonical\" href=\"https:\/\/www.suno.com.br\/noticias\/cade-aprova-parceria-entre-ambev-e-red-bull\/\" \/>\n<meta property=\"og:locale\" content=\"pt_BR\" \/>\n<meta property=\"og:type\" content=\"article\" \/>\n<meta property=\"og:title\" content=\"Cade aprova parceria entre Ambev e Red Bull\" \/>\n<meta property=\"og:description\" content=\"O Cade aprovou, sem restri\u00e7\u00f5es, o neg\u00f3cio entre a Ambev e Red Bull. A proposta de parceria foi apresentada em abril. Saiba mais.\" \/>\n<meta property=\"og:url\" content=\"https:\/\/www.suno.com.br\/noticias\/cade-aprova-parceria-entre-ambev-e-red-bull\/\" \/>\n<meta property=\"og:site_name\" content=\"Suno Not\u00edcias\" \/>\n<meta property=\"article:publisher\" content=\"https:\/\/facebook.com\/sunoresearch\" \/>\n<meta property=\"og:image\" content=\"https:\/\/files.sunoresearch.com.br\/n\/uploads\/2019\/02\/71c9ec56-ambev.jpg\" \/>\n\t<meta property=\"og:image:width\" content=\"800\" \/>\n\t<meta property=\"og:image:height\" content=\"450\" \/>\n\t<meta property=\"og:image:type\" content=\"image\/jpeg\" \/>\n<meta name=\"author\" content=\"Jader Lazarini\" \/>\n<meta name=\"twitter:card\" content=\"summary_large_image\" \/>\n<meta name=\"twitter:creator\" content=\"@sunoresearch\" \/>\n<meta name=\"twitter:site\" content=\"@sunoresearch\" \/>\n<meta name=\"twitter:label1\" content=\"Escrito por\" \/>\n\t<meta name=\"twitter:data1\" content=\"Jader Lazarini\" \/>\n\t<meta name=\"twitter:label2\" content=\"Est. tempo de leitura\" \/>\n\t<meta name=\"twitter:data2\" content=\"2 minutos\" \/>\n<script type=\"application\/ld+json\" class=\"yoast-schema-graph\">{\"@context\":\"https:\/\/schema.org\",\"@graph\":[{\"@type\":\"NewsArticle\",\"@id\":\"https:\/\/www.suno.com.br\/noticias\/cade-aprova-parceria-entre-ambev-e-red-bull\/#article\",\"isPartOf\":{\"@id\":\"https:\/\/www.suno.com.br\/noticias\/cade-aprova-parceria-entre-ambev-e-red-bull\/\"},\"author\":{\"name\":\"Jader Lazarini\",\"@id\":\"https:\/\/www.suno.com.br\/noticias\/#\/schema\/person\/918d79de1f0281f01599b93f9ea6e23f\"},\"headline\":\"Cade aprova parceria entre Ambev e Red Bull\",\"datePublished\":\"2019-09-17T15:23:01+00:00\",\"dateModified\":\"2021-02-17T23:13:37+00:00\",\"mainEntityOfPage\":{\"@id\":\"https:\/\/www.suno.com.br\/noticias\/cade-aprova-parceria-entre-ambev-e-red-bull\/\"},\"wordCount\":462,\"publisher\":{\"@id\":\"https:\/\/www.suno.com.br\/noticias\/#organization\"},\"image\":{\"@id\":\"https:\/\/www.suno.com.br\/noticias\/cade-aprova-parceria-entre-ambev-e-red-bull\/#primaryimage\"},\"thumbnailUrl\":\"https:\/\/files.sunoresearch.com.br\/n\/uploads\/2019\/02\/71c9ec56-ambev-jpg.webp\",\"keywords\":[\"AMBEV (ABEV3)\",\"CADE\",\"fus\u00f5es e aquisi\u00e7\u00f5es\"],\"articleSection\":[\"Neg\u00f3cios\"],\"inLanguage\":\"pt-BR\"},{\"@type\":\"WebPage\",\"@id\":\"https:\/\/www.suno.com.br\/noticias\/cade-aprova-parceria-entre-ambev-e-red-bull\/\",\"url\":\"https:\/\/www.suno.com.br\/noticias\/cade-aprova-parceria-entre-ambev-e-red-bull\/\",\"name\":\"Cade aprova parceria entre Ambev e Red Bull\",\"isPartOf\":{\"@id\":\"https:\/\/www.suno.com.br\/noticias\/#website\"},\"primaryImageOfPage\":{\"@id\":\"https:\/\/www.suno.com.br\/noticias\/cade-aprova-parceria-entre-ambev-e-red-bull\/#primaryimage\"},\"image\":{\"@id\":\"https:\/\/www.suno.com.br\/noticias\/cade-aprova-parceria-entre-ambev-e-red-bull\/#primaryimage\"},\"thumbnailUrl\":\"https:\/\/files.sunoresearch.com.br\/n\/uploads\/2019\/02\/71c9ec56-ambev-jpg.webp\",\"datePublished\":\"2019-09-17T15:23:01+00:00\",\"dateModified\":\"2021-02-17T23:13:37+00:00\",\"description\":\"O Cade aprovou, sem restri\u00e7\u00f5es, o neg\u00f3cio entre a Ambev e Red Bull. A proposta de parceria foi apresentada em abril. Saiba mais.\",\"breadcrumb\":{\"@id\":\"https:\/\/www.suno.com.br\/noticias\/cade-aprova-parceria-entre-ambev-e-red-bull\/#breadcrumb\"},\"inLanguage\":\"pt-BR\",\"potentialAction\":[{\"@type\":\"ReadAction\",\"target\":[\"https:\/\/www.suno.com.br\/noticias\/cade-aprova-parceria-entre-ambev-e-red-bull\/\"]}]},{\"@type\":\"ImageObject\",\"inLanguage\":\"pt-BR\",\"@id\":\"https:\/\/www.suno.com.br\/noticias\/cade-aprova-parceria-entre-ambev-e-red-bull\/#primaryimage\",\"url\":\"https:\/\/files.sunoresearch.com.br\/n\/uploads\/2019\/02\/71c9ec56-ambev-jpg.webp\",\"contentUrl\":\"https:\/\/files.sunoresearch.com.br\/n\/uploads\/2019\/02\/71c9ec56-ambev-jpg.webp\",\"width\":800,\"height\":450,\"caption\":\"A Ambev (ABEV3) obteve um lucro l\u00edquido de R$ 2,359 bilh\u00f5es no terceiro trimestre, queda de 9,4% na rela\u00e7\u00e3o anual.\"},{\"@type\":\"BreadcrumbList\",\"@id\":\"https:\/\/www.suno.com.br\/noticias\/cade-aprova-parceria-entre-ambev-e-red-bull\/#breadcrumb\",\"itemListElement\":[{\"@type\":\"ListItem\",\"position\":1,\"name\":\"Not\u00edcias\",\"item\":\"https:\/\/www.suno.com.br\/noticias\/\"},{\"@type\":\"ListItem\",\"position\":2,\"name\":\"Neg\u00f3cios\",\"item\":\"https:\/\/www.suno.com.br\/noticias\/negocios\/\"},{\"@type\":\"ListItem\",\"position\":3,\"name\":\"Cade aprova parceria entre Ambev e Red Bull\"}]},{\"@type\":\"WebSite\",\"@id\":\"https:\/\/www.suno.com.br\/noticias\/#website\",\"url\":\"https:\/\/www.suno.com.br\/noticias\/\",\"name\":\"Suno Not\u00edcias\",\"description\":\"Seu portal de informa\u00e7\u00e3o sobre o mundo dos investimentos\",\"publisher\":{\"@id\":\"https:\/\/www.suno.com.br\/noticias\/#organization\"},\"potentialAction\":[{\"@type\":\"SearchAction\",\"target\":{\"@type\":\"EntryPoint\",\"urlTemplate\":\"https:\/\/www.suno.com.br\/noticias\/?s={search_term_string}\"},\"query-input\":{\"@type\":\"PropertyValueSpecification\",\"valueRequired\":true,\"valueName\":\"search_term_string\"}}],\"inLanguage\":\"pt-BR\"},{\"@type\":\"Organization\",\"@id\":\"https:\/\/www.suno.com.br\/noticias\/#organization\",\"name\":\"Suno Not\u00edcias\",\"url\":\"https:\/\/www.suno.com.br\/noticias\/\",\"logo\":{\"@type\":\"ImageObject\",\"inLanguage\":\"pt-BR\",\"@id\":\"https:\/\/www.suno.com.br\/noticias\/#\/schema\/logo\/image\/\",\"url\":\"https:\/\/files.sunoresearch.com.br\/n\/uploads\/2021\/09\/suno-logo.png\",\"contentUrl\":\"https:\/\/files.sunoresearch.com.br\/n\/uploads\/2021\/09\/suno-logo.png\",\"width\":180,\"height\":180,\"caption\":\"Suno Not\u00edcias\"},\"image\":{\"@id\":\"https:\/\/www.suno.com.br\/noticias\/#\/schema\/logo\/image\/\"},\"sameAs\":[\"https:\/\/facebook.com\/sunoresearch\",\"https:\/\/x.com\/sunoresearch\",\"https:\/\/www.instagram.com\/suno\",\"https:\/\/www.linkedin.com\/company\/suno-research\/\",\"https:\/\/www.youtube.com\/c\/sunoresearch\"]},{\"@type\":\"Person\",\"@id\":\"https:\/\/www.suno.com.br\/noticias\/#\/schema\/person\/918d79de1f0281f01599b93f9ea6e23f\",\"name\":\"Jader Lazarini\",\"image\":{\"@type\":\"ImageObject\",\"inLanguage\":\"pt-BR\",\"@id\":\"https:\/\/www.suno.com.br\/noticias\/#\/schema\/person\/image\/\",\"url\":\"https:\/\/secure.gravatar.com\/avatar\/3c1ad8caa51589841baeb923fcddea97?s=96&r=g\",\"contentUrl\":\"https:\/\/secure.gravatar.com\/avatar\/3c1ad8caa51589841baeb923fcddea97?s=96&r=g\",\"caption\":\"Jader Lazarini\"},\"description\":\"Jader Lazarini escreve sobre investimentos, finan\u00e7as, economia e neg\u00f3cios. \u00c9 bacharel em Rela\u00e7\u00f5es Internacionais e analista CNPI (2619).\",\"url\":\"https:\/\/www.suno.com.br\/noticias\/author\/jader-lazarini\/\"}]}<\/script>\n<!-- \/ Yoast SEO plugin. -->","yoast_head_json":{"title":"Cade aprova parceria entre Ambev e Red Bull","description":"O Cade aprovou, sem restri\u00e7\u00f5es, o neg\u00f3cio entre a Ambev e Red Bull. A proposta de parceria foi apresentada em abril. Saiba mais.","robots":{"index":"index","follow":"follow","max-snippet":"max-snippet:-1","max-image-preview":"max-image-preview:large","max-video-preview":"max-video-preview:-1"},"canonical":"https:\/\/www.suno.com.br\/noticias\/cade-aprova-parceria-entre-ambev-e-red-bull\/","og_locale":"pt_BR","og_type":"article","og_title":"Cade aprova parceria entre Ambev e Red Bull","og_description":"O Cade aprovou, sem restri\u00e7\u00f5es, o neg\u00f3cio entre a Ambev e Red Bull. A proposta de parceria foi apresentada em abril. Saiba mais.","og_url":"https:\/\/www.suno.com.br\/noticias\/cade-aprova-parceria-entre-ambev-e-red-bull\/","og_site_name":"Suno Not\u00edcias","article_publisher":"https:\/\/facebook.com\/sunoresearch","og_image":[{"width":800,"height":450,"url":"https:\/\/files.sunoresearch.com.br\/n\/uploads\/2019\/02\/71c9ec56-ambev.jpg","type":"image\/jpeg"}],"author":"Jader Lazarini","twitter_card":"summary_large_image","twitter_creator":"@sunoresearch","twitter_site":"@sunoresearch","twitter_misc":{"Escrito por":"Jader Lazarini","Est. tempo de leitura":"2 minutos"},"schema":{"@context":"https:\/\/schema.org","@graph":[{"@type":"NewsArticle","@id":"https:\/\/www.suno.com.br\/noticias\/cade-aprova-parceria-entre-ambev-e-red-bull\/#article","isPartOf":{"@id":"https:\/\/www.suno.com.br\/noticias\/cade-aprova-parceria-entre-ambev-e-red-bull\/"},"author":{"name":"Jader Lazarini","@id":"https:\/\/www.suno.com.br\/noticias\/#\/schema\/person\/918d79de1f0281f01599b93f9ea6e23f"},"headline":"Cade aprova parceria entre Ambev e Red Bull","datePublished":"2019-09-17T15:23:01+00:00","dateModified":"2021-02-17T23:13:37+00:00","mainEntityOfPage":{"@id":"https:\/\/www.suno.com.br\/noticias\/cade-aprova-parceria-entre-ambev-e-red-bull\/"},"wordCount":462,"publisher":{"@id":"https:\/\/www.suno.com.br\/noticias\/#organization"},"image":{"@id":"https:\/\/www.suno.com.br\/noticias\/cade-aprova-parceria-entre-ambev-e-red-bull\/#primaryimage"},"thumbnailUrl":"https:\/\/files.sunoresearch.com.br\/n\/uploads\/2019\/02\/71c9ec56-ambev-jpg.webp","keywords":["AMBEV (ABEV3)","CADE","fus\u00f5es e aquisi\u00e7\u00f5es"],"articleSection":["Neg\u00f3cios"],"inLanguage":"pt-BR"},{"@type":"WebPage","@id":"https:\/\/www.suno.com.br\/noticias\/cade-aprova-parceria-entre-ambev-e-red-bull\/","url":"https:\/\/www.suno.com.br\/noticias\/cade-aprova-parceria-entre-ambev-e-red-bull\/","name":"Cade aprova parceria entre Ambev e Red Bull","isPartOf":{"@id":"https:\/\/www.suno.com.br\/noticias\/#website"},"primaryImageOfPage":{"@id":"https:\/\/www.suno.com.br\/noticias\/cade-aprova-parceria-entre-ambev-e-red-bull\/#primaryimage"},"image":{"@id":"https:\/\/www.suno.com.br\/noticias\/cade-aprova-parceria-entre-ambev-e-red-bull\/#primaryimage"},"thumbnailUrl":"https:\/\/files.sunoresearch.com.br\/n\/uploads\/2019\/02\/71c9ec56-ambev-jpg.webp","datePublished":"2019-09-17T15:23:01+00:00","dateModified":"2021-02-17T23:13:37+00:00","description":"O Cade aprovou, sem restri\u00e7\u00f5es, o neg\u00f3cio entre a Ambev e Red Bull. A proposta de parceria foi apresentada em abril. Saiba mais.","breadcrumb":{"@id":"https:\/\/www.suno.com.br\/noticias\/cade-aprova-parceria-entre-ambev-e-red-bull\/#breadcrumb"},"inLanguage":"pt-BR","potentialAction":[{"@type":"ReadAction","target":["https:\/\/www.suno.com.br\/noticias\/cade-aprova-parceria-entre-ambev-e-red-bull\/"]}]},{"@type":"ImageObject","inLanguage":"pt-BR","@id":"https:\/\/www.suno.com.br\/noticias\/cade-aprova-parceria-entre-ambev-e-red-bull\/#primaryimage","url":"https:\/\/files.sunoresearch.com.br\/n\/uploads\/2019\/02\/71c9ec56-ambev-jpg.webp","contentUrl":"https:\/\/files.sunoresearch.com.br\/n\/uploads\/2019\/02\/71c9ec56-ambev-jpg.webp","width":800,"height":450,"caption":"A Ambev (ABEV3) obteve um lucro l\u00edquido de R$ 2,359 bilh\u00f5es no terceiro trimestre, queda de 9,4% na rela\u00e7\u00e3o anual."},{"@type":"BreadcrumbList","@id":"https:\/\/www.suno.com.br\/noticias\/cade-aprova-parceria-entre-ambev-e-red-bull\/#breadcrumb","itemListElement":[{"@type":"ListItem","position":1,"name":"Not\u00edcias","item":"https:\/\/www.suno.com.br\/noticias\/"},{"@type":"ListItem","position":2,"name":"Neg\u00f3cios","item":"https:\/\/www.suno.com.br\/noticias\/negocios\/"},{"@type":"ListItem","position":3,"name":"Cade aprova parceria entre Ambev e Red Bull"}]},{"@type":"WebSite","@id":"https:\/\/www.suno.com.br\/noticias\/#website","url":"https:\/\/www.suno.com.br\/noticias\/","name":"Suno Not\u00edcias","description":"Seu portal de informa\u00e7\u00e3o sobre o mundo dos investimentos","publisher":{"@id":"https:\/\/www.suno.com.br\/noticias\/#organization"},"potentialAction":[{"@type":"SearchAction","target":{"@type":"EntryPoint","urlTemplate":"https:\/\/www.suno.com.br\/noticias\/?s={search_term_string}"},"query-input":{"@type":"PropertyValueSpecification","valueRequired":true,"valueName":"search_term_string"}}],"inLanguage":"pt-BR"},{"@type":"Organization","@id":"https:\/\/www.suno.com.br\/noticias\/#organization","name":"Suno Not\u00edcias","url":"https:\/\/www.suno.com.br\/noticias\/","logo":{"@type":"ImageObject","inLanguage":"pt-BR","@id":"https:\/\/www.suno.com.br\/noticias\/#\/schema\/logo\/image\/","url":"https:\/\/files.sunoresearch.com.br\/n\/uploads\/2021\/09\/suno-logo.png","contentUrl":"https:\/\/files.sunoresearch.com.br\/n\/uploads\/2021\/09\/suno-logo.png","width":180,"height":180,"caption":"Suno Not\u00edcias"},"image":{"@id":"https:\/\/www.suno.com.br\/noticias\/#\/schema\/logo\/image\/"},"sameAs":["https:\/\/facebook.com\/sunoresearch","https:\/\/x.com\/sunoresearch","https:\/\/www.instagram.com\/suno","https:\/\/www.linkedin.com\/company\/suno-research\/","https:\/\/www.youtube.com\/c\/sunoresearch"]},{"@type":"Person","@id":"https:\/\/www.suno.com.br\/noticias\/#\/schema\/person\/918d79de1f0281f01599b93f9ea6e23f","name":"Jader Lazarini","image":{"@type":"ImageObject","inLanguage":"pt-BR","@id":"https:\/\/www.suno.com.br\/noticias\/#\/schema\/person\/image\/","url":"https:\/\/secure.gravatar.com\/avatar\/3c1ad8caa51589841baeb923fcddea97?s=96&r=g","contentUrl":"https:\/\/secure.gravatar.com\/avatar\/3c1ad8caa51589841baeb923fcddea97?s=96&r=g","caption":"Jader Lazarini"},"description":"Jader Lazarini escreve sobre investimentos, finan\u00e7as, economia e neg\u00f3cios. \u00c9 bacharel em Rela\u00e7\u00f5es Internacionais e analista CNPI (2619).","url":"https:\/\/www.suno.com.br\/noticias\/author\/jader-lazarini\/"}]}},"default_loop_html":"<div class=\"cardsPage__listCard__boxs\"><div class=\"cardsPage__listCard__boxs__img\"><a href=\"https:\/\/www.suno.com.br\/noticias\/cade-aprova-parceria-entre-ambev-e-red-bull\/\"><img class=\"mask\" src=\"https:\/\/www.suno.com.br\/noticias\/wp-content\/themes\/suno\/resources\/images\/spotlight\/spotlight1img\/bg-mask.png\" alt=\"Image Mask\"\/><img src=\"https:\/\/files.sunoresearch.com.br\/n\/uploads\/2019\/02\/71c9ec56-ambev-400x200.webp\" alt=\"Cade aprova parceria entre Ambev e Red Bull\"\/><\/a><span class=\"spotlightCategory\"><a href=\"https:\/\/www.suno.com.br\/noticias\/negocios\/\">Neg\u00f3cios<\/a><\/span><\/div><div class=\"cardsPage__listCard__boxs__content\"><a href=\"https:\/\/www.suno.com.br\/noticias\/cade-aprova-parceria-entre-ambev-e-red-bull\/\"><h2 class=\"content__title\">Cade aprova parceria entre Ambev e Red Bull<\/h2><\/a><div class=\"newsContent__article__meta\"><div class=\"newsContent__article__meta__authorBox\"><a href=\"https:\/\/www.suno.com.br\/noticias\/author\/jader-lazarini\/\" class=\"authorBox__avatar noMobi\"><img src=\"https:\/\/files.sunoresearch.com.br\/n\/uploads\/2021\/01\/178e6598-foto-perfil-2-150x150.jpg\" alt=\"Jader Lazarini\"><\/a><div class=\"authorBox__name\"><span>por\n\t\t\t<a href=\"https:\/\/www.suno.com.br\/noticias\/author\/jader-lazarini\/\"><span itemprop=\"author\">Jader Lazarini<\/span><\/a><\/span><time datetime=\"2019-09-17T12:23:01-03:00\" itemprop=\"datePublished\">17\/09\/2019 12:23<\/time><\/div><\/div><\/div><\/div><\/div>","single_layout":"posts","amp_enabled":true,"_links":{"self":[{"href":"https:\/\/www.suno.com.br\/noticias\/wp-json\/wp\/v2\/posts\/37852"}],"collection":[{"href":"https:\/\/www.suno.com.br\/noticias\/wp-json\/wp\/v2\/posts"}],"about":[{"href":"https:\/\/www.suno.com.br\/noticias\/wp-json\/wp\/v2\/types\/post"}],"author":[{"embeddable":true,"href":"https:\/\/www.suno.com.br\/noticias\/wp-json\/wp\/v2\/users\/24"}],"replies":[{"embeddable":true,"href":"https:\/\/www.suno.com.br\/noticias\/wp-json\/wp\/v2\/comments?post=37852"}],"version-history":[{"count":0,"href":"https:\/\/www.suno.com.br\/noticias\/wp-json\/wp\/v2\/posts\/37852\/revisions"}],"wp:featuredmedia":[{"embeddable":true,"href":"https:\/\/www.suno.com.br\/noticias\/wp-json\/wp\/v2\/media\/16681"}],"wp:attachment":[{"href":"https:\/\/www.suno.com.br\/noticias\/wp-json\/wp\/v2\/media?parent=37852"}],"wp:term":[{"taxonomy":"category","embeddable":true,"href":"https:\/\/www.suno.com.br\/noticias\/wp-json\/wp\/v2\/categories?post=37852"},{"taxonomy":"post_tag","embeddable":true,"href":"https:\/\/www.suno.com.br\/noticias\/wp-json\/wp\/v2\/tags?post=37852"},{"taxonomy":"suno_strategy","embeddable":true,"href":"https:\/\/www.suno.com.br\/noticias\/wp-json\/wp\/v2\/suno_strategy?post=37852"}],"curies":[{"name":"wp","href":"https:\/\/api.w.org\/{rel}","templated":true}]}}