{"id":37825,"date":"2019-09-17T10:46:21","date_gmt":"2019-09-17T13:46:21","guid":{"rendered":"https:\/\/www.suno.com.br\/noticias\/?p=37825"},"modified":"2019-09-17T10:46:21","modified_gmt":"2019-09-17T13:46:21","slug":"ibovespa-geopoliticas-eua-ira-petrobras-queda","status":"publish","type":"post","link":"https:\/\/www.suno.com.br\/noticias\/ibovespa-geopoliticas-eua-ira-petrobras-queda\/","title":{"rendered":"Ibovespa em queda refletindo as tens\u00f5es geopol\u00edticas"},"content":{"rendered":"<p>O <a href=\"https:\/\/www.suno.com.br\/artigos\/ibovespa\/\">Ibovespa<\/a> inicia esta ter\u00e7a-feira (17) em queda com Petrobras, reformas no Congresso, EUA e Ir\u00e3 no radar.<\/p>\t<div class=\"wrapper-featured-image\">\n\t\t<figure class=\"spotlightImg\">\n\n\t\t\t<picture>\n\t\t\t\t<source media=\"(max-width: 768px)\" srcset=\"https:\/\/files.sunoresearch.com.br\/n\/uploads\/2019\/07\/0bff64a7-ibovespa-400x200.webp\">\n\t\t\t\t<img loading=\"lazy\" decoding=\"async\" class=\"newsContent__article__imgCapa lazyloadDisabled newsContent__article__imgCapa--noCaption\" src=\"https:\/\/files.sunoresearch.com.br\/n\/uploads\/2019\/07\/0bff64a7-ibovespa-800x450.webp\" width=\"800\" height=\"450\" alt=\"Ibovespa em queda refletindo as tens\u00f5es geopol\u00edticas\" fetchpriority=high \/>\n\t\t\t<\/picture>\n\n\t\t\t<figcaption class=\"wp-caption-text wp-caption-text--hide\">O Ibovespa hoje encerrou em alta acompanhando as bolas internacionais<\/figcaption>\n\t\t<\/figure>\n\t<\/div>\n\n\n<p>Por voltas das 10h40, o <strong>Ibovespa<\/strong> registrava uma varia\u00e7\u00e3o negativa de -0,33% alcan\u00e7ando 103.337,51 pontos. O mercado est\u00e1 atento ao desdobramento da volatilidade das <a href=\"https:\/\/www.suno.com.br\/artigos\/tipos-de-acoes\/\">a\u00e7\u00f5es<\/a> da <a href=\"https:\/\/www.suno.com.br\/artigos\/petr4-vale-pena-comprar-acoes-da-petrobras\/\"><strong>Petrobras<\/strong><\/a> ap\u00f3s o ataque \u00e0 <strong>Arabia Saudita<\/strong>.<\/p>\n\n<p>Al\u00e9m disso, segue no radar dos investidores as tens\u00f5es geopol\u00edtica entre os <strong>Estados Unidos<\/strong> e <strong>Ir\u00e3.<\/strong><\/p>\n<h2>Petrobras<\/h2>\n<p>O presidente da Rep\u00fablica, <strong>Jair Bolsonaro<\/strong> (PSL), afirmou que ap\u00f3s conversar com o presidente da <strong>Petrobras <\/strong>(PETR3; PETR4), Roberto Castello Branco, ficou acordado que n\u00e3o haver\u00e1 interfer\u00eancia no pre\u00e7o do combust\u00edvel. Isso porque houve um ataque, no \u00faltimo s\u00e1bado (14), \u00e0s instala\u00e7\u00f5es da maior petroleira do mundo, a <strong>Saudi<\/strong> <strong>Aramco<\/strong>.<\/p>\n<p><a href=\"\/\/www.suno.com.br\/noticias\/petrobras-alta-marca-historica-preco-petroleo\/\">Confira Tamb\u00e9m: Petrobras registra alta na bolsa ap\u00f3s pre\u00e7o do petr\u00f3leo atingir marca hist\u00f3rica<\/a><\/p>\n<p>O ataque interferiu no pre\u00e7o do petr\u00f3leo e, consequentemente, na produ\u00e7\u00e3o. Sendo assim, a estatal brasileira obteve alta no Ibovespa por ser considerada pelo mercado uma empresa petroleira que fica longe de conflitos geopol\u00edticos.<\/p>\n<h2>Estados Unidos x Ir\u00e3<\/h2>\n<p>O pa\u00eds norte americano acusa o Ir\u00e3 de ter atacado a ind\u00fastria de petr\u00f3leo da Ar\u00e1bia Saudita.\u00a0De acordo com as autoridades dos Estados Unidos, dados de intelig\u00eancia indicam o pa\u00eds arabe como local de origem do ataque.<\/p>\n<p><a href=\"\/\/www.suno.com.br\/noticias\/ira-eua-sancoes-economicas-negociar\/\">Confira Tamb\u00e9m: Ir\u00e3 est\u00e1 disposto a negociar com os EUA desde que retirem as san\u00e7\u00f5es<\/a><\/p>\n<p>O presidente Donald Trump sugere que os EUA e a Ar\u00e1bia Saudita unem as for\u00e7as para retaliarem o Ir\u00e3. No entanto, at\u00e9 o momento, as autoridades sauditas informaram que n\u00e3o chegaram a nenhuma conclus\u00e3o.<\/p>\n<h2>Corte das taxas b\u00e1sicas de juros dos EUA e do Brasil<\/h2>\n<p>O mercado inicia essa terceira semana de setembro com expectativa de redu\u00e7\u00e3o de 0,5 ponto percentual nos juros b\u00e1sicos do <strong>Brasil<\/strong> e dos <strong>Estados Unidos<\/strong>.<\/p>\n<p>A decis\u00e3o final do valor da<strong> taxa b\u00e1sica<\/strong> de <strong>juros<\/strong> de ambos os pa\u00edses ficar\u00e3o para pr\u00f3xima quarta-feira (18), reconhecido no mercado como &#8220;superquarta&#8221;. No entanto, as reuni\u00f5es dos bancos centrais do <a href=\"https:\/\/www.suno.com.br\/artigos\/bacen\/\">Brasil<\/a> e dos <a href=\"https:\/\/www.suno.com.br\/artigos\/fed\/\">EUA<\/a> iniciam a partir desta ter\u00e7a-feira.<\/p>\n<p>As previs\u00f5es para o Pa\u00eds \u00e9 de que o Comit\u00ea de Pol\u00edtica Monet\u00e1ria (Copom) reduza a <strong><a href=\"https:\/\/www.suno.com.br\/artigos\/taxa-selic\/\">Selic<\/a><\/strong>, de 6% para 5,5% ao ano para estimular a economia.<\/p>\n<h2>Reformas no Congresso<\/h2>\n<p>Rodrigo Maia (DEM-RJ), presidente da <strong>C\u00e2mara dos Deputados<\/strong>, afirmou que o Poder Executivo tem colaborado para que a <strong>reforma tribut\u00e1ria<\/strong> seja analisada. Maia afirmou que pretende conversar com o senador <strong>Davi Alcolumbre<\/strong> nesta ter\u00e7a-feira (17) para organizar a pauta a ser discutida e o pacto federativo.<\/p>\n\t<p>\n\t\t<a href=\"https:\/\/lp.suno.com.br\/ebook-investindo-em-fiis\/\" target=\"_blank\" data-element=\"shortcode-suno-banner\" title=\"Banner SUNO, clique e saiba mais\">\n\t\t\t<picture>\n\t\t\t\t<source media=\"(max-width: 500px)\" srcset=\"https:\/\/files.sunoresearch.com.br\/n\/uploads\/2023\/03\/Ebook-Fundos-Imobiliarios-Mobile-1.jpg\">\n\t\t\t\t<img class=\"newsContent__article__imgCapa newsContent__article__imgCapa--banner\"\n\t\t\t\t\tsrc=\"https:\/\/files.sunoresearch.com.br\/n\/uploads\/2023\/03\/Ebook-Fundos-Imobiliarios-Desktop-1.jpg\"\n\t\t\t\t\tdata-promo-id=\"313843\"\t\t\t\t\t\t\t\t\t\twidth='1420' height='286'\t\t\t\t\talt=\"https:\/\/files.sunoresearch.com.br\/n\/uploads\/2023\/03\/Ebook-Fundos-Imobiliarios-Desktop-1.jpg\"\n\t\t\t\t>\n\t\t\t<\/picture>\n\t\t<\/a>\n\t<\/p>\n\n\n<p>&#8220;N\u00e3o adianta resolver s\u00f3 o tema da tribut\u00e1ria. As despesas p\u00fablicas est\u00e3o crescendo e, se a gente simplificar e n\u00e3o resolver o lado das despesas, daqui a pouco, a gente vai continuar aumentando d\u00edvidas ou criando novos impostos&#8221;, disse Maia. De acordo com o presidente da C\u00e2mara, a reforma tribut\u00e1ria ser\u00e1 votada em ao menos uma das casas ainda em 2019.<\/p>\n<h2>\u00daltima cota\u00e7\u00e3o do Ibovespa<\/h2>\n<p>Na \u00faltima sess\u00e3o, segunda-feira (16), o<strong> Ibovespa<\/strong> encerrou em alta de 0,17% contabilizando 103.680,41 pontos.<\/p>\n","protected":false},"excerpt":{"rendered":"<p>O Ibovespa inicia esta ter\u00e7a-feira (17) em queda com Petrobras, reformas no Congresso, EUA e Ir\u00e3 no radar. O Ibovespa hoje encerrou em alta acompanhando as bolas internacionais Por voltas das 10h40, o Ibovespa registrava uma varia\u00e7\u00e3o negativa de -0,33% alcan\u00e7ando 103.337,51 pontos. O mercado est\u00e1 atento ao desdobramento da volatilidade das a\u00e7\u00f5es da Petrobras [&hellip;]<\/p>\n","protected":false},"author":15,"featured_media":29631,"comment_status":"closed","ping_status":"closed","sticky":false,"template":"","format":"standard","meta":[],"categories":[60],"tags":[793,721,1458,595],"suno_strategy":[],"class_list":["post-37825","post","type-post","status-publish","format-standard","has-post-thumbnail","hentry","category-mercado","tag-estados-unidos-eua","tag-ibovespa","tag-ira","tag-petrobras-petr4"],"yoast_head":"<!-- This site is optimized with the Yoast SEO plugin v24.4 - https:\/\/yoast.com\/wordpress\/plugins\/seo\/ -->\n<title>Ibovespa em queda refletindo as tens\u00f5es geopol\u00edticas<\/title>\n<meta name=\"description\" content=\"Por voltas das 10h40, o Ibovespa registrava uma varia\u00e7\u00e3o negativa de -0,33% alcan\u00e7ando 103.337,51 pontos. Clique aqui e saiba mais\" \/>\n<meta name=\"robots\" content=\"index, follow, max-snippet:-1, max-image-preview:large, max-video-preview:-1\" \/>\n<link rel=\"canonical\" href=\"https:\/\/www.suno.com.br\/noticias\/ibovespa-geopoliticas-eua-ira-petrobras-queda\/\" \/>\n<meta property=\"og:locale\" content=\"pt_BR\" \/>\n<meta property=\"og:type\" content=\"article\" \/>\n<meta property=\"og:title\" content=\"Ibovespa em queda refletindo as tens\u00f5es geopol\u00edticas\" \/>\n<meta property=\"og:description\" content=\"Por voltas das 10h40, o Ibovespa registrava uma varia\u00e7\u00e3o negativa de -0,33% alcan\u00e7ando 103.337,51 pontos. Clique aqui e saiba mais\" \/>\n<meta property=\"og:url\" content=\"https:\/\/www.suno.com.br\/noticias\/ibovespa-geopoliticas-eua-ira-petrobras-queda\/\" \/>\n<meta property=\"og:site_name\" content=\"Suno Not\u00edcias\" \/>\n<meta property=\"article:publisher\" content=\"https:\/\/facebook.com\/sunoresearch\" \/>\n<meta property=\"og:image\" content=\"https:\/\/files.sunoresearch.com.br\/n\/uploads\/2019\/07\/0bff64a7-ibovespa.jpg\" \/>\n\t<meta property=\"og:image:width\" content=\"1200\" \/>\n\t<meta property=\"og:image:height\" content=\"630\" \/>\n\t<meta property=\"og:image:type\" content=\"image\/jpeg\" \/>\n<meta name=\"author\" content=\"Poliana Santos\" \/>\n<meta name=\"twitter:card\" content=\"summary_large_image\" \/>\n<meta name=\"twitter:creator\" content=\"@sunoresearch\" \/>\n<meta name=\"twitter:site\" content=\"@sunoresearch\" \/>\n<meta name=\"twitter:label1\" content=\"Escrito por\" \/>\n\t<meta name=\"twitter:data1\" content=\"Poliana Santos\" \/>\n\t<meta name=\"twitter:label2\" content=\"Est. tempo de leitura\" \/>\n\t<meta name=\"twitter:data2\" content=\"3 minutos\" \/>\n<script type=\"application\/ld+json\" class=\"yoast-schema-graph\">{\"@context\":\"https:\/\/schema.org\",\"@graph\":[{\"@type\":\"NewsArticle\",\"@id\":\"https:\/\/www.suno.com.br\/noticias\/ibovespa-geopoliticas-eua-ira-petrobras-queda\/#article\",\"isPartOf\":{\"@id\":\"https:\/\/www.suno.com.br\/noticias\/ibovespa-geopoliticas-eua-ira-petrobras-queda\/\"},\"author\":{\"name\":\"Poliana Santos\",\"@id\":\"https:\/\/www.suno.com.br\/noticias\/#\/schema\/person\/02ec1f752758247878a2bf4abee1aeda\"},\"headline\":\"Ibovespa em queda refletindo as tens\u00f5es geopol\u00edticas\",\"datePublished\":\"2019-09-17T13:46:21+00:00\",\"mainEntityOfPage\":{\"@id\":\"https:\/\/www.suno.com.br\/noticias\/ibovespa-geopoliticas-eua-ira-petrobras-queda\/\"},\"wordCount\":554,\"publisher\":{\"@id\":\"https:\/\/www.suno.com.br\/noticias\/#organization\"},\"image\":{\"@id\":\"https:\/\/www.suno.com.br\/noticias\/ibovespa-geopoliticas-eua-ira-petrobras-queda\/#primaryimage\"},\"thumbnailUrl\":\"https:\/\/files.sunoresearch.com.br\/n\/uploads\/2019\/07\/0bff64a7-ibovespa-jpg.webp\",\"keywords\":[\"Estados Unidos (EUA)\",\"Ibovespa\",\"Ir\u00e3\",\"Petrobras (PETR4)\"],\"articleSection\":[\"Mercado\"],\"inLanguage\":\"pt-BR\"},{\"@type\":\"WebPage\",\"@id\":\"https:\/\/www.suno.com.br\/noticias\/ibovespa-geopoliticas-eua-ira-petrobras-queda\/\",\"url\":\"https:\/\/www.suno.com.br\/noticias\/ibovespa-geopoliticas-eua-ira-petrobras-queda\/\",\"name\":\"Ibovespa em queda refletindo as tens\u00f5es geopol\u00edticas\",\"isPartOf\":{\"@id\":\"https:\/\/www.suno.com.br\/noticias\/#website\"},\"primaryImageOfPage\":{\"@id\":\"https:\/\/www.suno.com.br\/noticias\/ibovespa-geopoliticas-eua-ira-petrobras-queda\/#primaryimage\"},\"image\":{\"@id\":\"https:\/\/www.suno.com.br\/noticias\/ibovespa-geopoliticas-eua-ira-petrobras-queda\/#primaryimage\"},\"thumbnailUrl\":\"https:\/\/files.sunoresearch.com.br\/n\/uploads\/2019\/07\/0bff64a7-ibovespa-jpg.webp\",\"datePublished\":\"2019-09-17T13:46:21+00:00\",\"description\":\"Por voltas das 10h40, o Ibovespa registrava uma varia\u00e7\u00e3o negativa de -0,33% alcan\u00e7ando 103.337,51 pontos. Clique aqui e saiba mais\",\"breadcrumb\":{\"@id\":\"https:\/\/www.suno.com.br\/noticias\/ibovespa-geopoliticas-eua-ira-petrobras-queda\/#breadcrumb\"},\"inLanguage\":\"pt-BR\",\"potentialAction\":[{\"@type\":\"ReadAction\",\"target\":[\"https:\/\/www.suno.com.br\/noticias\/ibovespa-geopoliticas-eua-ira-petrobras-queda\/\"]}]},{\"@type\":\"ImageObject\",\"inLanguage\":\"pt-BR\",\"@id\":\"https:\/\/www.suno.com.br\/noticias\/ibovespa-geopoliticas-eua-ira-petrobras-queda\/#primaryimage\",\"url\":\"https:\/\/files.sunoresearch.com.br\/n\/uploads\/2019\/07\/0bff64a7-ibovespa-jpg.webp\",\"contentUrl\":\"https:\/\/files.sunoresearch.com.br\/n\/uploads\/2019\/07\/0bff64a7-ibovespa-jpg.webp\",\"width\":1200,\"height\":630,\"caption\":\"O Ibovespa hoje encerrou em alta acompanhando as bolas internacionais\"},{\"@type\":\"BreadcrumbList\",\"@id\":\"https:\/\/www.suno.com.br\/noticias\/ibovespa-geopoliticas-eua-ira-petrobras-queda\/#breadcrumb\",\"itemListElement\":[{\"@type\":\"ListItem\",\"position\":1,\"name\":\"Not\u00edcias\",\"item\":\"https:\/\/www.suno.com.br\/noticias\/\"},{\"@type\":\"ListItem\",\"position\":2,\"name\":\"Mercado\",\"item\":\"https:\/\/www.suno.com.br\/noticias\/mercado\/\"},{\"@type\":\"ListItem\",\"position\":3,\"name\":\"Ibovespa em queda refletindo as tens\u00f5es geopol\u00edticas\"}]},{\"@type\":\"WebSite\",\"@id\":\"https:\/\/www.suno.com.br\/noticias\/#website\",\"url\":\"https:\/\/www.suno.com.br\/noticias\/\",\"name\":\"Suno Not\u00edcias\",\"description\":\"Seu portal de informa\u00e7\u00e3o sobre o mundo dos investimentos\",\"publisher\":{\"@id\":\"https:\/\/www.suno.com.br\/noticias\/#organization\"},\"potentialAction\":[{\"@type\":\"SearchAction\",\"target\":{\"@type\":\"EntryPoint\",\"urlTemplate\":\"https:\/\/www.suno.com.br\/noticias\/?s={search_term_string}\"},\"query-input\":{\"@type\":\"PropertyValueSpecification\",\"valueRequired\":true,\"valueName\":\"search_term_string\"}}],\"inLanguage\":\"pt-BR\"},{\"@type\":\"Organization\",\"@id\":\"https:\/\/www.suno.com.br\/noticias\/#organization\",\"name\":\"Suno Not\u00edcias\",\"url\":\"https:\/\/www.suno.com.br\/noticias\/\",\"logo\":{\"@type\":\"ImageObject\",\"inLanguage\":\"pt-BR\",\"@id\":\"https:\/\/www.suno.com.br\/noticias\/#\/schema\/logo\/image\/\",\"url\":\"https:\/\/files.sunoresearch.com.br\/n\/uploads\/2021\/09\/suno-logo.png\",\"contentUrl\":\"https:\/\/files.sunoresearch.com.br\/n\/uploads\/2021\/09\/suno-logo.png\",\"width\":180,\"height\":180,\"caption\":\"Suno Not\u00edcias\"},\"image\":{\"@id\":\"https:\/\/www.suno.com.br\/noticias\/#\/schema\/logo\/image\/\"},\"sameAs\":[\"https:\/\/facebook.com\/sunoresearch\",\"https:\/\/x.com\/sunoresearch\",\"https:\/\/www.instagram.com\/suno\",\"https:\/\/www.linkedin.com\/company\/suno-research\/\",\"https:\/\/www.youtube.com\/c\/sunoresearch\"]},{\"@type\":\"Person\",\"@id\":\"https:\/\/www.suno.com.br\/noticias\/#\/schema\/person\/02ec1f752758247878a2bf4abee1aeda\",\"name\":\"Poliana Santos\",\"image\":{\"@type\":\"ImageObject\",\"inLanguage\":\"pt-BR\",\"@id\":\"https:\/\/www.suno.com.br\/noticias\/#\/schema\/person\/image\/\",\"url\":\"https:\/\/secure.gravatar.com\/avatar\/0645bd32f23d87b2130f2b2dff1d3f8d?s=96&r=g\",\"contentUrl\":\"https:\/\/secure.gravatar.com\/avatar\/0645bd32f23d87b2130f2b2dff1d3f8d?s=96&r=g\",\"caption\":\"Poliana Santos\"},\"description\":\"Rep\u00f3rter no Suno Not\u00edcias, com cobertura em mercado financeiro, economia, finan\u00e7as pessoais, renda fixa e varejo. Jornalista formada pela Faculdade C\u00e1sper L\u00edbero e possui passagem na R\u00e1dio Gazeta AM com a produ\u00e7\u00e3o de conte\u00fado sobre economia, pol\u00edtica, sa\u00fade, moda e m\u00fasica. Possui certificado de conclus\u00e3o do curso de An\u00e1lise de Balan\u00e7os pela Funda\u00e7\u00e3o Bradesco, Agenda Brasil pela FAAP, Educa\u00e7\u00e3o Pol\u00edtica por Alexandre Garcia e do Tesouro Direto e Mercado de A\u00e7\u00f5es pela B3.\",\"url\":\"https:\/\/www.suno.com.br\/noticias\/author\/poliana-santos\/\"}]}<\/script>\n<!-- \/ Yoast SEO plugin. -->","yoast_head_json":{"title":"Ibovespa em queda refletindo as tens\u00f5es geopol\u00edticas","description":"Por voltas das 10h40, o Ibovespa registrava uma varia\u00e7\u00e3o negativa de -0,33% alcan\u00e7ando 103.337,51 pontos. Clique aqui e saiba mais","robots":{"index":"index","follow":"follow","max-snippet":"max-snippet:-1","max-image-preview":"max-image-preview:large","max-video-preview":"max-video-preview:-1"},"canonical":"https:\/\/www.suno.com.br\/noticias\/ibovespa-geopoliticas-eua-ira-petrobras-queda\/","og_locale":"pt_BR","og_type":"article","og_title":"Ibovespa em queda refletindo as tens\u00f5es geopol\u00edticas","og_description":"Por voltas das 10h40, o Ibovespa registrava uma varia\u00e7\u00e3o negativa de -0,33% alcan\u00e7ando 103.337,51 pontos. Clique aqui e saiba mais","og_url":"https:\/\/www.suno.com.br\/noticias\/ibovespa-geopoliticas-eua-ira-petrobras-queda\/","og_site_name":"Suno Not\u00edcias","article_publisher":"https:\/\/facebook.com\/sunoresearch","og_image":[{"width":1200,"height":630,"url":"https:\/\/files.sunoresearch.com.br\/n\/uploads\/2019\/07\/0bff64a7-ibovespa.jpg","type":"image\/jpeg"}],"author":"Poliana Santos","twitter_card":"summary_large_image","twitter_creator":"@sunoresearch","twitter_site":"@sunoresearch","twitter_misc":{"Escrito por":"Poliana Santos","Est. tempo de leitura":"3 minutos"},"schema":{"@context":"https:\/\/schema.org","@graph":[{"@type":"NewsArticle","@id":"https:\/\/www.suno.com.br\/noticias\/ibovespa-geopoliticas-eua-ira-petrobras-queda\/#article","isPartOf":{"@id":"https:\/\/www.suno.com.br\/noticias\/ibovespa-geopoliticas-eua-ira-petrobras-queda\/"},"author":{"name":"Poliana Santos","@id":"https:\/\/www.suno.com.br\/noticias\/#\/schema\/person\/02ec1f752758247878a2bf4abee1aeda"},"headline":"Ibovespa em queda refletindo as tens\u00f5es geopol\u00edticas","datePublished":"2019-09-17T13:46:21+00:00","mainEntityOfPage":{"@id":"https:\/\/www.suno.com.br\/noticias\/ibovespa-geopoliticas-eua-ira-petrobras-queda\/"},"wordCount":554,"publisher":{"@id":"https:\/\/www.suno.com.br\/noticias\/#organization"},"image":{"@id":"https:\/\/www.suno.com.br\/noticias\/ibovespa-geopoliticas-eua-ira-petrobras-queda\/#primaryimage"},"thumbnailUrl":"https:\/\/files.sunoresearch.com.br\/n\/uploads\/2019\/07\/0bff64a7-ibovespa-jpg.webp","keywords":["Estados Unidos (EUA)","Ibovespa","Ir\u00e3","Petrobras (PETR4)"],"articleSection":["Mercado"],"inLanguage":"pt-BR"},{"@type":"WebPage","@id":"https:\/\/www.suno.com.br\/noticias\/ibovespa-geopoliticas-eua-ira-petrobras-queda\/","url":"https:\/\/www.suno.com.br\/noticias\/ibovespa-geopoliticas-eua-ira-petrobras-queda\/","name":"Ibovespa em queda refletindo as tens\u00f5es geopol\u00edticas","isPartOf":{"@id":"https:\/\/www.suno.com.br\/noticias\/#website"},"primaryImageOfPage":{"@id":"https:\/\/www.suno.com.br\/noticias\/ibovespa-geopoliticas-eua-ira-petrobras-queda\/#primaryimage"},"image":{"@id":"https:\/\/www.suno.com.br\/noticias\/ibovespa-geopoliticas-eua-ira-petrobras-queda\/#primaryimage"},"thumbnailUrl":"https:\/\/files.sunoresearch.com.br\/n\/uploads\/2019\/07\/0bff64a7-ibovespa-jpg.webp","datePublished":"2019-09-17T13:46:21+00:00","description":"Por voltas das 10h40, o Ibovespa registrava uma varia\u00e7\u00e3o negativa de -0,33% alcan\u00e7ando 103.337,51 pontos. Clique aqui e saiba mais","breadcrumb":{"@id":"https:\/\/www.suno.com.br\/noticias\/ibovespa-geopoliticas-eua-ira-petrobras-queda\/#breadcrumb"},"inLanguage":"pt-BR","potentialAction":[{"@type":"ReadAction","target":["https:\/\/www.suno.com.br\/noticias\/ibovespa-geopoliticas-eua-ira-petrobras-queda\/"]}]},{"@type":"ImageObject","inLanguage":"pt-BR","@id":"https:\/\/www.suno.com.br\/noticias\/ibovespa-geopoliticas-eua-ira-petrobras-queda\/#primaryimage","url":"https:\/\/files.sunoresearch.com.br\/n\/uploads\/2019\/07\/0bff64a7-ibovespa-jpg.webp","contentUrl":"https:\/\/files.sunoresearch.com.br\/n\/uploads\/2019\/07\/0bff64a7-ibovespa-jpg.webp","width":1200,"height":630,"caption":"O Ibovespa hoje encerrou em alta acompanhando as bolas internacionais"},{"@type":"BreadcrumbList","@id":"https:\/\/www.suno.com.br\/noticias\/ibovespa-geopoliticas-eua-ira-petrobras-queda\/#breadcrumb","itemListElement":[{"@type":"ListItem","position":1,"name":"Not\u00edcias","item":"https:\/\/www.suno.com.br\/noticias\/"},{"@type":"ListItem","position":2,"name":"Mercado","item":"https:\/\/www.suno.com.br\/noticias\/mercado\/"},{"@type":"ListItem","position":3,"name":"Ibovespa em queda refletindo as tens\u00f5es geopol\u00edticas"}]},{"@type":"WebSite","@id":"https:\/\/www.suno.com.br\/noticias\/#website","url":"https:\/\/www.suno.com.br\/noticias\/","name":"Suno Not\u00edcias","description":"Seu portal de informa\u00e7\u00e3o sobre o mundo dos investimentos","publisher":{"@id":"https:\/\/www.suno.com.br\/noticias\/#organization"},"potentialAction":[{"@type":"SearchAction","target":{"@type":"EntryPoint","urlTemplate":"https:\/\/www.suno.com.br\/noticias\/?s={search_term_string}"},"query-input":{"@type":"PropertyValueSpecification","valueRequired":true,"valueName":"search_term_string"}}],"inLanguage":"pt-BR"},{"@type":"Organization","@id":"https:\/\/www.suno.com.br\/noticias\/#organization","name":"Suno Not\u00edcias","url":"https:\/\/www.suno.com.br\/noticias\/","logo":{"@type":"ImageObject","inLanguage":"pt-BR","@id":"https:\/\/www.suno.com.br\/noticias\/#\/schema\/logo\/image\/","url":"https:\/\/files.sunoresearch.com.br\/n\/uploads\/2021\/09\/suno-logo.png","contentUrl":"https:\/\/files.sunoresearch.com.br\/n\/uploads\/2021\/09\/suno-logo.png","width":180,"height":180,"caption":"Suno Not\u00edcias"},"image":{"@id":"https:\/\/www.suno.com.br\/noticias\/#\/schema\/logo\/image\/"},"sameAs":["https:\/\/facebook.com\/sunoresearch","https:\/\/x.com\/sunoresearch","https:\/\/www.instagram.com\/suno","https:\/\/www.linkedin.com\/company\/suno-research\/","https:\/\/www.youtube.com\/c\/sunoresearch"]},{"@type":"Person","@id":"https:\/\/www.suno.com.br\/noticias\/#\/schema\/person\/02ec1f752758247878a2bf4abee1aeda","name":"Poliana Santos","image":{"@type":"ImageObject","inLanguage":"pt-BR","@id":"https:\/\/www.suno.com.br\/noticias\/#\/schema\/person\/image\/","url":"https:\/\/secure.gravatar.com\/avatar\/0645bd32f23d87b2130f2b2dff1d3f8d?s=96&r=g","contentUrl":"https:\/\/secure.gravatar.com\/avatar\/0645bd32f23d87b2130f2b2dff1d3f8d?s=96&r=g","caption":"Poliana Santos"},"description":"Rep\u00f3rter no Suno Not\u00edcias, com cobertura em mercado financeiro, economia, finan\u00e7as pessoais, renda fixa e varejo. Jornalista formada pela Faculdade C\u00e1sper L\u00edbero e possui passagem na R\u00e1dio Gazeta AM com a produ\u00e7\u00e3o de conte\u00fado sobre economia, pol\u00edtica, sa\u00fade, moda e m\u00fasica. Possui certificado de conclus\u00e3o do curso de An\u00e1lise de Balan\u00e7os pela Funda\u00e7\u00e3o Bradesco, Agenda Brasil pela FAAP, Educa\u00e7\u00e3o Pol\u00edtica por Alexandre Garcia e do Tesouro Direto e Mercado de A\u00e7\u00f5es pela B3.","url":"https:\/\/www.suno.com.br\/noticias\/author\/poliana-santos\/"}]}},"default_loop_html":"<div class=\"cardsPage__listCard__boxs\"><div class=\"cardsPage__listCard__boxs__img\"><a href=\"https:\/\/www.suno.com.br\/noticias\/ibovespa-geopoliticas-eua-ira-petrobras-queda\/\"><img class=\"mask\" src=\"https:\/\/www.suno.com.br\/noticias\/wp-content\/themes\/suno\/resources\/images\/spotlight\/spotlight1img\/bg-mask.png\" alt=\"Image Mask\"\/><img src=\"https:\/\/files.sunoresearch.com.br\/n\/uploads\/2019\/07\/0bff64a7-ibovespa-400x200.webp\" alt=\"Ibovespa em queda refletindo as tens\u00f5es geopol\u00edticas\"\/><\/a><span class=\"spotlightCategory\"><a href=\"https:\/\/www.suno.com.br\/noticias\/mercado\/\">Mercado<\/a><\/span><\/div><div class=\"cardsPage__listCard__boxs__content\"><a href=\"https:\/\/www.suno.com.br\/noticias\/ibovespa-geopoliticas-eua-ira-petrobras-queda\/\"><h2 class=\"content__title\">Ibovespa em queda refletindo as tens\u00f5es geopol\u00edticas<\/h2><\/a><div class=\"newsContent__article__meta\"><div class=\"newsContent__article__meta__authorBox\"><a href=\"https:\/\/www.suno.com.br\/noticias\/author\/poliana-santos\/\" class=\"authorBox__avatar noMobi\"><img src=\"https:\/\/files.sunoresearch.com.br\/n\/uploads\/2020\/08\/7ef34026-whatsapp-image-2020-08-03-at-12.37.57-150x150.webp\" alt=\"Poliana Santos\"><\/a><div class=\"authorBox__name\"><span>por\n\t\t\t<a href=\"https:\/\/www.suno.com.br\/noticias\/author\/poliana-santos\/\"><span itemprop=\"author\">Poliana Santos<\/span><\/a><\/span><time datetime=\"2019-09-17T10:46:21-03:00\" itemprop=\"datePublished\">17\/09\/2019 10:46<\/time><\/div><\/div><\/div><\/div><\/div>","single_layout":"posts","amp_enabled":true,"_links":{"self":[{"href":"https:\/\/www.suno.com.br\/noticias\/wp-json\/wp\/v2\/posts\/37825"}],"collection":[{"href":"https:\/\/www.suno.com.br\/noticias\/wp-json\/wp\/v2\/posts"}],"about":[{"href":"https:\/\/www.suno.com.br\/noticias\/wp-json\/wp\/v2\/types\/post"}],"author":[{"embeddable":true,"href":"https:\/\/www.suno.com.br\/noticias\/wp-json\/wp\/v2\/users\/15"}],"replies":[{"embeddable":true,"href":"https:\/\/www.suno.com.br\/noticias\/wp-json\/wp\/v2\/comments?post=37825"}],"version-history":[{"count":0,"href":"https:\/\/www.suno.com.br\/noticias\/wp-json\/wp\/v2\/posts\/37825\/revisions"}],"wp:featuredmedia":[{"embeddable":true,"href":"https:\/\/www.suno.com.br\/noticias\/wp-json\/wp\/v2\/media\/29631"}],"wp:attachment":[{"href":"https:\/\/www.suno.com.br\/noticias\/wp-json\/wp\/v2\/media?parent=37825"}],"wp:term":[{"taxonomy":"category","embeddable":true,"href":"https:\/\/www.suno.com.br\/noticias\/wp-json\/wp\/v2\/categories?post=37825"},{"taxonomy":"post_tag","embeddable":true,"href":"https:\/\/www.suno.com.br\/noticias\/wp-json\/wp\/v2\/tags?post=37825"},{"taxonomy":"suno_strategy","embeddable":true,"href":"https:\/\/www.suno.com.br\/noticias\/wp-json\/wp\/v2\/suno_strategy?post=37825"}],"curies":[{"name":"wp","href":"https:\/\/api.w.org\/{rel}","templated":true}]}}