{"id":378185,"date":"2023-03-20T10:29:09","date_gmt":"2023-03-20T13:29:09","guid":{"rendered":"https:\/\/www.suno.com.br\/noticias\/?p=378185"},"modified":"2023-03-20T12:39:04","modified_gmt":"2023-03-20T15:39:04","slug":"credit-suisse-c1su34-acoes-desabam-venda-ubs","status":"publish","type":"post","link":"https:\/\/www.suno.com.br\/noticias\/credit-suisse-c1su34-acoes-desabam-venda-ubs\/","title":{"rendered":"A\u00e7\u00f5es do Credit Suisse (C1SU34) desabam ap\u00f3s venda \u00e0s pressas para UBS"},"content":{"rendered":"<p>As a\u00e7\u00f5es do <strong>Credit Suisse<\/strong> (<a class=\"suno-keyword\" data-force=\"yes\" data-priority=\"2\" href=\"https:\/\/www.suno.com.br\/bdrs\/c1su34\/\" target=\"_blank\" rel=\"noopener\">C1SU34<\/a>) desabam nesta segunda (20), ap\u00f3s o an\u00fancio da venda \u00e0s pressas da institui\u00e7\u00e3o financeira para o rival UBS. Por volta das 9h55, os pap\u00e9is do banco su\u00ed\u00e7o eram negociados em queda de 56,87% na Bolsa de Zurique.<\/p>\t<div class=\"wrapper-featured-image\">\n\t\t<figure class=\"spotlightImg\">\n\n\t\t\t<picture>\n\t\t\t\t<source media=\"(max-width: 768px)\" srcset=\"https:\/\/files.sunoresearch.com.br\/n\/uploads\/2023\/03\/credit-suisse-c1su34-fachada-foto-bbc-400x200.jpg\">\n\t\t\t\t<img loading=\"lazy\" decoding=\"async\" class=\"newsContent__article__imgCapa lazyloadDisabled \" src=\"https:\/\/files.sunoresearch.com.br\/n\/uploads\/2023\/03\/credit-suisse-c1su34-fachada-foto-bbc-800x450.jpg\" width=\"800\" height=\"450\" alt=\"A\u00e7\u00f5es do Credit Suisse (C1SU34) desabam ap\u00f3s venda \u00e0s pressas para UBS\" fetchpriority=high \/>\n\t\t\t<\/picture>\n\n\t\t\t<figcaption class=\"wp-caption-text wp-caption-text--show\">Credit Suisse. Foto: BBC\/YouTube<\/figcaption>\n\t\t<\/figure>\n\t<\/div>\n\n\n\n\n\n\t<p>\n\t\t<a href=\"\" target=\"_blank\" data-element=\"shortcode-suno-banner\" title=\"Banner SUNO, clique e saiba mais\">\n\t\t\t<picture>\n\t\t\t\t<source media=\"(max-width: 500px)\" srcset=\"\">\n\t\t\t\t<img class=\"newsContent__article__imgCapa newsContent__article__imgCapa--banner\"\n\t\t\t\t\tsrc=\"\"\n\t\t\t\t\tdata-promo-id=\"138420\"\t\t\t\t\t\t\t\t\t\t\t\t\t\t\talt=\"\"\n\t\t\t\t>\n\t\t\t<\/picture>\n\t\t<\/a>\n\t<\/p>\n\n\n\n\n\n<p>\u00c0s 12h21, a queda era de 55,87% na bolsa su\u00ed\u00e7a. Por volta das 11h, as <strong>BDRs do Credit<\/strong> recuavam 34,28% na Bolsa brasileira, ao pre\u00e7o de R$ 3,47.<\/p>\n\n\n\n<p>Enquanto as <strong>a\u00e7\u00f5es do Credit Suisse<\/strong> amargavam esse forte tombo, os pap\u00e9is do UBS come\u00e7aram o dia em queda, mas viraram o jogo e eram negociados em alta de 1,20% por volta do mesmo hor\u00e1rio.<\/p>\n\n\n\n<p>Na semana passada, as <strong>BDRs do Credit Suisse<\/strong> na Bolsa brasileira registraram um recuo de 20,84%, tendo em vista o novo cap\u00edtulo da <a class=\"suno-keyword\" data-force=\"no\" data-priority=\"1\" href=\"https:\/\/www.suno.com.br\/artigos\/crise-financeira\/\" target=\"_blank\" rel=\"noopener\">crise financeira<\/a> envolvendo o banco internacional.<\/p>\n\n\n\n\t<div data-element=\"shortcode-read-more\" class=\"readToo\">\n\t\t\t\t<span class=\"readToo__title\">Leia mais<\/span>\n\t\t\t\t<ul class=\"readToo__list\">\n\t\t\t<li><a href=\"https:\/\/www.suno.com.br\/noticias\/ubs-recompra-de-acoes-credit-suisse\/\">UBS suspende recompra de a\u00e7\u00f5es ap\u00f3s aquisi\u00e7\u00e3o do Credit Suisse<\/a><\/li><li><a href=\"https:\/\/www.suno.com.br\/noticias\/ubs-compra-credit-suisse\/\">UBS fecha acordo para comprar Credit Suisse por US$ 3,25 bilh\u00f5es<\/a><\/li>\t\t<\/ul>\n\t<\/div>\n\n\n\n\n<p>No domingo (19), o <strong>UBS<\/strong> fechou um acordo \u00e0s pressas para comprar o rival Credit Suisse por US$ 3,2 bilh\u00f5es. De acordo com informa\u00e7\u00f5es publicadas pelo The Wall Street Journal, a opera\u00e7\u00e3o teria sido costurada pelos reguladores su\u00ed\u00e7os para evitar que a queda de confian\u00e7a nos bancos se espalhasse.<\/p>\n\n\n\t<p>\n\t\t<a href=\"https:\/\/lp.suno.com.br\/planilha-controle-gastos\/\" target=\"_blank\" data-element=\"shortcode-suno-banner\" title=\"Banner SUNO, clique e saiba mais\">\n\t\t\t<picture>\n\t\t\t\t<source media=\"(max-width: 500px)\" srcset=\"https:\/\/files.sunoresearch.com.br\/n\/uploads\/2023\/03\/400x300-Planilha-controle-de-gastos.png\">\n\t\t\t\t<img class=\"newsContent__article__imgCapa newsContent__article__imgCapa--banner\"\n\t\t\t\t\tsrc=\"https:\/\/files.sunoresearch.com.br\/n\/uploads\/2023\/03\/1420x240-Planilha-controle-de-gastos.png\"\n\t\t\t\t\tdata-promo-id=\"101751\"\t\t\t\t\t\t\t\t\t\twidth='1420' height='240'\t\t\t\t\talt=\"https:\/\/files.sunoresearch.com.br\/n\/uploads\/2023\/03\/1420x240-Planilha-controle-de-gastos.png\"\n\t\t\t\t>\n\t\t\t<\/picture>\n\t\t<\/a>\n\t<\/p>\n\n\n\n\n\n<h2 class=\"wp-block-heading\" id=\"h-credit-suisse-vendido-para-o-ubs-analises\">Credit Suisse vendido para o UBS: An\u00e1lises<\/h2>\n\n\n\n<p>&#8220;A oferta foi de um total de US$ 3,2 bilh\u00f5es, bem abaixo do <strong>valor de mercado do Credit<\/strong> no \u00faltimo fechamento. Para evitar um estresse muito elevado, as autoridades monet\u00e1rias na Su\u00ed\u00e7a garantiram que ir\u00e3o fornecer assist\u00eancia de liquidez ao UBS, enquanto o governo est\u00e1 concedendo uma garantia para perdas potenciais de ativos que o UBS est\u00e1 assumindo&#8221;, detalha Victor Guglielmi, analista econ\u00f4mico da Guide Investimentos.<\/p>\n\n\n\t<p>\n\t\t<a href=\"https:\/\/lp.suno.com.br\/planilha-da-vida-financeira\/\" target=\"_blank\" data-element=\"shortcode-suno-banner\" title=\"Banner SUNO, clique e saiba mais\">\n\t\t\t<picture>\n\t\t\t\t<source media=\"(max-width: 500px)\" srcset=\"https:\/\/files.sunoresearch.com.br\/n\/uploads\/2023\/04\/400x300-Planilha-vida-financeira-true.png\">\n\t\t\t\t<img class=\"newsContent__article__imgCapa newsContent__article__imgCapa--banner\"\n\t\t\t\t\tsrc=\"https:\/\/files.sunoresearch.com.br\/n\/uploads\/2023\/04\/1420x240-Planilha-vida-financeira-true.png\"\n\t\t\t\t\tdata-promo-id=\"106682\"\t\t\t\t\t\t\t\t\t\twidth='1420' height='240'\t\t\t\t\talt=\"https:\/\/files.sunoresearch.com.br\/n\/uploads\/2023\/04\/1420x240-Planilha-vida-financeira-true.png\"\n\t\t\t\t>\n\t\t\t<\/picture>\n\t\t<\/a>\n\t<\/p>\n\n\n\n\n\n<p>Na vis\u00e3o de Guilherme Sahadi, CIO da gestora iVi Technologies, a <strong>queda das a\u00e7\u00f5es do Credit Suisse<\/strong> mostra que os agentes econ\u00f4micos reagiram a opera\u00e7\u00e3o de forma negativa &#8220;e pode significar que o problema no banco, que j\u00e1 deu sinais de alta alavancagem e m\u00e1 gest\u00e3o no passado, eram realmente graves&#8221;.<\/p>\n\n\n\n<p>Para os analistas da XP Investimentos, o acordo de venda do <strong>Credit Suisse<\/strong> para o UBS &#8220;foi importante para evitar uma crise de confian\u00e7a que poderia se espalhar pela Europa e Estados Unidos&#8221;.<\/p>\n\n\n\t<p>\n\t\t<a href=\"https:\/\/lp.suno.com.br\/ebook-como-analisar-uma-acao\/\" target=\"_blank\" data-element=\"shortcode-suno-banner\" title=\"Banner SUNO, clique e saiba mais\">\n\t\t\t<picture>\n\t\t\t\t<source media=\"(max-width: 500px)\" srcset=\"https:\/\/files.sunoresearch.com.br\/n\/uploads\/2023\/03\/Ebook-Acoes-Mobile-1.jpg\">\n\t\t\t\t<img class=\"newsContent__article__imgCapa newsContent__article__imgCapa--banner\"\n\t\t\t\t\tsrc=\"https:\/\/files.sunoresearch.com.br\/n\/uploads\/2023\/03\/Ebook-Acoes-Desktop-1.jpg\"\n\t\t\t\t\tdata-promo-id=\"171998\"\t\t\t\t\t\t\t\t\t\twidth='1420' height='286'\t\t\t\t\talt=\"https:\/\/files.sunoresearch.com.br\/n\/uploads\/2023\/03\/Ebook-Acoes-Desktop-1.jpg\"\n\t\t\t\t>\n\t\t\t<\/picture>\n\t\t<\/a>\n\t<\/p>\n\n\n","protected":false},"excerpt":{"rendered":"<p>As a\u00e7\u00f5es do Credit Suisse (C1SU34) desabam nesta segunda (20), ap\u00f3s o an\u00fancio da venda \u00e0s pressas da institui\u00e7\u00e3o financeira para o rival UBS. Por volta das 9h55, os pap\u00e9is do banco su\u00ed\u00e7o eram negociados em queda de 56,87% na Bolsa de Zurique. Credit Suisse. Foto: BBC\/YouTube \u00c0s 12h21, a queda era de 55,87% na [&hellip;]<\/p>\n","protected":false},"author":232,"featured_media":378190,"comment_status":"closed","ping_status":"closed","sticky":false,"template":"","format":"standard","meta":[],"categories":[60],"tags":[1788,105816,747],"suno_strategy":[],"class_list":["post-378185","post","type-post","status-publish","format-standard","has-post-thumbnail","hentry","category-mercado","tag-credit-suisse-c1su34","tag-especialistas","tag-ubs-ubsg34"],"yoast_head":"<!-- This site is optimized with the Yoast SEO plugin v24.4 - https:\/\/yoast.com\/wordpress\/plugins\/seo\/ -->\n<title>A\u00e7\u00f5es do Credit Suisse desabam ap\u00f3s venda \u00e0s pressas para UBS<\/title>\n<meta name=\"description\" content=\"As a\u00e7\u00f5es do Credit Suisse (C1SU34) desabam nesta segunda (20), ap\u00f3s o an\u00fancio da venda \u00e0s pressas do banco para o rival UBS. Confira!\" \/>\n<meta name=\"robots\" content=\"index, follow, max-snippet:-1, max-image-preview:large, max-video-preview:-1\" \/>\n<link rel=\"canonical\" href=\"https:\/\/www.suno.com.br\/noticias\/credit-suisse-c1su34-acoes-desabam-venda-ubs\/\" \/>\n<meta property=\"og:locale\" content=\"pt_BR\" \/>\n<meta property=\"og:type\" content=\"article\" \/>\n<meta property=\"og:title\" content=\"A\u00e7\u00f5es do Credit Suisse desabam ap\u00f3s venda \u00e0s pressas para UBS\" \/>\n<meta property=\"og:description\" content=\"As a\u00e7\u00f5es do Credit Suisse (C1SU34) desabam nesta segunda (20), ap\u00f3s o an\u00fancio da venda \u00e0s pressas do banco para o rival UBS. Confira!\" \/>\n<meta property=\"og:url\" content=\"https:\/\/www.suno.com.br\/noticias\/credit-suisse-c1su34-acoes-desabam-venda-ubs\/\" \/>\n<meta property=\"og:site_name\" content=\"Suno Not\u00edcias\" \/>\n<meta property=\"article:publisher\" content=\"https:\/\/facebook.com\/sunoresearch\" \/>\n<meta property=\"og:image\" content=\"https:\/\/files.sunoresearch.com.br\/n\/uploads\/2023\/03\/credit-suisse-c1su34-fachada-foto-bbc.jpg\" \/>\n\t<meta property=\"og:image:width\" content=\"1200\" \/>\n\t<meta property=\"og:image:height\" content=\"675\" \/>\n\t<meta property=\"og:image:type\" content=\"image\/jpeg\" \/>\n<meta name=\"author\" content=\"Erick Matheus Nery\" \/>\n<meta name=\"twitter:card\" content=\"summary_large_image\" \/>\n<meta name=\"twitter:creator\" content=\"@sunoresearch\" \/>\n<meta name=\"twitter:site\" content=\"@sunoresearch\" \/>\n<meta name=\"twitter:label1\" content=\"Escrito por\" \/>\n\t<meta name=\"twitter:data1\" content=\"Erick Matheus Nery\" \/>\n\t<meta name=\"twitter:label2\" content=\"Est. tempo de leitura\" \/>\n\t<meta name=\"twitter:data2\" content=\"2 minutos\" \/>\n<script type=\"application\/ld+json\" class=\"yoast-schema-graph\">{\"@context\":\"https:\/\/schema.org\",\"@graph\":[{\"@type\":\"NewsArticle\",\"@id\":\"https:\/\/www.suno.com.br\/noticias\/credit-suisse-c1su34-acoes-desabam-venda-ubs\/#article\",\"isPartOf\":{\"@id\":\"https:\/\/www.suno.com.br\/noticias\/credit-suisse-c1su34-acoes-desabam-venda-ubs\/\"},\"author\":{\"name\":\"Erick Matheus Nery\",\"@id\":\"https:\/\/www.suno.com.br\/noticias\/#\/schema\/person\/6899bc3f19d1a7315f807131c2c013a0\"},\"headline\":\"A\u00e7\u00f5es do Credit Suisse (C1SU34) desabam ap\u00f3s venda \u00e0s pressas para UBS\",\"datePublished\":\"2023-03-20T13:29:09+00:00\",\"dateModified\":\"2023-03-20T15:39:04+00:00\",\"mainEntityOfPage\":{\"@id\":\"https:\/\/www.suno.com.br\/noticias\/credit-suisse-c1su34-acoes-desabam-venda-ubs\/\"},\"wordCount\":390,\"publisher\":{\"@id\":\"https:\/\/www.suno.com.br\/noticias\/#organization\"},\"image\":{\"@id\":\"https:\/\/www.suno.com.br\/noticias\/credit-suisse-c1su34-acoes-desabam-venda-ubs\/#primaryimage\"},\"thumbnailUrl\":\"https:\/\/files.sunoresearch.com.br\/n\/uploads\/2023\/03\/credit-suisse-c1su34-fachada-foto-bbc.jpg\",\"keywords\":[\"Credit Suisse (C1SU34)\",\"Especialistas\",\"UBS (UBSG34)\"],\"articleSection\":[\"Mercado\"],\"inLanguage\":\"pt-BR\"},{\"@type\":\"WebPage\",\"@id\":\"https:\/\/www.suno.com.br\/noticias\/credit-suisse-c1su34-acoes-desabam-venda-ubs\/\",\"url\":\"https:\/\/www.suno.com.br\/noticias\/credit-suisse-c1su34-acoes-desabam-venda-ubs\/\",\"name\":\"A\u00e7\u00f5es do Credit Suisse desabam ap\u00f3s venda \u00e0s pressas para UBS\",\"isPartOf\":{\"@id\":\"https:\/\/www.suno.com.br\/noticias\/#website\"},\"primaryImageOfPage\":{\"@id\":\"https:\/\/www.suno.com.br\/noticias\/credit-suisse-c1su34-acoes-desabam-venda-ubs\/#primaryimage\"},\"image\":{\"@id\":\"https:\/\/www.suno.com.br\/noticias\/credit-suisse-c1su34-acoes-desabam-venda-ubs\/#primaryimage\"},\"thumbnailUrl\":\"https:\/\/files.sunoresearch.com.br\/n\/uploads\/2023\/03\/credit-suisse-c1su34-fachada-foto-bbc.jpg\",\"datePublished\":\"2023-03-20T13:29:09+00:00\",\"dateModified\":\"2023-03-20T15:39:04+00:00\",\"description\":\"As a\u00e7\u00f5es do Credit Suisse (C1SU34) desabam nesta segunda (20), ap\u00f3s o an\u00fancio da venda \u00e0s pressas do banco para o rival UBS. Confira!\",\"breadcrumb\":{\"@id\":\"https:\/\/www.suno.com.br\/noticias\/credit-suisse-c1su34-acoes-desabam-venda-ubs\/#breadcrumb\"},\"inLanguage\":\"pt-BR\",\"potentialAction\":[{\"@type\":\"ReadAction\",\"target\":[\"https:\/\/www.suno.com.br\/noticias\/credit-suisse-c1su34-acoes-desabam-venda-ubs\/\"]}]},{\"@type\":\"ImageObject\",\"inLanguage\":\"pt-BR\",\"@id\":\"https:\/\/www.suno.com.br\/noticias\/credit-suisse-c1su34-acoes-desabam-venda-ubs\/#primaryimage\",\"url\":\"https:\/\/files.sunoresearch.com.br\/n\/uploads\/2023\/03\/credit-suisse-c1su34-fachada-foto-bbc.jpg\",\"contentUrl\":\"https:\/\/files.sunoresearch.com.br\/n\/uploads\/2023\/03\/credit-suisse-c1su34-fachada-foto-bbc.jpg\",\"width\":1200,\"height\":675,\"caption\":\"Credit Suisse. Foto: BBC\/YouTube\"},{\"@type\":\"BreadcrumbList\",\"@id\":\"https:\/\/www.suno.com.br\/noticias\/credit-suisse-c1su34-acoes-desabam-venda-ubs\/#breadcrumb\",\"itemListElement\":[{\"@type\":\"ListItem\",\"position\":1,\"name\":\"Not\u00edcias\",\"item\":\"https:\/\/www.suno.com.br\/noticias\/\"},{\"@type\":\"ListItem\",\"position\":2,\"name\":\"Mercado\",\"item\":\"https:\/\/www.suno.com.br\/noticias\/mercado\/\"},{\"@type\":\"ListItem\",\"position\":3,\"name\":\"A\u00e7\u00f5es do Credit Suisse (C1SU34) desabam ap\u00f3s venda \u00e0s pressas para UBS\"}]},{\"@type\":\"WebSite\",\"@id\":\"https:\/\/www.suno.com.br\/noticias\/#website\",\"url\":\"https:\/\/www.suno.com.br\/noticias\/\",\"name\":\"Suno Not\u00edcias\",\"description\":\"Seu portal de informa\u00e7\u00e3o sobre o mundo dos investimentos\",\"publisher\":{\"@id\":\"https:\/\/www.suno.com.br\/noticias\/#organization\"},\"potentialAction\":[{\"@type\":\"SearchAction\",\"target\":{\"@type\":\"EntryPoint\",\"urlTemplate\":\"https:\/\/www.suno.com.br\/noticias\/?s={search_term_string}\"},\"query-input\":{\"@type\":\"PropertyValueSpecification\",\"valueRequired\":true,\"valueName\":\"search_term_string\"}}],\"inLanguage\":\"pt-BR\"},{\"@type\":\"Organization\",\"@id\":\"https:\/\/www.suno.com.br\/noticias\/#organization\",\"name\":\"Suno Not\u00edcias\",\"url\":\"https:\/\/www.suno.com.br\/noticias\/\",\"logo\":{\"@type\":\"ImageObject\",\"inLanguage\":\"pt-BR\",\"@id\":\"https:\/\/www.suno.com.br\/noticias\/#\/schema\/logo\/image\/\",\"url\":\"https:\/\/files.sunoresearch.com.br\/n\/uploads\/2021\/09\/suno-logo.png\",\"contentUrl\":\"https:\/\/files.sunoresearch.com.br\/n\/uploads\/2021\/09\/suno-logo.png\",\"width\":180,\"height\":180,\"caption\":\"Suno Not\u00edcias\"},\"image\":{\"@id\":\"https:\/\/www.suno.com.br\/noticias\/#\/schema\/logo\/image\/\"},\"sameAs\":[\"https:\/\/facebook.com\/sunoresearch\",\"https:\/\/x.com\/sunoresearch\",\"https:\/\/www.instagram.com\/suno\",\"https:\/\/www.linkedin.com\/company\/suno-research\/\",\"https:\/\/www.youtube.com\/c\/sunoresearch\"]},{\"@type\":\"Person\",\"@id\":\"https:\/\/www.suno.com.br\/noticias\/#\/schema\/person\/6899bc3f19d1a7315f807131c2c013a0\",\"name\":\"Erick Matheus Nery\",\"image\":{\"@type\":\"ImageObject\",\"inLanguage\":\"pt-BR\",\"@id\":\"https:\/\/www.suno.com.br\/noticias\/#\/schema\/person\/image\/\",\"url\":\"https:\/\/secure.gravatar.com\/avatar\/518ddffe438ccb767782d372a66304d2?s=96&r=g\",\"contentUrl\":\"https:\/\/secure.gravatar.com\/avatar\/518ddffe438ccb767782d372a66304d2?s=96&r=g\",\"caption\":\"Erick Matheus Nery\"},\"description\":\"Formado em Jornalismo pela Universidade Federal do Par\u00e1 (UFPA), conta com extens\u00e3o em Jornalismo Econ\u00f4mico pela Funda\u00e7\u00e3o Get\u00falio Vargas (FGV). No Suno Not\u00edcias, atua como rep\u00f3rter de Mercado, com foco nos setores de telecomunica\u00e7\u00f5es, varejo, alimentos e renda fixa. Conta com passagens pelo jornal O Estado de S\u00e3o Paulo, como trainee de Jornalismo Econ\u00f4mico, e pelo site Not\u00edcias da TV.\",\"url\":\"https:\/\/www.suno.com.br\/noticias\/author\/erick-nery\/\"}]}<\/script>\n<!-- \/ Yoast SEO plugin. -->","yoast_head_json":{"title":"A\u00e7\u00f5es do Credit Suisse desabam ap\u00f3s venda \u00e0s pressas para UBS","description":"As a\u00e7\u00f5es do Credit Suisse (C1SU34) desabam nesta segunda (20), ap\u00f3s o an\u00fancio da venda \u00e0s pressas do banco para o rival UBS. Confira!","robots":{"index":"index","follow":"follow","max-snippet":"max-snippet:-1","max-image-preview":"max-image-preview:large","max-video-preview":"max-video-preview:-1"},"canonical":"https:\/\/www.suno.com.br\/noticias\/credit-suisse-c1su34-acoes-desabam-venda-ubs\/","og_locale":"pt_BR","og_type":"article","og_title":"A\u00e7\u00f5es do Credit Suisse desabam ap\u00f3s venda \u00e0s pressas para UBS","og_description":"As a\u00e7\u00f5es do Credit Suisse (C1SU34) desabam nesta segunda (20), ap\u00f3s o an\u00fancio da venda \u00e0s pressas do banco para o rival UBS. Confira!","og_url":"https:\/\/www.suno.com.br\/noticias\/credit-suisse-c1su34-acoes-desabam-venda-ubs\/","og_site_name":"Suno Not\u00edcias","article_publisher":"https:\/\/facebook.com\/sunoresearch","og_image":[{"width":1200,"height":675,"url":"https:\/\/files.sunoresearch.com.br\/n\/uploads\/2023\/03\/credit-suisse-c1su34-fachada-foto-bbc.jpg","type":"image\/jpeg"}],"author":"Erick Matheus Nery","twitter_card":"summary_large_image","twitter_creator":"@sunoresearch","twitter_site":"@sunoresearch","twitter_misc":{"Escrito por":"Erick Matheus Nery","Est. tempo de leitura":"2 minutos"},"schema":{"@context":"https:\/\/schema.org","@graph":[{"@type":"NewsArticle","@id":"https:\/\/www.suno.com.br\/noticias\/credit-suisse-c1su34-acoes-desabam-venda-ubs\/#article","isPartOf":{"@id":"https:\/\/www.suno.com.br\/noticias\/credit-suisse-c1su34-acoes-desabam-venda-ubs\/"},"author":{"name":"Erick Matheus Nery","@id":"https:\/\/www.suno.com.br\/noticias\/#\/schema\/person\/6899bc3f19d1a7315f807131c2c013a0"},"headline":"A\u00e7\u00f5es do Credit Suisse (C1SU34) desabam ap\u00f3s venda \u00e0s pressas para UBS","datePublished":"2023-03-20T13:29:09+00:00","dateModified":"2023-03-20T15:39:04+00:00","mainEntityOfPage":{"@id":"https:\/\/www.suno.com.br\/noticias\/credit-suisse-c1su34-acoes-desabam-venda-ubs\/"},"wordCount":390,"publisher":{"@id":"https:\/\/www.suno.com.br\/noticias\/#organization"},"image":{"@id":"https:\/\/www.suno.com.br\/noticias\/credit-suisse-c1su34-acoes-desabam-venda-ubs\/#primaryimage"},"thumbnailUrl":"https:\/\/files.sunoresearch.com.br\/n\/uploads\/2023\/03\/credit-suisse-c1su34-fachada-foto-bbc.jpg","keywords":["Credit Suisse (C1SU34)","Especialistas","UBS (UBSG34)"],"articleSection":["Mercado"],"inLanguage":"pt-BR"},{"@type":"WebPage","@id":"https:\/\/www.suno.com.br\/noticias\/credit-suisse-c1su34-acoes-desabam-venda-ubs\/","url":"https:\/\/www.suno.com.br\/noticias\/credit-suisse-c1su34-acoes-desabam-venda-ubs\/","name":"A\u00e7\u00f5es do Credit Suisse desabam ap\u00f3s venda \u00e0s pressas para UBS","isPartOf":{"@id":"https:\/\/www.suno.com.br\/noticias\/#website"},"primaryImageOfPage":{"@id":"https:\/\/www.suno.com.br\/noticias\/credit-suisse-c1su34-acoes-desabam-venda-ubs\/#primaryimage"},"image":{"@id":"https:\/\/www.suno.com.br\/noticias\/credit-suisse-c1su34-acoes-desabam-venda-ubs\/#primaryimage"},"thumbnailUrl":"https:\/\/files.sunoresearch.com.br\/n\/uploads\/2023\/03\/credit-suisse-c1su34-fachada-foto-bbc.jpg","datePublished":"2023-03-20T13:29:09+00:00","dateModified":"2023-03-20T15:39:04+00:00","description":"As a\u00e7\u00f5es do Credit Suisse (C1SU34) desabam nesta segunda (20), ap\u00f3s o an\u00fancio da venda \u00e0s pressas do banco para o rival UBS. Confira!","breadcrumb":{"@id":"https:\/\/www.suno.com.br\/noticias\/credit-suisse-c1su34-acoes-desabam-venda-ubs\/#breadcrumb"},"inLanguage":"pt-BR","potentialAction":[{"@type":"ReadAction","target":["https:\/\/www.suno.com.br\/noticias\/credit-suisse-c1su34-acoes-desabam-venda-ubs\/"]}]},{"@type":"ImageObject","inLanguage":"pt-BR","@id":"https:\/\/www.suno.com.br\/noticias\/credit-suisse-c1su34-acoes-desabam-venda-ubs\/#primaryimage","url":"https:\/\/files.sunoresearch.com.br\/n\/uploads\/2023\/03\/credit-suisse-c1su34-fachada-foto-bbc.jpg","contentUrl":"https:\/\/files.sunoresearch.com.br\/n\/uploads\/2023\/03\/credit-suisse-c1su34-fachada-foto-bbc.jpg","width":1200,"height":675,"caption":"Credit Suisse. Foto: BBC\/YouTube"},{"@type":"BreadcrumbList","@id":"https:\/\/www.suno.com.br\/noticias\/credit-suisse-c1su34-acoes-desabam-venda-ubs\/#breadcrumb","itemListElement":[{"@type":"ListItem","position":1,"name":"Not\u00edcias","item":"https:\/\/www.suno.com.br\/noticias\/"},{"@type":"ListItem","position":2,"name":"Mercado","item":"https:\/\/www.suno.com.br\/noticias\/mercado\/"},{"@type":"ListItem","position":3,"name":"A\u00e7\u00f5es do Credit Suisse (C1SU34) desabam ap\u00f3s venda \u00e0s pressas para UBS"}]},{"@type":"WebSite","@id":"https:\/\/www.suno.com.br\/noticias\/#website","url":"https:\/\/www.suno.com.br\/noticias\/","name":"Suno Not\u00edcias","description":"Seu portal de informa\u00e7\u00e3o sobre o mundo dos investimentos","publisher":{"@id":"https:\/\/www.suno.com.br\/noticias\/#organization"},"potentialAction":[{"@type":"SearchAction","target":{"@type":"EntryPoint","urlTemplate":"https:\/\/www.suno.com.br\/noticias\/?s={search_term_string}"},"query-input":{"@type":"PropertyValueSpecification","valueRequired":true,"valueName":"search_term_string"}}],"inLanguage":"pt-BR"},{"@type":"Organization","@id":"https:\/\/www.suno.com.br\/noticias\/#organization","name":"Suno Not\u00edcias","url":"https:\/\/www.suno.com.br\/noticias\/","logo":{"@type":"ImageObject","inLanguage":"pt-BR","@id":"https:\/\/www.suno.com.br\/noticias\/#\/schema\/logo\/image\/","url":"https:\/\/files.sunoresearch.com.br\/n\/uploads\/2021\/09\/suno-logo.png","contentUrl":"https:\/\/files.sunoresearch.com.br\/n\/uploads\/2021\/09\/suno-logo.png","width":180,"height":180,"caption":"Suno Not\u00edcias"},"image":{"@id":"https:\/\/www.suno.com.br\/noticias\/#\/schema\/logo\/image\/"},"sameAs":["https:\/\/facebook.com\/sunoresearch","https:\/\/x.com\/sunoresearch","https:\/\/www.instagram.com\/suno","https:\/\/www.linkedin.com\/company\/suno-research\/","https:\/\/www.youtube.com\/c\/sunoresearch"]},{"@type":"Person","@id":"https:\/\/www.suno.com.br\/noticias\/#\/schema\/person\/6899bc3f19d1a7315f807131c2c013a0","name":"Erick Matheus Nery","image":{"@type":"ImageObject","inLanguage":"pt-BR","@id":"https:\/\/www.suno.com.br\/noticias\/#\/schema\/person\/image\/","url":"https:\/\/secure.gravatar.com\/avatar\/518ddffe438ccb767782d372a66304d2?s=96&r=g","contentUrl":"https:\/\/secure.gravatar.com\/avatar\/518ddffe438ccb767782d372a66304d2?s=96&r=g","caption":"Erick Matheus Nery"},"description":"Formado em Jornalismo pela Universidade Federal do Par\u00e1 (UFPA), conta com extens\u00e3o em Jornalismo Econ\u00f4mico pela Funda\u00e7\u00e3o Get\u00falio Vargas (FGV). No Suno Not\u00edcias, atua como rep\u00f3rter de Mercado, com foco nos setores de telecomunica\u00e7\u00f5es, varejo, alimentos e renda fixa. Conta com passagens pelo jornal O Estado de S\u00e3o Paulo, como trainee de Jornalismo Econ\u00f4mico, e pelo site Not\u00edcias da TV.","url":"https:\/\/www.suno.com.br\/noticias\/author\/erick-nery\/"}]}},"default_loop_html":"<div class=\"cardsPage__listCard__boxs\"><div class=\"cardsPage__listCard__boxs__img\"><a href=\"https:\/\/www.suno.com.br\/noticias\/credit-suisse-c1su34-acoes-desabam-venda-ubs\/\"><img class=\"mask\" src=\"https:\/\/www.suno.com.br\/noticias\/wp-content\/themes\/suno\/resources\/images\/spotlight\/spotlight1img\/bg-mask.png\" alt=\"Image Mask\"\/><img src=\"https:\/\/files.sunoresearch.com.br\/n\/uploads\/2023\/03\/credit-suisse-c1su34-fachada-foto-bbc-400x200.jpg\" alt=\"A\u00e7\u00f5es do Credit Suisse (C1SU34) desabam ap\u00f3s venda \u00e0s pressas para UBS\"\/><\/a><span class=\"spotlightCategory\"><a href=\"https:\/\/www.suno.com.br\/noticias\/mercado\/\">Mercado<\/a><\/span><\/div><div class=\"cardsPage__listCard__boxs__content\"><a href=\"https:\/\/www.suno.com.br\/noticias\/credit-suisse-c1su34-acoes-desabam-venda-ubs\/\"><h2 class=\"content__title\">A\u00e7\u00f5es do Credit Suisse (C1SU34) desabam ap\u00f3s venda \u00e0s pressas para UBS<\/h2><\/a><div class=\"newsContent__article__meta\"><div class=\"newsContent__article__meta__authorBox\"><a href=\"https:\/\/www.suno.com.br\/noticias\/author\/joao-vitor-jacintho\/\" class=\"authorBox__avatar noMobi\"><img src=\"https:\/\/secure.gravatar.com\/avatar\/2843227ca03ccf8cc7ccca45204c127e?s=96&#038;r=g\" alt=\"Jo\u00e3o Vitor Jacintho\"><\/a><div class=\"authorBox__name\"><span>por\n\t\t\t<a href=\"https:\/\/www.suno.com.br\/noticias\/author\/joao-vitor-jacintho\/\"><span itemprop=\"author\">Jo\u00e3o Vitor Jacintho<\/span><\/a><\/span><time datetime=\"2023-03-20T10:29:09-03:00\" itemprop=\"datePublished\">20\/03\/2023 10:29<\/time><\/div><\/div><\/div><\/div><\/div>","single_layout":"posts","amp_enabled":true,"_links":{"self":[{"href":"https:\/\/www.suno.com.br\/noticias\/wp-json\/wp\/v2\/posts\/378185"}],"collection":[{"href":"https:\/\/www.suno.com.br\/noticias\/wp-json\/wp\/v2\/posts"}],"about":[{"href":"https:\/\/www.suno.com.br\/noticias\/wp-json\/wp\/v2\/types\/post"}],"author":[{"embeddable":true,"href":"https:\/\/www.suno.com.br\/noticias\/wp-json\/wp\/v2\/users\/232"}],"replies":[{"embeddable":true,"href":"https:\/\/www.suno.com.br\/noticias\/wp-json\/wp\/v2\/comments?post=378185"}],"version-history":[{"count":2,"href":"https:\/\/www.suno.com.br\/noticias\/wp-json\/wp\/v2\/posts\/378185\/revisions"}],"predecessor-version":[{"id":378252,"href":"https:\/\/www.suno.com.br\/noticias\/wp-json\/wp\/v2\/posts\/378185\/revisions\/378252"}],"wp:featuredmedia":[{"embeddable":true,"href":"https:\/\/www.suno.com.br\/noticias\/wp-json\/wp\/v2\/media\/378190"}],"wp:attachment":[{"href":"https:\/\/www.suno.com.br\/noticias\/wp-json\/wp\/v2\/media?parent=378185"}],"wp:term":[{"taxonomy":"category","embeddable":true,"href":"https:\/\/www.suno.com.br\/noticias\/wp-json\/wp\/v2\/categories?post=378185"},{"taxonomy":"post_tag","embeddable":true,"href":"https:\/\/www.suno.com.br\/noticias\/wp-json\/wp\/v2\/tags?post=378185"},{"taxonomy":"suno_strategy","embeddable":true,"href":"https:\/\/www.suno.com.br\/noticias\/wp-json\/wp\/v2\/suno_strategy?post=378185"}],"curies":[{"name":"wp","href":"https:\/\/api.w.org\/{rel}","templated":true}]}}