{"id":378096,"date":"2023-03-19T18:48:45","date_gmt":"2023-03-19T21:48:45","guid":{"rendered":"https:\/\/www.suno.com.br\/noticias\/?p=378096"},"modified":"2023-03-19T18:48:49","modified_gmt":"2023-03-19T21:48:49","slug":"warren-buffett-conversa-equipe-biden-crise-bancos","status":"publish","type":"post","link":"https:\/\/www.suno.com.br\/noticias\/warren-buffett-conversa-equipe-biden-crise-bancos\/","title":{"rendered":"Warren Buffett conversa com equipe de Biden sobre crise dos bancos; Veja o que foi falado"},"content":{"rendered":"<p>O megainvestidor <strong>Warren Buffett<\/strong>, presidente do <a class=\"suno-keyword\" target=\"_blank\" data-force=\"no\" data-priority=\"1\" href=\"https:\/\/www.suno.com.br\/artigos\/conselho-administracao\/\" rel=\"noopener\">conselho de administra\u00e7\u00e3o<\/a> da <strong>Berkshire Hathaway<\/strong>, conversou com funcion\u00e1rios da equipe do presidente dos Estados Unidos, Joe Biden, para falar a respeito da crise dos bancos regionais.<\/p>\t<div class=\"wrapper-featured-image\">\n\t\t<figure class=\"spotlightImg\">\n\n\t\t\t<picture>\n\t\t\t\t<source media=\"(max-width: 768px)\" srcset=\"https:\/\/files.sunoresearch.com.br\/n\/uploads\/2023\/03\/Warren-Buffetts-Most-Iconic-Interview-Ever-_-Charlie-Rose-Show-18-59-screenshot-400x200.jpg\">\n\t\t\t\t<img loading=\"lazy\" decoding=\"async\" class=\"newsContent__article__imgCapa lazyloadDisabled \" src=\"https:\/\/files.sunoresearch.com.br\/n\/uploads\/2023\/03\/Warren-Buffetts-Most-Iconic-Interview-Ever-_-Charlie-Rose-Show-18-59-screenshot-800x450.jpg\" width=\"800\" height=\"450\" alt=\"Warren Buffett conversa com equipe de Biden sobre crise dos bancos; Veja o que foi falado\" fetchpriority=high \/>\n\t\t\t<\/picture>\n\n\t\t\t<figcaption class=\"wp-caption-text wp-caption-text--show\">Berkshire Hathaway (BERK34), de Warren Buffett. Foto: Reprodu\u00e7\u00e3o\/YouTube<\/figcaption>\n\t\t<\/figure>\n\t<\/div>\n\n\n\n\n\n\t<p>\n\t\t<a href=\"https:\/\/lp2.suno.com.br\/cl\/black-friday-2025\/?utm_campaign=_SNCDF0E4858_\" target=\"_blank\" data-element=\"shortcode-suno-banner\" title=\"Banner SUNO, clique e saiba mais\">\n\t\t\t<picture>\n\t\t\t\t<source media=\"(max-width: 500px)\" srcset=\"https:\/\/files.sunoresearch.com.br\/n\/uploads\/2025\/10\/Artigos-e-Noticias-Banner-Home-artigos-01-Mobile_-400x300-1-png.webp\">\n\t\t\t\t<img class=\"newsContent__article__imgCapa newsContent__article__imgCapa--banner\"\n\t\t\t\t\tsrc=\"https:\/\/files.sunoresearch.com.br\/n\/uploads\/2025\/10\/Artigos-e-Noticias-Banner-Home-artigos-01-Desktop_-1420x240-1-png.webp\"\n\t\t\t\t\tdata-promo-id=\"311259\"\t\t\t\t\t\t\t\t\t\twidth='1420' height='240'\t\t\t\t\talt=\"https:\/\/files.sunoresearch.com.br\/n\/uploads\/2025\/10\/Artigos-e-Noticias-Banner-Home-artigos-01-Desktop_-1420x240-1-png.webp\"\n\t\t\t\t>\n\t\t\t<\/picture>\n\t\t<\/a>\n\t<\/p>\n\n\n\n\n\n<p>Conforme a turbul\u00eancia da crise banc\u00e1ria regional se desenrolava, <a href=\"https:\/\/www.suno.com.br\/tudo-sobre\/warren-buffett\/\" target=\"_blank\" rel=\"noreferrer noopener\">Warren Buffett<\/a> decidiu entrar em contato com a equipe de <strong>Biden<\/strong> para tratar sobre esse tema na \u00faltima semana.<\/p>\n\n\n\n<p>Segundo fontes pr\u00f3ximas ao assunto, que preferiram n\u00e3o ser identificadas, as <strong>conversas de Warren Buffett e a equipe de Biden<\/strong> tiveram como uma das pautas um poss\u00edvel investimento do bilion\u00e1rio no setor banc\u00e1rio regional dos Estados Unidos.<\/p>\n\n\n\t<div data-element=\"shortcode-read-more\" class=\"knowMore\">\n\t\t\t\t<span class=\"knowMore__title\">Leia mais<\/span>\n\t\t\t\t<a class=\"knowMore__link\" href=\"https:\/\/www.suno.com.br\/noticias\/ubs-compra-credit-suisse\/\">\n\t\t\tUBS fecha acordo para comprar Credit Suisse por US$ 3,25 bilh\u00f5es\t\t<\/a>\n\t<\/div>\n\n\n\n\n<p>Al\u00e9m disso, Buffett tamb\u00e9m teria dado orienta\u00e7\u00f5es e conselhos em rela\u00e7\u00e3o \u00e0 turbul\u00eancia e crise banc\u00e1ria atual para os funcion\u00e1rios do <strong>presidente dos EUA<\/strong>.<\/p>\n\n\n\n<p>Um poss\u00edvel investimento de Warren Buffett e de outros investidores no setor banc\u00e1rio regional dos EUA estaria em linha com a tentativa de Biden de adotar medidas de prote\u00e7\u00e3o e conten\u00e7\u00e3o da crise banc\u00e1ria sem a ocorr\u00eancia de resgates diretos.<\/p>\n\n\n\n<p>O <strong>presidente dos Estados Unidos<\/strong> busca tomar a\u00e7\u00f5es de prote\u00e7\u00e3o ao setor sem que haja novos gastos do governo com recursos vindos dos contribuintes norte-americanos, j\u00e1 que isso poderia custar politicamente a Biden. Nesse sentido, tamb\u00e9m est\u00e3o inclu\u00eddas poss\u00edveis a\u00e7\u00f5es do <a href=\"https:\/\/www.suno.com.br\/artigos\/fed\/\" target=\"_blank\" rel=\"noreferrer noopener\"><strong>Federal Reserve<\/strong> (Fed<\/a>, Banco Central dos EUA).<\/p>\n\n\n\n<p>A fim de tranquilizar clientes dos bancos, os reguladores estadunidenses vinham buscando adotar medidas extraordin\u00e1rias na \u00faltima semana. Assim, prometeram arcar totalmente com os dep\u00f3sitos n\u00e3o segurados dos bancos em fal\u00eancia.<\/p>\n\n\n\n<p>De forma volunt\u00e1ria, alguns \u201cbanc\u00f5es\u201d dos EUA tamb\u00e9m realizaram o dep\u00f3sito conjunto de US$ 30 bilh\u00f5es nesta semana com o intuito de auxiliar o First Republic Bank.<\/p>\n\n\n\n<p>Com os temores e desconfian\u00e7as dos investidores em rela\u00e7\u00e3o aos bancos regionais, as a\u00e7\u00f5es dessas empresas permaneceram em queda na semana passada.<\/p>\n\n\n\n<h2 class=\"wp-block-heading\" id=\"h-historico-de-warren-buffett-na-ajuda-aos-bancos\"><a><\/a>Hist\u00f3rico de Warren Buffett na \u201cajuda\u201d aos bancos<\/h2>\n\n\n\n<p>Historicamente, o megainvestidor tem diversos epis\u00f3dios em que se mostrou aberto a auxiliar bancos em contexto de crise. Dessa forma, o intuito de Buffett era de ajudar na recupera\u00e7\u00e3o da confian\u00e7a dessas empresas que estavam em situa\u00e7\u00e3o de dificuldade financeira.<\/p>\n\n\n\n<p>Um dos epis\u00f3dios em que o \u201cOr\u00e1culo de Omaha\u201d interv\u00e9m para auxiliar bancos foi em 2011. Na ocasi\u00e3o, o investidor realizou uma inje\u00e7\u00e3o de capital no <strong>Bank of America<\/strong>, em meio \u00e0 forte queda das a\u00e7\u00f5es do banco gerada pelos impactos da crise de 2008.<\/p>\n\n\n\n<p>Al\u00e9m disso, depois do colapso do Lehman Brothers, que foi estopim para a ascens\u00e3o da <a class=\"suno-keyword\" target=\"_blank\" data-force=\"no\" data-priority=\"1\" href=\"https:\/\/www.suno.com.br\/artigos\/crise-do-subprime\/\" rel=\"noopener\">Crise do subprime<\/a> no ano de 2008, <strong>Warren Buffett <\/strong>injetou US$ 5 bilh\u00f5es em um dos maiores grupos financeiros do mundo, o <strong>Goldman Sachs<\/strong>.<\/p>\n\n\n\t<p>\n\t\t<a href=\"https:\/\/lp.suno.com.br\/ebook-como-analisar-uma-acao\/\" target=\"_blank\" data-element=\"shortcode-suno-banner\" title=\"Banner SUNO, clique e saiba mais\">\n\t\t\t<picture>\n\t\t\t\t<source media=\"(max-width: 500px)\" srcset=\"https:\/\/files.sunoresearch.com.br\/n\/uploads\/2023\/12\/Ebook-Acoes-Mobile.jpg\">\n\t\t\t\t<img class=\"newsContent__article__imgCapa newsContent__article__imgCapa--banner\"\n\t\t\t\t\tsrc=\"https:\/\/files.sunoresearch.com.br\/n\/uploads\/2023\/12\/Ebook-Acoes-Desktop.webp\"\n\t\t\t\t\tdata-promo-id=\"311260\"\t\t\t\t\t\t\t\t\t\twidth='1420' height='286'\t\t\t\t\talt=\"https:\/\/files.sunoresearch.com.br\/n\/uploads\/2023\/12\/Ebook-Acoes-Desktop.webp\"\n\t\t\t\t>\n\t\t\t<\/picture>\n\t\t<\/a>\n\t<\/p>\n\n\n","protected":false},"excerpt":{"rendered":"<p>O megainvestidor Warren Buffett, presidente do conselho de administra\u00e7\u00e3o da Berkshire Hathaway, conversou com funcion\u00e1rios da equipe do presidente dos Estados Unidos, Joe Biden, para falar a respeito da crise dos bancos regionais. Berkshire Hathaway (BERK34), de Warren Buffett. Foto: Reprodu\u00e7\u00e3o\/YouTube Conforme a turbul\u00eancia da crise banc\u00e1ria regional se desenrolava, Warren Buffett decidiu entrar em [&hellip;]<\/p>\n","protected":false},"author":173,"featured_media":378097,"comment_status":"closed","ping_status":"closed","sticky":false,"template":"","format":"standard","meta":[],"categories":[64],"tags":[73481,330],"suno_strategy":[],"class_list":["post-378096","post","type-post","status-publish","format-standard","has-post-thumbnail","hentry","category-negocios","tag-joe-biden","tag-warren-buffett"],"yoast_head":"<!-- This site is optimized with the Yoast SEO plugin v24.4 - https:\/\/yoast.com\/wordpress\/plugins\/seo\/ -->\n<title>Warren Buffett conversa com equipe de Biden sobre crise dos bancos<\/title>\n<meta name=\"description\" content=\"O megainvestidor Warren Buffett conversou com equipe de Biden sobre a crise dos bancos na \u00faltima semana. Clique e veja o que foi falado.\" \/>\n<meta name=\"robots\" content=\"index, follow, max-snippet:-1, max-image-preview:large, max-video-preview:-1\" \/>\n<link rel=\"canonical\" href=\"https:\/\/www.suno.com.br\/noticias\/warren-buffett-conversa-equipe-biden-crise-bancos\/\" \/>\n<meta property=\"og:locale\" content=\"pt_BR\" \/>\n<meta property=\"og:type\" content=\"article\" \/>\n<meta property=\"og:title\" content=\"Warren Buffett conversa com equipe de Biden sobre crise dos bancos\" \/>\n<meta property=\"og:description\" content=\"O megainvestidor Warren Buffett conversou com equipe de Biden sobre a crise dos bancos na \u00faltima semana. Clique e veja o que foi falado.\" \/>\n<meta property=\"og:url\" content=\"https:\/\/www.suno.com.br\/noticias\/warren-buffett-conversa-equipe-biden-crise-bancos\/\" \/>\n<meta property=\"og:site_name\" content=\"Suno Not\u00edcias\" \/>\n<meta property=\"article:publisher\" content=\"https:\/\/facebook.com\/sunoresearch\" \/>\n<meta property=\"og:image\" content=\"https:\/\/files.sunoresearch.com.br\/n\/uploads\/2023\/03\/Warren-Buffetts-Most-Iconic-Interview-Ever-_-Charlie-Rose-Show-18-59-screenshot.jpg\" \/>\n\t<meta property=\"og:image:width\" content=\"1920\" \/>\n\t<meta property=\"og:image:height\" content=\"1080\" \/>\n\t<meta property=\"og:image:type\" content=\"image\/jpeg\" \/>\n<meta name=\"author\" content=\"Jo\u00e3o Vitor\" \/>\n<meta name=\"twitter:card\" content=\"summary_large_image\" \/>\n<meta name=\"twitter:creator\" content=\"@sunoresearch\" \/>\n<meta name=\"twitter:site\" content=\"@sunoresearch\" \/>\n<meta name=\"twitter:label1\" content=\"Escrito por\" \/>\n\t<meta name=\"twitter:data1\" content=\"Jo\u00e3o Vitor\" \/>\n\t<meta name=\"twitter:label2\" content=\"Est. tempo de leitura\" \/>\n\t<meta name=\"twitter:data2\" content=\"3 minutos\" \/>\n<script type=\"application\/ld+json\" class=\"yoast-schema-graph\">{\"@context\":\"https:\/\/schema.org\",\"@graph\":[{\"@type\":\"NewsArticle\",\"@id\":\"https:\/\/www.suno.com.br\/noticias\/warren-buffett-conversa-equipe-biden-crise-bancos\/#article\",\"isPartOf\":{\"@id\":\"https:\/\/www.suno.com.br\/noticias\/warren-buffett-conversa-equipe-biden-crise-bancos\/\"},\"author\":{\"name\":\"Jo\u00e3o Vitor\",\"@id\":\"https:\/\/www.suno.com.br\/noticias\/#\/schema\/person\/87fc6973867c52dd884811905c43afba\"},\"headline\":\"Warren Buffett conversa com equipe de Biden sobre crise dos bancos; Veja o que foi falado\",\"datePublished\":\"2023-03-19T21:48:45+00:00\",\"dateModified\":\"2023-03-19T21:48:49+00:00\",\"mainEntityOfPage\":{\"@id\":\"https:\/\/www.suno.com.br\/noticias\/warren-buffett-conversa-equipe-biden-crise-bancos\/\"},\"wordCount\":492,\"publisher\":{\"@id\":\"https:\/\/www.suno.com.br\/noticias\/#organization\"},\"image\":{\"@id\":\"https:\/\/www.suno.com.br\/noticias\/warren-buffett-conversa-equipe-biden-crise-bancos\/#primaryimage\"},\"thumbnailUrl\":\"https:\/\/files.sunoresearch.com.br\/n\/uploads\/2023\/03\/Warren-Buffetts-Most-Iconic-Interview-Ever-_-Charlie-Rose-Show-18-59-screenshot.jpg\",\"keywords\":[\"Joe Biden\",\"Warren Buffett\"],\"articleSection\":[\"Neg\u00f3cios\"],\"inLanguage\":\"pt-BR\"},{\"@type\":\"WebPage\",\"@id\":\"https:\/\/www.suno.com.br\/noticias\/warren-buffett-conversa-equipe-biden-crise-bancos\/\",\"url\":\"https:\/\/www.suno.com.br\/noticias\/warren-buffett-conversa-equipe-biden-crise-bancos\/\",\"name\":\"Warren Buffett conversa com equipe de Biden sobre crise dos bancos\",\"isPartOf\":{\"@id\":\"https:\/\/www.suno.com.br\/noticias\/#website\"},\"primaryImageOfPage\":{\"@id\":\"https:\/\/www.suno.com.br\/noticias\/warren-buffett-conversa-equipe-biden-crise-bancos\/#primaryimage\"},\"image\":{\"@id\":\"https:\/\/www.suno.com.br\/noticias\/warren-buffett-conversa-equipe-biden-crise-bancos\/#primaryimage\"},\"thumbnailUrl\":\"https:\/\/files.sunoresearch.com.br\/n\/uploads\/2023\/03\/Warren-Buffetts-Most-Iconic-Interview-Ever-_-Charlie-Rose-Show-18-59-screenshot.jpg\",\"datePublished\":\"2023-03-19T21:48:45+00:00\",\"dateModified\":\"2023-03-19T21:48:49+00:00\",\"description\":\"O megainvestidor Warren Buffett conversou com equipe de Biden sobre a crise dos bancos na \u00faltima semana. Clique e veja o que foi falado.\",\"breadcrumb\":{\"@id\":\"https:\/\/www.suno.com.br\/noticias\/warren-buffett-conversa-equipe-biden-crise-bancos\/#breadcrumb\"},\"inLanguage\":\"pt-BR\",\"potentialAction\":[{\"@type\":\"ReadAction\",\"target\":[\"https:\/\/www.suno.com.br\/noticias\/warren-buffett-conversa-equipe-biden-crise-bancos\/\"]}]},{\"@type\":\"ImageObject\",\"inLanguage\":\"pt-BR\",\"@id\":\"https:\/\/www.suno.com.br\/noticias\/warren-buffett-conversa-equipe-biden-crise-bancos\/#primaryimage\",\"url\":\"https:\/\/files.sunoresearch.com.br\/n\/uploads\/2023\/03\/Warren-Buffetts-Most-Iconic-Interview-Ever-_-Charlie-Rose-Show-18-59-screenshot.jpg\",\"contentUrl\":\"https:\/\/files.sunoresearch.com.br\/n\/uploads\/2023\/03\/Warren-Buffetts-Most-Iconic-Interview-Ever-_-Charlie-Rose-Show-18-59-screenshot.jpg\",\"width\":1920,\"height\":1080,\"caption\":\"Berkshire Hathaway (BERK34), de Warren Buffett. Foto: Reprodu\u00e7\u00e3o\/YouTube\"},{\"@type\":\"BreadcrumbList\",\"@id\":\"https:\/\/www.suno.com.br\/noticias\/warren-buffett-conversa-equipe-biden-crise-bancos\/#breadcrumb\",\"itemListElement\":[{\"@type\":\"ListItem\",\"position\":1,\"name\":\"Not\u00edcias\",\"item\":\"https:\/\/www.suno.com.br\/noticias\/\"},{\"@type\":\"ListItem\",\"position\":2,\"name\":\"Neg\u00f3cios\",\"item\":\"https:\/\/www.suno.com.br\/noticias\/negocios\/\"},{\"@type\":\"ListItem\",\"position\":3,\"name\":\"Warren Buffett conversa com equipe de Biden sobre crise dos bancos; Veja o que foi falado\"}]},{\"@type\":\"WebSite\",\"@id\":\"https:\/\/www.suno.com.br\/noticias\/#website\",\"url\":\"https:\/\/www.suno.com.br\/noticias\/\",\"name\":\"Suno Not\u00edcias\",\"description\":\"Seu portal de informa\u00e7\u00e3o sobre o mundo dos investimentos\",\"publisher\":{\"@id\":\"https:\/\/www.suno.com.br\/noticias\/#organization\"},\"potentialAction\":[{\"@type\":\"SearchAction\",\"target\":{\"@type\":\"EntryPoint\",\"urlTemplate\":\"https:\/\/www.suno.com.br\/noticias\/?s={search_term_string}\"},\"query-input\":{\"@type\":\"PropertyValueSpecification\",\"valueRequired\":true,\"valueName\":\"search_term_string\"}}],\"inLanguage\":\"pt-BR\"},{\"@type\":\"Organization\",\"@id\":\"https:\/\/www.suno.com.br\/noticias\/#organization\",\"name\":\"Suno Not\u00edcias\",\"url\":\"https:\/\/www.suno.com.br\/noticias\/\",\"logo\":{\"@type\":\"ImageObject\",\"inLanguage\":\"pt-BR\",\"@id\":\"https:\/\/www.suno.com.br\/noticias\/#\/schema\/logo\/image\/\",\"url\":\"https:\/\/files.sunoresearch.com.br\/n\/uploads\/2021\/09\/suno-logo.png\",\"contentUrl\":\"https:\/\/files.sunoresearch.com.br\/n\/uploads\/2021\/09\/suno-logo.png\",\"width\":180,\"height\":180,\"caption\":\"Suno Not\u00edcias\"},\"image\":{\"@id\":\"https:\/\/www.suno.com.br\/noticias\/#\/schema\/logo\/image\/\"},\"sameAs\":[\"https:\/\/facebook.com\/sunoresearch\",\"https:\/\/x.com\/sunoresearch\",\"https:\/\/www.instagram.com\/suno\",\"https:\/\/www.linkedin.com\/company\/suno-research\/\",\"https:\/\/www.youtube.com\/c\/sunoresearch\"]},{\"@type\":\"Person\",\"@id\":\"https:\/\/www.suno.com.br\/noticias\/#\/schema\/person\/87fc6973867c52dd884811905c43afba\",\"name\":\"Jo\u00e3o Vitor\",\"image\":{\"@type\":\"ImageObject\",\"inLanguage\":\"pt-BR\",\"@id\":\"https:\/\/www.suno.com.br\/noticias\/#\/schema\/person\/image\/\",\"url\":\"https:\/\/secure.gravatar.com\/avatar\/2843227ca03ccf8cc7ccca45204c127e?s=96&r=g\",\"contentUrl\":\"https:\/\/secure.gravatar.com\/avatar\/2843227ca03ccf8cc7ccca45204c127e?s=96&r=g\",\"caption\":\"Jo\u00e3o Vitor\"},\"description\":\"Redator profissional, com atua\u00e7\u00e3o no mercado editorial na produ\u00e7\u00e3o de not\u00edcias e conte\u00fados sobre o mercado de a\u00e7\u00f5es, fundos imobili\u00e1rios e economia popular. Graduando em Engenharia Qu\u00edmica pela Unesp, tamb\u00e9m j\u00e1 atuou como consultor financeiro.\",\"url\":\"https:\/\/www.suno.com.br\/noticias\/author\/joao-vitor-jacintho\/\"}]}<\/script>\n<!-- \/ Yoast SEO plugin. -->","yoast_head_json":{"title":"Warren Buffett conversa com equipe de Biden sobre crise dos bancos","description":"O megainvestidor Warren Buffett conversou com equipe de Biden sobre a crise dos bancos na \u00faltima semana. Clique e veja o que foi falado.","robots":{"index":"index","follow":"follow","max-snippet":"max-snippet:-1","max-image-preview":"max-image-preview:large","max-video-preview":"max-video-preview:-1"},"canonical":"https:\/\/www.suno.com.br\/noticias\/warren-buffett-conversa-equipe-biden-crise-bancos\/","og_locale":"pt_BR","og_type":"article","og_title":"Warren Buffett conversa com equipe de Biden sobre crise dos bancos","og_description":"O megainvestidor Warren Buffett conversou com equipe de Biden sobre a crise dos bancos na \u00faltima semana. Clique e veja o que foi falado.","og_url":"https:\/\/www.suno.com.br\/noticias\/warren-buffett-conversa-equipe-biden-crise-bancos\/","og_site_name":"Suno Not\u00edcias","article_publisher":"https:\/\/facebook.com\/sunoresearch","og_image":[{"width":1920,"height":1080,"url":"https:\/\/files.sunoresearch.com.br\/n\/uploads\/2023\/03\/Warren-Buffetts-Most-Iconic-Interview-Ever-_-Charlie-Rose-Show-18-59-screenshot.jpg","type":"image\/jpeg"}],"author":"Jo\u00e3o Vitor","twitter_card":"summary_large_image","twitter_creator":"@sunoresearch","twitter_site":"@sunoresearch","twitter_misc":{"Escrito por":"Jo\u00e3o Vitor","Est. tempo de leitura":"3 minutos"},"schema":{"@context":"https:\/\/schema.org","@graph":[{"@type":"NewsArticle","@id":"https:\/\/www.suno.com.br\/noticias\/warren-buffett-conversa-equipe-biden-crise-bancos\/#article","isPartOf":{"@id":"https:\/\/www.suno.com.br\/noticias\/warren-buffett-conversa-equipe-biden-crise-bancos\/"},"author":{"name":"Jo\u00e3o Vitor","@id":"https:\/\/www.suno.com.br\/noticias\/#\/schema\/person\/87fc6973867c52dd884811905c43afba"},"headline":"Warren Buffett conversa com equipe de Biden sobre crise dos bancos; Veja o que foi falado","datePublished":"2023-03-19T21:48:45+00:00","dateModified":"2023-03-19T21:48:49+00:00","mainEntityOfPage":{"@id":"https:\/\/www.suno.com.br\/noticias\/warren-buffett-conversa-equipe-biden-crise-bancos\/"},"wordCount":492,"publisher":{"@id":"https:\/\/www.suno.com.br\/noticias\/#organization"},"image":{"@id":"https:\/\/www.suno.com.br\/noticias\/warren-buffett-conversa-equipe-biden-crise-bancos\/#primaryimage"},"thumbnailUrl":"https:\/\/files.sunoresearch.com.br\/n\/uploads\/2023\/03\/Warren-Buffetts-Most-Iconic-Interview-Ever-_-Charlie-Rose-Show-18-59-screenshot.jpg","keywords":["Joe Biden","Warren Buffett"],"articleSection":["Neg\u00f3cios"],"inLanguage":"pt-BR"},{"@type":"WebPage","@id":"https:\/\/www.suno.com.br\/noticias\/warren-buffett-conversa-equipe-biden-crise-bancos\/","url":"https:\/\/www.suno.com.br\/noticias\/warren-buffett-conversa-equipe-biden-crise-bancos\/","name":"Warren Buffett conversa com equipe de Biden sobre crise dos bancos","isPartOf":{"@id":"https:\/\/www.suno.com.br\/noticias\/#website"},"primaryImageOfPage":{"@id":"https:\/\/www.suno.com.br\/noticias\/warren-buffett-conversa-equipe-biden-crise-bancos\/#primaryimage"},"image":{"@id":"https:\/\/www.suno.com.br\/noticias\/warren-buffett-conversa-equipe-biden-crise-bancos\/#primaryimage"},"thumbnailUrl":"https:\/\/files.sunoresearch.com.br\/n\/uploads\/2023\/03\/Warren-Buffetts-Most-Iconic-Interview-Ever-_-Charlie-Rose-Show-18-59-screenshot.jpg","datePublished":"2023-03-19T21:48:45+00:00","dateModified":"2023-03-19T21:48:49+00:00","description":"O megainvestidor Warren Buffett conversou com equipe de Biden sobre a crise dos bancos na \u00faltima semana. Clique e veja o que foi falado.","breadcrumb":{"@id":"https:\/\/www.suno.com.br\/noticias\/warren-buffett-conversa-equipe-biden-crise-bancos\/#breadcrumb"},"inLanguage":"pt-BR","potentialAction":[{"@type":"ReadAction","target":["https:\/\/www.suno.com.br\/noticias\/warren-buffett-conversa-equipe-biden-crise-bancos\/"]}]},{"@type":"ImageObject","inLanguage":"pt-BR","@id":"https:\/\/www.suno.com.br\/noticias\/warren-buffett-conversa-equipe-biden-crise-bancos\/#primaryimage","url":"https:\/\/files.sunoresearch.com.br\/n\/uploads\/2023\/03\/Warren-Buffetts-Most-Iconic-Interview-Ever-_-Charlie-Rose-Show-18-59-screenshot.jpg","contentUrl":"https:\/\/files.sunoresearch.com.br\/n\/uploads\/2023\/03\/Warren-Buffetts-Most-Iconic-Interview-Ever-_-Charlie-Rose-Show-18-59-screenshot.jpg","width":1920,"height":1080,"caption":"Berkshire Hathaway (BERK34), de Warren Buffett. Foto: Reprodu\u00e7\u00e3o\/YouTube"},{"@type":"BreadcrumbList","@id":"https:\/\/www.suno.com.br\/noticias\/warren-buffett-conversa-equipe-biden-crise-bancos\/#breadcrumb","itemListElement":[{"@type":"ListItem","position":1,"name":"Not\u00edcias","item":"https:\/\/www.suno.com.br\/noticias\/"},{"@type":"ListItem","position":2,"name":"Neg\u00f3cios","item":"https:\/\/www.suno.com.br\/noticias\/negocios\/"},{"@type":"ListItem","position":3,"name":"Warren Buffett conversa com equipe de Biden sobre crise dos bancos; Veja o que foi falado"}]},{"@type":"WebSite","@id":"https:\/\/www.suno.com.br\/noticias\/#website","url":"https:\/\/www.suno.com.br\/noticias\/","name":"Suno Not\u00edcias","description":"Seu portal de informa\u00e7\u00e3o sobre o mundo dos investimentos","publisher":{"@id":"https:\/\/www.suno.com.br\/noticias\/#organization"},"potentialAction":[{"@type":"SearchAction","target":{"@type":"EntryPoint","urlTemplate":"https:\/\/www.suno.com.br\/noticias\/?s={search_term_string}"},"query-input":{"@type":"PropertyValueSpecification","valueRequired":true,"valueName":"search_term_string"}}],"inLanguage":"pt-BR"},{"@type":"Organization","@id":"https:\/\/www.suno.com.br\/noticias\/#organization","name":"Suno Not\u00edcias","url":"https:\/\/www.suno.com.br\/noticias\/","logo":{"@type":"ImageObject","inLanguage":"pt-BR","@id":"https:\/\/www.suno.com.br\/noticias\/#\/schema\/logo\/image\/","url":"https:\/\/files.sunoresearch.com.br\/n\/uploads\/2021\/09\/suno-logo.png","contentUrl":"https:\/\/files.sunoresearch.com.br\/n\/uploads\/2021\/09\/suno-logo.png","width":180,"height":180,"caption":"Suno Not\u00edcias"},"image":{"@id":"https:\/\/www.suno.com.br\/noticias\/#\/schema\/logo\/image\/"},"sameAs":["https:\/\/facebook.com\/sunoresearch","https:\/\/x.com\/sunoresearch","https:\/\/www.instagram.com\/suno","https:\/\/www.linkedin.com\/company\/suno-research\/","https:\/\/www.youtube.com\/c\/sunoresearch"]},{"@type":"Person","@id":"https:\/\/www.suno.com.br\/noticias\/#\/schema\/person\/87fc6973867c52dd884811905c43afba","name":"Jo\u00e3o Vitor","image":{"@type":"ImageObject","inLanguage":"pt-BR","@id":"https:\/\/www.suno.com.br\/noticias\/#\/schema\/person\/image\/","url":"https:\/\/secure.gravatar.com\/avatar\/2843227ca03ccf8cc7ccca45204c127e?s=96&r=g","contentUrl":"https:\/\/secure.gravatar.com\/avatar\/2843227ca03ccf8cc7ccca45204c127e?s=96&r=g","caption":"Jo\u00e3o Vitor"},"description":"Redator profissional, com atua\u00e7\u00e3o no mercado editorial na produ\u00e7\u00e3o de not\u00edcias e conte\u00fados sobre o mercado de a\u00e7\u00f5es, fundos imobili\u00e1rios e economia popular. Graduando em Engenharia Qu\u00edmica pela Unesp, tamb\u00e9m j\u00e1 atuou como consultor financeiro.","url":"https:\/\/www.suno.com.br\/noticias\/author\/joao-vitor-jacintho\/"}]}},"default_loop_html":"<div class=\"cardsPage__listCard__boxs\"><div class=\"cardsPage__listCard__boxs__img\"><a href=\"https:\/\/www.suno.com.br\/noticias\/warren-buffett-conversa-equipe-biden-crise-bancos\/\"><img class=\"mask\" src=\"https:\/\/www.suno.com.br\/noticias\/wp-content\/themes\/suno\/resources\/images\/spotlight\/spotlight1img\/bg-mask.png\" alt=\"Image Mask\"\/><img src=\"https:\/\/files.sunoresearch.com.br\/n\/uploads\/2023\/03\/Warren-Buffetts-Most-Iconic-Interview-Ever-_-Charlie-Rose-Show-18-59-screenshot-400x200.jpg\" alt=\"Warren Buffett conversa com equipe de Biden sobre crise dos bancos; Veja o que foi falado\"\/><\/a><span class=\"spotlightCategory\"><a href=\"https:\/\/www.suno.com.br\/noticias\/negocios\/\">Neg\u00f3cios<\/a><\/span><\/div><div class=\"cardsPage__listCard__boxs__content\"><a href=\"https:\/\/www.suno.com.br\/noticias\/warren-buffett-conversa-equipe-biden-crise-bancos\/\"><h2 class=\"content__title\">Warren Buffett conversa com equipe de Biden sobre crise dos bancos; Veja o que foi falado<\/h2><\/a><div class=\"newsContent__article__meta\"><div class=\"newsContent__article__meta__authorBox\"><a href=\"https:\/\/www.suno.com.br\/noticias\/author\/joao-vitor-jacintho\/\" class=\"authorBox__avatar noMobi\"><img src=\"https:\/\/secure.gravatar.com\/avatar\/2843227ca03ccf8cc7ccca45204c127e?s=96&#038;r=g\" alt=\"Jo\u00e3o Vitor Jacintho\"><\/a><div class=\"authorBox__name\"><span>por\n\t\t\t<a href=\"https:\/\/www.suno.com.br\/noticias\/author\/joao-vitor-jacintho\/\"><span itemprop=\"author\">Jo\u00e3o Vitor Jacintho<\/span><\/a><\/span><time datetime=\"2023-03-19T18:48:45-03:00\" itemprop=\"datePublished\">19\/03\/2023 18:48<\/time><\/div><\/div><\/div><\/div><\/div>","single_layout":"posts","amp_enabled":true,"_links":{"self":[{"href":"https:\/\/www.suno.com.br\/noticias\/wp-json\/wp\/v2\/posts\/378096"}],"collection":[{"href":"https:\/\/www.suno.com.br\/noticias\/wp-json\/wp\/v2\/posts"}],"about":[{"href":"https:\/\/www.suno.com.br\/noticias\/wp-json\/wp\/v2\/types\/post"}],"author":[{"embeddable":true,"href":"https:\/\/www.suno.com.br\/noticias\/wp-json\/wp\/v2\/users\/173"}],"replies":[{"embeddable":true,"href":"https:\/\/www.suno.com.br\/noticias\/wp-json\/wp\/v2\/comments?post=378096"}],"version-history":[{"count":3,"href":"https:\/\/www.suno.com.br\/noticias\/wp-json\/wp\/v2\/posts\/378096\/revisions"}],"predecessor-version":[{"id":378101,"href":"https:\/\/www.suno.com.br\/noticias\/wp-json\/wp\/v2\/posts\/378096\/revisions\/378101"}],"wp:featuredmedia":[{"embeddable":true,"href":"https:\/\/www.suno.com.br\/noticias\/wp-json\/wp\/v2\/media\/378097"}],"wp:attachment":[{"href":"https:\/\/www.suno.com.br\/noticias\/wp-json\/wp\/v2\/media?parent=378096"}],"wp:term":[{"taxonomy":"category","embeddable":true,"href":"https:\/\/www.suno.com.br\/noticias\/wp-json\/wp\/v2\/categories?post=378096"},{"taxonomy":"post_tag","embeddable":true,"href":"https:\/\/www.suno.com.br\/noticias\/wp-json\/wp\/v2\/tags?post=378096"},{"taxonomy":"suno_strategy","embeddable":true,"href":"https:\/\/www.suno.com.br\/noticias\/wp-json\/wp\/v2\/suno_strategy?post=378096"}],"curies":[{"name":"wp","href":"https:\/\/api.w.org\/{rel}","templated":true}]}}