{"id":37802,"date":"2019-09-17T09:40:38","date_gmt":"2019-09-17T12:40:38","guid":{"rendered":"https:\/\/www.suno.com.br\/noticias\/?p=37802"},"modified":"2019-09-17T09:40:38","modified_gmt":"2019-09-17T12:40:38","slug":"ibm-amazon-microsoft-ceo-nuvem","status":"publish","type":"post","link":"https:\/\/www.suno.com.br\/noticias\/ibm-amazon-microsoft-ceo-nuvem\/","title":{"rendered":"IBM n\u00e3o v\u00ea Amazon e Microsoft como concorrentes mas como aliadas, diz CEO"},"content":{"rendered":"<p>A diretora executiva da empresa de inform\u00e1tica IBM, <strong>Ginni Rometty<\/strong>, disse que <strong>Amazon<\/strong> e <strong>Microsoft<\/strong> n\u00e3o s\u00e3o vistas como concorrentes mas como aliadas.<\/p>\t<div class=\"wrapper-featured-image\">\n\t\t<figure class=\"spotlightImg\">\n\n\t\t\t<picture>\n\t\t\t\t<source media=\"(max-width: 768px)\" srcset=\"https:\/\/files.sunoresearch.com.br\/n\/uploads\/2018\/10\/55594bbb-ibm-redhat-1-720x405-400x200.webp\">\n\t\t\t\t<img loading=\"lazy\" decoding=\"async\" class=\"newsContent__article__imgCapa lazyloadDisabled newsContent__article__imgCapa--noCaption\" src=\"https:\/\/files.sunoresearch.com.br\/n\/uploads\/2018\/10\/55594bbb-ibm-redhat-1-720x405-jpg.webp\" width=\"800\" height=\"450\" alt=\"IBM n\u00e3o v\u00ea Amazon e Microsoft como concorrentes mas como aliadas, diz CEO\" fetchpriority=high \/>\n\t\t\t<\/picture>\n\n\t\t\t<figcaption class=\"wp-caption-text wp-caption-text--hide\">IBM n\u00e3o v\u00ea Amazon e Microsoft como concorrentes mas como aliadas, diz CEO<\/figcaption>\n\t\t<\/figure>\n\t<\/div>\n\n\n<p>De acordo com Rometty, a<strong> IBM<\/strong> pretende fazer parceria com as duas empresas gigantes em tecnologia. A companhia planeja oferecer assist\u00eancia aos clientes da Amazon e da Microsoft para a transfer\u00eancia de dados confidenciais para a <strong>nuvem<\/strong>.<\/p>\n\n<p>Rometty ressaltou em entrevista \u00e0 ag\u00eancia de not\u00edcias &#8220;Bloomberg&#8221; que por muito tempo a IBM desejou competir em igualdade com suas concorrentes. No entanto, atualmente, reconhecem que a empresa teve de ser reinventada.<\/p>\n<p>&#8220;Esta empresa teve que ser reinventada muitas vezes. \u00c9 algo que muitas outras empresas ainda precisam enfrenar. Uma coisa \u00e9 lan\u00e7ar produtos, mas outra coisa \u00e9 quando o cen\u00e1rio competitivo ataca seus principais modelos de neg\u00f3cios e voc\u00ea precisa desenvolver um novo&#8221;, salientou Rometty.<\/p>\n<p>Desse modo, a empresa de inform\u00e1tica que adquiriu a companhia de softwares, Red Hat, informou que tem como estrat\u00e9gia a cria\u00e7\u00e3o de uma nuvem h\u00edbrida. &#8220;Temos concorr\u00eancia e coopera\u00e7\u00e3o e, neste caso, a Red Hat \u00e9 uma plataforma que abrange tudo isso&#8221;, ressaltou a diretora.<\/p>\n<h2>IBM finaliza compra da Red Hat por US$ 34 bilh\u00f5es<\/h2>\n<p>A IBM adquiriu a Red Hat\u00a0por US$ 34 bilh\u00f5es (US$ 190 por a\u00e7\u00e3o). A compra foi realizada em julho deste ano.<\/p>\n<p>De acordo com a\u00a0 Ginni Rometty, a empresa &#8220;se transformar\u00e1 no fornecedor de computa\u00e7\u00e3o em nuvem h\u00edbrida n\u00famero 1 do mundo, oferecendo \u00e0s empresas a \u00fanica solu\u00e7\u00e3o de computa\u00e7\u00e3o em nuvem aberta que desbloquear\u00e1 todo o valor da nuvem para seus neg\u00f3cios&#8221;.<\/p>\n<p><a href=\"\/\/www.suno.com.br\/noticias\/ibm-centro-tecnologia-brasil-fapesp\/\">Confira Tamb\u00e9m: IBM vai abrir centro de tecnologia no Brasil em parceria com a Fapesp<\/a><\/p>\n<p>A Red Hat \u00e9 reconhecida por seus softwares de c\u00f3digo aberto e por ser uma pot\u00eancia em solu\u00e7\u00f5es para nuvens. A expectativa da IBM, na \u00e9poca da aquisi\u00e7\u00e3o era competir com empresas do mesmo setor, como a plataforma Amazon Web Services.<\/p>\n\t<p>\n\t\t<a href=\"https:\/\/lp.suno.com.br\/lm\/simulador-de-renda-passiva\/\" target=\"_blank\" data-element=\"shortcode-suno-banner\" title=\"Banner SUNO, clique e saiba mais\">\n\t\t\t<picture>\n\t\t\t\t<source media=\"(max-width: 500px)\" srcset=\"https:\/\/files.sunoresearch.com.br\/n\/uploads\/2024\/04\/Lead-Magnet-400x300-1.png\">\n\t\t\t\t<img class=\"newsContent__article__imgCapa newsContent__article__imgCapa--banner\"\n\t\t\t\t\tsrc=\"https:\/\/files.sunoresearch.com.br\/n\/uploads\/2024\/04\/Lead-Magnet-1420x240-1.png\"\n\t\t\t\t\tdata-promo-id=\"543552\"\t\t\t\t\t\t\t\t\t\twidth='1420' height='240'\t\t\t\t\talt=\"https:\/\/files.sunoresearch.com.br\/n\/uploads\/2024\/04\/Lead-Magnet-1420x240-1.png\"\n\t\t\t\t>\n\t\t\t<\/picture>\n\t\t<\/a>\n\t<\/p>\n\n\n<p>Mas diferente da Amazon, que prioriza apenas aplica\u00e7\u00f5es nas nuvens, a<strong> IBM<\/strong> priorizaria aplica\u00e7\u00f5es nas nuvens mas tamb\u00e9m em plataformas de Cloud. Para a empresa, essa \u00e9 a estrat\u00e9gia do mercado. &#8220;A nuvem h\u00edbrida n\u00e3o \u00e9 um destino tempor\u00e1rio, \u00e9 o destino&#8221;, disse Rometty.<\/p>\n","protected":false},"excerpt":{"rendered":"<p>A diretora executiva da empresa de inform\u00e1tica IBM, Ginni Rometty, disse que Amazon e Microsoft n\u00e3o s\u00e3o vistas como concorrentes mas como aliadas. IBM n\u00e3o v\u00ea Amazon e Microsoft como concorrentes mas como aliadas, diz CEO De acordo com Rometty, a IBM pretende fazer parceria com as duas empresas gigantes em tecnologia. A companhia planeja [&hellip;]<\/p>\n","protected":false},"author":15,"featured_media":5834,"comment_status":"closed","ping_status":"closed","sticky":false,"template":"","format":"standard","meta":[],"categories":[64],"tags":[694,953,688],"suno_strategy":[],"class_list":["post-37802","post","type-post","status-publish","format-standard","has-post-thumbnail","hentry","category-negocios","tag-amazon-amzo34","tag-ibm-ibmb34","tag-microsoft-msft34"],"yoast_head":"<!-- This site is optimized with the Yoast SEO plugin v24.4 - https:\/\/yoast.com\/wordpress\/plugins\/seo\/ -->\n<title>Amazon e Microsoft n\u00e3o s\u00e3o concorrentes da IBM, diz CEO<\/title>\n<meta name=\"description\" content=\"IBM planeja oferecer assist\u00eancia aos clientes da Amazon e da Microsoft para a transfer\u00eancia de dados confidenciais para a nuvem.\u00a0Clique aqui\" \/>\n<meta name=\"robots\" content=\"index, follow, max-snippet:-1, max-image-preview:large, max-video-preview:-1\" \/>\n<link rel=\"canonical\" href=\"https:\/\/www.suno.com.br\/noticias\/ibm-amazon-microsoft-ceo-nuvem\/\" \/>\n<meta property=\"og:locale\" content=\"pt_BR\" \/>\n<meta property=\"og:type\" content=\"article\" \/>\n<meta property=\"og:title\" content=\"Amazon e Microsoft n\u00e3o s\u00e3o concorrentes da IBM, diz CEO\" \/>\n<meta property=\"og:description\" content=\"IBM planeja oferecer assist\u00eancia aos clientes da Amazon e da Microsoft para a transfer\u00eancia de dados confidenciais para a nuvem.\u00a0Clique aqui\" \/>\n<meta property=\"og:url\" content=\"https:\/\/www.suno.com.br\/noticias\/ibm-amazon-microsoft-ceo-nuvem\/\" \/>\n<meta property=\"og:site_name\" content=\"Suno Not\u00edcias\" \/>\n<meta property=\"article:publisher\" content=\"https:\/\/facebook.com\/sunoresearch\" \/>\n<meta property=\"og:image\" content=\"https:\/\/files.sunoresearch.com.br\/n\/uploads\/2018\/10\/55594bbb-ibm-redhat-1-720x405.jpg\" \/>\n\t<meta property=\"og:image:width\" content=\"720\" \/>\n\t<meta property=\"og:image:height\" content=\"405\" \/>\n\t<meta property=\"og:image:type\" content=\"image\/jpeg\" \/>\n<meta name=\"author\" content=\"Poliana Santos\" \/>\n<meta name=\"twitter:card\" content=\"summary_large_image\" \/>\n<meta name=\"twitter:creator\" content=\"@sunoresearch\" \/>\n<meta name=\"twitter:site\" content=\"@sunoresearch\" \/>\n<meta name=\"twitter:label1\" content=\"Escrito por\" \/>\n\t<meta name=\"twitter:data1\" content=\"Poliana Santos\" \/>\n\t<meta name=\"twitter:label2\" content=\"Est. tempo de leitura\" \/>\n\t<meta name=\"twitter:data2\" content=\"2 minutos\" \/>\n<script type=\"application\/ld+json\" class=\"yoast-schema-graph\">{\"@context\":\"https:\/\/schema.org\",\"@graph\":[{\"@type\":\"NewsArticle\",\"@id\":\"https:\/\/www.suno.com.br\/noticias\/ibm-amazon-microsoft-ceo-nuvem\/#article\",\"isPartOf\":{\"@id\":\"https:\/\/www.suno.com.br\/noticias\/ibm-amazon-microsoft-ceo-nuvem\/\"},\"author\":{\"name\":\"Poliana Santos\",\"@id\":\"https:\/\/www.suno.com.br\/noticias\/#\/schema\/person\/02ec1f752758247878a2bf4abee1aeda\"},\"headline\":\"IBM n\u00e3o v\u00ea Amazon e Microsoft como concorrentes mas como aliadas, diz CEO\",\"datePublished\":\"2019-09-17T12:40:38+00:00\",\"mainEntityOfPage\":{\"@id\":\"https:\/\/www.suno.com.br\/noticias\/ibm-amazon-microsoft-ceo-nuvem\/\"},\"wordCount\":399,\"publisher\":{\"@id\":\"https:\/\/www.suno.com.br\/noticias\/#organization\"},\"image\":{\"@id\":\"https:\/\/www.suno.com.br\/noticias\/ibm-amazon-microsoft-ceo-nuvem\/#primaryimage\"},\"thumbnailUrl\":\"https:\/\/files.sunoresearch.com.br\/n\/uploads\/2018\/10\/55594bbb-ibm-redhat-1-720x405-jpg.webp\",\"keywords\":[\"Amazon (AMZO34)\",\"IBM (IBMB34)\",\"Microsoft (MSFT34)\"],\"articleSection\":[\"Neg\u00f3cios\"],\"inLanguage\":\"pt-BR\"},{\"@type\":\"WebPage\",\"@id\":\"https:\/\/www.suno.com.br\/noticias\/ibm-amazon-microsoft-ceo-nuvem\/\",\"url\":\"https:\/\/www.suno.com.br\/noticias\/ibm-amazon-microsoft-ceo-nuvem\/\",\"name\":\"Amazon e Microsoft n\u00e3o s\u00e3o concorrentes da IBM, diz CEO\",\"isPartOf\":{\"@id\":\"https:\/\/www.suno.com.br\/noticias\/#website\"},\"primaryImageOfPage\":{\"@id\":\"https:\/\/www.suno.com.br\/noticias\/ibm-amazon-microsoft-ceo-nuvem\/#primaryimage\"},\"image\":{\"@id\":\"https:\/\/www.suno.com.br\/noticias\/ibm-amazon-microsoft-ceo-nuvem\/#primaryimage\"},\"thumbnailUrl\":\"https:\/\/files.sunoresearch.com.br\/n\/uploads\/2018\/10\/55594bbb-ibm-redhat-1-720x405-jpg.webp\",\"datePublished\":\"2019-09-17T12:40:38+00:00\",\"description\":\"IBM planeja oferecer assist\u00eancia aos clientes da Amazon e da Microsoft para a transfer\u00eancia de dados confidenciais para a nuvem.\u00a0Clique aqui\",\"breadcrumb\":{\"@id\":\"https:\/\/www.suno.com.br\/noticias\/ibm-amazon-microsoft-ceo-nuvem\/#breadcrumb\"},\"inLanguage\":\"pt-BR\",\"potentialAction\":[{\"@type\":\"ReadAction\",\"target\":[\"https:\/\/www.suno.com.br\/noticias\/ibm-amazon-microsoft-ceo-nuvem\/\"]}]},{\"@type\":\"ImageObject\",\"inLanguage\":\"pt-BR\",\"@id\":\"https:\/\/www.suno.com.br\/noticias\/ibm-amazon-microsoft-ceo-nuvem\/#primaryimage\",\"url\":\"https:\/\/files.sunoresearch.com.br\/n\/uploads\/2018\/10\/55594bbb-ibm-redhat-1-720x405-jpg.webp\",\"contentUrl\":\"https:\/\/files.sunoresearch.com.br\/n\/uploads\/2018\/10\/55594bbb-ibm-redhat-1-720x405-jpg.webp\",\"width\":720,\"height\":405,\"caption\":\"IBM n\u00e3o v\u00ea Amazon e Microsoft como concorrentes mas como aliadas, diz CEO\"},{\"@type\":\"BreadcrumbList\",\"@id\":\"https:\/\/www.suno.com.br\/noticias\/ibm-amazon-microsoft-ceo-nuvem\/#breadcrumb\",\"itemListElement\":[{\"@type\":\"ListItem\",\"position\":1,\"name\":\"Not\u00edcias\",\"item\":\"https:\/\/www.suno.com.br\/noticias\/\"},{\"@type\":\"ListItem\",\"position\":2,\"name\":\"Neg\u00f3cios\",\"item\":\"https:\/\/www.suno.com.br\/noticias\/negocios\/\"},{\"@type\":\"ListItem\",\"position\":3,\"name\":\"IBM n\u00e3o v\u00ea Amazon e Microsoft como concorrentes mas como aliadas, diz CEO\"}]},{\"@type\":\"WebSite\",\"@id\":\"https:\/\/www.suno.com.br\/noticias\/#website\",\"url\":\"https:\/\/www.suno.com.br\/noticias\/\",\"name\":\"Suno Not\u00edcias\",\"description\":\"Seu portal de informa\u00e7\u00e3o sobre o mundo dos investimentos\",\"publisher\":{\"@id\":\"https:\/\/www.suno.com.br\/noticias\/#organization\"},\"potentialAction\":[{\"@type\":\"SearchAction\",\"target\":{\"@type\":\"EntryPoint\",\"urlTemplate\":\"https:\/\/www.suno.com.br\/noticias\/?s={search_term_string}\"},\"query-input\":{\"@type\":\"PropertyValueSpecification\",\"valueRequired\":true,\"valueName\":\"search_term_string\"}}],\"inLanguage\":\"pt-BR\"},{\"@type\":\"Organization\",\"@id\":\"https:\/\/www.suno.com.br\/noticias\/#organization\",\"name\":\"Suno Not\u00edcias\",\"url\":\"https:\/\/www.suno.com.br\/noticias\/\",\"logo\":{\"@type\":\"ImageObject\",\"inLanguage\":\"pt-BR\",\"@id\":\"https:\/\/www.suno.com.br\/noticias\/#\/schema\/logo\/image\/\",\"url\":\"https:\/\/files.sunoresearch.com.br\/n\/uploads\/2021\/09\/suno-logo.png\",\"contentUrl\":\"https:\/\/files.sunoresearch.com.br\/n\/uploads\/2021\/09\/suno-logo.png\",\"width\":180,\"height\":180,\"caption\":\"Suno Not\u00edcias\"},\"image\":{\"@id\":\"https:\/\/www.suno.com.br\/noticias\/#\/schema\/logo\/image\/\"},\"sameAs\":[\"https:\/\/facebook.com\/sunoresearch\",\"https:\/\/x.com\/sunoresearch\",\"https:\/\/www.instagram.com\/suno\",\"https:\/\/www.linkedin.com\/company\/suno-research\/\",\"https:\/\/www.youtube.com\/c\/sunoresearch\"]},{\"@type\":\"Person\",\"@id\":\"https:\/\/www.suno.com.br\/noticias\/#\/schema\/person\/02ec1f752758247878a2bf4abee1aeda\",\"name\":\"Poliana Santos\",\"image\":{\"@type\":\"ImageObject\",\"inLanguage\":\"pt-BR\",\"@id\":\"https:\/\/www.suno.com.br\/noticias\/#\/schema\/person\/image\/\",\"url\":\"https:\/\/secure.gravatar.com\/avatar\/0645bd32f23d87b2130f2b2dff1d3f8d?s=96&r=g\",\"contentUrl\":\"https:\/\/secure.gravatar.com\/avatar\/0645bd32f23d87b2130f2b2dff1d3f8d?s=96&r=g\",\"caption\":\"Poliana Santos\"},\"description\":\"Rep\u00f3rter no Suno Not\u00edcias, com cobertura em mercado financeiro, economia, finan\u00e7as pessoais, renda fixa e varejo. Jornalista formada pela Faculdade C\u00e1sper L\u00edbero e possui passagem na R\u00e1dio Gazeta AM com a produ\u00e7\u00e3o de conte\u00fado sobre economia, pol\u00edtica, sa\u00fade, moda e m\u00fasica. Possui certificado de conclus\u00e3o do curso de An\u00e1lise de Balan\u00e7os pela Funda\u00e7\u00e3o Bradesco, Agenda Brasil pela FAAP, Educa\u00e7\u00e3o Pol\u00edtica por Alexandre Garcia e do Tesouro Direto e Mercado de A\u00e7\u00f5es pela B3.\",\"url\":\"https:\/\/www.suno.com.br\/noticias\/author\/poliana-santos\/\"}]}<\/script>\n<!-- \/ Yoast SEO plugin. -->","yoast_head_json":{"title":"Amazon e Microsoft n\u00e3o s\u00e3o concorrentes da IBM, diz CEO","description":"IBM planeja oferecer assist\u00eancia aos clientes da Amazon e da Microsoft para a transfer\u00eancia de dados confidenciais para a nuvem.\u00a0Clique aqui","robots":{"index":"index","follow":"follow","max-snippet":"max-snippet:-1","max-image-preview":"max-image-preview:large","max-video-preview":"max-video-preview:-1"},"canonical":"https:\/\/www.suno.com.br\/noticias\/ibm-amazon-microsoft-ceo-nuvem\/","og_locale":"pt_BR","og_type":"article","og_title":"Amazon e Microsoft n\u00e3o s\u00e3o concorrentes da IBM, diz CEO","og_description":"IBM planeja oferecer assist\u00eancia aos clientes da Amazon e da Microsoft para a transfer\u00eancia de dados confidenciais para a nuvem.\u00a0Clique aqui","og_url":"https:\/\/www.suno.com.br\/noticias\/ibm-amazon-microsoft-ceo-nuvem\/","og_site_name":"Suno Not\u00edcias","article_publisher":"https:\/\/facebook.com\/sunoresearch","og_image":[{"width":720,"height":405,"url":"https:\/\/files.sunoresearch.com.br\/n\/uploads\/2018\/10\/55594bbb-ibm-redhat-1-720x405.jpg","type":"image\/jpeg"}],"author":"Poliana Santos","twitter_card":"summary_large_image","twitter_creator":"@sunoresearch","twitter_site":"@sunoresearch","twitter_misc":{"Escrito por":"Poliana Santos","Est. tempo de leitura":"2 minutos"},"schema":{"@context":"https:\/\/schema.org","@graph":[{"@type":"NewsArticle","@id":"https:\/\/www.suno.com.br\/noticias\/ibm-amazon-microsoft-ceo-nuvem\/#article","isPartOf":{"@id":"https:\/\/www.suno.com.br\/noticias\/ibm-amazon-microsoft-ceo-nuvem\/"},"author":{"name":"Poliana Santos","@id":"https:\/\/www.suno.com.br\/noticias\/#\/schema\/person\/02ec1f752758247878a2bf4abee1aeda"},"headline":"IBM n\u00e3o v\u00ea Amazon e Microsoft como concorrentes mas como aliadas, diz CEO","datePublished":"2019-09-17T12:40:38+00:00","mainEntityOfPage":{"@id":"https:\/\/www.suno.com.br\/noticias\/ibm-amazon-microsoft-ceo-nuvem\/"},"wordCount":399,"publisher":{"@id":"https:\/\/www.suno.com.br\/noticias\/#organization"},"image":{"@id":"https:\/\/www.suno.com.br\/noticias\/ibm-amazon-microsoft-ceo-nuvem\/#primaryimage"},"thumbnailUrl":"https:\/\/files.sunoresearch.com.br\/n\/uploads\/2018\/10\/55594bbb-ibm-redhat-1-720x405-jpg.webp","keywords":["Amazon (AMZO34)","IBM (IBMB34)","Microsoft (MSFT34)"],"articleSection":["Neg\u00f3cios"],"inLanguage":"pt-BR"},{"@type":"WebPage","@id":"https:\/\/www.suno.com.br\/noticias\/ibm-amazon-microsoft-ceo-nuvem\/","url":"https:\/\/www.suno.com.br\/noticias\/ibm-amazon-microsoft-ceo-nuvem\/","name":"Amazon e Microsoft n\u00e3o s\u00e3o concorrentes da IBM, diz CEO","isPartOf":{"@id":"https:\/\/www.suno.com.br\/noticias\/#website"},"primaryImageOfPage":{"@id":"https:\/\/www.suno.com.br\/noticias\/ibm-amazon-microsoft-ceo-nuvem\/#primaryimage"},"image":{"@id":"https:\/\/www.suno.com.br\/noticias\/ibm-amazon-microsoft-ceo-nuvem\/#primaryimage"},"thumbnailUrl":"https:\/\/files.sunoresearch.com.br\/n\/uploads\/2018\/10\/55594bbb-ibm-redhat-1-720x405-jpg.webp","datePublished":"2019-09-17T12:40:38+00:00","description":"IBM planeja oferecer assist\u00eancia aos clientes da Amazon e da Microsoft para a transfer\u00eancia de dados confidenciais para a nuvem.\u00a0Clique aqui","breadcrumb":{"@id":"https:\/\/www.suno.com.br\/noticias\/ibm-amazon-microsoft-ceo-nuvem\/#breadcrumb"},"inLanguage":"pt-BR","potentialAction":[{"@type":"ReadAction","target":["https:\/\/www.suno.com.br\/noticias\/ibm-amazon-microsoft-ceo-nuvem\/"]}]},{"@type":"ImageObject","inLanguage":"pt-BR","@id":"https:\/\/www.suno.com.br\/noticias\/ibm-amazon-microsoft-ceo-nuvem\/#primaryimage","url":"https:\/\/files.sunoresearch.com.br\/n\/uploads\/2018\/10\/55594bbb-ibm-redhat-1-720x405-jpg.webp","contentUrl":"https:\/\/files.sunoresearch.com.br\/n\/uploads\/2018\/10\/55594bbb-ibm-redhat-1-720x405-jpg.webp","width":720,"height":405,"caption":"IBM n\u00e3o v\u00ea Amazon e Microsoft como concorrentes mas como aliadas, diz CEO"},{"@type":"BreadcrumbList","@id":"https:\/\/www.suno.com.br\/noticias\/ibm-amazon-microsoft-ceo-nuvem\/#breadcrumb","itemListElement":[{"@type":"ListItem","position":1,"name":"Not\u00edcias","item":"https:\/\/www.suno.com.br\/noticias\/"},{"@type":"ListItem","position":2,"name":"Neg\u00f3cios","item":"https:\/\/www.suno.com.br\/noticias\/negocios\/"},{"@type":"ListItem","position":3,"name":"IBM n\u00e3o v\u00ea Amazon e Microsoft como concorrentes mas como aliadas, diz CEO"}]},{"@type":"WebSite","@id":"https:\/\/www.suno.com.br\/noticias\/#website","url":"https:\/\/www.suno.com.br\/noticias\/","name":"Suno Not\u00edcias","description":"Seu portal de informa\u00e7\u00e3o sobre o mundo dos investimentos","publisher":{"@id":"https:\/\/www.suno.com.br\/noticias\/#organization"},"potentialAction":[{"@type":"SearchAction","target":{"@type":"EntryPoint","urlTemplate":"https:\/\/www.suno.com.br\/noticias\/?s={search_term_string}"},"query-input":{"@type":"PropertyValueSpecification","valueRequired":true,"valueName":"search_term_string"}}],"inLanguage":"pt-BR"},{"@type":"Organization","@id":"https:\/\/www.suno.com.br\/noticias\/#organization","name":"Suno Not\u00edcias","url":"https:\/\/www.suno.com.br\/noticias\/","logo":{"@type":"ImageObject","inLanguage":"pt-BR","@id":"https:\/\/www.suno.com.br\/noticias\/#\/schema\/logo\/image\/","url":"https:\/\/files.sunoresearch.com.br\/n\/uploads\/2021\/09\/suno-logo.png","contentUrl":"https:\/\/files.sunoresearch.com.br\/n\/uploads\/2021\/09\/suno-logo.png","width":180,"height":180,"caption":"Suno Not\u00edcias"},"image":{"@id":"https:\/\/www.suno.com.br\/noticias\/#\/schema\/logo\/image\/"},"sameAs":["https:\/\/facebook.com\/sunoresearch","https:\/\/x.com\/sunoresearch","https:\/\/www.instagram.com\/suno","https:\/\/www.linkedin.com\/company\/suno-research\/","https:\/\/www.youtube.com\/c\/sunoresearch"]},{"@type":"Person","@id":"https:\/\/www.suno.com.br\/noticias\/#\/schema\/person\/02ec1f752758247878a2bf4abee1aeda","name":"Poliana Santos","image":{"@type":"ImageObject","inLanguage":"pt-BR","@id":"https:\/\/www.suno.com.br\/noticias\/#\/schema\/person\/image\/","url":"https:\/\/secure.gravatar.com\/avatar\/0645bd32f23d87b2130f2b2dff1d3f8d?s=96&r=g","contentUrl":"https:\/\/secure.gravatar.com\/avatar\/0645bd32f23d87b2130f2b2dff1d3f8d?s=96&r=g","caption":"Poliana Santos"},"description":"Rep\u00f3rter no Suno Not\u00edcias, com cobertura em mercado financeiro, economia, finan\u00e7as pessoais, renda fixa e varejo. Jornalista formada pela Faculdade C\u00e1sper L\u00edbero e possui passagem na R\u00e1dio Gazeta AM com a produ\u00e7\u00e3o de conte\u00fado sobre economia, pol\u00edtica, sa\u00fade, moda e m\u00fasica. Possui certificado de conclus\u00e3o do curso de An\u00e1lise de Balan\u00e7os pela Funda\u00e7\u00e3o Bradesco, Agenda Brasil pela FAAP, Educa\u00e7\u00e3o Pol\u00edtica por Alexandre Garcia e do Tesouro Direto e Mercado de A\u00e7\u00f5es pela B3.","url":"https:\/\/www.suno.com.br\/noticias\/author\/poliana-santos\/"}]}},"default_loop_html":"<div class=\"cardsPage__listCard__boxs\"><div class=\"cardsPage__listCard__boxs__img\"><a href=\"https:\/\/www.suno.com.br\/noticias\/ibm-amazon-microsoft-ceo-nuvem\/\"><img class=\"mask\" src=\"https:\/\/www.suno.com.br\/noticias\/wp-content\/themes\/suno\/resources\/images\/spotlight\/spotlight1img\/bg-mask.png\" alt=\"Image Mask\"\/><img src=\"https:\/\/files.sunoresearch.com.br\/n\/uploads\/2018\/10\/55594bbb-ibm-redhat-1-720x405-400x200.webp\" alt=\"IBM n\u00e3o v\u00ea Amazon e Microsoft como concorrentes mas como aliadas, diz CEO\"\/><\/a><span class=\"spotlightCategory\"><a href=\"https:\/\/www.suno.com.br\/noticias\/negocios\/\">Neg\u00f3cios<\/a><\/span><\/div><div class=\"cardsPage__listCard__boxs__content\"><a href=\"https:\/\/www.suno.com.br\/noticias\/ibm-amazon-microsoft-ceo-nuvem\/\"><h2 class=\"content__title\">IBM n\u00e3o v\u00ea Amazon e Microsoft como concorrentes mas como aliadas, diz CEO<\/h2><\/a><div class=\"newsContent__article__meta\"><div class=\"newsContent__article__meta__authorBox\"><a href=\"https:\/\/www.suno.com.br\/noticias\/author\/poliana-santos\/\" class=\"authorBox__avatar noMobi\"><img src=\"https:\/\/files.sunoresearch.com.br\/n\/uploads\/2020\/08\/7ef34026-whatsapp-image-2020-08-03-at-12.37.57-150x150.webp\" alt=\"Poliana Santos\"><\/a><div class=\"authorBox__name\"><span>por\n\t\t\t<a href=\"https:\/\/www.suno.com.br\/noticias\/author\/poliana-santos\/\"><span itemprop=\"author\">Poliana Santos<\/span><\/a><\/span><time datetime=\"2019-09-17T09:40:38-03:00\" itemprop=\"datePublished\">17\/09\/2019 09:40<\/time><\/div><\/div><\/div><\/div><\/div>","single_layout":"posts","amp_enabled":true,"_links":{"self":[{"href":"https:\/\/www.suno.com.br\/noticias\/wp-json\/wp\/v2\/posts\/37802"}],"collection":[{"href":"https:\/\/www.suno.com.br\/noticias\/wp-json\/wp\/v2\/posts"}],"about":[{"href":"https:\/\/www.suno.com.br\/noticias\/wp-json\/wp\/v2\/types\/post"}],"author":[{"embeddable":true,"href":"https:\/\/www.suno.com.br\/noticias\/wp-json\/wp\/v2\/users\/15"}],"replies":[{"embeddable":true,"href":"https:\/\/www.suno.com.br\/noticias\/wp-json\/wp\/v2\/comments?post=37802"}],"version-history":[{"count":0,"href":"https:\/\/www.suno.com.br\/noticias\/wp-json\/wp\/v2\/posts\/37802\/revisions"}],"wp:featuredmedia":[{"embeddable":true,"href":"https:\/\/www.suno.com.br\/noticias\/wp-json\/wp\/v2\/media\/5834"}],"wp:attachment":[{"href":"https:\/\/www.suno.com.br\/noticias\/wp-json\/wp\/v2\/media?parent=37802"}],"wp:term":[{"taxonomy":"category","embeddable":true,"href":"https:\/\/www.suno.com.br\/noticias\/wp-json\/wp\/v2\/categories?post=37802"},{"taxonomy":"post_tag","embeddable":true,"href":"https:\/\/www.suno.com.br\/noticias\/wp-json\/wp\/v2\/tags?post=37802"},{"taxonomy":"suno_strategy","embeddable":true,"href":"https:\/\/www.suno.com.br\/noticias\/wp-json\/wp\/v2\/suno_strategy?post=37802"}],"curies":[{"name":"wp","href":"https:\/\/api.w.org\/{rel}","templated":true}]}}