{"id":377991,"date":"2023-03-18T16:53:51","date_gmt":"2023-03-18T19:53:51","guid":{"rendered":"https:\/\/www.suno.com.br\/noticias\/?p=377991"},"modified":"2023-03-18T16:53:56","modified_gmt":"2023-03-18T19:53:56","slug":"cyrela-cyre3-dividendos-extraordinarios-2023","status":"publish","type":"post","link":"https:\/\/www.suno.com.br\/noticias\/cyrela-cyre3-dividendos-extraordinarios-2023\/","title":{"rendered":"Cyrela (CYRE3) avalia pagamento de dividendos extraordin\u00e1rios em 2023"},"content":{"rendered":"<p>Em teleconfer\u00eancia sobre os resultados de 2022, a <a class=\"suno-keyword\" data-force=\"yes\" data-priority=\"2\" href=\"https:\/\/www.suno.com.br\/acoes\/CYRE3\/\" target=\"_blank\" rel=\"noopener\"><strong>Cyrela <\/strong>(CYRE3)<\/a> ainda avalia pagar <a class=\"suno-keyword\" data-force=\"no\" data-priority=\"1\" href=\"https:\/\/www.suno.com.br\/guias\/dividendos\/\" target=\"_blank\" rel=\"noopener\">dividendos<\/a> extraordin\u00e1rios aos seus acionistas no exerc\u00edcio deste ano.<\/p><div class=\"videoFull \">\n\t\t\t<div class=\"videoWrapper yt-lazyload center\"\n\t\t\t\tdata-width=\"960\"\n\t\t\t\tdata-height=\"540\"\n\t\t\t\tdata-id=\"GVrb5bcOY68\"\n\t\t\t\tdata-alt=\"V\u00eddeo do YouTube - clique para reproduzir\"\n\t\t\t\tdata-logo=\"3\"\n\t\t\t\tdata-imagequality=\"maxres\">\n\t\t\t<\/div>\n\t\t<\/div><script type=\"application\/ld+json\">{\"@context\":\"https:\/\/schema.org\",\"@type\":\"VideoObject\",\"name\":\"Credit Suisse vai falir? Entenda o que est\u00e1 acontecendo | Suno Not\u00edcias\",\"description\":\"A vida do Credit Suisse n\u00e3o est\u00e1 f\u00e1cil nos \u00faltimos anos. Esc\u00e2ndalos financeiros, investimentos que deram errado, trocas de lideran\u00e7a e agora uma poss\u00edvel crise de liquidez que fizeram as a\u00e7\u00f5es do banco europeu, um dos maiores do mundo, atingirem uma baixa hist\u00f3rica. Mas o que aconteceu nos \u00faltimos dias que fez com que o\u2026\",\"duration\":\"PT4M20S\",\"embedUrl\":\"https:\/\/www.youtube.com\/embed\/GVrb5bcOY68\",\"regionsAllowed\":\"pt-BR\",\"interactionStatistic\":{\"@type\":\"InteractionCounter\",\"interactionType\":{\"@type\":\"WatchAction\"},\"userInteractionCount\":1591},\"thumbnailUrl\":\"https:\/\/i.ytimg.com\/vi\/GVrb5bcOY68\/default.jpg\",\"uploadDate\":\"2023-03-17T17:00:09Z\"}<\/script>\n\n\n\n\n\t<p>\n\t\t<a href=\"\" target=\"_blank\" data-element=\"shortcode-suno-banner\" title=\"Banner SUNO, clique e saiba mais\">\n\t\t\t<picture>\n\t\t\t\t<source media=\"(max-width: 500px)\" srcset=\"\">\n\t\t\t\t<img class=\"newsContent__article__imgCapa newsContent__article__imgCapa--banner\"\n\t\t\t\t\tsrc=\"\"\n\t\t\t\t\tdata-promo-id=\"138420\"\t\t\t\t\t\t\t\t\t\t\t\t\t\t\talt=\"\"\n\t\t\t\t>\n\t\t\t<\/picture>\n\t\t<\/a>\n\t<\/p>\n\n\n\n\n\n<p>Apesar disso, as distribui\u00e7\u00f5es de <strong>dividendos da Cyrela<\/strong> referentes ao exerc\u00edcio de 2022 ser\u00e3o as obrigat\u00f3rias, com R$ 192 milh\u00f5es.<\/p>\n\n\n\n<p>\u201cAcabamos n\u00e3o fazendo ano passado [distribui\u00e7\u00e3ode <a class=\"suno-keyword\" target=\"_blank\" data-force=\"no\" data-priority=\"1\" href=\"https:\/\/www.suno.com.br\/guias\/dividendos\/\" rel=\"noopener\">dividendos<\/a> extraordin\u00e1rios] porque o mercado estava mais dif\u00edcil, com muita incerteza\u201d, disse o CFO, Miguel Mickelberg.<\/p>\n\n\n\n<p>\u201cA gente resolveu ser mais conservador (em 2022) e segurar esse caixa aqui dentro, mas vamos acompanhando ao longo desse ano e se a gente ver que as condi\u00e7\u00f5es do mercado est\u00e3o boas, podemos vir a pagar dividendos extraordin\u00e1rios\u201d, seguiu.<\/p>\n\n\n\n<p>O CFO tamb\u00e9m destacou que o cen\u00e1rio de custos de constru\u00e7\u00e3o civil mostra estabilidade, sem aumentos nos insumos e sem indicativos de que isso possa mudar.<\/p>\n\n\n\n<p>Segundo Mickelberg, a Cyrela tem conseguido operar com custo pr\u00f3ximo do INCC (\u00cdndice Nacional de Custo da Constru\u00e7\u00e3o) &#8211; o executivo ressaltou em teleconfer\u00eancia que considera o \u00edndice &#8220;muito baixo&#8221;.<\/p>\n\n\n\n<p>Executivos da companhia destacaram o cen\u00e1rio &#8220;desafiador&#8221; no momento atual, se assemelhando com o ano de 2022.<\/p>\n\n\n\n<p>&#8220;Ainda torcemos para que isso melhore. A gente n\u00e3o sentiu ainda 2023 pior do que 2022&#8221;, disse o CEO, Raphael Horn.<\/p>\n\n\n\n<p>Al\u00e9m disso, o executivo criticou as companhas de vendas de estoques de concorrentes do setor, destacando que a Cyrela &#8220;tenta precificar o melhor poss\u00edvel, dentro das condi\u00e7\u00f5es de mercado&#8221;.<\/p>\n\n\n\t<p>\n\t\t<a href=\"https:\/\/lp.suno.com.br\/planilha-controle-gastos\/\" target=\"_blank\" data-element=\"shortcode-suno-banner\" title=\"Banner SUNO, clique e saiba mais\">\n\t\t\t<picture>\n\t\t\t\t<source media=\"(max-width: 500px)\" srcset=\"https:\/\/files.sunoresearch.com.br\/n\/uploads\/2023\/03\/400x300-Planilha-controle-de-gastos.png\">\n\t\t\t\t<img class=\"newsContent__article__imgCapa newsContent__article__imgCapa--banner\"\n\t\t\t\t\tsrc=\"https:\/\/files.sunoresearch.com.br\/n\/uploads\/2023\/03\/1420x240-Planilha-controle-de-gastos.png\"\n\t\t\t\t\tdata-promo-id=\"101751\"\t\t\t\t\t\t\t\t\t\twidth='1420' height='240'\t\t\t\t\talt=\"https:\/\/files.sunoresearch.com.br\/n\/uploads\/2023\/03\/1420x240-Planilha-controle-de-gastos.png\"\n\t\t\t\t>\n\t\t\t<\/picture>\n\t\t<\/a>\n\t<\/p>\n\n\n\n\n\n<h2 class=\"wp-block-heading\" id=\"h-lucro-liquido-da-cyrela-caiu-4-5-para-r-208-milhoes\">Lucro l\u00edquido da Cyrela caiu 4,5% para R$ 208 milh\u00f5es<\/h2>\n\n\n\n<p>O <a class=\"suno-keyword\" data-force=\"no\" data-priority=\"1\" href=\"https:\/\/www.suno.com.br\/artigos\/lucro-liquido\/\" target=\"_blank\" rel=\"noopener\">lucro l\u00edquido<\/a> da Cyrela no quarto trimestre de 2022 (4T22) caiu 4,5% em rela\u00e7\u00e3o ao mesmo per\u00edodo do ano anterior e registrou o montante de R$ 208 milh\u00f5es. No ano, o indicador recuou 11,5%, saindo de R$ 914 milh\u00f5es em 2021 para R$ 809 milh\u00f5es em 2022.<\/p>\n\n\n\n<p>Em balan\u00e7o divulgado nesta quinta-feira (16), a&nbsp;<strong>Cyrela registrou<\/strong> <strong>uma receita l\u00edquida<\/strong> de R$ 1,37 bilh\u00e3o, alta de 4,1% em rela\u00e7\u00e3o aos R$ 1,317 bilh\u00e3o de 4T21. No acumulado do ano, a alta foi de 13% com os R$ 5,4 bilh\u00f5es reportados.<\/p>\n\n\n\n<p>Enquanto isso, o <strong>resultado financeiro l\u00edquido da Cyrela<\/strong> cresceu 89,6% em rela\u00e7\u00e3o ao mesmo per\u00edodo do ano anterior, saltando de R$ 14 milh\u00f5es para R$ 26 milh\u00f5es. No ano, o resultado foi positivo em R$ 68 milh\u00f5es, sendo maior que os R$ 43 milh\u00f5es do ano de 2021.<\/p>\n\n\n\n<p>J\u00e1 a <a class=\"suno-keyword\" data-force=\"no\" data-priority=\"1\" href=\"https:\/\/www.suno.com.br\/artigos\/margem-liquida\/\" target=\"_blank\" rel=\"noopener\">margem l\u00edquida<\/a> da <strong>Cyrela<\/strong> recuou 1,4 ponto percentual no comparativo anual, saindo de 16,5% no 4T21 para 15,2% no 4T22. Enquanto isso, a a <a class=\"suno-keyword\" data-force=\"no\" data-priority=\"1\" href=\"https:\/\/www.suno.com.br\/artigos\/margem-bruta-entenda-sua-importancia\/\" target=\"_blank\" rel=\"noopener\">margem bruta<\/a> recuou 2 pontos percentuais, alcan\u00e7ando 31,4%.  <\/p>\n\n\n\t<p>\n\t\t<a href=\"https:\/\/lp.suno.com.br\/planilha-da-vida-financeira\/\" target=\"_blank\" data-element=\"shortcode-suno-banner\" title=\"Banner SUNO, clique e saiba mais\">\n\t\t\t<picture>\n\t\t\t\t<source media=\"(max-width: 500px)\" srcset=\"https:\/\/files.sunoresearch.com.br\/n\/uploads\/2023\/04\/400x300-Planilha-vida-financeira-true.png\">\n\t\t\t\t<img class=\"newsContent__article__imgCapa newsContent__article__imgCapa--banner\"\n\t\t\t\t\tsrc=\"https:\/\/files.sunoresearch.com.br\/n\/uploads\/2023\/04\/1420x240-Planilha-vida-financeira-true.png\"\n\t\t\t\t\tdata-promo-id=\"106682\"\t\t\t\t\t\t\t\t\t\twidth='1420' height='240'\t\t\t\t\talt=\"https:\/\/files.sunoresearch.com.br\/n\/uploads\/2023\/04\/1420x240-Planilha-vida-financeira-true.png\"\n\t\t\t\t>\n\t\t\t<\/picture>\n\t\t<\/a>\n\t<\/p>\n\n\n","protected":false},"excerpt":{"rendered":"<p>Em teleconfer\u00eancia sobre os resultados de 2022, a Cyrela (CYRE3) ainda avalia pagar dividendos extraordin\u00e1rios aos seus acionistas no exerc\u00edcio deste ano. Apesar disso, as distribui\u00e7\u00f5es de dividendos da Cyrela referentes ao exerc\u00edcio de 2022 ser\u00e3o as obrigat\u00f3rias, com R$ 192 milh\u00f5es. \u201cAcabamos n\u00e3o fazendo ano passado [distribui\u00e7\u00e3ode dividendos extraordin\u00e1rios] porque o mercado estava mais [&hellip;]<\/p>\n","protected":false},"author":73,"featured_media":114465,"comment_status":"closed","ping_status":"closed","sticky":false,"template":"","format":"standard","meta":[],"categories":[64],"tags":[443,295],"suno_strategy":[],"class_list":["post-377991","post","type-post","status-publish","format-standard","has-post-thumbnail","hentry","category-negocios","tag-cyrela-cyre3","tag-dividendos"],"yoast_head":"<!-- This site is optimized with the Yoast SEO plugin v24.4 - https:\/\/yoast.com\/wordpress\/plugins\/seo\/ -->\n<title>Cyrela (CYRE3) avalia pagamento de dividendos extraordin\u00e1rios em 2023<\/title>\n<meta name=\"description\" content=\"Apesar disso, as distribui\u00e7\u00f5es de dividendos da Cyrela referentes ao exerc\u00edcio de 2022 ser\u00e3o as obrigat\u00f3rias, com R$ 192 milh\u00f5es. Confira!\" \/>\n<meta name=\"robots\" content=\"index, follow, max-snippet:-1, max-image-preview:large, max-video-preview:-1\" \/>\n<link rel=\"canonical\" href=\"https:\/\/www.suno.com.br\/noticias\/cyrela-cyre3-dividendos-extraordinarios-2023\/\" \/>\n<meta property=\"og:locale\" content=\"pt_BR\" \/>\n<meta property=\"og:type\" content=\"article\" \/>\n<meta property=\"og:title\" content=\"Cyrela (CYRE3) avalia pagamento de dividendos extraordin\u00e1rios em 2023\" \/>\n<meta property=\"og:description\" content=\"Apesar disso, as distribui\u00e7\u00f5es de dividendos da Cyrela referentes ao exerc\u00edcio de 2022 ser\u00e3o as obrigat\u00f3rias, com R$ 192 milh\u00f5es. Confira!\" \/>\n<meta property=\"og:url\" content=\"https:\/\/www.suno.com.br\/noticias\/cyrela-cyre3-dividendos-extraordinarios-2023\/\" \/>\n<meta property=\"og:site_name\" content=\"Suno Not\u00edcias\" \/>\n<meta property=\"article:publisher\" content=\"https:\/\/facebook.com\/sunoresearch\" \/>\n<meta property=\"og:image\" content=\"https:\/\/files.sunoresearch.com.br\/n\/uploads\/2021\/01\/872934a6-cyrela.jpg\" \/>\n\t<meta property=\"og:image:width\" content=\"1991\" \/>\n\t<meta property=\"og:image:height\" content=\"1185\" \/>\n\t<meta property=\"og:image:type\" content=\"image\/jpeg\" \/>\n<meta name=\"author\" content=\"Eduardo Vargas\" \/>\n<meta name=\"twitter:card\" content=\"summary_large_image\" \/>\n<meta name=\"twitter:creator\" content=\"@sunoresearch\" \/>\n<meta name=\"twitter:site\" content=\"@sunoresearch\" \/>\n<meta name=\"twitter:label1\" content=\"Escrito por\" \/>\n\t<meta name=\"twitter:data1\" content=\"Eduardo Vargas\" \/>\n\t<meta name=\"twitter:label2\" content=\"Est. tempo de leitura\" \/>\n\t<meta name=\"twitter:data2\" content=\"3 minutos\" \/>\n<script type=\"application\/ld+json\" class=\"yoast-schema-graph\">{\"@context\":\"https:\/\/schema.org\",\"@graph\":[{\"@type\":\"NewsArticle\",\"@id\":\"https:\/\/www.suno.com.br\/noticias\/cyrela-cyre3-dividendos-extraordinarios-2023\/#article\",\"isPartOf\":{\"@id\":\"https:\/\/www.suno.com.br\/noticias\/cyrela-cyre3-dividendos-extraordinarios-2023\/\"},\"author\":{\"name\":\"Eduardo Vargas\",\"@id\":\"https:\/\/www.suno.com.br\/noticias\/#\/schema\/person\/7f4d362bf3518e76090143ae77bb49a5\"},\"headline\":\"Cyrela (CYRE3) avalia pagamento de dividendos extraordin\u00e1rios em 2023\",\"datePublished\":\"2023-03-18T19:53:51+00:00\",\"dateModified\":\"2023-03-18T19:53:56+00:00\",\"mainEntityOfPage\":{\"@id\":\"https:\/\/www.suno.com.br\/noticias\/cyrela-cyre3-dividendos-extraordinarios-2023\/\"},\"wordCount\":443,\"publisher\":{\"@id\":\"https:\/\/www.suno.com.br\/noticias\/#organization\"},\"image\":{\"@id\":\"https:\/\/www.suno.com.br\/noticias\/cyrela-cyre3-dividendos-extraordinarios-2023\/#primaryimage\"},\"thumbnailUrl\":\"https:\/\/files.sunoresearch.com.br\/n\/uploads\/2021\/01\/872934a6-cyrela-jpg.webp\",\"keywords\":[\"Cyrela (CYRE3)\",\"dividendos\"],\"articleSection\":[\"Neg\u00f3cios\"],\"inLanguage\":\"pt-BR\"},{\"@type\":\"WebPage\",\"@id\":\"https:\/\/www.suno.com.br\/noticias\/cyrela-cyre3-dividendos-extraordinarios-2023\/\",\"url\":\"https:\/\/www.suno.com.br\/noticias\/cyrela-cyre3-dividendos-extraordinarios-2023\/\",\"name\":\"Cyrela (CYRE3) avalia pagamento de dividendos extraordin\u00e1rios em 2023\",\"isPartOf\":{\"@id\":\"https:\/\/www.suno.com.br\/noticias\/#website\"},\"primaryImageOfPage\":{\"@id\":\"https:\/\/www.suno.com.br\/noticias\/cyrela-cyre3-dividendos-extraordinarios-2023\/#primaryimage\"},\"image\":{\"@id\":\"https:\/\/www.suno.com.br\/noticias\/cyrela-cyre3-dividendos-extraordinarios-2023\/#primaryimage\"},\"thumbnailUrl\":\"https:\/\/files.sunoresearch.com.br\/n\/uploads\/2021\/01\/872934a6-cyrela-jpg.webp\",\"datePublished\":\"2023-03-18T19:53:51+00:00\",\"dateModified\":\"2023-03-18T19:53:56+00:00\",\"description\":\"Apesar disso, as distribui\u00e7\u00f5es de dividendos da Cyrela referentes ao exerc\u00edcio de 2022 ser\u00e3o as obrigat\u00f3rias, com R$ 192 milh\u00f5es. Confira!\",\"breadcrumb\":{\"@id\":\"https:\/\/www.suno.com.br\/noticias\/cyrela-cyre3-dividendos-extraordinarios-2023\/#breadcrumb\"},\"inLanguage\":\"pt-BR\",\"potentialAction\":[{\"@type\":\"ReadAction\",\"target\":[\"https:\/\/www.suno.com.br\/noticias\/cyrela-cyre3-dividendos-extraordinarios-2023\/\"]}]},{\"@type\":\"ImageObject\",\"inLanguage\":\"pt-BR\",\"@id\":\"https:\/\/www.suno.com.br\/noticias\/cyrela-cyre3-dividendos-extraordinarios-2023\/#primaryimage\",\"url\":\"https:\/\/files.sunoresearch.com.br\/n\/uploads\/2021\/01\/872934a6-cyrela-jpg.webp\",\"contentUrl\":\"https:\/\/files.sunoresearch.com.br\/n\/uploads\/2021\/01\/872934a6-cyrela-jpg.webp\",\"width\":1991,\"height\":1185,\"caption\":\"Cyrela (CYRE3). Foto: Divulga\u00e7\u00e3o\"},{\"@type\":\"BreadcrumbList\",\"@id\":\"https:\/\/www.suno.com.br\/noticias\/cyrela-cyre3-dividendos-extraordinarios-2023\/#breadcrumb\",\"itemListElement\":[{\"@type\":\"ListItem\",\"position\":1,\"name\":\"Not\u00edcias\",\"item\":\"https:\/\/www.suno.com.br\/noticias\/\"},{\"@type\":\"ListItem\",\"position\":2,\"name\":\"Neg\u00f3cios\",\"item\":\"https:\/\/www.suno.com.br\/noticias\/negocios\/\"},{\"@type\":\"ListItem\",\"position\":3,\"name\":\"Cyrela (CYRE3) avalia pagamento de dividendos extraordin\u00e1rios em 2023\"}]},{\"@type\":\"WebSite\",\"@id\":\"https:\/\/www.suno.com.br\/noticias\/#website\",\"url\":\"https:\/\/www.suno.com.br\/noticias\/\",\"name\":\"Suno Not\u00edcias\",\"description\":\"Seu portal de informa\u00e7\u00e3o sobre o mundo dos investimentos\",\"publisher\":{\"@id\":\"https:\/\/www.suno.com.br\/noticias\/#organization\"},\"potentialAction\":[{\"@type\":\"SearchAction\",\"target\":{\"@type\":\"EntryPoint\",\"urlTemplate\":\"https:\/\/www.suno.com.br\/noticias\/?s={search_term_string}\"},\"query-input\":{\"@type\":\"PropertyValueSpecification\",\"valueRequired\":true,\"valueName\":\"search_term_string\"}}],\"inLanguage\":\"pt-BR\"},{\"@type\":\"Organization\",\"@id\":\"https:\/\/www.suno.com.br\/noticias\/#organization\",\"name\":\"Suno Not\u00edcias\",\"url\":\"https:\/\/www.suno.com.br\/noticias\/\",\"logo\":{\"@type\":\"ImageObject\",\"inLanguage\":\"pt-BR\",\"@id\":\"https:\/\/www.suno.com.br\/noticias\/#\/schema\/logo\/image\/\",\"url\":\"https:\/\/files.sunoresearch.com.br\/n\/uploads\/2021\/09\/suno-logo.png\",\"contentUrl\":\"https:\/\/files.sunoresearch.com.br\/n\/uploads\/2021\/09\/suno-logo.png\",\"width\":180,\"height\":180,\"caption\":\"Suno Not\u00edcias\"},\"image\":{\"@id\":\"https:\/\/www.suno.com.br\/noticias\/#\/schema\/logo\/image\/\"},\"sameAs\":[\"https:\/\/facebook.com\/sunoresearch\",\"https:\/\/x.com\/sunoresearch\",\"https:\/\/www.instagram.com\/suno\",\"https:\/\/www.linkedin.com\/company\/suno-research\/\",\"https:\/\/www.youtube.com\/c\/sunoresearch\"]},{\"@type\":\"Person\",\"@id\":\"https:\/\/www.suno.com.br\/noticias\/#\/schema\/person\/7f4d362bf3518e76090143ae77bb49a5\",\"name\":\"Eduardo Vargas\",\"image\":{\"@type\":\"ImageObject\",\"inLanguage\":\"pt-BR\",\"@id\":\"https:\/\/www.suno.com.br\/noticias\/#\/schema\/person\/image\/\",\"url\":\"https:\/\/secure.gravatar.com\/avatar\/dac340933427a22924c9f99d1eb2e3f2?s=96&r=g\",\"contentUrl\":\"https:\/\/secure.gravatar.com\/avatar\/dac340933427a22924c9f99d1eb2e3f2?s=96&r=g\",\"caption\":\"Eduardo Vargas\"},\"description\":\"Jornalista formado pela UFSC, cobre macroeconomia, neg\u00f3cios e startups para o Suno Not\u00edcias, escrevendo principalmente not\u00edcias sobre o mercado financeiro e a bolsa de valores. No YouTube e no Instagram, \u00e9 respons\u00e1vel pela produ\u00e7\u00e3o de Reels e Shorts do Suno Not\u00edcias. Anteriormente, trabalhou cobrindo economia e cotidiano no ND+ e para o ND, maior jornal impresso de Santa Catarina. Cursou um semestre letivo de Estudos de M\u00eddia na Universidad de Buenos Aires.\",\"url\":\"https:\/\/www.suno.com.br\/noticias\/author\/eduardo-vargas\/\"}]}<\/script>\n<!-- \/ Yoast SEO plugin. -->","yoast_head_json":{"title":"Cyrela (CYRE3) avalia pagamento de dividendos extraordin\u00e1rios em 2023","description":"Apesar disso, as distribui\u00e7\u00f5es de dividendos da Cyrela referentes ao exerc\u00edcio de 2022 ser\u00e3o as obrigat\u00f3rias, com R$ 192 milh\u00f5es. Confira!","robots":{"index":"index","follow":"follow","max-snippet":"max-snippet:-1","max-image-preview":"max-image-preview:large","max-video-preview":"max-video-preview:-1"},"canonical":"https:\/\/www.suno.com.br\/noticias\/cyrela-cyre3-dividendos-extraordinarios-2023\/","og_locale":"pt_BR","og_type":"article","og_title":"Cyrela (CYRE3) avalia pagamento de dividendos extraordin\u00e1rios em 2023","og_description":"Apesar disso, as distribui\u00e7\u00f5es de dividendos da Cyrela referentes ao exerc\u00edcio de 2022 ser\u00e3o as obrigat\u00f3rias, com R$ 192 milh\u00f5es. Confira!","og_url":"https:\/\/www.suno.com.br\/noticias\/cyrela-cyre3-dividendos-extraordinarios-2023\/","og_site_name":"Suno Not\u00edcias","article_publisher":"https:\/\/facebook.com\/sunoresearch","og_image":[{"width":1991,"height":1185,"url":"https:\/\/files.sunoresearch.com.br\/n\/uploads\/2021\/01\/872934a6-cyrela.jpg","type":"image\/jpeg"}],"author":"Eduardo Vargas","twitter_card":"summary_large_image","twitter_creator":"@sunoresearch","twitter_site":"@sunoresearch","twitter_misc":{"Escrito por":"Eduardo Vargas","Est. tempo de leitura":"3 minutos"},"schema":{"@context":"https:\/\/schema.org","@graph":[{"@type":"NewsArticle","@id":"https:\/\/www.suno.com.br\/noticias\/cyrela-cyre3-dividendos-extraordinarios-2023\/#article","isPartOf":{"@id":"https:\/\/www.suno.com.br\/noticias\/cyrela-cyre3-dividendos-extraordinarios-2023\/"},"author":{"name":"Eduardo Vargas","@id":"https:\/\/www.suno.com.br\/noticias\/#\/schema\/person\/7f4d362bf3518e76090143ae77bb49a5"},"headline":"Cyrela (CYRE3) avalia pagamento de dividendos extraordin\u00e1rios em 2023","datePublished":"2023-03-18T19:53:51+00:00","dateModified":"2023-03-18T19:53:56+00:00","mainEntityOfPage":{"@id":"https:\/\/www.suno.com.br\/noticias\/cyrela-cyre3-dividendos-extraordinarios-2023\/"},"wordCount":443,"publisher":{"@id":"https:\/\/www.suno.com.br\/noticias\/#organization"},"image":{"@id":"https:\/\/www.suno.com.br\/noticias\/cyrela-cyre3-dividendos-extraordinarios-2023\/#primaryimage"},"thumbnailUrl":"https:\/\/files.sunoresearch.com.br\/n\/uploads\/2021\/01\/872934a6-cyrela-jpg.webp","keywords":["Cyrela (CYRE3)","dividendos"],"articleSection":["Neg\u00f3cios"],"inLanguage":"pt-BR"},{"@type":"WebPage","@id":"https:\/\/www.suno.com.br\/noticias\/cyrela-cyre3-dividendos-extraordinarios-2023\/","url":"https:\/\/www.suno.com.br\/noticias\/cyrela-cyre3-dividendos-extraordinarios-2023\/","name":"Cyrela (CYRE3) avalia pagamento de dividendos extraordin\u00e1rios em 2023","isPartOf":{"@id":"https:\/\/www.suno.com.br\/noticias\/#website"},"primaryImageOfPage":{"@id":"https:\/\/www.suno.com.br\/noticias\/cyrela-cyre3-dividendos-extraordinarios-2023\/#primaryimage"},"image":{"@id":"https:\/\/www.suno.com.br\/noticias\/cyrela-cyre3-dividendos-extraordinarios-2023\/#primaryimage"},"thumbnailUrl":"https:\/\/files.sunoresearch.com.br\/n\/uploads\/2021\/01\/872934a6-cyrela-jpg.webp","datePublished":"2023-03-18T19:53:51+00:00","dateModified":"2023-03-18T19:53:56+00:00","description":"Apesar disso, as distribui\u00e7\u00f5es de dividendos da Cyrela referentes ao exerc\u00edcio de 2022 ser\u00e3o as obrigat\u00f3rias, com R$ 192 milh\u00f5es. Confira!","breadcrumb":{"@id":"https:\/\/www.suno.com.br\/noticias\/cyrela-cyre3-dividendos-extraordinarios-2023\/#breadcrumb"},"inLanguage":"pt-BR","potentialAction":[{"@type":"ReadAction","target":["https:\/\/www.suno.com.br\/noticias\/cyrela-cyre3-dividendos-extraordinarios-2023\/"]}]},{"@type":"ImageObject","inLanguage":"pt-BR","@id":"https:\/\/www.suno.com.br\/noticias\/cyrela-cyre3-dividendos-extraordinarios-2023\/#primaryimage","url":"https:\/\/files.sunoresearch.com.br\/n\/uploads\/2021\/01\/872934a6-cyrela-jpg.webp","contentUrl":"https:\/\/files.sunoresearch.com.br\/n\/uploads\/2021\/01\/872934a6-cyrela-jpg.webp","width":1991,"height":1185,"caption":"Cyrela (CYRE3). Foto: Divulga\u00e7\u00e3o"},{"@type":"BreadcrumbList","@id":"https:\/\/www.suno.com.br\/noticias\/cyrela-cyre3-dividendos-extraordinarios-2023\/#breadcrumb","itemListElement":[{"@type":"ListItem","position":1,"name":"Not\u00edcias","item":"https:\/\/www.suno.com.br\/noticias\/"},{"@type":"ListItem","position":2,"name":"Neg\u00f3cios","item":"https:\/\/www.suno.com.br\/noticias\/negocios\/"},{"@type":"ListItem","position":3,"name":"Cyrela (CYRE3) avalia pagamento de dividendos extraordin\u00e1rios em 2023"}]},{"@type":"WebSite","@id":"https:\/\/www.suno.com.br\/noticias\/#website","url":"https:\/\/www.suno.com.br\/noticias\/","name":"Suno Not\u00edcias","description":"Seu portal de informa\u00e7\u00e3o sobre o mundo dos investimentos","publisher":{"@id":"https:\/\/www.suno.com.br\/noticias\/#organization"},"potentialAction":[{"@type":"SearchAction","target":{"@type":"EntryPoint","urlTemplate":"https:\/\/www.suno.com.br\/noticias\/?s={search_term_string}"},"query-input":{"@type":"PropertyValueSpecification","valueRequired":true,"valueName":"search_term_string"}}],"inLanguage":"pt-BR"},{"@type":"Organization","@id":"https:\/\/www.suno.com.br\/noticias\/#organization","name":"Suno Not\u00edcias","url":"https:\/\/www.suno.com.br\/noticias\/","logo":{"@type":"ImageObject","inLanguage":"pt-BR","@id":"https:\/\/www.suno.com.br\/noticias\/#\/schema\/logo\/image\/","url":"https:\/\/files.sunoresearch.com.br\/n\/uploads\/2021\/09\/suno-logo.png","contentUrl":"https:\/\/files.sunoresearch.com.br\/n\/uploads\/2021\/09\/suno-logo.png","width":180,"height":180,"caption":"Suno Not\u00edcias"},"image":{"@id":"https:\/\/www.suno.com.br\/noticias\/#\/schema\/logo\/image\/"},"sameAs":["https:\/\/facebook.com\/sunoresearch","https:\/\/x.com\/sunoresearch","https:\/\/www.instagram.com\/suno","https:\/\/www.linkedin.com\/company\/suno-research\/","https:\/\/www.youtube.com\/c\/sunoresearch"]},{"@type":"Person","@id":"https:\/\/www.suno.com.br\/noticias\/#\/schema\/person\/7f4d362bf3518e76090143ae77bb49a5","name":"Eduardo Vargas","image":{"@type":"ImageObject","inLanguage":"pt-BR","@id":"https:\/\/www.suno.com.br\/noticias\/#\/schema\/person\/image\/","url":"https:\/\/secure.gravatar.com\/avatar\/dac340933427a22924c9f99d1eb2e3f2?s=96&r=g","contentUrl":"https:\/\/secure.gravatar.com\/avatar\/dac340933427a22924c9f99d1eb2e3f2?s=96&r=g","caption":"Eduardo Vargas"},"description":"Jornalista formado pela UFSC, cobre macroeconomia, neg\u00f3cios e startups para o Suno Not\u00edcias, escrevendo principalmente not\u00edcias sobre o mercado financeiro e a bolsa de valores. No YouTube e no Instagram, \u00e9 respons\u00e1vel pela produ\u00e7\u00e3o de Reels e Shorts do Suno Not\u00edcias. Anteriormente, trabalhou cobrindo economia e cotidiano no ND+ e para o ND, maior jornal impresso de Santa Catarina. Cursou um semestre letivo de Estudos de M\u00eddia na Universidad de Buenos Aires.","url":"https:\/\/www.suno.com.br\/noticias\/author\/eduardo-vargas\/"}]}},"default_loop_html":"<div class=\"cardsPage__listCard__boxs\"><div class=\"cardsPage__listCard__boxs__img\"><a href=\"https:\/\/www.suno.com.br\/noticias\/cyrela-cyre3-dividendos-extraordinarios-2023\/\"><img class=\"mask\" src=\"https:\/\/www.suno.com.br\/noticias\/wp-content\/themes\/suno\/resources\/images\/spotlight\/spotlight1img\/bg-mask.png\" alt=\"Image Mask\"\/><img src=\"https:\/\/files.sunoresearch.com.br\/n\/uploads\/2021\/01\/872934a6-cyrela-400x200.webp\" alt=\"Cyrela (CYRE3) avalia pagamento de dividendos extraordin\u00e1rios em 2023\"\/><\/a><span class=\"spotlightCategory\"><a href=\"https:\/\/www.suno.com.br\/noticias\/negocios\/\">Neg\u00f3cios<\/a><\/span><\/div><div class=\"cardsPage__listCard__boxs__content\"><a href=\"https:\/\/www.suno.com.br\/noticias\/cyrela-cyre3-dividendos-extraordinarios-2023\/\"><h2 class=\"content__title\">Cyrela (CYRE3) avalia pagamento de dividendos extraordin\u00e1rios em 2023<\/h2><\/a><div class=\"newsContent__article__meta\"><div class=\"newsContent__article__meta__authorBox\"><a href=\"https:\/\/www.suno.com.br\/noticias\/author\/eduardo-vargas\/\" class=\"authorBox__avatar noMobi\"><img src=\"https:\/\/secure.gravatar.com\/avatar\/dac340933427a22924c9f99d1eb2e3f2?s=96&#038;r=g\" alt=\"Eduardo Vargas\"><\/a><div class=\"authorBox__name\"><span>por\n\t\t\t<a href=\"https:\/\/www.suno.com.br\/noticias\/author\/eduardo-vargas\/\"><span itemprop=\"author\">Eduardo Vargas<\/span><\/a><\/span><time datetime=\"2023-03-18T16:53:51-03:00\" itemprop=\"datePublished\">18\/03\/2023 16:53<\/time><\/div><\/div><\/div><\/div><\/div>","single_layout":"posts","amp_enabled":true,"_links":{"self":[{"href":"https:\/\/www.suno.com.br\/noticias\/wp-json\/wp\/v2\/posts\/377991"}],"collection":[{"href":"https:\/\/www.suno.com.br\/noticias\/wp-json\/wp\/v2\/posts"}],"about":[{"href":"https:\/\/www.suno.com.br\/noticias\/wp-json\/wp\/v2\/types\/post"}],"author":[{"embeddable":true,"href":"https:\/\/www.suno.com.br\/noticias\/wp-json\/wp\/v2\/users\/73"}],"replies":[{"embeddable":true,"href":"https:\/\/www.suno.com.br\/noticias\/wp-json\/wp\/v2\/comments?post=377991"}],"version-history":[{"count":3,"href":"https:\/\/www.suno.com.br\/noticias\/wp-json\/wp\/v2\/posts\/377991\/revisions"}],"predecessor-version":[{"id":377998,"href":"https:\/\/www.suno.com.br\/noticias\/wp-json\/wp\/v2\/posts\/377991\/revisions\/377998"}],"wp:featuredmedia":[{"embeddable":true,"href":"https:\/\/www.suno.com.br\/noticias\/wp-json\/wp\/v2\/media\/114465"}],"wp:attachment":[{"href":"https:\/\/www.suno.com.br\/noticias\/wp-json\/wp\/v2\/media?parent=377991"}],"wp:term":[{"taxonomy":"category","embeddable":true,"href":"https:\/\/www.suno.com.br\/noticias\/wp-json\/wp\/v2\/categories?post=377991"},{"taxonomy":"post_tag","embeddable":true,"href":"https:\/\/www.suno.com.br\/noticias\/wp-json\/wp\/v2\/tags?post=377991"},{"taxonomy":"suno_strategy","embeddable":true,"href":"https:\/\/www.suno.com.br\/noticias\/wp-json\/wp\/v2\/suno_strategy?post=377991"}],"curies":[{"name":"wp","href":"https:\/\/api.w.org\/{rel}","templated":true}]}}