{"id":377897,"date":"2023-03-18T14:55:15","date_gmt":"2023-03-18T17:55:15","guid":{"rendered":"https:\/\/www.suno.com.br\/noticias\/?p=377897"},"modified":"2023-03-18T15:00:11","modified_gmt":"2023-03-18T18:00:11","slug":"paranapanema-pmam3-prejuizo-resultado-4t22","status":"publish","type":"post","link":"https:\/\/www.suno.com.br\/noticias\/paranapanema-pmam3-prejuizo-resultado-4t22\/","title":{"rendered":"Paranapanema (PMAM3) Preju\u00edzo multiplica por seis no 4T22"},"content":{"rendered":"<p>Em <a class=\"suno-keyword\" data-force=\"no\" data-priority=\"2\" href=\"https:\/\/www.suno.com.br\/artigos\/recuperacao-judicial\/\" target=\"_blank\" rel=\"noopener\">recupera\u00e7\u00e3o judicial<\/a>, a <a class=\"suno-keyword\" data-force=\"yes\" data-priority=\"2\" href=\"https:\/\/www.suno.com.br\/acoes\/PMAM3\/\" target=\"_blank\" rel=\"noopener\"><strong>Paranapanema <\/strong>(PMAM3)<\/a> reportou um preju\u00edzo de R$ 1,2 bilh\u00e3o no acumulado do quarto trimestre de 2022, sendo 544% maior do que os R$ 188 milh\u00f5es registrados em igual etapa do ano anterior.<\/p><div class=\"videoFull \">\n\t\t\t<div class=\"videoWrapper yt-lazyload center\"\n\t\t\t\tdata-width=\"960\"\n\t\t\t\tdata-height=\"540\"\n\t\t\t\tdata-id=\"GVrb5bcOY68\"\n\t\t\t\tdata-alt=\"V\u00eddeo do YouTube - clique para reproduzir\"\n\t\t\t\tdata-logo=\"3\"\n\t\t\t\tdata-imagequality=\"maxres\">\n\t\t\t<\/div>\n\t\t<\/div><script type=\"application\/ld+json\">{\"@context\":\"https:\/\/schema.org\",\"@type\":\"VideoObject\",\"name\":\"Credit Suisse vai falir? Entenda o que est\u00e1 acontecendo | Suno Not\u00edcias\",\"description\":\"A vida do Credit Suisse n\u00e3o est\u00e1 f\u00e1cil nos \u00faltimos anos. Esc\u00e2ndalos financeiros, investimentos que deram errado, trocas de lideran\u00e7a e agora uma poss\u00edvel crise de liquidez que fizeram as a\u00e7\u00f5es do banco europeu, um dos maiores do mundo, atingirem uma baixa hist\u00f3rica. Mas o que aconteceu nos \u00faltimos dias que fez com que o\u2026\",\"duration\":\"PT4M20S\",\"embedUrl\":\"https:\/\/www.youtube.com\/embed\/GVrb5bcOY68\",\"regionsAllowed\":\"pt-BR\",\"interactionStatistic\":{\"@type\":\"InteractionCounter\",\"interactionType\":{\"@type\":\"WatchAction\"},\"userInteractionCount\":1591},\"thumbnailUrl\":\"https:\/\/i.ytimg.com\/vi\/GVrb5bcOY68\/default.jpg\",\"uploadDate\":\"2023-03-17T17:00:09Z\"}<\/script>\n\n\n\n\n\t<p>\n\t\t<a href=\"\" target=\"_blank\" data-element=\"shortcode-suno-banner\" title=\"Banner SUNO, clique e saiba mais\">\n\t\t\t<picture>\n\t\t\t\t<source media=\"(max-width: 500px)\" srcset=\"\">\n\t\t\t\t<img class=\"newsContent__article__imgCapa newsContent__article__imgCapa--banner\"\n\t\t\t\t\tsrc=\"\"\n\t\t\t\t\tdata-promo-id=\"138420\"\t\t\t\t\t\t\t\t\t\t\t\t\t\t\talt=\"\"\n\t\t\t\t>\n\t\t\t<\/picture>\n\t\t<\/a>\n\t<\/p>\n\n\n\n\n\n<p>Com isso, o <strong>preju\u00edzo da Paranapanema<\/strong> em 2022 chegou a R$ 1,9 bilh\u00e3o, sendo mais do que o dobro dos R$ 807 milh\u00f5es vistos no ano anterior.<\/p>\n\n\n\n<p>Sobre a base do preju\u00edzo, foram ajustados R$ 16 milh\u00f5es de OCI, R$ 29 milh\u00f5es de <a class=\"suno-keyword\" data-force=\"no\" data-priority=\"1\" href=\"https:\/\/www.suno.com.br\/artigos\/depreciacao-amortizacao\/\" target=\"_blank\" rel=\"noopener\">deprecia\u00e7\u00e3o e amortiza\u00e7\u00e3o<\/a>, R$ 466,4 milh\u00f5es de ajuste a <a class=\"suno-keyword\" data-force=\"no\" data-priority=\"1\" href=\"https:\/\/www.suno.com.br\/artigos\/valor-de-mercado\/\" target=\"_blank\" rel=\"noopener\">valor de mercado<\/a> dos ativos, R$ 556,5 referentes a provis\u00e3o para Contribui\u00e7\u00e3o Social sobre o <a class=\"suno-keyword\" data-force=\"no\" data-priority=\"1\" href=\"https:\/\/www.suno.com.br\/artigos\/lucro-liquido\/\" target=\"_blank\" rel=\"noopener\"><strong>Lucro <\/strong>L\u00edquido<\/a> \u2013 CSLL, em virtude do posicionamento firmado pelo STF de dois recursos extraordin\u00e1rios, R$ 779,4 milh\u00f5es de <a class=\"suno-keyword\" data-force=\"no\" data-priority=\"1\" href=\"https:\/\/www.suno.com.br\/artigos\/ajuste-de-avaliacao-patrimonial\/\" target=\"_blank\" rel=\"noopener\">ajuste de avalia\u00e7\u00e3o Patrimonial<\/a>, al\u00e9m da <a class=\"suno-keyword\" data-force=\"no\" data-priority=\"1\" href=\"https:\/\/www.suno.com.br\/artigos\/variacao-cambial\/\" target=\"_blank\" rel=\"noopener\">varia\u00e7\u00e3o cambial<\/a>.<\/p>\n\n\n\n<p>J\u00e1 a <a class=\"suno-keyword\" target=\"_blank\" data-force=\"no\" data-priority=\"1\" href=\"https:\/\/www.suno.com.br\/artigos\/o-que-receita-liquida\/\" rel=\"noopener\">receita l\u00edquida<\/a> da empresa foi de R$ 166 milh\u00f5es no acumulado do quarto trimestre de 2022, representando um recuo de 8% na base anual.<\/p>\n\n\n\n<p>O lucro antes de juros, impostos, deprecia\u00e7\u00f5es e amortiza\u00e7\u00f5es (Ebitda) ajustado da companhia foi negativo em R$ 151 milh\u00f5es.<\/p>\n\n\n\n<p>No quesito n\u00e3o ajustado, o Ebitda da <strong>Paranapaenema no 4T22<\/strong> foi de R$ 929 milh\u00f5es no trimestre, ante R$ 22,3 milh\u00f5es em igual etapa do ano anterior.<\/p>\n\n\n\t<p>\n\t\t<a href=\"https:\/\/lp.suno.com.br\/planilha-controle-gastos\/\" target=\"_blank\" data-element=\"shortcode-suno-banner\" title=\"Banner SUNO, clique e saiba mais\">\n\t\t\t<picture>\n\t\t\t\t<source media=\"(max-width: 500px)\" srcset=\"https:\/\/files.sunoresearch.com.br\/n\/uploads\/2023\/03\/400x300-Planilha-controle-de-gastos.png\">\n\t\t\t\t<img class=\"newsContent__article__imgCapa newsContent__article__imgCapa--banner\"\n\t\t\t\t\tsrc=\"https:\/\/files.sunoresearch.com.br\/n\/uploads\/2023\/03\/1420x240-Planilha-controle-de-gastos.png\"\n\t\t\t\t\tdata-promo-id=\"101751\"\t\t\t\t\t\t\t\t\t\twidth='1420' height='240'\t\t\t\t\talt=\"https:\/\/files.sunoresearch.com.br\/n\/uploads\/2023\/03\/1420x240-Planilha-controle-de-gastos.png\"\n\t\t\t\t>\n\t\t\t<\/picture>\n\t\t<\/a>\n\t<\/p>\n\n\n\n\n\n<p>\u201cNesse 4T22 o principal foco principal da companhia foi o de assegurar a continuidade das opera\u00e7\u00f5es em meio as dificuldades de obten\u00e7\u00e3o de cr\u00e9dito para capital de giro\u201d, disse a empresa.<\/p>\n\n\n\n<p>As <a class=\"suno-keyword\" target=\"_blank\" data-force=\"no\" data-priority=\"1\" href=\"https:\/\/www.suno.com.br\/artigos\/despesas-operacionais\/\" rel=\"noopener\">despesas operacionais<\/a> da companhia foram de R$ 550 milh\u00f5es, representando alta de mais de 2.600%.<\/p>\n\n\n\n<p>Segundo a companhia, esse salto se d\u00e1 pelo ajuste a <a class=\"suno-keyword\" target=\"_blank\" data-force=\"no\" data-priority=\"1\" href=\"https:\/\/www.suno.com.br\/artigos\/valor-de-mercado\/\" rel=\"noopener\">valor de mercado<\/a> dos direitos credit\u00f3rios da exclus\u00e3o do ICMS da base do PIS\/COFINS em R$ 466,4 milh\u00f5es, pela provis\u00e3o para CSLL, que impactou as <a class=\"suno-keyword\" target=\"_blank\" data-force=\"no\" data-priority=\"1\" href=\"https:\/\/www.suno.com.br\/artigos\/despesas-operacionais\/\" rel=\"noopener\">despesas operacionais<\/a> em R$ 311,1 milh\u00f5es.<\/p>\n\n\n\n<h2 class=\"wp-block-heading\" id=\"h-performance-das-acoes-da-paranapanema\">Performance das a\u00e7\u00f5es da Paranapanema<\/h2>\n\n\n\n<p>No acumulado dos \u00faltimos cinco dias, as <strong>a\u00e7\u00f5es da Paranapanema<\/strong> caem 10,1% a R$ 4,51. No ano, o papel acumula 4% de retra\u00e7\u00e3o.<\/p>\n\n\n\t<p>\n\t\t<a href=\"https:\/\/lp.suno.com.br\/planilha-da-vida-financeira\/\" target=\"_blank\" data-element=\"shortcode-suno-banner\" title=\"Banner SUNO, clique e saiba mais\">\n\t\t\t<picture>\n\t\t\t\t<source media=\"(max-width: 500px)\" srcset=\"https:\/\/files.sunoresearch.com.br\/n\/uploads\/2023\/04\/400x300-Planilha-vida-financeira-true.png\">\n\t\t\t\t<img class=\"newsContent__article__imgCapa newsContent__article__imgCapa--banner\"\n\t\t\t\t\tsrc=\"https:\/\/files.sunoresearch.com.br\/n\/uploads\/2023\/04\/1420x240-Planilha-vida-financeira-true.png\"\n\t\t\t\t\tdata-promo-id=\"106682\"\t\t\t\t\t\t\t\t\t\twidth='1420' height='240'\t\t\t\t\talt=\"https:\/\/files.sunoresearch.com.br\/n\/uploads\/2023\/04\/1420x240-Planilha-vida-financeira-true.png\"\n\t\t\t\t>\n\t\t\t<\/picture>\n\t\t<\/a>\n\t<\/p>\n\n\n","protected":false},"excerpt":{"rendered":"<p>Em recupera\u00e7\u00e3o judicial, a Paranapanema (PMAM3) reportou um preju\u00edzo de R$ 1,2 bilh\u00e3o no acumulado do quarto trimestre de 2022, sendo 544% maior do que os R$ 188 milh\u00f5es registrados em igual etapa do ano anterior. Com isso, o preju\u00edzo da Paranapanema em 2022 chegou a R$ 1,9 bilh\u00e3o, sendo mais do que o dobro [&hellip;]<\/p>\n","protected":false},"author":73,"featured_media":327315,"comment_status":"closed","ping_status":"closed","sticky":false,"template":"","format":"standard","meta":[],"categories":[64],"tags":[286,1029,104860,1607],"suno_strategy":[],"class_list":["post-377897","post","type-post","status-publish","format-standard","has-post-thumbnail","hentry","category-negocios","tag-acoes","tag-balancos-trimestrais","tag-paranapanema-pmam3","tag-resultado-das-empresas"],"yoast_head":"<!-- This site is optimized with the Yoast SEO plugin v24.4 - https:\/\/yoast.com\/wordpress\/plugins\/seo\/ -->\n<title>Paranapanema (PMAM3) Preju\u00edzo multiplica por seis no 4T22<\/title>\n<meta name=\"description\" content=\"Com isso, o preju\u00edzo da Paranapanema em 2022 chegou a R$ 1,9 bilh\u00e3o, sendo mais do que o dobro dos R$ 807 milh\u00f5es de 2021. Confira!\" \/>\n<meta name=\"robots\" content=\"index, follow, max-snippet:-1, max-image-preview:large, max-video-preview:-1\" \/>\n<link rel=\"canonical\" href=\"https:\/\/www.suno.com.br\/noticias\/paranapanema-pmam3-prejuizo-resultado-4t22\/\" \/>\n<meta property=\"og:locale\" content=\"pt_BR\" \/>\n<meta property=\"og:type\" content=\"article\" \/>\n<meta property=\"og:title\" content=\"Paranapanema (PMAM3) Preju\u00edzo multiplica por seis no 4T22\" \/>\n<meta property=\"og:description\" content=\"Com isso, o preju\u00edzo da Paranapanema em 2022 chegou a R$ 1,9 bilh\u00e3o, sendo mais do que o dobro dos R$ 807 milh\u00f5es de 2021. Confira!\" \/>\n<meta property=\"og:url\" content=\"https:\/\/www.suno.com.br\/noticias\/paranapanema-pmam3-prejuizo-resultado-4t22\/\" \/>\n<meta property=\"og:site_name\" content=\"Suno Not\u00edcias\" \/>\n<meta property=\"article:publisher\" content=\"https:\/\/facebook.com\/sunoresearch\" \/>\n<meta property=\"og:image\" content=\"https:\/\/files.sunoresearch.com.br\/n\/uploads\/2022\/12\/cobra-parapananema.jpg\" \/>\n\t<meta property=\"og:image:width\" content=\"1200\" \/>\n\t<meta property=\"og:image:height\" content=\"800\" \/>\n\t<meta property=\"og:image:type\" content=\"image\/jpeg\" \/>\n<meta name=\"author\" content=\"Eduardo Vargas\" \/>\n<meta name=\"twitter:card\" content=\"summary_large_image\" \/>\n<meta name=\"twitter:creator\" content=\"@sunoresearch\" \/>\n<meta name=\"twitter:site\" content=\"@sunoresearch\" \/>\n<meta name=\"twitter:label1\" content=\"Escrito por\" \/>\n\t<meta name=\"twitter:data1\" content=\"Eduardo Vargas\" \/>\n\t<meta name=\"twitter:label2\" content=\"Est. tempo de leitura\" \/>\n\t<meta name=\"twitter:data2\" content=\"2 minutos\" \/>\n<script type=\"application\/ld+json\" class=\"yoast-schema-graph\">{\"@context\":\"https:\/\/schema.org\",\"@graph\":[{\"@type\":\"NewsArticle\",\"@id\":\"https:\/\/www.suno.com.br\/noticias\/paranapanema-pmam3-prejuizo-resultado-4t22\/#article\",\"isPartOf\":{\"@id\":\"https:\/\/www.suno.com.br\/noticias\/paranapanema-pmam3-prejuizo-resultado-4t22\/\"},\"author\":{\"name\":\"Eduardo Vargas\",\"@id\":\"https:\/\/www.suno.com.br\/noticias\/#\/schema\/person\/7f4d362bf3518e76090143ae77bb49a5\"},\"headline\":\"Paranapanema (PMAM3) Preju\u00edzo multiplica por seis no 4T22\",\"datePublished\":\"2023-03-18T17:55:15+00:00\",\"dateModified\":\"2023-03-18T18:00:11+00:00\",\"mainEntityOfPage\":{\"@id\":\"https:\/\/www.suno.com.br\/noticias\/paranapanema-pmam3-prejuizo-resultado-4t22\/\"},\"wordCount\":352,\"publisher\":{\"@id\":\"https:\/\/www.suno.com.br\/noticias\/#organization\"},\"image\":{\"@id\":\"https:\/\/www.suno.com.br\/noticias\/paranapanema-pmam3-prejuizo-resultado-4t22\/#primaryimage\"},\"thumbnailUrl\":\"https:\/\/files.sunoresearch.com.br\/n\/uploads\/2022\/12\/cobra-parapananema.jpg\",\"keywords\":[\"A\u00e7\u00f5es\",\"balan\u00e7os trimestrais\",\"Paranapanema (PMAM3)\",\"Resultado das empresas\"],\"articleSection\":[\"Neg\u00f3cios\"],\"inLanguage\":\"pt-BR\"},{\"@type\":\"WebPage\",\"@id\":\"https:\/\/www.suno.com.br\/noticias\/paranapanema-pmam3-prejuizo-resultado-4t22\/\",\"url\":\"https:\/\/www.suno.com.br\/noticias\/paranapanema-pmam3-prejuizo-resultado-4t22\/\",\"name\":\"Paranapanema (PMAM3) Preju\u00edzo multiplica por seis no 4T22\",\"isPartOf\":{\"@id\":\"https:\/\/www.suno.com.br\/noticias\/#website\"},\"primaryImageOfPage\":{\"@id\":\"https:\/\/www.suno.com.br\/noticias\/paranapanema-pmam3-prejuizo-resultado-4t22\/#primaryimage\"},\"image\":{\"@id\":\"https:\/\/www.suno.com.br\/noticias\/paranapanema-pmam3-prejuizo-resultado-4t22\/#primaryimage\"},\"thumbnailUrl\":\"https:\/\/files.sunoresearch.com.br\/n\/uploads\/2022\/12\/cobra-parapananema.jpg\",\"datePublished\":\"2023-03-18T17:55:15+00:00\",\"dateModified\":\"2023-03-18T18:00:11+00:00\",\"description\":\"Com isso, o preju\u00edzo da Paranapanema em 2022 chegou a R$ 1,9 bilh\u00e3o, sendo mais do que o dobro dos R$ 807 milh\u00f5es de 2021. Confira!\",\"breadcrumb\":{\"@id\":\"https:\/\/www.suno.com.br\/noticias\/paranapanema-pmam3-prejuizo-resultado-4t22\/#breadcrumb\"},\"inLanguage\":\"pt-BR\",\"potentialAction\":[{\"@type\":\"ReadAction\",\"target\":[\"https:\/\/www.suno.com.br\/noticias\/paranapanema-pmam3-prejuizo-resultado-4t22\/\"]}]},{\"@type\":\"ImageObject\",\"inLanguage\":\"pt-BR\",\"@id\":\"https:\/\/www.suno.com.br\/noticias\/paranapanema-pmam3-prejuizo-resultado-4t22\/#primaryimage\",\"url\":\"https:\/\/files.sunoresearch.com.br\/n\/uploads\/2022\/12\/cobra-parapananema.jpg\",\"contentUrl\":\"https:\/\/files.sunoresearch.com.br\/n\/uploads\/2022\/12\/cobra-parapananema.jpg\",\"width\":1200,\"height\":800,\"caption\":\"Paranapanema fez pedido de recupera\u00e7\u00e3o judicial nesta quinta-feira (1\u00ba) - Foto: Divulga\u00e7\u00e3o\"},{\"@type\":\"BreadcrumbList\",\"@id\":\"https:\/\/www.suno.com.br\/noticias\/paranapanema-pmam3-prejuizo-resultado-4t22\/#breadcrumb\",\"itemListElement\":[{\"@type\":\"ListItem\",\"position\":1,\"name\":\"Not\u00edcias\",\"item\":\"https:\/\/www.suno.com.br\/noticias\/\"},{\"@type\":\"ListItem\",\"position\":2,\"name\":\"Neg\u00f3cios\",\"item\":\"https:\/\/www.suno.com.br\/noticias\/negocios\/\"},{\"@type\":\"ListItem\",\"position\":3,\"name\":\"Paranapanema (PMAM3) Preju\u00edzo multiplica por seis no 4T22\"}]},{\"@type\":\"WebSite\",\"@id\":\"https:\/\/www.suno.com.br\/noticias\/#website\",\"url\":\"https:\/\/www.suno.com.br\/noticias\/\",\"name\":\"Suno Not\u00edcias\",\"description\":\"Seu portal de informa\u00e7\u00e3o sobre o mundo dos investimentos\",\"publisher\":{\"@id\":\"https:\/\/www.suno.com.br\/noticias\/#organization\"},\"potentialAction\":[{\"@type\":\"SearchAction\",\"target\":{\"@type\":\"EntryPoint\",\"urlTemplate\":\"https:\/\/www.suno.com.br\/noticias\/?s={search_term_string}\"},\"query-input\":{\"@type\":\"PropertyValueSpecification\",\"valueRequired\":true,\"valueName\":\"search_term_string\"}}],\"inLanguage\":\"pt-BR\"},{\"@type\":\"Organization\",\"@id\":\"https:\/\/www.suno.com.br\/noticias\/#organization\",\"name\":\"Suno Not\u00edcias\",\"url\":\"https:\/\/www.suno.com.br\/noticias\/\",\"logo\":{\"@type\":\"ImageObject\",\"inLanguage\":\"pt-BR\",\"@id\":\"https:\/\/www.suno.com.br\/noticias\/#\/schema\/logo\/image\/\",\"url\":\"https:\/\/files.sunoresearch.com.br\/n\/uploads\/2021\/09\/suno-logo.png\",\"contentUrl\":\"https:\/\/files.sunoresearch.com.br\/n\/uploads\/2021\/09\/suno-logo.png\",\"width\":180,\"height\":180,\"caption\":\"Suno Not\u00edcias\"},\"image\":{\"@id\":\"https:\/\/www.suno.com.br\/noticias\/#\/schema\/logo\/image\/\"},\"sameAs\":[\"https:\/\/facebook.com\/sunoresearch\",\"https:\/\/x.com\/sunoresearch\",\"https:\/\/www.instagram.com\/suno\",\"https:\/\/www.linkedin.com\/company\/suno-research\/\",\"https:\/\/www.youtube.com\/c\/sunoresearch\"]},{\"@type\":\"Person\",\"@id\":\"https:\/\/www.suno.com.br\/noticias\/#\/schema\/person\/7f4d362bf3518e76090143ae77bb49a5\",\"name\":\"Eduardo Vargas\",\"image\":{\"@type\":\"ImageObject\",\"inLanguage\":\"pt-BR\",\"@id\":\"https:\/\/www.suno.com.br\/noticias\/#\/schema\/person\/image\/\",\"url\":\"https:\/\/secure.gravatar.com\/avatar\/dac340933427a22924c9f99d1eb2e3f2?s=96&r=g\",\"contentUrl\":\"https:\/\/secure.gravatar.com\/avatar\/dac340933427a22924c9f99d1eb2e3f2?s=96&r=g\",\"caption\":\"Eduardo Vargas\"},\"description\":\"Jornalista formado pela UFSC, cobre macroeconomia, neg\u00f3cios e startups para o Suno Not\u00edcias, escrevendo principalmente not\u00edcias sobre o mercado financeiro e a bolsa de valores. No YouTube e no Instagram, \u00e9 respons\u00e1vel pela produ\u00e7\u00e3o de Reels e Shorts do Suno Not\u00edcias. Anteriormente, trabalhou cobrindo economia e cotidiano no ND+ e para o ND, maior jornal impresso de Santa Catarina. Cursou um semestre letivo de Estudos de M\u00eddia na Universidad de Buenos Aires.\",\"url\":\"https:\/\/www.suno.com.br\/noticias\/author\/eduardo-vargas\/\"}]}<\/script>\n<!-- \/ Yoast SEO plugin. -->","yoast_head_json":{"title":"Paranapanema (PMAM3) Preju\u00edzo multiplica por seis no 4T22","description":"Com isso, o preju\u00edzo da Paranapanema em 2022 chegou a R$ 1,9 bilh\u00e3o, sendo mais do que o dobro dos R$ 807 milh\u00f5es de 2021. Confira!","robots":{"index":"index","follow":"follow","max-snippet":"max-snippet:-1","max-image-preview":"max-image-preview:large","max-video-preview":"max-video-preview:-1"},"canonical":"https:\/\/www.suno.com.br\/noticias\/paranapanema-pmam3-prejuizo-resultado-4t22\/","og_locale":"pt_BR","og_type":"article","og_title":"Paranapanema (PMAM3) Preju\u00edzo multiplica por seis no 4T22","og_description":"Com isso, o preju\u00edzo da Paranapanema em 2022 chegou a R$ 1,9 bilh\u00e3o, sendo mais do que o dobro dos R$ 807 milh\u00f5es de 2021. Confira!","og_url":"https:\/\/www.suno.com.br\/noticias\/paranapanema-pmam3-prejuizo-resultado-4t22\/","og_site_name":"Suno Not\u00edcias","article_publisher":"https:\/\/facebook.com\/sunoresearch","og_image":[{"width":1200,"height":800,"url":"https:\/\/files.sunoresearch.com.br\/n\/uploads\/2022\/12\/cobra-parapananema.jpg","type":"image\/jpeg"}],"author":"Eduardo Vargas","twitter_card":"summary_large_image","twitter_creator":"@sunoresearch","twitter_site":"@sunoresearch","twitter_misc":{"Escrito por":"Eduardo Vargas","Est. tempo de leitura":"2 minutos"},"schema":{"@context":"https:\/\/schema.org","@graph":[{"@type":"NewsArticle","@id":"https:\/\/www.suno.com.br\/noticias\/paranapanema-pmam3-prejuizo-resultado-4t22\/#article","isPartOf":{"@id":"https:\/\/www.suno.com.br\/noticias\/paranapanema-pmam3-prejuizo-resultado-4t22\/"},"author":{"name":"Eduardo Vargas","@id":"https:\/\/www.suno.com.br\/noticias\/#\/schema\/person\/7f4d362bf3518e76090143ae77bb49a5"},"headline":"Paranapanema (PMAM3) Preju\u00edzo multiplica por seis no 4T22","datePublished":"2023-03-18T17:55:15+00:00","dateModified":"2023-03-18T18:00:11+00:00","mainEntityOfPage":{"@id":"https:\/\/www.suno.com.br\/noticias\/paranapanema-pmam3-prejuizo-resultado-4t22\/"},"wordCount":352,"publisher":{"@id":"https:\/\/www.suno.com.br\/noticias\/#organization"},"image":{"@id":"https:\/\/www.suno.com.br\/noticias\/paranapanema-pmam3-prejuizo-resultado-4t22\/#primaryimage"},"thumbnailUrl":"https:\/\/files.sunoresearch.com.br\/n\/uploads\/2022\/12\/cobra-parapananema.jpg","keywords":["A\u00e7\u00f5es","balan\u00e7os trimestrais","Paranapanema (PMAM3)","Resultado das empresas"],"articleSection":["Neg\u00f3cios"],"inLanguage":"pt-BR"},{"@type":"WebPage","@id":"https:\/\/www.suno.com.br\/noticias\/paranapanema-pmam3-prejuizo-resultado-4t22\/","url":"https:\/\/www.suno.com.br\/noticias\/paranapanema-pmam3-prejuizo-resultado-4t22\/","name":"Paranapanema (PMAM3) Preju\u00edzo multiplica por seis no 4T22","isPartOf":{"@id":"https:\/\/www.suno.com.br\/noticias\/#website"},"primaryImageOfPage":{"@id":"https:\/\/www.suno.com.br\/noticias\/paranapanema-pmam3-prejuizo-resultado-4t22\/#primaryimage"},"image":{"@id":"https:\/\/www.suno.com.br\/noticias\/paranapanema-pmam3-prejuizo-resultado-4t22\/#primaryimage"},"thumbnailUrl":"https:\/\/files.sunoresearch.com.br\/n\/uploads\/2022\/12\/cobra-parapananema.jpg","datePublished":"2023-03-18T17:55:15+00:00","dateModified":"2023-03-18T18:00:11+00:00","description":"Com isso, o preju\u00edzo da Paranapanema em 2022 chegou a R$ 1,9 bilh\u00e3o, sendo mais do que o dobro dos R$ 807 milh\u00f5es de 2021. Confira!","breadcrumb":{"@id":"https:\/\/www.suno.com.br\/noticias\/paranapanema-pmam3-prejuizo-resultado-4t22\/#breadcrumb"},"inLanguage":"pt-BR","potentialAction":[{"@type":"ReadAction","target":["https:\/\/www.suno.com.br\/noticias\/paranapanema-pmam3-prejuizo-resultado-4t22\/"]}]},{"@type":"ImageObject","inLanguage":"pt-BR","@id":"https:\/\/www.suno.com.br\/noticias\/paranapanema-pmam3-prejuizo-resultado-4t22\/#primaryimage","url":"https:\/\/files.sunoresearch.com.br\/n\/uploads\/2022\/12\/cobra-parapananema.jpg","contentUrl":"https:\/\/files.sunoresearch.com.br\/n\/uploads\/2022\/12\/cobra-parapananema.jpg","width":1200,"height":800,"caption":"Paranapanema fez pedido de recupera\u00e7\u00e3o judicial nesta quinta-feira (1\u00ba) - Foto: Divulga\u00e7\u00e3o"},{"@type":"BreadcrumbList","@id":"https:\/\/www.suno.com.br\/noticias\/paranapanema-pmam3-prejuizo-resultado-4t22\/#breadcrumb","itemListElement":[{"@type":"ListItem","position":1,"name":"Not\u00edcias","item":"https:\/\/www.suno.com.br\/noticias\/"},{"@type":"ListItem","position":2,"name":"Neg\u00f3cios","item":"https:\/\/www.suno.com.br\/noticias\/negocios\/"},{"@type":"ListItem","position":3,"name":"Paranapanema (PMAM3) Preju\u00edzo multiplica por seis no 4T22"}]},{"@type":"WebSite","@id":"https:\/\/www.suno.com.br\/noticias\/#website","url":"https:\/\/www.suno.com.br\/noticias\/","name":"Suno Not\u00edcias","description":"Seu portal de informa\u00e7\u00e3o sobre o mundo dos investimentos","publisher":{"@id":"https:\/\/www.suno.com.br\/noticias\/#organization"},"potentialAction":[{"@type":"SearchAction","target":{"@type":"EntryPoint","urlTemplate":"https:\/\/www.suno.com.br\/noticias\/?s={search_term_string}"},"query-input":{"@type":"PropertyValueSpecification","valueRequired":true,"valueName":"search_term_string"}}],"inLanguage":"pt-BR"},{"@type":"Organization","@id":"https:\/\/www.suno.com.br\/noticias\/#organization","name":"Suno Not\u00edcias","url":"https:\/\/www.suno.com.br\/noticias\/","logo":{"@type":"ImageObject","inLanguage":"pt-BR","@id":"https:\/\/www.suno.com.br\/noticias\/#\/schema\/logo\/image\/","url":"https:\/\/files.sunoresearch.com.br\/n\/uploads\/2021\/09\/suno-logo.png","contentUrl":"https:\/\/files.sunoresearch.com.br\/n\/uploads\/2021\/09\/suno-logo.png","width":180,"height":180,"caption":"Suno Not\u00edcias"},"image":{"@id":"https:\/\/www.suno.com.br\/noticias\/#\/schema\/logo\/image\/"},"sameAs":["https:\/\/facebook.com\/sunoresearch","https:\/\/x.com\/sunoresearch","https:\/\/www.instagram.com\/suno","https:\/\/www.linkedin.com\/company\/suno-research\/","https:\/\/www.youtube.com\/c\/sunoresearch"]},{"@type":"Person","@id":"https:\/\/www.suno.com.br\/noticias\/#\/schema\/person\/7f4d362bf3518e76090143ae77bb49a5","name":"Eduardo Vargas","image":{"@type":"ImageObject","inLanguage":"pt-BR","@id":"https:\/\/www.suno.com.br\/noticias\/#\/schema\/person\/image\/","url":"https:\/\/secure.gravatar.com\/avatar\/dac340933427a22924c9f99d1eb2e3f2?s=96&r=g","contentUrl":"https:\/\/secure.gravatar.com\/avatar\/dac340933427a22924c9f99d1eb2e3f2?s=96&r=g","caption":"Eduardo Vargas"},"description":"Jornalista formado pela UFSC, cobre macroeconomia, neg\u00f3cios e startups para o Suno Not\u00edcias, escrevendo principalmente not\u00edcias sobre o mercado financeiro e a bolsa de valores. No YouTube e no Instagram, \u00e9 respons\u00e1vel pela produ\u00e7\u00e3o de Reels e Shorts do Suno Not\u00edcias. Anteriormente, trabalhou cobrindo economia e cotidiano no ND+ e para o ND, maior jornal impresso de Santa Catarina. Cursou um semestre letivo de Estudos de M\u00eddia na Universidad de Buenos Aires.","url":"https:\/\/www.suno.com.br\/noticias\/author\/eduardo-vargas\/"}]}},"default_loop_html":"<div class=\"cardsPage__listCard__boxs\"><div class=\"cardsPage__listCard__boxs__img\"><a href=\"https:\/\/www.suno.com.br\/noticias\/paranapanema-pmam3-prejuizo-resultado-4t22\/\"><img class=\"mask\" src=\"https:\/\/www.suno.com.br\/noticias\/wp-content\/themes\/suno\/resources\/images\/spotlight\/spotlight1img\/bg-mask.png\" alt=\"Image Mask\"\/><img src=\"https:\/\/files.sunoresearch.com.br\/n\/uploads\/2022\/12\/cobra-parapananema-400x200.jpg\" alt=\"Paranapanema (PMAM3) Preju\u00edzo multiplica por seis no 4T22\"\/><\/a><span class=\"spotlightCategory\"><a href=\"https:\/\/www.suno.com.br\/noticias\/negocios\/\">Neg\u00f3cios<\/a><\/span><\/div><div class=\"cardsPage__listCard__boxs__content\"><a href=\"https:\/\/www.suno.com.br\/noticias\/paranapanema-pmam3-prejuizo-resultado-4t22\/\"><h2 class=\"content__title\">Paranapanema (PMAM3) Preju\u00edzo multiplica por seis no 4T22<\/h2><\/a><div class=\"newsContent__article__meta\"><div class=\"newsContent__article__meta__authorBox\"><a href=\"https:\/\/www.suno.com.br\/noticias\/author\/eduardo-vargas\/\" class=\"authorBox__avatar noMobi\"><img src=\"https:\/\/secure.gravatar.com\/avatar\/dac340933427a22924c9f99d1eb2e3f2?s=96&#038;r=g\" alt=\"Eduardo Vargas\"><\/a><div class=\"authorBox__name\"><span>por\n\t\t\t<a href=\"https:\/\/www.suno.com.br\/noticias\/author\/eduardo-vargas\/\"><span itemprop=\"author\">Eduardo Vargas<\/span><\/a><\/span><time datetime=\"2023-03-18T14:55:15-03:00\" itemprop=\"datePublished\">18\/03\/2023 14:55<\/time><\/div><\/div><\/div><\/div><\/div>","single_layout":"posts","amp_enabled":true,"_links":{"self":[{"href":"https:\/\/www.suno.com.br\/noticias\/wp-json\/wp\/v2\/posts\/377897"}],"collection":[{"href":"https:\/\/www.suno.com.br\/noticias\/wp-json\/wp\/v2\/posts"}],"about":[{"href":"https:\/\/www.suno.com.br\/noticias\/wp-json\/wp\/v2\/types\/post"}],"author":[{"embeddable":true,"href":"https:\/\/www.suno.com.br\/noticias\/wp-json\/wp\/v2\/users\/73"}],"replies":[{"embeddable":true,"href":"https:\/\/www.suno.com.br\/noticias\/wp-json\/wp\/v2\/comments?post=377897"}],"version-history":[{"count":2,"href":"https:\/\/www.suno.com.br\/noticias\/wp-json\/wp\/v2\/posts\/377897\/revisions"}],"predecessor-version":[{"id":377973,"href":"https:\/\/www.suno.com.br\/noticias\/wp-json\/wp\/v2\/posts\/377897\/revisions\/377973"}],"wp:featuredmedia":[{"embeddable":true,"href":"https:\/\/www.suno.com.br\/noticias\/wp-json\/wp\/v2\/media\/327315"}],"wp:attachment":[{"href":"https:\/\/www.suno.com.br\/noticias\/wp-json\/wp\/v2\/media?parent=377897"}],"wp:term":[{"taxonomy":"category","embeddable":true,"href":"https:\/\/www.suno.com.br\/noticias\/wp-json\/wp\/v2\/categories?post=377897"},{"taxonomy":"post_tag","embeddable":true,"href":"https:\/\/www.suno.com.br\/noticias\/wp-json\/wp\/v2\/tags?post=377897"},{"taxonomy":"suno_strategy","embeddable":true,"href":"https:\/\/www.suno.com.br\/noticias\/wp-json\/wp\/v2\/suno_strategy?post=377897"}],"curies":[{"name":"wp","href":"https:\/\/api.w.org\/{rel}","templated":true}]}}