{"id":37759,"date":"2019-09-16T16:46:03","date_gmt":"2019-09-16T19:46:03","guid":{"rendered":"https:\/\/www.suno.com.br\/noticias\/?p=37759"},"modified":"2019-09-16T16:46:03","modified_gmt":"2019-09-16T19:46:03","slug":"omc-registra-desaceleracao-comercio-internacional-servicos","status":"publish","type":"post","link":"https:\/\/www.suno.com.br\/noticias\/omc-registra-desaceleracao-comercio-internacional-servicos\/","title":{"rendered":"OMC registra desacelera\u00e7\u00e3o no com\u00e9rcio internacional de servi\u00e7os"},"content":{"rendered":"<p>A <a href=\"https:\/\/www.suno.com.br\/artigos\/omc-organizacao-mundial-do-comercio\/\">Organiza\u00e7\u00e3o\u00a0Mundial do Com\u00e9rcio <strong>(OMC)<\/strong><\/a> divulgou nesta segunda-feira (16) o <strong>Bar\u00f4metro<\/strong> do Com\u00e9rcio de Servi\u00e7os, relat\u00f3rio que mostra pontos de viragem e altera\u00e7\u00e3o nos padr\u00f5es do seguimento, representou cerca de um quarto do com\u00e9rcio global em 2018 no valor de US$ 5,8 trilh\u00f5es.\u00a0 A informa\u00e7\u00e3o foi noticiada pelo jornal &#8220;Valor Econ\u00f4mico&#8221;desta segunda.<\/p>\t<div class=\"wrapper-featured-image\">\n\t\t<figure class=\"spotlightImg\">\n\n\t\t\t<picture>\n\t\t\t\t<source media=\"(max-width: 768px)\" srcset=\"https:\/\/files.sunoresearch.com.br\/n\/uploads\/2019\/09\/e022c35e-omc-400x200.webp\">\n\t\t\t\t<img loading=\"lazy\" decoding=\"async\" class=\"newsContent__article__imgCapa lazyloadDisabled newsContent__article__imgCapa--noCaption\" src=\"https:\/\/files.sunoresearch.com.br\/n\/uploads\/2019\/09\/e022c35e-omc-800x450.webp\" width=\"800\" height=\"450\" alt=\"OMC registra desacelera\u00e7\u00e3o no com\u00e9rcio internacional de servi\u00e7os\" fetchpriority=high \/>\n\t\t\t<\/picture>\n\n\t\t\t<figcaption class=\"wp-caption-text wp-caption-text--hide\">OMC (divulga\u00e7\u00e3o)<\/figcaption>\n\t\t<\/figure>\n\t<\/div>\n\n\n<p><span style=\"font-size: 1.21429rem;\">\u00a0<\/span><\/p>\n<p>De acordo com o relat\u00f3rio, o <strong>com\u00e9rcio internacional<\/strong> de servi\u00e7os segue em queda, mesmo apresentando desempenho superior que o com\u00e9rcio de mercadorias.<\/p>\n<p>Os par\u00e2metros do relat\u00f3rio s\u00e3o:<\/p>\n<ul>\n<li>resultado de 100 indica crescimento em linha com as tend\u00eancias de m\u00e9dio prazo.<\/li>\n<li>Superior a 100 mostra um crescimento acima da tend\u00eancia<\/li>\n<li>Inferior a 100 indica queda<\/li>\n<\/ul>\n<p>No segundo trimestre, os resultados mostram decl\u00ednio nos indicadores e revelam perda de dinamismo do com\u00e9rcio internacional de servi\u00e7os.<\/p>\n<p>Os resultados dos indicadores foram os seguintes:<\/p>\n<ul>\n<li>\u00a0<strong>PMI<\/strong> de <strong>servi\u00e7os globais<\/strong> (97,2)<\/li>\n<li>\u00a0<strong>viagens a\u00e9reas<\/strong> de passageiros (95,6)<\/li>\n<li>\u00a0<strong>constru\u00e7\u00e3o<\/strong> (97,0)<\/li>\n<li>\u00a0<strong>servi\u00e7os financeiros<\/strong> (99,7)<\/li>\n<li>\u00a0<strong>servi\u00e7os<\/strong> de <strong>informa\u00e7\u00e3o<\/strong> e <strong>comunica\u00e7\u00f5es<\/strong> est\u00e1 em queda, mas ainda com 100,3 pontos.<\/li>\n<li>\u00a0indicador de <strong>transporte<\/strong> de <strong>cont\u00eaineres<\/strong> ficou acima da tend\u00eancia e em alta no m\u00eas de junho com 100,8 pontos.<\/li>\n<\/ul>\n<h2>Previs\u00e3o pessimista da OMC com crescimento do com\u00e9rcio global<\/h2>\n<p>Em maio, a OMC havia declarado que o <strong>crescimento<\/strong> do <strong>com\u00e9rcio global<\/strong> sobre produtos deveria permanecer fraco no 2\u00ba trimestre. Isso porque o indicador de cen\u00e1rio trimestral apontou que o crescimento da modalidade global deveria ficar em 96,3. Sendo assim, o resultado j\u00e1 era fraco porque est\u00e1 abaixo de 100, al\u00e9m de permanecer no mesmo n\u00edvel desde 2010.<\/p>\n<p>A previs\u00e3o da <strong>OMC<\/strong> feita em abril \u00e9 de que o <strong>com\u00e9rcio global<\/strong> cres\u00e7a 2,6% em 2019. Contudo, com os indicadores abaixo de 100 a expectativa pode n\u00e3o ser atingida. Al\u00e9m disso, a organiza\u00e7\u00e3o\u00a0ressaltou ainda que o \u00edndice pode piorar. Isso caso as tens\u00f5es comerciais, principalmente entre <strong>Estados Unidos<\/strong> e <strong>China,<\/strong> n\u00e3o sejam amenizadas.<\/p>\n\t<p>\n\t\t<a href=\"https:\/\/lp.suno.com.br\/asset\/fundos\/suno-fiagro-snag11\/\" target=\"_blank\" data-element=\"shortcode-suno-banner\" title=\"Banner SUNO, clique e saiba mais\">\n\t\t\t<picture>\n\t\t\t\t<source media=\"(max-width: 500px)\" srcset=\"https:\/\/files.sunoresearch.com.br\/n\/uploads\/2024\/03\/400x300-Mobile-Artigos-1_SNAG.png\">\n\t\t\t\t<img class=\"newsContent__article__imgCapa newsContent__article__imgCapa--banner\"\n\t\t\t\t\tsrc=\"https:\/\/files.sunoresearch.com.br\/n\/uploads\/2024\/03\/1420x240-Banner-Artigos-1-_-Banner-Materias-1_SNAG.png\"\n\t\t\t\t\tdata-promo-id=\"364416\"\t\t\t\t\t\t\t\t\t\twidth='1420' height='240'\t\t\t\t\talt=\"https:\/\/files.sunoresearch.com.br\/n\/uploads\/2024\/03\/1420x240-Banner-Artigos-1-_-Banner-Materias-1_SNAG.png\"\n\t\t\t\t>\n\t\t\t<\/picture>\n\t\t<\/a>\n\t<\/p>\n\n\n<p>&#8220;O cen\u00e1rio para o <strong>com\u00e9rcio<\/strong> pode piorar mais se as elevadas <strong>tens\u00f5es comerciais<\/strong> n\u00e3o forem resolvidas ou se pol\u00edticas macroecon\u00f4micas falharem em se ajustar \u00e0 mudan\u00e7a de circunst\u00e2ncias&#8221;, disse a organiza\u00e7\u00e3o. A <strong>OMC<\/strong> tamb\u00e9m informou que os \u00faltimos <strong>movimentos comerciais<\/strong> n\u00e3o foram refletidos neste indicador.<\/p>\n","protected":false},"excerpt":{"rendered":"<p>A Organiza\u00e7\u00e3o\u00a0Mundial do Com\u00e9rcio (OMC) divulgou nesta segunda-feira (16) o Bar\u00f4metro do Com\u00e9rcio de Servi\u00e7os, relat\u00f3rio que mostra pontos de viragem e altera\u00e7\u00e3o nos padr\u00f5es do seguimento, representou cerca de um quarto do com\u00e9rcio global em 2018 no valor de US$ 5,8 trilh\u00f5es.\u00a0 A informa\u00e7\u00e3o foi noticiada pelo jornal &#8220;Valor Econ\u00f4mico&#8221;desta segunda. OMC (divulga\u00e7\u00e3o) \u00a0 [&hellip;]<\/p>\n","protected":false},"author":23,"featured_media":37763,"comment_status":"closed","ping_status":"closed","sticky":false,"template":"","format":"standard","meta":[],"categories":[63],"tags":[923,813,1944],"suno_strategy":[],"class_list":["post-37759","post","type-post","status-publish","format-standard","has-post-thumbnail","hentry","category-internacional","tag-comercio-exterior","tag-omc","tag-organizacao-mundial-do-comercio-omc"],"yoast_head":"<!-- This site is optimized with the Yoast SEO plugin v24.4 - https:\/\/yoast.com\/wordpress\/plugins\/seo\/ -->\n<title>OMC registra desacelera\u00e7\u00e3o no com\u00e9rcio internacional de servi\u00e7os<\/title>\n<meta name=\"description\" content=\"A OMC divulgou o Bar\u00f4metro do Com\u00e9rcio de Servi\u00e7os, relat\u00f3rio que representou cerca de um quarto do com\u00e9rcio global em 2018. Clique para mais\" \/>\n<meta name=\"robots\" content=\"index, follow, max-snippet:-1, max-image-preview:large, max-video-preview:-1\" \/>\n<link rel=\"canonical\" href=\"https:\/\/www.suno.com.br\/noticias\/omc-registra-desaceleracao-comercio-internacional-servicos\/\" \/>\n<meta property=\"og:locale\" content=\"pt_BR\" \/>\n<meta property=\"og:type\" content=\"article\" \/>\n<meta property=\"og:title\" content=\"OMC registra desacelera\u00e7\u00e3o no com\u00e9rcio internacional de servi\u00e7os\" \/>\n<meta property=\"og:description\" content=\"A OMC divulgou o Bar\u00f4metro do Com\u00e9rcio de Servi\u00e7os, relat\u00f3rio que representou cerca de um quarto do com\u00e9rcio global em 2018. Clique para mais\" \/>\n<meta property=\"og:url\" content=\"https:\/\/www.suno.com.br\/noticias\/omc-registra-desaceleracao-comercio-internacional-servicos\/\" \/>\n<meta property=\"og:site_name\" content=\"Suno Not\u00edcias\" \/>\n<meta property=\"article:publisher\" content=\"https:\/\/facebook.com\/sunoresearch\" \/>\n<meta property=\"og:image\" content=\"https:\/\/files.sunoresearch.com.br\/n\/uploads\/2019\/09\/e022c35e-omc.jpg\" \/>\n\t<meta property=\"og:image:width\" content=\"1149\" \/>\n\t<meta property=\"og:image:height\" content=\"574\" \/>\n\t<meta property=\"og:image:type\" content=\"image\/jpeg\" \/>\n<meta name=\"author\" content=\"Rafael Lara\" \/>\n<meta name=\"twitter:card\" content=\"summary_large_image\" \/>\n<meta name=\"twitter:creator\" content=\"@sunoresearch\" \/>\n<meta name=\"twitter:site\" content=\"@sunoresearch\" \/>\n<meta name=\"twitter:label1\" content=\"Escrito por\" \/>\n\t<meta name=\"twitter:data1\" content=\"Rafael Lara\" \/>\n\t<meta name=\"twitter:label2\" content=\"Est. tempo de leitura\" \/>\n\t<meta name=\"twitter:data2\" content=\"2 minutos\" \/>\n<script type=\"application\/ld+json\" class=\"yoast-schema-graph\">{\"@context\":\"https:\/\/schema.org\",\"@graph\":[{\"@type\":\"NewsArticle\",\"@id\":\"https:\/\/www.suno.com.br\/noticias\/omc-registra-desaceleracao-comercio-internacional-servicos\/#article\",\"isPartOf\":{\"@id\":\"https:\/\/www.suno.com.br\/noticias\/omc-registra-desaceleracao-comercio-internacional-servicos\/\"},\"author\":{\"name\":\"Rafael Lara\",\"@id\":\"https:\/\/www.suno.com.br\/noticias\/#\/schema\/person\/098743caeed97b37f51315c9576c4078\"},\"headline\":\"OMC registra desacelera\u00e7\u00e3o no com\u00e9rcio internacional de servi\u00e7os\",\"datePublished\":\"2019-09-16T19:46:03+00:00\",\"mainEntityOfPage\":{\"@id\":\"https:\/\/www.suno.com.br\/noticias\/omc-registra-desaceleracao-comercio-internacional-servicos\/\"},\"wordCount\":403,\"publisher\":{\"@id\":\"https:\/\/www.suno.com.br\/noticias\/#organization\"},\"image\":{\"@id\":\"https:\/\/www.suno.com.br\/noticias\/omc-registra-desaceleracao-comercio-internacional-servicos\/#primaryimage\"},\"thumbnailUrl\":\"https:\/\/files.sunoresearch.com.br\/n\/uploads\/2019\/09\/e022c35e-omc.jpg\",\"keywords\":[\"comercio exterior\",\"OMC\",\"Organiza\u00e7\u00e3o Mundial do Com\u00e9rcio (OMC)\"],\"articleSection\":[\"Internacional\"],\"inLanguage\":\"pt-BR\"},{\"@type\":\"WebPage\",\"@id\":\"https:\/\/www.suno.com.br\/noticias\/omc-registra-desaceleracao-comercio-internacional-servicos\/\",\"url\":\"https:\/\/www.suno.com.br\/noticias\/omc-registra-desaceleracao-comercio-internacional-servicos\/\",\"name\":\"OMC registra desacelera\u00e7\u00e3o no com\u00e9rcio internacional de servi\u00e7os\",\"isPartOf\":{\"@id\":\"https:\/\/www.suno.com.br\/noticias\/#website\"},\"primaryImageOfPage\":{\"@id\":\"https:\/\/www.suno.com.br\/noticias\/omc-registra-desaceleracao-comercio-internacional-servicos\/#primaryimage\"},\"image\":{\"@id\":\"https:\/\/www.suno.com.br\/noticias\/omc-registra-desaceleracao-comercio-internacional-servicos\/#primaryimage\"},\"thumbnailUrl\":\"https:\/\/files.sunoresearch.com.br\/n\/uploads\/2019\/09\/e022c35e-omc.jpg\",\"datePublished\":\"2019-09-16T19:46:03+00:00\",\"description\":\"A OMC divulgou o Bar\u00f4metro do Com\u00e9rcio de Servi\u00e7os, relat\u00f3rio que representou cerca de um quarto do com\u00e9rcio global em 2018. Clique para mais\",\"breadcrumb\":{\"@id\":\"https:\/\/www.suno.com.br\/noticias\/omc-registra-desaceleracao-comercio-internacional-servicos\/#breadcrumb\"},\"inLanguage\":\"pt-BR\",\"potentialAction\":[{\"@type\":\"ReadAction\",\"target\":[\"https:\/\/www.suno.com.br\/noticias\/omc-registra-desaceleracao-comercio-internacional-servicos\/\"]}]},{\"@type\":\"ImageObject\",\"inLanguage\":\"pt-BR\",\"@id\":\"https:\/\/www.suno.com.br\/noticias\/omc-registra-desaceleracao-comercio-internacional-servicos\/#primaryimage\",\"url\":\"https:\/\/files.sunoresearch.com.br\/n\/uploads\/2019\/09\/e022c35e-omc.jpg\",\"contentUrl\":\"https:\/\/files.sunoresearch.com.br\/n\/uploads\/2019\/09\/e022c35e-omc.jpg\",\"width\":1149,\"height\":574,\"caption\":\"OMC (divulga\u00e7\u00e3o)\"},{\"@type\":\"BreadcrumbList\",\"@id\":\"https:\/\/www.suno.com.br\/noticias\/omc-registra-desaceleracao-comercio-internacional-servicos\/#breadcrumb\",\"itemListElement\":[{\"@type\":\"ListItem\",\"position\":1,\"name\":\"Not\u00edcias\",\"item\":\"https:\/\/www.suno.com.br\/noticias\/\"},{\"@type\":\"ListItem\",\"position\":2,\"name\":\"Internacional\",\"item\":\"https:\/\/www.suno.com.br\/noticias\/internacional\/\"},{\"@type\":\"ListItem\",\"position\":3,\"name\":\"OMC registra desacelera\u00e7\u00e3o no com\u00e9rcio internacional de servi\u00e7os\"}]},{\"@type\":\"WebSite\",\"@id\":\"https:\/\/www.suno.com.br\/noticias\/#website\",\"url\":\"https:\/\/www.suno.com.br\/noticias\/\",\"name\":\"Suno Not\u00edcias\",\"description\":\"Seu portal de informa\u00e7\u00e3o sobre o mundo dos investimentos\",\"publisher\":{\"@id\":\"https:\/\/www.suno.com.br\/noticias\/#organization\"},\"potentialAction\":[{\"@type\":\"SearchAction\",\"target\":{\"@type\":\"EntryPoint\",\"urlTemplate\":\"https:\/\/www.suno.com.br\/noticias\/?s={search_term_string}\"},\"query-input\":{\"@type\":\"PropertyValueSpecification\",\"valueRequired\":true,\"valueName\":\"search_term_string\"}}],\"inLanguage\":\"pt-BR\"},{\"@type\":\"Organization\",\"@id\":\"https:\/\/www.suno.com.br\/noticias\/#organization\",\"name\":\"Suno Not\u00edcias\",\"url\":\"https:\/\/www.suno.com.br\/noticias\/\",\"logo\":{\"@type\":\"ImageObject\",\"inLanguage\":\"pt-BR\",\"@id\":\"https:\/\/www.suno.com.br\/noticias\/#\/schema\/logo\/image\/\",\"url\":\"https:\/\/files.sunoresearch.com.br\/n\/uploads\/2021\/09\/suno-logo.png\",\"contentUrl\":\"https:\/\/files.sunoresearch.com.br\/n\/uploads\/2021\/09\/suno-logo.png\",\"width\":180,\"height\":180,\"caption\":\"Suno Not\u00edcias\"},\"image\":{\"@id\":\"https:\/\/www.suno.com.br\/noticias\/#\/schema\/logo\/image\/\"},\"sameAs\":[\"https:\/\/facebook.com\/sunoresearch\",\"https:\/\/x.com\/sunoresearch\",\"https:\/\/www.instagram.com\/suno\",\"https:\/\/www.linkedin.com\/company\/suno-research\/\",\"https:\/\/www.youtube.com\/c\/sunoresearch\"]},{\"@type\":\"Person\",\"@id\":\"https:\/\/www.suno.com.br\/noticias\/#\/schema\/person\/098743caeed97b37f51315c9576c4078\",\"name\":\"Rafael Lara\",\"image\":{\"@type\":\"ImageObject\",\"inLanguage\":\"pt-BR\",\"@id\":\"https:\/\/www.suno.com.br\/noticias\/#\/schema\/person\/image\/\",\"url\":\"https:\/\/secure.gravatar.com\/avatar\/dfc254ab9bb2ea1895d98b9e9dae4bdd?s=96&r=g\",\"contentUrl\":\"https:\/\/secure.gravatar.com\/avatar\/dfc254ab9bb2ea1895d98b9e9dae4bdd?s=96&r=g\",\"caption\":\"Rafael Lara\"},\"description\":\"Rafael Lara cursa jornalismo na Faculdade C\u00e1sper L\u00edbero. Escreve sobre pol\u00edtica, economia e neg\u00f3cios para o portal Suno Not\u00edcias. Antes, colaborou na TV Gazeta na produ\u00e7\u00e3o do programa Edi\u00e7\u00e3o Extra.\",\"url\":\"https:\/\/www.suno.com.br\/noticias\/author\/rafael\/\"}]}<\/script>\n<!-- \/ Yoast SEO plugin. -->","yoast_head_json":{"title":"OMC registra desacelera\u00e7\u00e3o no com\u00e9rcio internacional de servi\u00e7os","description":"A OMC divulgou o Bar\u00f4metro do Com\u00e9rcio de Servi\u00e7os, relat\u00f3rio que representou cerca de um quarto do com\u00e9rcio global em 2018. Clique para mais","robots":{"index":"index","follow":"follow","max-snippet":"max-snippet:-1","max-image-preview":"max-image-preview:large","max-video-preview":"max-video-preview:-1"},"canonical":"https:\/\/www.suno.com.br\/noticias\/omc-registra-desaceleracao-comercio-internacional-servicos\/","og_locale":"pt_BR","og_type":"article","og_title":"OMC registra desacelera\u00e7\u00e3o no com\u00e9rcio internacional de servi\u00e7os","og_description":"A OMC divulgou o Bar\u00f4metro do Com\u00e9rcio de Servi\u00e7os, relat\u00f3rio que representou cerca de um quarto do com\u00e9rcio global em 2018. Clique para mais","og_url":"https:\/\/www.suno.com.br\/noticias\/omc-registra-desaceleracao-comercio-internacional-servicos\/","og_site_name":"Suno Not\u00edcias","article_publisher":"https:\/\/facebook.com\/sunoresearch","og_image":[{"width":1149,"height":574,"url":"https:\/\/files.sunoresearch.com.br\/n\/uploads\/2019\/09\/e022c35e-omc.jpg","type":"image\/jpeg"}],"author":"Rafael Lara","twitter_card":"summary_large_image","twitter_creator":"@sunoresearch","twitter_site":"@sunoresearch","twitter_misc":{"Escrito por":"Rafael Lara","Est. tempo de leitura":"2 minutos"},"schema":{"@context":"https:\/\/schema.org","@graph":[{"@type":"NewsArticle","@id":"https:\/\/www.suno.com.br\/noticias\/omc-registra-desaceleracao-comercio-internacional-servicos\/#article","isPartOf":{"@id":"https:\/\/www.suno.com.br\/noticias\/omc-registra-desaceleracao-comercio-internacional-servicos\/"},"author":{"name":"Rafael Lara","@id":"https:\/\/www.suno.com.br\/noticias\/#\/schema\/person\/098743caeed97b37f51315c9576c4078"},"headline":"OMC registra desacelera\u00e7\u00e3o no com\u00e9rcio internacional de servi\u00e7os","datePublished":"2019-09-16T19:46:03+00:00","mainEntityOfPage":{"@id":"https:\/\/www.suno.com.br\/noticias\/omc-registra-desaceleracao-comercio-internacional-servicos\/"},"wordCount":403,"publisher":{"@id":"https:\/\/www.suno.com.br\/noticias\/#organization"},"image":{"@id":"https:\/\/www.suno.com.br\/noticias\/omc-registra-desaceleracao-comercio-internacional-servicos\/#primaryimage"},"thumbnailUrl":"https:\/\/files.sunoresearch.com.br\/n\/uploads\/2019\/09\/e022c35e-omc.jpg","keywords":["comercio exterior","OMC","Organiza\u00e7\u00e3o Mundial do Com\u00e9rcio (OMC)"],"articleSection":["Internacional"],"inLanguage":"pt-BR"},{"@type":"WebPage","@id":"https:\/\/www.suno.com.br\/noticias\/omc-registra-desaceleracao-comercio-internacional-servicos\/","url":"https:\/\/www.suno.com.br\/noticias\/omc-registra-desaceleracao-comercio-internacional-servicos\/","name":"OMC registra desacelera\u00e7\u00e3o no com\u00e9rcio internacional de servi\u00e7os","isPartOf":{"@id":"https:\/\/www.suno.com.br\/noticias\/#website"},"primaryImageOfPage":{"@id":"https:\/\/www.suno.com.br\/noticias\/omc-registra-desaceleracao-comercio-internacional-servicos\/#primaryimage"},"image":{"@id":"https:\/\/www.suno.com.br\/noticias\/omc-registra-desaceleracao-comercio-internacional-servicos\/#primaryimage"},"thumbnailUrl":"https:\/\/files.sunoresearch.com.br\/n\/uploads\/2019\/09\/e022c35e-omc.jpg","datePublished":"2019-09-16T19:46:03+00:00","description":"A OMC divulgou o Bar\u00f4metro do Com\u00e9rcio de Servi\u00e7os, relat\u00f3rio que representou cerca de um quarto do com\u00e9rcio global em 2018. Clique para mais","breadcrumb":{"@id":"https:\/\/www.suno.com.br\/noticias\/omc-registra-desaceleracao-comercio-internacional-servicos\/#breadcrumb"},"inLanguage":"pt-BR","potentialAction":[{"@type":"ReadAction","target":["https:\/\/www.suno.com.br\/noticias\/omc-registra-desaceleracao-comercio-internacional-servicos\/"]}]},{"@type":"ImageObject","inLanguage":"pt-BR","@id":"https:\/\/www.suno.com.br\/noticias\/omc-registra-desaceleracao-comercio-internacional-servicos\/#primaryimage","url":"https:\/\/files.sunoresearch.com.br\/n\/uploads\/2019\/09\/e022c35e-omc.jpg","contentUrl":"https:\/\/files.sunoresearch.com.br\/n\/uploads\/2019\/09\/e022c35e-omc.jpg","width":1149,"height":574,"caption":"OMC (divulga\u00e7\u00e3o)"},{"@type":"BreadcrumbList","@id":"https:\/\/www.suno.com.br\/noticias\/omc-registra-desaceleracao-comercio-internacional-servicos\/#breadcrumb","itemListElement":[{"@type":"ListItem","position":1,"name":"Not\u00edcias","item":"https:\/\/www.suno.com.br\/noticias\/"},{"@type":"ListItem","position":2,"name":"Internacional","item":"https:\/\/www.suno.com.br\/noticias\/internacional\/"},{"@type":"ListItem","position":3,"name":"OMC registra desacelera\u00e7\u00e3o no com\u00e9rcio internacional de servi\u00e7os"}]},{"@type":"WebSite","@id":"https:\/\/www.suno.com.br\/noticias\/#website","url":"https:\/\/www.suno.com.br\/noticias\/","name":"Suno Not\u00edcias","description":"Seu portal de informa\u00e7\u00e3o sobre o mundo dos investimentos","publisher":{"@id":"https:\/\/www.suno.com.br\/noticias\/#organization"},"potentialAction":[{"@type":"SearchAction","target":{"@type":"EntryPoint","urlTemplate":"https:\/\/www.suno.com.br\/noticias\/?s={search_term_string}"},"query-input":{"@type":"PropertyValueSpecification","valueRequired":true,"valueName":"search_term_string"}}],"inLanguage":"pt-BR"},{"@type":"Organization","@id":"https:\/\/www.suno.com.br\/noticias\/#organization","name":"Suno Not\u00edcias","url":"https:\/\/www.suno.com.br\/noticias\/","logo":{"@type":"ImageObject","inLanguage":"pt-BR","@id":"https:\/\/www.suno.com.br\/noticias\/#\/schema\/logo\/image\/","url":"https:\/\/files.sunoresearch.com.br\/n\/uploads\/2021\/09\/suno-logo.png","contentUrl":"https:\/\/files.sunoresearch.com.br\/n\/uploads\/2021\/09\/suno-logo.png","width":180,"height":180,"caption":"Suno Not\u00edcias"},"image":{"@id":"https:\/\/www.suno.com.br\/noticias\/#\/schema\/logo\/image\/"},"sameAs":["https:\/\/facebook.com\/sunoresearch","https:\/\/x.com\/sunoresearch","https:\/\/www.instagram.com\/suno","https:\/\/www.linkedin.com\/company\/suno-research\/","https:\/\/www.youtube.com\/c\/sunoresearch"]},{"@type":"Person","@id":"https:\/\/www.suno.com.br\/noticias\/#\/schema\/person\/098743caeed97b37f51315c9576c4078","name":"Rafael Lara","image":{"@type":"ImageObject","inLanguage":"pt-BR","@id":"https:\/\/www.suno.com.br\/noticias\/#\/schema\/person\/image\/","url":"https:\/\/secure.gravatar.com\/avatar\/dfc254ab9bb2ea1895d98b9e9dae4bdd?s=96&r=g","contentUrl":"https:\/\/secure.gravatar.com\/avatar\/dfc254ab9bb2ea1895d98b9e9dae4bdd?s=96&r=g","caption":"Rafael Lara"},"description":"Rafael Lara cursa jornalismo na Faculdade C\u00e1sper L\u00edbero. Escreve sobre pol\u00edtica, economia e neg\u00f3cios para o portal Suno Not\u00edcias. Antes, colaborou na TV Gazeta na produ\u00e7\u00e3o do programa Edi\u00e7\u00e3o Extra.","url":"https:\/\/www.suno.com.br\/noticias\/author\/rafael\/"}]}},"default_loop_html":"<div class=\"cardsPage__listCard__boxs\"><div class=\"cardsPage__listCard__boxs__img\"><a href=\"https:\/\/www.suno.com.br\/noticias\/omc-registra-desaceleracao-comercio-internacional-servicos\/\"><img class=\"mask\" src=\"https:\/\/www.suno.com.br\/noticias\/wp-content\/themes\/suno\/resources\/images\/spotlight\/spotlight1img\/bg-mask.png\" alt=\"Image Mask\"\/><img src=\"https:\/\/files.sunoresearch.com.br\/n\/uploads\/2019\/09\/e022c35e-omc-400x200.webp\" alt=\"OMC registra desacelera\u00e7\u00e3o no com\u00e9rcio internacional de servi\u00e7os\"\/><\/a><span class=\"spotlightCategory\"><a href=\"https:\/\/www.suno.com.br\/noticias\/internacional\/\">Internacional<\/a><\/span><\/div><div class=\"cardsPage__listCard__boxs__content\"><a href=\"https:\/\/www.suno.com.br\/noticias\/omc-registra-desaceleracao-comercio-internacional-servicos\/\"><h2 class=\"content__title\">OMC registra desacelera\u00e7\u00e3o no com\u00e9rcio internacional de servi\u00e7os<\/h2><\/a><div class=\"newsContent__article__meta\"><div class=\"newsContent__article__meta__authorBox\"><a href=\"https:\/\/www.suno.com.br\/noticias\/author\/rafael\/\" class=\"authorBox__avatar noMobi\"><img src=\"https:\/\/secure.gravatar.com\/avatar\/dfc254ab9bb2ea1895d98b9e9dae4bdd?s=96&#038;r=g\" alt=\"Rafael Lara\"><\/a><div class=\"authorBox__name\"><span>por\n\t\t\t<a href=\"https:\/\/www.suno.com.br\/noticias\/author\/rafael\/\"><span itemprop=\"author\">Rafael Lara<\/span><\/a><\/span><time datetime=\"2019-09-16T16:46:03-03:00\" itemprop=\"datePublished\">16\/09\/2019 16:46<\/time><\/div><\/div><\/div><\/div><\/div>","single_layout":"posts","amp_enabled":true,"_links":{"self":[{"href":"https:\/\/www.suno.com.br\/noticias\/wp-json\/wp\/v2\/posts\/37759"}],"collection":[{"href":"https:\/\/www.suno.com.br\/noticias\/wp-json\/wp\/v2\/posts"}],"about":[{"href":"https:\/\/www.suno.com.br\/noticias\/wp-json\/wp\/v2\/types\/post"}],"author":[{"embeddable":true,"href":"https:\/\/www.suno.com.br\/noticias\/wp-json\/wp\/v2\/users\/23"}],"replies":[{"embeddable":true,"href":"https:\/\/www.suno.com.br\/noticias\/wp-json\/wp\/v2\/comments?post=37759"}],"version-history":[{"count":0,"href":"https:\/\/www.suno.com.br\/noticias\/wp-json\/wp\/v2\/posts\/37759\/revisions"}],"wp:featuredmedia":[{"embeddable":true,"href":"https:\/\/www.suno.com.br\/noticias\/wp-json\/wp\/v2\/media\/37763"}],"wp:attachment":[{"href":"https:\/\/www.suno.com.br\/noticias\/wp-json\/wp\/v2\/media?parent=37759"}],"wp:term":[{"taxonomy":"category","embeddable":true,"href":"https:\/\/www.suno.com.br\/noticias\/wp-json\/wp\/v2\/categories?post=37759"},{"taxonomy":"post_tag","embeddable":true,"href":"https:\/\/www.suno.com.br\/noticias\/wp-json\/wp\/v2\/tags?post=37759"},{"taxonomy":"suno_strategy","embeddable":true,"href":"https:\/\/www.suno.com.br\/noticias\/wp-json\/wp\/v2\/suno_strategy?post=37759"}],"curies":[{"name":"wp","href":"https:\/\/api.w.org\/{rel}","templated":true}]}}