{"id":37756,"date":"2019-09-16T16:29:16","date_gmt":"2019-09-16T19:29:16","guid":{"rendered":"https:\/\/www.suno.com.br\/noticias\/?p=37756"},"modified":"2019-09-16T16:31:24","modified_gmt":"2019-09-16T19:31:24","slug":"apple-recorrera-de-ordem-pagar-13-bi-euros-impostos-ue","status":"publish","type":"post","link":"https:\/\/www.suno.com.br\/noticias\/apple-recorrera-de-ordem-pagar-13-bi-euros-impostos-ue\/","title":{"rendered":"Apple recorrer\u00e1 de processo de 13 bi de euros da Comiss\u00e3o Europeia"},"content":{"rendered":"<p>A Apple recorrer\u00e1 na pr\u00f3xima ter\u00e7a-feira (17) contra o pagamento de 13 bilh\u00f5es de euros (cerca de R$ 58 bilh\u00f5es) em impostos para a <strong><a href=\"https:\/\/www.suno.com.br\/artigos\/uniao-europeia\/\">Uni\u00e3o Europeia (UE)<\/a><\/strong>. A informa\u00e7\u00e3o foi publicada pela ag\u00eancia de not\u00edcias &#8220;Reuters&#8221;.<\/p>\t<div class=\"wrapper-featured-image\">\n\t\t<figure class=\"spotlightImg\">\n\n\t\t\t<picture>\n\t\t\t\t<source media=\"(max-width: 768px)\" srcset=\"https:\/\/files.sunoresearch.com.br\/n\/uploads\/2019\/06\/f03867fb-apple-400x200.webp\">\n\t\t\t\t<img loading=\"lazy\" decoding=\"async\" class=\"newsContent__article__imgCapa lazyloadDisabled newsContent__article__imgCapa--noCaption\" src=\"https:\/\/files.sunoresearch.com.br\/n\/uploads\/2019\/06\/f03867fb-apple-jpg.webp\" width=\"800\" height=\"450\" alt=\"Apple recorrer\u00e1 de processo de 13 bi de euros da Comiss\u00e3o Europeia\" fetchpriority=high \/>\n\t\t\t<\/picture>\n\n\t\t\t<figcaption class=\"wp-caption-text wp-caption-text--hide\">Por que a Apple poderia criar um buscador pr\u00f3prio<\/figcaption>\n\t\t<\/figure>\n\t<\/div>\n\n\n\n<p>A gigante de tecnologia dos Estados Unidos foi penalizada por conta <strong>impostos<\/strong> atrasados na <strong>Irlanda<\/strong>. Como argumento, a <strong>Apple<\/strong> afirmar\u00e1 que seguiu as leis tribut\u00e1rias irlandesas e norte-americanas, portanto, n\u00e3o fez nada de errado.<\/p>\n<p>Al\u00e9m disso, a empresa argumentar\u00e1 que deve grande parte dos seus impostos ao governo norte-americano. Isto pois grande parte de seus produtos s\u00e3o produzidos l\u00e1, desde a parte de engenharia ao desenvolvimento e design.<\/p>\n<p>A companhia enviar\u00e1 um grupo de seis pessoas, liderado por seu vice-presidente financeiro, Luca Maestri, para a audi\u00eancia na UE. O processo judici\u00e1rio ocorrer\u00e1 no Tribunal Geral de Luxemburgo.<\/p>\n<p>Para a Comiss\u00e3o Europeia, as altera\u00e7\u00f5es fiscais na Irlanda em 1991 e 2007 fizeram com que a carga tribut\u00e1ria da <strong>Apple<\/strong> fosse reduzida por mais de 20 anos. Com isso, a empresa foi beneficiada de forma ilegal.<\/p>\n\t<p>\n\t\t<a href=\"https:\/\/lp.suno.com.br\/lm\/simulador-de-renda-passiva\/\" target=\"_blank\" data-element=\"shortcode-suno-banner\" title=\"Banner SUNO, clique e saiba mais\">\n\t\t\t<picture>\n\t\t\t\t<source media=\"(max-width: 500px)\" srcset=\"https:\/\/files.sunoresearch.com.br\/n\/uploads\/2024\/04\/Lead-Magnet-400x300-1.png\">\n\t\t\t\t<img class=\"newsContent__article__imgCapa newsContent__article__imgCapa--banner\"\n\t\t\t\t\tsrc=\"https:\/\/files.sunoresearch.com.br\/n\/uploads\/2024\/04\/Lead-Magnet-1420x240-1.png\"\n\t\t\t\t\tdata-promo-id=\"543552\"\t\t\t\t\t\t\t\t\t\twidth='1420' height='240'\t\t\t\t\talt=\"https:\/\/files.sunoresearch.com.br\/n\/uploads\/2024\/04\/Lead-Magnet-1420x240-1.png\"\n\t\t\t\t>\n\t\t\t<\/picture>\n\t\t<\/a>\n\t<\/p>\n\n\n<p>O governo irland\u00eas tamb\u00e9m est\u00e1 contestando a decis\u00e3o da UE. Segundo os representantes da Irlanda, a Comiss\u00e3o Europeia est\u00e1 fazendo uso excessivo de seus poderes. Com isso, o \u00f3rg\u00e3o estaria interferindo na soberania nacional dos membros do bloco em rela\u00e7\u00e3o \u00e0s quest\u00f5es fiscais.<\/p>\n<p>As empresas multinacionais s\u00e3o respons\u00e1vel por empregar cerca de 10% da for\u00e7a de trabalho na Irlanda. Por conta disso, o governo oferece um regime tribut\u00e1rio favor\u00e1vel \u00e0 essas companhias.<\/p>\n<h2>Apple multada pelo Procon<\/h2>\n<p>No final do m\u00eas passado, a gigante da tecnologia foi multada em R$ 7.744.320,00 pelo Procon SP. A funda\u00e7\u00e3o informou que a <strong>Apple\u00a0<\/strong>violou o C\u00f3digo de Defesa do Consumidor (CDC) por conta do aplicativo FaceApp.<\/p>\n<p><a href=\"https:\/\/www.suno.com.br\/noticias\/procon-sp-google-apple-multa\/\">Saiba mais: Procon multa Google e Apple por aplicativo que envelhece rostos<\/a><\/p>\n<p>O Google tamb\u00e9m foi multado. Afinal, as duas empresas eram fornecedoras autorizadas do aplicativo em suas plataformas. O aplicativo ficou conhecido em julho por envelhecer os rostos dos usu\u00e1rios.<\/p>\n<p>Embora ainda pudesse recorrer da multa, a <strong>Apple\u00a0<\/strong>informou em nota que n\u00e3o iria comentar o assunto.<\/p>\n","protected":false},"excerpt":{"rendered":"<p>A Apple recorrer\u00e1 na pr\u00f3xima ter\u00e7a-feira (17) contra o pagamento de 13 bilh\u00f5es de euros (cerca de R$ 58 bilh\u00f5es) em impostos para a Uni\u00e3o Europeia (UE). A informa\u00e7\u00e3o foi publicada pela ag\u00eancia de not\u00edcias &#8220;Reuters&#8221;. Por que a Apple poderia criar um buscador pr\u00f3prio A gigante de tecnologia dos Estados Unidos foi penalizada por [&hellip;]<\/p>\n","protected":false},"author":18,"featured_media":28697,"comment_status":"closed","ping_status":"closed","sticky":false,"template":"","format":"standard","meta":[],"categories":[64],"tags":[794,1098,704,1579],"suno_strategy":[],"class_list":["post-37756","post","type-post","status-publish","format-standard","has-post-thumbnail","hentry","category-negocios","tag-apple-aapl34","tag-comissao-europeia","tag-impostos","tag-irlanda"],"yoast_head":"<!-- This site is optimized with the Yoast SEO plugin v24.4 - https:\/\/yoast.com\/wordpress\/plugins\/seo\/ -->\n<title>Apple recorrer\u00e1 de processo de 13 bi de euros da Comiss\u00e3o Europeia<\/title>\n<meta name=\"description\" content=\"A Apple recorrer\u00e1 contra o pagamento de 13 bilh\u00f5es de euros em impostos para a Comiss\u00e3o Europeia. Clique para saber mais.\" \/>\n<meta name=\"robots\" content=\"index, follow, max-snippet:-1, max-image-preview:large, max-video-preview:-1\" \/>\n<link rel=\"canonical\" href=\"https:\/\/www.suno.com.br\/noticias\/apple-recorrera-de-ordem-pagar-13-bi-euros-impostos-ue\/\" \/>\n<meta property=\"og:locale\" content=\"pt_BR\" \/>\n<meta property=\"og:type\" content=\"article\" \/>\n<meta property=\"og:title\" content=\"Apple recorrer\u00e1 de processo de 13 bi de euros da Comiss\u00e3o Europeia\" \/>\n<meta property=\"og:description\" content=\"A Apple recorrer\u00e1 contra o pagamento de 13 bilh\u00f5es de euros em impostos para a Comiss\u00e3o Europeia. Clique para saber mais.\" \/>\n<meta property=\"og:url\" content=\"https:\/\/www.suno.com.br\/noticias\/apple-recorrera-de-ordem-pagar-13-bi-euros-impostos-ue\/\" \/>\n<meta property=\"og:site_name\" content=\"Suno Not\u00edcias\" \/>\n<meta property=\"article:publisher\" content=\"https:\/\/facebook.com\/sunoresearch\" \/>\n<meta property=\"og:image\" content=\"https:\/\/files.sunoresearch.com.br\/n\/uploads\/2019\/06\/f03867fb-apple.jpg\" \/>\n\t<meta property=\"og:image:width\" content=\"748\" \/>\n\t<meta property=\"og:image:height\" content=\"410\" \/>\n\t<meta property=\"og:image:type\" content=\"image\/jpeg\" \/>\n<meta name=\"author\" content=\"Giovanna Oliveira\" \/>\n<meta name=\"twitter:card\" content=\"summary_large_image\" \/>\n<meta name=\"twitter:creator\" content=\"@sunoresearch\" \/>\n<meta name=\"twitter:site\" content=\"@sunoresearch\" \/>\n<meta name=\"twitter:label1\" content=\"Escrito por\" \/>\n\t<meta name=\"twitter:data1\" content=\"Giovanna Oliveira\" \/>\n\t<meta name=\"twitter:label2\" content=\"Est. tempo de leitura\" \/>\n\t<meta name=\"twitter:data2\" content=\"2 minutos\" \/>\n<script type=\"application\/ld+json\" class=\"yoast-schema-graph\">{\"@context\":\"https:\/\/schema.org\",\"@graph\":[{\"@type\":\"NewsArticle\",\"@id\":\"https:\/\/www.suno.com.br\/noticias\/apple-recorrera-de-ordem-pagar-13-bi-euros-impostos-ue\/#article\",\"isPartOf\":{\"@id\":\"https:\/\/www.suno.com.br\/noticias\/apple-recorrera-de-ordem-pagar-13-bi-euros-impostos-ue\/\"},\"author\":{\"name\":\"Giovanna Oliveira\",\"@id\":\"https:\/\/www.suno.com.br\/noticias\/#\/schema\/person\/4e19e3d2575736e5283d58eb3199d120\"},\"headline\":\"Apple recorrer\u00e1 de processo de 13 bi de euros da Comiss\u00e3o Europeia\",\"datePublished\":\"2019-09-16T19:29:16+00:00\",\"dateModified\":\"2019-09-16T19:31:24+00:00\",\"mainEntityOfPage\":{\"@id\":\"https:\/\/www.suno.com.br\/noticias\/apple-recorrera-de-ordem-pagar-13-bi-euros-impostos-ue\/\"},\"wordCount\":383,\"publisher\":{\"@id\":\"https:\/\/www.suno.com.br\/noticias\/#organization\"},\"image\":{\"@id\":\"https:\/\/www.suno.com.br\/noticias\/apple-recorrera-de-ordem-pagar-13-bi-euros-impostos-ue\/#primaryimage\"},\"thumbnailUrl\":\"https:\/\/files.sunoresearch.com.br\/n\/uploads\/2019\/06\/f03867fb-apple-jpg.webp\",\"keywords\":[\"Apple (AAPL34)\",\"Comiss\u00e3o Europeia\",\"impostos\",\"Irlanda\"],\"articleSection\":[\"Neg\u00f3cios\"],\"inLanguage\":\"pt-BR\"},{\"@type\":\"WebPage\",\"@id\":\"https:\/\/www.suno.com.br\/noticias\/apple-recorrera-de-ordem-pagar-13-bi-euros-impostos-ue\/\",\"url\":\"https:\/\/www.suno.com.br\/noticias\/apple-recorrera-de-ordem-pagar-13-bi-euros-impostos-ue\/\",\"name\":\"Apple recorrer\u00e1 de processo de 13 bi de euros da Comiss\u00e3o Europeia\",\"isPartOf\":{\"@id\":\"https:\/\/www.suno.com.br\/noticias\/#website\"},\"primaryImageOfPage\":{\"@id\":\"https:\/\/www.suno.com.br\/noticias\/apple-recorrera-de-ordem-pagar-13-bi-euros-impostos-ue\/#primaryimage\"},\"image\":{\"@id\":\"https:\/\/www.suno.com.br\/noticias\/apple-recorrera-de-ordem-pagar-13-bi-euros-impostos-ue\/#primaryimage\"},\"thumbnailUrl\":\"https:\/\/files.sunoresearch.com.br\/n\/uploads\/2019\/06\/f03867fb-apple-jpg.webp\",\"datePublished\":\"2019-09-16T19:29:16+00:00\",\"dateModified\":\"2019-09-16T19:31:24+00:00\",\"description\":\"A Apple recorrer\u00e1 contra o pagamento de 13 bilh\u00f5es de euros em impostos para a Comiss\u00e3o Europeia. Clique para saber mais.\",\"breadcrumb\":{\"@id\":\"https:\/\/www.suno.com.br\/noticias\/apple-recorrera-de-ordem-pagar-13-bi-euros-impostos-ue\/#breadcrumb\"},\"inLanguage\":\"pt-BR\",\"potentialAction\":[{\"@type\":\"ReadAction\",\"target\":[\"https:\/\/www.suno.com.br\/noticias\/apple-recorrera-de-ordem-pagar-13-bi-euros-impostos-ue\/\"]}]},{\"@type\":\"ImageObject\",\"inLanguage\":\"pt-BR\",\"@id\":\"https:\/\/www.suno.com.br\/noticias\/apple-recorrera-de-ordem-pagar-13-bi-euros-impostos-ue\/#primaryimage\",\"url\":\"https:\/\/files.sunoresearch.com.br\/n\/uploads\/2019\/06\/f03867fb-apple-jpg.webp\",\"contentUrl\":\"https:\/\/files.sunoresearch.com.br\/n\/uploads\/2019\/06\/f03867fb-apple-jpg.webp\",\"width\":748,\"height\":410,\"caption\":\"Por que a Apple poderia criar um buscador pr\u00f3prio\"},{\"@type\":\"BreadcrumbList\",\"@id\":\"https:\/\/www.suno.com.br\/noticias\/apple-recorrera-de-ordem-pagar-13-bi-euros-impostos-ue\/#breadcrumb\",\"itemListElement\":[{\"@type\":\"ListItem\",\"position\":1,\"name\":\"Not\u00edcias\",\"item\":\"https:\/\/www.suno.com.br\/noticias\/\"},{\"@type\":\"ListItem\",\"position\":2,\"name\":\"Neg\u00f3cios\",\"item\":\"https:\/\/www.suno.com.br\/noticias\/negocios\/\"},{\"@type\":\"ListItem\",\"position\":3,\"name\":\"Apple recorrer\u00e1 de processo de 13 bi de euros da Comiss\u00e3o Europeia\"}]},{\"@type\":\"WebSite\",\"@id\":\"https:\/\/www.suno.com.br\/noticias\/#website\",\"url\":\"https:\/\/www.suno.com.br\/noticias\/\",\"name\":\"Suno Not\u00edcias\",\"description\":\"Seu portal de informa\u00e7\u00e3o sobre o mundo dos investimentos\",\"publisher\":{\"@id\":\"https:\/\/www.suno.com.br\/noticias\/#organization\"},\"potentialAction\":[{\"@type\":\"SearchAction\",\"target\":{\"@type\":\"EntryPoint\",\"urlTemplate\":\"https:\/\/www.suno.com.br\/noticias\/?s={search_term_string}\"},\"query-input\":{\"@type\":\"PropertyValueSpecification\",\"valueRequired\":true,\"valueName\":\"search_term_string\"}}],\"inLanguage\":\"pt-BR\"},{\"@type\":\"Organization\",\"@id\":\"https:\/\/www.suno.com.br\/noticias\/#organization\",\"name\":\"Suno Not\u00edcias\",\"url\":\"https:\/\/www.suno.com.br\/noticias\/\",\"logo\":{\"@type\":\"ImageObject\",\"inLanguage\":\"pt-BR\",\"@id\":\"https:\/\/www.suno.com.br\/noticias\/#\/schema\/logo\/image\/\",\"url\":\"https:\/\/files.sunoresearch.com.br\/n\/uploads\/2021\/09\/suno-logo.png\",\"contentUrl\":\"https:\/\/files.sunoresearch.com.br\/n\/uploads\/2021\/09\/suno-logo.png\",\"width\":180,\"height\":180,\"caption\":\"Suno Not\u00edcias\"},\"image\":{\"@id\":\"https:\/\/www.suno.com.br\/noticias\/#\/schema\/logo\/image\/\"},\"sameAs\":[\"https:\/\/facebook.com\/sunoresearch\",\"https:\/\/x.com\/sunoresearch\",\"https:\/\/www.instagram.com\/suno\",\"https:\/\/www.linkedin.com\/company\/suno-research\/\",\"https:\/\/www.youtube.com\/c\/sunoresearch\"]},{\"@type\":\"Person\",\"@id\":\"https:\/\/www.suno.com.br\/noticias\/#\/schema\/person\/4e19e3d2575736e5283d58eb3199d120\",\"name\":\"Giovanna Oliveira\",\"image\":{\"@type\":\"ImageObject\",\"inLanguage\":\"pt-BR\",\"@id\":\"https:\/\/www.suno.com.br\/noticias\/#\/schema\/person\/image\/\",\"url\":\"https:\/\/secure.gravatar.com\/avatar\/9a37b3ae208962ac568992d0ffdbc2eb?s=96&r=g\",\"contentUrl\":\"https:\/\/secure.gravatar.com\/avatar\/9a37b3ae208962ac568992d0ffdbc2eb?s=96&r=g\",\"caption\":\"Giovanna Oliveira\"},\"description\":\"Giovanna Oliveira escreve sobre economia e pol\u00edtica. Foi rep\u00f3rter do portal de jornalismo da ESPM-SP e produziu conte\u00fado para a Corinthians TV. \u00c9 estudante da ESPM.\",\"url\":\"https:\/\/www.suno.com.br\/noticias\/author\/giovanna\/\"}]}<\/script>\n<!-- \/ Yoast SEO plugin. -->","yoast_head_json":{"title":"Apple recorrer\u00e1 de processo de 13 bi de euros da Comiss\u00e3o Europeia","description":"A Apple recorrer\u00e1 contra o pagamento de 13 bilh\u00f5es de euros em impostos para a Comiss\u00e3o Europeia. Clique para saber mais.","robots":{"index":"index","follow":"follow","max-snippet":"max-snippet:-1","max-image-preview":"max-image-preview:large","max-video-preview":"max-video-preview:-1"},"canonical":"https:\/\/www.suno.com.br\/noticias\/apple-recorrera-de-ordem-pagar-13-bi-euros-impostos-ue\/","og_locale":"pt_BR","og_type":"article","og_title":"Apple recorrer\u00e1 de processo de 13 bi de euros da Comiss\u00e3o Europeia","og_description":"A Apple recorrer\u00e1 contra o pagamento de 13 bilh\u00f5es de euros em impostos para a Comiss\u00e3o Europeia. Clique para saber mais.","og_url":"https:\/\/www.suno.com.br\/noticias\/apple-recorrera-de-ordem-pagar-13-bi-euros-impostos-ue\/","og_site_name":"Suno Not\u00edcias","article_publisher":"https:\/\/facebook.com\/sunoresearch","og_image":[{"width":748,"height":410,"url":"https:\/\/files.sunoresearch.com.br\/n\/uploads\/2019\/06\/f03867fb-apple.jpg","type":"image\/jpeg"}],"author":"Giovanna Oliveira","twitter_card":"summary_large_image","twitter_creator":"@sunoresearch","twitter_site":"@sunoresearch","twitter_misc":{"Escrito por":"Giovanna Oliveira","Est. tempo de leitura":"2 minutos"},"schema":{"@context":"https:\/\/schema.org","@graph":[{"@type":"NewsArticle","@id":"https:\/\/www.suno.com.br\/noticias\/apple-recorrera-de-ordem-pagar-13-bi-euros-impostos-ue\/#article","isPartOf":{"@id":"https:\/\/www.suno.com.br\/noticias\/apple-recorrera-de-ordem-pagar-13-bi-euros-impostos-ue\/"},"author":{"name":"Giovanna Oliveira","@id":"https:\/\/www.suno.com.br\/noticias\/#\/schema\/person\/4e19e3d2575736e5283d58eb3199d120"},"headline":"Apple recorrer\u00e1 de processo de 13 bi de euros da Comiss\u00e3o Europeia","datePublished":"2019-09-16T19:29:16+00:00","dateModified":"2019-09-16T19:31:24+00:00","mainEntityOfPage":{"@id":"https:\/\/www.suno.com.br\/noticias\/apple-recorrera-de-ordem-pagar-13-bi-euros-impostos-ue\/"},"wordCount":383,"publisher":{"@id":"https:\/\/www.suno.com.br\/noticias\/#organization"},"image":{"@id":"https:\/\/www.suno.com.br\/noticias\/apple-recorrera-de-ordem-pagar-13-bi-euros-impostos-ue\/#primaryimage"},"thumbnailUrl":"https:\/\/files.sunoresearch.com.br\/n\/uploads\/2019\/06\/f03867fb-apple-jpg.webp","keywords":["Apple (AAPL34)","Comiss\u00e3o Europeia","impostos","Irlanda"],"articleSection":["Neg\u00f3cios"],"inLanguage":"pt-BR"},{"@type":"WebPage","@id":"https:\/\/www.suno.com.br\/noticias\/apple-recorrera-de-ordem-pagar-13-bi-euros-impostos-ue\/","url":"https:\/\/www.suno.com.br\/noticias\/apple-recorrera-de-ordem-pagar-13-bi-euros-impostos-ue\/","name":"Apple recorrer\u00e1 de processo de 13 bi de euros da Comiss\u00e3o Europeia","isPartOf":{"@id":"https:\/\/www.suno.com.br\/noticias\/#website"},"primaryImageOfPage":{"@id":"https:\/\/www.suno.com.br\/noticias\/apple-recorrera-de-ordem-pagar-13-bi-euros-impostos-ue\/#primaryimage"},"image":{"@id":"https:\/\/www.suno.com.br\/noticias\/apple-recorrera-de-ordem-pagar-13-bi-euros-impostos-ue\/#primaryimage"},"thumbnailUrl":"https:\/\/files.sunoresearch.com.br\/n\/uploads\/2019\/06\/f03867fb-apple-jpg.webp","datePublished":"2019-09-16T19:29:16+00:00","dateModified":"2019-09-16T19:31:24+00:00","description":"A Apple recorrer\u00e1 contra o pagamento de 13 bilh\u00f5es de euros em impostos para a Comiss\u00e3o Europeia. Clique para saber mais.","breadcrumb":{"@id":"https:\/\/www.suno.com.br\/noticias\/apple-recorrera-de-ordem-pagar-13-bi-euros-impostos-ue\/#breadcrumb"},"inLanguage":"pt-BR","potentialAction":[{"@type":"ReadAction","target":["https:\/\/www.suno.com.br\/noticias\/apple-recorrera-de-ordem-pagar-13-bi-euros-impostos-ue\/"]}]},{"@type":"ImageObject","inLanguage":"pt-BR","@id":"https:\/\/www.suno.com.br\/noticias\/apple-recorrera-de-ordem-pagar-13-bi-euros-impostos-ue\/#primaryimage","url":"https:\/\/files.sunoresearch.com.br\/n\/uploads\/2019\/06\/f03867fb-apple-jpg.webp","contentUrl":"https:\/\/files.sunoresearch.com.br\/n\/uploads\/2019\/06\/f03867fb-apple-jpg.webp","width":748,"height":410,"caption":"Por que a Apple poderia criar um buscador pr\u00f3prio"},{"@type":"BreadcrumbList","@id":"https:\/\/www.suno.com.br\/noticias\/apple-recorrera-de-ordem-pagar-13-bi-euros-impostos-ue\/#breadcrumb","itemListElement":[{"@type":"ListItem","position":1,"name":"Not\u00edcias","item":"https:\/\/www.suno.com.br\/noticias\/"},{"@type":"ListItem","position":2,"name":"Neg\u00f3cios","item":"https:\/\/www.suno.com.br\/noticias\/negocios\/"},{"@type":"ListItem","position":3,"name":"Apple recorrer\u00e1 de processo de 13 bi de euros da Comiss\u00e3o Europeia"}]},{"@type":"WebSite","@id":"https:\/\/www.suno.com.br\/noticias\/#website","url":"https:\/\/www.suno.com.br\/noticias\/","name":"Suno Not\u00edcias","description":"Seu portal de informa\u00e7\u00e3o sobre o mundo dos investimentos","publisher":{"@id":"https:\/\/www.suno.com.br\/noticias\/#organization"},"potentialAction":[{"@type":"SearchAction","target":{"@type":"EntryPoint","urlTemplate":"https:\/\/www.suno.com.br\/noticias\/?s={search_term_string}"},"query-input":{"@type":"PropertyValueSpecification","valueRequired":true,"valueName":"search_term_string"}}],"inLanguage":"pt-BR"},{"@type":"Organization","@id":"https:\/\/www.suno.com.br\/noticias\/#organization","name":"Suno Not\u00edcias","url":"https:\/\/www.suno.com.br\/noticias\/","logo":{"@type":"ImageObject","inLanguage":"pt-BR","@id":"https:\/\/www.suno.com.br\/noticias\/#\/schema\/logo\/image\/","url":"https:\/\/files.sunoresearch.com.br\/n\/uploads\/2021\/09\/suno-logo.png","contentUrl":"https:\/\/files.sunoresearch.com.br\/n\/uploads\/2021\/09\/suno-logo.png","width":180,"height":180,"caption":"Suno Not\u00edcias"},"image":{"@id":"https:\/\/www.suno.com.br\/noticias\/#\/schema\/logo\/image\/"},"sameAs":["https:\/\/facebook.com\/sunoresearch","https:\/\/x.com\/sunoresearch","https:\/\/www.instagram.com\/suno","https:\/\/www.linkedin.com\/company\/suno-research\/","https:\/\/www.youtube.com\/c\/sunoresearch"]},{"@type":"Person","@id":"https:\/\/www.suno.com.br\/noticias\/#\/schema\/person\/4e19e3d2575736e5283d58eb3199d120","name":"Giovanna Oliveira","image":{"@type":"ImageObject","inLanguage":"pt-BR","@id":"https:\/\/www.suno.com.br\/noticias\/#\/schema\/person\/image\/","url":"https:\/\/secure.gravatar.com\/avatar\/9a37b3ae208962ac568992d0ffdbc2eb?s=96&r=g","contentUrl":"https:\/\/secure.gravatar.com\/avatar\/9a37b3ae208962ac568992d0ffdbc2eb?s=96&r=g","caption":"Giovanna Oliveira"},"description":"Giovanna Oliveira escreve sobre economia e pol\u00edtica. Foi rep\u00f3rter do portal de jornalismo da ESPM-SP e produziu conte\u00fado para a Corinthians TV. \u00c9 estudante da ESPM.","url":"https:\/\/www.suno.com.br\/noticias\/author\/giovanna\/"}]}},"default_loop_html":"<div class=\"cardsPage__listCard__boxs\"><div class=\"cardsPage__listCard__boxs__img\"><a href=\"https:\/\/www.suno.com.br\/noticias\/apple-recorrera-de-ordem-pagar-13-bi-euros-impostos-ue\/\"><img class=\"mask\" src=\"https:\/\/www.suno.com.br\/noticias\/wp-content\/themes\/suno\/resources\/images\/spotlight\/spotlight1img\/bg-mask.png\" alt=\"Image Mask\"\/><img src=\"https:\/\/files.sunoresearch.com.br\/n\/uploads\/2019\/06\/f03867fb-apple-400x200.webp\" alt=\"Apple recorrer\u00e1 de processo de 13 bi de euros da Comiss\u00e3o Europeia\"\/><\/a><span class=\"spotlightCategory\"><a href=\"https:\/\/www.suno.com.br\/noticias\/negocios\/\">Neg\u00f3cios<\/a><\/span><\/div><div class=\"cardsPage__listCard__boxs__content\"><a href=\"https:\/\/www.suno.com.br\/noticias\/apple-recorrera-de-ordem-pagar-13-bi-euros-impostos-ue\/\"><h2 class=\"content__title\">Apple recorrer\u00e1 de processo de 13 bi de euros da Comiss\u00e3o Europeia<\/h2><\/a><div class=\"newsContent__article__meta\"><div class=\"newsContent__article__meta__authorBox\"><a href=\"https:\/\/www.suno.com.br\/noticias\/author\/giovanna\/\" class=\"authorBox__avatar noMobi\"><img src=\"https:\/\/files.sunoresearch.com.br\/n\/uploads\/2019\/06\/952a89ca-screenshot_20190608-171507-150x150.webp\" alt=\"Giovanna Oliveira\"><\/a><div class=\"authorBox__name\"><span>por\n\t\t\t<a href=\"https:\/\/www.suno.com.br\/noticias\/author\/giovanna\/\"><span itemprop=\"author\">Giovanna Oliveira<\/span><\/a><\/span><time datetime=\"2019-09-16T16:29:16-03:00\" itemprop=\"datePublished\">16\/09\/2019 16:29<\/time><\/div><\/div><\/div><\/div><\/div>","single_layout":"posts","amp_enabled":true,"_links":{"self":[{"href":"https:\/\/www.suno.com.br\/noticias\/wp-json\/wp\/v2\/posts\/37756"}],"collection":[{"href":"https:\/\/www.suno.com.br\/noticias\/wp-json\/wp\/v2\/posts"}],"about":[{"href":"https:\/\/www.suno.com.br\/noticias\/wp-json\/wp\/v2\/types\/post"}],"author":[{"embeddable":true,"href":"https:\/\/www.suno.com.br\/noticias\/wp-json\/wp\/v2\/users\/18"}],"replies":[{"embeddable":true,"href":"https:\/\/www.suno.com.br\/noticias\/wp-json\/wp\/v2\/comments?post=37756"}],"version-history":[{"count":0,"href":"https:\/\/www.suno.com.br\/noticias\/wp-json\/wp\/v2\/posts\/37756\/revisions"}],"wp:featuredmedia":[{"embeddable":true,"href":"https:\/\/www.suno.com.br\/noticias\/wp-json\/wp\/v2\/media\/28697"}],"wp:attachment":[{"href":"https:\/\/www.suno.com.br\/noticias\/wp-json\/wp\/v2\/media?parent=37756"}],"wp:term":[{"taxonomy":"category","embeddable":true,"href":"https:\/\/www.suno.com.br\/noticias\/wp-json\/wp\/v2\/categories?post=37756"},{"taxonomy":"post_tag","embeddable":true,"href":"https:\/\/www.suno.com.br\/noticias\/wp-json\/wp\/v2\/tags?post=37756"},{"taxonomy":"suno_strategy","embeddable":true,"href":"https:\/\/www.suno.com.br\/noticias\/wp-json\/wp\/v2\/suno_strategy?post=37756"}],"curies":[{"name":"wp","href":"https:\/\/api.w.org\/{rel}","templated":true}]}}