{"id":377472,"date":"2023-03-17T10:58:56","date_gmt":"2023-03-17T13:58:56","guid":{"rendered":"https:\/\/www.suno.com.br\/noticias\/?p=377472"},"modified":"2023-03-17T14:35:57","modified_gmt":"2023-03-17T17:35:57","slug":"bancos-credito-consignado-analistas","status":"publish","type":"post","link":"https:\/\/www.suno.com.br\/noticias\/bancos-credito-consignado-analistas\/","title":{"rendered":"Suspens\u00e3o do Consignado ir\u00e1 &#8216;derrubar&#8217; bancos? Entenda"},"content":{"rendered":"<p>Ap\u00f3s o <a href=\"https:\/\/www.gov.br\/previdencia\/pt-br\/acesso-a-informacao\/participacao-social\/conselhos-e-orgaos-colegiados\/conselho-nacional-de-previdencia-social\" target=\"_blank\" rel=\"noreferrer noopener\">Conselho Nacional de Previd\u00eancia Social<\/a> baixar o teto dos juros, bancos passaram a tomar medidas que envolvem a suspens\u00e3o de <a class=\"suno-keyword\" data-force=\"no\" data-priority=\"2\" href=\"https:\/\/www.suno.com.br\/artigos\/credito-consignado\/\" target=\"_blank\" rel=\"noopener\">cr\u00e9dito <strong>consignado<\/strong><\/a>.<\/p><div class=\"videoFull \">\n\t\t\t<div class=\"videoWrapper yt-lazyload center\"\n\t\t\t\tdata-width=\"960\"\n\t\t\t\tdata-height=\"540\"\n\t\t\t\tdata-id=\"oiJ9rBwPzxY\"\n\t\t\t\tdata-alt=\"V\u00eddeo do YouTube - clique para reproduzir\"\n\t\t\t\tdata-logo=\"3\"\n\t\t\t\tdata-imagequality=\"maxres\">\n\t\t\t<\/div>\n\t\t<\/div><script type=\"application\/ld+json\">{\"@context\":\"https:\/\/schema.org\",\"@type\":\"VideoObject\",\"name\":\"BANC\u00d5ES DOS EUA SOCORREM FIRST REPUBLIC | Ita\u00fa, Bradesco, BB: bancos brasileiros correm risco?\",\"description\":\"#firstrepublicbank #bradesco #bbdc4 #bbdc3 #ita\u00fa #itub4 #bancodobrasil #bbas3 #bancos #crise #livedas19h #investimentos #mercadofinanceiro #bolsadevalores \u23f1\u1d0d\u026a\u0274\u1d1c\u1d1b\u1d00\u0262\u1d07\u1d0d 00:00 Abertura 01:50 Bancos dos EUA fazem acordo para injetar US$ 30 bilh\u00f5es no First Republic Bank 06:00 Os bancos brasileiros podem ter uma crise com o do Credit Suisse e do SVB? Jo\u00e3o Daronco, analista da Suno Research, responde.\u2026\",\"duration\":\"PT26M36S\",\"embedUrl\":\"https:\/\/www.youtube.com\/embed\/oiJ9rBwPzxY\",\"regionsAllowed\":\"pt-BR\",\"interactionStatistic\":{\"@type\":\"InteractionCounter\",\"interactionType\":{\"@type\":\"WatchAction\"},\"userInteractionCount\":3334},\"thumbnailUrl\":\"https:\/\/i.ytimg.com\/vi\/oiJ9rBwPzxY\/default.jpg\",\"uploadDate\":\"2023-03-16T22:41:56Z\"}<\/script>\n\n\n\n\n\t<p>\n\t\t<a href=\"\" target=\"_blank\" data-element=\"shortcode-suno-banner\" title=\"Banner SUNO, clique e saiba mais\">\n\t\t\t<picture>\n\t\t\t\t<source media=\"(max-width: 500px)\" srcset=\"\">\n\t\t\t\t<img class=\"newsContent__article__imgCapa newsContent__article__imgCapa--banner\"\n\t\t\t\t\tsrc=\"\"\n\t\t\t\t\tdata-promo-id=\"138420\"\t\t\t\t\t\t\t\t\t\t\t\t\t\t\talt=\"\"\n\t\t\t\t>\n\t\t\t<\/picture>\n\t\t<\/a>\n\t<\/p>\n\n\n\n\n\n\n\n<p>Segundo analistas da XP, a <strong>suspens\u00e3o do cr\u00e9dito consignado<\/strong>, deve ter um efeito &#8220;marginalmente negativo&#8221; para o setor de bancos, dado que as linhas menos arriscadas vinham sendo priorizadas pelos bancos em 2023. <\/p>\n\n\n\n<p>&#8220;Essa maior seletividade na <a class=\"suno-keyword\" target=\"_blank\" data-force=\"no\" data-priority=\"1\" href=\"https:\/\/www.suno.com.br\/artigos\/concessao-de-credito\/\" rel=\"noopener\">concess\u00e3o de cr\u00e9dito<\/a> j\u00e1 vinha sendo comunicada e se refletiu nos guidances mais modestos, em termos de crescimento de carteira de cr\u00e9dito, para 2023. Ressaltamos ainda que a medida pode aumentar as preocupa\u00e7\u00f5es dos investidores em cen\u00e1rio atual j\u00e1 de aumento da percep\u00e7\u00e3o de risco para o setor decorrente de eventos dom\u00e9sticos (caso Americanas) e externos (caso SVB)&#8221;, explica o analista Matheus Guimar\u00e3es.<\/p>\n\n\n\n<p>Assim, a casa reitera sua &#8220;vis\u00e3o construtiva para as empresas do setor, apesar dos desafios previstos para o ano&#8221;.<\/p>\n\n\n\n<p>Em nota a Federa\u00e7\u00e3o Brasileira de Bancos ressaltou que &#8220;cada banco associado segue sua estrat\u00e9gia comercial de neg\u00f3cio na concess\u00e3o, ou n\u00e3o, da linha de cr\u00e9dito consignado para benefici\u00e1rios do INSS, diante da decis\u00e3o do Conselho Nacional de Previd\u00eancia Social de reduzir o teto de juros dessa modalidade de cr\u00e9dito&#8221;.<\/p>\n\n\n\n\t<div data-element=\"shortcode-read-more\" class=\"readToo\">\n\t\t\t\t<span class=\"readToo__title\">Leia mais<\/span>\n\t\t\t\t<ul class=\"readToo__list\">\n\t\t\t<li><a href=\"https:\/\/www.suno.com.br\/noticias\/svb-falencia-incapacidade-banco-saques\/\">Yellen: SVB foi a fal\u00eancia por &#8216;incapacidade de atender pedidos de saque&#8217;<\/a><\/li><li><a href=\"https:\/\/www.suno.com.br\/noticias\/credit-suisse-crise-acoes-sobem\/\">A\u00e7\u00f5es do Credit Suisse disparam ap\u00f3s empr\u00e9stimo de US$ 54 bilh\u00f5es<\/a><\/li><li><a href=\"https:\/\/www.suno.com.br\/noticias\/executivos-silicon-valley-bank-svb\/\">CEO do Silicon Valley Bank (SVB) vendeu US$ 3,6 milh\u00f5es em a\u00e7\u00f5es pouco antes do colapso<\/a><\/li><li><a href=\"https:\/\/www.suno.com.br\/noticias\/crise-no-silicon-valley-bank-consequencias-bbdc4-nubr33-bbas3-entenda\/\">Crise no Silicon Valley Bank pode trazer consequ\u00eancias para Bradesco (BBDC4), Nubank (NUBR33) e Banco do Brasil (BBAS3)? Entenda<\/a><\/li>\t\t<\/ul>\n\t<\/div>\n\n\n\n\n<p>&#8220;O setor financeiro j\u00e1 havia se manifestado junto ao Minist\u00e9rio da Previd\u00eancia e ao INSS, afirmando que, neste momento, considerando os altos custos de capta\u00e7\u00e3o, eventual redu\u00e7\u00e3o do teto poderia comprometer ainda mais a oferta de <a class=\"suno-keyword\" target=\"_blank\" data-force=\"no\" data-priority=\"2\" href=\"https:\/\/www.suno.com.br\/artigos\/emprestimo-consignado\/\" rel=\"noopener\">empr\u00e9stimo consignado<\/a> e do cart\u00e3o de cr\u00e9dito consignado&#8221;, diz a nota da <strong>Febraban<\/strong>.<\/p>\n\n\n\n<p>&#8220;Os novos tetos t\u00eam elevado risco de reduzir a oferta do cr\u00e9dito consignado, levando um p\u00fablico, carente de op\u00e7\u00f5es de cr\u00e9dito acess\u00edvel, a produtos que possuem em sua estrutura taxas mais caras (produtos sem garantias), pois uma parte consider\u00e1vel j\u00e1 est\u00e1 negativada&#8221;, completa.<\/p>\n\n\n\n<p>Segundo a federa\u00e7\u00e3o, as duas linhas de cr\u00e9dito consignado do INSS (empr\u00e9stimo e cart\u00e3o) t\u00eam um saldo de R\uff04 215 bilh\u00f5es, com 7,6 bilh\u00f5es de concess\u00e3o em janeiro de 2023 e m\u00e9dia mensal de concess\u00e3o, nos \u00faltimos 12 meses, de R$ 5,2 bilh\u00f5es, alcan\u00e7ando hoje cerca de 14,5 milh\u00f5es de tomadores, com um <a class=\"suno-keyword\" target=\"_blank\" data-force=\"no\" data-priority=\"1\" href=\"https:\/\/www.suno.com.br\/artigos\/ticket-medio\/\" rel=\"noopener\">ticket m\u00e9dio<\/a> de R\uff04 1.576,19. <\/p>\n\n\n\t<p>\n\t\t<a href=\"https:\/\/lp.suno.com.br\/planilha-da-vida-financeira\/\" target=\"_blank\" data-element=\"shortcode-suno-banner\" title=\"Banner SUNO, clique e saiba mais\">\n\t\t\t<picture>\n\t\t\t\t<source media=\"(max-width: 500px)\" srcset=\"https:\/\/files.sunoresearch.com.br\/n\/uploads\/2023\/04\/400x300-Planilha-vida-financeira-true.png\">\n\t\t\t\t<img class=\"newsContent__article__imgCapa newsContent__article__imgCapa--banner\"\n\t\t\t\t\tsrc=\"https:\/\/files.sunoresearch.com.br\/n\/uploads\/2023\/04\/1420x240-Planilha-vida-financeira-true.png\"\n\t\t\t\t\tdata-promo-id=\"106682\"\t\t\t\t\t\t\t\t\t\twidth='1420' height='240'\t\t\t\t\talt=\"https:\/\/files.sunoresearch.com.br\/n\/uploads\/2023\/04\/1420x240-Planilha-vida-financeira-true.png\"\n\t\t\t\t>\n\t\t\t<\/picture>\n\t\t<\/a>\n\t<\/p>\n\n\n\n\n\n<h2 class=\"wp-block-heading\" id=\"h-caixa-e-bb-seguem-na-esteira-e-suspendem-consignado\">Caixa e BB seguem na esteira e suspendem consignado<\/h2>\n\n\n\n<p>A Caixa Econ\u00f4mica Federal e o <a class=\"suno-keyword\" target=\"_blank\" data-force=\"yes\" data-priority=\"2\" href=\"https:\/\/www.suno.com.br\/acoes\/BBAS3\/\" rel=\"noopener\">Banco do Brasil (BBAS3)<\/a> comunicaram o Minist\u00e9rio da Fazenda recentemente que iriam suspender a oferta de cr\u00e9dito consignado para aposentados do INSS, na esteira dos demais bancos.<\/p>\n\n\n\n<p><a href=\"https:\/\/www.suno.com.br\/noticias\/bancos-suspendem-consignado-inss-juros-entenda\/\" target=\"_blank\" rel=\"noreferrer noopener\">Conforme reportado pelo Suno Not\u00edcias<\/a>, <a class=\"suno-keyword\" data-force=\"yes\" data-priority=\"2\" href=\"https:\/\/www.suno.com.br\/acoes\/ITUB4\/\" target=\"_blank\" rel=\"noopener\">Ita\u00fa (ITUB4)<\/a>, Mercantil Brasil, <a class=\"suno-keyword\" data-force=\"yes\" data-priority=\"2\" href=\"https:\/\/www.suno.com.br\/acoes\/BPAN4\/\" target=\"_blank\" rel=\"noopener\">Banco Pan (BPAN4)<\/a> e Daycoval est\u00e3o entre as institui\u00e7\u00f5es que tamb\u00e9m interromperam essas linhas.<\/p>\n\n\n\n<p>No caso dos bancos p\u00fablicos, l\u00edderes partid\u00e1rios pr\u00f3ximos ao ministro da Previd\u00eancia, Carlos Lupi, e deputados do pr\u00f3prio Partido dos Trabalhadores (PT) come\u00e7aram a pressionar as lideran\u00e7as pela exonera\u00e7\u00e3o das presidentes, Rita Serrano e Tarciana Medeiros, que comandam Caixa e BB, respectivamente.<\/p>\n\n\n\n<p>Vale lembrar que a mudan\u00e7a nos juros no momento atual de restri\u00e7\u00e3o da oferta de cr\u00e9dito foi feita \u00e0 revelia do Minist\u00e9rio da Fazenda pelo ministro da Previd\u00eancia Social, Carlos Lupi, e acabou gerando um embara\u00e7o para o presidente Luiz In\u00e1cio Lula da Silva &#8211; j\u00e1 que uma eventual revers\u00e3o da medida tem custo pol\u00edtico para o governo.<\/p>\n\n\n\n<p>O presidente criticou em evento nesta semana o an\u00fancio de medidas por seus ministros sem o aval da Casa Civil. <\/p>\n\n\n\n<p>Um dos alvos do recado de Lula foi justamente o ministro da Previd\u00eancia, que no in\u00edcio do governo j\u00e1 tinha sido desmentido pelo ministro da Casa Civil, Rui Costa, depois de acenado com revers\u00e3o de regras aprovadas na reforma da Previd\u00eancia. <\/p>\n\n\n\n<p>Cerca de 14,5 milh\u00f5es de aposentados do INSS t\u00eam <a class=\"suno-keyword\" data-force=\"no\" data-priority=\"2\" href=\"https:\/\/www.suno.com.br\/artigos\/emprestimo-consignado\/\" target=\"_blank\" rel=\"noopener\">empr\u00e9stimo <strong>consignado<\/strong><\/a>, com valor m\u00e9dio de R$ 1.576,19.<\/p>\n\n\n\t<p>\n\t\t<a href=\"https:\/\/lp.suno.com.br\/ebook-como-analisar-uma-acao\/\" target=\"_blank\" data-element=\"shortcode-suno-banner\" title=\"Banner SUNO, clique e saiba mais\">\n\t\t\t<picture>\n\t\t\t\t<source media=\"(max-width: 500px)\" srcset=\"https:\/\/files.sunoresearch.com.br\/n\/uploads\/2023\/03\/Ebook-Acoes-Mobile-1.jpg\">\n\t\t\t\t<img class=\"newsContent__article__imgCapa newsContent__article__imgCapa--banner\"\n\t\t\t\t\tsrc=\"https:\/\/files.sunoresearch.com.br\/n\/uploads\/2023\/03\/Ebook-Acoes-Desktop-1.jpg\"\n\t\t\t\t\tdata-promo-id=\"171998\"\t\t\t\t\t\t\t\t\t\twidth='1420' height='286'\t\t\t\t\talt=\"https:\/\/files.sunoresearch.com.br\/n\/uploads\/2023\/03\/Ebook-Acoes-Desktop-1.jpg\"\n\t\t\t\t>\n\t\t\t<\/picture>\n\t\t<\/a>\n\t<\/p>\n\n\n","protected":false},"excerpt":{"rendered":"<p>Ap\u00f3s o Conselho Nacional de Previd\u00eancia Social baixar o teto dos juros, bancos passaram a tomar medidas que envolvem a suspens\u00e3o de cr\u00e9dito consignado. Segundo analistas da XP, a suspens\u00e3o do cr\u00e9dito consignado, deve ter um efeito &#8220;marginalmente negativo&#8221; para o setor de bancos, dado que as linhas menos arriscadas vinham sendo priorizadas pelos bancos [&hellip;]<\/p>\n","protected":false},"author":73,"featured_media":334027,"comment_status":"closed","ping_status":"closed","sticky":false,"template":"","format":"standard","meta":[],"categories":[60],"tags":[289,943,1771,105816],"suno_strategy":[],"class_list":["post-377472","post","type-post","status-publish","format-standard","has-post-thumbnail","hentry","category-mercado","tag-bancos","tag-credito","tag-credito-bancario","tag-especialistas"],"yoast_head":"<!-- This site is optimized with the Yoast SEO plugin v24.4 - https:\/\/yoast.com\/wordpress\/plugins\/seo\/ -->\n<title>Suspens\u00e3o do Consignado ir\u00e1 &#039;derrubar&#039; bancos? Entenda<\/title>\n<meta name=\"description\" content=\"Analistas ressaltam vis\u00e3o construtiva ap\u00f3s mudan\u00e7a no cen\u00e1rio de juros do cr\u00e9dito consignado. Clique e confira!\" \/>\n<meta name=\"robots\" content=\"index, follow, max-snippet:-1, max-image-preview:large, max-video-preview:-1\" \/>\n<link rel=\"canonical\" href=\"https:\/\/www.suno.com.br\/noticias\/bancos-credito-consignado-analistas\/\" \/>\n<meta property=\"og:locale\" content=\"pt_BR\" \/>\n<meta property=\"og:type\" content=\"article\" \/>\n<meta property=\"og:title\" content=\"Suspens\u00e3o do Consignado ir\u00e1 &#039;derrubar&#039; bancos? Entenda\" \/>\n<meta property=\"og:description\" content=\"Analistas ressaltam vis\u00e3o construtiva ap\u00f3s mudan\u00e7a no cen\u00e1rio de juros do cr\u00e9dito consignado. Clique e confira!\" \/>\n<meta property=\"og:url\" content=\"https:\/\/www.suno.com.br\/noticias\/bancos-credito-consignado-analistas\/\" \/>\n<meta property=\"og:site_name\" content=\"Suno Not\u00edcias\" \/>\n<meta property=\"article:publisher\" content=\"https:\/\/facebook.com\/sunoresearch\" \/>\n<meta property=\"og:image\" content=\"https:\/\/files.sunoresearch.com.br\/n\/uploads\/2022\/12\/bancodobrasil-bb-bbas3-edifico-sede-foto-marcelo-camargo-agencia-brasil.jpg\" \/>\n\t<meta property=\"og:image:width\" content=\"1200\" \/>\n\t<meta property=\"og:image:height\" content=\"675\" \/>\n\t<meta property=\"og:image:type\" content=\"image\/jpeg\" \/>\n<meta name=\"author\" content=\"Eduardo Vargas\" \/>\n<meta name=\"twitter:card\" content=\"summary_large_image\" \/>\n<meta name=\"twitter:creator\" content=\"@sunoresearch\" \/>\n<meta name=\"twitter:site\" content=\"@sunoresearch\" \/>\n<meta name=\"twitter:label1\" content=\"Escrito por\" \/>\n\t<meta name=\"twitter:data1\" content=\"Eduardo Vargas\" \/>\n\t<meta name=\"twitter:label2\" content=\"Est. tempo de leitura\" \/>\n\t<meta name=\"twitter:data2\" content=\"4 minutos\" \/>\n<script type=\"application\/ld+json\" class=\"yoast-schema-graph\">{\"@context\":\"https:\/\/schema.org\",\"@graph\":[{\"@type\":\"NewsArticle\",\"@id\":\"https:\/\/www.suno.com.br\/noticias\/bancos-credito-consignado-analistas\/#article\",\"isPartOf\":{\"@id\":\"https:\/\/www.suno.com.br\/noticias\/bancos-credito-consignado-analistas\/\"},\"author\":{\"name\":\"Eduardo Vargas\",\"@id\":\"https:\/\/www.suno.com.br\/noticias\/#\/schema\/person\/7f4d362bf3518e76090143ae77bb49a5\"},\"headline\":\"Suspens\u00e3o do Consignado ir\u00e1 &#8216;derrubar&#8217; bancos? Entenda\",\"datePublished\":\"2023-03-17T13:58:56+00:00\",\"dateModified\":\"2023-03-17T17:35:57+00:00\",\"mainEntityOfPage\":{\"@id\":\"https:\/\/www.suno.com.br\/noticias\/bancos-credito-consignado-analistas\/\"},\"wordCount\":678,\"publisher\":{\"@id\":\"https:\/\/www.suno.com.br\/noticias\/#organization\"},\"image\":{\"@id\":\"https:\/\/www.suno.com.br\/noticias\/bancos-credito-consignado-analistas\/#primaryimage\"},\"thumbnailUrl\":\"https:\/\/files.sunoresearch.com.br\/n\/uploads\/2022\/12\/bancodobrasil-bb-bbas3-edifico-sede-foto-marcelo-camargo-agencia-brasil.jpg\",\"keywords\":[\"bancos\",\"cr\u00e9dito\",\"cr\u00e9dito banc\u00e1rio\",\"Especialistas\"],\"articleSection\":[\"Mercado\"],\"inLanguage\":\"pt-BR\"},{\"@type\":\"WebPage\",\"@id\":\"https:\/\/www.suno.com.br\/noticias\/bancos-credito-consignado-analistas\/\",\"url\":\"https:\/\/www.suno.com.br\/noticias\/bancos-credito-consignado-analistas\/\",\"name\":\"Suspens\u00e3o do Consignado ir\u00e1 'derrubar' bancos? Entenda\",\"isPartOf\":{\"@id\":\"https:\/\/www.suno.com.br\/noticias\/#website\"},\"primaryImageOfPage\":{\"@id\":\"https:\/\/www.suno.com.br\/noticias\/bancos-credito-consignado-analistas\/#primaryimage\"},\"image\":{\"@id\":\"https:\/\/www.suno.com.br\/noticias\/bancos-credito-consignado-analistas\/#primaryimage\"},\"thumbnailUrl\":\"https:\/\/files.sunoresearch.com.br\/n\/uploads\/2022\/12\/bancodobrasil-bb-bbas3-edifico-sede-foto-marcelo-camargo-agencia-brasil.jpg\",\"datePublished\":\"2023-03-17T13:58:56+00:00\",\"dateModified\":\"2023-03-17T17:35:57+00:00\",\"description\":\"Analistas ressaltam vis\u00e3o construtiva ap\u00f3s mudan\u00e7a no cen\u00e1rio de juros do cr\u00e9dito consignado. Clique e confira!\",\"breadcrumb\":{\"@id\":\"https:\/\/www.suno.com.br\/noticias\/bancos-credito-consignado-analistas\/#breadcrumb\"},\"inLanguage\":\"pt-BR\",\"potentialAction\":[{\"@type\":\"ReadAction\",\"target\":[\"https:\/\/www.suno.com.br\/noticias\/bancos-credito-consignado-analistas\/\"]}]},{\"@type\":\"ImageObject\",\"inLanguage\":\"pt-BR\",\"@id\":\"https:\/\/www.suno.com.br\/noticias\/bancos-credito-consignado-analistas\/#primaryimage\",\"url\":\"https:\/\/files.sunoresearch.com.br\/n\/uploads\/2022\/12\/bancodobrasil-bb-bbas3-edifico-sede-foto-marcelo-camargo-agencia-brasil.jpg\",\"contentUrl\":\"https:\/\/files.sunoresearch.com.br\/n\/uploads\/2022\/12\/bancodobrasil-bb-bbas3-edifico-sede-foto-marcelo-camargo-agencia-brasil.jpg\",\"width\":1200,\"height\":675,\"caption\":\"Banco do Brasil (BBAS3) - Foto: Marcelo Camargo\/Ag\u00eancia Brasil\"},{\"@type\":\"BreadcrumbList\",\"@id\":\"https:\/\/www.suno.com.br\/noticias\/bancos-credito-consignado-analistas\/#breadcrumb\",\"itemListElement\":[{\"@type\":\"ListItem\",\"position\":1,\"name\":\"Not\u00edcias\",\"item\":\"https:\/\/www.suno.com.br\/noticias\/\"},{\"@type\":\"ListItem\",\"position\":2,\"name\":\"Mercado\",\"item\":\"https:\/\/www.suno.com.br\/noticias\/mercado\/\"},{\"@type\":\"ListItem\",\"position\":3,\"name\":\"Suspens\u00e3o do Consignado ir\u00e1 &#8216;derrubar&#8217; bancos? Entenda\"}]},{\"@type\":\"WebSite\",\"@id\":\"https:\/\/www.suno.com.br\/noticias\/#website\",\"url\":\"https:\/\/www.suno.com.br\/noticias\/\",\"name\":\"Suno Not\u00edcias\",\"description\":\"Seu portal de informa\u00e7\u00e3o sobre o mundo dos investimentos\",\"publisher\":{\"@id\":\"https:\/\/www.suno.com.br\/noticias\/#organization\"},\"potentialAction\":[{\"@type\":\"SearchAction\",\"target\":{\"@type\":\"EntryPoint\",\"urlTemplate\":\"https:\/\/www.suno.com.br\/noticias\/?s={search_term_string}\"},\"query-input\":{\"@type\":\"PropertyValueSpecification\",\"valueRequired\":true,\"valueName\":\"search_term_string\"}}],\"inLanguage\":\"pt-BR\"},{\"@type\":\"Organization\",\"@id\":\"https:\/\/www.suno.com.br\/noticias\/#organization\",\"name\":\"Suno Not\u00edcias\",\"url\":\"https:\/\/www.suno.com.br\/noticias\/\",\"logo\":{\"@type\":\"ImageObject\",\"inLanguage\":\"pt-BR\",\"@id\":\"https:\/\/www.suno.com.br\/noticias\/#\/schema\/logo\/image\/\",\"url\":\"https:\/\/files.sunoresearch.com.br\/n\/uploads\/2021\/09\/suno-logo.png\",\"contentUrl\":\"https:\/\/files.sunoresearch.com.br\/n\/uploads\/2021\/09\/suno-logo.png\",\"width\":180,\"height\":180,\"caption\":\"Suno Not\u00edcias\"},\"image\":{\"@id\":\"https:\/\/www.suno.com.br\/noticias\/#\/schema\/logo\/image\/\"},\"sameAs\":[\"https:\/\/facebook.com\/sunoresearch\",\"https:\/\/x.com\/sunoresearch\",\"https:\/\/www.instagram.com\/suno\",\"https:\/\/www.linkedin.com\/company\/suno-research\/\",\"https:\/\/www.youtube.com\/c\/sunoresearch\"]},{\"@type\":\"Person\",\"@id\":\"https:\/\/www.suno.com.br\/noticias\/#\/schema\/person\/7f4d362bf3518e76090143ae77bb49a5\",\"name\":\"Eduardo Vargas\",\"image\":{\"@type\":\"ImageObject\",\"inLanguage\":\"pt-BR\",\"@id\":\"https:\/\/www.suno.com.br\/noticias\/#\/schema\/person\/image\/\",\"url\":\"https:\/\/secure.gravatar.com\/avatar\/dac340933427a22924c9f99d1eb2e3f2?s=96&r=g\",\"contentUrl\":\"https:\/\/secure.gravatar.com\/avatar\/dac340933427a22924c9f99d1eb2e3f2?s=96&r=g\",\"caption\":\"Eduardo Vargas\"},\"description\":\"Jornalista formado pela UFSC, cobre macroeconomia, neg\u00f3cios e startups para o Suno Not\u00edcias, escrevendo principalmente not\u00edcias sobre o mercado financeiro e a bolsa de valores. No YouTube e no Instagram, \u00e9 respons\u00e1vel pela produ\u00e7\u00e3o de Reels e Shorts do Suno Not\u00edcias. Anteriormente, trabalhou cobrindo economia e cotidiano no ND+ e para o ND, maior jornal impresso de Santa Catarina. Cursou um semestre letivo de Estudos de M\u00eddia na Universidad de Buenos Aires.\",\"url\":\"https:\/\/www.suno.com.br\/noticias\/author\/eduardo-vargas\/\"}]}<\/script>\n<!-- \/ Yoast SEO plugin. -->","yoast_head_json":{"title":"Suspens\u00e3o do Consignado ir\u00e1 'derrubar' bancos? Entenda","description":"Analistas ressaltam vis\u00e3o construtiva ap\u00f3s mudan\u00e7a no cen\u00e1rio de juros do cr\u00e9dito consignado. Clique e confira!","robots":{"index":"index","follow":"follow","max-snippet":"max-snippet:-1","max-image-preview":"max-image-preview:large","max-video-preview":"max-video-preview:-1"},"canonical":"https:\/\/www.suno.com.br\/noticias\/bancos-credito-consignado-analistas\/","og_locale":"pt_BR","og_type":"article","og_title":"Suspens\u00e3o do Consignado ir\u00e1 'derrubar' bancos? Entenda","og_description":"Analistas ressaltam vis\u00e3o construtiva ap\u00f3s mudan\u00e7a no cen\u00e1rio de juros do cr\u00e9dito consignado. Clique e confira!","og_url":"https:\/\/www.suno.com.br\/noticias\/bancos-credito-consignado-analistas\/","og_site_name":"Suno Not\u00edcias","article_publisher":"https:\/\/facebook.com\/sunoresearch","og_image":[{"width":1200,"height":675,"url":"https:\/\/files.sunoresearch.com.br\/n\/uploads\/2022\/12\/bancodobrasil-bb-bbas3-edifico-sede-foto-marcelo-camargo-agencia-brasil.jpg","type":"image\/jpeg"}],"author":"Eduardo Vargas","twitter_card":"summary_large_image","twitter_creator":"@sunoresearch","twitter_site":"@sunoresearch","twitter_misc":{"Escrito por":"Eduardo Vargas","Est. tempo de leitura":"4 minutos"},"schema":{"@context":"https:\/\/schema.org","@graph":[{"@type":"NewsArticle","@id":"https:\/\/www.suno.com.br\/noticias\/bancos-credito-consignado-analistas\/#article","isPartOf":{"@id":"https:\/\/www.suno.com.br\/noticias\/bancos-credito-consignado-analistas\/"},"author":{"name":"Eduardo Vargas","@id":"https:\/\/www.suno.com.br\/noticias\/#\/schema\/person\/7f4d362bf3518e76090143ae77bb49a5"},"headline":"Suspens\u00e3o do Consignado ir\u00e1 &#8216;derrubar&#8217; bancos? Entenda","datePublished":"2023-03-17T13:58:56+00:00","dateModified":"2023-03-17T17:35:57+00:00","mainEntityOfPage":{"@id":"https:\/\/www.suno.com.br\/noticias\/bancos-credito-consignado-analistas\/"},"wordCount":678,"publisher":{"@id":"https:\/\/www.suno.com.br\/noticias\/#organization"},"image":{"@id":"https:\/\/www.suno.com.br\/noticias\/bancos-credito-consignado-analistas\/#primaryimage"},"thumbnailUrl":"https:\/\/files.sunoresearch.com.br\/n\/uploads\/2022\/12\/bancodobrasil-bb-bbas3-edifico-sede-foto-marcelo-camargo-agencia-brasil.jpg","keywords":["bancos","cr\u00e9dito","cr\u00e9dito banc\u00e1rio","Especialistas"],"articleSection":["Mercado"],"inLanguage":"pt-BR"},{"@type":"WebPage","@id":"https:\/\/www.suno.com.br\/noticias\/bancos-credito-consignado-analistas\/","url":"https:\/\/www.suno.com.br\/noticias\/bancos-credito-consignado-analistas\/","name":"Suspens\u00e3o do Consignado ir\u00e1 'derrubar' bancos? Entenda","isPartOf":{"@id":"https:\/\/www.suno.com.br\/noticias\/#website"},"primaryImageOfPage":{"@id":"https:\/\/www.suno.com.br\/noticias\/bancos-credito-consignado-analistas\/#primaryimage"},"image":{"@id":"https:\/\/www.suno.com.br\/noticias\/bancos-credito-consignado-analistas\/#primaryimage"},"thumbnailUrl":"https:\/\/files.sunoresearch.com.br\/n\/uploads\/2022\/12\/bancodobrasil-bb-bbas3-edifico-sede-foto-marcelo-camargo-agencia-brasil.jpg","datePublished":"2023-03-17T13:58:56+00:00","dateModified":"2023-03-17T17:35:57+00:00","description":"Analistas ressaltam vis\u00e3o construtiva ap\u00f3s mudan\u00e7a no cen\u00e1rio de juros do cr\u00e9dito consignado. Clique e confira!","breadcrumb":{"@id":"https:\/\/www.suno.com.br\/noticias\/bancos-credito-consignado-analistas\/#breadcrumb"},"inLanguage":"pt-BR","potentialAction":[{"@type":"ReadAction","target":["https:\/\/www.suno.com.br\/noticias\/bancos-credito-consignado-analistas\/"]}]},{"@type":"ImageObject","inLanguage":"pt-BR","@id":"https:\/\/www.suno.com.br\/noticias\/bancos-credito-consignado-analistas\/#primaryimage","url":"https:\/\/files.sunoresearch.com.br\/n\/uploads\/2022\/12\/bancodobrasil-bb-bbas3-edifico-sede-foto-marcelo-camargo-agencia-brasil.jpg","contentUrl":"https:\/\/files.sunoresearch.com.br\/n\/uploads\/2022\/12\/bancodobrasil-bb-bbas3-edifico-sede-foto-marcelo-camargo-agencia-brasil.jpg","width":1200,"height":675,"caption":"Banco do Brasil (BBAS3) - Foto: Marcelo Camargo\/Ag\u00eancia Brasil"},{"@type":"BreadcrumbList","@id":"https:\/\/www.suno.com.br\/noticias\/bancos-credito-consignado-analistas\/#breadcrumb","itemListElement":[{"@type":"ListItem","position":1,"name":"Not\u00edcias","item":"https:\/\/www.suno.com.br\/noticias\/"},{"@type":"ListItem","position":2,"name":"Mercado","item":"https:\/\/www.suno.com.br\/noticias\/mercado\/"},{"@type":"ListItem","position":3,"name":"Suspens\u00e3o do Consignado ir\u00e1 &#8216;derrubar&#8217; bancos? Entenda"}]},{"@type":"WebSite","@id":"https:\/\/www.suno.com.br\/noticias\/#website","url":"https:\/\/www.suno.com.br\/noticias\/","name":"Suno Not\u00edcias","description":"Seu portal de informa\u00e7\u00e3o sobre o mundo dos investimentos","publisher":{"@id":"https:\/\/www.suno.com.br\/noticias\/#organization"},"potentialAction":[{"@type":"SearchAction","target":{"@type":"EntryPoint","urlTemplate":"https:\/\/www.suno.com.br\/noticias\/?s={search_term_string}"},"query-input":{"@type":"PropertyValueSpecification","valueRequired":true,"valueName":"search_term_string"}}],"inLanguage":"pt-BR"},{"@type":"Organization","@id":"https:\/\/www.suno.com.br\/noticias\/#organization","name":"Suno Not\u00edcias","url":"https:\/\/www.suno.com.br\/noticias\/","logo":{"@type":"ImageObject","inLanguage":"pt-BR","@id":"https:\/\/www.suno.com.br\/noticias\/#\/schema\/logo\/image\/","url":"https:\/\/files.sunoresearch.com.br\/n\/uploads\/2021\/09\/suno-logo.png","contentUrl":"https:\/\/files.sunoresearch.com.br\/n\/uploads\/2021\/09\/suno-logo.png","width":180,"height":180,"caption":"Suno Not\u00edcias"},"image":{"@id":"https:\/\/www.suno.com.br\/noticias\/#\/schema\/logo\/image\/"},"sameAs":["https:\/\/facebook.com\/sunoresearch","https:\/\/x.com\/sunoresearch","https:\/\/www.instagram.com\/suno","https:\/\/www.linkedin.com\/company\/suno-research\/","https:\/\/www.youtube.com\/c\/sunoresearch"]},{"@type":"Person","@id":"https:\/\/www.suno.com.br\/noticias\/#\/schema\/person\/7f4d362bf3518e76090143ae77bb49a5","name":"Eduardo Vargas","image":{"@type":"ImageObject","inLanguage":"pt-BR","@id":"https:\/\/www.suno.com.br\/noticias\/#\/schema\/person\/image\/","url":"https:\/\/secure.gravatar.com\/avatar\/dac340933427a22924c9f99d1eb2e3f2?s=96&r=g","contentUrl":"https:\/\/secure.gravatar.com\/avatar\/dac340933427a22924c9f99d1eb2e3f2?s=96&r=g","caption":"Eduardo Vargas"},"description":"Jornalista formado pela UFSC, cobre macroeconomia, neg\u00f3cios e startups para o Suno Not\u00edcias, escrevendo principalmente not\u00edcias sobre o mercado financeiro e a bolsa de valores. No YouTube e no Instagram, \u00e9 respons\u00e1vel pela produ\u00e7\u00e3o de Reels e Shorts do Suno Not\u00edcias. Anteriormente, trabalhou cobrindo economia e cotidiano no ND+ e para o ND, maior jornal impresso de Santa Catarina. Cursou um semestre letivo de Estudos de M\u00eddia na Universidad de Buenos Aires.","url":"https:\/\/www.suno.com.br\/noticias\/author\/eduardo-vargas\/"}]}},"default_loop_html":"<div class=\"cardsPage__listCard__boxs\"><div class=\"cardsPage__listCard__boxs__img\"><a href=\"https:\/\/www.suno.com.br\/noticias\/bancos-credito-consignado-analistas\/\"><img class=\"mask\" src=\"https:\/\/www.suno.com.br\/noticias\/wp-content\/themes\/suno\/resources\/images\/spotlight\/spotlight1img\/bg-mask.png\" alt=\"Image Mask\"\/><img src=\"https:\/\/files.sunoresearch.com.br\/n\/uploads\/2022\/12\/bancodobrasil-bb-bbas3-edifico-sede-foto-marcelo-camargo-agencia-brasil-400x200.jpg\" alt=\"Suspens\u00e3o do Consignado ir\u00e1 &#8216;derrubar&#8217; bancos? Entenda\"\/><\/a><span class=\"spotlightCategory\"><a href=\"https:\/\/www.suno.com.br\/noticias\/mercado\/\">Mercado<\/a><\/span><\/div><div class=\"cardsPage__listCard__boxs__content\"><a href=\"https:\/\/www.suno.com.br\/noticias\/bancos-credito-consignado-analistas\/\"><h2 class=\"content__title\">Suspens\u00e3o do Consignado ir\u00e1 &#8216;derrubar&#8217; bancos? Entenda<\/h2><\/a><div class=\"newsContent__article__meta\"><div class=\"newsContent__article__meta__authorBox\"><a href=\"https:\/\/www.suno.com.br\/noticias\/author\/erick-nery\/\" class=\"authorBox__avatar noMobi\"><img src=\"https:\/\/secure.gravatar.com\/avatar\/518ddffe438ccb767782d372a66304d2?s=96&#038;r=g\" alt=\"Erick Matheus Nery\"><\/a><div class=\"authorBox__name\"><span>por\n\t\t\t<a href=\"https:\/\/www.suno.com.br\/noticias\/author\/erick-nery\/\"><span itemprop=\"author\">Erick Matheus Nery<\/span><\/a><\/span><time datetime=\"2023-03-17T10:58:56-03:00\" itemprop=\"datePublished\">17\/03\/2023 10:58<\/time><\/div><\/div><\/div><\/div><\/div>","single_layout":"posts","amp_enabled":true,"_links":{"self":[{"href":"https:\/\/www.suno.com.br\/noticias\/wp-json\/wp\/v2\/posts\/377472"}],"collection":[{"href":"https:\/\/www.suno.com.br\/noticias\/wp-json\/wp\/v2\/posts"}],"about":[{"href":"https:\/\/www.suno.com.br\/noticias\/wp-json\/wp\/v2\/types\/post"}],"author":[{"embeddable":true,"href":"https:\/\/www.suno.com.br\/noticias\/wp-json\/wp\/v2\/users\/73"}],"replies":[{"embeddable":true,"href":"https:\/\/www.suno.com.br\/noticias\/wp-json\/wp\/v2\/comments?post=377472"}],"version-history":[{"count":3,"href":"https:\/\/www.suno.com.br\/noticias\/wp-json\/wp\/v2\/posts\/377472\/revisions"}],"predecessor-version":[{"id":377595,"href":"https:\/\/www.suno.com.br\/noticias\/wp-json\/wp\/v2\/posts\/377472\/revisions\/377595"}],"wp:featuredmedia":[{"embeddable":true,"href":"https:\/\/www.suno.com.br\/noticias\/wp-json\/wp\/v2\/media\/334027"}],"wp:attachment":[{"href":"https:\/\/www.suno.com.br\/noticias\/wp-json\/wp\/v2\/media?parent=377472"}],"wp:term":[{"taxonomy":"category","embeddable":true,"href":"https:\/\/www.suno.com.br\/noticias\/wp-json\/wp\/v2\/categories?post=377472"},{"taxonomy":"post_tag","embeddable":true,"href":"https:\/\/www.suno.com.br\/noticias\/wp-json\/wp\/v2\/tags?post=377472"},{"taxonomy":"suno_strategy","embeddable":true,"href":"https:\/\/www.suno.com.br\/noticias\/wp-json\/wp\/v2\/suno_strategy?post=377472"}],"curies":[{"name":"wp","href":"https:\/\/api.w.org\/{rel}","templated":true}]}}