{"id":37724,"date":"2019-09-16T13:05:58","date_gmt":"2019-09-16T16:05:58","guid":{"rendered":"https:\/\/www.suno.com.br\/noticias\/?p=37724"},"modified":"2021-02-17T19:38:05","modified_gmt":"2021-02-17T22:38:05","slug":"magazine-luiza-expande-participacao-norte-distrito-federal","status":"publish","type":"post","link":"https:\/\/www.suno.com.br\/noticias\/magazine-luiza-expande-participacao-norte-distrito-federal\/","title":{"rendered":"Magazine Luiza expande participa\u00e7\u00e3o no Norte e no Distrito Federal"},"content":{"rendered":"<p>O Magazine Luiza est\u00e1 cada vez mais expandindo suas opera\u00e7\u00f5es no territ\u00f3rio brasileiro. Nesta segunda-feira (16), foram inauguradas 16 das 50 lojas programadas para entrar em atividade at\u00e9 o fim de outubro no Par\u00e1.<\/p>\t<div class=\"wrapper-featured-image\">\n\t\t<figure class=\"spotlightImg\">\n\n\t\t\t<picture>\n\t\t\t\t<source media=\"(max-width: 768px)\" srcset=\"https:\/\/files.sunoresearch.com.br\/n\/uploads\/2019\/05\/69f39918-whatsapp-image-2019-05-06-at-12.34.59-400x200.webp\">\n\t\t\t\t<img loading=\"lazy\" decoding=\"async\" class=\"newsContent__article__imgCapa lazyloadDisabled newsContent__article__imgCapa--noCaption\" src=\"https:\/\/files.sunoresearch.com.br\/n\/uploads\/2019\/05\/69f39918-whatsapp-image-2019-05-06-at-12.34.59-800x450.webp\" width=\"800\" height=\"450\" alt=\"Magazine Luiza expande participa\u00e7\u00e3o no Norte e no Distrito Federal\" fetchpriority=high \/>\n\t\t\t<\/picture>\n\n\t\t\t<figcaption class=\"wp-caption-text wp-caption-text--hide\">Confira 5 a\u00e7\u00f5es que mais valorizaram no m\u00eas de outubro<\/figcaption>\n\t\t<\/figure>\n\t<\/div>\n\n\n\n<p>Ser\u00e3o investidos R$ 60 milh\u00f5es para abrir unidades do <strong>Magazine Luiza<\/strong> espalhadas por 34 munic\u00edpios do estado. Al\u00e9m disso, ser\u00e1 constru\u00eddo um centro de distribui\u00e7\u00e3o localizado na regi\u00e3o metropolitana de Bel\u00e9m.<\/p>\n<p>A expans\u00e3o para o Norte faz parte da estrat\u00e9gia do aumento da participa\u00e7\u00e3o da varejista nacional. No final de agosto, o <strong>Magalu<\/strong> atingiu a marca de mil lojas f\u00edsicas. Para o Distrito Federal, est\u00e3o previstas 15 novas unidades em 2020.<\/p>\n<p>O vice-presidente do<strong> Magazine Luiza<\/strong>, Fabr\u00edcio Garcia, afirmou que neste ano a empresa escolheu entrar no Par\u00e1 e no Mato Grosso devido ao potencial de consumo dessas localidades.<\/p>\n<p><a href=\"https:\/\/www.suno.com.br\/noticias\/amazon-prime-magazine-luiza-acao-b2w-brasil\/\">Veja tamb\u00e9m: Amazon Prime \u2018ainda fica abaixo\u2019 do Magazine Luiza e da B2W, diz Bradesco BBI<\/a><\/p>\n<p>Somente em <strong>Mato Grosso<\/strong>, foram abertas novas quatro lojas e um centro de distribui\u00e7\u00e3o. Atingindo a meta de finalizar o ano com 20 pontos de venda, os investimentos no estado devem somar R$ 25 milh\u00f5es.<\/p>\n<p>&#8220;Para 2020, estamos pensando em refor\u00e7ar essa expans\u00e3o no Par\u00e1 e Mato Grosso&#8221;, afirmou Garcia. Em 2020, a inten\u00e7\u00e3o \u00e9 abrir entre 20 e 30 lojas no Par\u00e1 e mais um centro de distribui\u00e7\u00e3o em Marab\u00e1, sudeste do estado. Em Mato Grosso, a inten\u00e7\u00e3o \u00e9 ter mais de 25 a 30 lojas.<\/p>\n\t<p>\n\t\t<a href=\"https:\/\/lp.suno.com.br\/minicurso-valuation\/\" target=\"_blank\" data-element=\"shortcode-suno-banner\" title=\"Banner SUNO, clique e saiba mais\">\n\t\t\t<picture>\n\t\t\t\t<source media=\"(max-width: 500px)\" srcset=\"https:\/\/files.sunoresearch.com.br\/n\/uploads\/2023\/03\/400x300-Minicurso-Valuation.png\">\n\t\t\t\t<img class=\"newsContent__article__imgCapa newsContent__article__imgCapa--banner\"\n\t\t\t\t\tsrc=\"https:\/\/files.sunoresearch.com.br\/n\/uploads\/2023\/03\/1420x240-Minicurso-Valuation.png\"\n\t\t\t\t\tdata-promo-id=\"383160\"\t\t\t\t\t\t\t\t\t\twidth='1420' height='240'\t\t\t\t\talt=\"https:\/\/files.sunoresearch.com.br\/n\/uploads\/2023\/03\/1420x240-Minicurso-Valuation.png\"\n\t\t\t\t>\n\t\t\t<\/picture>\n\t\t<\/a>\n\t<\/p>\n\n\n<p>\u201cO Norte \u00e9 uma regi\u00e3o complexa geograficamente: tem muita floresta, muito rio. H\u00e1 lugares em que s\u00f3 \u00e9 poss\u00edvel chegar de avi\u00e3o ou de barco e, por isso, temos de montar uma opera\u00e7\u00e3o de <strong>log\u00edstica<\/strong> para atender a todas as cidades\u201d, afirmou Garcia.<\/p>\n<p>O executivo ressalta que todas as lojas novas seguem o modelo da empresa no qual h\u00e1 um minicentro de distribui\u00e7\u00e3o em conjunto. Isso agiliza a entrega das vendas via <strong>e-commerce<\/strong>, encurtando as dist\u00e2ncias e o tempo de entrega.<\/p>\n<h2>CEO do Magazine Luiza quer acelerar investimentos<\/h2>\n<p>O diretor-executivo da companhia, <strong>Frederico Trajano<\/strong>, disse, durante o evento &#8220;Exame F\u00f3rum&#8221;, realizado em S\u00e3o Paulo, na \u00faltima segunda-feira (9), que as empresas privadas precisam aproveitar o atual cen\u00e1rio nacional para &#8220;acelerar&#8221;.<\/p>\n<p><a href=\"https:\/\/www.suno.com.br\/noticias\/ceo-magazine-luiza-amazon-nao-oferece-perigo-a-sua-empresa\/\">Confira: CEO da Magazine Luiza diz que Amazon n\u00e3o oferece perigo a sua empresa<\/a><\/p>\n<p>&#8220;A iniciativa privada tem que assumir o protagonismo e a hora \u00e9 agora. N\u00f3s [<strong>Magazine<\/strong> <strong>Luiza<\/strong>] aceleramos muito os investimentos neste ano, abrimos nossa mil\u00e9sima loja h\u00e1 duas semanas, estamos investindo ainda mais no que tem nos diferenciado, que \u00e9 a tecnologia&#8221;, afirmou o executivo da gigante varejista.<\/p>\n<p>O diretor executivo acredita tamb\u00e9m que o atual panorama do mercado mostra que, quando a economia for recuperada, empresas que investiram neste meio tempo, compreendido entre o in\u00edcio deste ano e o decorrer do ano que vem, ter\u00e3o um bom retorno.<\/p>\n<p><a href=\"https:\/\/www.suno.com.br\/noticias\/banco-inter-confirma-maior-participacao-softbank\/\">Saiba mais: Banco Inter confirma maior participa\u00e7\u00e3o do grupo Softbank<\/a><\/p>\n<p>&#8220;Est\u00e1 tendo uma s\u00e9rie de facilidades, com juros a 5%, de levantar capital. Muitas empresas est\u00e3o fazendo follow on, abrindo capital&#8230; Isso gera emprego&#8221;, disse o CEO do <strong>Magazine Luiza<\/strong>.<\/p>\n","protected":false},"excerpt":{"rendered":"<p>O Magazine Luiza est\u00e1 cada vez mais expandindo suas opera\u00e7\u00f5es no territ\u00f3rio brasileiro. Nesta segunda-feira (16), foram inauguradas 16 das 50 lojas programadas para entrar em atividade at\u00e9 o fim de outubro no Par\u00e1. Confira 5 a\u00e7\u00f5es que mais valorizaram no m\u00eas de outubro Ser\u00e3o investidos R$ 60 milh\u00f5es para abrir unidades do Magazine Luiza [&hellip;]<\/p>\n","protected":false},"author":24,"featured_media":23415,"comment_status":"closed","ping_status":"closed","sticky":false,"template":"","format":"standard","meta":[],"categories":[64],"tags":[2073,548,803],"suno_strategy":[],"class_list":["post-37724","post","type-post","status-publish","format-standard","has-post-thumbnail","hentry","category-negocios","tag-e-commerce","tag-magazine-luiza-mglu3","tag-varejo"],"yoast_head":"<!-- This site is optimized with the Yoast SEO plugin v24.4 - https:\/\/yoast.com\/wordpress\/plugins\/seo\/ -->\n<title>Magazine Luiza expande participa\u00e7\u00e3o no Norte e no Distrito Federal<\/title>\n<meta name=\"description\" content=\"O Magazine Luiza est\u00e1 cada vez mais expandindo suas opera\u00e7\u00f5es no territ\u00f3rio brasileiro. Agora no Norte e DF. Clique aqui e saiba mais.\" \/>\n<meta name=\"robots\" content=\"index, follow, max-snippet:-1, max-image-preview:large, max-video-preview:-1\" \/>\n<link rel=\"canonical\" href=\"https:\/\/www.suno.com.br\/noticias\/magazine-luiza-expande-participacao-norte-distrito-federal\/\" \/>\n<meta property=\"og:locale\" content=\"pt_BR\" \/>\n<meta property=\"og:type\" content=\"article\" \/>\n<meta property=\"og:title\" content=\"Magazine Luiza expande participa\u00e7\u00e3o no Norte e no Distrito Federal\" \/>\n<meta property=\"og:description\" content=\"O Magazine Luiza est\u00e1 cada vez mais expandindo suas opera\u00e7\u00f5es no territ\u00f3rio brasileiro. Agora no Norte e DF. Clique aqui e saiba mais.\" \/>\n<meta property=\"og:url\" content=\"https:\/\/www.suno.com.br\/noticias\/magazine-luiza-expande-participacao-norte-distrito-federal\/\" \/>\n<meta property=\"og:site_name\" content=\"Suno Not\u00edcias\" \/>\n<meta property=\"article:publisher\" content=\"https:\/\/facebook.com\/sunoresearch\" \/>\n<meta property=\"og:image\" content=\"https:\/\/files.sunoresearch.com.br\/n\/uploads\/2019\/05\/69f39918-whatsapp-image-2019-05-06-at-12.34.59.jpeg\" \/>\n\t<meta property=\"og:image:width\" content=\"940\" \/>\n\t<meta property=\"og:image:height\" content=\"523\" \/>\n\t<meta property=\"og:image:type\" content=\"image\/jpeg\" \/>\n<meta name=\"author\" content=\"Jader Lazarini\" \/>\n<meta name=\"twitter:card\" content=\"summary_large_image\" \/>\n<meta name=\"twitter:creator\" content=\"@sunoresearch\" \/>\n<meta name=\"twitter:site\" content=\"@sunoresearch\" \/>\n<meta name=\"twitter:label1\" content=\"Escrito por\" \/>\n\t<meta name=\"twitter:data1\" content=\"Jader Lazarini\" \/>\n\t<meta name=\"twitter:label2\" content=\"Est. tempo de leitura\" \/>\n\t<meta name=\"twitter:data2\" content=\"3 minutos\" \/>\n<script type=\"application\/ld+json\" class=\"yoast-schema-graph\">{\"@context\":\"https:\/\/schema.org\",\"@graph\":[{\"@type\":\"NewsArticle\",\"@id\":\"https:\/\/www.suno.com.br\/noticias\/magazine-luiza-expande-participacao-norte-distrito-federal\/#article\",\"isPartOf\":{\"@id\":\"https:\/\/www.suno.com.br\/noticias\/magazine-luiza-expande-participacao-norte-distrito-federal\/\"},\"author\":{\"name\":\"Jader Lazarini\",\"@id\":\"https:\/\/www.suno.com.br\/noticias\/#\/schema\/person\/918d79de1f0281f01599b93f9ea6e23f\"},\"headline\":\"Magazine Luiza expande participa\u00e7\u00e3o no Norte e no Distrito Federal\",\"datePublished\":\"2019-09-16T16:05:58+00:00\",\"dateModified\":\"2021-02-17T22:38:05+00:00\",\"mainEntityOfPage\":{\"@id\":\"https:\/\/www.suno.com.br\/noticias\/magazine-luiza-expande-participacao-norte-distrito-federal\/\"},\"wordCount\":536,\"publisher\":{\"@id\":\"https:\/\/www.suno.com.br\/noticias\/#organization\"},\"image\":{\"@id\":\"https:\/\/www.suno.com.br\/noticias\/magazine-luiza-expande-participacao-norte-distrito-federal\/#primaryimage\"},\"thumbnailUrl\":\"https:\/\/files.sunoresearch.com.br\/n\/uploads\/2019\/05\/69f39918-whatsapp-image-2019-05-06-at-12.34.59-jpeg.webp\",\"keywords\":[\"e-commerce\",\"Magazine Luiza (MGLU3)\",\"varejo\"],\"articleSection\":[\"Neg\u00f3cios\"],\"inLanguage\":\"pt-BR\"},{\"@type\":\"WebPage\",\"@id\":\"https:\/\/www.suno.com.br\/noticias\/magazine-luiza-expande-participacao-norte-distrito-federal\/\",\"url\":\"https:\/\/www.suno.com.br\/noticias\/magazine-luiza-expande-participacao-norte-distrito-federal\/\",\"name\":\"Magazine Luiza expande participa\u00e7\u00e3o no Norte e no Distrito Federal\",\"isPartOf\":{\"@id\":\"https:\/\/www.suno.com.br\/noticias\/#website\"},\"primaryImageOfPage\":{\"@id\":\"https:\/\/www.suno.com.br\/noticias\/magazine-luiza-expande-participacao-norte-distrito-federal\/#primaryimage\"},\"image\":{\"@id\":\"https:\/\/www.suno.com.br\/noticias\/magazine-luiza-expande-participacao-norte-distrito-federal\/#primaryimage\"},\"thumbnailUrl\":\"https:\/\/files.sunoresearch.com.br\/n\/uploads\/2019\/05\/69f39918-whatsapp-image-2019-05-06-at-12.34.59-jpeg.webp\",\"datePublished\":\"2019-09-16T16:05:58+00:00\",\"dateModified\":\"2021-02-17T22:38:05+00:00\",\"description\":\"O Magazine Luiza est\u00e1 cada vez mais expandindo suas opera\u00e7\u00f5es no territ\u00f3rio brasileiro. Agora no Norte e DF. Clique aqui e saiba mais.\",\"breadcrumb\":{\"@id\":\"https:\/\/www.suno.com.br\/noticias\/magazine-luiza-expande-participacao-norte-distrito-federal\/#breadcrumb\"},\"inLanguage\":\"pt-BR\",\"potentialAction\":[{\"@type\":\"ReadAction\",\"target\":[\"https:\/\/www.suno.com.br\/noticias\/magazine-luiza-expande-participacao-norte-distrito-federal\/\"]}]},{\"@type\":\"ImageObject\",\"inLanguage\":\"pt-BR\",\"@id\":\"https:\/\/www.suno.com.br\/noticias\/magazine-luiza-expande-participacao-norte-distrito-federal\/#primaryimage\",\"url\":\"https:\/\/files.sunoresearch.com.br\/n\/uploads\/2019\/05\/69f39918-whatsapp-image-2019-05-06-at-12.34.59-jpeg.webp\",\"contentUrl\":\"https:\/\/files.sunoresearch.com.br\/n\/uploads\/2019\/05\/69f39918-whatsapp-image-2019-05-06-at-12.34.59-jpeg.webp\",\"width\":940,\"height\":523,\"caption\":\"Confira 5 a\u00e7\u00f5es que mais valorizaram no m\u00eas de outubro\"},{\"@type\":\"BreadcrumbList\",\"@id\":\"https:\/\/www.suno.com.br\/noticias\/magazine-luiza-expande-participacao-norte-distrito-federal\/#breadcrumb\",\"itemListElement\":[{\"@type\":\"ListItem\",\"position\":1,\"name\":\"Not\u00edcias\",\"item\":\"https:\/\/www.suno.com.br\/noticias\/\"},{\"@type\":\"ListItem\",\"position\":2,\"name\":\"Neg\u00f3cios\",\"item\":\"https:\/\/www.suno.com.br\/noticias\/negocios\/\"},{\"@type\":\"ListItem\",\"position\":3,\"name\":\"Magazine Luiza expande participa\u00e7\u00e3o no Norte e no Distrito Federal\"}]},{\"@type\":\"WebSite\",\"@id\":\"https:\/\/www.suno.com.br\/noticias\/#website\",\"url\":\"https:\/\/www.suno.com.br\/noticias\/\",\"name\":\"Suno Not\u00edcias\",\"description\":\"Seu portal de informa\u00e7\u00e3o sobre o mundo dos investimentos\",\"publisher\":{\"@id\":\"https:\/\/www.suno.com.br\/noticias\/#organization\"},\"potentialAction\":[{\"@type\":\"SearchAction\",\"target\":{\"@type\":\"EntryPoint\",\"urlTemplate\":\"https:\/\/www.suno.com.br\/noticias\/?s={search_term_string}\"},\"query-input\":{\"@type\":\"PropertyValueSpecification\",\"valueRequired\":true,\"valueName\":\"search_term_string\"}}],\"inLanguage\":\"pt-BR\"},{\"@type\":\"Organization\",\"@id\":\"https:\/\/www.suno.com.br\/noticias\/#organization\",\"name\":\"Suno Not\u00edcias\",\"url\":\"https:\/\/www.suno.com.br\/noticias\/\",\"logo\":{\"@type\":\"ImageObject\",\"inLanguage\":\"pt-BR\",\"@id\":\"https:\/\/www.suno.com.br\/noticias\/#\/schema\/logo\/image\/\",\"url\":\"https:\/\/files.sunoresearch.com.br\/n\/uploads\/2021\/09\/suno-logo.png\",\"contentUrl\":\"https:\/\/files.sunoresearch.com.br\/n\/uploads\/2021\/09\/suno-logo.png\",\"width\":180,\"height\":180,\"caption\":\"Suno Not\u00edcias\"},\"image\":{\"@id\":\"https:\/\/www.suno.com.br\/noticias\/#\/schema\/logo\/image\/\"},\"sameAs\":[\"https:\/\/facebook.com\/sunoresearch\",\"https:\/\/x.com\/sunoresearch\",\"https:\/\/www.instagram.com\/suno\",\"https:\/\/www.linkedin.com\/company\/suno-research\/\",\"https:\/\/www.youtube.com\/c\/sunoresearch\"]},{\"@type\":\"Person\",\"@id\":\"https:\/\/www.suno.com.br\/noticias\/#\/schema\/person\/918d79de1f0281f01599b93f9ea6e23f\",\"name\":\"Jader Lazarini\",\"image\":{\"@type\":\"ImageObject\",\"inLanguage\":\"pt-BR\",\"@id\":\"https:\/\/www.suno.com.br\/noticias\/#\/schema\/person\/image\/\",\"url\":\"https:\/\/secure.gravatar.com\/avatar\/3c1ad8caa51589841baeb923fcddea97?s=96&r=g\",\"contentUrl\":\"https:\/\/secure.gravatar.com\/avatar\/3c1ad8caa51589841baeb923fcddea97?s=96&r=g\",\"caption\":\"Jader Lazarini\"},\"description\":\"Jader Lazarini escreve sobre investimentos, finan\u00e7as, economia e neg\u00f3cios. \u00c9 bacharel em Rela\u00e7\u00f5es Internacionais e analista CNPI (2619).\",\"url\":\"https:\/\/www.suno.com.br\/noticias\/author\/jader-lazarini\/\"}]}<\/script>\n<!-- \/ Yoast SEO plugin. -->","yoast_head_json":{"title":"Magazine Luiza expande participa\u00e7\u00e3o no Norte e no Distrito Federal","description":"O Magazine Luiza est\u00e1 cada vez mais expandindo suas opera\u00e7\u00f5es no territ\u00f3rio brasileiro. Agora no Norte e DF. Clique aqui e saiba mais.","robots":{"index":"index","follow":"follow","max-snippet":"max-snippet:-1","max-image-preview":"max-image-preview:large","max-video-preview":"max-video-preview:-1"},"canonical":"https:\/\/www.suno.com.br\/noticias\/magazine-luiza-expande-participacao-norte-distrito-federal\/","og_locale":"pt_BR","og_type":"article","og_title":"Magazine Luiza expande participa\u00e7\u00e3o no Norte e no Distrito Federal","og_description":"O Magazine Luiza est\u00e1 cada vez mais expandindo suas opera\u00e7\u00f5es no territ\u00f3rio brasileiro. Agora no Norte e DF. Clique aqui e saiba mais.","og_url":"https:\/\/www.suno.com.br\/noticias\/magazine-luiza-expande-participacao-norte-distrito-federal\/","og_site_name":"Suno Not\u00edcias","article_publisher":"https:\/\/facebook.com\/sunoresearch","og_image":[{"width":940,"height":523,"url":"https:\/\/files.sunoresearch.com.br\/n\/uploads\/2019\/05\/69f39918-whatsapp-image-2019-05-06-at-12.34.59.jpeg","type":"image\/jpeg"}],"author":"Jader Lazarini","twitter_card":"summary_large_image","twitter_creator":"@sunoresearch","twitter_site":"@sunoresearch","twitter_misc":{"Escrito por":"Jader Lazarini","Est. tempo de leitura":"3 minutos"},"schema":{"@context":"https:\/\/schema.org","@graph":[{"@type":"NewsArticle","@id":"https:\/\/www.suno.com.br\/noticias\/magazine-luiza-expande-participacao-norte-distrito-federal\/#article","isPartOf":{"@id":"https:\/\/www.suno.com.br\/noticias\/magazine-luiza-expande-participacao-norte-distrito-federal\/"},"author":{"name":"Jader Lazarini","@id":"https:\/\/www.suno.com.br\/noticias\/#\/schema\/person\/918d79de1f0281f01599b93f9ea6e23f"},"headline":"Magazine Luiza expande participa\u00e7\u00e3o no Norte e no Distrito Federal","datePublished":"2019-09-16T16:05:58+00:00","dateModified":"2021-02-17T22:38:05+00:00","mainEntityOfPage":{"@id":"https:\/\/www.suno.com.br\/noticias\/magazine-luiza-expande-participacao-norte-distrito-federal\/"},"wordCount":536,"publisher":{"@id":"https:\/\/www.suno.com.br\/noticias\/#organization"},"image":{"@id":"https:\/\/www.suno.com.br\/noticias\/magazine-luiza-expande-participacao-norte-distrito-federal\/#primaryimage"},"thumbnailUrl":"https:\/\/files.sunoresearch.com.br\/n\/uploads\/2019\/05\/69f39918-whatsapp-image-2019-05-06-at-12.34.59-jpeg.webp","keywords":["e-commerce","Magazine Luiza (MGLU3)","varejo"],"articleSection":["Neg\u00f3cios"],"inLanguage":"pt-BR"},{"@type":"WebPage","@id":"https:\/\/www.suno.com.br\/noticias\/magazine-luiza-expande-participacao-norte-distrito-federal\/","url":"https:\/\/www.suno.com.br\/noticias\/magazine-luiza-expande-participacao-norte-distrito-federal\/","name":"Magazine Luiza expande participa\u00e7\u00e3o no Norte e no Distrito Federal","isPartOf":{"@id":"https:\/\/www.suno.com.br\/noticias\/#website"},"primaryImageOfPage":{"@id":"https:\/\/www.suno.com.br\/noticias\/magazine-luiza-expande-participacao-norte-distrito-federal\/#primaryimage"},"image":{"@id":"https:\/\/www.suno.com.br\/noticias\/magazine-luiza-expande-participacao-norte-distrito-federal\/#primaryimage"},"thumbnailUrl":"https:\/\/files.sunoresearch.com.br\/n\/uploads\/2019\/05\/69f39918-whatsapp-image-2019-05-06-at-12.34.59-jpeg.webp","datePublished":"2019-09-16T16:05:58+00:00","dateModified":"2021-02-17T22:38:05+00:00","description":"O Magazine Luiza est\u00e1 cada vez mais expandindo suas opera\u00e7\u00f5es no territ\u00f3rio brasileiro. Agora no Norte e DF. Clique aqui e saiba mais.","breadcrumb":{"@id":"https:\/\/www.suno.com.br\/noticias\/magazine-luiza-expande-participacao-norte-distrito-federal\/#breadcrumb"},"inLanguage":"pt-BR","potentialAction":[{"@type":"ReadAction","target":["https:\/\/www.suno.com.br\/noticias\/magazine-luiza-expande-participacao-norte-distrito-federal\/"]}]},{"@type":"ImageObject","inLanguage":"pt-BR","@id":"https:\/\/www.suno.com.br\/noticias\/magazine-luiza-expande-participacao-norte-distrito-federal\/#primaryimage","url":"https:\/\/files.sunoresearch.com.br\/n\/uploads\/2019\/05\/69f39918-whatsapp-image-2019-05-06-at-12.34.59-jpeg.webp","contentUrl":"https:\/\/files.sunoresearch.com.br\/n\/uploads\/2019\/05\/69f39918-whatsapp-image-2019-05-06-at-12.34.59-jpeg.webp","width":940,"height":523,"caption":"Confira 5 a\u00e7\u00f5es que mais valorizaram no m\u00eas de outubro"},{"@type":"BreadcrumbList","@id":"https:\/\/www.suno.com.br\/noticias\/magazine-luiza-expande-participacao-norte-distrito-federal\/#breadcrumb","itemListElement":[{"@type":"ListItem","position":1,"name":"Not\u00edcias","item":"https:\/\/www.suno.com.br\/noticias\/"},{"@type":"ListItem","position":2,"name":"Neg\u00f3cios","item":"https:\/\/www.suno.com.br\/noticias\/negocios\/"},{"@type":"ListItem","position":3,"name":"Magazine Luiza expande participa\u00e7\u00e3o no Norte e no Distrito Federal"}]},{"@type":"WebSite","@id":"https:\/\/www.suno.com.br\/noticias\/#website","url":"https:\/\/www.suno.com.br\/noticias\/","name":"Suno Not\u00edcias","description":"Seu portal de informa\u00e7\u00e3o sobre o mundo dos investimentos","publisher":{"@id":"https:\/\/www.suno.com.br\/noticias\/#organization"},"potentialAction":[{"@type":"SearchAction","target":{"@type":"EntryPoint","urlTemplate":"https:\/\/www.suno.com.br\/noticias\/?s={search_term_string}"},"query-input":{"@type":"PropertyValueSpecification","valueRequired":true,"valueName":"search_term_string"}}],"inLanguage":"pt-BR"},{"@type":"Organization","@id":"https:\/\/www.suno.com.br\/noticias\/#organization","name":"Suno Not\u00edcias","url":"https:\/\/www.suno.com.br\/noticias\/","logo":{"@type":"ImageObject","inLanguage":"pt-BR","@id":"https:\/\/www.suno.com.br\/noticias\/#\/schema\/logo\/image\/","url":"https:\/\/files.sunoresearch.com.br\/n\/uploads\/2021\/09\/suno-logo.png","contentUrl":"https:\/\/files.sunoresearch.com.br\/n\/uploads\/2021\/09\/suno-logo.png","width":180,"height":180,"caption":"Suno Not\u00edcias"},"image":{"@id":"https:\/\/www.suno.com.br\/noticias\/#\/schema\/logo\/image\/"},"sameAs":["https:\/\/facebook.com\/sunoresearch","https:\/\/x.com\/sunoresearch","https:\/\/www.instagram.com\/suno","https:\/\/www.linkedin.com\/company\/suno-research\/","https:\/\/www.youtube.com\/c\/sunoresearch"]},{"@type":"Person","@id":"https:\/\/www.suno.com.br\/noticias\/#\/schema\/person\/918d79de1f0281f01599b93f9ea6e23f","name":"Jader Lazarini","image":{"@type":"ImageObject","inLanguage":"pt-BR","@id":"https:\/\/www.suno.com.br\/noticias\/#\/schema\/person\/image\/","url":"https:\/\/secure.gravatar.com\/avatar\/3c1ad8caa51589841baeb923fcddea97?s=96&r=g","contentUrl":"https:\/\/secure.gravatar.com\/avatar\/3c1ad8caa51589841baeb923fcddea97?s=96&r=g","caption":"Jader Lazarini"},"description":"Jader Lazarini escreve sobre investimentos, finan\u00e7as, economia e neg\u00f3cios. \u00c9 bacharel em Rela\u00e7\u00f5es Internacionais e analista CNPI (2619).","url":"https:\/\/www.suno.com.br\/noticias\/author\/jader-lazarini\/"}]}},"default_loop_html":"<div class=\"cardsPage__listCard__boxs\"><div class=\"cardsPage__listCard__boxs__img\"><a href=\"https:\/\/www.suno.com.br\/noticias\/magazine-luiza-expande-participacao-norte-distrito-federal\/\"><img class=\"mask\" src=\"https:\/\/www.suno.com.br\/noticias\/wp-content\/themes\/suno\/resources\/images\/spotlight\/spotlight1img\/bg-mask.png\" alt=\"Image Mask\"\/><img src=\"https:\/\/files.sunoresearch.com.br\/n\/uploads\/2019\/05\/69f39918-whatsapp-image-2019-05-06-at-12.34.59-400x200.webp\" alt=\"Magazine Luiza expande participa\u00e7\u00e3o no Norte e no Distrito Federal\"\/><\/a><span class=\"spotlightCategory\"><a href=\"https:\/\/www.suno.com.br\/noticias\/negocios\/\">Neg\u00f3cios<\/a><\/span><\/div><div class=\"cardsPage__listCard__boxs__content\"><a href=\"https:\/\/www.suno.com.br\/noticias\/magazine-luiza-expande-participacao-norte-distrito-federal\/\"><h2 class=\"content__title\">Magazine Luiza expande participa\u00e7\u00e3o no Norte e no Distrito Federal<\/h2><\/a><div class=\"newsContent__article__meta\"><div class=\"newsContent__article__meta__authorBox\"><a href=\"https:\/\/www.suno.com.br\/noticias\/author\/jader-lazarini\/\" class=\"authorBox__avatar noMobi\"><img src=\"https:\/\/files.sunoresearch.com.br\/n\/uploads\/2021\/01\/178e6598-foto-perfil-2-150x150.jpg\" alt=\"Jader Lazarini\"><\/a><div class=\"authorBox__name\"><span>por\n\t\t\t<a href=\"https:\/\/www.suno.com.br\/noticias\/author\/jader-lazarini\/\"><span itemprop=\"author\">Jader Lazarini<\/span><\/a><\/span><time datetime=\"2019-09-16T13:05:58-03:00\" itemprop=\"datePublished\">16\/09\/2019 13:05<\/time><\/div><\/div><\/div><\/div><\/div>","single_layout":"posts","amp_enabled":true,"_links":{"self":[{"href":"https:\/\/www.suno.com.br\/noticias\/wp-json\/wp\/v2\/posts\/37724"}],"collection":[{"href":"https:\/\/www.suno.com.br\/noticias\/wp-json\/wp\/v2\/posts"}],"about":[{"href":"https:\/\/www.suno.com.br\/noticias\/wp-json\/wp\/v2\/types\/post"}],"author":[{"embeddable":true,"href":"https:\/\/www.suno.com.br\/noticias\/wp-json\/wp\/v2\/users\/24"}],"replies":[{"embeddable":true,"href":"https:\/\/www.suno.com.br\/noticias\/wp-json\/wp\/v2\/comments?post=37724"}],"version-history":[{"count":0,"href":"https:\/\/www.suno.com.br\/noticias\/wp-json\/wp\/v2\/posts\/37724\/revisions"}],"wp:featuredmedia":[{"embeddable":true,"href":"https:\/\/www.suno.com.br\/noticias\/wp-json\/wp\/v2\/media\/23415"}],"wp:attachment":[{"href":"https:\/\/www.suno.com.br\/noticias\/wp-json\/wp\/v2\/media?parent=37724"}],"wp:term":[{"taxonomy":"category","embeddable":true,"href":"https:\/\/www.suno.com.br\/noticias\/wp-json\/wp\/v2\/categories?post=37724"},{"taxonomy":"post_tag","embeddable":true,"href":"https:\/\/www.suno.com.br\/noticias\/wp-json\/wp\/v2\/tags?post=37724"},{"taxonomy":"suno_strategy","embeddable":true,"href":"https:\/\/www.suno.com.br\/noticias\/wp-json\/wp\/v2\/suno_strategy?post=37724"}],"curies":[{"name":"wp","href":"https:\/\/api.w.org\/{rel}","templated":true}]}}