{"id":377180,"date":"2023-03-17T08:54:12","date_gmt":"2023-03-17T11:54:12","guid":{"rendered":"https:\/\/www.suno.com.br\/noticias\/?p=377180"},"modified":"2023-03-17T08:54:17","modified_gmt":"2023-03-17T11:54:17","slug":"svb-falencia-incapacidade-banco-saques","status":"publish","type":"post","link":"https:\/\/www.suno.com.br\/noticias\/svb-falencia-incapacidade-banco-saques\/","title":{"rendered":"Yellen: SVB foi a fal\u00eancia por &#8216;incapacidade de atender pedidos de saque&#8217;"},"content":{"rendered":"<p>A secret\u00e1ria do Tesouro dos Estados Unidos, <a class=\"suno-keyword\" data-force=\"no\" data-priority=\"2\" href=\"https:\/\/www.suno.com.br\/tudo-sobre\/janet-yellen\/\" target=\"_blank\" rel=\"noopener\">Janet Yellen<\/a>, disse que o que causou a quebra do <a href=\"https:\/\/www.suno.com.br\/noticias\/executivos-silicon-valley-bank-svb\/\" target=\"_blank\" rel=\"noreferrer noopener\">Silicon Valley Bank (<strong>SVB<\/strong>)<\/a> foi que o banco n\u00e3o conseguiu atender pedidos de saque dos depositantes. Ela acrescentou que ainda ser\u00e1 necess\u00e1rio investigar o que desencadeou esse processo.<\/p><div class=\"videoFull \">\n\t\t\t<div class=\"videoWrapper yt-lazyload center\"\n\t\t\t\tdata-width=\"960\"\n\t\t\t\tdata-height=\"540\"\n\t\t\t\tdata-id=\"oiJ9rBwPzxY\"\n\t\t\t\tdata-alt=\"V\u00eddeo do YouTube - clique para reproduzir\"\n\t\t\t\tdata-logo=\"3\"\n\t\t\t\tdata-imagequality=\"maxres\">\n\t\t\t<\/div>\n\t\t<\/div><script type=\"application\/ld+json\">{\"@context\":\"https:\/\/schema.org\",\"@type\":\"VideoObject\",\"name\":\"BANC\u00d5ES DOS EUA SOCORREM FIRST REPUBLIC | Ita\u00fa, Bradesco, BB: bancos brasileiros correm risco?\",\"description\":\"#firstrepublicbank #bradesco #bbdc4 #bbdc3 #ita\u00fa #itub4 #bancodobrasil #bbas3 #bancos #crise #livedas19h #investimentos #mercadofinanceiro #bolsadevalores \u23f1\u1d0d\u026a\u0274\u1d1c\u1d1b\u1d00\u0262\u1d07\u1d0d 00:00 Abertura 01:50 Bancos dos EUA fazem acordo para injetar US$ 30 bilh\u00f5es no First Republic Bank 06:00 Os bancos brasileiros podem ter uma crise com o do Credit Suisse e do SVB? Jo\u00e3o Daronco, analista da Suno Research, responde.\u2026\",\"duration\":\"PT26M36S\",\"embedUrl\":\"https:\/\/www.youtube.com\/embed\/oiJ9rBwPzxY\",\"regionsAllowed\":\"pt-BR\",\"interactionStatistic\":{\"@type\":\"InteractionCounter\",\"interactionType\":{\"@type\":\"WatchAction\"},\"userInteractionCount\":3334},\"thumbnailUrl\":\"https:\/\/i.ytimg.com\/vi\/oiJ9rBwPzxY\/default.jpg\",\"uploadDate\":\"2023-03-16T22:41:56Z\"}<\/script>\n\n\n\n\n\t<p>\n\t\t<a href=\"\" target=\"_blank\" data-element=\"shortcode-suno-banner\" title=\"Banner SUNO, clique e saiba mais\">\n\t\t\t<picture>\n\t\t\t\t<source media=\"(max-width: 500px)\" srcset=\"\">\n\t\t\t\t<img class=\"newsContent__article__imgCapa newsContent__article__imgCapa--banner\"\n\t\t\t\t\tsrc=\"\"\n\t\t\t\t\tdata-promo-id=\"138420\"\t\t\t\t\t\t\t\t\t\t\t\t\t\t\talt=\"\"\n\t\t\t\t>\n\t\t\t<\/picture>\n\t\t<\/a>\n\t<\/p>\n\n\n\n\n\n\n\n<p>&#8220;Houve uma massa de saques que gerou problemas de liquidez e o banco teve que ser fechado por isso&#8221;, resumiu ela, sobre a <strong>crise no SVB<\/strong>.<\/p>\n\n\n\n<p>Yellen deu depoimento ao Comit\u00ea de Finan\u00e7as do Senado nesta quinta-feira, 16. A pauta foi a proposta de or\u00e7amento apresentada pela administra\u00e7\u00e3o Joe Biden na semana passada.<\/p>\n\n\n\n<h2 class=\"wp-block-heading\" id=\"h-credito-mais-caro-e-a-crise-do-svb\">Cr\u00e9dito mais caro e a crise do SVB<\/h2>\n\n\n\n<p>A secret\u00e1ria do Tesouro dos Estados Unidos disse que uma preocupa\u00e7\u00e3o do governo Joe Biden \u00e9 a possibilidade de o cr\u00e9dito ficar mais caro e menos acess\u00edvel, caso bancos sob estresse ap\u00f3s crise no Signature Bank e SVB se tornarem mais relutantes a conceder empr\u00e9stimos.<\/p>\n\n\n\n<p>&#8220;Isso poderia virar uma fonte de <a class=\"suno-keyword\" target=\"_blank\" data-force=\"no\" data-priority=\"1\" href=\"https:\/\/www.suno.com.br\/artigos\/risco-economico\/\" rel=\"noopener\">risco econ\u00f4mico<\/a> negativo&#8221;, afirmou ela.<\/p>\n\n\n\t<p>\n\t\t<a href=\"https:\/\/lp.suno.com.br\/planilha-controle-gastos\/\" target=\"_blank\" data-element=\"shortcode-suno-banner\" title=\"Banner SUNO, clique e saiba mais\">\n\t\t\t<picture>\n\t\t\t\t<source media=\"(max-width: 500px)\" srcset=\"https:\/\/files.sunoresearch.com.br\/n\/uploads\/2023\/03\/400x300-Planilha-controle-de-gastos.png\">\n\t\t\t\t<img class=\"newsContent__article__imgCapa newsContent__article__imgCapa--banner\"\n\t\t\t\t\tsrc=\"https:\/\/files.sunoresearch.com.br\/n\/uploads\/2023\/03\/1420x240-Planilha-controle-de-gastos.png\"\n\t\t\t\t\tdata-promo-id=\"101751\"\t\t\t\t\t\t\t\t\t\twidth='1420' height='240'\t\t\t\t\talt=\"https:\/\/files.sunoresearch.com.br\/n\/uploads\/2023\/03\/1420x240-Planilha-controle-de-gastos.png\"\n\t\t\t\t>\n\t\t\t<\/picture>\n\t\t<\/a>\n\t<\/p>\n\n\n\n\n\n<p>A secret\u00e1ria disse que h\u00e1 estat\u00edsticas para identificar se bancos est\u00e3o apertando as condi\u00e7\u00f5es de cr\u00e9dito, a exemplo do Senior Credit Officer Opinion Survey, ao ser perguntada sobre quais indicadores o Tesouro est\u00e1 monitorando para saber se suas medidas de interven\u00e7\u00e3o aos Signature Bank e SVB ser\u00e3o bem sucedidas.<\/p>\n\n\n\n<p>Janet Yellen afirmou tamb\u00e9m que ser\u00e1 necess\u00e1rio pensar sobre requerimentos de liquidez para bancos com forte depend\u00eancia de dep\u00f3sitos n\u00e3o segurados, ap\u00f3s os casos de quebra e de interven\u00e7\u00e3o nos EUA.<\/p>\n\n\n\n<p>Ela disse que bancos que t\u00eam mais dep\u00f3sitos segurados e clientes do varejo tendem a n\u00e3o sofrer com corridas como as que as duas institui\u00e7\u00f5es banc\u00e1rias em crise registraram.<\/p>\n\n\n\n<p>&#8220;O <strong>SVB <\/strong>era um banco que tinha uma propor\u00e7\u00e3o muito alta de dep\u00f3sitos n\u00e3o segurados, que o tornava vulner\u00e1vel a corridas &#8211; e sofreu uma corrida devastadora&#8221;, afirmou Janet Yellen a um parlamentar durante sabatina no Comit\u00ea de Finan\u00e7as do Senado norte-americano.<\/p>\n\n\n\n<p>Com Estad\u00e3o Conte\u00fado<\/p>\n\n\n\t<p>\n\t\t<a href=\"https:\/\/lp.suno.com.br\/planilha-da-vida-financeira\/\" target=\"_blank\" data-element=\"shortcode-suno-banner\" title=\"Banner SUNO, clique e saiba mais\">\n\t\t\t<picture>\n\t\t\t\t<source media=\"(max-width: 500px)\" srcset=\"https:\/\/files.sunoresearch.com.br\/n\/uploads\/2023\/04\/400x300-Planilha-vida-financeira-true.png\">\n\t\t\t\t<img class=\"newsContent__article__imgCapa newsContent__article__imgCapa--banner\"\n\t\t\t\t\tsrc=\"https:\/\/files.sunoresearch.com.br\/n\/uploads\/2023\/04\/1420x240-Planilha-vida-financeira-true.png\"\n\t\t\t\t\tdata-promo-id=\"106682\"\t\t\t\t\t\t\t\t\t\twidth='1420' height='240'\t\t\t\t\talt=\"https:\/\/files.sunoresearch.com.br\/n\/uploads\/2023\/04\/1420x240-Planilha-vida-financeira-true.png\"\n\t\t\t\t>\n\t\t\t<\/picture>\n\t\t<\/a>\n\t<\/p>\n\n\n","protected":false},"excerpt":{"rendered":"<p>A secret\u00e1ria do Tesouro dos Estados Unidos, Janet Yellen, disse que o que causou a quebra do Silicon Valley Bank (SVB) foi que o banco n\u00e3o conseguiu atender pedidos de saque dos depositantes. Ela acrescentou que ainda ser\u00e1 necess\u00e1rio investigar o que desencadeou esse processo. &#8220;Houve uma massa de saques que gerou problemas de liquidez [&hellip;]<\/p>\n","protected":false},"author":73,"featured_media":375369,"comment_status":"closed","ping_status":"closed","sticky":false,"template":"","format":"standard","meta":[],"categories":[64],"tags":[106444,105308,106969],"suno_strategy":[],"class_list":["post-377180","post","type-post","status-publish","format-standard","has-post-thumbnail","hentry","category-negocios","tag-agencias","tag-janet-yellen","tag-silicon-valley-bank"],"yoast_head":"<!-- This site is optimized with the Yoast SEO plugin v24.4 - https:\/\/yoast.com\/wordpress\/plugins\/seo\/ -->\n<title>Yellen: SVB foi a fal\u00eancia por &#039;incapacidade de atender pedidos de saque&#039;<\/title>\n<meta name=\"description\" content=\"&quot;Houve uma massa de saques que gerou problemas de liquidez e o banco teve que ser fechado por isso&quot;, resumiu, sobre a crise no SVB. Confira!\" \/>\n<meta name=\"robots\" content=\"index, follow, max-snippet:-1, max-image-preview:large, max-video-preview:-1\" \/>\n<link rel=\"canonical\" href=\"https:\/\/www.suno.com.br\/noticias\/svb-falencia-incapacidade-banco-saques\/\" \/>\n<meta property=\"og:locale\" content=\"pt_BR\" \/>\n<meta property=\"og:type\" content=\"article\" \/>\n<meta property=\"og:title\" content=\"Yellen: SVB foi a fal\u00eancia por &#039;incapacidade de atender pedidos de saque&#039;\" \/>\n<meta property=\"og:description\" content=\"&quot;Houve uma massa de saques que gerou problemas de liquidez e o banco teve que ser fechado por isso&quot;, resumiu, sobre a crise no SVB. Confira!\" \/>\n<meta property=\"og:url\" content=\"https:\/\/www.suno.com.br\/noticias\/svb-falencia-incapacidade-banco-saques\/\" \/>\n<meta property=\"og:site_name\" content=\"Suno Not\u00edcias\" \/>\n<meta property=\"article:publisher\" content=\"https:\/\/facebook.com\/sunoresearch\" \/>\n<meta property=\"og:image\" content=\"https:\/\/files.sunoresearch.com.br\/n\/uploads\/2023\/03\/29955932696_5219d821c5_k.jpg\" \/>\n\t<meta property=\"og:image:width\" content=\"1200\" \/>\n\t<meta property=\"og:image:height\" content=\"799\" \/>\n\t<meta property=\"og:image:type\" content=\"image\/jpeg\" \/>\n<meta name=\"author\" content=\"Eduardo Vargas\" \/>\n<meta name=\"twitter:card\" content=\"summary_large_image\" \/>\n<meta name=\"twitter:creator\" content=\"@sunoresearch\" \/>\n<meta name=\"twitter:site\" content=\"@sunoresearch\" \/>\n<meta name=\"twitter:label1\" content=\"Escrito por\" \/>\n\t<meta name=\"twitter:data1\" content=\"Eduardo Vargas\" \/>\n\t<meta name=\"twitter:label2\" content=\"Est. tempo de leitura\" \/>\n\t<meta name=\"twitter:data2\" content=\"2 minutos\" \/>\n<script type=\"application\/ld+json\" class=\"yoast-schema-graph\">{\"@context\":\"https:\/\/schema.org\",\"@graph\":[{\"@type\":\"NewsArticle\",\"@id\":\"https:\/\/www.suno.com.br\/noticias\/svb-falencia-incapacidade-banco-saques\/#article\",\"isPartOf\":{\"@id\":\"https:\/\/www.suno.com.br\/noticias\/svb-falencia-incapacidade-banco-saques\/\"},\"author\":{\"name\":\"Eduardo Vargas\",\"@id\":\"https:\/\/www.suno.com.br\/noticias\/#\/schema\/person\/7f4d362bf3518e76090143ae77bb49a5\"},\"headline\":\"Yellen: SVB foi a fal\u00eancia por &#8216;incapacidade de atender pedidos de saque&#8217;\",\"datePublished\":\"2023-03-17T11:54:12+00:00\",\"dateModified\":\"2023-03-17T11:54:17+00:00\",\"mainEntityOfPage\":{\"@id\":\"https:\/\/www.suno.com.br\/noticias\/svb-falencia-incapacidade-banco-saques\/\"},\"wordCount\":376,\"publisher\":{\"@id\":\"https:\/\/www.suno.com.br\/noticias\/#organization\"},\"image\":{\"@id\":\"https:\/\/www.suno.com.br\/noticias\/svb-falencia-incapacidade-banco-saques\/#primaryimage\"},\"thumbnailUrl\":\"https:\/\/files.sunoresearch.com.br\/n\/uploads\/2023\/03\/29955932696_5219d821c5_k.jpg\",\"keywords\":[\"Ag\u00eancias\",\"Janet Yellen\",\"Silicon Valley Bank\"],\"articleSection\":[\"Neg\u00f3cios\"],\"inLanguage\":\"pt-BR\"},{\"@type\":\"WebPage\",\"@id\":\"https:\/\/www.suno.com.br\/noticias\/svb-falencia-incapacidade-banco-saques\/\",\"url\":\"https:\/\/www.suno.com.br\/noticias\/svb-falencia-incapacidade-banco-saques\/\",\"name\":\"Yellen: SVB foi a fal\u00eancia por 'incapacidade de atender pedidos de saque'\",\"isPartOf\":{\"@id\":\"https:\/\/www.suno.com.br\/noticias\/#website\"},\"primaryImageOfPage\":{\"@id\":\"https:\/\/www.suno.com.br\/noticias\/svb-falencia-incapacidade-banco-saques\/#primaryimage\"},\"image\":{\"@id\":\"https:\/\/www.suno.com.br\/noticias\/svb-falencia-incapacidade-banco-saques\/#primaryimage\"},\"thumbnailUrl\":\"https:\/\/files.sunoresearch.com.br\/n\/uploads\/2023\/03\/29955932696_5219d821c5_k.jpg\",\"datePublished\":\"2023-03-17T11:54:12+00:00\",\"dateModified\":\"2023-03-17T11:54:17+00:00\",\"description\":\"\\\"Houve uma massa de saques que gerou problemas de liquidez e o banco teve que ser fechado por isso\\\", resumiu, sobre a crise no SVB. Confira!\",\"breadcrumb\":{\"@id\":\"https:\/\/www.suno.com.br\/noticias\/svb-falencia-incapacidade-banco-saques\/#breadcrumb\"},\"inLanguage\":\"pt-BR\",\"potentialAction\":[{\"@type\":\"ReadAction\",\"target\":[\"https:\/\/www.suno.com.br\/noticias\/svb-falencia-incapacidade-banco-saques\/\"]}]},{\"@type\":\"ImageObject\",\"inLanguage\":\"pt-BR\",\"@id\":\"https:\/\/www.suno.com.br\/noticias\/svb-falencia-incapacidade-banco-saques\/#primaryimage\",\"url\":\"https:\/\/files.sunoresearch.com.br\/n\/uploads\/2023\/03\/29955932696_5219d821c5_k.jpg\",\"contentUrl\":\"https:\/\/files.sunoresearch.com.br\/n\/uploads\/2023\/03\/29955932696_5219d821c5_k.jpg\",\"width\":1200,\"height\":799,\"caption\":\"Janet Yellen, secret\u00e1ria do Tesouro dos Estados Unidos -Foto: World Bank\/Flickr\"},{\"@type\":\"BreadcrumbList\",\"@id\":\"https:\/\/www.suno.com.br\/noticias\/svb-falencia-incapacidade-banco-saques\/#breadcrumb\",\"itemListElement\":[{\"@type\":\"ListItem\",\"position\":1,\"name\":\"Not\u00edcias\",\"item\":\"https:\/\/www.suno.com.br\/noticias\/\"},{\"@type\":\"ListItem\",\"position\":2,\"name\":\"Neg\u00f3cios\",\"item\":\"https:\/\/www.suno.com.br\/noticias\/negocios\/\"},{\"@type\":\"ListItem\",\"position\":3,\"name\":\"Yellen: SVB foi a fal\u00eancia por &#8216;incapacidade de atender pedidos de saque&#8217;\"}]},{\"@type\":\"WebSite\",\"@id\":\"https:\/\/www.suno.com.br\/noticias\/#website\",\"url\":\"https:\/\/www.suno.com.br\/noticias\/\",\"name\":\"Suno Not\u00edcias\",\"description\":\"Seu portal de informa\u00e7\u00e3o sobre o mundo dos investimentos\",\"publisher\":{\"@id\":\"https:\/\/www.suno.com.br\/noticias\/#organization\"},\"potentialAction\":[{\"@type\":\"SearchAction\",\"target\":{\"@type\":\"EntryPoint\",\"urlTemplate\":\"https:\/\/www.suno.com.br\/noticias\/?s={search_term_string}\"},\"query-input\":{\"@type\":\"PropertyValueSpecification\",\"valueRequired\":true,\"valueName\":\"search_term_string\"}}],\"inLanguage\":\"pt-BR\"},{\"@type\":\"Organization\",\"@id\":\"https:\/\/www.suno.com.br\/noticias\/#organization\",\"name\":\"Suno Not\u00edcias\",\"url\":\"https:\/\/www.suno.com.br\/noticias\/\",\"logo\":{\"@type\":\"ImageObject\",\"inLanguage\":\"pt-BR\",\"@id\":\"https:\/\/www.suno.com.br\/noticias\/#\/schema\/logo\/image\/\",\"url\":\"https:\/\/files.sunoresearch.com.br\/n\/uploads\/2021\/09\/suno-logo.png\",\"contentUrl\":\"https:\/\/files.sunoresearch.com.br\/n\/uploads\/2021\/09\/suno-logo.png\",\"width\":180,\"height\":180,\"caption\":\"Suno Not\u00edcias\"},\"image\":{\"@id\":\"https:\/\/www.suno.com.br\/noticias\/#\/schema\/logo\/image\/\"},\"sameAs\":[\"https:\/\/facebook.com\/sunoresearch\",\"https:\/\/x.com\/sunoresearch\",\"https:\/\/www.instagram.com\/suno\",\"https:\/\/www.linkedin.com\/company\/suno-research\/\",\"https:\/\/www.youtube.com\/c\/sunoresearch\"]},{\"@type\":\"Person\",\"@id\":\"https:\/\/www.suno.com.br\/noticias\/#\/schema\/person\/7f4d362bf3518e76090143ae77bb49a5\",\"name\":\"Eduardo Vargas\",\"image\":{\"@type\":\"ImageObject\",\"inLanguage\":\"pt-BR\",\"@id\":\"https:\/\/www.suno.com.br\/noticias\/#\/schema\/person\/image\/\",\"url\":\"https:\/\/secure.gravatar.com\/avatar\/dac340933427a22924c9f99d1eb2e3f2?s=96&r=g\",\"contentUrl\":\"https:\/\/secure.gravatar.com\/avatar\/dac340933427a22924c9f99d1eb2e3f2?s=96&r=g\",\"caption\":\"Eduardo Vargas\"},\"description\":\"Jornalista formado pela UFSC, cobre macroeconomia, neg\u00f3cios e startups para o Suno Not\u00edcias, escrevendo principalmente not\u00edcias sobre o mercado financeiro e a bolsa de valores. No YouTube e no Instagram, \u00e9 respons\u00e1vel pela produ\u00e7\u00e3o de Reels e Shorts do Suno Not\u00edcias. Anteriormente, trabalhou cobrindo economia e cotidiano no ND+ e para o ND, maior jornal impresso de Santa Catarina. Cursou um semestre letivo de Estudos de M\u00eddia na Universidad de Buenos Aires.\",\"url\":\"https:\/\/www.suno.com.br\/noticias\/author\/eduardo-vargas\/\"}]}<\/script>\n<!-- \/ Yoast SEO plugin. -->","yoast_head_json":{"title":"Yellen: SVB foi a fal\u00eancia por 'incapacidade de atender pedidos de saque'","description":"\"Houve uma massa de saques que gerou problemas de liquidez e o banco teve que ser fechado por isso\", resumiu, sobre a crise no SVB. Confira!","robots":{"index":"index","follow":"follow","max-snippet":"max-snippet:-1","max-image-preview":"max-image-preview:large","max-video-preview":"max-video-preview:-1"},"canonical":"https:\/\/www.suno.com.br\/noticias\/svb-falencia-incapacidade-banco-saques\/","og_locale":"pt_BR","og_type":"article","og_title":"Yellen: SVB foi a fal\u00eancia por 'incapacidade de atender pedidos de saque'","og_description":"\"Houve uma massa de saques que gerou problemas de liquidez e o banco teve que ser fechado por isso\", resumiu, sobre a crise no SVB. Confira!","og_url":"https:\/\/www.suno.com.br\/noticias\/svb-falencia-incapacidade-banco-saques\/","og_site_name":"Suno Not\u00edcias","article_publisher":"https:\/\/facebook.com\/sunoresearch","og_image":[{"width":1200,"height":799,"url":"https:\/\/files.sunoresearch.com.br\/n\/uploads\/2023\/03\/29955932696_5219d821c5_k.jpg","type":"image\/jpeg"}],"author":"Eduardo Vargas","twitter_card":"summary_large_image","twitter_creator":"@sunoresearch","twitter_site":"@sunoresearch","twitter_misc":{"Escrito por":"Eduardo Vargas","Est. tempo de leitura":"2 minutos"},"schema":{"@context":"https:\/\/schema.org","@graph":[{"@type":"NewsArticle","@id":"https:\/\/www.suno.com.br\/noticias\/svb-falencia-incapacidade-banco-saques\/#article","isPartOf":{"@id":"https:\/\/www.suno.com.br\/noticias\/svb-falencia-incapacidade-banco-saques\/"},"author":{"name":"Eduardo Vargas","@id":"https:\/\/www.suno.com.br\/noticias\/#\/schema\/person\/7f4d362bf3518e76090143ae77bb49a5"},"headline":"Yellen: SVB foi a fal\u00eancia por &#8216;incapacidade de atender pedidos de saque&#8217;","datePublished":"2023-03-17T11:54:12+00:00","dateModified":"2023-03-17T11:54:17+00:00","mainEntityOfPage":{"@id":"https:\/\/www.suno.com.br\/noticias\/svb-falencia-incapacidade-banco-saques\/"},"wordCount":376,"publisher":{"@id":"https:\/\/www.suno.com.br\/noticias\/#organization"},"image":{"@id":"https:\/\/www.suno.com.br\/noticias\/svb-falencia-incapacidade-banco-saques\/#primaryimage"},"thumbnailUrl":"https:\/\/files.sunoresearch.com.br\/n\/uploads\/2023\/03\/29955932696_5219d821c5_k.jpg","keywords":["Ag\u00eancias","Janet Yellen","Silicon Valley Bank"],"articleSection":["Neg\u00f3cios"],"inLanguage":"pt-BR"},{"@type":"WebPage","@id":"https:\/\/www.suno.com.br\/noticias\/svb-falencia-incapacidade-banco-saques\/","url":"https:\/\/www.suno.com.br\/noticias\/svb-falencia-incapacidade-banco-saques\/","name":"Yellen: SVB foi a fal\u00eancia por 'incapacidade de atender pedidos de saque'","isPartOf":{"@id":"https:\/\/www.suno.com.br\/noticias\/#website"},"primaryImageOfPage":{"@id":"https:\/\/www.suno.com.br\/noticias\/svb-falencia-incapacidade-banco-saques\/#primaryimage"},"image":{"@id":"https:\/\/www.suno.com.br\/noticias\/svb-falencia-incapacidade-banco-saques\/#primaryimage"},"thumbnailUrl":"https:\/\/files.sunoresearch.com.br\/n\/uploads\/2023\/03\/29955932696_5219d821c5_k.jpg","datePublished":"2023-03-17T11:54:12+00:00","dateModified":"2023-03-17T11:54:17+00:00","description":"\"Houve uma massa de saques que gerou problemas de liquidez e o banco teve que ser fechado por isso\", resumiu, sobre a crise no SVB. Confira!","breadcrumb":{"@id":"https:\/\/www.suno.com.br\/noticias\/svb-falencia-incapacidade-banco-saques\/#breadcrumb"},"inLanguage":"pt-BR","potentialAction":[{"@type":"ReadAction","target":["https:\/\/www.suno.com.br\/noticias\/svb-falencia-incapacidade-banco-saques\/"]}]},{"@type":"ImageObject","inLanguage":"pt-BR","@id":"https:\/\/www.suno.com.br\/noticias\/svb-falencia-incapacidade-banco-saques\/#primaryimage","url":"https:\/\/files.sunoresearch.com.br\/n\/uploads\/2023\/03\/29955932696_5219d821c5_k.jpg","contentUrl":"https:\/\/files.sunoresearch.com.br\/n\/uploads\/2023\/03\/29955932696_5219d821c5_k.jpg","width":1200,"height":799,"caption":"Janet Yellen, secret\u00e1ria do Tesouro dos Estados Unidos -Foto: World Bank\/Flickr"},{"@type":"BreadcrumbList","@id":"https:\/\/www.suno.com.br\/noticias\/svb-falencia-incapacidade-banco-saques\/#breadcrumb","itemListElement":[{"@type":"ListItem","position":1,"name":"Not\u00edcias","item":"https:\/\/www.suno.com.br\/noticias\/"},{"@type":"ListItem","position":2,"name":"Neg\u00f3cios","item":"https:\/\/www.suno.com.br\/noticias\/negocios\/"},{"@type":"ListItem","position":3,"name":"Yellen: SVB foi a fal\u00eancia por &#8216;incapacidade de atender pedidos de saque&#8217;"}]},{"@type":"WebSite","@id":"https:\/\/www.suno.com.br\/noticias\/#website","url":"https:\/\/www.suno.com.br\/noticias\/","name":"Suno Not\u00edcias","description":"Seu portal de informa\u00e7\u00e3o sobre o mundo dos investimentos","publisher":{"@id":"https:\/\/www.suno.com.br\/noticias\/#organization"},"potentialAction":[{"@type":"SearchAction","target":{"@type":"EntryPoint","urlTemplate":"https:\/\/www.suno.com.br\/noticias\/?s={search_term_string}"},"query-input":{"@type":"PropertyValueSpecification","valueRequired":true,"valueName":"search_term_string"}}],"inLanguage":"pt-BR"},{"@type":"Organization","@id":"https:\/\/www.suno.com.br\/noticias\/#organization","name":"Suno Not\u00edcias","url":"https:\/\/www.suno.com.br\/noticias\/","logo":{"@type":"ImageObject","inLanguage":"pt-BR","@id":"https:\/\/www.suno.com.br\/noticias\/#\/schema\/logo\/image\/","url":"https:\/\/files.sunoresearch.com.br\/n\/uploads\/2021\/09\/suno-logo.png","contentUrl":"https:\/\/files.sunoresearch.com.br\/n\/uploads\/2021\/09\/suno-logo.png","width":180,"height":180,"caption":"Suno Not\u00edcias"},"image":{"@id":"https:\/\/www.suno.com.br\/noticias\/#\/schema\/logo\/image\/"},"sameAs":["https:\/\/facebook.com\/sunoresearch","https:\/\/x.com\/sunoresearch","https:\/\/www.instagram.com\/suno","https:\/\/www.linkedin.com\/company\/suno-research\/","https:\/\/www.youtube.com\/c\/sunoresearch"]},{"@type":"Person","@id":"https:\/\/www.suno.com.br\/noticias\/#\/schema\/person\/7f4d362bf3518e76090143ae77bb49a5","name":"Eduardo Vargas","image":{"@type":"ImageObject","inLanguage":"pt-BR","@id":"https:\/\/www.suno.com.br\/noticias\/#\/schema\/person\/image\/","url":"https:\/\/secure.gravatar.com\/avatar\/dac340933427a22924c9f99d1eb2e3f2?s=96&r=g","contentUrl":"https:\/\/secure.gravatar.com\/avatar\/dac340933427a22924c9f99d1eb2e3f2?s=96&r=g","caption":"Eduardo Vargas"},"description":"Jornalista formado pela UFSC, cobre macroeconomia, neg\u00f3cios e startups para o Suno Not\u00edcias, escrevendo principalmente not\u00edcias sobre o mercado financeiro e a bolsa de valores. No YouTube e no Instagram, \u00e9 respons\u00e1vel pela produ\u00e7\u00e3o de Reels e Shorts do Suno Not\u00edcias. Anteriormente, trabalhou cobrindo economia e cotidiano no ND+ e para o ND, maior jornal impresso de Santa Catarina. Cursou um semestre letivo de Estudos de M\u00eddia na Universidad de Buenos Aires.","url":"https:\/\/www.suno.com.br\/noticias\/author\/eduardo-vargas\/"}]}},"default_loop_html":"<div class=\"cardsPage__listCard__boxs\"><div class=\"cardsPage__listCard__boxs__img\"><a href=\"https:\/\/www.suno.com.br\/noticias\/svb-falencia-incapacidade-banco-saques\/\"><img class=\"mask\" src=\"https:\/\/www.suno.com.br\/noticias\/wp-content\/themes\/suno\/resources\/images\/spotlight\/spotlight1img\/bg-mask.png\" alt=\"Image Mask\"\/><img src=\"https:\/\/files.sunoresearch.com.br\/n\/uploads\/2023\/03\/29955932696_5219d821c5_k-400x200.jpg\" alt=\"Yellen: SVB foi a fal\u00eancia por &#8216;incapacidade de atender pedidos de saque&#8217;\"\/><\/a><span class=\"spotlightCategory\"><a href=\"https:\/\/www.suno.com.br\/noticias\/negocios\/\">Neg\u00f3cios<\/a><\/span><\/div><div class=\"cardsPage__listCard__boxs__content\"><a href=\"https:\/\/www.suno.com.br\/noticias\/svb-falencia-incapacidade-banco-saques\/\"><h2 class=\"content__title\">Yellen: SVB foi a fal\u00eancia por &#8216;incapacidade de atender pedidos de saque&#8217;<\/h2><\/a><div class=\"newsContent__article__meta\"><div class=\"newsContent__article__meta__authorBox\"><a href=\"https:\/\/www.suno.com.br\/noticias\/author\/eduardo-vargas\/\" class=\"authorBox__avatar noMobi\"><img src=\"https:\/\/secure.gravatar.com\/avatar\/dac340933427a22924c9f99d1eb2e3f2?s=96&#038;r=g\" alt=\"Eduardo Vargas\"><\/a><div class=\"authorBox__name\"><span>por\n\t\t\t<a href=\"https:\/\/www.suno.com.br\/noticias\/author\/eduardo-vargas\/\"><span itemprop=\"author\">Eduardo Vargas<\/span><\/a><\/span><time datetime=\"2023-03-17T08:54:12-03:00\" itemprop=\"datePublished\">17\/03\/2023 08:54<\/time><\/div><\/div><\/div><\/div><\/div>","single_layout":"posts","amp_enabled":true,"_links":{"self":[{"href":"https:\/\/www.suno.com.br\/noticias\/wp-json\/wp\/v2\/posts\/377180"}],"collection":[{"href":"https:\/\/www.suno.com.br\/noticias\/wp-json\/wp\/v2\/posts"}],"about":[{"href":"https:\/\/www.suno.com.br\/noticias\/wp-json\/wp\/v2\/types\/post"}],"author":[{"embeddable":true,"href":"https:\/\/www.suno.com.br\/noticias\/wp-json\/wp\/v2\/users\/73"}],"replies":[{"embeddable":true,"href":"https:\/\/www.suno.com.br\/noticias\/wp-json\/wp\/v2\/comments?post=377180"}],"version-history":[{"count":3,"href":"https:\/\/www.suno.com.br\/noticias\/wp-json\/wp\/v2\/posts\/377180\/revisions"}],"predecessor-version":[{"id":377442,"href":"https:\/\/www.suno.com.br\/noticias\/wp-json\/wp\/v2\/posts\/377180\/revisions\/377442"}],"wp:featuredmedia":[{"embeddable":true,"href":"https:\/\/www.suno.com.br\/noticias\/wp-json\/wp\/v2\/media\/375369"}],"wp:attachment":[{"href":"https:\/\/www.suno.com.br\/noticias\/wp-json\/wp\/v2\/media?parent=377180"}],"wp:term":[{"taxonomy":"category","embeddable":true,"href":"https:\/\/www.suno.com.br\/noticias\/wp-json\/wp\/v2\/categories?post=377180"},{"taxonomy":"post_tag","embeddable":true,"href":"https:\/\/www.suno.com.br\/noticias\/wp-json\/wp\/v2\/tags?post=377180"},{"taxonomy":"suno_strategy","embeddable":true,"href":"https:\/\/www.suno.com.br\/noticias\/wp-json\/wp\/v2\/suno_strategy?post=377180"}],"curies":[{"name":"wp","href":"https:\/\/api.w.org\/{rel}","templated":true}]}}