{"id":377050,"date":"2023-03-16T10:10:34","date_gmt":"2023-03-16T13:10:34","guid":{"rendered":"https:\/\/www.suno.com.br\/noticias\/?p=377050"},"modified":"2023-03-16T10:10:40","modified_gmt":"2023-03-16T13:10:40","slug":"credit-suisse-crise-acoes-sobem","status":"publish","type":"post","link":"https:\/\/www.suno.com.br\/noticias\/credit-suisse-crise-acoes-sobem\/","title":{"rendered":"A\u00e7\u00f5es do Credit Suisse disparam ap\u00f3s empr\u00e9stimo de US$ 54 bilh\u00f5es"},"content":{"rendered":"<p>As a\u00e7\u00f5es do <strong>Credit Suisse <\/strong>chegaram a saltar 20% e agora operam em alta de 6% nas negocia\u00e7\u00f5es que precedem a abertura de mercado em Nova York.<\/p><div class=\"videoFull \">\n\t\t\t<div class=\"videoWrapper yt-lazyload center\"\n\t\t\t\tdata-width=\"960\"\n\t\t\t\tdata-height=\"540\"\n\t\t\t\tdata-id=\"ZbQ6VCOCOSs\"\n\t\t\t\tdata-alt=\"V\u00eddeo do YouTube - clique para reproduzir\"\n\t\t\t\tdata-logo=\"3\"\n\t\t\t\tdata-imagequality=\"maxres\">\n\t\t\t<\/div>\n\t\t<\/div><script type=\"application\/ld+json\">{\"@context\":\"https:\/\/schema.org\",\"@type\":\"VideoObject\",\"name\":\"CREDIT SUISSE ASSUSTA INVESTIDORES: CRISE GLOBAL? | Petrobras (PETR4) derrapa com queda do petr\u00f3leo\",\"description\":\"\u23f1\u1d0d\u026a\u0274\u1d1c\u1d1b\u1d00\u0262\u1d07\u1d0d 00:00 Abertura 02:20 Credit Suisse #c1su34 derrete 26% ap\u00f3s recuo de principal acionista 06:12 Pre\u00e7o das a\u00e7\u00f5es de #c1su34 07:00 William Castro Alves, estrategista-chefe e s\u00f3cio da Avenue, comenta sobre a crise do Credit Suisse 13:50 O Credit Suisse vai quebrar? 24:50 Pode acontecer uma situa\u00e7\u00e3o de aperto monet\u00e1rio internacional? 29:33 Credit Suisse negocia\u2026\",\"duration\":\"PT41M18S\",\"embedUrl\":\"https:\/\/www.youtube.com\/embed\/ZbQ6VCOCOSs\",\"regionsAllowed\":\"pt-BR\",\"interactionStatistic\":{\"@type\":\"InteractionCounter\",\"interactionType\":{\"@type\":\"WatchAction\"},\"userInteractionCount\":4598},\"thumbnailUrl\":\"https:\/\/i.ytimg.com\/vi\/ZbQ6VCOCOSs\/default.jpg\",\"uploadDate\":\"2023-03-15T22:50:58Z\"}<\/script>\n\n\n\n\n\t<p>\n\t\t<a href=\"\" target=\"_blank\" data-element=\"shortcode-suno-banner\" title=\"Banner SUNO, clique e saiba mais\">\n\t\t\t<picture>\n\t\t\t\t<source media=\"(max-width: 500px)\" srcset=\"\">\n\t\t\t\t<img class=\"newsContent__article__imgCapa newsContent__article__imgCapa--banner\"\n\t\t\t\t\tsrc=\"\"\n\t\t\t\t\tdata-promo-id=\"138420\"\t\t\t\t\t\t\t\t\t\t\t\t\t\t\talt=\"\"\n\t\t\t\t>\n\t\t\t<\/picture>\n\t\t<\/a>\n\t<\/p>\n\n\n\n\n\n<p>Os pap\u00e9is do banco disparam ap\u00f3s a not\u00edcia de que o Credit Suisse pode captar cerca de 50 bilh\u00f5es do Banco Nacional da Su\u00ed\u00e7a &#8211; cifra que equivale a cerca de US$ 54 bilh\u00f5es.<\/p>\n\n\n\n<p>O banco comunicou que deve ser uma &#8220;a\u00e7\u00e3o decisiva para fortalecer sua liquidez&#8221;.<\/p>\n\n\n\n<p>Com isso, o banco reduziria a press\u00e3o dos juros e conseguiria aproveitaria os pre\u00e7os muito baixos dos t\u00edtulos.<\/p>\n\n\n\n<p>O Credit Suisse disse que com o empr\u00e9stimo, conseguiria recomprar t\u00edtulos, contemplando 10 t\u00edtulos seniores em d\u00f3lares americanos no valor de US$ 2,5 bilh\u00f5es e quatro t\u00edtulos seniores em euros no valor de 500 milh\u00f5es de euros, ou cerca de US$ 529 milh\u00f5es.<\/p>\n\n\n\n<p>&#8220;Minha equipe e eu estamos decididos a avan\u00e7ar rapidamente para oferecer um banco mais simples e focado, constru\u00eddo em torno das necessidades do cliente&#8221;, disse o CEO, Ulrich Koerner.<\/p>\n\n\n\n<p>O movimento tamb\u00e9m puxou <strong>a\u00e7\u00f5es de bancos<\/strong> que havia sofrido com a <strong>crise do Credit Suisse<\/strong>, com alta de 0,3% no Soci\u00e9t\u00e9 G\u00e9n\u00e9rale e 1,1% no BNP Paribas.<\/p>\n\n\n\n<p>O UniCredit chegou a subir 0,46% e o UBS registrava eleva\u00e7\u00e3o de 3,05%. <\/p>\n\n\n\n<p>Na v\u00e9spera, funcion\u00e1rios do <a class=\"suno-keyword\" target=\"_blank\" data-force=\"no\" data-priority=\"1\" href=\"https:\/\/www.suno.com.br\/artigos\/bce\/\" rel=\"noopener\">Banco Central Europeu (BCE)<\/a> chegaram a ligar para os bancos do continente pedindo informa\u00e7\u00f5es acerca da exposi\u00e7\u00e3o ao Credit Suisse.<\/p>\n\n\n\n<p>Isso, considerando que as bolsas da Europa operaram em plena derrocada e juntos, os bancos que integram os principais \u00edndices chegaram a perder US$ 75 bilh\u00f5es em <a class=\"suno-keyword\" target=\"_blank\" data-force=\"no\" data-priority=\"1\" href=\"https:\/\/www.suno.com.br\/artigos\/valor-de-mercado\/\" rel=\"noopener\">valor de mercado<\/a>.<\/p>\n\n\n\t<p>\n\t\t<a href=\"https:\/\/lp.suno.com.br\/planilha-controle-gastos\/\" target=\"_blank\" data-element=\"shortcode-suno-banner\" title=\"Banner SUNO, clique e saiba mais\">\n\t\t\t<picture>\n\t\t\t\t<source media=\"(max-width: 500px)\" srcset=\"https:\/\/files.sunoresearch.com.br\/n\/uploads\/2023\/03\/400x300-Planilha-controle-de-gastos.png\">\n\t\t\t\t<img class=\"newsContent__article__imgCapa newsContent__article__imgCapa--banner\"\n\t\t\t\t\tsrc=\"https:\/\/files.sunoresearch.com.br\/n\/uploads\/2023\/03\/1420x240-Planilha-controle-de-gastos.png\"\n\t\t\t\t\tdata-promo-id=\"101751\"\t\t\t\t\t\t\t\t\t\twidth='1420' height='240'\t\t\t\t\talt=\"https:\/\/files.sunoresearch.com.br\/n\/uploads\/2023\/03\/1420x240-Planilha-controle-de-gastos.png\"\n\t\t\t\t>\n\t\t\t<\/picture>\n\t\t<\/a>\n\t<\/p>\n\n\n\n\n\n<h2 class=\"wp-block-heading\" id=\"h-entenda-a-recente-queda-das-acoes-do-credit-suisse\">Entenda a recente queda das a\u00e7\u00f5es do Credit Suisse<\/h2>\n\n\n\n<p>As a\u00e7\u00f5es do banco <strong>Credit Suisse <\/strong>(<a class=\"suno-keyword\" data-force=\"yes\" data-priority=\"2\" href=\"https:\/\/www.suno.com.br\/bdrs\/c1su34\/\" target=\"_blank\" rel=\"noopener\">C1SU34<\/a>) operaram em forte queda na manh\u00e3 desta quarta-feira (15) ap\u00f3s o principal acionista da institui\u00e7\u00e3o su\u00ed\u00e7a, o Saudi National Bank (SNB), da Ar\u00e1bia Saudita, descartar a hip\u00f3tese de oferecer mais assist\u00eancia financeira \u00e0 institui\u00e7\u00e3o. <\/p>\n\n\n\n<p>Com isso, as <strong>a\u00e7\u00f5es do Credit Suissse<\/strong> despencaram 26% nas <a href=\"https:\/\/www.suno.com.br\/artigos\/pre-abertura-da-bolsa\/\" target=\"_blank\" rel=\"noreferrer noopener\">negocia\u00e7\u00f5es que precedem a abertura de mercado (premarket<\/a>) em Nova York.<\/p>\n\n\n\n<p>&#8220;A resposta \u00e9 absolutamente n\u00e3o, por muitas raz\u00f5es al\u00e9m da raz\u00e3o mais simples, que \u00e9 regulat\u00f3ria e estatut\u00e1ria&#8221;, disse o presidente do <strong>SNB<\/strong>, Ammar Al Khudairy, em entrevista \u00e0 <i>Bloomberg TV<\/i>.<\/p>\n\n\n\n<p>Na ter\u00e7a (14), o Credit Suisse havia dito ter identificado &#8220;fraquezas significativas&#8221; na divulga\u00e7\u00e3o de resultados financeiros dos \u00faltimos anos em fun\u00e7\u00e3o de controles internos ineficientes.<\/p>\n\n\n\t<p>\n\t\t<a href=\"https:\/\/lp.suno.com.br\/planilha-da-vida-financeira\/\" target=\"_blank\" data-element=\"shortcode-suno-banner\" title=\"Banner SUNO, clique e saiba mais\">\n\t\t\t<picture>\n\t\t\t\t<source media=\"(max-width: 500px)\" srcset=\"https:\/\/files.sunoresearch.com.br\/n\/uploads\/2023\/04\/400x300-Planilha-vida-financeira-true.png\">\n\t\t\t\t<img class=\"newsContent__article__imgCapa newsContent__article__imgCapa--banner\"\n\t\t\t\t\tsrc=\"https:\/\/files.sunoresearch.com.br\/n\/uploads\/2023\/04\/1420x240-Planilha-vida-financeira-true.png\"\n\t\t\t\t\tdata-promo-id=\"106682\"\t\t\t\t\t\t\t\t\t\twidth='1420' height='240'\t\t\t\t\talt=\"https:\/\/files.sunoresearch.com.br\/n\/uploads\/2023\/04\/1420x240-Planilha-vida-financeira-true.png\"\n\t\t\t\t>\n\t\t\t<\/picture>\n\t\t<\/a>\n\t<\/p>\n\n\n\n\n\n<p>No relat\u00f3rio anual de 2022, o <strong>banco su\u00ed\u00e7o <\/strong>disse que sua lideran\u00e7a, incluindo o CEO Ulrich K\u00f6rner e o diretor financeiro Dixit Joshi, que come\u00e7aram a trabalhar na institui\u00e7\u00e3o no ano passado, concluiu que seus controles n\u00e3o s\u00e3o eficientes.<\/p>\n\n\n\n<p>Apesar das falhas, o Credit Suisse disse que suas <a class=\"suno-keyword\" data-force=\"no\" data-priority=\"1\" href=\"https:\/\/www.suno.com.br\/artigos\/demonstracoes-financeiras\/\" target=\"_blank\" rel=\"noopener\">demonstra\u00e7\u00f5es financeiras<\/a> &#8220;representam razoavelmente, em todos os aspectos relevantes, a condi\u00e7\u00e3o financeira consolidada do grupo&#8221;.<\/p>\n\n\n\n<p>O Credit Suisse teve de adiar seu relat\u00f3rio anual na semana passada, por conta de questionamentos da <a href=\"https:\/\/www.suno.com.br\/noticias\/silicon-valley-bank-falencia-investigacao-departamento-justica-sec\/\" target=\"_blank\" rel=\"noreferrer noopener\">Securities and Exchange Commission (SEC, a CVM dos EUA)<\/a> sobre fluxos de caixa de 2019 e 2020, que foram revisados no relat\u00f3rio anual de 2021.<\/p>\n\n\n\n<p>No documento divulgado na ter\u00e7a, o Credit Suisse disse que as revis\u00f5es s\u00e3o resultado das fraquezas apontadas e que pode haver outras distor\u00e7\u00f5es relevantes.<\/p>\n\n\n\n<p>O banco su\u00ed\u00e7o enfrenta uma grande crise de desconfian\u00e7a, com resultados ruins, desde o ano passado.<\/p>\n\n\n\n<p>No final de julho, o <strong>Credit Suisse <\/strong>anunciou que reformularia seu banco de investimento e sairia de alguns outros neg\u00f3cios para se tornar uma institui\u00e7\u00e3o mais enxuta e menos arriscada, ap\u00f3s desastres financeiros que inclu\u00edram um golpe de US$ 5,1 bilh\u00f5es em 2021 do cliente Archegos Capital Management. <\/p>\n\n\n\t<p>\n\t\t<a href=\"https:\/\/lp.suno.com.br\/ebook-como-analisar-uma-acao\/\" target=\"_blank\" data-element=\"shortcode-suno-banner\" title=\"Banner SUNO, clique e saiba mais\">\n\t\t\t<picture>\n\t\t\t\t<source media=\"(max-width: 500px)\" srcset=\"https:\/\/files.sunoresearch.com.br\/n\/uploads\/2023\/03\/Ebook-Acoes-Mobile-1.jpg\">\n\t\t\t\t<img class=\"newsContent__article__imgCapa newsContent__article__imgCapa--banner\"\n\t\t\t\t\tsrc=\"https:\/\/files.sunoresearch.com.br\/n\/uploads\/2023\/03\/Ebook-Acoes-Desktop-1.jpg\"\n\t\t\t\t\tdata-promo-id=\"171998\"\t\t\t\t\t\t\t\t\t\twidth='1420' height='286'\t\t\t\t\talt=\"https:\/\/files.sunoresearch.com.br\/n\/uploads\/2023\/03\/Ebook-Acoes-Desktop-1.jpg\"\n\t\t\t\t>\n\t\t\t<\/picture>\n\t\t<\/a>\n\t<\/p>\n\n\n","protected":false},"excerpt":{"rendered":"<p>As a\u00e7\u00f5es do Credit Suisse chegaram a saltar 20% e agora operam em alta de 6% nas negocia\u00e7\u00f5es que precedem a abertura de mercado em Nova York. Os pap\u00e9is do banco disparam ap\u00f3s a not\u00edcia de que o Credit Suisse pode captar cerca de 50 bilh\u00f5es do Banco Nacional da Su\u00ed\u00e7a &#8211; cifra que equivale [&hellip;]<\/p>\n","protected":false},"author":73,"featured_media":306752,"comment_status":"closed","ping_status":"closed","sticky":false,"template":"","format":"standard","meta":[],"categories":[60],"tags":[1788],"suno_strategy":[],"class_list":["post-377050","post","type-post","status-publish","format-standard","has-post-thumbnail","hentry","category-mercado","tag-credit-suisse-c1su34"],"yoast_head":"<!-- This site is optimized with the Yoast SEO plugin v24.4 - https:\/\/yoast.com\/wordpress\/plugins\/seo\/ -->\n<title>A\u00e7\u00f5es do Credit Suisse disparam ap\u00f3s empr\u00e9stimo de US$ 54 bilh\u00f5es<\/title>\n<meta name=\"description\" content=\"A\u00e7\u00f5es se recuperam parcialmente ap\u00f3s derreterem mais de 20% na v\u00e9spera com recuo do principal acionista do Credit Suisse. Confira!\" \/>\n<meta name=\"robots\" content=\"index, follow, max-snippet:-1, max-image-preview:large, max-video-preview:-1\" \/>\n<link rel=\"canonical\" href=\"https:\/\/www.suno.com.br\/noticias\/credit-suisse-crise-acoes-sobem\/\" \/>\n<meta property=\"og:locale\" content=\"pt_BR\" \/>\n<meta property=\"og:type\" content=\"article\" \/>\n<meta property=\"og:title\" content=\"A\u00e7\u00f5es do Credit Suisse disparam ap\u00f3s empr\u00e9stimo de US$ 54 bilh\u00f5es\" \/>\n<meta property=\"og:description\" content=\"A\u00e7\u00f5es se recuperam parcialmente ap\u00f3s derreterem mais de 20% na v\u00e9spera com recuo do principal acionista do Credit Suisse. Confira!\" \/>\n<meta property=\"og:url\" content=\"https:\/\/www.suno.com.br\/noticias\/credit-suisse-crise-acoes-sobem\/\" \/>\n<meta property=\"og:site_name\" content=\"Suno Not\u00edcias\" \/>\n<meta property=\"article:publisher\" content=\"https:\/\/facebook.com\/sunoresearch\" \/>\n<meta property=\"og:image\" content=\"https:\/\/files.sunoresearch.com.br\/n\/uploads\/2022\/10\/Credit-Suisse.jpg\" \/>\n\t<meta property=\"og:image:width\" content=\"1500\" \/>\n\t<meta property=\"og:image:height\" content=\"844\" \/>\n\t<meta property=\"og:image:type\" content=\"image\/jpeg\" \/>\n<meta name=\"author\" content=\"Eduardo Vargas\" \/>\n<meta name=\"twitter:card\" content=\"summary_large_image\" \/>\n<meta name=\"twitter:creator\" content=\"@sunoresearch\" \/>\n<meta name=\"twitter:site\" content=\"@sunoresearch\" \/>\n<meta name=\"twitter:label1\" content=\"Escrito por\" \/>\n\t<meta name=\"twitter:data1\" content=\"Eduardo Vargas\" \/>\n\t<meta name=\"twitter:label2\" content=\"Est. tempo de leitura\" \/>\n\t<meta name=\"twitter:data2\" content=\"4 minutos\" \/>\n<script type=\"application\/ld+json\" class=\"yoast-schema-graph\">{\"@context\":\"https:\/\/schema.org\",\"@graph\":[{\"@type\":\"NewsArticle\",\"@id\":\"https:\/\/www.suno.com.br\/noticias\/credit-suisse-crise-acoes-sobem\/#article\",\"isPartOf\":{\"@id\":\"https:\/\/www.suno.com.br\/noticias\/credit-suisse-crise-acoes-sobem\/\"},\"author\":{\"name\":\"Eduardo Vargas\",\"@id\":\"https:\/\/www.suno.com.br\/noticias\/#\/schema\/person\/7f4d362bf3518e76090143ae77bb49a5\"},\"headline\":\"A\u00e7\u00f5es do Credit Suisse disparam ap\u00f3s empr\u00e9stimo de US$ 54 bilh\u00f5es\",\"datePublished\":\"2023-03-16T13:10:34+00:00\",\"dateModified\":\"2023-03-16T13:10:40+00:00\",\"mainEntityOfPage\":{\"@id\":\"https:\/\/www.suno.com.br\/noticias\/credit-suisse-crise-acoes-sobem\/\"},\"wordCount\":657,\"publisher\":{\"@id\":\"https:\/\/www.suno.com.br\/noticias\/#organization\"},\"image\":{\"@id\":\"https:\/\/www.suno.com.br\/noticias\/credit-suisse-crise-acoes-sobem\/#primaryimage\"},\"thumbnailUrl\":\"https:\/\/files.sunoresearch.com.br\/n\/uploads\/2022\/10\/Credit-Suisse.jpg\",\"keywords\":[\"Credit Suisse (C1SU34)\"],\"articleSection\":[\"Mercado\"],\"inLanguage\":\"pt-BR\"},{\"@type\":\"WebPage\",\"@id\":\"https:\/\/www.suno.com.br\/noticias\/credit-suisse-crise-acoes-sobem\/\",\"url\":\"https:\/\/www.suno.com.br\/noticias\/credit-suisse-crise-acoes-sobem\/\",\"name\":\"A\u00e7\u00f5es do Credit Suisse disparam ap\u00f3s empr\u00e9stimo de US$ 54 bilh\u00f5es\",\"isPartOf\":{\"@id\":\"https:\/\/www.suno.com.br\/noticias\/#website\"},\"primaryImageOfPage\":{\"@id\":\"https:\/\/www.suno.com.br\/noticias\/credit-suisse-crise-acoes-sobem\/#primaryimage\"},\"image\":{\"@id\":\"https:\/\/www.suno.com.br\/noticias\/credit-suisse-crise-acoes-sobem\/#primaryimage\"},\"thumbnailUrl\":\"https:\/\/files.sunoresearch.com.br\/n\/uploads\/2022\/10\/Credit-Suisse.jpg\",\"datePublished\":\"2023-03-16T13:10:34+00:00\",\"dateModified\":\"2023-03-16T13:10:40+00:00\",\"description\":\"A\u00e7\u00f5es se recuperam parcialmente ap\u00f3s derreterem mais de 20% na v\u00e9spera com recuo do principal acionista do Credit Suisse. Confira!\",\"breadcrumb\":{\"@id\":\"https:\/\/www.suno.com.br\/noticias\/credit-suisse-crise-acoes-sobem\/#breadcrumb\"},\"inLanguage\":\"pt-BR\",\"potentialAction\":[{\"@type\":\"ReadAction\",\"target\":[\"https:\/\/www.suno.com.br\/noticias\/credit-suisse-crise-acoes-sobem\/\"]}]},{\"@type\":\"ImageObject\",\"inLanguage\":\"pt-BR\",\"@id\":\"https:\/\/www.suno.com.br\/noticias\/credit-suisse-crise-acoes-sobem\/#primaryimage\",\"url\":\"https:\/\/files.sunoresearch.com.br\/n\/uploads\/2022\/10\/Credit-Suisse.jpg\",\"contentUrl\":\"https:\/\/files.sunoresearch.com.br\/n\/uploads\/2022\/10\/Credit-Suisse.jpg\",\"width\":1500,\"height\":844,\"caption\":\"Credit Suisse Foto: Divulga\u00e7\u00e3o\"},{\"@type\":\"BreadcrumbList\",\"@id\":\"https:\/\/www.suno.com.br\/noticias\/credit-suisse-crise-acoes-sobem\/#breadcrumb\",\"itemListElement\":[{\"@type\":\"ListItem\",\"position\":1,\"name\":\"Not\u00edcias\",\"item\":\"https:\/\/www.suno.com.br\/noticias\/\"},{\"@type\":\"ListItem\",\"position\":2,\"name\":\"Mercado\",\"item\":\"https:\/\/www.suno.com.br\/noticias\/mercado\/\"},{\"@type\":\"ListItem\",\"position\":3,\"name\":\"A\u00e7\u00f5es do Credit Suisse disparam ap\u00f3s empr\u00e9stimo de US$ 54 bilh\u00f5es\"}]},{\"@type\":\"WebSite\",\"@id\":\"https:\/\/www.suno.com.br\/noticias\/#website\",\"url\":\"https:\/\/www.suno.com.br\/noticias\/\",\"name\":\"Suno Not\u00edcias\",\"description\":\"Seu portal de informa\u00e7\u00e3o sobre o mundo dos investimentos\",\"publisher\":{\"@id\":\"https:\/\/www.suno.com.br\/noticias\/#organization\"},\"potentialAction\":[{\"@type\":\"SearchAction\",\"target\":{\"@type\":\"EntryPoint\",\"urlTemplate\":\"https:\/\/www.suno.com.br\/noticias\/?s={search_term_string}\"},\"query-input\":{\"@type\":\"PropertyValueSpecification\",\"valueRequired\":true,\"valueName\":\"search_term_string\"}}],\"inLanguage\":\"pt-BR\"},{\"@type\":\"Organization\",\"@id\":\"https:\/\/www.suno.com.br\/noticias\/#organization\",\"name\":\"Suno Not\u00edcias\",\"url\":\"https:\/\/www.suno.com.br\/noticias\/\",\"logo\":{\"@type\":\"ImageObject\",\"inLanguage\":\"pt-BR\",\"@id\":\"https:\/\/www.suno.com.br\/noticias\/#\/schema\/logo\/image\/\",\"url\":\"https:\/\/files.sunoresearch.com.br\/n\/uploads\/2021\/09\/suno-logo.png\",\"contentUrl\":\"https:\/\/files.sunoresearch.com.br\/n\/uploads\/2021\/09\/suno-logo.png\",\"width\":180,\"height\":180,\"caption\":\"Suno Not\u00edcias\"},\"image\":{\"@id\":\"https:\/\/www.suno.com.br\/noticias\/#\/schema\/logo\/image\/\"},\"sameAs\":[\"https:\/\/facebook.com\/sunoresearch\",\"https:\/\/x.com\/sunoresearch\",\"https:\/\/www.instagram.com\/suno\",\"https:\/\/www.linkedin.com\/company\/suno-research\/\",\"https:\/\/www.youtube.com\/c\/sunoresearch\"]},{\"@type\":\"Person\",\"@id\":\"https:\/\/www.suno.com.br\/noticias\/#\/schema\/person\/7f4d362bf3518e76090143ae77bb49a5\",\"name\":\"Eduardo Vargas\",\"image\":{\"@type\":\"ImageObject\",\"inLanguage\":\"pt-BR\",\"@id\":\"https:\/\/www.suno.com.br\/noticias\/#\/schema\/person\/image\/\",\"url\":\"https:\/\/secure.gravatar.com\/avatar\/dac340933427a22924c9f99d1eb2e3f2?s=96&r=g\",\"contentUrl\":\"https:\/\/secure.gravatar.com\/avatar\/dac340933427a22924c9f99d1eb2e3f2?s=96&r=g\",\"caption\":\"Eduardo Vargas\"},\"description\":\"Jornalista formado pela UFSC, cobre macroeconomia, neg\u00f3cios e startups para o Suno Not\u00edcias, escrevendo principalmente not\u00edcias sobre o mercado financeiro e a bolsa de valores. No YouTube e no Instagram, \u00e9 respons\u00e1vel pela produ\u00e7\u00e3o de Reels e Shorts do Suno Not\u00edcias. Anteriormente, trabalhou cobrindo economia e cotidiano no ND+ e para o ND, maior jornal impresso de Santa Catarina. Cursou um semestre letivo de Estudos de M\u00eddia na Universidad de Buenos Aires.\",\"url\":\"https:\/\/www.suno.com.br\/noticias\/author\/eduardo-vargas\/\"}]}<\/script>\n<!-- \/ Yoast SEO plugin. -->","yoast_head_json":{"title":"A\u00e7\u00f5es do Credit Suisse disparam ap\u00f3s empr\u00e9stimo de US$ 54 bilh\u00f5es","description":"A\u00e7\u00f5es se recuperam parcialmente ap\u00f3s derreterem mais de 20% na v\u00e9spera com recuo do principal acionista do Credit Suisse. Confira!","robots":{"index":"index","follow":"follow","max-snippet":"max-snippet:-1","max-image-preview":"max-image-preview:large","max-video-preview":"max-video-preview:-1"},"canonical":"https:\/\/www.suno.com.br\/noticias\/credit-suisse-crise-acoes-sobem\/","og_locale":"pt_BR","og_type":"article","og_title":"A\u00e7\u00f5es do Credit Suisse disparam ap\u00f3s empr\u00e9stimo de US$ 54 bilh\u00f5es","og_description":"A\u00e7\u00f5es se recuperam parcialmente ap\u00f3s derreterem mais de 20% na v\u00e9spera com recuo do principal acionista do Credit Suisse. Confira!","og_url":"https:\/\/www.suno.com.br\/noticias\/credit-suisse-crise-acoes-sobem\/","og_site_name":"Suno Not\u00edcias","article_publisher":"https:\/\/facebook.com\/sunoresearch","og_image":[{"width":1500,"height":844,"url":"https:\/\/files.sunoresearch.com.br\/n\/uploads\/2022\/10\/Credit-Suisse.jpg","type":"image\/jpeg"}],"author":"Eduardo Vargas","twitter_card":"summary_large_image","twitter_creator":"@sunoresearch","twitter_site":"@sunoresearch","twitter_misc":{"Escrito por":"Eduardo Vargas","Est. tempo de leitura":"4 minutos"},"schema":{"@context":"https:\/\/schema.org","@graph":[{"@type":"NewsArticle","@id":"https:\/\/www.suno.com.br\/noticias\/credit-suisse-crise-acoes-sobem\/#article","isPartOf":{"@id":"https:\/\/www.suno.com.br\/noticias\/credit-suisse-crise-acoes-sobem\/"},"author":{"name":"Eduardo Vargas","@id":"https:\/\/www.suno.com.br\/noticias\/#\/schema\/person\/7f4d362bf3518e76090143ae77bb49a5"},"headline":"A\u00e7\u00f5es do Credit Suisse disparam ap\u00f3s empr\u00e9stimo de US$ 54 bilh\u00f5es","datePublished":"2023-03-16T13:10:34+00:00","dateModified":"2023-03-16T13:10:40+00:00","mainEntityOfPage":{"@id":"https:\/\/www.suno.com.br\/noticias\/credit-suisse-crise-acoes-sobem\/"},"wordCount":657,"publisher":{"@id":"https:\/\/www.suno.com.br\/noticias\/#organization"},"image":{"@id":"https:\/\/www.suno.com.br\/noticias\/credit-suisse-crise-acoes-sobem\/#primaryimage"},"thumbnailUrl":"https:\/\/files.sunoresearch.com.br\/n\/uploads\/2022\/10\/Credit-Suisse.jpg","keywords":["Credit Suisse (C1SU34)"],"articleSection":["Mercado"],"inLanguage":"pt-BR"},{"@type":"WebPage","@id":"https:\/\/www.suno.com.br\/noticias\/credit-suisse-crise-acoes-sobem\/","url":"https:\/\/www.suno.com.br\/noticias\/credit-suisse-crise-acoes-sobem\/","name":"A\u00e7\u00f5es do Credit Suisse disparam ap\u00f3s empr\u00e9stimo de US$ 54 bilh\u00f5es","isPartOf":{"@id":"https:\/\/www.suno.com.br\/noticias\/#website"},"primaryImageOfPage":{"@id":"https:\/\/www.suno.com.br\/noticias\/credit-suisse-crise-acoes-sobem\/#primaryimage"},"image":{"@id":"https:\/\/www.suno.com.br\/noticias\/credit-suisse-crise-acoes-sobem\/#primaryimage"},"thumbnailUrl":"https:\/\/files.sunoresearch.com.br\/n\/uploads\/2022\/10\/Credit-Suisse.jpg","datePublished":"2023-03-16T13:10:34+00:00","dateModified":"2023-03-16T13:10:40+00:00","description":"A\u00e7\u00f5es se recuperam parcialmente ap\u00f3s derreterem mais de 20% na v\u00e9spera com recuo do principal acionista do Credit Suisse. Confira!","breadcrumb":{"@id":"https:\/\/www.suno.com.br\/noticias\/credit-suisse-crise-acoes-sobem\/#breadcrumb"},"inLanguage":"pt-BR","potentialAction":[{"@type":"ReadAction","target":["https:\/\/www.suno.com.br\/noticias\/credit-suisse-crise-acoes-sobem\/"]}]},{"@type":"ImageObject","inLanguage":"pt-BR","@id":"https:\/\/www.suno.com.br\/noticias\/credit-suisse-crise-acoes-sobem\/#primaryimage","url":"https:\/\/files.sunoresearch.com.br\/n\/uploads\/2022\/10\/Credit-Suisse.jpg","contentUrl":"https:\/\/files.sunoresearch.com.br\/n\/uploads\/2022\/10\/Credit-Suisse.jpg","width":1500,"height":844,"caption":"Credit Suisse Foto: Divulga\u00e7\u00e3o"},{"@type":"BreadcrumbList","@id":"https:\/\/www.suno.com.br\/noticias\/credit-suisse-crise-acoes-sobem\/#breadcrumb","itemListElement":[{"@type":"ListItem","position":1,"name":"Not\u00edcias","item":"https:\/\/www.suno.com.br\/noticias\/"},{"@type":"ListItem","position":2,"name":"Mercado","item":"https:\/\/www.suno.com.br\/noticias\/mercado\/"},{"@type":"ListItem","position":3,"name":"A\u00e7\u00f5es do Credit Suisse disparam ap\u00f3s empr\u00e9stimo de US$ 54 bilh\u00f5es"}]},{"@type":"WebSite","@id":"https:\/\/www.suno.com.br\/noticias\/#website","url":"https:\/\/www.suno.com.br\/noticias\/","name":"Suno Not\u00edcias","description":"Seu portal de informa\u00e7\u00e3o sobre o mundo dos investimentos","publisher":{"@id":"https:\/\/www.suno.com.br\/noticias\/#organization"},"potentialAction":[{"@type":"SearchAction","target":{"@type":"EntryPoint","urlTemplate":"https:\/\/www.suno.com.br\/noticias\/?s={search_term_string}"},"query-input":{"@type":"PropertyValueSpecification","valueRequired":true,"valueName":"search_term_string"}}],"inLanguage":"pt-BR"},{"@type":"Organization","@id":"https:\/\/www.suno.com.br\/noticias\/#organization","name":"Suno Not\u00edcias","url":"https:\/\/www.suno.com.br\/noticias\/","logo":{"@type":"ImageObject","inLanguage":"pt-BR","@id":"https:\/\/www.suno.com.br\/noticias\/#\/schema\/logo\/image\/","url":"https:\/\/files.sunoresearch.com.br\/n\/uploads\/2021\/09\/suno-logo.png","contentUrl":"https:\/\/files.sunoresearch.com.br\/n\/uploads\/2021\/09\/suno-logo.png","width":180,"height":180,"caption":"Suno Not\u00edcias"},"image":{"@id":"https:\/\/www.suno.com.br\/noticias\/#\/schema\/logo\/image\/"},"sameAs":["https:\/\/facebook.com\/sunoresearch","https:\/\/x.com\/sunoresearch","https:\/\/www.instagram.com\/suno","https:\/\/www.linkedin.com\/company\/suno-research\/","https:\/\/www.youtube.com\/c\/sunoresearch"]},{"@type":"Person","@id":"https:\/\/www.suno.com.br\/noticias\/#\/schema\/person\/7f4d362bf3518e76090143ae77bb49a5","name":"Eduardo Vargas","image":{"@type":"ImageObject","inLanguage":"pt-BR","@id":"https:\/\/www.suno.com.br\/noticias\/#\/schema\/person\/image\/","url":"https:\/\/secure.gravatar.com\/avatar\/dac340933427a22924c9f99d1eb2e3f2?s=96&r=g","contentUrl":"https:\/\/secure.gravatar.com\/avatar\/dac340933427a22924c9f99d1eb2e3f2?s=96&r=g","caption":"Eduardo Vargas"},"description":"Jornalista formado pela UFSC, cobre macroeconomia, neg\u00f3cios e startups para o Suno Not\u00edcias, escrevendo principalmente not\u00edcias sobre o mercado financeiro e a bolsa de valores. No YouTube e no Instagram, \u00e9 respons\u00e1vel pela produ\u00e7\u00e3o de Reels e Shorts do Suno Not\u00edcias. Anteriormente, trabalhou cobrindo economia e cotidiano no ND+ e para o ND, maior jornal impresso de Santa Catarina. Cursou um semestre letivo de Estudos de M\u00eddia na Universidad de Buenos Aires.","url":"https:\/\/www.suno.com.br\/noticias\/author\/eduardo-vargas\/"}]}},"default_loop_html":"<div class=\"cardsPage__listCard__boxs\"><div class=\"cardsPage__listCard__boxs__img\"><a href=\"https:\/\/www.suno.com.br\/noticias\/credit-suisse-crise-acoes-sobem\/\"><img class=\"mask\" src=\"https:\/\/www.suno.com.br\/noticias\/wp-content\/themes\/suno\/resources\/images\/spotlight\/spotlight1img\/bg-mask.png\" alt=\"Image Mask\"\/><img src=\"https:\/\/files.sunoresearch.com.br\/n\/uploads\/2022\/10\/Credit-Suisse-400x200.jpg\" alt=\"A\u00e7\u00f5es do Credit Suisse disparam ap\u00f3s empr\u00e9stimo de US$ 54 bilh\u00f5es\"\/><\/a><span class=\"spotlightCategory\"><a href=\"https:\/\/www.suno.com.br\/noticias\/mercado\/\">Mercado<\/a><\/span><\/div><div class=\"cardsPage__listCard__boxs__content\"><a href=\"https:\/\/www.suno.com.br\/noticias\/credit-suisse-crise-acoes-sobem\/\"><h2 class=\"content__title\">A\u00e7\u00f5es do Credit Suisse disparam ap\u00f3s empr\u00e9stimo de US$ 54 bilh\u00f5es<\/h2><\/a><div class=\"newsContent__article__meta\"><div class=\"newsContent__article__meta__authorBox\"><a href=\"https:\/\/www.suno.com.br\/noticias\/author\/eduardo-vargas\/\" class=\"authorBox__avatar noMobi\"><img src=\"https:\/\/secure.gravatar.com\/avatar\/dac340933427a22924c9f99d1eb2e3f2?s=96&#038;r=g\" alt=\"Eduardo Vargas\"><\/a><div class=\"authorBox__name\"><span>por\n\t\t\t<a href=\"https:\/\/www.suno.com.br\/noticias\/author\/eduardo-vargas\/\"><span itemprop=\"author\">Eduardo Vargas<\/span><\/a><\/span><time datetime=\"2023-03-16T10:10:34-03:00\" itemprop=\"datePublished\">16\/03\/2023 10:10<\/time><\/div><\/div><\/div><\/div><\/div>","single_layout":"posts","amp_enabled":true,"_links":{"self":[{"href":"https:\/\/www.suno.com.br\/noticias\/wp-json\/wp\/v2\/posts\/377050"}],"collection":[{"href":"https:\/\/www.suno.com.br\/noticias\/wp-json\/wp\/v2\/posts"}],"about":[{"href":"https:\/\/www.suno.com.br\/noticias\/wp-json\/wp\/v2\/types\/post"}],"author":[{"embeddable":true,"href":"https:\/\/www.suno.com.br\/noticias\/wp-json\/wp\/v2\/users\/73"}],"replies":[{"embeddable":true,"href":"https:\/\/www.suno.com.br\/noticias\/wp-json\/wp\/v2\/comments?post=377050"}],"version-history":[{"count":3,"href":"https:\/\/www.suno.com.br\/noticias\/wp-json\/wp\/v2\/posts\/377050\/revisions"}],"predecessor-version":[{"id":377068,"href":"https:\/\/www.suno.com.br\/noticias\/wp-json\/wp\/v2\/posts\/377050\/revisions\/377068"}],"wp:featuredmedia":[{"embeddable":true,"href":"https:\/\/www.suno.com.br\/noticias\/wp-json\/wp\/v2\/media\/306752"}],"wp:attachment":[{"href":"https:\/\/www.suno.com.br\/noticias\/wp-json\/wp\/v2\/media?parent=377050"}],"wp:term":[{"taxonomy":"category","embeddable":true,"href":"https:\/\/www.suno.com.br\/noticias\/wp-json\/wp\/v2\/categories?post=377050"},{"taxonomy":"post_tag","embeddable":true,"href":"https:\/\/www.suno.com.br\/noticias\/wp-json\/wp\/v2\/tags?post=377050"},{"taxonomy":"suno_strategy","embeddable":true,"href":"https:\/\/www.suno.com.br\/noticias\/wp-json\/wp\/v2\/suno_strategy?post=377050"}],"curies":[{"name":"wp","href":"https:\/\/api.w.org\/{rel}","templated":true}]}}