{"id":37696,"date":"2019-09-16T11:03:16","date_gmt":"2019-09-16T14:03:16","guid":{"rendered":"https:\/\/www.suno.com.br\/noticias\/?p=37696"},"modified":"2019-09-18T13:14:31","modified_gmt":"2019-09-18T16:14:31","slug":"arabia-saudita-opep-petroleo-saudi-aramco","status":"publish","type":"post","link":"https:\/\/www.suno.com.br\/noticias\/arabia-saudita-opep-petroleo-saudi-aramco\/","title":{"rendered":"Ar\u00e1bia Saudita tem &#8220;amplos estoques de petr\u00f3leo&#8221; para conter a crise, diz Opep"},"content":{"rendered":"<p>A <a href=\"https:\/\/www.suno.com.br\/artigos\/opep\/\">Organiza\u00e7\u00e3o dos Pa\u00edses Exportadores de Petr\u00f3leo (Opep)<\/a>, informou nesta segunda-feira (16), que n\u00e3o possu\u00ed planos de convocar uma<strong> reuni\u00e3o<\/strong> de <strong>emerg\u00eancia <\/strong>sobre o <strong>ataques <\/strong>ocorrido na<strong> Ar\u00e1bia Saudita<\/strong>. De acordo com a organiza\u00e7\u00e3o, o pa\u00eds\u00a0tem contido a situa\u00e7\u00e3o at\u00e9 o prezado momento e disp\u00f5e de &#8220;amplos estoques de petr\u00f3leo&#8221;.<\/p>\t<div class=\"wrapper-featured-image\">\n\t\t<figure class=\"spotlightImg\">\n\n\t\t\t<picture>\n\t\t\t\t<source media=\"(max-width: 768px)\" srcset=\"https:\/\/files.sunoresearch.com.br\/n\/uploads\/2019\/01\/7acf3d03-petr\u00f3leo-400x200.webp\">\n\t\t\t\t<img loading=\"lazy\" decoding=\"async\" class=\"newsContent__article__imgCapa lazyloadDisabled newsContent__article__imgCapa--noCaption\" src=\"https:\/\/files.sunoresearch.com.br\/n\/uploads\/2019\/01\/7acf3d03-petr\u00f3leo-800x450.webp\" width=\"800\" height=\"450\" alt=\"Ar\u00e1bia Saudita tem &#8220;amplos estoques de petr\u00f3leo&#8221; para conter a crise, diz Opep\" fetchpriority=high \/>\n\t\t\t<\/picture>\n\n\t\t\t<figcaption class=\"wp-caption-text wp-caption-text--hide\">Pre\u00e7os do petr\u00f3leo &#039;come\u00e7am a se estabilizar&#039;, diz secret\u00e1rio dos EUA<\/figcaption>\n\t\t<\/figure>\n\t<\/div>\n\n\n<p>O ministro da Energia dos Emirados \u00c1rabes Unidos, <strong>Suhail al-Mazrouei<\/strong>, informou que o pa\u00eds tem capacidade suficiente de enfrentar as consequ\u00eancias dos ataques \u00e0 maior produtora de <a href=\"https:\/\/www.suno.com.br\/artigos\/cotacao-do-petroleo\/\"><strong>petr\u00f3leo<\/strong><\/a> do mundo,<strong> Saudi Aramco<\/strong>. Al\u00e9m disso, reitera que se a \u00c1rabia Saudita convocar uma reuni\u00e3o de emerg\u00eancia da Opep, &#8220;vamos lidar com isso&#8221;.<\/p>\n\n<p>&#8220;Temos capacidade de reposi\u00e7\u00e3o. Existem volumes que podemos liberar como uma rea\u00e7\u00e3o instant\u00e2nea&#8221;, disse al-Mazrouei.<\/p>\n<p>O secret\u00e1rio-geral da Opep, <strong>Mahoammad Barkindo<\/strong>, informou que n\u00e3o h\u00e1 motivos para que os mercados entrem em p\u00e2nico. Em resposta a alta de aproximadamente 20% nos pre\u00e7os do petr\u00f3leo, Barkindo afirmou que foi apenas uma rea\u00e7\u00e3o inicial.<\/p>\n<p>Ap\u00f3s o ataque, a Ar\u00e1bia Saudita anunciou a suspens\u00e3o tempor\u00e1ria da produ\u00e7\u00e3o di\u00e1ria de 5,7 milh\u00f5es de barris. Esse valor \u00e9 equivalente a 6% do <strong>abastecimento mundial<\/strong>. Al\u00e9m disso, \u00e9 mais do dobro de toda produ\u00e7\u00e3o da <a href=\"https:\/\/www.suno.com.br\/artigos\/petr4-vale-pena-comprar-acoes-da-petrobras\/\"><strong>Petrobras<\/strong><\/a>, que se encontra em cerca de 2,7 milh\u00f5es de barris ao dia.<\/p>\n<h2>Pre\u00e7os do petr\u00f3leo sobem quase 20% nos mercados externos<\/h2>\n<p>Ap\u00f3s os ataques \u00e0s instala\u00e7\u00f5es da <strong>Saudi Aramco<\/strong>, na Ar\u00e1bia Saudita, os pre\u00e7os do petr\u00f3leo subiram nos mercados internacionais. No \u00faltimo s\u00e1bado (14), os ataques \u00e0 petroleira limitaram \u00e0 metade a produ\u00e7\u00e3o da <strong><a href=\"https:\/\/www.suno.com.br\/artigos\/o-que-commodities\/\">commodity<\/a><\/strong> no pa\u00eds.<\/p>\n<p>No \u00faltimo domingo (15), o barril do petr\u00f3leo finalizou o dia sendo negociado a US$ 70,98 nos mercados futuros. Isso equivale a uma alta de 18% em rela\u00e7\u00e3o ao fechamento da sexta-feira (13), quando o barril custava US$ 60,15.<\/p>\n\t<p>\n\t\t<a href=\"https:\/\/lp.suno.com.br\/ao\/servico-especializado-suno-tf\/?utm_source=adwords&#038;utm_medium=search&#038;utm_campaign=search.servico.funilconsultoria&#038;utm_content=1147_responsivo-a&#038;hsa_acc=2326072784&#038;hsa_cam=18022897917&#038;hsa_grp=141470255993&#038;hsa_ad=616145467912&#038;hsa_src=g&#038;hsa_tgt=kwd-303658942458&#038;hsa_kw=gestora+de+investimentos&#038;hsa_mt=b&#038;hsa_net=adwords&#038;hsa_ver=3&#038;gad_source=1&#038;gclid=CjwKCAjw1emzBhB8EiwAHwZZxQMvA3xJVRzLGZ70LmuSzR55X-KvxijSay8c5Hm88Sznnq97j8XbORoC-sMQAvD_BwE\" target=\"_blank\" data-element=\"shortcode-suno-banner\" title=\"Banner SUNO, clique e saiba mais\">\n\t\t\t<picture>\n\t\t\t\t<source media=\"(max-width: 500px)\" srcset=\"https:\/\/files.sunoresearch.com.br\/n\/uploads\/2024\/06\/400x300-Mobile-Artigos-4-1.png\">\n\t\t\t\t<img class=\"newsContent__article__imgCapa newsContent__article__imgCapa--banner\"\n\t\t\t\t\tsrc=\"https:\/\/files.sunoresearch.com.br\/n\/uploads\/2024\/06\/1420x240-Banner-Artigos-1-_-Banner-Materias-2-1.png\"\n\t\t\t\t\tdata-promo-id=\"563609\"\t\t\t\t\t\t\t\t\t\twidth='1420' height='240'\t\t\t\t\talt=\"https:\/\/files.sunoresearch.com.br\/n\/uploads\/2024\/06\/1420x240-Banner-Artigos-1-_-Banner-Materias-2-1.png\"\n\t\t\t\t>\n\t\t\t<\/picture>\n\t\t<\/a>\n\t<\/p>\n\n\n<p>Em seu Twitter, o presidente norte-americano, <a href=\"https:\/\/www.suno.com.br\/tudo-sobre\/donald-trump\/\"><strong>Donald Trump<\/strong><\/a>, disse que autorizou a libera\u00e7\u00e3o de petr\u00f3leo da Reserva Estrat\u00e9gica de Petr\u00f3leo em uma quantidade que ser\u00e1 determinada. Al\u00e9m disso, solicitou \u00e0s ag\u00eancias governamentais que &#8220;agilizem as aprova\u00e7\u00f5es de libera\u00e7\u00e3o dos oleodutos atualmente em processo de permiss\u00e3o no Texas e em v\u00e1rios outros Estados&#8221;.<\/p>\n<h2>Instala\u00e7\u00f5es da Saudi Aramco sofreram ataques<\/h2>\n<p>Duas instala\u00e7\u00f5es da<strong> Saudi Aramco<\/strong> sofreram um inc\u00eandio no \u00faltimo s\u00e1bado. A causa apontada foi o ataque de drones nas bases de <strong>petr\u00f3leo<\/strong>.<\/p>\n<p>Apesar do governo saudita n\u00e3o ter mencionado suspeitos, o grupo rebelde houthis, do I\u00eamen, declarou que os ataques envolveram dez drones.<\/p>\n<p>Os<strong> houthis, <\/strong>uma fac\u00e7\u00e3o,\u00a0assumiram o controle de Sanaa, a capital do I\u00eamen. Desde ent\u00e3o, os sauditas tem liderado uma coaliz\u00e3o tentando combater os rebeldes com o intuito de retir\u00e1-los da regi\u00e3o e reinstalar um governo apoiado pel<strong>a Ar\u00e1bia Saudita<\/strong>, Emirados \u00c1rabes Unidos, entre outra pot\u00eancias.<\/p>\n<p><a href=\"\/\/www.suno.com.br\/noticias\/ataques-podem-fazer-saudi-aramco-adiar-ipo\/\">Confira Tamb\u00e9m: Ataques podem fazer Saudi Aramco adiar IPO<\/a><\/p>\n<p>De acordo com a <strong>Ar\u00e1bia Saudita<\/strong> e os Estados Unidos, os houthis s\u00e3o armados e financiados pelo <strong>Ir\u00e3<\/strong>. A acusa\u00e7\u00e3o foi negada por Teer\u00e3.<\/p>\n<p>Segundo as autoridades sauditas e americanas, o Ir\u00e3 estaria querendo atingir a produ\u00e7\u00e3o de <strong>petr\u00f3leo<\/strong> da <strong>Ar\u00e1bia Saudita<\/strong> usando, por exemplo, minas para danificar petroleiros sauditas no <strong>Golfo<\/strong> de <strong>Om\u00e3<\/strong> em maio deste ano.<\/p>\n","protected":false},"excerpt":{"rendered":"<p>A Organiza\u00e7\u00e3o dos Pa\u00edses Exportadores de Petr\u00f3leo (Opep), informou nesta segunda-feira (16), que n\u00e3o possu\u00ed planos de convocar uma reuni\u00e3o de emerg\u00eancia sobre o ataques ocorrido na Ar\u00e1bia Saudita. De acordo com a organiza\u00e7\u00e3o, o pa\u00eds\u00a0tem contido a situa\u00e7\u00e3o at\u00e9 o prezado momento e disp\u00f5e de &#8220;amplos estoques de petr\u00f3leo&#8221;. Pre\u00e7os do petr\u00f3leo &#039;come\u00e7am a [&hellip;]<\/p>\n","protected":false},"author":15,"featured_media":10505,"comment_status":"closed","ping_status":"closed","sticky":false,"template":"","format":"standard","meta":[],"categories":[63],"tags":[960,811,595,766,1981],"suno_strategy":[],"class_list":["post-37696","post","type-post","status-publish","format-standard","has-post-thumbnail","hentry","category-internacional","tag-arabia-saudita","tag-opep","tag-petrobras-petr4","tag-petroleo","tag-saudi-aramco"],"yoast_head":"<!-- This site is optimized with the Yoast SEO plugin v24.4 - https:\/\/yoast.com\/wordpress\/plugins\/seo\/ -->\n<title>Ar\u00e1bia Saudita tem &quot;estoques de petr\u00f3leo&quot; para conter a crise, diz Opep<\/title>\n<meta name=\"description\" content=\"O secret\u00e1rio da Opep informou que n\u00e3o h\u00e1 motivos para o mercado se espantar e que a alta do petr\u00f3leo foi uma rea\u00e7\u00e3o incial. Clique aqui\" \/>\n<meta name=\"robots\" content=\"index, follow, max-snippet:-1, max-image-preview:large, max-video-preview:-1\" \/>\n<link rel=\"canonical\" href=\"https:\/\/www.suno.com.br\/noticias\/arabia-saudita-opep-petroleo-saudi-aramco\/\" \/>\n<meta property=\"og:locale\" content=\"pt_BR\" \/>\n<meta property=\"og:type\" content=\"article\" \/>\n<meta property=\"og:title\" content=\"Ar\u00e1bia Saudita tem &quot;estoques de petr\u00f3leo&quot; para conter a crise, diz Opep\" \/>\n<meta property=\"og:description\" content=\"O secret\u00e1rio da Opep informou que n\u00e3o h\u00e1 motivos para o mercado se espantar e que a alta do petr\u00f3leo foi uma rea\u00e7\u00e3o incial. Clique aqui\" \/>\n<meta property=\"og:url\" content=\"https:\/\/www.suno.com.br\/noticias\/arabia-saudita-opep-petroleo-saudi-aramco\/\" \/>\n<meta property=\"og:site_name\" content=\"Suno Not\u00edcias\" \/>\n<meta property=\"article:publisher\" content=\"https:\/\/facebook.com\/sunoresearch\" \/>\n<meta property=\"og:image\" content=\"https:\/\/files.sunoresearch.com.br\/n\/uploads\/2019\/01\/7acf3d03-petr\u00f3leo.jpg\" \/>\n\t<meta property=\"og:image:width\" content=\"960\" \/>\n\t<meta property=\"og:image:height\" content=\"720\" \/>\n\t<meta property=\"og:image:type\" content=\"image\/jpeg\" \/>\n<meta name=\"author\" content=\"Poliana Santos\" \/>\n<meta name=\"twitter:card\" content=\"summary_large_image\" \/>\n<meta name=\"twitter:creator\" content=\"@sunoresearch\" \/>\n<meta name=\"twitter:site\" content=\"@sunoresearch\" \/>\n<meta name=\"twitter:label1\" content=\"Escrito por\" \/>\n\t<meta name=\"twitter:data1\" content=\"Poliana Santos\" \/>\n\t<meta name=\"twitter:label2\" content=\"Est. tempo de leitura\" \/>\n\t<meta name=\"twitter:data2\" content=\"3 minutos\" \/>\n<script type=\"application\/ld+json\" class=\"yoast-schema-graph\">{\"@context\":\"https:\/\/schema.org\",\"@graph\":[{\"@type\":\"NewsArticle\",\"@id\":\"https:\/\/www.suno.com.br\/noticias\/arabia-saudita-opep-petroleo-saudi-aramco\/#article\",\"isPartOf\":{\"@id\":\"https:\/\/www.suno.com.br\/noticias\/arabia-saudita-opep-petroleo-saudi-aramco\/\"},\"author\":{\"name\":\"Poliana Santos\",\"@id\":\"https:\/\/www.suno.com.br\/noticias\/#\/schema\/person\/02ec1f752758247878a2bf4abee1aeda\"},\"headline\":\"Ar\u00e1bia Saudita tem &#8220;amplos estoques de petr\u00f3leo&#8221; para conter a crise, diz Opep\",\"datePublished\":\"2019-09-16T14:03:16+00:00\",\"dateModified\":\"2019-09-18T16:14:31+00:00\",\"mainEntityOfPage\":{\"@id\":\"https:\/\/www.suno.com.br\/noticias\/arabia-saudita-opep-petroleo-saudi-aramco\/\"},\"wordCount\":587,\"publisher\":{\"@id\":\"https:\/\/www.suno.com.br\/noticias\/#organization\"},\"image\":{\"@id\":\"https:\/\/www.suno.com.br\/noticias\/arabia-saudita-opep-petroleo-saudi-aramco\/#primaryimage\"},\"thumbnailUrl\":\"https:\/\/files.sunoresearch.com.br\/n\/uploads\/2019\/01\/7acf3d03-petr\u00f3leo-jpg.webp\",\"keywords\":[\"Ar\u00e1bia Saudita\",\"OPEP\",\"Petrobras (PETR4)\",\"Petr\u00f3leo\",\"Saudi Aramco\"],\"articleSection\":[\"Internacional\"],\"inLanguage\":\"pt-BR\"},{\"@type\":\"WebPage\",\"@id\":\"https:\/\/www.suno.com.br\/noticias\/arabia-saudita-opep-petroleo-saudi-aramco\/\",\"url\":\"https:\/\/www.suno.com.br\/noticias\/arabia-saudita-opep-petroleo-saudi-aramco\/\",\"name\":\"Ar\u00e1bia Saudita tem \\\"estoques de petr\u00f3leo\\\" para conter a crise, diz Opep\",\"isPartOf\":{\"@id\":\"https:\/\/www.suno.com.br\/noticias\/#website\"},\"primaryImageOfPage\":{\"@id\":\"https:\/\/www.suno.com.br\/noticias\/arabia-saudita-opep-petroleo-saudi-aramco\/#primaryimage\"},\"image\":{\"@id\":\"https:\/\/www.suno.com.br\/noticias\/arabia-saudita-opep-petroleo-saudi-aramco\/#primaryimage\"},\"thumbnailUrl\":\"https:\/\/files.sunoresearch.com.br\/n\/uploads\/2019\/01\/7acf3d03-petr\u00f3leo-jpg.webp\",\"datePublished\":\"2019-09-16T14:03:16+00:00\",\"dateModified\":\"2019-09-18T16:14:31+00:00\",\"description\":\"O secret\u00e1rio da Opep informou que n\u00e3o h\u00e1 motivos para o mercado se espantar e que a alta do petr\u00f3leo foi uma rea\u00e7\u00e3o incial. Clique aqui\",\"breadcrumb\":{\"@id\":\"https:\/\/www.suno.com.br\/noticias\/arabia-saudita-opep-petroleo-saudi-aramco\/#breadcrumb\"},\"inLanguage\":\"pt-BR\",\"potentialAction\":[{\"@type\":\"ReadAction\",\"target\":[\"https:\/\/www.suno.com.br\/noticias\/arabia-saudita-opep-petroleo-saudi-aramco\/\"]}]},{\"@type\":\"ImageObject\",\"inLanguage\":\"pt-BR\",\"@id\":\"https:\/\/www.suno.com.br\/noticias\/arabia-saudita-opep-petroleo-saudi-aramco\/#primaryimage\",\"url\":\"https:\/\/files.sunoresearch.com.br\/n\/uploads\/2019\/01\/7acf3d03-petr\u00f3leo-jpg.webp\",\"contentUrl\":\"https:\/\/files.sunoresearch.com.br\/n\/uploads\/2019\/01\/7acf3d03-petr\u00f3leo-jpg.webp\",\"width\":960,\"height\":720,\"caption\":\"Pre\u00e7os do petr\u00f3leo 'come\u00e7am a se estabilizar', diz secret\u00e1rio dos EUA\"},{\"@type\":\"BreadcrumbList\",\"@id\":\"https:\/\/www.suno.com.br\/noticias\/arabia-saudita-opep-petroleo-saudi-aramco\/#breadcrumb\",\"itemListElement\":[{\"@type\":\"ListItem\",\"position\":1,\"name\":\"Not\u00edcias\",\"item\":\"https:\/\/www.suno.com.br\/noticias\/\"},{\"@type\":\"ListItem\",\"position\":2,\"name\":\"Internacional\",\"item\":\"https:\/\/www.suno.com.br\/noticias\/internacional\/\"},{\"@type\":\"ListItem\",\"position\":3,\"name\":\"Ar\u00e1bia Saudita tem &#8220;amplos estoques de petr\u00f3leo&#8221; para conter a crise, diz Opep\"}]},{\"@type\":\"WebSite\",\"@id\":\"https:\/\/www.suno.com.br\/noticias\/#website\",\"url\":\"https:\/\/www.suno.com.br\/noticias\/\",\"name\":\"Suno Not\u00edcias\",\"description\":\"Seu portal de informa\u00e7\u00e3o sobre o mundo dos investimentos\",\"publisher\":{\"@id\":\"https:\/\/www.suno.com.br\/noticias\/#organization\"},\"potentialAction\":[{\"@type\":\"SearchAction\",\"target\":{\"@type\":\"EntryPoint\",\"urlTemplate\":\"https:\/\/www.suno.com.br\/noticias\/?s={search_term_string}\"},\"query-input\":{\"@type\":\"PropertyValueSpecification\",\"valueRequired\":true,\"valueName\":\"search_term_string\"}}],\"inLanguage\":\"pt-BR\"},{\"@type\":\"Organization\",\"@id\":\"https:\/\/www.suno.com.br\/noticias\/#organization\",\"name\":\"Suno Not\u00edcias\",\"url\":\"https:\/\/www.suno.com.br\/noticias\/\",\"logo\":{\"@type\":\"ImageObject\",\"inLanguage\":\"pt-BR\",\"@id\":\"https:\/\/www.suno.com.br\/noticias\/#\/schema\/logo\/image\/\",\"url\":\"https:\/\/files.sunoresearch.com.br\/n\/uploads\/2021\/09\/suno-logo.png\",\"contentUrl\":\"https:\/\/files.sunoresearch.com.br\/n\/uploads\/2021\/09\/suno-logo.png\",\"width\":180,\"height\":180,\"caption\":\"Suno Not\u00edcias\"},\"image\":{\"@id\":\"https:\/\/www.suno.com.br\/noticias\/#\/schema\/logo\/image\/\"},\"sameAs\":[\"https:\/\/facebook.com\/sunoresearch\",\"https:\/\/x.com\/sunoresearch\",\"https:\/\/www.instagram.com\/suno\",\"https:\/\/www.linkedin.com\/company\/suno-research\/\",\"https:\/\/www.youtube.com\/c\/sunoresearch\"]},{\"@type\":\"Person\",\"@id\":\"https:\/\/www.suno.com.br\/noticias\/#\/schema\/person\/02ec1f752758247878a2bf4abee1aeda\",\"name\":\"Poliana Santos\",\"image\":{\"@type\":\"ImageObject\",\"inLanguage\":\"pt-BR\",\"@id\":\"https:\/\/www.suno.com.br\/noticias\/#\/schema\/person\/image\/\",\"url\":\"https:\/\/secure.gravatar.com\/avatar\/0645bd32f23d87b2130f2b2dff1d3f8d?s=96&r=g\",\"contentUrl\":\"https:\/\/secure.gravatar.com\/avatar\/0645bd32f23d87b2130f2b2dff1d3f8d?s=96&r=g\",\"caption\":\"Poliana Santos\"},\"description\":\"Rep\u00f3rter no Suno Not\u00edcias, com cobertura em mercado financeiro, economia, finan\u00e7as pessoais, renda fixa e varejo. Jornalista formada pela Faculdade C\u00e1sper L\u00edbero e possui passagem na R\u00e1dio Gazeta AM com a produ\u00e7\u00e3o de conte\u00fado sobre economia, pol\u00edtica, sa\u00fade, moda e m\u00fasica. Possui certificado de conclus\u00e3o do curso de An\u00e1lise de Balan\u00e7os pela Funda\u00e7\u00e3o Bradesco, Agenda Brasil pela FAAP, Educa\u00e7\u00e3o Pol\u00edtica por Alexandre Garcia e do Tesouro Direto e Mercado de A\u00e7\u00f5es pela B3.\",\"url\":\"https:\/\/www.suno.com.br\/noticias\/author\/poliana-santos\/\"}]}<\/script>\n<!-- \/ Yoast SEO plugin. -->","yoast_head_json":{"title":"Ar\u00e1bia Saudita tem \"estoques de petr\u00f3leo\" para conter a crise, diz Opep","description":"O secret\u00e1rio da Opep informou que n\u00e3o h\u00e1 motivos para o mercado se espantar e que a alta do petr\u00f3leo foi uma rea\u00e7\u00e3o incial. Clique aqui","robots":{"index":"index","follow":"follow","max-snippet":"max-snippet:-1","max-image-preview":"max-image-preview:large","max-video-preview":"max-video-preview:-1"},"canonical":"https:\/\/www.suno.com.br\/noticias\/arabia-saudita-opep-petroleo-saudi-aramco\/","og_locale":"pt_BR","og_type":"article","og_title":"Ar\u00e1bia Saudita tem \"estoques de petr\u00f3leo\" para conter a crise, diz Opep","og_description":"O secret\u00e1rio da Opep informou que n\u00e3o h\u00e1 motivos para o mercado se espantar e que a alta do petr\u00f3leo foi uma rea\u00e7\u00e3o incial. Clique aqui","og_url":"https:\/\/www.suno.com.br\/noticias\/arabia-saudita-opep-petroleo-saudi-aramco\/","og_site_name":"Suno Not\u00edcias","article_publisher":"https:\/\/facebook.com\/sunoresearch","og_image":[{"width":960,"height":720,"url":"https:\/\/files.sunoresearch.com.br\/n\/uploads\/2019\/01\/7acf3d03-petr\u00f3leo.jpg","type":"image\/jpeg"}],"author":"Poliana Santos","twitter_card":"summary_large_image","twitter_creator":"@sunoresearch","twitter_site":"@sunoresearch","twitter_misc":{"Escrito por":"Poliana Santos","Est. tempo de leitura":"3 minutos"},"schema":{"@context":"https:\/\/schema.org","@graph":[{"@type":"NewsArticle","@id":"https:\/\/www.suno.com.br\/noticias\/arabia-saudita-opep-petroleo-saudi-aramco\/#article","isPartOf":{"@id":"https:\/\/www.suno.com.br\/noticias\/arabia-saudita-opep-petroleo-saudi-aramco\/"},"author":{"name":"Poliana Santos","@id":"https:\/\/www.suno.com.br\/noticias\/#\/schema\/person\/02ec1f752758247878a2bf4abee1aeda"},"headline":"Ar\u00e1bia Saudita tem &#8220;amplos estoques de petr\u00f3leo&#8221; para conter a crise, diz Opep","datePublished":"2019-09-16T14:03:16+00:00","dateModified":"2019-09-18T16:14:31+00:00","mainEntityOfPage":{"@id":"https:\/\/www.suno.com.br\/noticias\/arabia-saudita-opep-petroleo-saudi-aramco\/"},"wordCount":587,"publisher":{"@id":"https:\/\/www.suno.com.br\/noticias\/#organization"},"image":{"@id":"https:\/\/www.suno.com.br\/noticias\/arabia-saudita-opep-petroleo-saudi-aramco\/#primaryimage"},"thumbnailUrl":"https:\/\/files.sunoresearch.com.br\/n\/uploads\/2019\/01\/7acf3d03-petr\u00f3leo-jpg.webp","keywords":["Ar\u00e1bia Saudita","OPEP","Petrobras (PETR4)","Petr\u00f3leo","Saudi Aramco"],"articleSection":["Internacional"],"inLanguage":"pt-BR"},{"@type":"WebPage","@id":"https:\/\/www.suno.com.br\/noticias\/arabia-saudita-opep-petroleo-saudi-aramco\/","url":"https:\/\/www.suno.com.br\/noticias\/arabia-saudita-opep-petroleo-saudi-aramco\/","name":"Ar\u00e1bia Saudita tem \"estoques de petr\u00f3leo\" para conter a crise, diz Opep","isPartOf":{"@id":"https:\/\/www.suno.com.br\/noticias\/#website"},"primaryImageOfPage":{"@id":"https:\/\/www.suno.com.br\/noticias\/arabia-saudita-opep-petroleo-saudi-aramco\/#primaryimage"},"image":{"@id":"https:\/\/www.suno.com.br\/noticias\/arabia-saudita-opep-petroleo-saudi-aramco\/#primaryimage"},"thumbnailUrl":"https:\/\/files.sunoresearch.com.br\/n\/uploads\/2019\/01\/7acf3d03-petr\u00f3leo-jpg.webp","datePublished":"2019-09-16T14:03:16+00:00","dateModified":"2019-09-18T16:14:31+00:00","description":"O secret\u00e1rio da Opep informou que n\u00e3o h\u00e1 motivos para o mercado se espantar e que a alta do petr\u00f3leo foi uma rea\u00e7\u00e3o incial. Clique aqui","breadcrumb":{"@id":"https:\/\/www.suno.com.br\/noticias\/arabia-saudita-opep-petroleo-saudi-aramco\/#breadcrumb"},"inLanguage":"pt-BR","potentialAction":[{"@type":"ReadAction","target":["https:\/\/www.suno.com.br\/noticias\/arabia-saudita-opep-petroleo-saudi-aramco\/"]}]},{"@type":"ImageObject","inLanguage":"pt-BR","@id":"https:\/\/www.suno.com.br\/noticias\/arabia-saudita-opep-petroleo-saudi-aramco\/#primaryimage","url":"https:\/\/files.sunoresearch.com.br\/n\/uploads\/2019\/01\/7acf3d03-petr\u00f3leo-jpg.webp","contentUrl":"https:\/\/files.sunoresearch.com.br\/n\/uploads\/2019\/01\/7acf3d03-petr\u00f3leo-jpg.webp","width":960,"height":720,"caption":"Pre\u00e7os do petr\u00f3leo 'come\u00e7am a se estabilizar', diz secret\u00e1rio dos EUA"},{"@type":"BreadcrumbList","@id":"https:\/\/www.suno.com.br\/noticias\/arabia-saudita-opep-petroleo-saudi-aramco\/#breadcrumb","itemListElement":[{"@type":"ListItem","position":1,"name":"Not\u00edcias","item":"https:\/\/www.suno.com.br\/noticias\/"},{"@type":"ListItem","position":2,"name":"Internacional","item":"https:\/\/www.suno.com.br\/noticias\/internacional\/"},{"@type":"ListItem","position":3,"name":"Ar\u00e1bia Saudita tem &#8220;amplos estoques de petr\u00f3leo&#8221; para conter a crise, diz Opep"}]},{"@type":"WebSite","@id":"https:\/\/www.suno.com.br\/noticias\/#website","url":"https:\/\/www.suno.com.br\/noticias\/","name":"Suno Not\u00edcias","description":"Seu portal de informa\u00e7\u00e3o sobre o mundo dos investimentos","publisher":{"@id":"https:\/\/www.suno.com.br\/noticias\/#organization"},"potentialAction":[{"@type":"SearchAction","target":{"@type":"EntryPoint","urlTemplate":"https:\/\/www.suno.com.br\/noticias\/?s={search_term_string}"},"query-input":{"@type":"PropertyValueSpecification","valueRequired":true,"valueName":"search_term_string"}}],"inLanguage":"pt-BR"},{"@type":"Organization","@id":"https:\/\/www.suno.com.br\/noticias\/#organization","name":"Suno Not\u00edcias","url":"https:\/\/www.suno.com.br\/noticias\/","logo":{"@type":"ImageObject","inLanguage":"pt-BR","@id":"https:\/\/www.suno.com.br\/noticias\/#\/schema\/logo\/image\/","url":"https:\/\/files.sunoresearch.com.br\/n\/uploads\/2021\/09\/suno-logo.png","contentUrl":"https:\/\/files.sunoresearch.com.br\/n\/uploads\/2021\/09\/suno-logo.png","width":180,"height":180,"caption":"Suno Not\u00edcias"},"image":{"@id":"https:\/\/www.suno.com.br\/noticias\/#\/schema\/logo\/image\/"},"sameAs":["https:\/\/facebook.com\/sunoresearch","https:\/\/x.com\/sunoresearch","https:\/\/www.instagram.com\/suno","https:\/\/www.linkedin.com\/company\/suno-research\/","https:\/\/www.youtube.com\/c\/sunoresearch"]},{"@type":"Person","@id":"https:\/\/www.suno.com.br\/noticias\/#\/schema\/person\/02ec1f752758247878a2bf4abee1aeda","name":"Poliana Santos","image":{"@type":"ImageObject","inLanguage":"pt-BR","@id":"https:\/\/www.suno.com.br\/noticias\/#\/schema\/person\/image\/","url":"https:\/\/secure.gravatar.com\/avatar\/0645bd32f23d87b2130f2b2dff1d3f8d?s=96&r=g","contentUrl":"https:\/\/secure.gravatar.com\/avatar\/0645bd32f23d87b2130f2b2dff1d3f8d?s=96&r=g","caption":"Poliana Santos"},"description":"Rep\u00f3rter no Suno Not\u00edcias, com cobertura em mercado financeiro, economia, finan\u00e7as pessoais, renda fixa e varejo. Jornalista formada pela Faculdade C\u00e1sper L\u00edbero e possui passagem na R\u00e1dio Gazeta AM com a produ\u00e7\u00e3o de conte\u00fado sobre economia, pol\u00edtica, sa\u00fade, moda e m\u00fasica. Possui certificado de conclus\u00e3o do curso de An\u00e1lise de Balan\u00e7os pela Funda\u00e7\u00e3o Bradesco, Agenda Brasil pela FAAP, Educa\u00e7\u00e3o Pol\u00edtica por Alexandre Garcia e do Tesouro Direto e Mercado de A\u00e7\u00f5es pela B3.","url":"https:\/\/www.suno.com.br\/noticias\/author\/poliana-santos\/"}]}},"default_loop_html":"<div class=\"cardsPage__listCard__boxs\"><div class=\"cardsPage__listCard__boxs__img\"><a href=\"https:\/\/www.suno.com.br\/noticias\/arabia-saudita-opep-petroleo-saudi-aramco\/\"><img class=\"mask\" src=\"https:\/\/www.suno.com.br\/noticias\/wp-content\/themes\/suno\/resources\/images\/spotlight\/spotlight1img\/bg-mask.png\" alt=\"Image Mask\"\/><img src=\"https:\/\/files.sunoresearch.com.br\/n\/uploads\/2019\/01\/7acf3d03-petr\u00f3leo-400x200.webp\" alt=\"Ar\u00e1bia Saudita tem &#8220;amplos estoques de petr\u00f3leo&#8221; para conter a crise, diz Opep\"\/><\/a><span class=\"spotlightCategory\"><a href=\"https:\/\/www.suno.com.br\/noticias\/internacional\/\">Internacional<\/a><\/span><\/div><div class=\"cardsPage__listCard__boxs__content\"><a href=\"https:\/\/www.suno.com.br\/noticias\/arabia-saudita-opep-petroleo-saudi-aramco\/\"><h2 class=\"content__title\">Ar\u00e1bia Saudita tem &#8220;amplos estoques de petr\u00f3leo&#8221; para conter a crise, diz Opep<\/h2><\/a><div class=\"newsContent__article__meta\"><div class=\"newsContent__article__meta__authorBox\"><a href=\"https:\/\/www.suno.com.br\/noticias\/author\/poliana-santos\/\" class=\"authorBox__avatar noMobi\"><img src=\"https:\/\/files.sunoresearch.com.br\/n\/uploads\/2020\/08\/7ef34026-whatsapp-image-2020-08-03-at-12.37.57-150x150.webp\" alt=\"Poliana Santos\"><\/a><div class=\"authorBox__name\"><span>por\n\t\t\t<a href=\"https:\/\/www.suno.com.br\/noticias\/author\/poliana-santos\/\"><span itemprop=\"author\">Poliana Santos<\/span><\/a><\/span><time datetime=\"2019-09-16T11:03:16-03:00\" itemprop=\"datePublished\">16\/09\/2019 11:03<\/time><\/div><\/div><\/div><\/div><\/div>","single_layout":"posts","amp_enabled":true,"_links":{"self":[{"href":"https:\/\/www.suno.com.br\/noticias\/wp-json\/wp\/v2\/posts\/37696"}],"collection":[{"href":"https:\/\/www.suno.com.br\/noticias\/wp-json\/wp\/v2\/posts"}],"about":[{"href":"https:\/\/www.suno.com.br\/noticias\/wp-json\/wp\/v2\/types\/post"}],"author":[{"embeddable":true,"href":"https:\/\/www.suno.com.br\/noticias\/wp-json\/wp\/v2\/users\/15"}],"replies":[{"embeddable":true,"href":"https:\/\/www.suno.com.br\/noticias\/wp-json\/wp\/v2\/comments?post=37696"}],"version-history":[{"count":0,"href":"https:\/\/www.suno.com.br\/noticias\/wp-json\/wp\/v2\/posts\/37696\/revisions"}],"wp:featuredmedia":[{"embeddable":true,"href":"https:\/\/www.suno.com.br\/noticias\/wp-json\/wp\/v2\/media\/10505"}],"wp:attachment":[{"href":"https:\/\/www.suno.com.br\/noticias\/wp-json\/wp\/v2\/media?parent=37696"}],"wp:term":[{"taxonomy":"category","embeddable":true,"href":"https:\/\/www.suno.com.br\/noticias\/wp-json\/wp\/v2\/categories?post=37696"},{"taxonomy":"post_tag","embeddable":true,"href":"https:\/\/www.suno.com.br\/noticias\/wp-json\/wp\/v2\/tags?post=37696"},{"taxonomy":"suno_strategy","embeddable":true,"href":"https:\/\/www.suno.com.br\/noticias\/wp-json\/wp\/v2\/suno_strategy?post=37696"}],"curies":[{"name":"wp","href":"https:\/\/api.w.org\/{rel}","templated":true}]}}