{"id":376668,"date":"2023-03-15T12:46:15","date_gmt":"2023-03-15T15:46:15","guid":{"rendered":"https:\/\/www.suno.com.br\/noticias\/?p=376668"},"modified":"2023-03-15T15:02:52","modified_gmt":"2023-03-15T18:02:52","slug":"snid11-fundo-dividendos-fi-infra","status":"publish","type":"post","link":"https:\/\/www.suno.com.br\/noticias\/snid11-fundo-dividendos-fi-infra\/","title":{"rendered":"SNID11: Veja novos dividendos do FI-Infra da Suno"},"content":{"rendered":"<p>O <a href=\"https:\/\/www.suno.com.br\/fundos-imobiliarios\/DNI11\/\" target=\"_blank\" rel=\"noreferrer noopener\">FI-Infra da <\/a>Suno, Suno Infra de Deb\u00eantures (<strong>SNID11<\/strong>), pagar\u00e1 um valor de R$ 1,15 por cota neste m\u00eas de mar\u00e7o. O valor ser\u00e1 distribu\u00eddo aos cotistas no dia 24 de de mar\u00e7o.<\/p><div class=\"videoFull \">\n\t\t\t<div class=\"videoWrapper yt-lazyload center\"\n\t\t\t\tdata-width=\"960\"\n\t\t\t\tdata-height=\"540\"\n\t\t\t\tdata-id=\"0Z65UQrYg6I\"\n\t\t\t\tdata-alt=\"V\u00eddeo do YouTube - clique para reproduzir\"\n\t\t\t\tdata-logo=\"3\"\n\t\t\t\tdata-imagequality=\"maxres\">\n\t\t\t<\/div>\n\t\t<\/div><script type=\"application\/ld+json\">{\"@context\":\"https:\/\/schema.org\",\"@type\":\"VideoObject\",\"name\":\"#SNID11: TUDO sobre o Fundo de Deb\u00eantures da Suno Asset\",\"description\":\"\ud83e\udd11 [\ud835\udc04\ud835\udc1b\ud835\udc28\ud835\udc28\ud835\udc24 \ud835\udc20\ud835\udc2b\ud835\udc1a\ud835\udc2d\ud835\udc2e\ud835\udc22\ud835\udc2d\ud835\udc28] \ud835\udc06\ud835\udc2e\ud835\udc22\ud835\udc1a \ud835\udc02\ud835\udc28\ud835\udc26\ud835\udc29\ud835\udc25\ud835\udc1e\ud835\udc2d\ud835\udc28: \ud835\udc03\ud835\udc22\ud835\udc2f\ud835\udc22\ud835\udc1d\ud835\udc1e\ud835\udc27\ud835\udc1d\ud835\udc28\ud835\udc2c \ud83d\udc49 https:\/\/lp.suno.com.br\/lm\/ebook\/guia-completo-dividendos\/?utm_source=youtube.suno&utm_medium=video&utm_campaign=ebook-guiacompleto:dividendos.20230109&utm_content=suno.01012023 \ud83d\udd0e [\ud835\uddf2\ud835\uddd5\ud835\uddfc\ud835\uddfc\ud835\uddf8 \ud835\uddda\ud835\udde8\ud835\uddd4\ud835\udde7\ud835\udde8\ud835\udddc\ud835\udde7\ud835\udde2] \ud835\uddd4\ud835\uddfd\ud835\uddff\ud835\uddf2\ud835\uddfb\ud835\uddf1\ud835\uddee \ud835\uddf0\ud835\uddfc\ud835\uddfa\ud835\uddfc \ud835\uddee\ud835\uddfb\ud835\uddee\ud835\uddf9\ud835\uddf6\ud835\ude00\ud835\uddee\ud835\uddff \ud835\ude02\ud835\uddfa\ud835\uddee \ud835\uddee\u00e7\u00e3\ud835\uddfc\u200b \ud83d\udc49 https:\/\/lp.suno.com.br\/ebook-como-analisar-uma-acao\/?utm_source=youtube.suno&utm_medium=video&utm_campaign=ebookcomoanalisarumaacao.20230109&utm_content=suno.01012023 \ud83e\udd29 \ud835\uddd9\ud835\uddee\ud835\uddf0\ud835\uddf6\ud835\uddf9\ud835\uddf6\ud835\ude01\ud835\uddf2 \ud835\uddee \ud835\ude00\ud835\ude02\ud835\uddee \ud835\ude03\ud835\uddf6\ud835\uddf1\ud835\uddee! \ud835\uddd4\ud835\ude00\ud835\ude00\ud835\uddf6\ud835\uddfb\ud835\uddf2 \ud835\uddee \ud835\udde6\ud835\ude02\ud835\uddfb\ud835\uddfc \ud835\udde3\ud835\uddff\ud835\uddf2\ud835\uddfa\ud835\uddf6\ud835\ude02\ud835\uddfa \ud83d\udc49 https:\/\/lp.suno.com.br\/nossas-assinaturas\/suno-premium\/?utm_source=youtube.suno&utm_medium=video&utm_campaign=assinaturasunopremium.20220412 \ud83d\ude01 \ud835\udc13\ud835\udc1e\ud835\udc25\ud835\udc1e\ud835\udc20\ud835\udc2b\ud835\udc1a\ud835\udc26 \ud835\udc1d\ud835\udc1a \ud835\udc12\ud835\udc2e\ud835\udc27\ud835\udc28 \ud835\udc11\ud835\udc1e\ud835\udc2c\ud835\udc1e\ud835\udc1a\ud835\udc2b\ud835\udc1c\ud835\udc21: https:\/\/t.me\/teamsuno \ud83d\udcdaLINKS PARA A COMPRA DOS LIVROS: Guia Suno Dividendos: https:\/\/amzn.to\/2Wx916g Guia Suno Fundos Imobili\u00e1rios: https:\/\/amzn.to\/2SagLMf Guia Suno Contabilidade: https:\/\/amzn.to\/2WrLnrP 101\u2026\",\"duration\":\"PT49M43S\",\"embedUrl\":\"https:\/\/www.youtube.com\/embed\/0Z65UQrYg6I\",\"regionsAllowed\":\"pt-BR\",\"interactionStatistic\":{\"@type\":\"InteractionCounter\",\"interactionType\":{\"@type\":\"WatchAction\"},\"userInteractionCount\":3062},\"thumbnailUrl\":\"https:\/\/i.ytimg.com\/vi\/0Z65UQrYg6I\/default.jpg\",\"uploadDate\":\"2023-02-23T21:05:20Z\"}<\/script>\n\n\n\n\n\t<p>\n\t\t<a href=\"\" target=\"_blank\" data-element=\"shortcode-suno-banner\" title=\"Banner SUNO, clique e saiba mais\">\n\t\t\t<picture>\n\t\t\t\t<source media=\"(max-width: 500px)\" srcset=\"\">\n\t\t\t\t<img class=\"newsContent__article__imgCapa newsContent__article__imgCapa--banner\"\n\t\t\t\t\tsrc=\"\"\n\t\t\t\t\tdata-promo-id=\"77050\"\t\t\t\t\t\t\t\t\t\t\t\t\t\t\talt=\"\"\n\t\t\t\t>\n\t\t\t<\/picture>\n\t\t<\/a>\n\t<\/p>\n\n\n\n\n\n<p>O <strong>FI-Infra da Suno<\/strong> fechou o m\u00eas de fevereiro &#8211; o primeiro em que foi negociado em bolsa &#8211; com mais de 760 cotistas.<\/p>\n\n\n\n<p>Al\u00e9m disso, a cota\u00e7\u00e3o foi de R$ 101,61 no fechamento do m\u00eas em quest\u00e3o.<\/p>\n\n\n\n<p>Vale destacar que os <strong><a class=\"suno-keyword\" data-force=\"no\" data-priority=\"1\" href=\"https:\/\/www.suno.com.br\/guias\/dividendos\/\" target=\"_blank\" rel=\"noopener\">dividendos<\/a> <\/strong>dos fundos da Suno s\u00e3o tradicionalmente anunciados nos dias 15 de cada m\u00eas e pagos no dia 25. <\/p>\n\n\n\n<p>Quando alguma dessas duas datas n\u00e3o se trata de um dia \u00fatil (feriado e fins de semana) o pagamento ou a divulga\u00e7\u00e3o \u00e9 antecipada para o dia \u00fatil anterior &#8211; como neste caso, de mar\u00e7o, com pagamento em uma sexta-feira, dia 24.<\/p>\n\n\n\n<h2 class=\"wp-block-heading\" id=\"h-dividendos-do-snid11\">Dividendos do SNID11<\/h2>\n\n\n\n<ul class=\"wp-block-list\">\n<li>Dividendos: R$ 1,15 por cota<\/li>\n\n\n\n<li>Data com: 15\/03\/2023<\/li>\n\n\n\n<li>Per\u00edodo de refer\u00eancia: Fevereiro<\/li>\n\n\n\n<li>Dividend yield (DY): 1,13%<\/li>\n\n\n\n<li>DY 12 meses: 14,46%<\/li>\n<\/ul>\n\n\n\t<p>\n\t\t<a href=\"https:\/\/lp.suno.com.br\/planilha-controle-gastos\/\" target=\"_blank\" data-element=\"shortcode-suno-banner\" title=\"Banner SUNO, clique e saiba mais\">\n\t\t\t<picture>\n\t\t\t\t<source media=\"(max-width: 500px)\" srcset=\"https:\/\/files.sunoresearch.com.br\/n\/uploads\/2023\/03\/400x300-Planilha-controle-de-gastos.png\">\n\t\t\t\t<img class=\"newsContent__article__imgCapa newsContent__article__imgCapa--banner\"\n\t\t\t\t\tsrc=\"https:\/\/files.sunoresearch.com.br\/n\/uploads\/2023\/03\/1420x240-Planilha-controle-de-gastos.png\"\n\t\t\t\t\tdata-promo-id=\"101751\"\t\t\t\t\t\t\t\t\t\twidth='1420' height='240'\t\t\t\t\talt=\"https:\/\/files.sunoresearch.com.br\/n\/uploads\/2023\/03\/1420x240-Planilha-controle-de-gastos.png\"\n\t\t\t\t>\n\t\t\t<\/picture>\n\t\t<\/a>\n\t<\/p>\n\n\n\n\n\n<h2 class=\"wp-block-heading\">Veja detalhes da carteira do primeiro Fundo de Infraestrutura da Suno<\/h2>\n\n\n\n<p>Em <a href=\"https:\/\/www.suno.com.br\/asset\/wp-content\/uploads\/2023\/01\/Relatorio-Gerencial-SNID11-Jan-2023-1.pdf\" target=\"_blank\" rel=\"noreferrer noopener\">seu relat\u00f3rio gerencial<\/a> o fundo mostrou um carrego CDI+2,09% em sua carteira, fechando o per\u00edodo no qual o documento \u00e9 relativo com R$ 99,31 de Cota Patrimonial e 238 cotistas.<\/p>\n\n\n\n<p>Trata-se do primeiro relat\u00f3rio do fundo, dado que ele estreou em meados de dezembro, com emiss\u00e3o de 350 mil cotas de <a class=\"suno-keyword\" data-force=\"no\" data-priority=\"1\" href=\"https:\/\/www.suno.com.br\/artigos\/valor-nominal\/\" target=\"_blank\" rel=\"noopener\">valor nominal<\/a> R$ 100, perfazendo a capta\u00e7\u00e3o total de R$ 35 milh\u00f5es. Contudo, desde 7 de fevereiro j\u00e1 \u00e9 poss\u00edvel <strong>comprar cotas do SNID11<\/strong> nas corretoras, com o fundo estando dispon\u00edvel amplamente para os investidores.<\/p>\n\n\n\n<p>No documento, a gest\u00e3o esclareceu que o fundo n\u00e3o possu\u00eda exposi\u00e7\u00e3o a deb\u00eantures da Americanas (AMER3), ativos que provocaram influ\u00eancia negativa em carteiras de outros fundos de mesma classe nos \u00faltimos meses, dada a crise desencadeada ap\u00f3s a revela\u00e7\u00e3o de inconsist\u00eancias cont\u00e1beis bilion\u00e1rias e a entrada da varejista em recupera\u00e7\u00e3o judicial.<\/p>\n\n\n\n<p>Contudo, sendo um evento relevante no mercado, os problemas tiveram um impacto indireto.<\/p>\n\n\n\t<p>\n\t\t<a href=\"https:\/\/lp.suno.com.br\/planilha-da-vida-financeira\/\" target=\"_blank\" data-element=\"shortcode-suno-banner\" title=\"Banner SUNO, clique e saiba mais\">\n\t\t\t<picture>\n\t\t\t\t<source media=\"(max-width: 500px)\" srcset=\"https:\/\/files.sunoresearch.com.br\/n\/uploads\/2023\/04\/400x300-Planilha-vida-financeira-true.png\">\n\t\t\t\t<img class=\"newsContent__article__imgCapa newsContent__article__imgCapa--banner\"\n\t\t\t\t\tsrc=\"https:\/\/files.sunoresearch.com.br\/n\/uploads\/2023\/04\/1420x240-Planilha-vida-financeira-true.png\"\n\t\t\t\t\tdata-promo-id=\"106682\"\t\t\t\t\t\t\t\t\t\twidth='1420' height='240'\t\t\t\t\talt=\"https:\/\/files.sunoresearch.com.br\/n\/uploads\/2023\/04\/1420x240-Planilha-vida-financeira-true.png\"\n\t\t\t\t>\n\t\t\t<\/picture>\n\t\t<\/a>\n\t<\/p>\n\n\n\n\n\n<p>&#8220;O efeito de cont\u00e1gio do caso Americanas nos demais ativos do mercado acabou por derrubar todos os pre\u00e7os e impactou de forma sist\u00eamica n\u00e3o s\u00f3 os ativos da carteira, mas tamb\u00e9m de todo o mercado. A <a class=\"suno-keyword\" target=\"_blank\" data-force=\"no\" data-priority=\"1\" href=\"https:\/\/www.suno.com.br\/artigos\/marcacao-mercado\/\" rel=\"noopener\">marca\u00e7\u00e3o a mercado<\/a> (MtM) negativa no m\u00eas foi um detrator de performance, o que acabou por impactar de forma relevante o retorno da carteira&#8221;, diz a Suno Asset.<\/p>\n\n\n\n<p>Apesar disso, a gest\u00e3o acrescenta que se trata de um evento n\u00e3o recorrente e que n\u00e3o deve alarmar os investidores.<\/p>\n\n\n\n<p>&#8220;Por mais que epis\u00f3dios assim sejam de certa forma inesperados e at\u00e9 impressionantes, vemos, na m\u00e9dia, as companhias brasileiras reportando bons resultados, com n\u00edveis de alavancagem e endividamento controlados&#8221;, aponta a casa.<\/p>\n\n\n\n<p>Atualmente a aloca\u00e7\u00e3o da carteira do SNID11 \u00e9 em deb\u00eantures de companhias menos alavancadas e que passam pelo crivo da gest\u00e3o em termos de avalia\u00e7\u00e3o de cr\u00e9dito.<\/p>\n\n\n\n<h3 class=\"wp-block-heading\">Veja a carteira do fundo<\/h3>\n\n\n\n<ul class=\"wp-block-list\">\n<li>Deb\u00eanture AEGP19, da Aegea &#8211; 9,7%<\/li>\n\n\n\n<li>Deb\u00eanture ARML12, da Armac &#8211; 10%<\/li>\n\n\n\n<li>Deb\u00eanture BRKPA0, da BRK &#8211; 10%<\/li>\n\n\n\n<li>Deb\u00eanture COMR12, da Comerc &#8211; 4,3%<\/li>\n\n\n\n<li>Deb\u00eanture ERDVA0, da EcoRodovias (ECOR3)  &#8211; 9,2%<\/li>\n\n\n\n<li>Deb\u00eanture LCAMC2, da Unidas (LCAM3) &#8211; 10%<\/li>\n\n\n\n<li>Deb\u00eanture MOVI34, da Movida (MOVI3) &#8211; 4%<\/li>\n\n\n\n<li>Deb\u00eanture MVLV19, da Movida &#8211; 4,3%<\/li>\n\n\n\n<li>Deb\u00eanture OMGE13, da Omega (MEGA3) &#8211; 10%<\/li>\n\n\n\n<li>Deb\u00eanture RRRP12, da 3R Petroleum (RRRP3) &#8211; 4,3%<\/li>\n\n\n\n<li>Deb\u00eanture VAMO13, da Vamos (VAMO3) &#8211; 9,7%<\/li>\n\n\n\n<li>Deb\u00eantures VIXL25, da Vix &#8211; 10,1%<\/li>\n\n\n\n<li>Caixa &#8211; 4,6%<\/li>\n<\/ul>\n\n\n\n<p>&#8220;Mantemo-nos positivos quanto \u00e0 aloca\u00e7\u00e3o e \u00e0s perspectivas para a <a class=\"suno-keyword\" target=\"_blank\" data-force=\"no\" data-priority=\"2\" href=\"https:\/\/www.suno.com.br\/guias\/investimento-renda-fixa\/\" rel=\"noopener\">renda fixa<\/a> este ano. Acreditamos que, em breve, os efeitos da contamina\u00e7\u00e3o sist\u00eamica do mercado por conta dos eventos de cr\u00e9dito n\u00e3o recorrentes se dissipar\u00e3o, melhorando o cen\u00e1rio para os ativos de cr\u00e9dito privado&#8221;, diz a Suno Asset.<\/p>\n\n\n\n<p>&#8220;Em comum, temos na carteira ativos com boa performance operacional e capacidade comprovada de gera\u00e7\u00e3o de resultados. Todas as companhias do portf\u00f3lio t\u00eam alavancagem controlada e perspectivas est\u00e1veis e\/ou positivas de gera\u00e7\u00e3o de resultados no futuro&#8221;, completa a administra\u00e7\u00e3o do <strong>SNID11<\/strong>.<\/p>\n\n\n\t<p>\n\t\t<a href=\"https:\/\/lp.suno.com.br\/ebook-como-analisar-uma-acao\/\" target=\"_blank\" data-element=\"shortcode-suno-banner\" title=\"Banner SUNO, clique e saiba mais\">\n\t\t\t<picture>\n\t\t\t\t<source media=\"(max-width: 500px)\" srcset=\"https:\/\/files.sunoresearch.com.br\/n\/uploads\/2023\/03\/Ebook-Acoes-Mobile-1.jpg\">\n\t\t\t\t<img class=\"newsContent__article__imgCapa newsContent__article__imgCapa--banner\"\n\t\t\t\t\tsrc=\"https:\/\/files.sunoresearch.com.br\/n\/uploads\/2023\/03\/Ebook-Acoes-Desktop-1.jpg\"\n\t\t\t\t\tdata-promo-id=\"171998\"\t\t\t\t\t\t\t\t\t\twidth='1420' height='286'\t\t\t\t\talt=\"https:\/\/files.sunoresearch.com.br\/n\/uploads\/2023\/03\/Ebook-Acoes-Desktop-1.jpg\"\n\t\t\t\t>\n\t\t\t<\/picture>\n\t\t<\/a>\n\t<\/p>\n\n\n","protected":false},"excerpt":{"rendered":"<p>O FI-Infra da Suno, Suno Infra de Deb\u00eantures (SNID11), pagar\u00e1 um valor de R$ 1,15 por cota neste m\u00eas de mar\u00e7o. O valor ser\u00e1 distribu\u00eddo aos cotistas no dia 24 de de mar\u00e7o. O FI-Infra da Suno fechou o m\u00eas de fevereiro &#8211; o primeiro em que foi negociado em bolsa &#8211; com mais de [&hellip;]<\/p>\n","protected":false},"author":73,"featured_media":360026,"comment_status":"closed","ping_status":"closed","sticky":false,"template":"","format":"standard","meta":[],"categories":[66],"tags":[295,106968],"suno_strategy":[],"class_list":["post-376668","post","type-post","status-publish","format-standard","has-post-thumbnail","hentry","category-fiis","tag-dividendos","tag-snid11"],"yoast_head":"<!-- This site is optimized with the Yoast SEO plugin v24.4 - https:\/\/yoast.com\/wordpress\/plugins\/seo\/ -->\n<title>SNID11: Veja novos dividendos do FI-Infra da Suno<\/title>\n<meta name=\"description\" content=\"Os proventos do SNID11, que est\u00e1 sendo negociado em bolsa desde fevereiro, ser\u00e3o pagos no dia 24 de mar\u00e7o. Clique e confira!\" \/>\n<meta name=\"robots\" content=\"index, follow, max-snippet:-1, max-image-preview:large, max-video-preview:-1\" \/>\n<link rel=\"canonical\" href=\"https:\/\/www.suno.com.br\/noticias\/snid11-fundo-dividendos-fi-infra\/\" \/>\n<meta property=\"og:locale\" content=\"pt_BR\" \/>\n<meta property=\"og:type\" content=\"article\" \/>\n<meta property=\"og:title\" content=\"SNID11: Veja novos dividendos do FI-Infra da Suno\" \/>\n<meta property=\"og:description\" content=\"Os proventos do SNID11, que est\u00e1 sendo negociado em bolsa desde fevereiro, ser\u00e3o pagos no dia 24 de mar\u00e7o. Clique e confira!\" \/>\n<meta property=\"og:url\" content=\"https:\/\/www.suno.com.br\/noticias\/snid11-fundo-dividendos-fi-infra\/\" \/>\n<meta property=\"og:site_name\" content=\"Suno Not\u00edcias\" \/>\n<meta property=\"article:publisher\" content=\"https:\/\/facebook.com\/sunoresearch\" \/>\n<meta property=\"og:image\" content=\"https:\/\/files.sunoresearch.com.br\/n\/uploads\/2023\/02\/SUNO-SNID11-@cauediniz-B3-4874.jpg\" \/>\n\t<meta property=\"og:image:width\" content=\"2500\" \/>\n\t<meta property=\"og:image:height\" content=\"1667\" \/>\n\t<meta property=\"og:image:type\" content=\"image\/jpeg\" \/>\n<meta name=\"author\" content=\"Eduardo Vargas\" \/>\n<meta name=\"twitter:card\" content=\"summary_large_image\" \/>\n<meta name=\"twitter:creator\" content=\"@sunoresearch\" \/>\n<meta name=\"twitter:site\" content=\"@sunoresearch\" \/>\n<meta name=\"twitter:label1\" content=\"Escrito por\" \/>\n\t<meta name=\"twitter:data1\" content=\"Eduardo Vargas\" \/>\n\t<meta name=\"twitter:label2\" content=\"Est. tempo de leitura\" \/>\n\t<meta name=\"twitter:data2\" content=\"4 minutos\" \/>\n<script type=\"application\/ld+json\" class=\"yoast-schema-graph\">{\"@context\":\"https:\/\/schema.org\",\"@graph\":[{\"@type\":\"NewsArticle\",\"@id\":\"https:\/\/www.suno.com.br\/noticias\/snid11-fundo-dividendos-fi-infra\/#article\",\"isPartOf\":{\"@id\":\"https:\/\/www.suno.com.br\/noticias\/snid11-fundo-dividendos-fi-infra\/\"},\"author\":{\"name\":\"Eduardo Vargas\",\"@id\":\"https:\/\/www.suno.com.br\/noticias\/#\/schema\/person\/7f4d362bf3518e76090143ae77bb49a5\"},\"headline\":\"SNID11: Veja novos dividendos do FI-Infra da Suno\",\"datePublished\":\"2023-03-15T15:46:15+00:00\",\"dateModified\":\"2023-03-15T18:02:52+00:00\",\"mainEntityOfPage\":{\"@id\":\"https:\/\/www.suno.com.br\/noticias\/snid11-fundo-dividendos-fi-infra\/\"},\"wordCount\":706,\"publisher\":{\"@id\":\"https:\/\/www.suno.com.br\/noticias\/#organization\"},\"image\":{\"@id\":\"https:\/\/www.suno.com.br\/noticias\/snid11-fundo-dividendos-fi-infra\/#primaryimage\"},\"thumbnailUrl\":\"https:\/\/files.sunoresearch.com.br\/n\/uploads\/2023\/02\/SUNO-SNID11-@cauediniz-B3-4874.jpg\",\"keywords\":[\"dividendos\",\"SNID11\"],\"articleSection\":[\"FIIs\"],\"inLanguage\":\"pt-BR\"},{\"@type\":\"WebPage\",\"@id\":\"https:\/\/www.suno.com.br\/noticias\/snid11-fundo-dividendos-fi-infra\/\",\"url\":\"https:\/\/www.suno.com.br\/noticias\/snid11-fundo-dividendos-fi-infra\/\",\"name\":\"SNID11: Veja novos dividendos do FI-Infra da Suno\",\"isPartOf\":{\"@id\":\"https:\/\/www.suno.com.br\/noticias\/#website\"},\"primaryImageOfPage\":{\"@id\":\"https:\/\/www.suno.com.br\/noticias\/snid11-fundo-dividendos-fi-infra\/#primaryimage\"},\"image\":{\"@id\":\"https:\/\/www.suno.com.br\/noticias\/snid11-fundo-dividendos-fi-infra\/#primaryimage\"},\"thumbnailUrl\":\"https:\/\/files.sunoresearch.com.br\/n\/uploads\/2023\/02\/SUNO-SNID11-@cauediniz-B3-4874.jpg\",\"datePublished\":\"2023-03-15T15:46:15+00:00\",\"dateModified\":\"2023-03-15T18:02:52+00:00\",\"description\":\"Os proventos do SNID11, que est\u00e1 sendo negociado em bolsa desde fevereiro, ser\u00e3o pagos no dia 24 de mar\u00e7o. Clique e confira!\",\"breadcrumb\":{\"@id\":\"https:\/\/www.suno.com.br\/noticias\/snid11-fundo-dividendos-fi-infra\/#breadcrumb\"},\"inLanguage\":\"pt-BR\",\"potentialAction\":[{\"@type\":\"ReadAction\",\"target\":[\"https:\/\/www.suno.com.br\/noticias\/snid11-fundo-dividendos-fi-infra\/\"]}]},{\"@type\":\"ImageObject\",\"inLanguage\":\"pt-BR\",\"@id\":\"https:\/\/www.suno.com.br\/noticias\/snid11-fundo-dividendos-fi-infra\/#primaryimage\",\"url\":\"https:\/\/files.sunoresearch.com.br\/n\/uploads\/2023\/02\/SUNO-SNID11-@cauediniz-B3-4874.jpg\",\"contentUrl\":\"https:\/\/files.sunoresearch.com.br\/n\/uploads\/2023\/02\/SUNO-SNID11-@cauediniz-B3-4874.jpg\",\"width\":2500,\"height\":1667,\"caption\":\"SNID11. Foto: Reprodu\u00e7\u00e3o\/B3\/Suno Asset\"},{\"@type\":\"BreadcrumbList\",\"@id\":\"https:\/\/www.suno.com.br\/noticias\/snid11-fundo-dividendos-fi-infra\/#breadcrumb\",\"itemListElement\":[{\"@type\":\"ListItem\",\"position\":1,\"name\":\"Not\u00edcias\",\"item\":\"https:\/\/www.suno.com.br\/noticias\/\"},{\"@type\":\"ListItem\",\"position\":2,\"name\":\"FIIs\",\"item\":\"https:\/\/www.suno.com.br\/noticias\/fiis\/\"},{\"@type\":\"ListItem\",\"position\":3,\"name\":\"SNID11: Veja novos dividendos do FI-Infra da Suno\"}]},{\"@type\":\"WebSite\",\"@id\":\"https:\/\/www.suno.com.br\/noticias\/#website\",\"url\":\"https:\/\/www.suno.com.br\/noticias\/\",\"name\":\"Suno Not\u00edcias\",\"description\":\"Seu portal de informa\u00e7\u00e3o sobre o mundo dos investimentos\",\"publisher\":{\"@id\":\"https:\/\/www.suno.com.br\/noticias\/#organization\"},\"potentialAction\":[{\"@type\":\"SearchAction\",\"target\":{\"@type\":\"EntryPoint\",\"urlTemplate\":\"https:\/\/www.suno.com.br\/noticias\/?s={search_term_string}\"},\"query-input\":{\"@type\":\"PropertyValueSpecification\",\"valueRequired\":true,\"valueName\":\"search_term_string\"}}],\"inLanguage\":\"pt-BR\"},{\"@type\":\"Organization\",\"@id\":\"https:\/\/www.suno.com.br\/noticias\/#organization\",\"name\":\"Suno Not\u00edcias\",\"url\":\"https:\/\/www.suno.com.br\/noticias\/\",\"logo\":{\"@type\":\"ImageObject\",\"inLanguage\":\"pt-BR\",\"@id\":\"https:\/\/www.suno.com.br\/noticias\/#\/schema\/logo\/image\/\",\"url\":\"https:\/\/files.sunoresearch.com.br\/n\/uploads\/2021\/09\/suno-logo.png\",\"contentUrl\":\"https:\/\/files.sunoresearch.com.br\/n\/uploads\/2021\/09\/suno-logo.png\",\"width\":180,\"height\":180,\"caption\":\"Suno Not\u00edcias\"},\"image\":{\"@id\":\"https:\/\/www.suno.com.br\/noticias\/#\/schema\/logo\/image\/\"},\"sameAs\":[\"https:\/\/facebook.com\/sunoresearch\",\"https:\/\/x.com\/sunoresearch\",\"https:\/\/www.instagram.com\/suno\",\"https:\/\/www.linkedin.com\/company\/suno-research\/\",\"https:\/\/www.youtube.com\/c\/sunoresearch\"]},{\"@type\":\"Person\",\"@id\":\"https:\/\/www.suno.com.br\/noticias\/#\/schema\/person\/7f4d362bf3518e76090143ae77bb49a5\",\"name\":\"Eduardo Vargas\",\"image\":{\"@type\":\"ImageObject\",\"inLanguage\":\"pt-BR\",\"@id\":\"https:\/\/www.suno.com.br\/noticias\/#\/schema\/person\/image\/\",\"url\":\"https:\/\/secure.gravatar.com\/avatar\/dac340933427a22924c9f99d1eb2e3f2?s=96&r=g\",\"contentUrl\":\"https:\/\/secure.gravatar.com\/avatar\/dac340933427a22924c9f99d1eb2e3f2?s=96&r=g\",\"caption\":\"Eduardo Vargas\"},\"description\":\"Jornalista formado pela UFSC, cobre macroeconomia, neg\u00f3cios e startups para o Suno Not\u00edcias, escrevendo principalmente not\u00edcias sobre o mercado financeiro e a bolsa de valores. No YouTube e no Instagram, \u00e9 respons\u00e1vel pela produ\u00e7\u00e3o de Reels e Shorts do Suno Not\u00edcias. Anteriormente, trabalhou cobrindo economia e cotidiano no ND+ e para o ND, maior jornal impresso de Santa Catarina. Cursou um semestre letivo de Estudos de M\u00eddia na Universidad de Buenos Aires.\",\"url\":\"https:\/\/www.suno.com.br\/noticias\/author\/eduardo-vargas\/\"}]}<\/script>\n<!-- \/ Yoast SEO plugin. -->","yoast_head_json":{"title":"SNID11: Veja novos dividendos do FI-Infra da Suno","description":"Os proventos do SNID11, que est\u00e1 sendo negociado em bolsa desde fevereiro, ser\u00e3o pagos no dia 24 de mar\u00e7o. Clique e confira!","robots":{"index":"index","follow":"follow","max-snippet":"max-snippet:-1","max-image-preview":"max-image-preview:large","max-video-preview":"max-video-preview:-1"},"canonical":"https:\/\/www.suno.com.br\/noticias\/snid11-fundo-dividendos-fi-infra\/","og_locale":"pt_BR","og_type":"article","og_title":"SNID11: Veja novos dividendos do FI-Infra da Suno","og_description":"Os proventos do SNID11, que est\u00e1 sendo negociado em bolsa desde fevereiro, ser\u00e3o pagos no dia 24 de mar\u00e7o. Clique e confira!","og_url":"https:\/\/www.suno.com.br\/noticias\/snid11-fundo-dividendos-fi-infra\/","og_site_name":"Suno Not\u00edcias","article_publisher":"https:\/\/facebook.com\/sunoresearch","og_image":[{"width":2500,"height":1667,"url":"https:\/\/files.sunoresearch.com.br\/n\/uploads\/2023\/02\/SUNO-SNID11-@cauediniz-B3-4874.jpg","type":"image\/jpeg"}],"author":"Eduardo Vargas","twitter_card":"summary_large_image","twitter_creator":"@sunoresearch","twitter_site":"@sunoresearch","twitter_misc":{"Escrito por":"Eduardo Vargas","Est. tempo de leitura":"4 minutos"},"schema":{"@context":"https:\/\/schema.org","@graph":[{"@type":"NewsArticle","@id":"https:\/\/www.suno.com.br\/noticias\/snid11-fundo-dividendos-fi-infra\/#article","isPartOf":{"@id":"https:\/\/www.suno.com.br\/noticias\/snid11-fundo-dividendos-fi-infra\/"},"author":{"name":"Eduardo Vargas","@id":"https:\/\/www.suno.com.br\/noticias\/#\/schema\/person\/7f4d362bf3518e76090143ae77bb49a5"},"headline":"SNID11: Veja novos dividendos do FI-Infra da Suno","datePublished":"2023-03-15T15:46:15+00:00","dateModified":"2023-03-15T18:02:52+00:00","mainEntityOfPage":{"@id":"https:\/\/www.suno.com.br\/noticias\/snid11-fundo-dividendos-fi-infra\/"},"wordCount":706,"publisher":{"@id":"https:\/\/www.suno.com.br\/noticias\/#organization"},"image":{"@id":"https:\/\/www.suno.com.br\/noticias\/snid11-fundo-dividendos-fi-infra\/#primaryimage"},"thumbnailUrl":"https:\/\/files.sunoresearch.com.br\/n\/uploads\/2023\/02\/SUNO-SNID11-@cauediniz-B3-4874.jpg","keywords":["dividendos","SNID11"],"articleSection":["FIIs"],"inLanguage":"pt-BR"},{"@type":"WebPage","@id":"https:\/\/www.suno.com.br\/noticias\/snid11-fundo-dividendos-fi-infra\/","url":"https:\/\/www.suno.com.br\/noticias\/snid11-fundo-dividendos-fi-infra\/","name":"SNID11: Veja novos dividendos do FI-Infra da Suno","isPartOf":{"@id":"https:\/\/www.suno.com.br\/noticias\/#website"},"primaryImageOfPage":{"@id":"https:\/\/www.suno.com.br\/noticias\/snid11-fundo-dividendos-fi-infra\/#primaryimage"},"image":{"@id":"https:\/\/www.suno.com.br\/noticias\/snid11-fundo-dividendos-fi-infra\/#primaryimage"},"thumbnailUrl":"https:\/\/files.sunoresearch.com.br\/n\/uploads\/2023\/02\/SUNO-SNID11-@cauediniz-B3-4874.jpg","datePublished":"2023-03-15T15:46:15+00:00","dateModified":"2023-03-15T18:02:52+00:00","description":"Os proventos do SNID11, que est\u00e1 sendo negociado em bolsa desde fevereiro, ser\u00e3o pagos no dia 24 de mar\u00e7o. Clique e confira!","breadcrumb":{"@id":"https:\/\/www.suno.com.br\/noticias\/snid11-fundo-dividendos-fi-infra\/#breadcrumb"},"inLanguage":"pt-BR","potentialAction":[{"@type":"ReadAction","target":["https:\/\/www.suno.com.br\/noticias\/snid11-fundo-dividendos-fi-infra\/"]}]},{"@type":"ImageObject","inLanguage":"pt-BR","@id":"https:\/\/www.suno.com.br\/noticias\/snid11-fundo-dividendos-fi-infra\/#primaryimage","url":"https:\/\/files.sunoresearch.com.br\/n\/uploads\/2023\/02\/SUNO-SNID11-@cauediniz-B3-4874.jpg","contentUrl":"https:\/\/files.sunoresearch.com.br\/n\/uploads\/2023\/02\/SUNO-SNID11-@cauediniz-B3-4874.jpg","width":2500,"height":1667,"caption":"SNID11. Foto: Reprodu\u00e7\u00e3o\/B3\/Suno Asset"},{"@type":"BreadcrumbList","@id":"https:\/\/www.suno.com.br\/noticias\/snid11-fundo-dividendos-fi-infra\/#breadcrumb","itemListElement":[{"@type":"ListItem","position":1,"name":"Not\u00edcias","item":"https:\/\/www.suno.com.br\/noticias\/"},{"@type":"ListItem","position":2,"name":"FIIs","item":"https:\/\/www.suno.com.br\/noticias\/fiis\/"},{"@type":"ListItem","position":3,"name":"SNID11: Veja novos dividendos do FI-Infra da Suno"}]},{"@type":"WebSite","@id":"https:\/\/www.suno.com.br\/noticias\/#website","url":"https:\/\/www.suno.com.br\/noticias\/","name":"Suno Not\u00edcias","description":"Seu portal de informa\u00e7\u00e3o sobre o mundo dos investimentos","publisher":{"@id":"https:\/\/www.suno.com.br\/noticias\/#organization"},"potentialAction":[{"@type":"SearchAction","target":{"@type":"EntryPoint","urlTemplate":"https:\/\/www.suno.com.br\/noticias\/?s={search_term_string}"},"query-input":{"@type":"PropertyValueSpecification","valueRequired":true,"valueName":"search_term_string"}}],"inLanguage":"pt-BR"},{"@type":"Organization","@id":"https:\/\/www.suno.com.br\/noticias\/#organization","name":"Suno Not\u00edcias","url":"https:\/\/www.suno.com.br\/noticias\/","logo":{"@type":"ImageObject","inLanguage":"pt-BR","@id":"https:\/\/www.suno.com.br\/noticias\/#\/schema\/logo\/image\/","url":"https:\/\/files.sunoresearch.com.br\/n\/uploads\/2021\/09\/suno-logo.png","contentUrl":"https:\/\/files.sunoresearch.com.br\/n\/uploads\/2021\/09\/suno-logo.png","width":180,"height":180,"caption":"Suno Not\u00edcias"},"image":{"@id":"https:\/\/www.suno.com.br\/noticias\/#\/schema\/logo\/image\/"},"sameAs":["https:\/\/facebook.com\/sunoresearch","https:\/\/x.com\/sunoresearch","https:\/\/www.instagram.com\/suno","https:\/\/www.linkedin.com\/company\/suno-research\/","https:\/\/www.youtube.com\/c\/sunoresearch"]},{"@type":"Person","@id":"https:\/\/www.suno.com.br\/noticias\/#\/schema\/person\/7f4d362bf3518e76090143ae77bb49a5","name":"Eduardo Vargas","image":{"@type":"ImageObject","inLanguage":"pt-BR","@id":"https:\/\/www.suno.com.br\/noticias\/#\/schema\/person\/image\/","url":"https:\/\/secure.gravatar.com\/avatar\/dac340933427a22924c9f99d1eb2e3f2?s=96&r=g","contentUrl":"https:\/\/secure.gravatar.com\/avatar\/dac340933427a22924c9f99d1eb2e3f2?s=96&r=g","caption":"Eduardo Vargas"},"description":"Jornalista formado pela UFSC, cobre macroeconomia, neg\u00f3cios e startups para o Suno Not\u00edcias, escrevendo principalmente not\u00edcias sobre o mercado financeiro e a bolsa de valores. No YouTube e no Instagram, \u00e9 respons\u00e1vel pela produ\u00e7\u00e3o de Reels e Shorts do Suno Not\u00edcias. Anteriormente, trabalhou cobrindo economia e cotidiano no ND+ e para o ND, maior jornal impresso de Santa Catarina. Cursou um semestre letivo de Estudos de M\u00eddia na Universidad de Buenos Aires.","url":"https:\/\/www.suno.com.br\/noticias\/author\/eduardo-vargas\/"}]}},"default_loop_html":"<div class=\"cardsPage__listCard__boxs\"><div class=\"cardsPage__listCard__boxs__img\"><a href=\"https:\/\/www.suno.com.br\/noticias\/snid11-fundo-dividendos-fi-infra\/\"><img class=\"mask\" src=\"https:\/\/www.suno.com.br\/noticias\/wp-content\/themes\/suno\/resources\/images\/spotlight\/spotlight1img\/bg-mask.png\" alt=\"Image Mask\"\/><img src=\"https:\/\/files.sunoresearch.com.br\/n\/uploads\/2023\/02\/SUNO-SNID11-@cauediniz-B3-4874-400x200.jpg\" alt=\"SNID11: Veja novos dividendos do FI-Infra da Suno\"\/><\/a><span class=\"spotlightCategory\"><a href=\"https:\/\/www.suno.com.br\/noticias\/fiis\/\">FIIs<\/a><\/span><\/div><div class=\"cardsPage__listCard__boxs__content\"><a href=\"https:\/\/www.suno.com.br\/noticias\/snid11-fundo-dividendos-fi-infra\/\"><h2 class=\"content__title\">SNID11: Veja novos dividendos do FI-Infra da Suno<\/h2><\/a><div class=\"newsContent__article__meta\"><div class=\"newsContent__article__meta__authorBox\"><a href=\"https:\/\/www.suno.com.br\/noticias\/author\/eduardo-vargas\/\" class=\"authorBox__avatar noMobi\"><img src=\"https:\/\/secure.gravatar.com\/avatar\/dac340933427a22924c9f99d1eb2e3f2?s=96&#038;r=g\" alt=\"Eduardo Vargas\"><\/a><div class=\"authorBox__name\"><span>por\n\t\t\t<a href=\"https:\/\/www.suno.com.br\/noticias\/author\/eduardo-vargas\/\"><span itemprop=\"author\">Eduardo Vargas<\/span><\/a><\/span><time datetime=\"2023-03-15T12:46:15-03:00\" itemprop=\"datePublished\">15\/03\/2023 12:46<\/time><\/div><\/div><\/div><\/div><\/div>","single_layout":"posts","amp_enabled":true,"_links":{"self":[{"href":"https:\/\/www.suno.com.br\/noticias\/wp-json\/wp\/v2\/posts\/376668"}],"collection":[{"href":"https:\/\/www.suno.com.br\/noticias\/wp-json\/wp\/v2\/posts"}],"about":[{"href":"https:\/\/www.suno.com.br\/noticias\/wp-json\/wp\/v2\/types\/post"}],"author":[{"embeddable":true,"href":"https:\/\/www.suno.com.br\/noticias\/wp-json\/wp\/v2\/users\/73"}],"replies":[{"embeddable":true,"href":"https:\/\/www.suno.com.br\/noticias\/wp-json\/wp\/v2\/comments?post=376668"}],"version-history":[{"count":3,"href":"https:\/\/www.suno.com.br\/noticias\/wp-json\/wp\/v2\/posts\/376668\/revisions"}],"predecessor-version":[{"id":376788,"href":"https:\/\/www.suno.com.br\/noticias\/wp-json\/wp\/v2\/posts\/376668\/revisions\/376788"}],"wp:featuredmedia":[{"embeddable":true,"href":"https:\/\/www.suno.com.br\/noticias\/wp-json\/wp\/v2\/media\/360026"}],"wp:attachment":[{"href":"https:\/\/www.suno.com.br\/noticias\/wp-json\/wp\/v2\/media?parent=376668"}],"wp:term":[{"taxonomy":"category","embeddable":true,"href":"https:\/\/www.suno.com.br\/noticias\/wp-json\/wp\/v2\/categories?post=376668"},{"taxonomy":"post_tag","embeddable":true,"href":"https:\/\/www.suno.com.br\/noticias\/wp-json\/wp\/v2\/tags?post=376668"},{"taxonomy":"suno_strategy","embeddable":true,"href":"https:\/\/www.suno.com.br\/noticias\/wp-json\/wp\/v2\/suno_strategy?post=376668"}],"curies":[{"name":"wp","href":"https:\/\/api.w.org\/{rel}","templated":true}]}}