{"id":376363,"date":"2023-03-15T07:00:00","date_gmt":"2023-03-15T10:00:00","guid":{"rendered":"https:\/\/www.suno.com.br\/noticias\/?p=376363"},"modified":"2023-03-21T19:13:41","modified_gmt":"2023-03-21T22:13:41","slug":"ir-2023-comeca-hoje-veja-mudancas","status":"publish","type":"post","link":"https:\/\/www.suno.com.br\/noticias\/ir-2023-comeca-hoje-veja-mudancas\/","title":{"rendered":"Imposto de Renda 2023: Entregas come\u00e7am hoje (15); veja cinco principais mudan\u00e7as no Le\u00e3o"},"content":{"rendered":"<p>O prazo para a entrega das declara\u00e7\u00f5es do <strong>Imposto de Renda 2023<\/strong> come\u00e7a nesta quarta (15). O contribuinte tem at\u00e9 o dia 31 de maio para prestar contas com o Le\u00e3o, mas esse processo conta com algumas novidades em 2023.<\/p>\t<div class=\"wrapper-featured-image\">\n\t\t<figure class=\"spotlightImg\">\n\n\t\t\t<picture>\n\t\t\t\t<source media=\"(max-width: 768px)\" srcset=\"https:\/\/files.sunoresearch.com.br\/n\/uploads\/2023\/03\/ir2023-mudancas-foto-agenciabrasi-400x200.jpg\">\n\t\t\t\t<img loading=\"lazy\" decoding=\"async\" class=\"newsContent__article__imgCapa lazyloadDisabled \" src=\"https:\/\/files.sunoresearch.com.br\/n\/uploads\/2023\/03\/ir2023-mudancas-foto-agenciabrasi-800x450.jpg\" width=\"800\" height=\"450\" alt=\"Imposto de Renda 2023: Entregas come\u00e7am hoje (15); veja cinco principais mudan\u00e7as no Le\u00e3o\" fetchpriority=high \/>\n\t\t\t<\/picture>\n\n\t\t\t<figcaption class=\"wp-caption-text wp-caption-text--show\">Foto: Ag\u00eancia Brasil<\/figcaption>\n\t\t<\/figure>\n\t<\/div>\n\n\n\n\n\n\n<p>A contadora Dora Ramos, CEO da Fharos Contabilidade e Gest\u00e3o Empresarial, reuniu as cinco principais <strong>mudan\u00e7as no Imposto de Renda 2023<\/strong>. Confira:<\/p>\n\n\n\t<p>\n\t\t<a href=\"\" target=\"_blank\" data-element=\"shortcode-suno-banner\" title=\"Banner SUNO, clique e saiba mais\">\n\t\t\t<picture>\n\t\t\t\t<source media=\"(max-width: 500px)\" srcset=\"\">\n\t\t\t\t<img class=\"newsContent__article__imgCapa newsContent__article__imgCapa--banner\"\n\t\t\t\t\tsrc=\"\"\n\t\t\t\t\tdata-promo-id=\"77027\"\t\t\t\t\t\t\t\t\t\t\t\t\t\t\talt=\"\"\n\t\t\t\t>\n\t\t\t<\/picture>\n\t\t<\/a>\n\t<\/p>\n\n\n\n\n\n<h2 class=\"wp-block-heading\" id=\"h-declaracao-pre-preenchida\">Declara\u00e7\u00e3o pr\u00e9-preenchida<\/h2>\n\n\n\n<p>Para quem opta por fazer a <strong>declara\u00e7\u00e3o pr\u00e9-preenchida<\/strong>, neste ano ela contar\u00e1 com mais informa\u00e7\u00f5es, facilitando o processo de declara\u00e7\u00e3o de imposto, pois minimiza erros e omiss\u00f5es. Al\u00e9m disso, quem optar por essa modalidade ter\u00e1 prioridade na hora de receber a restitui\u00e7\u00e3o. <\/p>\n\n\n\n<p>O contribuinte pode escolher essa categoria pela p\u00e1gina inicial do Programa Gerador de Declara\u00e7\u00e3o (PGD), na declara\u00e7\u00e3o on-line, via e-CAC e tamb\u00e9m pelo aplicativo Meu Imposto de Renda.<\/p>\n\n\n\n<h2 class=\"wp-block-heading\">Mudan\u00e7as na declara\u00e7\u00e3o obrigat\u00f3ria de investidores na Bolsa<\/h2>\n\n\n\n<p>At\u00e9 o ano passado, todas as pessoas que tivessem operado quaisquer valores na Bolsa eram obrigadas a declarar, mesmo n\u00e3o estando enquadrados nas outras regras de obrigatoriedade. <\/p>\n\n\n\n<p>Por\u00e9m, neste ano, a regra ser\u00e1 menos abrangente. S\u00f3 precisar\u00e3o entregar a declara\u00e7\u00e3o sobre as opera\u00e7\u00f5es de aliena\u00e7\u00e3o de <strong>ativos na Bolsa<\/strong> (como vendas, doa\u00e7\u00f5es e transmiss\u00f5es por heran\u00e7a) as pessoas que tiverem totalizado mais de R$ 40 mil no ano anterior ou apresentarem rendimentos sujeitos \u00e0 tributa\u00e7\u00e3o &#8211; ou seja, quem alienou menos de R$ 40 mil, mas que tiveram rendimentos l\u00edquidos sujeitos \u00e0 cobran\u00e7a do IR.<\/p>\n\n\n\n<h2 class=\"wp-block-heading\">Novos casos de prioridade na restitui\u00e7\u00e3o do IR<\/h2>\n\n\n\n<p>No <strong>Imposto de Renda<\/strong> 2022, s\u00f3 tinham prioridade de restitui\u00e7\u00e3o por lei os idosos (pessoas com mais de 60 anos com preval\u00eancia \u00e0s pessoas com mais de 80 anos), pessoas com defici\u00eancia ou doen\u00e7as graves e professores. Mas, neste ano, tamb\u00e9m ter\u00e1 prioridade na restitui\u00e7\u00e3o quem optar por receber via Pix ou optar pela modalidade de declara\u00e7\u00e3o pr\u00e9-preenchida. <\/p>\n\n\n\n<p>Para optar por receber a <strong>restitui\u00e7\u00e3o via Pix<\/strong>, o contribuinte dever\u00e1 sinalizar a escolha no momento de transmitir a declara\u00e7\u00e3o. Vale lembrar que a Receita s\u00f3 aceita chave PIX que corresponda ao n\u00famero do CPF. Al\u00e9m disso, a ordem de envio da declara\u00e7\u00e3o continua sendo uma prioridade na hora do processamento do IR.<\/p>\n\n\n\n\t<div data-element=\"shortcode-read-more\" class=\"readToo\">\n\t\t\t\t<span class=\"readToo__title\">Leia mais<\/span>\n\t\t\t\t<ul class=\"readToo__list\">\n\t\t\t<li><a href=\"https:\/\/www.suno.com.br\/noticias\/investimentos-isentos-imposto-de-renda-2023\/\">Quais s\u00e3o os investimentos isentos de Imposto de Renda? Listamos cinco deles<\/a><\/li><li><a href=\"https:\/\/www.suno.com.br\/noticias\/imposto-renda-2023-novas-regras-coletiva-receita\/\">Imposto de Renda 2023: Pix coloca contribuinte como prioridade na restitui\u00e7\u00e3o; entenda<\/a><\/li>\t\t<\/ul>\n\t<\/div>\n\n\n\n\n<h2 class=\"wp-block-heading\">Altera\u00e7\u00e3o na declara\u00e7\u00e3o de pens\u00e3o aliment\u00edcia<\/h2>\n\n\n\n<p>A boa not\u00edcia \u00e9 que a forma de declarar valores provenientes da <strong>pens\u00e3o aliment\u00edcia<\/strong> mudou. Ap\u00f3s a decis\u00e3o do STF no ano de 2022, este rendimento deixou de ser tribut\u00e1vel e passou a ser considerado isento de imposto de renda. <\/p>\n\n\n\n<p>Agora, as pens\u00f5es recebidas param de ser declaradas como <a class=\"suno-keyword\" target=\"_blank\" data-force=\"no\" data-priority=\"1\" href=\"https:\/\/www.suno.com.br\/artigos\/rendimentos-tributaveis\/\" rel=\"noopener\">Rendimentos Tribut\u00e1veis<\/a> Recebidos de PF e passam a ser inclu\u00eddas na ficha de Rendimentos Isentos e N\u00e3o Tribut\u00e1veis. No entanto, para quem pagou pens\u00e3o no ano passado, a forma de declarar permanece a mesma e a despesa continua dedut\u00edvel na declara\u00e7\u00e3o.<\/p>\n\n\n\n<h2 class=\"wp-block-heading\">Quem deve declarar o IR 2023<\/h2>\n\n\n\n<p>Deve entregar a declara\u00e7\u00e3o do Imposto de Renda o residente que recebeu rendimentos tribut\u00e1veis a partir de R$ 28.559,70 no ano anterior &#8211; aproximadamente R$ 2.380,00 por m\u00eas -, incluindo sal\u00e1rios, aposentadorias, pens\u00f5es e alugu\u00e9is; quem recebeu rendimento isento, n\u00e3o tribut\u00e1vel ou tributado na fonte acima de R$ 40 mil; e quem apresentou, em qualquer m\u00eas do ano, <a class=\"suno-keyword\" target=\"_blank\" data-force=\"no\" data-priority=\"1\" href=\"https:\/\/www.suno.com.br\/artigos\/ganho-de-capital\/\" rel=\"noopener\">ganho de capital<\/a> na aliena\u00e7\u00e3o de bens ou direitos sujeitos a cobran\u00e7a do IR. <\/p>\n\n\n\n<p>Tamb\u00e9m precisa entregar a declara\u00e7\u00e3o de IRPF as pessoas que tiveram a posse ou a propriedade de bens ou direitos nos valores iguais ou superiores a R$ 300 mil.<\/p>\n\n\n\t<p>\n\t\t<a href=\"https:\/\/lp.suno.com.br\/ebook-como-analisar-uma-acao\/\" target=\"_blank\" data-element=\"shortcode-suno-banner\" title=\"Banner SUNO, clique e saiba mais\">\n\t\t\t<picture>\n\t\t\t\t<source media=\"(max-width: 500px)\" srcset=\"https:\/\/files.sunoresearch.com.br\/n\/uploads\/2023\/03\/Ebook-Acoes-Mobile-1.jpg\">\n\t\t\t\t<img class=\"newsContent__article__imgCapa newsContent__article__imgCapa--banner\"\n\t\t\t\t\tsrc=\"https:\/\/files.sunoresearch.com.br\/n\/uploads\/2023\/03\/Ebook-Acoes-Desktop-1.jpg\"\n\t\t\t\t\tdata-promo-id=\"171998\"\t\t\t\t\t\t\t\t\t\twidth='1420' height='286'\t\t\t\t\talt=\"https:\/\/files.sunoresearch.com.br\/n\/uploads\/2023\/03\/Ebook-Acoes-Desktop-1.jpg\"\n\t\t\t\t>\n\t\t\t<\/picture>\n\t\t<\/a>\n\t<\/p>\n\n\n\n\n\n<h2 class=\"wp-block-heading\" id=\"h-imposto-de-renda-2023-como-baixar-o-programa\">Imposto de Renda 2023: Como baixar o programa?<\/h2>\n\n\n\n<p>Desde o dia 9 de mar\u00e7o, o contribuinte pode&nbsp;<strong>baixar o programa do&nbsp;<a href=\"https:\/\/www.suno.com.br\/guias\/imposto-de-renda-guia\/\" target=\"_blank\" rel=\"noreferrer noopener\">Imposto de Renda<\/a>&nbsp;2023<\/strong>&nbsp;direto no site da Receita Federal, por<a href=\"https:\/\/www.gov.br\/receitafederal\/pt-br\/centrais-de-conteudo\/download\/pgd\/dirpf\" target=\"_blank\" rel=\"noreferrer noopener\">&nbsp;meio deste link<\/a>. O sistema est\u00e1 dispon\u00edvel para computadores e notebooks com os sistemas operacionais Windows, MacOS e Linux.<\/p>\n\n\n\n<p>Assim, o&nbsp;<strong>calend\u00e1rio da restitui\u00e7\u00e3o do&nbsp;<a target=\"_blank\" href=\"https:\/\/www.suno.com.br\/guias\/imposto-de-renda-guia\/\" rel=\"noreferrer noopener\">Imposto de Renda<\/a>&nbsp;2023<\/strong>&nbsp;ficou da seguinte forma:<\/p>\n\n\n\n<ul class=\"wp-block-list\">\n<li>Primeiro lote: 31 de maio;<\/li>\n\n\n\n<li>Segundo lote: 30 de junho;<\/li>\n\n\n\n<li>Terceiro lote: 31 de julho;<\/li>\n\n\n\n<li>Quarto lote: 31 de agosto;<\/li>\n\n\n\n<li>Quinto e \u00faltimo lote: 29 de setembro.<\/li>\n<\/ul>\n\n\n\n<p>Uma das&nbsp;novidades do&nbsp;<strong><a href=\"https:\/\/www.suno.com.br\/guias\/imposto-de-renda-guia\/\" target=\"_blank\" rel=\"noreferrer noopener\">Imposto de Renda<\/a>&nbsp;2023<\/strong>&nbsp;\u00e9 que os contribuintes que escolherem receber a restitui\u00e7\u00e3o via Pix com a chave CPF \u201cfurar\u00e3o a fila\u201d, como recordado pela contadora.<\/p>\n\n\n\t<p>\n\t\t<a href=\"https:\/\/lp.suno.com.br\/planilha-de-controle-de-investimentos\/\" target=\"_blank\" data-element=\"shortcode-suno-banner\" title=\"Banner SUNO, clique e saiba mais\">\n\t\t\t<picture>\n\t\t\t\t<source media=\"(max-width: 500px)\" srcset=\"https:\/\/files.sunoresearch.com.br\/n\/uploads\/2023\/03\/400x300-Controle-de-Investimentos.png\">\n\t\t\t\t<img class=\"newsContent__article__imgCapa newsContent__article__imgCapa--banner\"\n\t\t\t\t\tsrc=\"https:\/\/files.sunoresearch.com.br\/n\/uploads\/2023\/03\/1420x240-Controle-de-Investimentos.png\"\n\t\t\t\t\tdata-promo-id=\"75934\"\t\t\t\t\t\t\t\t\t\twidth='1420' height='240'\t\t\t\t\talt=\"https:\/\/files.sunoresearch.com.br\/n\/uploads\/2023\/03\/1420x240-Controle-de-Investimentos.png\"\n\t\t\t\t>\n\t\t\t<\/picture>\n\t\t<\/a>\n\t<\/p>\n\n\n","protected":false},"excerpt":{"rendered":"<p>O prazo para a entrega das declara\u00e7\u00f5es do Imposto de Renda 2023 come\u00e7a nesta quarta (15). O contribuinte tem at\u00e9 o dia 31 de maio para prestar contas com o Le\u00e3o, mas esse processo conta com algumas novidades em 2023. Foto: Ag\u00eancia Brasil A contadora Dora Ramos, CEO da Fharos Contabilidade e Gest\u00e3o Empresarial, reuniu [&hellip;]<\/p>\n","protected":false},"author":232,"featured_media":379021,"comment_status":"closed","ping_status":"closed","sticky":false,"template":"","format":"standard","meta":[],"categories":[65],"tags":[105816,303],"suno_strategy":[],"class_list":["post-376363","post","type-post","status-publish","format-standard","has-post-thumbnail","hentry","category-financas-pessoais","tag-especialistas","tag-imposto-de-renda"],"yoast_head":"<!-- This site is optimized with the Yoast SEO plugin v24.4 - https:\/\/yoast.com\/wordpress\/plugins\/seo\/ -->\n<title>IR 2023: Entregas come\u00e7am hoje (15); veja cinco mudan\u00e7as no Le\u00e3o<\/title>\n<meta name=\"description\" content=\"O prazo para a entrega das declara\u00e7\u00f5es do Imposto de Renda 2023 come\u00e7a nesta quarta (15). Clique e veja cinco mudan\u00e7as no Le\u00e3o deste ano!\" \/>\n<meta name=\"robots\" content=\"index, follow, max-snippet:-1, max-image-preview:large, max-video-preview:-1\" \/>\n<link rel=\"canonical\" href=\"https:\/\/www.suno.com.br\/noticias\/ir-2023-comeca-hoje-veja-mudancas\/\" \/>\n<meta property=\"og:locale\" content=\"pt_BR\" \/>\n<meta property=\"og:type\" content=\"article\" \/>\n<meta property=\"og:title\" content=\"IR 2023: Entregas come\u00e7am hoje (15); veja cinco mudan\u00e7as no Le\u00e3o\" \/>\n<meta property=\"og:description\" content=\"O prazo para a entrega das declara\u00e7\u00f5es do Imposto de Renda 2023 come\u00e7a nesta quarta (15). Clique e veja cinco mudan\u00e7as no Le\u00e3o deste ano!\" \/>\n<meta property=\"og:url\" content=\"https:\/\/www.suno.com.br\/noticias\/ir-2023-comeca-hoje-veja-mudancas\/\" \/>\n<meta property=\"og:site_name\" content=\"Suno Not\u00edcias\" \/>\n<meta property=\"article:publisher\" content=\"https:\/\/facebook.com\/sunoresearch\" \/>\n<meta property=\"og:image\" content=\"https:\/\/files.sunoresearch.com.br\/n\/uploads\/2023\/03\/ir2023-mudancas-foto-agenciabrasi.jpg\" \/>\n\t<meta property=\"og:image:width\" content=\"1200\" \/>\n\t<meta property=\"og:image:height\" content=\"900\" \/>\n\t<meta property=\"og:image:type\" content=\"image\/jpeg\" \/>\n<meta name=\"author\" content=\"Erick Matheus Nery\" \/>\n<meta name=\"twitter:card\" content=\"summary_large_image\" \/>\n<meta name=\"twitter:creator\" content=\"@sunoresearch\" \/>\n<meta name=\"twitter:site\" content=\"@sunoresearch\" \/>\n<meta name=\"twitter:label1\" content=\"Escrito por\" \/>\n\t<meta name=\"twitter:data1\" content=\"Erick Matheus Nery\" \/>\n\t<meta name=\"twitter:label2\" content=\"Est. tempo de leitura\" \/>\n\t<meta name=\"twitter:data2\" content=\"4 minutos\" \/>\n<script type=\"application\/ld+json\" class=\"yoast-schema-graph\">{\"@context\":\"https:\/\/schema.org\",\"@graph\":[{\"@type\":\"NewsArticle\",\"@id\":\"https:\/\/www.suno.com.br\/noticias\/ir-2023-comeca-hoje-veja-mudancas\/#article\",\"isPartOf\":{\"@id\":\"https:\/\/www.suno.com.br\/noticias\/ir-2023-comeca-hoje-veja-mudancas\/\"},\"author\":{\"name\":\"Erick Matheus Nery\",\"@id\":\"https:\/\/www.suno.com.br\/noticias\/#\/schema\/person\/6899bc3f19d1a7315f807131c2c013a0\"},\"headline\":\"Imposto de Renda 2023: Entregas come\u00e7am hoje (15); veja cinco principais mudan\u00e7as no Le\u00e3o\",\"datePublished\":\"2023-03-15T10:00:00+00:00\",\"dateModified\":\"2023-03-21T22:13:41+00:00\",\"mainEntityOfPage\":{\"@id\":\"https:\/\/www.suno.com.br\/noticias\/ir-2023-comeca-hoje-veja-mudancas\/\"},\"wordCount\":772,\"publisher\":{\"@id\":\"https:\/\/www.suno.com.br\/noticias\/#organization\"},\"image\":{\"@id\":\"https:\/\/www.suno.com.br\/noticias\/ir-2023-comeca-hoje-veja-mudancas\/#primaryimage\"},\"thumbnailUrl\":\"https:\/\/files.sunoresearch.com.br\/n\/uploads\/2023\/03\/ir2023-mudancas-foto-agenciabrasi.jpg\",\"keywords\":[\"Especialistas\",\"Imposto de Renda\"],\"articleSection\":[\"Finan\u00e7as Pessoais\"],\"inLanguage\":\"pt-BR\"},{\"@type\":\"WebPage\",\"@id\":\"https:\/\/www.suno.com.br\/noticias\/ir-2023-comeca-hoje-veja-mudancas\/\",\"url\":\"https:\/\/www.suno.com.br\/noticias\/ir-2023-comeca-hoje-veja-mudancas\/\",\"name\":\"IR 2023: Entregas come\u00e7am hoje (15); veja cinco mudan\u00e7as no Le\u00e3o\",\"isPartOf\":{\"@id\":\"https:\/\/www.suno.com.br\/noticias\/#website\"},\"primaryImageOfPage\":{\"@id\":\"https:\/\/www.suno.com.br\/noticias\/ir-2023-comeca-hoje-veja-mudancas\/#primaryimage\"},\"image\":{\"@id\":\"https:\/\/www.suno.com.br\/noticias\/ir-2023-comeca-hoje-veja-mudancas\/#primaryimage\"},\"thumbnailUrl\":\"https:\/\/files.sunoresearch.com.br\/n\/uploads\/2023\/03\/ir2023-mudancas-foto-agenciabrasi.jpg\",\"datePublished\":\"2023-03-15T10:00:00+00:00\",\"dateModified\":\"2023-03-21T22:13:41+00:00\",\"description\":\"O prazo para a entrega das declara\u00e7\u00f5es do Imposto de Renda 2023 come\u00e7a nesta quarta (15). Clique e veja cinco mudan\u00e7as no Le\u00e3o deste ano!\",\"breadcrumb\":{\"@id\":\"https:\/\/www.suno.com.br\/noticias\/ir-2023-comeca-hoje-veja-mudancas\/#breadcrumb\"},\"inLanguage\":\"pt-BR\",\"potentialAction\":[{\"@type\":\"ReadAction\",\"target\":[\"https:\/\/www.suno.com.br\/noticias\/ir-2023-comeca-hoje-veja-mudancas\/\"]}]},{\"@type\":\"ImageObject\",\"inLanguage\":\"pt-BR\",\"@id\":\"https:\/\/www.suno.com.br\/noticias\/ir-2023-comeca-hoje-veja-mudancas\/#primaryimage\",\"url\":\"https:\/\/files.sunoresearch.com.br\/n\/uploads\/2023\/03\/ir2023-mudancas-foto-agenciabrasi.jpg\",\"contentUrl\":\"https:\/\/files.sunoresearch.com.br\/n\/uploads\/2023\/03\/ir2023-mudancas-foto-agenciabrasi.jpg\",\"width\":1200,\"height\":900,\"caption\":\"Foto: Ag\u00eancia Brasil\"},{\"@type\":\"BreadcrumbList\",\"@id\":\"https:\/\/www.suno.com.br\/noticias\/ir-2023-comeca-hoje-veja-mudancas\/#breadcrumb\",\"itemListElement\":[{\"@type\":\"ListItem\",\"position\":1,\"name\":\"Not\u00edcias\",\"item\":\"https:\/\/www.suno.com.br\/noticias\/\"},{\"@type\":\"ListItem\",\"position\":2,\"name\":\"Finan\u00e7as Pessoais\",\"item\":\"https:\/\/www.suno.com.br\/noticias\/financas-pessoais\/\"},{\"@type\":\"ListItem\",\"position\":3,\"name\":\"Imposto de Renda 2023: Entregas come\u00e7am hoje (15); veja cinco principais mudan\u00e7as no Le\u00e3o\"}]},{\"@type\":\"WebSite\",\"@id\":\"https:\/\/www.suno.com.br\/noticias\/#website\",\"url\":\"https:\/\/www.suno.com.br\/noticias\/\",\"name\":\"Suno Not\u00edcias\",\"description\":\"Seu portal de informa\u00e7\u00e3o sobre o mundo dos investimentos\",\"publisher\":{\"@id\":\"https:\/\/www.suno.com.br\/noticias\/#organization\"},\"potentialAction\":[{\"@type\":\"SearchAction\",\"target\":{\"@type\":\"EntryPoint\",\"urlTemplate\":\"https:\/\/www.suno.com.br\/noticias\/?s={search_term_string}\"},\"query-input\":{\"@type\":\"PropertyValueSpecification\",\"valueRequired\":true,\"valueName\":\"search_term_string\"}}],\"inLanguage\":\"pt-BR\"},{\"@type\":\"Organization\",\"@id\":\"https:\/\/www.suno.com.br\/noticias\/#organization\",\"name\":\"Suno Not\u00edcias\",\"url\":\"https:\/\/www.suno.com.br\/noticias\/\",\"logo\":{\"@type\":\"ImageObject\",\"inLanguage\":\"pt-BR\",\"@id\":\"https:\/\/www.suno.com.br\/noticias\/#\/schema\/logo\/image\/\",\"url\":\"https:\/\/files.sunoresearch.com.br\/n\/uploads\/2021\/09\/suno-logo.png\",\"contentUrl\":\"https:\/\/files.sunoresearch.com.br\/n\/uploads\/2021\/09\/suno-logo.png\",\"width\":180,\"height\":180,\"caption\":\"Suno Not\u00edcias\"},\"image\":{\"@id\":\"https:\/\/www.suno.com.br\/noticias\/#\/schema\/logo\/image\/\"},\"sameAs\":[\"https:\/\/facebook.com\/sunoresearch\",\"https:\/\/x.com\/sunoresearch\",\"https:\/\/www.instagram.com\/suno\",\"https:\/\/www.linkedin.com\/company\/suno-research\/\",\"https:\/\/www.youtube.com\/c\/sunoresearch\"]},{\"@type\":\"Person\",\"@id\":\"https:\/\/www.suno.com.br\/noticias\/#\/schema\/person\/6899bc3f19d1a7315f807131c2c013a0\",\"name\":\"Erick Matheus Nery\",\"image\":{\"@type\":\"ImageObject\",\"inLanguage\":\"pt-BR\",\"@id\":\"https:\/\/www.suno.com.br\/noticias\/#\/schema\/person\/image\/\",\"url\":\"https:\/\/secure.gravatar.com\/avatar\/518ddffe438ccb767782d372a66304d2?s=96&r=g\",\"contentUrl\":\"https:\/\/secure.gravatar.com\/avatar\/518ddffe438ccb767782d372a66304d2?s=96&r=g\",\"caption\":\"Erick Matheus Nery\"},\"description\":\"Formado em Jornalismo pela Universidade Federal do Par\u00e1 (UFPA), conta com extens\u00e3o em Jornalismo Econ\u00f4mico pela Funda\u00e7\u00e3o Get\u00falio Vargas (FGV). No Suno Not\u00edcias, atua como rep\u00f3rter de Mercado, com foco nos setores de telecomunica\u00e7\u00f5es, varejo, alimentos e renda fixa. Conta com passagens pelo jornal O Estado de S\u00e3o Paulo, como trainee de Jornalismo Econ\u00f4mico, e pelo site Not\u00edcias da TV.\",\"url\":\"https:\/\/www.suno.com.br\/noticias\/author\/erick-nery\/\"}]}<\/script>\n<!-- \/ Yoast SEO plugin. -->","yoast_head_json":{"title":"IR 2023: Entregas come\u00e7am hoje (15); veja cinco mudan\u00e7as no Le\u00e3o","description":"O prazo para a entrega das declara\u00e7\u00f5es do Imposto de Renda 2023 come\u00e7a nesta quarta (15). Clique e veja cinco mudan\u00e7as no Le\u00e3o deste ano!","robots":{"index":"index","follow":"follow","max-snippet":"max-snippet:-1","max-image-preview":"max-image-preview:large","max-video-preview":"max-video-preview:-1"},"canonical":"https:\/\/www.suno.com.br\/noticias\/ir-2023-comeca-hoje-veja-mudancas\/","og_locale":"pt_BR","og_type":"article","og_title":"IR 2023: Entregas come\u00e7am hoje (15); veja cinco mudan\u00e7as no Le\u00e3o","og_description":"O prazo para a entrega das declara\u00e7\u00f5es do Imposto de Renda 2023 come\u00e7a nesta quarta (15). Clique e veja cinco mudan\u00e7as no Le\u00e3o deste ano!","og_url":"https:\/\/www.suno.com.br\/noticias\/ir-2023-comeca-hoje-veja-mudancas\/","og_site_name":"Suno Not\u00edcias","article_publisher":"https:\/\/facebook.com\/sunoresearch","og_image":[{"width":1200,"height":900,"url":"https:\/\/files.sunoresearch.com.br\/n\/uploads\/2023\/03\/ir2023-mudancas-foto-agenciabrasi.jpg","type":"image\/jpeg"}],"author":"Erick Matheus Nery","twitter_card":"summary_large_image","twitter_creator":"@sunoresearch","twitter_site":"@sunoresearch","twitter_misc":{"Escrito por":"Erick Matheus Nery","Est. tempo de leitura":"4 minutos"},"schema":{"@context":"https:\/\/schema.org","@graph":[{"@type":"NewsArticle","@id":"https:\/\/www.suno.com.br\/noticias\/ir-2023-comeca-hoje-veja-mudancas\/#article","isPartOf":{"@id":"https:\/\/www.suno.com.br\/noticias\/ir-2023-comeca-hoje-veja-mudancas\/"},"author":{"name":"Erick Matheus Nery","@id":"https:\/\/www.suno.com.br\/noticias\/#\/schema\/person\/6899bc3f19d1a7315f807131c2c013a0"},"headline":"Imposto de Renda 2023: Entregas come\u00e7am hoje (15); veja cinco principais mudan\u00e7as no Le\u00e3o","datePublished":"2023-03-15T10:00:00+00:00","dateModified":"2023-03-21T22:13:41+00:00","mainEntityOfPage":{"@id":"https:\/\/www.suno.com.br\/noticias\/ir-2023-comeca-hoje-veja-mudancas\/"},"wordCount":772,"publisher":{"@id":"https:\/\/www.suno.com.br\/noticias\/#organization"},"image":{"@id":"https:\/\/www.suno.com.br\/noticias\/ir-2023-comeca-hoje-veja-mudancas\/#primaryimage"},"thumbnailUrl":"https:\/\/files.sunoresearch.com.br\/n\/uploads\/2023\/03\/ir2023-mudancas-foto-agenciabrasi.jpg","keywords":["Especialistas","Imposto de Renda"],"articleSection":["Finan\u00e7as Pessoais"],"inLanguage":"pt-BR"},{"@type":"WebPage","@id":"https:\/\/www.suno.com.br\/noticias\/ir-2023-comeca-hoje-veja-mudancas\/","url":"https:\/\/www.suno.com.br\/noticias\/ir-2023-comeca-hoje-veja-mudancas\/","name":"IR 2023: Entregas come\u00e7am hoje (15); veja cinco mudan\u00e7as no Le\u00e3o","isPartOf":{"@id":"https:\/\/www.suno.com.br\/noticias\/#website"},"primaryImageOfPage":{"@id":"https:\/\/www.suno.com.br\/noticias\/ir-2023-comeca-hoje-veja-mudancas\/#primaryimage"},"image":{"@id":"https:\/\/www.suno.com.br\/noticias\/ir-2023-comeca-hoje-veja-mudancas\/#primaryimage"},"thumbnailUrl":"https:\/\/files.sunoresearch.com.br\/n\/uploads\/2023\/03\/ir2023-mudancas-foto-agenciabrasi.jpg","datePublished":"2023-03-15T10:00:00+00:00","dateModified":"2023-03-21T22:13:41+00:00","description":"O prazo para a entrega das declara\u00e7\u00f5es do Imposto de Renda 2023 come\u00e7a nesta quarta (15). Clique e veja cinco mudan\u00e7as no Le\u00e3o deste ano!","breadcrumb":{"@id":"https:\/\/www.suno.com.br\/noticias\/ir-2023-comeca-hoje-veja-mudancas\/#breadcrumb"},"inLanguage":"pt-BR","potentialAction":[{"@type":"ReadAction","target":["https:\/\/www.suno.com.br\/noticias\/ir-2023-comeca-hoje-veja-mudancas\/"]}]},{"@type":"ImageObject","inLanguage":"pt-BR","@id":"https:\/\/www.suno.com.br\/noticias\/ir-2023-comeca-hoje-veja-mudancas\/#primaryimage","url":"https:\/\/files.sunoresearch.com.br\/n\/uploads\/2023\/03\/ir2023-mudancas-foto-agenciabrasi.jpg","contentUrl":"https:\/\/files.sunoresearch.com.br\/n\/uploads\/2023\/03\/ir2023-mudancas-foto-agenciabrasi.jpg","width":1200,"height":900,"caption":"Foto: Ag\u00eancia Brasil"},{"@type":"BreadcrumbList","@id":"https:\/\/www.suno.com.br\/noticias\/ir-2023-comeca-hoje-veja-mudancas\/#breadcrumb","itemListElement":[{"@type":"ListItem","position":1,"name":"Not\u00edcias","item":"https:\/\/www.suno.com.br\/noticias\/"},{"@type":"ListItem","position":2,"name":"Finan\u00e7as Pessoais","item":"https:\/\/www.suno.com.br\/noticias\/financas-pessoais\/"},{"@type":"ListItem","position":3,"name":"Imposto de Renda 2023: Entregas come\u00e7am hoje (15); veja cinco principais mudan\u00e7as no Le\u00e3o"}]},{"@type":"WebSite","@id":"https:\/\/www.suno.com.br\/noticias\/#website","url":"https:\/\/www.suno.com.br\/noticias\/","name":"Suno Not\u00edcias","description":"Seu portal de informa\u00e7\u00e3o sobre o mundo dos investimentos","publisher":{"@id":"https:\/\/www.suno.com.br\/noticias\/#organization"},"potentialAction":[{"@type":"SearchAction","target":{"@type":"EntryPoint","urlTemplate":"https:\/\/www.suno.com.br\/noticias\/?s={search_term_string}"},"query-input":{"@type":"PropertyValueSpecification","valueRequired":true,"valueName":"search_term_string"}}],"inLanguage":"pt-BR"},{"@type":"Organization","@id":"https:\/\/www.suno.com.br\/noticias\/#organization","name":"Suno Not\u00edcias","url":"https:\/\/www.suno.com.br\/noticias\/","logo":{"@type":"ImageObject","inLanguage":"pt-BR","@id":"https:\/\/www.suno.com.br\/noticias\/#\/schema\/logo\/image\/","url":"https:\/\/files.sunoresearch.com.br\/n\/uploads\/2021\/09\/suno-logo.png","contentUrl":"https:\/\/files.sunoresearch.com.br\/n\/uploads\/2021\/09\/suno-logo.png","width":180,"height":180,"caption":"Suno Not\u00edcias"},"image":{"@id":"https:\/\/www.suno.com.br\/noticias\/#\/schema\/logo\/image\/"},"sameAs":["https:\/\/facebook.com\/sunoresearch","https:\/\/x.com\/sunoresearch","https:\/\/www.instagram.com\/suno","https:\/\/www.linkedin.com\/company\/suno-research\/","https:\/\/www.youtube.com\/c\/sunoresearch"]},{"@type":"Person","@id":"https:\/\/www.suno.com.br\/noticias\/#\/schema\/person\/6899bc3f19d1a7315f807131c2c013a0","name":"Erick Matheus Nery","image":{"@type":"ImageObject","inLanguage":"pt-BR","@id":"https:\/\/www.suno.com.br\/noticias\/#\/schema\/person\/image\/","url":"https:\/\/secure.gravatar.com\/avatar\/518ddffe438ccb767782d372a66304d2?s=96&r=g","contentUrl":"https:\/\/secure.gravatar.com\/avatar\/518ddffe438ccb767782d372a66304d2?s=96&r=g","caption":"Erick Matheus Nery"},"description":"Formado em Jornalismo pela Universidade Federal do Par\u00e1 (UFPA), conta com extens\u00e3o em Jornalismo Econ\u00f4mico pela Funda\u00e7\u00e3o Get\u00falio Vargas (FGV). No Suno Not\u00edcias, atua como rep\u00f3rter de Mercado, com foco nos setores de telecomunica\u00e7\u00f5es, varejo, alimentos e renda fixa. Conta com passagens pelo jornal O Estado de S\u00e3o Paulo, como trainee de Jornalismo Econ\u00f4mico, e pelo site Not\u00edcias da TV.","url":"https:\/\/www.suno.com.br\/noticias\/author\/erick-nery\/"}]}},"default_loop_html":"<div class=\"cardsPage__listCard__boxs\"><div class=\"cardsPage__listCard__boxs__img\"><a href=\"https:\/\/www.suno.com.br\/noticias\/ir-2023-comeca-hoje-veja-mudancas\/\"><img class=\"mask\" src=\"https:\/\/www.suno.com.br\/noticias\/wp-content\/themes\/suno\/resources\/images\/spotlight\/spotlight1img\/bg-mask.png\" alt=\"Image Mask\"\/><img src=\"https:\/\/files.sunoresearch.com.br\/n\/uploads\/2023\/03\/ir2023-mudancas-foto-agenciabrasi-400x200.jpg\" alt=\"Imposto de Renda 2023: Entregas come\u00e7am hoje (15); veja cinco principais mudan\u00e7as no Le\u00e3o\"\/><\/a><span class=\"spotlightCategory\"><a href=\"https:\/\/www.suno.com.br\/noticias\/financas-pessoais\/\">Finan\u00e7as Pessoais<\/a><\/span><\/div><div class=\"cardsPage__listCard__boxs__content\"><a href=\"https:\/\/www.suno.com.br\/noticias\/ir-2023-comeca-hoje-veja-mudancas\/\"><h2 class=\"content__title\">Imposto de Renda 2023: Entregas come\u00e7am hoje (15); veja cinco principais mudan\u00e7as no Le\u00e3o<\/h2><\/a><div class=\"newsContent__article__meta\"><div class=\"newsContent__article__meta__authorBox\"><a href=\"https:\/\/www.suno.com.br\/noticias\/author\/erick-nery\/\" class=\"authorBox__avatar noMobi\"><img src=\"https:\/\/secure.gravatar.com\/avatar\/518ddffe438ccb767782d372a66304d2?s=96&#038;r=g\" alt=\"Erick Matheus Nery\"><\/a><div class=\"authorBox__name\"><span>por\n\t\t\t<a href=\"https:\/\/www.suno.com.br\/noticias\/author\/erick-nery\/\"><span itemprop=\"author\">Erick Matheus Nery<\/span><\/a><\/span><time datetime=\"2023-03-15T07:00:00-03:00\" itemprop=\"datePublished\">15\/03\/2023 07:00<\/time><\/div><\/div><\/div><\/div><\/div>","single_layout":"posts","amp_enabled":true,"_links":{"self":[{"href":"https:\/\/www.suno.com.br\/noticias\/wp-json\/wp\/v2\/posts\/376363"}],"collection":[{"href":"https:\/\/www.suno.com.br\/noticias\/wp-json\/wp\/v2\/posts"}],"about":[{"href":"https:\/\/www.suno.com.br\/noticias\/wp-json\/wp\/v2\/types\/post"}],"author":[{"embeddable":true,"href":"https:\/\/www.suno.com.br\/noticias\/wp-json\/wp\/v2\/users\/232"}],"replies":[{"embeddable":true,"href":"https:\/\/www.suno.com.br\/noticias\/wp-json\/wp\/v2\/comments?post=376363"}],"version-history":[{"count":3,"href":"https:\/\/www.suno.com.br\/noticias\/wp-json\/wp\/v2\/posts\/376363\/revisions"}],"predecessor-version":[{"id":379023,"href":"https:\/\/www.suno.com.br\/noticias\/wp-json\/wp\/v2\/posts\/376363\/revisions\/379023"}],"wp:featuredmedia":[{"embeddable":true,"href":"https:\/\/www.suno.com.br\/noticias\/wp-json\/wp\/v2\/media\/379021"}],"wp:attachment":[{"href":"https:\/\/www.suno.com.br\/noticias\/wp-json\/wp\/v2\/media?parent=376363"}],"wp:term":[{"taxonomy":"category","embeddable":true,"href":"https:\/\/www.suno.com.br\/noticias\/wp-json\/wp\/v2\/categories?post=376363"},{"taxonomy":"post_tag","embeddable":true,"href":"https:\/\/www.suno.com.br\/noticias\/wp-json\/wp\/v2\/tags?post=376363"},{"taxonomy":"suno_strategy","embeddable":true,"href":"https:\/\/www.suno.com.br\/noticias\/wp-json\/wp\/v2\/suno_strategy?post=376363"}],"curies":[{"name":"wp","href":"https:\/\/api.w.org\/{rel}","templated":true}]}}