{"id":376154,"date":"2023-03-14T14:55:23","date_gmt":"2023-03-14T17:55:23","guid":{"rendered":"https:\/\/www.suno.com.br\/noticias\/?p=376154"},"modified":"2023-03-16T14:38:42","modified_gmt":"2023-03-16T17:38:42","slug":"executivos-silicon-valley-bank-svb","status":"publish","type":"post","link":"https:\/\/www.suno.com.br\/noticias\/executivos-silicon-valley-bank-svb\/","title":{"rendered":"CEO do Silicon Valley Bank (SVB) vendeu US$ 3,6 milh\u00f5es em a\u00e7\u00f5es pouco antes do colapso"},"content":{"rendered":"<p>Dias antes de o colapso do <strong>Silicon Valley Bank (SVB)<\/strong> vir \u00e0 tona e as autoridades fecharem o banco nos Estados Unidos, executivos realizaram vendas milion\u00e1rias de a\u00e7\u00f5es que detinham.<\/p><div class=\"videoFull \">\n\t\t\t<div class=\"videoWrapper yt-lazyload center\"\n\t\t\t\tdata-width=\"960\"\n\t\t\t\tdata-height=\"540\"\n\t\t\t\tdata-id=\"iDT85Io3zQA\"\n\t\t\t\tdata-alt=\"V\u00eddeo do YouTube - clique para reproduzir\"\n\t\t\t\tdata-logo=\"3\"\n\t\t\t\tdata-imagequality=\"maxres\">\n\t\t\t<\/div>\n\t\t<\/div><script type=\"application\/ld+json\">{\"@context\":\"https:\/\/schema.org\",\"@type\":\"VideoObject\",\"name\":\"QUEBRA DO SILICON VALLEY BANK (SVB) ESPALHA MEDO NO MERCADO: O QUE EST\u00c1 ACONTECENDO? | MGLU3 dispara\",\"description\":\"\u23f1\u1d0d\u026a\u0274\u1d1c\u1d1b\u1d00\u0262\u1d07\u1d0d 00:00 Abertura 01:49 Nova vinheta do Suno Not\u00edcias 02:33 Colapso do SVB: Fed cria programa de emerg\u00eancia para tentar reduzir danos nos bancos 06:24 Gustavo Sung, economista-chefe do Grupo Suno, comenta a resposta dada pelo Federal Reserve e pelo Tesouro Nacional 08:45 A quebra do SVB \u00e9 alguma surpresa? Igor Barenboim, economista e s\u00f3cio-diretor\u2026\",\"duration\":\"PT45M49S\",\"embedUrl\":\"https:\/\/www.youtube.com\/embed\/iDT85Io3zQA\",\"regionsAllowed\":\"pt-BR\",\"interactionStatistic\":{\"@type\":\"InteractionCounter\",\"interactionType\":{\"@type\":\"WatchAction\"},\"userInteractionCount\":4370},\"thumbnailUrl\":\"https:\/\/i.ytimg.com\/vi\/iDT85Io3zQA\/default.jpg\",\"uploadDate\":\"2023-03-13T22:52:25Z\"}<\/script>\n\n\n\n\n\t<p>\n\t\t<a href=\"\" target=\"_blank\" data-element=\"shortcode-suno-banner\" title=\"Banner SUNO, clique e saiba mais\">\n\t\t\t<picture>\n\t\t\t\t<source media=\"(max-width: 500px)\" srcset=\"\">\n\t\t\t\t<img class=\"newsContent__article__imgCapa newsContent__article__imgCapa--banner\"\n\t\t\t\t\tsrc=\"\"\n\t\t\t\t\tdata-promo-id=\"138420\"\t\t\t\t\t\t\t\t\t\t\t\t\t\t\talt=\"\"\n\t\t\t\t>\n\t\t\t<\/picture>\n\t\t<\/a>\n\t<\/p>\n\n\n\n\n\n<p>O <strong>CEO do SVB<\/strong>, Gregory Becker, realizou uma venda de US$ 3,6 milh\u00f5es em a\u00e7\u00f5es do banco (cerca de 12,4 mil pap\u00e9is) menos de duas semanas antes do caso vir a p\u00fablico e levar a companhia \u00e0 fal\u00eancia, segundo informa\u00e7\u00f5es da Bloomberg.<\/p>\n\n\n\n<p>Antes disso, em meados do fim de janeiro, o <strong>presidente do SVB<\/strong> havia protocolado formalmente um plano que o permitiu realizar essa venda enquanto um dos membros da administra\u00e7\u00e3o da companhia &#8211; dadas as regras estipuladas pela <a href=\"https:\/\/www.sec.gov\/\" target=\"_blank\" rel=\"noreferrer noopener\">Securities Exchange Comission (SEC, a autoridade que regula o mercado nos EUA)<\/a>.<\/p>\n\n\n\n<p>A venda foi a primeira em mais de um ano, segundo os registros regulat\u00f3rios. At\u00e9 ent\u00e3o, nem o banco nem o executivo deram um posicionamento oficial sobre o caso.<\/p>\n\n\n\n<p>Isso porque, pelo fato de Greg Becker ter protocolado o <strong>plano de venda das a\u00e7\u00f5es do SVB<\/strong> anteriormente, ele poderia atenuar ou deixar de sofrer san\u00e7\u00f5es legais &#8211; como uma puni\u00e7\u00e3o por <a class=\"suno-keyword\" data-force=\"no\" data-priority=\"1\" href=\"https:\/\/www.suno.com.br\/artigos\/insider-trading\/\" target=\"_blank\" rel=\"noopener\">insider trading<\/a>, ou informa\u00e7\u00e3o privilegiada.<\/p>\n\n\n\n<p>Informa\u00e7\u00f5es da CNBC TV tamb\u00e9m apontam que outros <strong>executivos do SVB<\/strong> venderam seus pap\u00e9is, somando um montante de US$ 4,5 milh\u00f5es em vendas de a\u00e7\u00f5es.<\/p>\n\n\n\n\t<div data-element=\"shortcode-read-more\" class=\"readToo\">\n\t\t\t\t<span class=\"readToo__title\">Leia mais<\/span>\n\t\t\t\t<ul class=\"readToo__list\">\n\t\t\t<li><a href=\"https:\/\/www.suno.com.br\/noticias\/svb-falencia-bancos-nubank-silicon-valley-bank\/\">Fal\u00eancia do SVB: Ap\u00f3s Nubank (NUBR33) e C6, mais bancos se pronunciam sobre exposi\u00e7\u00e3o; veja lista<\/a><\/li><li><a href=\"https:\/\/www.suno.com.br\/noticias\/caso-silicon-valley-bank-svb-bancos-brasileiros\/\">Caso Silicon Valley Bank (SVB): bancos brasileiros podem superar crise?<\/a><\/li><li><a href=\"https:\/\/www.suno.com.br\/noticias\/banco-svb-compra-hsbc\/\">Ap\u00f3s fal\u00eancia, bra\u00e7o brit\u00e2nico do SVB \u00e9 comprado pelo HSBC<\/a><\/li><li><a href=\"https:\/\/www.suno.com.br\/noticias\/silicon-valley-bank-svb-fed-programa-urgencia\/\">Colapso do SVB: Fed cria programa de emerg\u00eancia para tentar reduzir danos nos bancos<\/a><\/li>\t\t<\/ul>\n\t<\/div>\n\n\n\n\n<p>De qualquer modo, ainda h\u00e1 discuss\u00e3o se a conduta deve ou n\u00e3o levar o executivo a sofrer puni\u00e7\u00f5es.<\/p>\n\n\n\n<p>Isso, dado que o colapso do banco foi precedido por um an\u00fancio oficial de que o banco pretendia levantar cerca de US$ 2 bilh\u00f5es em um <a class=\"suno-keyword\" data-force=\"no\" data-priority=\"1\" href=\"https:\/\/www.suno.com.br\/artigos\/aumento-capital\/\" target=\"_blank\" rel=\"noopener\">aumento de capital<\/a> &#8211; o que por si s\u00f3 j\u00e1 causou uma preocupa\u00e7\u00e3o no mercado.<\/p>\n\n\n\n<p>Dan Taylor, professor da Wharton Business School, na Universidade da Pensilv\u00e2nia, ressaltou que \u00e9 &#8216;altamente problem\u00e1tico&#8217; para Becker se for descoberto que ele sabia dos planos de <a class=\"suno-keyword\" target=\"_blank\" data-force=\"no\" data-priority=\"1\" href=\"https:\/\/www.suno.com.br\/artigos\/aumento-capital\/\" rel=\"noopener\">aumento de capital<\/a> enquanto protocolava o plano de venda de a\u00e7\u00f5es.<\/p>\n\n\n\n<p>Al\u00e9m disso, vale destacar que em dezembro de 2022 a SEC finalizou a elabora\u00e7\u00e3o de novas regras que exigem um per\u00edodo de no m\u00ednimo 90 dias de &#8216;quarentena&#8217; para executivos de empresas negociarem suas a\u00e7\u00f5es.<\/p>\n\n\n\n<p>Ou seja, a dist\u00e2ncia entre a formaliza\u00e7\u00e3o do plano de venda das a\u00e7\u00f5es e a venda em si deve ter ao menos 90 dias.<\/p>\n\n\n\t<p>\n\t\t<a href=\"https:\/\/lp.suno.com.br\/planilha-controle-gastos\/\" target=\"_blank\" data-element=\"shortcode-suno-banner\" title=\"Banner SUNO, clique e saiba mais\">\n\t\t\t<picture>\n\t\t\t\t<source media=\"(max-width: 500px)\" srcset=\"https:\/\/files.sunoresearch.com.br\/n\/uploads\/2023\/03\/400x300-Planilha-controle-de-gastos.png\">\n\t\t\t\t<img class=\"newsContent__article__imgCapa newsContent__article__imgCapa--banner\"\n\t\t\t\t\tsrc=\"https:\/\/files.sunoresearch.com.br\/n\/uploads\/2023\/03\/1420x240-Planilha-controle-de-gastos.png\"\n\t\t\t\t\tdata-promo-id=\"101751\"\t\t\t\t\t\t\t\t\t\twidth='1420' height='240'\t\t\t\t\talt=\"https:\/\/files.sunoresearch.com.br\/n\/uploads\/2023\/03\/1420x240-Planilha-controle-de-gastos.png\"\n\t\t\t\t>\n\t\t\t<\/picture>\n\t\t<\/a>\n\t<\/p>\n\n\n\n\n\n<h2 class=\"wp-block-heading\" id=\"h-entenda-o-impacto-do-caso-svb\">Entenda o impacto do caso SVB<\/h2>\n\n\n\n<p>O banco decretou fal\u00eancia na sexta-feira (10) e desde ent\u00e3o tem provocado uma s\u00e9rie de impactos no mercado.<\/p>\n\n\n\n<p><a href=\"https:\/\/www.suno.com.br\/noticias\/silicon-valley-bank-svb-fed-programa-urgencia\/\" target=\"_blank\" rel=\"noreferrer noopener\">Analistas estimam que, pelo tamanho do banco <\/a>e pelo estresse causado no sistema financeiro, esse evento pode inclusive frear a alta de juros do <a class=\"suno-keyword\" data-force=\"no\" data-priority=\"2\" href=\"https:\/\/www.suno.com.br\/artigos\/fed\/\" target=\"_blank\" rel=\"noopener\">Federal Reserve (Fed)<\/a>.<\/p>\n\n\n\n<p>Al\u00e9m disso, algumas empresas tinham dinheiro e\/ou estavam expostas \u00e0s opera\u00e7\u00f5es do banco &#8211; como foi o caso do BuzzFeed, empresa de m\u00eddia americana que v\u00ea suas a\u00e7\u00f5es despencarem 10% ap\u00f3s revelar que parte do seu caixa estava no <strong>Silicon Valley Bank<\/strong>.<\/p>\n\n\n\n<p>Simultaneamente, por ser um <strong>banco do Vale do Sil\u00edcio<\/strong>, diversas startups tamb\u00e9m tinham exposi\u00e7\u00e3o ao banco e sofrem com a not\u00edcia da fal\u00eancia do SVB &#8211;<a href=\"https:\/\/www.suno.com.br\/noticias\/svb-startups-brasileiras-50-milhoes\/\"> incluindo startups brasileiras<\/a>.<\/p>\n\n\n\n<p>Bancos e fintechs americanos tamb\u00e9m entraram na esteira. O First Republic Bank viu suas a\u00e7\u00f5es derreterem mais de 60% na v\u00e9spera em meio ao p\u00e2nico provocado pela fal\u00eancia do Silicon Valley Bank.<\/p>\n\n\n\n<p>Al\u00e9m disso, o Signature Bank foi fechado pelas autoridades j\u00e1 no domingo (12).<\/p>\n\n\n\n<p>Em an\u00e1lise sobre o impacto direto nas bolsas e \u00edndices dos EUA, especialistas em aloca\u00e7\u00e3o da Warren destacaram que o impacto deve ser mais intenso nos bancos regionais, n\u00e3o sendo um evento que deve causar quedas severas em \u00edndices.<\/p>\n\n\n\n<p>&#8220;As mudan\u00e7as de condi\u00e7\u00e3o devem ser prejudiciais ao resultado dos bancos regionais nos EUA, que devem ter suas margens reduzidas, na medida que dever\u00e3o aumentar os retornos oferecidos aos seus clientes para manter e atrair dep\u00f3sitos. No S&amp;P500, o peso agregado desse tipo de banco \u00e9 de menos de 0,80% do \u00edndice. Ou seja, o impacto sobre o crescimento de lucros no \u00edndice \u00e9 bastante reduzido&#8221;, diz a casa.<\/p>\n\n\n\n<p>No Brasil, <a href=\"https:\/\/www.suno.com.br\/noticias\/svb-falencia-bancos-nubank-silicon-valley-bank\/\" target=\"_blank\" rel=\"noreferrer noopener\">bancos e fintechs correm desde o fim da semana anterior em pronunciamentos sobre a aus\u00eancia de exposi\u00e7\u00e3o<\/a> ao <strong>SVB<\/strong> &#8211; incluindo players como <a class=\"suno-keyword\" data-force=\"yes\" data-priority=\"2\" href=\"https:\/\/www.suno.com.br\/acoes\/ITUB4\/\" target=\"_blank\" rel=\"noopener\">Ita\u00fa (ITUB4)<\/a>, Nubank (<a class=\"suno-keyword\" data-force=\"yes\" data-priority=\"2\" href=\"https:\/\/www.suno.com.br\/bdrs\/nubr33\/\" target=\"_blank\" rel=\"noopener\">NUBR33<\/a>) e C6.<\/p>\n\n\n\t<p>\n\t\t<a href=\"https:\/\/lp.suno.com.br\/planilha-da-vida-financeira\/\" target=\"_blank\" data-element=\"shortcode-suno-banner\" title=\"Banner SUNO, clique e saiba mais\">\n\t\t\t<picture>\n\t\t\t\t<source media=\"(max-width: 500px)\" srcset=\"https:\/\/files.sunoresearch.com.br\/n\/uploads\/2023\/04\/400x300-Planilha-vida-financeira-true.png\">\n\t\t\t\t<img class=\"newsContent__article__imgCapa newsContent__article__imgCapa--banner\"\n\t\t\t\t\tsrc=\"https:\/\/files.sunoresearch.com.br\/n\/uploads\/2023\/04\/1420x240-Planilha-vida-financeira-true.png\"\n\t\t\t\t\tdata-promo-id=\"106682\"\t\t\t\t\t\t\t\t\t\twidth='1420' height='240'\t\t\t\t\talt=\"https:\/\/files.sunoresearch.com.br\/n\/uploads\/2023\/04\/1420x240-Planilha-vida-financeira-true.png\"\n\t\t\t\t>\n\t\t\t<\/picture>\n\t\t<\/a>\n\t<\/p>\n\n\n","protected":false},"excerpt":{"rendered":"<p>Dias antes de o colapso do Silicon Valley Bank (SVB) vir \u00e0 tona e as autoridades fecharem o banco nos Estados Unidos, executivos realizaram vendas milion\u00e1rias de a\u00e7\u00f5es que detinham. O CEO do SVB, Gregory Becker, realizou uma venda de US$ 3,6 milh\u00f5es em a\u00e7\u00f5es do banco (cerca de 12,4 mil pap\u00e9is) menos de duas [&hellip;]<\/p>\n","protected":false},"author":73,"featured_media":375677,"comment_status":"closed","ping_status":"closed","sticky":false,"template":"","format":"standard","meta":[],"categories":[64],"tags":[289,793,106969],"suno_strategy":[],"class_list":["post-376154","post","type-post","status-publish","format-standard","has-post-thumbnail","hentry","category-negocios","tag-bancos","tag-estados-unidos-eua","tag-silicon-valley-bank"],"yoast_head":"<!-- This site is optimized with the Yoast SEO plugin v24.4 - https:\/\/yoast.com\/wordpress\/plugins\/seo\/ -->\n<title>CEO do SVB vendeu US$ 3,6 milh\u00f5es em a\u00e7\u00f5es pouco antes da fal\u00eancia<\/title>\n<meta name=\"description\" content=\"Documentos mostram que o executivo protocolou o plano de venda de a\u00e7\u00f5es do SVB ainda em janeiro e vendeu os pap\u00e9is em fevereiro. Confira!\" \/>\n<meta name=\"robots\" content=\"index, follow, max-snippet:-1, max-image-preview:large, max-video-preview:-1\" \/>\n<link rel=\"canonical\" href=\"https:\/\/www.suno.com.br\/noticias\/executivos-silicon-valley-bank-svb\/\" \/>\n<meta property=\"og:locale\" content=\"pt_BR\" \/>\n<meta property=\"og:type\" content=\"article\" \/>\n<meta property=\"og:title\" content=\"CEO do SVB vendeu US$ 3,6 milh\u00f5es em a\u00e7\u00f5es pouco antes da fal\u00eancia\" \/>\n<meta property=\"og:description\" content=\"Documentos mostram que o executivo protocolou o plano de venda de a\u00e7\u00f5es do SVB ainda em janeiro e vendeu os pap\u00e9is em fevereiro. Confira!\" \/>\n<meta property=\"og:url\" content=\"https:\/\/www.suno.com.br\/noticias\/executivos-silicon-valley-bank-svb\/\" \/>\n<meta property=\"og:site_name\" content=\"Suno Not\u00edcias\" \/>\n<meta property=\"article:publisher\" content=\"https:\/\/facebook.com\/sunoresearch\" \/>\n<meta property=\"og:image\" content=\"https:\/\/files.sunoresearch.com.br\/n\/uploads\/2023\/03\/Silicon-Valley-Bank-SVB-1.jpg\" \/>\n\t<meta property=\"og:image:width\" content=\"1200\" \/>\n\t<meta property=\"og:image:height\" content=\"815\" \/>\n\t<meta property=\"og:image:type\" content=\"image\/jpeg\" \/>\n<meta name=\"author\" content=\"Eduardo Vargas\" \/>\n<meta name=\"twitter:card\" content=\"summary_large_image\" \/>\n<meta name=\"twitter:creator\" content=\"@sunoresearch\" \/>\n<meta name=\"twitter:site\" content=\"@sunoresearch\" \/>\n<meta name=\"twitter:label1\" content=\"Escrito por\" \/>\n\t<meta name=\"twitter:data1\" content=\"Eduardo Vargas\" \/>\n\t<meta name=\"twitter:label2\" content=\"Est. tempo de leitura\" \/>\n\t<meta name=\"twitter:data2\" content=\"4 minutos\" \/>\n<script type=\"application\/ld+json\" class=\"yoast-schema-graph\">{\"@context\":\"https:\/\/schema.org\",\"@graph\":[{\"@type\":\"NewsArticle\",\"@id\":\"https:\/\/www.suno.com.br\/noticias\/executivos-silicon-valley-bank-svb\/#article\",\"isPartOf\":{\"@id\":\"https:\/\/www.suno.com.br\/noticias\/executivos-silicon-valley-bank-svb\/\"},\"author\":{\"name\":\"Eduardo Vargas\",\"@id\":\"https:\/\/www.suno.com.br\/noticias\/#\/schema\/person\/7f4d362bf3518e76090143ae77bb49a5\"},\"headline\":\"CEO do Silicon Valley Bank (SVB) vendeu US$ 3,6 milh\u00f5es em a\u00e7\u00f5es pouco antes do colapso\",\"datePublished\":\"2023-03-14T17:55:23+00:00\",\"dateModified\":\"2023-03-16T17:38:42+00:00\",\"mainEntityOfPage\":{\"@id\":\"https:\/\/www.suno.com.br\/noticias\/executivos-silicon-valley-bank-svb\/\"},\"wordCount\":751,\"publisher\":{\"@id\":\"https:\/\/www.suno.com.br\/noticias\/#organization\"},\"image\":{\"@id\":\"https:\/\/www.suno.com.br\/noticias\/executivos-silicon-valley-bank-svb\/#primaryimage\"},\"thumbnailUrl\":\"https:\/\/files.sunoresearch.com.br\/n\/uploads\/2023\/03\/Silicon-Valley-Bank-SVB-1.jpg\",\"keywords\":[\"bancos\",\"Estados Unidos (EUA)\",\"Silicon Valley Bank\"],\"articleSection\":[\"Neg\u00f3cios\"],\"inLanguage\":\"pt-BR\"},{\"@type\":\"WebPage\",\"@id\":\"https:\/\/www.suno.com.br\/noticias\/executivos-silicon-valley-bank-svb\/\",\"url\":\"https:\/\/www.suno.com.br\/noticias\/executivos-silicon-valley-bank-svb\/\",\"name\":\"CEO do SVB vendeu US$ 3,6 milh\u00f5es em a\u00e7\u00f5es pouco antes da fal\u00eancia\",\"isPartOf\":{\"@id\":\"https:\/\/www.suno.com.br\/noticias\/#website\"},\"primaryImageOfPage\":{\"@id\":\"https:\/\/www.suno.com.br\/noticias\/executivos-silicon-valley-bank-svb\/#primaryimage\"},\"image\":{\"@id\":\"https:\/\/www.suno.com.br\/noticias\/executivos-silicon-valley-bank-svb\/#primaryimage\"},\"thumbnailUrl\":\"https:\/\/files.sunoresearch.com.br\/n\/uploads\/2023\/03\/Silicon-Valley-Bank-SVB-1.jpg\",\"datePublished\":\"2023-03-14T17:55:23+00:00\",\"dateModified\":\"2023-03-16T17:38:42+00:00\",\"description\":\"Documentos mostram que o executivo protocolou o plano de venda de a\u00e7\u00f5es do SVB ainda em janeiro e vendeu os pap\u00e9is em fevereiro. Confira!\",\"breadcrumb\":{\"@id\":\"https:\/\/www.suno.com.br\/noticias\/executivos-silicon-valley-bank-svb\/#breadcrumb\"},\"inLanguage\":\"pt-BR\",\"potentialAction\":[{\"@type\":\"ReadAction\",\"target\":[\"https:\/\/www.suno.com.br\/noticias\/executivos-silicon-valley-bank-svb\/\"]}]},{\"@type\":\"ImageObject\",\"inLanguage\":\"pt-BR\",\"@id\":\"https:\/\/www.suno.com.br\/noticias\/executivos-silicon-valley-bank-svb\/#primaryimage\",\"url\":\"https:\/\/files.sunoresearch.com.br\/n\/uploads\/2023\/03\/Silicon-Valley-Bank-SVB-1.jpg\",\"contentUrl\":\"https:\/\/files.sunoresearch.com.br\/n\/uploads\/2023\/03\/Silicon-Valley-Bank-SVB-1.jpg\",\"width\":1200,\"height\":815,\"caption\":\"Foto: Divulga\u00e7\u00e3o\"},{\"@type\":\"BreadcrumbList\",\"@id\":\"https:\/\/www.suno.com.br\/noticias\/executivos-silicon-valley-bank-svb\/#breadcrumb\",\"itemListElement\":[{\"@type\":\"ListItem\",\"position\":1,\"name\":\"Not\u00edcias\",\"item\":\"https:\/\/www.suno.com.br\/noticias\/\"},{\"@type\":\"ListItem\",\"position\":2,\"name\":\"Neg\u00f3cios\",\"item\":\"https:\/\/www.suno.com.br\/noticias\/negocios\/\"},{\"@type\":\"ListItem\",\"position\":3,\"name\":\"CEO do Silicon Valley Bank (SVB) vendeu US$ 3,6 milh\u00f5es em a\u00e7\u00f5es pouco antes do colapso\"}]},{\"@type\":\"WebSite\",\"@id\":\"https:\/\/www.suno.com.br\/noticias\/#website\",\"url\":\"https:\/\/www.suno.com.br\/noticias\/\",\"name\":\"Suno Not\u00edcias\",\"description\":\"Seu portal de informa\u00e7\u00e3o sobre o mundo dos investimentos\",\"publisher\":{\"@id\":\"https:\/\/www.suno.com.br\/noticias\/#organization\"},\"potentialAction\":[{\"@type\":\"SearchAction\",\"target\":{\"@type\":\"EntryPoint\",\"urlTemplate\":\"https:\/\/www.suno.com.br\/noticias\/?s={search_term_string}\"},\"query-input\":{\"@type\":\"PropertyValueSpecification\",\"valueRequired\":true,\"valueName\":\"search_term_string\"}}],\"inLanguage\":\"pt-BR\"},{\"@type\":\"Organization\",\"@id\":\"https:\/\/www.suno.com.br\/noticias\/#organization\",\"name\":\"Suno Not\u00edcias\",\"url\":\"https:\/\/www.suno.com.br\/noticias\/\",\"logo\":{\"@type\":\"ImageObject\",\"inLanguage\":\"pt-BR\",\"@id\":\"https:\/\/www.suno.com.br\/noticias\/#\/schema\/logo\/image\/\",\"url\":\"https:\/\/files.sunoresearch.com.br\/n\/uploads\/2021\/09\/suno-logo.png\",\"contentUrl\":\"https:\/\/files.sunoresearch.com.br\/n\/uploads\/2021\/09\/suno-logo.png\",\"width\":180,\"height\":180,\"caption\":\"Suno Not\u00edcias\"},\"image\":{\"@id\":\"https:\/\/www.suno.com.br\/noticias\/#\/schema\/logo\/image\/\"},\"sameAs\":[\"https:\/\/facebook.com\/sunoresearch\",\"https:\/\/x.com\/sunoresearch\",\"https:\/\/www.instagram.com\/suno\",\"https:\/\/www.linkedin.com\/company\/suno-research\/\",\"https:\/\/www.youtube.com\/c\/sunoresearch\"]},{\"@type\":\"Person\",\"@id\":\"https:\/\/www.suno.com.br\/noticias\/#\/schema\/person\/7f4d362bf3518e76090143ae77bb49a5\",\"name\":\"Eduardo Vargas\",\"image\":{\"@type\":\"ImageObject\",\"inLanguage\":\"pt-BR\",\"@id\":\"https:\/\/www.suno.com.br\/noticias\/#\/schema\/person\/image\/\",\"url\":\"https:\/\/secure.gravatar.com\/avatar\/dac340933427a22924c9f99d1eb2e3f2?s=96&r=g\",\"contentUrl\":\"https:\/\/secure.gravatar.com\/avatar\/dac340933427a22924c9f99d1eb2e3f2?s=96&r=g\",\"caption\":\"Eduardo Vargas\"},\"description\":\"Jornalista formado pela UFSC, cobre macroeconomia, neg\u00f3cios e startups para o Suno Not\u00edcias, escrevendo principalmente not\u00edcias sobre o mercado financeiro e a bolsa de valores. No YouTube e no Instagram, \u00e9 respons\u00e1vel pela produ\u00e7\u00e3o de Reels e Shorts do Suno Not\u00edcias. Anteriormente, trabalhou cobrindo economia e cotidiano no ND+ e para o ND, maior jornal impresso de Santa Catarina. Cursou um semestre letivo de Estudos de M\u00eddia na Universidad de Buenos Aires.\",\"url\":\"https:\/\/www.suno.com.br\/noticias\/author\/eduardo-vargas\/\"}]}<\/script>\n<!-- \/ Yoast SEO plugin. -->","yoast_head_json":{"title":"CEO do SVB vendeu US$ 3,6 milh\u00f5es em a\u00e7\u00f5es pouco antes da fal\u00eancia","description":"Documentos mostram que o executivo protocolou o plano de venda de a\u00e7\u00f5es do SVB ainda em janeiro e vendeu os pap\u00e9is em fevereiro. Confira!","robots":{"index":"index","follow":"follow","max-snippet":"max-snippet:-1","max-image-preview":"max-image-preview:large","max-video-preview":"max-video-preview:-1"},"canonical":"https:\/\/www.suno.com.br\/noticias\/executivos-silicon-valley-bank-svb\/","og_locale":"pt_BR","og_type":"article","og_title":"CEO do SVB vendeu US$ 3,6 milh\u00f5es em a\u00e7\u00f5es pouco antes da fal\u00eancia","og_description":"Documentos mostram que o executivo protocolou o plano de venda de a\u00e7\u00f5es do SVB ainda em janeiro e vendeu os pap\u00e9is em fevereiro. Confira!","og_url":"https:\/\/www.suno.com.br\/noticias\/executivos-silicon-valley-bank-svb\/","og_site_name":"Suno Not\u00edcias","article_publisher":"https:\/\/facebook.com\/sunoresearch","og_image":[{"width":1200,"height":815,"url":"https:\/\/files.sunoresearch.com.br\/n\/uploads\/2023\/03\/Silicon-Valley-Bank-SVB-1.jpg","type":"image\/jpeg"}],"author":"Eduardo Vargas","twitter_card":"summary_large_image","twitter_creator":"@sunoresearch","twitter_site":"@sunoresearch","twitter_misc":{"Escrito por":"Eduardo Vargas","Est. tempo de leitura":"4 minutos"},"schema":{"@context":"https:\/\/schema.org","@graph":[{"@type":"NewsArticle","@id":"https:\/\/www.suno.com.br\/noticias\/executivos-silicon-valley-bank-svb\/#article","isPartOf":{"@id":"https:\/\/www.suno.com.br\/noticias\/executivos-silicon-valley-bank-svb\/"},"author":{"name":"Eduardo Vargas","@id":"https:\/\/www.suno.com.br\/noticias\/#\/schema\/person\/7f4d362bf3518e76090143ae77bb49a5"},"headline":"CEO do Silicon Valley Bank (SVB) vendeu US$ 3,6 milh\u00f5es em a\u00e7\u00f5es pouco antes do colapso","datePublished":"2023-03-14T17:55:23+00:00","dateModified":"2023-03-16T17:38:42+00:00","mainEntityOfPage":{"@id":"https:\/\/www.suno.com.br\/noticias\/executivos-silicon-valley-bank-svb\/"},"wordCount":751,"publisher":{"@id":"https:\/\/www.suno.com.br\/noticias\/#organization"},"image":{"@id":"https:\/\/www.suno.com.br\/noticias\/executivos-silicon-valley-bank-svb\/#primaryimage"},"thumbnailUrl":"https:\/\/files.sunoresearch.com.br\/n\/uploads\/2023\/03\/Silicon-Valley-Bank-SVB-1.jpg","keywords":["bancos","Estados Unidos (EUA)","Silicon Valley Bank"],"articleSection":["Neg\u00f3cios"],"inLanguage":"pt-BR"},{"@type":"WebPage","@id":"https:\/\/www.suno.com.br\/noticias\/executivos-silicon-valley-bank-svb\/","url":"https:\/\/www.suno.com.br\/noticias\/executivos-silicon-valley-bank-svb\/","name":"CEO do SVB vendeu US$ 3,6 milh\u00f5es em a\u00e7\u00f5es pouco antes da fal\u00eancia","isPartOf":{"@id":"https:\/\/www.suno.com.br\/noticias\/#website"},"primaryImageOfPage":{"@id":"https:\/\/www.suno.com.br\/noticias\/executivos-silicon-valley-bank-svb\/#primaryimage"},"image":{"@id":"https:\/\/www.suno.com.br\/noticias\/executivos-silicon-valley-bank-svb\/#primaryimage"},"thumbnailUrl":"https:\/\/files.sunoresearch.com.br\/n\/uploads\/2023\/03\/Silicon-Valley-Bank-SVB-1.jpg","datePublished":"2023-03-14T17:55:23+00:00","dateModified":"2023-03-16T17:38:42+00:00","description":"Documentos mostram que o executivo protocolou o plano de venda de a\u00e7\u00f5es do SVB ainda em janeiro e vendeu os pap\u00e9is em fevereiro. Confira!","breadcrumb":{"@id":"https:\/\/www.suno.com.br\/noticias\/executivos-silicon-valley-bank-svb\/#breadcrumb"},"inLanguage":"pt-BR","potentialAction":[{"@type":"ReadAction","target":["https:\/\/www.suno.com.br\/noticias\/executivos-silicon-valley-bank-svb\/"]}]},{"@type":"ImageObject","inLanguage":"pt-BR","@id":"https:\/\/www.suno.com.br\/noticias\/executivos-silicon-valley-bank-svb\/#primaryimage","url":"https:\/\/files.sunoresearch.com.br\/n\/uploads\/2023\/03\/Silicon-Valley-Bank-SVB-1.jpg","contentUrl":"https:\/\/files.sunoresearch.com.br\/n\/uploads\/2023\/03\/Silicon-Valley-Bank-SVB-1.jpg","width":1200,"height":815,"caption":"Foto: Divulga\u00e7\u00e3o"},{"@type":"BreadcrumbList","@id":"https:\/\/www.suno.com.br\/noticias\/executivos-silicon-valley-bank-svb\/#breadcrumb","itemListElement":[{"@type":"ListItem","position":1,"name":"Not\u00edcias","item":"https:\/\/www.suno.com.br\/noticias\/"},{"@type":"ListItem","position":2,"name":"Neg\u00f3cios","item":"https:\/\/www.suno.com.br\/noticias\/negocios\/"},{"@type":"ListItem","position":3,"name":"CEO do Silicon Valley Bank (SVB) vendeu US$ 3,6 milh\u00f5es em a\u00e7\u00f5es pouco antes do colapso"}]},{"@type":"WebSite","@id":"https:\/\/www.suno.com.br\/noticias\/#website","url":"https:\/\/www.suno.com.br\/noticias\/","name":"Suno Not\u00edcias","description":"Seu portal de informa\u00e7\u00e3o sobre o mundo dos investimentos","publisher":{"@id":"https:\/\/www.suno.com.br\/noticias\/#organization"},"potentialAction":[{"@type":"SearchAction","target":{"@type":"EntryPoint","urlTemplate":"https:\/\/www.suno.com.br\/noticias\/?s={search_term_string}"},"query-input":{"@type":"PropertyValueSpecification","valueRequired":true,"valueName":"search_term_string"}}],"inLanguage":"pt-BR"},{"@type":"Organization","@id":"https:\/\/www.suno.com.br\/noticias\/#organization","name":"Suno Not\u00edcias","url":"https:\/\/www.suno.com.br\/noticias\/","logo":{"@type":"ImageObject","inLanguage":"pt-BR","@id":"https:\/\/www.suno.com.br\/noticias\/#\/schema\/logo\/image\/","url":"https:\/\/files.sunoresearch.com.br\/n\/uploads\/2021\/09\/suno-logo.png","contentUrl":"https:\/\/files.sunoresearch.com.br\/n\/uploads\/2021\/09\/suno-logo.png","width":180,"height":180,"caption":"Suno Not\u00edcias"},"image":{"@id":"https:\/\/www.suno.com.br\/noticias\/#\/schema\/logo\/image\/"},"sameAs":["https:\/\/facebook.com\/sunoresearch","https:\/\/x.com\/sunoresearch","https:\/\/www.instagram.com\/suno","https:\/\/www.linkedin.com\/company\/suno-research\/","https:\/\/www.youtube.com\/c\/sunoresearch"]},{"@type":"Person","@id":"https:\/\/www.suno.com.br\/noticias\/#\/schema\/person\/7f4d362bf3518e76090143ae77bb49a5","name":"Eduardo Vargas","image":{"@type":"ImageObject","inLanguage":"pt-BR","@id":"https:\/\/www.suno.com.br\/noticias\/#\/schema\/person\/image\/","url":"https:\/\/secure.gravatar.com\/avatar\/dac340933427a22924c9f99d1eb2e3f2?s=96&r=g","contentUrl":"https:\/\/secure.gravatar.com\/avatar\/dac340933427a22924c9f99d1eb2e3f2?s=96&r=g","caption":"Eduardo Vargas"},"description":"Jornalista formado pela UFSC, cobre macroeconomia, neg\u00f3cios e startups para o Suno Not\u00edcias, escrevendo principalmente not\u00edcias sobre o mercado financeiro e a bolsa de valores. No YouTube e no Instagram, \u00e9 respons\u00e1vel pela produ\u00e7\u00e3o de Reels e Shorts do Suno Not\u00edcias. Anteriormente, trabalhou cobrindo economia e cotidiano no ND+ e para o ND, maior jornal impresso de Santa Catarina. Cursou um semestre letivo de Estudos de M\u00eddia na Universidad de Buenos Aires.","url":"https:\/\/www.suno.com.br\/noticias\/author\/eduardo-vargas\/"}]}},"default_loop_html":"<div class=\"cardsPage__listCard__boxs\"><div class=\"cardsPage__listCard__boxs__img\"><a href=\"https:\/\/www.suno.com.br\/noticias\/executivos-silicon-valley-bank-svb\/\"><img class=\"mask\" src=\"https:\/\/www.suno.com.br\/noticias\/wp-content\/themes\/suno\/resources\/images\/spotlight\/spotlight1img\/bg-mask.png\" alt=\"Image Mask\"\/><img src=\"https:\/\/files.sunoresearch.com.br\/n\/uploads\/2023\/03\/Silicon-Valley-Bank-SVB-1-400x200.jpg\" alt=\"CEO do Silicon Valley Bank (SVB) vendeu US$ 3,6 milh\u00f5es em a\u00e7\u00f5es pouco antes do colapso\"\/><\/a><span class=\"spotlightCategory\"><a href=\"https:\/\/www.suno.com.br\/noticias\/negocios\/\">Neg\u00f3cios<\/a><\/span><\/div><div class=\"cardsPage__listCard__boxs__content\"><a href=\"https:\/\/www.suno.com.br\/noticias\/executivos-silicon-valley-bank-svb\/\"><h2 class=\"content__title\">CEO do Silicon Valley Bank (SVB) vendeu US$ 3,6 milh\u00f5es em a\u00e7\u00f5es pouco antes do colapso<\/h2><\/a><div class=\"newsContent__article__meta\"><div class=\"newsContent__article__meta__authorBox\"><a href=\"https:\/\/www.suno.com.br\/noticias\/author\/eduardo-vargas\/\" class=\"authorBox__avatar noMobi\"><img src=\"https:\/\/secure.gravatar.com\/avatar\/dac340933427a22924c9f99d1eb2e3f2?s=96&#038;r=g\" alt=\"Eduardo Vargas\"><\/a><div class=\"authorBox__name\"><span>por\n\t\t\t<a href=\"https:\/\/www.suno.com.br\/noticias\/author\/eduardo-vargas\/\"><span itemprop=\"author\">Eduardo Vargas<\/span><\/a><\/span><time datetime=\"2023-03-14T14:55:23-03:00\" itemprop=\"datePublished\">14\/03\/2023 14:55<\/time><\/div><\/div><\/div><\/div><\/div>","single_layout":"posts","amp_enabled":true,"_links":{"self":[{"href":"https:\/\/www.suno.com.br\/noticias\/wp-json\/wp\/v2\/posts\/376154"}],"collection":[{"href":"https:\/\/www.suno.com.br\/noticias\/wp-json\/wp\/v2\/posts"}],"about":[{"href":"https:\/\/www.suno.com.br\/noticias\/wp-json\/wp\/v2\/types\/post"}],"author":[{"embeddable":true,"href":"https:\/\/www.suno.com.br\/noticias\/wp-json\/wp\/v2\/users\/73"}],"replies":[{"embeddable":true,"href":"https:\/\/www.suno.com.br\/noticias\/wp-json\/wp\/v2\/comments?post=376154"}],"version-history":[{"count":3,"href":"https:\/\/www.suno.com.br\/noticias\/wp-json\/wp\/v2\/posts\/376154\/revisions"}],"predecessor-version":[{"id":376214,"href":"https:\/\/www.suno.com.br\/noticias\/wp-json\/wp\/v2\/posts\/376154\/revisions\/376214"}],"wp:featuredmedia":[{"embeddable":true,"href":"https:\/\/www.suno.com.br\/noticias\/wp-json\/wp\/v2\/media\/375677"}],"wp:attachment":[{"href":"https:\/\/www.suno.com.br\/noticias\/wp-json\/wp\/v2\/media?parent=376154"}],"wp:term":[{"taxonomy":"category","embeddable":true,"href":"https:\/\/www.suno.com.br\/noticias\/wp-json\/wp\/v2\/categories?post=376154"},{"taxonomy":"post_tag","embeddable":true,"href":"https:\/\/www.suno.com.br\/noticias\/wp-json\/wp\/v2\/tags?post=376154"},{"taxonomy":"suno_strategy","embeddable":true,"href":"https:\/\/www.suno.com.br\/noticias\/wp-json\/wp\/v2\/suno_strategy?post=376154"}],"curies":[{"name":"wp","href":"https:\/\/api.w.org\/{rel}","templated":true}]}}